
{"id":10042,"date":"2024-12-03T10:44:30","date_gmt":"2024-12-03T09:44:30","guid":{"rendered":"https:\/\/blog.vida.at\/pensionisten\/?p=10042"},"modified":"2024-12-03T10:47:24","modified_gmt":"2024-12-03T09:47:24","slug":"wie-viel-pension-bekomme-ich","status":"publish","type":"post","link":"https:\/\/blog.vida.at\/pensionisten\/2024\/12\/03\/wie-viel-pension-bekomme-ich\/","title":{"rendered":"Wie viel Pension bekomme ich?"},"content":{"rendered":"\n<div class=\"wp-block-group Container\"><div class=\"wp-block-group__inner-container is-layout-flow wp-block-group-is-layout-flow\">\n<p><strong>Deine vida-Pensionist:innen informieren dich und sind f\u00fcr dich da! <\/strong><\/p>\n\n\n\n<p>Die Pensionen in \u00d6sterreich werden jedes Jahr zum 1. J\u00e4nner erh\u00f6ht, um die steigenden Lebenshaltungskosten und die Inflation auszugleichen. <strong>Wie viel Geld mehr gibt es 2025?<\/strong><\/p>\n\n\n\n<!--more-->\n\n\n\n<p>Der Nationalrat hat in seiner letzten Sitzung vor der Nationalratswahl am 18. September 2024 die gesetzliche Pensionserh\u00f6hung 2025 beschlossen: <strong>Die Pensionen werden um 4,6 Prozent erh\u00f6ht. <\/strong>Personen, die eine besonders hohe Pension \u00fcber der ASVG-H\u00f6chstbeitragsgrundlage von 6.060 Euro beziehen, erhalten als Pensionsanpassung einen monatlichen Fixbetrag. Dieser betr\u00e4gt 278,76 Euro, also 4,6 Prozent der H\u00f6chstbeitragsgrundlage. <strong>Die Ausgleichszulage f\u00fcr Mindestpensionen wird auf 1.275 Euro pro Monat angehoben.<\/strong><\/p>\n\n\n\n<p><strong>Gewerkschaft wirkt <\/strong><\/p>\n\n\n\n<p><strong>Auch 2025 wird es eine Schutzklausel f\u00fcr Pensionsneuzug\u00e4nge geben. <\/strong>Damit sollen Personen, die ihre Pension 2025 antreten, durch eine au\u00dferordentliche Gesamtgutschrift in der H\u00f6he von 4,5 Prozent auf ihrem Pensionskonto vor inflationsbedingten Pensionsverlusten bewahrt werden \u2013 <strong>ein Erfolg der Gewerkschaften<\/strong>. Auf Druck des \u00d6GB wurde au\u00dferdem beschlossen, dass die <strong>Aliquotierung auch f\u00fcr Pensionsantritte 2025 ausgesetzt bleibt<\/strong>. <strong>Unsere gewerkschaftliche Forderung nach einer generellen Abschaffung der Aliquotierung bleibt aufrecht.<\/strong><\/p>\n\n\n\n<p><strong><mark style=\"color:#f70606\" class=\"has-inline-color\">Das Wichtigste auf einen Blick:<\/mark><\/strong><\/p>\n\n\n\n<ul class=\"wp-block-list\">\n<li><strong>Pensionsanpassung 2025: <\/strong>Plus 4,6 Prozent f\u00fcr alle  Pensionen bis 6.060 Euro brutto, dar\u00fcber liegende Pensionen bekommen einen Fixbetrag<\/li>\n<\/ul>\n\n\n\n<ul class=\"wp-block-list\">\n<li><strong>Ausgleichszulage (\u201eMindestpension\u201c) 2025<\/strong> <strong>f\u00fcr Alleinstehende: <\/strong>Anhebung auf 1.275 Euro<\/li>\n<\/ul>\n\n\n\n<ul class=\"wp-block-list\">\n<li><strong>Schutzklausel <\/strong>f\u00fcr Pensionskonto-Gutschrift <strong>f\u00fcr Neu pensionist:innen <\/strong>kommt auch 2025 (ausgenommen Korridorpensionen)<\/li>\n<\/ul>\n\n\n\n<ul class=\"wp-block-list\">\n<li><strong>Aliquotierung <\/strong>(je nach Pensionsantrittsmonat nur anteilige) 1. Pensionsanpassung nach Pensionierung: <strong>Wird f\u00fcr jene, die 2025 in Pension gehen, ausgesetzt<\/strong><\/li>\n<\/ul>\n\n\n\n<p><strong><mark style=\"color:#f80000\" class=\"has-inline-color\">Du hast Fragen? vida hat Antworten!<\/mark><\/strong><\/p>\n\n\n\n<p><strong>Dein Team der vida-Pensionist:innen ist f\u00fcr dich da.<\/strong> Rufe uns an unter der Tel. +43 1 534 44-79081 oder schicke uns ein E-Mail an <a href=\"mailto:pensionistinnen@vida.at\" target=\"_blank\" rel=\"noreferrer noopener\">pensionistinnen@vida.at<\/a> <\/p>\n\n\n\n<p><strong>Zur Info: <\/strong><\/p>\n\n\n\n<p>Nach der j\u00e4hrlichen Beitragsanpassung um die durchschnittliche Pensionserh\u00f6hung erh\u00f6ht sich der <strong>vida-Mitgliedsbeitrag<\/strong> <strong>f\u00fcr Pensionist:innen mit 1. April 2025 <\/strong>um 0,40 Cent von derzeit 8,50 Euro auf <strong>8,90 Euro im Monat. Dein vida-Mitgliedsbeitrag<\/strong>  <strong>ist in voller H\u00f6he von der Steuer absetzbar<\/strong> <strong>und wirkt daher steuermindernd.<\/strong><\/p>\n\n\n\n<p><\/p>\n\n\n\n<p><\/p>\n\n\n\n<p><\/p>\n<\/div><\/div>\n\n\n\n<p><\/p>\n\n\n\n<p><br><\/p>\n","protected":false},"excerpt":{"rendered":"<p>Deine vida-Pensionist:innen informieren dich und sind f\u00fcr dich da! Die Pensionen in \u00d6sterreich werden jedes Jahr zum 1. J\u00e4nner erh\u00f6ht, um die steigenden Lebenshaltungskosten und die Inflation auszugleichen. Wie viel Geld mehr gibt es 2025?<\/p>\n","protected":false},"author":8,"featured_media":6523,"comment_status":"open","ping_status":"open","sticky":false,"template":"","format":"standard","meta":{"_uag_custom_page_level_css":"","advgb_blocks_editor_width":"","advgb_blocks_columns_visual_guide":"","footnotes":""},"categories":[4,1,32],"tags":[],"Orte":[],"activitytype":[],"class_list":["post-10042","post","type-post","status-publish","format-standard","has-post-thumbnail","hentry","category-aktuelles","category-allgemein","category-top-aktuelles","entry"],"featured_image_urls":{"full":["https:\/\/blog.vida.at\/pensionisten\/wp-content\/uploads\/sites\/10\/2023\/03\/Pension_\u00a9-emiliezhang-Fotolia.com_.jpg",423,283,false],"thumbnail":["https:\/\/blog.vida.at\/pensionisten\/wp-content\/uploads\/sites\/10\/2023\/03\/Pension_\u00a9-emiliezhang-Fotolia.com_-150x150.jpg",150,150,true],"medium":["https:\/\/blog.vida.at\/pensionisten\/wp-content\/uploads\/sites\/10\/2023\/03\/Pension_\u00a9-emiliezhang-Fotolia.com_-300x201.jpg",300,201,true],"medium_large":["https:\/\/blog.vida.at\/pensionisten\/wp-content\/uploads\/sites\/10\/2023\/03\/Pension_\u00a9-emiliezhang-Fotolia.com_.jpg",423,283,false],"large":["https:\/\/blog.vida.at\/pensionisten\/wp-content\/uploads\/sites\/10\/2023\/03\/Pension_\u00a9-emiliezhang-Fotolia.com_.jpg",423,283,false],"1536x1536":["https:\/\/blog.vida.at\/pensionisten\/wp-content\/uploads\/sites\/10\/2023\/03\/Pension_\u00a9-emiliezhang-Fotolia.com_.jpg",423,283,false],"2048x2048":["https:\/\/blog.vida.at\/pensionisten\/wp-content\/uploads\/sites\/10\/2023\/03\/Pension_\u00a9-emiliezhang-Fotolia.com_.jpg",423,283,false],"ab-block-post-grid-landscape":["https:\/\/blog.vida.at\/pensionisten\/wp-content\/uploads\/sites\/10\/2023\/03\/Pension_\u00a9-emiliezhang-Fotolia.com_.jpg",423,283,false],"ab-block-post-grid-square":["https:\/\/blog.vida.at\/pensionisten\/wp-content\/uploads\/sites\/10\/2023\/03\/Pension_\u00a9-emiliezhang-Fotolia.com_.jpg",423,283,false],"post-thumbnail":["https:\/\/blog.vida.at\/pensionisten\/wp-content\/uploads\/sites\/10\/2023\/03\/Pension_\u00a9-emiliezhang-Fotolia.com_.jpg",423,283,false],"awb_sm":["https:\/\/blog.vida.at\/pensionisten\/wp-content\/uploads\/sites\/10\/2023\/03\/Pension_\u00a9-emiliezhang-Fotolia.com_.jpg",423,283,false],"awb_md":["https:\/\/blog.vida.at\/pensionisten\/wp-content\/uploads\/sites\/10\/2023\/03\/Pension_\u00a9-emiliezhang-Fotolia.com_.jpg",423,283,false],"awb_lg":["https:\/\/blog.vida.at\/pensionisten\/wp-content\/uploads\/sites\/10\/2023\/03\/Pension_\u00a9-emiliezhang-Fotolia.com_.jpg",423,283,false],"awb_xl":["https:\/\/blog.vida.at\/pensionisten\/wp-content\/uploads\/sites\/10\/2023\/03\/Pension_\u00a9-emiliezhang-Fotolia.com_.jpg",423,283,false]},"post_excerpt_stackable":"<p>Deine vida-Pensionist:innen informieren dich und sind f\u00fcr dich da! Die Pensionen in \u00d6sterreich werden jedes Jahr zum 1. J\u00e4nner erh\u00f6ht, um die steigenden Lebenshaltungskosten und die Inflation auszugleichen. Wie viel Geld mehr gibt es 2025? Der Nationalrat hat in seiner letzten Sitzung vor der Nationalratswahl am 18. September 2024 die gesetzliche Pensionserh\u00f6hung 2025 beschlossen: Die Pensionen werden um 4,6 Prozent erh\u00f6ht. Personen, die eine besonders hohe Pension \u00fcber der ASVG-H\u00f6chstbeitragsgrundlage von 6.060 Euro beziehen, erhalten als Pensionsanpassung einen monatlichen Fixbetrag. Dieser betr\u00e4gt 278,76 Euro, also 4,6 Prozent der H\u00f6chstbeitragsgrundlage. Die Ausgleichszulage f\u00fcr Mindestpensionen wird auf 1.275 Euro pro Monat angehoben.&hellip;<\/p>\n","category_list":"<a href=\"https:\/\/blog.vida.at\/pensionisten\/category\/aktuelles\/\" rel=\"category tag\">Aktuelles<\/a>, <a href=\"https:\/\/blog.vida.at\/pensionisten\/category\/allgemein\/\" rel=\"category tag\">Allgemein<\/a>, <a href=\"https:\/\/blog.vida.at\/pensionisten\/category\/top-aktuelles\/\" rel=\"category tag\">Top Aktuelles<\/a>","author_info":{"display_name":"mariontobola","author_link":"https:\/\/blog.vida.at\/pensionisten\/author\/mariontobola\/"},"comments_num":"0 comments","featured_image_urls_v2":{"full":["https:\/\/blog.vida.at\/pensionisten\/wp-content\/uploads\/sites\/10\/2023\/03\/Pension_\u00a9-emiliezhang-Fotolia.com_.jpg",423,283,false],"thumbnail":["https:\/\/blog.vida.at\/pensionisten\/wp-content\/uploads\/sites\/10\/2023\/03\/Pension_\u00a9-emiliezhang-Fotolia.com_-150x150.jpg",150,150,true],"medium":["https:\/\/blog.vida.at\/pensionisten\/wp-content\/uploads\/sites\/10\/2023\/03\/Pension_\u00a9-emiliezhang-Fotolia.com_-300x201.jpg",300,201,true],"medium_large":["https:\/\/blog.vida.at\/pensionisten\/wp-content\/uploads\/sites\/10\/2023\/03\/Pension_\u00a9-emiliezhang-Fotolia.com_.jpg",423,283,false],"large":["https:\/\/blog.vida.at\/pensionisten\/wp-content\/uploads\/sites\/10\/2023\/03\/Pension_\u00a9-emiliezhang-Fotolia.com_.jpg",423,283,false],"1536x1536":["https:\/\/blog.vida.at\/pensionisten\/wp-content\/uploads\/sites\/10\/2023\/03\/Pension_\u00a9-emiliezhang-Fotolia.com_.jpg",423,283,false],"2048x2048":["https:\/\/blog.vida.at\/pensionisten\/wp-content\/uploads\/sites\/10\/2023\/03\/Pension_\u00a9-emiliezhang-Fotolia.com_.jpg",423,283,false],"ab-block-post-grid-landscape":["https:\/\/blog.vida.at\/pensionisten\/wp-content\/uploads\/sites\/10\/2023\/03\/Pension_\u00a9-emiliezhang-Fotolia.com_.jpg",423,283,false],"ab-block-post-grid-square":["https:\/\/blog.vida.at\/pensionisten\/wp-content\/uploads\/sites\/10\/2023\/03\/Pension_\u00a9-emiliezhang-Fotolia.com_.jpg",423,283,false],"post-thumbnail":["https:\/\/blog.vida.at\/pensionisten\/wp-content\/uploads\/sites\/10\/2023\/03\/Pension_\u00a9-emiliezhang-Fotolia.com_.jpg",423,283,false],"awb_sm":["https:\/\/blog.vida.at\/pensionisten\/wp-content\/uploads\/sites\/10\/2023\/03\/Pension_\u00a9-emiliezhang-Fotolia.com_.jpg",423,283,false],"awb_md":["https:\/\/blog.vida.at\/pensionisten\/wp-content\/uploads\/sites\/10\/2023\/03\/Pension_\u00a9-emiliezhang-Fotolia.com_.jpg",423,283,false],"awb_lg":["https:\/\/blog.vida.at\/pensionisten\/wp-content\/uploads\/sites\/10\/2023\/03\/Pension_\u00a9-emiliezhang-Fotolia.com_.jpg",423,283,false],"awb_xl":["https:\/\/blog.vida.at\/pensionisten\/wp-content\/uploads\/sites\/10\/2023\/03\/Pension_\u00a9-emiliezhang-Fotolia.com_.jpg",423,283,false]},"post_excerpt_stackable_v2":"<p>Deine vida-Pensionist:innen informieren dich und sind f\u00fcr dich da! Die Pensionen in \u00d6sterreich werden jedes Jahr zum 1. J\u00e4nner erh\u00f6ht, um die steigenden Lebenshaltungskosten und die Inflation auszugleichen. Wie viel Geld mehr gibt es 2025? Der Nationalrat hat in seiner letzten Sitzung vor der Nationalratswahl am 18. September 2024 die gesetzliche Pensionserh\u00f6hung 2025 beschlossen: Die Pensionen werden um 4,6 Prozent erh\u00f6ht. Personen, die eine besonders hohe Pension \u00fcber der ASVG-H\u00f6chstbeitragsgrundlage von 6.060 Euro beziehen, erhalten als Pensionsanpassung einen monatlichen Fixbetrag. Dieser betr\u00e4gt 278,76 Euro, also 4,6 Prozent der H\u00f6chstbeitragsgrundlage. Die Ausgleichszulage f\u00fcr Mindestpensionen wird auf 1.275 Euro pro Monat angehoben.&hellip;<\/p>\n","category_list_v2":"<a href=\"https:\/\/blog.vida.at\/pensionisten\/category\/aktuelles\/\" rel=\"category tag\">Aktuelles<\/a>, <a href=\"https:\/\/blog.vida.at\/pensionisten\/category\/allgemein\/\" rel=\"category tag\">Allgemein<\/a>, <a href=\"https:\/\/blog.vida.at\/pensionisten\/category\/top-aktuelles\/\" rel=\"category tag\">Top Aktuelles<\/a>","author_info_v2":{"name":"mariontobola","url":"https:\/\/blog.vida.at\/pensionisten\/author\/mariontobola\/"},"comments_num_v2":"0 comments","yoast_head":"<!-- This site is optimized with the Yoast SEO plugin v27.3 - https:\/\/yoast.com\/product\/yoast-seo-wordpress\/ -->\n<title>Wie viel Pension bekomme ich?<\/title>\n<meta name=\"robots\" content=\"index, follow, max-snippet:-1, max-image-preview:large, max-video-preview:-1\" \/>\n<link rel=\"canonical\" href=\"https:\/\/blog.vida.at\/pensionisten\/2024\/12\/03\/wie-viel-pension-bekomme-ich\/\" \/>\n<meta property=\"og:locale\" content=\"de_DE\" \/>\n<meta property=\"og:type\" content=\"article\" \/>\n<meta property=\"og:title\" content=\"Wie viel Pension bekomme ich?\" \/>\n<meta property=\"og:description\" content=\"Deine vida-Pensionist:innen informieren dich und sind f\u00fcr dich da! Die Pensionen in \u00d6sterreich werden jedes Jahr zum 1. J\u00e4nner erh\u00f6ht, um die steigenden Lebenshaltungskosten und die Inflation auszugleichen. Wie viel Geld mehr gibt es 2025?\" \/>\n<meta property=\"og:url\" content=\"https:\/\/blog.vida.at\/pensionisten\/2024\/12\/03\/wie-viel-pension-bekomme-ich\/\" \/>\n<meta property=\"og:site_name\" content=\"vida Pensionisten\" \/>\n<meta property=\"article:published_time\" content=\"2024-12-03T09:44:30+00:00\" \/>\n<meta property=\"article:modified_time\" content=\"2024-12-03T09:47:24+00:00\" \/>\n<meta property=\"og:image\" content=\"https:\/\/blog.vida.at\/pensionisten\/wp-content\/uploads\/sites\/10\/2023\/03\/Pension_\u00a9-emiliezhang-Fotolia.com_.jpg\" \/>\n\t<meta property=\"og:image:width\" content=\"423\" \/>\n\t<meta property=\"og:image:height\" content=\"283\" \/>\n\t<meta property=\"og:image:type\" content=\"image\/jpeg\" \/>\n<meta name=\"author\" content=\"mariontobola\" \/>\n<meta name=\"twitter:card\" content=\"summary_large_image\" \/>\n<meta name=\"twitter:label1\" content=\"Verfasst von\" \/>\n\t<meta name=\"twitter:data1\" content=\"mariontobola\" \/>\n\t<meta name=\"twitter:label2\" content=\"Gesch\u00e4tzte Lesezeit\" \/>\n\t<meta name=\"twitter:data2\" content=\"2\u00a0Minuten\" \/>\n<script type=\"application\/ld+json\" class=\"yoast-schema-graph\">{\"@context\":\"https:\\\/\\\/schema.org\",\"@graph\":[{\"@type\":\"Article\",\"@id\":\"https:\\\/\\\/blog.vida.at\\\/pensionisten\\\/2024\\\/12\\\/03\\\/wie-viel-pension-bekomme-ich\\\/#article\",\"isPartOf\":{\"@id\":\"https:\\\/\\\/blog.vida.at\\\/pensionisten\\\/2024\\\/12\\\/03\\\/wie-viel-pension-bekomme-ich\\\/\"},\"author\":{\"name\":\"mariontobola\",\"@id\":\"https:\\\/\\\/blog.vida.at\\\/pensionisten\\\/#\\\/schema\\\/person\\\/88cee3ee93b9afdc51c92f5f63f38b8a\"},\"headline\":\"Wie viel Pension bekomme ich?\",\"datePublished\":\"2024-12-03T09:44:30+00:00\",\"dateModified\":\"2024-12-03T09:47:24+00:00\",\"mainEntityOfPage\":{\"@id\":\"https:\\\/\\\/blog.vida.at\\\/pensionisten\\\/2024\\\/12\\\/03\\\/wie-viel-pension-bekomme-ich\\\/\"},\"wordCount\":315,\"commentCount\":0,\"image\":{\"@id\":\"https:\\\/\\\/blog.vida.at\\\/pensionisten\\\/2024\\\/12\\\/03\\\/wie-viel-pension-bekomme-ich\\\/#primaryimage\"},\"thumbnailUrl\":\"https:\\\/\\\/blog.vida.at\\\/pensionisten\\\/wp-content\\\/uploads\\\/sites\\\/10\\\/2023\\\/03\\\/Pension_\u00a9-emiliezhang-Fotolia.com_.jpg\",\"articleSection\":{\"0\":\"Aktuelles\",\"2\":\"Top Aktuelles\"},\"inLanguage\":\"de\",\"potentialAction\":[{\"@type\":\"CommentAction\",\"name\":\"Comment\",\"target\":[\"https:\\\/\\\/blog.vida.at\\\/pensionisten\\\/2024\\\/12\\\/03\\\/wie-viel-pension-bekomme-ich\\\/#respond\"]}]},{\"@type\":\"WebPage\",\"@id\":\"https:\\\/\\\/blog.vida.at\\\/pensionisten\\\/2024\\\/12\\\/03\\\/wie-viel-pension-bekomme-ich\\\/\",\"url\":\"https:\\\/\\\/blog.vida.at\\\/pensionisten\\\/2024\\\/12\\\/03\\\/wie-viel-pension-bekomme-ich\\\/\",\"name\":\"Wie viel Pension bekomme ich?\",\"isPartOf\":{\"@id\":\"https:\\\/\\\/blog.vida.at\\\/pensionisten\\\/#website\"},\"primaryImageOfPage\":{\"@id\":\"https:\\\/\\\/blog.vida.at\\\/pensionisten\\\/2024\\\/12\\\/03\\\/wie-viel-pension-bekomme-ich\\\/#primaryimage\"},\"image\":{\"@id\":\"https:\\\/\\\/blog.vida.at\\\/pensionisten\\\/2024\\\/12\\\/03\\\/wie-viel-pension-bekomme-ich\\\/#primaryimage\"},\"thumbnailUrl\":\"https:\\\/\\\/blog.vida.at\\\/pensionisten\\\/wp-content\\\/uploads\\\/sites\\\/10\\\/2023\\\/03\\\/Pension_\u00a9-emiliezhang-Fotolia.com_.jpg\",\"datePublished\":\"2024-12-03T09:44:30+00:00\",\"dateModified\":\"2024-12-03T09:47:24+00:00\",\"author\":{\"@id\":\"https:\\\/\\\/blog.vida.at\\\/pensionisten\\\/#\\\/schema\\\/person\\\/88cee3ee93b9afdc51c92f5f63f38b8a\"},\"breadcrumb\":{\"@id\":\"https:\\\/\\\/blog.vida.at\\\/pensionisten\\\/2024\\\/12\\\/03\\\/wie-viel-pension-bekomme-ich\\\/#breadcrumb\"},\"inLanguage\":\"de\",\"potentialAction\":[{\"@type\":\"ReadAction\",\"target\":[\"https:\\\/\\\/blog.vida.at\\\/pensionisten\\\/2024\\\/12\\\/03\\\/wie-viel-pension-bekomme-ich\\\/\"]}]},{\"@type\":\"ImageObject\",\"inLanguage\":\"de\",\"@id\":\"https:\\\/\\\/blog.vida.at\\\/pensionisten\\\/2024\\\/12\\\/03\\\/wie-viel-pension-bekomme-ich\\\/#primaryimage\",\"url\":\"https:\\\/\\\/blog.vida.at\\\/pensionisten\\\/wp-content\\\/uploads\\\/sites\\\/10\\\/2023\\\/03\\\/Pension_\u00a9-emiliezhang-Fotolia.com_.jpg\",\"contentUrl\":\"https:\\\/\\\/blog.vida.at\\\/pensionisten\\\/wp-content\\\/uploads\\\/sites\\\/10\\\/2023\\\/03\\\/Pension_\u00a9-emiliezhang-Fotolia.com_.jpg\",\"width\":423,\"height\":283},{\"@type\":\"BreadcrumbList\",\"@id\":\"https:\\\/\\\/blog.vida.at\\\/pensionisten\\\/2024\\\/12\\\/03\\\/wie-viel-pension-bekomme-ich\\\/#breadcrumb\",\"itemListElement\":[{\"@type\":\"ListItem\",\"position\":1,\"name\":\"Startseite\",\"item\":\"https:\\\/\\\/blog.vida.at\\\/pensionisten\\\/\"},{\"@type\":\"ListItem\",\"position\":2,\"name\":\"Wie viel Pension bekomme ich?\"}]},{\"@type\":\"WebSite\",\"@id\":\"https:\\\/\\\/blog.vida.at\\\/pensionisten\\\/#website\",\"url\":\"https:\\\/\\\/blog.vida.at\\\/pensionisten\\\/\",\"name\":\"vida Pensionisten\",\"description\":\"\",\"potentialAction\":[{\"@type\":\"SearchAction\",\"target\":{\"@type\":\"EntryPoint\",\"urlTemplate\":\"https:\\\/\\\/blog.vida.at\\\/pensionisten\\\/?s={search_term_string}\"},\"query-input\":{\"@type\":\"PropertyValueSpecification\",\"valueRequired\":true,\"valueName\":\"search_term_string\"}}],\"inLanguage\":\"de\"},{\"@type\":\"Person\",\"@id\":\"https:\\\/\\\/blog.vida.at\\\/pensionisten\\\/#\\\/schema\\\/person\\\/88cee3ee93b9afdc51c92f5f63f38b8a\",\"name\":\"mariontobola\",\"image\":{\"@type\":\"ImageObject\",\"inLanguage\":\"de\",\"@id\":\"https:\\\/\\\/secure.gravatar.com\\\/avatar\\\/5d2c516985e4eda61bca05bd3b4359b4358135bd1e1a5b08c539e9cd1edd6528?s=96&d=mm&r=g\",\"url\":\"https:\\\/\\\/secure.gravatar.com\\\/avatar\\\/5d2c516985e4eda61bca05bd3b4359b4358135bd1e1a5b08c539e9cd1edd6528?s=96&d=mm&r=g\",\"contentUrl\":\"https:\\\/\\\/secure.gravatar.com\\\/avatar\\\/5d2c516985e4eda61bca05bd3b4359b4358135bd1e1a5b08c539e9cd1edd6528?s=96&d=mm&r=g\",\"caption\":\"mariontobola\"},\"url\":\"https:\\\/\\\/blog.vida.at\\\/pensionisten\\\/author\\\/mariontobola\\\/\"}]}<\/script>\n<!-- \/ Yoast SEO plugin. -->","yoast_head_json":{"title":"Wie viel Pension bekomme ich?","robots":{"index":"index","follow":"follow","max-snippet":"max-snippet:-1","max-image-preview":"max-image-preview:large","max-video-preview":"max-video-preview:-1"},"canonical":"https:\/\/blog.vida.at\/pensionisten\/2024\/12\/03\/wie-viel-pension-bekomme-ich\/","og_locale":"de_DE","og_type":"article","og_title":"Wie viel Pension bekomme ich?","og_description":"Deine vida-Pensionist:innen informieren dich und sind f\u00fcr dich da! Die Pensionen in \u00d6sterreich werden jedes Jahr zum 1. J\u00e4nner erh\u00f6ht, um die steigenden Lebenshaltungskosten und die Inflation auszugleichen. Wie viel Geld mehr gibt es 2025?","og_url":"https:\/\/blog.vida.at\/pensionisten\/2024\/12\/03\/wie-viel-pension-bekomme-ich\/","og_site_name":"vida Pensionisten","article_published_time":"2024-12-03T09:44:30+00:00","article_modified_time":"2024-12-03T09:47:24+00:00","og_image":[{"width":423,"height":283,"url":"https:\/\/blog.vida.at\/pensionisten\/wp-content\/uploads\/sites\/10\/2023\/03\/Pension_\u00a9-emiliezhang-Fotolia.com_.jpg","type":"image\/jpeg"}],"author":"mariontobola","twitter_card":"summary_large_image","twitter_misc":{"Verfasst von":"mariontobola","Gesch\u00e4tzte Lesezeit":"2\u00a0Minuten"},"schema":{"@context":"https:\/\/schema.org","@graph":[{"@type":"Article","@id":"https:\/\/blog.vida.at\/pensionisten\/2024\/12\/03\/wie-viel-pension-bekomme-ich\/#article","isPartOf":{"@id":"https:\/\/blog.vida.at\/pensionisten\/2024\/12\/03\/wie-viel-pension-bekomme-ich\/"},"author":{"name":"mariontobola","@id":"https:\/\/blog.vida.at\/pensionisten\/#\/schema\/person\/88cee3ee93b9afdc51c92f5f63f38b8a"},"headline":"Wie viel Pension bekomme ich?","datePublished":"2024-12-03T09:44:30+00:00","dateModified":"2024-12-03T09:47:24+00:00","mainEntityOfPage":{"@id":"https:\/\/blog.vida.at\/pensionisten\/2024\/12\/03\/wie-viel-pension-bekomme-ich\/"},"wordCount":315,"commentCount":0,"image":{"@id":"https:\/\/blog.vida.at\/pensionisten\/2024\/12\/03\/wie-viel-pension-bekomme-ich\/#primaryimage"},"thumbnailUrl":"https:\/\/blog.vida.at\/pensionisten\/wp-content\/uploads\/sites\/10\/2023\/03\/Pension_\u00a9-emiliezhang-Fotolia.com_.jpg","articleSection":{"0":"Aktuelles","2":"Top Aktuelles"},"inLanguage":"de","potentialAction":[{"@type":"CommentAction","name":"Comment","target":["https:\/\/blog.vida.at\/pensionisten\/2024\/12\/03\/wie-viel-pension-bekomme-ich\/#respond"]}]},{"@type":"WebPage","@id":"https:\/\/blog.vida.at\/pensionisten\/2024\/12\/03\/wie-viel-pension-bekomme-ich\/","url":"https:\/\/blog.vida.at\/pensionisten\/2024\/12\/03\/wie-viel-pension-bekomme-ich\/","name":"Wie viel Pension bekomme ich?","isPartOf":{"@id":"https:\/\/blog.vida.at\/pensionisten\/#website"},"primaryImageOfPage":{"@id":"https:\/\/blog.vida.at\/pensionisten\/2024\/12\/03\/wie-viel-pension-bekomme-ich\/#primaryimage"},"image":{"@id":"https:\/\/blog.vida.at\/pensionisten\/2024\/12\/03\/wie-viel-pension-bekomme-ich\/#primaryimage"},"thumbnailUrl":"https:\/\/blog.vida.at\/pensionisten\/wp-content\/uploads\/sites\/10\/2023\/03\/Pension_\u00a9-emiliezhang-Fotolia.com_.jpg","datePublished":"2024-12-03T09:44:30+00:00","dateModified":"2024-12-03T09:47:24+00:00","author":{"@id":"https:\/\/blog.vida.at\/pensionisten\/#\/schema\/person\/88cee3ee93b9afdc51c92f5f63f38b8a"},"breadcrumb":{"@id":"https:\/\/blog.vida.at\/pensionisten\/2024\/12\/03\/wie-viel-pension-bekomme-ich\/#breadcrumb"},"inLanguage":"de","potentialAction":[{"@type":"ReadAction","target":["https:\/\/blog.vida.at\/pensionisten\/2024\/12\/03\/wie-viel-pension-bekomme-ich\/"]}]},{"@type":"ImageObject","inLanguage":"de","@id":"https:\/\/blog.vida.at\/pensionisten\/2024\/12\/03\/wie-viel-pension-bekomme-ich\/#primaryimage","url":"https:\/\/blog.vida.at\/pensionisten\/wp-content\/uploads\/sites\/10\/2023\/03\/Pension_\u00a9-emiliezhang-Fotolia.com_.jpg","contentUrl":"https:\/\/blog.vida.at\/pensionisten\/wp-content\/uploads\/sites\/10\/2023\/03\/Pension_\u00a9-emiliezhang-Fotolia.com_.jpg","width":423,"height":283},{"@type":"BreadcrumbList","@id":"https:\/\/blog.vida.at\/pensionisten\/2024\/12\/03\/wie-viel-pension-bekomme-ich\/#breadcrumb","itemListElement":[{"@type":"ListItem","position":1,"name":"Startseite","item":"https:\/\/blog.vida.at\/pensionisten\/"},{"@type":"ListItem","position":2,"name":"Wie viel Pension bekomme ich?"}]},{"@type":"WebSite","@id":"https:\/\/blog.vida.at\/pensionisten\/#website","url":"https:\/\/blog.vida.at\/pensionisten\/","name":"vida Pensionisten","description":"","potentialAction":[{"@type":"SearchAction","target":{"@type":"EntryPoint","urlTemplate":"https:\/\/blog.vida.at\/pensionisten\/?s={search_term_string}"},"query-input":{"@type":"PropertyValueSpecification","valueRequired":true,"valueName":"search_term_string"}}],"inLanguage":"de"},{"@type":"Person","@id":"https:\/\/blog.vida.at\/pensionisten\/#\/schema\/person\/88cee3ee93b9afdc51c92f5f63f38b8a","name":"mariontobola","image":{"@type":"ImageObject","inLanguage":"de","@id":"https:\/\/secure.gravatar.com\/avatar\/5d2c516985e4eda61bca05bd3b4359b4358135bd1e1a5b08c539e9cd1edd6528?s=96&d=mm&r=g","url":"https:\/\/secure.gravatar.com\/avatar\/5d2c516985e4eda61bca05bd3b4359b4358135bd1e1a5b08c539e9cd1edd6528?s=96&d=mm&r=g","contentUrl":"https:\/\/secure.gravatar.com\/avatar\/5d2c516985e4eda61bca05bd3b4359b4358135bd1e1a5b08c539e9cd1edd6528?s=96&d=mm&r=g","caption":"mariontobola"},"url":"https:\/\/blog.vida.at\/pensionisten\/author\/mariontobola\/"}]}},"author_meta":{"display_name":"mariontobola","author_link":"https:\/\/blog.vida.at\/pensionisten\/author\/mariontobola\/"},"featured_img":"https:\/\/blog.vida.at\/pensionisten\/wp-content\/uploads\/sites\/10\/2023\/03\/Pension_\u00a9-emiliezhang-Fotolia.com_-300x201.jpg","featured_image_src":"https:\/\/blog.vida.at\/pensionisten\/wp-content\/uploads\/sites\/10\/2023\/03\/Pension_\u00a9-emiliezhang-Fotolia.com_.jpg","featured_image_src_square":"https:\/\/blog.vida.at\/pensionisten\/wp-content\/uploads\/sites\/10\/2023\/03\/Pension_\u00a9-emiliezhang-Fotolia.com_.jpg","uagb_featured_image_src":{"full":["https:\/\/blog.vida.at\/pensionisten\/wp-content\/uploads\/sites\/10\/2023\/03\/Pension_\u00a9-emiliezhang-Fotolia.com_.jpg",423,283,false],"thumbnail":["https:\/\/blog.vida.at\/pensionisten\/wp-content\/uploads\/sites\/10\/2023\/03\/Pension_\u00a9-emiliezhang-Fotolia.com_-150x150.jpg",150,150,true],"medium":["https:\/\/blog.vida.at\/pensionisten\/wp-content\/uploads\/sites\/10\/2023\/03\/Pension_\u00a9-emiliezhang-Fotolia.com_-300x201.jpg",300,201,true],"medium_large":["https:\/\/blog.vida.at\/pensionisten\/wp-content\/uploads\/sites\/10\/2023\/03\/Pension_\u00a9-emiliezhang-Fotolia.com_.jpg",423,283,false],"large":["https:\/\/blog.vida.at\/pensionisten\/wp-content\/uploads\/sites\/10\/2023\/03\/Pension_\u00a9-emiliezhang-Fotolia.com_.jpg",423,283,false],"1536x1536":["https:\/\/blog.vida.at\/pensionisten\/wp-content\/uploads\/sites\/10\/2023\/03\/Pension_\u00a9-emiliezhang-Fotolia.com_.jpg",423,283,false],"2048x2048":["https:\/\/blog.vida.at\/pensionisten\/wp-content\/uploads\/sites\/10\/2023\/03\/Pension_\u00a9-emiliezhang-Fotolia.com_.jpg",423,283,false],"ab-block-post-grid-landscape":["https:\/\/blog.vida.at\/pensionisten\/wp-content\/uploads\/sites\/10\/2023\/03\/Pension_\u00a9-emiliezhang-Fotolia.com_.jpg",423,283,false],"ab-block-post-grid-square":["https:\/\/blog.vida.at\/pensionisten\/wp-content\/uploads\/sites\/10\/2023\/03\/Pension_\u00a9-emiliezhang-Fotolia.com_.jpg",423,283,false],"post-thumbnail":["https:\/\/blog.vida.at\/pensionisten\/wp-content\/uploads\/sites\/10\/2023\/03\/Pension_\u00a9-emiliezhang-Fotolia.com_.jpg",423,283,false],"awb_sm":["https:\/\/blog.vida.at\/pensionisten\/wp-content\/uploads\/sites\/10\/2023\/03\/Pension_\u00a9-emiliezhang-Fotolia.com_.jpg",423,283,false],"awb_md":["https:\/\/blog.vida.at\/pensionisten\/wp-content\/uploads\/sites\/10\/2023\/03\/Pension_\u00a9-emiliezhang-Fotolia.com_.jpg",423,283,false],"awb_lg":["https:\/\/blog.vida.at\/pensionisten\/wp-content\/uploads\/sites\/10\/2023\/03\/Pension_\u00a9-emiliezhang-Fotolia.com_.jpg",423,283,false],"awb_xl":["https:\/\/blog.vida.at\/pensionisten\/wp-content\/uploads\/sites\/10\/2023\/03\/Pension_\u00a9-emiliezhang-Fotolia.com_.jpg",423,283,false]},"uagb_author_info":{"display_name":"mariontobola","author_link":"https:\/\/blog.vida.at\/pensionisten\/author\/mariontobola\/"},"uagb_comment_info":0,"uagb_excerpt":"Deine vida-Pensionist:innen informieren dich und sind f\u00fcr dich da! Die Pensionen in \u00d6sterreich werden jedes Jahr zum 1. J\u00e4nner erh\u00f6ht, um die steigenden Lebenshaltungskosten und die Inflation auszugleichen. Wie viel Geld mehr gibt es 2025?","coauthors":[],"tax_additional":{"categories":{"linked":["<a href=\"https:\/\/blog.vida.at\/pensionisten\/category\/aktuelles\/\" class=\"advgb-post-tax-term\">Aktuelles<\/a>","<a href=\"https:\/\/blog.vida.at\/pensionisten\/category\/allgemein\/\" class=\"advgb-post-tax-term\">Allgemein<\/a>","<a href=\"https:\/\/blog.vida.at\/pensionisten\/category\/top-aktuelles\/\" class=\"advgb-post-tax-term\">Top Aktuelles<\/a>"],"unlinked":["<span class=\"advgb-post-tax-term\">Aktuelles<\/span>","<span class=\"advgb-post-tax-term\">Allgemein<\/span>","<span class=\"advgb-post-tax-term\">Top Aktuelles<\/span>"]}},"comment_count":"0","relative_dates":{"created":"Ver\u00f6ffentlicht 1\u00a0Jahr vor","modified":"Aktualisiert 1\u00a0Jahr vor"},"absolute_dates":{"created":"Ver\u00f6ffentlicht am 3. Dezember 2024","modified":"Aktualisiert am 3. Dezember 2024"},"absolute_dates_time":{"created":"Ver\u00f6ffentlicht am 3. Dezember 2024 10:44","modified":"Aktualisiert am 3. Dezember 2024 10:47"},"featured_img_caption":"","series_order":"","_links":{"self":[{"href":"https:\/\/blog.vida.at\/pensionisten\/wp-json\/wp\/v2\/posts\/10042","targetHints":{"allow":["GET"]}}],"collection":[{"href":"https:\/\/blog.vida.at\/pensionisten\/wp-json\/wp\/v2\/posts"}],"about":[{"href":"https:\/\/blog.vida.at\/pensionisten\/wp-json\/wp\/v2\/types\/post"}],"author":[{"embeddable":true,"href":"https:\/\/blog.vida.at\/pensionisten\/wp-json\/wp\/v2\/users\/8"}],"replies":[{"embeddable":true,"href":"https:\/\/blog.vida.at\/pensionisten\/wp-json\/wp\/v2\/comments?post=10042"}],"version-history":[{"count":5,"href":"https:\/\/blog.vida.at\/pensionisten\/wp-json\/wp\/v2\/posts\/10042\/revisions"}],"predecessor-version":[{"id":10048,"href":"https:\/\/blog.vida.at\/pensionisten\/wp-json\/wp\/v2\/posts\/10042\/revisions\/10048"}],"wp:featuredmedia":[{"embeddable":true,"href":"https:\/\/blog.vida.at\/pensionisten\/wp-json\/wp\/v2\/media\/6523"}],"wp:attachment":[{"href":"https:\/\/blog.vida.at\/pensionisten\/wp-json\/wp\/v2\/media?parent=10042"}],"wp:term":[{"taxonomy":"category","embeddable":true,"href":"https:\/\/blog.vida.at\/pensionisten\/wp-json\/wp\/v2\/categories?post=10042"},{"taxonomy":"post_tag","embeddable":true,"href":"https:\/\/blog.vida.at\/pensionisten\/wp-json\/wp\/v2\/tags?post=10042"},{"taxonomy":"Orte","embeddable":true,"href":"https:\/\/blog.vida.at\/pensionisten\/wp-json\/wp\/v2\/Orte?post=10042"},{"taxonomy":"activitytype","embeddable":true,"href":"https:\/\/blog.vida.at\/pensionisten\/wp-json\/wp\/v2\/activitytype?post=10042"}],"curies":[{"name":"wp","href":"https:\/\/api.w.org\/{rel}","templated":true}]}}