
{"id":10079,"date":"2024-12-18T13:49:00","date_gmt":"2024-12-18T12:49:00","guid":{"rendered":"https:\/\/blog.vida.at\/pensionisten\/?p=10079"},"modified":"2024-12-18T13:49:43","modified_gmt":"2024-12-18T12:49:43","slug":"wir-gratulieren-unseren-geburtstagskindern","status":"publish","type":"post","link":"https:\/\/blog.vida.at\/pensionisten\/2024\/12\/18\/wir-gratulieren-unseren-geburtstagskindern\/","title":{"rendered":"Wir gratulieren unseren Geburtstagskindern!"},"content":{"rendered":"\n<div class=\"wp-block-group Container\"><div class=\"wp-block-group__inner-container is-layout-flow wp-block-group-is-layout-flow\">\n<p>Auch 2024 hatten wieder viele vida-Mitglieder einen runden Geburtstag &#8211;<strong> vida sagt ALLES GUTE!<\/strong><\/p>\n\n\n\n<p><strong>An alle vida-Mitglieder ein gro\u00dfes DANKE f\u00fcr die Solidarit\u00e4t und Treue &#8211; gemeinsam leben wir Gewerkschaft!<\/strong><\/p>\n\n\n\n<!--more-->\n\n\n\n<p>Wir gratulieren herzlichst allen Geburtstagskindern &#8211; hier ein paar Jubilar:innen aus unseren vida-Ortsgruppen.<\/p>\n\n\n\n<p><strong><mark style=\"color:#f60101\" class=\"has-inline-color\">101 Jahre<\/mark><\/strong><\/p>\n\n\n\n<ul class=\"wp-block-list\">\n<li>Johann Holzer, OG Graz<\/li>\n\n\n\n<li>Alfons Flaschberger, OG Villach<\/li>\n<\/ul>\n\n\n\n<p><strong><mark style=\"color:#f70606\" class=\"has-inline-color\">90 Jahre<\/mark><\/strong><\/p>\n\n\n\n<ul class=\"wp-block-list\">\n<li>Andreas Jakober, Johann Legat, Viktor Fina, Franz Madritsch, alle OG-Villach-S\u00fcd\/Arnoldstein\/Gailtal<\/li>\n\n\n\n<li>Georg Hickl, Johannes K\u00e4ppler, alle OG G\u00e4nserndorf<\/li>\n\n\n\n<li>Johann F\u00f6ls, Leopoldine Trauner, alle OG Zentrum Eisenbahnerheim<\/li>\n\n\n\n<li>Johann Brandstetter, Ludwig Rankl, Otto Schwaiger, Franz St\u00f6gm\u00fcller, alle OG Steyr<\/li>\n\n\n\n<li>Willibald Beranek, OG FJB<\/li>\n\n\n\n<li>Ernst Fiedler, OG Wien West<\/li>\n\n\n\n<li>Vinzenz Dr\u00f6scher, OG Neumarkt i. St. und Murau<\/li>\n<\/ul>\n\n\n\n<p><strong><mark style=\"color:#f70505\" class=\"has-inline-color\">85 Jahre<\/mark><\/strong><\/p>\n\n\n\n<ul class=\"wp-block-list\">\n<li>Christine Heller, Inge Pfitzner, Anna Steier, alle OG Zentrum-Eisenbahnerheim<\/li>\n<\/ul>\n\n\n\n<p><strong><mark style=\"color:#f70606\" class=\"has-inline-color\">80 Jahre<\/mark><\/strong><\/p>\n\n\n\n<ul class=\"wp-block-list\">\n<li>Albert Bergetta, Michael Michelz, Josef Tschabuschnig, Erwin Tschabuschnig, Walter Flaschberger, Johann Madritsch, Fritz Umfahrer, Viktor Haselmayer, Franz Weber, alle OG Villach-S\u00fcd\/Arnoldstein\/Gailtal<\/li>\n\n\n\n<li>Karl Besenlehner, Herbert Steflitsch, Franz Tomaschek, Gerhard Kreissl, Michael Reder, Rudolf Grossmann, Gerhard Widder, alle OG Wiener Neustadt<\/li>\n\n\n\n<li>Rudolf Spendier, OG Zeltweg<\/li>\n\n\n\n<li>Sebastian Ferner, Reinhold Kern, Norbert K\u00f6ck, Werner Novak, Heinz Polak, alle OG Neumarkt i. St. und Murau<\/li>\n\n\n\n<li>Walter Zeletinger, Johann Singer, alle OG Hartberg<\/li>\n\n\n\n<li>Albert R\u00f6ssler, OG Obersteiermark West<\/li>\n\n\n\n<li>Manfred Zauner, Hermann Hirner und Rupert Schlager, alle OG Steyr<\/li>\n\n\n\n<li>Johanna Posekany, Franz Senger, Christine Rosawetz, OG Zentrum Eisenbahnerheim<\/li>\n\n\n\n<li>Karl Schoman, Eduard Hager, Rupert Hofmann, Ferdinand Schwarzkopf,\u00a0alle OG G\u00e4nserndorf<\/li>\n\n\n\n<li>Gerhard Minich, Franz Kahrer, alle OG Hainfeld<\/li>\n\n\n\n<li>Johannes Stos, Martin Schmid, alle OG FJB<\/li>\n\n\n\n<li>Franz Laserer, Helmut Sida, alle OG Leobersdorf\/Baden<\/li>\n\n\n\n<li>Heinrich Holzer, OG Floridsdorf<\/li>\n\n\n\n<li>Gerhard Toifl, Johann Esberger, alle OG Wolkersdorf<\/li>\n\n\n\n<li>Werner Schuster, Anton Greiml, Herbert Senninger, alle OG 52-KWD<\/li>\n<\/ul>\n\n\n\n<p><strong><mark style=\"color:#f90202\" class=\"has-inline-color\">75 Jahre<\/mark><\/strong><\/p>\n\n\n\n<ul class=\"wp-block-list\">\n<li>Johann Eichhorn, Ewald Wolf, alle OG 52-KWD<\/li>\n<\/ul>\n\n\n\n<p><strong><mark style=\"color:#fa0707\" class=\"has-inline-color\">70 Jahre<\/mark><\/strong><\/p>\n\n\n\n<ul class=\"wp-block-list\">\n<li>Hubert Kornberger, Erwin Frank, Karl Matausch, alle OG 52-KWD<\/li>\n<\/ul>\n\n\n\n<p><\/p>\n<\/div><\/div>\n\n\n\n<p><br><\/p>\n","protected":false},"excerpt":{"rendered":"<p>Auch 2024 hatten wieder viele vida-Mitglieder einen runden Geburtstag &#8211; vida sagt ALLES GUTE! An alle vida-Mitglieder ein gro\u00dfes DANKE f\u00fcr die Solidarit\u00e4t und Treue &#8211; gemeinsam leben wir Gewerkschaft!<\/p>\n","protected":false},"author":8,"featured_media":2689,"comment_status":"open","ping_status":"open","sticky":false,"template":"","format":"standard","meta":{"_uag_custom_page_level_css":"","advgb_blocks_editor_width":"","advgb_blocks_columns_visual_guide":"","footnotes":""},"categories":[4,1,49,32],"tags":[],"Orte":[],"activitytype":[],"class_list":["post-10079","post","type-post","status-publish","format-standard","has-post-thumbnail","hentry","category-aktuelles","category-allgemein","category-ortsgruppen","category-top-aktuelles","entry"],"featured_image_urls":{"full":["https:\/\/blog.vida.at\/pensionisten\/wp-content\/uploads\/sites\/10\/2021\/07\/Geburtstag_adobestock.jpg",898,607,false],"thumbnail":["https:\/\/blog.vida.at\/pensionisten\/wp-content\/uploads\/sites\/10\/2021\/07\/Geburtstag_adobestock-150x150.jpg",150,150,true],"medium":["https:\/\/blog.vida.at\/pensionisten\/wp-content\/uploads\/sites\/10\/2021\/07\/Geburtstag_adobestock-300x203.jpg",300,203,true],"medium_large":["https:\/\/blog.vida.at\/pensionisten\/wp-content\/uploads\/sites\/10\/2021\/07\/Geburtstag_adobestock-768x519.jpg",640,433,true],"large":["https:\/\/blog.vida.at\/pensionisten\/wp-content\/uploads\/sites\/10\/2021\/07\/Geburtstag_adobestock.jpg",640,433,false],"1536x1536":["https:\/\/blog.vida.at\/pensionisten\/wp-content\/uploads\/sites\/10\/2021\/07\/Geburtstag_adobestock.jpg",898,607,false],"2048x2048":["https:\/\/blog.vida.at\/pensionisten\/wp-content\/uploads\/sites\/10\/2021\/07\/Geburtstag_adobestock.jpg",898,607,false],"ab-block-post-grid-landscape":["https:\/\/blog.vida.at\/pensionisten\/wp-content\/uploads\/sites\/10\/2021\/07\/Geburtstag_adobestock-600x400.jpg",600,400,true],"ab-block-post-grid-square":["https:\/\/blog.vida.at\/pensionisten\/wp-content\/uploads\/sites\/10\/2021\/07\/Geburtstag_adobestock-600x600.jpg",600,600,true],"post-thumbnail":["https:\/\/blog.vida.at\/pensionisten\/wp-content\/uploads\/sites\/10\/2021\/07\/Geburtstag_adobestock.jpg",898,607,false],"awb_sm":["https:\/\/blog.vida.at\/pensionisten\/wp-content\/uploads\/sites\/10\/2021\/07\/Geburtstag_adobestock-500x338.jpg",500,338,true],"awb_md":["https:\/\/blog.vida.at\/pensionisten\/wp-content\/uploads\/sites\/10\/2021\/07\/Geburtstag_adobestock-800x541.jpg",800,541,true],"awb_lg":["https:\/\/blog.vida.at\/pensionisten\/wp-content\/uploads\/sites\/10\/2021\/07\/Geburtstag_adobestock.jpg",898,607,false],"awb_xl":["https:\/\/blog.vida.at\/pensionisten\/wp-content\/uploads\/sites\/10\/2021\/07\/Geburtstag_adobestock.jpg",898,607,false]},"post_excerpt_stackable":"<p>Auch 2024 hatten wieder viele vida-Mitglieder einen runden Geburtstag &#8211; vida sagt ALLES GUTE! An alle vida-Mitglieder ein gro\u00dfes DANKE f\u00fcr die Solidarit\u00e4t und Treue &#8211; gemeinsam leben wir Gewerkschaft! Wir gratulieren herzlichst allen Geburtstagskindern &#8211; hier ein paar Jubilar:innen aus unseren vida-Ortsgruppen. 101 Jahre Johann Holzer, OG Graz Alfons Flaschberger, OG Villach 90 Jahre Andreas Jakober, Johann Legat, Viktor Fina, Franz Madritsch, alle OG-Villach-S\u00fcd\/Arnoldstein\/Gailtal Georg Hickl, Johannes K\u00e4ppler, alle OG G\u00e4nserndorf Johann F\u00f6ls, Leopoldine Trauner, alle OG Zentrum Eisenbahnerheim Johann Brandstetter, Ludwig Rankl, Otto Schwaiger, Franz St\u00f6gm\u00fcller, alle OG Steyr Willibald Beranek, OG FJB Ernst Fiedler, OG Wien West&hellip;<\/p>\n","category_list":"<a href=\"https:\/\/blog.vida.at\/pensionisten\/category\/aktuelles\/\" rel=\"category tag\">Aktuelles<\/a>, <a href=\"https:\/\/blog.vida.at\/pensionisten\/category\/allgemein\/\" rel=\"category tag\">Allgemein<\/a>, <a href=\"https:\/\/blog.vida.at\/pensionisten\/category\/ortsgruppen\/\" rel=\"category tag\">Ortsgruppen<\/a>, <a href=\"https:\/\/blog.vida.at\/pensionisten\/category\/top-aktuelles\/\" rel=\"category tag\">Top Aktuelles<\/a>","author_info":{"display_name":"mariontobola","author_link":"https:\/\/blog.vida.at\/pensionisten\/author\/mariontobola\/"},"comments_num":"0 comments","featured_image_urls_v2":{"full":["https:\/\/blog.vida.at\/pensionisten\/wp-content\/uploads\/sites\/10\/2021\/07\/Geburtstag_adobestock.jpg",898,607,false],"thumbnail":["https:\/\/blog.vida.at\/pensionisten\/wp-content\/uploads\/sites\/10\/2021\/07\/Geburtstag_adobestock-150x150.jpg",150,150,true],"medium":["https:\/\/blog.vida.at\/pensionisten\/wp-content\/uploads\/sites\/10\/2021\/07\/Geburtstag_adobestock-300x203.jpg",300,203,true],"medium_large":["https:\/\/blog.vida.at\/pensionisten\/wp-content\/uploads\/sites\/10\/2021\/07\/Geburtstag_adobestock-768x519.jpg",640,433,true],"large":["https:\/\/blog.vida.at\/pensionisten\/wp-content\/uploads\/sites\/10\/2021\/07\/Geburtstag_adobestock.jpg",640,433,false],"1536x1536":["https:\/\/blog.vida.at\/pensionisten\/wp-content\/uploads\/sites\/10\/2021\/07\/Geburtstag_adobestock.jpg",898,607,false],"2048x2048":["https:\/\/blog.vida.at\/pensionisten\/wp-content\/uploads\/sites\/10\/2021\/07\/Geburtstag_adobestock.jpg",898,607,false],"ab-block-post-grid-landscape":["https:\/\/blog.vida.at\/pensionisten\/wp-content\/uploads\/sites\/10\/2021\/07\/Geburtstag_adobestock-600x400.jpg",600,400,true],"ab-block-post-grid-square":["https:\/\/blog.vida.at\/pensionisten\/wp-content\/uploads\/sites\/10\/2021\/07\/Geburtstag_adobestock-600x600.jpg",600,600,true],"post-thumbnail":["https:\/\/blog.vida.at\/pensionisten\/wp-content\/uploads\/sites\/10\/2021\/07\/Geburtstag_adobestock.jpg",898,607,false],"awb_sm":["https:\/\/blog.vida.at\/pensionisten\/wp-content\/uploads\/sites\/10\/2021\/07\/Geburtstag_adobestock-500x338.jpg",500,338,true],"awb_md":["https:\/\/blog.vida.at\/pensionisten\/wp-content\/uploads\/sites\/10\/2021\/07\/Geburtstag_adobestock-800x541.jpg",800,541,true],"awb_lg":["https:\/\/blog.vida.at\/pensionisten\/wp-content\/uploads\/sites\/10\/2021\/07\/Geburtstag_adobestock.jpg",898,607,false],"awb_xl":["https:\/\/blog.vida.at\/pensionisten\/wp-content\/uploads\/sites\/10\/2021\/07\/Geburtstag_adobestock.jpg",898,607,false]},"post_excerpt_stackable_v2":"<p>Auch 2024 hatten wieder viele vida-Mitglieder einen runden Geburtstag &#8211; vida sagt ALLES GUTE! An alle vida-Mitglieder ein gro\u00dfes DANKE f\u00fcr die Solidarit\u00e4t und Treue &#8211; gemeinsam leben wir Gewerkschaft! Wir gratulieren herzlichst allen Geburtstagskindern &#8211; hier ein paar Jubilar:innen aus unseren vida-Ortsgruppen. 101 Jahre Johann Holzer, OG Graz Alfons Flaschberger, OG Villach 90 Jahre Andreas Jakober, Johann Legat, Viktor Fina, Franz Madritsch, alle OG-Villach-S\u00fcd\/Arnoldstein\/Gailtal Georg Hickl, Johannes K\u00e4ppler, alle OG G\u00e4nserndorf Johann F\u00f6ls, Leopoldine Trauner, alle OG Zentrum Eisenbahnerheim Johann Brandstetter, Ludwig Rankl, Otto Schwaiger, Franz St\u00f6gm\u00fcller, alle OG Steyr Willibald Beranek, OG FJB Ernst Fiedler, OG Wien West&hellip;<\/p>\n","category_list_v2":"<a href=\"https:\/\/blog.vida.at\/pensionisten\/category\/aktuelles\/\" rel=\"category tag\">Aktuelles<\/a>, <a href=\"https:\/\/blog.vida.at\/pensionisten\/category\/allgemein\/\" rel=\"category tag\">Allgemein<\/a>, <a href=\"https:\/\/blog.vida.at\/pensionisten\/category\/ortsgruppen\/\" rel=\"category tag\">Ortsgruppen<\/a>, <a href=\"https:\/\/blog.vida.at\/pensionisten\/category\/top-aktuelles\/\" rel=\"category tag\">Top Aktuelles<\/a>","author_info_v2":{"name":"mariontobola","url":"https:\/\/blog.vida.at\/pensionisten\/author\/mariontobola\/"},"comments_num_v2":"0 comments","yoast_head":"<!-- This site is optimized with the Yoast SEO plugin v27.3 - https:\/\/yoast.com\/product\/yoast-seo-wordpress\/ -->\n<title>Wir gratulieren unseren Geburtstagskindern!<\/title>\n<meta name=\"robots\" content=\"index, follow, max-snippet:-1, max-image-preview:large, max-video-preview:-1\" \/>\n<link rel=\"canonical\" href=\"https:\/\/blog.vida.at\/pensionisten\/2024\/12\/18\/wir-gratulieren-unseren-geburtstagskindern\/\" \/>\n<meta property=\"og:locale\" content=\"de_DE\" \/>\n<meta property=\"og:type\" content=\"article\" \/>\n<meta property=\"og:title\" content=\"Wir gratulieren unseren Geburtstagskindern!\" \/>\n<meta property=\"og:description\" content=\"Auch 2024 hatten wieder viele vida-Mitglieder einen runden Geburtstag &#8211; vida sagt ALLES GUTE! An alle vida-Mitglieder ein gro\u00dfes DANKE f\u00fcr die Solidarit\u00e4t und Treue &#8211; gemeinsam leben wir Gewerkschaft!\" \/>\n<meta property=\"og:url\" content=\"https:\/\/blog.vida.at\/pensionisten\/2024\/12\/18\/wir-gratulieren-unseren-geburtstagskindern\/\" \/>\n<meta property=\"og:site_name\" content=\"vida Pensionisten\" \/>\n<meta property=\"article:published_time\" content=\"2024-12-18T12:49:00+00:00\" \/>\n<meta property=\"article:modified_time\" content=\"2024-12-18T12:49:43+00:00\" \/>\n<meta property=\"og:image\" content=\"https:\/\/blog.vida.at\/pensionisten\/wp-content\/uploads\/sites\/10\/2021\/07\/Geburtstag_adobestock.jpg\" \/>\n\t<meta property=\"og:image:width\" content=\"898\" \/>\n\t<meta property=\"og:image:height\" content=\"607\" \/>\n\t<meta property=\"og:image:type\" content=\"image\/jpeg\" \/>\n<meta name=\"author\" content=\"mariontobola\" \/>\n<meta name=\"twitter:card\" content=\"summary_large_image\" \/>\n<meta name=\"twitter:label1\" content=\"Verfasst von\" \/>\n\t<meta name=\"twitter:data1\" content=\"mariontobola\" \/>\n\t<meta name=\"twitter:label2\" content=\"Gesch\u00e4tzte Lesezeit\" \/>\n\t<meta name=\"twitter:data2\" content=\"2\u00a0Minuten\" \/>\n<script type=\"application\/ld+json\" class=\"yoast-schema-graph\">{\"@context\":\"https:\\\/\\\/schema.org\",\"@graph\":[{\"@type\":\"Article\",\"@id\":\"https:\\\/\\\/blog.vida.at\\\/pensionisten\\\/2024\\\/12\\\/18\\\/wir-gratulieren-unseren-geburtstagskindern\\\/#article\",\"isPartOf\":{\"@id\":\"https:\\\/\\\/blog.vida.at\\\/pensionisten\\\/2024\\\/12\\\/18\\\/wir-gratulieren-unseren-geburtstagskindern\\\/\"},\"author\":{\"name\":\"mariontobola\",\"@id\":\"https:\\\/\\\/blog.vida.at\\\/pensionisten\\\/#\\\/schema\\\/person\\\/88cee3ee93b9afdc51c92f5f63f38b8a\"},\"headline\":\"Wir gratulieren unseren Geburtstagskindern!\",\"datePublished\":\"2024-12-18T12:49:00+00:00\",\"dateModified\":\"2024-12-18T12:49:43+00:00\",\"mainEntityOfPage\":{\"@id\":\"https:\\\/\\\/blog.vida.at\\\/pensionisten\\\/2024\\\/12\\\/18\\\/wir-gratulieren-unseren-geburtstagskindern\\\/\"},\"wordCount\":301,\"commentCount\":0,\"image\":{\"@id\":\"https:\\\/\\\/blog.vida.at\\\/pensionisten\\\/2024\\\/12\\\/18\\\/wir-gratulieren-unseren-geburtstagskindern\\\/#primaryimage\"},\"thumbnailUrl\":\"https:\\\/\\\/blog.vida.at\\\/pensionisten\\\/wp-content\\\/uploads\\\/sites\\\/10\\\/2021\\\/07\\\/Geburtstag_adobestock.jpg\",\"articleSection\":{\"0\":\"Aktuelles\",\"2\":\"Ortsgruppen\",\"3\":\"Top Aktuelles\"},\"inLanguage\":\"de\",\"potentialAction\":[{\"@type\":\"CommentAction\",\"name\":\"Comment\",\"target\":[\"https:\\\/\\\/blog.vida.at\\\/pensionisten\\\/2024\\\/12\\\/18\\\/wir-gratulieren-unseren-geburtstagskindern\\\/#respond\"]}]},{\"@type\":\"WebPage\",\"@id\":\"https:\\\/\\\/blog.vida.at\\\/pensionisten\\\/2024\\\/12\\\/18\\\/wir-gratulieren-unseren-geburtstagskindern\\\/\",\"url\":\"https:\\\/\\\/blog.vida.at\\\/pensionisten\\\/2024\\\/12\\\/18\\\/wir-gratulieren-unseren-geburtstagskindern\\\/\",\"name\":\"Wir gratulieren unseren Geburtstagskindern!\",\"isPartOf\":{\"@id\":\"https:\\\/\\\/blog.vida.at\\\/pensionisten\\\/#website\"},\"primaryImageOfPage\":{\"@id\":\"https:\\\/\\\/blog.vida.at\\\/pensionisten\\\/2024\\\/12\\\/18\\\/wir-gratulieren-unseren-geburtstagskindern\\\/#primaryimage\"},\"image\":{\"@id\":\"https:\\\/\\\/blog.vida.at\\\/pensionisten\\\/2024\\\/12\\\/18\\\/wir-gratulieren-unseren-geburtstagskindern\\\/#primaryimage\"},\"thumbnailUrl\":\"https:\\\/\\\/blog.vida.at\\\/pensionisten\\\/wp-content\\\/uploads\\\/sites\\\/10\\\/2021\\\/07\\\/Geburtstag_adobestock.jpg\",\"datePublished\":\"2024-12-18T12:49:00+00:00\",\"dateModified\":\"2024-12-18T12:49:43+00:00\",\"author\":{\"@id\":\"https:\\\/\\\/blog.vida.at\\\/pensionisten\\\/#\\\/schema\\\/person\\\/88cee3ee93b9afdc51c92f5f63f38b8a\"},\"breadcrumb\":{\"@id\":\"https:\\\/\\\/blog.vida.at\\\/pensionisten\\\/2024\\\/12\\\/18\\\/wir-gratulieren-unseren-geburtstagskindern\\\/#breadcrumb\"},\"inLanguage\":\"de\",\"potentialAction\":[{\"@type\":\"ReadAction\",\"target\":[\"https:\\\/\\\/blog.vida.at\\\/pensionisten\\\/2024\\\/12\\\/18\\\/wir-gratulieren-unseren-geburtstagskindern\\\/\"]}]},{\"@type\":\"ImageObject\",\"inLanguage\":\"de\",\"@id\":\"https:\\\/\\\/blog.vida.at\\\/pensionisten\\\/2024\\\/12\\\/18\\\/wir-gratulieren-unseren-geburtstagskindern\\\/#primaryimage\",\"url\":\"https:\\\/\\\/blog.vida.at\\\/pensionisten\\\/wp-content\\\/uploads\\\/sites\\\/10\\\/2021\\\/07\\\/Geburtstag_adobestock.jpg\",\"contentUrl\":\"https:\\\/\\\/blog.vida.at\\\/pensionisten\\\/wp-content\\\/uploads\\\/sites\\\/10\\\/2021\\\/07\\\/Geburtstag_adobestock.jpg\",\"width\":898,\"height\":607},{\"@type\":\"BreadcrumbList\",\"@id\":\"https:\\\/\\\/blog.vida.at\\\/pensionisten\\\/2024\\\/12\\\/18\\\/wir-gratulieren-unseren-geburtstagskindern\\\/#breadcrumb\",\"itemListElement\":[{\"@type\":\"ListItem\",\"position\":1,\"name\":\"Startseite\",\"item\":\"https:\\\/\\\/blog.vida.at\\\/pensionisten\\\/\"},{\"@type\":\"ListItem\",\"position\":2,\"name\":\"Wir gratulieren unseren Geburtstagskindern!\"}]},{\"@type\":\"WebSite\",\"@id\":\"https:\\\/\\\/blog.vida.at\\\/pensionisten\\\/#website\",\"url\":\"https:\\\/\\\/blog.vida.at\\\/pensionisten\\\/\",\"name\":\"vida Pensionisten\",\"description\":\"\",\"potentialAction\":[{\"@type\":\"SearchAction\",\"target\":{\"@type\":\"EntryPoint\",\"urlTemplate\":\"https:\\\/\\\/blog.vida.at\\\/pensionisten\\\/?s={search_term_string}\"},\"query-input\":{\"@type\":\"PropertyValueSpecification\",\"valueRequired\":true,\"valueName\":\"search_term_string\"}}],\"inLanguage\":\"de\"},{\"@type\":\"Person\",\"@id\":\"https:\\\/\\\/blog.vida.at\\\/pensionisten\\\/#\\\/schema\\\/person\\\/88cee3ee93b9afdc51c92f5f63f38b8a\",\"name\":\"mariontobola\",\"image\":{\"@type\":\"ImageObject\",\"inLanguage\":\"de\",\"@id\":\"https:\\\/\\\/secure.gravatar.com\\\/avatar\\\/5d2c516985e4eda61bca05bd3b4359b4358135bd1e1a5b08c539e9cd1edd6528?s=96&d=mm&r=g\",\"url\":\"https:\\\/\\\/secure.gravatar.com\\\/avatar\\\/5d2c516985e4eda61bca05bd3b4359b4358135bd1e1a5b08c539e9cd1edd6528?s=96&d=mm&r=g\",\"contentUrl\":\"https:\\\/\\\/secure.gravatar.com\\\/avatar\\\/5d2c516985e4eda61bca05bd3b4359b4358135bd1e1a5b08c539e9cd1edd6528?s=96&d=mm&r=g\",\"caption\":\"mariontobola\"},\"url\":\"https:\\\/\\\/blog.vida.at\\\/pensionisten\\\/author\\\/mariontobola\\\/\"}]}<\/script>\n<!-- \/ Yoast SEO plugin. -->","yoast_head_json":{"title":"Wir gratulieren unseren Geburtstagskindern!","robots":{"index":"index","follow":"follow","max-snippet":"max-snippet:-1","max-image-preview":"max-image-preview:large","max-video-preview":"max-video-preview:-1"},"canonical":"https:\/\/blog.vida.at\/pensionisten\/2024\/12\/18\/wir-gratulieren-unseren-geburtstagskindern\/","og_locale":"de_DE","og_type":"article","og_title":"Wir gratulieren unseren Geburtstagskindern!","og_description":"Auch 2024 hatten wieder viele vida-Mitglieder einen runden Geburtstag &#8211; vida sagt ALLES GUTE! An alle vida-Mitglieder ein gro\u00dfes DANKE f\u00fcr die Solidarit\u00e4t und Treue &#8211; gemeinsam leben wir Gewerkschaft!","og_url":"https:\/\/blog.vida.at\/pensionisten\/2024\/12\/18\/wir-gratulieren-unseren-geburtstagskindern\/","og_site_name":"vida Pensionisten","article_published_time":"2024-12-18T12:49:00+00:00","article_modified_time":"2024-12-18T12:49:43+00:00","og_image":[{"width":898,"height":607,"url":"https:\/\/blog.vida.at\/pensionisten\/wp-content\/uploads\/sites\/10\/2021\/07\/Geburtstag_adobestock.jpg","type":"image\/jpeg"}],"author":"mariontobola","twitter_card":"summary_large_image","twitter_misc":{"Verfasst von":"mariontobola","Gesch\u00e4tzte Lesezeit":"2\u00a0Minuten"},"schema":{"@context":"https:\/\/schema.org","@graph":[{"@type":"Article","@id":"https:\/\/blog.vida.at\/pensionisten\/2024\/12\/18\/wir-gratulieren-unseren-geburtstagskindern\/#article","isPartOf":{"@id":"https:\/\/blog.vida.at\/pensionisten\/2024\/12\/18\/wir-gratulieren-unseren-geburtstagskindern\/"},"author":{"name":"mariontobola","@id":"https:\/\/blog.vida.at\/pensionisten\/#\/schema\/person\/88cee3ee93b9afdc51c92f5f63f38b8a"},"headline":"Wir gratulieren unseren Geburtstagskindern!","datePublished":"2024-12-18T12:49:00+00:00","dateModified":"2024-12-18T12:49:43+00:00","mainEntityOfPage":{"@id":"https:\/\/blog.vida.at\/pensionisten\/2024\/12\/18\/wir-gratulieren-unseren-geburtstagskindern\/"},"wordCount":301,"commentCount":0,"image":{"@id":"https:\/\/blog.vida.at\/pensionisten\/2024\/12\/18\/wir-gratulieren-unseren-geburtstagskindern\/#primaryimage"},"thumbnailUrl":"https:\/\/blog.vida.at\/pensionisten\/wp-content\/uploads\/sites\/10\/2021\/07\/Geburtstag_adobestock.jpg","articleSection":{"0":"Aktuelles","2":"Ortsgruppen","3":"Top Aktuelles"},"inLanguage":"de","potentialAction":[{"@type":"CommentAction","name":"Comment","target":["https:\/\/blog.vida.at\/pensionisten\/2024\/12\/18\/wir-gratulieren-unseren-geburtstagskindern\/#respond"]}]},{"@type":"WebPage","@id":"https:\/\/blog.vida.at\/pensionisten\/2024\/12\/18\/wir-gratulieren-unseren-geburtstagskindern\/","url":"https:\/\/blog.vida.at\/pensionisten\/2024\/12\/18\/wir-gratulieren-unseren-geburtstagskindern\/","name":"Wir gratulieren unseren Geburtstagskindern!","isPartOf":{"@id":"https:\/\/blog.vida.at\/pensionisten\/#website"},"primaryImageOfPage":{"@id":"https:\/\/blog.vida.at\/pensionisten\/2024\/12\/18\/wir-gratulieren-unseren-geburtstagskindern\/#primaryimage"},"image":{"@id":"https:\/\/blog.vida.at\/pensionisten\/2024\/12\/18\/wir-gratulieren-unseren-geburtstagskindern\/#primaryimage"},"thumbnailUrl":"https:\/\/blog.vida.at\/pensionisten\/wp-content\/uploads\/sites\/10\/2021\/07\/Geburtstag_adobestock.jpg","datePublished":"2024-12-18T12:49:00+00:00","dateModified":"2024-12-18T12:49:43+00:00","author":{"@id":"https:\/\/blog.vida.at\/pensionisten\/#\/schema\/person\/88cee3ee93b9afdc51c92f5f63f38b8a"},"breadcrumb":{"@id":"https:\/\/blog.vida.at\/pensionisten\/2024\/12\/18\/wir-gratulieren-unseren-geburtstagskindern\/#breadcrumb"},"inLanguage":"de","potentialAction":[{"@type":"ReadAction","target":["https:\/\/blog.vida.at\/pensionisten\/2024\/12\/18\/wir-gratulieren-unseren-geburtstagskindern\/"]}]},{"@type":"ImageObject","inLanguage":"de","@id":"https:\/\/blog.vida.at\/pensionisten\/2024\/12\/18\/wir-gratulieren-unseren-geburtstagskindern\/#primaryimage","url":"https:\/\/blog.vida.at\/pensionisten\/wp-content\/uploads\/sites\/10\/2021\/07\/Geburtstag_adobestock.jpg","contentUrl":"https:\/\/blog.vida.at\/pensionisten\/wp-content\/uploads\/sites\/10\/2021\/07\/Geburtstag_adobestock.jpg","width":898,"height":607},{"@type":"BreadcrumbList","@id":"https:\/\/blog.vida.at\/pensionisten\/2024\/12\/18\/wir-gratulieren-unseren-geburtstagskindern\/#breadcrumb","itemListElement":[{"@type":"ListItem","position":1,"name":"Startseite","item":"https:\/\/blog.vida.at\/pensionisten\/"},{"@type":"ListItem","position":2,"name":"Wir gratulieren unseren Geburtstagskindern!"}]},{"@type":"WebSite","@id":"https:\/\/blog.vida.at\/pensionisten\/#website","url":"https:\/\/blog.vida.at\/pensionisten\/","name":"vida Pensionisten","description":"","potentialAction":[{"@type":"SearchAction","target":{"@type":"EntryPoint","urlTemplate":"https:\/\/blog.vida.at\/pensionisten\/?s={search_term_string}"},"query-input":{"@type":"PropertyValueSpecification","valueRequired":true,"valueName":"search_term_string"}}],"inLanguage":"de"},{"@type":"Person","@id":"https:\/\/blog.vida.at\/pensionisten\/#\/schema\/person\/88cee3ee93b9afdc51c92f5f63f38b8a","name":"mariontobola","image":{"@type":"ImageObject","inLanguage":"de","@id":"https:\/\/secure.gravatar.com\/avatar\/5d2c516985e4eda61bca05bd3b4359b4358135bd1e1a5b08c539e9cd1edd6528?s=96&d=mm&r=g","url":"https:\/\/secure.gravatar.com\/avatar\/5d2c516985e4eda61bca05bd3b4359b4358135bd1e1a5b08c539e9cd1edd6528?s=96&d=mm&r=g","contentUrl":"https:\/\/secure.gravatar.com\/avatar\/5d2c516985e4eda61bca05bd3b4359b4358135bd1e1a5b08c539e9cd1edd6528?s=96&d=mm&r=g","caption":"mariontobola"},"url":"https:\/\/blog.vida.at\/pensionisten\/author\/mariontobola\/"}]}},"author_meta":{"display_name":"mariontobola","author_link":"https:\/\/blog.vida.at\/pensionisten\/author\/mariontobola\/"},"featured_img":"https:\/\/blog.vida.at\/pensionisten\/wp-content\/uploads\/sites\/10\/2021\/07\/Geburtstag_adobestock-300x203.jpg","featured_image_src":"https:\/\/blog.vida.at\/pensionisten\/wp-content\/uploads\/sites\/10\/2021\/07\/Geburtstag_adobestock-600x400.jpg","featured_image_src_square":"https:\/\/blog.vida.at\/pensionisten\/wp-content\/uploads\/sites\/10\/2021\/07\/Geburtstag_adobestock-600x600.jpg","uagb_featured_image_src":{"full":["https:\/\/blog.vida.at\/pensionisten\/wp-content\/uploads\/sites\/10\/2021\/07\/Geburtstag_adobestock.jpg",898,607,false],"thumbnail":["https:\/\/blog.vida.at\/pensionisten\/wp-content\/uploads\/sites\/10\/2021\/07\/Geburtstag_adobestock-150x150.jpg",150,150,true],"medium":["https:\/\/blog.vida.at\/pensionisten\/wp-content\/uploads\/sites\/10\/2021\/07\/Geburtstag_adobestock-300x203.jpg",300,203,true],"medium_large":["https:\/\/blog.vida.at\/pensionisten\/wp-content\/uploads\/sites\/10\/2021\/07\/Geburtstag_adobestock-768x519.jpg",640,433,true],"large":["https:\/\/blog.vida.at\/pensionisten\/wp-content\/uploads\/sites\/10\/2021\/07\/Geburtstag_adobestock.jpg",640,433,false],"1536x1536":["https:\/\/blog.vida.at\/pensionisten\/wp-content\/uploads\/sites\/10\/2021\/07\/Geburtstag_adobestock.jpg",898,607,false],"2048x2048":["https:\/\/blog.vida.at\/pensionisten\/wp-content\/uploads\/sites\/10\/2021\/07\/Geburtstag_adobestock.jpg",898,607,false],"ab-block-post-grid-landscape":["https:\/\/blog.vida.at\/pensionisten\/wp-content\/uploads\/sites\/10\/2021\/07\/Geburtstag_adobestock-600x400.jpg",600,400,true],"ab-block-post-grid-square":["https:\/\/blog.vida.at\/pensionisten\/wp-content\/uploads\/sites\/10\/2021\/07\/Geburtstag_adobestock-600x600.jpg",600,600,true],"post-thumbnail":["https:\/\/blog.vida.at\/pensionisten\/wp-content\/uploads\/sites\/10\/2021\/07\/Geburtstag_adobestock.jpg",898,607,false],"awb_sm":["https:\/\/blog.vida.at\/pensionisten\/wp-content\/uploads\/sites\/10\/2021\/07\/Geburtstag_adobestock-500x338.jpg",500,338,true],"awb_md":["https:\/\/blog.vida.at\/pensionisten\/wp-content\/uploads\/sites\/10\/2021\/07\/Geburtstag_adobestock-800x541.jpg",800,541,true],"awb_lg":["https:\/\/blog.vida.at\/pensionisten\/wp-content\/uploads\/sites\/10\/2021\/07\/Geburtstag_adobestock.jpg",898,607,false],"awb_xl":["https:\/\/blog.vida.at\/pensionisten\/wp-content\/uploads\/sites\/10\/2021\/07\/Geburtstag_adobestock.jpg",898,607,false]},"uagb_author_info":{"display_name":"mariontobola","author_link":"https:\/\/blog.vida.at\/pensionisten\/author\/mariontobola\/"},"uagb_comment_info":0,"uagb_excerpt":"Auch 2024 hatten wieder viele vida-Mitglieder einen runden Geburtstag &#8211; vida sagt ALLES GUTE! An alle vida-Mitglieder ein gro\u00dfes DANKE f\u00fcr die Solidarit\u00e4t und Treue &#8211; gemeinsam leben wir Gewerkschaft!","coauthors":[],"tax_additional":{"categories":{"linked":["<a href=\"https:\/\/blog.vida.at\/pensionisten\/category\/aktuelles\/\" class=\"advgb-post-tax-term\">Aktuelles<\/a>","<a href=\"https:\/\/blog.vida.at\/pensionisten\/category\/allgemein\/\" class=\"advgb-post-tax-term\">Allgemein<\/a>","<a href=\"https:\/\/blog.vida.at\/pensionisten\/category\/ortsgruppen\/\" class=\"advgb-post-tax-term\">Ortsgruppen<\/a>","<a href=\"https:\/\/blog.vida.at\/pensionisten\/category\/top-aktuelles\/\" class=\"advgb-post-tax-term\">Top Aktuelles<\/a>"],"unlinked":["<span class=\"advgb-post-tax-term\">Aktuelles<\/span>","<span class=\"advgb-post-tax-term\">Allgemein<\/span>","<span class=\"advgb-post-tax-term\">Ortsgruppen<\/span>","<span class=\"advgb-post-tax-term\">Top Aktuelles<\/span>"]}},"comment_count":"0","relative_dates":{"created":"Ver\u00f6ffentlicht 1\u00a0Jahr vor","modified":"Aktualisiert 1\u00a0Jahr vor"},"absolute_dates":{"created":"Ver\u00f6ffentlicht am 18. Dezember 2024","modified":"Aktualisiert am 18. Dezember 2024"},"absolute_dates_time":{"created":"Ver\u00f6ffentlicht am 18. Dezember 2024 13:49","modified":"Aktualisiert am 18. Dezember 2024 13:49"},"featured_img_caption":"","series_order":"","_links":{"self":[{"href":"https:\/\/blog.vida.at\/pensionisten\/wp-json\/wp\/v2\/posts\/10079","targetHints":{"allow":["GET"]}}],"collection":[{"href":"https:\/\/blog.vida.at\/pensionisten\/wp-json\/wp\/v2\/posts"}],"about":[{"href":"https:\/\/blog.vida.at\/pensionisten\/wp-json\/wp\/v2\/types\/post"}],"author":[{"embeddable":true,"href":"https:\/\/blog.vida.at\/pensionisten\/wp-json\/wp\/v2\/users\/8"}],"replies":[{"embeddable":true,"href":"https:\/\/blog.vida.at\/pensionisten\/wp-json\/wp\/v2\/comments?post=10079"}],"version-history":[{"count":10,"href":"https:\/\/blog.vida.at\/pensionisten\/wp-json\/wp\/v2\/posts\/10079\/revisions"}],"predecessor-version":[{"id":10089,"href":"https:\/\/blog.vida.at\/pensionisten\/wp-json\/wp\/v2\/posts\/10079\/revisions\/10089"}],"wp:featuredmedia":[{"embeddable":true,"href":"https:\/\/blog.vida.at\/pensionisten\/wp-json\/wp\/v2\/media\/2689"}],"wp:attachment":[{"href":"https:\/\/blog.vida.at\/pensionisten\/wp-json\/wp\/v2\/media?parent=10079"}],"wp:term":[{"taxonomy":"category","embeddable":true,"href":"https:\/\/blog.vida.at\/pensionisten\/wp-json\/wp\/v2\/categories?post=10079"},{"taxonomy":"post_tag","embeddable":true,"href":"https:\/\/blog.vida.at\/pensionisten\/wp-json\/wp\/v2\/tags?post=10079"},{"taxonomy":"Orte","embeddable":true,"href":"https:\/\/blog.vida.at\/pensionisten\/wp-json\/wp\/v2\/Orte?post=10079"},{"taxonomy":"activitytype","embeddable":true,"href":"https:\/\/blog.vida.at\/pensionisten\/wp-json\/wp\/v2\/activitytype?post=10079"}],"curies":[{"name":"wp","href":"https:\/\/api.w.org\/{rel}","templated":true}]}}