
{"id":10382,"date":"2025-03-03T14:31:55","date_gmt":"2025-03-03T13:31:55","guid":{"rendered":"https:\/\/blog.vida.at\/pensionisten\/?p=10382"},"modified":"2025-03-06T14:35:58","modified_gmt":"2025-03-06T13:35:58","slug":"2-vida-markt-der-moeglichkeiten-in-graz","status":"publish","type":"post","link":"https:\/\/blog.vida.at\/pensionisten\/2025\/03\/03\/2-vida-markt-der-moeglichkeiten-in-graz\/","title":{"rendered":"2. vida-Markt der M\u00f6glichkeiten in Graz"},"content":{"rendered":"\n<div class=\"wp-block-group Container\"><div class=\"wp-block-group__inner-container is-layout-flow wp-block-group-is-layout-flow\">\n<p><strong>Veranstaltung mit interessanten Angeboten f\u00fcr vida-Mitglieder.<\/strong><\/p>\n\n\n\n<p>Die <strong>vida-Pensionist:innen<\/strong> <strong>Graz<\/strong> informieren am 28. April mit Expert:innen zum Thema Energie. Sei dabei!<\/p>\n\n\n\n<!--more-->\n\n\n\n<p>Nach der gelungenen Premiere im Fr\u00fchjahr 2024 laden die vida-Pensionist:innen Graz am 28. April 2025 zum 2. vida-Markt der M\u00f6glichkeiten ein. Ins Leben gerufen hat die Veranstaltungsreihe die vida-Ortsgruppe Graz Pensionist:innen &#8211; allen voran Walter Haas, OG-Vorsitzender und Initiator der Veranstaltung.<\/p>\n\n\n\n<p><strong>Wann:<\/strong> <strong>28. April 2025, ab 14.30 Uhr<\/strong> <\/p>\n\n\n\n<p><strong>Wo: Arbeiterkammer Graz,<\/strong> Hans-Resel-Gasse 6-14, 8020 Graz<\/p>\n\n\n\n<p>Dieses Jahr beim 2. vida-Markt der M\u00f6glichkeiten dreht sich alles um die <strong>\u201egute Energie\u201c<\/strong>. <\/p>\n\n\n\n<p>Expert:innen informieren dich \u00fcber <strong>Stromversorgung, Fernw\u00e4rme<\/strong> sowie <strong>Gas im Wandel der Zeit<\/strong>. <\/p>\n\n\n\n<p><strong><mark style=\"color:#fd0404\" class=\"has-inline-color\">Wir freuen uns auf dich!<\/mark><\/strong><\/p>\n\n\n\n<p><em>Hier ein paar Foto-Impressionen vom 1. vida-Markt der M\u00f6glichkeiten aus dem Jahr 2024.<\/em><\/p>\n\n\n\n<figure class=\"wp-block-gallery has-nested-images columns-default is-cropped wp-block-gallery-1 is-layout-flex wp-block-gallery-is-layout-flex\">\n<figure class=\"wp-block-image size-large\"><img loading=\"lazy\" decoding=\"async\" width=\"1024\" height=\"683\" data-id=\"8920\" src=\"https:\/\/blog.vida.at\/pensionisten\/wp-content\/uploads\/sites\/10\/2024\/06\/IMG_20240514_144851-1024x683.jpg\" alt=\"\" class=\"wp-image-8920\" srcset=\"https:\/\/blog.vida.at\/pensionisten\/wp-content\/uploads\/sites\/10\/2024\/06\/IMG_20240514_144851-1024x683.jpg 1024w, https:\/\/blog.vida.at\/pensionisten\/wp-content\/uploads\/sites\/10\/2024\/06\/IMG_20240514_144851-300x200.jpg 300w, https:\/\/blog.vida.at\/pensionisten\/wp-content\/uploads\/sites\/10\/2024\/06\/IMG_20240514_144851-768x512.jpg 768w, https:\/\/blog.vida.at\/pensionisten\/wp-content\/uploads\/sites\/10\/2024\/06\/IMG_20240514_144851-1536x1024.jpg 1536w, https:\/\/blog.vida.at\/pensionisten\/wp-content\/uploads\/sites\/10\/2024\/06\/IMG_20240514_144851-2048x1365.jpg 2048w, https:\/\/blog.vida.at\/pensionisten\/wp-content\/uploads\/sites\/10\/2024\/06\/IMG_20240514_144851-500x333.jpg 500w, https:\/\/blog.vida.at\/pensionisten\/wp-content\/uploads\/sites\/10\/2024\/06\/IMG_20240514_144851-800x533.jpg 800w, https:\/\/blog.vida.at\/pensionisten\/wp-content\/uploads\/sites\/10\/2024\/06\/IMG_20240514_144851-1280x853.jpg 1280w, https:\/\/blog.vida.at\/pensionisten\/wp-content\/uploads\/sites\/10\/2024\/06\/IMG_20240514_144851-1920x1280.jpg 1920w, https:\/\/blog.vida.at\/pensionisten\/wp-content\/uploads\/sites\/10\/2024\/06\/IMG_20240514_144851-600x400.jpg 600w, https:\/\/blog.vida.at\/pensionisten\/wp-content\/uploads\/sites\/10\/2024\/06\/IMG_20240514_144851-1568x1045.jpg 1568w\" sizes=\"auto, (max-width: 1024px) 100vw, 1024px\" \/><figcaption class=\"wp-element-caption\">rpt<\/figcaption><\/figure>\n\n\n\n<figure class=\"wp-block-image size-large\"><img loading=\"lazy\" decoding=\"async\" width=\"1024\" height=\"683\" data-id=\"8921\" src=\"https:\/\/blog.vida.at\/pensionisten\/wp-content\/uploads\/sites\/10\/2024\/06\/IMG_20240514_141422-1024x683.jpg\" alt=\"\" class=\"wp-image-8921\" srcset=\"https:\/\/blog.vida.at\/pensionisten\/wp-content\/uploads\/sites\/10\/2024\/06\/IMG_20240514_141422-1024x683.jpg 1024w, https:\/\/blog.vida.at\/pensionisten\/wp-content\/uploads\/sites\/10\/2024\/06\/IMG_20240514_141422-300x200.jpg 300w, https:\/\/blog.vida.at\/pensionisten\/wp-content\/uploads\/sites\/10\/2024\/06\/IMG_20240514_141422-768x512.jpg 768w, https:\/\/blog.vida.at\/pensionisten\/wp-content\/uploads\/sites\/10\/2024\/06\/IMG_20240514_141422-1536x1024.jpg 1536w, https:\/\/blog.vida.at\/pensionisten\/wp-content\/uploads\/sites\/10\/2024\/06\/IMG_20240514_141422-2048x1365.jpg 2048w, https:\/\/blog.vida.at\/pensionisten\/wp-content\/uploads\/sites\/10\/2024\/06\/IMG_20240514_141422-500x333.jpg 500w, https:\/\/blog.vida.at\/pensionisten\/wp-content\/uploads\/sites\/10\/2024\/06\/IMG_20240514_141422-800x533.jpg 800w, https:\/\/blog.vida.at\/pensionisten\/wp-content\/uploads\/sites\/10\/2024\/06\/IMG_20240514_141422-1280x853.jpg 1280w, https:\/\/blog.vida.at\/pensionisten\/wp-content\/uploads\/sites\/10\/2024\/06\/IMG_20240514_141422-1920x1280.jpg 1920w, https:\/\/blog.vida.at\/pensionisten\/wp-content\/uploads\/sites\/10\/2024\/06\/IMG_20240514_141422-600x400.jpg 600w, https:\/\/blog.vida.at\/pensionisten\/wp-content\/uploads\/sites\/10\/2024\/06\/IMG_20240514_141422-1568x1045.jpg 1568w\" sizes=\"auto, (max-width: 1024px) 100vw, 1024px\" \/><\/figure>\n\n\n\n<figure class=\"wp-block-image size-large\"><img loading=\"lazy\" decoding=\"async\" width=\"1024\" height=\"683\" data-id=\"8923\" src=\"https:\/\/blog.vida.at\/pensionisten\/wp-content\/uploads\/sites\/10\/2024\/06\/IMG_20240514_141243-1024x683.jpg\" alt=\"\" class=\"wp-image-8923\" srcset=\"https:\/\/blog.vida.at\/pensionisten\/wp-content\/uploads\/sites\/10\/2024\/06\/IMG_20240514_141243-1024x683.jpg 1024w, https:\/\/blog.vida.at\/pensionisten\/wp-content\/uploads\/sites\/10\/2024\/06\/IMG_20240514_141243-300x200.jpg 300w, https:\/\/blog.vida.at\/pensionisten\/wp-content\/uploads\/sites\/10\/2024\/06\/IMG_20240514_141243-768x512.jpg 768w, https:\/\/blog.vida.at\/pensionisten\/wp-content\/uploads\/sites\/10\/2024\/06\/IMG_20240514_141243-1536x1024.jpg 1536w, https:\/\/blog.vida.at\/pensionisten\/wp-content\/uploads\/sites\/10\/2024\/06\/IMG_20240514_141243-2048x1366.jpg 2048w, https:\/\/blog.vida.at\/pensionisten\/wp-content\/uploads\/sites\/10\/2024\/06\/IMG_20240514_141243-500x333.jpg 500w, https:\/\/blog.vida.at\/pensionisten\/wp-content\/uploads\/sites\/10\/2024\/06\/IMG_20240514_141243-800x533.jpg 800w, https:\/\/blog.vida.at\/pensionisten\/wp-content\/uploads\/sites\/10\/2024\/06\/IMG_20240514_141243-1280x853.jpg 1280w, https:\/\/blog.vida.at\/pensionisten\/wp-content\/uploads\/sites\/10\/2024\/06\/IMG_20240514_141243-1920x1280.jpg 1920w, https:\/\/blog.vida.at\/pensionisten\/wp-content\/uploads\/sites\/10\/2024\/06\/IMG_20240514_141243-600x400.jpg 600w, https:\/\/blog.vida.at\/pensionisten\/wp-content\/uploads\/sites\/10\/2024\/06\/IMG_20240514_141243-1568x1045.jpg 1568w\" sizes=\"auto, (max-width: 1024px) 100vw, 1024px\" \/><\/figure>\n\n\n\n<figure class=\"wp-block-image size-large\"><img loading=\"lazy\" decoding=\"async\" width=\"1024\" height=\"683\" data-id=\"8924\" src=\"https:\/\/blog.vida.at\/pensionisten\/wp-content\/uploads\/sites\/10\/2024\/06\/IMG_20240514_140801-1024x683.jpg\" alt=\"\" class=\"wp-image-8924\" srcset=\"https:\/\/blog.vida.at\/pensionisten\/wp-content\/uploads\/sites\/10\/2024\/06\/IMG_20240514_140801-1024x683.jpg 1024w, https:\/\/blog.vida.at\/pensionisten\/wp-content\/uploads\/sites\/10\/2024\/06\/IMG_20240514_140801-300x200.jpg 300w, https:\/\/blog.vida.at\/pensionisten\/wp-content\/uploads\/sites\/10\/2024\/06\/IMG_20240514_140801-768x512.jpg 768w, https:\/\/blog.vida.at\/pensionisten\/wp-content\/uploads\/sites\/10\/2024\/06\/IMG_20240514_140801-1536x1024.jpg 1536w, https:\/\/blog.vida.at\/pensionisten\/wp-content\/uploads\/sites\/10\/2024\/06\/IMG_20240514_140801-2048x1365.jpg 2048w, https:\/\/blog.vida.at\/pensionisten\/wp-content\/uploads\/sites\/10\/2024\/06\/IMG_20240514_140801-500x333.jpg 500w, https:\/\/blog.vida.at\/pensionisten\/wp-content\/uploads\/sites\/10\/2024\/06\/IMG_20240514_140801-800x533.jpg 800w, https:\/\/blog.vida.at\/pensionisten\/wp-content\/uploads\/sites\/10\/2024\/06\/IMG_20240514_140801-1280x853.jpg 1280w, https:\/\/blog.vida.at\/pensionisten\/wp-content\/uploads\/sites\/10\/2024\/06\/IMG_20240514_140801-1920x1280.jpg 1920w, https:\/\/blog.vida.at\/pensionisten\/wp-content\/uploads\/sites\/10\/2024\/06\/IMG_20240514_140801-600x400.jpg 600w, https:\/\/blog.vida.at\/pensionisten\/wp-content\/uploads\/sites\/10\/2024\/06\/IMG_20240514_140801-1568x1045.jpg 1568w\" sizes=\"auto, (max-width: 1024px) 100vw, 1024px\" \/><\/figure>\n\n\n\n<figure class=\"wp-block-image size-large\"><img loading=\"lazy\" decoding=\"async\" width=\"1024\" height=\"683\" data-id=\"8925\" src=\"https:\/\/blog.vida.at\/pensionisten\/wp-content\/uploads\/sites\/10\/2024\/06\/IMG_20240514_140023-1024x683.jpg\" alt=\"\" class=\"wp-image-8925\" srcset=\"https:\/\/blog.vida.at\/pensionisten\/wp-content\/uploads\/sites\/10\/2024\/06\/IMG_20240514_140023-1024x683.jpg 1024w, https:\/\/blog.vida.at\/pensionisten\/wp-content\/uploads\/sites\/10\/2024\/06\/IMG_20240514_140023-300x200.jpg 300w, https:\/\/blog.vida.at\/pensionisten\/wp-content\/uploads\/sites\/10\/2024\/06\/IMG_20240514_140023-768x512.jpg 768w, https:\/\/blog.vida.at\/pensionisten\/wp-content\/uploads\/sites\/10\/2024\/06\/IMG_20240514_140023-1536x1024.jpg 1536w, https:\/\/blog.vida.at\/pensionisten\/wp-content\/uploads\/sites\/10\/2024\/06\/IMG_20240514_140023-2048x1365.jpg 2048w, https:\/\/blog.vida.at\/pensionisten\/wp-content\/uploads\/sites\/10\/2024\/06\/IMG_20240514_140023-500x333.jpg 500w, https:\/\/blog.vida.at\/pensionisten\/wp-content\/uploads\/sites\/10\/2024\/06\/IMG_20240514_140023-800x533.jpg 800w, https:\/\/blog.vida.at\/pensionisten\/wp-content\/uploads\/sites\/10\/2024\/06\/IMG_20240514_140023-1280x853.jpg 1280w, https:\/\/blog.vida.at\/pensionisten\/wp-content\/uploads\/sites\/10\/2024\/06\/IMG_20240514_140023-1920x1280.jpg 1920w, https:\/\/blog.vida.at\/pensionisten\/wp-content\/uploads\/sites\/10\/2024\/06\/IMG_20240514_140023-600x400.jpg 600w, https:\/\/blog.vida.at\/pensionisten\/wp-content\/uploads\/sites\/10\/2024\/06\/IMG_20240514_140023-1568x1045.jpg 1568w\" sizes=\"auto, (max-width: 1024px) 100vw, 1024px\" \/><\/figure>\n\n\n\n<figure class=\"wp-block-image size-large\"><img loading=\"lazy\" decoding=\"async\" width=\"1024\" height=\"683\" data-id=\"8922\" src=\"https:\/\/blog.vida.at\/pensionisten\/wp-content\/uploads\/sites\/10\/2024\/06\/IMG_20240514_135746-1024x683.jpg\" alt=\"\" class=\"wp-image-8922\" srcset=\"https:\/\/blog.vida.at\/pensionisten\/wp-content\/uploads\/sites\/10\/2024\/06\/IMG_20240514_135746-1024x683.jpg 1024w, https:\/\/blog.vida.at\/pensionisten\/wp-content\/uploads\/sites\/10\/2024\/06\/IMG_20240514_135746-300x200.jpg 300w, https:\/\/blog.vida.at\/pensionisten\/wp-content\/uploads\/sites\/10\/2024\/06\/IMG_20240514_135746-768x512.jpg 768w, https:\/\/blog.vida.at\/pensionisten\/wp-content\/uploads\/sites\/10\/2024\/06\/IMG_20240514_135746-1536x1024.jpg 1536w, https:\/\/blog.vida.at\/pensionisten\/wp-content\/uploads\/sites\/10\/2024\/06\/IMG_20240514_135746-2048x1365.jpg 2048w, https:\/\/blog.vida.at\/pensionisten\/wp-content\/uploads\/sites\/10\/2024\/06\/IMG_20240514_135746-500x333.jpg 500w, https:\/\/blog.vida.at\/pensionisten\/wp-content\/uploads\/sites\/10\/2024\/06\/IMG_20240514_135746-800x533.jpg 800w, https:\/\/blog.vida.at\/pensionisten\/wp-content\/uploads\/sites\/10\/2024\/06\/IMG_20240514_135746-1280x853.jpg 1280w, https:\/\/blog.vida.at\/pensionisten\/wp-content\/uploads\/sites\/10\/2024\/06\/IMG_20240514_135746-1920x1280.jpg 1920w, https:\/\/blog.vida.at\/pensionisten\/wp-content\/uploads\/sites\/10\/2024\/06\/IMG_20240514_135746-600x400.jpg 600w, https:\/\/blog.vida.at\/pensionisten\/wp-content\/uploads\/sites\/10\/2024\/06\/IMG_20240514_135746-1568x1045.jpg 1568w\" sizes=\"auto, (max-width: 1024px) 100vw, 1024px\" \/><\/figure>\n<\/figure>\n\n\n\n<p><\/p>\n<\/div><\/div>\n","protected":false},"excerpt":{"rendered":"<p>Veranstaltung mit interessanten Angeboten f\u00fcr vida-Mitglieder. Die vida-Pensionist:innen Graz informieren am 28. April mit Expert:innen zum Thema Energie. Sei dabei!<\/p>\n","protected":false},"author":8,"featured_media":2748,"comment_status":"open","ping_status":"open","sticky":false,"template":"","format":"standard","meta":{"_uag_custom_page_level_css":"","advgb_blocks_editor_width":"","advgb_blocks_columns_visual_guide":"","footnotes":""},"categories":[4,1,49,54,32,31,41],"tags":[],"Orte":[],"activitytype":[],"class_list":["post-10382","post","type-post","status-publish","format-standard","has-post-thumbnail","hentry","category-aktuelles","category-allgemein","category-ortsgruppen","category-steiermark","category-top-aktuelles","category-top-veranstaltungen","category-veranstaltungen","entry"],"featured_image_urls":{"full":["https:\/\/blog.vida.at\/pensionisten\/wp-content\/uploads\/sites\/10\/2021\/08\/termin.jpg",406,271,false],"thumbnail":["https:\/\/blog.vida.at\/pensionisten\/wp-content\/uploads\/sites\/10\/2021\/08\/termin-150x150.jpg",150,150,true],"medium":["https:\/\/blog.vida.at\/pensionisten\/wp-content\/uploads\/sites\/10\/2021\/08\/termin-300x200.jpg",300,200,true],"medium_large":["https:\/\/blog.vida.at\/pensionisten\/wp-content\/uploads\/sites\/10\/2021\/08\/termin.jpg",406,271,false],"large":["https:\/\/blog.vida.at\/pensionisten\/wp-content\/uploads\/sites\/10\/2021\/08\/termin.jpg",406,271,false],"1536x1536":["https:\/\/blog.vida.at\/pensionisten\/wp-content\/uploads\/sites\/10\/2021\/08\/termin.jpg",406,271,false],"2048x2048":["https:\/\/blog.vida.at\/pensionisten\/wp-content\/uploads\/sites\/10\/2021\/08\/termin.jpg",406,271,false],"ab-block-post-grid-landscape":["https:\/\/blog.vida.at\/pensionisten\/wp-content\/uploads\/sites\/10\/2021\/08\/termin.jpg",406,271,false],"ab-block-post-grid-square":["https:\/\/blog.vida.at\/pensionisten\/wp-content\/uploads\/sites\/10\/2021\/08\/termin.jpg",406,271,false],"post-thumbnail":["https:\/\/blog.vida.at\/pensionisten\/wp-content\/uploads\/sites\/10\/2021\/08\/termin.jpg",406,271,false],"awb_sm":["https:\/\/blog.vida.at\/pensionisten\/wp-content\/uploads\/sites\/10\/2021\/08\/termin.jpg",406,271,false],"awb_md":["https:\/\/blog.vida.at\/pensionisten\/wp-content\/uploads\/sites\/10\/2021\/08\/termin.jpg",406,271,false],"awb_lg":["https:\/\/blog.vida.at\/pensionisten\/wp-content\/uploads\/sites\/10\/2021\/08\/termin.jpg",406,271,false],"awb_xl":["https:\/\/blog.vida.at\/pensionisten\/wp-content\/uploads\/sites\/10\/2021\/08\/termin.jpg",406,271,false]},"post_excerpt_stackable":"<p>Veranstaltung mit interessanten Angeboten f\u00fcr vida-Mitglieder. Die vida-Pensionist:innen Graz informieren am 28. April mit Expert:innen zum Thema Energie. Sei dabei! Nach der gelungenen Premiere im Fr\u00fchjahr 2024 laden die vida-Pensionist:innen Graz am 28. April 2025 zum 2. vida-Markt der M\u00f6glichkeiten ein. Ins Leben gerufen hat die Veranstaltungsreihe die vida-Ortsgruppe Graz Pensionist:innen &#8211; allen voran Walter Haas, OG-Vorsitzender und Initiator der Veranstaltung. Wann: 28. April 2025, ab 14.30 Uhr Wo: Arbeiterkammer Graz, Hans-Resel-Gasse 6-14, 8020 Graz Dieses Jahr beim 2. vida-Markt der M\u00f6glichkeiten dreht sich alles um die \u201egute Energie\u201c. Expert:innen informieren dich \u00fcber Stromversorgung, Fernw\u00e4rme sowie Gas im Wandel der&hellip;<\/p>\n","category_list":"<a href=\"https:\/\/blog.vida.at\/pensionisten\/category\/aktuelles\/\" rel=\"category tag\">Aktuelles<\/a>, <a href=\"https:\/\/blog.vida.at\/pensionisten\/category\/allgemein\/\" rel=\"category tag\">Allgemein<\/a>, <a href=\"https:\/\/blog.vida.at\/pensionisten\/category\/ortsgruppen\/\" rel=\"category tag\">Ortsgruppen<\/a>, <a href=\"https:\/\/blog.vida.at\/pensionisten\/category\/ortsgruppen\/steiermark\/\" rel=\"category tag\">Steiermark<\/a>, <a href=\"https:\/\/blog.vida.at\/pensionisten\/category\/top-aktuelles\/\" rel=\"category tag\">Top Aktuelles<\/a>, <a href=\"https:\/\/blog.vida.at\/pensionisten\/category\/top-veranstaltungen\/\" rel=\"category tag\">Top Veranstaltungen<\/a>, <a href=\"https:\/\/blog.vida.at\/pensionisten\/category\/veranstaltungen\/\" rel=\"category tag\">Veranstaltungen<\/a>","author_info":{"display_name":"mariontobola","author_link":"https:\/\/blog.vida.at\/pensionisten\/author\/mariontobola\/"},"comments_num":"0 comments","featured_image_urls_v2":{"full":["https:\/\/blog.vida.at\/pensionisten\/wp-content\/uploads\/sites\/10\/2021\/08\/termin.jpg",406,271,false],"thumbnail":["https:\/\/blog.vida.at\/pensionisten\/wp-content\/uploads\/sites\/10\/2021\/08\/termin-150x150.jpg",150,150,true],"medium":["https:\/\/blog.vida.at\/pensionisten\/wp-content\/uploads\/sites\/10\/2021\/08\/termin-300x200.jpg",300,200,true],"medium_large":["https:\/\/blog.vida.at\/pensionisten\/wp-content\/uploads\/sites\/10\/2021\/08\/termin.jpg",406,271,false],"large":["https:\/\/blog.vida.at\/pensionisten\/wp-content\/uploads\/sites\/10\/2021\/08\/termin.jpg",406,271,false],"1536x1536":["https:\/\/blog.vida.at\/pensionisten\/wp-content\/uploads\/sites\/10\/2021\/08\/termin.jpg",406,271,false],"2048x2048":["https:\/\/blog.vida.at\/pensionisten\/wp-content\/uploads\/sites\/10\/2021\/08\/termin.jpg",406,271,false],"ab-block-post-grid-landscape":["https:\/\/blog.vida.at\/pensionisten\/wp-content\/uploads\/sites\/10\/2021\/08\/termin.jpg",406,271,false],"ab-block-post-grid-square":["https:\/\/blog.vida.at\/pensionisten\/wp-content\/uploads\/sites\/10\/2021\/08\/termin.jpg",406,271,false],"post-thumbnail":["https:\/\/blog.vida.at\/pensionisten\/wp-content\/uploads\/sites\/10\/2021\/08\/termin.jpg",406,271,false],"awb_sm":["https:\/\/blog.vida.at\/pensionisten\/wp-content\/uploads\/sites\/10\/2021\/08\/termin.jpg",406,271,false],"awb_md":["https:\/\/blog.vida.at\/pensionisten\/wp-content\/uploads\/sites\/10\/2021\/08\/termin.jpg",406,271,false],"awb_lg":["https:\/\/blog.vida.at\/pensionisten\/wp-content\/uploads\/sites\/10\/2021\/08\/termin.jpg",406,271,false],"awb_xl":["https:\/\/blog.vida.at\/pensionisten\/wp-content\/uploads\/sites\/10\/2021\/08\/termin.jpg",406,271,false]},"post_excerpt_stackable_v2":"<p>Veranstaltung mit interessanten Angeboten f\u00fcr vida-Mitglieder. Die vida-Pensionist:innen Graz informieren am 28. April mit Expert:innen zum Thema Energie. Sei dabei! Nach der gelungenen Premiere im Fr\u00fchjahr 2024 laden die vida-Pensionist:innen Graz am 28. April 2025 zum 2. vida-Markt der M\u00f6glichkeiten ein. Ins Leben gerufen hat die Veranstaltungsreihe die vida-Ortsgruppe Graz Pensionist:innen &#8211; allen voran Walter Haas, OG-Vorsitzender und Initiator der Veranstaltung. Wann: 28. April 2025, ab 14.30 Uhr Wo: Arbeiterkammer Graz, Hans-Resel-Gasse 6-14, 8020 Graz Dieses Jahr beim 2. vida-Markt der M\u00f6glichkeiten dreht sich alles um die \u201egute Energie\u201c. Expert:innen informieren dich \u00fcber Stromversorgung, Fernw\u00e4rme sowie Gas im Wandel der&hellip;<\/p>\n","category_list_v2":"<a href=\"https:\/\/blog.vida.at\/pensionisten\/category\/aktuelles\/\" rel=\"category tag\">Aktuelles<\/a>, <a href=\"https:\/\/blog.vida.at\/pensionisten\/category\/allgemein\/\" rel=\"category tag\">Allgemein<\/a>, <a href=\"https:\/\/blog.vida.at\/pensionisten\/category\/ortsgruppen\/\" rel=\"category tag\">Ortsgruppen<\/a>, <a href=\"https:\/\/blog.vida.at\/pensionisten\/category\/ortsgruppen\/steiermark\/\" rel=\"category tag\">Steiermark<\/a>, <a href=\"https:\/\/blog.vida.at\/pensionisten\/category\/top-aktuelles\/\" rel=\"category tag\">Top Aktuelles<\/a>, <a href=\"https:\/\/blog.vida.at\/pensionisten\/category\/top-veranstaltungen\/\" rel=\"category tag\">Top Veranstaltungen<\/a>, <a href=\"https:\/\/blog.vida.at\/pensionisten\/category\/veranstaltungen\/\" rel=\"category tag\">Veranstaltungen<\/a>","author_info_v2":{"name":"mariontobola","url":"https:\/\/blog.vida.at\/pensionisten\/author\/mariontobola\/"},"comments_num_v2":"0 comments","yoast_head":"<!-- This site is optimized with the Yoast SEO plugin v27.3 - https:\/\/yoast.com\/product\/yoast-seo-wordpress\/ -->\n<title>2. vida-Markt der M\u00f6glichkeiten in Graz<\/title>\n<meta name=\"robots\" content=\"index, follow, max-snippet:-1, max-image-preview:large, max-video-preview:-1\" \/>\n<link rel=\"canonical\" href=\"https:\/\/blog.vida.at\/pensionisten\/2025\/03\/03\/2-vida-markt-der-moeglichkeiten-in-graz\/\" \/>\n<meta property=\"og:locale\" content=\"de_DE\" \/>\n<meta property=\"og:type\" content=\"article\" \/>\n<meta property=\"og:title\" content=\"2. vida-Markt der M\u00f6glichkeiten in Graz\" \/>\n<meta property=\"og:description\" content=\"Veranstaltung mit interessanten Angeboten f\u00fcr vida-Mitglieder. Die vida-Pensionist:innen Graz informieren am 28. April mit Expert:innen zum Thema Energie. Sei dabei!\" \/>\n<meta property=\"og:url\" content=\"https:\/\/blog.vida.at\/pensionisten\/2025\/03\/03\/2-vida-markt-der-moeglichkeiten-in-graz\/\" \/>\n<meta property=\"og:site_name\" content=\"vida Pensionisten\" \/>\n<meta property=\"article:published_time\" content=\"2025-03-03T13:31:55+00:00\" \/>\n<meta property=\"article:modified_time\" content=\"2025-03-06T13:35:58+00:00\" \/>\n<meta property=\"og:image\" content=\"https:\/\/blog.vida.at\/pensionisten\/wp-content\/uploads\/sites\/10\/2021\/08\/termin.jpg\" \/>\n\t<meta property=\"og:image:width\" content=\"406\" \/>\n\t<meta property=\"og:image:height\" content=\"271\" \/>\n\t<meta property=\"og:image:type\" content=\"image\/jpeg\" \/>\n<meta name=\"author\" content=\"mariontobola\" \/>\n<meta name=\"twitter:card\" content=\"summary_large_image\" \/>\n<meta name=\"twitter:label1\" content=\"Verfasst von\" \/>\n\t<meta name=\"twitter:data1\" content=\"mariontobola\" \/>\n\t<meta name=\"twitter:label2\" content=\"Gesch\u00e4tzte Lesezeit\" \/>\n\t<meta name=\"twitter:data2\" content=\"3\u00a0Minuten\" \/>\n<script type=\"application\/ld+json\" class=\"yoast-schema-graph\">{\"@context\":\"https:\\\/\\\/schema.org\",\"@graph\":[{\"@type\":\"Article\",\"@id\":\"https:\\\/\\\/blog.vida.at\\\/pensionisten\\\/2025\\\/03\\\/03\\\/2-vida-markt-der-moeglichkeiten-in-graz\\\/#article\",\"isPartOf\":{\"@id\":\"https:\\\/\\\/blog.vida.at\\\/pensionisten\\\/2025\\\/03\\\/03\\\/2-vida-markt-der-moeglichkeiten-in-graz\\\/\"},\"author\":{\"name\":\"mariontobola\",\"@id\":\"https:\\\/\\\/blog.vida.at\\\/pensionisten\\\/#\\\/schema\\\/person\\\/88cee3ee93b9afdc51c92f5f63f38b8a\"},\"headline\":\"2. vida-Markt der M\u00f6glichkeiten in Graz\",\"datePublished\":\"2025-03-03T13:31:55+00:00\",\"dateModified\":\"2025-03-06T13:35:58+00:00\",\"mainEntityOfPage\":{\"@id\":\"https:\\\/\\\/blog.vida.at\\\/pensionisten\\\/2025\\\/03\\\/03\\\/2-vida-markt-der-moeglichkeiten-in-graz\\\/\"},\"wordCount\":125,\"commentCount\":0,\"image\":{\"@id\":\"https:\\\/\\\/blog.vida.at\\\/pensionisten\\\/2025\\\/03\\\/03\\\/2-vida-markt-der-moeglichkeiten-in-graz\\\/#primaryimage\"},\"thumbnailUrl\":\"https:\\\/\\\/blog.vida.at\\\/pensionisten\\\/wp-content\\\/uploads\\\/sites\\\/10\\\/2021\\\/08\\\/termin.jpg\",\"articleSection\":{\"0\":\"Aktuelles\",\"2\":\"Ortsgruppen\",\"3\":\"Steiermark\",\"4\":\"Top Aktuelles\",\"5\":\"Top Veranstaltungen\",\"6\":\"Veranstaltungen\"},\"inLanguage\":\"de\",\"potentialAction\":[{\"@type\":\"CommentAction\",\"name\":\"Comment\",\"target\":[\"https:\\\/\\\/blog.vida.at\\\/pensionisten\\\/2025\\\/03\\\/03\\\/2-vida-markt-der-moeglichkeiten-in-graz\\\/#respond\"]}]},{\"@type\":\"WebPage\",\"@id\":\"https:\\\/\\\/blog.vida.at\\\/pensionisten\\\/2025\\\/03\\\/03\\\/2-vida-markt-der-moeglichkeiten-in-graz\\\/\",\"url\":\"https:\\\/\\\/blog.vida.at\\\/pensionisten\\\/2025\\\/03\\\/03\\\/2-vida-markt-der-moeglichkeiten-in-graz\\\/\",\"name\":\"2. vida-Markt der M\u00f6glichkeiten in Graz\",\"isPartOf\":{\"@id\":\"https:\\\/\\\/blog.vida.at\\\/pensionisten\\\/#website\"},\"primaryImageOfPage\":{\"@id\":\"https:\\\/\\\/blog.vida.at\\\/pensionisten\\\/2025\\\/03\\\/03\\\/2-vida-markt-der-moeglichkeiten-in-graz\\\/#primaryimage\"},\"image\":{\"@id\":\"https:\\\/\\\/blog.vida.at\\\/pensionisten\\\/2025\\\/03\\\/03\\\/2-vida-markt-der-moeglichkeiten-in-graz\\\/#primaryimage\"},\"thumbnailUrl\":\"https:\\\/\\\/blog.vida.at\\\/pensionisten\\\/wp-content\\\/uploads\\\/sites\\\/10\\\/2021\\\/08\\\/termin.jpg\",\"datePublished\":\"2025-03-03T13:31:55+00:00\",\"dateModified\":\"2025-03-06T13:35:58+00:00\",\"author\":{\"@id\":\"https:\\\/\\\/blog.vida.at\\\/pensionisten\\\/#\\\/schema\\\/person\\\/88cee3ee93b9afdc51c92f5f63f38b8a\"},\"breadcrumb\":{\"@id\":\"https:\\\/\\\/blog.vida.at\\\/pensionisten\\\/2025\\\/03\\\/03\\\/2-vida-markt-der-moeglichkeiten-in-graz\\\/#breadcrumb\"},\"inLanguage\":\"de\",\"potentialAction\":[{\"@type\":\"ReadAction\",\"target\":[\"https:\\\/\\\/blog.vida.at\\\/pensionisten\\\/2025\\\/03\\\/03\\\/2-vida-markt-der-moeglichkeiten-in-graz\\\/\"]}]},{\"@type\":\"ImageObject\",\"inLanguage\":\"de\",\"@id\":\"https:\\\/\\\/blog.vida.at\\\/pensionisten\\\/2025\\\/03\\\/03\\\/2-vida-markt-der-moeglichkeiten-in-graz\\\/#primaryimage\",\"url\":\"https:\\\/\\\/blog.vida.at\\\/pensionisten\\\/wp-content\\\/uploads\\\/sites\\\/10\\\/2021\\\/08\\\/termin.jpg\",\"contentUrl\":\"https:\\\/\\\/blog.vida.at\\\/pensionisten\\\/wp-content\\\/uploads\\\/sites\\\/10\\\/2021\\\/08\\\/termin.jpg\",\"width\":406,\"height\":271},{\"@type\":\"BreadcrumbList\",\"@id\":\"https:\\\/\\\/blog.vida.at\\\/pensionisten\\\/2025\\\/03\\\/03\\\/2-vida-markt-der-moeglichkeiten-in-graz\\\/#breadcrumb\",\"itemListElement\":[{\"@type\":\"ListItem\",\"position\":1,\"name\":\"Startseite\",\"item\":\"https:\\\/\\\/blog.vida.at\\\/pensionisten\\\/\"},{\"@type\":\"ListItem\",\"position\":2,\"name\":\"2. vida-Markt der M\u00f6glichkeiten in Graz\"}]},{\"@type\":\"WebSite\",\"@id\":\"https:\\\/\\\/blog.vida.at\\\/pensionisten\\\/#website\",\"url\":\"https:\\\/\\\/blog.vida.at\\\/pensionisten\\\/\",\"name\":\"vida Pensionisten\",\"description\":\"\",\"potentialAction\":[{\"@type\":\"SearchAction\",\"target\":{\"@type\":\"EntryPoint\",\"urlTemplate\":\"https:\\\/\\\/blog.vida.at\\\/pensionisten\\\/?s={search_term_string}\"},\"query-input\":{\"@type\":\"PropertyValueSpecification\",\"valueRequired\":true,\"valueName\":\"search_term_string\"}}],\"inLanguage\":\"de\"},{\"@type\":\"Person\",\"@id\":\"https:\\\/\\\/blog.vida.at\\\/pensionisten\\\/#\\\/schema\\\/person\\\/88cee3ee93b9afdc51c92f5f63f38b8a\",\"name\":\"mariontobola\",\"image\":{\"@type\":\"ImageObject\",\"inLanguage\":\"de\",\"@id\":\"https:\\\/\\\/secure.gravatar.com\\\/avatar\\\/5d2c516985e4eda61bca05bd3b4359b4358135bd1e1a5b08c539e9cd1edd6528?s=96&d=mm&r=g\",\"url\":\"https:\\\/\\\/secure.gravatar.com\\\/avatar\\\/5d2c516985e4eda61bca05bd3b4359b4358135bd1e1a5b08c539e9cd1edd6528?s=96&d=mm&r=g\",\"contentUrl\":\"https:\\\/\\\/secure.gravatar.com\\\/avatar\\\/5d2c516985e4eda61bca05bd3b4359b4358135bd1e1a5b08c539e9cd1edd6528?s=96&d=mm&r=g\",\"caption\":\"mariontobola\"},\"url\":\"https:\\\/\\\/blog.vida.at\\\/pensionisten\\\/author\\\/mariontobola\\\/\"}]}<\/script>\n<!-- \/ Yoast SEO plugin. -->","yoast_head_json":{"title":"2. vida-Markt der M\u00f6glichkeiten in Graz","robots":{"index":"index","follow":"follow","max-snippet":"max-snippet:-1","max-image-preview":"max-image-preview:large","max-video-preview":"max-video-preview:-1"},"canonical":"https:\/\/blog.vida.at\/pensionisten\/2025\/03\/03\/2-vida-markt-der-moeglichkeiten-in-graz\/","og_locale":"de_DE","og_type":"article","og_title":"2. vida-Markt der M\u00f6glichkeiten in Graz","og_description":"Veranstaltung mit interessanten Angeboten f\u00fcr vida-Mitglieder. Die vida-Pensionist:innen Graz informieren am 28. April mit Expert:innen zum Thema Energie. Sei dabei!","og_url":"https:\/\/blog.vida.at\/pensionisten\/2025\/03\/03\/2-vida-markt-der-moeglichkeiten-in-graz\/","og_site_name":"vida Pensionisten","article_published_time":"2025-03-03T13:31:55+00:00","article_modified_time":"2025-03-06T13:35:58+00:00","og_image":[{"width":406,"height":271,"url":"https:\/\/blog.vida.at\/pensionisten\/wp-content\/uploads\/sites\/10\/2021\/08\/termin.jpg","type":"image\/jpeg"}],"author":"mariontobola","twitter_card":"summary_large_image","twitter_misc":{"Verfasst von":"mariontobola","Gesch\u00e4tzte Lesezeit":"3\u00a0Minuten"},"schema":{"@context":"https:\/\/schema.org","@graph":[{"@type":"Article","@id":"https:\/\/blog.vida.at\/pensionisten\/2025\/03\/03\/2-vida-markt-der-moeglichkeiten-in-graz\/#article","isPartOf":{"@id":"https:\/\/blog.vida.at\/pensionisten\/2025\/03\/03\/2-vida-markt-der-moeglichkeiten-in-graz\/"},"author":{"name":"mariontobola","@id":"https:\/\/blog.vida.at\/pensionisten\/#\/schema\/person\/88cee3ee93b9afdc51c92f5f63f38b8a"},"headline":"2. vida-Markt der M\u00f6glichkeiten in Graz","datePublished":"2025-03-03T13:31:55+00:00","dateModified":"2025-03-06T13:35:58+00:00","mainEntityOfPage":{"@id":"https:\/\/blog.vida.at\/pensionisten\/2025\/03\/03\/2-vida-markt-der-moeglichkeiten-in-graz\/"},"wordCount":125,"commentCount":0,"image":{"@id":"https:\/\/blog.vida.at\/pensionisten\/2025\/03\/03\/2-vida-markt-der-moeglichkeiten-in-graz\/#primaryimage"},"thumbnailUrl":"https:\/\/blog.vida.at\/pensionisten\/wp-content\/uploads\/sites\/10\/2021\/08\/termin.jpg","articleSection":{"0":"Aktuelles","2":"Ortsgruppen","3":"Steiermark","4":"Top Aktuelles","5":"Top Veranstaltungen","6":"Veranstaltungen"},"inLanguage":"de","potentialAction":[{"@type":"CommentAction","name":"Comment","target":["https:\/\/blog.vida.at\/pensionisten\/2025\/03\/03\/2-vida-markt-der-moeglichkeiten-in-graz\/#respond"]}]},{"@type":"WebPage","@id":"https:\/\/blog.vida.at\/pensionisten\/2025\/03\/03\/2-vida-markt-der-moeglichkeiten-in-graz\/","url":"https:\/\/blog.vida.at\/pensionisten\/2025\/03\/03\/2-vida-markt-der-moeglichkeiten-in-graz\/","name":"2. vida-Markt der M\u00f6glichkeiten in Graz","isPartOf":{"@id":"https:\/\/blog.vida.at\/pensionisten\/#website"},"primaryImageOfPage":{"@id":"https:\/\/blog.vida.at\/pensionisten\/2025\/03\/03\/2-vida-markt-der-moeglichkeiten-in-graz\/#primaryimage"},"image":{"@id":"https:\/\/blog.vida.at\/pensionisten\/2025\/03\/03\/2-vida-markt-der-moeglichkeiten-in-graz\/#primaryimage"},"thumbnailUrl":"https:\/\/blog.vida.at\/pensionisten\/wp-content\/uploads\/sites\/10\/2021\/08\/termin.jpg","datePublished":"2025-03-03T13:31:55+00:00","dateModified":"2025-03-06T13:35:58+00:00","author":{"@id":"https:\/\/blog.vida.at\/pensionisten\/#\/schema\/person\/88cee3ee93b9afdc51c92f5f63f38b8a"},"breadcrumb":{"@id":"https:\/\/blog.vida.at\/pensionisten\/2025\/03\/03\/2-vida-markt-der-moeglichkeiten-in-graz\/#breadcrumb"},"inLanguage":"de","potentialAction":[{"@type":"ReadAction","target":["https:\/\/blog.vida.at\/pensionisten\/2025\/03\/03\/2-vida-markt-der-moeglichkeiten-in-graz\/"]}]},{"@type":"ImageObject","inLanguage":"de","@id":"https:\/\/blog.vida.at\/pensionisten\/2025\/03\/03\/2-vida-markt-der-moeglichkeiten-in-graz\/#primaryimage","url":"https:\/\/blog.vida.at\/pensionisten\/wp-content\/uploads\/sites\/10\/2021\/08\/termin.jpg","contentUrl":"https:\/\/blog.vida.at\/pensionisten\/wp-content\/uploads\/sites\/10\/2021\/08\/termin.jpg","width":406,"height":271},{"@type":"BreadcrumbList","@id":"https:\/\/blog.vida.at\/pensionisten\/2025\/03\/03\/2-vida-markt-der-moeglichkeiten-in-graz\/#breadcrumb","itemListElement":[{"@type":"ListItem","position":1,"name":"Startseite","item":"https:\/\/blog.vida.at\/pensionisten\/"},{"@type":"ListItem","position":2,"name":"2. vida-Markt der M\u00f6glichkeiten in Graz"}]},{"@type":"WebSite","@id":"https:\/\/blog.vida.at\/pensionisten\/#website","url":"https:\/\/blog.vida.at\/pensionisten\/","name":"vida Pensionisten","description":"","potentialAction":[{"@type":"SearchAction","target":{"@type":"EntryPoint","urlTemplate":"https:\/\/blog.vida.at\/pensionisten\/?s={search_term_string}"},"query-input":{"@type":"PropertyValueSpecification","valueRequired":true,"valueName":"search_term_string"}}],"inLanguage":"de"},{"@type":"Person","@id":"https:\/\/blog.vida.at\/pensionisten\/#\/schema\/person\/88cee3ee93b9afdc51c92f5f63f38b8a","name":"mariontobola","image":{"@type":"ImageObject","inLanguage":"de","@id":"https:\/\/secure.gravatar.com\/avatar\/5d2c516985e4eda61bca05bd3b4359b4358135bd1e1a5b08c539e9cd1edd6528?s=96&d=mm&r=g","url":"https:\/\/secure.gravatar.com\/avatar\/5d2c516985e4eda61bca05bd3b4359b4358135bd1e1a5b08c539e9cd1edd6528?s=96&d=mm&r=g","contentUrl":"https:\/\/secure.gravatar.com\/avatar\/5d2c516985e4eda61bca05bd3b4359b4358135bd1e1a5b08c539e9cd1edd6528?s=96&d=mm&r=g","caption":"mariontobola"},"url":"https:\/\/blog.vida.at\/pensionisten\/author\/mariontobola\/"}]}},"author_meta":{"display_name":"mariontobola","author_link":"https:\/\/blog.vida.at\/pensionisten\/author\/mariontobola\/"},"featured_img":"https:\/\/blog.vida.at\/pensionisten\/wp-content\/uploads\/sites\/10\/2021\/08\/termin-300x200.jpg","featured_image_src":"https:\/\/blog.vida.at\/pensionisten\/wp-content\/uploads\/sites\/10\/2021\/08\/termin.jpg","featured_image_src_square":"https:\/\/blog.vida.at\/pensionisten\/wp-content\/uploads\/sites\/10\/2021\/08\/termin.jpg","uagb_featured_image_src":{"full":["https:\/\/blog.vida.at\/pensionisten\/wp-content\/uploads\/sites\/10\/2021\/08\/termin.jpg",406,271,false],"thumbnail":["https:\/\/blog.vida.at\/pensionisten\/wp-content\/uploads\/sites\/10\/2021\/08\/termin-150x150.jpg",150,150,true],"medium":["https:\/\/blog.vida.at\/pensionisten\/wp-content\/uploads\/sites\/10\/2021\/08\/termin-300x200.jpg",300,200,true],"medium_large":["https:\/\/blog.vida.at\/pensionisten\/wp-content\/uploads\/sites\/10\/2021\/08\/termin.jpg",406,271,false],"large":["https:\/\/blog.vida.at\/pensionisten\/wp-content\/uploads\/sites\/10\/2021\/08\/termin.jpg",406,271,false],"1536x1536":["https:\/\/blog.vida.at\/pensionisten\/wp-content\/uploads\/sites\/10\/2021\/08\/termin.jpg",406,271,false],"2048x2048":["https:\/\/blog.vida.at\/pensionisten\/wp-content\/uploads\/sites\/10\/2021\/08\/termin.jpg",406,271,false],"ab-block-post-grid-landscape":["https:\/\/blog.vida.at\/pensionisten\/wp-content\/uploads\/sites\/10\/2021\/08\/termin.jpg",406,271,false],"ab-block-post-grid-square":["https:\/\/blog.vida.at\/pensionisten\/wp-content\/uploads\/sites\/10\/2021\/08\/termin.jpg",406,271,false],"post-thumbnail":["https:\/\/blog.vida.at\/pensionisten\/wp-content\/uploads\/sites\/10\/2021\/08\/termin.jpg",406,271,false],"awb_sm":["https:\/\/blog.vida.at\/pensionisten\/wp-content\/uploads\/sites\/10\/2021\/08\/termin.jpg",406,271,false],"awb_md":["https:\/\/blog.vida.at\/pensionisten\/wp-content\/uploads\/sites\/10\/2021\/08\/termin.jpg",406,271,false],"awb_lg":["https:\/\/blog.vida.at\/pensionisten\/wp-content\/uploads\/sites\/10\/2021\/08\/termin.jpg",406,271,false],"awb_xl":["https:\/\/blog.vida.at\/pensionisten\/wp-content\/uploads\/sites\/10\/2021\/08\/termin.jpg",406,271,false]},"uagb_author_info":{"display_name":"mariontobola","author_link":"https:\/\/blog.vida.at\/pensionisten\/author\/mariontobola\/"},"uagb_comment_info":0,"uagb_excerpt":"Veranstaltung mit interessanten Angeboten f\u00fcr vida-Mitglieder. Die vida-Pensionist:innen Graz informieren am 28. April mit Expert:innen zum Thema Energie. Sei dabei!","coauthors":[],"tax_additional":{"categories":{"linked":["<a href=\"https:\/\/blog.vida.at\/pensionisten\/category\/aktuelles\/\" class=\"advgb-post-tax-term\">Aktuelles<\/a>","<a href=\"https:\/\/blog.vida.at\/pensionisten\/category\/allgemein\/\" class=\"advgb-post-tax-term\">Allgemein<\/a>","<a href=\"https:\/\/blog.vida.at\/pensionisten\/category\/ortsgruppen\/\" class=\"advgb-post-tax-term\">Ortsgruppen<\/a>","<a href=\"https:\/\/blog.vida.at\/pensionisten\/category\/ortsgruppen\/steiermark\/\" class=\"advgb-post-tax-term\">Steiermark<\/a>","<a href=\"https:\/\/blog.vida.at\/pensionisten\/category\/top-aktuelles\/\" class=\"advgb-post-tax-term\">Top Aktuelles<\/a>","<a href=\"https:\/\/blog.vida.at\/pensionisten\/category\/top-veranstaltungen\/\" class=\"advgb-post-tax-term\">Top Veranstaltungen<\/a>","<a href=\"https:\/\/blog.vida.at\/pensionisten\/category\/veranstaltungen\/\" class=\"advgb-post-tax-term\">Veranstaltungen<\/a>"],"unlinked":["<span class=\"advgb-post-tax-term\">Aktuelles<\/span>","<span class=\"advgb-post-tax-term\">Allgemein<\/span>","<span class=\"advgb-post-tax-term\">Ortsgruppen<\/span>","<span class=\"advgb-post-tax-term\">Steiermark<\/span>","<span class=\"advgb-post-tax-term\">Top Aktuelles<\/span>","<span class=\"advgb-post-tax-term\">Top Veranstaltungen<\/span>","<span class=\"advgb-post-tax-term\">Veranstaltungen<\/span>"]}},"comment_count":"0","relative_dates":{"created":"Ver\u00f6ffentlicht 1\u00a0Jahr vor","modified":"Aktualisiert 1\u00a0Jahr vor"},"absolute_dates":{"created":"Ver\u00f6ffentlicht am 3. M\u00e4rz 2025","modified":"Aktualisiert am 6. M\u00e4rz 2025"},"absolute_dates_time":{"created":"Ver\u00f6ffentlicht am 3. M\u00e4rz 2025 14:31","modified":"Aktualisiert am 6. M\u00e4rz 2025 14:35"},"featured_img_caption":"","series_order":"","_links":{"self":[{"href":"https:\/\/blog.vida.at\/pensionisten\/wp-json\/wp\/v2\/posts\/10382","targetHints":{"allow":["GET"]}}],"collection":[{"href":"https:\/\/blog.vida.at\/pensionisten\/wp-json\/wp\/v2\/posts"}],"about":[{"href":"https:\/\/blog.vida.at\/pensionisten\/wp-json\/wp\/v2\/types\/post"}],"author":[{"embeddable":true,"href":"https:\/\/blog.vida.at\/pensionisten\/wp-json\/wp\/v2\/users\/8"}],"replies":[{"embeddable":true,"href":"https:\/\/blog.vida.at\/pensionisten\/wp-json\/wp\/v2\/comments?post=10382"}],"version-history":[{"count":5,"href":"https:\/\/blog.vida.at\/pensionisten\/wp-json\/wp\/v2\/posts\/10382\/revisions"}],"predecessor-version":[{"id":10388,"href":"https:\/\/blog.vida.at\/pensionisten\/wp-json\/wp\/v2\/posts\/10382\/revisions\/10388"}],"wp:featuredmedia":[{"embeddable":true,"href":"https:\/\/blog.vida.at\/pensionisten\/wp-json\/wp\/v2\/media\/2748"}],"wp:attachment":[{"href":"https:\/\/blog.vida.at\/pensionisten\/wp-json\/wp\/v2\/media?parent=10382"}],"wp:term":[{"taxonomy":"category","embeddable":true,"href":"https:\/\/blog.vida.at\/pensionisten\/wp-json\/wp\/v2\/categories?post=10382"},{"taxonomy":"post_tag","embeddable":true,"href":"https:\/\/blog.vida.at\/pensionisten\/wp-json\/wp\/v2\/tags?post=10382"},{"taxonomy":"Orte","embeddable":true,"href":"https:\/\/blog.vida.at\/pensionisten\/wp-json\/wp\/v2\/Orte?post=10382"},{"taxonomy":"activitytype","embeddable":true,"href":"https:\/\/blog.vida.at\/pensionisten\/wp-json\/wp\/v2\/activitytype?post=10382"}],"curies":[{"name":"wp","href":"https:\/\/api.w.org\/{rel}","templated":true}]}}