
{"id":10394,"date":"2025-03-10T15:45:30","date_gmt":"2025-03-10T14:45:30","guid":{"rendered":"https:\/\/blog.vida.at\/pensionisten\/?p=10394"},"modified":"2025-03-10T15:45:45","modified_gmt":"2025-03-10T14:45:45","slug":"og-herzogenburg-neulengbach-5","status":"publish","type":"post","link":"https:\/\/blog.vida.at\/pensionisten\/2025\/03\/10\/og-herzogenburg-neulengbach-5\/","title":{"rendered":"OG Herzogenburg\/Neulengbach"},"content":{"rendered":"\n<div class=\"wp-block-group Container\"><div class=\"wp-block-group__inner-container is-layout-flow wp-block-group-is-layout-flow\">\n<h4 class=\"wp-block-heading\">Von Sportaktivit\u00e4ten \u00fcber Pr\u00e4sidiumssitzung bis Stammtische &#8211; wir sind auch 2025 aktiv! <\/h4>\n\n\n\n<br>\n\n\n\n<p><\/p>\n\n\n\n<!--more-->\n\n\n\n<p><\/p>\n\n\n\n<p>Die <strong>vida-OG Herzogenburg\/Neulengbach <\/strong>war im noch jungen Jahr 2025 bereits mit einigen Veranstaltungen aktiv. <\/p>\n\n\n\n<p>Unsere <strong>OG-Nordic-Walking-Crew<\/strong> trifft sich ganzj\u00e4hrig zwei Mal die Woche. Sie ist jeweils Montag und Donnerstag ab 18.30 Uhr ab Bahnhof Herzogenburg etwa eine Stunde in der Umgebung unterwegs.<\/p>\n\n\n\n<p>Unsere <strong>OG-Fahrradcrew<\/strong> beginnt mit ihren Ausfahrten ca. Mitte M\u00e4rz 2025, jeden Donnerstag bei Sch\u00f6nwetter. Start ist jeweils um 9 Uhr beim Steg bei der Traisenbr\u00fccke Herzogenburg.<\/p>\n\n\n\n<p>In diesem Jahr wurden bereits eine <strong>OG-Pr\u00e4sidiumssitzung<\/strong> und <strong>zwei OG-Stammtische<\/strong> abgehalten.<\/p>\n\n\n\n<p>Wir konnten neben 30 Mitgliedern Hansi Hofstetter, OG-Vorsitzender Hainfeld, und Pepi Nessl, OG-Pensionist:innenvorsitzender der OG Krems, bei uns begr\u00fc\u00dfen.<\/p>\n\n\n\n<p>Neben der Ausarbeitung unserer Veranstaltungen in diesem Jahr kamen gute Unterhaltung und Kulinarisches nicht zu kurz. <\/p>\n\n\n\n<p><strong>Wir gratulierten auch unseren Geburtstagskindern herzlich.<\/strong><\/p>\n\n\n\n<p><strong>Jubilare waren OG-Vorsitzender-Stv. Hansi H\u00f6ld, OG-Wanderexperte Pepi Neumayr, OG-Nordic-Walking-Chef Harry Fraberger, Wolfgang Zwicker und Pepi Nessl. <\/strong><\/p>\n\n\n\n<p>Herzlichen Gl\u00fcckwunsch und vielen Dank f\u00fcr eure Treue!<\/p>\n\n\n\n<p><\/p>\n\n\n\n<p><\/p>\n<\/div><\/div>\n\n\n\n<figure class=\"wp-block-gallery has-nested-images columns-default is-cropped wp-block-gallery-1 is-layout-flex wp-block-gallery-is-layout-flex\">\n<figure class=\"wp-block-image size-large\"><img loading=\"lazy\" decoding=\"async\" width=\"1024\" height=\"768\" data-id=\"10398\" src=\"https:\/\/blog.vida.at\/pensionisten\/wp-content\/uploads\/sites\/10\/2025\/03\/1.-OG-Praesidiumssitzung-2025-04.-Jaenn.-2025-1024x768.jpg\" alt=\"\" class=\"wp-image-10398\" srcset=\"https:\/\/blog.vida.at\/pensionisten\/wp-content\/uploads\/sites\/10\/2025\/03\/1.-OG-Praesidiumssitzung-2025-04.-Jaenn.-2025-1024x768.jpg 1024w, https:\/\/blog.vida.at\/pensionisten\/wp-content\/uploads\/sites\/10\/2025\/03\/1.-OG-Praesidiumssitzung-2025-04.-Jaenn.-2025-300x225.jpg 300w, https:\/\/blog.vida.at\/pensionisten\/wp-content\/uploads\/sites\/10\/2025\/03\/1.-OG-Praesidiumssitzung-2025-04.-Jaenn.-2025-768x576.jpg 768w, https:\/\/blog.vida.at\/pensionisten\/wp-content\/uploads\/sites\/10\/2025\/03\/1.-OG-Praesidiumssitzung-2025-04.-Jaenn.-2025-1536x1152.jpg 1536w, https:\/\/blog.vida.at\/pensionisten\/wp-content\/uploads\/sites\/10\/2025\/03\/1.-OG-Praesidiumssitzung-2025-04.-Jaenn.-2025-1568x1176.jpg 1568w, https:\/\/blog.vida.at\/pensionisten\/wp-content\/uploads\/sites\/10\/2025\/03\/1.-OG-Praesidiumssitzung-2025-04.-Jaenn.-2025-500x375.jpg 500w, https:\/\/blog.vida.at\/pensionisten\/wp-content\/uploads\/sites\/10\/2025\/03\/1.-OG-Praesidiumssitzung-2025-04.-Jaenn.-2025-800x600.jpg 800w, https:\/\/blog.vida.at\/pensionisten\/wp-content\/uploads\/sites\/10\/2025\/03\/1.-OG-Praesidiumssitzung-2025-04.-Jaenn.-2025-1280x960.jpg 1280w, https:\/\/blog.vida.at\/pensionisten\/wp-content\/uploads\/sites\/10\/2025\/03\/1.-OG-Praesidiumssitzung-2025-04.-Jaenn.-2025-1920x1440.jpg 1920w, https:\/\/blog.vida.at\/pensionisten\/wp-content\/uploads\/sites\/10\/2025\/03\/1.-OG-Praesidiumssitzung-2025-04.-Jaenn.-2025.jpg 2040w\" sizes=\"auto, (max-width: 1024px) 100vw, 1024px\" \/><figcaption class=\"wp-element-caption\">1. OG-Pr\u00e4sidiumssitzung am 4. J\u00e4nner 2025<\/figcaption><\/figure>\n\n\n\n<figure class=\"wp-block-image size-large\"><img loading=\"lazy\" decoding=\"async\" width=\"1024\" height=\"768\" data-id=\"10395\" src=\"https:\/\/blog.vida.at\/pensionisten\/wp-content\/uploads\/sites\/10\/2025\/03\/04.01.2024-Geb.-Koll.-Johann-Hoeld-1024x768.jpg\" alt=\"\" class=\"wp-image-10395\" srcset=\"https:\/\/blog.vida.at\/pensionisten\/wp-content\/uploads\/sites\/10\/2025\/03\/04.01.2024-Geb.-Koll.-Johann-Hoeld-1024x768.jpg 1024w, https:\/\/blog.vida.at\/pensionisten\/wp-content\/uploads\/sites\/10\/2025\/03\/04.01.2024-Geb.-Koll.-Johann-Hoeld-300x225.jpg 300w, https:\/\/blog.vida.at\/pensionisten\/wp-content\/uploads\/sites\/10\/2025\/03\/04.01.2024-Geb.-Koll.-Johann-Hoeld-768x576.jpg 768w, https:\/\/blog.vida.at\/pensionisten\/wp-content\/uploads\/sites\/10\/2025\/03\/04.01.2024-Geb.-Koll.-Johann-Hoeld-1536x1152.jpg 1536w, https:\/\/blog.vida.at\/pensionisten\/wp-content\/uploads\/sites\/10\/2025\/03\/04.01.2024-Geb.-Koll.-Johann-Hoeld-1568x1176.jpg 1568w, https:\/\/blog.vida.at\/pensionisten\/wp-content\/uploads\/sites\/10\/2025\/03\/04.01.2024-Geb.-Koll.-Johann-Hoeld-500x375.jpg 500w, https:\/\/blog.vida.at\/pensionisten\/wp-content\/uploads\/sites\/10\/2025\/03\/04.01.2024-Geb.-Koll.-Johann-Hoeld-800x600.jpg 800w, https:\/\/blog.vida.at\/pensionisten\/wp-content\/uploads\/sites\/10\/2025\/03\/04.01.2024-Geb.-Koll.-Johann-Hoeld-1280x960.jpg 1280w, https:\/\/blog.vida.at\/pensionisten\/wp-content\/uploads\/sites\/10\/2025\/03\/04.01.2024-Geb.-Koll.-Johann-Hoeld-1920x1440.jpg 1920w, https:\/\/blog.vida.at\/pensionisten\/wp-content\/uploads\/sites\/10\/2025\/03\/04.01.2024-Geb.-Koll.-Johann-Hoeld.jpg 2040w\" sizes=\"auto, (max-width: 1024px) 100vw, 1024px\" \/><figcaption class=\"wp-element-caption\">Geburtstagskind Johann H\u00f6ld<\/figcaption><\/figure>\n\n\n\n<figure class=\"wp-block-image size-large\"><img loading=\"lazy\" decoding=\"async\" width=\"1024\" height=\"768\" data-id=\"10399\" src=\"https:\/\/blog.vida.at\/pensionisten\/wp-content\/uploads\/sites\/10\/2025\/03\/04.01.2025-Geb.-Koll.-Johann-Hoeld-mit-Gast-Hansi-Hofstetter-1024x768.jpg\" alt=\"\" class=\"wp-image-10399\" srcset=\"https:\/\/blog.vida.at\/pensionisten\/wp-content\/uploads\/sites\/10\/2025\/03\/04.01.2025-Geb.-Koll.-Johann-Hoeld-mit-Gast-Hansi-Hofstetter-1024x768.jpg 1024w, https:\/\/blog.vida.at\/pensionisten\/wp-content\/uploads\/sites\/10\/2025\/03\/04.01.2025-Geb.-Koll.-Johann-Hoeld-mit-Gast-Hansi-Hofstetter-300x225.jpg 300w, https:\/\/blog.vida.at\/pensionisten\/wp-content\/uploads\/sites\/10\/2025\/03\/04.01.2025-Geb.-Koll.-Johann-Hoeld-mit-Gast-Hansi-Hofstetter-768x576.jpg 768w, https:\/\/blog.vida.at\/pensionisten\/wp-content\/uploads\/sites\/10\/2025\/03\/04.01.2025-Geb.-Koll.-Johann-Hoeld-mit-Gast-Hansi-Hofstetter-1536x1152.jpg 1536w, https:\/\/blog.vida.at\/pensionisten\/wp-content\/uploads\/sites\/10\/2025\/03\/04.01.2025-Geb.-Koll.-Johann-Hoeld-mit-Gast-Hansi-Hofstetter-1568x1176.jpg 1568w, https:\/\/blog.vida.at\/pensionisten\/wp-content\/uploads\/sites\/10\/2025\/03\/04.01.2025-Geb.-Koll.-Johann-Hoeld-mit-Gast-Hansi-Hofstetter-500x375.jpg 500w, https:\/\/blog.vida.at\/pensionisten\/wp-content\/uploads\/sites\/10\/2025\/03\/04.01.2025-Geb.-Koll.-Johann-Hoeld-mit-Gast-Hansi-Hofstetter-800x600.jpg 800w, https:\/\/blog.vida.at\/pensionisten\/wp-content\/uploads\/sites\/10\/2025\/03\/04.01.2025-Geb.-Koll.-Johann-Hoeld-mit-Gast-Hansi-Hofstetter-1280x960.jpg 1280w, https:\/\/blog.vida.at\/pensionisten\/wp-content\/uploads\/sites\/10\/2025\/03\/04.01.2025-Geb.-Koll.-Johann-Hoeld-mit-Gast-Hansi-Hofstetter-1920x1440.jpg 1920w, https:\/\/blog.vida.at\/pensionisten\/wp-content\/uploads\/sites\/10\/2025\/03\/04.01.2025-Geb.-Koll.-Johann-Hoeld-mit-Gast-Hansi-Hofstetter.jpg 2040w\" sizes=\"auto, (max-width: 1024px) 100vw, 1024px\" \/><figcaption class=\"wp-element-caption\">Geburtstagskind Johann H\u00f6ld mit Gast Hansi Hofstetter<\/figcaption><\/figure>\n\n\n\n<figure class=\"wp-block-image size-large\"><img loading=\"lazy\" decoding=\"async\" width=\"1024\" height=\"768\" data-id=\"10397\" src=\"https:\/\/blog.vida.at\/pensionisten\/wp-content\/uploads\/sites\/10\/2025\/03\/49.-OG-Stammtisch-05.02.2025-1024x768.jpg\" alt=\"\" class=\"wp-image-10397\" srcset=\"https:\/\/blog.vida.at\/pensionisten\/wp-content\/uploads\/sites\/10\/2025\/03\/49.-OG-Stammtisch-05.02.2025-1024x768.jpg 1024w, https:\/\/blog.vida.at\/pensionisten\/wp-content\/uploads\/sites\/10\/2025\/03\/49.-OG-Stammtisch-05.02.2025-300x225.jpg 300w, https:\/\/blog.vida.at\/pensionisten\/wp-content\/uploads\/sites\/10\/2025\/03\/49.-OG-Stammtisch-05.02.2025-768x576.jpg 768w, https:\/\/blog.vida.at\/pensionisten\/wp-content\/uploads\/sites\/10\/2025\/03\/49.-OG-Stammtisch-05.02.2025-1536x1152.jpg 1536w, https:\/\/blog.vida.at\/pensionisten\/wp-content\/uploads\/sites\/10\/2025\/03\/49.-OG-Stammtisch-05.02.2025-1568x1176.jpg 1568w, https:\/\/blog.vida.at\/pensionisten\/wp-content\/uploads\/sites\/10\/2025\/03\/49.-OG-Stammtisch-05.02.2025-500x375.jpg 500w, https:\/\/blog.vida.at\/pensionisten\/wp-content\/uploads\/sites\/10\/2025\/03\/49.-OG-Stammtisch-05.02.2025-800x600.jpg 800w, https:\/\/blog.vida.at\/pensionisten\/wp-content\/uploads\/sites\/10\/2025\/03\/49.-OG-Stammtisch-05.02.2025-1280x960.jpg 1280w, https:\/\/blog.vida.at\/pensionisten\/wp-content\/uploads\/sites\/10\/2025\/03\/49.-OG-Stammtisch-05.02.2025-1920x1440.jpg 1920w, https:\/\/blog.vida.at\/pensionisten\/wp-content\/uploads\/sites\/10\/2025\/03\/49.-OG-Stammtisch-05.02.2025.jpg 2040w\" sizes=\"auto, (max-width: 1024px) 100vw, 1024px\" \/><figcaption class=\"wp-element-caption\">OG-Stammtisch am 5. Februar 2025<\/figcaption><\/figure>\n\n\n\n<figure class=\"wp-block-image size-large\"><img loading=\"lazy\" decoding=\"async\" width=\"1024\" height=\"768\" data-id=\"10396\" src=\"https:\/\/blog.vida.at\/pensionisten\/wp-content\/uploads\/sites\/10\/2025\/03\/49.-OG-Stammtisch-Geburtstagskinder-Pepi-Nessl-Gast-Harry-Fraberger-Pepi-Neumayr-VS.-GH-1024x768.jpg\" alt=\"\" class=\"wp-image-10396\" srcset=\"https:\/\/blog.vida.at\/pensionisten\/wp-content\/uploads\/sites\/10\/2025\/03\/49.-OG-Stammtisch-Geburtstagskinder-Pepi-Nessl-Gast-Harry-Fraberger-Pepi-Neumayr-VS.-GH-1024x768.jpg 1024w, https:\/\/blog.vida.at\/pensionisten\/wp-content\/uploads\/sites\/10\/2025\/03\/49.-OG-Stammtisch-Geburtstagskinder-Pepi-Nessl-Gast-Harry-Fraberger-Pepi-Neumayr-VS.-GH-300x225.jpg 300w, https:\/\/blog.vida.at\/pensionisten\/wp-content\/uploads\/sites\/10\/2025\/03\/49.-OG-Stammtisch-Geburtstagskinder-Pepi-Nessl-Gast-Harry-Fraberger-Pepi-Neumayr-VS.-GH-768x576.jpg 768w, https:\/\/blog.vida.at\/pensionisten\/wp-content\/uploads\/sites\/10\/2025\/03\/49.-OG-Stammtisch-Geburtstagskinder-Pepi-Nessl-Gast-Harry-Fraberger-Pepi-Neumayr-VS.-GH-1536x1152.jpg 1536w, https:\/\/blog.vida.at\/pensionisten\/wp-content\/uploads\/sites\/10\/2025\/03\/49.-OG-Stammtisch-Geburtstagskinder-Pepi-Nessl-Gast-Harry-Fraberger-Pepi-Neumayr-VS.-GH-1568x1176.jpg 1568w, https:\/\/blog.vida.at\/pensionisten\/wp-content\/uploads\/sites\/10\/2025\/03\/49.-OG-Stammtisch-Geburtstagskinder-Pepi-Nessl-Gast-Harry-Fraberger-Pepi-Neumayr-VS.-GH-500x375.jpg 500w, https:\/\/blog.vida.at\/pensionisten\/wp-content\/uploads\/sites\/10\/2025\/03\/49.-OG-Stammtisch-Geburtstagskinder-Pepi-Nessl-Gast-Harry-Fraberger-Pepi-Neumayr-VS.-GH-800x600.jpg 800w, https:\/\/blog.vida.at\/pensionisten\/wp-content\/uploads\/sites\/10\/2025\/03\/49.-OG-Stammtisch-Geburtstagskinder-Pepi-Nessl-Gast-Harry-Fraberger-Pepi-Neumayr-VS.-GH-1280x960.jpg 1280w, https:\/\/blog.vida.at\/pensionisten\/wp-content\/uploads\/sites\/10\/2025\/03\/49.-OG-Stammtisch-Geburtstagskinder-Pepi-Nessl-Gast-Harry-Fraberger-Pepi-Neumayr-VS.-GH-1920x1440.jpg 1920w, https:\/\/blog.vida.at\/pensionisten\/wp-content\/uploads\/sites\/10\/2025\/03\/49.-OG-Stammtisch-Geburtstagskinder-Pepi-Nessl-Gast-Harry-Fraberger-Pepi-Neumayr-VS.-GH.jpg 2040w\" sizes=\"auto, (max-width: 1024px) 100vw, 1024px\" \/><figcaption class=\"wp-element-caption\">Geburtstagskinder Pepi Nessl  Harry Fraberger, Pepi Neumayr<\/figcaption><\/figure>\n\n\n\n<figure class=\"wp-block-image size-large\"><img loading=\"lazy\" decoding=\"async\" width=\"1024\" height=\"768\" data-id=\"10400\" src=\"https:\/\/blog.vida.at\/pensionisten\/wp-content\/uploads\/sites\/10\/2025\/03\/Geb.-Koll.-Wolfgang-Zwicker-1024x768.jpg\" alt=\"\" class=\"wp-image-10400\" srcset=\"https:\/\/blog.vida.at\/pensionisten\/wp-content\/uploads\/sites\/10\/2025\/03\/Geb.-Koll.-Wolfgang-Zwicker-1024x768.jpg 1024w, https:\/\/blog.vida.at\/pensionisten\/wp-content\/uploads\/sites\/10\/2025\/03\/Geb.-Koll.-Wolfgang-Zwicker-300x225.jpg 300w, https:\/\/blog.vida.at\/pensionisten\/wp-content\/uploads\/sites\/10\/2025\/03\/Geb.-Koll.-Wolfgang-Zwicker-768x576.jpg 768w, https:\/\/blog.vida.at\/pensionisten\/wp-content\/uploads\/sites\/10\/2025\/03\/Geb.-Koll.-Wolfgang-Zwicker-1536x1152.jpg 1536w, https:\/\/blog.vida.at\/pensionisten\/wp-content\/uploads\/sites\/10\/2025\/03\/Geb.-Koll.-Wolfgang-Zwicker-1568x1176.jpg 1568w, https:\/\/blog.vida.at\/pensionisten\/wp-content\/uploads\/sites\/10\/2025\/03\/Geb.-Koll.-Wolfgang-Zwicker-500x375.jpg 500w, https:\/\/blog.vida.at\/pensionisten\/wp-content\/uploads\/sites\/10\/2025\/03\/Geb.-Koll.-Wolfgang-Zwicker-800x600.jpg 800w, https:\/\/blog.vida.at\/pensionisten\/wp-content\/uploads\/sites\/10\/2025\/03\/Geb.-Koll.-Wolfgang-Zwicker-1280x960.jpg 1280w, https:\/\/blog.vida.at\/pensionisten\/wp-content\/uploads\/sites\/10\/2025\/03\/Geb.-Koll.-Wolfgang-Zwicker-1920x1440.jpg 1920w, https:\/\/blog.vida.at\/pensionisten\/wp-content\/uploads\/sites\/10\/2025\/03\/Geb.-Koll.-Wolfgang-Zwicker.jpg 2040w\" sizes=\"auto, (max-width: 1024px) 100vw, 1024px\" \/><figcaption class=\"wp-element-caption\">Geburtstagskind Wolfgang Zwicker<\/figcaption><\/figure>\n<\/figure>\n\n\n\n<p><\/p>\n","protected":false},"excerpt":{"rendered":"<p>Von Sportaktivit\u00e4ten \u00fcber Pr\u00e4sidiumssitzung bis Stammtische &#8211; wir sind auch 2025 aktiv!<\/p>\n","protected":false},"author":8,"featured_media":10401,"comment_status":"open","ping_status":"open","sticky":false,"template":"","format":"standard","meta":{"_uag_custom_page_level_css":"","advgb_blocks_editor_width":"","advgb_blocks_columns_visual_guide":"","footnotes":""},"categories":[1,59,49],"tags":[],"Orte":[],"activitytype":[],"class_list":["post-10394","post","type-post","status-publish","format-standard","has-post-thumbnail","hentry","category-allgemein","category-og-herzogenburg","category-ortsgruppen","entry"],"featured_image_urls":{"full":["https:\/\/blog.vida.at\/pensionisten\/wp-content\/uploads\/sites\/10\/2025\/03\/04.01.2025-Geb.-Koll.-Johann-Hoeld-mit-Gast-Hansi-Hofstetter-1.jpg",1842,1228,false],"thumbnail":["https:\/\/blog.vida.at\/pensionisten\/wp-content\/uploads\/sites\/10\/2025\/03\/04.01.2025-Geb.-Koll.-Johann-Hoeld-mit-Gast-Hansi-Hofstetter-1-150x150.jpg",150,150,true],"medium":["https:\/\/blog.vida.at\/pensionisten\/wp-content\/uploads\/sites\/10\/2025\/03\/04.01.2025-Geb.-Koll.-Johann-Hoeld-mit-Gast-Hansi-Hofstetter-1-300x200.jpg",300,200,true],"medium_large":["https:\/\/blog.vida.at\/pensionisten\/wp-content\/uploads\/sites\/10\/2025\/03\/04.01.2025-Geb.-Koll.-Johann-Hoeld-mit-Gast-Hansi-Hofstetter-1-768x512.jpg",640,427,true],"large":["https:\/\/blog.vida.at\/pensionisten\/wp-content\/uploads\/sites\/10\/2025\/03\/04.01.2025-Geb.-Koll.-Johann-Hoeld-mit-Gast-Hansi-Hofstetter-1-1024x683.jpg",640,427,true],"1536x1536":["https:\/\/blog.vida.at\/pensionisten\/wp-content\/uploads\/sites\/10\/2025\/03\/04.01.2025-Geb.-Koll.-Johann-Hoeld-mit-Gast-Hansi-Hofstetter-1-1536x1024.jpg",1536,1024,true],"2048x2048":["https:\/\/blog.vida.at\/pensionisten\/wp-content\/uploads\/sites\/10\/2025\/03\/04.01.2025-Geb.-Koll.-Johann-Hoeld-mit-Gast-Hansi-Hofstetter-1.jpg",1842,1228,false],"ab-block-post-grid-landscape":["https:\/\/blog.vida.at\/pensionisten\/wp-content\/uploads\/sites\/10\/2025\/03\/04.01.2025-Geb.-Koll.-Johann-Hoeld-mit-Gast-Hansi-Hofstetter-1-600x400.jpg",600,400,true],"ab-block-post-grid-square":["https:\/\/blog.vida.at\/pensionisten\/wp-content\/uploads\/sites\/10\/2025\/03\/04.01.2025-Geb.-Koll.-Johann-Hoeld-mit-Gast-Hansi-Hofstetter-1-600x600.jpg",600,600,true],"post-thumbnail":["https:\/\/blog.vida.at\/pensionisten\/wp-content\/uploads\/sites\/10\/2025\/03\/04.01.2025-Geb.-Koll.-Johann-Hoeld-mit-Gast-Hansi-Hofstetter-1-1568x1045.jpg",1568,1045,true],"awb_sm":["https:\/\/blog.vida.at\/pensionisten\/wp-content\/uploads\/sites\/10\/2025\/03\/04.01.2025-Geb.-Koll.-Johann-Hoeld-mit-Gast-Hansi-Hofstetter-1-500x333.jpg",500,333,true],"awb_md":["https:\/\/blog.vida.at\/pensionisten\/wp-content\/uploads\/sites\/10\/2025\/03\/04.01.2025-Geb.-Koll.-Johann-Hoeld-mit-Gast-Hansi-Hofstetter-1-800x533.jpg",800,533,true],"awb_lg":["https:\/\/blog.vida.at\/pensionisten\/wp-content\/uploads\/sites\/10\/2025\/03\/04.01.2025-Geb.-Koll.-Johann-Hoeld-mit-Gast-Hansi-Hofstetter-1-1280x853.jpg",1280,853,true],"awb_xl":["https:\/\/blog.vida.at\/pensionisten\/wp-content\/uploads\/sites\/10\/2025\/03\/04.01.2025-Geb.-Koll.-Johann-Hoeld-mit-Gast-Hansi-Hofstetter-1.jpg",1842,1228,false]},"post_excerpt_stackable":"<p>Von Sportaktivit\u00e4ten \u00fcber Pr\u00e4sidiumssitzung bis Stammtische &#8211; wir sind auch 2025 aktiv! Die vida-OG Herzogenburg\/Neulengbach war im noch jungen Jahr 2025 bereits mit einigen Veranstaltungen aktiv. Unsere OG-Nordic-Walking-Crew trifft sich ganzj\u00e4hrig zwei Mal die Woche. Sie ist jeweils Montag und Donnerstag ab 18.30 Uhr ab Bahnhof Herzogenburg etwa eine Stunde in der Umgebung unterwegs. Unsere OG-Fahrradcrew beginnt mit ihren Ausfahrten ca. Mitte M\u00e4rz 2025, jeden Donnerstag bei Sch\u00f6nwetter. Start ist jeweils um 9 Uhr beim Steg bei der Traisenbr\u00fccke Herzogenburg. In diesem Jahr wurden bereits eine OG-Pr\u00e4sidiumssitzung und zwei OG-Stammtische abgehalten. Wir konnten neben 30 Mitgliedern Hansi Hofstetter, OG-Vorsitzender Hainfeld,&hellip;<\/p>\n","category_list":"<a href=\"https:\/\/blog.vida.at\/pensionisten\/category\/allgemein\/\" rel=\"category tag\">Allgemein<\/a>, <a href=\"https:\/\/blog.vida.at\/pensionisten\/category\/ortsgruppen\/niederoesterreich\/og-herzogenburg\/\" rel=\"category tag\">OG Herzogenburg<\/a>, <a href=\"https:\/\/blog.vida.at\/pensionisten\/category\/ortsgruppen\/\" rel=\"category tag\">Ortsgruppen<\/a>","author_info":{"display_name":"mariontobola","author_link":"https:\/\/blog.vida.at\/pensionisten\/author\/mariontobola\/"},"comments_num":"0 comments","featured_image_urls_v2":{"full":["https:\/\/blog.vida.at\/pensionisten\/wp-content\/uploads\/sites\/10\/2025\/03\/04.01.2025-Geb.-Koll.-Johann-Hoeld-mit-Gast-Hansi-Hofstetter-1.jpg",1842,1228,false],"thumbnail":["https:\/\/blog.vida.at\/pensionisten\/wp-content\/uploads\/sites\/10\/2025\/03\/04.01.2025-Geb.-Koll.-Johann-Hoeld-mit-Gast-Hansi-Hofstetter-1-150x150.jpg",150,150,true],"medium":["https:\/\/blog.vida.at\/pensionisten\/wp-content\/uploads\/sites\/10\/2025\/03\/04.01.2025-Geb.-Koll.-Johann-Hoeld-mit-Gast-Hansi-Hofstetter-1-300x200.jpg",300,200,true],"medium_large":["https:\/\/blog.vida.at\/pensionisten\/wp-content\/uploads\/sites\/10\/2025\/03\/04.01.2025-Geb.-Koll.-Johann-Hoeld-mit-Gast-Hansi-Hofstetter-1-768x512.jpg",640,427,true],"large":["https:\/\/blog.vida.at\/pensionisten\/wp-content\/uploads\/sites\/10\/2025\/03\/04.01.2025-Geb.-Koll.-Johann-Hoeld-mit-Gast-Hansi-Hofstetter-1-1024x683.jpg",640,427,true],"1536x1536":["https:\/\/blog.vida.at\/pensionisten\/wp-content\/uploads\/sites\/10\/2025\/03\/04.01.2025-Geb.-Koll.-Johann-Hoeld-mit-Gast-Hansi-Hofstetter-1-1536x1024.jpg",1536,1024,true],"2048x2048":["https:\/\/blog.vida.at\/pensionisten\/wp-content\/uploads\/sites\/10\/2025\/03\/04.01.2025-Geb.-Koll.-Johann-Hoeld-mit-Gast-Hansi-Hofstetter-1.jpg",1842,1228,false],"ab-block-post-grid-landscape":["https:\/\/blog.vida.at\/pensionisten\/wp-content\/uploads\/sites\/10\/2025\/03\/04.01.2025-Geb.-Koll.-Johann-Hoeld-mit-Gast-Hansi-Hofstetter-1-600x400.jpg",600,400,true],"ab-block-post-grid-square":["https:\/\/blog.vida.at\/pensionisten\/wp-content\/uploads\/sites\/10\/2025\/03\/04.01.2025-Geb.-Koll.-Johann-Hoeld-mit-Gast-Hansi-Hofstetter-1-600x600.jpg",600,600,true],"post-thumbnail":["https:\/\/blog.vida.at\/pensionisten\/wp-content\/uploads\/sites\/10\/2025\/03\/04.01.2025-Geb.-Koll.-Johann-Hoeld-mit-Gast-Hansi-Hofstetter-1-1568x1045.jpg",1568,1045,true],"awb_sm":["https:\/\/blog.vida.at\/pensionisten\/wp-content\/uploads\/sites\/10\/2025\/03\/04.01.2025-Geb.-Koll.-Johann-Hoeld-mit-Gast-Hansi-Hofstetter-1-500x333.jpg",500,333,true],"awb_md":["https:\/\/blog.vida.at\/pensionisten\/wp-content\/uploads\/sites\/10\/2025\/03\/04.01.2025-Geb.-Koll.-Johann-Hoeld-mit-Gast-Hansi-Hofstetter-1-800x533.jpg",800,533,true],"awb_lg":["https:\/\/blog.vida.at\/pensionisten\/wp-content\/uploads\/sites\/10\/2025\/03\/04.01.2025-Geb.-Koll.-Johann-Hoeld-mit-Gast-Hansi-Hofstetter-1-1280x853.jpg",1280,853,true],"awb_xl":["https:\/\/blog.vida.at\/pensionisten\/wp-content\/uploads\/sites\/10\/2025\/03\/04.01.2025-Geb.-Koll.-Johann-Hoeld-mit-Gast-Hansi-Hofstetter-1.jpg",1842,1228,false]},"post_excerpt_stackable_v2":"<p>Von Sportaktivit\u00e4ten \u00fcber Pr\u00e4sidiumssitzung bis Stammtische &#8211; wir sind auch 2025 aktiv! Die vida-OG Herzogenburg\/Neulengbach war im noch jungen Jahr 2025 bereits mit einigen Veranstaltungen aktiv. Unsere OG-Nordic-Walking-Crew trifft sich ganzj\u00e4hrig zwei Mal die Woche. Sie ist jeweils Montag und Donnerstag ab 18.30 Uhr ab Bahnhof Herzogenburg etwa eine Stunde in der Umgebung unterwegs. Unsere OG-Fahrradcrew beginnt mit ihren Ausfahrten ca. Mitte M\u00e4rz 2025, jeden Donnerstag bei Sch\u00f6nwetter. Start ist jeweils um 9 Uhr beim Steg bei der Traisenbr\u00fccke Herzogenburg. In diesem Jahr wurden bereits eine OG-Pr\u00e4sidiumssitzung und zwei OG-Stammtische abgehalten. Wir konnten neben 30 Mitgliedern Hansi Hofstetter, OG-Vorsitzender Hainfeld,&hellip;<\/p>\n","category_list_v2":"<a href=\"https:\/\/blog.vida.at\/pensionisten\/category\/allgemein\/\" rel=\"category tag\">Allgemein<\/a>, <a href=\"https:\/\/blog.vida.at\/pensionisten\/category\/ortsgruppen\/niederoesterreich\/og-herzogenburg\/\" rel=\"category tag\">OG Herzogenburg<\/a>, <a href=\"https:\/\/blog.vida.at\/pensionisten\/category\/ortsgruppen\/\" rel=\"category tag\">Ortsgruppen<\/a>","author_info_v2":{"name":"mariontobola","url":"https:\/\/blog.vida.at\/pensionisten\/author\/mariontobola\/"},"comments_num_v2":"0 comments","yoast_head":"<!-- This site is optimized with the Yoast SEO plugin v27.3 - https:\/\/yoast.com\/product\/yoast-seo-wordpress\/ -->\n<title>OG Herzogenburg\/Neulengbach<\/title>\n<meta name=\"robots\" content=\"index, follow, max-snippet:-1, max-image-preview:large, max-video-preview:-1\" \/>\n<link rel=\"canonical\" href=\"https:\/\/blog.vida.at\/pensionisten\/2025\/03\/10\/og-herzogenburg-neulengbach-5\/\" \/>\n<meta property=\"og:locale\" content=\"de_DE\" \/>\n<meta property=\"og:type\" content=\"article\" \/>\n<meta property=\"og:title\" content=\"OG Herzogenburg\/Neulengbach\" \/>\n<meta property=\"og:description\" content=\"Von Sportaktivit\u00e4ten \u00fcber Pr\u00e4sidiumssitzung bis Stammtische &#8211; wir sind auch 2025 aktiv!\" \/>\n<meta property=\"og:url\" content=\"https:\/\/blog.vida.at\/pensionisten\/2025\/03\/10\/og-herzogenburg-neulengbach-5\/\" \/>\n<meta property=\"og:site_name\" content=\"vida Pensionisten\" \/>\n<meta property=\"article:published_time\" content=\"2025-03-10T14:45:30+00:00\" \/>\n<meta property=\"article:modified_time\" content=\"2025-03-10T14:45:45+00:00\" \/>\n<meta property=\"og:image\" content=\"https:\/\/blog.vida.at\/pensionisten\/wp-content\/uploads\/sites\/10\/2025\/03\/04.01.2025-Geb.-Koll.-Johann-Hoeld-mit-Gast-Hansi-Hofstetter-1.jpg\" \/>\n\t<meta property=\"og:image:width\" content=\"1842\" \/>\n\t<meta property=\"og:image:height\" content=\"1228\" \/>\n\t<meta property=\"og:image:type\" content=\"image\/jpeg\" \/>\n<meta name=\"author\" content=\"mariontobola\" \/>\n<meta name=\"twitter:card\" content=\"summary_large_image\" \/>\n<meta name=\"twitter:label1\" content=\"Verfasst von\" \/>\n\t<meta name=\"twitter:data1\" content=\"mariontobola\" \/>\n\t<meta name=\"twitter:label2\" content=\"Gesch\u00e4tzte Lesezeit\" \/>\n\t<meta name=\"twitter:data2\" content=\"3\u00a0Minuten\" \/>\n<script type=\"application\/ld+json\" class=\"yoast-schema-graph\">{\"@context\":\"https:\\\/\\\/schema.org\",\"@graph\":[{\"@type\":\"Article\",\"@id\":\"https:\\\/\\\/blog.vida.at\\\/pensionisten\\\/2025\\\/03\\\/10\\\/og-herzogenburg-neulengbach-5\\\/#article\",\"isPartOf\":{\"@id\":\"https:\\\/\\\/blog.vida.at\\\/pensionisten\\\/2025\\\/03\\\/10\\\/og-herzogenburg-neulengbach-5\\\/\"},\"author\":{\"name\":\"mariontobola\",\"@id\":\"https:\\\/\\\/blog.vida.at\\\/pensionisten\\\/#\\\/schema\\\/person\\\/88cee3ee93b9afdc51c92f5f63f38b8a\"},\"headline\":\"OG Herzogenburg\\\/Neulengbach\",\"datePublished\":\"2025-03-10T14:45:30+00:00\",\"dateModified\":\"2025-03-10T14:45:45+00:00\",\"mainEntityOfPage\":{\"@id\":\"https:\\\/\\\/blog.vida.at\\\/pensionisten\\\/2025\\\/03\\\/10\\\/og-herzogenburg-neulengbach-5\\\/\"},\"wordCount\":196,\"commentCount\":0,\"image\":{\"@id\":\"https:\\\/\\\/blog.vida.at\\\/pensionisten\\\/2025\\\/03\\\/10\\\/og-herzogenburg-neulengbach-5\\\/#primaryimage\"},\"thumbnailUrl\":\"https:\\\/\\\/blog.vida.at\\\/pensionisten\\\/wp-content\\\/uploads\\\/sites\\\/10\\\/2025\\\/03\\\/04.01.2025-Geb.-Koll.-Johann-Hoeld-mit-Gast-Hansi-Hofstetter-1.jpg\",\"articleSection\":{\"1\":\"OG Herzogenburg\",\"2\":\"Ortsgruppen\"},\"inLanguage\":\"de\",\"potentialAction\":[{\"@type\":\"CommentAction\",\"name\":\"Comment\",\"target\":[\"https:\\\/\\\/blog.vida.at\\\/pensionisten\\\/2025\\\/03\\\/10\\\/og-herzogenburg-neulengbach-5\\\/#respond\"]}]},{\"@type\":\"WebPage\",\"@id\":\"https:\\\/\\\/blog.vida.at\\\/pensionisten\\\/2025\\\/03\\\/10\\\/og-herzogenburg-neulengbach-5\\\/\",\"url\":\"https:\\\/\\\/blog.vida.at\\\/pensionisten\\\/2025\\\/03\\\/10\\\/og-herzogenburg-neulengbach-5\\\/\",\"name\":\"OG Herzogenburg\\\/Neulengbach\",\"isPartOf\":{\"@id\":\"https:\\\/\\\/blog.vida.at\\\/pensionisten\\\/#website\"},\"primaryImageOfPage\":{\"@id\":\"https:\\\/\\\/blog.vida.at\\\/pensionisten\\\/2025\\\/03\\\/10\\\/og-herzogenburg-neulengbach-5\\\/#primaryimage\"},\"image\":{\"@id\":\"https:\\\/\\\/blog.vida.at\\\/pensionisten\\\/2025\\\/03\\\/10\\\/og-herzogenburg-neulengbach-5\\\/#primaryimage\"},\"thumbnailUrl\":\"https:\\\/\\\/blog.vida.at\\\/pensionisten\\\/wp-content\\\/uploads\\\/sites\\\/10\\\/2025\\\/03\\\/04.01.2025-Geb.-Koll.-Johann-Hoeld-mit-Gast-Hansi-Hofstetter-1.jpg\",\"datePublished\":\"2025-03-10T14:45:30+00:00\",\"dateModified\":\"2025-03-10T14:45:45+00:00\",\"author\":{\"@id\":\"https:\\\/\\\/blog.vida.at\\\/pensionisten\\\/#\\\/schema\\\/person\\\/88cee3ee93b9afdc51c92f5f63f38b8a\"},\"breadcrumb\":{\"@id\":\"https:\\\/\\\/blog.vida.at\\\/pensionisten\\\/2025\\\/03\\\/10\\\/og-herzogenburg-neulengbach-5\\\/#breadcrumb\"},\"inLanguage\":\"de\",\"potentialAction\":[{\"@type\":\"ReadAction\",\"target\":[\"https:\\\/\\\/blog.vida.at\\\/pensionisten\\\/2025\\\/03\\\/10\\\/og-herzogenburg-neulengbach-5\\\/\"]}]},{\"@type\":\"ImageObject\",\"inLanguage\":\"de\",\"@id\":\"https:\\\/\\\/blog.vida.at\\\/pensionisten\\\/2025\\\/03\\\/10\\\/og-herzogenburg-neulengbach-5\\\/#primaryimage\",\"url\":\"https:\\\/\\\/blog.vida.at\\\/pensionisten\\\/wp-content\\\/uploads\\\/sites\\\/10\\\/2025\\\/03\\\/04.01.2025-Geb.-Koll.-Johann-Hoeld-mit-Gast-Hansi-Hofstetter-1.jpg\",\"contentUrl\":\"https:\\\/\\\/blog.vida.at\\\/pensionisten\\\/wp-content\\\/uploads\\\/sites\\\/10\\\/2025\\\/03\\\/04.01.2025-Geb.-Koll.-Johann-Hoeld-mit-Gast-Hansi-Hofstetter-1.jpg\",\"width\":1842,\"height\":1228},{\"@type\":\"BreadcrumbList\",\"@id\":\"https:\\\/\\\/blog.vida.at\\\/pensionisten\\\/2025\\\/03\\\/10\\\/og-herzogenburg-neulengbach-5\\\/#breadcrumb\",\"itemListElement\":[{\"@type\":\"ListItem\",\"position\":1,\"name\":\"Startseite\",\"item\":\"https:\\\/\\\/blog.vida.at\\\/pensionisten\\\/\"},{\"@type\":\"ListItem\",\"position\":2,\"name\":\"OG Herzogenburg\\\/Neulengbach\"}]},{\"@type\":\"WebSite\",\"@id\":\"https:\\\/\\\/blog.vida.at\\\/pensionisten\\\/#website\",\"url\":\"https:\\\/\\\/blog.vida.at\\\/pensionisten\\\/\",\"name\":\"vida Pensionisten\",\"description\":\"\",\"potentialAction\":[{\"@type\":\"SearchAction\",\"target\":{\"@type\":\"EntryPoint\",\"urlTemplate\":\"https:\\\/\\\/blog.vida.at\\\/pensionisten\\\/?s={search_term_string}\"},\"query-input\":{\"@type\":\"PropertyValueSpecification\",\"valueRequired\":true,\"valueName\":\"search_term_string\"}}],\"inLanguage\":\"de\"},{\"@type\":\"Person\",\"@id\":\"https:\\\/\\\/blog.vida.at\\\/pensionisten\\\/#\\\/schema\\\/person\\\/88cee3ee93b9afdc51c92f5f63f38b8a\",\"name\":\"mariontobola\",\"image\":{\"@type\":\"ImageObject\",\"inLanguage\":\"de\",\"@id\":\"https:\\\/\\\/secure.gravatar.com\\\/avatar\\\/5d2c516985e4eda61bca05bd3b4359b4358135bd1e1a5b08c539e9cd1edd6528?s=96&d=mm&r=g\",\"url\":\"https:\\\/\\\/secure.gravatar.com\\\/avatar\\\/5d2c516985e4eda61bca05bd3b4359b4358135bd1e1a5b08c539e9cd1edd6528?s=96&d=mm&r=g\",\"contentUrl\":\"https:\\\/\\\/secure.gravatar.com\\\/avatar\\\/5d2c516985e4eda61bca05bd3b4359b4358135bd1e1a5b08c539e9cd1edd6528?s=96&d=mm&r=g\",\"caption\":\"mariontobola\"},\"url\":\"https:\\\/\\\/blog.vida.at\\\/pensionisten\\\/author\\\/mariontobola\\\/\"}]}<\/script>\n<!-- \/ Yoast SEO plugin. -->","yoast_head_json":{"title":"OG Herzogenburg\/Neulengbach","robots":{"index":"index","follow":"follow","max-snippet":"max-snippet:-1","max-image-preview":"max-image-preview:large","max-video-preview":"max-video-preview:-1"},"canonical":"https:\/\/blog.vida.at\/pensionisten\/2025\/03\/10\/og-herzogenburg-neulengbach-5\/","og_locale":"de_DE","og_type":"article","og_title":"OG Herzogenburg\/Neulengbach","og_description":"Von Sportaktivit\u00e4ten \u00fcber Pr\u00e4sidiumssitzung bis Stammtische &#8211; wir sind auch 2025 aktiv!","og_url":"https:\/\/blog.vida.at\/pensionisten\/2025\/03\/10\/og-herzogenburg-neulengbach-5\/","og_site_name":"vida Pensionisten","article_published_time":"2025-03-10T14:45:30+00:00","article_modified_time":"2025-03-10T14:45:45+00:00","og_image":[{"width":1842,"height":1228,"url":"https:\/\/blog.vida.at\/pensionisten\/wp-content\/uploads\/sites\/10\/2025\/03\/04.01.2025-Geb.-Koll.-Johann-Hoeld-mit-Gast-Hansi-Hofstetter-1.jpg","type":"image\/jpeg"}],"author":"mariontobola","twitter_card":"summary_large_image","twitter_misc":{"Verfasst von":"mariontobola","Gesch\u00e4tzte Lesezeit":"3\u00a0Minuten"},"schema":{"@context":"https:\/\/schema.org","@graph":[{"@type":"Article","@id":"https:\/\/blog.vida.at\/pensionisten\/2025\/03\/10\/og-herzogenburg-neulengbach-5\/#article","isPartOf":{"@id":"https:\/\/blog.vida.at\/pensionisten\/2025\/03\/10\/og-herzogenburg-neulengbach-5\/"},"author":{"name":"mariontobola","@id":"https:\/\/blog.vida.at\/pensionisten\/#\/schema\/person\/88cee3ee93b9afdc51c92f5f63f38b8a"},"headline":"OG Herzogenburg\/Neulengbach","datePublished":"2025-03-10T14:45:30+00:00","dateModified":"2025-03-10T14:45:45+00:00","mainEntityOfPage":{"@id":"https:\/\/blog.vida.at\/pensionisten\/2025\/03\/10\/og-herzogenburg-neulengbach-5\/"},"wordCount":196,"commentCount":0,"image":{"@id":"https:\/\/blog.vida.at\/pensionisten\/2025\/03\/10\/og-herzogenburg-neulengbach-5\/#primaryimage"},"thumbnailUrl":"https:\/\/blog.vida.at\/pensionisten\/wp-content\/uploads\/sites\/10\/2025\/03\/04.01.2025-Geb.-Koll.-Johann-Hoeld-mit-Gast-Hansi-Hofstetter-1.jpg","articleSection":{"1":"OG Herzogenburg","2":"Ortsgruppen"},"inLanguage":"de","potentialAction":[{"@type":"CommentAction","name":"Comment","target":["https:\/\/blog.vida.at\/pensionisten\/2025\/03\/10\/og-herzogenburg-neulengbach-5\/#respond"]}]},{"@type":"WebPage","@id":"https:\/\/blog.vida.at\/pensionisten\/2025\/03\/10\/og-herzogenburg-neulengbach-5\/","url":"https:\/\/blog.vida.at\/pensionisten\/2025\/03\/10\/og-herzogenburg-neulengbach-5\/","name":"OG Herzogenburg\/Neulengbach","isPartOf":{"@id":"https:\/\/blog.vida.at\/pensionisten\/#website"},"primaryImageOfPage":{"@id":"https:\/\/blog.vida.at\/pensionisten\/2025\/03\/10\/og-herzogenburg-neulengbach-5\/#primaryimage"},"image":{"@id":"https:\/\/blog.vida.at\/pensionisten\/2025\/03\/10\/og-herzogenburg-neulengbach-5\/#primaryimage"},"thumbnailUrl":"https:\/\/blog.vida.at\/pensionisten\/wp-content\/uploads\/sites\/10\/2025\/03\/04.01.2025-Geb.-Koll.-Johann-Hoeld-mit-Gast-Hansi-Hofstetter-1.jpg","datePublished":"2025-03-10T14:45:30+00:00","dateModified":"2025-03-10T14:45:45+00:00","author":{"@id":"https:\/\/blog.vida.at\/pensionisten\/#\/schema\/person\/88cee3ee93b9afdc51c92f5f63f38b8a"},"breadcrumb":{"@id":"https:\/\/blog.vida.at\/pensionisten\/2025\/03\/10\/og-herzogenburg-neulengbach-5\/#breadcrumb"},"inLanguage":"de","potentialAction":[{"@type":"ReadAction","target":["https:\/\/blog.vida.at\/pensionisten\/2025\/03\/10\/og-herzogenburg-neulengbach-5\/"]}]},{"@type":"ImageObject","inLanguage":"de","@id":"https:\/\/blog.vida.at\/pensionisten\/2025\/03\/10\/og-herzogenburg-neulengbach-5\/#primaryimage","url":"https:\/\/blog.vida.at\/pensionisten\/wp-content\/uploads\/sites\/10\/2025\/03\/04.01.2025-Geb.-Koll.-Johann-Hoeld-mit-Gast-Hansi-Hofstetter-1.jpg","contentUrl":"https:\/\/blog.vida.at\/pensionisten\/wp-content\/uploads\/sites\/10\/2025\/03\/04.01.2025-Geb.-Koll.-Johann-Hoeld-mit-Gast-Hansi-Hofstetter-1.jpg","width":1842,"height":1228},{"@type":"BreadcrumbList","@id":"https:\/\/blog.vida.at\/pensionisten\/2025\/03\/10\/og-herzogenburg-neulengbach-5\/#breadcrumb","itemListElement":[{"@type":"ListItem","position":1,"name":"Startseite","item":"https:\/\/blog.vida.at\/pensionisten\/"},{"@type":"ListItem","position":2,"name":"OG Herzogenburg\/Neulengbach"}]},{"@type":"WebSite","@id":"https:\/\/blog.vida.at\/pensionisten\/#website","url":"https:\/\/blog.vida.at\/pensionisten\/","name":"vida Pensionisten","description":"","potentialAction":[{"@type":"SearchAction","target":{"@type":"EntryPoint","urlTemplate":"https:\/\/blog.vida.at\/pensionisten\/?s={search_term_string}"},"query-input":{"@type":"PropertyValueSpecification","valueRequired":true,"valueName":"search_term_string"}}],"inLanguage":"de"},{"@type":"Person","@id":"https:\/\/blog.vida.at\/pensionisten\/#\/schema\/person\/88cee3ee93b9afdc51c92f5f63f38b8a","name":"mariontobola","image":{"@type":"ImageObject","inLanguage":"de","@id":"https:\/\/secure.gravatar.com\/avatar\/5d2c516985e4eda61bca05bd3b4359b4358135bd1e1a5b08c539e9cd1edd6528?s=96&d=mm&r=g","url":"https:\/\/secure.gravatar.com\/avatar\/5d2c516985e4eda61bca05bd3b4359b4358135bd1e1a5b08c539e9cd1edd6528?s=96&d=mm&r=g","contentUrl":"https:\/\/secure.gravatar.com\/avatar\/5d2c516985e4eda61bca05bd3b4359b4358135bd1e1a5b08c539e9cd1edd6528?s=96&d=mm&r=g","caption":"mariontobola"},"url":"https:\/\/blog.vida.at\/pensionisten\/author\/mariontobola\/"}]}},"author_meta":{"display_name":"mariontobola","author_link":"https:\/\/blog.vida.at\/pensionisten\/author\/mariontobola\/"},"featured_img":"https:\/\/blog.vida.at\/pensionisten\/wp-content\/uploads\/sites\/10\/2025\/03\/04.01.2025-Geb.-Koll.-Johann-Hoeld-mit-Gast-Hansi-Hofstetter-1-300x200.jpg","featured_image_src":"https:\/\/blog.vida.at\/pensionisten\/wp-content\/uploads\/sites\/10\/2025\/03\/04.01.2025-Geb.-Koll.-Johann-Hoeld-mit-Gast-Hansi-Hofstetter-1-600x400.jpg","featured_image_src_square":"https:\/\/blog.vida.at\/pensionisten\/wp-content\/uploads\/sites\/10\/2025\/03\/04.01.2025-Geb.-Koll.-Johann-Hoeld-mit-Gast-Hansi-Hofstetter-1-600x600.jpg","uagb_featured_image_src":{"full":["https:\/\/blog.vida.at\/pensionisten\/wp-content\/uploads\/sites\/10\/2025\/03\/04.01.2025-Geb.-Koll.-Johann-Hoeld-mit-Gast-Hansi-Hofstetter-1.jpg",1842,1228,false],"thumbnail":["https:\/\/blog.vida.at\/pensionisten\/wp-content\/uploads\/sites\/10\/2025\/03\/04.01.2025-Geb.-Koll.-Johann-Hoeld-mit-Gast-Hansi-Hofstetter-1-150x150.jpg",150,150,true],"medium":["https:\/\/blog.vida.at\/pensionisten\/wp-content\/uploads\/sites\/10\/2025\/03\/04.01.2025-Geb.-Koll.-Johann-Hoeld-mit-Gast-Hansi-Hofstetter-1-300x200.jpg",300,200,true],"medium_large":["https:\/\/blog.vida.at\/pensionisten\/wp-content\/uploads\/sites\/10\/2025\/03\/04.01.2025-Geb.-Koll.-Johann-Hoeld-mit-Gast-Hansi-Hofstetter-1-768x512.jpg",640,427,true],"large":["https:\/\/blog.vida.at\/pensionisten\/wp-content\/uploads\/sites\/10\/2025\/03\/04.01.2025-Geb.-Koll.-Johann-Hoeld-mit-Gast-Hansi-Hofstetter-1-1024x683.jpg",640,427,true],"1536x1536":["https:\/\/blog.vida.at\/pensionisten\/wp-content\/uploads\/sites\/10\/2025\/03\/04.01.2025-Geb.-Koll.-Johann-Hoeld-mit-Gast-Hansi-Hofstetter-1-1536x1024.jpg",1536,1024,true],"2048x2048":["https:\/\/blog.vida.at\/pensionisten\/wp-content\/uploads\/sites\/10\/2025\/03\/04.01.2025-Geb.-Koll.-Johann-Hoeld-mit-Gast-Hansi-Hofstetter-1.jpg",1842,1228,false],"ab-block-post-grid-landscape":["https:\/\/blog.vida.at\/pensionisten\/wp-content\/uploads\/sites\/10\/2025\/03\/04.01.2025-Geb.-Koll.-Johann-Hoeld-mit-Gast-Hansi-Hofstetter-1-600x400.jpg",600,400,true],"ab-block-post-grid-square":["https:\/\/blog.vida.at\/pensionisten\/wp-content\/uploads\/sites\/10\/2025\/03\/04.01.2025-Geb.-Koll.-Johann-Hoeld-mit-Gast-Hansi-Hofstetter-1-600x600.jpg",600,600,true],"post-thumbnail":["https:\/\/blog.vida.at\/pensionisten\/wp-content\/uploads\/sites\/10\/2025\/03\/04.01.2025-Geb.-Koll.-Johann-Hoeld-mit-Gast-Hansi-Hofstetter-1-1568x1045.jpg",1568,1045,true],"awb_sm":["https:\/\/blog.vida.at\/pensionisten\/wp-content\/uploads\/sites\/10\/2025\/03\/04.01.2025-Geb.-Koll.-Johann-Hoeld-mit-Gast-Hansi-Hofstetter-1-500x333.jpg",500,333,true],"awb_md":["https:\/\/blog.vida.at\/pensionisten\/wp-content\/uploads\/sites\/10\/2025\/03\/04.01.2025-Geb.-Koll.-Johann-Hoeld-mit-Gast-Hansi-Hofstetter-1-800x533.jpg",800,533,true],"awb_lg":["https:\/\/blog.vida.at\/pensionisten\/wp-content\/uploads\/sites\/10\/2025\/03\/04.01.2025-Geb.-Koll.-Johann-Hoeld-mit-Gast-Hansi-Hofstetter-1-1280x853.jpg",1280,853,true],"awb_xl":["https:\/\/blog.vida.at\/pensionisten\/wp-content\/uploads\/sites\/10\/2025\/03\/04.01.2025-Geb.-Koll.-Johann-Hoeld-mit-Gast-Hansi-Hofstetter-1.jpg",1842,1228,false]},"uagb_author_info":{"display_name":"mariontobola","author_link":"https:\/\/blog.vida.at\/pensionisten\/author\/mariontobola\/"},"uagb_comment_info":0,"uagb_excerpt":"Von Sportaktivit\u00e4ten \u00fcber Pr\u00e4sidiumssitzung bis Stammtische &#8211; wir sind auch 2025 aktiv!","coauthors":[],"tax_additional":{"categories":{"linked":["<a href=\"https:\/\/blog.vida.at\/pensionisten\/category\/allgemein\/\" class=\"advgb-post-tax-term\">Allgemein<\/a>","<a href=\"https:\/\/blog.vida.at\/pensionisten\/category\/ortsgruppen\/niederoesterreich\/og-herzogenburg\/\" class=\"advgb-post-tax-term\">OG Herzogenburg<\/a>","<a href=\"https:\/\/blog.vida.at\/pensionisten\/category\/ortsgruppen\/\" class=\"advgb-post-tax-term\">Ortsgruppen<\/a>"],"unlinked":["<span class=\"advgb-post-tax-term\">Allgemein<\/span>","<span class=\"advgb-post-tax-term\">OG Herzogenburg<\/span>","<span class=\"advgb-post-tax-term\">Ortsgruppen<\/span>"]}},"comment_count":"0","relative_dates":{"created":"Ver\u00f6ffentlicht 1\u00a0Jahr vor","modified":"Aktualisiert 1\u00a0Jahr vor"},"absolute_dates":{"created":"Ver\u00f6ffentlicht am 10. M\u00e4rz 2025","modified":"Aktualisiert am 10. M\u00e4rz 2025"},"absolute_dates_time":{"created":"Ver\u00f6ffentlicht am 10. M\u00e4rz 2025 15:45","modified":"Aktualisiert am 10. M\u00e4rz 2025 15:45"},"featured_img_caption":"","series_order":"","_links":{"self":[{"href":"https:\/\/blog.vida.at\/pensionisten\/wp-json\/wp\/v2\/posts\/10394","targetHints":{"allow":["GET"]}}],"collection":[{"href":"https:\/\/blog.vida.at\/pensionisten\/wp-json\/wp\/v2\/posts"}],"about":[{"href":"https:\/\/blog.vida.at\/pensionisten\/wp-json\/wp\/v2\/types\/post"}],"author":[{"embeddable":true,"href":"https:\/\/blog.vida.at\/pensionisten\/wp-json\/wp\/v2\/users\/8"}],"replies":[{"embeddable":true,"href":"https:\/\/blog.vida.at\/pensionisten\/wp-json\/wp\/v2\/comments?post=10394"}],"version-history":[{"count":2,"href":"https:\/\/blog.vida.at\/pensionisten\/wp-json\/wp\/v2\/posts\/10394\/revisions"}],"predecessor-version":[{"id":10403,"href":"https:\/\/blog.vida.at\/pensionisten\/wp-json\/wp\/v2\/posts\/10394\/revisions\/10403"}],"wp:featuredmedia":[{"embeddable":true,"href":"https:\/\/blog.vida.at\/pensionisten\/wp-json\/wp\/v2\/media\/10401"}],"wp:attachment":[{"href":"https:\/\/blog.vida.at\/pensionisten\/wp-json\/wp\/v2\/media?parent=10394"}],"wp:term":[{"taxonomy":"category","embeddable":true,"href":"https:\/\/blog.vida.at\/pensionisten\/wp-json\/wp\/v2\/categories?post=10394"},{"taxonomy":"post_tag","embeddable":true,"href":"https:\/\/blog.vida.at\/pensionisten\/wp-json\/wp\/v2\/tags?post=10394"},{"taxonomy":"Orte","embeddable":true,"href":"https:\/\/blog.vida.at\/pensionisten\/wp-json\/wp\/v2\/Orte?post=10394"},{"taxonomy":"activitytype","embeddable":true,"href":"https:\/\/blog.vida.at\/pensionisten\/wp-json\/wp\/v2\/activitytype?post=10394"}],"curies":[{"name":"wp","href":"https:\/\/api.w.org\/{rel}","templated":true}]}}