
{"id":10662,"date":"2025-04-20T19:40:04","date_gmt":"2025-04-20T17:40:04","guid":{"rendered":"https:\/\/blog.vida.at\/pensionisten\/?p=10662"},"modified":"2025-04-20T19:40:54","modified_gmt":"2025-04-20T17:40:54","slug":"sei-dabei-beim-seniorinnentag","status":"publish","type":"post","link":"https:\/\/blog.vida.at\/pensionisten\/2025\/04\/20\/sei-dabei-beim-seniorinnentag\/","title":{"rendered":"Sei dabei beim Senior:innentag"},"content":{"rendered":"\n<div class=\"wp-block-group Container\"><div class=\"wp-block-group__inner-container is-layout-flow wp-block-group-is-layout-flow\">\n<p>Die <strong>Stadt Wien<\/strong> l\u00e4dt am <strong>23. April 2025<\/strong> ins <strong>Wiener Rathaus<\/strong> ein.<\/p>\n\n\n\n<p>Mehr als <strong>50 Aussteller:innen<\/strong>, ein vielf\u00e4ltiges <strong>Informationsangebot<\/strong>, <strong>Expert:innen<\/strong>, <strong>Unterhaltung <\/strong>und mehr warten auf dich &#8211; <strong>Eintritt ist frei!<\/strong><\/p>\n\n\n\n<!--more-->\n\n\n\n<p>Beim <strong><a href=\"https:\/\/www.seniorinnen.wien\/p\/seniorinnentag\" target=\"_blank\" rel=\"noreferrer noopener\">Senior:innentag der Stadt Wien<\/a><\/strong> im \u00fcberdachten Arkadenhof im Wiener Rathaus pr\u00e4sentieren mehr als <strong>50 Aussteller:innen<\/strong> ein <strong>vielf\u00e4ltiges Informationsangebot<\/strong>. Informiere dich \u00fcber Themen wie <strong>Wohnen 60+, Pflege &amp; Betreuung, Verkehr &amp; Mobilit\u00e4t, Digitalisierung, Sicherheit, Ehrenamt und vieles mehr<\/strong>. Komme mit <strong>Expert:innen <\/strong>ins Gespr\u00e4ch und nutze vor Ort <strong>praktische Angebote<\/strong> wie zum Beispiel das <strong>Reparaturcaf\u00e9<\/strong>. Hier kannst du unter Anleitung deine defekten Ger\u00e4te reparieren und an einem <strong>N\u00e4hworkshop <\/strong>teilnehmen.<\/p>\n\n\n\n<p><strong>Wann: <\/strong>Mittwoch, 23. April 2025, 11:00 \u2013 17:00 Uhr, Einlass ab 10:30 Uhr<br><strong>Wo:<\/strong> Wiener Rathaus, Volkshalle &amp; Arkadenhof, Zugang \u00fcber Lichtenfelsgasse 2, 1010 Wien<\/p>\n\n\n\n<p><strong><mark style=\"color:#ff0202\" class=\"has-inline-color\">Buntes Programm f\u00fcr dich<\/mark><\/strong><\/p>\n\n\n\n<p>Die Volkshalle wird zur B\u00fchne f\u00fcr beeindruckende Darbietungen von und f\u00fcr Senior:innen. Von <strong>Musik \u00fcber Tanz bis hin zu informativen Vortr\u00e4gen<\/strong> \u2013 das Programm verspricht Unterhaltung und Inspiration.<\/p>\n\n\n\n<p>Der Gesundheitsdienst der Stadt Wien bietet zudem die M\u00f6glichkeit, sich im Rahmen der Veranstaltung unkompliziert und <strong>ohne Voranmeldung impfen<\/strong> zu lassen. Neben dem Team Wien f\u00fcr Senior:innen ist der <strong>Fonds Soziales Wien<\/strong> auch mit dem Beratungszentrum <strong>Pflege und Betreuung,<\/strong> den FSW-Tageszentren, dem <strong>Netzwerk Pflegende Angeh\u00f6rige<\/strong>, den <strong>Community Nurses <\/strong>und der FSW <strong>Schuldenberatung<\/strong> vertreten.<\/p>\n\n\n\n<p><strong>Das gesamte Programm und alle Infos zum Ball findest du <a href=\"https:\/\/www.seniorinnen.wien\/n\/seniorinnentag-2025\" target=\"_blank\" rel=\"noreferrer noopener\">&gt;&gt;&gt; hier!<\/a><\/strong><\/p>\n\n\n\n<div data-wp-interactive=\"core\/file\" class=\"wp-block-file\"><object data-wp-bind--hidden=\"!state.hasPdfPreview\" hidden class=\"wp-block-file__embed\" data=\"https:\/\/blog.vida.at\/pensionisten\/wp-content\/uploads\/sites\/10\/2025\/04\/Buehnenprogramm-SeniorInnentag-2025-im-Wiener-Rathaus.pdf\" type=\"application\/pdf\" style=\"width:100%;height:600px\" aria-label=\"Einbettung von Buehnenprogramm-SeniorInnentag-2025-im-Wiener-Rathaus.\"><\/object><a id=\"wp-block-file--media-2476a817-6106-440d-aae1-804be630cf67\" href=\"https:\/\/blog.vida.at\/pensionisten\/wp-content\/uploads\/sites\/10\/2025\/04\/Buehnenprogramm-SeniorInnentag-2025-im-Wiener-Rathaus.pdf\">Buehnenprogramm-SeniorInnentag-2025-im-Wiener-Rathaus<\/a><a href=\"https:\/\/blog.vida.at\/pensionisten\/wp-content\/uploads\/sites\/10\/2025\/04\/Buehnenprogramm-SeniorInnentag-2025-im-Wiener-Rathaus.pdf\" class=\"wp-block-file__button wp-element-button\" download aria-describedby=\"wp-block-file--media-2476a817-6106-440d-aae1-804be630cf67\">Herunterladen<\/a><\/div>\n<\/div><\/div>\n","protected":false},"excerpt":{"rendered":"<p>Die Stadt Wien l\u00e4dt am 23. April 2025 ins Wiener Rathaus ein. Mehr als 50 Aussteller:innen, ein vielf\u00e4ltiges Informationsangebot, Expert:innen, Unterhaltung und mehr warten auf dich &#8211; Eintritt ist frei!<\/p>\n","protected":false},"author":8,"featured_media":10664,"comment_status":"open","ping_status":"open","sticky":false,"template":"","format":"standard","meta":{"_uag_custom_page_level_css":"","advgb_blocks_editor_width":"","advgb_blocks_columns_visual_guide":"","footnotes":""},"categories":[4,1,49,32,50],"tags":[],"Orte":[],"activitytype":[],"class_list":["post-10662","post","type-post","status-publish","format-standard","has-post-thumbnail","hentry","category-aktuelles","category-allgemein","category-ortsgruppen","category-top-aktuelles","category-wien","entry"],"featured_image_urls":{"full":["https:\/\/blog.vida.at\/pensionisten\/wp-content\/uploads\/sites\/10\/2025\/04\/SeniorInnentag-2025-im-Wiener-Rathaus-scaled.jpg",2560,1707,false],"thumbnail":["https:\/\/blog.vida.at\/pensionisten\/wp-content\/uploads\/sites\/10\/2025\/04\/SeniorInnentag-2025-im-Wiener-Rathaus-150x150.jpg",150,150,true],"medium":["https:\/\/blog.vida.at\/pensionisten\/wp-content\/uploads\/sites\/10\/2025\/04\/SeniorInnentag-2025-im-Wiener-Rathaus-300x200.jpg",300,200,true],"medium_large":["https:\/\/blog.vida.at\/pensionisten\/wp-content\/uploads\/sites\/10\/2025\/04\/SeniorInnentag-2025-im-Wiener-Rathaus-768x512.jpg",640,427,true],"large":["https:\/\/blog.vida.at\/pensionisten\/wp-content\/uploads\/sites\/10\/2025\/04\/SeniorInnentag-2025-im-Wiener-Rathaus-1024x683.jpg",640,427,true],"1536x1536":["https:\/\/blog.vida.at\/pensionisten\/wp-content\/uploads\/sites\/10\/2025\/04\/SeniorInnentag-2025-im-Wiener-Rathaus-1536x1024.jpg",1536,1024,true],"2048x2048":["https:\/\/blog.vida.at\/pensionisten\/wp-content\/uploads\/sites\/10\/2025\/04\/SeniorInnentag-2025-im-Wiener-Rathaus-2048x1366.jpg",2048,1366,true],"ab-block-post-grid-landscape":["https:\/\/blog.vida.at\/pensionisten\/wp-content\/uploads\/sites\/10\/2025\/04\/SeniorInnentag-2025-im-Wiener-Rathaus-600x400.jpg",600,400,true],"ab-block-post-grid-square":["https:\/\/blog.vida.at\/pensionisten\/wp-content\/uploads\/sites\/10\/2025\/04\/SeniorInnentag-2025-im-Wiener-Rathaus-600x600.jpg",600,600,true],"post-thumbnail":["https:\/\/blog.vida.at\/pensionisten\/wp-content\/uploads\/sites\/10\/2025\/04\/SeniorInnentag-2025-im-Wiener-Rathaus-1568x1045.jpg",1568,1045,true],"awb_sm":["https:\/\/blog.vida.at\/pensionisten\/wp-content\/uploads\/sites\/10\/2025\/04\/SeniorInnentag-2025-im-Wiener-Rathaus-500x333.jpg",500,333,true],"awb_md":["https:\/\/blog.vida.at\/pensionisten\/wp-content\/uploads\/sites\/10\/2025\/04\/SeniorInnentag-2025-im-Wiener-Rathaus-800x533.jpg",800,533,true],"awb_lg":["https:\/\/blog.vida.at\/pensionisten\/wp-content\/uploads\/sites\/10\/2025\/04\/SeniorInnentag-2025-im-Wiener-Rathaus-1280x853.jpg",1280,853,true],"awb_xl":["https:\/\/blog.vida.at\/pensionisten\/wp-content\/uploads\/sites\/10\/2025\/04\/SeniorInnentag-2025-im-Wiener-Rathaus-1920x1280.jpg",1920,1280,true]},"post_excerpt_stackable":"<p>Die Stadt Wien l\u00e4dt am 23. April 2025 ins Wiener Rathaus ein. Mehr als 50 Aussteller:innen, ein vielf\u00e4ltiges Informationsangebot, Expert:innen, Unterhaltung und mehr warten auf dich &#8211; Eintritt ist frei! Beim Senior:innentag der Stadt Wien im \u00fcberdachten Arkadenhof im Wiener Rathaus pr\u00e4sentieren mehr als 50 Aussteller:innen ein vielf\u00e4ltiges Informationsangebot. Informiere dich \u00fcber Themen wie Wohnen 60+, Pflege &amp; Betreuung, Verkehr &amp; Mobilit\u00e4t, Digitalisierung, Sicherheit, Ehrenamt und vieles mehr. Komme mit Expert:innen ins Gespr\u00e4ch und nutze vor Ort praktische Angebote wie zum Beispiel das Reparaturcaf\u00e9. Hier kannst du unter Anleitung deine defekten Ger\u00e4te reparieren und an einem N\u00e4hworkshop teilnehmen. Wann: Mittwoch,&hellip;<\/p>\n","category_list":"<a href=\"https:\/\/blog.vida.at\/pensionisten\/category\/aktuelles\/\" rel=\"category tag\">Aktuelles<\/a>, <a href=\"https:\/\/blog.vida.at\/pensionisten\/category\/allgemein\/\" rel=\"category tag\">Allgemein<\/a>, <a href=\"https:\/\/blog.vida.at\/pensionisten\/category\/ortsgruppen\/\" rel=\"category tag\">Ortsgruppen<\/a>, <a href=\"https:\/\/blog.vida.at\/pensionisten\/category\/top-aktuelles\/\" rel=\"category tag\">Top Aktuelles<\/a>, <a href=\"https:\/\/blog.vida.at\/pensionisten\/category\/ortsgruppen\/wien\/\" rel=\"category tag\">Wien<\/a>","author_info":{"display_name":"mariontobola","author_link":"https:\/\/blog.vida.at\/pensionisten\/author\/mariontobola\/"},"comments_num":"0 comments","featured_image_urls_v2":{"full":["https:\/\/blog.vida.at\/pensionisten\/wp-content\/uploads\/sites\/10\/2025\/04\/SeniorInnentag-2025-im-Wiener-Rathaus-scaled.jpg",2560,1707,false],"thumbnail":["https:\/\/blog.vida.at\/pensionisten\/wp-content\/uploads\/sites\/10\/2025\/04\/SeniorInnentag-2025-im-Wiener-Rathaus-150x150.jpg",150,150,true],"medium":["https:\/\/blog.vida.at\/pensionisten\/wp-content\/uploads\/sites\/10\/2025\/04\/SeniorInnentag-2025-im-Wiener-Rathaus-300x200.jpg",300,200,true],"medium_large":["https:\/\/blog.vida.at\/pensionisten\/wp-content\/uploads\/sites\/10\/2025\/04\/SeniorInnentag-2025-im-Wiener-Rathaus-768x512.jpg",640,427,true],"large":["https:\/\/blog.vida.at\/pensionisten\/wp-content\/uploads\/sites\/10\/2025\/04\/SeniorInnentag-2025-im-Wiener-Rathaus-1024x683.jpg",640,427,true],"1536x1536":["https:\/\/blog.vida.at\/pensionisten\/wp-content\/uploads\/sites\/10\/2025\/04\/SeniorInnentag-2025-im-Wiener-Rathaus-1536x1024.jpg",1536,1024,true],"2048x2048":["https:\/\/blog.vida.at\/pensionisten\/wp-content\/uploads\/sites\/10\/2025\/04\/SeniorInnentag-2025-im-Wiener-Rathaus-2048x1366.jpg",2048,1366,true],"ab-block-post-grid-landscape":["https:\/\/blog.vida.at\/pensionisten\/wp-content\/uploads\/sites\/10\/2025\/04\/SeniorInnentag-2025-im-Wiener-Rathaus-600x400.jpg",600,400,true],"ab-block-post-grid-square":["https:\/\/blog.vida.at\/pensionisten\/wp-content\/uploads\/sites\/10\/2025\/04\/SeniorInnentag-2025-im-Wiener-Rathaus-600x600.jpg",600,600,true],"post-thumbnail":["https:\/\/blog.vida.at\/pensionisten\/wp-content\/uploads\/sites\/10\/2025\/04\/SeniorInnentag-2025-im-Wiener-Rathaus-1568x1045.jpg",1568,1045,true],"awb_sm":["https:\/\/blog.vida.at\/pensionisten\/wp-content\/uploads\/sites\/10\/2025\/04\/SeniorInnentag-2025-im-Wiener-Rathaus-500x333.jpg",500,333,true],"awb_md":["https:\/\/blog.vida.at\/pensionisten\/wp-content\/uploads\/sites\/10\/2025\/04\/SeniorInnentag-2025-im-Wiener-Rathaus-800x533.jpg",800,533,true],"awb_lg":["https:\/\/blog.vida.at\/pensionisten\/wp-content\/uploads\/sites\/10\/2025\/04\/SeniorInnentag-2025-im-Wiener-Rathaus-1280x853.jpg",1280,853,true],"awb_xl":["https:\/\/blog.vida.at\/pensionisten\/wp-content\/uploads\/sites\/10\/2025\/04\/SeniorInnentag-2025-im-Wiener-Rathaus-1920x1280.jpg",1920,1280,true]},"post_excerpt_stackable_v2":"<p>Die Stadt Wien l\u00e4dt am 23. April 2025 ins Wiener Rathaus ein. Mehr als 50 Aussteller:innen, ein vielf\u00e4ltiges Informationsangebot, Expert:innen, Unterhaltung und mehr warten auf dich &#8211; Eintritt ist frei! Beim Senior:innentag der Stadt Wien im \u00fcberdachten Arkadenhof im Wiener Rathaus pr\u00e4sentieren mehr als 50 Aussteller:innen ein vielf\u00e4ltiges Informationsangebot. Informiere dich \u00fcber Themen wie Wohnen 60+, Pflege &amp; Betreuung, Verkehr &amp; Mobilit\u00e4t, Digitalisierung, Sicherheit, Ehrenamt und vieles mehr. Komme mit Expert:innen ins Gespr\u00e4ch und nutze vor Ort praktische Angebote wie zum Beispiel das Reparaturcaf\u00e9. Hier kannst du unter Anleitung deine defekten Ger\u00e4te reparieren und an einem N\u00e4hworkshop teilnehmen. Wann: Mittwoch,&hellip;<\/p>\n","category_list_v2":"<a href=\"https:\/\/blog.vida.at\/pensionisten\/category\/aktuelles\/\" rel=\"category tag\">Aktuelles<\/a>, <a href=\"https:\/\/blog.vida.at\/pensionisten\/category\/allgemein\/\" rel=\"category tag\">Allgemein<\/a>, <a href=\"https:\/\/blog.vida.at\/pensionisten\/category\/ortsgruppen\/\" rel=\"category tag\">Ortsgruppen<\/a>, <a href=\"https:\/\/blog.vida.at\/pensionisten\/category\/top-aktuelles\/\" rel=\"category tag\">Top Aktuelles<\/a>, <a href=\"https:\/\/blog.vida.at\/pensionisten\/category\/ortsgruppen\/wien\/\" rel=\"category tag\">Wien<\/a>","author_info_v2":{"name":"mariontobola","url":"https:\/\/blog.vida.at\/pensionisten\/author\/mariontobola\/"},"comments_num_v2":"0 comments","yoast_head":"<!-- This site is optimized with the Yoast SEO plugin v27.3 - https:\/\/yoast.com\/product\/yoast-seo-wordpress\/ -->\n<title>Sei dabei beim Senior:innentag<\/title>\n<meta name=\"robots\" content=\"index, follow, max-snippet:-1, max-image-preview:large, max-video-preview:-1\" \/>\n<link rel=\"canonical\" href=\"https:\/\/blog.vida.at\/pensionisten\/2025\/04\/20\/sei-dabei-beim-seniorinnentag\/\" \/>\n<meta property=\"og:locale\" content=\"de_DE\" \/>\n<meta property=\"og:type\" content=\"article\" \/>\n<meta property=\"og:title\" content=\"Sei dabei beim Senior:innentag\" \/>\n<meta property=\"og:description\" content=\"Die Stadt Wien l\u00e4dt am 23. April 2025 ins Wiener Rathaus ein. Mehr als 50 Aussteller:innen, ein vielf\u00e4ltiges Informationsangebot, Expert:innen, Unterhaltung und mehr warten auf dich &#8211; Eintritt ist frei!\" \/>\n<meta property=\"og:url\" content=\"https:\/\/blog.vida.at\/pensionisten\/2025\/04\/20\/sei-dabei-beim-seniorinnentag\/\" \/>\n<meta property=\"og:site_name\" content=\"vida Pensionisten\" \/>\n<meta property=\"article:published_time\" content=\"2025-04-20T17:40:04+00:00\" \/>\n<meta property=\"article:modified_time\" content=\"2025-04-20T17:40:54+00:00\" \/>\n<meta property=\"og:image\" content=\"https:\/\/blog.vida.at\/pensionisten\/wp-content\/uploads\/sites\/10\/2025\/04\/SeniorInnentag-2025-im-Wiener-Rathaus-scaled.jpg\" \/>\n\t<meta property=\"og:image:width\" content=\"2560\" \/>\n\t<meta property=\"og:image:height\" content=\"1707\" \/>\n\t<meta property=\"og:image:type\" content=\"image\/jpeg\" \/>\n<meta name=\"author\" content=\"mariontobola\" \/>\n<meta name=\"twitter:card\" content=\"summary_large_image\" \/>\n<meta name=\"twitter:label1\" content=\"Verfasst von\" \/>\n\t<meta name=\"twitter:data1\" content=\"mariontobola\" \/>\n\t<meta name=\"twitter:label2\" content=\"Gesch\u00e4tzte Lesezeit\" \/>\n\t<meta name=\"twitter:data2\" content=\"2\u00a0Minuten\" \/>\n<script type=\"application\/ld+json\" class=\"yoast-schema-graph\">{\"@context\":\"https:\\\/\\\/schema.org\",\"@graph\":[{\"@type\":\"Article\",\"@id\":\"https:\\\/\\\/blog.vida.at\\\/pensionisten\\\/2025\\\/04\\\/20\\\/sei-dabei-beim-seniorinnentag\\\/#article\",\"isPartOf\":{\"@id\":\"https:\\\/\\\/blog.vida.at\\\/pensionisten\\\/2025\\\/04\\\/20\\\/sei-dabei-beim-seniorinnentag\\\/\"},\"author\":{\"name\":\"mariontobola\",\"@id\":\"https:\\\/\\\/blog.vida.at\\\/pensionisten\\\/#\\\/schema\\\/person\\\/88cee3ee93b9afdc51c92f5f63f38b8a\"},\"headline\":\"Sei dabei beim Senior:innentag\",\"datePublished\":\"2025-04-20T17:40:04+00:00\",\"dateModified\":\"2025-04-20T17:40:54+00:00\",\"mainEntityOfPage\":{\"@id\":\"https:\\\/\\\/blog.vida.at\\\/pensionisten\\\/2025\\\/04\\\/20\\\/sei-dabei-beim-seniorinnentag\\\/\"},\"wordCount\":239,\"commentCount\":0,\"image\":{\"@id\":\"https:\\\/\\\/blog.vida.at\\\/pensionisten\\\/2025\\\/04\\\/20\\\/sei-dabei-beim-seniorinnentag\\\/#primaryimage\"},\"thumbnailUrl\":\"https:\\\/\\\/blog.vida.at\\\/pensionisten\\\/wp-content\\\/uploads\\\/sites\\\/10\\\/2025\\\/04\\\/SeniorInnentag-2025-im-Wiener-Rathaus-scaled.jpg\",\"articleSection\":{\"0\":\"Aktuelles\",\"2\":\"Ortsgruppen\",\"3\":\"Top Aktuelles\",\"4\":\"Wien\"},\"inLanguage\":\"de\",\"potentialAction\":[{\"@type\":\"CommentAction\",\"name\":\"Comment\",\"target\":[\"https:\\\/\\\/blog.vida.at\\\/pensionisten\\\/2025\\\/04\\\/20\\\/sei-dabei-beim-seniorinnentag\\\/#respond\"]}]},{\"@type\":\"WebPage\",\"@id\":\"https:\\\/\\\/blog.vida.at\\\/pensionisten\\\/2025\\\/04\\\/20\\\/sei-dabei-beim-seniorinnentag\\\/\",\"url\":\"https:\\\/\\\/blog.vida.at\\\/pensionisten\\\/2025\\\/04\\\/20\\\/sei-dabei-beim-seniorinnentag\\\/\",\"name\":\"Sei dabei beim Senior:innentag\",\"isPartOf\":{\"@id\":\"https:\\\/\\\/blog.vida.at\\\/pensionisten\\\/#website\"},\"primaryImageOfPage\":{\"@id\":\"https:\\\/\\\/blog.vida.at\\\/pensionisten\\\/2025\\\/04\\\/20\\\/sei-dabei-beim-seniorinnentag\\\/#primaryimage\"},\"image\":{\"@id\":\"https:\\\/\\\/blog.vida.at\\\/pensionisten\\\/2025\\\/04\\\/20\\\/sei-dabei-beim-seniorinnentag\\\/#primaryimage\"},\"thumbnailUrl\":\"https:\\\/\\\/blog.vida.at\\\/pensionisten\\\/wp-content\\\/uploads\\\/sites\\\/10\\\/2025\\\/04\\\/SeniorInnentag-2025-im-Wiener-Rathaus-scaled.jpg\",\"datePublished\":\"2025-04-20T17:40:04+00:00\",\"dateModified\":\"2025-04-20T17:40:54+00:00\",\"author\":{\"@id\":\"https:\\\/\\\/blog.vida.at\\\/pensionisten\\\/#\\\/schema\\\/person\\\/88cee3ee93b9afdc51c92f5f63f38b8a\"},\"breadcrumb\":{\"@id\":\"https:\\\/\\\/blog.vida.at\\\/pensionisten\\\/2025\\\/04\\\/20\\\/sei-dabei-beim-seniorinnentag\\\/#breadcrumb\"},\"inLanguage\":\"de\",\"potentialAction\":[{\"@type\":\"ReadAction\",\"target\":[\"https:\\\/\\\/blog.vida.at\\\/pensionisten\\\/2025\\\/04\\\/20\\\/sei-dabei-beim-seniorinnentag\\\/\"]}]},{\"@type\":\"ImageObject\",\"inLanguage\":\"de\",\"@id\":\"https:\\\/\\\/blog.vida.at\\\/pensionisten\\\/2025\\\/04\\\/20\\\/sei-dabei-beim-seniorinnentag\\\/#primaryimage\",\"url\":\"https:\\\/\\\/blog.vida.at\\\/pensionisten\\\/wp-content\\\/uploads\\\/sites\\\/10\\\/2025\\\/04\\\/SeniorInnentag-2025-im-Wiener-Rathaus-scaled.jpg\",\"contentUrl\":\"https:\\\/\\\/blog.vida.at\\\/pensionisten\\\/wp-content\\\/uploads\\\/sites\\\/10\\\/2025\\\/04\\\/SeniorInnentag-2025-im-Wiener-Rathaus-scaled.jpg\",\"width\":2560,\"height\":1707},{\"@type\":\"BreadcrumbList\",\"@id\":\"https:\\\/\\\/blog.vida.at\\\/pensionisten\\\/2025\\\/04\\\/20\\\/sei-dabei-beim-seniorinnentag\\\/#breadcrumb\",\"itemListElement\":[{\"@type\":\"ListItem\",\"position\":1,\"name\":\"Startseite\",\"item\":\"https:\\\/\\\/blog.vida.at\\\/pensionisten\\\/\"},{\"@type\":\"ListItem\",\"position\":2,\"name\":\"Sei dabei beim Senior:innentag\"}]},{\"@type\":\"WebSite\",\"@id\":\"https:\\\/\\\/blog.vida.at\\\/pensionisten\\\/#website\",\"url\":\"https:\\\/\\\/blog.vida.at\\\/pensionisten\\\/\",\"name\":\"vida Pensionisten\",\"description\":\"\",\"potentialAction\":[{\"@type\":\"SearchAction\",\"target\":{\"@type\":\"EntryPoint\",\"urlTemplate\":\"https:\\\/\\\/blog.vida.at\\\/pensionisten\\\/?s={search_term_string}\"},\"query-input\":{\"@type\":\"PropertyValueSpecification\",\"valueRequired\":true,\"valueName\":\"search_term_string\"}}],\"inLanguage\":\"de\"},{\"@type\":\"Person\",\"@id\":\"https:\\\/\\\/blog.vida.at\\\/pensionisten\\\/#\\\/schema\\\/person\\\/88cee3ee93b9afdc51c92f5f63f38b8a\",\"name\":\"mariontobola\",\"image\":{\"@type\":\"ImageObject\",\"inLanguage\":\"de\",\"@id\":\"https:\\\/\\\/secure.gravatar.com\\\/avatar\\\/5d2c516985e4eda61bca05bd3b4359b4358135bd1e1a5b08c539e9cd1edd6528?s=96&d=mm&r=g\",\"url\":\"https:\\\/\\\/secure.gravatar.com\\\/avatar\\\/5d2c516985e4eda61bca05bd3b4359b4358135bd1e1a5b08c539e9cd1edd6528?s=96&d=mm&r=g\",\"contentUrl\":\"https:\\\/\\\/secure.gravatar.com\\\/avatar\\\/5d2c516985e4eda61bca05bd3b4359b4358135bd1e1a5b08c539e9cd1edd6528?s=96&d=mm&r=g\",\"caption\":\"mariontobola\"},\"url\":\"https:\\\/\\\/blog.vida.at\\\/pensionisten\\\/author\\\/mariontobola\\\/\"}]}<\/script>\n<!-- \/ Yoast SEO plugin. -->","yoast_head_json":{"title":"Sei dabei beim Senior:innentag","robots":{"index":"index","follow":"follow","max-snippet":"max-snippet:-1","max-image-preview":"max-image-preview:large","max-video-preview":"max-video-preview:-1"},"canonical":"https:\/\/blog.vida.at\/pensionisten\/2025\/04\/20\/sei-dabei-beim-seniorinnentag\/","og_locale":"de_DE","og_type":"article","og_title":"Sei dabei beim Senior:innentag","og_description":"Die Stadt Wien l\u00e4dt am 23. April 2025 ins Wiener Rathaus ein. Mehr als 50 Aussteller:innen, ein vielf\u00e4ltiges Informationsangebot, Expert:innen, Unterhaltung und mehr warten auf dich &#8211; Eintritt ist frei!","og_url":"https:\/\/blog.vida.at\/pensionisten\/2025\/04\/20\/sei-dabei-beim-seniorinnentag\/","og_site_name":"vida Pensionisten","article_published_time":"2025-04-20T17:40:04+00:00","article_modified_time":"2025-04-20T17:40:54+00:00","og_image":[{"width":2560,"height":1707,"url":"https:\/\/blog.vida.at\/pensionisten\/wp-content\/uploads\/sites\/10\/2025\/04\/SeniorInnentag-2025-im-Wiener-Rathaus-scaled.jpg","type":"image\/jpeg"}],"author":"mariontobola","twitter_card":"summary_large_image","twitter_misc":{"Verfasst von":"mariontobola","Gesch\u00e4tzte Lesezeit":"2\u00a0Minuten"},"schema":{"@context":"https:\/\/schema.org","@graph":[{"@type":"Article","@id":"https:\/\/blog.vida.at\/pensionisten\/2025\/04\/20\/sei-dabei-beim-seniorinnentag\/#article","isPartOf":{"@id":"https:\/\/blog.vida.at\/pensionisten\/2025\/04\/20\/sei-dabei-beim-seniorinnentag\/"},"author":{"name":"mariontobola","@id":"https:\/\/blog.vida.at\/pensionisten\/#\/schema\/person\/88cee3ee93b9afdc51c92f5f63f38b8a"},"headline":"Sei dabei beim Senior:innentag","datePublished":"2025-04-20T17:40:04+00:00","dateModified":"2025-04-20T17:40:54+00:00","mainEntityOfPage":{"@id":"https:\/\/blog.vida.at\/pensionisten\/2025\/04\/20\/sei-dabei-beim-seniorinnentag\/"},"wordCount":239,"commentCount":0,"image":{"@id":"https:\/\/blog.vida.at\/pensionisten\/2025\/04\/20\/sei-dabei-beim-seniorinnentag\/#primaryimage"},"thumbnailUrl":"https:\/\/blog.vida.at\/pensionisten\/wp-content\/uploads\/sites\/10\/2025\/04\/SeniorInnentag-2025-im-Wiener-Rathaus-scaled.jpg","articleSection":{"0":"Aktuelles","2":"Ortsgruppen","3":"Top Aktuelles","4":"Wien"},"inLanguage":"de","potentialAction":[{"@type":"CommentAction","name":"Comment","target":["https:\/\/blog.vida.at\/pensionisten\/2025\/04\/20\/sei-dabei-beim-seniorinnentag\/#respond"]}]},{"@type":"WebPage","@id":"https:\/\/blog.vida.at\/pensionisten\/2025\/04\/20\/sei-dabei-beim-seniorinnentag\/","url":"https:\/\/blog.vida.at\/pensionisten\/2025\/04\/20\/sei-dabei-beim-seniorinnentag\/","name":"Sei dabei beim Senior:innentag","isPartOf":{"@id":"https:\/\/blog.vida.at\/pensionisten\/#website"},"primaryImageOfPage":{"@id":"https:\/\/blog.vida.at\/pensionisten\/2025\/04\/20\/sei-dabei-beim-seniorinnentag\/#primaryimage"},"image":{"@id":"https:\/\/blog.vida.at\/pensionisten\/2025\/04\/20\/sei-dabei-beim-seniorinnentag\/#primaryimage"},"thumbnailUrl":"https:\/\/blog.vida.at\/pensionisten\/wp-content\/uploads\/sites\/10\/2025\/04\/SeniorInnentag-2025-im-Wiener-Rathaus-scaled.jpg","datePublished":"2025-04-20T17:40:04+00:00","dateModified":"2025-04-20T17:40:54+00:00","author":{"@id":"https:\/\/blog.vida.at\/pensionisten\/#\/schema\/person\/88cee3ee93b9afdc51c92f5f63f38b8a"},"breadcrumb":{"@id":"https:\/\/blog.vida.at\/pensionisten\/2025\/04\/20\/sei-dabei-beim-seniorinnentag\/#breadcrumb"},"inLanguage":"de","potentialAction":[{"@type":"ReadAction","target":["https:\/\/blog.vida.at\/pensionisten\/2025\/04\/20\/sei-dabei-beim-seniorinnentag\/"]}]},{"@type":"ImageObject","inLanguage":"de","@id":"https:\/\/blog.vida.at\/pensionisten\/2025\/04\/20\/sei-dabei-beim-seniorinnentag\/#primaryimage","url":"https:\/\/blog.vida.at\/pensionisten\/wp-content\/uploads\/sites\/10\/2025\/04\/SeniorInnentag-2025-im-Wiener-Rathaus-scaled.jpg","contentUrl":"https:\/\/blog.vida.at\/pensionisten\/wp-content\/uploads\/sites\/10\/2025\/04\/SeniorInnentag-2025-im-Wiener-Rathaus-scaled.jpg","width":2560,"height":1707},{"@type":"BreadcrumbList","@id":"https:\/\/blog.vida.at\/pensionisten\/2025\/04\/20\/sei-dabei-beim-seniorinnentag\/#breadcrumb","itemListElement":[{"@type":"ListItem","position":1,"name":"Startseite","item":"https:\/\/blog.vida.at\/pensionisten\/"},{"@type":"ListItem","position":2,"name":"Sei dabei beim Senior:innentag"}]},{"@type":"WebSite","@id":"https:\/\/blog.vida.at\/pensionisten\/#website","url":"https:\/\/blog.vida.at\/pensionisten\/","name":"vida Pensionisten","description":"","potentialAction":[{"@type":"SearchAction","target":{"@type":"EntryPoint","urlTemplate":"https:\/\/blog.vida.at\/pensionisten\/?s={search_term_string}"},"query-input":{"@type":"PropertyValueSpecification","valueRequired":true,"valueName":"search_term_string"}}],"inLanguage":"de"},{"@type":"Person","@id":"https:\/\/blog.vida.at\/pensionisten\/#\/schema\/person\/88cee3ee93b9afdc51c92f5f63f38b8a","name":"mariontobola","image":{"@type":"ImageObject","inLanguage":"de","@id":"https:\/\/secure.gravatar.com\/avatar\/5d2c516985e4eda61bca05bd3b4359b4358135bd1e1a5b08c539e9cd1edd6528?s=96&d=mm&r=g","url":"https:\/\/secure.gravatar.com\/avatar\/5d2c516985e4eda61bca05bd3b4359b4358135bd1e1a5b08c539e9cd1edd6528?s=96&d=mm&r=g","contentUrl":"https:\/\/secure.gravatar.com\/avatar\/5d2c516985e4eda61bca05bd3b4359b4358135bd1e1a5b08c539e9cd1edd6528?s=96&d=mm&r=g","caption":"mariontobola"},"url":"https:\/\/blog.vida.at\/pensionisten\/author\/mariontobola\/"}]}},"author_meta":{"display_name":"mariontobola","author_link":"https:\/\/blog.vida.at\/pensionisten\/author\/mariontobola\/"},"featured_img":"https:\/\/blog.vida.at\/pensionisten\/wp-content\/uploads\/sites\/10\/2025\/04\/SeniorInnentag-2025-im-Wiener-Rathaus-300x200.jpg","featured_image_src":"https:\/\/blog.vida.at\/pensionisten\/wp-content\/uploads\/sites\/10\/2025\/04\/SeniorInnentag-2025-im-Wiener-Rathaus-600x400.jpg","featured_image_src_square":"https:\/\/blog.vida.at\/pensionisten\/wp-content\/uploads\/sites\/10\/2025\/04\/SeniorInnentag-2025-im-Wiener-Rathaus-600x600.jpg","uagb_featured_image_src":{"full":["https:\/\/blog.vida.at\/pensionisten\/wp-content\/uploads\/sites\/10\/2025\/04\/SeniorInnentag-2025-im-Wiener-Rathaus-scaled.jpg",2560,1707,false],"thumbnail":["https:\/\/blog.vida.at\/pensionisten\/wp-content\/uploads\/sites\/10\/2025\/04\/SeniorInnentag-2025-im-Wiener-Rathaus-150x150.jpg",150,150,true],"medium":["https:\/\/blog.vida.at\/pensionisten\/wp-content\/uploads\/sites\/10\/2025\/04\/SeniorInnentag-2025-im-Wiener-Rathaus-300x200.jpg",300,200,true],"medium_large":["https:\/\/blog.vida.at\/pensionisten\/wp-content\/uploads\/sites\/10\/2025\/04\/SeniorInnentag-2025-im-Wiener-Rathaus-768x512.jpg",640,427,true],"large":["https:\/\/blog.vida.at\/pensionisten\/wp-content\/uploads\/sites\/10\/2025\/04\/SeniorInnentag-2025-im-Wiener-Rathaus-1024x683.jpg",640,427,true],"1536x1536":["https:\/\/blog.vida.at\/pensionisten\/wp-content\/uploads\/sites\/10\/2025\/04\/SeniorInnentag-2025-im-Wiener-Rathaus-1536x1024.jpg",1536,1024,true],"2048x2048":["https:\/\/blog.vida.at\/pensionisten\/wp-content\/uploads\/sites\/10\/2025\/04\/SeniorInnentag-2025-im-Wiener-Rathaus-2048x1366.jpg",2048,1366,true],"ab-block-post-grid-landscape":["https:\/\/blog.vida.at\/pensionisten\/wp-content\/uploads\/sites\/10\/2025\/04\/SeniorInnentag-2025-im-Wiener-Rathaus-600x400.jpg",600,400,true],"ab-block-post-grid-square":["https:\/\/blog.vida.at\/pensionisten\/wp-content\/uploads\/sites\/10\/2025\/04\/SeniorInnentag-2025-im-Wiener-Rathaus-600x600.jpg",600,600,true],"post-thumbnail":["https:\/\/blog.vida.at\/pensionisten\/wp-content\/uploads\/sites\/10\/2025\/04\/SeniorInnentag-2025-im-Wiener-Rathaus-1568x1045.jpg",1568,1045,true],"awb_sm":["https:\/\/blog.vida.at\/pensionisten\/wp-content\/uploads\/sites\/10\/2025\/04\/SeniorInnentag-2025-im-Wiener-Rathaus-500x333.jpg",500,333,true],"awb_md":["https:\/\/blog.vida.at\/pensionisten\/wp-content\/uploads\/sites\/10\/2025\/04\/SeniorInnentag-2025-im-Wiener-Rathaus-800x533.jpg",800,533,true],"awb_lg":["https:\/\/blog.vida.at\/pensionisten\/wp-content\/uploads\/sites\/10\/2025\/04\/SeniorInnentag-2025-im-Wiener-Rathaus-1280x853.jpg",1280,853,true],"awb_xl":["https:\/\/blog.vida.at\/pensionisten\/wp-content\/uploads\/sites\/10\/2025\/04\/SeniorInnentag-2025-im-Wiener-Rathaus-1920x1280.jpg",1920,1280,true]},"uagb_author_info":{"display_name":"mariontobola","author_link":"https:\/\/blog.vida.at\/pensionisten\/author\/mariontobola\/"},"uagb_comment_info":0,"uagb_excerpt":"Die Stadt Wien l\u00e4dt am 23. April 2025 ins Wiener Rathaus ein. Mehr als 50 Aussteller:innen, ein vielf\u00e4ltiges Informationsangebot, Expert:innen, Unterhaltung und mehr warten auf dich &#8211; Eintritt ist frei!","coauthors":[],"tax_additional":{"categories":{"linked":["<a href=\"https:\/\/blog.vida.at\/pensionisten\/category\/aktuelles\/\" class=\"advgb-post-tax-term\">Aktuelles<\/a>","<a href=\"https:\/\/blog.vida.at\/pensionisten\/category\/allgemein\/\" class=\"advgb-post-tax-term\">Allgemein<\/a>","<a href=\"https:\/\/blog.vida.at\/pensionisten\/category\/ortsgruppen\/\" class=\"advgb-post-tax-term\">Ortsgruppen<\/a>","<a href=\"https:\/\/blog.vida.at\/pensionisten\/category\/top-aktuelles\/\" class=\"advgb-post-tax-term\">Top Aktuelles<\/a>","<a href=\"https:\/\/blog.vida.at\/pensionisten\/category\/ortsgruppen\/wien\/\" class=\"advgb-post-tax-term\">Wien<\/a>"],"unlinked":["<span class=\"advgb-post-tax-term\">Aktuelles<\/span>","<span class=\"advgb-post-tax-term\">Allgemein<\/span>","<span class=\"advgb-post-tax-term\">Ortsgruppen<\/span>","<span class=\"advgb-post-tax-term\">Top Aktuelles<\/span>","<span class=\"advgb-post-tax-term\">Wien<\/span>"]}},"comment_count":"0","relative_dates":{"created":"Ver\u00f6ffentlicht 1\u00a0Jahr vor","modified":"Aktualisiert 1\u00a0Jahr vor"},"absolute_dates":{"created":"Ver\u00f6ffentlicht am 20. April 2025","modified":"Aktualisiert am 20. April 2025"},"absolute_dates_time":{"created":"Ver\u00f6ffentlicht am 20. April 2025 19:40","modified":"Aktualisiert am 20. April 2025 19:40"},"featured_img_caption":"","series_order":"","_links":{"self":[{"href":"https:\/\/blog.vida.at\/pensionisten\/wp-json\/wp\/v2\/posts\/10662","targetHints":{"allow":["GET"]}}],"collection":[{"href":"https:\/\/blog.vida.at\/pensionisten\/wp-json\/wp\/v2\/posts"}],"about":[{"href":"https:\/\/blog.vida.at\/pensionisten\/wp-json\/wp\/v2\/types\/post"}],"author":[{"embeddable":true,"href":"https:\/\/blog.vida.at\/pensionisten\/wp-json\/wp\/v2\/users\/8"}],"replies":[{"embeddable":true,"href":"https:\/\/blog.vida.at\/pensionisten\/wp-json\/wp\/v2\/comments?post=10662"}],"version-history":[{"count":2,"href":"https:\/\/blog.vida.at\/pensionisten\/wp-json\/wp\/v2\/posts\/10662\/revisions"}],"predecessor-version":[{"id":10667,"href":"https:\/\/blog.vida.at\/pensionisten\/wp-json\/wp\/v2\/posts\/10662\/revisions\/10667"}],"wp:featuredmedia":[{"embeddable":true,"href":"https:\/\/blog.vida.at\/pensionisten\/wp-json\/wp\/v2\/media\/10664"}],"wp:attachment":[{"href":"https:\/\/blog.vida.at\/pensionisten\/wp-json\/wp\/v2\/media?parent=10662"}],"wp:term":[{"taxonomy":"category","embeddable":true,"href":"https:\/\/blog.vida.at\/pensionisten\/wp-json\/wp\/v2\/categories?post=10662"},{"taxonomy":"post_tag","embeddable":true,"href":"https:\/\/blog.vida.at\/pensionisten\/wp-json\/wp\/v2\/tags?post=10662"},{"taxonomy":"Orte","embeddable":true,"href":"https:\/\/blog.vida.at\/pensionisten\/wp-json\/wp\/v2\/Orte?post=10662"},{"taxonomy":"activitytype","embeddable":true,"href":"https:\/\/blog.vida.at\/pensionisten\/wp-json\/wp\/v2\/activitytype?post=10662"}],"curies":[{"name":"wp","href":"https:\/\/api.w.org\/{rel}","templated":true}]}}