
{"id":10744,"date":"2025-04-29T10:40:29","date_gmt":"2025-04-29T08:40:29","guid":{"rendered":"https:\/\/blog.vida.at\/pensionisten\/?p=10744"},"modified":"2025-04-29T10:55:58","modified_gmt":"2025-04-29T08:55:58","slug":"vida-kaernten-pensionistinnen-auf-tour","status":"publish","type":"post","link":"https:\/\/blog.vida.at\/pensionisten\/2025\/04\/29\/vida-kaernten-pensionistinnen-auf-tour\/","title":{"rendered":"vida K\u00e4rnten-Pensionist:innen auf Tour"},"content":{"rendered":"\n<div class=\"wp-block-group Container\"><div class=\"wp-block-group__inner-container is-layout-flow wp-block-group-is-layout-flow\">\n<h6 class=\"wp-block-heading\">Betriebsbesuch der M\u00fcllverbrennungsanlage in Arndoldstein bei der 1. Landesleitungssitzung 2025.<\/h6>\n\n\n\n<br>\n\n\n\n<p><\/p>\n\n\n\n<!--more-->\n\n\n\n<p>Die <strong>vida-Pensionist:innen K\u00e4rnten<\/strong> verbanden zum ersten Mal ihre Landesleitungssitzung mit einer Betriebsbesichtigung.<\/p>\n\n\n\n<p>Besucht wurde die <a href=\"https:\/\/krv.co.at\/\" target=\"_blank\" rel=\"noreferrer noopener\">K\u00e4rntner Restm\u00fcllverwertungs GmbH<\/a> &#8211; die <strong>M\u00fcllverbrennungsanlage in Arnoldstein<\/strong>.<\/p>\n\n\n\n<figure class=\"wp-block-image alignfull size-large\"><img loading=\"lazy\" decoding=\"async\" width=\"1024\" height=\"683\" src=\"https:\/\/blog.vida.at\/pensionisten\/wp-content\/uploads\/sites\/10\/2025\/04\/vida_Kaernten_Pensionisten_Muellverbrennungsanlage_2025-1024x683.jpg\" alt=\"\" class=\"wp-image-10754\" srcset=\"https:\/\/blog.vida.at\/pensionisten\/wp-content\/uploads\/sites\/10\/2025\/04\/vida_Kaernten_Pensionisten_Muellverbrennungsanlage_2025-1024x683.jpg 1024w, https:\/\/blog.vida.at\/pensionisten\/wp-content\/uploads\/sites\/10\/2025\/04\/vida_Kaernten_Pensionisten_Muellverbrennungsanlage_2025-300x200.jpg 300w, https:\/\/blog.vida.at\/pensionisten\/wp-content\/uploads\/sites\/10\/2025\/04\/vida_Kaernten_Pensionisten_Muellverbrennungsanlage_2025-768x512.jpg 768w, https:\/\/blog.vida.at\/pensionisten\/wp-content\/uploads\/sites\/10\/2025\/04\/vida_Kaernten_Pensionisten_Muellverbrennungsanlage_2025-1536x1024.jpg 1536w, https:\/\/blog.vida.at\/pensionisten\/wp-content\/uploads\/sites\/10\/2025\/04\/vida_Kaernten_Pensionisten_Muellverbrennungsanlage_2025-600x400.jpg 600w, https:\/\/blog.vida.at\/pensionisten\/wp-content\/uploads\/sites\/10\/2025\/04\/vida_Kaernten_Pensionisten_Muellverbrennungsanlage_2025-1568x1045.jpg 1568w, https:\/\/blog.vida.at\/pensionisten\/wp-content\/uploads\/sites\/10\/2025\/04\/vida_Kaernten_Pensionisten_Muellverbrennungsanlage_2025-500x333.jpg 500w, https:\/\/blog.vida.at\/pensionisten\/wp-content\/uploads\/sites\/10\/2025\/04\/vida_Kaernten_Pensionisten_Muellverbrennungsanlage_2025-800x533.jpg 800w, https:\/\/blog.vida.at\/pensionisten\/wp-content\/uploads\/sites\/10\/2025\/04\/vida_Kaernten_Pensionisten_Muellverbrennungsanlage_2025-1280x853.jpg 1280w, https:\/\/blog.vida.at\/pensionisten\/wp-content\/uploads\/sites\/10\/2025\/04\/vida_Kaernten_Pensionisten_Muellverbrennungsanlage_2025-1920x1280.jpg 1920w, https:\/\/blog.vida.at\/pensionisten\/wp-content\/uploads\/sites\/10\/2025\/04\/vida_Kaernten_Pensionisten_Muellverbrennungsanlage_2025.jpg 2048w\" sizes=\"auto, (max-width: 1024px) 100vw, 1024px\" \/><\/figure>\n\n\n\n<p><strong>KVR-Gesch\u00e4ftsf\u00fchrer DI Michael Reitter <\/strong>startete mit einer <strong>Video-Vorf\u00fchrung <\/strong>und einer ausf\u00fchrlicher Erkl\u00e4rung zum <strong>Betriebsablauf<\/strong>. Dabei wurden alle Fragen unserer Kolleg:innen mit gro\u00dfem Engagement und Fachwissen beantwortet.<\/p>\n\n\n\n<p>Danach f\u00fchrte uns DI Michael Reitterer durch den Betrieb, den die Mitglieder der Landesleitung mit gro\u00dfem Interesse verfolgten.<\/p>\n\n\n\n<p>Anschlie\u00dfend an die <strong>2,5-st\u00fcndige F\u00fchrung <\/strong>hielten wir im Gasthof Wallner unsere <strong>1. Landesleitungsitzung des Jahres 2025<\/strong> ab.<\/p>\n\n\n\n<p>Nach einem guten gemeinsamen Essen wurde noch<strong> viel diskutiert und gefachsimpelt<\/strong>, wie es sich bei uns Pensionist:innen so geh\u00f6rt.<\/p>\n\n\n\n<p>An dieser Stelle noch ein<strong> gro\u00dfes DANKE <\/strong>an unseren Kollegen<strong> Johann Haberle<\/strong>, der dies f\u00fcr uns in die Wege geleitet hatte. <\/p>\n<\/div><\/div>\n\n\n\n<figure class=\"wp-block-gallery has-nested-images columns-default is-cropped uag-masonry uagb-block-6e4c694d wp-block-gallery-1 is-layout-flex wp-block-gallery-is-layout-flex\">\n<figure class=\"wp-block-image size-large\"><img loading=\"lazy\" decoding=\"async\" width=\"768\" height=\"1024\" data-id=\"10746\" src=\"https:\/\/blog.vida.at\/pensionisten\/wp-content\/uploads\/sites\/10\/2025\/04\/4dda62af4d91bb84fdf321a4a1fedcf6-768x1024.jpg\" alt=\"\" class=\"wp-image-10746\" srcset=\"https:\/\/blog.vida.at\/pensionisten\/wp-content\/uploads\/sites\/10\/2025\/04\/4dda62af4d91bb84fdf321a4a1fedcf6-768x1024.jpg 768w, https:\/\/blog.vida.at\/pensionisten\/wp-content\/uploads\/sites\/10\/2025\/04\/4dda62af4d91bb84fdf321a4a1fedcf6-225x300.jpg 225w, https:\/\/blog.vida.at\/pensionisten\/wp-content\/uploads\/sites\/10\/2025\/04\/4dda62af4d91bb84fdf321a4a1fedcf6-1152x1536.jpg 1152w, https:\/\/blog.vida.at\/pensionisten\/wp-content\/uploads\/sites\/10\/2025\/04\/4dda62af4d91bb84fdf321a4a1fedcf6-500x667.jpg 500w, https:\/\/blog.vida.at\/pensionisten\/wp-content\/uploads\/sites\/10\/2025\/04\/4dda62af4d91bb84fdf321a4a1fedcf6-800x1067.jpg 800w, https:\/\/blog.vida.at\/pensionisten\/wp-content\/uploads\/sites\/10\/2025\/04\/4dda62af4d91bb84fdf321a4a1fedcf6-1280x1707.jpg 1280w, https:\/\/blog.vida.at\/pensionisten\/wp-content\/uploads\/sites\/10\/2025\/04\/4dda62af4d91bb84fdf321a4a1fedcf6.jpg 1536w\" sizes=\"auto, (max-width: 768px) 100vw, 768px\" \/><\/figure>\n\n\n\n<figure class=\"wp-block-image size-large\"><img loading=\"lazy\" decoding=\"async\" width=\"1024\" height=\"768\" data-id=\"10745\" src=\"https:\/\/blog.vida.at\/pensionisten\/wp-content\/uploads\/sites\/10\/2025\/04\/00b592dab4e0d01446a4e6b8779c96a2-1024x768.jpg\" alt=\"\" class=\"wp-image-10745\" srcset=\"https:\/\/blog.vida.at\/pensionisten\/wp-content\/uploads\/sites\/10\/2025\/04\/00b592dab4e0d01446a4e6b8779c96a2-1024x768.jpg 1024w, https:\/\/blog.vida.at\/pensionisten\/wp-content\/uploads\/sites\/10\/2025\/04\/00b592dab4e0d01446a4e6b8779c96a2-300x225.jpg 300w, https:\/\/blog.vida.at\/pensionisten\/wp-content\/uploads\/sites\/10\/2025\/04\/00b592dab4e0d01446a4e6b8779c96a2-768x576.jpg 768w, https:\/\/blog.vida.at\/pensionisten\/wp-content\/uploads\/sites\/10\/2025\/04\/00b592dab4e0d01446a4e6b8779c96a2-1536x1152.jpg 1536w, https:\/\/blog.vida.at\/pensionisten\/wp-content\/uploads\/sites\/10\/2025\/04\/00b592dab4e0d01446a4e6b8779c96a2-1568x1176.jpg 1568w, https:\/\/blog.vida.at\/pensionisten\/wp-content\/uploads\/sites\/10\/2025\/04\/00b592dab4e0d01446a4e6b8779c96a2-500x375.jpg 500w, https:\/\/blog.vida.at\/pensionisten\/wp-content\/uploads\/sites\/10\/2025\/04\/00b592dab4e0d01446a4e6b8779c96a2-800x600.jpg 800w, https:\/\/blog.vida.at\/pensionisten\/wp-content\/uploads\/sites\/10\/2025\/04\/00b592dab4e0d01446a4e6b8779c96a2-1280x960.jpg 1280w, https:\/\/blog.vida.at\/pensionisten\/wp-content\/uploads\/sites\/10\/2025\/04\/00b592dab4e0d01446a4e6b8779c96a2-1920x1440.jpg 1920w, https:\/\/blog.vida.at\/pensionisten\/wp-content\/uploads\/sites\/10\/2025\/04\/00b592dab4e0d01446a4e6b8779c96a2.jpg 2048w\" sizes=\"auto, (max-width: 1024px) 100vw, 1024px\" \/><\/figure>\n\n\n\n<figure class=\"wp-block-image size-large\"><img loading=\"lazy\" decoding=\"async\" width=\"1024\" height=\"768\" data-id=\"10748\" src=\"https:\/\/blog.vida.at\/pensionisten\/wp-content\/uploads\/sites\/10\/2025\/04\/8c7dcaff0529ab83fef1e4834a13a1ca-1024x768.jpg\" alt=\"\" class=\"wp-image-10748\" srcset=\"https:\/\/blog.vida.at\/pensionisten\/wp-content\/uploads\/sites\/10\/2025\/04\/8c7dcaff0529ab83fef1e4834a13a1ca-1024x768.jpg 1024w, https:\/\/blog.vida.at\/pensionisten\/wp-content\/uploads\/sites\/10\/2025\/04\/8c7dcaff0529ab83fef1e4834a13a1ca-300x225.jpg 300w, https:\/\/blog.vida.at\/pensionisten\/wp-content\/uploads\/sites\/10\/2025\/04\/8c7dcaff0529ab83fef1e4834a13a1ca-768x576.jpg 768w, https:\/\/blog.vida.at\/pensionisten\/wp-content\/uploads\/sites\/10\/2025\/04\/8c7dcaff0529ab83fef1e4834a13a1ca-1536x1152.jpg 1536w, https:\/\/blog.vida.at\/pensionisten\/wp-content\/uploads\/sites\/10\/2025\/04\/8c7dcaff0529ab83fef1e4834a13a1ca-1568x1176.jpg 1568w, https:\/\/blog.vida.at\/pensionisten\/wp-content\/uploads\/sites\/10\/2025\/04\/8c7dcaff0529ab83fef1e4834a13a1ca-500x375.jpg 500w, https:\/\/blog.vida.at\/pensionisten\/wp-content\/uploads\/sites\/10\/2025\/04\/8c7dcaff0529ab83fef1e4834a13a1ca-800x600.jpg 800w, https:\/\/blog.vida.at\/pensionisten\/wp-content\/uploads\/sites\/10\/2025\/04\/8c7dcaff0529ab83fef1e4834a13a1ca-1280x960.jpg 1280w, https:\/\/blog.vida.at\/pensionisten\/wp-content\/uploads\/sites\/10\/2025\/04\/8c7dcaff0529ab83fef1e4834a13a1ca-1920x1440.jpg 1920w, https:\/\/blog.vida.at\/pensionisten\/wp-content\/uploads\/sites\/10\/2025\/04\/8c7dcaff0529ab83fef1e4834a13a1ca.jpg 2048w\" sizes=\"auto, (max-width: 1024px) 100vw, 1024px\" \/><\/figure>\n\n\n\n<figure class=\"wp-block-image size-large\"><img loading=\"lazy\" decoding=\"async\" width=\"1024\" height=\"768\" data-id=\"10749\" src=\"https:\/\/blog.vida.at\/pensionisten\/wp-content\/uploads\/sites\/10\/2025\/04\/2917ceed4f336be7e530c5576b1dc39b-1024x768.jpg\" alt=\"\" class=\"wp-image-10749\" srcset=\"https:\/\/blog.vida.at\/pensionisten\/wp-content\/uploads\/sites\/10\/2025\/04\/2917ceed4f336be7e530c5576b1dc39b-1024x768.jpg 1024w, https:\/\/blog.vida.at\/pensionisten\/wp-content\/uploads\/sites\/10\/2025\/04\/2917ceed4f336be7e530c5576b1dc39b-300x225.jpg 300w, https:\/\/blog.vida.at\/pensionisten\/wp-content\/uploads\/sites\/10\/2025\/04\/2917ceed4f336be7e530c5576b1dc39b-768x576.jpg 768w, https:\/\/blog.vida.at\/pensionisten\/wp-content\/uploads\/sites\/10\/2025\/04\/2917ceed4f336be7e530c5576b1dc39b-1536x1152.jpg 1536w, https:\/\/blog.vida.at\/pensionisten\/wp-content\/uploads\/sites\/10\/2025\/04\/2917ceed4f336be7e530c5576b1dc39b-1568x1176.jpg 1568w, https:\/\/blog.vida.at\/pensionisten\/wp-content\/uploads\/sites\/10\/2025\/04\/2917ceed4f336be7e530c5576b1dc39b-500x375.jpg 500w, https:\/\/blog.vida.at\/pensionisten\/wp-content\/uploads\/sites\/10\/2025\/04\/2917ceed4f336be7e530c5576b1dc39b-800x600.jpg 800w, https:\/\/blog.vida.at\/pensionisten\/wp-content\/uploads\/sites\/10\/2025\/04\/2917ceed4f336be7e530c5576b1dc39b-1280x960.jpg 1280w, https:\/\/blog.vida.at\/pensionisten\/wp-content\/uploads\/sites\/10\/2025\/04\/2917ceed4f336be7e530c5576b1dc39b-1920x1440.jpg 1920w, https:\/\/blog.vida.at\/pensionisten\/wp-content\/uploads\/sites\/10\/2025\/04\/2917ceed4f336be7e530c5576b1dc39b.jpg 2048w\" sizes=\"auto, (max-width: 1024px) 100vw, 1024px\" \/><\/figure>\n\n\n\n<figure class=\"wp-block-image size-large\"><img loading=\"lazy\" decoding=\"async\" width=\"1024\" height=\"768\" data-id=\"10750\" src=\"https:\/\/blog.vida.at\/pensionisten\/wp-content\/uploads\/sites\/10\/2025\/04\/a62ad0be66fbdda623f3c94c02bee3a4-1024x768.jpg\" alt=\"\" class=\"wp-image-10750\" srcset=\"https:\/\/blog.vida.at\/pensionisten\/wp-content\/uploads\/sites\/10\/2025\/04\/a62ad0be66fbdda623f3c94c02bee3a4-1024x768.jpg 1024w, https:\/\/blog.vida.at\/pensionisten\/wp-content\/uploads\/sites\/10\/2025\/04\/a62ad0be66fbdda623f3c94c02bee3a4-300x225.jpg 300w, https:\/\/blog.vida.at\/pensionisten\/wp-content\/uploads\/sites\/10\/2025\/04\/a62ad0be66fbdda623f3c94c02bee3a4-768x576.jpg 768w, https:\/\/blog.vida.at\/pensionisten\/wp-content\/uploads\/sites\/10\/2025\/04\/a62ad0be66fbdda623f3c94c02bee3a4-1536x1152.jpg 1536w, https:\/\/blog.vida.at\/pensionisten\/wp-content\/uploads\/sites\/10\/2025\/04\/a62ad0be66fbdda623f3c94c02bee3a4-1568x1176.jpg 1568w, https:\/\/blog.vida.at\/pensionisten\/wp-content\/uploads\/sites\/10\/2025\/04\/a62ad0be66fbdda623f3c94c02bee3a4-500x375.jpg 500w, https:\/\/blog.vida.at\/pensionisten\/wp-content\/uploads\/sites\/10\/2025\/04\/a62ad0be66fbdda623f3c94c02bee3a4-800x600.jpg 800w, https:\/\/blog.vida.at\/pensionisten\/wp-content\/uploads\/sites\/10\/2025\/04\/a62ad0be66fbdda623f3c94c02bee3a4-1280x960.jpg 1280w, https:\/\/blog.vida.at\/pensionisten\/wp-content\/uploads\/sites\/10\/2025\/04\/a62ad0be66fbdda623f3c94c02bee3a4-1920x1440.jpg 1920w, https:\/\/blog.vida.at\/pensionisten\/wp-content\/uploads\/sites\/10\/2025\/04\/a62ad0be66fbdda623f3c94c02bee3a4.jpg 2048w\" sizes=\"auto, (max-width: 1024px) 100vw, 1024px\" \/><\/figure>\n\n\n\n<figure class=\"wp-block-image size-large\"><img loading=\"lazy\" decoding=\"async\" width=\"1024\" height=\"768\" data-id=\"10751\" src=\"https:\/\/blog.vida.at\/pensionisten\/wp-content\/uploads\/sites\/10\/2025\/04\/d05cb018504c239520cda3640e08080c-1024x768.jpg\" alt=\"\" class=\"wp-image-10751\" srcset=\"https:\/\/blog.vida.at\/pensionisten\/wp-content\/uploads\/sites\/10\/2025\/04\/d05cb018504c239520cda3640e08080c-1024x768.jpg 1024w, https:\/\/blog.vida.at\/pensionisten\/wp-content\/uploads\/sites\/10\/2025\/04\/d05cb018504c239520cda3640e08080c-300x225.jpg 300w, https:\/\/blog.vida.at\/pensionisten\/wp-content\/uploads\/sites\/10\/2025\/04\/d05cb018504c239520cda3640e08080c-768x576.jpg 768w, https:\/\/blog.vida.at\/pensionisten\/wp-content\/uploads\/sites\/10\/2025\/04\/d05cb018504c239520cda3640e08080c-1536x1152.jpg 1536w, https:\/\/blog.vida.at\/pensionisten\/wp-content\/uploads\/sites\/10\/2025\/04\/d05cb018504c239520cda3640e08080c-1568x1176.jpg 1568w, https:\/\/blog.vida.at\/pensionisten\/wp-content\/uploads\/sites\/10\/2025\/04\/d05cb018504c239520cda3640e08080c-500x375.jpg 500w, https:\/\/blog.vida.at\/pensionisten\/wp-content\/uploads\/sites\/10\/2025\/04\/d05cb018504c239520cda3640e08080c-800x600.jpg 800w, https:\/\/blog.vida.at\/pensionisten\/wp-content\/uploads\/sites\/10\/2025\/04\/d05cb018504c239520cda3640e08080c-1280x960.jpg 1280w, https:\/\/blog.vida.at\/pensionisten\/wp-content\/uploads\/sites\/10\/2025\/04\/d05cb018504c239520cda3640e08080c-1920x1440.jpg 1920w, https:\/\/blog.vida.at\/pensionisten\/wp-content\/uploads\/sites\/10\/2025\/04\/d05cb018504c239520cda3640e08080c.jpg 2048w\" sizes=\"auto, (max-width: 1024px) 100vw, 1024px\" \/><\/figure>\n\n\n\n<figure class=\"wp-block-image size-large\"><img loading=\"lazy\" decoding=\"async\" width=\"768\" height=\"1024\" data-id=\"10747\" src=\"https:\/\/blog.vida.at\/pensionisten\/wp-content\/uploads\/sites\/10\/2025\/04\/d5a966a1a35892a866f23b5e3f479d2b-768x1024.jpg\" alt=\"\" class=\"wp-image-10747\" srcset=\"https:\/\/blog.vida.at\/pensionisten\/wp-content\/uploads\/sites\/10\/2025\/04\/d5a966a1a35892a866f23b5e3f479d2b-768x1024.jpg 768w, https:\/\/blog.vida.at\/pensionisten\/wp-content\/uploads\/sites\/10\/2025\/04\/d5a966a1a35892a866f23b5e3f479d2b-225x300.jpg 225w, https:\/\/blog.vida.at\/pensionisten\/wp-content\/uploads\/sites\/10\/2025\/04\/d5a966a1a35892a866f23b5e3f479d2b-1152x1536.jpg 1152w, https:\/\/blog.vida.at\/pensionisten\/wp-content\/uploads\/sites\/10\/2025\/04\/d5a966a1a35892a866f23b5e3f479d2b-500x667.jpg 500w, https:\/\/blog.vida.at\/pensionisten\/wp-content\/uploads\/sites\/10\/2025\/04\/d5a966a1a35892a866f23b5e3f479d2b-800x1067.jpg 800w, https:\/\/blog.vida.at\/pensionisten\/wp-content\/uploads\/sites\/10\/2025\/04\/d5a966a1a35892a866f23b5e3f479d2b-1280x1707.jpg 1280w, https:\/\/blog.vida.at\/pensionisten\/wp-content\/uploads\/sites\/10\/2025\/04\/d5a966a1a35892a866f23b5e3f479d2b.jpg 1536w\" sizes=\"auto, (max-width: 768px) 100vw, 768px\" \/><\/figure>\n\n\n\n<figure class=\"wp-block-image size-large\"><img loading=\"lazy\" decoding=\"async\" width=\"1024\" height=\"768\" data-id=\"10753\" src=\"https:\/\/blog.vida.at\/pensionisten\/wp-content\/uploads\/sites\/10\/2025\/04\/f3286fa7c177dc17a5d2f76e473fca19-1024x768.jpg\" alt=\"\" class=\"wp-image-10753\" srcset=\"https:\/\/blog.vida.at\/pensionisten\/wp-content\/uploads\/sites\/10\/2025\/04\/f3286fa7c177dc17a5d2f76e473fca19-1024x768.jpg 1024w, https:\/\/blog.vida.at\/pensionisten\/wp-content\/uploads\/sites\/10\/2025\/04\/f3286fa7c177dc17a5d2f76e473fca19-300x225.jpg 300w, https:\/\/blog.vida.at\/pensionisten\/wp-content\/uploads\/sites\/10\/2025\/04\/f3286fa7c177dc17a5d2f76e473fca19-768x576.jpg 768w, https:\/\/blog.vida.at\/pensionisten\/wp-content\/uploads\/sites\/10\/2025\/04\/f3286fa7c177dc17a5d2f76e473fca19-1536x1152.jpg 1536w, https:\/\/blog.vida.at\/pensionisten\/wp-content\/uploads\/sites\/10\/2025\/04\/f3286fa7c177dc17a5d2f76e473fca19-1568x1176.jpg 1568w, https:\/\/blog.vida.at\/pensionisten\/wp-content\/uploads\/sites\/10\/2025\/04\/f3286fa7c177dc17a5d2f76e473fca19-500x375.jpg 500w, https:\/\/blog.vida.at\/pensionisten\/wp-content\/uploads\/sites\/10\/2025\/04\/f3286fa7c177dc17a5d2f76e473fca19-800x600.jpg 800w, https:\/\/blog.vida.at\/pensionisten\/wp-content\/uploads\/sites\/10\/2025\/04\/f3286fa7c177dc17a5d2f76e473fca19-1280x960.jpg 1280w, https:\/\/blog.vida.at\/pensionisten\/wp-content\/uploads\/sites\/10\/2025\/04\/f3286fa7c177dc17a5d2f76e473fca19-1920x1440.jpg 1920w, https:\/\/blog.vida.at\/pensionisten\/wp-content\/uploads\/sites\/10\/2025\/04\/f3286fa7c177dc17a5d2f76e473fca19.jpg 2048w\" sizes=\"auto, (max-width: 1024px) 100vw, 1024px\" \/><\/figure>\n<\/figure>\n","protected":false},"excerpt":{"rendered":"<p>Betriebsbesuch der M\u00fcllverbrennungsanlage in Arndoldstein bei der 1. Landesleitungssitzung 2025.<\/p>\n","protected":false},"author":8,"featured_media":10754,"comment_status":"open","ping_status":"open","sticky":false,"template":"","format":"standard","meta":{"_uag_custom_page_level_css":"","advgb_blocks_editor_width":"","advgb_blocks_columns_visual_guide":"","footnotes":""},"categories":[4,1,56,49],"tags":[],"Orte":[],"activitytype":[],"class_list":["post-10744","post","type-post","status-publish","format-standard","has-post-thumbnail","hentry","category-aktuelles","category-allgemein","category-kaernten","category-ortsgruppen","entry"],"featured_image_urls":{"full":["https:\/\/blog.vida.at\/pensionisten\/wp-content\/uploads\/sites\/10\/2025\/04\/vida_Kaernten_Pensionisten_Muellverbrennungsanlage_2025.jpg",2048,1365,false],"thumbnail":["https:\/\/blog.vida.at\/pensionisten\/wp-content\/uploads\/sites\/10\/2025\/04\/vida_Kaernten_Pensionisten_Muellverbrennungsanlage_2025-150x150.jpg",150,150,true],"medium":["https:\/\/blog.vida.at\/pensionisten\/wp-content\/uploads\/sites\/10\/2025\/04\/vida_Kaernten_Pensionisten_Muellverbrennungsanlage_2025-300x200.jpg",300,200,true],"medium_large":["https:\/\/blog.vida.at\/pensionisten\/wp-content\/uploads\/sites\/10\/2025\/04\/vida_Kaernten_Pensionisten_Muellverbrennungsanlage_2025-768x512.jpg",640,427,true],"large":["https:\/\/blog.vida.at\/pensionisten\/wp-content\/uploads\/sites\/10\/2025\/04\/vida_Kaernten_Pensionisten_Muellverbrennungsanlage_2025-1024x683.jpg",640,427,true],"1536x1536":["https:\/\/blog.vida.at\/pensionisten\/wp-content\/uploads\/sites\/10\/2025\/04\/vida_Kaernten_Pensionisten_Muellverbrennungsanlage_2025-1536x1024.jpg",1536,1024,true],"2048x2048":["https:\/\/blog.vida.at\/pensionisten\/wp-content\/uploads\/sites\/10\/2025\/04\/vida_Kaernten_Pensionisten_Muellverbrennungsanlage_2025.jpg",2048,1365,false],"ab-block-post-grid-landscape":["https:\/\/blog.vida.at\/pensionisten\/wp-content\/uploads\/sites\/10\/2025\/04\/vida_Kaernten_Pensionisten_Muellverbrennungsanlage_2025-600x400.jpg",600,400,true],"ab-block-post-grid-square":["https:\/\/blog.vida.at\/pensionisten\/wp-content\/uploads\/sites\/10\/2025\/04\/vida_Kaernten_Pensionisten_Muellverbrennungsanlage_2025-600x600.jpg",600,600,true],"post-thumbnail":["https:\/\/blog.vida.at\/pensionisten\/wp-content\/uploads\/sites\/10\/2025\/04\/vida_Kaernten_Pensionisten_Muellverbrennungsanlage_2025-1568x1045.jpg",1568,1045,true],"awb_sm":["https:\/\/blog.vida.at\/pensionisten\/wp-content\/uploads\/sites\/10\/2025\/04\/vida_Kaernten_Pensionisten_Muellverbrennungsanlage_2025-500x333.jpg",500,333,true],"awb_md":["https:\/\/blog.vida.at\/pensionisten\/wp-content\/uploads\/sites\/10\/2025\/04\/vida_Kaernten_Pensionisten_Muellverbrennungsanlage_2025-800x533.jpg",800,533,true],"awb_lg":["https:\/\/blog.vida.at\/pensionisten\/wp-content\/uploads\/sites\/10\/2025\/04\/vida_Kaernten_Pensionisten_Muellverbrennungsanlage_2025-1280x853.jpg",1280,853,true],"awb_xl":["https:\/\/blog.vida.at\/pensionisten\/wp-content\/uploads\/sites\/10\/2025\/04\/vida_Kaernten_Pensionisten_Muellverbrennungsanlage_2025-1920x1280.jpg",1920,1280,true]},"post_excerpt_stackable":"<p>Betriebsbesuch der M\u00fcllverbrennungsanlage in Arndoldstein bei der 1. Landesleitungssitzung 2025. Die vida-Pensionist:innen K\u00e4rnten verbanden zum ersten Mal ihre Landesleitungssitzung mit einer Betriebsbesichtigung. Besucht wurde die K\u00e4rntner Restm\u00fcllverwertungs GmbH &#8211; die M\u00fcllverbrennungsanlage in Arnoldstein. KVR-Gesch\u00e4ftsf\u00fchrer DI Michael Reitter startete mit einer Video-Vorf\u00fchrung und einer ausf\u00fchrlicher Erkl\u00e4rung zum Betriebsablauf. Dabei wurden alle Fragen unserer Kolleg:innen mit gro\u00dfem Engagement und Fachwissen beantwortet. Danach f\u00fchrte uns DI Michael Reitterer durch den Betrieb, den die Mitglieder der Landesleitung mit gro\u00dfem Interesse verfolgten. Anschlie\u00dfend an die 2,5-st\u00fcndige F\u00fchrung hielten wir im Gasthof Wallner unsere 1. Landesleitungsitzung des Jahres 2025 ab. Nach einem guten gemeinsamen Essen wurde&hellip;<\/p>\n","category_list":"<a href=\"https:\/\/blog.vida.at\/pensionisten\/category\/aktuelles\/\" rel=\"category tag\">Aktuelles<\/a>, <a href=\"https:\/\/blog.vida.at\/pensionisten\/category\/allgemein\/\" rel=\"category tag\">Allgemein<\/a>, <a href=\"https:\/\/blog.vida.at\/pensionisten\/category\/ortsgruppen\/kaernten\/\" rel=\"category tag\">K\u00e4rnten<\/a>, <a href=\"https:\/\/blog.vida.at\/pensionisten\/category\/ortsgruppen\/\" rel=\"category tag\">Ortsgruppen<\/a>","author_info":{"display_name":"mariontobola","author_link":"https:\/\/blog.vida.at\/pensionisten\/author\/mariontobola\/"},"comments_num":"0 comments","featured_image_urls_v2":{"full":["https:\/\/blog.vida.at\/pensionisten\/wp-content\/uploads\/sites\/10\/2025\/04\/vida_Kaernten_Pensionisten_Muellverbrennungsanlage_2025.jpg",2048,1365,false],"thumbnail":["https:\/\/blog.vida.at\/pensionisten\/wp-content\/uploads\/sites\/10\/2025\/04\/vida_Kaernten_Pensionisten_Muellverbrennungsanlage_2025-150x150.jpg",150,150,true],"medium":["https:\/\/blog.vida.at\/pensionisten\/wp-content\/uploads\/sites\/10\/2025\/04\/vida_Kaernten_Pensionisten_Muellverbrennungsanlage_2025-300x200.jpg",300,200,true],"medium_large":["https:\/\/blog.vida.at\/pensionisten\/wp-content\/uploads\/sites\/10\/2025\/04\/vida_Kaernten_Pensionisten_Muellverbrennungsanlage_2025-768x512.jpg",640,427,true],"large":["https:\/\/blog.vida.at\/pensionisten\/wp-content\/uploads\/sites\/10\/2025\/04\/vida_Kaernten_Pensionisten_Muellverbrennungsanlage_2025-1024x683.jpg",640,427,true],"1536x1536":["https:\/\/blog.vida.at\/pensionisten\/wp-content\/uploads\/sites\/10\/2025\/04\/vida_Kaernten_Pensionisten_Muellverbrennungsanlage_2025-1536x1024.jpg",1536,1024,true],"2048x2048":["https:\/\/blog.vida.at\/pensionisten\/wp-content\/uploads\/sites\/10\/2025\/04\/vida_Kaernten_Pensionisten_Muellverbrennungsanlage_2025.jpg",2048,1365,false],"ab-block-post-grid-landscape":["https:\/\/blog.vida.at\/pensionisten\/wp-content\/uploads\/sites\/10\/2025\/04\/vida_Kaernten_Pensionisten_Muellverbrennungsanlage_2025-600x400.jpg",600,400,true],"ab-block-post-grid-square":["https:\/\/blog.vida.at\/pensionisten\/wp-content\/uploads\/sites\/10\/2025\/04\/vida_Kaernten_Pensionisten_Muellverbrennungsanlage_2025-600x600.jpg",600,600,true],"post-thumbnail":["https:\/\/blog.vida.at\/pensionisten\/wp-content\/uploads\/sites\/10\/2025\/04\/vida_Kaernten_Pensionisten_Muellverbrennungsanlage_2025-1568x1045.jpg",1568,1045,true],"awb_sm":["https:\/\/blog.vida.at\/pensionisten\/wp-content\/uploads\/sites\/10\/2025\/04\/vida_Kaernten_Pensionisten_Muellverbrennungsanlage_2025-500x333.jpg",500,333,true],"awb_md":["https:\/\/blog.vida.at\/pensionisten\/wp-content\/uploads\/sites\/10\/2025\/04\/vida_Kaernten_Pensionisten_Muellverbrennungsanlage_2025-800x533.jpg",800,533,true],"awb_lg":["https:\/\/blog.vida.at\/pensionisten\/wp-content\/uploads\/sites\/10\/2025\/04\/vida_Kaernten_Pensionisten_Muellverbrennungsanlage_2025-1280x853.jpg",1280,853,true],"awb_xl":["https:\/\/blog.vida.at\/pensionisten\/wp-content\/uploads\/sites\/10\/2025\/04\/vida_Kaernten_Pensionisten_Muellverbrennungsanlage_2025-1920x1280.jpg",1920,1280,true]},"post_excerpt_stackable_v2":"<p>Betriebsbesuch der M\u00fcllverbrennungsanlage in Arndoldstein bei der 1. Landesleitungssitzung 2025. Die vida-Pensionist:innen K\u00e4rnten verbanden zum ersten Mal ihre Landesleitungssitzung mit einer Betriebsbesichtigung. Besucht wurde die K\u00e4rntner Restm\u00fcllverwertungs GmbH &#8211; die M\u00fcllverbrennungsanlage in Arnoldstein. KVR-Gesch\u00e4ftsf\u00fchrer DI Michael Reitter startete mit einer Video-Vorf\u00fchrung und einer ausf\u00fchrlicher Erkl\u00e4rung zum Betriebsablauf. Dabei wurden alle Fragen unserer Kolleg:innen mit gro\u00dfem Engagement und Fachwissen beantwortet. Danach f\u00fchrte uns DI Michael Reitterer durch den Betrieb, den die Mitglieder der Landesleitung mit gro\u00dfem Interesse verfolgten. Anschlie\u00dfend an die 2,5-st\u00fcndige F\u00fchrung hielten wir im Gasthof Wallner unsere 1. Landesleitungsitzung des Jahres 2025 ab. Nach einem guten gemeinsamen Essen wurde&hellip;<\/p>\n","category_list_v2":"<a href=\"https:\/\/blog.vida.at\/pensionisten\/category\/aktuelles\/\" rel=\"category tag\">Aktuelles<\/a>, <a href=\"https:\/\/blog.vida.at\/pensionisten\/category\/allgemein\/\" rel=\"category tag\">Allgemein<\/a>, <a href=\"https:\/\/blog.vida.at\/pensionisten\/category\/ortsgruppen\/kaernten\/\" rel=\"category tag\">K\u00e4rnten<\/a>, <a href=\"https:\/\/blog.vida.at\/pensionisten\/category\/ortsgruppen\/\" rel=\"category tag\">Ortsgruppen<\/a>","author_info_v2":{"name":"mariontobola","url":"https:\/\/blog.vida.at\/pensionisten\/author\/mariontobola\/"},"comments_num_v2":"0 comments","yoast_head":"<!-- This site is optimized with the Yoast SEO plugin v27.3 - https:\/\/yoast.com\/product\/yoast-seo-wordpress\/ -->\n<title>vida K\u00e4rnten-Pensionist:innen auf Tour<\/title>\n<meta name=\"robots\" content=\"index, follow, max-snippet:-1, max-image-preview:large, max-video-preview:-1\" \/>\n<link rel=\"canonical\" href=\"https:\/\/blog.vida.at\/pensionisten\/2025\/04\/29\/vida-kaernten-pensionistinnen-auf-tour\/\" \/>\n<meta property=\"og:locale\" content=\"de_DE\" \/>\n<meta property=\"og:type\" content=\"article\" \/>\n<meta property=\"og:title\" content=\"vida K\u00e4rnten-Pensionist:innen auf Tour\" \/>\n<meta property=\"og:description\" content=\"Betriebsbesuch der M\u00fcllverbrennungsanlage in Arndoldstein bei der 1. Landesleitungssitzung 2025.\" \/>\n<meta property=\"og:url\" content=\"https:\/\/blog.vida.at\/pensionisten\/2025\/04\/29\/vida-kaernten-pensionistinnen-auf-tour\/\" \/>\n<meta property=\"og:site_name\" content=\"vida Pensionisten\" \/>\n<meta property=\"article:published_time\" content=\"2025-04-29T08:40:29+00:00\" \/>\n<meta property=\"article:modified_time\" content=\"2025-04-29T08:55:58+00:00\" \/>\n<meta property=\"og:image\" content=\"https:\/\/blog.vida.at\/pensionisten\/wp-content\/uploads\/sites\/10\/2025\/04\/vida_Kaernten_Pensionisten_Muellverbrennungsanlage_2025.jpg\" \/>\n\t<meta property=\"og:image:width\" content=\"2048\" \/>\n\t<meta property=\"og:image:height\" content=\"1365\" \/>\n\t<meta property=\"og:image:type\" content=\"image\/jpeg\" \/>\n<meta name=\"author\" content=\"mariontobola\" \/>\n<meta name=\"twitter:card\" content=\"summary_large_image\" \/>\n<meta name=\"twitter:label1\" content=\"Verfasst von\" \/>\n\t<meta name=\"twitter:data1\" content=\"mariontobola\" \/>\n\t<meta name=\"twitter:label2\" content=\"Gesch\u00e4tzte Lesezeit\" \/>\n\t<meta name=\"twitter:data2\" content=\"3\u00a0Minuten\" \/>\n<script type=\"application\/ld+json\" class=\"yoast-schema-graph\">{\"@context\":\"https:\\\/\\\/schema.org\",\"@graph\":[{\"@type\":\"Article\",\"@id\":\"https:\\\/\\\/blog.vida.at\\\/pensionisten\\\/2025\\\/04\\\/29\\\/vida-kaernten-pensionistinnen-auf-tour\\\/#article\",\"isPartOf\":{\"@id\":\"https:\\\/\\\/blog.vida.at\\\/pensionisten\\\/2025\\\/04\\\/29\\\/vida-kaernten-pensionistinnen-auf-tour\\\/\"},\"author\":{\"name\":\"mariontobola\",\"@id\":\"https:\\\/\\\/blog.vida.at\\\/pensionisten\\\/#\\\/schema\\\/person\\\/88cee3ee93b9afdc51c92f5f63f38b8a\"},\"headline\":\"vida K\u00e4rnten-Pensionist:innen auf Tour\",\"datePublished\":\"2025-04-29T08:40:29+00:00\",\"dateModified\":\"2025-04-29T08:55:58+00:00\",\"mainEntityOfPage\":{\"@id\":\"https:\\\/\\\/blog.vida.at\\\/pensionisten\\\/2025\\\/04\\\/29\\\/vida-kaernten-pensionistinnen-auf-tour\\\/\"},\"wordCount\":158,\"commentCount\":0,\"image\":{\"@id\":\"https:\\\/\\\/blog.vida.at\\\/pensionisten\\\/2025\\\/04\\\/29\\\/vida-kaernten-pensionistinnen-auf-tour\\\/#primaryimage\"},\"thumbnailUrl\":\"https:\\\/\\\/blog.vida.at\\\/pensionisten\\\/wp-content\\\/uploads\\\/sites\\\/10\\\/2025\\\/04\\\/vida_Kaernten_Pensionisten_Muellverbrennungsanlage_2025.jpg\",\"articleSection\":{\"0\":\"Aktuelles\",\"2\":\"K\u00e4rnten\",\"3\":\"Ortsgruppen\"},\"inLanguage\":\"de\",\"potentialAction\":[{\"@type\":\"CommentAction\",\"name\":\"Comment\",\"target\":[\"https:\\\/\\\/blog.vida.at\\\/pensionisten\\\/2025\\\/04\\\/29\\\/vida-kaernten-pensionistinnen-auf-tour\\\/#respond\"]}]},{\"@type\":\"WebPage\",\"@id\":\"https:\\\/\\\/blog.vida.at\\\/pensionisten\\\/2025\\\/04\\\/29\\\/vida-kaernten-pensionistinnen-auf-tour\\\/\",\"url\":\"https:\\\/\\\/blog.vida.at\\\/pensionisten\\\/2025\\\/04\\\/29\\\/vida-kaernten-pensionistinnen-auf-tour\\\/\",\"name\":\"vida K\u00e4rnten-Pensionist:innen auf Tour\",\"isPartOf\":{\"@id\":\"https:\\\/\\\/blog.vida.at\\\/pensionisten\\\/#website\"},\"primaryImageOfPage\":{\"@id\":\"https:\\\/\\\/blog.vida.at\\\/pensionisten\\\/2025\\\/04\\\/29\\\/vida-kaernten-pensionistinnen-auf-tour\\\/#primaryimage\"},\"image\":{\"@id\":\"https:\\\/\\\/blog.vida.at\\\/pensionisten\\\/2025\\\/04\\\/29\\\/vida-kaernten-pensionistinnen-auf-tour\\\/#primaryimage\"},\"thumbnailUrl\":\"https:\\\/\\\/blog.vida.at\\\/pensionisten\\\/wp-content\\\/uploads\\\/sites\\\/10\\\/2025\\\/04\\\/vida_Kaernten_Pensionisten_Muellverbrennungsanlage_2025.jpg\",\"datePublished\":\"2025-04-29T08:40:29+00:00\",\"dateModified\":\"2025-04-29T08:55:58+00:00\",\"author\":{\"@id\":\"https:\\\/\\\/blog.vida.at\\\/pensionisten\\\/#\\\/schema\\\/person\\\/88cee3ee93b9afdc51c92f5f63f38b8a\"},\"breadcrumb\":{\"@id\":\"https:\\\/\\\/blog.vida.at\\\/pensionisten\\\/2025\\\/04\\\/29\\\/vida-kaernten-pensionistinnen-auf-tour\\\/#breadcrumb\"},\"inLanguage\":\"de\",\"potentialAction\":[{\"@type\":\"ReadAction\",\"target\":[\"https:\\\/\\\/blog.vida.at\\\/pensionisten\\\/2025\\\/04\\\/29\\\/vida-kaernten-pensionistinnen-auf-tour\\\/\"]}]},{\"@type\":\"ImageObject\",\"inLanguage\":\"de\",\"@id\":\"https:\\\/\\\/blog.vida.at\\\/pensionisten\\\/2025\\\/04\\\/29\\\/vida-kaernten-pensionistinnen-auf-tour\\\/#primaryimage\",\"url\":\"https:\\\/\\\/blog.vida.at\\\/pensionisten\\\/wp-content\\\/uploads\\\/sites\\\/10\\\/2025\\\/04\\\/vida_Kaernten_Pensionisten_Muellverbrennungsanlage_2025.jpg\",\"contentUrl\":\"https:\\\/\\\/blog.vida.at\\\/pensionisten\\\/wp-content\\\/uploads\\\/sites\\\/10\\\/2025\\\/04\\\/vida_Kaernten_Pensionisten_Muellverbrennungsanlage_2025.jpg\",\"width\":2048,\"height\":1365},{\"@type\":\"BreadcrumbList\",\"@id\":\"https:\\\/\\\/blog.vida.at\\\/pensionisten\\\/2025\\\/04\\\/29\\\/vida-kaernten-pensionistinnen-auf-tour\\\/#breadcrumb\",\"itemListElement\":[{\"@type\":\"ListItem\",\"position\":1,\"name\":\"Startseite\",\"item\":\"https:\\\/\\\/blog.vida.at\\\/pensionisten\\\/\"},{\"@type\":\"ListItem\",\"position\":2,\"name\":\"vida K\u00e4rnten-Pensionist:innen auf Tour\"}]},{\"@type\":\"WebSite\",\"@id\":\"https:\\\/\\\/blog.vida.at\\\/pensionisten\\\/#website\",\"url\":\"https:\\\/\\\/blog.vida.at\\\/pensionisten\\\/\",\"name\":\"vida Pensionisten\",\"description\":\"\",\"potentialAction\":[{\"@type\":\"SearchAction\",\"target\":{\"@type\":\"EntryPoint\",\"urlTemplate\":\"https:\\\/\\\/blog.vida.at\\\/pensionisten\\\/?s={search_term_string}\"},\"query-input\":{\"@type\":\"PropertyValueSpecification\",\"valueRequired\":true,\"valueName\":\"search_term_string\"}}],\"inLanguage\":\"de\"},{\"@type\":\"Person\",\"@id\":\"https:\\\/\\\/blog.vida.at\\\/pensionisten\\\/#\\\/schema\\\/person\\\/88cee3ee93b9afdc51c92f5f63f38b8a\",\"name\":\"mariontobola\",\"image\":{\"@type\":\"ImageObject\",\"inLanguage\":\"de\",\"@id\":\"https:\\\/\\\/secure.gravatar.com\\\/avatar\\\/5d2c516985e4eda61bca05bd3b4359b4358135bd1e1a5b08c539e9cd1edd6528?s=96&d=mm&r=g\",\"url\":\"https:\\\/\\\/secure.gravatar.com\\\/avatar\\\/5d2c516985e4eda61bca05bd3b4359b4358135bd1e1a5b08c539e9cd1edd6528?s=96&d=mm&r=g\",\"contentUrl\":\"https:\\\/\\\/secure.gravatar.com\\\/avatar\\\/5d2c516985e4eda61bca05bd3b4359b4358135bd1e1a5b08c539e9cd1edd6528?s=96&d=mm&r=g\",\"caption\":\"mariontobola\"},\"url\":\"https:\\\/\\\/blog.vida.at\\\/pensionisten\\\/author\\\/mariontobola\\\/\"}]}<\/script>\n<!-- \/ Yoast SEO plugin. -->","yoast_head_json":{"title":"vida K\u00e4rnten-Pensionist:innen auf Tour","robots":{"index":"index","follow":"follow","max-snippet":"max-snippet:-1","max-image-preview":"max-image-preview:large","max-video-preview":"max-video-preview:-1"},"canonical":"https:\/\/blog.vida.at\/pensionisten\/2025\/04\/29\/vida-kaernten-pensionistinnen-auf-tour\/","og_locale":"de_DE","og_type":"article","og_title":"vida K\u00e4rnten-Pensionist:innen auf Tour","og_description":"Betriebsbesuch der M\u00fcllverbrennungsanlage in Arndoldstein bei der 1. Landesleitungssitzung 2025.","og_url":"https:\/\/blog.vida.at\/pensionisten\/2025\/04\/29\/vida-kaernten-pensionistinnen-auf-tour\/","og_site_name":"vida Pensionisten","article_published_time":"2025-04-29T08:40:29+00:00","article_modified_time":"2025-04-29T08:55:58+00:00","og_image":[{"width":2048,"height":1365,"url":"https:\/\/blog.vida.at\/pensionisten\/wp-content\/uploads\/sites\/10\/2025\/04\/vida_Kaernten_Pensionisten_Muellverbrennungsanlage_2025.jpg","type":"image\/jpeg"}],"author":"mariontobola","twitter_card":"summary_large_image","twitter_misc":{"Verfasst von":"mariontobola","Gesch\u00e4tzte Lesezeit":"3\u00a0Minuten"},"schema":{"@context":"https:\/\/schema.org","@graph":[{"@type":"Article","@id":"https:\/\/blog.vida.at\/pensionisten\/2025\/04\/29\/vida-kaernten-pensionistinnen-auf-tour\/#article","isPartOf":{"@id":"https:\/\/blog.vida.at\/pensionisten\/2025\/04\/29\/vida-kaernten-pensionistinnen-auf-tour\/"},"author":{"name":"mariontobola","@id":"https:\/\/blog.vida.at\/pensionisten\/#\/schema\/person\/88cee3ee93b9afdc51c92f5f63f38b8a"},"headline":"vida K\u00e4rnten-Pensionist:innen auf Tour","datePublished":"2025-04-29T08:40:29+00:00","dateModified":"2025-04-29T08:55:58+00:00","mainEntityOfPage":{"@id":"https:\/\/blog.vida.at\/pensionisten\/2025\/04\/29\/vida-kaernten-pensionistinnen-auf-tour\/"},"wordCount":158,"commentCount":0,"image":{"@id":"https:\/\/blog.vida.at\/pensionisten\/2025\/04\/29\/vida-kaernten-pensionistinnen-auf-tour\/#primaryimage"},"thumbnailUrl":"https:\/\/blog.vida.at\/pensionisten\/wp-content\/uploads\/sites\/10\/2025\/04\/vida_Kaernten_Pensionisten_Muellverbrennungsanlage_2025.jpg","articleSection":{"0":"Aktuelles","2":"K\u00e4rnten","3":"Ortsgruppen"},"inLanguage":"de","potentialAction":[{"@type":"CommentAction","name":"Comment","target":["https:\/\/blog.vida.at\/pensionisten\/2025\/04\/29\/vida-kaernten-pensionistinnen-auf-tour\/#respond"]}]},{"@type":"WebPage","@id":"https:\/\/blog.vida.at\/pensionisten\/2025\/04\/29\/vida-kaernten-pensionistinnen-auf-tour\/","url":"https:\/\/blog.vida.at\/pensionisten\/2025\/04\/29\/vida-kaernten-pensionistinnen-auf-tour\/","name":"vida K\u00e4rnten-Pensionist:innen auf Tour","isPartOf":{"@id":"https:\/\/blog.vida.at\/pensionisten\/#website"},"primaryImageOfPage":{"@id":"https:\/\/blog.vida.at\/pensionisten\/2025\/04\/29\/vida-kaernten-pensionistinnen-auf-tour\/#primaryimage"},"image":{"@id":"https:\/\/blog.vida.at\/pensionisten\/2025\/04\/29\/vida-kaernten-pensionistinnen-auf-tour\/#primaryimage"},"thumbnailUrl":"https:\/\/blog.vida.at\/pensionisten\/wp-content\/uploads\/sites\/10\/2025\/04\/vida_Kaernten_Pensionisten_Muellverbrennungsanlage_2025.jpg","datePublished":"2025-04-29T08:40:29+00:00","dateModified":"2025-04-29T08:55:58+00:00","author":{"@id":"https:\/\/blog.vida.at\/pensionisten\/#\/schema\/person\/88cee3ee93b9afdc51c92f5f63f38b8a"},"breadcrumb":{"@id":"https:\/\/blog.vida.at\/pensionisten\/2025\/04\/29\/vida-kaernten-pensionistinnen-auf-tour\/#breadcrumb"},"inLanguage":"de","potentialAction":[{"@type":"ReadAction","target":["https:\/\/blog.vida.at\/pensionisten\/2025\/04\/29\/vida-kaernten-pensionistinnen-auf-tour\/"]}]},{"@type":"ImageObject","inLanguage":"de","@id":"https:\/\/blog.vida.at\/pensionisten\/2025\/04\/29\/vida-kaernten-pensionistinnen-auf-tour\/#primaryimage","url":"https:\/\/blog.vida.at\/pensionisten\/wp-content\/uploads\/sites\/10\/2025\/04\/vida_Kaernten_Pensionisten_Muellverbrennungsanlage_2025.jpg","contentUrl":"https:\/\/blog.vida.at\/pensionisten\/wp-content\/uploads\/sites\/10\/2025\/04\/vida_Kaernten_Pensionisten_Muellverbrennungsanlage_2025.jpg","width":2048,"height":1365},{"@type":"BreadcrumbList","@id":"https:\/\/blog.vida.at\/pensionisten\/2025\/04\/29\/vida-kaernten-pensionistinnen-auf-tour\/#breadcrumb","itemListElement":[{"@type":"ListItem","position":1,"name":"Startseite","item":"https:\/\/blog.vida.at\/pensionisten\/"},{"@type":"ListItem","position":2,"name":"vida K\u00e4rnten-Pensionist:innen auf Tour"}]},{"@type":"WebSite","@id":"https:\/\/blog.vida.at\/pensionisten\/#website","url":"https:\/\/blog.vida.at\/pensionisten\/","name":"vida Pensionisten","description":"","potentialAction":[{"@type":"SearchAction","target":{"@type":"EntryPoint","urlTemplate":"https:\/\/blog.vida.at\/pensionisten\/?s={search_term_string}"},"query-input":{"@type":"PropertyValueSpecification","valueRequired":true,"valueName":"search_term_string"}}],"inLanguage":"de"},{"@type":"Person","@id":"https:\/\/blog.vida.at\/pensionisten\/#\/schema\/person\/88cee3ee93b9afdc51c92f5f63f38b8a","name":"mariontobola","image":{"@type":"ImageObject","inLanguage":"de","@id":"https:\/\/secure.gravatar.com\/avatar\/5d2c516985e4eda61bca05bd3b4359b4358135bd1e1a5b08c539e9cd1edd6528?s=96&d=mm&r=g","url":"https:\/\/secure.gravatar.com\/avatar\/5d2c516985e4eda61bca05bd3b4359b4358135bd1e1a5b08c539e9cd1edd6528?s=96&d=mm&r=g","contentUrl":"https:\/\/secure.gravatar.com\/avatar\/5d2c516985e4eda61bca05bd3b4359b4358135bd1e1a5b08c539e9cd1edd6528?s=96&d=mm&r=g","caption":"mariontobola"},"url":"https:\/\/blog.vida.at\/pensionisten\/author\/mariontobola\/"}]}},"author_meta":{"display_name":"mariontobola","author_link":"https:\/\/blog.vida.at\/pensionisten\/author\/mariontobola\/"},"featured_img":"https:\/\/blog.vida.at\/pensionisten\/wp-content\/uploads\/sites\/10\/2025\/04\/vida_Kaernten_Pensionisten_Muellverbrennungsanlage_2025-300x200.jpg","featured_image_src":"https:\/\/blog.vida.at\/pensionisten\/wp-content\/uploads\/sites\/10\/2025\/04\/vida_Kaernten_Pensionisten_Muellverbrennungsanlage_2025-600x400.jpg","featured_image_src_square":"https:\/\/blog.vida.at\/pensionisten\/wp-content\/uploads\/sites\/10\/2025\/04\/vida_Kaernten_Pensionisten_Muellverbrennungsanlage_2025-600x600.jpg","uagb_featured_image_src":{"full":["https:\/\/blog.vida.at\/pensionisten\/wp-content\/uploads\/sites\/10\/2025\/04\/vida_Kaernten_Pensionisten_Muellverbrennungsanlage_2025.jpg",2048,1365,false],"thumbnail":["https:\/\/blog.vida.at\/pensionisten\/wp-content\/uploads\/sites\/10\/2025\/04\/vida_Kaernten_Pensionisten_Muellverbrennungsanlage_2025-150x150.jpg",150,150,true],"medium":["https:\/\/blog.vida.at\/pensionisten\/wp-content\/uploads\/sites\/10\/2025\/04\/vida_Kaernten_Pensionisten_Muellverbrennungsanlage_2025-300x200.jpg",300,200,true],"medium_large":["https:\/\/blog.vida.at\/pensionisten\/wp-content\/uploads\/sites\/10\/2025\/04\/vida_Kaernten_Pensionisten_Muellverbrennungsanlage_2025-768x512.jpg",640,427,true],"large":["https:\/\/blog.vida.at\/pensionisten\/wp-content\/uploads\/sites\/10\/2025\/04\/vida_Kaernten_Pensionisten_Muellverbrennungsanlage_2025-1024x683.jpg",640,427,true],"1536x1536":["https:\/\/blog.vida.at\/pensionisten\/wp-content\/uploads\/sites\/10\/2025\/04\/vida_Kaernten_Pensionisten_Muellverbrennungsanlage_2025-1536x1024.jpg",1536,1024,true],"2048x2048":["https:\/\/blog.vida.at\/pensionisten\/wp-content\/uploads\/sites\/10\/2025\/04\/vida_Kaernten_Pensionisten_Muellverbrennungsanlage_2025.jpg",2048,1365,false],"ab-block-post-grid-landscape":["https:\/\/blog.vida.at\/pensionisten\/wp-content\/uploads\/sites\/10\/2025\/04\/vida_Kaernten_Pensionisten_Muellverbrennungsanlage_2025-600x400.jpg",600,400,true],"ab-block-post-grid-square":["https:\/\/blog.vida.at\/pensionisten\/wp-content\/uploads\/sites\/10\/2025\/04\/vida_Kaernten_Pensionisten_Muellverbrennungsanlage_2025-600x600.jpg",600,600,true],"post-thumbnail":["https:\/\/blog.vida.at\/pensionisten\/wp-content\/uploads\/sites\/10\/2025\/04\/vida_Kaernten_Pensionisten_Muellverbrennungsanlage_2025-1568x1045.jpg",1568,1045,true],"awb_sm":["https:\/\/blog.vida.at\/pensionisten\/wp-content\/uploads\/sites\/10\/2025\/04\/vida_Kaernten_Pensionisten_Muellverbrennungsanlage_2025-500x333.jpg",500,333,true],"awb_md":["https:\/\/blog.vida.at\/pensionisten\/wp-content\/uploads\/sites\/10\/2025\/04\/vida_Kaernten_Pensionisten_Muellverbrennungsanlage_2025-800x533.jpg",800,533,true],"awb_lg":["https:\/\/blog.vida.at\/pensionisten\/wp-content\/uploads\/sites\/10\/2025\/04\/vida_Kaernten_Pensionisten_Muellverbrennungsanlage_2025-1280x853.jpg",1280,853,true],"awb_xl":["https:\/\/blog.vida.at\/pensionisten\/wp-content\/uploads\/sites\/10\/2025\/04\/vida_Kaernten_Pensionisten_Muellverbrennungsanlage_2025-1920x1280.jpg",1920,1280,true]},"uagb_author_info":{"display_name":"mariontobola","author_link":"https:\/\/blog.vida.at\/pensionisten\/author\/mariontobola\/"},"uagb_comment_info":0,"uagb_excerpt":"Betriebsbesuch der M\u00fcllverbrennungsanlage in Arndoldstein bei der 1. Landesleitungssitzung 2025.","coauthors":[],"tax_additional":{"categories":{"linked":["<a href=\"https:\/\/blog.vida.at\/pensionisten\/category\/aktuelles\/\" class=\"advgb-post-tax-term\">Aktuelles<\/a>","<a href=\"https:\/\/blog.vida.at\/pensionisten\/category\/allgemein\/\" class=\"advgb-post-tax-term\">Allgemein<\/a>","<a href=\"https:\/\/blog.vida.at\/pensionisten\/category\/ortsgruppen\/kaernten\/\" class=\"advgb-post-tax-term\">K\u00e4rnten<\/a>","<a href=\"https:\/\/blog.vida.at\/pensionisten\/category\/ortsgruppen\/\" class=\"advgb-post-tax-term\">Ortsgruppen<\/a>"],"unlinked":["<span class=\"advgb-post-tax-term\">Aktuelles<\/span>","<span class=\"advgb-post-tax-term\">Allgemein<\/span>","<span class=\"advgb-post-tax-term\">K\u00e4rnten<\/span>","<span class=\"advgb-post-tax-term\">Ortsgruppen<\/span>"]}},"comment_count":"0","relative_dates":{"created":"Ver\u00f6ffentlicht 1\u00a0Jahr vor","modified":"Aktualisiert 1\u00a0Jahr vor"},"absolute_dates":{"created":"Ver\u00f6ffentlicht am 29. April 2025","modified":"Aktualisiert am 29. April 2025"},"absolute_dates_time":{"created":"Ver\u00f6ffentlicht am 29. April 2025 10:40","modified":"Aktualisiert am 29. April 2025 10:55"},"featured_img_caption":"","series_order":"","_links":{"self":[{"href":"https:\/\/blog.vida.at\/pensionisten\/wp-json\/wp\/v2\/posts\/10744","targetHints":{"allow":["GET"]}}],"collection":[{"href":"https:\/\/blog.vida.at\/pensionisten\/wp-json\/wp\/v2\/posts"}],"about":[{"href":"https:\/\/blog.vida.at\/pensionisten\/wp-json\/wp\/v2\/types\/post"}],"author":[{"embeddable":true,"href":"https:\/\/blog.vida.at\/pensionisten\/wp-json\/wp\/v2\/users\/8"}],"replies":[{"embeddable":true,"href":"https:\/\/blog.vida.at\/pensionisten\/wp-json\/wp\/v2\/comments?post=10744"}],"version-history":[{"count":5,"href":"https:\/\/blog.vida.at\/pensionisten\/wp-json\/wp\/v2\/posts\/10744\/revisions"}],"predecessor-version":[{"id":10759,"href":"https:\/\/blog.vida.at\/pensionisten\/wp-json\/wp\/v2\/posts\/10744\/revisions\/10759"}],"wp:featuredmedia":[{"embeddable":true,"href":"https:\/\/blog.vida.at\/pensionisten\/wp-json\/wp\/v2\/media\/10754"}],"wp:attachment":[{"href":"https:\/\/blog.vida.at\/pensionisten\/wp-json\/wp\/v2\/media?parent=10744"}],"wp:term":[{"taxonomy":"category","embeddable":true,"href":"https:\/\/blog.vida.at\/pensionisten\/wp-json\/wp\/v2\/categories?post=10744"},{"taxonomy":"post_tag","embeddable":true,"href":"https:\/\/blog.vida.at\/pensionisten\/wp-json\/wp\/v2\/tags?post=10744"},{"taxonomy":"Orte","embeddable":true,"href":"https:\/\/blog.vida.at\/pensionisten\/wp-json\/wp\/v2\/Orte?post=10744"},{"taxonomy":"activitytype","embeddable":true,"href":"https:\/\/blog.vida.at\/pensionisten\/wp-json\/wp\/v2\/activitytype?post=10744"}],"curies":[{"name":"wp","href":"https:\/\/api.w.org\/{rel}","templated":true}]}}