
{"id":10762,"date":"2025-04-29T11:25:05","date_gmt":"2025-04-29T09:25:05","guid":{"rendered":"https:\/\/blog.vida.at\/pensionisten\/?p=10762"},"modified":"2025-04-29T11:25:41","modified_gmt":"2025-04-29T09:25:41","slug":"alles-neu-in-salzburg","status":"publish","type":"post","link":"https:\/\/blog.vida.at\/pensionisten\/2025\/04\/29\/alles-neu-in-salzburg\/","title":{"rendered":"Alles neu in Salzburg"},"content":{"rendered":"\n<div class=\"wp-block-group Container\"><div class=\"wp-block-group__inner-container is-layout-flow wp-block-group-is-layout-flow\">\n<p>Weichen gestellt mit neuem <strong>vida-Pensionist:innen-OG-Team<\/strong>.<\/p>\n\n\n\n<p>Neuer <strong>Vorsitzender<\/strong>, neue <strong>Angebote<\/strong>, neue <strong>Kan\u00e4le<\/strong> &#8211; <strong>alles f\u00fcrs und rund ums Mitglied<\/strong>. <\/p>\n\n\n\n<!--more-->\n\n\n\n<p>2024 war in der Gewerkschaft vida ein Jahr der Weichenstellungen. Auch in der <strong>Pensionist:innen Ortsgruppe Salzburg<\/strong> hat sich ein neues Team gefunden. <strong>Vorsitzender ist Gerhard Gallo<\/strong>, sein <strong>Stellvertreter Josef Pletschacher<\/strong>, mit dem erstmals ein Seilbahner mit an Bord ist \u2013 ein sichtbares Zeichen daf\u00fcr, dass die OG Salzburg ein Angebot an Pensionist:innen aus allen vida-Branchen ist.<\/p>\n\n\n\n<p><strong>Kennenlernen <\/strong><\/p>\n\n\n\n<p>Im ersten Jahr steht nun das gegenseitige Kennenlernen im Vordergrund. \u201eWir wollen die Ortsgruppe wieder bekanntmachen und zu den Mitgliedern Kommunikationskan\u00e4le abseits des klassischen Postwegs aufbauen\u201c, k\u00fcndigt der neue Vorsitzende Gerhard Gallo an. \u201eDamit wir in Zukunft schnell und kosteng\u00fcnstig mit den Mitgliedern in Kontakt treten k\u00f6nnen.\u201c<\/p>\n\n\n\n<p><strong>Exkursion zum ORF<\/strong><\/p>\n\n\n\n<p>Aber nicht nur Organisatorisches steht auf dem Programm f\u00fcr 2025. \u201eWir haben bereits im M\u00e4rz zu einer Exkursion in das ORF-Landesstudio eingeladen. Die Resonanz war so positiv, dass wir f\u00fcr die rund 100 Teilnehmer:innen sogar zwei Zusatztermine buchen mussten\u201c, berichtet Gallo nicht ohne Stolz und k\u00fcndigt an, dass das Team der Ortsgruppe bereits die n\u00e4chste Veranstaltung plant \u2013 das vida PensionistInnen-Forum.<\/p>\n\n\n\n<p><strong>vida Pensionist:innen-Forum<\/strong><\/p>\n\n\n\n<p>Beim neuen vida Pensionist:innen-Forum handelt es sich um ein neues Format eines Mitgliedertreffens im traditionellen Br\u00e4ust\u00fcberl Salzburg \u2013 gem\u00fctliches Beisammensein, Infost\u00e4nde von Partnerorganisationen aus dem vidaversum (vidahelp, Betreuerinnen.at, SPARDA, \u00d6BV, BVAEB und \u00d6GK) und politische Information aus der vida Salzburg.<\/p>\n\n\n\n<figure class=\"wp-block-gallery has-nested-images columns-default is-cropped wp-block-gallery-1 is-layout-flex wp-block-gallery-is-layout-flex\">\n<figure class=\"wp-block-image size-large\"><img loading=\"lazy\" decoding=\"async\" width=\"1024\" height=\"575\" data-id=\"10764\" src=\"https:\/\/blog.vida.at\/pensionisten\/wp-content\/uploads\/sites\/10\/2025\/04\/Screenshot_20250412_201049_Gallery-1024x575.jpg\" alt=\"\" class=\"wp-image-10764\" srcset=\"https:\/\/blog.vida.at\/pensionisten\/wp-content\/uploads\/sites\/10\/2025\/04\/Screenshot_20250412_201049_Gallery-1024x575.jpg 1024w, https:\/\/blog.vida.at\/pensionisten\/wp-content\/uploads\/sites\/10\/2025\/04\/Screenshot_20250412_201049_Gallery-300x168.jpg 300w, https:\/\/blog.vida.at\/pensionisten\/wp-content\/uploads\/sites\/10\/2025\/04\/Screenshot_20250412_201049_Gallery-768x431.jpg 768w, https:\/\/blog.vida.at\/pensionisten\/wp-content\/uploads\/sites\/10\/2025\/04\/Screenshot_20250412_201049_Gallery-500x281.jpg 500w, https:\/\/blog.vida.at\/pensionisten\/wp-content\/uploads\/sites\/10\/2025\/04\/Screenshot_20250412_201049_Gallery-800x449.jpg 800w, https:\/\/blog.vida.at\/pensionisten\/wp-content\/uploads\/sites\/10\/2025\/04\/Screenshot_20250412_201049_Gallery-1280x718.jpg 1280w, https:\/\/blog.vida.at\/pensionisten\/wp-content\/uploads\/sites\/10\/2025\/04\/Screenshot_20250412_201049_Gallery.jpg 1440w\" sizes=\"auto, (max-width: 1024px) 100vw, 1024px\" \/><\/figure>\n\n\n\n<figure class=\"wp-block-image size-large\"><img loading=\"lazy\" decoding=\"async\" width=\"1024\" height=\"576\" data-id=\"10763\" src=\"https:\/\/blog.vida.at\/pensionisten\/wp-content\/uploads\/sites\/10\/2025\/04\/Screenshot_20250412_201145_Gallery-1024x576.jpg\" alt=\"\" class=\"wp-image-10763\" srcset=\"https:\/\/blog.vida.at\/pensionisten\/wp-content\/uploads\/sites\/10\/2025\/04\/Screenshot_20250412_201145_Gallery-1024x576.jpg 1024w, https:\/\/blog.vida.at\/pensionisten\/wp-content\/uploads\/sites\/10\/2025\/04\/Screenshot_20250412_201145_Gallery-300x169.jpg 300w, https:\/\/blog.vida.at\/pensionisten\/wp-content\/uploads\/sites\/10\/2025\/04\/Screenshot_20250412_201145_Gallery-768x432.jpg 768w, https:\/\/blog.vida.at\/pensionisten\/wp-content\/uploads\/sites\/10\/2025\/04\/Screenshot_20250412_201145_Gallery-500x281.jpg 500w, https:\/\/blog.vida.at\/pensionisten\/wp-content\/uploads\/sites\/10\/2025\/04\/Screenshot_20250412_201145_Gallery-800x450.jpg 800w, https:\/\/blog.vida.at\/pensionisten\/wp-content\/uploads\/sites\/10\/2025\/04\/Screenshot_20250412_201145_Gallery-1280x720.jpg 1280w, https:\/\/blog.vida.at\/pensionisten\/wp-content\/uploads\/sites\/10\/2025\/04\/Screenshot_20250412_201145_Gallery.jpg 1440w\" sizes=\"auto, (max-width: 1024px) 100vw, 1024px\" \/><\/figure>\n\n\n\n<figure class=\"wp-block-image size-large\"><img loading=\"lazy\" decoding=\"async\" width=\"1024\" height=\"787\" data-id=\"10765\" src=\"https:\/\/blog.vida.at\/pensionisten\/wp-content\/uploads\/sites\/10\/2025\/04\/Screenshot_20250412_201728_WhatsApp-1024x787.jpg\" alt=\"\" class=\"wp-image-10765\" srcset=\"https:\/\/blog.vida.at\/pensionisten\/wp-content\/uploads\/sites\/10\/2025\/04\/Screenshot_20250412_201728_WhatsApp-1024x787.jpg 1024w, https:\/\/blog.vida.at\/pensionisten\/wp-content\/uploads\/sites\/10\/2025\/04\/Screenshot_20250412_201728_WhatsApp-300x231.jpg 300w, https:\/\/blog.vida.at\/pensionisten\/wp-content\/uploads\/sites\/10\/2025\/04\/Screenshot_20250412_201728_WhatsApp-768x590.jpg 768w, https:\/\/blog.vida.at\/pensionisten\/wp-content\/uploads\/sites\/10\/2025\/04\/Screenshot_20250412_201728_WhatsApp-500x384.jpg 500w, https:\/\/blog.vida.at\/pensionisten\/wp-content\/uploads\/sites\/10\/2025\/04\/Screenshot_20250412_201728_WhatsApp-800x615.jpg 800w, https:\/\/blog.vida.at\/pensionisten\/wp-content\/uploads\/sites\/10\/2025\/04\/Screenshot_20250412_201728_WhatsApp-1280x984.jpg 1280w, https:\/\/blog.vida.at\/pensionisten\/wp-content\/uploads\/sites\/10\/2025\/04\/Screenshot_20250412_201728_WhatsApp.jpg 1440w\" sizes=\"auto, (max-width: 1024px) 100vw, 1024px\" \/><\/figure>\n<\/figure>\n<\/div><\/div>\n","protected":false},"excerpt":{"rendered":"<p>Weichen gestellt mit neuem vida-Pensionist:innen-OG-Team. Neuer Vorsitzender, neue Angebote, neue Kan\u00e4le &#8211; alles f\u00fcrs und rund ums Mitglied.<\/p>\n","protected":false},"author":8,"featured_media":10766,"comment_status":"open","ping_status":"open","sticky":false,"template":"","format":"standard","meta":{"_uag_custom_page_level_css":"","advgb_blocks_editor_width":"","advgb_blocks_columns_visual_guide":"","footnotes":""},"categories":[4,1,89,49,55,32,50],"tags":[],"Orte":[],"activitytype":[],"class_list":["post-10762","post","type-post","status-publish","format-standard","has-post-thumbnail","hentry","category-aktuelles","category-allgemein","category-og-st-poelten","category-ortsgruppen","category-salzburg","category-top-aktuelles","category-wien","entry"],"featured_image_urls":{"full":["https:\/\/blog.vida.at\/pensionisten\/wp-content\/uploads\/sites\/10\/2025\/04\/Screenshot_20250412_201049_Gallery-1.jpg",1212,808,false],"thumbnail":["https:\/\/blog.vida.at\/pensionisten\/wp-content\/uploads\/sites\/10\/2025\/04\/Screenshot_20250412_201049_Gallery-1-150x150.jpg",150,150,true],"medium":["https:\/\/blog.vida.at\/pensionisten\/wp-content\/uploads\/sites\/10\/2025\/04\/Screenshot_20250412_201049_Gallery-1-300x200.jpg",300,200,true],"medium_large":["https:\/\/blog.vida.at\/pensionisten\/wp-content\/uploads\/sites\/10\/2025\/04\/Screenshot_20250412_201049_Gallery-1-768x512.jpg",640,427,true],"large":["https:\/\/blog.vida.at\/pensionisten\/wp-content\/uploads\/sites\/10\/2025\/04\/Screenshot_20250412_201049_Gallery-1-1024x683.jpg",640,427,true],"1536x1536":["https:\/\/blog.vida.at\/pensionisten\/wp-content\/uploads\/sites\/10\/2025\/04\/Screenshot_20250412_201049_Gallery-1.jpg",1212,808,false],"2048x2048":["https:\/\/blog.vida.at\/pensionisten\/wp-content\/uploads\/sites\/10\/2025\/04\/Screenshot_20250412_201049_Gallery-1.jpg",1212,808,false],"ab-block-post-grid-landscape":["https:\/\/blog.vida.at\/pensionisten\/wp-content\/uploads\/sites\/10\/2025\/04\/Screenshot_20250412_201049_Gallery-1-600x400.jpg",600,400,true],"ab-block-post-grid-square":["https:\/\/blog.vida.at\/pensionisten\/wp-content\/uploads\/sites\/10\/2025\/04\/Screenshot_20250412_201049_Gallery-1-600x600.jpg",600,600,true],"post-thumbnail":["https:\/\/blog.vida.at\/pensionisten\/wp-content\/uploads\/sites\/10\/2025\/04\/Screenshot_20250412_201049_Gallery-1.jpg",1212,808,false],"awb_sm":["https:\/\/blog.vida.at\/pensionisten\/wp-content\/uploads\/sites\/10\/2025\/04\/Screenshot_20250412_201049_Gallery-1-500x333.jpg",500,333,true],"awb_md":["https:\/\/blog.vida.at\/pensionisten\/wp-content\/uploads\/sites\/10\/2025\/04\/Screenshot_20250412_201049_Gallery-1-800x533.jpg",800,533,true],"awb_lg":["https:\/\/blog.vida.at\/pensionisten\/wp-content\/uploads\/sites\/10\/2025\/04\/Screenshot_20250412_201049_Gallery-1.jpg",1212,808,false],"awb_xl":["https:\/\/blog.vida.at\/pensionisten\/wp-content\/uploads\/sites\/10\/2025\/04\/Screenshot_20250412_201049_Gallery-1.jpg",1212,808,false]},"post_excerpt_stackable":"<p>Weichen gestellt mit neuem vida-Pensionist:innen-OG-Team. Neuer Vorsitzender, neue Angebote, neue Kan\u00e4le &#8211; alles f\u00fcrs und rund ums Mitglied. 2024 war in der Gewerkschaft vida ein Jahr der Weichenstellungen. Auch in der Pensionist:innen Ortsgruppe Salzburg hat sich ein neues Team gefunden. Vorsitzender ist Gerhard Gallo, sein Stellvertreter Josef Pletschacher, mit dem erstmals ein Seilbahner mit an Bord ist \u2013 ein sichtbares Zeichen daf\u00fcr, dass die OG Salzburg ein Angebot an Pensionist:innen aus allen vida-Branchen ist. Kennenlernen Im ersten Jahr steht nun das gegenseitige Kennenlernen im Vordergrund. \u201eWir wollen die Ortsgruppe wieder bekanntmachen und zu den Mitgliedern Kommunikationskan\u00e4le abseits des klassischen Postwegs&hellip;<\/p>\n","category_list":"<a href=\"https:\/\/blog.vida.at\/pensionisten\/category\/aktuelles\/\" rel=\"category tag\">Aktuelles<\/a>, <a href=\"https:\/\/blog.vida.at\/pensionisten\/category\/allgemein\/\" rel=\"category tag\">Allgemein<\/a>, <a href=\"https:\/\/blog.vida.at\/pensionisten\/category\/ortsgruppen\/niederoesterreich\/og-st-poelten\/\" rel=\"category tag\">OG St. P\u00f6lten<\/a>, <a href=\"https:\/\/blog.vida.at\/pensionisten\/category\/ortsgruppen\/\" rel=\"category tag\">Ortsgruppen<\/a>, <a href=\"https:\/\/blog.vida.at\/pensionisten\/category\/ortsgruppen\/salzburg\/\" rel=\"category tag\">Salzburg<\/a>, <a href=\"https:\/\/blog.vida.at\/pensionisten\/category\/top-aktuelles\/\" rel=\"category tag\">Top Aktuelles<\/a>, <a href=\"https:\/\/blog.vida.at\/pensionisten\/category\/ortsgruppen\/wien\/\" rel=\"category tag\">Wien<\/a>","author_info":{"display_name":"mariontobola","author_link":"https:\/\/blog.vida.at\/pensionisten\/author\/mariontobola\/"},"comments_num":"0 comments","featured_image_urls_v2":{"full":["https:\/\/blog.vida.at\/pensionisten\/wp-content\/uploads\/sites\/10\/2025\/04\/Screenshot_20250412_201049_Gallery-1.jpg",1212,808,false],"thumbnail":["https:\/\/blog.vida.at\/pensionisten\/wp-content\/uploads\/sites\/10\/2025\/04\/Screenshot_20250412_201049_Gallery-1-150x150.jpg",150,150,true],"medium":["https:\/\/blog.vida.at\/pensionisten\/wp-content\/uploads\/sites\/10\/2025\/04\/Screenshot_20250412_201049_Gallery-1-300x200.jpg",300,200,true],"medium_large":["https:\/\/blog.vida.at\/pensionisten\/wp-content\/uploads\/sites\/10\/2025\/04\/Screenshot_20250412_201049_Gallery-1-768x512.jpg",640,427,true],"large":["https:\/\/blog.vida.at\/pensionisten\/wp-content\/uploads\/sites\/10\/2025\/04\/Screenshot_20250412_201049_Gallery-1-1024x683.jpg",640,427,true],"1536x1536":["https:\/\/blog.vida.at\/pensionisten\/wp-content\/uploads\/sites\/10\/2025\/04\/Screenshot_20250412_201049_Gallery-1.jpg",1212,808,false],"2048x2048":["https:\/\/blog.vida.at\/pensionisten\/wp-content\/uploads\/sites\/10\/2025\/04\/Screenshot_20250412_201049_Gallery-1.jpg",1212,808,false],"ab-block-post-grid-landscape":["https:\/\/blog.vida.at\/pensionisten\/wp-content\/uploads\/sites\/10\/2025\/04\/Screenshot_20250412_201049_Gallery-1-600x400.jpg",600,400,true],"ab-block-post-grid-square":["https:\/\/blog.vida.at\/pensionisten\/wp-content\/uploads\/sites\/10\/2025\/04\/Screenshot_20250412_201049_Gallery-1-600x600.jpg",600,600,true],"post-thumbnail":["https:\/\/blog.vida.at\/pensionisten\/wp-content\/uploads\/sites\/10\/2025\/04\/Screenshot_20250412_201049_Gallery-1.jpg",1212,808,false],"awb_sm":["https:\/\/blog.vida.at\/pensionisten\/wp-content\/uploads\/sites\/10\/2025\/04\/Screenshot_20250412_201049_Gallery-1-500x333.jpg",500,333,true],"awb_md":["https:\/\/blog.vida.at\/pensionisten\/wp-content\/uploads\/sites\/10\/2025\/04\/Screenshot_20250412_201049_Gallery-1-800x533.jpg",800,533,true],"awb_lg":["https:\/\/blog.vida.at\/pensionisten\/wp-content\/uploads\/sites\/10\/2025\/04\/Screenshot_20250412_201049_Gallery-1.jpg",1212,808,false],"awb_xl":["https:\/\/blog.vida.at\/pensionisten\/wp-content\/uploads\/sites\/10\/2025\/04\/Screenshot_20250412_201049_Gallery-1.jpg",1212,808,false]},"post_excerpt_stackable_v2":"<p>Weichen gestellt mit neuem vida-Pensionist:innen-OG-Team. Neuer Vorsitzender, neue Angebote, neue Kan\u00e4le &#8211; alles f\u00fcrs und rund ums Mitglied. 2024 war in der Gewerkschaft vida ein Jahr der Weichenstellungen. Auch in der Pensionist:innen Ortsgruppe Salzburg hat sich ein neues Team gefunden. Vorsitzender ist Gerhard Gallo, sein Stellvertreter Josef Pletschacher, mit dem erstmals ein Seilbahner mit an Bord ist \u2013 ein sichtbares Zeichen daf\u00fcr, dass die OG Salzburg ein Angebot an Pensionist:innen aus allen vida-Branchen ist. Kennenlernen Im ersten Jahr steht nun das gegenseitige Kennenlernen im Vordergrund. \u201eWir wollen die Ortsgruppe wieder bekanntmachen und zu den Mitgliedern Kommunikationskan\u00e4le abseits des klassischen Postwegs&hellip;<\/p>\n","category_list_v2":"<a href=\"https:\/\/blog.vida.at\/pensionisten\/category\/aktuelles\/\" rel=\"category tag\">Aktuelles<\/a>, <a href=\"https:\/\/blog.vida.at\/pensionisten\/category\/allgemein\/\" rel=\"category tag\">Allgemein<\/a>, <a href=\"https:\/\/blog.vida.at\/pensionisten\/category\/ortsgruppen\/niederoesterreich\/og-st-poelten\/\" rel=\"category tag\">OG St. P\u00f6lten<\/a>, <a href=\"https:\/\/blog.vida.at\/pensionisten\/category\/ortsgruppen\/\" rel=\"category tag\">Ortsgruppen<\/a>, <a href=\"https:\/\/blog.vida.at\/pensionisten\/category\/ortsgruppen\/salzburg\/\" rel=\"category tag\">Salzburg<\/a>, <a href=\"https:\/\/blog.vida.at\/pensionisten\/category\/top-aktuelles\/\" rel=\"category tag\">Top Aktuelles<\/a>, <a href=\"https:\/\/blog.vida.at\/pensionisten\/category\/ortsgruppen\/wien\/\" rel=\"category tag\">Wien<\/a>","author_info_v2":{"name":"mariontobola","url":"https:\/\/blog.vida.at\/pensionisten\/author\/mariontobola\/"},"comments_num_v2":"0 comments","yoast_head":"<!-- This site is optimized with the Yoast SEO plugin v27.3 - https:\/\/yoast.com\/product\/yoast-seo-wordpress\/ -->\n<title>Alles neu in Salzburg<\/title>\n<meta name=\"robots\" content=\"index, follow, max-snippet:-1, max-image-preview:large, max-video-preview:-1\" \/>\n<link rel=\"canonical\" href=\"https:\/\/blog.vida.at\/pensionisten\/2025\/04\/29\/alles-neu-in-salzburg\/\" \/>\n<meta property=\"og:locale\" content=\"de_DE\" \/>\n<meta property=\"og:type\" content=\"article\" \/>\n<meta property=\"og:title\" content=\"Alles neu in Salzburg\" \/>\n<meta property=\"og:description\" content=\"Weichen gestellt mit neuem vida-Pensionist:innen-OG-Team. Neuer Vorsitzender, neue Angebote, neue Kan\u00e4le &#8211; alles f\u00fcrs und rund ums Mitglied.\" \/>\n<meta property=\"og:url\" content=\"https:\/\/blog.vida.at\/pensionisten\/2025\/04\/29\/alles-neu-in-salzburg\/\" \/>\n<meta property=\"og:site_name\" content=\"vida Pensionisten\" \/>\n<meta property=\"article:published_time\" content=\"2025-04-29T09:25:05+00:00\" \/>\n<meta property=\"article:modified_time\" content=\"2025-04-29T09:25:41+00:00\" \/>\n<meta property=\"og:image\" content=\"https:\/\/blog.vida.at\/pensionisten\/wp-content\/uploads\/sites\/10\/2025\/04\/Screenshot_20250412_201049_Gallery-1.jpg\" \/>\n\t<meta property=\"og:image:width\" content=\"1212\" \/>\n\t<meta property=\"og:image:height\" content=\"808\" \/>\n\t<meta property=\"og:image:type\" content=\"image\/jpeg\" \/>\n<meta name=\"author\" content=\"mariontobola\" \/>\n<meta name=\"twitter:card\" content=\"summary_large_image\" \/>\n<meta name=\"twitter:label1\" content=\"Verfasst von\" \/>\n\t<meta name=\"twitter:data1\" content=\"mariontobola\" \/>\n\t<meta name=\"twitter:label2\" content=\"Gesch\u00e4tzte Lesezeit\" \/>\n\t<meta name=\"twitter:data2\" content=\"3\u00a0Minuten\" \/>\n<script type=\"application\/ld+json\" class=\"yoast-schema-graph\">{\"@context\":\"https:\\\/\\\/schema.org\",\"@graph\":[{\"@type\":\"Article\",\"@id\":\"https:\\\/\\\/blog.vida.at\\\/pensionisten\\\/2025\\\/04\\\/29\\\/alles-neu-in-salzburg\\\/#article\",\"isPartOf\":{\"@id\":\"https:\\\/\\\/blog.vida.at\\\/pensionisten\\\/2025\\\/04\\\/29\\\/alles-neu-in-salzburg\\\/\"},\"author\":{\"name\":\"mariontobola\",\"@id\":\"https:\\\/\\\/blog.vida.at\\\/pensionisten\\\/#\\\/schema\\\/person\\\/88cee3ee93b9afdc51c92f5f63f38b8a\"},\"headline\":\"Alles neu in Salzburg\",\"datePublished\":\"2025-04-29T09:25:05+00:00\",\"dateModified\":\"2025-04-29T09:25:41+00:00\",\"mainEntityOfPage\":{\"@id\":\"https:\\\/\\\/blog.vida.at\\\/pensionisten\\\/2025\\\/04\\\/29\\\/alles-neu-in-salzburg\\\/\"},\"wordCount\":249,\"commentCount\":0,\"image\":{\"@id\":\"https:\\\/\\\/blog.vida.at\\\/pensionisten\\\/2025\\\/04\\\/29\\\/alles-neu-in-salzburg\\\/#primaryimage\"},\"thumbnailUrl\":\"https:\\\/\\\/blog.vida.at\\\/pensionisten\\\/wp-content\\\/uploads\\\/sites\\\/10\\\/2025\\\/04\\\/Screenshot_20250412_201049_Gallery-1.jpg\",\"articleSection\":{\"0\":\"Aktuelles\",\"2\":\"OG St. P\u00f6lten\",\"3\":\"Ortsgruppen\",\"4\":\"Salzburg\",\"5\":\"Top Aktuelles\",\"6\":\"Wien\"},\"inLanguage\":\"de\",\"potentialAction\":[{\"@type\":\"CommentAction\",\"name\":\"Comment\",\"target\":[\"https:\\\/\\\/blog.vida.at\\\/pensionisten\\\/2025\\\/04\\\/29\\\/alles-neu-in-salzburg\\\/#respond\"]}]},{\"@type\":\"WebPage\",\"@id\":\"https:\\\/\\\/blog.vida.at\\\/pensionisten\\\/2025\\\/04\\\/29\\\/alles-neu-in-salzburg\\\/\",\"url\":\"https:\\\/\\\/blog.vida.at\\\/pensionisten\\\/2025\\\/04\\\/29\\\/alles-neu-in-salzburg\\\/\",\"name\":\"Alles neu in Salzburg\",\"isPartOf\":{\"@id\":\"https:\\\/\\\/blog.vida.at\\\/pensionisten\\\/#website\"},\"primaryImageOfPage\":{\"@id\":\"https:\\\/\\\/blog.vida.at\\\/pensionisten\\\/2025\\\/04\\\/29\\\/alles-neu-in-salzburg\\\/#primaryimage\"},\"image\":{\"@id\":\"https:\\\/\\\/blog.vida.at\\\/pensionisten\\\/2025\\\/04\\\/29\\\/alles-neu-in-salzburg\\\/#primaryimage\"},\"thumbnailUrl\":\"https:\\\/\\\/blog.vida.at\\\/pensionisten\\\/wp-content\\\/uploads\\\/sites\\\/10\\\/2025\\\/04\\\/Screenshot_20250412_201049_Gallery-1.jpg\",\"datePublished\":\"2025-04-29T09:25:05+00:00\",\"dateModified\":\"2025-04-29T09:25:41+00:00\",\"author\":{\"@id\":\"https:\\\/\\\/blog.vida.at\\\/pensionisten\\\/#\\\/schema\\\/person\\\/88cee3ee93b9afdc51c92f5f63f38b8a\"},\"breadcrumb\":{\"@id\":\"https:\\\/\\\/blog.vida.at\\\/pensionisten\\\/2025\\\/04\\\/29\\\/alles-neu-in-salzburg\\\/#breadcrumb\"},\"inLanguage\":\"de\",\"potentialAction\":[{\"@type\":\"ReadAction\",\"target\":[\"https:\\\/\\\/blog.vida.at\\\/pensionisten\\\/2025\\\/04\\\/29\\\/alles-neu-in-salzburg\\\/\"]}]},{\"@type\":\"ImageObject\",\"inLanguage\":\"de\",\"@id\":\"https:\\\/\\\/blog.vida.at\\\/pensionisten\\\/2025\\\/04\\\/29\\\/alles-neu-in-salzburg\\\/#primaryimage\",\"url\":\"https:\\\/\\\/blog.vida.at\\\/pensionisten\\\/wp-content\\\/uploads\\\/sites\\\/10\\\/2025\\\/04\\\/Screenshot_20250412_201049_Gallery-1.jpg\",\"contentUrl\":\"https:\\\/\\\/blog.vida.at\\\/pensionisten\\\/wp-content\\\/uploads\\\/sites\\\/10\\\/2025\\\/04\\\/Screenshot_20250412_201049_Gallery-1.jpg\",\"width\":1212,\"height\":808},{\"@type\":\"BreadcrumbList\",\"@id\":\"https:\\\/\\\/blog.vida.at\\\/pensionisten\\\/2025\\\/04\\\/29\\\/alles-neu-in-salzburg\\\/#breadcrumb\",\"itemListElement\":[{\"@type\":\"ListItem\",\"position\":1,\"name\":\"Startseite\",\"item\":\"https:\\\/\\\/blog.vida.at\\\/pensionisten\\\/\"},{\"@type\":\"ListItem\",\"position\":2,\"name\":\"Alles neu in Salzburg\"}]},{\"@type\":\"WebSite\",\"@id\":\"https:\\\/\\\/blog.vida.at\\\/pensionisten\\\/#website\",\"url\":\"https:\\\/\\\/blog.vida.at\\\/pensionisten\\\/\",\"name\":\"vida Pensionisten\",\"description\":\"\",\"potentialAction\":[{\"@type\":\"SearchAction\",\"target\":{\"@type\":\"EntryPoint\",\"urlTemplate\":\"https:\\\/\\\/blog.vida.at\\\/pensionisten\\\/?s={search_term_string}\"},\"query-input\":{\"@type\":\"PropertyValueSpecification\",\"valueRequired\":true,\"valueName\":\"search_term_string\"}}],\"inLanguage\":\"de\"},{\"@type\":\"Person\",\"@id\":\"https:\\\/\\\/blog.vida.at\\\/pensionisten\\\/#\\\/schema\\\/person\\\/88cee3ee93b9afdc51c92f5f63f38b8a\",\"name\":\"mariontobola\",\"image\":{\"@type\":\"ImageObject\",\"inLanguage\":\"de\",\"@id\":\"https:\\\/\\\/secure.gravatar.com\\\/avatar\\\/5d2c516985e4eda61bca05bd3b4359b4358135bd1e1a5b08c539e9cd1edd6528?s=96&d=mm&r=g\",\"url\":\"https:\\\/\\\/secure.gravatar.com\\\/avatar\\\/5d2c516985e4eda61bca05bd3b4359b4358135bd1e1a5b08c539e9cd1edd6528?s=96&d=mm&r=g\",\"contentUrl\":\"https:\\\/\\\/secure.gravatar.com\\\/avatar\\\/5d2c516985e4eda61bca05bd3b4359b4358135bd1e1a5b08c539e9cd1edd6528?s=96&d=mm&r=g\",\"caption\":\"mariontobola\"},\"url\":\"https:\\\/\\\/blog.vida.at\\\/pensionisten\\\/author\\\/mariontobola\\\/\"}]}<\/script>\n<!-- \/ Yoast SEO plugin. -->","yoast_head_json":{"title":"Alles neu in Salzburg","robots":{"index":"index","follow":"follow","max-snippet":"max-snippet:-1","max-image-preview":"max-image-preview:large","max-video-preview":"max-video-preview:-1"},"canonical":"https:\/\/blog.vida.at\/pensionisten\/2025\/04\/29\/alles-neu-in-salzburg\/","og_locale":"de_DE","og_type":"article","og_title":"Alles neu in Salzburg","og_description":"Weichen gestellt mit neuem vida-Pensionist:innen-OG-Team. Neuer Vorsitzender, neue Angebote, neue Kan\u00e4le &#8211; alles f\u00fcrs und rund ums Mitglied.","og_url":"https:\/\/blog.vida.at\/pensionisten\/2025\/04\/29\/alles-neu-in-salzburg\/","og_site_name":"vida Pensionisten","article_published_time":"2025-04-29T09:25:05+00:00","article_modified_time":"2025-04-29T09:25:41+00:00","og_image":[{"width":1212,"height":808,"url":"https:\/\/blog.vida.at\/pensionisten\/wp-content\/uploads\/sites\/10\/2025\/04\/Screenshot_20250412_201049_Gallery-1.jpg","type":"image\/jpeg"}],"author":"mariontobola","twitter_card":"summary_large_image","twitter_misc":{"Verfasst von":"mariontobola","Gesch\u00e4tzte Lesezeit":"3\u00a0Minuten"},"schema":{"@context":"https:\/\/schema.org","@graph":[{"@type":"Article","@id":"https:\/\/blog.vida.at\/pensionisten\/2025\/04\/29\/alles-neu-in-salzburg\/#article","isPartOf":{"@id":"https:\/\/blog.vida.at\/pensionisten\/2025\/04\/29\/alles-neu-in-salzburg\/"},"author":{"name":"mariontobola","@id":"https:\/\/blog.vida.at\/pensionisten\/#\/schema\/person\/88cee3ee93b9afdc51c92f5f63f38b8a"},"headline":"Alles neu in Salzburg","datePublished":"2025-04-29T09:25:05+00:00","dateModified":"2025-04-29T09:25:41+00:00","mainEntityOfPage":{"@id":"https:\/\/blog.vida.at\/pensionisten\/2025\/04\/29\/alles-neu-in-salzburg\/"},"wordCount":249,"commentCount":0,"image":{"@id":"https:\/\/blog.vida.at\/pensionisten\/2025\/04\/29\/alles-neu-in-salzburg\/#primaryimage"},"thumbnailUrl":"https:\/\/blog.vida.at\/pensionisten\/wp-content\/uploads\/sites\/10\/2025\/04\/Screenshot_20250412_201049_Gallery-1.jpg","articleSection":{"0":"Aktuelles","2":"OG St. P\u00f6lten","3":"Ortsgruppen","4":"Salzburg","5":"Top Aktuelles","6":"Wien"},"inLanguage":"de","potentialAction":[{"@type":"CommentAction","name":"Comment","target":["https:\/\/blog.vida.at\/pensionisten\/2025\/04\/29\/alles-neu-in-salzburg\/#respond"]}]},{"@type":"WebPage","@id":"https:\/\/blog.vida.at\/pensionisten\/2025\/04\/29\/alles-neu-in-salzburg\/","url":"https:\/\/blog.vida.at\/pensionisten\/2025\/04\/29\/alles-neu-in-salzburg\/","name":"Alles neu in Salzburg","isPartOf":{"@id":"https:\/\/blog.vida.at\/pensionisten\/#website"},"primaryImageOfPage":{"@id":"https:\/\/blog.vida.at\/pensionisten\/2025\/04\/29\/alles-neu-in-salzburg\/#primaryimage"},"image":{"@id":"https:\/\/blog.vida.at\/pensionisten\/2025\/04\/29\/alles-neu-in-salzburg\/#primaryimage"},"thumbnailUrl":"https:\/\/blog.vida.at\/pensionisten\/wp-content\/uploads\/sites\/10\/2025\/04\/Screenshot_20250412_201049_Gallery-1.jpg","datePublished":"2025-04-29T09:25:05+00:00","dateModified":"2025-04-29T09:25:41+00:00","author":{"@id":"https:\/\/blog.vida.at\/pensionisten\/#\/schema\/person\/88cee3ee93b9afdc51c92f5f63f38b8a"},"breadcrumb":{"@id":"https:\/\/blog.vida.at\/pensionisten\/2025\/04\/29\/alles-neu-in-salzburg\/#breadcrumb"},"inLanguage":"de","potentialAction":[{"@type":"ReadAction","target":["https:\/\/blog.vida.at\/pensionisten\/2025\/04\/29\/alles-neu-in-salzburg\/"]}]},{"@type":"ImageObject","inLanguage":"de","@id":"https:\/\/blog.vida.at\/pensionisten\/2025\/04\/29\/alles-neu-in-salzburg\/#primaryimage","url":"https:\/\/blog.vida.at\/pensionisten\/wp-content\/uploads\/sites\/10\/2025\/04\/Screenshot_20250412_201049_Gallery-1.jpg","contentUrl":"https:\/\/blog.vida.at\/pensionisten\/wp-content\/uploads\/sites\/10\/2025\/04\/Screenshot_20250412_201049_Gallery-1.jpg","width":1212,"height":808},{"@type":"BreadcrumbList","@id":"https:\/\/blog.vida.at\/pensionisten\/2025\/04\/29\/alles-neu-in-salzburg\/#breadcrumb","itemListElement":[{"@type":"ListItem","position":1,"name":"Startseite","item":"https:\/\/blog.vida.at\/pensionisten\/"},{"@type":"ListItem","position":2,"name":"Alles neu in Salzburg"}]},{"@type":"WebSite","@id":"https:\/\/blog.vida.at\/pensionisten\/#website","url":"https:\/\/blog.vida.at\/pensionisten\/","name":"vida Pensionisten","description":"","potentialAction":[{"@type":"SearchAction","target":{"@type":"EntryPoint","urlTemplate":"https:\/\/blog.vida.at\/pensionisten\/?s={search_term_string}"},"query-input":{"@type":"PropertyValueSpecification","valueRequired":true,"valueName":"search_term_string"}}],"inLanguage":"de"},{"@type":"Person","@id":"https:\/\/blog.vida.at\/pensionisten\/#\/schema\/person\/88cee3ee93b9afdc51c92f5f63f38b8a","name":"mariontobola","image":{"@type":"ImageObject","inLanguage":"de","@id":"https:\/\/secure.gravatar.com\/avatar\/5d2c516985e4eda61bca05bd3b4359b4358135bd1e1a5b08c539e9cd1edd6528?s=96&d=mm&r=g","url":"https:\/\/secure.gravatar.com\/avatar\/5d2c516985e4eda61bca05bd3b4359b4358135bd1e1a5b08c539e9cd1edd6528?s=96&d=mm&r=g","contentUrl":"https:\/\/secure.gravatar.com\/avatar\/5d2c516985e4eda61bca05bd3b4359b4358135bd1e1a5b08c539e9cd1edd6528?s=96&d=mm&r=g","caption":"mariontobola"},"url":"https:\/\/blog.vida.at\/pensionisten\/author\/mariontobola\/"}]}},"author_meta":{"display_name":"mariontobola","author_link":"https:\/\/blog.vida.at\/pensionisten\/author\/mariontobola\/"},"featured_img":"https:\/\/blog.vida.at\/pensionisten\/wp-content\/uploads\/sites\/10\/2025\/04\/Screenshot_20250412_201049_Gallery-1-300x200.jpg","featured_image_src":"https:\/\/blog.vida.at\/pensionisten\/wp-content\/uploads\/sites\/10\/2025\/04\/Screenshot_20250412_201049_Gallery-1-600x400.jpg","featured_image_src_square":"https:\/\/blog.vida.at\/pensionisten\/wp-content\/uploads\/sites\/10\/2025\/04\/Screenshot_20250412_201049_Gallery-1-600x600.jpg","uagb_featured_image_src":{"full":["https:\/\/blog.vida.at\/pensionisten\/wp-content\/uploads\/sites\/10\/2025\/04\/Screenshot_20250412_201049_Gallery-1.jpg",1212,808,false],"thumbnail":["https:\/\/blog.vida.at\/pensionisten\/wp-content\/uploads\/sites\/10\/2025\/04\/Screenshot_20250412_201049_Gallery-1-150x150.jpg",150,150,true],"medium":["https:\/\/blog.vida.at\/pensionisten\/wp-content\/uploads\/sites\/10\/2025\/04\/Screenshot_20250412_201049_Gallery-1-300x200.jpg",300,200,true],"medium_large":["https:\/\/blog.vida.at\/pensionisten\/wp-content\/uploads\/sites\/10\/2025\/04\/Screenshot_20250412_201049_Gallery-1-768x512.jpg",640,427,true],"large":["https:\/\/blog.vida.at\/pensionisten\/wp-content\/uploads\/sites\/10\/2025\/04\/Screenshot_20250412_201049_Gallery-1-1024x683.jpg",640,427,true],"1536x1536":["https:\/\/blog.vida.at\/pensionisten\/wp-content\/uploads\/sites\/10\/2025\/04\/Screenshot_20250412_201049_Gallery-1.jpg",1212,808,false],"2048x2048":["https:\/\/blog.vida.at\/pensionisten\/wp-content\/uploads\/sites\/10\/2025\/04\/Screenshot_20250412_201049_Gallery-1.jpg",1212,808,false],"ab-block-post-grid-landscape":["https:\/\/blog.vida.at\/pensionisten\/wp-content\/uploads\/sites\/10\/2025\/04\/Screenshot_20250412_201049_Gallery-1-600x400.jpg",600,400,true],"ab-block-post-grid-square":["https:\/\/blog.vida.at\/pensionisten\/wp-content\/uploads\/sites\/10\/2025\/04\/Screenshot_20250412_201049_Gallery-1-600x600.jpg",600,600,true],"post-thumbnail":["https:\/\/blog.vida.at\/pensionisten\/wp-content\/uploads\/sites\/10\/2025\/04\/Screenshot_20250412_201049_Gallery-1.jpg",1212,808,false],"awb_sm":["https:\/\/blog.vida.at\/pensionisten\/wp-content\/uploads\/sites\/10\/2025\/04\/Screenshot_20250412_201049_Gallery-1-500x333.jpg",500,333,true],"awb_md":["https:\/\/blog.vida.at\/pensionisten\/wp-content\/uploads\/sites\/10\/2025\/04\/Screenshot_20250412_201049_Gallery-1-800x533.jpg",800,533,true],"awb_lg":["https:\/\/blog.vida.at\/pensionisten\/wp-content\/uploads\/sites\/10\/2025\/04\/Screenshot_20250412_201049_Gallery-1.jpg",1212,808,false],"awb_xl":["https:\/\/blog.vida.at\/pensionisten\/wp-content\/uploads\/sites\/10\/2025\/04\/Screenshot_20250412_201049_Gallery-1.jpg",1212,808,false]},"uagb_author_info":{"display_name":"mariontobola","author_link":"https:\/\/blog.vida.at\/pensionisten\/author\/mariontobola\/"},"uagb_comment_info":0,"uagb_excerpt":"Weichen gestellt mit neuem vida-Pensionist:innen-OG-Team. Neuer Vorsitzender, neue Angebote, neue Kan\u00e4le &#8211; alles f\u00fcrs und rund ums Mitglied.","coauthors":[],"tax_additional":{"categories":{"linked":["<a href=\"https:\/\/blog.vida.at\/pensionisten\/category\/aktuelles\/\" class=\"advgb-post-tax-term\">Aktuelles<\/a>","<a href=\"https:\/\/blog.vida.at\/pensionisten\/category\/allgemein\/\" class=\"advgb-post-tax-term\">Allgemein<\/a>","<a href=\"https:\/\/blog.vida.at\/pensionisten\/category\/ortsgruppen\/niederoesterreich\/og-st-poelten\/\" class=\"advgb-post-tax-term\">OG St. P\u00f6lten<\/a>","<a href=\"https:\/\/blog.vida.at\/pensionisten\/category\/ortsgruppen\/\" class=\"advgb-post-tax-term\">Ortsgruppen<\/a>","<a href=\"https:\/\/blog.vida.at\/pensionisten\/category\/ortsgruppen\/salzburg\/\" class=\"advgb-post-tax-term\">Salzburg<\/a>","<a href=\"https:\/\/blog.vida.at\/pensionisten\/category\/top-aktuelles\/\" class=\"advgb-post-tax-term\">Top Aktuelles<\/a>","<a href=\"https:\/\/blog.vida.at\/pensionisten\/category\/ortsgruppen\/wien\/\" class=\"advgb-post-tax-term\">Wien<\/a>"],"unlinked":["<span class=\"advgb-post-tax-term\">Aktuelles<\/span>","<span class=\"advgb-post-tax-term\">Allgemein<\/span>","<span class=\"advgb-post-tax-term\">OG St. P\u00f6lten<\/span>","<span class=\"advgb-post-tax-term\">Ortsgruppen<\/span>","<span class=\"advgb-post-tax-term\">Salzburg<\/span>","<span class=\"advgb-post-tax-term\">Top Aktuelles<\/span>","<span class=\"advgb-post-tax-term\">Wien<\/span>"]}},"comment_count":"0","relative_dates":{"created":"Ver\u00f6ffentlicht 12\u00a0Monaten vor","modified":"Aktualisiert 12\u00a0Monaten vor"},"absolute_dates":{"created":"Ver\u00f6ffentlicht am 29. April 2025","modified":"Aktualisiert am 29. April 2025"},"absolute_dates_time":{"created":"Ver\u00f6ffentlicht am 29. April 2025 11:25","modified":"Aktualisiert am 29. April 2025 11:25"},"featured_img_caption":"","series_order":"","_links":{"self":[{"href":"https:\/\/blog.vida.at\/pensionisten\/wp-json\/wp\/v2\/posts\/10762","targetHints":{"allow":["GET"]}}],"collection":[{"href":"https:\/\/blog.vida.at\/pensionisten\/wp-json\/wp\/v2\/posts"}],"about":[{"href":"https:\/\/blog.vida.at\/pensionisten\/wp-json\/wp\/v2\/types\/post"}],"author":[{"embeddable":true,"href":"https:\/\/blog.vida.at\/pensionisten\/wp-json\/wp\/v2\/users\/8"}],"replies":[{"embeddable":true,"href":"https:\/\/blog.vida.at\/pensionisten\/wp-json\/wp\/v2\/comments?post=10762"}],"version-history":[{"count":2,"href":"https:\/\/blog.vida.at\/pensionisten\/wp-json\/wp\/v2\/posts\/10762\/revisions"}],"predecessor-version":[{"id":10768,"href":"https:\/\/blog.vida.at\/pensionisten\/wp-json\/wp\/v2\/posts\/10762\/revisions\/10768"}],"wp:featuredmedia":[{"embeddable":true,"href":"https:\/\/blog.vida.at\/pensionisten\/wp-json\/wp\/v2\/media\/10766"}],"wp:attachment":[{"href":"https:\/\/blog.vida.at\/pensionisten\/wp-json\/wp\/v2\/media?parent=10762"}],"wp:term":[{"taxonomy":"category","embeddable":true,"href":"https:\/\/blog.vida.at\/pensionisten\/wp-json\/wp\/v2\/categories?post=10762"},{"taxonomy":"post_tag","embeddable":true,"href":"https:\/\/blog.vida.at\/pensionisten\/wp-json\/wp\/v2\/tags?post=10762"},{"taxonomy":"Orte","embeddable":true,"href":"https:\/\/blog.vida.at\/pensionisten\/wp-json\/wp\/v2\/Orte?post=10762"},{"taxonomy":"activitytype","embeddable":true,"href":"https:\/\/blog.vida.at\/pensionisten\/wp-json\/wp\/v2\/activitytype?post=10762"}],"curies":[{"name":"wp","href":"https:\/\/api.w.org\/{rel}","templated":true}]}}