
{"id":10836,"date":"2025-05-06T18:32:46","date_gmt":"2025-05-06T16:32:46","guid":{"rendered":"https:\/\/blog.vida.at\/pensionisten\/?p=10836"},"modified":"2025-05-06T18:32:47","modified_gmt":"2025-05-06T16:32:47","slug":"achtung-frauen-pension-rechtzeitig-planen","status":"publish","type":"post","link":"https:\/\/blog.vida.at\/pensionisten\/2025\/05\/06\/achtung-frauen-pension-rechtzeitig-planen\/","title":{"rendered":"Achtung Frauen: Pension rechtzeitig planen"},"content":{"rendered":"\n<div class=\"wp-block-group Container\"><div class=\"wp-block-group__inner-container is-layout-flow wp-block-group-is-layout-flow\">\n<p>Am <strong>13. Mai <\/strong>l\u00e4dt der <strong>Wiener<\/strong> <strong>Pensionistenverband<\/strong> zu einer <strong>Informationsveranstaltung<\/strong> ein.<\/p>\n\n\n\n<p><strong>Expert:innen informieren<\/strong> und stehen f\u00fcr Fragen zur Verf\u00fcgung. <strong>Gerne weitersagen!<\/strong><\/p>\n\n\n\n<!--more-->\n\n\n\n<p>Das Thema <strong>&#8222;Pension&#8220; <\/strong>geht uns alle an! Aber Frauen sind besonders gefordert, eigenverantwortlich ihre Pension zeitgerecht zu planen, um sp\u00e4ter <strong>keine unangenehmen \u00dcberraschungen<\/strong> zu erleben.<\/p>\n\n\n\n<p>Armut und insbesondere <strong>Armut von \u00e4lteren Frauen<\/strong> sind aktueller denn je. Aktionstage wie der <strong>\u201eEqual Pension Day\u201c<\/strong> oder der<strong> \u201eEqual Pay Day\u201c<\/strong> belegen diesen Status Quo. Es scheint so, als ob sich die Armutsspirale weiter nach unten drehen und es keinen Ausweg aus diesem Dilemma geben w\u00fcrde.<\/p>\n\n\n\n<p><strong><mark style=\"color:#fd0606\" class=\"has-inline-color\">Pension rechtzeitig planen<\/mark><\/strong><\/p>\n\n\n\n<p>Der <strong>Wiener Pensionistenverband <\/strong>will bei einer Informationsveranstaltung einen anderen Weg gehen und l\u00e4dt <strong>Expertinnen<\/strong> ein, um Frauen, die noch im Berufsleben stehen das Thema &#8222;Pension&#8220; aus verschiedenen Perspektiven n\u00e4her zu bringen. Es geht darum, offene Fragen zu beantworten und zu beraten.<\/p>\n\n\n\n<p><strong><mark style=\"color:#fa0202\" class=\"has-inline-color\">Neugierig? Gerne weitersagen!<\/mark><\/strong><\/p>\n\n\n\n<p><a href=\"https:\/\/pvoe.at\/wien\/themen\/aktuelles\/events\/detail\/after-work-podiumsgespraech-plan-your-future\/\" target=\"_blank\" rel=\"noreferrer noopener\">&gt;&gt;&gt; Hier geht\u2019s zum Programm und zur Anmeldung!<\/a><\/p>\n<\/div><\/div>\n","protected":false},"excerpt":{"rendered":"<p>Am 13. Mai l\u00e4dt der Wiener Pensionistenverband zu einer Informationsveranstaltung ein. Expert:innen informieren und stehen f\u00fcr Fragen zur Verf\u00fcgung. Gerne weitersagen!<\/p>\n","protected":false},"author":8,"featured_media":5322,"comment_status":"open","ping_status":"open","sticky":false,"template":"","format":"standard","meta":{"_uag_custom_page_level_css":"","advgb_blocks_editor_width":"","advgb_blocks_columns_visual_guide":"","footnotes":""},"categories":[4,1,32],"tags":[],"Orte":[],"activitytype":[],"class_list":["post-10836","post","type-post","status-publish","format-standard","has-post-thumbnail","hentry","category-aktuelles","category-allgemein","category-top-aktuelles","entry"],"featured_image_urls":{"full":["https:\/\/blog.vida.at\/pensionisten\/wp-content\/uploads\/sites\/10\/2022\/09\/Symbolbild_Altersarmut_Frauen_adobestock_kasto.jpg",900,600,false],"thumbnail":["https:\/\/blog.vida.at\/pensionisten\/wp-content\/uploads\/sites\/10\/2022\/09\/Symbolbild_Altersarmut_Frauen_adobestock_kasto-150x150.jpg",150,150,true],"medium":["https:\/\/blog.vida.at\/pensionisten\/wp-content\/uploads\/sites\/10\/2022\/09\/Symbolbild_Altersarmut_Frauen_adobestock_kasto-300x200.jpg",300,200,true],"medium_large":["https:\/\/blog.vida.at\/pensionisten\/wp-content\/uploads\/sites\/10\/2022\/09\/Symbolbild_Altersarmut_Frauen_adobestock_kasto-768x512.jpg",640,427,true],"large":["https:\/\/blog.vida.at\/pensionisten\/wp-content\/uploads\/sites\/10\/2022\/09\/Symbolbild_Altersarmut_Frauen_adobestock_kasto.jpg",640,427,false],"1536x1536":["https:\/\/blog.vida.at\/pensionisten\/wp-content\/uploads\/sites\/10\/2022\/09\/Symbolbild_Altersarmut_Frauen_adobestock_kasto.jpg",900,600,false],"2048x2048":["https:\/\/blog.vida.at\/pensionisten\/wp-content\/uploads\/sites\/10\/2022\/09\/Symbolbild_Altersarmut_Frauen_adobestock_kasto.jpg",900,600,false],"ab-block-post-grid-landscape":["https:\/\/blog.vida.at\/pensionisten\/wp-content\/uploads\/sites\/10\/2022\/09\/Symbolbild_Altersarmut_Frauen_adobestock_kasto-600x400.jpg",600,400,true],"ab-block-post-grid-square":["https:\/\/blog.vida.at\/pensionisten\/wp-content\/uploads\/sites\/10\/2022\/09\/Symbolbild_Altersarmut_Frauen_adobestock_kasto-600x600.jpg",600,600,true],"post-thumbnail":["https:\/\/blog.vida.at\/pensionisten\/wp-content\/uploads\/sites\/10\/2022\/09\/Symbolbild_Altersarmut_Frauen_adobestock_kasto.jpg",900,600,false],"awb_sm":["https:\/\/blog.vida.at\/pensionisten\/wp-content\/uploads\/sites\/10\/2022\/09\/Symbolbild_Altersarmut_Frauen_adobestock_kasto-500x333.jpg",500,333,true],"awb_md":["https:\/\/blog.vida.at\/pensionisten\/wp-content\/uploads\/sites\/10\/2022\/09\/Symbolbild_Altersarmut_Frauen_adobestock_kasto-800x533.jpg",800,533,true],"awb_lg":["https:\/\/blog.vida.at\/pensionisten\/wp-content\/uploads\/sites\/10\/2022\/09\/Symbolbild_Altersarmut_Frauen_adobestock_kasto.jpg",900,600,false],"awb_xl":["https:\/\/blog.vida.at\/pensionisten\/wp-content\/uploads\/sites\/10\/2022\/09\/Symbolbild_Altersarmut_Frauen_adobestock_kasto.jpg",900,600,false]},"post_excerpt_stackable":"<p>Am 13. Mai l\u00e4dt der Wiener Pensionistenverband zu einer Informationsveranstaltung ein. Expert:innen informieren und stehen f\u00fcr Fragen zur Verf\u00fcgung. Gerne weitersagen! Das Thema &#8222;Pension&#8220; geht uns alle an! Aber Frauen sind besonders gefordert, eigenverantwortlich ihre Pension zeitgerecht zu planen, um sp\u00e4ter keine unangenehmen \u00dcberraschungen zu erleben. Armut und insbesondere Armut von \u00e4lteren Frauen sind aktueller denn je. Aktionstage wie der \u201eEqual Pension Day\u201c oder der \u201eEqual Pay Day\u201c belegen diesen Status Quo. Es scheint so, als ob sich die Armutsspirale weiter nach unten drehen und es keinen Ausweg aus diesem Dilemma geben w\u00fcrde. Pension rechtzeitig planen Der Wiener Pensionistenverband will&hellip;<\/p>\n","category_list":"<a href=\"https:\/\/blog.vida.at\/pensionisten\/category\/aktuelles\/\" rel=\"category tag\">Aktuelles<\/a>, <a href=\"https:\/\/blog.vida.at\/pensionisten\/category\/allgemein\/\" rel=\"category tag\">Allgemein<\/a>, <a href=\"https:\/\/blog.vida.at\/pensionisten\/category\/top-aktuelles\/\" rel=\"category tag\">Top Aktuelles<\/a>","author_info":{"display_name":"mariontobola","author_link":"https:\/\/blog.vida.at\/pensionisten\/author\/mariontobola\/"},"comments_num":"0 comments","featured_image_urls_v2":{"full":["https:\/\/blog.vida.at\/pensionisten\/wp-content\/uploads\/sites\/10\/2022\/09\/Symbolbild_Altersarmut_Frauen_adobestock_kasto.jpg",900,600,false],"thumbnail":["https:\/\/blog.vida.at\/pensionisten\/wp-content\/uploads\/sites\/10\/2022\/09\/Symbolbild_Altersarmut_Frauen_adobestock_kasto-150x150.jpg",150,150,true],"medium":["https:\/\/blog.vida.at\/pensionisten\/wp-content\/uploads\/sites\/10\/2022\/09\/Symbolbild_Altersarmut_Frauen_adobestock_kasto-300x200.jpg",300,200,true],"medium_large":["https:\/\/blog.vida.at\/pensionisten\/wp-content\/uploads\/sites\/10\/2022\/09\/Symbolbild_Altersarmut_Frauen_adobestock_kasto-768x512.jpg",640,427,true],"large":["https:\/\/blog.vida.at\/pensionisten\/wp-content\/uploads\/sites\/10\/2022\/09\/Symbolbild_Altersarmut_Frauen_adobestock_kasto.jpg",640,427,false],"1536x1536":["https:\/\/blog.vida.at\/pensionisten\/wp-content\/uploads\/sites\/10\/2022\/09\/Symbolbild_Altersarmut_Frauen_adobestock_kasto.jpg",900,600,false],"2048x2048":["https:\/\/blog.vida.at\/pensionisten\/wp-content\/uploads\/sites\/10\/2022\/09\/Symbolbild_Altersarmut_Frauen_adobestock_kasto.jpg",900,600,false],"ab-block-post-grid-landscape":["https:\/\/blog.vida.at\/pensionisten\/wp-content\/uploads\/sites\/10\/2022\/09\/Symbolbild_Altersarmut_Frauen_adobestock_kasto-600x400.jpg",600,400,true],"ab-block-post-grid-square":["https:\/\/blog.vida.at\/pensionisten\/wp-content\/uploads\/sites\/10\/2022\/09\/Symbolbild_Altersarmut_Frauen_adobestock_kasto-600x600.jpg",600,600,true],"post-thumbnail":["https:\/\/blog.vida.at\/pensionisten\/wp-content\/uploads\/sites\/10\/2022\/09\/Symbolbild_Altersarmut_Frauen_adobestock_kasto.jpg",900,600,false],"awb_sm":["https:\/\/blog.vida.at\/pensionisten\/wp-content\/uploads\/sites\/10\/2022\/09\/Symbolbild_Altersarmut_Frauen_adobestock_kasto-500x333.jpg",500,333,true],"awb_md":["https:\/\/blog.vida.at\/pensionisten\/wp-content\/uploads\/sites\/10\/2022\/09\/Symbolbild_Altersarmut_Frauen_adobestock_kasto-800x533.jpg",800,533,true],"awb_lg":["https:\/\/blog.vida.at\/pensionisten\/wp-content\/uploads\/sites\/10\/2022\/09\/Symbolbild_Altersarmut_Frauen_adobestock_kasto.jpg",900,600,false],"awb_xl":["https:\/\/blog.vida.at\/pensionisten\/wp-content\/uploads\/sites\/10\/2022\/09\/Symbolbild_Altersarmut_Frauen_adobestock_kasto.jpg",900,600,false]},"post_excerpt_stackable_v2":"<p>Am 13. Mai l\u00e4dt der Wiener Pensionistenverband zu einer Informationsveranstaltung ein. Expert:innen informieren und stehen f\u00fcr Fragen zur Verf\u00fcgung. Gerne weitersagen! Das Thema &#8222;Pension&#8220; geht uns alle an! Aber Frauen sind besonders gefordert, eigenverantwortlich ihre Pension zeitgerecht zu planen, um sp\u00e4ter keine unangenehmen \u00dcberraschungen zu erleben. Armut und insbesondere Armut von \u00e4lteren Frauen sind aktueller denn je. Aktionstage wie der \u201eEqual Pension Day\u201c oder der \u201eEqual Pay Day\u201c belegen diesen Status Quo. Es scheint so, als ob sich die Armutsspirale weiter nach unten drehen und es keinen Ausweg aus diesem Dilemma geben w\u00fcrde. Pension rechtzeitig planen Der Wiener Pensionistenverband will&hellip;<\/p>\n","category_list_v2":"<a href=\"https:\/\/blog.vida.at\/pensionisten\/category\/aktuelles\/\" rel=\"category tag\">Aktuelles<\/a>, <a href=\"https:\/\/blog.vida.at\/pensionisten\/category\/allgemein\/\" rel=\"category tag\">Allgemein<\/a>, <a href=\"https:\/\/blog.vida.at\/pensionisten\/category\/top-aktuelles\/\" rel=\"category tag\">Top Aktuelles<\/a>","author_info_v2":{"name":"mariontobola","url":"https:\/\/blog.vida.at\/pensionisten\/author\/mariontobola\/"},"comments_num_v2":"0 comments","yoast_head":"<!-- This site is optimized with the Yoast SEO plugin v27.3 - https:\/\/yoast.com\/product\/yoast-seo-wordpress\/ -->\n<title>Achtung Frauen: Pension rechtzeitig planen<\/title>\n<meta name=\"robots\" content=\"index, follow, max-snippet:-1, max-image-preview:large, max-video-preview:-1\" \/>\n<link rel=\"canonical\" href=\"https:\/\/blog.vida.at\/pensionisten\/2025\/05\/06\/achtung-frauen-pension-rechtzeitig-planen\/\" \/>\n<meta property=\"og:locale\" content=\"de_DE\" \/>\n<meta property=\"og:type\" content=\"article\" \/>\n<meta property=\"og:title\" content=\"Achtung Frauen: Pension rechtzeitig planen\" \/>\n<meta property=\"og:description\" content=\"Am 13. Mai l\u00e4dt der Wiener Pensionistenverband zu einer Informationsveranstaltung ein. Expert:innen informieren und stehen f\u00fcr Fragen zur Verf\u00fcgung. Gerne weitersagen!\" \/>\n<meta property=\"og:url\" content=\"https:\/\/blog.vida.at\/pensionisten\/2025\/05\/06\/achtung-frauen-pension-rechtzeitig-planen\/\" \/>\n<meta property=\"og:site_name\" content=\"vida Pensionisten\" \/>\n<meta property=\"article:published_time\" content=\"2025-05-06T16:32:46+00:00\" \/>\n<meta property=\"article:modified_time\" content=\"2025-05-06T16:32:47+00:00\" \/>\n<meta property=\"og:image\" content=\"https:\/\/blog.vida.at\/pensionisten\/wp-content\/uploads\/sites\/10\/2022\/09\/Symbolbild_Altersarmut_Frauen_adobestock_kasto.jpg\" \/>\n\t<meta property=\"og:image:width\" content=\"900\" \/>\n\t<meta property=\"og:image:height\" content=\"600\" \/>\n\t<meta property=\"og:image:type\" content=\"image\/jpeg\" \/>\n<meta name=\"author\" content=\"mariontobola\" \/>\n<meta name=\"twitter:card\" content=\"summary_large_image\" \/>\n<meta name=\"twitter:label1\" content=\"Verfasst von\" \/>\n\t<meta name=\"twitter:data1\" content=\"mariontobola\" \/>\n\t<meta name=\"twitter:label2\" content=\"Gesch\u00e4tzte Lesezeit\" \/>\n\t<meta name=\"twitter:data2\" content=\"2\u00a0Minuten\" \/>\n<script type=\"application\/ld+json\" class=\"yoast-schema-graph\">{\"@context\":\"https:\\\/\\\/schema.org\",\"@graph\":[{\"@type\":\"Article\",\"@id\":\"https:\\\/\\\/blog.vida.at\\\/pensionisten\\\/2025\\\/05\\\/06\\\/achtung-frauen-pension-rechtzeitig-planen\\\/#article\",\"isPartOf\":{\"@id\":\"https:\\\/\\\/blog.vida.at\\\/pensionisten\\\/2025\\\/05\\\/06\\\/achtung-frauen-pension-rechtzeitig-planen\\\/\"},\"author\":{\"name\":\"mariontobola\",\"@id\":\"https:\\\/\\\/blog.vida.at\\\/pensionisten\\\/#\\\/schema\\\/person\\\/88cee3ee93b9afdc51c92f5f63f38b8a\"},\"headline\":\"Achtung Frauen: Pension rechtzeitig planen\",\"datePublished\":\"2025-05-06T16:32:46+00:00\",\"dateModified\":\"2025-05-06T16:32:47+00:00\",\"mainEntityOfPage\":{\"@id\":\"https:\\\/\\\/blog.vida.at\\\/pensionisten\\\/2025\\\/05\\\/06\\\/achtung-frauen-pension-rechtzeitig-planen\\\/\"},\"wordCount\":163,\"commentCount\":0,\"image\":{\"@id\":\"https:\\\/\\\/blog.vida.at\\\/pensionisten\\\/2025\\\/05\\\/06\\\/achtung-frauen-pension-rechtzeitig-planen\\\/#primaryimage\"},\"thumbnailUrl\":\"https:\\\/\\\/blog.vida.at\\\/pensionisten\\\/wp-content\\\/uploads\\\/sites\\\/10\\\/2022\\\/09\\\/Symbolbild_Altersarmut_Frauen_adobestock_kasto.jpg\",\"articleSection\":{\"0\":\"Aktuelles\",\"2\":\"Top Aktuelles\"},\"inLanguage\":\"de\",\"potentialAction\":[{\"@type\":\"CommentAction\",\"name\":\"Comment\",\"target\":[\"https:\\\/\\\/blog.vida.at\\\/pensionisten\\\/2025\\\/05\\\/06\\\/achtung-frauen-pension-rechtzeitig-planen\\\/#respond\"]}]},{\"@type\":\"WebPage\",\"@id\":\"https:\\\/\\\/blog.vida.at\\\/pensionisten\\\/2025\\\/05\\\/06\\\/achtung-frauen-pension-rechtzeitig-planen\\\/\",\"url\":\"https:\\\/\\\/blog.vida.at\\\/pensionisten\\\/2025\\\/05\\\/06\\\/achtung-frauen-pension-rechtzeitig-planen\\\/\",\"name\":\"Achtung Frauen: Pension rechtzeitig planen\",\"isPartOf\":{\"@id\":\"https:\\\/\\\/blog.vida.at\\\/pensionisten\\\/#website\"},\"primaryImageOfPage\":{\"@id\":\"https:\\\/\\\/blog.vida.at\\\/pensionisten\\\/2025\\\/05\\\/06\\\/achtung-frauen-pension-rechtzeitig-planen\\\/#primaryimage\"},\"image\":{\"@id\":\"https:\\\/\\\/blog.vida.at\\\/pensionisten\\\/2025\\\/05\\\/06\\\/achtung-frauen-pension-rechtzeitig-planen\\\/#primaryimage\"},\"thumbnailUrl\":\"https:\\\/\\\/blog.vida.at\\\/pensionisten\\\/wp-content\\\/uploads\\\/sites\\\/10\\\/2022\\\/09\\\/Symbolbild_Altersarmut_Frauen_adobestock_kasto.jpg\",\"datePublished\":\"2025-05-06T16:32:46+00:00\",\"dateModified\":\"2025-05-06T16:32:47+00:00\",\"author\":{\"@id\":\"https:\\\/\\\/blog.vida.at\\\/pensionisten\\\/#\\\/schema\\\/person\\\/88cee3ee93b9afdc51c92f5f63f38b8a\"},\"breadcrumb\":{\"@id\":\"https:\\\/\\\/blog.vida.at\\\/pensionisten\\\/2025\\\/05\\\/06\\\/achtung-frauen-pension-rechtzeitig-planen\\\/#breadcrumb\"},\"inLanguage\":\"de\",\"potentialAction\":[{\"@type\":\"ReadAction\",\"target\":[\"https:\\\/\\\/blog.vida.at\\\/pensionisten\\\/2025\\\/05\\\/06\\\/achtung-frauen-pension-rechtzeitig-planen\\\/\"]}]},{\"@type\":\"ImageObject\",\"inLanguage\":\"de\",\"@id\":\"https:\\\/\\\/blog.vida.at\\\/pensionisten\\\/2025\\\/05\\\/06\\\/achtung-frauen-pension-rechtzeitig-planen\\\/#primaryimage\",\"url\":\"https:\\\/\\\/blog.vida.at\\\/pensionisten\\\/wp-content\\\/uploads\\\/sites\\\/10\\\/2022\\\/09\\\/Symbolbild_Altersarmut_Frauen_adobestock_kasto.jpg\",\"contentUrl\":\"https:\\\/\\\/blog.vida.at\\\/pensionisten\\\/wp-content\\\/uploads\\\/sites\\\/10\\\/2022\\\/09\\\/Symbolbild_Altersarmut_Frauen_adobestock_kasto.jpg\",\"width\":900,\"height\":600},{\"@type\":\"BreadcrumbList\",\"@id\":\"https:\\\/\\\/blog.vida.at\\\/pensionisten\\\/2025\\\/05\\\/06\\\/achtung-frauen-pension-rechtzeitig-planen\\\/#breadcrumb\",\"itemListElement\":[{\"@type\":\"ListItem\",\"position\":1,\"name\":\"Startseite\",\"item\":\"https:\\\/\\\/blog.vida.at\\\/pensionisten\\\/\"},{\"@type\":\"ListItem\",\"position\":2,\"name\":\"Achtung Frauen: Pension rechtzeitig planen\"}]},{\"@type\":\"WebSite\",\"@id\":\"https:\\\/\\\/blog.vida.at\\\/pensionisten\\\/#website\",\"url\":\"https:\\\/\\\/blog.vida.at\\\/pensionisten\\\/\",\"name\":\"vida Pensionisten\",\"description\":\"\",\"potentialAction\":[{\"@type\":\"SearchAction\",\"target\":{\"@type\":\"EntryPoint\",\"urlTemplate\":\"https:\\\/\\\/blog.vida.at\\\/pensionisten\\\/?s={search_term_string}\"},\"query-input\":{\"@type\":\"PropertyValueSpecification\",\"valueRequired\":true,\"valueName\":\"search_term_string\"}}],\"inLanguage\":\"de\"},{\"@type\":\"Person\",\"@id\":\"https:\\\/\\\/blog.vida.at\\\/pensionisten\\\/#\\\/schema\\\/person\\\/88cee3ee93b9afdc51c92f5f63f38b8a\",\"name\":\"mariontobola\",\"image\":{\"@type\":\"ImageObject\",\"inLanguage\":\"de\",\"@id\":\"https:\\\/\\\/secure.gravatar.com\\\/avatar\\\/5d2c516985e4eda61bca05bd3b4359b4358135bd1e1a5b08c539e9cd1edd6528?s=96&d=mm&r=g\",\"url\":\"https:\\\/\\\/secure.gravatar.com\\\/avatar\\\/5d2c516985e4eda61bca05bd3b4359b4358135bd1e1a5b08c539e9cd1edd6528?s=96&d=mm&r=g\",\"contentUrl\":\"https:\\\/\\\/secure.gravatar.com\\\/avatar\\\/5d2c516985e4eda61bca05bd3b4359b4358135bd1e1a5b08c539e9cd1edd6528?s=96&d=mm&r=g\",\"caption\":\"mariontobola\"},\"url\":\"https:\\\/\\\/blog.vida.at\\\/pensionisten\\\/author\\\/mariontobola\\\/\"}]}<\/script>\n<!-- \/ Yoast SEO plugin. -->","yoast_head_json":{"title":"Achtung Frauen: Pension rechtzeitig planen","robots":{"index":"index","follow":"follow","max-snippet":"max-snippet:-1","max-image-preview":"max-image-preview:large","max-video-preview":"max-video-preview:-1"},"canonical":"https:\/\/blog.vida.at\/pensionisten\/2025\/05\/06\/achtung-frauen-pension-rechtzeitig-planen\/","og_locale":"de_DE","og_type":"article","og_title":"Achtung Frauen: Pension rechtzeitig planen","og_description":"Am 13. Mai l\u00e4dt der Wiener Pensionistenverband zu einer Informationsveranstaltung ein. Expert:innen informieren und stehen f\u00fcr Fragen zur Verf\u00fcgung. Gerne weitersagen!","og_url":"https:\/\/blog.vida.at\/pensionisten\/2025\/05\/06\/achtung-frauen-pension-rechtzeitig-planen\/","og_site_name":"vida Pensionisten","article_published_time":"2025-05-06T16:32:46+00:00","article_modified_time":"2025-05-06T16:32:47+00:00","og_image":[{"width":900,"height":600,"url":"https:\/\/blog.vida.at\/pensionisten\/wp-content\/uploads\/sites\/10\/2022\/09\/Symbolbild_Altersarmut_Frauen_adobestock_kasto.jpg","type":"image\/jpeg"}],"author":"mariontobola","twitter_card":"summary_large_image","twitter_misc":{"Verfasst von":"mariontobola","Gesch\u00e4tzte Lesezeit":"2\u00a0Minuten"},"schema":{"@context":"https:\/\/schema.org","@graph":[{"@type":"Article","@id":"https:\/\/blog.vida.at\/pensionisten\/2025\/05\/06\/achtung-frauen-pension-rechtzeitig-planen\/#article","isPartOf":{"@id":"https:\/\/blog.vida.at\/pensionisten\/2025\/05\/06\/achtung-frauen-pension-rechtzeitig-planen\/"},"author":{"name":"mariontobola","@id":"https:\/\/blog.vida.at\/pensionisten\/#\/schema\/person\/88cee3ee93b9afdc51c92f5f63f38b8a"},"headline":"Achtung Frauen: Pension rechtzeitig planen","datePublished":"2025-05-06T16:32:46+00:00","dateModified":"2025-05-06T16:32:47+00:00","mainEntityOfPage":{"@id":"https:\/\/blog.vida.at\/pensionisten\/2025\/05\/06\/achtung-frauen-pension-rechtzeitig-planen\/"},"wordCount":163,"commentCount":0,"image":{"@id":"https:\/\/blog.vida.at\/pensionisten\/2025\/05\/06\/achtung-frauen-pension-rechtzeitig-planen\/#primaryimage"},"thumbnailUrl":"https:\/\/blog.vida.at\/pensionisten\/wp-content\/uploads\/sites\/10\/2022\/09\/Symbolbild_Altersarmut_Frauen_adobestock_kasto.jpg","articleSection":{"0":"Aktuelles","2":"Top Aktuelles"},"inLanguage":"de","potentialAction":[{"@type":"CommentAction","name":"Comment","target":["https:\/\/blog.vida.at\/pensionisten\/2025\/05\/06\/achtung-frauen-pension-rechtzeitig-planen\/#respond"]}]},{"@type":"WebPage","@id":"https:\/\/blog.vida.at\/pensionisten\/2025\/05\/06\/achtung-frauen-pension-rechtzeitig-planen\/","url":"https:\/\/blog.vida.at\/pensionisten\/2025\/05\/06\/achtung-frauen-pension-rechtzeitig-planen\/","name":"Achtung Frauen: Pension rechtzeitig planen","isPartOf":{"@id":"https:\/\/blog.vida.at\/pensionisten\/#website"},"primaryImageOfPage":{"@id":"https:\/\/blog.vida.at\/pensionisten\/2025\/05\/06\/achtung-frauen-pension-rechtzeitig-planen\/#primaryimage"},"image":{"@id":"https:\/\/blog.vida.at\/pensionisten\/2025\/05\/06\/achtung-frauen-pension-rechtzeitig-planen\/#primaryimage"},"thumbnailUrl":"https:\/\/blog.vida.at\/pensionisten\/wp-content\/uploads\/sites\/10\/2022\/09\/Symbolbild_Altersarmut_Frauen_adobestock_kasto.jpg","datePublished":"2025-05-06T16:32:46+00:00","dateModified":"2025-05-06T16:32:47+00:00","author":{"@id":"https:\/\/blog.vida.at\/pensionisten\/#\/schema\/person\/88cee3ee93b9afdc51c92f5f63f38b8a"},"breadcrumb":{"@id":"https:\/\/blog.vida.at\/pensionisten\/2025\/05\/06\/achtung-frauen-pension-rechtzeitig-planen\/#breadcrumb"},"inLanguage":"de","potentialAction":[{"@type":"ReadAction","target":["https:\/\/blog.vida.at\/pensionisten\/2025\/05\/06\/achtung-frauen-pension-rechtzeitig-planen\/"]}]},{"@type":"ImageObject","inLanguage":"de","@id":"https:\/\/blog.vida.at\/pensionisten\/2025\/05\/06\/achtung-frauen-pension-rechtzeitig-planen\/#primaryimage","url":"https:\/\/blog.vida.at\/pensionisten\/wp-content\/uploads\/sites\/10\/2022\/09\/Symbolbild_Altersarmut_Frauen_adobestock_kasto.jpg","contentUrl":"https:\/\/blog.vida.at\/pensionisten\/wp-content\/uploads\/sites\/10\/2022\/09\/Symbolbild_Altersarmut_Frauen_adobestock_kasto.jpg","width":900,"height":600},{"@type":"BreadcrumbList","@id":"https:\/\/blog.vida.at\/pensionisten\/2025\/05\/06\/achtung-frauen-pension-rechtzeitig-planen\/#breadcrumb","itemListElement":[{"@type":"ListItem","position":1,"name":"Startseite","item":"https:\/\/blog.vida.at\/pensionisten\/"},{"@type":"ListItem","position":2,"name":"Achtung Frauen: Pension rechtzeitig planen"}]},{"@type":"WebSite","@id":"https:\/\/blog.vida.at\/pensionisten\/#website","url":"https:\/\/blog.vida.at\/pensionisten\/","name":"vida Pensionisten","description":"","potentialAction":[{"@type":"SearchAction","target":{"@type":"EntryPoint","urlTemplate":"https:\/\/blog.vida.at\/pensionisten\/?s={search_term_string}"},"query-input":{"@type":"PropertyValueSpecification","valueRequired":true,"valueName":"search_term_string"}}],"inLanguage":"de"},{"@type":"Person","@id":"https:\/\/blog.vida.at\/pensionisten\/#\/schema\/person\/88cee3ee93b9afdc51c92f5f63f38b8a","name":"mariontobola","image":{"@type":"ImageObject","inLanguage":"de","@id":"https:\/\/secure.gravatar.com\/avatar\/5d2c516985e4eda61bca05bd3b4359b4358135bd1e1a5b08c539e9cd1edd6528?s=96&d=mm&r=g","url":"https:\/\/secure.gravatar.com\/avatar\/5d2c516985e4eda61bca05bd3b4359b4358135bd1e1a5b08c539e9cd1edd6528?s=96&d=mm&r=g","contentUrl":"https:\/\/secure.gravatar.com\/avatar\/5d2c516985e4eda61bca05bd3b4359b4358135bd1e1a5b08c539e9cd1edd6528?s=96&d=mm&r=g","caption":"mariontobola"},"url":"https:\/\/blog.vida.at\/pensionisten\/author\/mariontobola\/"}]}},"author_meta":{"display_name":"mariontobola","author_link":"https:\/\/blog.vida.at\/pensionisten\/author\/mariontobola\/"},"featured_img":"https:\/\/blog.vida.at\/pensionisten\/wp-content\/uploads\/sites\/10\/2022\/09\/Symbolbild_Altersarmut_Frauen_adobestock_kasto-300x200.jpg","featured_image_src":"https:\/\/blog.vida.at\/pensionisten\/wp-content\/uploads\/sites\/10\/2022\/09\/Symbolbild_Altersarmut_Frauen_adobestock_kasto-600x400.jpg","featured_image_src_square":"https:\/\/blog.vida.at\/pensionisten\/wp-content\/uploads\/sites\/10\/2022\/09\/Symbolbild_Altersarmut_Frauen_adobestock_kasto-600x600.jpg","uagb_featured_image_src":{"full":["https:\/\/blog.vida.at\/pensionisten\/wp-content\/uploads\/sites\/10\/2022\/09\/Symbolbild_Altersarmut_Frauen_adobestock_kasto.jpg",900,600,false],"thumbnail":["https:\/\/blog.vida.at\/pensionisten\/wp-content\/uploads\/sites\/10\/2022\/09\/Symbolbild_Altersarmut_Frauen_adobestock_kasto-150x150.jpg",150,150,true],"medium":["https:\/\/blog.vida.at\/pensionisten\/wp-content\/uploads\/sites\/10\/2022\/09\/Symbolbild_Altersarmut_Frauen_adobestock_kasto-300x200.jpg",300,200,true],"medium_large":["https:\/\/blog.vida.at\/pensionisten\/wp-content\/uploads\/sites\/10\/2022\/09\/Symbolbild_Altersarmut_Frauen_adobestock_kasto-768x512.jpg",640,427,true],"large":["https:\/\/blog.vida.at\/pensionisten\/wp-content\/uploads\/sites\/10\/2022\/09\/Symbolbild_Altersarmut_Frauen_adobestock_kasto.jpg",640,427,false],"1536x1536":["https:\/\/blog.vida.at\/pensionisten\/wp-content\/uploads\/sites\/10\/2022\/09\/Symbolbild_Altersarmut_Frauen_adobestock_kasto.jpg",900,600,false],"2048x2048":["https:\/\/blog.vida.at\/pensionisten\/wp-content\/uploads\/sites\/10\/2022\/09\/Symbolbild_Altersarmut_Frauen_adobestock_kasto.jpg",900,600,false],"ab-block-post-grid-landscape":["https:\/\/blog.vida.at\/pensionisten\/wp-content\/uploads\/sites\/10\/2022\/09\/Symbolbild_Altersarmut_Frauen_adobestock_kasto-600x400.jpg",600,400,true],"ab-block-post-grid-square":["https:\/\/blog.vida.at\/pensionisten\/wp-content\/uploads\/sites\/10\/2022\/09\/Symbolbild_Altersarmut_Frauen_adobestock_kasto-600x600.jpg",600,600,true],"post-thumbnail":["https:\/\/blog.vida.at\/pensionisten\/wp-content\/uploads\/sites\/10\/2022\/09\/Symbolbild_Altersarmut_Frauen_adobestock_kasto.jpg",900,600,false],"awb_sm":["https:\/\/blog.vida.at\/pensionisten\/wp-content\/uploads\/sites\/10\/2022\/09\/Symbolbild_Altersarmut_Frauen_adobestock_kasto-500x333.jpg",500,333,true],"awb_md":["https:\/\/blog.vida.at\/pensionisten\/wp-content\/uploads\/sites\/10\/2022\/09\/Symbolbild_Altersarmut_Frauen_adobestock_kasto-800x533.jpg",800,533,true],"awb_lg":["https:\/\/blog.vida.at\/pensionisten\/wp-content\/uploads\/sites\/10\/2022\/09\/Symbolbild_Altersarmut_Frauen_adobestock_kasto.jpg",900,600,false],"awb_xl":["https:\/\/blog.vida.at\/pensionisten\/wp-content\/uploads\/sites\/10\/2022\/09\/Symbolbild_Altersarmut_Frauen_adobestock_kasto.jpg",900,600,false]},"uagb_author_info":{"display_name":"mariontobola","author_link":"https:\/\/blog.vida.at\/pensionisten\/author\/mariontobola\/"},"uagb_comment_info":0,"uagb_excerpt":"Am 13. Mai l\u00e4dt der Wiener Pensionistenverband zu einer Informationsveranstaltung ein. Expert:innen informieren und stehen f\u00fcr Fragen zur Verf\u00fcgung. Gerne weitersagen!","coauthors":[],"tax_additional":{"categories":{"linked":["<a href=\"https:\/\/blog.vida.at\/pensionisten\/category\/aktuelles\/\" class=\"advgb-post-tax-term\">Aktuelles<\/a>","<a href=\"https:\/\/blog.vida.at\/pensionisten\/category\/allgemein\/\" class=\"advgb-post-tax-term\">Allgemein<\/a>","<a href=\"https:\/\/blog.vida.at\/pensionisten\/category\/top-aktuelles\/\" class=\"advgb-post-tax-term\">Top Aktuelles<\/a>"],"unlinked":["<span class=\"advgb-post-tax-term\">Aktuelles<\/span>","<span class=\"advgb-post-tax-term\">Allgemein<\/span>","<span class=\"advgb-post-tax-term\">Top Aktuelles<\/span>"]}},"comment_count":"0","relative_dates":{"created":"Ver\u00f6ffentlicht 12\u00a0Monaten vor","modified":"Aktualisiert 12\u00a0Monaten vor"},"absolute_dates":{"created":"Ver\u00f6ffentlicht am 6. Mai 2025","modified":"Aktualisiert am 6. Mai 2025"},"absolute_dates_time":{"created":"Ver\u00f6ffentlicht am 6. Mai 2025 18:32","modified":"Aktualisiert am 6. Mai 2025 18:32"},"featured_img_caption":"","series_order":"","_links":{"self":[{"href":"https:\/\/blog.vida.at\/pensionisten\/wp-json\/wp\/v2\/posts\/10836","targetHints":{"allow":["GET"]}}],"collection":[{"href":"https:\/\/blog.vida.at\/pensionisten\/wp-json\/wp\/v2\/posts"}],"about":[{"href":"https:\/\/blog.vida.at\/pensionisten\/wp-json\/wp\/v2\/types\/post"}],"author":[{"embeddable":true,"href":"https:\/\/blog.vida.at\/pensionisten\/wp-json\/wp\/v2\/users\/8"}],"replies":[{"embeddable":true,"href":"https:\/\/blog.vida.at\/pensionisten\/wp-json\/wp\/v2\/comments?post=10836"}],"version-history":[{"count":1,"href":"https:\/\/blog.vida.at\/pensionisten\/wp-json\/wp\/v2\/posts\/10836\/revisions"}],"predecessor-version":[{"id":10837,"href":"https:\/\/blog.vida.at\/pensionisten\/wp-json\/wp\/v2\/posts\/10836\/revisions\/10837"}],"wp:featuredmedia":[{"embeddable":true,"href":"https:\/\/blog.vida.at\/pensionisten\/wp-json\/wp\/v2\/media\/5322"}],"wp:attachment":[{"href":"https:\/\/blog.vida.at\/pensionisten\/wp-json\/wp\/v2\/media?parent=10836"}],"wp:term":[{"taxonomy":"category","embeddable":true,"href":"https:\/\/blog.vida.at\/pensionisten\/wp-json\/wp\/v2\/categories?post=10836"},{"taxonomy":"post_tag","embeddable":true,"href":"https:\/\/blog.vida.at\/pensionisten\/wp-json\/wp\/v2\/tags?post=10836"},{"taxonomy":"Orte","embeddable":true,"href":"https:\/\/blog.vida.at\/pensionisten\/wp-json\/wp\/v2\/Orte?post=10836"},{"taxonomy":"activitytype","embeddable":true,"href":"https:\/\/blog.vida.at\/pensionisten\/wp-json\/wp\/v2\/activitytype?post=10836"}],"curies":[{"name":"wp","href":"https:\/\/api.w.org\/{rel}","templated":true}]}}