
{"id":10896,"date":"2025-05-19T12:02:03","date_gmt":"2025-05-19T10:02:03","guid":{"rendered":"https:\/\/blog.vida.at\/pensionisten\/?p=10896"},"modified":"2025-05-19T12:02:37","modified_gmt":"2025-05-19T10:02:37","slug":"komm-zum-gesundheits-und-vorsorge-infotag","status":"publish","type":"post","link":"https:\/\/blog.vida.at\/pensionisten\/2025\/05\/19\/komm-zum-gesundheits-und-vorsorge-infotag\/","title":{"rendered":"Komm zum Gesundheits- und Vorsorge-Infotag"},"content":{"rendered":"\n<div class=\"wp-block-group Container\"><div class=\"wp-block-group__inner-container is-layout-flow wp-block-group-is-layout-flow\">\n<p><strong>Wann: <\/strong>5. Juni 2025, ab 10 Uhr &#8211; <strong>Wo:<\/strong> AK\/\u00d6GB Haus Eisenstadt<\/p>\n\n\n\n<p>Die <strong>vida Pensionist:innen Burgenland <\/strong>laden gemeinsam mit AK und Partnerorganisationen ein! <strong>Sei dabei und informiere dich<\/strong> zu Pflege, Gesundheit und mehr. <\/p>\n\n\n\n<!--more-->\n\n\n\n<p>Die allermeisten Menschen sind in ihrem Leben mit Themen wie Pflege, Gesundheitsvorsorge und leistbarer Energie konfrontiert.&nbsp;&nbsp;&nbsp;&nbsp;&nbsp;&nbsp;&nbsp;&nbsp;&nbsp;&nbsp;&nbsp;&nbsp;<\/p>\n\n\n\n<p><strong>Die vida-Pensionist:innen im Burgenland laden deshalb mit Unterst\u00fctzung der Arbeiterkammer und anderer Partnerorganisationen zum Infotag zu den Themen:<\/strong><\/p>\n\n\n\n<ul class=\"wp-block-list\">\n<li><mark style=\"color:#f80000\" class=\"has-inline-color\">Wie kann ich Pflege organisieren?<\/mark><\/li>\n\n\n\n<li><mark style=\"color:#f90404\" class=\"has-inline-color\">Welche F\u00f6rderungen gibt es?<\/mark><\/li>\n\n\n\n<li><mark style=\"color:#fa0404\" class=\"has-inline-color\">Wie unterst\u00fctzen die Sozialversicherungen?<\/mark><\/li>\n\n\n\n<li><mark style=\"color:#ff0202\" class=\"has-inline-color\">Wie komme ich zu g\u00fcnstiger Energie?<\/mark><\/li>\n<\/ul>\n\n\n\n<p><strong>Wann: <\/strong>5. Juni 2025, ab 10 Uhr<\/p>\n\n\n\n<p><strong>Wo:<\/strong> AK\/\u00d6GB Haus Eisenstadt, Wiener Str. 7, 7000 Eisenstadt<\/p>\n\n\n\n<p><strong>Anmeldung:<\/strong> Aufgrund der begrenzten Teilnehmeranzahl bitten wir um telefonische Anmeldung bis zum 23. Mai 2025 unter der Nummer 02682\/770 71012.<\/p>\n\n\n\n<p><strong>Wir freuen uns auf deine Teilnahme! <\/strong><\/p>\n\n\n\n<figure class=\"wp-block-image alignfull size-full\"><img loading=\"lazy\" decoding=\"async\" width=\"673\" height=\"420\" src=\"https:\/\/blog.vida.at\/pensionisten\/wp-content\/uploads\/sites\/10\/2025\/05\/vida_Burgenland_Pensionisten_Gesundheit_Vorsorge_Infotag_2025.png\" alt=\"\" class=\"wp-image-10897\" srcset=\"https:\/\/blog.vida.at\/pensionisten\/wp-content\/uploads\/sites\/10\/2025\/05\/vida_Burgenland_Pensionisten_Gesundheit_Vorsorge_Infotag_2025.png 673w, https:\/\/blog.vida.at\/pensionisten\/wp-content\/uploads\/sites\/10\/2025\/05\/vida_Burgenland_Pensionisten_Gesundheit_Vorsorge_Infotag_2025-300x187.png 300w, https:\/\/blog.vida.at\/pensionisten\/wp-content\/uploads\/sites\/10\/2025\/05\/vida_Burgenland_Pensionisten_Gesundheit_Vorsorge_Infotag_2025-500x312.png 500w\" sizes=\"auto, (max-width: 673px) 100vw, 673px\" \/><\/figure>\n<\/div><\/div>\n","protected":false},"excerpt":{"rendered":"<p>Wann: 5. Juni 2025, ab 10 Uhr &#8211; Wo: AK\/\u00d6GB Haus Eisenstadt Die vida Pensionist:innen Burgenland laden gemeinsam mit AK und Partnerorganisationen ein! Sei dabei und informiere dich zu Pflege, Gesundheit und mehr.<\/p>\n","protected":false},"author":8,"featured_media":10339,"comment_status":"open","ping_status":"open","sticky":false,"template":"","format":"standard","meta":{"_uag_custom_page_level_css":"","advgb_blocks_editor_width":"","advgb_blocks_columns_visual_guide":"","footnotes":""},"categories":[4,1,32],"tags":[],"Orte":[],"activitytype":[],"class_list":["post-10896","post","type-post","status-publish","format-standard","has-post-thumbnail","hentry","category-aktuelles","category-allgemein","category-top-aktuelles","entry"],"featured_image_urls":{"full":["https:\/\/blog.vida.at\/pensionisten\/wp-content\/uploads\/sites\/10\/2025\/03\/Weltgesundheittag_Seniorengesundheit_Bild_quer.png",408,272,false],"thumbnail":["https:\/\/blog.vida.at\/pensionisten\/wp-content\/uploads\/sites\/10\/2025\/03\/Weltgesundheittag_Seniorengesundheit_Bild_quer-150x150.png",150,150,true],"medium":["https:\/\/blog.vida.at\/pensionisten\/wp-content\/uploads\/sites\/10\/2025\/03\/Weltgesundheittag_Seniorengesundheit_Bild_quer-300x200.png",300,200,true],"medium_large":["https:\/\/blog.vida.at\/pensionisten\/wp-content\/uploads\/sites\/10\/2025\/03\/Weltgesundheittag_Seniorengesundheit_Bild_quer.png",408,272,false],"large":["https:\/\/blog.vida.at\/pensionisten\/wp-content\/uploads\/sites\/10\/2025\/03\/Weltgesundheittag_Seniorengesundheit_Bild_quer.png",408,272,false],"1536x1536":["https:\/\/blog.vida.at\/pensionisten\/wp-content\/uploads\/sites\/10\/2025\/03\/Weltgesundheittag_Seniorengesundheit_Bild_quer.png",408,272,false],"2048x2048":["https:\/\/blog.vida.at\/pensionisten\/wp-content\/uploads\/sites\/10\/2025\/03\/Weltgesundheittag_Seniorengesundheit_Bild_quer.png",408,272,false],"ab-block-post-grid-landscape":["https:\/\/blog.vida.at\/pensionisten\/wp-content\/uploads\/sites\/10\/2025\/03\/Weltgesundheittag_Seniorengesundheit_Bild_quer.png",408,272,false],"ab-block-post-grid-square":["https:\/\/blog.vida.at\/pensionisten\/wp-content\/uploads\/sites\/10\/2025\/03\/Weltgesundheittag_Seniorengesundheit_Bild_quer.png",408,272,false],"post-thumbnail":["https:\/\/blog.vida.at\/pensionisten\/wp-content\/uploads\/sites\/10\/2025\/03\/Weltgesundheittag_Seniorengesundheit_Bild_quer.png",408,272,false],"awb_sm":["https:\/\/blog.vida.at\/pensionisten\/wp-content\/uploads\/sites\/10\/2025\/03\/Weltgesundheittag_Seniorengesundheit_Bild_quer.png",408,272,false],"awb_md":["https:\/\/blog.vida.at\/pensionisten\/wp-content\/uploads\/sites\/10\/2025\/03\/Weltgesundheittag_Seniorengesundheit_Bild_quer.png",408,272,false],"awb_lg":["https:\/\/blog.vida.at\/pensionisten\/wp-content\/uploads\/sites\/10\/2025\/03\/Weltgesundheittag_Seniorengesundheit_Bild_quer.png",408,272,false],"awb_xl":["https:\/\/blog.vida.at\/pensionisten\/wp-content\/uploads\/sites\/10\/2025\/03\/Weltgesundheittag_Seniorengesundheit_Bild_quer.png",408,272,false]},"post_excerpt_stackable":"<p>Wann: 5. Juni 2025, ab 10 Uhr &#8211; Wo: AK\/\u00d6GB Haus Eisenstadt Die vida Pensionist:innen Burgenland laden gemeinsam mit AK und Partnerorganisationen ein! Sei dabei und informiere dich zu Pflege, Gesundheit und mehr. Die allermeisten Menschen sind in ihrem Leben mit Themen wie Pflege, Gesundheitsvorsorge und leistbarer Energie konfrontiert.&nbsp;&nbsp;&nbsp;&nbsp;&nbsp;&nbsp;&nbsp;&nbsp;&nbsp;&nbsp;&nbsp;&nbsp; Die vida-Pensionist:innen im Burgenland laden deshalb mit Unterst\u00fctzung der Arbeiterkammer und anderer Partnerorganisationen zum Infotag zu den Themen: Wie kann ich Pflege organisieren? Welche F\u00f6rderungen gibt es? Wie unterst\u00fctzen die Sozialversicherungen? Wie komme ich zu g\u00fcnstiger Energie? Wann: 5. Juni 2025, ab 10 Uhr Wo: AK\/\u00d6GB Haus Eisenstadt, Wiener Str. 7,&hellip;<\/p>\n","category_list":"<a href=\"https:\/\/blog.vida.at\/pensionisten\/category\/aktuelles\/\" rel=\"category tag\">Aktuelles<\/a>, <a href=\"https:\/\/blog.vida.at\/pensionisten\/category\/allgemein\/\" rel=\"category tag\">Allgemein<\/a>, <a href=\"https:\/\/blog.vida.at\/pensionisten\/category\/top-aktuelles\/\" rel=\"category tag\">Top Aktuelles<\/a>","author_info":{"display_name":"mariontobola","author_link":"https:\/\/blog.vida.at\/pensionisten\/author\/mariontobola\/"},"comments_num":"0 comments","featured_image_urls_v2":{"full":["https:\/\/blog.vida.at\/pensionisten\/wp-content\/uploads\/sites\/10\/2025\/03\/Weltgesundheittag_Seniorengesundheit_Bild_quer.png",408,272,false],"thumbnail":["https:\/\/blog.vida.at\/pensionisten\/wp-content\/uploads\/sites\/10\/2025\/03\/Weltgesundheittag_Seniorengesundheit_Bild_quer-150x150.png",150,150,true],"medium":["https:\/\/blog.vida.at\/pensionisten\/wp-content\/uploads\/sites\/10\/2025\/03\/Weltgesundheittag_Seniorengesundheit_Bild_quer-300x200.png",300,200,true],"medium_large":["https:\/\/blog.vida.at\/pensionisten\/wp-content\/uploads\/sites\/10\/2025\/03\/Weltgesundheittag_Seniorengesundheit_Bild_quer.png",408,272,false],"large":["https:\/\/blog.vida.at\/pensionisten\/wp-content\/uploads\/sites\/10\/2025\/03\/Weltgesundheittag_Seniorengesundheit_Bild_quer.png",408,272,false],"1536x1536":["https:\/\/blog.vida.at\/pensionisten\/wp-content\/uploads\/sites\/10\/2025\/03\/Weltgesundheittag_Seniorengesundheit_Bild_quer.png",408,272,false],"2048x2048":["https:\/\/blog.vida.at\/pensionisten\/wp-content\/uploads\/sites\/10\/2025\/03\/Weltgesundheittag_Seniorengesundheit_Bild_quer.png",408,272,false],"ab-block-post-grid-landscape":["https:\/\/blog.vida.at\/pensionisten\/wp-content\/uploads\/sites\/10\/2025\/03\/Weltgesundheittag_Seniorengesundheit_Bild_quer.png",408,272,false],"ab-block-post-grid-square":["https:\/\/blog.vida.at\/pensionisten\/wp-content\/uploads\/sites\/10\/2025\/03\/Weltgesundheittag_Seniorengesundheit_Bild_quer.png",408,272,false],"post-thumbnail":["https:\/\/blog.vida.at\/pensionisten\/wp-content\/uploads\/sites\/10\/2025\/03\/Weltgesundheittag_Seniorengesundheit_Bild_quer.png",408,272,false],"awb_sm":["https:\/\/blog.vida.at\/pensionisten\/wp-content\/uploads\/sites\/10\/2025\/03\/Weltgesundheittag_Seniorengesundheit_Bild_quer.png",408,272,false],"awb_md":["https:\/\/blog.vida.at\/pensionisten\/wp-content\/uploads\/sites\/10\/2025\/03\/Weltgesundheittag_Seniorengesundheit_Bild_quer.png",408,272,false],"awb_lg":["https:\/\/blog.vida.at\/pensionisten\/wp-content\/uploads\/sites\/10\/2025\/03\/Weltgesundheittag_Seniorengesundheit_Bild_quer.png",408,272,false],"awb_xl":["https:\/\/blog.vida.at\/pensionisten\/wp-content\/uploads\/sites\/10\/2025\/03\/Weltgesundheittag_Seniorengesundheit_Bild_quer.png",408,272,false]},"post_excerpt_stackable_v2":"<p>Wann: 5. Juni 2025, ab 10 Uhr &#8211; Wo: AK\/\u00d6GB Haus Eisenstadt Die vida Pensionist:innen Burgenland laden gemeinsam mit AK und Partnerorganisationen ein! Sei dabei und informiere dich zu Pflege, Gesundheit und mehr. Die allermeisten Menschen sind in ihrem Leben mit Themen wie Pflege, Gesundheitsvorsorge und leistbarer Energie konfrontiert.&nbsp;&nbsp;&nbsp;&nbsp;&nbsp;&nbsp;&nbsp;&nbsp;&nbsp;&nbsp;&nbsp;&nbsp; Die vida-Pensionist:innen im Burgenland laden deshalb mit Unterst\u00fctzung der Arbeiterkammer und anderer Partnerorganisationen zum Infotag zu den Themen: Wie kann ich Pflege organisieren? Welche F\u00f6rderungen gibt es? Wie unterst\u00fctzen die Sozialversicherungen? Wie komme ich zu g\u00fcnstiger Energie? Wann: 5. Juni 2025, ab 10 Uhr Wo: AK\/\u00d6GB Haus Eisenstadt, Wiener Str. 7,&hellip;<\/p>\n","category_list_v2":"<a href=\"https:\/\/blog.vida.at\/pensionisten\/category\/aktuelles\/\" rel=\"category tag\">Aktuelles<\/a>, <a href=\"https:\/\/blog.vida.at\/pensionisten\/category\/allgemein\/\" rel=\"category tag\">Allgemein<\/a>, <a href=\"https:\/\/blog.vida.at\/pensionisten\/category\/top-aktuelles\/\" rel=\"category tag\">Top Aktuelles<\/a>","author_info_v2":{"name":"mariontobola","url":"https:\/\/blog.vida.at\/pensionisten\/author\/mariontobola\/"},"comments_num_v2":"0 comments","yoast_head":"<!-- This site is optimized with the Yoast SEO plugin v27.3 - https:\/\/yoast.com\/product\/yoast-seo-wordpress\/ -->\n<title>Komm zum Gesundheits- und Vorsorge-Infotag<\/title>\n<meta name=\"robots\" content=\"index, follow, max-snippet:-1, max-image-preview:large, max-video-preview:-1\" \/>\n<link rel=\"canonical\" href=\"https:\/\/blog.vida.at\/pensionisten\/2025\/05\/19\/komm-zum-gesundheits-und-vorsorge-infotag\/\" \/>\n<meta property=\"og:locale\" content=\"de_DE\" \/>\n<meta property=\"og:type\" content=\"article\" \/>\n<meta property=\"og:title\" content=\"Komm zum Gesundheits- und Vorsorge-Infotag\" \/>\n<meta property=\"og:description\" content=\"Wann: 5. Juni 2025, ab 10 Uhr &#8211; Wo: AK\/\u00d6GB Haus Eisenstadt Die vida Pensionist:innen Burgenland laden gemeinsam mit AK und Partnerorganisationen ein! Sei dabei und informiere dich zu Pflege, Gesundheit und mehr.\" \/>\n<meta property=\"og:url\" content=\"https:\/\/blog.vida.at\/pensionisten\/2025\/05\/19\/komm-zum-gesundheits-und-vorsorge-infotag\/\" \/>\n<meta property=\"og:site_name\" content=\"vida Pensionisten\" \/>\n<meta property=\"article:published_time\" content=\"2025-05-19T10:02:03+00:00\" \/>\n<meta property=\"article:modified_time\" content=\"2025-05-19T10:02:37+00:00\" \/>\n<meta property=\"og:image\" content=\"https:\/\/blog.vida.at\/pensionisten\/wp-content\/uploads\/sites\/10\/2025\/03\/Weltgesundheittag_Seniorengesundheit_Bild_quer.png\" \/>\n\t<meta property=\"og:image:width\" content=\"408\" \/>\n\t<meta property=\"og:image:height\" content=\"272\" \/>\n\t<meta property=\"og:image:type\" content=\"image\/png\" \/>\n<meta name=\"author\" content=\"mariontobola\" \/>\n<meta name=\"twitter:card\" content=\"summary_large_image\" \/>\n<meta name=\"twitter:label1\" content=\"Verfasst von\" \/>\n\t<meta name=\"twitter:data1\" content=\"mariontobola\" \/>\n\t<meta name=\"twitter:label2\" content=\"Gesch\u00e4tzte Lesezeit\" \/>\n\t<meta name=\"twitter:data2\" content=\"2\u00a0Minuten\" \/>\n<script type=\"application\/ld+json\" class=\"yoast-schema-graph\">{\"@context\":\"https:\\\/\\\/schema.org\",\"@graph\":[{\"@type\":\"Article\",\"@id\":\"https:\\\/\\\/blog.vida.at\\\/pensionisten\\\/2025\\\/05\\\/19\\\/komm-zum-gesundheits-und-vorsorge-infotag\\\/#article\",\"isPartOf\":{\"@id\":\"https:\\\/\\\/blog.vida.at\\\/pensionisten\\\/2025\\\/05\\\/19\\\/komm-zum-gesundheits-und-vorsorge-infotag\\\/\"},\"author\":{\"name\":\"mariontobola\",\"@id\":\"https:\\\/\\\/blog.vida.at\\\/pensionisten\\\/#\\\/schema\\\/person\\\/88cee3ee93b9afdc51c92f5f63f38b8a\"},\"headline\":\"Komm zum Gesundheits- und Vorsorge-Infotag\",\"datePublished\":\"2025-05-19T10:02:03+00:00\",\"dateModified\":\"2025-05-19T10:02:37+00:00\",\"mainEntityOfPage\":{\"@id\":\"https:\\\/\\\/blog.vida.at\\\/pensionisten\\\/2025\\\/05\\\/19\\\/komm-zum-gesundheits-und-vorsorge-infotag\\\/\"},\"wordCount\":141,\"commentCount\":0,\"image\":{\"@id\":\"https:\\\/\\\/blog.vida.at\\\/pensionisten\\\/2025\\\/05\\\/19\\\/komm-zum-gesundheits-und-vorsorge-infotag\\\/#primaryimage\"},\"thumbnailUrl\":\"https:\\\/\\\/blog.vida.at\\\/pensionisten\\\/wp-content\\\/uploads\\\/sites\\\/10\\\/2025\\\/03\\\/Weltgesundheittag_Seniorengesundheit_Bild_quer.png\",\"articleSection\":{\"0\":\"Aktuelles\",\"2\":\"Top Aktuelles\"},\"inLanguage\":\"de\",\"potentialAction\":[{\"@type\":\"CommentAction\",\"name\":\"Comment\",\"target\":[\"https:\\\/\\\/blog.vida.at\\\/pensionisten\\\/2025\\\/05\\\/19\\\/komm-zum-gesundheits-und-vorsorge-infotag\\\/#respond\"]}]},{\"@type\":\"WebPage\",\"@id\":\"https:\\\/\\\/blog.vida.at\\\/pensionisten\\\/2025\\\/05\\\/19\\\/komm-zum-gesundheits-und-vorsorge-infotag\\\/\",\"url\":\"https:\\\/\\\/blog.vida.at\\\/pensionisten\\\/2025\\\/05\\\/19\\\/komm-zum-gesundheits-und-vorsorge-infotag\\\/\",\"name\":\"Komm zum Gesundheits- und Vorsorge-Infotag\",\"isPartOf\":{\"@id\":\"https:\\\/\\\/blog.vida.at\\\/pensionisten\\\/#website\"},\"primaryImageOfPage\":{\"@id\":\"https:\\\/\\\/blog.vida.at\\\/pensionisten\\\/2025\\\/05\\\/19\\\/komm-zum-gesundheits-und-vorsorge-infotag\\\/#primaryimage\"},\"image\":{\"@id\":\"https:\\\/\\\/blog.vida.at\\\/pensionisten\\\/2025\\\/05\\\/19\\\/komm-zum-gesundheits-und-vorsorge-infotag\\\/#primaryimage\"},\"thumbnailUrl\":\"https:\\\/\\\/blog.vida.at\\\/pensionisten\\\/wp-content\\\/uploads\\\/sites\\\/10\\\/2025\\\/03\\\/Weltgesundheittag_Seniorengesundheit_Bild_quer.png\",\"datePublished\":\"2025-05-19T10:02:03+00:00\",\"dateModified\":\"2025-05-19T10:02:37+00:00\",\"author\":{\"@id\":\"https:\\\/\\\/blog.vida.at\\\/pensionisten\\\/#\\\/schema\\\/person\\\/88cee3ee93b9afdc51c92f5f63f38b8a\"},\"breadcrumb\":{\"@id\":\"https:\\\/\\\/blog.vida.at\\\/pensionisten\\\/2025\\\/05\\\/19\\\/komm-zum-gesundheits-und-vorsorge-infotag\\\/#breadcrumb\"},\"inLanguage\":\"de\",\"potentialAction\":[{\"@type\":\"ReadAction\",\"target\":[\"https:\\\/\\\/blog.vida.at\\\/pensionisten\\\/2025\\\/05\\\/19\\\/komm-zum-gesundheits-und-vorsorge-infotag\\\/\"]}]},{\"@type\":\"ImageObject\",\"inLanguage\":\"de\",\"@id\":\"https:\\\/\\\/blog.vida.at\\\/pensionisten\\\/2025\\\/05\\\/19\\\/komm-zum-gesundheits-und-vorsorge-infotag\\\/#primaryimage\",\"url\":\"https:\\\/\\\/blog.vida.at\\\/pensionisten\\\/wp-content\\\/uploads\\\/sites\\\/10\\\/2025\\\/03\\\/Weltgesundheittag_Seniorengesundheit_Bild_quer.png\",\"contentUrl\":\"https:\\\/\\\/blog.vida.at\\\/pensionisten\\\/wp-content\\\/uploads\\\/sites\\\/10\\\/2025\\\/03\\\/Weltgesundheittag_Seniorengesundheit_Bild_quer.png\",\"width\":408,\"height\":272},{\"@type\":\"BreadcrumbList\",\"@id\":\"https:\\\/\\\/blog.vida.at\\\/pensionisten\\\/2025\\\/05\\\/19\\\/komm-zum-gesundheits-und-vorsorge-infotag\\\/#breadcrumb\",\"itemListElement\":[{\"@type\":\"ListItem\",\"position\":1,\"name\":\"Startseite\",\"item\":\"https:\\\/\\\/blog.vida.at\\\/pensionisten\\\/\"},{\"@type\":\"ListItem\",\"position\":2,\"name\":\"Komm zum Gesundheits- und Vorsorge-Infotag\"}]},{\"@type\":\"WebSite\",\"@id\":\"https:\\\/\\\/blog.vida.at\\\/pensionisten\\\/#website\",\"url\":\"https:\\\/\\\/blog.vida.at\\\/pensionisten\\\/\",\"name\":\"vida Pensionisten\",\"description\":\"\",\"potentialAction\":[{\"@type\":\"SearchAction\",\"target\":{\"@type\":\"EntryPoint\",\"urlTemplate\":\"https:\\\/\\\/blog.vida.at\\\/pensionisten\\\/?s={search_term_string}\"},\"query-input\":{\"@type\":\"PropertyValueSpecification\",\"valueRequired\":true,\"valueName\":\"search_term_string\"}}],\"inLanguage\":\"de\"},{\"@type\":\"Person\",\"@id\":\"https:\\\/\\\/blog.vida.at\\\/pensionisten\\\/#\\\/schema\\\/person\\\/88cee3ee93b9afdc51c92f5f63f38b8a\",\"name\":\"mariontobola\",\"image\":{\"@type\":\"ImageObject\",\"inLanguage\":\"de\",\"@id\":\"https:\\\/\\\/secure.gravatar.com\\\/avatar\\\/5d2c516985e4eda61bca05bd3b4359b4358135bd1e1a5b08c539e9cd1edd6528?s=96&d=mm&r=g\",\"url\":\"https:\\\/\\\/secure.gravatar.com\\\/avatar\\\/5d2c516985e4eda61bca05bd3b4359b4358135bd1e1a5b08c539e9cd1edd6528?s=96&d=mm&r=g\",\"contentUrl\":\"https:\\\/\\\/secure.gravatar.com\\\/avatar\\\/5d2c516985e4eda61bca05bd3b4359b4358135bd1e1a5b08c539e9cd1edd6528?s=96&d=mm&r=g\",\"caption\":\"mariontobola\"},\"url\":\"https:\\\/\\\/blog.vida.at\\\/pensionisten\\\/author\\\/mariontobola\\\/\"}]}<\/script>\n<!-- \/ Yoast SEO plugin. -->","yoast_head_json":{"title":"Komm zum Gesundheits- und Vorsorge-Infotag","robots":{"index":"index","follow":"follow","max-snippet":"max-snippet:-1","max-image-preview":"max-image-preview:large","max-video-preview":"max-video-preview:-1"},"canonical":"https:\/\/blog.vida.at\/pensionisten\/2025\/05\/19\/komm-zum-gesundheits-und-vorsorge-infotag\/","og_locale":"de_DE","og_type":"article","og_title":"Komm zum Gesundheits- und Vorsorge-Infotag","og_description":"Wann: 5. Juni 2025, ab 10 Uhr &#8211; Wo: AK\/\u00d6GB Haus Eisenstadt Die vida Pensionist:innen Burgenland laden gemeinsam mit AK und Partnerorganisationen ein! Sei dabei und informiere dich zu Pflege, Gesundheit und mehr.","og_url":"https:\/\/blog.vida.at\/pensionisten\/2025\/05\/19\/komm-zum-gesundheits-und-vorsorge-infotag\/","og_site_name":"vida Pensionisten","article_published_time":"2025-05-19T10:02:03+00:00","article_modified_time":"2025-05-19T10:02:37+00:00","og_image":[{"width":408,"height":272,"url":"https:\/\/blog.vida.at\/pensionisten\/wp-content\/uploads\/sites\/10\/2025\/03\/Weltgesundheittag_Seniorengesundheit_Bild_quer.png","type":"image\/png"}],"author":"mariontobola","twitter_card":"summary_large_image","twitter_misc":{"Verfasst von":"mariontobola","Gesch\u00e4tzte Lesezeit":"2\u00a0Minuten"},"schema":{"@context":"https:\/\/schema.org","@graph":[{"@type":"Article","@id":"https:\/\/blog.vida.at\/pensionisten\/2025\/05\/19\/komm-zum-gesundheits-und-vorsorge-infotag\/#article","isPartOf":{"@id":"https:\/\/blog.vida.at\/pensionisten\/2025\/05\/19\/komm-zum-gesundheits-und-vorsorge-infotag\/"},"author":{"name":"mariontobola","@id":"https:\/\/blog.vida.at\/pensionisten\/#\/schema\/person\/88cee3ee93b9afdc51c92f5f63f38b8a"},"headline":"Komm zum Gesundheits- und Vorsorge-Infotag","datePublished":"2025-05-19T10:02:03+00:00","dateModified":"2025-05-19T10:02:37+00:00","mainEntityOfPage":{"@id":"https:\/\/blog.vida.at\/pensionisten\/2025\/05\/19\/komm-zum-gesundheits-und-vorsorge-infotag\/"},"wordCount":141,"commentCount":0,"image":{"@id":"https:\/\/blog.vida.at\/pensionisten\/2025\/05\/19\/komm-zum-gesundheits-und-vorsorge-infotag\/#primaryimage"},"thumbnailUrl":"https:\/\/blog.vida.at\/pensionisten\/wp-content\/uploads\/sites\/10\/2025\/03\/Weltgesundheittag_Seniorengesundheit_Bild_quer.png","articleSection":{"0":"Aktuelles","2":"Top Aktuelles"},"inLanguage":"de","potentialAction":[{"@type":"CommentAction","name":"Comment","target":["https:\/\/blog.vida.at\/pensionisten\/2025\/05\/19\/komm-zum-gesundheits-und-vorsorge-infotag\/#respond"]}]},{"@type":"WebPage","@id":"https:\/\/blog.vida.at\/pensionisten\/2025\/05\/19\/komm-zum-gesundheits-und-vorsorge-infotag\/","url":"https:\/\/blog.vida.at\/pensionisten\/2025\/05\/19\/komm-zum-gesundheits-und-vorsorge-infotag\/","name":"Komm zum Gesundheits- und Vorsorge-Infotag","isPartOf":{"@id":"https:\/\/blog.vida.at\/pensionisten\/#website"},"primaryImageOfPage":{"@id":"https:\/\/blog.vida.at\/pensionisten\/2025\/05\/19\/komm-zum-gesundheits-und-vorsorge-infotag\/#primaryimage"},"image":{"@id":"https:\/\/blog.vida.at\/pensionisten\/2025\/05\/19\/komm-zum-gesundheits-und-vorsorge-infotag\/#primaryimage"},"thumbnailUrl":"https:\/\/blog.vida.at\/pensionisten\/wp-content\/uploads\/sites\/10\/2025\/03\/Weltgesundheittag_Seniorengesundheit_Bild_quer.png","datePublished":"2025-05-19T10:02:03+00:00","dateModified":"2025-05-19T10:02:37+00:00","author":{"@id":"https:\/\/blog.vida.at\/pensionisten\/#\/schema\/person\/88cee3ee93b9afdc51c92f5f63f38b8a"},"breadcrumb":{"@id":"https:\/\/blog.vida.at\/pensionisten\/2025\/05\/19\/komm-zum-gesundheits-und-vorsorge-infotag\/#breadcrumb"},"inLanguage":"de","potentialAction":[{"@type":"ReadAction","target":["https:\/\/blog.vida.at\/pensionisten\/2025\/05\/19\/komm-zum-gesundheits-und-vorsorge-infotag\/"]}]},{"@type":"ImageObject","inLanguage":"de","@id":"https:\/\/blog.vida.at\/pensionisten\/2025\/05\/19\/komm-zum-gesundheits-und-vorsorge-infotag\/#primaryimage","url":"https:\/\/blog.vida.at\/pensionisten\/wp-content\/uploads\/sites\/10\/2025\/03\/Weltgesundheittag_Seniorengesundheit_Bild_quer.png","contentUrl":"https:\/\/blog.vida.at\/pensionisten\/wp-content\/uploads\/sites\/10\/2025\/03\/Weltgesundheittag_Seniorengesundheit_Bild_quer.png","width":408,"height":272},{"@type":"BreadcrumbList","@id":"https:\/\/blog.vida.at\/pensionisten\/2025\/05\/19\/komm-zum-gesundheits-und-vorsorge-infotag\/#breadcrumb","itemListElement":[{"@type":"ListItem","position":1,"name":"Startseite","item":"https:\/\/blog.vida.at\/pensionisten\/"},{"@type":"ListItem","position":2,"name":"Komm zum Gesundheits- und Vorsorge-Infotag"}]},{"@type":"WebSite","@id":"https:\/\/blog.vida.at\/pensionisten\/#website","url":"https:\/\/blog.vida.at\/pensionisten\/","name":"vida Pensionisten","description":"","potentialAction":[{"@type":"SearchAction","target":{"@type":"EntryPoint","urlTemplate":"https:\/\/blog.vida.at\/pensionisten\/?s={search_term_string}"},"query-input":{"@type":"PropertyValueSpecification","valueRequired":true,"valueName":"search_term_string"}}],"inLanguage":"de"},{"@type":"Person","@id":"https:\/\/blog.vida.at\/pensionisten\/#\/schema\/person\/88cee3ee93b9afdc51c92f5f63f38b8a","name":"mariontobola","image":{"@type":"ImageObject","inLanguage":"de","@id":"https:\/\/secure.gravatar.com\/avatar\/5d2c516985e4eda61bca05bd3b4359b4358135bd1e1a5b08c539e9cd1edd6528?s=96&d=mm&r=g","url":"https:\/\/secure.gravatar.com\/avatar\/5d2c516985e4eda61bca05bd3b4359b4358135bd1e1a5b08c539e9cd1edd6528?s=96&d=mm&r=g","contentUrl":"https:\/\/secure.gravatar.com\/avatar\/5d2c516985e4eda61bca05bd3b4359b4358135bd1e1a5b08c539e9cd1edd6528?s=96&d=mm&r=g","caption":"mariontobola"},"url":"https:\/\/blog.vida.at\/pensionisten\/author\/mariontobola\/"}]}},"author_meta":{"display_name":"mariontobola","author_link":"https:\/\/blog.vida.at\/pensionisten\/author\/mariontobola\/"},"featured_img":"https:\/\/blog.vida.at\/pensionisten\/wp-content\/uploads\/sites\/10\/2025\/03\/Weltgesundheittag_Seniorengesundheit_Bild_quer-300x200.png","featured_image_src":"https:\/\/blog.vida.at\/pensionisten\/wp-content\/uploads\/sites\/10\/2025\/03\/Weltgesundheittag_Seniorengesundheit_Bild_quer.png","featured_image_src_square":"https:\/\/blog.vida.at\/pensionisten\/wp-content\/uploads\/sites\/10\/2025\/03\/Weltgesundheittag_Seniorengesundheit_Bild_quer.png","uagb_featured_image_src":{"full":["https:\/\/blog.vida.at\/pensionisten\/wp-content\/uploads\/sites\/10\/2025\/03\/Weltgesundheittag_Seniorengesundheit_Bild_quer.png",408,272,false],"thumbnail":["https:\/\/blog.vida.at\/pensionisten\/wp-content\/uploads\/sites\/10\/2025\/03\/Weltgesundheittag_Seniorengesundheit_Bild_quer-150x150.png",150,150,true],"medium":["https:\/\/blog.vida.at\/pensionisten\/wp-content\/uploads\/sites\/10\/2025\/03\/Weltgesundheittag_Seniorengesundheit_Bild_quer-300x200.png",300,200,true],"medium_large":["https:\/\/blog.vida.at\/pensionisten\/wp-content\/uploads\/sites\/10\/2025\/03\/Weltgesundheittag_Seniorengesundheit_Bild_quer.png",408,272,false],"large":["https:\/\/blog.vida.at\/pensionisten\/wp-content\/uploads\/sites\/10\/2025\/03\/Weltgesundheittag_Seniorengesundheit_Bild_quer.png",408,272,false],"1536x1536":["https:\/\/blog.vida.at\/pensionisten\/wp-content\/uploads\/sites\/10\/2025\/03\/Weltgesundheittag_Seniorengesundheit_Bild_quer.png",408,272,false],"2048x2048":["https:\/\/blog.vida.at\/pensionisten\/wp-content\/uploads\/sites\/10\/2025\/03\/Weltgesundheittag_Seniorengesundheit_Bild_quer.png",408,272,false],"ab-block-post-grid-landscape":["https:\/\/blog.vida.at\/pensionisten\/wp-content\/uploads\/sites\/10\/2025\/03\/Weltgesundheittag_Seniorengesundheit_Bild_quer.png",408,272,false],"ab-block-post-grid-square":["https:\/\/blog.vida.at\/pensionisten\/wp-content\/uploads\/sites\/10\/2025\/03\/Weltgesundheittag_Seniorengesundheit_Bild_quer.png",408,272,false],"post-thumbnail":["https:\/\/blog.vida.at\/pensionisten\/wp-content\/uploads\/sites\/10\/2025\/03\/Weltgesundheittag_Seniorengesundheit_Bild_quer.png",408,272,false],"awb_sm":["https:\/\/blog.vida.at\/pensionisten\/wp-content\/uploads\/sites\/10\/2025\/03\/Weltgesundheittag_Seniorengesundheit_Bild_quer.png",408,272,false],"awb_md":["https:\/\/blog.vida.at\/pensionisten\/wp-content\/uploads\/sites\/10\/2025\/03\/Weltgesundheittag_Seniorengesundheit_Bild_quer.png",408,272,false],"awb_lg":["https:\/\/blog.vida.at\/pensionisten\/wp-content\/uploads\/sites\/10\/2025\/03\/Weltgesundheittag_Seniorengesundheit_Bild_quer.png",408,272,false],"awb_xl":["https:\/\/blog.vida.at\/pensionisten\/wp-content\/uploads\/sites\/10\/2025\/03\/Weltgesundheittag_Seniorengesundheit_Bild_quer.png",408,272,false]},"uagb_author_info":{"display_name":"mariontobola","author_link":"https:\/\/blog.vida.at\/pensionisten\/author\/mariontobola\/"},"uagb_comment_info":0,"uagb_excerpt":"Wann: 5. Juni 2025, ab 10 Uhr &#8211; Wo: AK\/\u00d6GB Haus Eisenstadt Die vida Pensionist:innen Burgenland laden gemeinsam mit AK und Partnerorganisationen ein! Sei dabei und informiere dich zu Pflege, Gesundheit und mehr.","coauthors":[],"tax_additional":{"categories":{"linked":["<a href=\"https:\/\/blog.vida.at\/pensionisten\/category\/aktuelles\/\" class=\"advgb-post-tax-term\">Aktuelles<\/a>","<a href=\"https:\/\/blog.vida.at\/pensionisten\/category\/allgemein\/\" class=\"advgb-post-tax-term\">Allgemein<\/a>","<a href=\"https:\/\/blog.vida.at\/pensionisten\/category\/top-aktuelles\/\" class=\"advgb-post-tax-term\">Top Aktuelles<\/a>"],"unlinked":["<span class=\"advgb-post-tax-term\">Aktuelles<\/span>","<span class=\"advgb-post-tax-term\">Allgemein<\/span>","<span class=\"advgb-post-tax-term\">Top Aktuelles<\/span>"]}},"comment_count":"0","relative_dates":{"created":"Ver\u00f6ffentlicht 12\u00a0Monaten vor","modified":"Aktualisiert 12\u00a0Monaten vor"},"absolute_dates":{"created":"Ver\u00f6ffentlicht am 19. Mai 2025","modified":"Aktualisiert am 19. Mai 2025"},"absolute_dates_time":{"created":"Ver\u00f6ffentlicht am 19. Mai 2025 12:02","modified":"Aktualisiert am 19. Mai 2025 12:02"},"featured_img_caption":"","series_order":"","_links":{"self":[{"href":"https:\/\/blog.vida.at\/pensionisten\/wp-json\/wp\/v2\/posts\/10896","targetHints":{"allow":["GET"]}}],"collection":[{"href":"https:\/\/blog.vida.at\/pensionisten\/wp-json\/wp\/v2\/posts"}],"about":[{"href":"https:\/\/blog.vida.at\/pensionisten\/wp-json\/wp\/v2\/types\/post"}],"author":[{"embeddable":true,"href":"https:\/\/blog.vida.at\/pensionisten\/wp-json\/wp\/v2\/users\/8"}],"replies":[{"embeddable":true,"href":"https:\/\/blog.vida.at\/pensionisten\/wp-json\/wp\/v2\/comments?post=10896"}],"version-history":[{"count":2,"href":"https:\/\/blog.vida.at\/pensionisten\/wp-json\/wp\/v2\/posts\/10896\/revisions"}],"predecessor-version":[{"id":10900,"href":"https:\/\/blog.vida.at\/pensionisten\/wp-json\/wp\/v2\/posts\/10896\/revisions\/10900"}],"wp:featuredmedia":[{"embeddable":true,"href":"https:\/\/blog.vida.at\/pensionisten\/wp-json\/wp\/v2\/media\/10339"}],"wp:attachment":[{"href":"https:\/\/blog.vida.at\/pensionisten\/wp-json\/wp\/v2\/media?parent=10896"}],"wp:term":[{"taxonomy":"category","embeddable":true,"href":"https:\/\/blog.vida.at\/pensionisten\/wp-json\/wp\/v2\/categories?post=10896"},{"taxonomy":"post_tag","embeddable":true,"href":"https:\/\/blog.vida.at\/pensionisten\/wp-json\/wp\/v2\/tags?post=10896"},{"taxonomy":"Orte","embeddable":true,"href":"https:\/\/blog.vida.at\/pensionisten\/wp-json\/wp\/v2\/Orte?post=10896"},{"taxonomy":"activitytype","embeddable":true,"href":"https:\/\/blog.vida.at\/pensionisten\/wp-json\/wp\/v2\/activitytype?post=10896"}],"curies":[{"name":"wp","href":"https:\/\/api.w.org\/{rel}","templated":true}]}}