
{"id":10914,"date":"2025-05-28T10:04:19","date_gmt":"2025-05-28T08:04:19","guid":{"rendered":"https:\/\/blog.vida.at\/pensionisten\/?p=10914"},"modified":"2025-05-28T11:45:01","modified_gmt":"2025-05-28T09:45:01","slug":"gerhard-galloe-eine-starke-stimme-aus-kaernten-fuer-salzburg","status":"publish","type":"post","link":"https:\/\/blog.vida.at\/pensionisten\/2025\/05\/28\/gerhard-galloe-eine-starke-stimme-aus-kaernten-fuer-salzburg\/","title":{"rendered":"Gerhard Gallo: Eine starke Stimme aus K\u00e4rnten f\u00fcr Salzburg"},"content":{"rendered":"\n<p>Der <strong>Vorsitzende der vida-Pensionist:innen Salzburg <\/strong>zu Gast im<strong> Podcast &#8222;vidaH\u00f6ren&#8220;<\/strong>. Gleich reinh\u00f6ren!<\/p>\n\n\n\n<br>\n\n\n\n<!--more-->\n\n\n\n<figure class=\"wp-block-image alignfull size-full\"><img loading=\"lazy\" decoding=\"async\" width=\"1620\" height=\"1080\" src=\"https:\/\/blog.vida.at\/pensionisten\/wp-content\/uploads\/sites\/10\/2025\/05\/Gerhard_Gallo_vida_Salzburg.png\" alt=\"\" class=\"wp-image-10936\" srcset=\"https:\/\/blog.vida.at\/pensionisten\/wp-content\/uploads\/sites\/10\/2025\/05\/Gerhard_Gallo_vida_Salzburg.png 1620w, https:\/\/blog.vida.at\/pensionisten\/wp-content\/uploads\/sites\/10\/2025\/05\/Gerhard_Gallo_vida_Salzburg-300x200.png 300w, https:\/\/blog.vida.at\/pensionisten\/wp-content\/uploads\/sites\/10\/2025\/05\/Gerhard_Gallo_vida_Salzburg-1024x683.png 1024w, https:\/\/blog.vida.at\/pensionisten\/wp-content\/uploads\/sites\/10\/2025\/05\/Gerhard_Gallo_vida_Salzburg-768x512.png 768w, https:\/\/blog.vida.at\/pensionisten\/wp-content\/uploads\/sites\/10\/2025\/05\/Gerhard_Gallo_vida_Salzburg-1536x1024.png 1536w, https:\/\/blog.vida.at\/pensionisten\/wp-content\/uploads\/sites\/10\/2025\/05\/Gerhard_Gallo_vida_Salzburg-600x400.png 600w, https:\/\/blog.vida.at\/pensionisten\/wp-content\/uploads\/sites\/10\/2025\/05\/Gerhard_Gallo_vida_Salzburg-1568x1045.png 1568w, https:\/\/blog.vida.at\/pensionisten\/wp-content\/uploads\/sites\/10\/2025\/05\/Gerhard_Gallo_vida_Salzburg-500x333.png 500w, https:\/\/blog.vida.at\/pensionisten\/wp-content\/uploads\/sites\/10\/2025\/05\/Gerhard_Gallo_vida_Salzburg-800x533.png 800w, https:\/\/blog.vida.at\/pensionisten\/wp-content\/uploads\/sites\/10\/2025\/05\/Gerhard_Gallo_vida_Salzburg-1280x853.png 1280w\" sizes=\"auto, (max-width: 1620px) 100vw, 1620px\" \/><\/figure>\n\n\n\n<p>Wir sind mit unserem Podcast \u201evidaH\u00f6ren\u201c auf Tour durch \u00d6sterreich und machen Station bei Menschen, die sich f\u00fcr Gerechtigkeit und Solidarit\u00e4t starkmachen. In dieser Podcast-Episode machen wir Halt in Salzburg. <strong>Wir begr\u00fc\u00dfen vor dem vida-Mikrofon Gerhard Gallo. <\/strong>Der Vorsitzende der vida-Pensionist:innen Salzburg ist seit vielen Jahren Teil der Gewerkschaftsbewegung.<\/p>\n\n\n\n<p><strong>Wie Gerhard zur Gewerkschaft gekommen ist, <strong>warum es ihn von K\u00e4rnten nach Salzburg verschlagen hat<\/strong><\/strong>, <strong>wof\u00fcr er mit seiner vida k\u00e4mpft und welche Vorteile eine Gewerkschaftsmitgliedschaft bringt, auch in der Pension, das und mehr h\u00f6ren wir in dieser Podcast-Episode.<\/strong><\/p>\n\n\n\n<p><\/p>\n\n\n\n<div style=\"text-align:center\" class=\"wp-block-atomic-blocks-ab-cta ab-block-cta\"><div class=\"ab-cta-content\"><h2 class=\"ab-cta-title ab-font-size-32\" style=\"color:#32373c\">H\u00f6re hier &#8222;vidaH\u00f6ren&#8220;<\/h2><div class=\"ab-cta-text ab-font-size-32\" style=\"color:#32373c\"><\/div><\/div><div class=\"ab-cta-button\"><a href=\"https:\/\/vidahoeren.simplecast.com\/episodes\/eine-starke-stimme-fur-pensionist-innen-wie-der-karntner-gerhard-gallo-nach-salzburg-kam-um-zu-bleiben\" target=\"_self\" rel=\"noopener noreferrer\" class=\"ab-button ab-button-shape-rounded ab-button-size-medium\" style=\"color:#ffffff;background-color:#3373dc\">Podcast-Episode mit Gerhard Gallo<\/a><\/div><\/div>\n\n\n\n<p><\/p>\n\n\n\n<p class=\"has-text-align-center\"><strong><mark style=\"color:#fa0202\" class=\"has-inline-color\"><em>\u201e<strong>Es gibt noch immer sehr viel soziale Ungerechtigkeit und die geh\u00f6rt bek\u00e4mpft. <\/strong><\/em><\/mark><\/strong><\/p>\n\n\n\n<p class=\"has-text-align-center\"><strong><mark style=\"color:#fa0202\" class=\"has-inline-color\"><em><strong>Und solange ich kann, werde ich das tun!<\/strong>\u201c<\/em><\/mark><\/strong><\/p>\n\n\n\n<p class=\"has-text-align-center\"><strong>Gerhard Gallo<\/strong>, Vorsitzender vida-Pensionist:innen Salzburg<\/p>\n\n\n\n<p><strong>Eine gro\u00dfe Familie<\/strong><\/p>\n\n\n\n<p>\u201eBereits als Kind wollte ich Eisenbahner werden\u201c, erz\u00e4hlt Gerhard Gallo mit leuchtenden Augen. Schon Gerhards Vater war bei der Bahn, und auch Gerhards Onkel war f\u00fcr \u201eseine\u201c \u00d6BB im Einsatz. \u201eIch habe die Eisenbahn immer als gro\u00dfe Familie gesehen, und ich habe mich immer wohlgef\u00fchlt.\u201c Der Einstieg in die gro\u00dfe Eisenbahnerfamilie war nicht einfach \u2013 und auch der Aufstieg nicht, blickt Gerhard zur\u00fcck. Es gab genug Personal und somit viel Konkurrenz. Doch Gerhard lie\u00df nicht locker \u2013 mit Erfolg. Er fasste Fu\u00df beim Verschub und hat hier seine berufliche Heimat gefunden. Dabei machte der K\u00e4rntner Station auf vielen Bahnh\u00f6fen, nicht nur in seinem Bundesland. Gerhards letzte berufliche Station war Salzburg \u2013 und hier ist er auch \u201eh\u00e4ngen geblieben\u201c.<\/p>\n\n\n\n<p><strong>F\u00fcrsorgliche Ader<\/strong><\/p>\n\n\n\n<p>Schon in der Lehrzeit merkte Gerhard Gallo, dass ihm soziale Gerechtigkeit wichtig ist. Bereits w\u00e4hrend seiner Lehrausbildung als Maschinenschlosser erhob er seine Stimme, wenn Kolleg:innen unterdr\u00fcckt wurden. Viele Jahre sp\u00e4ter, bei \u201eseiner\u201c \u00d6BB, wurde Gerhard offiziell Betriebsrat. \u201eIch war um die 50 Jahre, also ein Sp\u00e4tberufener\u201c, grinst Gerhard. Warum er sich dazu entschied, sich f\u00fcr andere einzusetzen? \u201eIch wollte jenen helfen, die sich nicht wehren k\u00f6nnen, die sich nicht trauen, die Stimme zu erheben und f\u00fcr ihr Recht einzustehen.\u201c Und auch in der Pension m\u00f6chte Gerhard etwas f\u00fcr andere bewegen. Deshalb hat er Ja gesagt, als er gefragt wurde, ob er den Vorsitz der vida-Pensionist:innen in Salzburg \u00fcbernehmen m\u00f6chte. Seit einem Jahr pendelt Gerhard zwischen erster und zweiter Heimat \u2013 zwischen K\u00e4rnten und Salzburg. Viele Kilometer hat er bereits zur\u00fcckgelegt, um f\u00fcr die Pensionist:innen der vida da zu sein. Dabei ist die Zielrichtung klar: <strong>\u201eWir wollen das Gemeinschaftsgef\u00fchl st\u00e4rken. Wir m\u00f6chten die Menschen in Salzburg zusammenbringen.\u201c <\/strong>Auf die Frage, ob er jemals in Pension geht, hat Gerhard eine klare Antwort: \u201eEs gibt noch immer sehr viel soziale Ungerechtigkeit, und die geh\u00f6rt bek\u00e4mpft. Und solange ich kann, werde ich das tun!\u201c<\/p>\n\n\n\n<p><\/p>\n\n\n\n<p><strong>Steckbrief:<\/strong><\/p>\n\n\n\n<p><strong>Name:<\/strong> Gerhard Gallo<br><strong>Alter: <\/strong>62 Jahre<br><strong>Wohnort: <\/strong>Globasnitz, K\u00e4rnten <br><strong>Erlernter Beruf\/berufliche T\u00e4tigkeiten: <\/strong>Maschinenschlosser, Verschieber<br><strong>Funktion in der vida:<\/strong> Vorsitzender vida-Pensionist:innen Salzburg<br><strong>Gewerkschaftsmitglied:<\/strong> seit 40 Jahren<\/p>\n","protected":false},"excerpt":{"rendered":"<p>Der Vorsitzende der vida-Pensionist:innen Salzburg zu Gast im Podcast &#8222;vidaH\u00f6ren&#8220;. Gleich reinh\u00f6ren!<\/p>\n","protected":false},"author":8,"featured_media":10936,"comment_status":"open","ping_status":"open","sticky":false,"template":"","format":"standard","meta":{"_uag_custom_page_level_css":"","advgb_blocks_editor_width":"","advgb_blocks_columns_visual_guide":"","footnotes":""},"categories":[4,1,32],"tags":[],"Orte":[],"activitytype":[],"class_list":["post-10914","post","type-post","status-publish","format-standard","has-post-thumbnail","hentry","category-aktuelles","category-allgemein","category-top-aktuelles","entry"],"featured_image_urls":{"full":["https:\/\/blog.vida.at\/pensionisten\/wp-content\/uploads\/sites\/10\/2025\/05\/Gerhard_Gallo_vida_Salzburg.png",1620,1080,false],"thumbnail":["https:\/\/blog.vida.at\/pensionisten\/wp-content\/uploads\/sites\/10\/2025\/05\/Gerhard_Gallo_vida_Salzburg-150x150.png",150,150,true],"medium":["https:\/\/blog.vida.at\/pensionisten\/wp-content\/uploads\/sites\/10\/2025\/05\/Gerhard_Gallo_vida_Salzburg-300x200.png",300,200,true],"medium_large":["https:\/\/blog.vida.at\/pensionisten\/wp-content\/uploads\/sites\/10\/2025\/05\/Gerhard_Gallo_vida_Salzburg-768x512.png",640,427,true],"large":["https:\/\/blog.vida.at\/pensionisten\/wp-content\/uploads\/sites\/10\/2025\/05\/Gerhard_Gallo_vida_Salzburg-1024x683.png",640,427,true],"1536x1536":["https:\/\/blog.vida.at\/pensionisten\/wp-content\/uploads\/sites\/10\/2025\/05\/Gerhard_Gallo_vida_Salzburg-1536x1024.png",1536,1024,true],"2048x2048":["https:\/\/blog.vida.at\/pensionisten\/wp-content\/uploads\/sites\/10\/2025\/05\/Gerhard_Gallo_vida_Salzburg.png",1620,1080,false],"ab-block-post-grid-landscape":["https:\/\/blog.vida.at\/pensionisten\/wp-content\/uploads\/sites\/10\/2025\/05\/Gerhard_Gallo_vida_Salzburg-600x400.png",600,400,true],"ab-block-post-grid-square":["https:\/\/blog.vida.at\/pensionisten\/wp-content\/uploads\/sites\/10\/2025\/05\/Gerhard_Gallo_vida_Salzburg-600x600.png",600,600,true],"post-thumbnail":["https:\/\/blog.vida.at\/pensionisten\/wp-content\/uploads\/sites\/10\/2025\/05\/Gerhard_Gallo_vida_Salzburg-1568x1045.png",1568,1045,true],"awb_sm":["https:\/\/blog.vida.at\/pensionisten\/wp-content\/uploads\/sites\/10\/2025\/05\/Gerhard_Gallo_vida_Salzburg-500x333.png",500,333,true],"awb_md":["https:\/\/blog.vida.at\/pensionisten\/wp-content\/uploads\/sites\/10\/2025\/05\/Gerhard_Gallo_vida_Salzburg-800x533.png",800,533,true],"awb_lg":["https:\/\/blog.vida.at\/pensionisten\/wp-content\/uploads\/sites\/10\/2025\/05\/Gerhard_Gallo_vida_Salzburg-1280x853.png",1280,853,true],"awb_xl":["https:\/\/blog.vida.at\/pensionisten\/wp-content\/uploads\/sites\/10\/2025\/05\/Gerhard_Gallo_vida_Salzburg.png",1620,1080,false]},"post_excerpt_stackable":"<p>Der Vorsitzende der vida-Pensionist:innen Salzburg zu Gast im Podcast &#8222;vidaH\u00f6ren&#8220;. Gleich reinh\u00f6ren! Wir sind mit unserem Podcast \u201evidaH\u00f6ren\u201c auf Tour durch \u00d6sterreich und machen Station bei Menschen, die sich f\u00fcr Gerechtigkeit und Solidarit\u00e4t starkmachen. In dieser Podcast-Episode machen wir Halt in Salzburg. Wir begr\u00fc\u00dfen vor dem vida-Mikrofon Gerhard Gallo. Der Vorsitzende der vida-Pensionist:innen Salzburg ist seit vielen Jahren Teil der Gewerkschaftsbewegung. Wie Gerhard zur Gewerkschaft gekommen ist, warum es ihn von K\u00e4rnten nach Salzburg verschlagen hat, wof\u00fcr er mit seiner vida k\u00e4mpft und welche Vorteile eine Gewerkschaftsmitgliedschaft bringt, auch in der Pension, das und mehr h\u00f6ren wir in dieser Podcast-Episode.&hellip;<\/p>\n","category_list":"<a href=\"https:\/\/blog.vida.at\/pensionisten\/category\/aktuelles\/\" rel=\"category tag\">Aktuelles<\/a>, <a href=\"https:\/\/blog.vida.at\/pensionisten\/category\/allgemein\/\" rel=\"category tag\">Allgemein<\/a>, <a href=\"https:\/\/blog.vida.at\/pensionisten\/category\/top-aktuelles\/\" rel=\"category tag\">Top Aktuelles<\/a>","author_info":{"display_name":"mariontobola","author_link":"https:\/\/blog.vida.at\/pensionisten\/author\/mariontobola\/"},"comments_num":"0 comments","featured_image_urls_v2":{"full":["https:\/\/blog.vida.at\/pensionisten\/wp-content\/uploads\/sites\/10\/2025\/05\/Gerhard_Gallo_vida_Salzburg.png",1620,1080,false],"thumbnail":["https:\/\/blog.vida.at\/pensionisten\/wp-content\/uploads\/sites\/10\/2025\/05\/Gerhard_Gallo_vida_Salzburg-150x150.png",150,150,true],"medium":["https:\/\/blog.vida.at\/pensionisten\/wp-content\/uploads\/sites\/10\/2025\/05\/Gerhard_Gallo_vida_Salzburg-300x200.png",300,200,true],"medium_large":["https:\/\/blog.vida.at\/pensionisten\/wp-content\/uploads\/sites\/10\/2025\/05\/Gerhard_Gallo_vida_Salzburg-768x512.png",640,427,true],"large":["https:\/\/blog.vida.at\/pensionisten\/wp-content\/uploads\/sites\/10\/2025\/05\/Gerhard_Gallo_vida_Salzburg-1024x683.png",640,427,true],"1536x1536":["https:\/\/blog.vida.at\/pensionisten\/wp-content\/uploads\/sites\/10\/2025\/05\/Gerhard_Gallo_vida_Salzburg-1536x1024.png",1536,1024,true],"2048x2048":["https:\/\/blog.vida.at\/pensionisten\/wp-content\/uploads\/sites\/10\/2025\/05\/Gerhard_Gallo_vida_Salzburg.png",1620,1080,false],"ab-block-post-grid-landscape":["https:\/\/blog.vida.at\/pensionisten\/wp-content\/uploads\/sites\/10\/2025\/05\/Gerhard_Gallo_vida_Salzburg-600x400.png",600,400,true],"ab-block-post-grid-square":["https:\/\/blog.vida.at\/pensionisten\/wp-content\/uploads\/sites\/10\/2025\/05\/Gerhard_Gallo_vida_Salzburg-600x600.png",600,600,true],"post-thumbnail":["https:\/\/blog.vida.at\/pensionisten\/wp-content\/uploads\/sites\/10\/2025\/05\/Gerhard_Gallo_vida_Salzburg-1568x1045.png",1568,1045,true],"awb_sm":["https:\/\/blog.vida.at\/pensionisten\/wp-content\/uploads\/sites\/10\/2025\/05\/Gerhard_Gallo_vida_Salzburg-500x333.png",500,333,true],"awb_md":["https:\/\/blog.vida.at\/pensionisten\/wp-content\/uploads\/sites\/10\/2025\/05\/Gerhard_Gallo_vida_Salzburg-800x533.png",800,533,true],"awb_lg":["https:\/\/blog.vida.at\/pensionisten\/wp-content\/uploads\/sites\/10\/2025\/05\/Gerhard_Gallo_vida_Salzburg-1280x853.png",1280,853,true],"awb_xl":["https:\/\/blog.vida.at\/pensionisten\/wp-content\/uploads\/sites\/10\/2025\/05\/Gerhard_Gallo_vida_Salzburg.png",1620,1080,false]},"post_excerpt_stackable_v2":"<p>Der Vorsitzende der vida-Pensionist:innen Salzburg zu Gast im Podcast &#8222;vidaH\u00f6ren&#8220;. Gleich reinh\u00f6ren! Wir sind mit unserem Podcast \u201evidaH\u00f6ren\u201c auf Tour durch \u00d6sterreich und machen Station bei Menschen, die sich f\u00fcr Gerechtigkeit und Solidarit\u00e4t starkmachen. In dieser Podcast-Episode machen wir Halt in Salzburg. Wir begr\u00fc\u00dfen vor dem vida-Mikrofon Gerhard Gallo. Der Vorsitzende der vida-Pensionist:innen Salzburg ist seit vielen Jahren Teil der Gewerkschaftsbewegung. Wie Gerhard zur Gewerkschaft gekommen ist, warum es ihn von K\u00e4rnten nach Salzburg verschlagen hat, wof\u00fcr er mit seiner vida k\u00e4mpft und welche Vorteile eine Gewerkschaftsmitgliedschaft bringt, auch in der Pension, das und mehr h\u00f6ren wir in dieser Podcast-Episode.&hellip;<\/p>\n","category_list_v2":"<a href=\"https:\/\/blog.vida.at\/pensionisten\/category\/aktuelles\/\" rel=\"category tag\">Aktuelles<\/a>, <a href=\"https:\/\/blog.vida.at\/pensionisten\/category\/allgemein\/\" rel=\"category tag\">Allgemein<\/a>, <a href=\"https:\/\/blog.vida.at\/pensionisten\/category\/top-aktuelles\/\" rel=\"category tag\">Top Aktuelles<\/a>","author_info_v2":{"name":"mariontobola","url":"https:\/\/blog.vida.at\/pensionisten\/author\/mariontobola\/"},"comments_num_v2":"0 comments","yoast_head":"<!-- This site is optimized with the Yoast SEO plugin v27.3 - https:\/\/yoast.com\/product\/yoast-seo-wordpress\/ -->\n<title>Gerhard Gallo: Eine starke Stimme aus K\u00e4rnten f\u00fcr Salzburg<\/title>\n<meta name=\"robots\" content=\"index, follow, max-snippet:-1, max-image-preview:large, max-video-preview:-1\" \/>\n<link rel=\"canonical\" href=\"https:\/\/blog.vida.at\/pensionisten\/2025\/05\/28\/gerhard-galloe-eine-starke-stimme-aus-kaernten-fuer-salzburg\/\" \/>\n<meta property=\"og:locale\" content=\"de_DE\" \/>\n<meta property=\"og:type\" content=\"article\" \/>\n<meta property=\"og:title\" content=\"Gerhard Gallo: Eine starke Stimme aus K\u00e4rnten f\u00fcr Salzburg\" \/>\n<meta property=\"og:description\" content=\"Der Vorsitzende der vida-Pensionist:innen Salzburg zu Gast im Podcast &#8222;vidaH\u00f6ren&#8220;. Gleich reinh\u00f6ren!\" \/>\n<meta property=\"og:url\" content=\"https:\/\/blog.vida.at\/pensionisten\/2025\/05\/28\/gerhard-galloe-eine-starke-stimme-aus-kaernten-fuer-salzburg\/\" \/>\n<meta property=\"og:site_name\" content=\"vida Pensionisten\" \/>\n<meta property=\"article:published_time\" content=\"2025-05-28T08:04:19+00:00\" \/>\n<meta property=\"article:modified_time\" content=\"2025-05-28T09:45:01+00:00\" \/>\n<meta property=\"og:image\" content=\"https:\/\/blog.vida.at\/pensionisten\/wp-content\/uploads\/sites\/10\/2025\/05\/Gerhard_Gallo_vida_Salzburg.png\" \/>\n\t<meta property=\"og:image:width\" content=\"1620\" \/>\n\t<meta property=\"og:image:height\" content=\"1080\" \/>\n\t<meta property=\"og:image:type\" content=\"image\/png\" \/>\n<meta name=\"author\" content=\"mariontobola\" \/>\n<meta name=\"twitter:card\" content=\"summary_large_image\" \/>\n<meta name=\"twitter:label1\" content=\"Verfasst von\" \/>\n\t<meta name=\"twitter:data1\" content=\"mariontobola\" \/>\n\t<meta name=\"twitter:label2\" content=\"Gesch\u00e4tzte Lesezeit\" \/>\n\t<meta name=\"twitter:data2\" content=\"4\u00a0Minuten\" \/>\n<script type=\"application\/ld+json\" class=\"yoast-schema-graph\">{\"@context\":\"https:\\\/\\\/schema.org\",\"@graph\":[{\"@type\":\"Article\",\"@id\":\"https:\\\/\\\/blog.vida.at\\\/pensionisten\\\/2025\\\/05\\\/28\\\/gerhard-galloe-eine-starke-stimme-aus-kaernten-fuer-salzburg\\\/#article\",\"isPartOf\":{\"@id\":\"https:\\\/\\\/blog.vida.at\\\/pensionisten\\\/2025\\\/05\\\/28\\\/gerhard-galloe-eine-starke-stimme-aus-kaernten-fuer-salzburg\\\/\"},\"author\":{\"name\":\"mariontobola\",\"@id\":\"https:\\\/\\\/blog.vida.at\\\/pensionisten\\\/#\\\/schema\\\/person\\\/88cee3ee93b9afdc51c92f5f63f38b8a\"},\"headline\":\"Gerhard Gallo: Eine starke Stimme aus K\u00e4rnten f\u00fcr Salzburg\",\"datePublished\":\"2025-05-28T08:04:19+00:00\",\"dateModified\":\"2025-05-28T09:45:01+00:00\",\"mainEntityOfPage\":{\"@id\":\"https:\\\/\\\/blog.vida.at\\\/pensionisten\\\/2025\\\/05\\\/28\\\/gerhard-galloe-eine-starke-stimme-aus-kaernten-fuer-salzburg\\\/\"},\"wordCount\":528,\"commentCount\":0,\"image\":{\"@id\":\"https:\\\/\\\/blog.vida.at\\\/pensionisten\\\/2025\\\/05\\\/28\\\/gerhard-galloe-eine-starke-stimme-aus-kaernten-fuer-salzburg\\\/#primaryimage\"},\"thumbnailUrl\":\"https:\\\/\\\/blog.vida.at\\\/pensionisten\\\/wp-content\\\/uploads\\\/sites\\\/10\\\/2025\\\/05\\\/Gerhard_Gallo_vida_Salzburg.png\",\"articleSection\":{\"0\":\"Aktuelles\",\"2\":\"Top Aktuelles\"},\"inLanguage\":\"de\",\"potentialAction\":[{\"@type\":\"CommentAction\",\"name\":\"Comment\",\"target\":[\"https:\\\/\\\/blog.vida.at\\\/pensionisten\\\/2025\\\/05\\\/28\\\/gerhard-galloe-eine-starke-stimme-aus-kaernten-fuer-salzburg\\\/#respond\"]}]},{\"@type\":\"WebPage\",\"@id\":\"https:\\\/\\\/blog.vida.at\\\/pensionisten\\\/2025\\\/05\\\/28\\\/gerhard-galloe-eine-starke-stimme-aus-kaernten-fuer-salzburg\\\/\",\"url\":\"https:\\\/\\\/blog.vida.at\\\/pensionisten\\\/2025\\\/05\\\/28\\\/gerhard-galloe-eine-starke-stimme-aus-kaernten-fuer-salzburg\\\/\",\"name\":\"Gerhard Gallo: Eine starke Stimme aus K\u00e4rnten f\u00fcr Salzburg\",\"isPartOf\":{\"@id\":\"https:\\\/\\\/blog.vida.at\\\/pensionisten\\\/#website\"},\"primaryImageOfPage\":{\"@id\":\"https:\\\/\\\/blog.vida.at\\\/pensionisten\\\/2025\\\/05\\\/28\\\/gerhard-galloe-eine-starke-stimme-aus-kaernten-fuer-salzburg\\\/#primaryimage\"},\"image\":{\"@id\":\"https:\\\/\\\/blog.vida.at\\\/pensionisten\\\/2025\\\/05\\\/28\\\/gerhard-galloe-eine-starke-stimme-aus-kaernten-fuer-salzburg\\\/#primaryimage\"},\"thumbnailUrl\":\"https:\\\/\\\/blog.vida.at\\\/pensionisten\\\/wp-content\\\/uploads\\\/sites\\\/10\\\/2025\\\/05\\\/Gerhard_Gallo_vida_Salzburg.png\",\"datePublished\":\"2025-05-28T08:04:19+00:00\",\"dateModified\":\"2025-05-28T09:45:01+00:00\",\"author\":{\"@id\":\"https:\\\/\\\/blog.vida.at\\\/pensionisten\\\/#\\\/schema\\\/person\\\/88cee3ee93b9afdc51c92f5f63f38b8a\"},\"breadcrumb\":{\"@id\":\"https:\\\/\\\/blog.vida.at\\\/pensionisten\\\/2025\\\/05\\\/28\\\/gerhard-galloe-eine-starke-stimme-aus-kaernten-fuer-salzburg\\\/#breadcrumb\"},\"inLanguage\":\"de\",\"potentialAction\":[{\"@type\":\"ReadAction\",\"target\":[\"https:\\\/\\\/blog.vida.at\\\/pensionisten\\\/2025\\\/05\\\/28\\\/gerhard-galloe-eine-starke-stimme-aus-kaernten-fuer-salzburg\\\/\"]}]},{\"@type\":\"ImageObject\",\"inLanguage\":\"de\",\"@id\":\"https:\\\/\\\/blog.vida.at\\\/pensionisten\\\/2025\\\/05\\\/28\\\/gerhard-galloe-eine-starke-stimme-aus-kaernten-fuer-salzburg\\\/#primaryimage\",\"url\":\"https:\\\/\\\/blog.vida.at\\\/pensionisten\\\/wp-content\\\/uploads\\\/sites\\\/10\\\/2025\\\/05\\\/Gerhard_Gallo_vida_Salzburg.png\",\"contentUrl\":\"https:\\\/\\\/blog.vida.at\\\/pensionisten\\\/wp-content\\\/uploads\\\/sites\\\/10\\\/2025\\\/05\\\/Gerhard_Gallo_vida_Salzburg.png\",\"width\":1620,\"height\":1080},{\"@type\":\"BreadcrumbList\",\"@id\":\"https:\\\/\\\/blog.vida.at\\\/pensionisten\\\/2025\\\/05\\\/28\\\/gerhard-galloe-eine-starke-stimme-aus-kaernten-fuer-salzburg\\\/#breadcrumb\",\"itemListElement\":[{\"@type\":\"ListItem\",\"position\":1,\"name\":\"Startseite\",\"item\":\"https:\\\/\\\/blog.vida.at\\\/pensionisten\\\/\"},{\"@type\":\"ListItem\",\"position\":2,\"name\":\"Gerhard Gallo: Eine starke Stimme aus K\u00e4rnten f\u00fcr Salzburg\"}]},{\"@type\":\"WebSite\",\"@id\":\"https:\\\/\\\/blog.vida.at\\\/pensionisten\\\/#website\",\"url\":\"https:\\\/\\\/blog.vida.at\\\/pensionisten\\\/\",\"name\":\"vida Pensionisten\",\"description\":\"\",\"potentialAction\":[{\"@type\":\"SearchAction\",\"target\":{\"@type\":\"EntryPoint\",\"urlTemplate\":\"https:\\\/\\\/blog.vida.at\\\/pensionisten\\\/?s={search_term_string}\"},\"query-input\":{\"@type\":\"PropertyValueSpecification\",\"valueRequired\":true,\"valueName\":\"search_term_string\"}}],\"inLanguage\":\"de\"},{\"@type\":\"Person\",\"@id\":\"https:\\\/\\\/blog.vida.at\\\/pensionisten\\\/#\\\/schema\\\/person\\\/88cee3ee93b9afdc51c92f5f63f38b8a\",\"name\":\"mariontobola\",\"image\":{\"@type\":\"ImageObject\",\"inLanguage\":\"de\",\"@id\":\"https:\\\/\\\/secure.gravatar.com\\\/avatar\\\/5d2c516985e4eda61bca05bd3b4359b4358135bd1e1a5b08c539e9cd1edd6528?s=96&d=mm&r=g\",\"url\":\"https:\\\/\\\/secure.gravatar.com\\\/avatar\\\/5d2c516985e4eda61bca05bd3b4359b4358135bd1e1a5b08c539e9cd1edd6528?s=96&d=mm&r=g\",\"contentUrl\":\"https:\\\/\\\/secure.gravatar.com\\\/avatar\\\/5d2c516985e4eda61bca05bd3b4359b4358135bd1e1a5b08c539e9cd1edd6528?s=96&d=mm&r=g\",\"caption\":\"mariontobola\"},\"url\":\"https:\\\/\\\/blog.vida.at\\\/pensionisten\\\/author\\\/mariontobola\\\/\"}]}<\/script>\n<!-- \/ Yoast SEO plugin. -->","yoast_head_json":{"title":"Gerhard Gallo: Eine starke Stimme aus K\u00e4rnten f\u00fcr Salzburg","robots":{"index":"index","follow":"follow","max-snippet":"max-snippet:-1","max-image-preview":"max-image-preview:large","max-video-preview":"max-video-preview:-1"},"canonical":"https:\/\/blog.vida.at\/pensionisten\/2025\/05\/28\/gerhard-galloe-eine-starke-stimme-aus-kaernten-fuer-salzburg\/","og_locale":"de_DE","og_type":"article","og_title":"Gerhard Gallo: Eine starke Stimme aus K\u00e4rnten f\u00fcr Salzburg","og_description":"Der Vorsitzende der vida-Pensionist:innen Salzburg zu Gast im Podcast &#8222;vidaH\u00f6ren&#8220;. Gleich reinh\u00f6ren!","og_url":"https:\/\/blog.vida.at\/pensionisten\/2025\/05\/28\/gerhard-galloe-eine-starke-stimme-aus-kaernten-fuer-salzburg\/","og_site_name":"vida Pensionisten","article_published_time":"2025-05-28T08:04:19+00:00","article_modified_time":"2025-05-28T09:45:01+00:00","og_image":[{"width":1620,"height":1080,"url":"https:\/\/blog.vida.at\/pensionisten\/wp-content\/uploads\/sites\/10\/2025\/05\/Gerhard_Gallo_vida_Salzburg.png","type":"image\/png"}],"author":"mariontobola","twitter_card":"summary_large_image","twitter_misc":{"Verfasst von":"mariontobola","Gesch\u00e4tzte Lesezeit":"4\u00a0Minuten"},"schema":{"@context":"https:\/\/schema.org","@graph":[{"@type":"Article","@id":"https:\/\/blog.vida.at\/pensionisten\/2025\/05\/28\/gerhard-galloe-eine-starke-stimme-aus-kaernten-fuer-salzburg\/#article","isPartOf":{"@id":"https:\/\/blog.vida.at\/pensionisten\/2025\/05\/28\/gerhard-galloe-eine-starke-stimme-aus-kaernten-fuer-salzburg\/"},"author":{"name":"mariontobola","@id":"https:\/\/blog.vida.at\/pensionisten\/#\/schema\/person\/88cee3ee93b9afdc51c92f5f63f38b8a"},"headline":"Gerhard Gallo: Eine starke Stimme aus K\u00e4rnten f\u00fcr Salzburg","datePublished":"2025-05-28T08:04:19+00:00","dateModified":"2025-05-28T09:45:01+00:00","mainEntityOfPage":{"@id":"https:\/\/blog.vida.at\/pensionisten\/2025\/05\/28\/gerhard-galloe-eine-starke-stimme-aus-kaernten-fuer-salzburg\/"},"wordCount":528,"commentCount":0,"image":{"@id":"https:\/\/blog.vida.at\/pensionisten\/2025\/05\/28\/gerhard-galloe-eine-starke-stimme-aus-kaernten-fuer-salzburg\/#primaryimage"},"thumbnailUrl":"https:\/\/blog.vida.at\/pensionisten\/wp-content\/uploads\/sites\/10\/2025\/05\/Gerhard_Gallo_vida_Salzburg.png","articleSection":{"0":"Aktuelles","2":"Top Aktuelles"},"inLanguage":"de","potentialAction":[{"@type":"CommentAction","name":"Comment","target":["https:\/\/blog.vida.at\/pensionisten\/2025\/05\/28\/gerhard-galloe-eine-starke-stimme-aus-kaernten-fuer-salzburg\/#respond"]}]},{"@type":"WebPage","@id":"https:\/\/blog.vida.at\/pensionisten\/2025\/05\/28\/gerhard-galloe-eine-starke-stimme-aus-kaernten-fuer-salzburg\/","url":"https:\/\/blog.vida.at\/pensionisten\/2025\/05\/28\/gerhard-galloe-eine-starke-stimme-aus-kaernten-fuer-salzburg\/","name":"Gerhard Gallo: Eine starke Stimme aus K\u00e4rnten f\u00fcr Salzburg","isPartOf":{"@id":"https:\/\/blog.vida.at\/pensionisten\/#website"},"primaryImageOfPage":{"@id":"https:\/\/blog.vida.at\/pensionisten\/2025\/05\/28\/gerhard-galloe-eine-starke-stimme-aus-kaernten-fuer-salzburg\/#primaryimage"},"image":{"@id":"https:\/\/blog.vida.at\/pensionisten\/2025\/05\/28\/gerhard-galloe-eine-starke-stimme-aus-kaernten-fuer-salzburg\/#primaryimage"},"thumbnailUrl":"https:\/\/blog.vida.at\/pensionisten\/wp-content\/uploads\/sites\/10\/2025\/05\/Gerhard_Gallo_vida_Salzburg.png","datePublished":"2025-05-28T08:04:19+00:00","dateModified":"2025-05-28T09:45:01+00:00","author":{"@id":"https:\/\/blog.vida.at\/pensionisten\/#\/schema\/person\/88cee3ee93b9afdc51c92f5f63f38b8a"},"breadcrumb":{"@id":"https:\/\/blog.vida.at\/pensionisten\/2025\/05\/28\/gerhard-galloe-eine-starke-stimme-aus-kaernten-fuer-salzburg\/#breadcrumb"},"inLanguage":"de","potentialAction":[{"@type":"ReadAction","target":["https:\/\/blog.vida.at\/pensionisten\/2025\/05\/28\/gerhard-galloe-eine-starke-stimme-aus-kaernten-fuer-salzburg\/"]}]},{"@type":"ImageObject","inLanguage":"de","@id":"https:\/\/blog.vida.at\/pensionisten\/2025\/05\/28\/gerhard-galloe-eine-starke-stimme-aus-kaernten-fuer-salzburg\/#primaryimage","url":"https:\/\/blog.vida.at\/pensionisten\/wp-content\/uploads\/sites\/10\/2025\/05\/Gerhard_Gallo_vida_Salzburg.png","contentUrl":"https:\/\/blog.vida.at\/pensionisten\/wp-content\/uploads\/sites\/10\/2025\/05\/Gerhard_Gallo_vida_Salzburg.png","width":1620,"height":1080},{"@type":"BreadcrumbList","@id":"https:\/\/blog.vida.at\/pensionisten\/2025\/05\/28\/gerhard-galloe-eine-starke-stimme-aus-kaernten-fuer-salzburg\/#breadcrumb","itemListElement":[{"@type":"ListItem","position":1,"name":"Startseite","item":"https:\/\/blog.vida.at\/pensionisten\/"},{"@type":"ListItem","position":2,"name":"Gerhard Gallo: Eine starke Stimme aus K\u00e4rnten f\u00fcr Salzburg"}]},{"@type":"WebSite","@id":"https:\/\/blog.vida.at\/pensionisten\/#website","url":"https:\/\/blog.vida.at\/pensionisten\/","name":"vida Pensionisten","description":"","potentialAction":[{"@type":"SearchAction","target":{"@type":"EntryPoint","urlTemplate":"https:\/\/blog.vida.at\/pensionisten\/?s={search_term_string}"},"query-input":{"@type":"PropertyValueSpecification","valueRequired":true,"valueName":"search_term_string"}}],"inLanguage":"de"},{"@type":"Person","@id":"https:\/\/blog.vida.at\/pensionisten\/#\/schema\/person\/88cee3ee93b9afdc51c92f5f63f38b8a","name":"mariontobola","image":{"@type":"ImageObject","inLanguage":"de","@id":"https:\/\/secure.gravatar.com\/avatar\/5d2c516985e4eda61bca05bd3b4359b4358135bd1e1a5b08c539e9cd1edd6528?s=96&d=mm&r=g","url":"https:\/\/secure.gravatar.com\/avatar\/5d2c516985e4eda61bca05bd3b4359b4358135bd1e1a5b08c539e9cd1edd6528?s=96&d=mm&r=g","contentUrl":"https:\/\/secure.gravatar.com\/avatar\/5d2c516985e4eda61bca05bd3b4359b4358135bd1e1a5b08c539e9cd1edd6528?s=96&d=mm&r=g","caption":"mariontobola"},"url":"https:\/\/blog.vida.at\/pensionisten\/author\/mariontobola\/"}]}},"author_meta":{"display_name":"mariontobola","author_link":"https:\/\/blog.vida.at\/pensionisten\/author\/mariontobola\/"},"featured_img":"https:\/\/blog.vida.at\/pensionisten\/wp-content\/uploads\/sites\/10\/2025\/05\/Gerhard_Gallo_vida_Salzburg-300x200.png","featured_image_src":"https:\/\/blog.vida.at\/pensionisten\/wp-content\/uploads\/sites\/10\/2025\/05\/Gerhard_Gallo_vida_Salzburg-600x400.png","featured_image_src_square":"https:\/\/blog.vida.at\/pensionisten\/wp-content\/uploads\/sites\/10\/2025\/05\/Gerhard_Gallo_vida_Salzburg-600x600.png","uagb_featured_image_src":{"full":["https:\/\/blog.vida.at\/pensionisten\/wp-content\/uploads\/sites\/10\/2025\/05\/Gerhard_Gallo_vida_Salzburg.png",1620,1080,false],"thumbnail":["https:\/\/blog.vida.at\/pensionisten\/wp-content\/uploads\/sites\/10\/2025\/05\/Gerhard_Gallo_vida_Salzburg-150x150.png",150,150,true],"medium":["https:\/\/blog.vida.at\/pensionisten\/wp-content\/uploads\/sites\/10\/2025\/05\/Gerhard_Gallo_vida_Salzburg-300x200.png",300,200,true],"medium_large":["https:\/\/blog.vida.at\/pensionisten\/wp-content\/uploads\/sites\/10\/2025\/05\/Gerhard_Gallo_vida_Salzburg-768x512.png",640,427,true],"large":["https:\/\/blog.vida.at\/pensionisten\/wp-content\/uploads\/sites\/10\/2025\/05\/Gerhard_Gallo_vida_Salzburg-1024x683.png",640,427,true],"1536x1536":["https:\/\/blog.vida.at\/pensionisten\/wp-content\/uploads\/sites\/10\/2025\/05\/Gerhard_Gallo_vida_Salzburg-1536x1024.png",1536,1024,true],"2048x2048":["https:\/\/blog.vida.at\/pensionisten\/wp-content\/uploads\/sites\/10\/2025\/05\/Gerhard_Gallo_vida_Salzburg.png",1620,1080,false],"ab-block-post-grid-landscape":["https:\/\/blog.vida.at\/pensionisten\/wp-content\/uploads\/sites\/10\/2025\/05\/Gerhard_Gallo_vida_Salzburg-600x400.png",600,400,true],"ab-block-post-grid-square":["https:\/\/blog.vida.at\/pensionisten\/wp-content\/uploads\/sites\/10\/2025\/05\/Gerhard_Gallo_vida_Salzburg-600x600.png",600,600,true],"post-thumbnail":["https:\/\/blog.vida.at\/pensionisten\/wp-content\/uploads\/sites\/10\/2025\/05\/Gerhard_Gallo_vida_Salzburg-1568x1045.png",1568,1045,true],"awb_sm":["https:\/\/blog.vida.at\/pensionisten\/wp-content\/uploads\/sites\/10\/2025\/05\/Gerhard_Gallo_vida_Salzburg-500x333.png",500,333,true],"awb_md":["https:\/\/blog.vida.at\/pensionisten\/wp-content\/uploads\/sites\/10\/2025\/05\/Gerhard_Gallo_vida_Salzburg-800x533.png",800,533,true],"awb_lg":["https:\/\/blog.vida.at\/pensionisten\/wp-content\/uploads\/sites\/10\/2025\/05\/Gerhard_Gallo_vida_Salzburg-1280x853.png",1280,853,true],"awb_xl":["https:\/\/blog.vida.at\/pensionisten\/wp-content\/uploads\/sites\/10\/2025\/05\/Gerhard_Gallo_vida_Salzburg.png",1620,1080,false]},"uagb_author_info":{"display_name":"mariontobola","author_link":"https:\/\/blog.vida.at\/pensionisten\/author\/mariontobola\/"},"uagb_comment_info":0,"uagb_excerpt":"Der Vorsitzende der vida-Pensionist:innen Salzburg zu Gast im Podcast &#8222;vidaH\u00f6ren&#8220;. Gleich reinh\u00f6ren!","coauthors":[],"tax_additional":{"categories":{"linked":["<a href=\"https:\/\/blog.vida.at\/pensionisten\/category\/aktuelles\/\" class=\"advgb-post-tax-term\">Aktuelles<\/a>","<a href=\"https:\/\/blog.vida.at\/pensionisten\/category\/allgemein\/\" class=\"advgb-post-tax-term\">Allgemein<\/a>","<a href=\"https:\/\/blog.vida.at\/pensionisten\/category\/top-aktuelles\/\" class=\"advgb-post-tax-term\">Top Aktuelles<\/a>"],"unlinked":["<span class=\"advgb-post-tax-term\">Aktuelles<\/span>","<span class=\"advgb-post-tax-term\">Allgemein<\/span>","<span class=\"advgb-post-tax-term\">Top Aktuelles<\/span>"]}},"comment_count":"0","relative_dates":{"created":"Ver\u00f6ffentlicht 11\u00a0Monaten vor","modified":"Aktualisiert 11\u00a0Monaten vor"},"absolute_dates":{"created":"Ver\u00f6ffentlicht am 28. Mai 2025","modified":"Aktualisiert am 28. Mai 2025"},"absolute_dates_time":{"created":"Ver\u00f6ffentlicht am 28. Mai 2025 10:04","modified":"Aktualisiert am 28. Mai 2025 11:45"},"featured_img_caption":"","series_order":"","_links":{"self":[{"href":"https:\/\/blog.vida.at\/pensionisten\/wp-json\/wp\/v2\/posts\/10914","targetHints":{"allow":["GET"]}}],"collection":[{"href":"https:\/\/blog.vida.at\/pensionisten\/wp-json\/wp\/v2\/posts"}],"about":[{"href":"https:\/\/blog.vida.at\/pensionisten\/wp-json\/wp\/v2\/types\/post"}],"author":[{"embeddable":true,"href":"https:\/\/blog.vida.at\/pensionisten\/wp-json\/wp\/v2\/users\/8"}],"replies":[{"embeddable":true,"href":"https:\/\/blog.vida.at\/pensionisten\/wp-json\/wp\/v2\/comments?post=10914"}],"version-history":[{"count":3,"href":"https:\/\/blog.vida.at\/pensionisten\/wp-json\/wp\/v2\/posts\/10914\/revisions"}],"predecessor-version":[{"id":10937,"href":"https:\/\/blog.vida.at\/pensionisten\/wp-json\/wp\/v2\/posts\/10914\/revisions\/10937"}],"wp:featuredmedia":[{"embeddable":true,"href":"https:\/\/blog.vida.at\/pensionisten\/wp-json\/wp\/v2\/media\/10936"}],"wp:attachment":[{"href":"https:\/\/blog.vida.at\/pensionisten\/wp-json\/wp\/v2\/media?parent=10914"}],"wp:term":[{"taxonomy":"category","embeddable":true,"href":"https:\/\/blog.vida.at\/pensionisten\/wp-json\/wp\/v2\/categories?post=10914"},{"taxonomy":"post_tag","embeddable":true,"href":"https:\/\/blog.vida.at\/pensionisten\/wp-json\/wp\/v2\/tags?post=10914"},{"taxonomy":"Orte","embeddable":true,"href":"https:\/\/blog.vida.at\/pensionisten\/wp-json\/wp\/v2\/Orte?post=10914"},{"taxonomy":"activitytype","embeddable":true,"href":"https:\/\/blog.vida.at\/pensionisten\/wp-json\/wp\/v2\/activitytype?post=10914"}],"curies":[{"name":"wp","href":"https:\/\/api.w.org\/{rel}","templated":true}]}}