
{"id":11209,"date":"2025-07-21T11:17:53","date_gmt":"2025-07-21T09:17:53","guid":{"rendered":"https:\/\/blog.vida.at\/pensionisten\/?p=11209"},"modified":"2025-07-21T11:17:55","modified_gmt":"2025-07-21T09:17:55","slug":"wir-gratulieren-zum-94-geburtstag","status":"publish","type":"post","link":"https:\/\/blog.vida.at\/pensionisten\/2025\/07\/21\/wir-gratulieren-zum-94-geburtstag\/","title":{"rendered":"Wir gratulieren zum 94. Geburtstag"},"content":{"rendered":"\n<div class=\"wp-block-group Container\"><div class=\"wp-block-group__inner-container is-layout-flow wp-block-group-is-layout-flow\">\n<h4 class=\"wp-block-heading\">Die vida-Ortsgruppe Klagenfurt gratuliert Heinz Felsner vom ganzen Herzen.<\/h4>\n\n\n\n<br>\n\n\n\n<p><\/p>\n\n\n\n<!--more-->\n\n\n\n<p><\/p>\n\n\n\n<p>Die <strong>vida-Ortsgruppe Klagenfurt <\/strong>w\u00fcnscht <strong>Heinz Felsner<\/strong> zum <strong>94. Geburtstag<\/strong> alles Gute und viel Gesundheit.<\/p>\n\n\n\n<p>Heinz ist <strong>seit 1. November 1946 Gewerkschaftsmitglied<\/strong> und<strong> Funktion\u00e4r<\/strong> unserer Organisation.<\/p>\n\n\n\n<p>Die <strong>vida-Landesleitung K\u00e4rnten <\/strong>unter dem Vorsitz von Roman Kobald schlie\u00dft sich mit <strong>vielen lieben Gr\u00fc\u00dfen <\/strong>den Gl\u00fcckw\u00fcnschen an.<\/p>\n\n\n\n<p><strong><mark style=\"color:#fe0202\" class=\"has-inline-color\">Wir sagen DANKE f\u00fcr deine Treue und w\u00fcnschen dir ein sch\u00f6nes neues Lebensjahr!<\/mark><\/strong><\/p>\n\n\n\n<figure class=\"wp-block-image size-large is-style-rounded\"><img loading=\"lazy\" decoding=\"async\" width=\"473\" height=\"1024\" src=\"https:\/\/blog.vida.at\/pensionisten\/wp-content\/uploads\/sites\/10\/2025\/07\/8aae1c7a0d254273c316b1b5a89cd485-473x1024.jpg\" alt=\"\" class=\"wp-image-11210\" srcset=\"https:\/\/blog.vida.at\/pensionisten\/wp-content\/uploads\/sites\/10\/2025\/07\/8aae1c7a0d254273c316b1b5a89cd485-473x1024.jpg 473w, https:\/\/blog.vida.at\/pensionisten\/wp-content\/uploads\/sites\/10\/2025\/07\/8aae1c7a0d254273c316b1b5a89cd485-139x300.jpg 139w, https:\/\/blog.vida.at\/pensionisten\/wp-content\/uploads\/sites\/10\/2025\/07\/8aae1c7a0d254273c316b1b5a89cd485-768x1662.jpg 768w, https:\/\/blog.vida.at\/pensionisten\/wp-content\/uploads\/sites\/10\/2025\/07\/8aae1c7a0d254273c316b1b5a89cd485-710x1536.jpg 710w, https:\/\/blog.vida.at\/pensionisten\/wp-content\/uploads\/sites\/10\/2025\/07\/8aae1c7a0d254273c316b1b5a89cd485-500x1082.jpg 500w, https:\/\/blog.vida.at\/pensionisten\/wp-content\/uploads\/sites\/10\/2025\/07\/8aae1c7a0d254273c316b1b5a89cd485-800x1732.jpg 800w, https:\/\/blog.vida.at\/pensionisten\/wp-content\/uploads\/sites\/10\/2025\/07\/8aae1c7a0d254273c316b1b5a89cd485.jpg 924w\" sizes=\"auto, (max-width: 473px) 100vw, 473px\" \/><\/figure>\n\n\n\n<p><em>Im Bild von links nach rechts: G\u00fcnther Rotter, Jubilar Heinz Felsner und Werner Moritz<\/em><\/p>\n\n\n\n<p><\/p>\n\n\n\n<p><\/p>\n<\/div><\/div>\n","protected":false},"excerpt":{"rendered":"<p>Die vida-Ortsgruppe Klagenfurt gratuliert Heinz Felsner vom ganzen Herzen.<\/p>\n","protected":false},"author":8,"featured_media":2689,"comment_status":"open","ping_status":"open","sticky":false,"template":"","format":"standard","meta":{"_uag_custom_page_level_css":"","advgb_blocks_editor_width":"","advgb_blocks_columns_visual_guide":"","footnotes":""},"categories":[1,49,55],"tags":[],"Orte":[],"activitytype":[],"class_list":["post-11209","post","type-post","status-publish","format-standard","has-post-thumbnail","hentry","category-allgemein","category-ortsgruppen","category-salzburg","entry"],"featured_image_urls":{"full":["https:\/\/blog.vida.at\/pensionisten\/wp-content\/uploads\/sites\/10\/2021\/07\/Geburtstag_adobestock.jpg",898,607,false],"thumbnail":["https:\/\/blog.vida.at\/pensionisten\/wp-content\/uploads\/sites\/10\/2021\/07\/Geburtstag_adobestock-150x150.jpg",150,150,true],"medium":["https:\/\/blog.vida.at\/pensionisten\/wp-content\/uploads\/sites\/10\/2021\/07\/Geburtstag_adobestock-300x203.jpg",300,203,true],"medium_large":["https:\/\/blog.vida.at\/pensionisten\/wp-content\/uploads\/sites\/10\/2021\/07\/Geburtstag_adobestock-768x519.jpg",640,433,true],"large":["https:\/\/blog.vida.at\/pensionisten\/wp-content\/uploads\/sites\/10\/2021\/07\/Geburtstag_adobestock.jpg",640,433,false],"1536x1536":["https:\/\/blog.vida.at\/pensionisten\/wp-content\/uploads\/sites\/10\/2021\/07\/Geburtstag_adobestock.jpg",898,607,false],"2048x2048":["https:\/\/blog.vida.at\/pensionisten\/wp-content\/uploads\/sites\/10\/2021\/07\/Geburtstag_adobestock.jpg",898,607,false],"ab-block-post-grid-landscape":["https:\/\/blog.vida.at\/pensionisten\/wp-content\/uploads\/sites\/10\/2021\/07\/Geburtstag_adobestock-600x400.jpg",600,400,true],"ab-block-post-grid-square":["https:\/\/blog.vida.at\/pensionisten\/wp-content\/uploads\/sites\/10\/2021\/07\/Geburtstag_adobestock-600x600.jpg",600,600,true],"post-thumbnail":["https:\/\/blog.vida.at\/pensionisten\/wp-content\/uploads\/sites\/10\/2021\/07\/Geburtstag_adobestock.jpg",898,607,false],"awb_sm":["https:\/\/blog.vida.at\/pensionisten\/wp-content\/uploads\/sites\/10\/2021\/07\/Geburtstag_adobestock-500x338.jpg",500,338,true],"awb_md":["https:\/\/blog.vida.at\/pensionisten\/wp-content\/uploads\/sites\/10\/2021\/07\/Geburtstag_adobestock-800x541.jpg",800,541,true],"awb_lg":["https:\/\/blog.vida.at\/pensionisten\/wp-content\/uploads\/sites\/10\/2021\/07\/Geburtstag_adobestock.jpg",898,607,false],"awb_xl":["https:\/\/blog.vida.at\/pensionisten\/wp-content\/uploads\/sites\/10\/2021\/07\/Geburtstag_adobestock.jpg",898,607,false]},"post_excerpt_stackable":"<p>Die vida-Ortsgruppe Klagenfurt gratuliert Heinz Felsner vom ganzen Herzen. Die vida-Ortsgruppe Klagenfurt w\u00fcnscht Heinz Felsner zum 94. Geburtstag alles Gute und viel Gesundheit. Heinz ist seit 1. November 1946 Gewerkschaftsmitglied und Funktion\u00e4r unserer Organisation. Die vida-Landesleitung K\u00e4rnten unter dem Vorsitz von Roman Kobald schlie\u00dft sich mit vielen lieben Gr\u00fc\u00dfen den Gl\u00fcckw\u00fcnschen an. Wir sagen DANKE f\u00fcr deine Treue und w\u00fcnschen dir ein sch\u00f6nes neues Lebensjahr! Im Bild von links nach rechts: G\u00fcnther Rotter, Jubilar Heinz Felsner und Werner Moritz<\/p>\n","category_list":"<a href=\"https:\/\/blog.vida.at\/pensionisten\/category\/allgemein\/\" rel=\"category tag\">Allgemein<\/a>, <a href=\"https:\/\/blog.vida.at\/pensionisten\/category\/ortsgruppen\/\" rel=\"category tag\">Ortsgruppen<\/a>, <a href=\"https:\/\/blog.vida.at\/pensionisten\/category\/ortsgruppen\/salzburg\/\" rel=\"category tag\">Salzburg<\/a>","author_info":{"display_name":"mariontobola","author_link":"https:\/\/blog.vida.at\/pensionisten\/author\/mariontobola\/"},"comments_num":"0 comments","featured_image_urls_v2":{"full":["https:\/\/blog.vida.at\/pensionisten\/wp-content\/uploads\/sites\/10\/2021\/07\/Geburtstag_adobestock.jpg",898,607,false],"thumbnail":["https:\/\/blog.vida.at\/pensionisten\/wp-content\/uploads\/sites\/10\/2021\/07\/Geburtstag_adobestock-150x150.jpg",150,150,true],"medium":["https:\/\/blog.vida.at\/pensionisten\/wp-content\/uploads\/sites\/10\/2021\/07\/Geburtstag_adobestock-300x203.jpg",300,203,true],"medium_large":["https:\/\/blog.vida.at\/pensionisten\/wp-content\/uploads\/sites\/10\/2021\/07\/Geburtstag_adobestock-768x519.jpg",640,433,true],"large":["https:\/\/blog.vida.at\/pensionisten\/wp-content\/uploads\/sites\/10\/2021\/07\/Geburtstag_adobestock.jpg",640,433,false],"1536x1536":["https:\/\/blog.vida.at\/pensionisten\/wp-content\/uploads\/sites\/10\/2021\/07\/Geburtstag_adobestock.jpg",898,607,false],"2048x2048":["https:\/\/blog.vida.at\/pensionisten\/wp-content\/uploads\/sites\/10\/2021\/07\/Geburtstag_adobestock.jpg",898,607,false],"ab-block-post-grid-landscape":["https:\/\/blog.vida.at\/pensionisten\/wp-content\/uploads\/sites\/10\/2021\/07\/Geburtstag_adobestock-600x400.jpg",600,400,true],"ab-block-post-grid-square":["https:\/\/blog.vida.at\/pensionisten\/wp-content\/uploads\/sites\/10\/2021\/07\/Geburtstag_adobestock-600x600.jpg",600,600,true],"post-thumbnail":["https:\/\/blog.vida.at\/pensionisten\/wp-content\/uploads\/sites\/10\/2021\/07\/Geburtstag_adobestock.jpg",898,607,false],"awb_sm":["https:\/\/blog.vida.at\/pensionisten\/wp-content\/uploads\/sites\/10\/2021\/07\/Geburtstag_adobestock-500x338.jpg",500,338,true],"awb_md":["https:\/\/blog.vida.at\/pensionisten\/wp-content\/uploads\/sites\/10\/2021\/07\/Geburtstag_adobestock-800x541.jpg",800,541,true],"awb_lg":["https:\/\/blog.vida.at\/pensionisten\/wp-content\/uploads\/sites\/10\/2021\/07\/Geburtstag_adobestock.jpg",898,607,false],"awb_xl":["https:\/\/blog.vida.at\/pensionisten\/wp-content\/uploads\/sites\/10\/2021\/07\/Geburtstag_adobestock.jpg",898,607,false]},"post_excerpt_stackable_v2":"<p>Die vida-Ortsgruppe Klagenfurt gratuliert Heinz Felsner vom ganzen Herzen. Die vida-Ortsgruppe Klagenfurt w\u00fcnscht Heinz Felsner zum 94. Geburtstag alles Gute und viel Gesundheit. Heinz ist seit 1. November 1946 Gewerkschaftsmitglied und Funktion\u00e4r unserer Organisation. Die vida-Landesleitung K\u00e4rnten unter dem Vorsitz von Roman Kobald schlie\u00dft sich mit vielen lieben Gr\u00fc\u00dfen den Gl\u00fcckw\u00fcnschen an. Wir sagen DANKE f\u00fcr deine Treue und w\u00fcnschen dir ein sch\u00f6nes neues Lebensjahr! Im Bild von links nach rechts: G\u00fcnther Rotter, Jubilar Heinz Felsner und Werner Moritz<\/p>\n","category_list_v2":"<a href=\"https:\/\/blog.vida.at\/pensionisten\/category\/allgemein\/\" rel=\"category tag\">Allgemein<\/a>, <a href=\"https:\/\/blog.vida.at\/pensionisten\/category\/ortsgruppen\/\" rel=\"category tag\">Ortsgruppen<\/a>, <a href=\"https:\/\/blog.vida.at\/pensionisten\/category\/ortsgruppen\/salzburg\/\" rel=\"category tag\">Salzburg<\/a>","author_info_v2":{"name":"mariontobola","url":"https:\/\/blog.vida.at\/pensionisten\/author\/mariontobola\/"},"comments_num_v2":"0 comments","yoast_head":"<!-- This site is optimized with the Yoast SEO plugin v27.3 - https:\/\/yoast.com\/product\/yoast-seo-wordpress\/ -->\n<title>Wir gratulieren zum 94. Geburtstag<\/title>\n<meta name=\"robots\" content=\"index, follow, max-snippet:-1, max-image-preview:large, max-video-preview:-1\" \/>\n<link rel=\"canonical\" href=\"https:\/\/blog.vida.at\/pensionisten\/2025\/07\/21\/wir-gratulieren-zum-94-geburtstag\/\" \/>\n<meta property=\"og:locale\" content=\"de_DE\" \/>\n<meta property=\"og:type\" content=\"article\" \/>\n<meta property=\"og:title\" content=\"Wir gratulieren zum 94. Geburtstag\" \/>\n<meta property=\"og:description\" content=\"Die vida-Ortsgruppe Klagenfurt gratuliert Heinz Felsner vom ganzen Herzen.\" \/>\n<meta property=\"og:url\" content=\"https:\/\/blog.vida.at\/pensionisten\/2025\/07\/21\/wir-gratulieren-zum-94-geburtstag\/\" \/>\n<meta property=\"og:site_name\" content=\"vida Pensionisten\" \/>\n<meta property=\"article:published_time\" content=\"2025-07-21T09:17:53+00:00\" \/>\n<meta property=\"article:modified_time\" content=\"2025-07-21T09:17:55+00:00\" \/>\n<meta property=\"og:image\" content=\"https:\/\/blog.vida.at\/pensionisten\/wp-content\/uploads\/sites\/10\/2021\/07\/Geburtstag_adobestock.jpg\" \/>\n\t<meta property=\"og:image:width\" content=\"898\" \/>\n\t<meta property=\"og:image:height\" content=\"607\" \/>\n\t<meta property=\"og:image:type\" content=\"image\/jpeg\" \/>\n<meta name=\"author\" content=\"mariontobola\" \/>\n<meta name=\"twitter:card\" content=\"summary_large_image\" \/>\n<meta name=\"twitter:label1\" content=\"Verfasst von\" \/>\n\t<meta name=\"twitter:data1\" content=\"mariontobola\" \/>\n\t<meta name=\"twitter:label2\" content=\"Gesch\u00e4tzte Lesezeit\" \/>\n\t<meta name=\"twitter:data2\" content=\"1\u00a0Minute\" \/>\n<script type=\"application\/ld+json\" class=\"yoast-schema-graph\">{\"@context\":\"https:\\\/\\\/schema.org\",\"@graph\":[{\"@type\":\"Article\",\"@id\":\"https:\\\/\\\/blog.vida.at\\\/pensionisten\\\/2025\\\/07\\\/21\\\/wir-gratulieren-zum-94-geburtstag\\\/#article\",\"isPartOf\":{\"@id\":\"https:\\\/\\\/blog.vida.at\\\/pensionisten\\\/2025\\\/07\\\/21\\\/wir-gratulieren-zum-94-geburtstag\\\/\"},\"author\":{\"name\":\"mariontobola\",\"@id\":\"https:\\\/\\\/blog.vida.at\\\/pensionisten\\\/#\\\/schema\\\/person\\\/88cee3ee93b9afdc51c92f5f63f38b8a\"},\"headline\":\"Wir gratulieren zum 94. Geburtstag\",\"datePublished\":\"2025-07-21T09:17:53+00:00\",\"dateModified\":\"2025-07-21T09:17:55+00:00\",\"mainEntityOfPage\":{\"@id\":\"https:\\\/\\\/blog.vida.at\\\/pensionisten\\\/2025\\\/07\\\/21\\\/wir-gratulieren-zum-94-geburtstag\\\/\"},\"wordCount\":91,\"commentCount\":0,\"image\":{\"@id\":\"https:\\\/\\\/blog.vida.at\\\/pensionisten\\\/2025\\\/07\\\/21\\\/wir-gratulieren-zum-94-geburtstag\\\/#primaryimage\"},\"thumbnailUrl\":\"https:\\\/\\\/blog.vida.at\\\/pensionisten\\\/wp-content\\\/uploads\\\/sites\\\/10\\\/2021\\\/07\\\/Geburtstag_adobestock.jpg\",\"articleSection\":{\"1\":\"Ortsgruppen\",\"2\":\"Salzburg\"},\"inLanguage\":\"de\",\"potentialAction\":[{\"@type\":\"CommentAction\",\"name\":\"Comment\",\"target\":[\"https:\\\/\\\/blog.vida.at\\\/pensionisten\\\/2025\\\/07\\\/21\\\/wir-gratulieren-zum-94-geburtstag\\\/#respond\"]}]},{\"@type\":\"WebPage\",\"@id\":\"https:\\\/\\\/blog.vida.at\\\/pensionisten\\\/2025\\\/07\\\/21\\\/wir-gratulieren-zum-94-geburtstag\\\/\",\"url\":\"https:\\\/\\\/blog.vida.at\\\/pensionisten\\\/2025\\\/07\\\/21\\\/wir-gratulieren-zum-94-geburtstag\\\/\",\"name\":\"Wir gratulieren zum 94. Geburtstag\",\"isPartOf\":{\"@id\":\"https:\\\/\\\/blog.vida.at\\\/pensionisten\\\/#website\"},\"primaryImageOfPage\":{\"@id\":\"https:\\\/\\\/blog.vida.at\\\/pensionisten\\\/2025\\\/07\\\/21\\\/wir-gratulieren-zum-94-geburtstag\\\/#primaryimage\"},\"image\":{\"@id\":\"https:\\\/\\\/blog.vida.at\\\/pensionisten\\\/2025\\\/07\\\/21\\\/wir-gratulieren-zum-94-geburtstag\\\/#primaryimage\"},\"thumbnailUrl\":\"https:\\\/\\\/blog.vida.at\\\/pensionisten\\\/wp-content\\\/uploads\\\/sites\\\/10\\\/2021\\\/07\\\/Geburtstag_adobestock.jpg\",\"datePublished\":\"2025-07-21T09:17:53+00:00\",\"dateModified\":\"2025-07-21T09:17:55+00:00\",\"author\":{\"@id\":\"https:\\\/\\\/blog.vida.at\\\/pensionisten\\\/#\\\/schema\\\/person\\\/88cee3ee93b9afdc51c92f5f63f38b8a\"},\"breadcrumb\":{\"@id\":\"https:\\\/\\\/blog.vida.at\\\/pensionisten\\\/2025\\\/07\\\/21\\\/wir-gratulieren-zum-94-geburtstag\\\/#breadcrumb\"},\"inLanguage\":\"de\",\"potentialAction\":[{\"@type\":\"ReadAction\",\"target\":[\"https:\\\/\\\/blog.vida.at\\\/pensionisten\\\/2025\\\/07\\\/21\\\/wir-gratulieren-zum-94-geburtstag\\\/\"]}]},{\"@type\":\"ImageObject\",\"inLanguage\":\"de\",\"@id\":\"https:\\\/\\\/blog.vida.at\\\/pensionisten\\\/2025\\\/07\\\/21\\\/wir-gratulieren-zum-94-geburtstag\\\/#primaryimage\",\"url\":\"https:\\\/\\\/blog.vida.at\\\/pensionisten\\\/wp-content\\\/uploads\\\/sites\\\/10\\\/2021\\\/07\\\/Geburtstag_adobestock.jpg\",\"contentUrl\":\"https:\\\/\\\/blog.vida.at\\\/pensionisten\\\/wp-content\\\/uploads\\\/sites\\\/10\\\/2021\\\/07\\\/Geburtstag_adobestock.jpg\",\"width\":898,\"height\":607},{\"@type\":\"BreadcrumbList\",\"@id\":\"https:\\\/\\\/blog.vida.at\\\/pensionisten\\\/2025\\\/07\\\/21\\\/wir-gratulieren-zum-94-geburtstag\\\/#breadcrumb\",\"itemListElement\":[{\"@type\":\"ListItem\",\"position\":1,\"name\":\"Startseite\",\"item\":\"https:\\\/\\\/blog.vida.at\\\/pensionisten\\\/\"},{\"@type\":\"ListItem\",\"position\":2,\"name\":\"Wir gratulieren zum 94. Geburtstag\"}]},{\"@type\":\"WebSite\",\"@id\":\"https:\\\/\\\/blog.vida.at\\\/pensionisten\\\/#website\",\"url\":\"https:\\\/\\\/blog.vida.at\\\/pensionisten\\\/\",\"name\":\"vida Pensionisten\",\"description\":\"\",\"potentialAction\":[{\"@type\":\"SearchAction\",\"target\":{\"@type\":\"EntryPoint\",\"urlTemplate\":\"https:\\\/\\\/blog.vida.at\\\/pensionisten\\\/?s={search_term_string}\"},\"query-input\":{\"@type\":\"PropertyValueSpecification\",\"valueRequired\":true,\"valueName\":\"search_term_string\"}}],\"inLanguage\":\"de\"},{\"@type\":\"Person\",\"@id\":\"https:\\\/\\\/blog.vida.at\\\/pensionisten\\\/#\\\/schema\\\/person\\\/88cee3ee93b9afdc51c92f5f63f38b8a\",\"name\":\"mariontobola\",\"image\":{\"@type\":\"ImageObject\",\"inLanguage\":\"de\",\"@id\":\"https:\\\/\\\/secure.gravatar.com\\\/avatar\\\/5d2c516985e4eda61bca05bd3b4359b4358135bd1e1a5b08c539e9cd1edd6528?s=96&d=mm&r=g\",\"url\":\"https:\\\/\\\/secure.gravatar.com\\\/avatar\\\/5d2c516985e4eda61bca05bd3b4359b4358135bd1e1a5b08c539e9cd1edd6528?s=96&d=mm&r=g\",\"contentUrl\":\"https:\\\/\\\/secure.gravatar.com\\\/avatar\\\/5d2c516985e4eda61bca05bd3b4359b4358135bd1e1a5b08c539e9cd1edd6528?s=96&d=mm&r=g\",\"caption\":\"mariontobola\"},\"url\":\"https:\\\/\\\/blog.vida.at\\\/pensionisten\\\/author\\\/mariontobola\\\/\"}]}<\/script>\n<!-- \/ Yoast SEO plugin. -->","yoast_head_json":{"title":"Wir gratulieren zum 94. Geburtstag","robots":{"index":"index","follow":"follow","max-snippet":"max-snippet:-1","max-image-preview":"max-image-preview:large","max-video-preview":"max-video-preview:-1"},"canonical":"https:\/\/blog.vida.at\/pensionisten\/2025\/07\/21\/wir-gratulieren-zum-94-geburtstag\/","og_locale":"de_DE","og_type":"article","og_title":"Wir gratulieren zum 94. Geburtstag","og_description":"Die vida-Ortsgruppe Klagenfurt gratuliert Heinz Felsner vom ganzen Herzen.","og_url":"https:\/\/blog.vida.at\/pensionisten\/2025\/07\/21\/wir-gratulieren-zum-94-geburtstag\/","og_site_name":"vida Pensionisten","article_published_time":"2025-07-21T09:17:53+00:00","article_modified_time":"2025-07-21T09:17:55+00:00","og_image":[{"width":898,"height":607,"url":"https:\/\/blog.vida.at\/pensionisten\/wp-content\/uploads\/sites\/10\/2021\/07\/Geburtstag_adobestock.jpg","type":"image\/jpeg"}],"author":"mariontobola","twitter_card":"summary_large_image","twitter_misc":{"Verfasst von":"mariontobola","Gesch\u00e4tzte Lesezeit":"1\u00a0Minute"},"schema":{"@context":"https:\/\/schema.org","@graph":[{"@type":"Article","@id":"https:\/\/blog.vida.at\/pensionisten\/2025\/07\/21\/wir-gratulieren-zum-94-geburtstag\/#article","isPartOf":{"@id":"https:\/\/blog.vida.at\/pensionisten\/2025\/07\/21\/wir-gratulieren-zum-94-geburtstag\/"},"author":{"name":"mariontobola","@id":"https:\/\/blog.vida.at\/pensionisten\/#\/schema\/person\/88cee3ee93b9afdc51c92f5f63f38b8a"},"headline":"Wir gratulieren zum 94. Geburtstag","datePublished":"2025-07-21T09:17:53+00:00","dateModified":"2025-07-21T09:17:55+00:00","mainEntityOfPage":{"@id":"https:\/\/blog.vida.at\/pensionisten\/2025\/07\/21\/wir-gratulieren-zum-94-geburtstag\/"},"wordCount":91,"commentCount":0,"image":{"@id":"https:\/\/blog.vida.at\/pensionisten\/2025\/07\/21\/wir-gratulieren-zum-94-geburtstag\/#primaryimage"},"thumbnailUrl":"https:\/\/blog.vida.at\/pensionisten\/wp-content\/uploads\/sites\/10\/2021\/07\/Geburtstag_adobestock.jpg","articleSection":{"1":"Ortsgruppen","2":"Salzburg"},"inLanguage":"de","potentialAction":[{"@type":"CommentAction","name":"Comment","target":["https:\/\/blog.vida.at\/pensionisten\/2025\/07\/21\/wir-gratulieren-zum-94-geburtstag\/#respond"]}]},{"@type":"WebPage","@id":"https:\/\/blog.vida.at\/pensionisten\/2025\/07\/21\/wir-gratulieren-zum-94-geburtstag\/","url":"https:\/\/blog.vida.at\/pensionisten\/2025\/07\/21\/wir-gratulieren-zum-94-geburtstag\/","name":"Wir gratulieren zum 94. Geburtstag","isPartOf":{"@id":"https:\/\/blog.vida.at\/pensionisten\/#website"},"primaryImageOfPage":{"@id":"https:\/\/blog.vida.at\/pensionisten\/2025\/07\/21\/wir-gratulieren-zum-94-geburtstag\/#primaryimage"},"image":{"@id":"https:\/\/blog.vida.at\/pensionisten\/2025\/07\/21\/wir-gratulieren-zum-94-geburtstag\/#primaryimage"},"thumbnailUrl":"https:\/\/blog.vida.at\/pensionisten\/wp-content\/uploads\/sites\/10\/2021\/07\/Geburtstag_adobestock.jpg","datePublished":"2025-07-21T09:17:53+00:00","dateModified":"2025-07-21T09:17:55+00:00","author":{"@id":"https:\/\/blog.vida.at\/pensionisten\/#\/schema\/person\/88cee3ee93b9afdc51c92f5f63f38b8a"},"breadcrumb":{"@id":"https:\/\/blog.vida.at\/pensionisten\/2025\/07\/21\/wir-gratulieren-zum-94-geburtstag\/#breadcrumb"},"inLanguage":"de","potentialAction":[{"@type":"ReadAction","target":["https:\/\/blog.vida.at\/pensionisten\/2025\/07\/21\/wir-gratulieren-zum-94-geburtstag\/"]}]},{"@type":"ImageObject","inLanguage":"de","@id":"https:\/\/blog.vida.at\/pensionisten\/2025\/07\/21\/wir-gratulieren-zum-94-geburtstag\/#primaryimage","url":"https:\/\/blog.vida.at\/pensionisten\/wp-content\/uploads\/sites\/10\/2021\/07\/Geburtstag_adobestock.jpg","contentUrl":"https:\/\/blog.vida.at\/pensionisten\/wp-content\/uploads\/sites\/10\/2021\/07\/Geburtstag_adobestock.jpg","width":898,"height":607},{"@type":"BreadcrumbList","@id":"https:\/\/blog.vida.at\/pensionisten\/2025\/07\/21\/wir-gratulieren-zum-94-geburtstag\/#breadcrumb","itemListElement":[{"@type":"ListItem","position":1,"name":"Startseite","item":"https:\/\/blog.vida.at\/pensionisten\/"},{"@type":"ListItem","position":2,"name":"Wir gratulieren zum 94. Geburtstag"}]},{"@type":"WebSite","@id":"https:\/\/blog.vida.at\/pensionisten\/#website","url":"https:\/\/blog.vida.at\/pensionisten\/","name":"vida Pensionisten","description":"","potentialAction":[{"@type":"SearchAction","target":{"@type":"EntryPoint","urlTemplate":"https:\/\/blog.vida.at\/pensionisten\/?s={search_term_string}"},"query-input":{"@type":"PropertyValueSpecification","valueRequired":true,"valueName":"search_term_string"}}],"inLanguage":"de"},{"@type":"Person","@id":"https:\/\/blog.vida.at\/pensionisten\/#\/schema\/person\/88cee3ee93b9afdc51c92f5f63f38b8a","name":"mariontobola","image":{"@type":"ImageObject","inLanguage":"de","@id":"https:\/\/secure.gravatar.com\/avatar\/5d2c516985e4eda61bca05bd3b4359b4358135bd1e1a5b08c539e9cd1edd6528?s=96&d=mm&r=g","url":"https:\/\/secure.gravatar.com\/avatar\/5d2c516985e4eda61bca05bd3b4359b4358135bd1e1a5b08c539e9cd1edd6528?s=96&d=mm&r=g","contentUrl":"https:\/\/secure.gravatar.com\/avatar\/5d2c516985e4eda61bca05bd3b4359b4358135bd1e1a5b08c539e9cd1edd6528?s=96&d=mm&r=g","caption":"mariontobola"},"url":"https:\/\/blog.vida.at\/pensionisten\/author\/mariontobola\/"}]}},"author_meta":{"display_name":"mariontobola","author_link":"https:\/\/blog.vida.at\/pensionisten\/author\/mariontobola\/"},"featured_img":"https:\/\/blog.vida.at\/pensionisten\/wp-content\/uploads\/sites\/10\/2021\/07\/Geburtstag_adobestock-300x203.jpg","featured_image_src":"https:\/\/blog.vida.at\/pensionisten\/wp-content\/uploads\/sites\/10\/2021\/07\/Geburtstag_adobestock-600x400.jpg","featured_image_src_square":"https:\/\/blog.vida.at\/pensionisten\/wp-content\/uploads\/sites\/10\/2021\/07\/Geburtstag_adobestock-600x600.jpg","uagb_featured_image_src":{"full":["https:\/\/blog.vida.at\/pensionisten\/wp-content\/uploads\/sites\/10\/2021\/07\/Geburtstag_adobestock.jpg",898,607,false],"thumbnail":["https:\/\/blog.vida.at\/pensionisten\/wp-content\/uploads\/sites\/10\/2021\/07\/Geburtstag_adobestock-150x150.jpg",150,150,true],"medium":["https:\/\/blog.vida.at\/pensionisten\/wp-content\/uploads\/sites\/10\/2021\/07\/Geburtstag_adobestock-300x203.jpg",300,203,true],"medium_large":["https:\/\/blog.vida.at\/pensionisten\/wp-content\/uploads\/sites\/10\/2021\/07\/Geburtstag_adobestock-768x519.jpg",640,433,true],"large":["https:\/\/blog.vida.at\/pensionisten\/wp-content\/uploads\/sites\/10\/2021\/07\/Geburtstag_adobestock.jpg",640,433,false],"1536x1536":["https:\/\/blog.vida.at\/pensionisten\/wp-content\/uploads\/sites\/10\/2021\/07\/Geburtstag_adobestock.jpg",898,607,false],"2048x2048":["https:\/\/blog.vida.at\/pensionisten\/wp-content\/uploads\/sites\/10\/2021\/07\/Geburtstag_adobestock.jpg",898,607,false],"ab-block-post-grid-landscape":["https:\/\/blog.vida.at\/pensionisten\/wp-content\/uploads\/sites\/10\/2021\/07\/Geburtstag_adobestock-600x400.jpg",600,400,true],"ab-block-post-grid-square":["https:\/\/blog.vida.at\/pensionisten\/wp-content\/uploads\/sites\/10\/2021\/07\/Geburtstag_adobestock-600x600.jpg",600,600,true],"post-thumbnail":["https:\/\/blog.vida.at\/pensionisten\/wp-content\/uploads\/sites\/10\/2021\/07\/Geburtstag_adobestock.jpg",898,607,false],"awb_sm":["https:\/\/blog.vida.at\/pensionisten\/wp-content\/uploads\/sites\/10\/2021\/07\/Geburtstag_adobestock-500x338.jpg",500,338,true],"awb_md":["https:\/\/blog.vida.at\/pensionisten\/wp-content\/uploads\/sites\/10\/2021\/07\/Geburtstag_adobestock-800x541.jpg",800,541,true],"awb_lg":["https:\/\/blog.vida.at\/pensionisten\/wp-content\/uploads\/sites\/10\/2021\/07\/Geburtstag_adobestock.jpg",898,607,false],"awb_xl":["https:\/\/blog.vida.at\/pensionisten\/wp-content\/uploads\/sites\/10\/2021\/07\/Geburtstag_adobestock.jpg",898,607,false]},"uagb_author_info":{"display_name":"mariontobola","author_link":"https:\/\/blog.vida.at\/pensionisten\/author\/mariontobola\/"},"uagb_comment_info":0,"uagb_excerpt":"Die vida-Ortsgruppe Klagenfurt gratuliert Heinz Felsner vom ganzen Herzen.","coauthors":[],"tax_additional":{"categories":{"linked":["<a href=\"https:\/\/blog.vida.at\/pensionisten\/category\/allgemein\/\" class=\"advgb-post-tax-term\">Allgemein<\/a>","<a href=\"https:\/\/blog.vida.at\/pensionisten\/category\/ortsgruppen\/\" class=\"advgb-post-tax-term\">Ortsgruppen<\/a>","<a href=\"https:\/\/blog.vida.at\/pensionisten\/category\/ortsgruppen\/salzburg\/\" class=\"advgb-post-tax-term\">Salzburg<\/a>"],"unlinked":["<span class=\"advgb-post-tax-term\">Allgemein<\/span>","<span class=\"advgb-post-tax-term\">Ortsgruppen<\/span>","<span class=\"advgb-post-tax-term\">Salzburg<\/span>"]}},"comment_count":"0","relative_dates":{"created":"Ver\u00f6ffentlicht 9\u00a0Monaten vor","modified":"Aktualisiert 9\u00a0Monaten vor"},"absolute_dates":{"created":"Ver\u00f6ffentlicht am 21. Juli 2025","modified":"Aktualisiert am 21. Juli 2025"},"absolute_dates_time":{"created":"Ver\u00f6ffentlicht am 21. Juli 2025 11:17","modified":"Aktualisiert am 21. Juli 2025 11:17"},"featured_img_caption":"","series_order":"","_links":{"self":[{"href":"https:\/\/blog.vida.at\/pensionisten\/wp-json\/wp\/v2\/posts\/11209","targetHints":{"allow":["GET"]}}],"collection":[{"href":"https:\/\/blog.vida.at\/pensionisten\/wp-json\/wp\/v2\/posts"}],"about":[{"href":"https:\/\/blog.vida.at\/pensionisten\/wp-json\/wp\/v2\/types\/post"}],"author":[{"embeddable":true,"href":"https:\/\/blog.vida.at\/pensionisten\/wp-json\/wp\/v2\/users\/8"}],"replies":[{"embeddable":true,"href":"https:\/\/blog.vida.at\/pensionisten\/wp-json\/wp\/v2\/comments?post=11209"}],"version-history":[{"count":1,"href":"https:\/\/blog.vida.at\/pensionisten\/wp-json\/wp\/v2\/posts\/11209\/revisions"}],"predecessor-version":[{"id":11211,"href":"https:\/\/blog.vida.at\/pensionisten\/wp-json\/wp\/v2\/posts\/11209\/revisions\/11211"}],"wp:featuredmedia":[{"embeddable":true,"href":"https:\/\/blog.vida.at\/pensionisten\/wp-json\/wp\/v2\/media\/2689"}],"wp:attachment":[{"href":"https:\/\/blog.vida.at\/pensionisten\/wp-json\/wp\/v2\/media?parent=11209"}],"wp:term":[{"taxonomy":"category","embeddable":true,"href":"https:\/\/blog.vida.at\/pensionisten\/wp-json\/wp\/v2\/categories?post=11209"},{"taxonomy":"post_tag","embeddable":true,"href":"https:\/\/blog.vida.at\/pensionisten\/wp-json\/wp\/v2\/tags?post=11209"},{"taxonomy":"Orte","embeddable":true,"href":"https:\/\/blog.vida.at\/pensionisten\/wp-json\/wp\/v2\/Orte?post=11209"},{"taxonomy":"activitytype","embeddable":true,"href":"https:\/\/blog.vida.at\/pensionisten\/wp-json\/wp\/v2\/activitytype?post=11209"}],"curies":[{"name":"wp","href":"https:\/\/api.w.org\/{rel}","templated":true}]}}