
{"id":11566,"date":"2025-09-09T08:17:33","date_gmt":"2025-09-09T06:17:33","guid":{"rendered":"https:\/\/blog.vida.at\/pensionisten\/?p=11566"},"modified":"2025-09-09T15:01:02","modified_gmt":"2025-09-09T13:01:02","slug":"fuer-meine-mutter-da-sein-auch-als-vertreter","status":"publish","type":"post","link":"https:\/\/blog.vida.at\/pensionisten\/2025\/09\/09\/fuer-meine-mutter-da-sein-auch-als-vertreter\/","title":{"rendered":"&#8222;F\u00fcr meine Mutter da sein &#8211; auch als Vertreter&#8220;"},"content":{"rendered":"\n<p><strong>Zwischen Liebe, Verantwortung und schwierigen Entscheidung <\/strong>&#8211; ein vida-Mitglied im<strong> Podcast &#8222;vidaH\u00f6ren&#8220;<\/strong> zum Thema  <strong>Erwachsenenvertretung<\/strong>. Gleich reinh\u00f6ren!<\/p>\n\n\n\n<br>\n\n\n\n<!--more-->\n\n\n\n<figure class=\"wp-block-image alignfull size-full\"><img loading=\"lazy\" decoding=\"async\" width=\"1620\" height=\"1080\" src=\"https:\/\/blog.vida.at\/pensionisten\/wp-content\/uploads\/sites\/10\/2025\/09\/vida_Podcast_Manfred_Pawlek_Erwachsenenvertretung.png\" alt=\"\" class=\"wp-image-11603\" srcset=\"https:\/\/blog.vida.at\/pensionisten\/wp-content\/uploads\/sites\/10\/2025\/09\/vida_Podcast_Manfred_Pawlek_Erwachsenenvertretung.png 1620w, https:\/\/blog.vida.at\/pensionisten\/wp-content\/uploads\/sites\/10\/2025\/09\/vida_Podcast_Manfred_Pawlek_Erwachsenenvertretung-300x200.png 300w, https:\/\/blog.vida.at\/pensionisten\/wp-content\/uploads\/sites\/10\/2025\/09\/vida_Podcast_Manfred_Pawlek_Erwachsenenvertretung-1024x683.png 1024w, https:\/\/blog.vida.at\/pensionisten\/wp-content\/uploads\/sites\/10\/2025\/09\/vida_Podcast_Manfred_Pawlek_Erwachsenenvertretung-768x512.png 768w, https:\/\/blog.vida.at\/pensionisten\/wp-content\/uploads\/sites\/10\/2025\/09\/vida_Podcast_Manfred_Pawlek_Erwachsenenvertretung-1536x1024.png 1536w, https:\/\/blog.vida.at\/pensionisten\/wp-content\/uploads\/sites\/10\/2025\/09\/vida_Podcast_Manfred_Pawlek_Erwachsenenvertretung-600x400.png 600w, https:\/\/blog.vida.at\/pensionisten\/wp-content\/uploads\/sites\/10\/2025\/09\/vida_Podcast_Manfred_Pawlek_Erwachsenenvertretung-1568x1045.png 1568w, https:\/\/blog.vida.at\/pensionisten\/wp-content\/uploads\/sites\/10\/2025\/09\/vida_Podcast_Manfred_Pawlek_Erwachsenenvertretung-500x333.png 500w, https:\/\/blog.vida.at\/pensionisten\/wp-content\/uploads\/sites\/10\/2025\/09\/vida_Podcast_Manfred_Pawlek_Erwachsenenvertretung-800x533.png 800w, https:\/\/blog.vida.at\/pensionisten\/wp-content\/uploads\/sites\/10\/2025\/09\/vida_Podcast_Manfred_Pawlek_Erwachsenenvertretung-1280x853.png 1280w\" sizes=\"auto, (max-width: 1620px) 100vw, 1620px\" \/><\/figure>\n\n\n\n<p>Wenn ein geliebter Mensch aufgrund von Krankheit oder Alter wichtige Entscheidungen nicht mehr selbst treffen kann, stehen Angeh\u00f6rige vor gro\u00dfen Herausforderungen. In dieser <strong>Spezial-Episode <\/strong>des <strong>Podcasts \u201evidaH\u00f6ren\u201c <\/strong>erz\u00e4hlt <strong>vida-Mitglied Manfred Pawlek<\/strong>, wie er die <strong>Erwachsenenvertretung f\u00fcr seine an Demenz erkrankte Mutter<\/strong> \u00fcbernommen hat. Er berichtet von <strong>b\u00fcrokratischen H\u00fcrden<\/strong>, <strong>emotionalen Herausforderungen<\/strong> und den Schritten, die notwendig waren, um die Balance zwischen Formalit\u00e4ten, eigenen Gef\u00fchlen und den Bed\u00fcrfnissen seiner Mutter zu finden. Es ist eine<strong> pers\u00f6nliche Geschichte<\/strong>, die zeigt, wie wichtig <strong>Solidarit\u00e4t, Geduld und Information<\/strong> in solchen Lebensphasen sind \u2013 und wie stark man sein kann, wenn man Verantwortung f\u00fcr einen geliebten Menschen \u00fcbernimmt.<\/p>\n\n\n\n<p><\/p>\n\n\n\n<p><\/p>\n\n\n\n<div style=\"text-align:center\" class=\"wp-block-atomic-blocks-ab-cta ab-block-cta\"><div class=\"ab-cta-content\"><h2 class=\"ab-cta-title ab-font-size-32\" style=\"color:#32373c\">H\u00f6re hier &#8222;vidaH\u00f6ren&#8220;<\/h2><div class=\"ab-cta-text ab-font-size-32\" style=\"color:#32373c\"><\/div><\/div><div class=\"ab-cta-button\"><a href=\"https:\/\/vidahoeren.simplecast.com\/episodes\/fur-meine-mutter-da-sein-auch-als-vertreter-die-personliche-geschichte-eines-vida-mitglieds-und-erwachsenenvertreters\" target=\"_self\" rel=\"noopener noreferrer\" class=\"ab-button ab-button-shape-rounded ab-button-size-medium\" style=\"color:#ffffff;background-color:#3373dc\">Podcast-Episode mit Manfred Pawlek<\/a><\/div><\/div>\n\n\n\n<p><\/p>\n\n\n\n<p><strong><mark style=\"color:#f80404\" class=\"has-inline-color\">Erwachsenenvertretung: Rechte wahren, Verantwortung \u00fcbernehmen<\/mark><\/strong><\/p>\n\n\n\n<p>Seit dem 1. Juli 2018 ersetzt das Erwachsenenschutzrecht das fr\u00fchere Sachwalterrecht. Erwachsene, die ihre Angelegenheiten nicht mehr vollst\u00e4ndig selbst regeln k\u00f6nnen, erhalten dadurch rechtliche Unterst\u00fctzung.&nbsp;Die Erwachsenenvertretung ist eine verantwortungsvolle Aufgabe, die Sicherheit schafft und Rechte wahrt \u2013 f\u00fcr Betroffene genauso wie f\u00fcr Angeh\u00f6rige.<\/p>\n\n\n\n<ul class=\"wp-block-list\">\n<li><strong>Keine Entm\u00fcndigung:<\/strong>&nbsp;Die Rechte der Betroffenen bleiben gewahrt.<\/li>\n\n\n\n<li><strong>Verschiedene Formen:<\/strong>&nbsp;Von frei gew\u00e4hlten Erwachsenenvertreter:innen bis hin zu gerichtlich bestellten Vertretungen.<\/li>\n\n\n\n<li><strong>Ein Ziel:&nbsp;<\/strong>Betroffene sollen m\u00f6glichst lange selbstst\u00e4ndig und selbstbestimmt leben k\u00f6nnen.<\/li>\n<\/ul>\n\n\n\n<p>Erfahre auf <a href=\"https:\/\/www.oesterreich.gv.at\/de\/themen\/gesetze_und_recht\/erwachsenenvertretung_und_vorsorgevollmacht_bisher_sachwalterschaft\" target=\"_blank\" rel=\"noreferrer noopener\">oesterreich.gv.at<\/a> mehr zum Thema Erwachsenenvertretung<\/p>\n\n\n\n<p><strong><mark style=\"color:#f60000\" class=\"has-inline-color\">Manfreds Weg zum Vertreter seiner Mutter<\/mark><\/strong><\/p>\n\n\n\n<p>F\u00fcr Manfred und seine Geschwister war der Schritt zur Erwachsenenvertretung ein schleichender Prozess: \u201eWir haben bemerkt, dass unsere Mutter im Alltag immer mehr Unterst\u00fctzung braucht. Sie hat zum Beispiel selbst vorgeschlagen, dass ich zeichnungsberechtigt am Konto werde.\u201c<\/p>\n\n\n\n<p>Als die Demenz fortschritt, war f\u00fcr die Familie klar: eine rechtliche Absicherung muss her. Der Weg f\u00fchrte \u00fcber die Gewerkschaft vida zu einem Notar. Innerhalb weniger Wochen war Manfred offiziell als Erwachsenenvertreter eingetragen.<\/p>\n\n\n\n<p><strong><mark style=\"color:#fe0000\" class=\"has-inline-color\">Pflichten und emotionale Herausforderungen<\/mark><\/strong><\/p>\n\n\n\n<p>Mit der Erwachsenenvertretung kommen viele Aufgaben: von der Einkommens- und Verm\u00f6gensverwaltung \u00fcber Berichts- und Rechnungslegungspflichten bis hin zu Entscheidungen \u00fcber Pflege, betreutes Wohnen und medizinische Eingriffe. Intensiv war f\u00fcr Manfred die Anfangsphase, erinnert er sich zur\u00fcck: \u201eIch musste mich durch viele Unterlagen arbeiten, von Versicherungen bis zu den Online-Accounts meiner Mutter. Das war viel Aufwand, aber wichtig, um den \u00dcberblick zu behalten.\u201c<\/p>\n\n\n\n<p>Neben B\u00fcrokratie erfordert die Rolle als Erwachsenenverteter:in emotionale St\u00e4rke. Unterst\u00fctzung fand Manfred in seiner Gewerkschaft und im Austausch mit anderen Betroffenen.<\/p>\n\n\n\n<p><strong><mark style=\"color:#ff0000\" class=\"has-inline-color\">Tipps f\u00fcr Angeh\u00f6rige<\/mark><\/strong><\/p>\n\n\n\n<p>Aus seiner Erfahrung empfiehlt Manfred:<\/p>\n\n\n\n<ul class=\"wp-block-list\">\n<li><strong>Fr\u00fchzeitig informieren: <\/strong>Vorbereitung erleichtert den Ernstfall.<\/li>\n\n\n\n<li><strong>Familie einbinden:<\/strong> Gemeinsame Entscheidungen verhindern Konflikte.<\/li>\n\n\n\n<li><strong>Unterst\u00fctzungsangebote nutzen: <\/strong><a href=\"https:\/\/www.vida.at\/mitgliedwerden\" target=\"_blank\" rel=\"noreferrer noopener\">Gewerkschaft vida<\/a>, <a href=\"https:\/\/vertretungsnetz.at\/home\/\" target=\"_blank\" rel=\"noreferrer noopener\">VertretungsNetz <\/a>und <a href=\"https:\/\/vidahelp.at\/\" target=\"_blank\" rel=\"noreferrer noopener\">vidahelp<\/a> bieten Wissen und ein starkes Netzwerk.<\/li>\n\n\n\n<li><strong>Dokumentieren:&nbsp;<\/strong>Alle Belege, Vertr\u00e4ge und Entscheidungen festhalten. <\/li>\n\n\n\n<li><strong>Offen dar\u00fcber reden:<\/strong>&nbsp;Das Thema betrifft uns alle.<\/li>\n<\/ul>\n\n\n\n<p><\/p>\n\n\n\n<p><\/p>\n\n\n\n<p><\/p>\n","protected":false},"excerpt":{"rendered":"<p>Zwischen Liebe, Verantwortung und schwierigen Entscheidung &#8211; ein vida-Mitglied im Podcast &#8222;vidaH\u00f6ren&#8220; zum Thema Erwachsenenvertretung. Gleich reinh\u00f6ren!<\/p>\n","protected":false},"author":8,"featured_media":11603,"comment_status":"open","ping_status":"open","sticky":false,"template":"","format":"standard","meta":{"_uag_custom_page_level_css":"","advgb_blocks_editor_width":"","advgb_blocks_columns_visual_guide":"","footnotes":""},"categories":[4,1,32],"tags":[],"Orte":[],"activitytype":[],"class_list":["post-11566","post","type-post","status-publish","format-standard","has-post-thumbnail","hentry","category-aktuelles","category-allgemein","category-top-aktuelles","entry"],"featured_image_urls":{"full":["https:\/\/blog.vida.at\/pensionisten\/wp-content\/uploads\/sites\/10\/2025\/09\/vida_Podcast_Manfred_Pawlek_Erwachsenenvertretung.png",1620,1080,false],"thumbnail":["https:\/\/blog.vida.at\/pensionisten\/wp-content\/uploads\/sites\/10\/2025\/09\/vida_Podcast_Manfred_Pawlek_Erwachsenenvertretung-150x150.png",150,150,true],"medium":["https:\/\/blog.vida.at\/pensionisten\/wp-content\/uploads\/sites\/10\/2025\/09\/vida_Podcast_Manfred_Pawlek_Erwachsenenvertretung-300x200.png",300,200,true],"medium_large":["https:\/\/blog.vida.at\/pensionisten\/wp-content\/uploads\/sites\/10\/2025\/09\/vida_Podcast_Manfred_Pawlek_Erwachsenenvertretung-768x512.png",640,427,true],"large":["https:\/\/blog.vida.at\/pensionisten\/wp-content\/uploads\/sites\/10\/2025\/09\/vida_Podcast_Manfred_Pawlek_Erwachsenenvertretung-1024x683.png",640,427,true],"1536x1536":["https:\/\/blog.vida.at\/pensionisten\/wp-content\/uploads\/sites\/10\/2025\/09\/vida_Podcast_Manfred_Pawlek_Erwachsenenvertretung-1536x1024.png",1536,1024,true],"2048x2048":["https:\/\/blog.vida.at\/pensionisten\/wp-content\/uploads\/sites\/10\/2025\/09\/vida_Podcast_Manfred_Pawlek_Erwachsenenvertretung.png",1620,1080,false],"ab-block-post-grid-landscape":["https:\/\/blog.vida.at\/pensionisten\/wp-content\/uploads\/sites\/10\/2025\/09\/vida_Podcast_Manfred_Pawlek_Erwachsenenvertretung-600x400.png",600,400,true],"ab-block-post-grid-square":["https:\/\/blog.vida.at\/pensionisten\/wp-content\/uploads\/sites\/10\/2025\/09\/vida_Podcast_Manfred_Pawlek_Erwachsenenvertretung-600x600.png",600,600,true],"post-thumbnail":["https:\/\/blog.vida.at\/pensionisten\/wp-content\/uploads\/sites\/10\/2025\/09\/vida_Podcast_Manfred_Pawlek_Erwachsenenvertretung-1568x1045.png",1568,1045,true],"awb_sm":["https:\/\/blog.vida.at\/pensionisten\/wp-content\/uploads\/sites\/10\/2025\/09\/vida_Podcast_Manfred_Pawlek_Erwachsenenvertretung-500x333.png",500,333,true],"awb_md":["https:\/\/blog.vida.at\/pensionisten\/wp-content\/uploads\/sites\/10\/2025\/09\/vida_Podcast_Manfred_Pawlek_Erwachsenenvertretung-800x533.png",800,533,true],"awb_lg":["https:\/\/blog.vida.at\/pensionisten\/wp-content\/uploads\/sites\/10\/2025\/09\/vida_Podcast_Manfred_Pawlek_Erwachsenenvertretung-1280x853.png",1280,853,true],"awb_xl":["https:\/\/blog.vida.at\/pensionisten\/wp-content\/uploads\/sites\/10\/2025\/09\/vida_Podcast_Manfred_Pawlek_Erwachsenenvertretung.png",1620,1080,false]},"post_excerpt_stackable":"<p>Zwischen Liebe, Verantwortung und schwierigen Entscheidung &#8211; ein vida-Mitglied im Podcast &#8222;vidaH\u00f6ren&#8220; zum Thema Erwachsenenvertretung. Gleich reinh\u00f6ren! Wenn ein geliebter Mensch aufgrund von Krankheit oder Alter wichtige Entscheidungen nicht mehr selbst treffen kann, stehen Angeh\u00f6rige vor gro\u00dfen Herausforderungen. In dieser Spezial-Episode des Podcasts \u201evidaH\u00f6ren\u201c erz\u00e4hlt vida-Mitglied Manfred Pawlek, wie er die Erwachsenenvertretung f\u00fcr seine an Demenz erkrankte Mutter \u00fcbernommen hat. Er berichtet von b\u00fcrokratischen H\u00fcrden, emotionalen Herausforderungen und den Schritten, die notwendig waren, um die Balance zwischen Formalit\u00e4ten, eigenen Gef\u00fchlen und den Bed\u00fcrfnissen seiner Mutter zu finden. Es ist eine pers\u00f6nliche Geschichte, die zeigt, wie wichtig Solidarit\u00e4t, Geduld und Information&hellip;<\/p>\n","category_list":"<a href=\"https:\/\/blog.vida.at\/pensionisten\/category\/aktuelles\/\" rel=\"category tag\">Aktuelles<\/a>, <a href=\"https:\/\/blog.vida.at\/pensionisten\/category\/allgemein\/\" rel=\"category tag\">Allgemein<\/a>, <a href=\"https:\/\/blog.vida.at\/pensionisten\/category\/top-aktuelles\/\" rel=\"category tag\">Top Aktuelles<\/a>","author_info":{"display_name":"mariontobola","author_link":"https:\/\/blog.vida.at\/pensionisten\/author\/mariontobola\/"},"comments_num":"0 comments","featured_image_urls_v2":{"full":["https:\/\/blog.vida.at\/pensionisten\/wp-content\/uploads\/sites\/10\/2025\/09\/vida_Podcast_Manfred_Pawlek_Erwachsenenvertretung.png",1620,1080,false],"thumbnail":["https:\/\/blog.vida.at\/pensionisten\/wp-content\/uploads\/sites\/10\/2025\/09\/vida_Podcast_Manfred_Pawlek_Erwachsenenvertretung-150x150.png",150,150,true],"medium":["https:\/\/blog.vida.at\/pensionisten\/wp-content\/uploads\/sites\/10\/2025\/09\/vida_Podcast_Manfred_Pawlek_Erwachsenenvertretung-300x200.png",300,200,true],"medium_large":["https:\/\/blog.vida.at\/pensionisten\/wp-content\/uploads\/sites\/10\/2025\/09\/vida_Podcast_Manfred_Pawlek_Erwachsenenvertretung-768x512.png",640,427,true],"large":["https:\/\/blog.vida.at\/pensionisten\/wp-content\/uploads\/sites\/10\/2025\/09\/vida_Podcast_Manfred_Pawlek_Erwachsenenvertretung-1024x683.png",640,427,true],"1536x1536":["https:\/\/blog.vida.at\/pensionisten\/wp-content\/uploads\/sites\/10\/2025\/09\/vida_Podcast_Manfred_Pawlek_Erwachsenenvertretung-1536x1024.png",1536,1024,true],"2048x2048":["https:\/\/blog.vida.at\/pensionisten\/wp-content\/uploads\/sites\/10\/2025\/09\/vida_Podcast_Manfred_Pawlek_Erwachsenenvertretung.png",1620,1080,false],"ab-block-post-grid-landscape":["https:\/\/blog.vida.at\/pensionisten\/wp-content\/uploads\/sites\/10\/2025\/09\/vida_Podcast_Manfred_Pawlek_Erwachsenenvertretung-600x400.png",600,400,true],"ab-block-post-grid-square":["https:\/\/blog.vida.at\/pensionisten\/wp-content\/uploads\/sites\/10\/2025\/09\/vida_Podcast_Manfred_Pawlek_Erwachsenenvertretung-600x600.png",600,600,true],"post-thumbnail":["https:\/\/blog.vida.at\/pensionisten\/wp-content\/uploads\/sites\/10\/2025\/09\/vida_Podcast_Manfred_Pawlek_Erwachsenenvertretung-1568x1045.png",1568,1045,true],"awb_sm":["https:\/\/blog.vida.at\/pensionisten\/wp-content\/uploads\/sites\/10\/2025\/09\/vida_Podcast_Manfred_Pawlek_Erwachsenenvertretung-500x333.png",500,333,true],"awb_md":["https:\/\/blog.vida.at\/pensionisten\/wp-content\/uploads\/sites\/10\/2025\/09\/vida_Podcast_Manfred_Pawlek_Erwachsenenvertretung-800x533.png",800,533,true],"awb_lg":["https:\/\/blog.vida.at\/pensionisten\/wp-content\/uploads\/sites\/10\/2025\/09\/vida_Podcast_Manfred_Pawlek_Erwachsenenvertretung-1280x853.png",1280,853,true],"awb_xl":["https:\/\/blog.vida.at\/pensionisten\/wp-content\/uploads\/sites\/10\/2025\/09\/vida_Podcast_Manfred_Pawlek_Erwachsenenvertretung.png",1620,1080,false]},"post_excerpt_stackable_v2":"<p>Zwischen Liebe, Verantwortung und schwierigen Entscheidung &#8211; ein vida-Mitglied im Podcast &#8222;vidaH\u00f6ren&#8220; zum Thema Erwachsenenvertretung. Gleich reinh\u00f6ren! Wenn ein geliebter Mensch aufgrund von Krankheit oder Alter wichtige Entscheidungen nicht mehr selbst treffen kann, stehen Angeh\u00f6rige vor gro\u00dfen Herausforderungen. In dieser Spezial-Episode des Podcasts \u201evidaH\u00f6ren\u201c erz\u00e4hlt vida-Mitglied Manfred Pawlek, wie er die Erwachsenenvertretung f\u00fcr seine an Demenz erkrankte Mutter \u00fcbernommen hat. Er berichtet von b\u00fcrokratischen H\u00fcrden, emotionalen Herausforderungen und den Schritten, die notwendig waren, um die Balance zwischen Formalit\u00e4ten, eigenen Gef\u00fchlen und den Bed\u00fcrfnissen seiner Mutter zu finden. Es ist eine pers\u00f6nliche Geschichte, die zeigt, wie wichtig Solidarit\u00e4t, Geduld und Information&hellip;<\/p>\n","category_list_v2":"<a href=\"https:\/\/blog.vida.at\/pensionisten\/category\/aktuelles\/\" rel=\"category tag\">Aktuelles<\/a>, <a href=\"https:\/\/blog.vida.at\/pensionisten\/category\/allgemein\/\" rel=\"category tag\">Allgemein<\/a>, <a href=\"https:\/\/blog.vida.at\/pensionisten\/category\/top-aktuelles\/\" rel=\"category tag\">Top Aktuelles<\/a>","author_info_v2":{"name":"mariontobola","url":"https:\/\/blog.vida.at\/pensionisten\/author\/mariontobola\/"},"comments_num_v2":"0 comments","yoast_head":"<!-- This site is optimized with the Yoast SEO plugin v27.3 - https:\/\/yoast.com\/product\/yoast-seo-wordpress\/ -->\n<title>&quot;F\u00fcr meine Mutter da sein - auch als Vertreter&quot;<\/title>\n<meta name=\"robots\" content=\"index, follow, max-snippet:-1, max-image-preview:large, max-video-preview:-1\" \/>\n<link rel=\"canonical\" href=\"https:\/\/blog.vida.at\/pensionisten\/2025\/09\/09\/fuer-meine-mutter-da-sein-auch-als-vertreter\/\" \/>\n<meta property=\"og:locale\" content=\"de_DE\" \/>\n<meta property=\"og:type\" content=\"article\" \/>\n<meta property=\"og:title\" content=\"&quot;F\u00fcr meine Mutter da sein - auch als Vertreter&quot;\" \/>\n<meta property=\"og:description\" content=\"Zwischen Liebe, Verantwortung und schwierigen Entscheidung &#8211; ein vida-Mitglied im Podcast &#8222;vidaH\u00f6ren&#8220; zum Thema Erwachsenenvertretung. Gleich reinh\u00f6ren!\" \/>\n<meta property=\"og:url\" content=\"https:\/\/blog.vida.at\/pensionisten\/2025\/09\/09\/fuer-meine-mutter-da-sein-auch-als-vertreter\/\" \/>\n<meta property=\"og:site_name\" content=\"vida Pensionisten\" \/>\n<meta property=\"article:published_time\" content=\"2025-09-09T06:17:33+00:00\" \/>\n<meta property=\"article:modified_time\" content=\"2025-09-09T13:01:02+00:00\" \/>\n<meta property=\"og:image\" content=\"https:\/\/blog.vida.at\/pensionisten\/wp-content\/uploads\/sites\/10\/2025\/09\/vida_Podcast_Manfred_Pawlek_Erwachsenenvertretung.png\" \/>\n\t<meta property=\"og:image:width\" content=\"1620\" \/>\n\t<meta property=\"og:image:height\" content=\"1080\" \/>\n\t<meta property=\"og:image:type\" content=\"image\/png\" \/>\n<meta name=\"author\" content=\"mariontobola\" \/>\n<meta name=\"twitter:card\" content=\"summary_large_image\" \/>\n<meta name=\"twitter:label1\" content=\"Verfasst von\" \/>\n\t<meta name=\"twitter:data1\" content=\"mariontobola\" \/>\n\t<meta name=\"twitter:label2\" content=\"Gesch\u00e4tzte Lesezeit\" \/>\n\t<meta name=\"twitter:data2\" content=\"3\u00a0Minuten\" \/>\n<script type=\"application\/ld+json\" class=\"yoast-schema-graph\">{\"@context\":\"https:\\\/\\\/schema.org\",\"@graph\":[{\"@type\":\"Article\",\"@id\":\"https:\\\/\\\/blog.vida.at\\\/pensionisten\\\/2025\\\/09\\\/09\\\/fuer-meine-mutter-da-sein-auch-als-vertreter\\\/#article\",\"isPartOf\":{\"@id\":\"https:\\\/\\\/blog.vida.at\\\/pensionisten\\\/2025\\\/09\\\/09\\\/fuer-meine-mutter-da-sein-auch-als-vertreter\\\/\"},\"author\":{\"name\":\"mariontobola\",\"@id\":\"https:\\\/\\\/blog.vida.at\\\/pensionisten\\\/#\\\/schema\\\/person\\\/88cee3ee93b9afdc51c92f5f63f38b8a\"},\"headline\":\"&#8222;F\u00fcr meine Mutter da sein &#8211; auch als Vertreter&#8220;\",\"datePublished\":\"2025-09-09T06:17:33+00:00\",\"dateModified\":\"2025-09-09T13:01:02+00:00\",\"mainEntityOfPage\":{\"@id\":\"https:\\\/\\\/blog.vida.at\\\/pensionisten\\\/2025\\\/09\\\/09\\\/fuer-meine-mutter-da-sein-auch-als-vertreter\\\/\"},\"wordCount\":485,\"commentCount\":0,\"image\":{\"@id\":\"https:\\\/\\\/blog.vida.at\\\/pensionisten\\\/2025\\\/09\\\/09\\\/fuer-meine-mutter-da-sein-auch-als-vertreter\\\/#primaryimage\"},\"thumbnailUrl\":\"https:\\\/\\\/blog.vida.at\\\/pensionisten\\\/wp-content\\\/uploads\\\/sites\\\/10\\\/2025\\\/09\\\/vida_Podcast_Manfred_Pawlek_Erwachsenenvertretung.png\",\"articleSection\":{\"0\":\"Aktuelles\",\"2\":\"Top Aktuelles\"},\"inLanguage\":\"de\",\"potentialAction\":[{\"@type\":\"CommentAction\",\"name\":\"Comment\",\"target\":[\"https:\\\/\\\/blog.vida.at\\\/pensionisten\\\/2025\\\/09\\\/09\\\/fuer-meine-mutter-da-sein-auch-als-vertreter\\\/#respond\"]}]},{\"@type\":\"WebPage\",\"@id\":\"https:\\\/\\\/blog.vida.at\\\/pensionisten\\\/2025\\\/09\\\/09\\\/fuer-meine-mutter-da-sein-auch-als-vertreter\\\/\",\"url\":\"https:\\\/\\\/blog.vida.at\\\/pensionisten\\\/2025\\\/09\\\/09\\\/fuer-meine-mutter-da-sein-auch-als-vertreter\\\/\",\"name\":\"\\\"F\u00fcr meine Mutter da sein - auch als Vertreter\\\"\",\"isPartOf\":{\"@id\":\"https:\\\/\\\/blog.vida.at\\\/pensionisten\\\/#website\"},\"primaryImageOfPage\":{\"@id\":\"https:\\\/\\\/blog.vida.at\\\/pensionisten\\\/2025\\\/09\\\/09\\\/fuer-meine-mutter-da-sein-auch-als-vertreter\\\/#primaryimage\"},\"image\":{\"@id\":\"https:\\\/\\\/blog.vida.at\\\/pensionisten\\\/2025\\\/09\\\/09\\\/fuer-meine-mutter-da-sein-auch-als-vertreter\\\/#primaryimage\"},\"thumbnailUrl\":\"https:\\\/\\\/blog.vida.at\\\/pensionisten\\\/wp-content\\\/uploads\\\/sites\\\/10\\\/2025\\\/09\\\/vida_Podcast_Manfred_Pawlek_Erwachsenenvertretung.png\",\"datePublished\":\"2025-09-09T06:17:33+00:00\",\"dateModified\":\"2025-09-09T13:01:02+00:00\",\"author\":{\"@id\":\"https:\\\/\\\/blog.vida.at\\\/pensionisten\\\/#\\\/schema\\\/person\\\/88cee3ee93b9afdc51c92f5f63f38b8a\"},\"breadcrumb\":{\"@id\":\"https:\\\/\\\/blog.vida.at\\\/pensionisten\\\/2025\\\/09\\\/09\\\/fuer-meine-mutter-da-sein-auch-als-vertreter\\\/#breadcrumb\"},\"inLanguage\":\"de\",\"potentialAction\":[{\"@type\":\"ReadAction\",\"target\":[\"https:\\\/\\\/blog.vida.at\\\/pensionisten\\\/2025\\\/09\\\/09\\\/fuer-meine-mutter-da-sein-auch-als-vertreter\\\/\"]}]},{\"@type\":\"ImageObject\",\"inLanguage\":\"de\",\"@id\":\"https:\\\/\\\/blog.vida.at\\\/pensionisten\\\/2025\\\/09\\\/09\\\/fuer-meine-mutter-da-sein-auch-als-vertreter\\\/#primaryimage\",\"url\":\"https:\\\/\\\/blog.vida.at\\\/pensionisten\\\/wp-content\\\/uploads\\\/sites\\\/10\\\/2025\\\/09\\\/vida_Podcast_Manfred_Pawlek_Erwachsenenvertretung.png\",\"contentUrl\":\"https:\\\/\\\/blog.vida.at\\\/pensionisten\\\/wp-content\\\/uploads\\\/sites\\\/10\\\/2025\\\/09\\\/vida_Podcast_Manfred_Pawlek_Erwachsenenvertretung.png\",\"width\":1620,\"height\":1080},{\"@type\":\"BreadcrumbList\",\"@id\":\"https:\\\/\\\/blog.vida.at\\\/pensionisten\\\/2025\\\/09\\\/09\\\/fuer-meine-mutter-da-sein-auch-als-vertreter\\\/#breadcrumb\",\"itemListElement\":[{\"@type\":\"ListItem\",\"position\":1,\"name\":\"Startseite\",\"item\":\"https:\\\/\\\/blog.vida.at\\\/pensionisten\\\/\"},{\"@type\":\"ListItem\",\"position\":2,\"name\":\"&#8222;F\u00fcr meine Mutter da sein &#8211; auch als Vertreter&#8220;\"}]},{\"@type\":\"WebSite\",\"@id\":\"https:\\\/\\\/blog.vida.at\\\/pensionisten\\\/#website\",\"url\":\"https:\\\/\\\/blog.vida.at\\\/pensionisten\\\/\",\"name\":\"vida Pensionisten\",\"description\":\"\",\"potentialAction\":[{\"@type\":\"SearchAction\",\"target\":{\"@type\":\"EntryPoint\",\"urlTemplate\":\"https:\\\/\\\/blog.vida.at\\\/pensionisten\\\/?s={search_term_string}\"},\"query-input\":{\"@type\":\"PropertyValueSpecification\",\"valueRequired\":true,\"valueName\":\"search_term_string\"}}],\"inLanguage\":\"de\"},{\"@type\":\"Person\",\"@id\":\"https:\\\/\\\/blog.vida.at\\\/pensionisten\\\/#\\\/schema\\\/person\\\/88cee3ee93b9afdc51c92f5f63f38b8a\",\"name\":\"mariontobola\",\"image\":{\"@type\":\"ImageObject\",\"inLanguage\":\"de\",\"@id\":\"https:\\\/\\\/secure.gravatar.com\\\/avatar\\\/5d2c516985e4eda61bca05bd3b4359b4358135bd1e1a5b08c539e9cd1edd6528?s=96&d=mm&r=g\",\"url\":\"https:\\\/\\\/secure.gravatar.com\\\/avatar\\\/5d2c516985e4eda61bca05bd3b4359b4358135bd1e1a5b08c539e9cd1edd6528?s=96&d=mm&r=g\",\"contentUrl\":\"https:\\\/\\\/secure.gravatar.com\\\/avatar\\\/5d2c516985e4eda61bca05bd3b4359b4358135bd1e1a5b08c539e9cd1edd6528?s=96&d=mm&r=g\",\"caption\":\"mariontobola\"},\"url\":\"https:\\\/\\\/blog.vida.at\\\/pensionisten\\\/author\\\/mariontobola\\\/\"}]}<\/script>\n<!-- \/ Yoast SEO plugin. -->","yoast_head_json":{"title":"\"F\u00fcr meine Mutter da sein - auch als Vertreter\"","robots":{"index":"index","follow":"follow","max-snippet":"max-snippet:-1","max-image-preview":"max-image-preview:large","max-video-preview":"max-video-preview:-1"},"canonical":"https:\/\/blog.vida.at\/pensionisten\/2025\/09\/09\/fuer-meine-mutter-da-sein-auch-als-vertreter\/","og_locale":"de_DE","og_type":"article","og_title":"\"F\u00fcr meine Mutter da sein - auch als Vertreter\"","og_description":"Zwischen Liebe, Verantwortung und schwierigen Entscheidung &#8211; ein vida-Mitglied im Podcast &#8222;vidaH\u00f6ren&#8220; zum Thema Erwachsenenvertretung. Gleich reinh\u00f6ren!","og_url":"https:\/\/blog.vida.at\/pensionisten\/2025\/09\/09\/fuer-meine-mutter-da-sein-auch-als-vertreter\/","og_site_name":"vida Pensionisten","article_published_time":"2025-09-09T06:17:33+00:00","article_modified_time":"2025-09-09T13:01:02+00:00","og_image":[{"width":1620,"height":1080,"url":"https:\/\/blog.vida.at\/pensionisten\/wp-content\/uploads\/sites\/10\/2025\/09\/vida_Podcast_Manfred_Pawlek_Erwachsenenvertretung.png","type":"image\/png"}],"author":"mariontobola","twitter_card":"summary_large_image","twitter_misc":{"Verfasst von":"mariontobola","Gesch\u00e4tzte Lesezeit":"3\u00a0Minuten"},"schema":{"@context":"https:\/\/schema.org","@graph":[{"@type":"Article","@id":"https:\/\/blog.vida.at\/pensionisten\/2025\/09\/09\/fuer-meine-mutter-da-sein-auch-als-vertreter\/#article","isPartOf":{"@id":"https:\/\/blog.vida.at\/pensionisten\/2025\/09\/09\/fuer-meine-mutter-da-sein-auch-als-vertreter\/"},"author":{"name":"mariontobola","@id":"https:\/\/blog.vida.at\/pensionisten\/#\/schema\/person\/88cee3ee93b9afdc51c92f5f63f38b8a"},"headline":"&#8222;F\u00fcr meine Mutter da sein &#8211; auch als Vertreter&#8220;","datePublished":"2025-09-09T06:17:33+00:00","dateModified":"2025-09-09T13:01:02+00:00","mainEntityOfPage":{"@id":"https:\/\/blog.vida.at\/pensionisten\/2025\/09\/09\/fuer-meine-mutter-da-sein-auch-als-vertreter\/"},"wordCount":485,"commentCount":0,"image":{"@id":"https:\/\/blog.vida.at\/pensionisten\/2025\/09\/09\/fuer-meine-mutter-da-sein-auch-als-vertreter\/#primaryimage"},"thumbnailUrl":"https:\/\/blog.vida.at\/pensionisten\/wp-content\/uploads\/sites\/10\/2025\/09\/vida_Podcast_Manfred_Pawlek_Erwachsenenvertretung.png","articleSection":{"0":"Aktuelles","2":"Top Aktuelles"},"inLanguage":"de","potentialAction":[{"@type":"CommentAction","name":"Comment","target":["https:\/\/blog.vida.at\/pensionisten\/2025\/09\/09\/fuer-meine-mutter-da-sein-auch-als-vertreter\/#respond"]}]},{"@type":"WebPage","@id":"https:\/\/blog.vida.at\/pensionisten\/2025\/09\/09\/fuer-meine-mutter-da-sein-auch-als-vertreter\/","url":"https:\/\/blog.vida.at\/pensionisten\/2025\/09\/09\/fuer-meine-mutter-da-sein-auch-als-vertreter\/","name":"\"F\u00fcr meine Mutter da sein - auch als Vertreter\"","isPartOf":{"@id":"https:\/\/blog.vida.at\/pensionisten\/#website"},"primaryImageOfPage":{"@id":"https:\/\/blog.vida.at\/pensionisten\/2025\/09\/09\/fuer-meine-mutter-da-sein-auch-als-vertreter\/#primaryimage"},"image":{"@id":"https:\/\/blog.vida.at\/pensionisten\/2025\/09\/09\/fuer-meine-mutter-da-sein-auch-als-vertreter\/#primaryimage"},"thumbnailUrl":"https:\/\/blog.vida.at\/pensionisten\/wp-content\/uploads\/sites\/10\/2025\/09\/vida_Podcast_Manfred_Pawlek_Erwachsenenvertretung.png","datePublished":"2025-09-09T06:17:33+00:00","dateModified":"2025-09-09T13:01:02+00:00","author":{"@id":"https:\/\/blog.vida.at\/pensionisten\/#\/schema\/person\/88cee3ee93b9afdc51c92f5f63f38b8a"},"breadcrumb":{"@id":"https:\/\/blog.vida.at\/pensionisten\/2025\/09\/09\/fuer-meine-mutter-da-sein-auch-als-vertreter\/#breadcrumb"},"inLanguage":"de","potentialAction":[{"@type":"ReadAction","target":["https:\/\/blog.vida.at\/pensionisten\/2025\/09\/09\/fuer-meine-mutter-da-sein-auch-als-vertreter\/"]}]},{"@type":"ImageObject","inLanguage":"de","@id":"https:\/\/blog.vida.at\/pensionisten\/2025\/09\/09\/fuer-meine-mutter-da-sein-auch-als-vertreter\/#primaryimage","url":"https:\/\/blog.vida.at\/pensionisten\/wp-content\/uploads\/sites\/10\/2025\/09\/vida_Podcast_Manfred_Pawlek_Erwachsenenvertretung.png","contentUrl":"https:\/\/blog.vida.at\/pensionisten\/wp-content\/uploads\/sites\/10\/2025\/09\/vida_Podcast_Manfred_Pawlek_Erwachsenenvertretung.png","width":1620,"height":1080},{"@type":"BreadcrumbList","@id":"https:\/\/blog.vida.at\/pensionisten\/2025\/09\/09\/fuer-meine-mutter-da-sein-auch-als-vertreter\/#breadcrumb","itemListElement":[{"@type":"ListItem","position":1,"name":"Startseite","item":"https:\/\/blog.vida.at\/pensionisten\/"},{"@type":"ListItem","position":2,"name":"&#8222;F\u00fcr meine Mutter da sein &#8211; auch als Vertreter&#8220;"}]},{"@type":"WebSite","@id":"https:\/\/blog.vida.at\/pensionisten\/#website","url":"https:\/\/blog.vida.at\/pensionisten\/","name":"vida Pensionisten","description":"","potentialAction":[{"@type":"SearchAction","target":{"@type":"EntryPoint","urlTemplate":"https:\/\/blog.vida.at\/pensionisten\/?s={search_term_string}"},"query-input":{"@type":"PropertyValueSpecification","valueRequired":true,"valueName":"search_term_string"}}],"inLanguage":"de"},{"@type":"Person","@id":"https:\/\/blog.vida.at\/pensionisten\/#\/schema\/person\/88cee3ee93b9afdc51c92f5f63f38b8a","name":"mariontobola","image":{"@type":"ImageObject","inLanguage":"de","@id":"https:\/\/secure.gravatar.com\/avatar\/5d2c516985e4eda61bca05bd3b4359b4358135bd1e1a5b08c539e9cd1edd6528?s=96&d=mm&r=g","url":"https:\/\/secure.gravatar.com\/avatar\/5d2c516985e4eda61bca05bd3b4359b4358135bd1e1a5b08c539e9cd1edd6528?s=96&d=mm&r=g","contentUrl":"https:\/\/secure.gravatar.com\/avatar\/5d2c516985e4eda61bca05bd3b4359b4358135bd1e1a5b08c539e9cd1edd6528?s=96&d=mm&r=g","caption":"mariontobola"},"url":"https:\/\/blog.vida.at\/pensionisten\/author\/mariontobola\/"}]}},"author_meta":{"display_name":"mariontobola","author_link":"https:\/\/blog.vida.at\/pensionisten\/author\/mariontobola\/"},"featured_img":"https:\/\/blog.vida.at\/pensionisten\/wp-content\/uploads\/sites\/10\/2025\/09\/vida_Podcast_Manfred_Pawlek_Erwachsenenvertretung-300x200.png","featured_image_src":"https:\/\/blog.vida.at\/pensionisten\/wp-content\/uploads\/sites\/10\/2025\/09\/vida_Podcast_Manfred_Pawlek_Erwachsenenvertretung-600x400.png","featured_image_src_square":"https:\/\/blog.vida.at\/pensionisten\/wp-content\/uploads\/sites\/10\/2025\/09\/vida_Podcast_Manfred_Pawlek_Erwachsenenvertretung-600x600.png","uagb_featured_image_src":{"full":["https:\/\/blog.vida.at\/pensionisten\/wp-content\/uploads\/sites\/10\/2025\/09\/vida_Podcast_Manfred_Pawlek_Erwachsenenvertretung.png",1620,1080,false],"thumbnail":["https:\/\/blog.vida.at\/pensionisten\/wp-content\/uploads\/sites\/10\/2025\/09\/vida_Podcast_Manfred_Pawlek_Erwachsenenvertretung-150x150.png",150,150,true],"medium":["https:\/\/blog.vida.at\/pensionisten\/wp-content\/uploads\/sites\/10\/2025\/09\/vida_Podcast_Manfred_Pawlek_Erwachsenenvertretung-300x200.png",300,200,true],"medium_large":["https:\/\/blog.vida.at\/pensionisten\/wp-content\/uploads\/sites\/10\/2025\/09\/vida_Podcast_Manfred_Pawlek_Erwachsenenvertretung-768x512.png",640,427,true],"large":["https:\/\/blog.vida.at\/pensionisten\/wp-content\/uploads\/sites\/10\/2025\/09\/vida_Podcast_Manfred_Pawlek_Erwachsenenvertretung-1024x683.png",640,427,true],"1536x1536":["https:\/\/blog.vida.at\/pensionisten\/wp-content\/uploads\/sites\/10\/2025\/09\/vida_Podcast_Manfred_Pawlek_Erwachsenenvertretung-1536x1024.png",1536,1024,true],"2048x2048":["https:\/\/blog.vida.at\/pensionisten\/wp-content\/uploads\/sites\/10\/2025\/09\/vida_Podcast_Manfred_Pawlek_Erwachsenenvertretung.png",1620,1080,false],"ab-block-post-grid-landscape":["https:\/\/blog.vida.at\/pensionisten\/wp-content\/uploads\/sites\/10\/2025\/09\/vida_Podcast_Manfred_Pawlek_Erwachsenenvertretung-600x400.png",600,400,true],"ab-block-post-grid-square":["https:\/\/blog.vida.at\/pensionisten\/wp-content\/uploads\/sites\/10\/2025\/09\/vida_Podcast_Manfred_Pawlek_Erwachsenenvertretung-600x600.png",600,600,true],"post-thumbnail":["https:\/\/blog.vida.at\/pensionisten\/wp-content\/uploads\/sites\/10\/2025\/09\/vida_Podcast_Manfred_Pawlek_Erwachsenenvertretung-1568x1045.png",1568,1045,true],"awb_sm":["https:\/\/blog.vida.at\/pensionisten\/wp-content\/uploads\/sites\/10\/2025\/09\/vida_Podcast_Manfred_Pawlek_Erwachsenenvertretung-500x333.png",500,333,true],"awb_md":["https:\/\/blog.vida.at\/pensionisten\/wp-content\/uploads\/sites\/10\/2025\/09\/vida_Podcast_Manfred_Pawlek_Erwachsenenvertretung-800x533.png",800,533,true],"awb_lg":["https:\/\/blog.vida.at\/pensionisten\/wp-content\/uploads\/sites\/10\/2025\/09\/vida_Podcast_Manfred_Pawlek_Erwachsenenvertretung-1280x853.png",1280,853,true],"awb_xl":["https:\/\/blog.vida.at\/pensionisten\/wp-content\/uploads\/sites\/10\/2025\/09\/vida_Podcast_Manfred_Pawlek_Erwachsenenvertretung.png",1620,1080,false]},"uagb_author_info":{"display_name":"mariontobola","author_link":"https:\/\/blog.vida.at\/pensionisten\/author\/mariontobola\/"},"uagb_comment_info":0,"uagb_excerpt":"Zwischen Liebe, Verantwortung und schwierigen Entscheidung &#8211; ein vida-Mitglied im Podcast &#8222;vidaH\u00f6ren&#8220; zum Thema Erwachsenenvertretung. Gleich reinh\u00f6ren!","coauthors":[],"tax_additional":{"categories":{"linked":["<a href=\"https:\/\/blog.vida.at\/pensionisten\/category\/aktuelles\/\" class=\"advgb-post-tax-term\">Aktuelles<\/a>","<a href=\"https:\/\/blog.vida.at\/pensionisten\/category\/allgemein\/\" class=\"advgb-post-tax-term\">Allgemein<\/a>","<a href=\"https:\/\/blog.vida.at\/pensionisten\/category\/top-aktuelles\/\" class=\"advgb-post-tax-term\">Top Aktuelles<\/a>"],"unlinked":["<span class=\"advgb-post-tax-term\">Aktuelles<\/span>","<span class=\"advgb-post-tax-term\">Allgemein<\/span>","<span class=\"advgb-post-tax-term\">Top Aktuelles<\/span>"]}},"comment_count":"0","relative_dates":{"created":"Ver\u00f6ffentlicht 8\u00a0Monaten vor","modified":"Aktualisiert 8\u00a0Monaten vor"},"absolute_dates":{"created":"Ver\u00f6ffentlicht am 9. September 2025","modified":"Aktualisiert am 9. September 2025"},"absolute_dates_time":{"created":"Ver\u00f6ffentlicht am 9. September 2025 8:17","modified":"Aktualisiert am 9. September 2025 15:01"},"featured_img_caption":"","series_order":"","_links":{"self":[{"href":"https:\/\/blog.vida.at\/pensionisten\/wp-json\/wp\/v2\/posts\/11566","targetHints":{"allow":["GET"]}}],"collection":[{"href":"https:\/\/blog.vida.at\/pensionisten\/wp-json\/wp\/v2\/posts"}],"about":[{"href":"https:\/\/blog.vida.at\/pensionisten\/wp-json\/wp\/v2\/types\/post"}],"author":[{"embeddable":true,"href":"https:\/\/blog.vida.at\/pensionisten\/wp-json\/wp\/v2\/users\/8"}],"replies":[{"embeddable":true,"href":"https:\/\/blog.vida.at\/pensionisten\/wp-json\/wp\/v2\/comments?post=11566"}],"version-history":[{"count":7,"href":"https:\/\/blog.vida.at\/pensionisten\/wp-json\/wp\/v2\/posts\/11566\/revisions"}],"predecessor-version":[{"id":11604,"href":"https:\/\/blog.vida.at\/pensionisten\/wp-json\/wp\/v2\/posts\/11566\/revisions\/11604"}],"wp:featuredmedia":[{"embeddable":true,"href":"https:\/\/blog.vida.at\/pensionisten\/wp-json\/wp\/v2\/media\/11603"}],"wp:attachment":[{"href":"https:\/\/blog.vida.at\/pensionisten\/wp-json\/wp\/v2\/media?parent=11566"}],"wp:term":[{"taxonomy":"category","embeddable":true,"href":"https:\/\/blog.vida.at\/pensionisten\/wp-json\/wp\/v2\/categories?post=11566"},{"taxonomy":"post_tag","embeddable":true,"href":"https:\/\/blog.vida.at\/pensionisten\/wp-json\/wp\/v2\/tags?post=11566"},{"taxonomy":"Orte","embeddable":true,"href":"https:\/\/blog.vida.at\/pensionisten\/wp-json\/wp\/v2\/Orte?post=11566"},{"taxonomy":"activitytype","embeddable":true,"href":"https:\/\/blog.vida.at\/pensionisten\/wp-json\/wp\/v2\/activitytype?post=11566"}],"curies":[{"name":"wp","href":"https:\/\/api.w.org\/{rel}","templated":true}]}}