
{"id":12181,"date":"2025-11-17T11:25:52","date_gmt":"2025-11-17T10:25:52","guid":{"rendered":"https:\/\/blog.vida.at\/pensionisten\/?p=12181"},"modified":"2025-11-17T15:48:15","modified_gmt":"2025-11-17T14:48:15","slug":"deine-gewerkschaft-vida-sagt-danke-3","status":"publish","type":"post","link":"https:\/\/blog.vida.at\/pensionisten\/2025\/11\/17\/deine-gewerkschaft-vida-sagt-danke-3\/","title":{"rendered":"Deine Gewerkschaft vida sagt DANKE"},"content":{"rendered":"\n<div class=\"wp-block-group Container\"><div class=\"wp-block-group__inner-container is-layout-flow wp-block-group-is-layout-flow\">\n<p><strong>DANKE f\u00fcr die Solidarit\u00e4t und Treue<\/strong><\/p>\n\n\n\n<p>Die<strong> vida-Region St. Veit\/Feldkirchen<\/strong> ehrte im November <strong>langj\u00e4hrige Mitglieder<\/strong>.<\/p>\n\n\n\n<!--more-->\n\n\n\n<p>Die <strong>vida-Region St. Veit\/Feldkirchen<\/strong> <strong>(Ortsgruppen St. Veit\/Glan und Treibach-Althofen)<\/strong> lud am <strong>7. November 2025<\/strong> zur <strong>Mitgliederehrung und Infoveranstaltung<\/strong> ein.<\/p>\n\n\n\n<p>Anwesend waren <strong>B\u00fcrgermeister <\/strong>Martin Kumler, <strong>vida-Landesvorsitzende <\/strong>Uschi Heitzer, <strong>vida-Landesgesch\u00e4ftsf\u00fchrer <\/strong>Heimo Mauczka, <strong>AK-Bezirksstellenleiter <\/strong>Philipp Parteder, <strong>vidahelp-Bundesvorsitzende <\/strong>Yvonne Heuber<strong> <\/strong>und <strong>\u00d6BV-Landesgesch\u00e4ftsf\u00fchrerin <\/strong>Caroline Minarik-Turner.<\/p>\n\n\n\n<p><strong><mark style=\"color:#ff0000\" class=\"has-inline-color\">Geehrt wurden f\u00fcr langj\u00e4hrige Gewerkschaftsmitgliedschaft:<\/mark><\/strong><\/p>\n\n\n\n<p><strong>F\u00fcr 70 Jahre: <\/strong>Rainer Hubert und Gerhard Biber<\/p>\n\n\n\n<p><strong>F\u00fcr 60 Jahre: <\/strong>Heinz Niedermesser und Hans Gf\u00f6llner<\/p>\n\n\n\n<p><strong>50 Jahre:<\/strong> Hans Schaffer, Siegfried Salbrechter, Franz Kogelnig, Gottfried Hornbanger, Julius Grimschitz und Johann Fermitsch<\/p>\n\n\n\n<p><strong>40 Jahre:<\/strong> G\u00fcnther Sulzgruber, Gerd Strasser, Reinhold P\u00f6tschger, Herbert M\u00fcller und Cristian Debelak<\/p>\n\n\n\n<p><strong><mark style=\"color:#fa0000\" class=\"has-inline-color\">DANKE f\u00fcr eure Solidarit\u00e4t und ALLES GUTE f\u00fcr die Zukunft!<\/mark><\/strong><\/p>\n\n\n\n<figure class=\"wp-block-image size-large\"><img loading=\"lazy\" decoding=\"async\" width=\"1024\" height=\"682\" src=\"https:\/\/blog.vida.at\/pensionisten\/wp-content\/uploads\/sites\/10\/2025\/11\/d6a594c40ee70018343c849a7d4ee2fd-1024x682.jpg\" alt=\"\" class=\"wp-image-12182\" srcset=\"https:\/\/blog.vida.at\/pensionisten\/wp-content\/uploads\/sites\/10\/2025\/11\/d6a594c40ee70018343c849a7d4ee2fd-1024x682.jpg 1024w, https:\/\/blog.vida.at\/pensionisten\/wp-content\/uploads\/sites\/10\/2025\/11\/d6a594c40ee70018343c849a7d4ee2fd-300x200.jpg 300w, https:\/\/blog.vida.at\/pensionisten\/wp-content\/uploads\/sites\/10\/2025\/11\/d6a594c40ee70018343c849a7d4ee2fd-768x512.jpg 768w, https:\/\/blog.vida.at\/pensionisten\/wp-content\/uploads\/sites\/10\/2025\/11\/d6a594c40ee70018343c849a7d4ee2fd-1536x1024.jpg 1536w, https:\/\/blog.vida.at\/pensionisten\/wp-content\/uploads\/sites\/10\/2025\/11\/d6a594c40ee70018343c849a7d4ee2fd-600x400.jpg 600w, https:\/\/blog.vida.at\/pensionisten\/wp-content\/uploads\/sites\/10\/2025\/11\/d6a594c40ee70018343c849a7d4ee2fd-1568x1045.jpg 1568w, https:\/\/blog.vida.at\/pensionisten\/wp-content\/uploads\/sites\/10\/2025\/11\/d6a594c40ee70018343c849a7d4ee2fd-500x333.jpg 500w, https:\/\/blog.vida.at\/pensionisten\/wp-content\/uploads\/sites\/10\/2025\/11\/d6a594c40ee70018343c849a7d4ee2fd-800x533.jpg 800w, https:\/\/blog.vida.at\/pensionisten\/wp-content\/uploads\/sites\/10\/2025\/11\/d6a594c40ee70018343c849a7d4ee2fd-1280x853.jpg 1280w, https:\/\/blog.vida.at\/pensionisten\/wp-content\/uploads\/sites\/10\/2025\/11\/d6a594c40ee70018343c849a7d4ee2fd.jpg 1811w\" sizes=\"auto, (max-width: 1024px) 100vw, 1024px\" \/><\/figure>\n\n\n\n<p><em>Im Bild von links nach rechts: 1. Landesgesch\u00e4ftsf\u00fchrer Heimo Mauczka , 2. AK Bezirksstellenleiter Dr. Philipp Parteder, 3. Landesvorsitzende Uschi Heitzer, 4. G\u00fcnther Sulzgruber, 5. Hubert Rainer, 6. Gerd Strasser, 7. Heinz Niedermesser, 8. Franz Kogelnig, 9. Regionsvorsitzender Reinhold P\u00f6tschger, 10. Hans Gf\u00f6llner, 11. Gehard Biber, 12. Pensionisten Landesvorsitzender Roman Kobald, 13. Herbert M\u00fcller, 14. Hans Schaffer, 15. Gottfried Hornbanger, 16. Johann Fermitsch<\/em><\/p>\n\n\n\n<figure class=\"wp-block-gallery has-nested-images columns-default is-cropped uag-masonry uagb-block-82cb0272 wp-block-gallery-1 is-layout-flex wp-block-gallery-is-layout-flex\">\n<figure class=\"wp-block-image size-large\"><img loading=\"lazy\" decoding=\"async\" width=\"1024\" height=\"682\" data-id=\"12189\" src=\"https:\/\/blog.vida.at\/pensionisten\/wp-content\/uploads\/sites\/10\/2025\/11\/0ec599baa649b54bbb282b46cb2fcc5a-1024x682.jpg\" alt=\"\" class=\"wp-image-12189\" srcset=\"https:\/\/blog.vida.at\/pensionisten\/wp-content\/uploads\/sites\/10\/2025\/11\/0ec599baa649b54bbb282b46cb2fcc5a-1024x682.jpg 1024w, https:\/\/blog.vida.at\/pensionisten\/wp-content\/uploads\/sites\/10\/2025\/11\/0ec599baa649b54bbb282b46cb2fcc5a-300x200.jpg 300w, https:\/\/blog.vida.at\/pensionisten\/wp-content\/uploads\/sites\/10\/2025\/11\/0ec599baa649b54bbb282b46cb2fcc5a-768x512.jpg 768w, https:\/\/blog.vida.at\/pensionisten\/wp-content\/uploads\/sites\/10\/2025\/11\/0ec599baa649b54bbb282b46cb2fcc5a-600x400.jpg 600w, https:\/\/blog.vida.at\/pensionisten\/wp-content\/uploads\/sites\/10\/2025\/11\/0ec599baa649b54bbb282b46cb2fcc5a-500x333.jpg 500w, https:\/\/blog.vida.at\/pensionisten\/wp-content\/uploads\/sites\/10\/2025\/11\/0ec599baa649b54bbb282b46cb2fcc5a-800x533.jpg 800w, https:\/\/blog.vida.at\/pensionisten\/wp-content\/uploads\/sites\/10\/2025\/11\/0ec599baa649b54bbb282b46cb2fcc5a-1280x853.jpg 1280w, https:\/\/blog.vida.at\/pensionisten\/wp-content\/uploads\/sites\/10\/2025\/11\/0ec599baa649b54bbb282b46cb2fcc5a.jpg 1436w\" sizes=\"auto, (max-width: 1024px) 100vw, 1024px\" \/><\/figure>\n\n\n\n<figure class=\"wp-block-image size-large\"><img loading=\"lazy\" decoding=\"async\" width=\"1024\" height=\"682\" data-id=\"12192\" src=\"https:\/\/blog.vida.at\/pensionisten\/wp-content\/uploads\/sites\/10\/2025\/11\/3be9aa587397882c1f62e878f9689b14-1024x682.jpg\" alt=\"\" class=\"wp-image-12192\" srcset=\"https:\/\/blog.vida.at\/pensionisten\/wp-content\/uploads\/sites\/10\/2025\/11\/3be9aa587397882c1f62e878f9689b14-1024x682.jpg 1024w, https:\/\/blog.vida.at\/pensionisten\/wp-content\/uploads\/sites\/10\/2025\/11\/3be9aa587397882c1f62e878f9689b14-300x200.jpg 300w, https:\/\/blog.vida.at\/pensionisten\/wp-content\/uploads\/sites\/10\/2025\/11\/3be9aa587397882c1f62e878f9689b14-768x512.jpg 768w, https:\/\/blog.vida.at\/pensionisten\/wp-content\/uploads\/sites\/10\/2025\/11\/3be9aa587397882c1f62e878f9689b14-1536x1024.jpg 1536w, https:\/\/blog.vida.at\/pensionisten\/wp-content\/uploads\/sites\/10\/2025\/11\/3be9aa587397882c1f62e878f9689b14-600x400.jpg 600w, https:\/\/blog.vida.at\/pensionisten\/wp-content\/uploads\/sites\/10\/2025\/11\/3be9aa587397882c1f62e878f9689b14-500x333.jpg 500w, https:\/\/blog.vida.at\/pensionisten\/wp-content\/uploads\/sites\/10\/2025\/11\/3be9aa587397882c1f62e878f9689b14-800x533.jpg 800w, https:\/\/blog.vida.at\/pensionisten\/wp-content\/uploads\/sites\/10\/2025\/11\/3be9aa587397882c1f62e878f9689b14-1280x853.jpg 1280w, https:\/\/blog.vida.at\/pensionisten\/wp-content\/uploads\/sites\/10\/2025\/11\/3be9aa587397882c1f62e878f9689b14.jpg 1559w\" sizes=\"auto, (max-width: 1024px) 100vw, 1024px\" \/><\/figure>\n\n\n\n<figure class=\"wp-block-image size-large\"><img loading=\"lazy\" decoding=\"async\" width=\"1024\" height=\"683\" data-id=\"12187\" src=\"https:\/\/blog.vida.at\/pensionisten\/wp-content\/uploads\/sites\/10\/2025\/11\/3eaa9dfe95af4d973e2b6564347e6c82-1024x683.jpg\" alt=\"\" class=\"wp-image-12187\" srcset=\"https:\/\/blog.vida.at\/pensionisten\/wp-content\/uploads\/sites\/10\/2025\/11\/3eaa9dfe95af4d973e2b6564347e6c82-1024x683.jpg 1024w, https:\/\/blog.vida.at\/pensionisten\/wp-content\/uploads\/sites\/10\/2025\/11\/3eaa9dfe95af4d973e2b6564347e6c82-300x200.jpg 300w, https:\/\/blog.vida.at\/pensionisten\/wp-content\/uploads\/sites\/10\/2025\/11\/3eaa9dfe95af4d973e2b6564347e6c82-768x512.jpg 768w, https:\/\/blog.vida.at\/pensionisten\/wp-content\/uploads\/sites\/10\/2025\/11\/3eaa9dfe95af4d973e2b6564347e6c82-600x400.jpg 600w, https:\/\/blog.vida.at\/pensionisten\/wp-content\/uploads\/sites\/10\/2025\/11\/3eaa9dfe95af4d973e2b6564347e6c82-500x333.jpg 500w, https:\/\/blog.vida.at\/pensionisten\/wp-content\/uploads\/sites\/10\/2025\/11\/3eaa9dfe95af4d973e2b6564347e6c82-800x534.jpg 800w, https:\/\/blog.vida.at\/pensionisten\/wp-content\/uploads\/sites\/10\/2025\/11\/3eaa9dfe95af4d973e2b6564347e6c82-1280x854.jpg 1280w, https:\/\/blog.vida.at\/pensionisten\/wp-content\/uploads\/sites\/10\/2025\/11\/3eaa9dfe95af4d973e2b6564347e6c82.jpg 1510w\" sizes=\"auto, (max-width: 1024px) 100vw, 1024px\" \/><\/figure>\n\n\n\n<figure class=\"wp-block-image size-large\"><img loading=\"lazy\" decoding=\"async\" width=\"1024\" height=\"683\" data-id=\"12188\" src=\"https:\/\/blog.vida.at\/pensionisten\/wp-content\/uploads\/sites\/10\/2025\/11\/4df62e1e809070ec91bdb151e7f16cf0-1024x683.jpg\" alt=\"\" class=\"wp-image-12188\" srcset=\"https:\/\/blog.vida.at\/pensionisten\/wp-content\/uploads\/sites\/10\/2025\/11\/4df62e1e809070ec91bdb151e7f16cf0-1024x683.jpg 1024w, https:\/\/blog.vida.at\/pensionisten\/wp-content\/uploads\/sites\/10\/2025\/11\/4df62e1e809070ec91bdb151e7f16cf0-300x200.jpg 300w, https:\/\/blog.vida.at\/pensionisten\/wp-content\/uploads\/sites\/10\/2025\/11\/4df62e1e809070ec91bdb151e7f16cf0-768x512.jpg 768w, https:\/\/blog.vida.at\/pensionisten\/wp-content\/uploads\/sites\/10\/2025\/11\/4df62e1e809070ec91bdb151e7f16cf0-600x400.jpg 600w, https:\/\/blog.vida.at\/pensionisten\/wp-content\/uploads\/sites\/10\/2025\/11\/4df62e1e809070ec91bdb151e7f16cf0-500x334.jpg 500w, https:\/\/blog.vida.at\/pensionisten\/wp-content\/uploads\/sites\/10\/2025\/11\/4df62e1e809070ec91bdb151e7f16cf0-800x534.jpg 800w, https:\/\/blog.vida.at\/pensionisten\/wp-content\/uploads\/sites\/10\/2025\/11\/4df62e1e809070ec91bdb151e7f16cf0-1280x854.jpg 1280w, https:\/\/blog.vida.at\/pensionisten\/wp-content\/uploads\/sites\/10\/2025\/11\/4df62e1e809070ec91bdb151e7f16cf0.jpg 1364w\" sizes=\"auto, (max-width: 1024px) 100vw, 1024px\" \/><\/figure>\n\n\n\n<figure class=\"wp-block-image size-large\"><img loading=\"lazy\" decoding=\"async\" width=\"1024\" height=\"683\" data-id=\"12190\" src=\"https:\/\/blog.vida.at\/pensionisten\/wp-content\/uploads\/sites\/10\/2025\/11\/14e6991b6a60b59f3ecc3bb82164ba5a-1024x683.jpg\" alt=\"\" class=\"wp-image-12190\" srcset=\"https:\/\/blog.vida.at\/pensionisten\/wp-content\/uploads\/sites\/10\/2025\/11\/14e6991b6a60b59f3ecc3bb82164ba5a-1024x683.jpg 1024w, https:\/\/blog.vida.at\/pensionisten\/wp-content\/uploads\/sites\/10\/2025\/11\/14e6991b6a60b59f3ecc3bb82164ba5a-300x200.jpg 300w, https:\/\/blog.vida.at\/pensionisten\/wp-content\/uploads\/sites\/10\/2025\/11\/14e6991b6a60b59f3ecc3bb82164ba5a-768x512.jpg 768w, https:\/\/blog.vida.at\/pensionisten\/wp-content\/uploads\/sites\/10\/2025\/11\/14e6991b6a60b59f3ecc3bb82164ba5a-600x400.jpg 600w, https:\/\/blog.vida.at\/pensionisten\/wp-content\/uploads\/sites\/10\/2025\/11\/14e6991b6a60b59f3ecc3bb82164ba5a-500x333.jpg 500w, https:\/\/blog.vida.at\/pensionisten\/wp-content\/uploads\/sites\/10\/2025\/11\/14e6991b6a60b59f3ecc3bb82164ba5a-800x533.jpg 800w, https:\/\/blog.vida.at\/pensionisten\/wp-content\/uploads\/sites\/10\/2025\/11\/14e6991b6a60b59f3ecc3bb82164ba5a-1280x853.jpg 1280w, https:\/\/blog.vida.at\/pensionisten\/wp-content\/uploads\/sites\/10\/2025\/11\/14e6991b6a60b59f3ecc3bb82164ba5a.jpg 1536w\" sizes=\"auto, (max-width: 1024px) 100vw, 1024px\" \/><\/figure>\n\n\n\n<figure class=\"wp-block-image size-large\"><img loading=\"lazy\" decoding=\"async\" width=\"1024\" height=\"683\" data-id=\"12191\" src=\"https:\/\/blog.vida.at\/pensionisten\/wp-content\/uploads\/sites\/10\/2025\/11\/232c6ed127e3612bda5bfd5c3e4bbfd1-1024x683.jpg\" alt=\"\" class=\"wp-image-12191\" srcset=\"https:\/\/blog.vida.at\/pensionisten\/wp-content\/uploads\/sites\/10\/2025\/11\/232c6ed127e3612bda5bfd5c3e4bbfd1-1024x683.jpg 1024w, https:\/\/blog.vida.at\/pensionisten\/wp-content\/uploads\/sites\/10\/2025\/11\/232c6ed127e3612bda5bfd5c3e4bbfd1-300x200.jpg 300w, https:\/\/blog.vida.at\/pensionisten\/wp-content\/uploads\/sites\/10\/2025\/11\/232c6ed127e3612bda5bfd5c3e4bbfd1-768x512.jpg 768w, https:\/\/blog.vida.at\/pensionisten\/wp-content\/uploads\/sites\/10\/2025\/11\/232c6ed127e3612bda5bfd5c3e4bbfd1-600x400.jpg 600w, https:\/\/blog.vida.at\/pensionisten\/wp-content\/uploads\/sites\/10\/2025\/11\/232c6ed127e3612bda5bfd5c3e4bbfd1-500x334.jpg 500w, https:\/\/blog.vida.at\/pensionisten\/wp-content\/uploads\/sites\/10\/2025\/11\/232c6ed127e3612bda5bfd5c3e4bbfd1-800x534.jpg 800w, https:\/\/blog.vida.at\/pensionisten\/wp-content\/uploads\/sites\/10\/2025\/11\/232c6ed127e3612bda5bfd5c3e4bbfd1-1280x854.jpg 1280w, https:\/\/blog.vida.at\/pensionisten\/wp-content\/uploads\/sites\/10\/2025\/11\/232c6ed127e3612bda5bfd5c3e4bbfd1.jpg 1427w\" sizes=\"auto, (max-width: 1024px) 100vw, 1024px\" \/><\/figure>\n\n\n\n<figure class=\"wp-block-image size-large\"><img loading=\"lazy\" decoding=\"async\" width=\"1024\" height=\"682\" data-id=\"12195\" src=\"https:\/\/blog.vida.at\/pensionisten\/wp-content\/uploads\/sites\/10\/2025\/11\/336f542a32f71934b0999a82ee638e3d-1024x682.jpg\" alt=\"\" class=\"wp-image-12195\" srcset=\"https:\/\/blog.vida.at\/pensionisten\/wp-content\/uploads\/sites\/10\/2025\/11\/336f542a32f71934b0999a82ee638e3d-1024x682.jpg 1024w, https:\/\/blog.vida.at\/pensionisten\/wp-content\/uploads\/sites\/10\/2025\/11\/336f542a32f71934b0999a82ee638e3d-300x200.jpg 300w, https:\/\/blog.vida.at\/pensionisten\/wp-content\/uploads\/sites\/10\/2025\/11\/336f542a32f71934b0999a82ee638e3d-768x512.jpg 768w, https:\/\/blog.vida.at\/pensionisten\/wp-content\/uploads\/sites\/10\/2025\/11\/336f542a32f71934b0999a82ee638e3d-1536x1024.jpg 1536w, https:\/\/blog.vida.at\/pensionisten\/wp-content\/uploads\/sites\/10\/2025\/11\/336f542a32f71934b0999a82ee638e3d-600x400.jpg 600w, https:\/\/blog.vida.at\/pensionisten\/wp-content\/uploads\/sites\/10\/2025\/11\/336f542a32f71934b0999a82ee638e3d-500x333.jpg 500w, https:\/\/blog.vida.at\/pensionisten\/wp-content\/uploads\/sites\/10\/2025\/11\/336f542a32f71934b0999a82ee638e3d-800x533.jpg 800w, https:\/\/blog.vida.at\/pensionisten\/wp-content\/uploads\/sites\/10\/2025\/11\/336f542a32f71934b0999a82ee638e3d-1280x853.jpg 1280w, https:\/\/blog.vida.at\/pensionisten\/wp-content\/uploads\/sites\/10\/2025\/11\/336f542a32f71934b0999a82ee638e3d.jpg 1538w\" sizes=\"auto, (max-width: 1024px) 100vw, 1024px\" \/><\/figure>\n\n\n\n<figure class=\"wp-block-image size-large\"><img loading=\"lazy\" decoding=\"async\" width=\"1024\" height=\"683\" data-id=\"12193\" src=\"https:\/\/blog.vida.at\/pensionisten\/wp-content\/uploads\/sites\/10\/2025\/11\/1831a1e63df3fdb1dcd8e7390eb9817b-1024x683.jpg\" alt=\"\" class=\"wp-image-12193\" srcset=\"https:\/\/blog.vida.at\/pensionisten\/wp-content\/uploads\/sites\/10\/2025\/11\/1831a1e63df3fdb1dcd8e7390eb9817b-1024x683.jpg 1024w, https:\/\/blog.vida.at\/pensionisten\/wp-content\/uploads\/sites\/10\/2025\/11\/1831a1e63df3fdb1dcd8e7390eb9817b-300x200.jpg 300w, https:\/\/blog.vida.at\/pensionisten\/wp-content\/uploads\/sites\/10\/2025\/11\/1831a1e63df3fdb1dcd8e7390eb9817b-768x512.jpg 768w, https:\/\/blog.vida.at\/pensionisten\/wp-content\/uploads\/sites\/10\/2025\/11\/1831a1e63df3fdb1dcd8e7390eb9817b-600x400.jpg 600w, https:\/\/blog.vida.at\/pensionisten\/wp-content\/uploads\/sites\/10\/2025\/11\/1831a1e63df3fdb1dcd8e7390eb9817b-500x333.jpg 500w, https:\/\/blog.vida.at\/pensionisten\/wp-content\/uploads\/sites\/10\/2025\/11\/1831a1e63df3fdb1dcd8e7390eb9817b-800x533.jpg 800w, https:\/\/blog.vida.at\/pensionisten\/wp-content\/uploads\/sites\/10\/2025\/11\/1831a1e63df3fdb1dcd8e7390eb9817b-1280x853.jpg 1280w, https:\/\/blog.vida.at\/pensionisten\/wp-content\/uploads\/sites\/10\/2025\/11\/1831a1e63df3fdb1dcd8e7390eb9817b.jpg 1365w\" sizes=\"auto, (max-width: 1024px) 100vw, 1024px\" \/><\/figure>\n\n\n\n<figure class=\"wp-block-image size-large\"><img loading=\"lazy\" decoding=\"async\" width=\"1024\" height=\"683\" data-id=\"12198\" src=\"https:\/\/blog.vida.at\/pensionisten\/wp-content\/uploads\/sites\/10\/2025\/11\/17729a52143287e24e4b97773d486fa2-1024x683.jpg\" alt=\"\" class=\"wp-image-12198\" srcset=\"https:\/\/blog.vida.at\/pensionisten\/wp-content\/uploads\/sites\/10\/2025\/11\/17729a52143287e24e4b97773d486fa2-1024x683.jpg 1024w, https:\/\/blog.vida.at\/pensionisten\/wp-content\/uploads\/sites\/10\/2025\/11\/17729a52143287e24e4b97773d486fa2-300x200.jpg 300w, https:\/\/blog.vida.at\/pensionisten\/wp-content\/uploads\/sites\/10\/2025\/11\/17729a52143287e24e4b97773d486fa2-768x512.jpg 768w, https:\/\/blog.vida.at\/pensionisten\/wp-content\/uploads\/sites\/10\/2025\/11\/17729a52143287e24e4b97773d486fa2-600x400.jpg 600w, https:\/\/blog.vida.at\/pensionisten\/wp-content\/uploads\/sites\/10\/2025\/11\/17729a52143287e24e4b97773d486fa2-500x333.jpg 500w, https:\/\/blog.vida.at\/pensionisten\/wp-content\/uploads\/sites\/10\/2025\/11\/17729a52143287e24e4b97773d486fa2-800x534.jpg 800w, https:\/\/blog.vida.at\/pensionisten\/wp-content\/uploads\/sites\/10\/2025\/11\/17729a52143287e24e4b97773d486fa2-1280x854.jpg 1280w, https:\/\/blog.vida.at\/pensionisten\/wp-content\/uploads\/sites\/10\/2025\/11\/17729a52143287e24e4b97773d486fa2.jpg 1384w\" sizes=\"auto, (max-width: 1024px) 100vw, 1024px\" \/><\/figure>\n\n\n\n<figure class=\"wp-block-image size-large\"><img loading=\"lazy\" decoding=\"async\" width=\"1024\" height=\"682\" data-id=\"12182\" src=\"https:\/\/blog.vida.at\/pensionisten\/wp-content\/uploads\/sites\/10\/2025\/11\/d6a594c40ee70018343c849a7d4ee2fd-1024x682.jpg\" alt=\"\" class=\"wp-image-12182\" srcset=\"https:\/\/blog.vida.at\/pensionisten\/wp-content\/uploads\/sites\/10\/2025\/11\/d6a594c40ee70018343c849a7d4ee2fd-1024x682.jpg 1024w, https:\/\/blog.vida.at\/pensionisten\/wp-content\/uploads\/sites\/10\/2025\/11\/d6a594c40ee70018343c849a7d4ee2fd-300x200.jpg 300w, https:\/\/blog.vida.at\/pensionisten\/wp-content\/uploads\/sites\/10\/2025\/11\/d6a594c40ee70018343c849a7d4ee2fd-768x512.jpg 768w, https:\/\/blog.vida.at\/pensionisten\/wp-content\/uploads\/sites\/10\/2025\/11\/d6a594c40ee70018343c849a7d4ee2fd-1536x1024.jpg 1536w, https:\/\/blog.vida.at\/pensionisten\/wp-content\/uploads\/sites\/10\/2025\/11\/d6a594c40ee70018343c849a7d4ee2fd-600x400.jpg 600w, https:\/\/blog.vida.at\/pensionisten\/wp-content\/uploads\/sites\/10\/2025\/11\/d6a594c40ee70018343c849a7d4ee2fd-1568x1045.jpg 1568w, https:\/\/blog.vida.at\/pensionisten\/wp-content\/uploads\/sites\/10\/2025\/11\/d6a594c40ee70018343c849a7d4ee2fd-500x333.jpg 500w, https:\/\/blog.vida.at\/pensionisten\/wp-content\/uploads\/sites\/10\/2025\/11\/d6a594c40ee70018343c849a7d4ee2fd-800x533.jpg 800w, https:\/\/blog.vida.at\/pensionisten\/wp-content\/uploads\/sites\/10\/2025\/11\/d6a594c40ee70018343c849a7d4ee2fd-1280x853.jpg 1280w, https:\/\/blog.vida.at\/pensionisten\/wp-content\/uploads\/sites\/10\/2025\/11\/d6a594c40ee70018343c849a7d4ee2fd.jpg 1811w\" sizes=\"auto, (max-width: 1024px) 100vw, 1024px\" \/><\/figure>\n\n\n\n<figure class=\"wp-block-image size-large\"><img loading=\"lazy\" decoding=\"async\" width=\"1024\" height=\"683\" data-id=\"12196\" src=\"https:\/\/blog.vida.at\/pensionisten\/wp-content\/uploads\/sites\/10\/2025\/11\/1362760c213e846b1243fce8c74dec9a-1024x683.jpg\" alt=\"\" class=\"wp-image-12196\" srcset=\"https:\/\/blog.vida.at\/pensionisten\/wp-content\/uploads\/sites\/10\/2025\/11\/1362760c213e846b1243fce8c74dec9a-1024x683.jpg 1024w, https:\/\/blog.vida.at\/pensionisten\/wp-content\/uploads\/sites\/10\/2025\/11\/1362760c213e846b1243fce8c74dec9a-300x200.jpg 300w, https:\/\/blog.vida.at\/pensionisten\/wp-content\/uploads\/sites\/10\/2025\/11\/1362760c213e846b1243fce8c74dec9a-768x512.jpg 768w, https:\/\/blog.vida.at\/pensionisten\/wp-content\/uploads\/sites\/10\/2025\/11\/1362760c213e846b1243fce8c74dec9a-600x400.jpg 600w, https:\/\/blog.vida.at\/pensionisten\/wp-content\/uploads\/sites\/10\/2025\/11\/1362760c213e846b1243fce8c74dec9a-500x333.jpg 500w, https:\/\/blog.vida.at\/pensionisten\/wp-content\/uploads\/sites\/10\/2025\/11\/1362760c213e846b1243fce8c74dec9a-800x533.jpg 800w, https:\/\/blog.vida.at\/pensionisten\/wp-content\/uploads\/sites\/10\/2025\/11\/1362760c213e846b1243fce8c74dec9a-1280x853.jpg 1280w, https:\/\/blog.vida.at\/pensionisten\/wp-content\/uploads\/sites\/10\/2025\/11\/1362760c213e846b1243fce8c74dec9a.jpg 1467w\" sizes=\"auto, (max-width: 1024px) 100vw, 1024px\" \/><\/figure>\n\n\n\n<figure class=\"wp-block-image size-large\"><img loading=\"lazy\" decoding=\"async\" width=\"1024\" height=\"682\" data-id=\"12199\" src=\"https:\/\/blog.vida.at\/pensionisten\/wp-content\/uploads\/sites\/10\/2025\/11\/c617f123c2bf586af231c9ea8c3220e4-1024x682.jpg\" alt=\"\" class=\"wp-image-12199\" srcset=\"https:\/\/blog.vida.at\/pensionisten\/wp-content\/uploads\/sites\/10\/2025\/11\/c617f123c2bf586af231c9ea8c3220e4-1024x682.jpg 1024w, https:\/\/blog.vida.at\/pensionisten\/wp-content\/uploads\/sites\/10\/2025\/11\/c617f123c2bf586af231c9ea8c3220e4-300x200.jpg 300w, https:\/\/blog.vida.at\/pensionisten\/wp-content\/uploads\/sites\/10\/2025\/11\/c617f123c2bf586af231c9ea8c3220e4-768x512.jpg 768w, https:\/\/blog.vida.at\/pensionisten\/wp-content\/uploads\/sites\/10\/2025\/11\/c617f123c2bf586af231c9ea8c3220e4-600x400.jpg 600w, https:\/\/blog.vida.at\/pensionisten\/wp-content\/uploads\/sites\/10\/2025\/11\/c617f123c2bf586af231c9ea8c3220e4-500x333.jpg 500w, https:\/\/blog.vida.at\/pensionisten\/wp-content\/uploads\/sites\/10\/2025\/11\/c617f123c2bf586af231c9ea8c3220e4-800x533.jpg 800w, https:\/\/blog.vida.at\/pensionisten\/wp-content\/uploads\/sites\/10\/2025\/11\/c617f123c2bf586af231c9ea8c3220e4-1280x853.jpg 1280w, https:\/\/blog.vida.at\/pensionisten\/wp-content\/uploads\/sites\/10\/2025\/11\/c617f123c2bf586af231c9ea8c3220e4.jpg 1535w\" sizes=\"auto, (max-width: 1024px) 100vw, 1024px\" \/><\/figure>\n\n\n\n<figure class=\"wp-block-image size-large\"><img loading=\"lazy\" decoding=\"async\" width=\"1024\" height=\"683\" data-id=\"12194\" src=\"https:\/\/blog.vida.at\/pensionisten\/wp-content\/uploads\/sites\/10\/2025\/11\/d60f2fbca7bb55a66a40aca3f6fdc154-1024x683.jpg\" alt=\"\" class=\"wp-image-12194\" srcset=\"https:\/\/blog.vida.at\/pensionisten\/wp-content\/uploads\/sites\/10\/2025\/11\/d60f2fbca7bb55a66a40aca3f6fdc154-1024x683.jpg 1024w, https:\/\/blog.vida.at\/pensionisten\/wp-content\/uploads\/sites\/10\/2025\/11\/d60f2fbca7bb55a66a40aca3f6fdc154-300x200.jpg 300w, https:\/\/blog.vida.at\/pensionisten\/wp-content\/uploads\/sites\/10\/2025\/11\/d60f2fbca7bb55a66a40aca3f6fdc154-768x512.jpg 768w, https:\/\/blog.vida.at\/pensionisten\/wp-content\/uploads\/sites\/10\/2025\/11\/d60f2fbca7bb55a66a40aca3f6fdc154-600x400.jpg 600w, https:\/\/blog.vida.at\/pensionisten\/wp-content\/uploads\/sites\/10\/2025\/11\/d60f2fbca7bb55a66a40aca3f6fdc154-500x334.jpg 500w, https:\/\/blog.vida.at\/pensionisten\/wp-content\/uploads\/sites\/10\/2025\/11\/d60f2fbca7bb55a66a40aca3f6fdc154-800x534.jpg 800w, https:\/\/blog.vida.at\/pensionisten\/wp-content\/uploads\/sites\/10\/2025\/11\/d60f2fbca7bb55a66a40aca3f6fdc154-1280x854.jpg 1280w, https:\/\/blog.vida.at\/pensionisten\/wp-content\/uploads\/sites\/10\/2025\/11\/d60f2fbca7bb55a66a40aca3f6fdc154.jpg 1457w\" sizes=\"auto, (max-width: 1024px) 100vw, 1024px\" \/><\/figure>\n\n\n\n<figure class=\"wp-block-image size-large\"><img loading=\"lazy\" decoding=\"async\" width=\"1024\" height=\"683\" data-id=\"12197\" src=\"https:\/\/blog.vida.at\/pensionisten\/wp-content\/uploads\/sites\/10\/2025\/11\/f0dd9d2e84c2cb2d0340e779ac5e0acd-1024x683.jpg\" alt=\"\" class=\"wp-image-12197\" srcset=\"https:\/\/blog.vida.at\/pensionisten\/wp-content\/uploads\/sites\/10\/2025\/11\/f0dd9d2e84c2cb2d0340e779ac5e0acd-1024x683.jpg 1024w, https:\/\/blog.vida.at\/pensionisten\/wp-content\/uploads\/sites\/10\/2025\/11\/f0dd9d2e84c2cb2d0340e779ac5e0acd-300x200.jpg 300w, https:\/\/blog.vida.at\/pensionisten\/wp-content\/uploads\/sites\/10\/2025\/11\/f0dd9d2e84c2cb2d0340e779ac5e0acd-768x512.jpg 768w, https:\/\/blog.vida.at\/pensionisten\/wp-content\/uploads\/sites\/10\/2025\/11\/f0dd9d2e84c2cb2d0340e779ac5e0acd-600x400.jpg 600w, https:\/\/blog.vida.at\/pensionisten\/wp-content\/uploads\/sites\/10\/2025\/11\/f0dd9d2e84c2cb2d0340e779ac5e0acd-500x333.jpg 500w, https:\/\/blog.vida.at\/pensionisten\/wp-content\/uploads\/sites\/10\/2025\/11\/f0dd9d2e84c2cb2d0340e779ac5e0acd-800x534.jpg 800w, https:\/\/blog.vida.at\/pensionisten\/wp-content\/uploads\/sites\/10\/2025\/11\/f0dd9d2e84c2cb2d0340e779ac5e0acd-1280x854.jpg 1280w, https:\/\/blog.vida.at\/pensionisten\/wp-content\/uploads\/sites\/10\/2025\/11\/f0dd9d2e84c2cb2d0340e779ac5e0acd.jpg 1504w\" sizes=\"auto, (max-width: 1024px) 100vw, 1024px\" \/><\/figure>\n<\/figure>\n<\/div><\/div>\n","protected":false},"excerpt":{"rendered":"<p>DANKE f\u00fcr die Solidarit\u00e4t und Treue Die vida-Region St. Veit\/Feldkirchen ehrte im November langj\u00e4hrige Mitglieder.<\/p>\n","protected":false},"author":8,"featured_media":12182,"comment_status":"open","ping_status":"open","sticky":false,"template":"","format":"standard","meta":{"_uag_custom_page_level_css":"","advgb_blocks_editor_width":"","advgb_blocks_columns_visual_guide":"","footnotes":""},"categories":[4,1,49,55,32],"tags":[],"Orte":[],"activitytype":[],"class_list":["post-12181","post","type-post","status-publish","format-standard","has-post-thumbnail","hentry","category-aktuelles","category-allgemein","category-ortsgruppen","category-salzburg","category-top-aktuelles","entry"],"featured_image_urls":{"full":["https:\/\/blog.vida.at\/pensionisten\/wp-content\/uploads\/sites\/10\/2025\/11\/d6a594c40ee70018343c849a7d4ee2fd.jpg",1811,1207,false],"thumbnail":["https:\/\/blog.vida.at\/pensionisten\/wp-content\/uploads\/sites\/10\/2025\/11\/d6a594c40ee70018343c849a7d4ee2fd-150x150.jpg",150,150,true],"medium":["https:\/\/blog.vida.at\/pensionisten\/wp-content\/uploads\/sites\/10\/2025\/11\/d6a594c40ee70018343c849a7d4ee2fd-300x200.jpg",300,200,true],"medium_large":["https:\/\/blog.vida.at\/pensionisten\/wp-content\/uploads\/sites\/10\/2025\/11\/d6a594c40ee70018343c849a7d4ee2fd-768x512.jpg",640,427,true],"large":["https:\/\/blog.vida.at\/pensionisten\/wp-content\/uploads\/sites\/10\/2025\/11\/d6a594c40ee70018343c849a7d4ee2fd-1024x682.jpg",640,426,true],"1536x1536":["https:\/\/blog.vida.at\/pensionisten\/wp-content\/uploads\/sites\/10\/2025\/11\/d6a594c40ee70018343c849a7d4ee2fd-1536x1024.jpg",1536,1024,true],"2048x2048":["https:\/\/blog.vida.at\/pensionisten\/wp-content\/uploads\/sites\/10\/2025\/11\/d6a594c40ee70018343c849a7d4ee2fd.jpg",1811,1207,false],"ab-block-post-grid-landscape":["https:\/\/blog.vida.at\/pensionisten\/wp-content\/uploads\/sites\/10\/2025\/11\/d6a594c40ee70018343c849a7d4ee2fd-600x400.jpg",600,400,true],"ab-block-post-grid-square":["https:\/\/blog.vida.at\/pensionisten\/wp-content\/uploads\/sites\/10\/2025\/11\/d6a594c40ee70018343c849a7d4ee2fd-600x600.jpg",600,600,true],"post-thumbnail":["https:\/\/blog.vida.at\/pensionisten\/wp-content\/uploads\/sites\/10\/2025\/11\/d6a594c40ee70018343c849a7d4ee2fd-1568x1045.jpg",1568,1045,true],"awb_sm":["https:\/\/blog.vida.at\/pensionisten\/wp-content\/uploads\/sites\/10\/2025\/11\/d6a594c40ee70018343c849a7d4ee2fd-500x333.jpg",500,333,true],"awb_md":["https:\/\/blog.vida.at\/pensionisten\/wp-content\/uploads\/sites\/10\/2025\/11\/d6a594c40ee70018343c849a7d4ee2fd-800x533.jpg",800,533,true],"awb_lg":["https:\/\/blog.vida.at\/pensionisten\/wp-content\/uploads\/sites\/10\/2025\/11\/d6a594c40ee70018343c849a7d4ee2fd-1280x853.jpg",1280,853,true],"awb_xl":["https:\/\/blog.vida.at\/pensionisten\/wp-content\/uploads\/sites\/10\/2025\/11\/d6a594c40ee70018343c849a7d4ee2fd.jpg",1811,1207,false]},"post_excerpt_stackable":"<p>DANKE f\u00fcr die Solidarit\u00e4t und Treue Die vida-Region St. Veit\/Feldkirchen ehrte im November langj\u00e4hrige Mitglieder. Die vida-Region St. Veit\/Feldkirchen (Ortsgruppen St. Veit\/Glan und Treibach-Althofen) lud am 7. November 2025 zur Mitgliederehrung und Infoveranstaltung ein. Anwesend waren B\u00fcrgermeister Martin Kumler, vida-Landesvorsitzende Uschi Heitzer, vida-Landesgesch\u00e4ftsf\u00fchrer Heimo Mauczka, AK-Bezirksstellenleiter Philipp Parteder, vidahelp-Bundesvorsitzende Yvonne Heuber und \u00d6BV-Landesgesch\u00e4ftsf\u00fchrerin Caroline Minarik-Turner. Geehrt wurden f\u00fcr langj\u00e4hrige Gewerkschaftsmitgliedschaft: F\u00fcr 70 Jahre: Rainer Hubert und Gerhard Biber F\u00fcr 60 Jahre: Heinz Niedermesser und Hans Gf\u00f6llner 50 Jahre: Hans Schaffer, Siegfried Salbrechter, Franz Kogelnig, Gottfried Hornbanger, Julius Grimschitz und Johann Fermitsch 40 Jahre: G\u00fcnther Sulzgruber, Gerd Strasser, Reinhold P\u00f6tschger, Herbert&hellip;<\/p>\n","category_list":"<a href=\"https:\/\/blog.vida.at\/pensionisten\/category\/aktuelles\/\" rel=\"category tag\">Aktuelles<\/a>, <a href=\"https:\/\/blog.vida.at\/pensionisten\/category\/allgemein\/\" rel=\"category tag\">Allgemein<\/a>, <a href=\"https:\/\/blog.vida.at\/pensionisten\/category\/ortsgruppen\/\" rel=\"category tag\">Ortsgruppen<\/a>, <a href=\"https:\/\/blog.vida.at\/pensionisten\/category\/ortsgruppen\/salzburg\/\" rel=\"category tag\">Salzburg<\/a>, <a href=\"https:\/\/blog.vida.at\/pensionisten\/category\/top-aktuelles\/\" rel=\"category tag\">Top Aktuelles<\/a>","author_info":{"display_name":"mariontobola","author_link":"https:\/\/blog.vida.at\/pensionisten\/author\/mariontobola\/"},"comments_num":"0 comments","featured_image_urls_v2":{"full":["https:\/\/blog.vida.at\/pensionisten\/wp-content\/uploads\/sites\/10\/2025\/11\/d6a594c40ee70018343c849a7d4ee2fd.jpg",1811,1207,false],"thumbnail":["https:\/\/blog.vida.at\/pensionisten\/wp-content\/uploads\/sites\/10\/2025\/11\/d6a594c40ee70018343c849a7d4ee2fd-150x150.jpg",150,150,true],"medium":["https:\/\/blog.vida.at\/pensionisten\/wp-content\/uploads\/sites\/10\/2025\/11\/d6a594c40ee70018343c849a7d4ee2fd-300x200.jpg",300,200,true],"medium_large":["https:\/\/blog.vida.at\/pensionisten\/wp-content\/uploads\/sites\/10\/2025\/11\/d6a594c40ee70018343c849a7d4ee2fd-768x512.jpg",640,427,true],"large":["https:\/\/blog.vida.at\/pensionisten\/wp-content\/uploads\/sites\/10\/2025\/11\/d6a594c40ee70018343c849a7d4ee2fd-1024x682.jpg",640,426,true],"1536x1536":["https:\/\/blog.vida.at\/pensionisten\/wp-content\/uploads\/sites\/10\/2025\/11\/d6a594c40ee70018343c849a7d4ee2fd-1536x1024.jpg",1536,1024,true],"2048x2048":["https:\/\/blog.vida.at\/pensionisten\/wp-content\/uploads\/sites\/10\/2025\/11\/d6a594c40ee70018343c849a7d4ee2fd.jpg",1811,1207,false],"ab-block-post-grid-landscape":["https:\/\/blog.vida.at\/pensionisten\/wp-content\/uploads\/sites\/10\/2025\/11\/d6a594c40ee70018343c849a7d4ee2fd-600x400.jpg",600,400,true],"ab-block-post-grid-square":["https:\/\/blog.vida.at\/pensionisten\/wp-content\/uploads\/sites\/10\/2025\/11\/d6a594c40ee70018343c849a7d4ee2fd-600x600.jpg",600,600,true],"post-thumbnail":["https:\/\/blog.vida.at\/pensionisten\/wp-content\/uploads\/sites\/10\/2025\/11\/d6a594c40ee70018343c849a7d4ee2fd-1568x1045.jpg",1568,1045,true],"awb_sm":["https:\/\/blog.vida.at\/pensionisten\/wp-content\/uploads\/sites\/10\/2025\/11\/d6a594c40ee70018343c849a7d4ee2fd-500x333.jpg",500,333,true],"awb_md":["https:\/\/blog.vida.at\/pensionisten\/wp-content\/uploads\/sites\/10\/2025\/11\/d6a594c40ee70018343c849a7d4ee2fd-800x533.jpg",800,533,true],"awb_lg":["https:\/\/blog.vida.at\/pensionisten\/wp-content\/uploads\/sites\/10\/2025\/11\/d6a594c40ee70018343c849a7d4ee2fd-1280x853.jpg",1280,853,true],"awb_xl":["https:\/\/blog.vida.at\/pensionisten\/wp-content\/uploads\/sites\/10\/2025\/11\/d6a594c40ee70018343c849a7d4ee2fd.jpg",1811,1207,false]},"post_excerpt_stackable_v2":"<p>DANKE f\u00fcr die Solidarit\u00e4t und Treue Die vida-Region St. Veit\/Feldkirchen ehrte im November langj\u00e4hrige Mitglieder. Die vida-Region St. Veit\/Feldkirchen (Ortsgruppen St. Veit\/Glan und Treibach-Althofen) lud am 7. November 2025 zur Mitgliederehrung und Infoveranstaltung ein. Anwesend waren B\u00fcrgermeister Martin Kumler, vida-Landesvorsitzende Uschi Heitzer, vida-Landesgesch\u00e4ftsf\u00fchrer Heimo Mauczka, AK-Bezirksstellenleiter Philipp Parteder, vidahelp-Bundesvorsitzende Yvonne Heuber und \u00d6BV-Landesgesch\u00e4ftsf\u00fchrerin Caroline Minarik-Turner. Geehrt wurden f\u00fcr langj\u00e4hrige Gewerkschaftsmitgliedschaft: F\u00fcr 70 Jahre: Rainer Hubert und Gerhard Biber F\u00fcr 60 Jahre: Heinz Niedermesser und Hans Gf\u00f6llner 50 Jahre: Hans Schaffer, Siegfried Salbrechter, Franz Kogelnig, Gottfried Hornbanger, Julius Grimschitz und Johann Fermitsch 40 Jahre: G\u00fcnther Sulzgruber, Gerd Strasser, Reinhold P\u00f6tschger, Herbert&hellip;<\/p>\n","category_list_v2":"<a href=\"https:\/\/blog.vida.at\/pensionisten\/category\/aktuelles\/\" rel=\"category tag\">Aktuelles<\/a>, <a href=\"https:\/\/blog.vida.at\/pensionisten\/category\/allgemein\/\" rel=\"category tag\">Allgemein<\/a>, <a href=\"https:\/\/blog.vida.at\/pensionisten\/category\/ortsgruppen\/\" rel=\"category tag\">Ortsgruppen<\/a>, <a href=\"https:\/\/blog.vida.at\/pensionisten\/category\/ortsgruppen\/salzburg\/\" rel=\"category tag\">Salzburg<\/a>, <a href=\"https:\/\/blog.vida.at\/pensionisten\/category\/top-aktuelles\/\" rel=\"category tag\">Top Aktuelles<\/a>","author_info_v2":{"name":"mariontobola","url":"https:\/\/blog.vida.at\/pensionisten\/author\/mariontobola\/"},"comments_num_v2":"0 comments","yoast_head":"<!-- This site is optimized with the Yoast SEO plugin v27.3 - https:\/\/yoast.com\/product\/yoast-seo-wordpress\/ -->\n<title>Deine Gewerkschaft vida sagt DANKE<\/title>\n<meta name=\"robots\" content=\"index, follow, max-snippet:-1, max-image-preview:large, max-video-preview:-1\" \/>\n<link rel=\"canonical\" href=\"https:\/\/blog.vida.at\/pensionisten\/2025\/11\/17\/deine-gewerkschaft-vida-sagt-danke-3\/\" \/>\n<meta property=\"og:locale\" content=\"de_DE\" \/>\n<meta property=\"og:type\" content=\"article\" \/>\n<meta property=\"og:title\" content=\"Deine Gewerkschaft vida sagt DANKE\" \/>\n<meta property=\"og:description\" content=\"DANKE f\u00fcr die Solidarit\u00e4t und Treue Die vida-Region St. Veit\/Feldkirchen ehrte im November langj\u00e4hrige Mitglieder.\" \/>\n<meta property=\"og:url\" content=\"https:\/\/blog.vida.at\/pensionisten\/2025\/11\/17\/deine-gewerkschaft-vida-sagt-danke-3\/\" \/>\n<meta property=\"og:site_name\" content=\"vida Pensionisten\" \/>\n<meta property=\"article:published_time\" content=\"2025-11-17T10:25:52+00:00\" \/>\n<meta property=\"article:modified_time\" content=\"2025-11-17T14:48:15+00:00\" \/>\n<meta property=\"og:image\" content=\"https:\/\/blog.vida.at\/pensionisten\/wp-content\/uploads\/sites\/10\/2025\/11\/d6a594c40ee70018343c849a7d4ee2fd.jpg\" \/>\n\t<meta property=\"og:image:width\" content=\"1811\" \/>\n\t<meta property=\"og:image:height\" content=\"1207\" \/>\n\t<meta property=\"og:image:type\" content=\"image\/jpeg\" \/>\n<meta name=\"author\" content=\"mariontobola\" \/>\n<meta name=\"twitter:card\" content=\"summary_large_image\" \/>\n<meta name=\"twitter:label1\" content=\"Verfasst von\" \/>\n\t<meta name=\"twitter:data1\" content=\"mariontobola\" \/>\n\t<meta name=\"twitter:label2\" content=\"Gesch\u00e4tzte Lesezeit\" \/>\n\t<meta name=\"twitter:data2\" content=\"5\u00a0Minuten\" \/>\n<script type=\"application\/ld+json\" class=\"yoast-schema-graph\">{\"@context\":\"https:\\\/\\\/schema.org\",\"@graph\":[{\"@type\":\"Article\",\"@id\":\"https:\\\/\\\/blog.vida.at\\\/pensionisten\\\/2025\\\/11\\\/17\\\/deine-gewerkschaft-vida-sagt-danke-3\\\/#article\",\"isPartOf\":{\"@id\":\"https:\\\/\\\/blog.vida.at\\\/pensionisten\\\/2025\\\/11\\\/17\\\/deine-gewerkschaft-vida-sagt-danke-3\\\/\"},\"author\":{\"name\":\"mariontobola\",\"@id\":\"https:\\\/\\\/blog.vida.at\\\/pensionisten\\\/#\\\/schema\\\/person\\\/88cee3ee93b9afdc51c92f5f63f38b8a\"},\"headline\":\"Deine Gewerkschaft vida sagt DANKE\",\"datePublished\":\"2025-11-17T10:25:52+00:00\",\"dateModified\":\"2025-11-17T14:48:15+00:00\",\"mainEntityOfPage\":{\"@id\":\"https:\\\/\\\/blog.vida.at\\\/pensionisten\\\/2025\\\/11\\\/17\\\/deine-gewerkschaft-vida-sagt-danke-3\\\/\"},\"wordCount\":187,\"commentCount\":0,\"image\":{\"@id\":\"https:\\\/\\\/blog.vida.at\\\/pensionisten\\\/2025\\\/11\\\/17\\\/deine-gewerkschaft-vida-sagt-danke-3\\\/#primaryimage\"},\"thumbnailUrl\":\"https:\\\/\\\/blog.vida.at\\\/pensionisten\\\/wp-content\\\/uploads\\\/sites\\\/10\\\/2025\\\/11\\\/d6a594c40ee70018343c849a7d4ee2fd.jpg\",\"articleSection\":{\"0\":\"Aktuelles\",\"2\":\"Ortsgruppen\",\"3\":\"Salzburg\",\"4\":\"Top Aktuelles\"},\"inLanguage\":\"de\",\"potentialAction\":[{\"@type\":\"CommentAction\",\"name\":\"Comment\",\"target\":[\"https:\\\/\\\/blog.vida.at\\\/pensionisten\\\/2025\\\/11\\\/17\\\/deine-gewerkschaft-vida-sagt-danke-3\\\/#respond\"]}]},{\"@type\":\"WebPage\",\"@id\":\"https:\\\/\\\/blog.vida.at\\\/pensionisten\\\/2025\\\/11\\\/17\\\/deine-gewerkschaft-vida-sagt-danke-3\\\/\",\"url\":\"https:\\\/\\\/blog.vida.at\\\/pensionisten\\\/2025\\\/11\\\/17\\\/deine-gewerkschaft-vida-sagt-danke-3\\\/\",\"name\":\"Deine Gewerkschaft vida sagt DANKE\",\"isPartOf\":{\"@id\":\"https:\\\/\\\/blog.vida.at\\\/pensionisten\\\/#website\"},\"primaryImageOfPage\":{\"@id\":\"https:\\\/\\\/blog.vida.at\\\/pensionisten\\\/2025\\\/11\\\/17\\\/deine-gewerkschaft-vida-sagt-danke-3\\\/#primaryimage\"},\"image\":{\"@id\":\"https:\\\/\\\/blog.vida.at\\\/pensionisten\\\/2025\\\/11\\\/17\\\/deine-gewerkschaft-vida-sagt-danke-3\\\/#primaryimage\"},\"thumbnailUrl\":\"https:\\\/\\\/blog.vida.at\\\/pensionisten\\\/wp-content\\\/uploads\\\/sites\\\/10\\\/2025\\\/11\\\/d6a594c40ee70018343c849a7d4ee2fd.jpg\",\"datePublished\":\"2025-11-17T10:25:52+00:00\",\"dateModified\":\"2025-11-17T14:48:15+00:00\",\"author\":{\"@id\":\"https:\\\/\\\/blog.vida.at\\\/pensionisten\\\/#\\\/schema\\\/person\\\/88cee3ee93b9afdc51c92f5f63f38b8a\"},\"breadcrumb\":{\"@id\":\"https:\\\/\\\/blog.vida.at\\\/pensionisten\\\/2025\\\/11\\\/17\\\/deine-gewerkschaft-vida-sagt-danke-3\\\/#breadcrumb\"},\"inLanguage\":\"de\",\"potentialAction\":[{\"@type\":\"ReadAction\",\"target\":[\"https:\\\/\\\/blog.vida.at\\\/pensionisten\\\/2025\\\/11\\\/17\\\/deine-gewerkschaft-vida-sagt-danke-3\\\/\"]}]},{\"@type\":\"ImageObject\",\"inLanguage\":\"de\",\"@id\":\"https:\\\/\\\/blog.vida.at\\\/pensionisten\\\/2025\\\/11\\\/17\\\/deine-gewerkschaft-vida-sagt-danke-3\\\/#primaryimage\",\"url\":\"https:\\\/\\\/blog.vida.at\\\/pensionisten\\\/wp-content\\\/uploads\\\/sites\\\/10\\\/2025\\\/11\\\/d6a594c40ee70018343c849a7d4ee2fd.jpg\",\"contentUrl\":\"https:\\\/\\\/blog.vida.at\\\/pensionisten\\\/wp-content\\\/uploads\\\/sites\\\/10\\\/2025\\\/11\\\/d6a594c40ee70018343c849a7d4ee2fd.jpg\",\"width\":1811,\"height\":1207},{\"@type\":\"BreadcrumbList\",\"@id\":\"https:\\\/\\\/blog.vida.at\\\/pensionisten\\\/2025\\\/11\\\/17\\\/deine-gewerkschaft-vida-sagt-danke-3\\\/#breadcrumb\",\"itemListElement\":[{\"@type\":\"ListItem\",\"position\":1,\"name\":\"Startseite\",\"item\":\"https:\\\/\\\/blog.vida.at\\\/pensionisten\\\/\"},{\"@type\":\"ListItem\",\"position\":2,\"name\":\"Deine Gewerkschaft vida sagt DANKE\"}]},{\"@type\":\"WebSite\",\"@id\":\"https:\\\/\\\/blog.vida.at\\\/pensionisten\\\/#website\",\"url\":\"https:\\\/\\\/blog.vida.at\\\/pensionisten\\\/\",\"name\":\"vida Pensionisten\",\"description\":\"\",\"potentialAction\":[{\"@type\":\"SearchAction\",\"target\":{\"@type\":\"EntryPoint\",\"urlTemplate\":\"https:\\\/\\\/blog.vida.at\\\/pensionisten\\\/?s={search_term_string}\"},\"query-input\":{\"@type\":\"PropertyValueSpecification\",\"valueRequired\":true,\"valueName\":\"search_term_string\"}}],\"inLanguage\":\"de\"},{\"@type\":\"Person\",\"@id\":\"https:\\\/\\\/blog.vida.at\\\/pensionisten\\\/#\\\/schema\\\/person\\\/88cee3ee93b9afdc51c92f5f63f38b8a\",\"name\":\"mariontobola\",\"image\":{\"@type\":\"ImageObject\",\"inLanguage\":\"de\",\"@id\":\"https:\\\/\\\/secure.gravatar.com\\\/avatar\\\/5d2c516985e4eda61bca05bd3b4359b4358135bd1e1a5b08c539e9cd1edd6528?s=96&d=mm&r=g\",\"url\":\"https:\\\/\\\/secure.gravatar.com\\\/avatar\\\/5d2c516985e4eda61bca05bd3b4359b4358135bd1e1a5b08c539e9cd1edd6528?s=96&d=mm&r=g\",\"contentUrl\":\"https:\\\/\\\/secure.gravatar.com\\\/avatar\\\/5d2c516985e4eda61bca05bd3b4359b4358135bd1e1a5b08c539e9cd1edd6528?s=96&d=mm&r=g\",\"caption\":\"mariontobola\"},\"url\":\"https:\\\/\\\/blog.vida.at\\\/pensionisten\\\/author\\\/mariontobola\\\/\"}]}<\/script>\n<!-- \/ Yoast SEO plugin. -->","yoast_head_json":{"title":"Deine Gewerkschaft vida sagt DANKE","robots":{"index":"index","follow":"follow","max-snippet":"max-snippet:-1","max-image-preview":"max-image-preview:large","max-video-preview":"max-video-preview:-1"},"canonical":"https:\/\/blog.vida.at\/pensionisten\/2025\/11\/17\/deine-gewerkschaft-vida-sagt-danke-3\/","og_locale":"de_DE","og_type":"article","og_title":"Deine Gewerkschaft vida sagt DANKE","og_description":"DANKE f\u00fcr die Solidarit\u00e4t und Treue Die vida-Region St. Veit\/Feldkirchen ehrte im November langj\u00e4hrige Mitglieder.","og_url":"https:\/\/blog.vida.at\/pensionisten\/2025\/11\/17\/deine-gewerkschaft-vida-sagt-danke-3\/","og_site_name":"vida Pensionisten","article_published_time":"2025-11-17T10:25:52+00:00","article_modified_time":"2025-11-17T14:48:15+00:00","og_image":[{"width":1811,"height":1207,"url":"https:\/\/blog.vida.at\/pensionisten\/wp-content\/uploads\/sites\/10\/2025\/11\/d6a594c40ee70018343c849a7d4ee2fd.jpg","type":"image\/jpeg"}],"author":"mariontobola","twitter_card":"summary_large_image","twitter_misc":{"Verfasst von":"mariontobola","Gesch\u00e4tzte Lesezeit":"5\u00a0Minuten"},"schema":{"@context":"https:\/\/schema.org","@graph":[{"@type":"Article","@id":"https:\/\/blog.vida.at\/pensionisten\/2025\/11\/17\/deine-gewerkschaft-vida-sagt-danke-3\/#article","isPartOf":{"@id":"https:\/\/blog.vida.at\/pensionisten\/2025\/11\/17\/deine-gewerkschaft-vida-sagt-danke-3\/"},"author":{"name":"mariontobola","@id":"https:\/\/blog.vida.at\/pensionisten\/#\/schema\/person\/88cee3ee93b9afdc51c92f5f63f38b8a"},"headline":"Deine Gewerkschaft vida sagt DANKE","datePublished":"2025-11-17T10:25:52+00:00","dateModified":"2025-11-17T14:48:15+00:00","mainEntityOfPage":{"@id":"https:\/\/blog.vida.at\/pensionisten\/2025\/11\/17\/deine-gewerkschaft-vida-sagt-danke-3\/"},"wordCount":187,"commentCount":0,"image":{"@id":"https:\/\/blog.vida.at\/pensionisten\/2025\/11\/17\/deine-gewerkschaft-vida-sagt-danke-3\/#primaryimage"},"thumbnailUrl":"https:\/\/blog.vida.at\/pensionisten\/wp-content\/uploads\/sites\/10\/2025\/11\/d6a594c40ee70018343c849a7d4ee2fd.jpg","articleSection":{"0":"Aktuelles","2":"Ortsgruppen","3":"Salzburg","4":"Top Aktuelles"},"inLanguage":"de","potentialAction":[{"@type":"CommentAction","name":"Comment","target":["https:\/\/blog.vida.at\/pensionisten\/2025\/11\/17\/deine-gewerkschaft-vida-sagt-danke-3\/#respond"]}]},{"@type":"WebPage","@id":"https:\/\/blog.vida.at\/pensionisten\/2025\/11\/17\/deine-gewerkschaft-vida-sagt-danke-3\/","url":"https:\/\/blog.vida.at\/pensionisten\/2025\/11\/17\/deine-gewerkschaft-vida-sagt-danke-3\/","name":"Deine Gewerkschaft vida sagt DANKE","isPartOf":{"@id":"https:\/\/blog.vida.at\/pensionisten\/#website"},"primaryImageOfPage":{"@id":"https:\/\/blog.vida.at\/pensionisten\/2025\/11\/17\/deine-gewerkschaft-vida-sagt-danke-3\/#primaryimage"},"image":{"@id":"https:\/\/blog.vida.at\/pensionisten\/2025\/11\/17\/deine-gewerkschaft-vida-sagt-danke-3\/#primaryimage"},"thumbnailUrl":"https:\/\/blog.vida.at\/pensionisten\/wp-content\/uploads\/sites\/10\/2025\/11\/d6a594c40ee70018343c849a7d4ee2fd.jpg","datePublished":"2025-11-17T10:25:52+00:00","dateModified":"2025-11-17T14:48:15+00:00","author":{"@id":"https:\/\/blog.vida.at\/pensionisten\/#\/schema\/person\/88cee3ee93b9afdc51c92f5f63f38b8a"},"breadcrumb":{"@id":"https:\/\/blog.vida.at\/pensionisten\/2025\/11\/17\/deine-gewerkschaft-vida-sagt-danke-3\/#breadcrumb"},"inLanguage":"de","potentialAction":[{"@type":"ReadAction","target":["https:\/\/blog.vida.at\/pensionisten\/2025\/11\/17\/deine-gewerkschaft-vida-sagt-danke-3\/"]}]},{"@type":"ImageObject","inLanguage":"de","@id":"https:\/\/blog.vida.at\/pensionisten\/2025\/11\/17\/deine-gewerkschaft-vida-sagt-danke-3\/#primaryimage","url":"https:\/\/blog.vida.at\/pensionisten\/wp-content\/uploads\/sites\/10\/2025\/11\/d6a594c40ee70018343c849a7d4ee2fd.jpg","contentUrl":"https:\/\/blog.vida.at\/pensionisten\/wp-content\/uploads\/sites\/10\/2025\/11\/d6a594c40ee70018343c849a7d4ee2fd.jpg","width":1811,"height":1207},{"@type":"BreadcrumbList","@id":"https:\/\/blog.vida.at\/pensionisten\/2025\/11\/17\/deine-gewerkschaft-vida-sagt-danke-3\/#breadcrumb","itemListElement":[{"@type":"ListItem","position":1,"name":"Startseite","item":"https:\/\/blog.vida.at\/pensionisten\/"},{"@type":"ListItem","position":2,"name":"Deine Gewerkschaft vida sagt DANKE"}]},{"@type":"WebSite","@id":"https:\/\/blog.vida.at\/pensionisten\/#website","url":"https:\/\/blog.vida.at\/pensionisten\/","name":"vida Pensionisten","description":"","potentialAction":[{"@type":"SearchAction","target":{"@type":"EntryPoint","urlTemplate":"https:\/\/blog.vida.at\/pensionisten\/?s={search_term_string}"},"query-input":{"@type":"PropertyValueSpecification","valueRequired":true,"valueName":"search_term_string"}}],"inLanguage":"de"},{"@type":"Person","@id":"https:\/\/blog.vida.at\/pensionisten\/#\/schema\/person\/88cee3ee93b9afdc51c92f5f63f38b8a","name":"mariontobola","image":{"@type":"ImageObject","inLanguage":"de","@id":"https:\/\/secure.gravatar.com\/avatar\/5d2c516985e4eda61bca05bd3b4359b4358135bd1e1a5b08c539e9cd1edd6528?s=96&d=mm&r=g","url":"https:\/\/secure.gravatar.com\/avatar\/5d2c516985e4eda61bca05bd3b4359b4358135bd1e1a5b08c539e9cd1edd6528?s=96&d=mm&r=g","contentUrl":"https:\/\/secure.gravatar.com\/avatar\/5d2c516985e4eda61bca05bd3b4359b4358135bd1e1a5b08c539e9cd1edd6528?s=96&d=mm&r=g","caption":"mariontobola"},"url":"https:\/\/blog.vida.at\/pensionisten\/author\/mariontobola\/"}]}},"author_meta":{"display_name":"mariontobola","author_link":"https:\/\/blog.vida.at\/pensionisten\/author\/mariontobola\/"},"featured_img":"https:\/\/blog.vida.at\/pensionisten\/wp-content\/uploads\/sites\/10\/2025\/11\/d6a594c40ee70018343c849a7d4ee2fd-300x200.jpg","featured_image_src":"https:\/\/blog.vida.at\/pensionisten\/wp-content\/uploads\/sites\/10\/2025\/11\/d6a594c40ee70018343c849a7d4ee2fd-600x400.jpg","featured_image_src_square":"https:\/\/blog.vida.at\/pensionisten\/wp-content\/uploads\/sites\/10\/2025\/11\/d6a594c40ee70018343c849a7d4ee2fd-600x600.jpg","uagb_featured_image_src":{"full":["https:\/\/blog.vida.at\/pensionisten\/wp-content\/uploads\/sites\/10\/2025\/11\/d6a594c40ee70018343c849a7d4ee2fd.jpg",1811,1207,false],"thumbnail":["https:\/\/blog.vida.at\/pensionisten\/wp-content\/uploads\/sites\/10\/2025\/11\/d6a594c40ee70018343c849a7d4ee2fd-150x150.jpg",150,150,true],"medium":["https:\/\/blog.vida.at\/pensionisten\/wp-content\/uploads\/sites\/10\/2025\/11\/d6a594c40ee70018343c849a7d4ee2fd-300x200.jpg",300,200,true],"medium_large":["https:\/\/blog.vida.at\/pensionisten\/wp-content\/uploads\/sites\/10\/2025\/11\/d6a594c40ee70018343c849a7d4ee2fd-768x512.jpg",640,427,true],"large":["https:\/\/blog.vida.at\/pensionisten\/wp-content\/uploads\/sites\/10\/2025\/11\/d6a594c40ee70018343c849a7d4ee2fd-1024x682.jpg",640,426,true],"1536x1536":["https:\/\/blog.vida.at\/pensionisten\/wp-content\/uploads\/sites\/10\/2025\/11\/d6a594c40ee70018343c849a7d4ee2fd-1536x1024.jpg",1536,1024,true],"2048x2048":["https:\/\/blog.vida.at\/pensionisten\/wp-content\/uploads\/sites\/10\/2025\/11\/d6a594c40ee70018343c849a7d4ee2fd.jpg",1811,1207,false],"ab-block-post-grid-landscape":["https:\/\/blog.vida.at\/pensionisten\/wp-content\/uploads\/sites\/10\/2025\/11\/d6a594c40ee70018343c849a7d4ee2fd-600x400.jpg",600,400,true],"ab-block-post-grid-square":["https:\/\/blog.vida.at\/pensionisten\/wp-content\/uploads\/sites\/10\/2025\/11\/d6a594c40ee70018343c849a7d4ee2fd-600x600.jpg",600,600,true],"post-thumbnail":["https:\/\/blog.vida.at\/pensionisten\/wp-content\/uploads\/sites\/10\/2025\/11\/d6a594c40ee70018343c849a7d4ee2fd-1568x1045.jpg",1568,1045,true],"awb_sm":["https:\/\/blog.vida.at\/pensionisten\/wp-content\/uploads\/sites\/10\/2025\/11\/d6a594c40ee70018343c849a7d4ee2fd-500x333.jpg",500,333,true],"awb_md":["https:\/\/blog.vida.at\/pensionisten\/wp-content\/uploads\/sites\/10\/2025\/11\/d6a594c40ee70018343c849a7d4ee2fd-800x533.jpg",800,533,true],"awb_lg":["https:\/\/blog.vida.at\/pensionisten\/wp-content\/uploads\/sites\/10\/2025\/11\/d6a594c40ee70018343c849a7d4ee2fd-1280x853.jpg",1280,853,true],"awb_xl":["https:\/\/blog.vida.at\/pensionisten\/wp-content\/uploads\/sites\/10\/2025\/11\/d6a594c40ee70018343c849a7d4ee2fd.jpg",1811,1207,false]},"uagb_author_info":{"display_name":"mariontobola","author_link":"https:\/\/blog.vida.at\/pensionisten\/author\/mariontobola\/"},"uagb_comment_info":0,"uagb_excerpt":"DANKE f\u00fcr die Solidarit\u00e4t und Treue Die vida-Region St. Veit\/Feldkirchen ehrte im November langj\u00e4hrige Mitglieder.","coauthors":[],"tax_additional":{"categories":{"linked":["<a href=\"https:\/\/blog.vida.at\/pensionisten\/category\/aktuelles\/\" class=\"advgb-post-tax-term\">Aktuelles<\/a>","<a href=\"https:\/\/blog.vida.at\/pensionisten\/category\/allgemein\/\" class=\"advgb-post-tax-term\">Allgemein<\/a>","<a href=\"https:\/\/blog.vida.at\/pensionisten\/category\/ortsgruppen\/\" class=\"advgb-post-tax-term\">Ortsgruppen<\/a>","<a href=\"https:\/\/blog.vida.at\/pensionisten\/category\/ortsgruppen\/salzburg\/\" class=\"advgb-post-tax-term\">Salzburg<\/a>","<a href=\"https:\/\/blog.vida.at\/pensionisten\/category\/top-aktuelles\/\" class=\"advgb-post-tax-term\">Top Aktuelles<\/a>"],"unlinked":["<span class=\"advgb-post-tax-term\">Aktuelles<\/span>","<span class=\"advgb-post-tax-term\">Allgemein<\/span>","<span class=\"advgb-post-tax-term\">Ortsgruppen<\/span>","<span class=\"advgb-post-tax-term\">Salzburg<\/span>","<span class=\"advgb-post-tax-term\">Top Aktuelles<\/span>"]}},"comment_count":"0","relative_dates":{"created":"Ver\u00f6ffentlicht 5\u00a0Monaten vor","modified":"Aktualisiert 5\u00a0Monaten vor"},"absolute_dates":{"created":"Ver\u00f6ffentlicht am 17. November 2025","modified":"Aktualisiert am 17. November 2025"},"absolute_dates_time":{"created":"Ver\u00f6ffentlicht am 17. November 2025 11:25","modified":"Aktualisiert am 17. November 2025 15:48"},"featured_img_caption":"","series_order":"","_links":{"self":[{"href":"https:\/\/blog.vida.at\/pensionisten\/wp-json\/wp\/v2\/posts\/12181","targetHints":{"allow":["GET"]}}],"collection":[{"href":"https:\/\/blog.vida.at\/pensionisten\/wp-json\/wp\/v2\/posts"}],"about":[{"href":"https:\/\/blog.vida.at\/pensionisten\/wp-json\/wp\/v2\/types\/post"}],"author":[{"embeddable":true,"href":"https:\/\/blog.vida.at\/pensionisten\/wp-json\/wp\/v2\/users\/8"}],"replies":[{"embeddable":true,"href":"https:\/\/blog.vida.at\/pensionisten\/wp-json\/wp\/v2\/comments?post=12181"}],"version-history":[{"count":10,"href":"https:\/\/blog.vida.at\/pensionisten\/wp-json\/wp\/v2\/posts\/12181\/revisions"}],"predecessor-version":[{"id":12220,"href":"https:\/\/blog.vida.at\/pensionisten\/wp-json\/wp\/v2\/posts\/12181\/revisions\/12220"}],"wp:featuredmedia":[{"embeddable":true,"href":"https:\/\/blog.vida.at\/pensionisten\/wp-json\/wp\/v2\/media\/12182"}],"wp:attachment":[{"href":"https:\/\/blog.vida.at\/pensionisten\/wp-json\/wp\/v2\/media?parent=12181"}],"wp:term":[{"taxonomy":"category","embeddable":true,"href":"https:\/\/blog.vida.at\/pensionisten\/wp-json\/wp\/v2\/categories?post=12181"},{"taxonomy":"post_tag","embeddable":true,"href":"https:\/\/blog.vida.at\/pensionisten\/wp-json\/wp\/v2\/tags?post=12181"},{"taxonomy":"Orte","embeddable":true,"href":"https:\/\/blog.vida.at\/pensionisten\/wp-json\/wp\/v2\/Orte?post=12181"},{"taxonomy":"activitytype","embeddable":true,"href":"https:\/\/blog.vida.at\/pensionisten\/wp-json\/wp\/v2\/activitytype?post=12181"}],"curies":[{"name":"wp","href":"https:\/\/api.w.org\/{rel}","templated":true}]}}