
{"id":12204,"date":"2025-11-17T12:37:41","date_gmt":"2025-11-17T11:37:41","guid":{"rendered":"https:\/\/blog.vida.at\/pensionisten\/?p=12204"},"modified":"2025-11-17T12:38:37","modified_gmt":"2025-11-17T11:38:37","slug":"wir-gratulieren-zum-geburtstag-2","status":"publish","type":"post","link":"https:\/\/blog.vida.at\/pensionisten\/2025\/11\/17\/wir-gratulieren-zum-geburtstag-2\/","title":{"rendered":"Wir gratulieren zum Geburtstag"},"content":{"rendered":"\n<div class=\"wp-block-group Container\"><div class=\"wp-block-group__inner-container is-layout-flow wp-block-group-is-layout-flow\">\n<h4 class=\"wp-block-heading\">Die vida-Ortsgruppe OG 52 &#8211; KWD gratuliert den Jubilaren vom ganzen Herzen.<\/h4>\n\n\n\n<br>\n\n\n\n<p><\/p>\n\n\n\n<!--more-->\n\n\n\n<p><\/p>\n\n\n\n<p>Die <strong>vida-Ortsgruppe OG 52 &#8211; KWD<\/strong>  gratuliert den &#8222;Geburtstagskindern&#8220; vom ganzen Herzen:<\/p>\n\n\n\n<p><strong>SELLINGER Wolfgang<\/strong>  zum <strong>85. GEBURTSTAG<\/strong><\/p>\n\n\n\n<p><strong>SVARICEK Franz<\/strong> zum <strong>85. GEBURTSTAG<\/strong><\/p>\n\n\n\n<p><strong>SCHMID Helmut<\/strong>\u00a0\u00a0zum <strong>80. GEBURTSTAG<\/strong><\/p>\n\n\n\n<p><strong>NEUBAUER Robert<\/strong> zum <strong>60. GEBURTSTAG<\/strong><\/p>\n\n\n\n<p><\/p>\n\n\n\n<p><strong><mark style=\"color:#fe0202\" class=\"has-inline-color\">Wir sagen DANKE f\u00fcr die Treue und w\u00fcnschen ein sch\u00f6nes und gesundes neues Lebensjahr!<\/mark><\/strong><\/p>\n\n\n\n<p>Beim <strong>Pensionistentreffen der OG 52 &#8211; KWD<\/strong> am 7. November 2025 im Gemeindezentrum Spillern wurde dem anwesenden <strong>Jubilar Robert NEUBAUER<\/strong> zum 60. Geburtstag gratuliert.<\/p>\n\n\n\n<figure class=\"wp-block-image size-large\"><img loading=\"lazy\" decoding=\"async\" width=\"1024\" height=\"682\" src=\"https:\/\/blog.vida.at\/pensionisten\/wp-content\/uploads\/sites\/10\/2025\/11\/Hubert-Kornberger-Robert-Neubauer-Martin-Peterl-Gerhard-Sklenar-1024x682.jpg\" alt=\"\" class=\"wp-image-12205\" srcset=\"https:\/\/blog.vida.at\/pensionisten\/wp-content\/uploads\/sites\/10\/2025\/11\/Hubert-Kornberger-Robert-Neubauer-Martin-Peterl-Gerhard-Sklenar-1024x682.jpg 1024w, https:\/\/blog.vida.at\/pensionisten\/wp-content\/uploads\/sites\/10\/2025\/11\/Hubert-Kornberger-Robert-Neubauer-Martin-Peterl-Gerhard-Sklenar-300x200.jpg 300w, https:\/\/blog.vida.at\/pensionisten\/wp-content\/uploads\/sites\/10\/2025\/11\/Hubert-Kornberger-Robert-Neubauer-Martin-Peterl-Gerhard-Sklenar-768x512.jpg 768w, https:\/\/blog.vida.at\/pensionisten\/wp-content\/uploads\/sites\/10\/2025\/11\/Hubert-Kornberger-Robert-Neubauer-Martin-Peterl-Gerhard-Sklenar-600x400.jpg 600w, https:\/\/blog.vida.at\/pensionisten\/wp-content\/uploads\/sites\/10\/2025\/11\/Hubert-Kornberger-Robert-Neubauer-Martin-Peterl-Gerhard-Sklenar-500x333.jpg 500w, https:\/\/blog.vida.at\/pensionisten\/wp-content\/uploads\/sites\/10\/2025\/11\/Hubert-Kornberger-Robert-Neubauer-Martin-Peterl-Gerhard-Sklenar-800x533.jpg 800w, https:\/\/blog.vida.at\/pensionisten\/wp-content\/uploads\/sites\/10\/2025\/11\/Hubert-Kornberger-Robert-Neubauer-Martin-Peterl-Gerhard-Sklenar-1280x853.jpg 1280w, https:\/\/blog.vida.at\/pensionisten\/wp-content\/uploads\/sites\/10\/2025\/11\/Hubert-Kornberger-Robert-Neubauer-Martin-Peterl-Gerhard-Sklenar.jpg 1337w\" sizes=\"auto, (max-width: 1024px) 100vw, 1024px\" \/><\/figure>\n\n\n\n<p><em>Im Bild v.l.n.r.: Hubert KORNBERGER, Robert NEUBAUER; Martin PETERL, Gerhard SKLENAR<\/em><\/p>\n<\/div><\/div>\n\n\n\n<p><\/p>\n","protected":false},"excerpt":{"rendered":"<p>Die vida-Ortsgruppe OG 52 &#8211; KWD gratuliert den Jubilaren vom ganzen Herzen.<\/p>\n","protected":false},"author":8,"featured_media":2689,"comment_status":"open","ping_status":"open","sticky":false,"template":"","format":"standard","meta":{"_uag_custom_page_level_css":"","advgb_blocks_editor_width":"","advgb_blocks_columns_visual_guide":"","footnotes":""},"categories":[1,49,54],"tags":[],"Orte":[],"activitytype":[],"class_list":["post-12204","post","type-post","status-publish","format-standard","has-post-thumbnail","hentry","category-allgemein","category-ortsgruppen","category-steiermark","entry"],"featured_image_urls":{"full":["https:\/\/blog.vida.at\/pensionisten\/wp-content\/uploads\/sites\/10\/2021\/07\/Geburtstag_adobestock.jpg",898,607,false],"thumbnail":["https:\/\/blog.vida.at\/pensionisten\/wp-content\/uploads\/sites\/10\/2021\/07\/Geburtstag_adobestock-150x150.jpg",150,150,true],"medium":["https:\/\/blog.vida.at\/pensionisten\/wp-content\/uploads\/sites\/10\/2021\/07\/Geburtstag_adobestock-300x203.jpg",300,203,true],"medium_large":["https:\/\/blog.vida.at\/pensionisten\/wp-content\/uploads\/sites\/10\/2021\/07\/Geburtstag_adobestock-768x519.jpg",640,433,true],"large":["https:\/\/blog.vida.at\/pensionisten\/wp-content\/uploads\/sites\/10\/2021\/07\/Geburtstag_adobestock.jpg",640,433,false],"1536x1536":["https:\/\/blog.vida.at\/pensionisten\/wp-content\/uploads\/sites\/10\/2021\/07\/Geburtstag_adobestock.jpg",898,607,false],"2048x2048":["https:\/\/blog.vida.at\/pensionisten\/wp-content\/uploads\/sites\/10\/2021\/07\/Geburtstag_adobestock.jpg",898,607,false],"ab-block-post-grid-landscape":["https:\/\/blog.vida.at\/pensionisten\/wp-content\/uploads\/sites\/10\/2021\/07\/Geburtstag_adobestock-600x400.jpg",600,400,true],"ab-block-post-grid-square":["https:\/\/blog.vida.at\/pensionisten\/wp-content\/uploads\/sites\/10\/2021\/07\/Geburtstag_adobestock-600x600.jpg",600,600,true],"post-thumbnail":["https:\/\/blog.vida.at\/pensionisten\/wp-content\/uploads\/sites\/10\/2021\/07\/Geburtstag_adobestock.jpg",898,607,false],"awb_sm":["https:\/\/blog.vida.at\/pensionisten\/wp-content\/uploads\/sites\/10\/2021\/07\/Geburtstag_adobestock-500x338.jpg",500,338,true],"awb_md":["https:\/\/blog.vida.at\/pensionisten\/wp-content\/uploads\/sites\/10\/2021\/07\/Geburtstag_adobestock-800x541.jpg",800,541,true],"awb_lg":["https:\/\/blog.vida.at\/pensionisten\/wp-content\/uploads\/sites\/10\/2021\/07\/Geburtstag_adobestock.jpg",898,607,false],"awb_xl":["https:\/\/blog.vida.at\/pensionisten\/wp-content\/uploads\/sites\/10\/2021\/07\/Geburtstag_adobestock.jpg",898,607,false]},"post_excerpt_stackable":"<p>Die vida-Ortsgruppe OG 52 &#8211; KWD gratuliert den Jubilaren vom ganzen Herzen. Die vida-Ortsgruppe OG 52 &#8211; KWD gratuliert den &#8222;Geburtstagskindern&#8220; vom ganzen Herzen: SELLINGER Wolfgang zum 85. GEBURTSTAG SVARICEK Franz zum 85. GEBURTSTAG SCHMID Helmut\u00a0\u00a0zum 80. GEBURTSTAG NEUBAUER Robert zum 60. GEBURTSTAG Wir sagen DANKE f\u00fcr die Treue und w\u00fcnschen ein sch\u00f6nes und gesundes neues Lebensjahr! Beim Pensionistentreffen der OG 52 &#8211; KWD am 7. November 2025 im Gemeindezentrum Spillern wurde dem anwesenden Jubilar Robert NEUBAUER zum 60. Geburtstag gratuliert. Im Bild v.l.n.r.: Hubert KORNBERGER, Robert NEUBAUER; Martin PETERL, Gerhard SKLENAR<\/p>\n","category_list":"<a href=\"https:\/\/blog.vida.at\/pensionisten\/category\/allgemein\/\" rel=\"category tag\">Allgemein<\/a>, <a href=\"https:\/\/blog.vida.at\/pensionisten\/category\/ortsgruppen\/\" rel=\"category tag\">Ortsgruppen<\/a>, <a href=\"https:\/\/blog.vida.at\/pensionisten\/category\/ortsgruppen\/steiermark\/\" rel=\"category tag\">Steiermark<\/a>","author_info":{"display_name":"mariontobola","author_link":"https:\/\/blog.vida.at\/pensionisten\/author\/mariontobola\/"},"comments_num":"0 comments","featured_image_urls_v2":{"full":["https:\/\/blog.vida.at\/pensionisten\/wp-content\/uploads\/sites\/10\/2021\/07\/Geburtstag_adobestock.jpg",898,607,false],"thumbnail":["https:\/\/blog.vida.at\/pensionisten\/wp-content\/uploads\/sites\/10\/2021\/07\/Geburtstag_adobestock-150x150.jpg",150,150,true],"medium":["https:\/\/blog.vida.at\/pensionisten\/wp-content\/uploads\/sites\/10\/2021\/07\/Geburtstag_adobestock-300x203.jpg",300,203,true],"medium_large":["https:\/\/blog.vida.at\/pensionisten\/wp-content\/uploads\/sites\/10\/2021\/07\/Geburtstag_adobestock-768x519.jpg",640,433,true],"large":["https:\/\/blog.vida.at\/pensionisten\/wp-content\/uploads\/sites\/10\/2021\/07\/Geburtstag_adobestock.jpg",640,433,false],"1536x1536":["https:\/\/blog.vida.at\/pensionisten\/wp-content\/uploads\/sites\/10\/2021\/07\/Geburtstag_adobestock.jpg",898,607,false],"2048x2048":["https:\/\/blog.vida.at\/pensionisten\/wp-content\/uploads\/sites\/10\/2021\/07\/Geburtstag_adobestock.jpg",898,607,false],"ab-block-post-grid-landscape":["https:\/\/blog.vida.at\/pensionisten\/wp-content\/uploads\/sites\/10\/2021\/07\/Geburtstag_adobestock-600x400.jpg",600,400,true],"ab-block-post-grid-square":["https:\/\/blog.vida.at\/pensionisten\/wp-content\/uploads\/sites\/10\/2021\/07\/Geburtstag_adobestock-600x600.jpg",600,600,true],"post-thumbnail":["https:\/\/blog.vida.at\/pensionisten\/wp-content\/uploads\/sites\/10\/2021\/07\/Geburtstag_adobestock.jpg",898,607,false],"awb_sm":["https:\/\/blog.vida.at\/pensionisten\/wp-content\/uploads\/sites\/10\/2021\/07\/Geburtstag_adobestock-500x338.jpg",500,338,true],"awb_md":["https:\/\/blog.vida.at\/pensionisten\/wp-content\/uploads\/sites\/10\/2021\/07\/Geburtstag_adobestock-800x541.jpg",800,541,true],"awb_lg":["https:\/\/blog.vida.at\/pensionisten\/wp-content\/uploads\/sites\/10\/2021\/07\/Geburtstag_adobestock.jpg",898,607,false],"awb_xl":["https:\/\/blog.vida.at\/pensionisten\/wp-content\/uploads\/sites\/10\/2021\/07\/Geburtstag_adobestock.jpg",898,607,false]},"post_excerpt_stackable_v2":"<p>Die vida-Ortsgruppe OG 52 &#8211; KWD gratuliert den Jubilaren vom ganzen Herzen. Die vida-Ortsgruppe OG 52 &#8211; KWD gratuliert den &#8222;Geburtstagskindern&#8220; vom ganzen Herzen: SELLINGER Wolfgang zum 85. GEBURTSTAG SVARICEK Franz zum 85. GEBURTSTAG SCHMID Helmut\u00a0\u00a0zum 80. GEBURTSTAG NEUBAUER Robert zum 60. GEBURTSTAG Wir sagen DANKE f\u00fcr die Treue und w\u00fcnschen ein sch\u00f6nes und gesundes neues Lebensjahr! Beim Pensionistentreffen der OG 52 &#8211; KWD am 7. November 2025 im Gemeindezentrum Spillern wurde dem anwesenden Jubilar Robert NEUBAUER zum 60. Geburtstag gratuliert. Im Bild v.l.n.r.: Hubert KORNBERGER, Robert NEUBAUER; Martin PETERL, Gerhard SKLENAR<\/p>\n","category_list_v2":"<a href=\"https:\/\/blog.vida.at\/pensionisten\/category\/allgemein\/\" rel=\"category tag\">Allgemein<\/a>, <a href=\"https:\/\/blog.vida.at\/pensionisten\/category\/ortsgruppen\/\" rel=\"category tag\">Ortsgruppen<\/a>, <a href=\"https:\/\/blog.vida.at\/pensionisten\/category\/ortsgruppen\/steiermark\/\" rel=\"category tag\">Steiermark<\/a>","author_info_v2":{"name":"mariontobola","url":"https:\/\/blog.vida.at\/pensionisten\/author\/mariontobola\/"},"comments_num_v2":"0 comments","yoast_head":"<!-- This site is optimized with the Yoast SEO plugin v27.3 - https:\/\/yoast.com\/product\/yoast-seo-wordpress\/ -->\n<title>Wir gratulieren zum Geburtstag<\/title>\n<meta name=\"robots\" content=\"index, follow, max-snippet:-1, max-image-preview:large, max-video-preview:-1\" \/>\n<link rel=\"canonical\" href=\"https:\/\/blog.vida.at\/pensionisten\/2025\/11\/17\/wir-gratulieren-zum-geburtstag-2\/\" \/>\n<meta property=\"og:locale\" content=\"de_DE\" \/>\n<meta property=\"og:type\" content=\"article\" \/>\n<meta property=\"og:title\" content=\"Wir gratulieren zum Geburtstag\" \/>\n<meta property=\"og:description\" content=\"Die vida-Ortsgruppe OG 52 &#8211; KWD gratuliert den Jubilaren vom ganzen Herzen.\" \/>\n<meta property=\"og:url\" content=\"https:\/\/blog.vida.at\/pensionisten\/2025\/11\/17\/wir-gratulieren-zum-geburtstag-2\/\" \/>\n<meta property=\"og:site_name\" content=\"vida Pensionisten\" \/>\n<meta property=\"article:published_time\" content=\"2025-11-17T11:37:41+00:00\" \/>\n<meta property=\"article:modified_time\" content=\"2025-11-17T11:38:37+00:00\" \/>\n<meta property=\"og:image\" content=\"https:\/\/blog.vida.at\/pensionisten\/wp-content\/uploads\/sites\/10\/2021\/07\/Geburtstag_adobestock.jpg\" \/>\n\t<meta property=\"og:image:width\" content=\"898\" \/>\n\t<meta property=\"og:image:height\" content=\"607\" \/>\n\t<meta property=\"og:image:type\" content=\"image\/jpeg\" \/>\n<meta name=\"author\" content=\"mariontobola\" \/>\n<meta name=\"twitter:card\" content=\"summary_large_image\" \/>\n<meta name=\"twitter:label1\" content=\"Verfasst von\" \/>\n\t<meta name=\"twitter:data1\" content=\"mariontobola\" \/>\n\t<meta name=\"twitter:label2\" content=\"Gesch\u00e4tzte Lesezeit\" \/>\n\t<meta name=\"twitter:data2\" content=\"1\u00a0Minute\" \/>\n<script type=\"application\/ld+json\" class=\"yoast-schema-graph\">{\"@context\":\"https:\\\/\\\/schema.org\",\"@graph\":[{\"@type\":\"Article\",\"@id\":\"https:\\\/\\\/blog.vida.at\\\/pensionisten\\\/2025\\\/11\\\/17\\\/wir-gratulieren-zum-geburtstag-2\\\/#article\",\"isPartOf\":{\"@id\":\"https:\\\/\\\/blog.vida.at\\\/pensionisten\\\/2025\\\/11\\\/17\\\/wir-gratulieren-zum-geburtstag-2\\\/\"},\"author\":{\"name\":\"mariontobola\",\"@id\":\"https:\\\/\\\/blog.vida.at\\\/pensionisten\\\/#\\\/schema\\\/person\\\/88cee3ee93b9afdc51c92f5f63f38b8a\"},\"headline\":\"Wir gratulieren zum Geburtstag\",\"datePublished\":\"2025-11-17T11:37:41+00:00\",\"dateModified\":\"2025-11-17T11:38:37+00:00\",\"mainEntityOfPage\":{\"@id\":\"https:\\\/\\\/blog.vida.at\\\/pensionisten\\\/2025\\\/11\\\/17\\\/wir-gratulieren-zum-geburtstag-2\\\/\"},\"wordCount\":93,\"commentCount\":0,\"image\":{\"@id\":\"https:\\\/\\\/blog.vida.at\\\/pensionisten\\\/2025\\\/11\\\/17\\\/wir-gratulieren-zum-geburtstag-2\\\/#primaryimage\"},\"thumbnailUrl\":\"https:\\\/\\\/blog.vida.at\\\/pensionisten\\\/wp-content\\\/uploads\\\/sites\\\/10\\\/2021\\\/07\\\/Geburtstag_adobestock.jpg\",\"articleSection\":{\"1\":\"Ortsgruppen\",\"2\":\"Steiermark\"},\"inLanguage\":\"de\",\"potentialAction\":[{\"@type\":\"CommentAction\",\"name\":\"Comment\",\"target\":[\"https:\\\/\\\/blog.vida.at\\\/pensionisten\\\/2025\\\/11\\\/17\\\/wir-gratulieren-zum-geburtstag-2\\\/#respond\"]}]},{\"@type\":\"WebPage\",\"@id\":\"https:\\\/\\\/blog.vida.at\\\/pensionisten\\\/2025\\\/11\\\/17\\\/wir-gratulieren-zum-geburtstag-2\\\/\",\"url\":\"https:\\\/\\\/blog.vida.at\\\/pensionisten\\\/2025\\\/11\\\/17\\\/wir-gratulieren-zum-geburtstag-2\\\/\",\"name\":\"Wir gratulieren zum Geburtstag\",\"isPartOf\":{\"@id\":\"https:\\\/\\\/blog.vida.at\\\/pensionisten\\\/#website\"},\"primaryImageOfPage\":{\"@id\":\"https:\\\/\\\/blog.vida.at\\\/pensionisten\\\/2025\\\/11\\\/17\\\/wir-gratulieren-zum-geburtstag-2\\\/#primaryimage\"},\"image\":{\"@id\":\"https:\\\/\\\/blog.vida.at\\\/pensionisten\\\/2025\\\/11\\\/17\\\/wir-gratulieren-zum-geburtstag-2\\\/#primaryimage\"},\"thumbnailUrl\":\"https:\\\/\\\/blog.vida.at\\\/pensionisten\\\/wp-content\\\/uploads\\\/sites\\\/10\\\/2021\\\/07\\\/Geburtstag_adobestock.jpg\",\"datePublished\":\"2025-11-17T11:37:41+00:00\",\"dateModified\":\"2025-11-17T11:38:37+00:00\",\"author\":{\"@id\":\"https:\\\/\\\/blog.vida.at\\\/pensionisten\\\/#\\\/schema\\\/person\\\/88cee3ee93b9afdc51c92f5f63f38b8a\"},\"breadcrumb\":{\"@id\":\"https:\\\/\\\/blog.vida.at\\\/pensionisten\\\/2025\\\/11\\\/17\\\/wir-gratulieren-zum-geburtstag-2\\\/#breadcrumb\"},\"inLanguage\":\"de\",\"potentialAction\":[{\"@type\":\"ReadAction\",\"target\":[\"https:\\\/\\\/blog.vida.at\\\/pensionisten\\\/2025\\\/11\\\/17\\\/wir-gratulieren-zum-geburtstag-2\\\/\"]}]},{\"@type\":\"ImageObject\",\"inLanguage\":\"de\",\"@id\":\"https:\\\/\\\/blog.vida.at\\\/pensionisten\\\/2025\\\/11\\\/17\\\/wir-gratulieren-zum-geburtstag-2\\\/#primaryimage\",\"url\":\"https:\\\/\\\/blog.vida.at\\\/pensionisten\\\/wp-content\\\/uploads\\\/sites\\\/10\\\/2021\\\/07\\\/Geburtstag_adobestock.jpg\",\"contentUrl\":\"https:\\\/\\\/blog.vida.at\\\/pensionisten\\\/wp-content\\\/uploads\\\/sites\\\/10\\\/2021\\\/07\\\/Geburtstag_adobestock.jpg\",\"width\":898,\"height\":607},{\"@type\":\"BreadcrumbList\",\"@id\":\"https:\\\/\\\/blog.vida.at\\\/pensionisten\\\/2025\\\/11\\\/17\\\/wir-gratulieren-zum-geburtstag-2\\\/#breadcrumb\",\"itemListElement\":[{\"@type\":\"ListItem\",\"position\":1,\"name\":\"Startseite\",\"item\":\"https:\\\/\\\/blog.vida.at\\\/pensionisten\\\/\"},{\"@type\":\"ListItem\",\"position\":2,\"name\":\"Wir gratulieren zum Geburtstag\"}]},{\"@type\":\"WebSite\",\"@id\":\"https:\\\/\\\/blog.vida.at\\\/pensionisten\\\/#website\",\"url\":\"https:\\\/\\\/blog.vida.at\\\/pensionisten\\\/\",\"name\":\"vida Pensionisten\",\"description\":\"\",\"potentialAction\":[{\"@type\":\"SearchAction\",\"target\":{\"@type\":\"EntryPoint\",\"urlTemplate\":\"https:\\\/\\\/blog.vida.at\\\/pensionisten\\\/?s={search_term_string}\"},\"query-input\":{\"@type\":\"PropertyValueSpecification\",\"valueRequired\":true,\"valueName\":\"search_term_string\"}}],\"inLanguage\":\"de\"},{\"@type\":\"Person\",\"@id\":\"https:\\\/\\\/blog.vida.at\\\/pensionisten\\\/#\\\/schema\\\/person\\\/88cee3ee93b9afdc51c92f5f63f38b8a\",\"name\":\"mariontobola\",\"image\":{\"@type\":\"ImageObject\",\"inLanguage\":\"de\",\"@id\":\"https:\\\/\\\/secure.gravatar.com\\\/avatar\\\/5d2c516985e4eda61bca05bd3b4359b4358135bd1e1a5b08c539e9cd1edd6528?s=96&d=mm&r=g\",\"url\":\"https:\\\/\\\/secure.gravatar.com\\\/avatar\\\/5d2c516985e4eda61bca05bd3b4359b4358135bd1e1a5b08c539e9cd1edd6528?s=96&d=mm&r=g\",\"contentUrl\":\"https:\\\/\\\/secure.gravatar.com\\\/avatar\\\/5d2c516985e4eda61bca05bd3b4359b4358135bd1e1a5b08c539e9cd1edd6528?s=96&d=mm&r=g\",\"caption\":\"mariontobola\"},\"url\":\"https:\\\/\\\/blog.vida.at\\\/pensionisten\\\/author\\\/mariontobola\\\/\"}]}<\/script>\n<!-- \/ Yoast SEO plugin. -->","yoast_head_json":{"title":"Wir gratulieren zum Geburtstag","robots":{"index":"index","follow":"follow","max-snippet":"max-snippet:-1","max-image-preview":"max-image-preview:large","max-video-preview":"max-video-preview:-1"},"canonical":"https:\/\/blog.vida.at\/pensionisten\/2025\/11\/17\/wir-gratulieren-zum-geburtstag-2\/","og_locale":"de_DE","og_type":"article","og_title":"Wir gratulieren zum Geburtstag","og_description":"Die vida-Ortsgruppe OG 52 &#8211; KWD gratuliert den Jubilaren vom ganzen Herzen.","og_url":"https:\/\/blog.vida.at\/pensionisten\/2025\/11\/17\/wir-gratulieren-zum-geburtstag-2\/","og_site_name":"vida Pensionisten","article_published_time":"2025-11-17T11:37:41+00:00","article_modified_time":"2025-11-17T11:38:37+00:00","og_image":[{"width":898,"height":607,"url":"https:\/\/blog.vida.at\/pensionisten\/wp-content\/uploads\/sites\/10\/2021\/07\/Geburtstag_adobestock.jpg","type":"image\/jpeg"}],"author":"mariontobola","twitter_card":"summary_large_image","twitter_misc":{"Verfasst von":"mariontobola","Gesch\u00e4tzte Lesezeit":"1\u00a0Minute"},"schema":{"@context":"https:\/\/schema.org","@graph":[{"@type":"Article","@id":"https:\/\/blog.vida.at\/pensionisten\/2025\/11\/17\/wir-gratulieren-zum-geburtstag-2\/#article","isPartOf":{"@id":"https:\/\/blog.vida.at\/pensionisten\/2025\/11\/17\/wir-gratulieren-zum-geburtstag-2\/"},"author":{"name":"mariontobola","@id":"https:\/\/blog.vida.at\/pensionisten\/#\/schema\/person\/88cee3ee93b9afdc51c92f5f63f38b8a"},"headline":"Wir gratulieren zum Geburtstag","datePublished":"2025-11-17T11:37:41+00:00","dateModified":"2025-11-17T11:38:37+00:00","mainEntityOfPage":{"@id":"https:\/\/blog.vida.at\/pensionisten\/2025\/11\/17\/wir-gratulieren-zum-geburtstag-2\/"},"wordCount":93,"commentCount":0,"image":{"@id":"https:\/\/blog.vida.at\/pensionisten\/2025\/11\/17\/wir-gratulieren-zum-geburtstag-2\/#primaryimage"},"thumbnailUrl":"https:\/\/blog.vida.at\/pensionisten\/wp-content\/uploads\/sites\/10\/2021\/07\/Geburtstag_adobestock.jpg","articleSection":{"1":"Ortsgruppen","2":"Steiermark"},"inLanguage":"de","potentialAction":[{"@type":"CommentAction","name":"Comment","target":["https:\/\/blog.vida.at\/pensionisten\/2025\/11\/17\/wir-gratulieren-zum-geburtstag-2\/#respond"]}]},{"@type":"WebPage","@id":"https:\/\/blog.vida.at\/pensionisten\/2025\/11\/17\/wir-gratulieren-zum-geburtstag-2\/","url":"https:\/\/blog.vida.at\/pensionisten\/2025\/11\/17\/wir-gratulieren-zum-geburtstag-2\/","name":"Wir gratulieren zum Geburtstag","isPartOf":{"@id":"https:\/\/blog.vida.at\/pensionisten\/#website"},"primaryImageOfPage":{"@id":"https:\/\/blog.vida.at\/pensionisten\/2025\/11\/17\/wir-gratulieren-zum-geburtstag-2\/#primaryimage"},"image":{"@id":"https:\/\/blog.vida.at\/pensionisten\/2025\/11\/17\/wir-gratulieren-zum-geburtstag-2\/#primaryimage"},"thumbnailUrl":"https:\/\/blog.vida.at\/pensionisten\/wp-content\/uploads\/sites\/10\/2021\/07\/Geburtstag_adobestock.jpg","datePublished":"2025-11-17T11:37:41+00:00","dateModified":"2025-11-17T11:38:37+00:00","author":{"@id":"https:\/\/blog.vida.at\/pensionisten\/#\/schema\/person\/88cee3ee93b9afdc51c92f5f63f38b8a"},"breadcrumb":{"@id":"https:\/\/blog.vida.at\/pensionisten\/2025\/11\/17\/wir-gratulieren-zum-geburtstag-2\/#breadcrumb"},"inLanguage":"de","potentialAction":[{"@type":"ReadAction","target":["https:\/\/blog.vida.at\/pensionisten\/2025\/11\/17\/wir-gratulieren-zum-geburtstag-2\/"]}]},{"@type":"ImageObject","inLanguage":"de","@id":"https:\/\/blog.vida.at\/pensionisten\/2025\/11\/17\/wir-gratulieren-zum-geburtstag-2\/#primaryimage","url":"https:\/\/blog.vida.at\/pensionisten\/wp-content\/uploads\/sites\/10\/2021\/07\/Geburtstag_adobestock.jpg","contentUrl":"https:\/\/blog.vida.at\/pensionisten\/wp-content\/uploads\/sites\/10\/2021\/07\/Geburtstag_adobestock.jpg","width":898,"height":607},{"@type":"BreadcrumbList","@id":"https:\/\/blog.vida.at\/pensionisten\/2025\/11\/17\/wir-gratulieren-zum-geburtstag-2\/#breadcrumb","itemListElement":[{"@type":"ListItem","position":1,"name":"Startseite","item":"https:\/\/blog.vida.at\/pensionisten\/"},{"@type":"ListItem","position":2,"name":"Wir gratulieren zum Geburtstag"}]},{"@type":"WebSite","@id":"https:\/\/blog.vida.at\/pensionisten\/#website","url":"https:\/\/blog.vida.at\/pensionisten\/","name":"vida Pensionisten","description":"","potentialAction":[{"@type":"SearchAction","target":{"@type":"EntryPoint","urlTemplate":"https:\/\/blog.vida.at\/pensionisten\/?s={search_term_string}"},"query-input":{"@type":"PropertyValueSpecification","valueRequired":true,"valueName":"search_term_string"}}],"inLanguage":"de"},{"@type":"Person","@id":"https:\/\/blog.vida.at\/pensionisten\/#\/schema\/person\/88cee3ee93b9afdc51c92f5f63f38b8a","name":"mariontobola","image":{"@type":"ImageObject","inLanguage":"de","@id":"https:\/\/secure.gravatar.com\/avatar\/5d2c516985e4eda61bca05bd3b4359b4358135bd1e1a5b08c539e9cd1edd6528?s=96&d=mm&r=g","url":"https:\/\/secure.gravatar.com\/avatar\/5d2c516985e4eda61bca05bd3b4359b4358135bd1e1a5b08c539e9cd1edd6528?s=96&d=mm&r=g","contentUrl":"https:\/\/secure.gravatar.com\/avatar\/5d2c516985e4eda61bca05bd3b4359b4358135bd1e1a5b08c539e9cd1edd6528?s=96&d=mm&r=g","caption":"mariontobola"},"url":"https:\/\/blog.vida.at\/pensionisten\/author\/mariontobola\/"}]}},"author_meta":{"display_name":"mariontobola","author_link":"https:\/\/blog.vida.at\/pensionisten\/author\/mariontobola\/"},"featured_img":"https:\/\/blog.vida.at\/pensionisten\/wp-content\/uploads\/sites\/10\/2021\/07\/Geburtstag_adobestock-300x203.jpg","featured_image_src":"https:\/\/blog.vida.at\/pensionisten\/wp-content\/uploads\/sites\/10\/2021\/07\/Geburtstag_adobestock-600x400.jpg","featured_image_src_square":"https:\/\/blog.vida.at\/pensionisten\/wp-content\/uploads\/sites\/10\/2021\/07\/Geburtstag_adobestock-600x600.jpg","uagb_featured_image_src":{"full":["https:\/\/blog.vida.at\/pensionisten\/wp-content\/uploads\/sites\/10\/2021\/07\/Geburtstag_adobestock.jpg",898,607,false],"thumbnail":["https:\/\/blog.vida.at\/pensionisten\/wp-content\/uploads\/sites\/10\/2021\/07\/Geburtstag_adobestock-150x150.jpg",150,150,true],"medium":["https:\/\/blog.vida.at\/pensionisten\/wp-content\/uploads\/sites\/10\/2021\/07\/Geburtstag_adobestock-300x203.jpg",300,203,true],"medium_large":["https:\/\/blog.vida.at\/pensionisten\/wp-content\/uploads\/sites\/10\/2021\/07\/Geburtstag_adobestock-768x519.jpg",640,433,true],"large":["https:\/\/blog.vida.at\/pensionisten\/wp-content\/uploads\/sites\/10\/2021\/07\/Geburtstag_adobestock.jpg",640,433,false],"1536x1536":["https:\/\/blog.vida.at\/pensionisten\/wp-content\/uploads\/sites\/10\/2021\/07\/Geburtstag_adobestock.jpg",898,607,false],"2048x2048":["https:\/\/blog.vida.at\/pensionisten\/wp-content\/uploads\/sites\/10\/2021\/07\/Geburtstag_adobestock.jpg",898,607,false],"ab-block-post-grid-landscape":["https:\/\/blog.vida.at\/pensionisten\/wp-content\/uploads\/sites\/10\/2021\/07\/Geburtstag_adobestock-600x400.jpg",600,400,true],"ab-block-post-grid-square":["https:\/\/blog.vida.at\/pensionisten\/wp-content\/uploads\/sites\/10\/2021\/07\/Geburtstag_adobestock-600x600.jpg",600,600,true],"post-thumbnail":["https:\/\/blog.vida.at\/pensionisten\/wp-content\/uploads\/sites\/10\/2021\/07\/Geburtstag_adobestock.jpg",898,607,false],"awb_sm":["https:\/\/blog.vida.at\/pensionisten\/wp-content\/uploads\/sites\/10\/2021\/07\/Geburtstag_adobestock-500x338.jpg",500,338,true],"awb_md":["https:\/\/blog.vida.at\/pensionisten\/wp-content\/uploads\/sites\/10\/2021\/07\/Geburtstag_adobestock-800x541.jpg",800,541,true],"awb_lg":["https:\/\/blog.vida.at\/pensionisten\/wp-content\/uploads\/sites\/10\/2021\/07\/Geburtstag_adobestock.jpg",898,607,false],"awb_xl":["https:\/\/blog.vida.at\/pensionisten\/wp-content\/uploads\/sites\/10\/2021\/07\/Geburtstag_adobestock.jpg",898,607,false]},"uagb_author_info":{"display_name":"mariontobola","author_link":"https:\/\/blog.vida.at\/pensionisten\/author\/mariontobola\/"},"uagb_comment_info":0,"uagb_excerpt":"Die vida-Ortsgruppe OG 52 &#8211; KWD gratuliert den Jubilaren vom ganzen Herzen.","coauthors":[],"tax_additional":{"categories":{"linked":["<a href=\"https:\/\/blog.vida.at\/pensionisten\/category\/allgemein\/\" class=\"advgb-post-tax-term\">Allgemein<\/a>","<a href=\"https:\/\/blog.vida.at\/pensionisten\/category\/ortsgruppen\/\" class=\"advgb-post-tax-term\">Ortsgruppen<\/a>","<a href=\"https:\/\/blog.vida.at\/pensionisten\/category\/ortsgruppen\/steiermark\/\" class=\"advgb-post-tax-term\">Steiermark<\/a>"],"unlinked":["<span class=\"advgb-post-tax-term\">Allgemein<\/span>","<span class=\"advgb-post-tax-term\">Ortsgruppen<\/span>","<span class=\"advgb-post-tax-term\">Steiermark<\/span>"]}},"comment_count":"0","relative_dates":{"created":"Ver\u00f6ffentlicht 5\u00a0Monaten vor","modified":"Aktualisiert 5\u00a0Monaten vor"},"absolute_dates":{"created":"Ver\u00f6ffentlicht am 17. November 2025","modified":"Aktualisiert am 17. November 2025"},"absolute_dates_time":{"created":"Ver\u00f6ffentlicht am 17. November 2025 12:37","modified":"Aktualisiert am 17. November 2025 12:38"},"featured_img_caption":"","series_order":"","_links":{"self":[{"href":"https:\/\/blog.vida.at\/pensionisten\/wp-json\/wp\/v2\/posts\/12204","targetHints":{"allow":["GET"]}}],"collection":[{"href":"https:\/\/blog.vida.at\/pensionisten\/wp-json\/wp\/v2\/posts"}],"about":[{"href":"https:\/\/blog.vida.at\/pensionisten\/wp-json\/wp\/v2\/types\/post"}],"author":[{"embeddable":true,"href":"https:\/\/blog.vida.at\/pensionisten\/wp-json\/wp\/v2\/users\/8"}],"replies":[{"embeddable":true,"href":"https:\/\/blog.vida.at\/pensionisten\/wp-json\/wp\/v2\/comments?post=12204"}],"version-history":[{"count":3,"href":"https:\/\/blog.vida.at\/pensionisten\/wp-json\/wp\/v2\/posts\/12204\/revisions"}],"predecessor-version":[{"id":12208,"href":"https:\/\/blog.vida.at\/pensionisten\/wp-json\/wp\/v2\/posts\/12204\/revisions\/12208"}],"wp:featuredmedia":[{"embeddable":true,"href":"https:\/\/blog.vida.at\/pensionisten\/wp-json\/wp\/v2\/media\/2689"}],"wp:attachment":[{"href":"https:\/\/blog.vida.at\/pensionisten\/wp-json\/wp\/v2\/media?parent=12204"}],"wp:term":[{"taxonomy":"category","embeddable":true,"href":"https:\/\/blog.vida.at\/pensionisten\/wp-json\/wp\/v2\/categories?post=12204"},{"taxonomy":"post_tag","embeddable":true,"href":"https:\/\/blog.vida.at\/pensionisten\/wp-json\/wp\/v2\/tags?post=12204"},{"taxonomy":"Orte","embeddable":true,"href":"https:\/\/blog.vida.at\/pensionisten\/wp-json\/wp\/v2\/Orte?post=12204"},{"taxonomy":"activitytype","embeddable":true,"href":"https:\/\/blog.vida.at\/pensionisten\/wp-json\/wp\/v2\/activitytype?post=12204"}],"curies":[{"name":"wp","href":"https:\/\/api.w.org\/{rel}","templated":true}]}}