
{"id":12546,"date":"2026-02-26T08:55:37","date_gmt":"2026-02-26T07:55:37","guid":{"rendered":"https:\/\/blog.vida.at\/pensionisten\/?p=12546"},"modified":"2026-02-26T09:01:55","modified_gmt":"2026-02-26T08:01:55","slug":"altern-mit-zukunft","status":"publish","type":"post","link":"https:\/\/blog.vida.at\/pensionisten\/2026\/02\/26\/altern-mit-zukunft\/","title":{"rendered":"Altern mit Zukunft"},"content":{"rendered":"\n<div class=\"wp-block-group Container\"><div class=\"wp-block-group__inner-container is-layout-flow wp-block-group-is-layout-flow\">\n<p><strong>Fit &#8211; mach mit: F\u00fcr K\u00f6rper &amp; Geist<\/strong><\/p>\n\n\n\n<p><strong>BVAEB Gesundheitsf\u00f6rderung \u2013 Angebote und Termine 2026.<\/strong><\/p>\n\n\n\n<!--more-->\n\n\n\n<p>Mit dem Ende des Berufslebens beginnt ein neuer, spannender Lebensabschnitt \u2013 voller Freiheiten und M\u00f6glichkeiten. Pl\u00f6tzlich hast du mehr Zeit: Zeit f\u00fcr dich selbst, f\u00fcr deine Familie, f\u00fcr Reisen, Hobbys oder neue Vorhaben. <strong>Ganz gleich, wie du deinen Ruhestand gestalten m\u00f6chtest \u2013 eines ist dabei besonders wichtig: auf die k\u00f6rperliche und geistige Fitness zu achten.<\/strong><\/p>\n\n\n\n<figure class=\"wp-block-image size-full\"><a href=\"https:\/\/www.bvaeb.at\/cdscontent\/?contentid=10007.840453&amp;portal=bvaebbportal\" target=\"_blank\" rel=\" noreferrer noopener\"><img loading=\"lazy\" decoding=\"async\" width=\"563\" height=\"375\" src=\"https:\/\/blog.vida.at\/pensionisten\/wp-content\/uploads\/sites\/10\/2021\/09\/bvaeb3_2.png\" alt=\"\" class=\"wp-image-2955\" srcset=\"https:\/\/blog.vida.at\/pensionisten\/wp-content\/uploads\/sites\/10\/2021\/09\/bvaeb3_2.png 563w, https:\/\/blog.vida.at\/pensionisten\/wp-content\/uploads\/sites\/10\/2021\/09\/bvaeb3_2-300x200.png 300w, https:\/\/blog.vida.at\/pensionisten\/wp-content\/uploads\/sites\/10\/2021\/09\/bvaeb3_2-500x333.png 500w\" sizes=\"auto, (max-width: 563px) 100vw, 563px\" \/><\/a><\/figure>\n\n\n\n<p><strong>Der BVAEB liegt deine Gesundheit am Herzen. Deshalb bietet die BVAEB unter der neuen Dachmarke \u201eAltern mit Zukunft\u201c kostenfreie Module und Kursreihen an. <\/strong>Diese wurden speziell f\u00fcr die Bed\u00fcrfnisse von Senior:innen entwickelt: praxisnah, alltagstauglich und motivierend.<\/p>\n\n\n\n<p><strong>Expert:innen vermitteln verst\u00e4ndlich aufbereitetes Wissen und zeigen mit einfachen Tipps<\/strong>, wie schon kleine Ver\u00e4nderungen gro\u00dfe Wirkung erzielen k\u00f6nnen \u2013 f\u00fcr mehr Wohlbefinden, Mobilit\u00e4t und Lebensfreude.<\/p>\n\n\n\n<p><strong>Neugierig? Dann informiere dich \u00fcber die Angebote der BVAEB!<\/strong> <\/p>\n\n\n\n<p>Schicke ein E-Mail oder f\u00fclle das Kontaktformular aus auf der Internetseite <a href=\"http:\/\/www.bvaeb.at\/aktivimalter\" target=\"_blank\" rel=\"noreferrer noopener\"><strong>www.bvaeb.at\/aktivimalter<\/strong><\/a><strong>\u00a0<\/strong><\/p>\n\n\n\n<hr class=\"wp-block-separator has-alpha-channel-opacity is-style-wide\" \/>\n\n\n\n<p><strong><mark style=\"color:#f70000\" class=\"has-inline-color\"><strong>Online fit und informiert: \u201eBVAEB bewegt\u201c &amp; \u201eBVAEB INFOrmiert\u201c<\/strong><\/mark><\/strong><\/p>\n\n\n\n<p><strong>Wer lieber von zu Hause aus f\u00fcr seine Gesundheit t\u00e4tig werden m\u00f6chte, findet in den beiden Online-Reihen \u201eBVAEB bewegt\u201c und \u201eBVAEB INFOrmiert\u201c die idealen M\u00f6glichkeiten.<\/strong><\/p>\n\n\n\n<p><strong>\u201eBVAEB bewegt\u201c<\/strong> richtet sich an alle, die ihre k\u00f6rperliche Fitness st\u00e4rken m\u00f6chten. Kurze, gut umsetzbare Online-Einheiten zeigen \u00dcbungen zur Mobilisation, zu Kraft und Gleichgewicht. Das Training ist besonders f\u00fcr Bewegungseinsteiger:innen geeignet und kommt ganz ohne Ger\u00e4te aus. Die Einheiten werden live \u00fcbertragen.<\/p>\n\n\n\n<p><strong>\u201eBVAEB INFOrmiert\u201c <\/strong>bietet erg\u00e4nzend dazu spannende Online-Vortr\u00e4ge rund um aktuelle Gesundheitsthemen. Die Vortr\u00e4ge sind leicht verst\u00e4ndlich aufbereitet und bieten viel Raum f\u00fcr praktische Tipps, die sich sofort umsetzen lassen.<\/p>\n\n\n\n<p><strong><mark style=\"color:#fc0000\" class=\"has-inline-color\">Termine und Link &#8211; mach mit:<\/mark><\/strong><\/p>\n\n\n\n<p><strong>BVAEB bewegt<\/strong><\/p>\n\n\n\n<ul class=\"wp-block-list\">\n<li>24.03.2026 von 08:30 bis 09:00 Uhr<\/li>\n\n\n\n<li>21.04.2026 von 08:30 bis 09:00 Uhr<\/li>\n<\/ul>\n\n\n\n<p><strong>BVAEB INFOrmiert<\/strong><\/p>\n\n\n\n<ul class=\"wp-block-list\">\n<li>05.03.2026 von 10:00 bis 11:30 Uhr<\/li>\n\n\n\n<li>09.04.2026 von 10:00 bis 11:30 Uhr<\/li>\n<\/ul>\n\n\n\n<p><strong>Mach mit &#8211; klicke zum Termin den Live-Link:<\/strong> <a href=\"https:\/\/seniorinnen.bvaeb.live\" target=\"_blank\" rel=\"noreferrer noopener\"><strong>https:\/\/seniorinnen.bvaeb.live<\/strong><\/a><\/p>\n\n\n\n<figure class=\"wp-block-image size-large\"><img loading=\"lazy\" decoding=\"async\" width=\"1024\" height=\"683\" src=\"https:\/\/blog.vida.at\/pensionisten\/wp-content\/uploads\/sites\/10\/2026\/02\/Bewegung_Senioren_BVAEB-1024x683.png\" alt=\"\" class=\"wp-image-12547\" srcset=\"https:\/\/blog.vida.at\/pensionisten\/wp-content\/uploads\/sites\/10\/2026\/02\/Bewegung_Senioren_BVAEB-1024x683.png 1024w, https:\/\/blog.vida.at\/pensionisten\/wp-content\/uploads\/sites\/10\/2026\/02\/Bewegung_Senioren_BVAEB-300x200.png 300w, https:\/\/blog.vida.at\/pensionisten\/wp-content\/uploads\/sites\/10\/2026\/02\/Bewegung_Senioren_BVAEB-768x512.png 768w, https:\/\/blog.vida.at\/pensionisten\/wp-content\/uploads\/sites\/10\/2026\/02\/Bewegung_Senioren_BVAEB-1536x1024.png 1536w, https:\/\/blog.vida.at\/pensionisten\/wp-content\/uploads\/sites\/10\/2026\/02\/Bewegung_Senioren_BVAEB-600x400.png 600w, https:\/\/blog.vida.at\/pensionisten\/wp-content\/uploads\/sites\/10\/2026\/02\/Bewegung_Senioren_BVAEB-1568x1045.png 1568w, https:\/\/blog.vida.at\/pensionisten\/wp-content\/uploads\/sites\/10\/2026\/02\/Bewegung_Senioren_BVAEB-500x333.png 500w, https:\/\/blog.vida.at\/pensionisten\/wp-content\/uploads\/sites\/10\/2026\/02\/Bewegung_Senioren_BVAEB-800x533.png 800w, https:\/\/blog.vida.at\/pensionisten\/wp-content\/uploads\/sites\/10\/2026\/02\/Bewegung_Senioren_BVAEB-1280x853.png 1280w, https:\/\/blog.vida.at\/pensionisten\/wp-content\/uploads\/sites\/10\/2026\/02\/Bewegung_Senioren_BVAEB.png 1620w\" sizes=\"auto, (max-width: 1024px) 100vw, 1024px\" \/><\/figure>\n\n\n\n<p><\/p>\n\n\n\n<p><\/p>\n<\/div><\/div>\n","protected":false},"excerpt":{"rendered":"<p>Fit &#8211; mach mit: F\u00fcr K\u00f6rper &amp; Geist BVAEB Gesundheitsf\u00f6rderung \u2013 Angebote und Termine 2026.<\/p>\n","protected":false},"author":8,"featured_media":12547,"comment_status":"open","ping_status":"open","sticky":false,"template":"","format":"standard","meta":{"_uag_custom_page_level_css":"","advgb_blocks_editor_width":"","advgb_blocks_columns_visual_guide":"","footnotes":""},"categories":[4,1,96,32],"tags":[],"Orte":[],"activitytype":[],"class_list":["post-12546","post","type-post","status-publish","format-standard","has-post-thumbnail","hentry","category-aktuelles","category-allgemein","category-gesundheitsangebote","category-top-aktuelles","entry"],"featured_image_urls":{"full":["https:\/\/blog.vida.at\/pensionisten\/wp-content\/uploads\/sites\/10\/2026\/02\/Bewegung_Senioren_BVAEB.png",1620,1080,false],"thumbnail":["https:\/\/blog.vida.at\/pensionisten\/wp-content\/uploads\/sites\/10\/2026\/02\/Bewegung_Senioren_BVAEB-150x150.png",150,150,true],"medium":["https:\/\/blog.vida.at\/pensionisten\/wp-content\/uploads\/sites\/10\/2026\/02\/Bewegung_Senioren_BVAEB-300x200.png",300,200,true],"medium_large":["https:\/\/blog.vida.at\/pensionisten\/wp-content\/uploads\/sites\/10\/2026\/02\/Bewegung_Senioren_BVAEB-768x512.png",640,427,true],"large":["https:\/\/blog.vida.at\/pensionisten\/wp-content\/uploads\/sites\/10\/2026\/02\/Bewegung_Senioren_BVAEB-1024x683.png",640,427,true],"1536x1536":["https:\/\/blog.vida.at\/pensionisten\/wp-content\/uploads\/sites\/10\/2026\/02\/Bewegung_Senioren_BVAEB-1536x1024.png",1536,1024,true],"2048x2048":["https:\/\/blog.vida.at\/pensionisten\/wp-content\/uploads\/sites\/10\/2026\/02\/Bewegung_Senioren_BVAEB.png",1620,1080,false],"ab-block-post-grid-landscape":["https:\/\/blog.vida.at\/pensionisten\/wp-content\/uploads\/sites\/10\/2026\/02\/Bewegung_Senioren_BVAEB-600x400.png",600,400,true],"ab-block-post-grid-square":["https:\/\/blog.vida.at\/pensionisten\/wp-content\/uploads\/sites\/10\/2026\/02\/Bewegung_Senioren_BVAEB-600x600.png",600,600,true],"post-thumbnail":["https:\/\/blog.vida.at\/pensionisten\/wp-content\/uploads\/sites\/10\/2026\/02\/Bewegung_Senioren_BVAEB-1568x1045.png",1568,1045,true],"awb_sm":["https:\/\/blog.vida.at\/pensionisten\/wp-content\/uploads\/sites\/10\/2026\/02\/Bewegung_Senioren_BVAEB-500x333.png",500,333,true],"awb_md":["https:\/\/blog.vida.at\/pensionisten\/wp-content\/uploads\/sites\/10\/2026\/02\/Bewegung_Senioren_BVAEB-800x533.png",800,533,true],"awb_lg":["https:\/\/blog.vida.at\/pensionisten\/wp-content\/uploads\/sites\/10\/2026\/02\/Bewegung_Senioren_BVAEB-1280x853.png",1280,853,true],"awb_xl":["https:\/\/blog.vida.at\/pensionisten\/wp-content\/uploads\/sites\/10\/2026\/02\/Bewegung_Senioren_BVAEB.png",1620,1080,false]},"post_excerpt_stackable":"<p>Fit &#8211; mach mit: F\u00fcr K\u00f6rper &amp; Geist BVAEB Gesundheitsf\u00f6rderung \u2013 Angebote und Termine 2026. Mit dem Ende des Berufslebens beginnt ein neuer, spannender Lebensabschnitt \u2013 voller Freiheiten und M\u00f6glichkeiten. Pl\u00f6tzlich hast du mehr Zeit: Zeit f\u00fcr dich selbst, f\u00fcr deine Familie, f\u00fcr Reisen, Hobbys oder neue Vorhaben. Ganz gleich, wie du deinen Ruhestand gestalten m\u00f6chtest \u2013 eines ist dabei besonders wichtig: auf die k\u00f6rperliche und geistige Fitness zu achten. Der BVAEB liegt deine Gesundheit am Herzen. Deshalb bietet die BVAEB unter der neuen Dachmarke \u201eAltern mit Zukunft\u201c kostenfreie Module und Kursreihen an. Diese wurden speziell f\u00fcr die Bed\u00fcrfnisse von&hellip;<\/p>\n","category_list":"<a href=\"https:\/\/blog.vida.at\/pensionisten\/category\/aktuelles\/\" rel=\"category tag\">Aktuelles<\/a>, <a href=\"https:\/\/blog.vida.at\/pensionisten\/category\/allgemein\/\" rel=\"category tag\">Allgemein<\/a>, <a href=\"https:\/\/blog.vida.at\/pensionisten\/category\/gesundheitsangebote\/\" rel=\"category tag\">Gesundheitsangebote<\/a>, <a href=\"https:\/\/blog.vida.at\/pensionisten\/category\/top-aktuelles\/\" rel=\"category tag\">Top Aktuelles<\/a>","author_info":{"display_name":"mariontobola","author_link":"https:\/\/blog.vida.at\/pensionisten\/author\/mariontobola\/"},"comments_num":"0 comments","featured_image_urls_v2":{"full":["https:\/\/blog.vida.at\/pensionisten\/wp-content\/uploads\/sites\/10\/2026\/02\/Bewegung_Senioren_BVAEB.png",1620,1080,false],"thumbnail":["https:\/\/blog.vida.at\/pensionisten\/wp-content\/uploads\/sites\/10\/2026\/02\/Bewegung_Senioren_BVAEB-150x150.png",150,150,true],"medium":["https:\/\/blog.vida.at\/pensionisten\/wp-content\/uploads\/sites\/10\/2026\/02\/Bewegung_Senioren_BVAEB-300x200.png",300,200,true],"medium_large":["https:\/\/blog.vida.at\/pensionisten\/wp-content\/uploads\/sites\/10\/2026\/02\/Bewegung_Senioren_BVAEB-768x512.png",640,427,true],"large":["https:\/\/blog.vida.at\/pensionisten\/wp-content\/uploads\/sites\/10\/2026\/02\/Bewegung_Senioren_BVAEB-1024x683.png",640,427,true],"1536x1536":["https:\/\/blog.vida.at\/pensionisten\/wp-content\/uploads\/sites\/10\/2026\/02\/Bewegung_Senioren_BVAEB-1536x1024.png",1536,1024,true],"2048x2048":["https:\/\/blog.vida.at\/pensionisten\/wp-content\/uploads\/sites\/10\/2026\/02\/Bewegung_Senioren_BVAEB.png",1620,1080,false],"ab-block-post-grid-landscape":["https:\/\/blog.vida.at\/pensionisten\/wp-content\/uploads\/sites\/10\/2026\/02\/Bewegung_Senioren_BVAEB-600x400.png",600,400,true],"ab-block-post-grid-square":["https:\/\/blog.vida.at\/pensionisten\/wp-content\/uploads\/sites\/10\/2026\/02\/Bewegung_Senioren_BVAEB-600x600.png",600,600,true],"post-thumbnail":["https:\/\/blog.vida.at\/pensionisten\/wp-content\/uploads\/sites\/10\/2026\/02\/Bewegung_Senioren_BVAEB-1568x1045.png",1568,1045,true],"awb_sm":["https:\/\/blog.vida.at\/pensionisten\/wp-content\/uploads\/sites\/10\/2026\/02\/Bewegung_Senioren_BVAEB-500x333.png",500,333,true],"awb_md":["https:\/\/blog.vida.at\/pensionisten\/wp-content\/uploads\/sites\/10\/2026\/02\/Bewegung_Senioren_BVAEB-800x533.png",800,533,true],"awb_lg":["https:\/\/blog.vida.at\/pensionisten\/wp-content\/uploads\/sites\/10\/2026\/02\/Bewegung_Senioren_BVAEB-1280x853.png",1280,853,true],"awb_xl":["https:\/\/blog.vida.at\/pensionisten\/wp-content\/uploads\/sites\/10\/2026\/02\/Bewegung_Senioren_BVAEB.png",1620,1080,false]},"post_excerpt_stackable_v2":"<p>Fit &#8211; mach mit: F\u00fcr K\u00f6rper &amp; Geist BVAEB Gesundheitsf\u00f6rderung \u2013 Angebote und Termine 2026. Mit dem Ende des Berufslebens beginnt ein neuer, spannender Lebensabschnitt \u2013 voller Freiheiten und M\u00f6glichkeiten. Pl\u00f6tzlich hast du mehr Zeit: Zeit f\u00fcr dich selbst, f\u00fcr deine Familie, f\u00fcr Reisen, Hobbys oder neue Vorhaben. Ganz gleich, wie du deinen Ruhestand gestalten m\u00f6chtest \u2013 eines ist dabei besonders wichtig: auf die k\u00f6rperliche und geistige Fitness zu achten. Der BVAEB liegt deine Gesundheit am Herzen. Deshalb bietet die BVAEB unter der neuen Dachmarke \u201eAltern mit Zukunft\u201c kostenfreie Module und Kursreihen an. Diese wurden speziell f\u00fcr die Bed\u00fcrfnisse von&hellip;<\/p>\n","category_list_v2":"<a href=\"https:\/\/blog.vida.at\/pensionisten\/category\/aktuelles\/\" rel=\"category tag\">Aktuelles<\/a>, <a href=\"https:\/\/blog.vida.at\/pensionisten\/category\/allgemein\/\" rel=\"category tag\">Allgemein<\/a>, <a href=\"https:\/\/blog.vida.at\/pensionisten\/category\/gesundheitsangebote\/\" rel=\"category tag\">Gesundheitsangebote<\/a>, <a href=\"https:\/\/blog.vida.at\/pensionisten\/category\/top-aktuelles\/\" rel=\"category tag\">Top Aktuelles<\/a>","author_info_v2":{"name":"mariontobola","url":"https:\/\/blog.vida.at\/pensionisten\/author\/mariontobola\/"},"comments_num_v2":"0 comments","yoast_head":"<!-- This site is optimized with the Yoast SEO plugin v27.3 - https:\/\/yoast.com\/product\/yoast-seo-wordpress\/ -->\n<title>Altern mit Zukunft<\/title>\n<meta name=\"robots\" content=\"index, follow, max-snippet:-1, max-image-preview:large, max-video-preview:-1\" \/>\n<link rel=\"canonical\" href=\"https:\/\/blog.vida.at\/pensionisten\/2026\/02\/26\/altern-mit-zukunft\/\" \/>\n<meta property=\"og:locale\" content=\"de_DE\" \/>\n<meta property=\"og:type\" content=\"article\" \/>\n<meta property=\"og:title\" content=\"Altern mit Zukunft\" \/>\n<meta property=\"og:description\" content=\"Fit &#8211; mach mit: F\u00fcr K\u00f6rper &amp; Geist BVAEB Gesundheitsf\u00f6rderung \u2013 Angebote und Termine 2026.\" \/>\n<meta property=\"og:url\" content=\"https:\/\/blog.vida.at\/pensionisten\/2026\/02\/26\/altern-mit-zukunft\/\" \/>\n<meta property=\"og:site_name\" content=\"vida Pensionisten\" \/>\n<meta property=\"article:published_time\" content=\"2026-02-26T07:55:37+00:00\" \/>\n<meta property=\"article:modified_time\" content=\"2026-02-26T08:01:55+00:00\" \/>\n<meta property=\"og:image\" content=\"https:\/\/blog.vida.at\/pensionisten\/wp-content\/uploads\/sites\/10\/2026\/02\/Bewegung_Senioren_BVAEB.png\" \/>\n\t<meta property=\"og:image:width\" content=\"1620\" \/>\n\t<meta property=\"og:image:height\" content=\"1080\" \/>\n\t<meta property=\"og:image:type\" content=\"image\/png\" \/>\n<meta name=\"author\" content=\"mariontobola\" \/>\n<meta name=\"twitter:card\" content=\"summary_large_image\" \/>\n<meta name=\"twitter:label1\" content=\"Verfasst von\" \/>\n\t<meta name=\"twitter:data1\" content=\"mariontobola\" \/>\n\t<meta name=\"twitter:label2\" content=\"Gesch\u00e4tzte Lesezeit\" \/>\n\t<meta name=\"twitter:data2\" content=\"3\u00a0Minuten\" \/>\n<script type=\"application\/ld+json\" class=\"yoast-schema-graph\">{\"@context\":\"https:\\\/\\\/schema.org\",\"@graph\":[{\"@type\":\"Article\",\"@id\":\"https:\\\/\\\/blog.vida.at\\\/pensionisten\\\/2026\\\/02\\\/26\\\/altern-mit-zukunft\\\/#article\",\"isPartOf\":{\"@id\":\"https:\\\/\\\/blog.vida.at\\\/pensionisten\\\/2026\\\/02\\\/26\\\/altern-mit-zukunft\\\/\"},\"author\":{\"name\":\"mariontobola\",\"@id\":\"https:\\\/\\\/blog.vida.at\\\/pensionisten\\\/#\\\/schema\\\/person\\\/88cee3ee93b9afdc51c92f5f63f38b8a\"},\"headline\":\"Altern mit Zukunft\",\"datePublished\":\"2026-02-26T07:55:37+00:00\",\"dateModified\":\"2026-02-26T08:01:55+00:00\",\"mainEntityOfPage\":{\"@id\":\"https:\\\/\\\/blog.vida.at\\\/pensionisten\\\/2026\\\/02\\\/26\\\/altern-mit-zukunft\\\/\"},\"wordCount\":328,\"commentCount\":0,\"image\":{\"@id\":\"https:\\\/\\\/blog.vida.at\\\/pensionisten\\\/2026\\\/02\\\/26\\\/altern-mit-zukunft\\\/#primaryimage\"},\"thumbnailUrl\":\"https:\\\/\\\/blog.vida.at\\\/pensionisten\\\/wp-content\\\/uploads\\\/sites\\\/10\\\/2026\\\/02\\\/Bewegung_Senioren_BVAEB.png\",\"articleSection\":{\"0\":\"Aktuelles\",\"2\":\"Gesundheitsangebote\",\"3\":\"Top Aktuelles\"},\"inLanguage\":\"de\",\"potentialAction\":[{\"@type\":\"CommentAction\",\"name\":\"Comment\",\"target\":[\"https:\\\/\\\/blog.vida.at\\\/pensionisten\\\/2026\\\/02\\\/26\\\/altern-mit-zukunft\\\/#respond\"]}]},{\"@type\":\"WebPage\",\"@id\":\"https:\\\/\\\/blog.vida.at\\\/pensionisten\\\/2026\\\/02\\\/26\\\/altern-mit-zukunft\\\/\",\"url\":\"https:\\\/\\\/blog.vida.at\\\/pensionisten\\\/2026\\\/02\\\/26\\\/altern-mit-zukunft\\\/\",\"name\":\"Altern mit Zukunft\",\"isPartOf\":{\"@id\":\"https:\\\/\\\/blog.vida.at\\\/pensionisten\\\/#website\"},\"primaryImageOfPage\":{\"@id\":\"https:\\\/\\\/blog.vida.at\\\/pensionisten\\\/2026\\\/02\\\/26\\\/altern-mit-zukunft\\\/#primaryimage\"},\"image\":{\"@id\":\"https:\\\/\\\/blog.vida.at\\\/pensionisten\\\/2026\\\/02\\\/26\\\/altern-mit-zukunft\\\/#primaryimage\"},\"thumbnailUrl\":\"https:\\\/\\\/blog.vida.at\\\/pensionisten\\\/wp-content\\\/uploads\\\/sites\\\/10\\\/2026\\\/02\\\/Bewegung_Senioren_BVAEB.png\",\"datePublished\":\"2026-02-26T07:55:37+00:00\",\"dateModified\":\"2026-02-26T08:01:55+00:00\",\"author\":{\"@id\":\"https:\\\/\\\/blog.vida.at\\\/pensionisten\\\/#\\\/schema\\\/person\\\/88cee3ee93b9afdc51c92f5f63f38b8a\"},\"breadcrumb\":{\"@id\":\"https:\\\/\\\/blog.vida.at\\\/pensionisten\\\/2026\\\/02\\\/26\\\/altern-mit-zukunft\\\/#breadcrumb\"},\"inLanguage\":\"de\",\"potentialAction\":[{\"@type\":\"ReadAction\",\"target\":[\"https:\\\/\\\/blog.vida.at\\\/pensionisten\\\/2026\\\/02\\\/26\\\/altern-mit-zukunft\\\/\"]}]},{\"@type\":\"ImageObject\",\"inLanguage\":\"de\",\"@id\":\"https:\\\/\\\/blog.vida.at\\\/pensionisten\\\/2026\\\/02\\\/26\\\/altern-mit-zukunft\\\/#primaryimage\",\"url\":\"https:\\\/\\\/blog.vida.at\\\/pensionisten\\\/wp-content\\\/uploads\\\/sites\\\/10\\\/2026\\\/02\\\/Bewegung_Senioren_BVAEB.png\",\"contentUrl\":\"https:\\\/\\\/blog.vida.at\\\/pensionisten\\\/wp-content\\\/uploads\\\/sites\\\/10\\\/2026\\\/02\\\/Bewegung_Senioren_BVAEB.png\",\"width\":1620,\"height\":1080},{\"@type\":\"BreadcrumbList\",\"@id\":\"https:\\\/\\\/blog.vida.at\\\/pensionisten\\\/2026\\\/02\\\/26\\\/altern-mit-zukunft\\\/#breadcrumb\",\"itemListElement\":[{\"@type\":\"ListItem\",\"position\":1,\"name\":\"Startseite\",\"item\":\"https:\\\/\\\/blog.vida.at\\\/pensionisten\\\/\"},{\"@type\":\"ListItem\",\"position\":2,\"name\":\"Altern mit Zukunft\"}]},{\"@type\":\"WebSite\",\"@id\":\"https:\\\/\\\/blog.vida.at\\\/pensionisten\\\/#website\",\"url\":\"https:\\\/\\\/blog.vida.at\\\/pensionisten\\\/\",\"name\":\"vida Pensionisten\",\"description\":\"\",\"potentialAction\":[{\"@type\":\"SearchAction\",\"target\":{\"@type\":\"EntryPoint\",\"urlTemplate\":\"https:\\\/\\\/blog.vida.at\\\/pensionisten\\\/?s={search_term_string}\"},\"query-input\":{\"@type\":\"PropertyValueSpecification\",\"valueRequired\":true,\"valueName\":\"search_term_string\"}}],\"inLanguage\":\"de\"},{\"@type\":\"Person\",\"@id\":\"https:\\\/\\\/blog.vida.at\\\/pensionisten\\\/#\\\/schema\\\/person\\\/88cee3ee93b9afdc51c92f5f63f38b8a\",\"name\":\"mariontobola\",\"image\":{\"@type\":\"ImageObject\",\"inLanguage\":\"de\",\"@id\":\"https:\\\/\\\/secure.gravatar.com\\\/avatar\\\/5d2c516985e4eda61bca05bd3b4359b4358135bd1e1a5b08c539e9cd1edd6528?s=96&d=mm&r=g\",\"url\":\"https:\\\/\\\/secure.gravatar.com\\\/avatar\\\/5d2c516985e4eda61bca05bd3b4359b4358135bd1e1a5b08c539e9cd1edd6528?s=96&d=mm&r=g\",\"contentUrl\":\"https:\\\/\\\/secure.gravatar.com\\\/avatar\\\/5d2c516985e4eda61bca05bd3b4359b4358135bd1e1a5b08c539e9cd1edd6528?s=96&d=mm&r=g\",\"caption\":\"mariontobola\"},\"url\":\"https:\\\/\\\/blog.vida.at\\\/pensionisten\\\/author\\\/mariontobola\\\/\"}]}<\/script>\n<!-- \/ Yoast SEO plugin. -->","yoast_head_json":{"title":"Altern mit Zukunft","robots":{"index":"index","follow":"follow","max-snippet":"max-snippet:-1","max-image-preview":"max-image-preview:large","max-video-preview":"max-video-preview:-1"},"canonical":"https:\/\/blog.vida.at\/pensionisten\/2026\/02\/26\/altern-mit-zukunft\/","og_locale":"de_DE","og_type":"article","og_title":"Altern mit Zukunft","og_description":"Fit &#8211; mach mit: F\u00fcr K\u00f6rper &amp; Geist BVAEB Gesundheitsf\u00f6rderung \u2013 Angebote und Termine 2026.","og_url":"https:\/\/blog.vida.at\/pensionisten\/2026\/02\/26\/altern-mit-zukunft\/","og_site_name":"vida Pensionisten","article_published_time":"2026-02-26T07:55:37+00:00","article_modified_time":"2026-02-26T08:01:55+00:00","og_image":[{"width":1620,"height":1080,"url":"https:\/\/blog.vida.at\/pensionisten\/wp-content\/uploads\/sites\/10\/2026\/02\/Bewegung_Senioren_BVAEB.png","type":"image\/png"}],"author":"mariontobola","twitter_card":"summary_large_image","twitter_misc":{"Verfasst von":"mariontobola","Gesch\u00e4tzte Lesezeit":"3\u00a0Minuten"},"schema":{"@context":"https:\/\/schema.org","@graph":[{"@type":"Article","@id":"https:\/\/blog.vida.at\/pensionisten\/2026\/02\/26\/altern-mit-zukunft\/#article","isPartOf":{"@id":"https:\/\/blog.vida.at\/pensionisten\/2026\/02\/26\/altern-mit-zukunft\/"},"author":{"name":"mariontobola","@id":"https:\/\/blog.vida.at\/pensionisten\/#\/schema\/person\/88cee3ee93b9afdc51c92f5f63f38b8a"},"headline":"Altern mit Zukunft","datePublished":"2026-02-26T07:55:37+00:00","dateModified":"2026-02-26T08:01:55+00:00","mainEntityOfPage":{"@id":"https:\/\/blog.vida.at\/pensionisten\/2026\/02\/26\/altern-mit-zukunft\/"},"wordCount":328,"commentCount":0,"image":{"@id":"https:\/\/blog.vida.at\/pensionisten\/2026\/02\/26\/altern-mit-zukunft\/#primaryimage"},"thumbnailUrl":"https:\/\/blog.vida.at\/pensionisten\/wp-content\/uploads\/sites\/10\/2026\/02\/Bewegung_Senioren_BVAEB.png","articleSection":{"0":"Aktuelles","2":"Gesundheitsangebote","3":"Top Aktuelles"},"inLanguage":"de","potentialAction":[{"@type":"CommentAction","name":"Comment","target":["https:\/\/blog.vida.at\/pensionisten\/2026\/02\/26\/altern-mit-zukunft\/#respond"]}]},{"@type":"WebPage","@id":"https:\/\/blog.vida.at\/pensionisten\/2026\/02\/26\/altern-mit-zukunft\/","url":"https:\/\/blog.vida.at\/pensionisten\/2026\/02\/26\/altern-mit-zukunft\/","name":"Altern mit Zukunft","isPartOf":{"@id":"https:\/\/blog.vida.at\/pensionisten\/#website"},"primaryImageOfPage":{"@id":"https:\/\/blog.vida.at\/pensionisten\/2026\/02\/26\/altern-mit-zukunft\/#primaryimage"},"image":{"@id":"https:\/\/blog.vida.at\/pensionisten\/2026\/02\/26\/altern-mit-zukunft\/#primaryimage"},"thumbnailUrl":"https:\/\/blog.vida.at\/pensionisten\/wp-content\/uploads\/sites\/10\/2026\/02\/Bewegung_Senioren_BVAEB.png","datePublished":"2026-02-26T07:55:37+00:00","dateModified":"2026-02-26T08:01:55+00:00","author":{"@id":"https:\/\/blog.vida.at\/pensionisten\/#\/schema\/person\/88cee3ee93b9afdc51c92f5f63f38b8a"},"breadcrumb":{"@id":"https:\/\/blog.vida.at\/pensionisten\/2026\/02\/26\/altern-mit-zukunft\/#breadcrumb"},"inLanguage":"de","potentialAction":[{"@type":"ReadAction","target":["https:\/\/blog.vida.at\/pensionisten\/2026\/02\/26\/altern-mit-zukunft\/"]}]},{"@type":"ImageObject","inLanguage":"de","@id":"https:\/\/blog.vida.at\/pensionisten\/2026\/02\/26\/altern-mit-zukunft\/#primaryimage","url":"https:\/\/blog.vida.at\/pensionisten\/wp-content\/uploads\/sites\/10\/2026\/02\/Bewegung_Senioren_BVAEB.png","contentUrl":"https:\/\/blog.vida.at\/pensionisten\/wp-content\/uploads\/sites\/10\/2026\/02\/Bewegung_Senioren_BVAEB.png","width":1620,"height":1080},{"@type":"BreadcrumbList","@id":"https:\/\/blog.vida.at\/pensionisten\/2026\/02\/26\/altern-mit-zukunft\/#breadcrumb","itemListElement":[{"@type":"ListItem","position":1,"name":"Startseite","item":"https:\/\/blog.vida.at\/pensionisten\/"},{"@type":"ListItem","position":2,"name":"Altern mit Zukunft"}]},{"@type":"WebSite","@id":"https:\/\/blog.vida.at\/pensionisten\/#website","url":"https:\/\/blog.vida.at\/pensionisten\/","name":"vida Pensionisten","description":"","potentialAction":[{"@type":"SearchAction","target":{"@type":"EntryPoint","urlTemplate":"https:\/\/blog.vida.at\/pensionisten\/?s={search_term_string}"},"query-input":{"@type":"PropertyValueSpecification","valueRequired":true,"valueName":"search_term_string"}}],"inLanguage":"de"},{"@type":"Person","@id":"https:\/\/blog.vida.at\/pensionisten\/#\/schema\/person\/88cee3ee93b9afdc51c92f5f63f38b8a","name":"mariontobola","image":{"@type":"ImageObject","inLanguage":"de","@id":"https:\/\/secure.gravatar.com\/avatar\/5d2c516985e4eda61bca05bd3b4359b4358135bd1e1a5b08c539e9cd1edd6528?s=96&d=mm&r=g","url":"https:\/\/secure.gravatar.com\/avatar\/5d2c516985e4eda61bca05bd3b4359b4358135bd1e1a5b08c539e9cd1edd6528?s=96&d=mm&r=g","contentUrl":"https:\/\/secure.gravatar.com\/avatar\/5d2c516985e4eda61bca05bd3b4359b4358135bd1e1a5b08c539e9cd1edd6528?s=96&d=mm&r=g","caption":"mariontobola"},"url":"https:\/\/blog.vida.at\/pensionisten\/author\/mariontobola\/"}]}},"author_meta":{"display_name":"mariontobola","author_link":"https:\/\/blog.vida.at\/pensionisten\/author\/mariontobola\/"},"featured_img":"https:\/\/blog.vida.at\/pensionisten\/wp-content\/uploads\/sites\/10\/2026\/02\/Bewegung_Senioren_BVAEB-300x200.png","featured_image_src":"https:\/\/blog.vida.at\/pensionisten\/wp-content\/uploads\/sites\/10\/2026\/02\/Bewegung_Senioren_BVAEB-600x400.png","featured_image_src_square":"https:\/\/blog.vida.at\/pensionisten\/wp-content\/uploads\/sites\/10\/2026\/02\/Bewegung_Senioren_BVAEB-600x600.png","uagb_featured_image_src":{"full":["https:\/\/blog.vida.at\/pensionisten\/wp-content\/uploads\/sites\/10\/2026\/02\/Bewegung_Senioren_BVAEB.png",1620,1080,false],"thumbnail":["https:\/\/blog.vida.at\/pensionisten\/wp-content\/uploads\/sites\/10\/2026\/02\/Bewegung_Senioren_BVAEB-150x150.png",150,150,true],"medium":["https:\/\/blog.vida.at\/pensionisten\/wp-content\/uploads\/sites\/10\/2026\/02\/Bewegung_Senioren_BVAEB-300x200.png",300,200,true],"medium_large":["https:\/\/blog.vida.at\/pensionisten\/wp-content\/uploads\/sites\/10\/2026\/02\/Bewegung_Senioren_BVAEB-768x512.png",640,427,true],"large":["https:\/\/blog.vida.at\/pensionisten\/wp-content\/uploads\/sites\/10\/2026\/02\/Bewegung_Senioren_BVAEB-1024x683.png",640,427,true],"1536x1536":["https:\/\/blog.vida.at\/pensionisten\/wp-content\/uploads\/sites\/10\/2026\/02\/Bewegung_Senioren_BVAEB-1536x1024.png",1536,1024,true],"2048x2048":["https:\/\/blog.vida.at\/pensionisten\/wp-content\/uploads\/sites\/10\/2026\/02\/Bewegung_Senioren_BVAEB.png",1620,1080,false],"ab-block-post-grid-landscape":["https:\/\/blog.vida.at\/pensionisten\/wp-content\/uploads\/sites\/10\/2026\/02\/Bewegung_Senioren_BVAEB-600x400.png",600,400,true],"ab-block-post-grid-square":["https:\/\/blog.vida.at\/pensionisten\/wp-content\/uploads\/sites\/10\/2026\/02\/Bewegung_Senioren_BVAEB-600x600.png",600,600,true],"post-thumbnail":["https:\/\/blog.vida.at\/pensionisten\/wp-content\/uploads\/sites\/10\/2026\/02\/Bewegung_Senioren_BVAEB-1568x1045.png",1568,1045,true],"awb_sm":["https:\/\/blog.vida.at\/pensionisten\/wp-content\/uploads\/sites\/10\/2026\/02\/Bewegung_Senioren_BVAEB-500x333.png",500,333,true],"awb_md":["https:\/\/blog.vida.at\/pensionisten\/wp-content\/uploads\/sites\/10\/2026\/02\/Bewegung_Senioren_BVAEB-800x533.png",800,533,true],"awb_lg":["https:\/\/blog.vida.at\/pensionisten\/wp-content\/uploads\/sites\/10\/2026\/02\/Bewegung_Senioren_BVAEB-1280x853.png",1280,853,true],"awb_xl":["https:\/\/blog.vida.at\/pensionisten\/wp-content\/uploads\/sites\/10\/2026\/02\/Bewegung_Senioren_BVAEB.png",1620,1080,false]},"uagb_author_info":{"display_name":"mariontobola","author_link":"https:\/\/blog.vida.at\/pensionisten\/author\/mariontobola\/"},"uagb_comment_info":0,"uagb_excerpt":"Fit &#8211; mach mit: F\u00fcr K\u00f6rper &amp; Geist BVAEB Gesundheitsf\u00f6rderung \u2013 Angebote und Termine 2026.","coauthors":[],"tax_additional":{"categories":{"linked":["<a href=\"https:\/\/blog.vida.at\/pensionisten\/category\/aktuelles\/\" class=\"advgb-post-tax-term\">Aktuelles<\/a>","<a href=\"https:\/\/blog.vida.at\/pensionisten\/category\/allgemein\/\" class=\"advgb-post-tax-term\">Allgemein<\/a>","<a href=\"https:\/\/blog.vida.at\/pensionisten\/category\/gesundheitsangebote\/\" class=\"advgb-post-tax-term\">Gesundheitsangebote<\/a>","<a href=\"https:\/\/blog.vida.at\/pensionisten\/category\/top-aktuelles\/\" class=\"advgb-post-tax-term\">Top Aktuelles<\/a>"],"unlinked":["<span class=\"advgb-post-tax-term\">Aktuelles<\/span>","<span class=\"advgb-post-tax-term\">Allgemein<\/span>","<span class=\"advgb-post-tax-term\">Gesundheitsangebote<\/span>","<span class=\"advgb-post-tax-term\">Top Aktuelles<\/span>"]}},"comment_count":"0","relative_dates":{"created":"Ver\u00f6ffentlicht 2\u00a0Monaten vor","modified":"Aktualisiert 2\u00a0Monaten vor"},"absolute_dates":{"created":"Ver\u00f6ffentlicht am 26. Februar 2026","modified":"Aktualisiert am 26. Februar 2026"},"absolute_dates_time":{"created":"Ver\u00f6ffentlicht am 26. Februar 2026 8:55","modified":"Aktualisiert am 26. Februar 2026 9:01"},"featured_img_caption":"","series_order":"","_links":{"self":[{"href":"https:\/\/blog.vida.at\/pensionisten\/wp-json\/wp\/v2\/posts\/12546","targetHints":{"allow":["GET"]}}],"collection":[{"href":"https:\/\/blog.vida.at\/pensionisten\/wp-json\/wp\/v2\/posts"}],"about":[{"href":"https:\/\/blog.vida.at\/pensionisten\/wp-json\/wp\/v2\/types\/post"}],"author":[{"embeddable":true,"href":"https:\/\/blog.vida.at\/pensionisten\/wp-json\/wp\/v2\/users\/8"}],"replies":[{"embeddable":true,"href":"https:\/\/blog.vida.at\/pensionisten\/wp-json\/wp\/v2\/comments?post=12546"}],"version-history":[{"count":8,"href":"https:\/\/blog.vida.at\/pensionisten\/wp-json\/wp\/v2\/posts\/12546\/revisions"}],"predecessor-version":[{"id":12557,"href":"https:\/\/blog.vida.at\/pensionisten\/wp-json\/wp\/v2\/posts\/12546\/revisions\/12557"}],"wp:featuredmedia":[{"embeddable":true,"href":"https:\/\/blog.vida.at\/pensionisten\/wp-json\/wp\/v2\/media\/12547"}],"wp:attachment":[{"href":"https:\/\/blog.vida.at\/pensionisten\/wp-json\/wp\/v2\/media?parent=12546"}],"wp:term":[{"taxonomy":"category","embeddable":true,"href":"https:\/\/blog.vida.at\/pensionisten\/wp-json\/wp\/v2\/categories?post=12546"},{"taxonomy":"post_tag","embeddable":true,"href":"https:\/\/blog.vida.at\/pensionisten\/wp-json\/wp\/v2\/tags?post=12546"},{"taxonomy":"Orte","embeddable":true,"href":"https:\/\/blog.vida.at\/pensionisten\/wp-json\/wp\/v2\/Orte?post=12546"},{"taxonomy":"activitytype","embeddable":true,"href":"https:\/\/blog.vida.at\/pensionisten\/wp-json\/wp\/v2\/activitytype?post=12546"}],"curies":[{"name":"wp","href":"https:\/\/api.w.org\/{rel}","templated":true}]}}