
{"id":12648,"date":"2026-03-05T12:44:00","date_gmt":"2026-03-05T11:44:00","guid":{"rendered":"https:\/\/blog.vida.at\/pensionisten\/?p=12648"},"modified":"2026-03-05T12:44:01","modified_gmt":"2026-03-05T11:44:01","slug":"vida-bunt-und-lebensfroh","status":"publish","type":"post","link":"https:\/\/blog.vida.at\/pensionisten\/2026\/03\/05\/vida-bunt-und-lebensfroh\/","title":{"rendered":"vida bunt und lebensfroh"},"content":{"rendered":"\n<div class=\"wp-block-group Container\"><div class=\"wp-block-group__inner-container is-layout-flow wp-block-group-is-layout-flow\">\n<h4 class=\"wp-block-heading\">Die OG Herzogenburg\/Neulengbach war mit dabei beim Faschingsumzug in P\u00f6chlarn. <\/h4>\n\n\n\n<br>\n\n\n\n<p><\/p>\n\n\n\n<!--more-->\n\n\n\n<p><\/p>\n\n\n\n<p>Gewerkschaft vida hei\u00dft Leben und vida lebt Vielfalt &#8211; nicht nur zum Fasching.<\/p>\n\n\n\n<p>Apropos, unsere <strong>vida-Ortsgruppe Herzogenburg\/Neulengbach <\/strong>machte am Faschingsdienstag, 17. Februar 2026, einen Ausflug nach P\u00f6chlarn &#8211; dort fand ein <strong>bunter und lebensfroher Faschingsumzug <\/strong>statt. <\/p>\n\n\n\n<p>Wir reisten mit den \u00d6BB an und verfolgten mit Freude die <strong>sch\u00f6nen W\u00e4gen<\/strong> und das bunte Treiben.<\/p>\n\n\n\n<p>Im Anschluss besuchten wir bei <strong>guter Stimmung<\/strong> ein gutes Restaurant. <\/p>\n\n\n\n<p><strong><mark style=\"color:#f60000\" class=\"has-inline-color\">Wir danken allen Teilnehmer:innen und freuen uns auf den n\u00e4chsten gemeinsamen Ausflug!<\/mark><\/strong><\/p>\n\n\n\n<figure class=\"wp-block-gallery has-nested-images columns-default is-cropped uag-masonry uagb-block-00d126fa wp-block-gallery-1 is-layout-flex wp-block-gallery-is-layout-flex\">\n<figure class=\"wp-block-image size-large\"><img loading=\"lazy\" decoding=\"async\" width=\"1024\" height=\"682\" data-id=\"12649\" src=\"https:\/\/blog.vida.at\/pensionisten\/wp-content\/uploads\/sites\/10\/2026\/03\/17.02.2026-1-1024x682.jpeg\" alt=\"\" class=\"wp-image-12649\" srcset=\"https:\/\/blog.vida.at\/pensionisten\/wp-content\/uploads\/sites\/10\/2026\/03\/17.02.2026-1-1024x682.jpeg 1024w, https:\/\/blog.vida.at\/pensionisten\/wp-content\/uploads\/sites\/10\/2026\/03\/17.02.2026-1-300x200.jpeg 300w, https:\/\/blog.vida.at\/pensionisten\/wp-content\/uploads\/sites\/10\/2026\/03\/17.02.2026-1-768x512.jpeg 768w, https:\/\/blog.vida.at\/pensionisten\/wp-content\/uploads\/sites\/10\/2026\/03\/17.02.2026-1-600x400.jpeg 600w, https:\/\/blog.vida.at\/pensionisten\/wp-content\/uploads\/sites\/10\/2026\/03\/17.02.2026-1-500x333.jpeg 500w, https:\/\/blog.vida.at\/pensionisten\/wp-content\/uploads\/sites\/10\/2026\/03\/17.02.2026-1-800x533.jpeg 800w, https:\/\/blog.vida.at\/pensionisten\/wp-content\/uploads\/sites\/10\/2026\/03\/17.02.2026-1.jpeg 1199w\" sizes=\"auto, (max-width: 1024px) 100vw, 1024px\" \/><\/figure>\n\n\n\n<figure class=\"wp-block-image size-large\"><img loading=\"lazy\" decoding=\"async\" width=\"1024\" height=\"683\" data-id=\"12650\" src=\"https:\/\/blog.vida.at\/pensionisten\/wp-content\/uploads\/sites\/10\/2026\/03\/17.02.2026-2-1024x683.jpeg\" alt=\"\" class=\"wp-image-12650\" srcset=\"https:\/\/blog.vida.at\/pensionisten\/wp-content\/uploads\/sites\/10\/2026\/03\/17.02.2026-2-1024x683.jpeg 1024w, https:\/\/blog.vida.at\/pensionisten\/wp-content\/uploads\/sites\/10\/2026\/03\/17.02.2026-2-300x200.jpeg 300w, https:\/\/blog.vida.at\/pensionisten\/wp-content\/uploads\/sites\/10\/2026\/03\/17.02.2026-2-768x512.jpeg 768w, https:\/\/blog.vida.at\/pensionisten\/wp-content\/uploads\/sites\/10\/2026\/03\/17.02.2026-2-1536x1024.jpeg 1536w, https:\/\/blog.vida.at\/pensionisten\/wp-content\/uploads\/sites\/10\/2026\/03\/17.02.2026-2-600x400.jpeg 600w, https:\/\/blog.vida.at\/pensionisten\/wp-content\/uploads\/sites\/10\/2026\/03\/17.02.2026-2-1568x1046.jpeg 1568w, https:\/\/blog.vida.at\/pensionisten\/wp-content\/uploads\/sites\/10\/2026\/03\/17.02.2026-2-500x333.jpeg 500w, https:\/\/blog.vida.at\/pensionisten\/wp-content\/uploads\/sites\/10\/2026\/03\/17.02.2026-2-800x533.jpeg 800w, https:\/\/blog.vida.at\/pensionisten\/wp-content\/uploads\/sites\/10\/2026\/03\/17.02.2026-2-1280x854.jpeg 1280w, https:\/\/blog.vida.at\/pensionisten\/wp-content\/uploads\/sites\/10\/2026\/03\/17.02.2026-2.jpeg 1690w\" sizes=\"auto, (max-width: 1024px) 100vw, 1024px\" \/><\/figure>\n\n\n\n<figure class=\"wp-block-image size-large\"><img loading=\"lazy\" decoding=\"async\" width=\"1024\" height=\"683\" data-id=\"12652\" src=\"https:\/\/blog.vida.at\/pensionisten\/wp-content\/uploads\/sites\/10\/2026\/03\/17.02.2026-3-1024x683.jpeg\" alt=\"\" class=\"wp-image-12652\" srcset=\"https:\/\/blog.vida.at\/pensionisten\/wp-content\/uploads\/sites\/10\/2026\/03\/17.02.2026-3-1024x683.jpeg 1024w, https:\/\/blog.vida.at\/pensionisten\/wp-content\/uploads\/sites\/10\/2026\/03\/17.02.2026-3-300x200.jpeg 300w, https:\/\/blog.vida.at\/pensionisten\/wp-content\/uploads\/sites\/10\/2026\/03\/17.02.2026-3-768x512.jpeg 768w, https:\/\/blog.vida.at\/pensionisten\/wp-content\/uploads\/sites\/10\/2026\/03\/17.02.2026-3-1536x1024.jpeg 1536w, https:\/\/blog.vida.at\/pensionisten\/wp-content\/uploads\/sites\/10\/2026\/03\/17.02.2026-3-600x400.jpeg 600w, https:\/\/blog.vida.at\/pensionisten\/wp-content\/uploads\/sites\/10\/2026\/03\/17.02.2026-3-1568x1045.jpeg 1568w, https:\/\/blog.vida.at\/pensionisten\/wp-content\/uploads\/sites\/10\/2026\/03\/17.02.2026-3-500x333.jpeg 500w, https:\/\/blog.vida.at\/pensionisten\/wp-content\/uploads\/sites\/10\/2026\/03\/17.02.2026-3-800x533.jpeg 800w, https:\/\/blog.vida.at\/pensionisten\/wp-content\/uploads\/sites\/10\/2026\/03\/17.02.2026-3-1280x853.jpeg 1280w, https:\/\/blog.vida.at\/pensionisten\/wp-content\/uploads\/sites\/10\/2026\/03\/17.02.2026-3-1920x1280.jpeg 1920w, https:\/\/blog.vida.at\/pensionisten\/wp-content\/uploads\/sites\/10\/2026\/03\/17.02.2026-3.jpeg 2040w\" sizes=\"auto, (max-width: 1024px) 100vw, 1024px\" \/><\/figure>\n\n\n\n<figure class=\"wp-block-image size-large\"><img loading=\"lazy\" decoding=\"async\" width=\"659\" height=\"1024\" data-id=\"12654\" src=\"https:\/\/blog.vida.at\/pensionisten\/wp-content\/uploads\/sites\/10\/2026\/03\/17.02.2026-4-659x1024.jpeg\" alt=\"\" class=\"wp-image-12654\" srcset=\"https:\/\/blog.vida.at\/pensionisten\/wp-content\/uploads\/sites\/10\/2026\/03\/17.02.2026-4-659x1024.jpeg 659w, https:\/\/blog.vida.at\/pensionisten\/wp-content\/uploads\/sites\/10\/2026\/03\/17.02.2026-4-193x300.jpeg 193w, https:\/\/blog.vida.at\/pensionisten\/wp-content\/uploads\/sites\/10\/2026\/03\/17.02.2026-4-768x1192.jpeg 768w, https:\/\/blog.vida.at\/pensionisten\/wp-content\/uploads\/sites\/10\/2026\/03\/17.02.2026-4-989x1536.jpeg 989w, https:\/\/blog.vida.at\/pensionisten\/wp-content\/uploads\/sites\/10\/2026\/03\/17.02.2026-4-500x776.jpeg 500w, https:\/\/blog.vida.at\/pensionisten\/wp-content\/uploads\/sites\/10\/2026\/03\/17.02.2026-4-800x1242.jpeg 800w, https:\/\/blog.vida.at\/pensionisten\/wp-content\/uploads\/sites\/10\/2026\/03\/17.02.2026-4.jpeg 1243w\" sizes=\"auto, (max-width: 659px) 100vw, 659px\" \/><\/figure>\n\n\n\n<figure class=\"wp-block-image size-large\"><img loading=\"lazy\" decoding=\"async\" width=\"689\" height=\"1024\" data-id=\"12653\" src=\"https:\/\/blog.vida.at\/pensionisten\/wp-content\/uploads\/sites\/10\/2026\/03\/17.02.2026-9-689x1024.jpeg\" alt=\"\" class=\"wp-image-12653\" srcset=\"https:\/\/blog.vida.at\/pensionisten\/wp-content\/uploads\/sites\/10\/2026\/03\/17.02.2026-9-689x1024.jpeg 689w, https:\/\/blog.vida.at\/pensionisten\/wp-content\/uploads\/sites\/10\/2026\/03\/17.02.2026-9-202x300.jpeg 202w, https:\/\/blog.vida.at\/pensionisten\/wp-content\/uploads\/sites\/10\/2026\/03\/17.02.2026-9-768x1142.jpeg 768w, https:\/\/blog.vida.at\/pensionisten\/wp-content\/uploads\/sites\/10\/2026\/03\/17.02.2026-9-1033x1536.jpeg 1033w, https:\/\/blog.vida.at\/pensionisten\/wp-content\/uploads\/sites\/10\/2026\/03\/17.02.2026-9-500x743.jpeg 500w, https:\/\/blog.vida.at\/pensionisten\/wp-content\/uploads\/sites\/10\/2026\/03\/17.02.2026-9-800x1189.jpeg 800w, https:\/\/blog.vida.at\/pensionisten\/wp-content\/uploads\/sites\/10\/2026\/03\/17.02.2026-9-1280x1903.jpeg 1280w, https:\/\/blog.vida.at\/pensionisten\/wp-content\/uploads\/sites\/10\/2026\/03\/17.02.2026-9.jpeg 1336w\" sizes=\"auto, (max-width: 689px) 100vw, 689px\" \/><\/figure>\n\n\n\n<figure class=\"wp-block-image size-large\"><img loading=\"lazy\" decoding=\"async\" width=\"1024\" height=\"683\" data-id=\"12656\" src=\"https:\/\/blog.vida.at\/pensionisten\/wp-content\/uploads\/sites\/10\/2026\/03\/17.02.2026-10-1024x683.jpeg\" alt=\"\" class=\"wp-image-12656\" srcset=\"https:\/\/blog.vida.at\/pensionisten\/wp-content\/uploads\/sites\/10\/2026\/03\/17.02.2026-10-1024x683.jpeg 1024w, https:\/\/blog.vida.at\/pensionisten\/wp-content\/uploads\/sites\/10\/2026\/03\/17.02.2026-10-300x200.jpeg 300w, https:\/\/blog.vida.at\/pensionisten\/wp-content\/uploads\/sites\/10\/2026\/03\/17.02.2026-10-768x512.jpeg 768w, https:\/\/blog.vida.at\/pensionisten\/wp-content\/uploads\/sites\/10\/2026\/03\/17.02.2026-10-1536x1024.jpeg 1536w, https:\/\/blog.vida.at\/pensionisten\/wp-content\/uploads\/sites\/10\/2026\/03\/17.02.2026-10-600x400.jpeg 600w, https:\/\/blog.vida.at\/pensionisten\/wp-content\/uploads\/sites\/10\/2026\/03\/17.02.2026-10-1568x1046.jpeg 1568w, https:\/\/blog.vida.at\/pensionisten\/wp-content\/uploads\/sites\/10\/2026\/03\/17.02.2026-10-500x333.jpeg 500w, https:\/\/blog.vida.at\/pensionisten\/wp-content\/uploads\/sites\/10\/2026\/03\/17.02.2026-10-800x533.jpeg 800w, https:\/\/blog.vida.at\/pensionisten\/wp-content\/uploads\/sites\/10\/2026\/03\/17.02.2026-10-1280x854.jpeg 1280w, https:\/\/blog.vida.at\/pensionisten\/wp-content\/uploads\/sites\/10\/2026\/03\/17.02.2026-10-1920x1280.jpeg 1920w, https:\/\/blog.vida.at\/pensionisten\/wp-content\/uploads\/sites\/10\/2026\/03\/17.02.2026-10.jpeg 1990w\" sizes=\"auto, (max-width: 1024px) 100vw, 1024px\" \/><\/figure>\n\n\n\n<figure class=\"wp-block-image size-large\"><img loading=\"lazy\" decoding=\"async\" width=\"768\" height=\"1024\" data-id=\"12651\" src=\"https:\/\/blog.vida.at\/pensionisten\/wp-content\/uploads\/sites\/10\/2026\/03\/17.02.2026-11-768x1024.jpeg\" alt=\"\" class=\"wp-image-12651\" srcset=\"https:\/\/blog.vida.at\/pensionisten\/wp-content\/uploads\/sites\/10\/2026\/03\/17.02.2026-11-768x1024.jpeg 768w, https:\/\/blog.vida.at\/pensionisten\/wp-content\/uploads\/sites\/10\/2026\/03\/17.02.2026-11-225x300.jpeg 225w, https:\/\/blog.vida.at\/pensionisten\/wp-content\/uploads\/sites\/10\/2026\/03\/17.02.2026-11-1152x1536.jpeg 1152w, https:\/\/blog.vida.at\/pensionisten\/wp-content\/uploads\/sites\/10\/2026\/03\/17.02.2026-11-500x667.jpeg 500w, https:\/\/blog.vida.at\/pensionisten\/wp-content\/uploads\/sites\/10\/2026\/03\/17.02.2026-11-800x1067.jpeg 800w, https:\/\/blog.vida.at\/pensionisten\/wp-content\/uploads\/sites\/10\/2026\/03\/17.02.2026-11-1280x1707.jpeg 1280w, https:\/\/blog.vida.at\/pensionisten\/wp-content\/uploads\/sites\/10\/2026\/03\/17.02.2026-11.jpeg 1530w\" sizes=\"auto, (max-width: 768px) 100vw, 768px\" \/><\/figure>\n\n\n\n<figure class=\"wp-block-image size-large\"><img loading=\"lazy\" decoding=\"async\" width=\"1024\" height=\"683\" data-id=\"12659\" src=\"https:\/\/blog.vida.at\/pensionisten\/wp-content\/uploads\/sites\/10\/2026\/03\/17.02.2026-12-1024x683.jpeg\" alt=\"\" class=\"wp-image-12659\" srcset=\"https:\/\/blog.vida.at\/pensionisten\/wp-content\/uploads\/sites\/10\/2026\/03\/17.02.2026-12-1024x683.jpeg 1024w, https:\/\/blog.vida.at\/pensionisten\/wp-content\/uploads\/sites\/10\/2026\/03\/17.02.2026-12-300x200.jpeg 300w, https:\/\/blog.vida.at\/pensionisten\/wp-content\/uploads\/sites\/10\/2026\/03\/17.02.2026-12-768x512.jpeg 768w, https:\/\/blog.vida.at\/pensionisten\/wp-content\/uploads\/sites\/10\/2026\/03\/17.02.2026-12-1536x1024.jpeg 1536w, https:\/\/blog.vida.at\/pensionisten\/wp-content\/uploads\/sites\/10\/2026\/03\/17.02.2026-12-600x400.jpeg 600w, https:\/\/blog.vida.at\/pensionisten\/wp-content\/uploads\/sites\/10\/2026\/03\/17.02.2026-12-1568x1045.jpeg 1568w, https:\/\/blog.vida.at\/pensionisten\/wp-content\/uploads\/sites\/10\/2026\/03\/17.02.2026-12-500x333.jpeg 500w, https:\/\/blog.vida.at\/pensionisten\/wp-content\/uploads\/sites\/10\/2026\/03\/17.02.2026-12-800x533.jpeg 800w, https:\/\/blog.vida.at\/pensionisten\/wp-content\/uploads\/sites\/10\/2026\/03\/17.02.2026-12-1280x853.jpeg 1280w, https:\/\/blog.vida.at\/pensionisten\/wp-content\/uploads\/sites\/10\/2026\/03\/17.02.2026-12-1920x1280.jpeg 1920w, https:\/\/blog.vida.at\/pensionisten\/wp-content\/uploads\/sites\/10\/2026\/03\/17.02.2026-12.jpeg 2040w\" sizes=\"auto, (max-width: 1024px) 100vw, 1024px\" \/><\/figure>\n\n\n\n<figure class=\"wp-block-image size-large\"><img loading=\"lazy\" decoding=\"async\" width=\"1024\" height=\"683\" data-id=\"12657\" src=\"https:\/\/blog.vida.at\/pensionisten\/wp-content\/uploads\/sites\/10\/2026\/03\/17.02.2026-15-1024x683.jpeg\" alt=\"\" class=\"wp-image-12657\" srcset=\"https:\/\/blog.vida.at\/pensionisten\/wp-content\/uploads\/sites\/10\/2026\/03\/17.02.2026-15-1024x683.jpeg 1024w, https:\/\/blog.vida.at\/pensionisten\/wp-content\/uploads\/sites\/10\/2026\/03\/17.02.2026-15-300x200.jpeg 300w, https:\/\/blog.vida.at\/pensionisten\/wp-content\/uploads\/sites\/10\/2026\/03\/17.02.2026-15-768x512.jpeg 768w, https:\/\/blog.vida.at\/pensionisten\/wp-content\/uploads\/sites\/10\/2026\/03\/17.02.2026-15-1536x1024.jpeg 1536w, https:\/\/blog.vida.at\/pensionisten\/wp-content\/uploads\/sites\/10\/2026\/03\/17.02.2026-15-600x400.jpeg 600w, https:\/\/blog.vida.at\/pensionisten\/wp-content\/uploads\/sites\/10\/2026\/03\/17.02.2026-15-1568x1045.jpeg 1568w, https:\/\/blog.vida.at\/pensionisten\/wp-content\/uploads\/sites\/10\/2026\/03\/17.02.2026-15-500x333.jpeg 500w, https:\/\/blog.vida.at\/pensionisten\/wp-content\/uploads\/sites\/10\/2026\/03\/17.02.2026-15-800x533.jpeg 800w, https:\/\/blog.vida.at\/pensionisten\/wp-content\/uploads\/sites\/10\/2026\/03\/17.02.2026-15-1280x853.jpeg 1280w, https:\/\/blog.vida.at\/pensionisten\/wp-content\/uploads\/sites\/10\/2026\/03\/17.02.2026-15-1920x1280.jpeg 1920w, https:\/\/blog.vida.at\/pensionisten\/wp-content\/uploads\/sites\/10\/2026\/03\/17.02.2026-15.jpeg 2040w\" sizes=\"auto, (max-width: 1024px) 100vw, 1024px\" \/><\/figure>\n\n\n\n<figure class=\"wp-block-image size-large\"><img loading=\"lazy\" decoding=\"async\" width=\"768\" height=\"1024\" data-id=\"12658\" src=\"https:\/\/blog.vida.at\/pensionisten\/wp-content\/uploads\/sites\/10\/2026\/03\/17.02.2026-17-768x1024.jpeg\" alt=\"\" class=\"wp-image-12658\" srcset=\"https:\/\/blog.vida.at\/pensionisten\/wp-content\/uploads\/sites\/10\/2026\/03\/17.02.2026-17-768x1024.jpeg 768w, https:\/\/blog.vida.at\/pensionisten\/wp-content\/uploads\/sites\/10\/2026\/03\/17.02.2026-17-225x300.jpeg 225w, https:\/\/blog.vida.at\/pensionisten\/wp-content\/uploads\/sites\/10\/2026\/03\/17.02.2026-17-1152x1536.jpeg 1152w, https:\/\/blog.vida.at\/pensionisten\/wp-content\/uploads\/sites\/10\/2026\/03\/17.02.2026-17-500x667.jpeg 500w, https:\/\/blog.vida.at\/pensionisten\/wp-content\/uploads\/sites\/10\/2026\/03\/17.02.2026-17-800x1067.jpeg 800w, https:\/\/blog.vida.at\/pensionisten\/wp-content\/uploads\/sites\/10\/2026\/03\/17.02.2026-17-1280x1707.jpeg 1280w, https:\/\/blog.vida.at\/pensionisten\/wp-content\/uploads\/sites\/10\/2026\/03\/17.02.2026-17.jpeg 1530w\" sizes=\"auto, (max-width: 768px) 100vw, 768px\" \/><\/figure>\n\n\n\n<figure class=\"wp-block-image size-large\"><img loading=\"lazy\" decoding=\"async\" width=\"1024\" height=\"682\" data-id=\"12660\" src=\"https:\/\/blog.vida.at\/pensionisten\/wp-content\/uploads\/sites\/10\/2026\/03\/17.02.2026-18-1024x682.jpeg\" alt=\"\" class=\"wp-image-12660\" srcset=\"https:\/\/blog.vida.at\/pensionisten\/wp-content\/uploads\/sites\/10\/2026\/03\/17.02.2026-18-1024x682.jpeg 1024w, https:\/\/blog.vida.at\/pensionisten\/wp-content\/uploads\/sites\/10\/2026\/03\/17.02.2026-18-300x200.jpeg 300w, https:\/\/blog.vida.at\/pensionisten\/wp-content\/uploads\/sites\/10\/2026\/03\/17.02.2026-18-768x512.jpeg 768w, https:\/\/blog.vida.at\/pensionisten\/wp-content\/uploads\/sites\/10\/2026\/03\/17.02.2026-18-1536x1024.jpeg 1536w, https:\/\/blog.vida.at\/pensionisten\/wp-content\/uploads\/sites\/10\/2026\/03\/17.02.2026-18-600x400.jpeg 600w, https:\/\/blog.vida.at\/pensionisten\/wp-content\/uploads\/sites\/10\/2026\/03\/17.02.2026-18-1568x1045.jpeg 1568w, https:\/\/blog.vida.at\/pensionisten\/wp-content\/uploads\/sites\/10\/2026\/03\/17.02.2026-18-500x333.jpeg 500w, https:\/\/blog.vida.at\/pensionisten\/wp-content\/uploads\/sites\/10\/2026\/03\/17.02.2026-18-800x533.jpeg 800w, https:\/\/blog.vida.at\/pensionisten\/wp-content\/uploads\/sites\/10\/2026\/03\/17.02.2026-18-1280x853.jpeg 1280w, https:\/\/blog.vida.at\/pensionisten\/wp-content\/uploads\/sites\/10\/2026\/03\/17.02.2026-18-1920x1280.jpeg 1920w, https:\/\/blog.vida.at\/pensionisten\/wp-content\/uploads\/sites\/10\/2026\/03\/17.02.2026-18.jpeg 1940w\" sizes=\"auto, (max-width: 1024px) 100vw, 1024px\" \/><\/figure>\n\n\n\n<figure class=\"wp-block-image size-large\"><img loading=\"lazy\" decoding=\"async\" width=\"1024\" height=\"683\" data-id=\"12655\" src=\"https:\/\/blog.vida.at\/pensionisten\/wp-content\/uploads\/sites\/10\/2026\/03\/Faschingsumzug-in-Poechlarn-17.02.2026-1024x683.jpeg\" alt=\"\" class=\"wp-image-12655\" srcset=\"https:\/\/blog.vida.at\/pensionisten\/wp-content\/uploads\/sites\/10\/2026\/03\/Faschingsumzug-in-Poechlarn-17.02.2026-1024x683.jpeg 1024w, https:\/\/blog.vida.at\/pensionisten\/wp-content\/uploads\/sites\/10\/2026\/03\/Faschingsumzug-in-Poechlarn-17.02.2026-300x200.jpeg 300w, https:\/\/blog.vida.at\/pensionisten\/wp-content\/uploads\/sites\/10\/2026\/03\/Faschingsumzug-in-Poechlarn-17.02.2026-768x512.jpeg 768w, https:\/\/blog.vida.at\/pensionisten\/wp-content\/uploads\/sites\/10\/2026\/03\/Faschingsumzug-in-Poechlarn-17.02.2026-1536x1024.jpeg 1536w, https:\/\/blog.vida.at\/pensionisten\/wp-content\/uploads\/sites\/10\/2026\/03\/Faschingsumzug-in-Poechlarn-17.02.2026-600x400.jpeg 600w, https:\/\/blog.vida.at\/pensionisten\/wp-content\/uploads\/sites\/10\/2026\/03\/Faschingsumzug-in-Poechlarn-17.02.2026-1568x1045.jpeg 1568w, https:\/\/blog.vida.at\/pensionisten\/wp-content\/uploads\/sites\/10\/2026\/03\/Faschingsumzug-in-Poechlarn-17.02.2026-500x333.jpeg 500w, https:\/\/blog.vida.at\/pensionisten\/wp-content\/uploads\/sites\/10\/2026\/03\/Faschingsumzug-in-Poechlarn-17.02.2026-800x533.jpeg 800w, https:\/\/blog.vida.at\/pensionisten\/wp-content\/uploads\/sites\/10\/2026\/03\/Faschingsumzug-in-Poechlarn-17.02.2026-1280x853.jpeg 1280w, https:\/\/blog.vida.at\/pensionisten\/wp-content\/uploads\/sites\/10\/2026\/03\/Faschingsumzug-in-Poechlarn-17.02.2026-1920x1280.jpeg 1920w, https:\/\/blog.vida.at\/pensionisten\/wp-content\/uploads\/sites\/10\/2026\/03\/Faschingsumzug-in-Poechlarn-17.02.2026.jpeg 2040w\" sizes=\"auto, (max-width: 1024px) 100vw, 1024px\" \/><\/figure>\n<\/figure>\n\n\n\n<p><\/p>\n\n\n\n<p><\/p>\n<\/div><\/div>\n","protected":false},"excerpt":{"rendered":"<p>Die OG Herzogenburg\/Neulengbach war mit dabei beim Faschingsumzug in P\u00f6chlarn.<\/p>\n","protected":false},"author":8,"featured_media":12649,"comment_status":"open","ping_status":"open","sticky":false,"template":"","format":"standard","meta":{"_uag_custom_page_level_css":"","advgb_blocks_editor_width":"","advgb_blocks_columns_visual_guide":"","footnotes":""},"categories":[1,51,59,49],"tags":[],"Orte":[],"activitytype":[],"class_list":["post-12648","post","type-post","status-publish","format-standard","has-post-thumbnail","hentry","category-allgemein","category-niederoesterreich","category-og-herzogenburg","category-ortsgruppen","entry"],"featured_image_urls":{"full":["https:\/\/blog.vida.at\/pensionisten\/wp-content\/uploads\/sites\/10\/2026\/03\/17.02.2026-1.jpeg",1199,799,false],"thumbnail":["https:\/\/blog.vida.at\/pensionisten\/wp-content\/uploads\/sites\/10\/2026\/03\/17.02.2026-1-150x150.jpeg",150,150,true],"medium":["https:\/\/blog.vida.at\/pensionisten\/wp-content\/uploads\/sites\/10\/2026\/03\/17.02.2026-1-300x200.jpeg",300,200,true],"medium_large":["https:\/\/blog.vida.at\/pensionisten\/wp-content\/uploads\/sites\/10\/2026\/03\/17.02.2026-1-768x512.jpeg",640,427,true],"large":["https:\/\/blog.vida.at\/pensionisten\/wp-content\/uploads\/sites\/10\/2026\/03\/17.02.2026-1-1024x682.jpeg",640,426,true],"1536x1536":["https:\/\/blog.vida.at\/pensionisten\/wp-content\/uploads\/sites\/10\/2026\/03\/17.02.2026-1.jpeg",1199,799,false],"2048x2048":["https:\/\/blog.vida.at\/pensionisten\/wp-content\/uploads\/sites\/10\/2026\/03\/17.02.2026-1.jpeg",1199,799,false],"ab-block-post-grid-landscape":["https:\/\/blog.vida.at\/pensionisten\/wp-content\/uploads\/sites\/10\/2026\/03\/17.02.2026-1-600x400.jpeg",600,400,true],"ab-block-post-grid-square":["https:\/\/blog.vida.at\/pensionisten\/wp-content\/uploads\/sites\/10\/2026\/03\/17.02.2026-1-600x600.jpeg",600,600,true],"post-thumbnail":["https:\/\/blog.vida.at\/pensionisten\/wp-content\/uploads\/sites\/10\/2026\/03\/17.02.2026-1.jpeg",1199,799,false],"awb_sm":["https:\/\/blog.vida.at\/pensionisten\/wp-content\/uploads\/sites\/10\/2026\/03\/17.02.2026-1-500x333.jpeg",500,333,true],"awb_md":["https:\/\/blog.vida.at\/pensionisten\/wp-content\/uploads\/sites\/10\/2026\/03\/17.02.2026-1-800x533.jpeg",800,533,true],"awb_lg":["https:\/\/blog.vida.at\/pensionisten\/wp-content\/uploads\/sites\/10\/2026\/03\/17.02.2026-1.jpeg",1199,799,false],"awb_xl":["https:\/\/blog.vida.at\/pensionisten\/wp-content\/uploads\/sites\/10\/2026\/03\/17.02.2026-1.jpeg",1199,799,false]},"post_excerpt_stackable":"<p>Die OG Herzogenburg\/Neulengbach war mit dabei beim Faschingsumzug in P\u00f6chlarn. Gewerkschaft vida hei\u00dft Leben und vida lebt Vielfalt &#8211; nicht nur zum Fasching. Apropos, unsere vida-Ortsgruppe Herzogenburg\/Neulengbach machte am Faschingsdienstag, 17. Februar 2026, einen Ausflug nach P\u00f6chlarn &#8211; dort fand ein bunter und lebensfroher Faschingsumzug statt. Wir reisten mit den \u00d6BB an und verfolgten mit Freude die sch\u00f6nen W\u00e4gen und das bunte Treiben. Im Anschluss besuchten wir bei guter Stimmung ein gutes Restaurant. Wir danken allen Teilnehmer:innen und freuen uns auf den n\u00e4chsten gemeinsamen Ausflug!<\/p>\n","category_list":"<a href=\"https:\/\/blog.vida.at\/pensionisten\/category\/allgemein\/\" rel=\"category tag\">Allgemein<\/a>, <a href=\"https:\/\/blog.vida.at\/pensionisten\/category\/ortsgruppen\/niederoesterreich\/\" rel=\"category tag\">Nieder\u00f6sterreich<\/a>, <a href=\"https:\/\/blog.vida.at\/pensionisten\/category\/ortsgruppen\/niederoesterreich\/og-herzogenburg\/\" rel=\"category tag\">OG Herzogenburg<\/a>, <a href=\"https:\/\/blog.vida.at\/pensionisten\/category\/ortsgruppen\/\" rel=\"category tag\">Ortsgruppen<\/a>","author_info":{"display_name":"mariontobola","author_link":"https:\/\/blog.vida.at\/pensionisten\/author\/mariontobola\/"},"comments_num":"0 comments","featured_image_urls_v2":{"full":["https:\/\/blog.vida.at\/pensionisten\/wp-content\/uploads\/sites\/10\/2026\/03\/17.02.2026-1.jpeg",1199,799,false],"thumbnail":["https:\/\/blog.vida.at\/pensionisten\/wp-content\/uploads\/sites\/10\/2026\/03\/17.02.2026-1-150x150.jpeg",150,150,true],"medium":["https:\/\/blog.vida.at\/pensionisten\/wp-content\/uploads\/sites\/10\/2026\/03\/17.02.2026-1-300x200.jpeg",300,200,true],"medium_large":["https:\/\/blog.vida.at\/pensionisten\/wp-content\/uploads\/sites\/10\/2026\/03\/17.02.2026-1-768x512.jpeg",640,427,true],"large":["https:\/\/blog.vida.at\/pensionisten\/wp-content\/uploads\/sites\/10\/2026\/03\/17.02.2026-1-1024x682.jpeg",640,426,true],"1536x1536":["https:\/\/blog.vida.at\/pensionisten\/wp-content\/uploads\/sites\/10\/2026\/03\/17.02.2026-1.jpeg",1199,799,false],"2048x2048":["https:\/\/blog.vida.at\/pensionisten\/wp-content\/uploads\/sites\/10\/2026\/03\/17.02.2026-1.jpeg",1199,799,false],"ab-block-post-grid-landscape":["https:\/\/blog.vida.at\/pensionisten\/wp-content\/uploads\/sites\/10\/2026\/03\/17.02.2026-1-600x400.jpeg",600,400,true],"ab-block-post-grid-square":["https:\/\/blog.vida.at\/pensionisten\/wp-content\/uploads\/sites\/10\/2026\/03\/17.02.2026-1-600x600.jpeg",600,600,true],"post-thumbnail":["https:\/\/blog.vida.at\/pensionisten\/wp-content\/uploads\/sites\/10\/2026\/03\/17.02.2026-1.jpeg",1199,799,false],"awb_sm":["https:\/\/blog.vida.at\/pensionisten\/wp-content\/uploads\/sites\/10\/2026\/03\/17.02.2026-1-500x333.jpeg",500,333,true],"awb_md":["https:\/\/blog.vida.at\/pensionisten\/wp-content\/uploads\/sites\/10\/2026\/03\/17.02.2026-1-800x533.jpeg",800,533,true],"awb_lg":["https:\/\/blog.vida.at\/pensionisten\/wp-content\/uploads\/sites\/10\/2026\/03\/17.02.2026-1.jpeg",1199,799,false],"awb_xl":["https:\/\/blog.vida.at\/pensionisten\/wp-content\/uploads\/sites\/10\/2026\/03\/17.02.2026-1.jpeg",1199,799,false]},"post_excerpt_stackable_v2":"<p>Die OG Herzogenburg\/Neulengbach war mit dabei beim Faschingsumzug in P\u00f6chlarn. Gewerkschaft vida hei\u00dft Leben und vida lebt Vielfalt &#8211; nicht nur zum Fasching. Apropos, unsere vida-Ortsgruppe Herzogenburg\/Neulengbach machte am Faschingsdienstag, 17. Februar 2026, einen Ausflug nach P\u00f6chlarn &#8211; dort fand ein bunter und lebensfroher Faschingsumzug statt. Wir reisten mit den \u00d6BB an und verfolgten mit Freude die sch\u00f6nen W\u00e4gen und das bunte Treiben. Im Anschluss besuchten wir bei guter Stimmung ein gutes Restaurant. Wir danken allen Teilnehmer:innen und freuen uns auf den n\u00e4chsten gemeinsamen Ausflug!<\/p>\n","category_list_v2":"<a href=\"https:\/\/blog.vida.at\/pensionisten\/category\/allgemein\/\" rel=\"category tag\">Allgemein<\/a>, <a href=\"https:\/\/blog.vida.at\/pensionisten\/category\/ortsgruppen\/niederoesterreich\/\" rel=\"category tag\">Nieder\u00f6sterreich<\/a>, <a href=\"https:\/\/blog.vida.at\/pensionisten\/category\/ortsgruppen\/niederoesterreich\/og-herzogenburg\/\" rel=\"category tag\">OG Herzogenburg<\/a>, <a href=\"https:\/\/blog.vida.at\/pensionisten\/category\/ortsgruppen\/\" rel=\"category tag\">Ortsgruppen<\/a>","author_info_v2":{"name":"mariontobola","url":"https:\/\/blog.vida.at\/pensionisten\/author\/mariontobola\/"},"comments_num_v2":"0 comments","yoast_head":"<!-- This site is optimized with the Yoast SEO plugin v27.3 - https:\/\/yoast.com\/product\/yoast-seo-wordpress\/ -->\n<title>vida bunt und lebensfroh<\/title>\n<meta name=\"robots\" content=\"index, follow, max-snippet:-1, max-image-preview:large, max-video-preview:-1\" \/>\n<link rel=\"canonical\" href=\"https:\/\/blog.vida.at\/pensionisten\/2026\/03\/05\/vida-bunt-und-lebensfroh\/\" \/>\n<meta property=\"og:locale\" content=\"de_DE\" \/>\n<meta property=\"og:type\" content=\"article\" \/>\n<meta property=\"og:title\" content=\"vida bunt und lebensfroh\" \/>\n<meta property=\"og:description\" content=\"Die OG Herzogenburg\/Neulengbach war mit dabei beim Faschingsumzug in P\u00f6chlarn.\" \/>\n<meta property=\"og:url\" content=\"https:\/\/blog.vida.at\/pensionisten\/2026\/03\/05\/vida-bunt-und-lebensfroh\/\" \/>\n<meta property=\"og:site_name\" content=\"vida Pensionisten\" \/>\n<meta property=\"article:published_time\" content=\"2026-03-05T11:44:00+00:00\" \/>\n<meta property=\"article:modified_time\" content=\"2026-03-05T11:44:01+00:00\" \/>\n<meta property=\"og:image\" content=\"https:\/\/blog.vida.at\/pensionisten\/wp-content\/uploads\/sites\/10\/2026\/03\/17.02.2026-1.jpeg\" \/>\n\t<meta property=\"og:image:width\" content=\"1199\" \/>\n\t<meta property=\"og:image:height\" content=\"799\" \/>\n\t<meta property=\"og:image:type\" content=\"image\/jpeg\" \/>\n<meta name=\"author\" content=\"mariontobola\" \/>\n<meta name=\"twitter:card\" content=\"summary_large_image\" \/>\n<meta name=\"twitter:label1\" content=\"Verfasst von\" \/>\n\t<meta name=\"twitter:data1\" content=\"mariontobola\" \/>\n\t<meta name=\"twitter:label2\" content=\"Gesch\u00e4tzte Lesezeit\" \/>\n\t<meta name=\"twitter:data2\" content=\"4\u00a0Minuten\" \/>\n<script type=\"application\/ld+json\" class=\"yoast-schema-graph\">{\"@context\":\"https:\\\/\\\/schema.org\",\"@graph\":[{\"@type\":\"Article\",\"@id\":\"https:\\\/\\\/blog.vida.at\\\/pensionisten\\\/2026\\\/03\\\/05\\\/vida-bunt-und-lebensfroh\\\/#article\",\"isPartOf\":{\"@id\":\"https:\\\/\\\/blog.vida.at\\\/pensionisten\\\/2026\\\/03\\\/05\\\/vida-bunt-und-lebensfroh\\\/\"},\"author\":{\"name\":\"mariontobola\",\"@id\":\"https:\\\/\\\/blog.vida.at\\\/pensionisten\\\/#\\\/schema\\\/person\\\/88cee3ee93b9afdc51c92f5f63f38b8a\"},\"headline\":\"vida bunt und lebensfroh\",\"datePublished\":\"2026-03-05T11:44:00+00:00\",\"dateModified\":\"2026-03-05T11:44:01+00:00\",\"mainEntityOfPage\":{\"@id\":\"https:\\\/\\\/blog.vida.at\\\/pensionisten\\\/2026\\\/03\\\/05\\\/vida-bunt-und-lebensfroh\\\/\"},\"wordCount\":96,\"commentCount\":0,\"image\":{\"@id\":\"https:\\\/\\\/blog.vida.at\\\/pensionisten\\\/2026\\\/03\\\/05\\\/vida-bunt-und-lebensfroh\\\/#primaryimage\"},\"thumbnailUrl\":\"https:\\\/\\\/blog.vida.at\\\/pensionisten\\\/wp-content\\\/uploads\\\/sites\\\/10\\\/2026\\\/03\\\/17.02.2026-1.jpeg\",\"articleSection\":{\"1\":\"Nieder\u00f6sterreich\",\"2\":\"OG Herzogenburg\",\"3\":\"Ortsgruppen\"},\"inLanguage\":\"de\",\"potentialAction\":[{\"@type\":\"CommentAction\",\"name\":\"Comment\",\"target\":[\"https:\\\/\\\/blog.vida.at\\\/pensionisten\\\/2026\\\/03\\\/05\\\/vida-bunt-und-lebensfroh\\\/#respond\"]}]},{\"@type\":\"WebPage\",\"@id\":\"https:\\\/\\\/blog.vida.at\\\/pensionisten\\\/2026\\\/03\\\/05\\\/vida-bunt-und-lebensfroh\\\/\",\"url\":\"https:\\\/\\\/blog.vida.at\\\/pensionisten\\\/2026\\\/03\\\/05\\\/vida-bunt-und-lebensfroh\\\/\",\"name\":\"vida bunt und lebensfroh\",\"isPartOf\":{\"@id\":\"https:\\\/\\\/blog.vida.at\\\/pensionisten\\\/#website\"},\"primaryImageOfPage\":{\"@id\":\"https:\\\/\\\/blog.vida.at\\\/pensionisten\\\/2026\\\/03\\\/05\\\/vida-bunt-und-lebensfroh\\\/#primaryimage\"},\"image\":{\"@id\":\"https:\\\/\\\/blog.vida.at\\\/pensionisten\\\/2026\\\/03\\\/05\\\/vida-bunt-und-lebensfroh\\\/#primaryimage\"},\"thumbnailUrl\":\"https:\\\/\\\/blog.vida.at\\\/pensionisten\\\/wp-content\\\/uploads\\\/sites\\\/10\\\/2026\\\/03\\\/17.02.2026-1.jpeg\",\"datePublished\":\"2026-03-05T11:44:00+00:00\",\"dateModified\":\"2026-03-05T11:44:01+00:00\",\"author\":{\"@id\":\"https:\\\/\\\/blog.vida.at\\\/pensionisten\\\/#\\\/schema\\\/person\\\/88cee3ee93b9afdc51c92f5f63f38b8a\"},\"breadcrumb\":{\"@id\":\"https:\\\/\\\/blog.vida.at\\\/pensionisten\\\/2026\\\/03\\\/05\\\/vida-bunt-und-lebensfroh\\\/#breadcrumb\"},\"inLanguage\":\"de\",\"potentialAction\":[{\"@type\":\"ReadAction\",\"target\":[\"https:\\\/\\\/blog.vida.at\\\/pensionisten\\\/2026\\\/03\\\/05\\\/vida-bunt-und-lebensfroh\\\/\"]}]},{\"@type\":\"ImageObject\",\"inLanguage\":\"de\",\"@id\":\"https:\\\/\\\/blog.vida.at\\\/pensionisten\\\/2026\\\/03\\\/05\\\/vida-bunt-und-lebensfroh\\\/#primaryimage\",\"url\":\"https:\\\/\\\/blog.vida.at\\\/pensionisten\\\/wp-content\\\/uploads\\\/sites\\\/10\\\/2026\\\/03\\\/17.02.2026-1.jpeg\",\"contentUrl\":\"https:\\\/\\\/blog.vida.at\\\/pensionisten\\\/wp-content\\\/uploads\\\/sites\\\/10\\\/2026\\\/03\\\/17.02.2026-1.jpeg\",\"width\":1199,\"height\":799},{\"@type\":\"BreadcrumbList\",\"@id\":\"https:\\\/\\\/blog.vida.at\\\/pensionisten\\\/2026\\\/03\\\/05\\\/vida-bunt-und-lebensfroh\\\/#breadcrumb\",\"itemListElement\":[{\"@type\":\"ListItem\",\"position\":1,\"name\":\"Startseite\",\"item\":\"https:\\\/\\\/blog.vida.at\\\/pensionisten\\\/\"},{\"@type\":\"ListItem\",\"position\":2,\"name\":\"vida bunt und lebensfroh\"}]},{\"@type\":\"WebSite\",\"@id\":\"https:\\\/\\\/blog.vida.at\\\/pensionisten\\\/#website\",\"url\":\"https:\\\/\\\/blog.vida.at\\\/pensionisten\\\/\",\"name\":\"vida Pensionisten\",\"description\":\"\",\"potentialAction\":[{\"@type\":\"SearchAction\",\"target\":{\"@type\":\"EntryPoint\",\"urlTemplate\":\"https:\\\/\\\/blog.vida.at\\\/pensionisten\\\/?s={search_term_string}\"},\"query-input\":{\"@type\":\"PropertyValueSpecification\",\"valueRequired\":true,\"valueName\":\"search_term_string\"}}],\"inLanguage\":\"de\"},{\"@type\":\"Person\",\"@id\":\"https:\\\/\\\/blog.vida.at\\\/pensionisten\\\/#\\\/schema\\\/person\\\/88cee3ee93b9afdc51c92f5f63f38b8a\",\"name\":\"mariontobola\",\"image\":{\"@type\":\"ImageObject\",\"inLanguage\":\"de\",\"@id\":\"https:\\\/\\\/secure.gravatar.com\\\/avatar\\\/5d2c516985e4eda61bca05bd3b4359b4358135bd1e1a5b08c539e9cd1edd6528?s=96&d=mm&r=g\",\"url\":\"https:\\\/\\\/secure.gravatar.com\\\/avatar\\\/5d2c516985e4eda61bca05bd3b4359b4358135bd1e1a5b08c539e9cd1edd6528?s=96&d=mm&r=g\",\"contentUrl\":\"https:\\\/\\\/secure.gravatar.com\\\/avatar\\\/5d2c516985e4eda61bca05bd3b4359b4358135bd1e1a5b08c539e9cd1edd6528?s=96&d=mm&r=g\",\"caption\":\"mariontobola\"},\"url\":\"https:\\\/\\\/blog.vida.at\\\/pensionisten\\\/author\\\/mariontobola\\\/\"}]}<\/script>\n<!-- \/ Yoast SEO plugin. -->","yoast_head_json":{"title":"vida bunt und lebensfroh","robots":{"index":"index","follow":"follow","max-snippet":"max-snippet:-1","max-image-preview":"max-image-preview:large","max-video-preview":"max-video-preview:-1"},"canonical":"https:\/\/blog.vida.at\/pensionisten\/2026\/03\/05\/vida-bunt-und-lebensfroh\/","og_locale":"de_DE","og_type":"article","og_title":"vida bunt und lebensfroh","og_description":"Die OG Herzogenburg\/Neulengbach war mit dabei beim Faschingsumzug in P\u00f6chlarn.","og_url":"https:\/\/blog.vida.at\/pensionisten\/2026\/03\/05\/vida-bunt-und-lebensfroh\/","og_site_name":"vida Pensionisten","article_published_time":"2026-03-05T11:44:00+00:00","article_modified_time":"2026-03-05T11:44:01+00:00","og_image":[{"width":1199,"height":799,"url":"https:\/\/blog.vida.at\/pensionisten\/wp-content\/uploads\/sites\/10\/2026\/03\/17.02.2026-1.jpeg","type":"image\/jpeg"}],"author":"mariontobola","twitter_card":"summary_large_image","twitter_misc":{"Verfasst von":"mariontobola","Gesch\u00e4tzte Lesezeit":"4\u00a0Minuten"},"schema":{"@context":"https:\/\/schema.org","@graph":[{"@type":"Article","@id":"https:\/\/blog.vida.at\/pensionisten\/2026\/03\/05\/vida-bunt-und-lebensfroh\/#article","isPartOf":{"@id":"https:\/\/blog.vida.at\/pensionisten\/2026\/03\/05\/vida-bunt-und-lebensfroh\/"},"author":{"name":"mariontobola","@id":"https:\/\/blog.vida.at\/pensionisten\/#\/schema\/person\/88cee3ee93b9afdc51c92f5f63f38b8a"},"headline":"vida bunt und lebensfroh","datePublished":"2026-03-05T11:44:00+00:00","dateModified":"2026-03-05T11:44:01+00:00","mainEntityOfPage":{"@id":"https:\/\/blog.vida.at\/pensionisten\/2026\/03\/05\/vida-bunt-und-lebensfroh\/"},"wordCount":96,"commentCount":0,"image":{"@id":"https:\/\/blog.vida.at\/pensionisten\/2026\/03\/05\/vida-bunt-und-lebensfroh\/#primaryimage"},"thumbnailUrl":"https:\/\/blog.vida.at\/pensionisten\/wp-content\/uploads\/sites\/10\/2026\/03\/17.02.2026-1.jpeg","articleSection":{"1":"Nieder\u00f6sterreich","2":"OG Herzogenburg","3":"Ortsgruppen"},"inLanguage":"de","potentialAction":[{"@type":"CommentAction","name":"Comment","target":["https:\/\/blog.vida.at\/pensionisten\/2026\/03\/05\/vida-bunt-und-lebensfroh\/#respond"]}]},{"@type":"WebPage","@id":"https:\/\/blog.vida.at\/pensionisten\/2026\/03\/05\/vida-bunt-und-lebensfroh\/","url":"https:\/\/blog.vida.at\/pensionisten\/2026\/03\/05\/vida-bunt-und-lebensfroh\/","name":"vida bunt und lebensfroh","isPartOf":{"@id":"https:\/\/blog.vida.at\/pensionisten\/#website"},"primaryImageOfPage":{"@id":"https:\/\/blog.vida.at\/pensionisten\/2026\/03\/05\/vida-bunt-und-lebensfroh\/#primaryimage"},"image":{"@id":"https:\/\/blog.vida.at\/pensionisten\/2026\/03\/05\/vida-bunt-und-lebensfroh\/#primaryimage"},"thumbnailUrl":"https:\/\/blog.vida.at\/pensionisten\/wp-content\/uploads\/sites\/10\/2026\/03\/17.02.2026-1.jpeg","datePublished":"2026-03-05T11:44:00+00:00","dateModified":"2026-03-05T11:44:01+00:00","author":{"@id":"https:\/\/blog.vida.at\/pensionisten\/#\/schema\/person\/88cee3ee93b9afdc51c92f5f63f38b8a"},"breadcrumb":{"@id":"https:\/\/blog.vida.at\/pensionisten\/2026\/03\/05\/vida-bunt-und-lebensfroh\/#breadcrumb"},"inLanguage":"de","potentialAction":[{"@type":"ReadAction","target":["https:\/\/blog.vida.at\/pensionisten\/2026\/03\/05\/vida-bunt-und-lebensfroh\/"]}]},{"@type":"ImageObject","inLanguage":"de","@id":"https:\/\/blog.vida.at\/pensionisten\/2026\/03\/05\/vida-bunt-und-lebensfroh\/#primaryimage","url":"https:\/\/blog.vida.at\/pensionisten\/wp-content\/uploads\/sites\/10\/2026\/03\/17.02.2026-1.jpeg","contentUrl":"https:\/\/blog.vida.at\/pensionisten\/wp-content\/uploads\/sites\/10\/2026\/03\/17.02.2026-1.jpeg","width":1199,"height":799},{"@type":"BreadcrumbList","@id":"https:\/\/blog.vida.at\/pensionisten\/2026\/03\/05\/vida-bunt-und-lebensfroh\/#breadcrumb","itemListElement":[{"@type":"ListItem","position":1,"name":"Startseite","item":"https:\/\/blog.vida.at\/pensionisten\/"},{"@type":"ListItem","position":2,"name":"vida bunt und lebensfroh"}]},{"@type":"WebSite","@id":"https:\/\/blog.vida.at\/pensionisten\/#website","url":"https:\/\/blog.vida.at\/pensionisten\/","name":"vida Pensionisten","description":"","potentialAction":[{"@type":"SearchAction","target":{"@type":"EntryPoint","urlTemplate":"https:\/\/blog.vida.at\/pensionisten\/?s={search_term_string}"},"query-input":{"@type":"PropertyValueSpecification","valueRequired":true,"valueName":"search_term_string"}}],"inLanguage":"de"},{"@type":"Person","@id":"https:\/\/blog.vida.at\/pensionisten\/#\/schema\/person\/88cee3ee93b9afdc51c92f5f63f38b8a","name":"mariontobola","image":{"@type":"ImageObject","inLanguage":"de","@id":"https:\/\/secure.gravatar.com\/avatar\/5d2c516985e4eda61bca05bd3b4359b4358135bd1e1a5b08c539e9cd1edd6528?s=96&d=mm&r=g","url":"https:\/\/secure.gravatar.com\/avatar\/5d2c516985e4eda61bca05bd3b4359b4358135bd1e1a5b08c539e9cd1edd6528?s=96&d=mm&r=g","contentUrl":"https:\/\/secure.gravatar.com\/avatar\/5d2c516985e4eda61bca05bd3b4359b4358135bd1e1a5b08c539e9cd1edd6528?s=96&d=mm&r=g","caption":"mariontobola"},"url":"https:\/\/blog.vida.at\/pensionisten\/author\/mariontobola\/"}]}},"author_meta":{"display_name":"mariontobola","author_link":"https:\/\/blog.vida.at\/pensionisten\/author\/mariontobola\/"},"featured_img":"https:\/\/blog.vida.at\/pensionisten\/wp-content\/uploads\/sites\/10\/2026\/03\/17.02.2026-1-300x200.jpeg","featured_image_src":"https:\/\/blog.vida.at\/pensionisten\/wp-content\/uploads\/sites\/10\/2026\/03\/17.02.2026-1-600x400.jpeg","featured_image_src_square":"https:\/\/blog.vida.at\/pensionisten\/wp-content\/uploads\/sites\/10\/2026\/03\/17.02.2026-1-600x600.jpeg","uagb_featured_image_src":{"full":["https:\/\/blog.vida.at\/pensionisten\/wp-content\/uploads\/sites\/10\/2026\/03\/17.02.2026-1.jpeg",1199,799,false],"thumbnail":["https:\/\/blog.vida.at\/pensionisten\/wp-content\/uploads\/sites\/10\/2026\/03\/17.02.2026-1-150x150.jpeg",150,150,true],"medium":["https:\/\/blog.vida.at\/pensionisten\/wp-content\/uploads\/sites\/10\/2026\/03\/17.02.2026-1-300x200.jpeg",300,200,true],"medium_large":["https:\/\/blog.vida.at\/pensionisten\/wp-content\/uploads\/sites\/10\/2026\/03\/17.02.2026-1-768x512.jpeg",640,427,true],"large":["https:\/\/blog.vida.at\/pensionisten\/wp-content\/uploads\/sites\/10\/2026\/03\/17.02.2026-1-1024x682.jpeg",640,426,true],"1536x1536":["https:\/\/blog.vida.at\/pensionisten\/wp-content\/uploads\/sites\/10\/2026\/03\/17.02.2026-1.jpeg",1199,799,false],"2048x2048":["https:\/\/blog.vida.at\/pensionisten\/wp-content\/uploads\/sites\/10\/2026\/03\/17.02.2026-1.jpeg",1199,799,false],"ab-block-post-grid-landscape":["https:\/\/blog.vida.at\/pensionisten\/wp-content\/uploads\/sites\/10\/2026\/03\/17.02.2026-1-600x400.jpeg",600,400,true],"ab-block-post-grid-square":["https:\/\/blog.vida.at\/pensionisten\/wp-content\/uploads\/sites\/10\/2026\/03\/17.02.2026-1-600x600.jpeg",600,600,true],"post-thumbnail":["https:\/\/blog.vida.at\/pensionisten\/wp-content\/uploads\/sites\/10\/2026\/03\/17.02.2026-1.jpeg",1199,799,false],"awb_sm":["https:\/\/blog.vida.at\/pensionisten\/wp-content\/uploads\/sites\/10\/2026\/03\/17.02.2026-1-500x333.jpeg",500,333,true],"awb_md":["https:\/\/blog.vida.at\/pensionisten\/wp-content\/uploads\/sites\/10\/2026\/03\/17.02.2026-1-800x533.jpeg",800,533,true],"awb_lg":["https:\/\/blog.vida.at\/pensionisten\/wp-content\/uploads\/sites\/10\/2026\/03\/17.02.2026-1.jpeg",1199,799,false],"awb_xl":["https:\/\/blog.vida.at\/pensionisten\/wp-content\/uploads\/sites\/10\/2026\/03\/17.02.2026-1.jpeg",1199,799,false]},"uagb_author_info":{"display_name":"mariontobola","author_link":"https:\/\/blog.vida.at\/pensionisten\/author\/mariontobola\/"},"uagb_comment_info":0,"uagb_excerpt":"Die OG Herzogenburg\/Neulengbach war mit dabei beim Faschingsumzug in P\u00f6chlarn.","coauthors":[],"tax_additional":{"categories":{"linked":["<a href=\"https:\/\/blog.vida.at\/pensionisten\/category\/allgemein\/\" class=\"advgb-post-tax-term\">Allgemein<\/a>","<a href=\"https:\/\/blog.vida.at\/pensionisten\/category\/ortsgruppen\/niederoesterreich\/\" class=\"advgb-post-tax-term\">Nieder\u00f6sterreich<\/a>","<a href=\"https:\/\/blog.vida.at\/pensionisten\/category\/ortsgruppen\/niederoesterreich\/og-herzogenburg\/\" class=\"advgb-post-tax-term\">OG Herzogenburg<\/a>","<a href=\"https:\/\/blog.vida.at\/pensionisten\/category\/ortsgruppen\/\" class=\"advgb-post-tax-term\">Ortsgruppen<\/a>"],"unlinked":["<span class=\"advgb-post-tax-term\">Allgemein<\/span>","<span class=\"advgb-post-tax-term\">Nieder\u00f6sterreich<\/span>","<span class=\"advgb-post-tax-term\">OG Herzogenburg<\/span>","<span class=\"advgb-post-tax-term\">Ortsgruppen<\/span>"]}},"comment_count":"0","relative_dates":{"created":"Ver\u00f6ffentlicht 2\u00a0Monaten vor","modified":"Aktualisiert 2\u00a0Monaten vor"},"absolute_dates":{"created":"Ver\u00f6ffentlicht am 5. M\u00e4rz 2026","modified":"Aktualisiert am 5. M\u00e4rz 2026"},"absolute_dates_time":{"created":"Ver\u00f6ffentlicht am 5. M\u00e4rz 2026 12:44","modified":"Aktualisiert am 5. M\u00e4rz 2026 12:44"},"featured_img_caption":"","series_order":"","_links":{"self":[{"href":"https:\/\/blog.vida.at\/pensionisten\/wp-json\/wp\/v2\/posts\/12648","targetHints":{"allow":["GET"]}}],"collection":[{"href":"https:\/\/blog.vida.at\/pensionisten\/wp-json\/wp\/v2\/posts"}],"about":[{"href":"https:\/\/blog.vida.at\/pensionisten\/wp-json\/wp\/v2\/types\/post"}],"author":[{"embeddable":true,"href":"https:\/\/blog.vida.at\/pensionisten\/wp-json\/wp\/v2\/users\/8"}],"replies":[{"embeddable":true,"href":"https:\/\/blog.vida.at\/pensionisten\/wp-json\/wp\/v2\/comments?post=12648"}],"version-history":[{"count":1,"href":"https:\/\/blog.vida.at\/pensionisten\/wp-json\/wp\/v2\/posts\/12648\/revisions"}],"predecessor-version":[{"id":12661,"href":"https:\/\/blog.vida.at\/pensionisten\/wp-json\/wp\/v2\/posts\/12648\/revisions\/12661"}],"wp:featuredmedia":[{"embeddable":true,"href":"https:\/\/blog.vida.at\/pensionisten\/wp-json\/wp\/v2\/media\/12649"}],"wp:attachment":[{"href":"https:\/\/blog.vida.at\/pensionisten\/wp-json\/wp\/v2\/media?parent=12648"}],"wp:term":[{"taxonomy":"category","embeddable":true,"href":"https:\/\/blog.vida.at\/pensionisten\/wp-json\/wp\/v2\/categories?post=12648"},{"taxonomy":"post_tag","embeddable":true,"href":"https:\/\/blog.vida.at\/pensionisten\/wp-json\/wp\/v2\/tags?post=12648"},{"taxonomy":"Orte","embeddable":true,"href":"https:\/\/blog.vida.at\/pensionisten\/wp-json\/wp\/v2\/Orte?post=12648"},{"taxonomy":"activitytype","embeddable":true,"href":"https:\/\/blog.vida.at\/pensionisten\/wp-json\/wp\/v2\/activitytype?post=12648"}],"curies":[{"name":"wp","href":"https:\/\/api.w.org\/{rel}","templated":true}]}}