
{"id":12989,"date":"2026-04-28T11:46:50","date_gmt":"2026-04-28T09:46:50","guid":{"rendered":"https:\/\/blog.vida.at\/pensionisten\/?p=12989"},"modified":"2026-04-28T11:46:50","modified_gmt":"2026-04-28T09:46:50","slug":"vida-sagt-danke-3","status":"publish","type":"post","link":"https:\/\/blog.vida.at\/pensionisten\/2026\/04\/28\/vida-sagt-danke-3\/","title":{"rendered":"vida sagt DANKE"},"content":{"rendered":"\n<div class=\"wp-block-group Container\"><div class=\"wp-block-group__inner-container is-layout-flow wp-block-group-is-layout-flow\">\n<h4 class=\"wp-block-heading\">Das war die Mitgliederversammlung der OG Rosenbach\/Villach.<\/h4>\n\n\n\n<br>\n\n\n\n<p><\/p>\n\n\n\n<!--more-->\n\n\n\n<p>Am 24. April 2026 fand die <strong>Mitgliederversammlung<\/strong> der <strong>vida-Ortsgruppe Rosenbach\/Villach<\/strong> statt &#8211; mit zahlreichen Ehreng\u00e4sten. <\/p>\n\n\n\n<figure class=\"wp-block-image size-large\"><img loading=\"lazy\" decoding=\"async\" width=\"1024\" height=\"768\" src=\"https:\/\/blog.vida.at\/pensionisten\/wp-content\/uploads\/sites\/10\/2026\/04\/Mitgliederversammlung_OG_Rosenbach_Villach-1024x768.jpg\" alt=\"\" class=\"wp-image-12990\" srcset=\"https:\/\/blog.vida.at\/pensionisten\/wp-content\/uploads\/sites\/10\/2026\/04\/Mitgliederversammlung_OG_Rosenbach_Villach-1024x768.jpg 1024w, https:\/\/blog.vida.at\/pensionisten\/wp-content\/uploads\/sites\/10\/2026\/04\/Mitgliederversammlung_OG_Rosenbach_Villach-300x225.jpg 300w, https:\/\/blog.vida.at\/pensionisten\/wp-content\/uploads\/sites\/10\/2026\/04\/Mitgliederversammlung_OG_Rosenbach_Villach-768x576.jpg 768w, https:\/\/blog.vida.at\/pensionisten\/wp-content\/uploads\/sites\/10\/2026\/04\/Mitgliederversammlung_OG_Rosenbach_Villach-1536x1152.jpg 1536w, https:\/\/blog.vida.at\/pensionisten\/wp-content\/uploads\/sites\/10\/2026\/04\/Mitgliederversammlung_OG_Rosenbach_Villach-1568x1176.jpg 1568w, https:\/\/blog.vida.at\/pensionisten\/wp-content\/uploads\/sites\/10\/2026\/04\/Mitgliederversammlung_OG_Rosenbach_Villach-500x375.jpg 500w, https:\/\/blog.vida.at\/pensionisten\/wp-content\/uploads\/sites\/10\/2026\/04\/Mitgliederversammlung_OG_Rosenbach_Villach-800x600.jpg 800w, https:\/\/blog.vida.at\/pensionisten\/wp-content\/uploads\/sites\/10\/2026\/04\/Mitgliederversammlung_OG_Rosenbach_Villach-1280x960.jpg 1280w, https:\/\/blog.vida.at\/pensionisten\/wp-content\/uploads\/sites\/10\/2026\/04\/Mitgliederversammlung_OG_Rosenbach_Villach.jpg 1600w\" sizes=\"auto, (max-width: 1024px) 100vw, 1024px\" \/><\/figure>\n\n\n\n<p><em>Im Bild (v. l. n. r.): Hermann Lipitsch, Alfred Graschl, Roman Kobald, Heinz K\u00f6chl, Heimo Mauczka, Josef Wiesinger und Rudolf Turner<\/em><\/p>\n\n\n\n<p><strong><mark style=\"color:#f50000\" class=\"has-inline-color\">Wir bedanken uns bei allen Mitgliedern f\u00fcr die Solidarit\u00e4t und Treue!<\/mark><\/strong><\/p>\n\n\n\n<p><\/p>\n\n\n\n<p><\/p>\n\n\n\n<p><\/p>\n<\/div><\/div>\n","protected":false},"excerpt":{"rendered":"<p>Das war die Mitgliederversammlung der OG Rosenbach\/Villach.<\/p>\n","protected":false},"author":8,"featured_media":12991,"comment_status":"open","ping_status":"open","sticky":false,"template":"","format":"standard","meta":{"_uag_custom_page_level_css":"","advgb_blocks_editor_width":"","advgb_blocks_columns_visual_guide":"","footnotes":""},"categories":[1,56,49],"tags":[],"Orte":[],"activitytype":[],"class_list":["post-12989","post","type-post","status-publish","format-standard","has-post-thumbnail","hentry","category-allgemein","category-kaernten","category-ortsgruppen","entry"],"featured_image_urls":{"full":["https:\/\/blog.vida.at\/pensionisten\/wp-content\/uploads\/sites\/10\/2026\/04\/Mitgliederversammlung_OG_Rosenbach_Villach-1.jpg",1103,736,false],"thumbnail":["https:\/\/blog.vida.at\/pensionisten\/wp-content\/uploads\/sites\/10\/2026\/04\/Mitgliederversammlung_OG_Rosenbach_Villach-1-150x150.jpg",150,150,true],"medium":["https:\/\/blog.vida.at\/pensionisten\/wp-content\/uploads\/sites\/10\/2026\/04\/Mitgliederversammlung_OG_Rosenbach_Villach-1-300x200.jpg",300,200,true],"medium_large":["https:\/\/blog.vida.at\/pensionisten\/wp-content\/uploads\/sites\/10\/2026\/04\/Mitgliederversammlung_OG_Rosenbach_Villach-1-768x512.jpg",640,427,true],"large":["https:\/\/blog.vida.at\/pensionisten\/wp-content\/uploads\/sites\/10\/2026\/04\/Mitgliederversammlung_OG_Rosenbach_Villach-1-1024x683.jpg",640,427,true],"1536x1536":["https:\/\/blog.vida.at\/pensionisten\/wp-content\/uploads\/sites\/10\/2026\/04\/Mitgliederversammlung_OG_Rosenbach_Villach-1.jpg",1103,736,false],"2048x2048":["https:\/\/blog.vida.at\/pensionisten\/wp-content\/uploads\/sites\/10\/2026\/04\/Mitgliederversammlung_OG_Rosenbach_Villach-1.jpg",1103,736,false],"ab-block-post-grid-landscape":["https:\/\/blog.vida.at\/pensionisten\/wp-content\/uploads\/sites\/10\/2026\/04\/Mitgliederversammlung_OG_Rosenbach_Villach-1-600x400.jpg",600,400,true],"ab-block-post-grid-square":["https:\/\/blog.vida.at\/pensionisten\/wp-content\/uploads\/sites\/10\/2026\/04\/Mitgliederversammlung_OG_Rosenbach_Villach-1-600x600.jpg",600,600,true],"post-thumbnail":["https:\/\/blog.vida.at\/pensionisten\/wp-content\/uploads\/sites\/10\/2026\/04\/Mitgliederversammlung_OG_Rosenbach_Villach-1.jpg",1103,736,false],"awb_sm":["https:\/\/blog.vida.at\/pensionisten\/wp-content\/uploads\/sites\/10\/2026\/04\/Mitgliederversammlung_OG_Rosenbach_Villach-1-500x334.jpg",500,334,true],"awb_md":["https:\/\/blog.vida.at\/pensionisten\/wp-content\/uploads\/sites\/10\/2026\/04\/Mitgliederversammlung_OG_Rosenbach_Villach-1-800x534.jpg",800,534,true],"awb_lg":["https:\/\/blog.vida.at\/pensionisten\/wp-content\/uploads\/sites\/10\/2026\/04\/Mitgliederversammlung_OG_Rosenbach_Villach-1.jpg",1103,736,false],"awb_xl":["https:\/\/blog.vida.at\/pensionisten\/wp-content\/uploads\/sites\/10\/2026\/04\/Mitgliederversammlung_OG_Rosenbach_Villach-1.jpg",1103,736,false]},"post_excerpt_stackable":"<p>Das war die Mitgliederversammlung der OG Rosenbach\/Villach. Am 24. April 2026 fand die Mitgliederversammlung der vida-Ortsgruppe Rosenbach\/Villach statt &#8211; mit zahlreichen Ehreng\u00e4sten. Im Bild (v. l. n. r.): Hermann Lipitsch, Alfred Graschl, Roman Kobald, Heinz K\u00f6chl, Heimo Mauczka, Josef Wiesinger und Rudolf Turner Wir bedanken uns bei allen Mitgliedern f\u00fcr die Solidarit\u00e4t und Treue!<\/p>\n","category_list":"<a href=\"https:\/\/blog.vida.at\/pensionisten\/category\/allgemein\/\" rel=\"category tag\">Allgemein<\/a>, <a href=\"https:\/\/blog.vida.at\/pensionisten\/category\/ortsgruppen\/kaernten\/\" rel=\"category tag\">K\u00e4rnten<\/a>, <a href=\"https:\/\/blog.vida.at\/pensionisten\/category\/ortsgruppen\/\" rel=\"category tag\">Ortsgruppen<\/a>","author_info":{"display_name":"mariontobola","author_link":"https:\/\/blog.vida.at\/pensionisten\/author\/mariontobola\/"},"comments_num":"0 comments","featured_image_urls_v2":{"full":["https:\/\/blog.vida.at\/pensionisten\/wp-content\/uploads\/sites\/10\/2026\/04\/Mitgliederversammlung_OG_Rosenbach_Villach-1.jpg",1103,736,false],"thumbnail":["https:\/\/blog.vida.at\/pensionisten\/wp-content\/uploads\/sites\/10\/2026\/04\/Mitgliederversammlung_OG_Rosenbach_Villach-1-150x150.jpg",150,150,true],"medium":["https:\/\/blog.vida.at\/pensionisten\/wp-content\/uploads\/sites\/10\/2026\/04\/Mitgliederversammlung_OG_Rosenbach_Villach-1-300x200.jpg",300,200,true],"medium_large":["https:\/\/blog.vida.at\/pensionisten\/wp-content\/uploads\/sites\/10\/2026\/04\/Mitgliederversammlung_OG_Rosenbach_Villach-1-768x512.jpg",640,427,true],"large":["https:\/\/blog.vida.at\/pensionisten\/wp-content\/uploads\/sites\/10\/2026\/04\/Mitgliederversammlung_OG_Rosenbach_Villach-1-1024x683.jpg",640,427,true],"1536x1536":["https:\/\/blog.vida.at\/pensionisten\/wp-content\/uploads\/sites\/10\/2026\/04\/Mitgliederversammlung_OG_Rosenbach_Villach-1.jpg",1103,736,false],"2048x2048":["https:\/\/blog.vida.at\/pensionisten\/wp-content\/uploads\/sites\/10\/2026\/04\/Mitgliederversammlung_OG_Rosenbach_Villach-1.jpg",1103,736,false],"ab-block-post-grid-landscape":["https:\/\/blog.vida.at\/pensionisten\/wp-content\/uploads\/sites\/10\/2026\/04\/Mitgliederversammlung_OG_Rosenbach_Villach-1-600x400.jpg",600,400,true],"ab-block-post-grid-square":["https:\/\/blog.vida.at\/pensionisten\/wp-content\/uploads\/sites\/10\/2026\/04\/Mitgliederversammlung_OG_Rosenbach_Villach-1-600x600.jpg",600,600,true],"post-thumbnail":["https:\/\/blog.vida.at\/pensionisten\/wp-content\/uploads\/sites\/10\/2026\/04\/Mitgliederversammlung_OG_Rosenbach_Villach-1.jpg",1103,736,false],"awb_sm":["https:\/\/blog.vida.at\/pensionisten\/wp-content\/uploads\/sites\/10\/2026\/04\/Mitgliederversammlung_OG_Rosenbach_Villach-1-500x334.jpg",500,334,true],"awb_md":["https:\/\/blog.vida.at\/pensionisten\/wp-content\/uploads\/sites\/10\/2026\/04\/Mitgliederversammlung_OG_Rosenbach_Villach-1-800x534.jpg",800,534,true],"awb_lg":["https:\/\/blog.vida.at\/pensionisten\/wp-content\/uploads\/sites\/10\/2026\/04\/Mitgliederversammlung_OG_Rosenbach_Villach-1.jpg",1103,736,false],"awb_xl":["https:\/\/blog.vida.at\/pensionisten\/wp-content\/uploads\/sites\/10\/2026\/04\/Mitgliederversammlung_OG_Rosenbach_Villach-1.jpg",1103,736,false]},"post_excerpt_stackable_v2":"<p>Das war die Mitgliederversammlung der OG Rosenbach\/Villach. Am 24. April 2026 fand die Mitgliederversammlung der vida-Ortsgruppe Rosenbach\/Villach statt &#8211; mit zahlreichen Ehreng\u00e4sten. Im Bild (v. l. n. r.): Hermann Lipitsch, Alfred Graschl, Roman Kobald, Heinz K\u00f6chl, Heimo Mauczka, Josef Wiesinger und Rudolf Turner Wir bedanken uns bei allen Mitgliedern f\u00fcr die Solidarit\u00e4t und Treue!<\/p>\n","category_list_v2":"<a href=\"https:\/\/blog.vida.at\/pensionisten\/category\/allgemein\/\" rel=\"category tag\">Allgemein<\/a>, <a href=\"https:\/\/blog.vida.at\/pensionisten\/category\/ortsgruppen\/kaernten\/\" rel=\"category tag\">K\u00e4rnten<\/a>, <a href=\"https:\/\/blog.vida.at\/pensionisten\/category\/ortsgruppen\/\" rel=\"category tag\">Ortsgruppen<\/a>","author_info_v2":{"name":"mariontobola","url":"https:\/\/blog.vida.at\/pensionisten\/author\/mariontobola\/"},"comments_num_v2":"0 comments","yoast_head":"<!-- This site is optimized with the Yoast SEO plugin v27.3 - https:\/\/yoast.com\/product\/yoast-seo-wordpress\/ -->\n<title>vida sagt DANKE<\/title>\n<meta name=\"robots\" content=\"index, follow, max-snippet:-1, max-image-preview:large, max-video-preview:-1\" \/>\n<link rel=\"canonical\" href=\"https:\/\/blog.vida.at\/pensionisten\/2026\/04\/28\/vida-sagt-danke-3\/\" \/>\n<meta property=\"og:locale\" content=\"de_DE\" \/>\n<meta property=\"og:type\" content=\"article\" \/>\n<meta property=\"og:title\" content=\"vida sagt DANKE\" \/>\n<meta property=\"og:description\" content=\"Das war die Mitgliederversammlung der OG Rosenbach\/Villach.\" \/>\n<meta property=\"og:url\" content=\"https:\/\/blog.vida.at\/pensionisten\/2026\/04\/28\/vida-sagt-danke-3\/\" \/>\n<meta property=\"og:site_name\" content=\"vida Pensionisten\" \/>\n<meta property=\"article:published_time\" content=\"2026-04-28T09:46:50+00:00\" \/>\n<meta property=\"og:image\" content=\"https:\/\/blog.vida.at\/pensionisten\/wp-content\/uploads\/sites\/10\/2026\/04\/Mitgliederversammlung_OG_Rosenbach_Villach-1.jpg\" \/>\n\t<meta property=\"og:image:width\" content=\"1103\" \/>\n\t<meta property=\"og:image:height\" content=\"736\" \/>\n\t<meta property=\"og:image:type\" content=\"image\/jpeg\" \/>\n<meta name=\"author\" content=\"mariontobola\" \/>\n<meta name=\"twitter:card\" content=\"summary_large_image\" \/>\n<meta name=\"twitter:label1\" content=\"Verfasst von\" \/>\n\t<meta name=\"twitter:data1\" content=\"mariontobola\" \/>\n\t<meta name=\"twitter:label2\" content=\"Gesch\u00e4tzte Lesezeit\" \/>\n\t<meta name=\"twitter:data2\" content=\"1\u00a0Minute\" \/>\n<script type=\"application\/ld+json\" class=\"yoast-schema-graph\">{\"@context\":\"https:\\\/\\\/schema.org\",\"@graph\":[{\"@type\":\"Article\",\"@id\":\"https:\\\/\\\/blog.vida.at\\\/pensionisten\\\/2026\\\/04\\\/28\\\/vida-sagt-danke-3\\\/#article\",\"isPartOf\":{\"@id\":\"https:\\\/\\\/blog.vida.at\\\/pensionisten\\\/2026\\\/04\\\/28\\\/vida-sagt-danke-3\\\/\"},\"author\":{\"name\":\"mariontobola\",\"@id\":\"https:\\\/\\\/blog.vida.at\\\/pensionisten\\\/#\\\/schema\\\/person\\\/88cee3ee93b9afdc51c92f5f63f38b8a\"},\"headline\":\"vida sagt DANKE\",\"datePublished\":\"2026-04-28T09:46:50+00:00\",\"mainEntityOfPage\":{\"@id\":\"https:\\\/\\\/blog.vida.at\\\/pensionisten\\\/2026\\\/04\\\/28\\\/vida-sagt-danke-3\\\/\"},\"wordCount\":61,\"commentCount\":0,\"image\":{\"@id\":\"https:\\\/\\\/blog.vida.at\\\/pensionisten\\\/2026\\\/04\\\/28\\\/vida-sagt-danke-3\\\/#primaryimage\"},\"thumbnailUrl\":\"https:\\\/\\\/blog.vida.at\\\/pensionisten\\\/wp-content\\\/uploads\\\/sites\\\/10\\\/2026\\\/04\\\/Mitgliederversammlung_OG_Rosenbach_Villach-1.jpg\",\"articleSection\":{\"1\":\"K\u00e4rnten\",\"2\":\"Ortsgruppen\"},\"inLanguage\":\"de\",\"potentialAction\":[{\"@type\":\"CommentAction\",\"name\":\"Comment\",\"target\":[\"https:\\\/\\\/blog.vida.at\\\/pensionisten\\\/2026\\\/04\\\/28\\\/vida-sagt-danke-3\\\/#respond\"]}]},{\"@type\":\"WebPage\",\"@id\":\"https:\\\/\\\/blog.vida.at\\\/pensionisten\\\/2026\\\/04\\\/28\\\/vida-sagt-danke-3\\\/\",\"url\":\"https:\\\/\\\/blog.vida.at\\\/pensionisten\\\/2026\\\/04\\\/28\\\/vida-sagt-danke-3\\\/\",\"name\":\"vida sagt DANKE\",\"isPartOf\":{\"@id\":\"https:\\\/\\\/blog.vida.at\\\/pensionisten\\\/#website\"},\"primaryImageOfPage\":{\"@id\":\"https:\\\/\\\/blog.vida.at\\\/pensionisten\\\/2026\\\/04\\\/28\\\/vida-sagt-danke-3\\\/#primaryimage\"},\"image\":{\"@id\":\"https:\\\/\\\/blog.vida.at\\\/pensionisten\\\/2026\\\/04\\\/28\\\/vida-sagt-danke-3\\\/#primaryimage\"},\"thumbnailUrl\":\"https:\\\/\\\/blog.vida.at\\\/pensionisten\\\/wp-content\\\/uploads\\\/sites\\\/10\\\/2026\\\/04\\\/Mitgliederversammlung_OG_Rosenbach_Villach-1.jpg\",\"datePublished\":\"2026-04-28T09:46:50+00:00\",\"author\":{\"@id\":\"https:\\\/\\\/blog.vida.at\\\/pensionisten\\\/#\\\/schema\\\/person\\\/88cee3ee93b9afdc51c92f5f63f38b8a\"},\"breadcrumb\":{\"@id\":\"https:\\\/\\\/blog.vida.at\\\/pensionisten\\\/2026\\\/04\\\/28\\\/vida-sagt-danke-3\\\/#breadcrumb\"},\"inLanguage\":\"de\",\"potentialAction\":[{\"@type\":\"ReadAction\",\"target\":[\"https:\\\/\\\/blog.vida.at\\\/pensionisten\\\/2026\\\/04\\\/28\\\/vida-sagt-danke-3\\\/\"]}]},{\"@type\":\"ImageObject\",\"inLanguage\":\"de\",\"@id\":\"https:\\\/\\\/blog.vida.at\\\/pensionisten\\\/2026\\\/04\\\/28\\\/vida-sagt-danke-3\\\/#primaryimage\",\"url\":\"https:\\\/\\\/blog.vida.at\\\/pensionisten\\\/wp-content\\\/uploads\\\/sites\\\/10\\\/2026\\\/04\\\/Mitgliederversammlung_OG_Rosenbach_Villach-1.jpg\",\"contentUrl\":\"https:\\\/\\\/blog.vida.at\\\/pensionisten\\\/wp-content\\\/uploads\\\/sites\\\/10\\\/2026\\\/04\\\/Mitgliederversammlung_OG_Rosenbach_Villach-1.jpg\",\"width\":1103,\"height\":736},{\"@type\":\"BreadcrumbList\",\"@id\":\"https:\\\/\\\/blog.vida.at\\\/pensionisten\\\/2026\\\/04\\\/28\\\/vida-sagt-danke-3\\\/#breadcrumb\",\"itemListElement\":[{\"@type\":\"ListItem\",\"position\":1,\"name\":\"Startseite\",\"item\":\"https:\\\/\\\/blog.vida.at\\\/pensionisten\\\/\"},{\"@type\":\"ListItem\",\"position\":2,\"name\":\"vida sagt DANKE\"}]},{\"@type\":\"WebSite\",\"@id\":\"https:\\\/\\\/blog.vida.at\\\/pensionisten\\\/#website\",\"url\":\"https:\\\/\\\/blog.vida.at\\\/pensionisten\\\/\",\"name\":\"vida Pensionisten\",\"description\":\"\",\"potentialAction\":[{\"@type\":\"SearchAction\",\"target\":{\"@type\":\"EntryPoint\",\"urlTemplate\":\"https:\\\/\\\/blog.vida.at\\\/pensionisten\\\/?s={search_term_string}\"},\"query-input\":{\"@type\":\"PropertyValueSpecification\",\"valueRequired\":true,\"valueName\":\"search_term_string\"}}],\"inLanguage\":\"de\"},{\"@type\":\"Person\",\"@id\":\"https:\\\/\\\/blog.vida.at\\\/pensionisten\\\/#\\\/schema\\\/person\\\/88cee3ee93b9afdc51c92f5f63f38b8a\",\"name\":\"mariontobola\",\"image\":{\"@type\":\"ImageObject\",\"inLanguage\":\"de\",\"@id\":\"https:\\\/\\\/secure.gravatar.com\\\/avatar\\\/5d2c516985e4eda61bca05bd3b4359b4358135bd1e1a5b08c539e9cd1edd6528?s=96&d=mm&r=g\",\"url\":\"https:\\\/\\\/secure.gravatar.com\\\/avatar\\\/5d2c516985e4eda61bca05bd3b4359b4358135bd1e1a5b08c539e9cd1edd6528?s=96&d=mm&r=g\",\"contentUrl\":\"https:\\\/\\\/secure.gravatar.com\\\/avatar\\\/5d2c516985e4eda61bca05bd3b4359b4358135bd1e1a5b08c539e9cd1edd6528?s=96&d=mm&r=g\",\"caption\":\"mariontobola\"},\"url\":\"https:\\\/\\\/blog.vida.at\\\/pensionisten\\\/author\\\/mariontobola\\\/\"}]}<\/script>\n<!-- \/ Yoast SEO plugin. -->","yoast_head_json":{"title":"vida sagt DANKE","robots":{"index":"index","follow":"follow","max-snippet":"max-snippet:-1","max-image-preview":"max-image-preview:large","max-video-preview":"max-video-preview:-1"},"canonical":"https:\/\/blog.vida.at\/pensionisten\/2026\/04\/28\/vida-sagt-danke-3\/","og_locale":"de_DE","og_type":"article","og_title":"vida sagt DANKE","og_description":"Das war die Mitgliederversammlung der OG Rosenbach\/Villach.","og_url":"https:\/\/blog.vida.at\/pensionisten\/2026\/04\/28\/vida-sagt-danke-3\/","og_site_name":"vida Pensionisten","article_published_time":"2026-04-28T09:46:50+00:00","og_image":[{"width":1103,"height":736,"url":"https:\/\/blog.vida.at\/pensionisten\/wp-content\/uploads\/sites\/10\/2026\/04\/Mitgliederversammlung_OG_Rosenbach_Villach-1.jpg","type":"image\/jpeg"}],"author":"mariontobola","twitter_card":"summary_large_image","twitter_misc":{"Verfasst von":"mariontobola","Gesch\u00e4tzte Lesezeit":"1\u00a0Minute"},"schema":{"@context":"https:\/\/schema.org","@graph":[{"@type":"Article","@id":"https:\/\/blog.vida.at\/pensionisten\/2026\/04\/28\/vida-sagt-danke-3\/#article","isPartOf":{"@id":"https:\/\/blog.vida.at\/pensionisten\/2026\/04\/28\/vida-sagt-danke-3\/"},"author":{"name":"mariontobola","@id":"https:\/\/blog.vida.at\/pensionisten\/#\/schema\/person\/88cee3ee93b9afdc51c92f5f63f38b8a"},"headline":"vida sagt DANKE","datePublished":"2026-04-28T09:46:50+00:00","mainEntityOfPage":{"@id":"https:\/\/blog.vida.at\/pensionisten\/2026\/04\/28\/vida-sagt-danke-3\/"},"wordCount":61,"commentCount":0,"image":{"@id":"https:\/\/blog.vida.at\/pensionisten\/2026\/04\/28\/vida-sagt-danke-3\/#primaryimage"},"thumbnailUrl":"https:\/\/blog.vida.at\/pensionisten\/wp-content\/uploads\/sites\/10\/2026\/04\/Mitgliederversammlung_OG_Rosenbach_Villach-1.jpg","articleSection":{"1":"K\u00e4rnten","2":"Ortsgruppen"},"inLanguage":"de","potentialAction":[{"@type":"CommentAction","name":"Comment","target":["https:\/\/blog.vida.at\/pensionisten\/2026\/04\/28\/vida-sagt-danke-3\/#respond"]}]},{"@type":"WebPage","@id":"https:\/\/blog.vida.at\/pensionisten\/2026\/04\/28\/vida-sagt-danke-3\/","url":"https:\/\/blog.vida.at\/pensionisten\/2026\/04\/28\/vida-sagt-danke-3\/","name":"vida sagt DANKE","isPartOf":{"@id":"https:\/\/blog.vida.at\/pensionisten\/#website"},"primaryImageOfPage":{"@id":"https:\/\/blog.vida.at\/pensionisten\/2026\/04\/28\/vida-sagt-danke-3\/#primaryimage"},"image":{"@id":"https:\/\/blog.vida.at\/pensionisten\/2026\/04\/28\/vida-sagt-danke-3\/#primaryimage"},"thumbnailUrl":"https:\/\/blog.vida.at\/pensionisten\/wp-content\/uploads\/sites\/10\/2026\/04\/Mitgliederversammlung_OG_Rosenbach_Villach-1.jpg","datePublished":"2026-04-28T09:46:50+00:00","author":{"@id":"https:\/\/blog.vida.at\/pensionisten\/#\/schema\/person\/88cee3ee93b9afdc51c92f5f63f38b8a"},"breadcrumb":{"@id":"https:\/\/blog.vida.at\/pensionisten\/2026\/04\/28\/vida-sagt-danke-3\/#breadcrumb"},"inLanguage":"de","potentialAction":[{"@type":"ReadAction","target":["https:\/\/blog.vida.at\/pensionisten\/2026\/04\/28\/vida-sagt-danke-3\/"]}]},{"@type":"ImageObject","inLanguage":"de","@id":"https:\/\/blog.vida.at\/pensionisten\/2026\/04\/28\/vida-sagt-danke-3\/#primaryimage","url":"https:\/\/blog.vida.at\/pensionisten\/wp-content\/uploads\/sites\/10\/2026\/04\/Mitgliederversammlung_OG_Rosenbach_Villach-1.jpg","contentUrl":"https:\/\/blog.vida.at\/pensionisten\/wp-content\/uploads\/sites\/10\/2026\/04\/Mitgliederversammlung_OG_Rosenbach_Villach-1.jpg","width":1103,"height":736},{"@type":"BreadcrumbList","@id":"https:\/\/blog.vida.at\/pensionisten\/2026\/04\/28\/vida-sagt-danke-3\/#breadcrumb","itemListElement":[{"@type":"ListItem","position":1,"name":"Startseite","item":"https:\/\/blog.vida.at\/pensionisten\/"},{"@type":"ListItem","position":2,"name":"vida sagt DANKE"}]},{"@type":"WebSite","@id":"https:\/\/blog.vida.at\/pensionisten\/#website","url":"https:\/\/blog.vida.at\/pensionisten\/","name":"vida Pensionisten","description":"","potentialAction":[{"@type":"SearchAction","target":{"@type":"EntryPoint","urlTemplate":"https:\/\/blog.vida.at\/pensionisten\/?s={search_term_string}"},"query-input":{"@type":"PropertyValueSpecification","valueRequired":true,"valueName":"search_term_string"}}],"inLanguage":"de"},{"@type":"Person","@id":"https:\/\/blog.vida.at\/pensionisten\/#\/schema\/person\/88cee3ee93b9afdc51c92f5f63f38b8a","name":"mariontobola","image":{"@type":"ImageObject","inLanguage":"de","@id":"https:\/\/secure.gravatar.com\/avatar\/5d2c516985e4eda61bca05bd3b4359b4358135bd1e1a5b08c539e9cd1edd6528?s=96&d=mm&r=g","url":"https:\/\/secure.gravatar.com\/avatar\/5d2c516985e4eda61bca05bd3b4359b4358135bd1e1a5b08c539e9cd1edd6528?s=96&d=mm&r=g","contentUrl":"https:\/\/secure.gravatar.com\/avatar\/5d2c516985e4eda61bca05bd3b4359b4358135bd1e1a5b08c539e9cd1edd6528?s=96&d=mm&r=g","caption":"mariontobola"},"url":"https:\/\/blog.vida.at\/pensionisten\/author\/mariontobola\/"}]}},"author_meta":{"display_name":"mariontobola","author_link":"https:\/\/blog.vida.at\/pensionisten\/author\/mariontobola\/"},"featured_img":"https:\/\/blog.vida.at\/pensionisten\/wp-content\/uploads\/sites\/10\/2026\/04\/Mitgliederversammlung_OG_Rosenbach_Villach-1-300x200.jpg","featured_image_src":"https:\/\/blog.vida.at\/pensionisten\/wp-content\/uploads\/sites\/10\/2026\/04\/Mitgliederversammlung_OG_Rosenbach_Villach-1-600x400.jpg","featured_image_src_square":"https:\/\/blog.vida.at\/pensionisten\/wp-content\/uploads\/sites\/10\/2026\/04\/Mitgliederversammlung_OG_Rosenbach_Villach-1-600x600.jpg","uagb_featured_image_src":{"full":["https:\/\/blog.vida.at\/pensionisten\/wp-content\/uploads\/sites\/10\/2026\/04\/Mitgliederversammlung_OG_Rosenbach_Villach-1.jpg",1103,736,false],"thumbnail":["https:\/\/blog.vida.at\/pensionisten\/wp-content\/uploads\/sites\/10\/2026\/04\/Mitgliederversammlung_OG_Rosenbach_Villach-1-150x150.jpg",150,150,true],"medium":["https:\/\/blog.vida.at\/pensionisten\/wp-content\/uploads\/sites\/10\/2026\/04\/Mitgliederversammlung_OG_Rosenbach_Villach-1-300x200.jpg",300,200,true],"medium_large":["https:\/\/blog.vida.at\/pensionisten\/wp-content\/uploads\/sites\/10\/2026\/04\/Mitgliederversammlung_OG_Rosenbach_Villach-1-768x512.jpg",640,427,true],"large":["https:\/\/blog.vida.at\/pensionisten\/wp-content\/uploads\/sites\/10\/2026\/04\/Mitgliederversammlung_OG_Rosenbach_Villach-1-1024x683.jpg",640,427,true],"1536x1536":["https:\/\/blog.vida.at\/pensionisten\/wp-content\/uploads\/sites\/10\/2026\/04\/Mitgliederversammlung_OG_Rosenbach_Villach-1.jpg",1103,736,false],"2048x2048":["https:\/\/blog.vida.at\/pensionisten\/wp-content\/uploads\/sites\/10\/2026\/04\/Mitgliederversammlung_OG_Rosenbach_Villach-1.jpg",1103,736,false],"ab-block-post-grid-landscape":["https:\/\/blog.vida.at\/pensionisten\/wp-content\/uploads\/sites\/10\/2026\/04\/Mitgliederversammlung_OG_Rosenbach_Villach-1-600x400.jpg",600,400,true],"ab-block-post-grid-square":["https:\/\/blog.vida.at\/pensionisten\/wp-content\/uploads\/sites\/10\/2026\/04\/Mitgliederversammlung_OG_Rosenbach_Villach-1-600x600.jpg",600,600,true],"post-thumbnail":["https:\/\/blog.vida.at\/pensionisten\/wp-content\/uploads\/sites\/10\/2026\/04\/Mitgliederversammlung_OG_Rosenbach_Villach-1.jpg",1103,736,false],"awb_sm":["https:\/\/blog.vida.at\/pensionisten\/wp-content\/uploads\/sites\/10\/2026\/04\/Mitgliederversammlung_OG_Rosenbach_Villach-1-500x334.jpg",500,334,true],"awb_md":["https:\/\/blog.vida.at\/pensionisten\/wp-content\/uploads\/sites\/10\/2026\/04\/Mitgliederversammlung_OG_Rosenbach_Villach-1-800x534.jpg",800,534,true],"awb_lg":["https:\/\/blog.vida.at\/pensionisten\/wp-content\/uploads\/sites\/10\/2026\/04\/Mitgliederversammlung_OG_Rosenbach_Villach-1.jpg",1103,736,false],"awb_xl":["https:\/\/blog.vida.at\/pensionisten\/wp-content\/uploads\/sites\/10\/2026\/04\/Mitgliederversammlung_OG_Rosenbach_Villach-1.jpg",1103,736,false]},"uagb_author_info":{"display_name":"mariontobola","author_link":"https:\/\/blog.vida.at\/pensionisten\/author\/mariontobola\/"},"uagb_comment_info":0,"uagb_excerpt":"Das war die Mitgliederversammlung der OG Rosenbach\/Villach.","coauthors":[],"tax_additional":{"categories":{"linked":["<a href=\"https:\/\/blog.vida.at\/pensionisten\/category\/allgemein\/\" class=\"advgb-post-tax-term\">Allgemein<\/a>","<a href=\"https:\/\/blog.vida.at\/pensionisten\/category\/ortsgruppen\/kaernten\/\" class=\"advgb-post-tax-term\">K\u00e4rnten<\/a>","<a href=\"https:\/\/blog.vida.at\/pensionisten\/category\/ortsgruppen\/\" class=\"advgb-post-tax-term\">Ortsgruppen<\/a>"],"unlinked":["<span class=\"advgb-post-tax-term\">Allgemein<\/span>","<span class=\"advgb-post-tax-term\">K\u00e4rnten<\/span>","<span class=\"advgb-post-tax-term\">Ortsgruppen<\/span>"]}},"comment_count":"0","relative_dates":{"created":"Ver\u00f6ffentlicht 1\u00a0Tag vor","modified":"Aktualisiert 1\u00a0Tag vor"},"absolute_dates":{"created":"Ver\u00f6ffentlicht am 28. April 2026","modified":"Aktualisiert am 28. April 2026"},"absolute_dates_time":{"created":"Ver\u00f6ffentlicht am 28. April 2026 11:46","modified":"Aktualisiert am 28. April 2026 11:46"},"featured_img_caption":"","series_order":"","_links":{"self":[{"href":"https:\/\/blog.vida.at\/pensionisten\/wp-json\/wp\/v2\/posts\/12989","targetHints":{"allow":["GET"]}}],"collection":[{"href":"https:\/\/blog.vida.at\/pensionisten\/wp-json\/wp\/v2\/posts"}],"about":[{"href":"https:\/\/blog.vida.at\/pensionisten\/wp-json\/wp\/v2\/types\/post"}],"author":[{"embeddable":true,"href":"https:\/\/blog.vida.at\/pensionisten\/wp-json\/wp\/v2\/users\/8"}],"replies":[{"embeddable":true,"href":"https:\/\/blog.vida.at\/pensionisten\/wp-json\/wp\/v2\/comments?post=12989"}],"version-history":[{"count":1,"href":"https:\/\/blog.vida.at\/pensionisten\/wp-json\/wp\/v2\/posts\/12989\/revisions"}],"predecessor-version":[{"id":12992,"href":"https:\/\/blog.vida.at\/pensionisten\/wp-json\/wp\/v2\/posts\/12989\/revisions\/12992"}],"wp:featuredmedia":[{"embeddable":true,"href":"https:\/\/blog.vida.at\/pensionisten\/wp-json\/wp\/v2\/media\/12991"}],"wp:attachment":[{"href":"https:\/\/blog.vida.at\/pensionisten\/wp-json\/wp\/v2\/media?parent=12989"}],"wp:term":[{"taxonomy":"category","embeddable":true,"href":"https:\/\/blog.vida.at\/pensionisten\/wp-json\/wp\/v2\/categories?post=12989"},{"taxonomy":"post_tag","embeddable":true,"href":"https:\/\/blog.vida.at\/pensionisten\/wp-json\/wp\/v2\/tags?post=12989"},{"taxonomy":"Orte","embeddable":true,"href":"https:\/\/blog.vida.at\/pensionisten\/wp-json\/wp\/v2\/Orte?post=12989"},{"taxonomy":"activitytype","embeddable":true,"href":"https:\/\/blog.vida.at\/pensionisten\/wp-json\/wp\/v2\/activitytype?post=12989"}],"curies":[{"name":"wp","href":"https:\/\/api.w.org\/{rel}","templated":true}]}}