
{"id":1367,"date":"2020-10-15T11:58:36","date_gmt":"2020-10-15T09:58:36","guid":{"rendered":"http:\/\/blog.vida.at\/pensionisten\/?p=1367"},"modified":"2021-05-14T10:32:24","modified_gmt":"2021-05-14T08:32:24","slug":"nur-noch-kurz-die-welt-retten","status":"publish","type":"post","link":"https:\/\/blog.vida.at\/pensionisten\/2020\/10\/15\/nur-noch-kurz-die-welt-retten\/","title":{"rendered":"Nur noch kurz die Welt retten"},"content":{"rendered":"\n<div class=\"wp-block-group container\"><div class=\"wp-block-group__inner-container is-layout-flow wp-block-group-is-layout-flow\">\n<h4 class=\"wp-block-heading\"><br><strong><strong>Wir verlosen drei Buch- und DVD-Packages. Mach mit!<\/strong><\/strong><\/h4>\n\n\n\n<!--more-->\n\n\n\n<figure class=\"wp-block-image size-large is-style-default\"><img loading=\"lazy\" decoding=\"async\" width=\"702\" height=\"467\" src=\"https:\/\/blog.vida.at\/pensionisten\/wp-content\/uploads\/sites\/10\/2020\/10\/gewinnspiel.png3-2.png\" alt=\"\" class=\"wp-image-1368\" srcset=\"https:\/\/blog.vida.at\/pensionisten\/wp-content\/uploads\/sites\/10\/2020\/10\/gewinnspiel.png3-2.png 702w, https:\/\/blog.vida.at\/pensionisten\/wp-content\/uploads\/sites\/10\/2020\/10\/gewinnspiel.png3-2-300x200.png 300w, https:\/\/blog.vida.at\/pensionisten\/wp-content\/uploads\/sites\/10\/2020\/10\/gewinnspiel.png3-2-500x333.png 500w, https:\/\/blog.vida.at\/pensionisten\/wp-content\/uploads\/sites\/10\/2020\/10\/gewinnspiel.png3-2-600x400.png 600w\" sizes=\"auto, (max-width: 702px) 100vw, 702px\" \/><\/figure>\n\n\n\n<p>Der Klimawandel wird die Welt wie auch unsere Gesellschaft schon sehr bald drastisch ver\u00e4ndern. Aber meist sind wir zu sehr besch\u00e4ftigt damit, zu konsumieren und das daf\u00fcr n\u00f6tige Geld zu verdienen, um unseren Lebensstil zu hinterfragen. Und viel zu oft glauben wir, allein ja doch nichts gegen die \u00dcbermacht der Politik und der gro\u00dfen Konzerne ausrichten zu k\u00f6nnen. Doch jeder gesellschaftliche Wandel beginnt mit kleinen Schritten.<br><br><strong>Gemeinsam aktiv werden<\/strong><br><br>Der Aktivist und Autor Cyril Dion mobilisiert in Frankreich erfolgreich viele Millionen Menschen und hat mit der gr\u00f6\u00dften Petition in der Geschichte des Landes Aufsehen erregt. Er erkl\u00e4rt, wie lokale Initiativen gro\u00dfe Ver\u00e4nderungen bewirken und was wir alle tun k\u00f6nnen, um unsere Erde vor der Katastrophe zu retten. \u201eKurze Anleitung zur Rettung der Erde\u201c ist ein Handbuch f\u00fcr ein umweltvertr\u00e4gliches und erf\u00fcllendes Leben.<br><br><strong>(K)eine L\u00fcge<\/strong><br><br>Umweltschonende Elektroautos, nachhaltig produzierte Lebensmittel, faire Produktion: Hurra! Wenn wir den Konzernen Glauben schenken, k\u00f6nnen wir mit Kaufentscheidungen die Welt retten. Aber das ist eine popul\u00e4re und gef\u00e4hrliche L\u00fcge. Gemeinsam mit der Greenwashing-Expertin Kathrin Hartmann zeigt Werner Boote in seinem Dokumentarfilm \u201eThe Green Lie\u201c, wie wir uns dagegen wehren k\u00f6nnen.<br><br><strong>Schau rein!<\/strong><br><br>Viele weitere Tipps gibt es im Themenshop der \u00d6GB-Verlag-Fachbuchhandlung www.besserewelt.at \u2013 versandkostenfrei bei der Amazon-Alternative bestellen!<\/p>\n\n\n\n<p><br><span style=\"color: #e2001a;\" class=\"ugb-highlight\"><strong>GEWINNSPIEL<\/strong><\/span><\/p>\n\n\n\n<p><span style=\"color: #e2001a;\" class=\"ugb-highlight\">Wir verlosen drei Buch- und DVD-Packages.<br>Schicke ein E-Mail mit dem Betreff \u201evida bessere Welt\u201c an <a href=\"presse@vida.at\" target=\"_blank\" rel=\"noreferrer noopener\">presse@vida.at <\/a><\/span><\/p>\n<\/div><\/div>\n","protected":false},"excerpt":{"rendered":"<p>Wir verlosen drei Buch- und DVD-Packages. Mach mit!<\/p>\n","protected":false},"author":5,"featured_media":0,"comment_status":"open","ping_status":"open","sticky":false,"template":"","format":"standard","meta":{"_uag_custom_page_level_css":"","advgb_blocks_editor_width":"","advgb_blocks_columns_visual_guide":"","footnotes":""},"categories":[1],"tags":[],"Orte":[],"activitytype":[],"class_list":["post-1367","post","type-post","status-publish","format-standard","hentry","category-allgemein","entry"],"featured_image_urls":{"full":"","thumbnail":"","medium":"","medium_large":"","large":"","1536x1536":"","2048x2048":"","ab-block-post-grid-landscape":"","ab-block-post-grid-square":"","post-thumbnail":"","awb_sm":"","awb_md":"","awb_lg":"","awb_xl":""},"post_excerpt_stackable":"<p>Wir verlosen drei Buch- und DVD-Packages. Mach mit! Der Klimawandel wird die Welt wie auch unsere Gesellschaft schon sehr bald drastisch ver\u00e4ndern. Aber meist sind wir zu sehr besch\u00e4ftigt damit, zu konsumieren und das daf\u00fcr n\u00f6tige Geld zu verdienen, um unseren Lebensstil zu hinterfragen. Und viel zu oft glauben wir, allein ja doch nichts gegen die \u00dcbermacht der Politik und der gro\u00dfen Konzerne ausrichten zu k\u00f6nnen. Doch jeder gesellschaftliche Wandel beginnt mit kleinen Schritten.Gemeinsam aktiv werdenDer Aktivist und Autor Cyril Dion mobilisiert in Frankreich erfolgreich viele Millionen Menschen und hat mit der gr\u00f6\u00dften Petition in der Geschichte des Landes Aufsehen&hellip;<\/p>\n","category_list":"<a href=\"https:\/\/blog.vida.at\/pensionisten\/category\/allgemein\/\" rel=\"category tag\">Allgemein<\/a>","author_info":{"display_name":"michaelafeik","author_link":"https:\/\/blog.vida.at\/pensionisten\/author\/michaelafeik\/"},"comments_num":"0 comments","featured_image_urls_v2":{"full":"","thumbnail":"","medium":"","medium_large":"","large":"","1536x1536":"","2048x2048":"","ab-block-post-grid-landscape":"","ab-block-post-grid-square":"","post-thumbnail":"","awb_sm":"","awb_md":"","awb_lg":"","awb_xl":""},"post_excerpt_stackable_v2":"<p>Wir verlosen drei Buch- und DVD-Packages. Mach mit! Der Klimawandel wird die Welt wie auch unsere Gesellschaft schon sehr bald drastisch ver\u00e4ndern. Aber meist sind wir zu sehr besch\u00e4ftigt damit, zu konsumieren und das daf\u00fcr n\u00f6tige Geld zu verdienen, um unseren Lebensstil zu hinterfragen. Und viel zu oft glauben wir, allein ja doch nichts gegen die \u00dcbermacht der Politik und der gro\u00dfen Konzerne ausrichten zu k\u00f6nnen. Doch jeder gesellschaftliche Wandel beginnt mit kleinen Schritten.Gemeinsam aktiv werdenDer Aktivist und Autor Cyril Dion mobilisiert in Frankreich erfolgreich viele Millionen Menschen und hat mit der gr\u00f6\u00dften Petition in der Geschichte des Landes Aufsehen&hellip;<\/p>\n","category_list_v2":"<a href=\"https:\/\/blog.vida.at\/pensionisten\/category\/allgemein\/\" rel=\"category tag\">Allgemein<\/a>","author_info_v2":{"name":"michaelafeik","url":"https:\/\/blog.vida.at\/pensionisten\/author\/michaelafeik\/"},"comments_num_v2":"0 comments","yoast_head":"<!-- This site is optimized with the Yoast SEO plugin v27.3 - https:\/\/yoast.com\/product\/yoast-seo-wordpress\/ -->\n<title>Nur noch kurz die Welt retten<\/title>\n<meta name=\"robots\" content=\"index, follow, max-snippet:-1, max-image-preview:large, max-video-preview:-1\" \/>\n<link rel=\"canonical\" href=\"https:\/\/blog.vida.at\/pensionisten\/2020\/10\/15\/nur-noch-kurz-die-welt-retten\/\" \/>\n<meta property=\"og:locale\" content=\"de_DE\" \/>\n<meta property=\"og:type\" content=\"article\" \/>\n<meta property=\"og:title\" content=\"Nur noch kurz die Welt retten\" \/>\n<meta property=\"og:description\" content=\"Wir verlosen drei Buch- und DVD-Packages. Mach mit!\" \/>\n<meta property=\"og:url\" content=\"https:\/\/blog.vida.at\/pensionisten\/2020\/10\/15\/nur-noch-kurz-die-welt-retten\/\" \/>\n<meta property=\"og:site_name\" content=\"vida Pensionisten\" \/>\n<meta property=\"article:published_time\" content=\"2020-10-15T09:58:36+00:00\" \/>\n<meta property=\"article:modified_time\" content=\"2021-05-14T08:32:24+00:00\" \/>\n<meta property=\"og:image\" content=\"https:\/\/blog.vida.at\/pensionisten\/wp-content\/uploads\/sites\/10\/2020\/10\/gewinnspiel.png3-2.png\" \/>\n<meta name=\"author\" content=\"michaelafeik\" \/>\n<meta name=\"twitter:card\" content=\"summary_large_image\" \/>\n<meta name=\"twitter:label1\" content=\"Verfasst von\" \/>\n\t<meta name=\"twitter:data1\" content=\"michaelafeik\" \/>\n\t<meta name=\"twitter:label2\" content=\"Gesch\u00e4tzte Lesezeit\" \/>\n\t<meta name=\"twitter:data2\" content=\"2\u00a0Minuten\" \/>\n<script type=\"application\/ld+json\" class=\"yoast-schema-graph\">{\"@context\":\"https:\\\/\\\/schema.org\",\"@graph\":[{\"@type\":\"Article\",\"@id\":\"https:\\\/\\\/blog.vida.at\\\/pensionisten\\\/2020\\\/10\\\/15\\\/nur-noch-kurz-die-welt-retten\\\/#article\",\"isPartOf\":{\"@id\":\"https:\\\/\\\/blog.vida.at\\\/pensionisten\\\/2020\\\/10\\\/15\\\/nur-noch-kurz-die-welt-retten\\\/\"},\"author\":{\"name\":\"michaelafeik\",\"@id\":\"https:\\\/\\\/blog.vida.at\\\/pensionisten\\\/#\\\/schema\\\/person\\\/2cea9cf3d58cf9334410ed5d6feb8a56\"},\"headline\":\"Nur noch kurz die Welt retten\",\"datePublished\":\"2020-10-15T09:58:36+00:00\",\"dateModified\":\"2021-05-14T08:32:24+00:00\",\"mainEntityOfPage\":{\"@id\":\"https:\\\/\\\/blog.vida.at\\\/pensionisten\\\/2020\\\/10\\\/15\\\/nur-noch-kurz-die-welt-retten\\\/\"},\"wordCount\":258,\"commentCount\":0,\"image\":{\"@id\":\"https:\\\/\\\/blog.vida.at\\\/pensionisten\\\/2020\\\/10\\\/15\\\/nur-noch-kurz-die-welt-retten\\\/#primaryimage\"},\"thumbnailUrl\":\"https:\\\/\\\/blog.vida.at\\\/pensionisten\\\/wp-content\\\/uploads\\\/sites\\\/10\\\/2020\\\/10\\\/gewinnspiel.png3-2.png\",\"inLanguage\":\"de\",\"potentialAction\":[{\"@type\":\"CommentAction\",\"name\":\"Comment\",\"target\":[\"https:\\\/\\\/blog.vida.at\\\/pensionisten\\\/2020\\\/10\\\/15\\\/nur-noch-kurz-die-welt-retten\\\/#respond\"]}]},{\"@type\":\"WebPage\",\"@id\":\"https:\\\/\\\/blog.vida.at\\\/pensionisten\\\/2020\\\/10\\\/15\\\/nur-noch-kurz-die-welt-retten\\\/\",\"url\":\"https:\\\/\\\/blog.vida.at\\\/pensionisten\\\/2020\\\/10\\\/15\\\/nur-noch-kurz-die-welt-retten\\\/\",\"name\":\"Nur noch kurz die Welt retten\",\"isPartOf\":{\"@id\":\"https:\\\/\\\/blog.vida.at\\\/pensionisten\\\/#website\"},\"primaryImageOfPage\":{\"@id\":\"https:\\\/\\\/blog.vida.at\\\/pensionisten\\\/2020\\\/10\\\/15\\\/nur-noch-kurz-die-welt-retten\\\/#primaryimage\"},\"image\":{\"@id\":\"https:\\\/\\\/blog.vida.at\\\/pensionisten\\\/2020\\\/10\\\/15\\\/nur-noch-kurz-die-welt-retten\\\/#primaryimage\"},\"thumbnailUrl\":\"https:\\\/\\\/blog.vida.at\\\/pensionisten\\\/wp-content\\\/uploads\\\/sites\\\/10\\\/2020\\\/10\\\/gewinnspiel.png3-2.png\",\"datePublished\":\"2020-10-15T09:58:36+00:00\",\"dateModified\":\"2021-05-14T08:32:24+00:00\",\"author\":{\"@id\":\"https:\\\/\\\/blog.vida.at\\\/pensionisten\\\/#\\\/schema\\\/person\\\/2cea9cf3d58cf9334410ed5d6feb8a56\"},\"breadcrumb\":{\"@id\":\"https:\\\/\\\/blog.vida.at\\\/pensionisten\\\/2020\\\/10\\\/15\\\/nur-noch-kurz-die-welt-retten\\\/#breadcrumb\"},\"inLanguage\":\"de\",\"potentialAction\":[{\"@type\":\"ReadAction\",\"target\":[\"https:\\\/\\\/blog.vida.at\\\/pensionisten\\\/2020\\\/10\\\/15\\\/nur-noch-kurz-die-welt-retten\\\/\"]}]},{\"@type\":\"ImageObject\",\"inLanguage\":\"de\",\"@id\":\"https:\\\/\\\/blog.vida.at\\\/pensionisten\\\/2020\\\/10\\\/15\\\/nur-noch-kurz-die-welt-retten\\\/#primaryimage\",\"url\":\"https:\\\/\\\/blog.vida.at\\\/pensionisten\\\/wp-content\\\/uploads\\\/sites\\\/10\\\/2020\\\/10\\\/gewinnspiel.png3-2.png\",\"contentUrl\":\"https:\\\/\\\/blog.vida.at\\\/pensionisten\\\/wp-content\\\/uploads\\\/sites\\\/10\\\/2020\\\/10\\\/gewinnspiel.png3-2.png\",\"width\":702,\"height\":467},{\"@type\":\"BreadcrumbList\",\"@id\":\"https:\\\/\\\/blog.vida.at\\\/pensionisten\\\/2020\\\/10\\\/15\\\/nur-noch-kurz-die-welt-retten\\\/#breadcrumb\",\"itemListElement\":[{\"@type\":\"ListItem\",\"position\":1,\"name\":\"Startseite\",\"item\":\"https:\\\/\\\/blog.vida.at\\\/pensionisten\\\/\"},{\"@type\":\"ListItem\",\"position\":2,\"name\":\"Nur noch kurz die Welt retten\"}]},{\"@type\":\"WebSite\",\"@id\":\"https:\\\/\\\/blog.vida.at\\\/pensionisten\\\/#website\",\"url\":\"https:\\\/\\\/blog.vida.at\\\/pensionisten\\\/\",\"name\":\"vida Pensionisten\",\"description\":\"\",\"potentialAction\":[{\"@type\":\"SearchAction\",\"target\":{\"@type\":\"EntryPoint\",\"urlTemplate\":\"https:\\\/\\\/blog.vida.at\\\/pensionisten\\\/?s={search_term_string}\"},\"query-input\":{\"@type\":\"PropertyValueSpecification\",\"valueRequired\":true,\"valueName\":\"search_term_string\"}}],\"inLanguage\":\"de\"},{\"@type\":\"Person\",\"@id\":\"https:\\\/\\\/blog.vida.at\\\/pensionisten\\\/#\\\/schema\\\/person\\\/2cea9cf3d58cf9334410ed5d6feb8a56\",\"name\":\"michaelafeik\",\"image\":{\"@type\":\"ImageObject\",\"inLanguage\":\"de\",\"@id\":\"https:\\\/\\\/secure.gravatar.com\\\/avatar\\\/03d8da787452696abe6f1e2aedabdf17f0d62a0779c9ed004162282155b35ea3?s=96&d=mm&r=g\",\"url\":\"https:\\\/\\\/secure.gravatar.com\\\/avatar\\\/03d8da787452696abe6f1e2aedabdf17f0d62a0779c9ed004162282155b35ea3?s=96&d=mm&r=g\",\"contentUrl\":\"https:\\\/\\\/secure.gravatar.com\\\/avatar\\\/03d8da787452696abe6f1e2aedabdf17f0d62a0779c9ed004162282155b35ea3?s=96&d=mm&r=g\",\"caption\":\"michaelafeik\"},\"url\":\"https:\\\/\\\/blog.vida.at\\\/pensionisten\\\/author\\\/michaelafeik\\\/\"}]}<\/script>\n<!-- \/ Yoast SEO plugin. -->","yoast_head_json":{"title":"Nur noch kurz die Welt retten","robots":{"index":"index","follow":"follow","max-snippet":"max-snippet:-1","max-image-preview":"max-image-preview:large","max-video-preview":"max-video-preview:-1"},"canonical":"https:\/\/blog.vida.at\/pensionisten\/2020\/10\/15\/nur-noch-kurz-die-welt-retten\/","og_locale":"de_DE","og_type":"article","og_title":"Nur noch kurz die Welt retten","og_description":"Wir verlosen drei Buch- und DVD-Packages. Mach mit!","og_url":"https:\/\/blog.vida.at\/pensionisten\/2020\/10\/15\/nur-noch-kurz-die-welt-retten\/","og_site_name":"vida Pensionisten","article_published_time":"2020-10-15T09:58:36+00:00","article_modified_time":"2021-05-14T08:32:24+00:00","og_image":[{"url":"https:\/\/blog.vida.at\/pensionisten\/wp-content\/uploads\/sites\/10\/2020\/10\/gewinnspiel.png3-2.png","type":"","width":"","height":""}],"author":"michaelafeik","twitter_card":"summary_large_image","twitter_misc":{"Verfasst von":"michaelafeik","Gesch\u00e4tzte Lesezeit":"2\u00a0Minuten"},"schema":{"@context":"https:\/\/schema.org","@graph":[{"@type":"Article","@id":"https:\/\/blog.vida.at\/pensionisten\/2020\/10\/15\/nur-noch-kurz-die-welt-retten\/#article","isPartOf":{"@id":"https:\/\/blog.vida.at\/pensionisten\/2020\/10\/15\/nur-noch-kurz-die-welt-retten\/"},"author":{"name":"michaelafeik","@id":"https:\/\/blog.vida.at\/pensionisten\/#\/schema\/person\/2cea9cf3d58cf9334410ed5d6feb8a56"},"headline":"Nur noch kurz die Welt retten","datePublished":"2020-10-15T09:58:36+00:00","dateModified":"2021-05-14T08:32:24+00:00","mainEntityOfPage":{"@id":"https:\/\/blog.vida.at\/pensionisten\/2020\/10\/15\/nur-noch-kurz-die-welt-retten\/"},"wordCount":258,"commentCount":0,"image":{"@id":"https:\/\/blog.vida.at\/pensionisten\/2020\/10\/15\/nur-noch-kurz-die-welt-retten\/#primaryimage"},"thumbnailUrl":"https:\/\/blog.vida.at\/pensionisten\/wp-content\/uploads\/sites\/10\/2020\/10\/gewinnspiel.png3-2.png","inLanguage":"de","potentialAction":[{"@type":"CommentAction","name":"Comment","target":["https:\/\/blog.vida.at\/pensionisten\/2020\/10\/15\/nur-noch-kurz-die-welt-retten\/#respond"]}]},{"@type":"WebPage","@id":"https:\/\/blog.vida.at\/pensionisten\/2020\/10\/15\/nur-noch-kurz-die-welt-retten\/","url":"https:\/\/blog.vida.at\/pensionisten\/2020\/10\/15\/nur-noch-kurz-die-welt-retten\/","name":"Nur noch kurz die Welt retten","isPartOf":{"@id":"https:\/\/blog.vida.at\/pensionisten\/#website"},"primaryImageOfPage":{"@id":"https:\/\/blog.vida.at\/pensionisten\/2020\/10\/15\/nur-noch-kurz-die-welt-retten\/#primaryimage"},"image":{"@id":"https:\/\/blog.vida.at\/pensionisten\/2020\/10\/15\/nur-noch-kurz-die-welt-retten\/#primaryimage"},"thumbnailUrl":"https:\/\/blog.vida.at\/pensionisten\/wp-content\/uploads\/sites\/10\/2020\/10\/gewinnspiel.png3-2.png","datePublished":"2020-10-15T09:58:36+00:00","dateModified":"2021-05-14T08:32:24+00:00","author":{"@id":"https:\/\/blog.vida.at\/pensionisten\/#\/schema\/person\/2cea9cf3d58cf9334410ed5d6feb8a56"},"breadcrumb":{"@id":"https:\/\/blog.vida.at\/pensionisten\/2020\/10\/15\/nur-noch-kurz-die-welt-retten\/#breadcrumb"},"inLanguage":"de","potentialAction":[{"@type":"ReadAction","target":["https:\/\/blog.vida.at\/pensionisten\/2020\/10\/15\/nur-noch-kurz-die-welt-retten\/"]}]},{"@type":"ImageObject","inLanguage":"de","@id":"https:\/\/blog.vida.at\/pensionisten\/2020\/10\/15\/nur-noch-kurz-die-welt-retten\/#primaryimage","url":"https:\/\/blog.vida.at\/pensionisten\/wp-content\/uploads\/sites\/10\/2020\/10\/gewinnspiel.png3-2.png","contentUrl":"https:\/\/blog.vida.at\/pensionisten\/wp-content\/uploads\/sites\/10\/2020\/10\/gewinnspiel.png3-2.png","width":702,"height":467},{"@type":"BreadcrumbList","@id":"https:\/\/blog.vida.at\/pensionisten\/2020\/10\/15\/nur-noch-kurz-die-welt-retten\/#breadcrumb","itemListElement":[{"@type":"ListItem","position":1,"name":"Startseite","item":"https:\/\/blog.vida.at\/pensionisten\/"},{"@type":"ListItem","position":2,"name":"Nur noch kurz die Welt retten"}]},{"@type":"WebSite","@id":"https:\/\/blog.vida.at\/pensionisten\/#website","url":"https:\/\/blog.vida.at\/pensionisten\/","name":"vida Pensionisten","description":"","potentialAction":[{"@type":"SearchAction","target":{"@type":"EntryPoint","urlTemplate":"https:\/\/blog.vida.at\/pensionisten\/?s={search_term_string}"},"query-input":{"@type":"PropertyValueSpecification","valueRequired":true,"valueName":"search_term_string"}}],"inLanguage":"de"},{"@type":"Person","@id":"https:\/\/blog.vida.at\/pensionisten\/#\/schema\/person\/2cea9cf3d58cf9334410ed5d6feb8a56","name":"michaelafeik","image":{"@type":"ImageObject","inLanguage":"de","@id":"https:\/\/secure.gravatar.com\/avatar\/03d8da787452696abe6f1e2aedabdf17f0d62a0779c9ed004162282155b35ea3?s=96&d=mm&r=g","url":"https:\/\/secure.gravatar.com\/avatar\/03d8da787452696abe6f1e2aedabdf17f0d62a0779c9ed004162282155b35ea3?s=96&d=mm&r=g","contentUrl":"https:\/\/secure.gravatar.com\/avatar\/03d8da787452696abe6f1e2aedabdf17f0d62a0779c9ed004162282155b35ea3?s=96&d=mm&r=g","caption":"michaelafeik"},"url":"https:\/\/blog.vida.at\/pensionisten\/author\/michaelafeik\/"}]}},"author_meta":{"display_name":"michaelafeik","author_link":"https:\/\/blog.vida.at\/pensionisten\/author\/michaelafeik\/"},"featured_img":null,"featured_image_src":null,"featured_image_src_square":null,"uagb_featured_image_src":{"full":false,"thumbnail":false,"medium":false,"medium_large":false,"large":false,"1536x1536":false,"2048x2048":false,"ab-block-post-grid-landscape":false,"ab-block-post-grid-square":false,"post-thumbnail":false,"awb_sm":false,"awb_md":false,"awb_lg":false,"awb_xl":false},"uagb_author_info":{"display_name":"michaelafeik","author_link":"https:\/\/blog.vida.at\/pensionisten\/author\/michaelafeik\/"},"uagb_comment_info":0,"uagb_excerpt":"Wir verlosen drei Buch- und DVD-Packages. Mach mit!","coauthors":[],"tax_additional":{"categories":{"linked":["<a href=\"https:\/\/blog.vida.at\/pensionisten\/category\/allgemein\/\" class=\"advgb-post-tax-term\">Allgemein<\/a>"],"unlinked":["<span class=\"advgb-post-tax-term\">Allgemein<\/span>"]}},"comment_count":"0","relative_dates":{"created":"Ver\u00f6ffentlicht 6\u00a0Jahren vor","modified":"Aktualisiert 5\u00a0Jahren vor"},"absolute_dates":{"created":"Ver\u00f6ffentlicht am 15. Oktober 2020","modified":"Aktualisiert am 14. Mai 2021"},"absolute_dates_time":{"created":"Ver\u00f6ffentlicht am 15. Oktober 2020 11:58","modified":"Aktualisiert am 14. Mai 2021 10:32"},"featured_img_caption":"","series_order":"","_links":{"self":[{"href":"https:\/\/blog.vida.at\/pensionisten\/wp-json\/wp\/v2\/posts\/1367","targetHints":{"allow":["GET"]}}],"collection":[{"href":"https:\/\/blog.vida.at\/pensionisten\/wp-json\/wp\/v2\/posts"}],"about":[{"href":"https:\/\/blog.vida.at\/pensionisten\/wp-json\/wp\/v2\/types\/post"}],"author":[{"embeddable":true,"href":"https:\/\/blog.vida.at\/pensionisten\/wp-json\/wp\/v2\/users\/5"}],"replies":[{"embeddable":true,"href":"https:\/\/blog.vida.at\/pensionisten\/wp-json\/wp\/v2\/comments?post=1367"}],"version-history":[{"count":3,"href":"https:\/\/blog.vida.at\/pensionisten\/wp-json\/wp\/v2\/posts\/1367\/revisions"}],"predecessor-version":[{"id":1382,"href":"https:\/\/blog.vida.at\/pensionisten\/wp-json\/wp\/v2\/posts\/1367\/revisions\/1382"}],"wp:attachment":[{"href":"https:\/\/blog.vida.at\/pensionisten\/wp-json\/wp\/v2\/media?parent=1367"}],"wp:term":[{"taxonomy":"category","embeddable":true,"href":"https:\/\/blog.vida.at\/pensionisten\/wp-json\/wp\/v2\/categories?post=1367"},{"taxonomy":"post_tag","embeddable":true,"href":"https:\/\/blog.vida.at\/pensionisten\/wp-json\/wp\/v2\/tags?post=1367"},{"taxonomy":"Orte","embeddable":true,"href":"https:\/\/blog.vida.at\/pensionisten\/wp-json\/wp\/v2\/Orte?post=1367"},{"taxonomy":"activitytype","embeddable":true,"href":"https:\/\/blog.vida.at\/pensionisten\/wp-json\/wp\/v2\/activitytype?post=1367"}],"curies":[{"name":"wp","href":"https:\/\/api.w.org\/{rel}","templated":true}]}}