
{"id":13894,"date":"2026-09-02T11:49:45","date_gmt":"2026-09-02T09:49:45","guid":{"rendered":"https:\/\/blog.vida.at\/pensionisten\/?p=13894"},"modified":"2026-09-02T11:51:39","modified_gmt":"2026-09-02T09:51:39","slug":"vida-gratuliert-47","status":"publish","type":"post","link":"https:\/\/blog.vida.at\/pensionisten\/2026\/09\/02\/vida-gratuliert-47\/","title":{"rendered":"vida gratuliert"},"content":{"rendered":"\n<div class=\"wp-block-group Container\"><div class=\"wp-block-group__inner-container is-layout-flow wp-block-group-is-layout-flow\">\n<h4 class=\"wp-block-heading\">Die OG St. Veit an der Glan w\u00fcnscht Herbert Waldl alles Gute zum 80. Geburtstag.<\/h4>\n\n\n\n<br>\n\n\n\n<p class=\"wp-block-paragraph\"><\/p>\n\n\n\n<!--more-->\n\n\n\n<p class=\"wp-block-paragraph\">Die <strong>vida-Ortsgruppe St. Veit an der Glan<\/strong> gratuliert dem langj\u00e4hrigen Mitglied und Funktion\u00e4r Herbert Waldl<strong> <\/strong>zum <strong>80. Geburtstag<\/strong>.<\/p>\n\n\n\n<p class=\"wp-block-paragraph\">Der <strong>Landesvorsitzende der vida-Pensionist:innen K\u00e4rnten, Roman Kobald<\/strong>, w\u00fcnscht unserem <strong>Geburtstagskind und lieben Freund <\/strong>alles erdenklich\u00a0Gute.\u00a0\u00a0<\/p>\n\n\n\n<p class=\"wp-block-paragraph\"><strong><mark><mark style=\"color:#ff0000\" class=\"has-inline-color\">F\u00fcr das neue Lebensjahr von Herzen f\u00fcr dich: Gesundheit, Zufriedenheit und viele gl\u00fcckliche Momente!<\/mark><\/mark><\/strong><\/p>\n\n\n\n<figure class=\"wp-block-gallery has-nested-images columns-default is-cropped wp-block-gallery-1 is-layout-flex wp-block-gallery-is-layout-flex\">\n<figure class=\"wp-block-image size-large\"><img loading=\"lazy\" decoding=\"async\" width=\"810\" height=\"1024\" data-id=\"13896\" src=\"https:\/\/blog.vida.at\/pensionisten\/wp-content\/uploads\/sites\/10\/2026\/09\/Herbert_Waldl-810x1024.png\" alt=\"\" class=\"wp-image-13896\" srcset=\"https:\/\/blog.vida.at\/pensionisten\/wp-content\/uploads\/sites\/10\/2026\/09\/Herbert_Waldl-810x1024.png 810w, https:\/\/blog.vida.at\/pensionisten\/wp-content\/uploads\/sites\/10\/2026\/09\/Herbert_Waldl-237x300.png 237w, https:\/\/blog.vida.at\/pensionisten\/wp-content\/uploads\/sites\/10\/2026\/09\/Herbert_Waldl-768x970.png 768w, https:\/\/blog.vida.at\/pensionisten\/wp-content\/uploads\/sites\/10\/2026\/09\/Herbert_Waldl-500x632.png 500w, https:\/\/blog.vida.at\/pensionisten\/wp-content\/uploads\/sites\/10\/2026\/09\/Herbert_Waldl-800x1011.png 800w, https:\/\/blog.vida.at\/pensionisten\/wp-content\/uploads\/sites\/10\/2026\/09\/Herbert_Waldl.png 956w\" sizes=\"auto, (max-width: 810px) 100vw, 810px\" \/><\/figure>\n\n\n\n<figure class=\"wp-block-image size-large\"><img loading=\"lazy\" decoding=\"async\" width=\"662\" height=\"1024\" data-id=\"13895\" src=\"https:\/\/blog.vida.at\/pensionisten\/wp-content\/uploads\/sites\/10\/2026\/09\/Geb_80_Herbert_Waldl-662x1024.png\" alt=\"\" class=\"wp-image-13895\" srcset=\"https:\/\/blog.vida.at\/pensionisten\/wp-content\/uploads\/sites\/10\/2026\/09\/Geb_80_Herbert_Waldl-662x1024.png 662w, https:\/\/blog.vida.at\/pensionisten\/wp-content\/uploads\/sites\/10\/2026\/09\/Geb_80_Herbert_Waldl-194x300.png 194w, https:\/\/blog.vida.at\/pensionisten\/wp-content\/uploads\/sites\/10\/2026\/09\/Geb_80_Herbert_Waldl-768x1188.png 768w, https:\/\/blog.vida.at\/pensionisten\/wp-content\/uploads\/sites\/10\/2026\/09\/Geb_80_Herbert_Waldl-993x1536.png 993w, https:\/\/blog.vida.at\/pensionisten\/wp-content\/uploads\/sites\/10\/2026\/09\/Geb_80_Herbert_Waldl-500x773.png 500w, https:\/\/blog.vida.at\/pensionisten\/wp-content\/uploads\/sites\/10\/2026\/09\/Geb_80_Herbert_Waldl-800x1237.png 800w, https:\/\/blog.vida.at\/pensionisten\/wp-content\/uploads\/sites\/10\/2026\/09\/Geb_80_Herbert_Waldl.png 1156w\" sizes=\"auto, (max-width: 662px) 100vw, 662px\" \/><\/figure>\n<\/figure>\n<\/div><\/div>\n\n\n\n<p class=\"wp-block-paragraph\"><\/p>\n","protected":false},"excerpt":{"rendered":"<p>Die OG St. Veit an der Glan w\u00fcnscht Herbert Waldl alles Gute zum 80. Geburtstag.<\/p>\n","protected":false},"author":8,"featured_media":2689,"comment_status":"open","ping_status":"open","sticky":false,"template":"","format":"standard","meta":{"_uag_custom_page_level_css":"","advgb_blocks_editor_width":"","advgb_blocks_columns_visual_guide":"","footnotes":""},"categories":[1,51,59,49],"tags":[],"Orte":[],"activitytype":[],"class_list":["post-13894","post","type-post","status-publish","format-standard","has-post-thumbnail","hentry","category-allgemein","category-niederoesterreich","category-og-herzogenburg","category-ortsgruppen","entry"],"featured_image_urls":{"full":["https:\/\/blog.vida.at\/pensionisten\/wp-content\/uploads\/sites\/10\/2021\/07\/Geburtstag_adobestock.jpg",898,607,false],"thumbnail":["https:\/\/blog.vida.at\/pensionisten\/wp-content\/uploads\/sites\/10\/2021\/07\/Geburtstag_adobestock-150x150.jpg",150,150,true],"medium":["https:\/\/blog.vida.at\/pensionisten\/wp-content\/uploads\/sites\/10\/2021\/07\/Geburtstag_adobestock-300x203.jpg",300,203,true],"medium_large":["https:\/\/blog.vida.at\/pensionisten\/wp-content\/uploads\/sites\/10\/2021\/07\/Geburtstag_adobestock-768x519.jpg",640,433,true],"large":["https:\/\/blog.vida.at\/pensionisten\/wp-content\/uploads\/sites\/10\/2021\/07\/Geburtstag_adobestock.jpg",640,433,false],"1536x1536":["https:\/\/blog.vida.at\/pensionisten\/wp-content\/uploads\/sites\/10\/2021\/07\/Geburtstag_adobestock.jpg",898,607,false],"2048x2048":["https:\/\/blog.vida.at\/pensionisten\/wp-content\/uploads\/sites\/10\/2021\/07\/Geburtstag_adobestock.jpg",898,607,false],"ab-block-post-grid-landscape":["https:\/\/blog.vida.at\/pensionisten\/wp-content\/uploads\/sites\/10\/2021\/07\/Geburtstag_adobestock-600x400.jpg",600,400,true],"ab-block-post-grid-square":["https:\/\/blog.vida.at\/pensionisten\/wp-content\/uploads\/sites\/10\/2021\/07\/Geburtstag_adobestock-600x600.jpg",600,600,true],"post-thumbnail":["https:\/\/blog.vida.at\/pensionisten\/wp-content\/uploads\/sites\/10\/2021\/07\/Geburtstag_adobestock.jpg",898,607,false],"awb_sm":["https:\/\/blog.vida.at\/pensionisten\/wp-content\/uploads\/sites\/10\/2021\/07\/Geburtstag_adobestock-500x338.jpg",500,338,true],"awb_md":["https:\/\/blog.vida.at\/pensionisten\/wp-content\/uploads\/sites\/10\/2021\/07\/Geburtstag_adobestock-800x541.jpg",800,541,true],"awb_lg":["https:\/\/blog.vida.at\/pensionisten\/wp-content\/uploads\/sites\/10\/2021\/07\/Geburtstag_adobestock.jpg",898,607,false],"awb_xl":["https:\/\/blog.vida.at\/pensionisten\/wp-content\/uploads\/sites\/10\/2021\/07\/Geburtstag_adobestock.jpg",898,607,false]},"post_excerpt_stackable":"<p>Die OG St. Veit an der Glan w\u00fcnscht Herbert Waldl alles Gute zum 80. Geburtstag. Die vida-Ortsgruppe St. Veit an der Glan gratuliert dem langj\u00e4hrigen Mitglied und Funktion\u00e4r Herbert Waldl zum 80. Geburtstag. Der Landesvorsitzende der vida-Pensionist:innen K\u00e4rnten, Roman Kobald, w\u00fcnscht unserem Geburtstagskind und lieben Freund alles erdenklich\u00a0Gute.\u00a0\u00a0 F\u00fcr das neue Lebensjahr von Herzen f\u00fcr dich: Gesundheit, Zufriedenheit und viele gl\u00fcckliche Momente!<\/p>\n","category_list":"<a href=\"https:\/\/blog.vida.at\/pensionisten\/category\/allgemein\/\" rel=\"category tag\">Allgemein<\/a>, <a href=\"https:\/\/blog.vida.at\/pensionisten\/category\/ortsgruppen\/niederoesterreich\/\" rel=\"category tag\">Nieder\u00f6sterreich<\/a>, <a href=\"https:\/\/blog.vida.at\/pensionisten\/category\/ortsgruppen\/niederoesterreich\/og-herzogenburg\/\" rel=\"category tag\">OG Herzogenburg<\/a>, <a href=\"https:\/\/blog.vida.at\/pensionisten\/category\/ortsgruppen\/\" rel=\"category tag\">Ortsgruppen<\/a>","author_info":{"display_name":"mariontobola","author_link":"https:\/\/blog.vida.at\/pensionisten\/author\/mariontobola\/"},"comments_num":"0 comments","featured_image_urls_v2":{"full":["https:\/\/blog.vida.at\/pensionisten\/wp-content\/uploads\/sites\/10\/2021\/07\/Geburtstag_adobestock.jpg",898,607,false],"thumbnail":["https:\/\/blog.vida.at\/pensionisten\/wp-content\/uploads\/sites\/10\/2021\/07\/Geburtstag_adobestock-150x150.jpg",150,150,true],"medium":["https:\/\/blog.vida.at\/pensionisten\/wp-content\/uploads\/sites\/10\/2021\/07\/Geburtstag_adobestock-300x203.jpg",300,203,true],"medium_large":["https:\/\/blog.vida.at\/pensionisten\/wp-content\/uploads\/sites\/10\/2021\/07\/Geburtstag_adobestock-768x519.jpg",640,433,true],"large":["https:\/\/blog.vida.at\/pensionisten\/wp-content\/uploads\/sites\/10\/2021\/07\/Geburtstag_adobestock.jpg",640,433,false],"1536x1536":["https:\/\/blog.vida.at\/pensionisten\/wp-content\/uploads\/sites\/10\/2021\/07\/Geburtstag_adobestock.jpg",898,607,false],"2048x2048":["https:\/\/blog.vida.at\/pensionisten\/wp-content\/uploads\/sites\/10\/2021\/07\/Geburtstag_adobestock.jpg",898,607,false],"ab-block-post-grid-landscape":["https:\/\/blog.vida.at\/pensionisten\/wp-content\/uploads\/sites\/10\/2021\/07\/Geburtstag_adobestock-600x400.jpg",600,400,true],"ab-block-post-grid-square":["https:\/\/blog.vida.at\/pensionisten\/wp-content\/uploads\/sites\/10\/2021\/07\/Geburtstag_adobestock-600x600.jpg",600,600,true],"post-thumbnail":["https:\/\/blog.vida.at\/pensionisten\/wp-content\/uploads\/sites\/10\/2021\/07\/Geburtstag_adobestock.jpg",898,607,false],"awb_sm":["https:\/\/blog.vida.at\/pensionisten\/wp-content\/uploads\/sites\/10\/2021\/07\/Geburtstag_adobestock-500x338.jpg",500,338,true],"awb_md":["https:\/\/blog.vida.at\/pensionisten\/wp-content\/uploads\/sites\/10\/2021\/07\/Geburtstag_adobestock-800x541.jpg",800,541,true],"awb_lg":["https:\/\/blog.vida.at\/pensionisten\/wp-content\/uploads\/sites\/10\/2021\/07\/Geburtstag_adobestock.jpg",898,607,false],"awb_xl":["https:\/\/blog.vida.at\/pensionisten\/wp-content\/uploads\/sites\/10\/2021\/07\/Geburtstag_adobestock.jpg",898,607,false]},"post_excerpt_stackable_v2":"<p>Die OG St. Veit an der Glan w\u00fcnscht Herbert Waldl alles Gute zum 80. Geburtstag. Die vida-Ortsgruppe St. Veit an der Glan gratuliert dem langj\u00e4hrigen Mitglied und Funktion\u00e4r Herbert Waldl zum 80. Geburtstag. Der Landesvorsitzende der vida-Pensionist:innen K\u00e4rnten, Roman Kobald, w\u00fcnscht unserem Geburtstagskind und lieben Freund alles erdenklich\u00a0Gute.\u00a0\u00a0 F\u00fcr das neue Lebensjahr von Herzen f\u00fcr dich: Gesundheit, Zufriedenheit und viele gl\u00fcckliche Momente!<\/p>\n","category_list_v2":"<a href=\"https:\/\/blog.vida.at\/pensionisten\/category\/allgemein\/\" rel=\"category tag\">Allgemein<\/a>, <a href=\"https:\/\/blog.vida.at\/pensionisten\/category\/ortsgruppen\/niederoesterreich\/\" rel=\"category tag\">Nieder\u00f6sterreich<\/a>, <a href=\"https:\/\/blog.vida.at\/pensionisten\/category\/ortsgruppen\/niederoesterreich\/og-herzogenburg\/\" rel=\"category tag\">OG Herzogenburg<\/a>, <a href=\"https:\/\/blog.vida.at\/pensionisten\/category\/ortsgruppen\/\" rel=\"category tag\">Ortsgruppen<\/a>","author_info_v2":{"name":"mariontobola","url":"https:\/\/blog.vida.at\/pensionisten\/author\/mariontobola\/"},"comments_num_v2":"0 comments","yoast_head":"<!-- This site is optimized with the Yoast SEO plugin v28.2 - https:\/\/yoast.com\/product\/yoast-seo-wordpress\/ -->\n<title>vida gratuliert<\/title>\n<meta name=\"robots\" content=\"index, follow, max-snippet:-1, max-image-preview:large, max-video-preview:-1\" \/>\n<link rel=\"canonical\" href=\"https:\/\/blog.vida.at\/pensionisten\/2026\/09\/02\/vida-gratuliert-47\/\" \/>\n<meta property=\"og:locale\" content=\"de_DE\" \/>\n<meta property=\"og:type\" content=\"article\" \/>\n<meta property=\"og:title\" content=\"vida gratuliert\" \/>\n<meta property=\"og:description\" content=\"Die OG St. Veit an der Glan w\u00fcnscht Herbert Waldl alles Gute zum 80. Geburtstag.\" \/>\n<meta property=\"og:url\" content=\"https:\/\/blog.vida.at\/pensionisten\/2026\/09\/02\/vida-gratuliert-47\/\" \/>\n<meta property=\"og:site_name\" content=\"vida Pensionisten\" \/>\n<meta property=\"article:published_time\" content=\"2026-09-02T09:49:45+00:00\" \/>\n<meta property=\"article:modified_time\" content=\"2026-09-02T09:51:39+00:00\" \/>\n<meta property=\"og:image\" content=\"https:\/\/blog.vida.at\/pensionisten\/wp-content\/uploads\/sites\/10\/2021\/07\/Geburtstag_adobestock.jpg\" \/>\n\t<meta property=\"og:image:width\" content=\"898\" \/>\n\t<meta property=\"og:image:height\" content=\"607\" \/>\n\t<meta property=\"og:image:type\" content=\"image\/jpeg\" \/>\n<meta name=\"author\" content=\"mariontobola\" \/>\n<meta name=\"twitter:card\" content=\"summary_large_image\" \/>\n<meta name=\"twitter:label1\" content=\"Verfasst von\" \/>\n\t<meta name=\"twitter:data1\" content=\"mariontobola\" \/>\n\t<meta name=\"twitter:label2\" content=\"Gesch\u00e4tzte Lesezeit\" \/>\n\t<meta name=\"twitter:data2\" content=\"1\u00a0Minute\" \/>\n<script type=\"application\/ld+json\" class=\"yoast-schema-graph\">{\"@context\":\"https:\\\/\\\/schema.org\",\"@graph\":[{\"@type\":\"Article\",\"@id\":\"https:\\\/\\\/blog.vida.at\\\/pensionisten\\\/2026\\\/09\\\/02\\\/vida-gratuliert-47\\\/#article\",\"isPartOf\":{\"@id\":\"https:\\\/\\\/blog.vida.at\\\/pensionisten\\\/2026\\\/09\\\/02\\\/vida-gratuliert-47\\\/\"},\"author\":{\"name\":\"mariontobola\",\"@id\":\"https:\\\/\\\/blog.vida.at\\\/pensionisten\\\/#\\\/schema\\\/person\\\/88cee3ee93b9afdc51c92f5f63f38b8a\"},\"headline\":\"vida gratuliert\",\"datePublished\":\"2026-09-02T09:49:45+00:00\",\"dateModified\":\"2026-09-02T09:51:39+00:00\",\"mainEntityOfPage\":{\"@id\":\"https:\\\/\\\/blog.vida.at\\\/pensionisten\\\/2026\\\/09\\\/02\\\/vida-gratuliert-47\\\/\"},\"wordCount\":72,\"commentCount\":0,\"image\":{\"@id\":\"https:\\\/\\\/blog.vida.at\\\/pensionisten\\\/2026\\\/09\\\/02\\\/vida-gratuliert-47\\\/#primaryimage\"},\"thumbnailUrl\":\"https:\\\/\\\/blog.vida.at\\\/pensionisten\\\/wp-content\\\/uploads\\\/sites\\\/10\\\/2021\\\/07\\\/Geburtstag_adobestock.jpg\",\"articleSection\":{\"1\":\"Nieder\u00f6sterreich\",\"2\":\"OG Herzogenburg\",\"3\":\"Ortsgruppen\"},\"inLanguage\":\"de\",\"potentialAction\":[{\"@type\":\"CommentAction\",\"name\":\"Comment\",\"target\":[\"https:\\\/\\\/blog.vida.at\\\/pensionisten\\\/2026\\\/09\\\/02\\\/vida-gratuliert-47\\\/#respond\"]}]},{\"@type\":\"WebPage\",\"@id\":\"https:\\\/\\\/blog.vida.at\\\/pensionisten\\\/2026\\\/09\\\/02\\\/vida-gratuliert-47\\\/\",\"url\":\"https:\\\/\\\/blog.vida.at\\\/pensionisten\\\/2026\\\/09\\\/02\\\/vida-gratuliert-47\\\/\",\"name\":\"vida gratuliert\",\"isPartOf\":{\"@id\":\"https:\\\/\\\/blog.vida.at\\\/pensionisten\\\/#website\"},\"primaryImageOfPage\":{\"@id\":\"https:\\\/\\\/blog.vida.at\\\/pensionisten\\\/2026\\\/09\\\/02\\\/vida-gratuliert-47\\\/#primaryimage\"},\"image\":{\"@id\":\"https:\\\/\\\/blog.vida.at\\\/pensionisten\\\/2026\\\/09\\\/02\\\/vida-gratuliert-47\\\/#primaryimage\"},\"thumbnailUrl\":\"https:\\\/\\\/blog.vida.at\\\/pensionisten\\\/wp-content\\\/uploads\\\/sites\\\/10\\\/2021\\\/07\\\/Geburtstag_adobestock.jpg\",\"datePublished\":\"2026-09-02T09:49:45+00:00\",\"dateModified\":\"2026-09-02T09:51:39+00:00\",\"author\":{\"@id\":\"https:\\\/\\\/blog.vida.at\\\/pensionisten\\\/#\\\/schema\\\/person\\\/88cee3ee93b9afdc51c92f5f63f38b8a\"},\"breadcrumb\":{\"@id\":\"https:\\\/\\\/blog.vida.at\\\/pensionisten\\\/2026\\\/09\\\/02\\\/vida-gratuliert-47\\\/#breadcrumb\"},\"inLanguage\":\"de\",\"potentialAction\":[{\"@type\":\"ReadAction\",\"target\":[\"https:\\\/\\\/blog.vida.at\\\/pensionisten\\\/2026\\\/09\\\/02\\\/vida-gratuliert-47\\\/\"]}]},{\"@type\":\"ImageObject\",\"inLanguage\":\"de\",\"@id\":\"https:\\\/\\\/blog.vida.at\\\/pensionisten\\\/2026\\\/09\\\/02\\\/vida-gratuliert-47\\\/#primaryimage\",\"url\":\"https:\\\/\\\/blog.vida.at\\\/pensionisten\\\/wp-content\\\/uploads\\\/sites\\\/10\\\/2021\\\/07\\\/Geburtstag_adobestock.jpg\",\"contentUrl\":\"https:\\\/\\\/blog.vida.at\\\/pensionisten\\\/wp-content\\\/uploads\\\/sites\\\/10\\\/2021\\\/07\\\/Geburtstag_adobestock.jpg\",\"width\":898,\"height\":607},{\"@type\":\"BreadcrumbList\",\"@id\":\"https:\\\/\\\/blog.vida.at\\\/pensionisten\\\/2026\\\/09\\\/02\\\/vida-gratuliert-47\\\/#breadcrumb\",\"itemListElement\":[{\"@type\":\"ListItem\",\"position\":1,\"name\":\"Startseite\",\"item\":\"https:\\\/\\\/blog.vida.at\\\/pensionisten\\\/\"},{\"@type\":\"ListItem\",\"position\":2,\"name\":\"vida gratuliert\"}]},{\"@type\":\"WebSite\",\"@id\":\"https:\\\/\\\/blog.vida.at\\\/pensionisten\\\/#website\",\"url\":\"https:\\\/\\\/blog.vida.at\\\/pensionisten\\\/\",\"name\":\"vida Pensionisten\",\"description\":\"\",\"potentialAction\":[{\"@type\":\"SearchAction\",\"target\":{\"@type\":\"EntryPoint\",\"urlTemplate\":\"https:\\\/\\\/blog.vida.at\\\/pensionisten\\\/?s={search_term_string}\"},\"query-input\":{\"@type\":\"PropertyValueSpecification\",\"valueRequired\":true,\"valueName\":\"search_term_string\"}}],\"inLanguage\":\"de\"},{\"@type\":\"Person\",\"@id\":\"https:\\\/\\\/blog.vida.at\\\/pensionisten\\\/#\\\/schema\\\/person\\\/88cee3ee93b9afdc51c92f5f63f38b8a\",\"name\":\"mariontobola\",\"image\":{\"@type\":\"ImageObject\",\"inLanguage\":\"de\",\"@id\":\"https:\\\/\\\/secure.gravatar.com\\\/avatar\\\/5d2c516985e4eda61bca05bd3b4359b4358135bd1e1a5b08c539e9cd1edd6528?s=96&d=mm&r=g\",\"url\":\"https:\\\/\\\/secure.gravatar.com\\\/avatar\\\/5d2c516985e4eda61bca05bd3b4359b4358135bd1e1a5b08c539e9cd1edd6528?s=96&d=mm&r=g\",\"contentUrl\":\"https:\\\/\\\/secure.gravatar.com\\\/avatar\\\/5d2c516985e4eda61bca05bd3b4359b4358135bd1e1a5b08c539e9cd1edd6528?s=96&d=mm&r=g\",\"caption\":\"mariontobola\"},\"url\":\"https:\\\/\\\/blog.vida.at\\\/pensionisten\\\/author\\\/mariontobola\\\/\"}]}<\/script>\n<!-- \/ Yoast SEO plugin. -->","yoast_head_json":{"title":"vida gratuliert","robots":{"index":"index","follow":"follow","max-snippet":"max-snippet:-1","max-image-preview":"max-image-preview:large","max-video-preview":"max-video-preview:-1"},"canonical":"https:\/\/blog.vida.at\/pensionisten\/2026\/09\/02\/vida-gratuliert-47\/","og_locale":"de_DE","og_type":"article","og_title":"vida gratuliert","og_description":"Die OG St. Veit an der Glan w\u00fcnscht Herbert Waldl alles Gute zum 80. Geburtstag.","og_url":"https:\/\/blog.vida.at\/pensionisten\/2026\/09\/02\/vida-gratuliert-47\/","og_site_name":"vida Pensionisten","article_published_time":"2026-09-02T09:49:45+00:00","article_modified_time":"2026-09-02T09:51:39+00:00","og_image":[{"width":898,"height":607,"url":"https:\/\/blog.vida.at\/pensionisten\/wp-content\/uploads\/sites\/10\/2021\/07\/Geburtstag_adobestock.jpg","type":"image\/jpeg"}],"author":"mariontobola","twitter_card":"summary_large_image","twitter_misc":{"Verfasst von":"mariontobola","Gesch\u00e4tzte Lesezeit":"1\u00a0Minute"},"schema":{"@context":"https:\/\/schema.org","@graph":[{"@type":"Article","@id":"https:\/\/blog.vida.at\/pensionisten\/2026\/09\/02\/vida-gratuliert-47\/#article","isPartOf":{"@id":"https:\/\/blog.vida.at\/pensionisten\/2026\/09\/02\/vida-gratuliert-47\/"},"author":{"name":"mariontobola","@id":"https:\/\/blog.vida.at\/pensionisten\/#\/schema\/person\/88cee3ee93b9afdc51c92f5f63f38b8a"},"headline":"vida gratuliert","datePublished":"2026-09-02T09:49:45+00:00","dateModified":"2026-09-02T09:51:39+00:00","mainEntityOfPage":{"@id":"https:\/\/blog.vida.at\/pensionisten\/2026\/09\/02\/vida-gratuliert-47\/"},"wordCount":72,"commentCount":0,"image":{"@id":"https:\/\/blog.vida.at\/pensionisten\/2026\/09\/02\/vida-gratuliert-47\/#primaryimage"},"thumbnailUrl":"https:\/\/blog.vida.at\/pensionisten\/wp-content\/uploads\/sites\/10\/2021\/07\/Geburtstag_adobestock.jpg","articleSection":{"1":"Nieder\u00f6sterreich","2":"OG Herzogenburg","3":"Ortsgruppen"},"inLanguage":"de","potentialAction":[{"@type":"CommentAction","name":"Comment","target":["https:\/\/blog.vida.at\/pensionisten\/2026\/09\/02\/vida-gratuliert-47\/#respond"]}]},{"@type":"WebPage","@id":"https:\/\/blog.vida.at\/pensionisten\/2026\/09\/02\/vida-gratuliert-47\/","url":"https:\/\/blog.vida.at\/pensionisten\/2026\/09\/02\/vida-gratuliert-47\/","name":"vida gratuliert","isPartOf":{"@id":"https:\/\/blog.vida.at\/pensionisten\/#website"},"primaryImageOfPage":{"@id":"https:\/\/blog.vida.at\/pensionisten\/2026\/09\/02\/vida-gratuliert-47\/#primaryimage"},"image":{"@id":"https:\/\/blog.vida.at\/pensionisten\/2026\/09\/02\/vida-gratuliert-47\/#primaryimage"},"thumbnailUrl":"https:\/\/blog.vida.at\/pensionisten\/wp-content\/uploads\/sites\/10\/2021\/07\/Geburtstag_adobestock.jpg","datePublished":"2026-09-02T09:49:45+00:00","dateModified":"2026-09-02T09:51:39+00:00","author":{"@id":"https:\/\/blog.vida.at\/pensionisten\/#\/schema\/person\/88cee3ee93b9afdc51c92f5f63f38b8a"},"breadcrumb":{"@id":"https:\/\/blog.vida.at\/pensionisten\/2026\/09\/02\/vida-gratuliert-47\/#breadcrumb"},"inLanguage":"de","potentialAction":[{"@type":"ReadAction","target":["https:\/\/blog.vida.at\/pensionisten\/2026\/09\/02\/vida-gratuliert-47\/"]}]},{"@type":"ImageObject","inLanguage":"de","@id":"https:\/\/blog.vida.at\/pensionisten\/2026\/09\/02\/vida-gratuliert-47\/#primaryimage","url":"https:\/\/blog.vida.at\/pensionisten\/wp-content\/uploads\/sites\/10\/2021\/07\/Geburtstag_adobestock.jpg","contentUrl":"https:\/\/blog.vida.at\/pensionisten\/wp-content\/uploads\/sites\/10\/2021\/07\/Geburtstag_adobestock.jpg","width":898,"height":607},{"@type":"BreadcrumbList","@id":"https:\/\/blog.vida.at\/pensionisten\/2026\/09\/02\/vida-gratuliert-47\/#breadcrumb","itemListElement":[{"@type":"ListItem","position":1,"name":"Startseite","item":"https:\/\/blog.vida.at\/pensionisten\/"},{"@type":"ListItem","position":2,"name":"vida gratuliert"}]},{"@type":"WebSite","@id":"https:\/\/blog.vida.at\/pensionisten\/#website","url":"https:\/\/blog.vida.at\/pensionisten\/","name":"vida Pensionisten","description":"","potentialAction":[{"@type":"SearchAction","target":{"@type":"EntryPoint","urlTemplate":"https:\/\/blog.vida.at\/pensionisten\/?s={search_term_string}"},"query-input":{"@type":"PropertyValueSpecification","valueRequired":true,"valueName":"search_term_string"}}],"inLanguage":"de"},{"@type":"Person","@id":"https:\/\/blog.vida.at\/pensionisten\/#\/schema\/person\/88cee3ee93b9afdc51c92f5f63f38b8a","name":"mariontobola","image":{"@type":"ImageObject","inLanguage":"de","@id":"https:\/\/secure.gravatar.com\/avatar\/5d2c516985e4eda61bca05bd3b4359b4358135bd1e1a5b08c539e9cd1edd6528?s=96&d=mm&r=g","url":"https:\/\/secure.gravatar.com\/avatar\/5d2c516985e4eda61bca05bd3b4359b4358135bd1e1a5b08c539e9cd1edd6528?s=96&d=mm&r=g","contentUrl":"https:\/\/secure.gravatar.com\/avatar\/5d2c516985e4eda61bca05bd3b4359b4358135bd1e1a5b08c539e9cd1edd6528?s=96&d=mm&r=g","caption":"mariontobola"},"url":"https:\/\/blog.vida.at\/pensionisten\/author\/mariontobola\/"}]}},"author_meta":{"display_name":"mariontobola","author_link":"https:\/\/blog.vida.at\/pensionisten\/author\/mariontobola\/"},"featured_img":"https:\/\/blog.vida.at\/pensionisten\/wp-content\/uploads\/sites\/10\/2021\/07\/Geburtstag_adobestock-300x203.jpg","featured_image_src":"https:\/\/blog.vida.at\/pensionisten\/wp-content\/uploads\/sites\/10\/2021\/07\/Geburtstag_adobestock-600x400.jpg","featured_image_src_square":"https:\/\/blog.vida.at\/pensionisten\/wp-content\/uploads\/sites\/10\/2021\/07\/Geburtstag_adobestock-600x600.jpg","uagb_featured_image_src":{"full":["https:\/\/blog.vida.at\/pensionisten\/wp-content\/uploads\/sites\/10\/2021\/07\/Geburtstag_adobestock.jpg",898,607,false],"thumbnail":["https:\/\/blog.vida.at\/pensionisten\/wp-content\/uploads\/sites\/10\/2021\/07\/Geburtstag_adobestock-150x150.jpg",150,150,true],"medium":["https:\/\/blog.vida.at\/pensionisten\/wp-content\/uploads\/sites\/10\/2021\/07\/Geburtstag_adobestock-300x203.jpg",300,203,true],"medium_large":["https:\/\/blog.vida.at\/pensionisten\/wp-content\/uploads\/sites\/10\/2021\/07\/Geburtstag_adobestock-768x519.jpg",640,433,true],"large":["https:\/\/blog.vida.at\/pensionisten\/wp-content\/uploads\/sites\/10\/2021\/07\/Geburtstag_adobestock.jpg",640,433,false],"1536x1536":["https:\/\/blog.vida.at\/pensionisten\/wp-content\/uploads\/sites\/10\/2021\/07\/Geburtstag_adobestock.jpg",898,607,false],"2048x2048":["https:\/\/blog.vida.at\/pensionisten\/wp-content\/uploads\/sites\/10\/2021\/07\/Geburtstag_adobestock.jpg",898,607,false],"ab-block-post-grid-landscape":["https:\/\/blog.vida.at\/pensionisten\/wp-content\/uploads\/sites\/10\/2021\/07\/Geburtstag_adobestock-600x400.jpg",600,400,true],"ab-block-post-grid-square":["https:\/\/blog.vida.at\/pensionisten\/wp-content\/uploads\/sites\/10\/2021\/07\/Geburtstag_adobestock-600x600.jpg",600,600,true],"post-thumbnail":["https:\/\/blog.vida.at\/pensionisten\/wp-content\/uploads\/sites\/10\/2021\/07\/Geburtstag_adobestock.jpg",898,607,false],"awb_sm":["https:\/\/blog.vida.at\/pensionisten\/wp-content\/uploads\/sites\/10\/2021\/07\/Geburtstag_adobestock-500x338.jpg",500,338,true],"awb_md":["https:\/\/blog.vida.at\/pensionisten\/wp-content\/uploads\/sites\/10\/2021\/07\/Geburtstag_adobestock-800x541.jpg",800,541,true],"awb_lg":["https:\/\/blog.vida.at\/pensionisten\/wp-content\/uploads\/sites\/10\/2021\/07\/Geburtstag_adobestock.jpg",898,607,false],"awb_xl":["https:\/\/blog.vida.at\/pensionisten\/wp-content\/uploads\/sites\/10\/2021\/07\/Geburtstag_adobestock.jpg",898,607,false]},"uagb_author_info":{"display_name":"mariontobola","author_link":"https:\/\/blog.vida.at\/pensionisten\/author\/mariontobola\/"},"uagb_comment_info":0,"uagb_excerpt":"Die OG St. Veit an der Glan w\u00fcnscht Herbert Waldl alles Gute zum 80. Geburtstag.","coauthors":[],"tax_additional":{"categories":{"linked":["<a href=\"https:\/\/blog.vida.at\/pensionisten\/category\/allgemein\/\" class=\"advgb-post-tax-term\">Allgemein<\/a>","<a href=\"https:\/\/blog.vida.at\/pensionisten\/category\/ortsgruppen\/niederoesterreich\/\" class=\"advgb-post-tax-term\">Nieder\u00f6sterreich<\/a>","<a href=\"https:\/\/blog.vida.at\/pensionisten\/category\/ortsgruppen\/niederoesterreich\/og-herzogenburg\/\" class=\"advgb-post-tax-term\">OG Herzogenburg<\/a>","<a href=\"https:\/\/blog.vida.at\/pensionisten\/category\/ortsgruppen\/\" class=\"advgb-post-tax-term\">Ortsgruppen<\/a>"],"unlinked":["<span class=\"advgb-post-tax-term\">Allgemein<\/span>","<span class=\"advgb-post-tax-term\">Nieder\u00f6sterreich<\/span>","<span class=\"advgb-post-tax-term\">OG Herzogenburg<\/span>","<span class=\"advgb-post-tax-term\">Ortsgruppen<\/span>"]}},"comment_count":"0","relative_dates":{"created":"Ver\u00f6ffentlicht 1\u00a0Tag vor","modified":"Aktualisiert 1\u00a0Tag vor"},"absolute_dates":{"created":"Ver\u00f6ffentlicht am 2. September 2026","modified":"Aktualisiert am 2. September 2026"},"absolute_dates_time":{"created":"Ver\u00f6ffentlicht am 2. September 2026 11:49","modified":"Aktualisiert am 2. September 2026 11:51"},"featured_img_caption":"","series_order":"","_links":{"self":[{"href":"https:\/\/blog.vida.at\/pensionisten\/wp-json\/wp\/v2\/posts\/13894","targetHints":{"allow":["GET"]}}],"collection":[{"href":"https:\/\/blog.vida.at\/pensionisten\/wp-json\/wp\/v2\/posts"}],"about":[{"href":"https:\/\/blog.vida.at\/pensionisten\/wp-json\/wp\/v2\/types\/post"}],"author":[{"embeddable":true,"href":"https:\/\/blog.vida.at\/pensionisten\/wp-json\/wp\/v2\/users\/8"}],"replies":[{"embeddable":true,"href":"https:\/\/blog.vida.at\/pensionisten\/wp-json\/wp\/v2\/comments?post=13894"}],"version-history":[{"count":2,"href":"https:\/\/blog.vida.at\/pensionisten\/wp-json\/wp\/v2\/posts\/13894\/revisions"}],"predecessor-version":[{"id":13899,"href":"https:\/\/blog.vida.at\/pensionisten\/wp-json\/wp\/v2\/posts\/13894\/revisions\/13899"}],"wp:featuredmedia":[{"embeddable":true,"href":"https:\/\/blog.vida.at\/pensionisten\/wp-json\/wp\/v2\/media\/2689"}],"wp:attachment":[{"href":"https:\/\/blog.vida.at\/pensionisten\/wp-json\/wp\/v2\/media?parent=13894"}],"wp:term":[{"taxonomy":"category","embeddable":true,"href":"https:\/\/blog.vida.at\/pensionisten\/wp-json\/wp\/v2\/categories?post=13894"},{"taxonomy":"post_tag","embeddable":true,"href":"https:\/\/blog.vida.at\/pensionisten\/wp-json\/wp\/v2\/tags?post=13894"},{"taxonomy":"Orte","embeddable":true,"href":"https:\/\/blog.vida.at\/pensionisten\/wp-json\/wp\/v2\/Orte?post=13894"},{"taxonomy":"activitytype","embeddable":true,"href":"https:\/\/blog.vida.at\/pensionisten\/wp-json\/wp\/v2\/activitytype?post=13894"}],"curies":[{"name":"wp","href":"https:\/\/api.w.org\/{rel}","templated":true}]}}