
{"id":13903,"date":"2026-09-02T14:02:22","date_gmt":"2026-09-02T12:02:22","guid":{"rendered":"https:\/\/blog.vida.at\/pensionisten\/?p=13903"},"modified":"2026-09-02T14:02:22","modified_gmt":"2026-09-02T12:02:22","slug":"ein-fest-fuer-die-ganze-ortsgruppe","status":"publish","type":"post","link":"https:\/\/blog.vida.at\/pensionisten\/2026\/09\/02\/ein-fest-fuer-die-ganze-ortsgruppe\/","title":{"rendered":"Ein Fest f\u00fcr die ganze Ortsgruppe"},"content":{"rendered":"\n<div class=\"wp-block-group Container\"><div class=\"wp-block-group__inner-container is-layout-flow wp-block-group-is-layout-flow\">\n<h4 class=\"wp-block-heading\">Das war das 4. Bahnhofsfest der vida-Ortsgruppe Herzogenburg\/Neulengbach. <\/h4>\n\n\n\n<br>\n\n\n\n<p class=\"wp-block-paragraph\"><\/p>\n\n\n\n<!--more-->\n\n\n\n<p class=\"wp-block-paragraph\"><\/p>\n\n\n\n<p class=\"wp-block-paragraph\">Am 25. Juli 2026 war es wieder so weit: Am Bahnhofvorplatz in Herzogenburg ging das 4. vida-Bahnhofsfest der Ortsgruppe Herzogenburg\/Neulengbach \u00fcber die B\u00fchne. Und eines gleich vorweg: Mit mehr als 300 G\u00e4sten war das Fest ein voller Erfolg!<\/p>\n\n\n\n<p class=\"wp-block-paragraph\"><strong><mark style=\"color:#f80000\" class=\"has-inline-color\">Starke Partner:innen &#8211; gute Stimmung <\/mark><\/strong><\/p>\n\n\n\n<p class=\"wp-block-paragraph\">Unter den zahlreichen Besucher:innen konnten auch viele Kooperationspartner begr\u00fc\u00dft werden, darunter die Fa. Mischak G&amp;E GmbH, \u00d6sterreichische Beamtenversicherung\/Vertriebsleiterin Renate Brenner, Volksbank Nieder\u00f6sterreich\/Christoph Knapp, vida N\u00d6 Zentral Regionsvorsitzender Manuel Winkler und Vorsitzender stv. Martin Klepl, Gastwirt Toni Buchsbaum, SP\u00d6 Vorsitzender Herzogenburg Patrick Reinisch sowie die Eisenbahnermusikkapelle St. P\u00f6lten. Sie sorgte von 11.30 Uhr bis 14 Uhr mit einem wunderbaren Fr\u00fchschoppen f\u00fcr die musikalische Begleitung.<\/p>\n\n\n\n<p class=\"wp-block-paragraph\"><strong><mark style=\"color:#f80000\" class=\"has-inline-color\">Mit Fahrrad unterwegs <\/mark><\/strong><\/p>\n\n\n\n<p class=\"wp-block-paragraph\">Doch der Festtag begann schon fr\u00fcher: Bereits um 9 Uhr startete die erste Aktivit\u00e4t. Nach dem Bieranstich standen die jeweils zweist\u00fcndigen Familien- und E-Bike-Fahrradausfahrten auf dem Programm. Unser Fahrradchef und OG-Pensionsbetreuer-Stv. Ernsti Werner hatte diese gemeinsam mit seinen Guides hervorragend organisiert.<\/p>\n\n\n\n<p class=\"wp-block-paragraph\"><strong><mark style=\"color:#ff0000\" class=\"has-inline-color\">Sponsor:innen machen es m\u00f6glich <\/mark><\/strong><\/p>\n\n\n\n<p class=\"wp-block-paragraph\">Um 11 Uhr wurde das Bahnhofsfest schlie\u00dflich offiziell von B\u00fcrgermeister Christoph Artner er\u00f6ffnet.<\/p>\n\n\n\n<p class=\"wp-block-paragraph\">Tatkr\u00e4ftige Unterst\u00fctzung kam auch von der Stadtgemeinde inklusive Bauhof. Weitere Sponsoren waren die Sparkasse Herzogenburg\/Neulengbach und Gastwirt Franz Dopler. Ohne die Unterst\u00fctzung dieser zahlreichen Sponsoren w\u00e4re ein Fest in dieser Form nicht m\u00f6glich.<\/p>\n\n\n\n<p class=\"wp-block-paragraph\"><strong><mark style=\"color:#eb0000\" class=\"has-inline-color\">Gro\u00dfe vida-Familie mit dabei<\/mark><\/strong><\/p>\n\n\n\n<p class=\"wp-block-paragraph\">F\u00fcr weitere erfrischende Worte sorgte anschlie\u00dfend der Landesvorsitzende der vida-Pensionist:innen Nieder\u00f6sterreich, Josef \u201ePepi\u201c Gradwohl.<\/p>\n\n\n\n<p class=\"wp-block-paragraph\">Auch zahlreiche weitere G\u00e4ste aus der vida-Familie waren mit dabei: vida-Landesvorsitzender N\u00d6, Horst \u201eHowdy\u201c Pammer, Josef Mayer, Alfred Spiegl, sowie die BBL Herzogenburg unter Obmann Franz Haslinger mit 14 Mitgliedern.<\/p>\n\n\n\n<p class=\"wp-block-paragraph\"><strong><mark style=\"color:#f80000\" class=\"has-inline-color\">Gem\u00fctliche Atmosph\u00e4re mit vielen Schmankerln <\/mark><\/strong><\/p>\n\n\n\n<p class=\"wp-block-paragraph\">Bei herrlichem Wetter war f\u00fcr das leibliche Wohl bestens gesorgt: Koteletts, Bratw\u00fcrste, Bier vom Fass, kalte Getr\u00e4nke, Kaffee und selbstgemachte Mehlspeisen lie\u00dfen keine W\u00fcnsche offen. So genossen unsere G\u00e4ste die gem\u00fctliche Atmosph\u00e4re und unterhielten sich bis in die Abendstunden pr\u00e4chtig.<\/p>\n\n\n\n<p class=\"wp-block-paragraph\"><strong><mark style=\"color:#f90000\" class=\"has-inline-color\">Gemeinsam f\u00fcr die gute Sache <\/mark><\/strong><\/p>\n\n\n\n<p class=\"wp-block-paragraph\">Besonders erfreulich: Der Reinerl\u00f6s aus den freien Spenden wird an den Waisen- und Unterst\u00fctzungsverein des \u00d6BB-Konzerns \u00fcbergeben.<\/p>\n\n\n\n<p class=\"wp-block-paragraph\">Zum Abschluss ein herzliches Dankesch\u00f6n an alle Teilnehmer:innen \u2013 und ganz besonders an die fantastischen Helfer der Ortsgruppen sowie an alle Kooperationspartner. Ohne euch w\u00e4re dieses gelungene Bahnhofsfest nicht m\u00f6glich gewesen!<\/p>\n<\/div><\/div>\n\n\n\n<figure class=\"wp-block-gallery has-nested-images columns-default is-cropped uag-masonry uagb-block-86ae275f wp-block-gallery-1 is-layout-flex wp-block-gallery-is-layout-flex\">\n<figure class=\"wp-block-image size-large\"><img loading=\"lazy\" decoding=\"async\" width=\"1024\" height=\"768\" data-id=\"13904\" src=\"https:\/\/blog.vida.at\/pensionisten\/wp-content\/uploads\/sites\/10\/2026\/09\/Bahnhofsfest-2026-1-1024x768.jpeg\" alt=\"\" class=\"wp-image-13904\" srcset=\"https:\/\/blog.vida.at\/pensionisten\/wp-content\/uploads\/sites\/10\/2026\/09\/Bahnhofsfest-2026-1-1024x768.jpeg 1024w, https:\/\/blog.vida.at\/pensionisten\/wp-content\/uploads\/sites\/10\/2026\/09\/Bahnhofsfest-2026-1-300x225.jpeg 300w, https:\/\/blog.vida.at\/pensionisten\/wp-content\/uploads\/sites\/10\/2026\/09\/Bahnhofsfest-2026-1-768x576.jpeg 768w, https:\/\/blog.vida.at\/pensionisten\/wp-content\/uploads\/sites\/10\/2026\/09\/Bahnhofsfest-2026-1-1536x1152.jpeg 1536w, https:\/\/blog.vida.at\/pensionisten\/wp-content\/uploads\/sites\/10\/2026\/09\/Bahnhofsfest-2026-1-1568x1176.jpeg 1568w, https:\/\/blog.vida.at\/pensionisten\/wp-content\/uploads\/sites\/10\/2026\/09\/Bahnhofsfest-2026-1-500x375.jpeg 500w, https:\/\/blog.vida.at\/pensionisten\/wp-content\/uploads\/sites\/10\/2026\/09\/Bahnhofsfest-2026-1-800x600.jpeg 800w, https:\/\/blog.vida.at\/pensionisten\/wp-content\/uploads\/sites\/10\/2026\/09\/Bahnhofsfest-2026-1-1280x960.jpeg 1280w, https:\/\/blog.vida.at\/pensionisten\/wp-content\/uploads\/sites\/10\/2026\/09\/Bahnhofsfest-2026-1-1920x1440.jpeg 1920w, https:\/\/blog.vida.at\/pensionisten\/wp-content\/uploads\/sites\/10\/2026\/09\/Bahnhofsfest-2026-1.jpeg 2040w\" sizes=\"auto, (max-width: 1024px) 100vw, 1024px\" \/><\/figure>\n\n\n\n<figure class=\"wp-block-image size-large\"><img loading=\"lazy\" decoding=\"async\" width=\"1024\" height=\"768\" data-id=\"13906\" src=\"https:\/\/blog.vida.at\/pensionisten\/wp-content\/uploads\/sites\/10\/2026\/09\/Bhffest-2026-2-1024x768.jpeg\" alt=\"\" class=\"wp-image-13906\" srcset=\"https:\/\/blog.vida.at\/pensionisten\/wp-content\/uploads\/sites\/10\/2026\/09\/Bhffest-2026-2-1024x768.jpeg 1024w, https:\/\/blog.vida.at\/pensionisten\/wp-content\/uploads\/sites\/10\/2026\/09\/Bhffest-2026-2-300x225.jpeg 300w, https:\/\/blog.vida.at\/pensionisten\/wp-content\/uploads\/sites\/10\/2026\/09\/Bhffest-2026-2-768x576.jpeg 768w, https:\/\/blog.vida.at\/pensionisten\/wp-content\/uploads\/sites\/10\/2026\/09\/Bhffest-2026-2-1536x1152.jpeg 1536w, https:\/\/blog.vida.at\/pensionisten\/wp-content\/uploads\/sites\/10\/2026\/09\/Bhffest-2026-2-1568x1176.jpeg 1568w, https:\/\/blog.vida.at\/pensionisten\/wp-content\/uploads\/sites\/10\/2026\/09\/Bhffest-2026-2-500x375.jpeg 500w, https:\/\/blog.vida.at\/pensionisten\/wp-content\/uploads\/sites\/10\/2026\/09\/Bhffest-2026-2-800x600.jpeg 800w, https:\/\/blog.vida.at\/pensionisten\/wp-content\/uploads\/sites\/10\/2026\/09\/Bhffest-2026-2-1280x960.jpeg 1280w, https:\/\/blog.vida.at\/pensionisten\/wp-content\/uploads\/sites\/10\/2026\/09\/Bhffest-2026-2-1920x1440.jpeg 1920w, https:\/\/blog.vida.at\/pensionisten\/wp-content\/uploads\/sites\/10\/2026\/09\/Bhffest-2026-2.jpeg 2040w\" sizes=\"auto, (max-width: 1024px) 100vw, 1024px\" \/><\/figure>\n\n\n\n<figure class=\"wp-block-image size-large\"><img loading=\"lazy\" decoding=\"async\" width=\"1024\" height=\"768\" data-id=\"13905\" src=\"https:\/\/blog.vida.at\/pensionisten\/wp-content\/uploads\/sites\/10\/2026\/09\/Bhffest-2026-3-1024x768.jpeg\" alt=\"\" class=\"wp-image-13905\" srcset=\"https:\/\/blog.vida.at\/pensionisten\/wp-content\/uploads\/sites\/10\/2026\/09\/Bhffest-2026-3-1024x768.jpeg 1024w, https:\/\/blog.vida.at\/pensionisten\/wp-content\/uploads\/sites\/10\/2026\/09\/Bhffest-2026-3-300x225.jpeg 300w, https:\/\/blog.vida.at\/pensionisten\/wp-content\/uploads\/sites\/10\/2026\/09\/Bhffest-2026-3-768x576.jpeg 768w, https:\/\/blog.vida.at\/pensionisten\/wp-content\/uploads\/sites\/10\/2026\/09\/Bhffest-2026-3-1536x1152.jpeg 1536w, https:\/\/blog.vida.at\/pensionisten\/wp-content\/uploads\/sites\/10\/2026\/09\/Bhffest-2026-3-1568x1176.jpeg 1568w, https:\/\/blog.vida.at\/pensionisten\/wp-content\/uploads\/sites\/10\/2026\/09\/Bhffest-2026-3-500x375.jpeg 500w, https:\/\/blog.vida.at\/pensionisten\/wp-content\/uploads\/sites\/10\/2026\/09\/Bhffest-2026-3-800x600.jpeg 800w, https:\/\/blog.vida.at\/pensionisten\/wp-content\/uploads\/sites\/10\/2026\/09\/Bhffest-2026-3-1280x960.jpeg 1280w, https:\/\/blog.vida.at\/pensionisten\/wp-content\/uploads\/sites\/10\/2026\/09\/Bhffest-2026-3-1920x1440.jpeg 1920w, https:\/\/blog.vida.at\/pensionisten\/wp-content\/uploads\/sites\/10\/2026\/09\/Bhffest-2026-3.jpeg 2040w\" sizes=\"auto, (max-width: 1024px) 100vw, 1024px\" \/><\/figure>\n\n\n\n<figure class=\"wp-block-image size-large\"><img loading=\"lazy\" decoding=\"async\" width=\"1024\" height=\"768\" data-id=\"13907\" src=\"https:\/\/blog.vida.at\/pensionisten\/wp-content\/uploads\/sites\/10\/2026\/09\/Bhffest-2026-4-1024x768.jpeg\" alt=\"\" class=\"wp-image-13907\" srcset=\"https:\/\/blog.vida.at\/pensionisten\/wp-content\/uploads\/sites\/10\/2026\/09\/Bhffest-2026-4-1024x768.jpeg 1024w, https:\/\/blog.vida.at\/pensionisten\/wp-content\/uploads\/sites\/10\/2026\/09\/Bhffest-2026-4-300x225.jpeg 300w, https:\/\/blog.vida.at\/pensionisten\/wp-content\/uploads\/sites\/10\/2026\/09\/Bhffest-2026-4-768x576.jpeg 768w, https:\/\/blog.vida.at\/pensionisten\/wp-content\/uploads\/sites\/10\/2026\/09\/Bhffest-2026-4-1536x1152.jpeg 1536w, https:\/\/blog.vida.at\/pensionisten\/wp-content\/uploads\/sites\/10\/2026\/09\/Bhffest-2026-4-1568x1176.jpeg 1568w, https:\/\/blog.vida.at\/pensionisten\/wp-content\/uploads\/sites\/10\/2026\/09\/Bhffest-2026-4-500x375.jpeg 500w, https:\/\/blog.vida.at\/pensionisten\/wp-content\/uploads\/sites\/10\/2026\/09\/Bhffest-2026-4-800x600.jpeg 800w, https:\/\/blog.vida.at\/pensionisten\/wp-content\/uploads\/sites\/10\/2026\/09\/Bhffest-2026-4-1280x960.jpeg 1280w, https:\/\/blog.vida.at\/pensionisten\/wp-content\/uploads\/sites\/10\/2026\/09\/Bhffest-2026-4-1920x1440.jpeg 1920w, https:\/\/blog.vida.at\/pensionisten\/wp-content\/uploads\/sites\/10\/2026\/09\/Bhffest-2026-4.jpeg 2040w\" sizes=\"auto, (max-width: 1024px) 100vw, 1024px\" \/><\/figure>\n\n\n\n<figure class=\"wp-block-image size-large\"><img loading=\"lazy\" decoding=\"async\" width=\"1024\" height=\"768\" data-id=\"13908\" src=\"https:\/\/blog.vida.at\/pensionisten\/wp-content\/uploads\/sites\/10\/2026\/09\/Bhffest-2026-5-1024x768.jpg\" alt=\"\" class=\"wp-image-13908\" srcset=\"https:\/\/blog.vida.at\/pensionisten\/wp-content\/uploads\/sites\/10\/2026\/09\/Bhffest-2026-5-1024x768.jpg 1024w, https:\/\/blog.vida.at\/pensionisten\/wp-content\/uploads\/sites\/10\/2026\/09\/Bhffest-2026-5-300x225.jpg 300w, https:\/\/blog.vida.at\/pensionisten\/wp-content\/uploads\/sites\/10\/2026\/09\/Bhffest-2026-5-768x576.jpg 768w, https:\/\/blog.vida.at\/pensionisten\/wp-content\/uploads\/sites\/10\/2026\/09\/Bhffest-2026-5-1536x1152.jpg 1536w, https:\/\/blog.vida.at\/pensionisten\/wp-content\/uploads\/sites\/10\/2026\/09\/Bhffest-2026-5-1568x1176.jpg 1568w, https:\/\/blog.vida.at\/pensionisten\/wp-content\/uploads\/sites\/10\/2026\/09\/Bhffest-2026-5-500x375.jpg 500w, https:\/\/blog.vida.at\/pensionisten\/wp-content\/uploads\/sites\/10\/2026\/09\/Bhffest-2026-5-800x600.jpg 800w, https:\/\/blog.vida.at\/pensionisten\/wp-content\/uploads\/sites\/10\/2026\/09\/Bhffest-2026-5-1280x960.jpg 1280w, https:\/\/blog.vida.at\/pensionisten\/wp-content\/uploads\/sites\/10\/2026\/09\/Bhffest-2026-5-1920x1440.jpg 1920w, https:\/\/blog.vida.at\/pensionisten\/wp-content\/uploads\/sites\/10\/2026\/09\/Bhffest-2026-5.jpg 2040w\" sizes=\"auto, (max-width: 1024px) 100vw, 1024px\" \/><\/figure>\n\n\n\n<figure class=\"wp-block-image size-large\"><img loading=\"lazy\" decoding=\"async\" width=\"1024\" height=\"768\" data-id=\"13909\" src=\"https:\/\/blog.vida.at\/pensionisten\/wp-content\/uploads\/sites\/10\/2026\/09\/Bhffest-2026-6-1024x768.jpg\" alt=\"\" class=\"wp-image-13909\" srcset=\"https:\/\/blog.vida.at\/pensionisten\/wp-content\/uploads\/sites\/10\/2026\/09\/Bhffest-2026-6-1024x768.jpg 1024w, https:\/\/blog.vida.at\/pensionisten\/wp-content\/uploads\/sites\/10\/2026\/09\/Bhffest-2026-6-300x225.jpg 300w, https:\/\/blog.vida.at\/pensionisten\/wp-content\/uploads\/sites\/10\/2026\/09\/Bhffest-2026-6-768x576.jpg 768w, https:\/\/blog.vida.at\/pensionisten\/wp-content\/uploads\/sites\/10\/2026\/09\/Bhffest-2026-6-1536x1152.jpg 1536w, https:\/\/blog.vida.at\/pensionisten\/wp-content\/uploads\/sites\/10\/2026\/09\/Bhffest-2026-6-1568x1176.jpg 1568w, https:\/\/blog.vida.at\/pensionisten\/wp-content\/uploads\/sites\/10\/2026\/09\/Bhffest-2026-6-500x375.jpg 500w, https:\/\/blog.vida.at\/pensionisten\/wp-content\/uploads\/sites\/10\/2026\/09\/Bhffest-2026-6-800x600.jpg 800w, https:\/\/blog.vida.at\/pensionisten\/wp-content\/uploads\/sites\/10\/2026\/09\/Bhffest-2026-6-1280x960.jpg 1280w, https:\/\/blog.vida.at\/pensionisten\/wp-content\/uploads\/sites\/10\/2026\/09\/Bhffest-2026-6.jpg 1600w\" sizes=\"auto, (max-width: 1024px) 100vw, 1024px\" \/><\/figure>\n\n\n\n<figure class=\"wp-block-image size-large\"><img loading=\"lazy\" decoding=\"async\" width=\"1024\" height=\"706\" data-id=\"13916\" src=\"https:\/\/blog.vida.at\/pensionisten\/wp-content\/uploads\/sites\/10\/2026\/09\/Bhffest-2026-7-1024x706.jpg\" alt=\"\" class=\"wp-image-13916\" srcset=\"https:\/\/blog.vida.at\/pensionisten\/wp-content\/uploads\/sites\/10\/2026\/09\/Bhffest-2026-7-1024x706.jpg 1024w, https:\/\/blog.vida.at\/pensionisten\/wp-content\/uploads\/sites\/10\/2026\/09\/Bhffest-2026-7-300x207.jpg 300w, https:\/\/blog.vida.at\/pensionisten\/wp-content\/uploads\/sites\/10\/2026\/09\/Bhffest-2026-7-768x530.jpg 768w, https:\/\/blog.vida.at\/pensionisten\/wp-content\/uploads\/sites\/10\/2026\/09\/Bhffest-2026-7-1536x1059.jpg 1536w, https:\/\/blog.vida.at\/pensionisten\/wp-content\/uploads\/sites\/10\/2026\/09\/Bhffest-2026-7-1568x1081.jpg 1568w, https:\/\/blog.vida.at\/pensionisten\/wp-content\/uploads\/sites\/10\/2026\/09\/Bhffest-2026-7-500x345.jpg 500w, https:\/\/blog.vida.at\/pensionisten\/wp-content\/uploads\/sites\/10\/2026\/09\/Bhffest-2026-7-800x552.jpg 800w, https:\/\/blog.vida.at\/pensionisten\/wp-content\/uploads\/sites\/10\/2026\/09\/Bhffest-2026-7-1280x883.jpg 1280w, https:\/\/blog.vida.at\/pensionisten\/wp-content\/uploads\/sites\/10\/2026\/09\/Bhffest-2026-7.jpg 1824w\" sizes=\"auto, (max-width: 1024px) 100vw, 1024px\" \/><\/figure>\n\n\n\n<figure class=\"wp-block-image size-large\"><img loading=\"lazy\" decoding=\"async\" width=\"768\" height=\"1024\" data-id=\"13911\" src=\"https:\/\/blog.vida.at\/pensionisten\/wp-content\/uploads\/sites\/10\/2026\/09\/Bhffest-2026-8-768x1024.jpg\" alt=\"\" class=\"wp-image-13911\" srcset=\"https:\/\/blog.vida.at\/pensionisten\/wp-content\/uploads\/sites\/10\/2026\/09\/Bhffest-2026-8-768x1024.jpg 768w, https:\/\/blog.vida.at\/pensionisten\/wp-content\/uploads\/sites\/10\/2026\/09\/Bhffest-2026-8-225x300.jpg 225w, https:\/\/blog.vida.at\/pensionisten\/wp-content\/uploads\/sites\/10\/2026\/09\/Bhffest-2026-8-1152x1536.jpg 1152w, https:\/\/blog.vida.at\/pensionisten\/wp-content\/uploads\/sites\/10\/2026\/09\/Bhffest-2026-8-500x667.jpg 500w, https:\/\/blog.vida.at\/pensionisten\/wp-content\/uploads\/sites\/10\/2026\/09\/Bhffest-2026-8-800x1067.jpg 800w, https:\/\/blog.vida.at\/pensionisten\/wp-content\/uploads\/sites\/10\/2026\/09\/Bhffest-2026-8.jpg 1200w\" sizes=\"auto, (max-width: 768px) 100vw, 768px\" \/><\/figure>\n\n\n\n<figure class=\"wp-block-image size-large\"><img loading=\"lazy\" decoding=\"async\" width=\"586\" height=\"1024\" data-id=\"13910\" src=\"https:\/\/blog.vida.at\/pensionisten\/wp-content\/uploads\/sites\/10\/2026\/09\/Bhffest-2026-9-586x1024.jpg\" alt=\"\" class=\"wp-image-13910\" srcset=\"https:\/\/blog.vida.at\/pensionisten\/wp-content\/uploads\/sites\/10\/2026\/09\/Bhffest-2026-9-586x1024.jpg 586w, https:\/\/blog.vida.at\/pensionisten\/wp-content\/uploads\/sites\/10\/2026\/09\/Bhffest-2026-9-172x300.jpg 172w, https:\/\/blog.vida.at\/pensionisten\/wp-content\/uploads\/sites\/10\/2026\/09\/Bhffest-2026-9-768x1342.jpg 768w, https:\/\/blog.vida.at\/pensionisten\/wp-content\/uploads\/sites\/10\/2026\/09\/Bhffest-2026-9-879x1536.jpg 879w, https:\/\/blog.vida.at\/pensionisten\/wp-content\/uploads\/sites\/10\/2026\/09\/Bhffest-2026-9-500x874.jpg 500w, https:\/\/blog.vida.at\/pensionisten\/wp-content\/uploads\/sites\/10\/2026\/09\/Bhffest-2026-9-800x1398.jpg 800w, https:\/\/blog.vida.at\/pensionisten\/wp-content\/uploads\/sites\/10\/2026\/09\/Bhffest-2026-9.jpg 1151w\" sizes=\"auto, (max-width: 586px) 100vw, 586px\" \/><\/figure>\n\n\n\n<figure class=\"wp-block-image size-large\"><img loading=\"lazy\" decoding=\"async\" width=\"1024\" height=\"768\" data-id=\"13912\" src=\"https:\/\/blog.vida.at\/pensionisten\/wp-content\/uploads\/sites\/10\/2026\/09\/Bhffest-2026-10-1024x768.jpg\" alt=\"\" class=\"wp-image-13912\" srcset=\"https:\/\/blog.vida.at\/pensionisten\/wp-content\/uploads\/sites\/10\/2026\/09\/Bhffest-2026-10-1024x768.jpg 1024w, https:\/\/blog.vida.at\/pensionisten\/wp-content\/uploads\/sites\/10\/2026\/09\/Bhffest-2026-10-300x225.jpg 300w, https:\/\/blog.vida.at\/pensionisten\/wp-content\/uploads\/sites\/10\/2026\/09\/Bhffest-2026-10-768x576.jpg 768w, https:\/\/blog.vida.at\/pensionisten\/wp-content\/uploads\/sites\/10\/2026\/09\/Bhffest-2026-10-1536x1152.jpg 1536w, https:\/\/blog.vida.at\/pensionisten\/wp-content\/uploads\/sites\/10\/2026\/09\/Bhffest-2026-10-1568x1176.jpg 1568w, https:\/\/blog.vida.at\/pensionisten\/wp-content\/uploads\/sites\/10\/2026\/09\/Bhffest-2026-10-500x375.jpg 500w, https:\/\/blog.vida.at\/pensionisten\/wp-content\/uploads\/sites\/10\/2026\/09\/Bhffest-2026-10-800x600.jpg 800w, https:\/\/blog.vida.at\/pensionisten\/wp-content\/uploads\/sites\/10\/2026\/09\/Bhffest-2026-10-1280x960.jpg 1280w, https:\/\/blog.vida.at\/pensionisten\/wp-content\/uploads\/sites\/10\/2026\/09\/Bhffest-2026-10-1920x1440.jpg 1920w, https:\/\/blog.vida.at\/pensionisten\/wp-content\/uploads\/sites\/10\/2026\/09\/Bhffest-2026-10.jpg 2040w\" sizes=\"auto, (max-width: 1024px) 100vw, 1024px\" \/><\/figure>\n\n\n\n<figure class=\"wp-block-image size-large\"><img loading=\"lazy\" decoding=\"async\" width=\"1024\" height=\"768\" data-id=\"13914\" src=\"https:\/\/blog.vida.at\/pensionisten\/wp-content\/uploads\/sites\/10\/2026\/09\/Bhffest-2026-11-1024x768.jpg\" alt=\"\" class=\"wp-image-13914\" srcset=\"https:\/\/blog.vida.at\/pensionisten\/wp-content\/uploads\/sites\/10\/2026\/09\/Bhffest-2026-11-1024x768.jpg 1024w, https:\/\/blog.vida.at\/pensionisten\/wp-content\/uploads\/sites\/10\/2026\/09\/Bhffest-2026-11-300x225.jpg 300w, https:\/\/blog.vida.at\/pensionisten\/wp-content\/uploads\/sites\/10\/2026\/09\/Bhffest-2026-11-768x576.jpg 768w, https:\/\/blog.vida.at\/pensionisten\/wp-content\/uploads\/sites\/10\/2026\/09\/Bhffest-2026-11-1536x1152.jpg 1536w, https:\/\/blog.vida.at\/pensionisten\/wp-content\/uploads\/sites\/10\/2026\/09\/Bhffest-2026-11-1568x1176.jpg 1568w, https:\/\/blog.vida.at\/pensionisten\/wp-content\/uploads\/sites\/10\/2026\/09\/Bhffest-2026-11-500x375.jpg 500w, https:\/\/blog.vida.at\/pensionisten\/wp-content\/uploads\/sites\/10\/2026\/09\/Bhffest-2026-11-800x600.jpg 800w, https:\/\/blog.vida.at\/pensionisten\/wp-content\/uploads\/sites\/10\/2026\/09\/Bhffest-2026-11-1280x960.jpg 1280w, https:\/\/blog.vida.at\/pensionisten\/wp-content\/uploads\/sites\/10\/2026\/09\/Bhffest-2026-11-1920x1440.jpg 1920w, https:\/\/blog.vida.at\/pensionisten\/wp-content\/uploads\/sites\/10\/2026\/09\/Bhffest-2026-11.jpg 2040w\" sizes=\"auto, (max-width: 1024px) 100vw, 1024px\" \/><\/figure>\n\n\n\n<figure class=\"wp-block-image size-large\"><img loading=\"lazy\" decoding=\"async\" width=\"1024\" height=\"768\" data-id=\"13915\" src=\"https:\/\/blog.vida.at\/pensionisten\/wp-content\/uploads\/sites\/10\/2026\/09\/Bhffest-2026-12-1024x768.jpg\" alt=\"\" class=\"wp-image-13915\" srcset=\"https:\/\/blog.vida.at\/pensionisten\/wp-content\/uploads\/sites\/10\/2026\/09\/Bhffest-2026-12-1024x768.jpg 1024w, https:\/\/blog.vida.at\/pensionisten\/wp-content\/uploads\/sites\/10\/2026\/09\/Bhffest-2026-12-300x225.jpg 300w, https:\/\/blog.vida.at\/pensionisten\/wp-content\/uploads\/sites\/10\/2026\/09\/Bhffest-2026-12-768x576.jpg 768w, https:\/\/blog.vida.at\/pensionisten\/wp-content\/uploads\/sites\/10\/2026\/09\/Bhffest-2026-12-1536x1152.jpg 1536w, https:\/\/blog.vida.at\/pensionisten\/wp-content\/uploads\/sites\/10\/2026\/09\/Bhffest-2026-12-1568x1176.jpg 1568w, https:\/\/blog.vida.at\/pensionisten\/wp-content\/uploads\/sites\/10\/2026\/09\/Bhffest-2026-12-500x375.jpg 500w, https:\/\/blog.vida.at\/pensionisten\/wp-content\/uploads\/sites\/10\/2026\/09\/Bhffest-2026-12-800x600.jpg 800w, https:\/\/blog.vida.at\/pensionisten\/wp-content\/uploads\/sites\/10\/2026\/09\/Bhffest-2026-12-1280x960.jpg 1280w, https:\/\/blog.vida.at\/pensionisten\/wp-content\/uploads\/sites\/10\/2026\/09\/Bhffest-2026-12-1920x1440.jpg 1920w, https:\/\/blog.vida.at\/pensionisten\/wp-content\/uploads\/sites\/10\/2026\/09\/Bhffest-2026-12.jpg 2040w\" sizes=\"auto, (max-width: 1024px) 100vw, 1024px\" \/><\/figure>\n\n\n\n<figure class=\"wp-block-image size-large\"><img loading=\"lazy\" decoding=\"async\" width=\"1024\" height=\"768\" data-id=\"13913\" src=\"https:\/\/blog.vida.at\/pensionisten\/wp-content\/uploads\/sites\/10\/2026\/09\/Bhffest-2026-13-1024x768.jpg\" alt=\"\" class=\"wp-image-13913\" srcset=\"https:\/\/blog.vida.at\/pensionisten\/wp-content\/uploads\/sites\/10\/2026\/09\/Bhffest-2026-13-1024x768.jpg 1024w, https:\/\/blog.vida.at\/pensionisten\/wp-content\/uploads\/sites\/10\/2026\/09\/Bhffest-2026-13-300x225.jpg 300w, https:\/\/blog.vida.at\/pensionisten\/wp-content\/uploads\/sites\/10\/2026\/09\/Bhffest-2026-13-768x576.jpg 768w, https:\/\/blog.vida.at\/pensionisten\/wp-content\/uploads\/sites\/10\/2026\/09\/Bhffest-2026-13-1536x1152.jpg 1536w, https:\/\/blog.vida.at\/pensionisten\/wp-content\/uploads\/sites\/10\/2026\/09\/Bhffest-2026-13-1568x1176.jpg 1568w, https:\/\/blog.vida.at\/pensionisten\/wp-content\/uploads\/sites\/10\/2026\/09\/Bhffest-2026-13-500x375.jpg 500w, https:\/\/blog.vida.at\/pensionisten\/wp-content\/uploads\/sites\/10\/2026\/09\/Bhffest-2026-13-800x600.jpg 800w, https:\/\/blog.vida.at\/pensionisten\/wp-content\/uploads\/sites\/10\/2026\/09\/Bhffest-2026-13-1280x960.jpg 1280w, https:\/\/blog.vida.at\/pensionisten\/wp-content\/uploads\/sites\/10\/2026\/09\/Bhffest-2026-13.jpg 1600w\" sizes=\"auto, (max-width: 1024px) 100vw, 1024px\" \/><\/figure>\n\n\n\n<figure class=\"wp-block-image size-large\"><img loading=\"lazy\" decoding=\"async\" width=\"1024\" height=\"768\" data-id=\"13917\" src=\"https:\/\/blog.vida.at\/pensionisten\/wp-content\/uploads\/sites\/10\/2026\/09\/Bhffest-2026-14-1024x768.jpg\" alt=\"\" class=\"wp-image-13917\" srcset=\"https:\/\/blog.vida.at\/pensionisten\/wp-content\/uploads\/sites\/10\/2026\/09\/Bhffest-2026-14-1024x768.jpg 1024w, https:\/\/blog.vida.at\/pensionisten\/wp-content\/uploads\/sites\/10\/2026\/09\/Bhffest-2026-14-300x225.jpg 300w, https:\/\/blog.vida.at\/pensionisten\/wp-content\/uploads\/sites\/10\/2026\/09\/Bhffest-2026-14-768x576.jpg 768w, https:\/\/blog.vida.at\/pensionisten\/wp-content\/uploads\/sites\/10\/2026\/09\/Bhffest-2026-14-1536x1152.jpg 1536w, https:\/\/blog.vida.at\/pensionisten\/wp-content\/uploads\/sites\/10\/2026\/09\/Bhffest-2026-14-1568x1176.jpg 1568w, https:\/\/blog.vida.at\/pensionisten\/wp-content\/uploads\/sites\/10\/2026\/09\/Bhffest-2026-14-500x375.jpg 500w, https:\/\/blog.vida.at\/pensionisten\/wp-content\/uploads\/sites\/10\/2026\/09\/Bhffest-2026-14-800x600.jpg 800w, https:\/\/blog.vida.at\/pensionisten\/wp-content\/uploads\/sites\/10\/2026\/09\/Bhffest-2026-14-1280x960.jpg 1280w, https:\/\/blog.vida.at\/pensionisten\/wp-content\/uploads\/sites\/10\/2026\/09\/Bhffest-2026-14-1920x1440.jpg 1920w, https:\/\/blog.vida.at\/pensionisten\/wp-content\/uploads\/sites\/10\/2026\/09\/Bhffest-2026-14.jpg 2040w\" sizes=\"auto, (max-width: 1024px) 100vw, 1024px\" \/><\/figure>\n\n\n\n<figure class=\"wp-block-image size-large\"><img loading=\"lazy\" decoding=\"async\" width=\"768\" height=\"1024\" data-id=\"13918\" src=\"https:\/\/blog.vida.at\/pensionisten\/wp-content\/uploads\/sites\/10\/2026\/09\/Bhffest-2026-15-768x1024.jpg\" alt=\"\" class=\"wp-image-13918\" srcset=\"https:\/\/blog.vida.at\/pensionisten\/wp-content\/uploads\/sites\/10\/2026\/09\/Bhffest-2026-15-768x1024.jpg 768w, https:\/\/blog.vida.at\/pensionisten\/wp-content\/uploads\/sites\/10\/2026\/09\/Bhffest-2026-15-225x300.jpg 225w, https:\/\/blog.vida.at\/pensionisten\/wp-content\/uploads\/sites\/10\/2026\/09\/Bhffest-2026-15-1152x1536.jpg 1152w, https:\/\/blog.vida.at\/pensionisten\/wp-content\/uploads\/sites\/10\/2026\/09\/Bhffest-2026-15-500x667.jpg 500w, https:\/\/blog.vida.at\/pensionisten\/wp-content\/uploads\/sites\/10\/2026\/09\/Bhffest-2026-15-800x1067.jpg 800w, https:\/\/blog.vida.at\/pensionisten\/wp-content\/uploads\/sites\/10\/2026\/09\/Bhffest-2026-15-1280x1707.jpg 1280w, https:\/\/blog.vida.at\/pensionisten\/wp-content\/uploads\/sites\/10\/2026\/09\/Bhffest-2026-15.jpg 1530w\" sizes=\"auto, (max-width: 768px) 100vw, 768px\" \/><\/figure>\n\n\n\n<figure class=\"wp-block-image size-large\"><img loading=\"lazy\" decoding=\"async\" width=\"768\" height=\"1024\" data-id=\"13919\" src=\"https:\/\/blog.vida.at\/pensionisten\/wp-content\/uploads\/sites\/10\/2026\/09\/Bhffest-2026-16-768x1024.jpg\" alt=\"\" class=\"wp-image-13919\" srcset=\"https:\/\/blog.vida.at\/pensionisten\/wp-content\/uploads\/sites\/10\/2026\/09\/Bhffest-2026-16-768x1024.jpg 768w, https:\/\/blog.vida.at\/pensionisten\/wp-content\/uploads\/sites\/10\/2026\/09\/Bhffest-2026-16-225x300.jpg 225w, https:\/\/blog.vida.at\/pensionisten\/wp-content\/uploads\/sites\/10\/2026\/09\/Bhffest-2026-16-1152x1536.jpg 1152w, https:\/\/blog.vida.at\/pensionisten\/wp-content\/uploads\/sites\/10\/2026\/09\/Bhffest-2026-16-500x667.jpg 500w, https:\/\/blog.vida.at\/pensionisten\/wp-content\/uploads\/sites\/10\/2026\/09\/Bhffest-2026-16-800x1067.jpg 800w, https:\/\/blog.vida.at\/pensionisten\/wp-content\/uploads\/sites\/10\/2026\/09\/Bhffest-2026-16-1280x1707.jpg 1280w, https:\/\/blog.vida.at\/pensionisten\/wp-content\/uploads\/sites\/10\/2026\/09\/Bhffest-2026-16.jpg 1530w\" sizes=\"auto, (max-width: 768px) 100vw, 768px\" \/><\/figure>\n\n\n\n<figure class=\"wp-block-image size-large\"><img loading=\"lazy\" decoding=\"async\" width=\"768\" height=\"1024\" data-id=\"13920\" src=\"https:\/\/blog.vida.at\/pensionisten\/wp-content\/uploads\/sites\/10\/2026\/09\/Bhffest-2026-17-768x1024.jpg\" alt=\"\" class=\"wp-image-13920\" srcset=\"https:\/\/blog.vida.at\/pensionisten\/wp-content\/uploads\/sites\/10\/2026\/09\/Bhffest-2026-17-768x1024.jpg 768w, https:\/\/blog.vida.at\/pensionisten\/wp-content\/uploads\/sites\/10\/2026\/09\/Bhffest-2026-17-225x300.jpg 225w, https:\/\/blog.vida.at\/pensionisten\/wp-content\/uploads\/sites\/10\/2026\/09\/Bhffest-2026-17-1152x1536.jpg 1152w, https:\/\/blog.vida.at\/pensionisten\/wp-content\/uploads\/sites\/10\/2026\/09\/Bhffest-2026-17-500x667.jpg 500w, https:\/\/blog.vida.at\/pensionisten\/wp-content\/uploads\/sites\/10\/2026\/09\/Bhffest-2026-17-800x1067.jpg 800w, https:\/\/blog.vida.at\/pensionisten\/wp-content\/uploads\/sites\/10\/2026\/09\/Bhffest-2026-17-1280x1707.jpg 1280w, https:\/\/blog.vida.at\/pensionisten\/wp-content\/uploads\/sites\/10\/2026\/09\/Bhffest-2026-17.jpg 1530w\" sizes=\"auto, (max-width: 768px) 100vw, 768px\" \/><\/figure>\n\n\n\n<figure class=\"wp-block-image size-large\"><img loading=\"lazy\" decoding=\"async\" width=\"768\" height=\"1024\" data-id=\"13921\" src=\"https:\/\/blog.vida.at\/pensionisten\/wp-content\/uploads\/sites\/10\/2026\/09\/Bhffest-2026-18-768x1024.jpg\" alt=\"\" class=\"wp-image-13921\" srcset=\"https:\/\/blog.vida.at\/pensionisten\/wp-content\/uploads\/sites\/10\/2026\/09\/Bhffest-2026-18-768x1024.jpg 768w, https:\/\/blog.vida.at\/pensionisten\/wp-content\/uploads\/sites\/10\/2026\/09\/Bhffest-2026-18-225x300.jpg 225w, https:\/\/blog.vida.at\/pensionisten\/wp-content\/uploads\/sites\/10\/2026\/09\/Bhffest-2026-18-1152x1536.jpg 1152w, https:\/\/blog.vida.at\/pensionisten\/wp-content\/uploads\/sites\/10\/2026\/09\/Bhffest-2026-18-500x667.jpg 500w, https:\/\/blog.vida.at\/pensionisten\/wp-content\/uploads\/sites\/10\/2026\/09\/Bhffest-2026-18-800x1067.jpg 800w, https:\/\/blog.vida.at\/pensionisten\/wp-content\/uploads\/sites\/10\/2026\/09\/Bhffest-2026-18-1280x1707.jpg 1280w, https:\/\/blog.vida.at\/pensionisten\/wp-content\/uploads\/sites\/10\/2026\/09\/Bhffest-2026-18.jpg 1530w\" sizes=\"auto, (max-width: 768px) 100vw, 768px\" \/><\/figure>\n\n\n\n<figure class=\"wp-block-image size-large\"><img loading=\"lazy\" decoding=\"async\" width=\"1024\" height=\"768\" data-id=\"13922\" src=\"https:\/\/blog.vida.at\/pensionisten\/wp-content\/uploads\/sites\/10\/2026\/09\/Bhffest-2026-19-1024x768.jpg\" alt=\"\" class=\"wp-image-13922\" srcset=\"https:\/\/blog.vida.at\/pensionisten\/wp-content\/uploads\/sites\/10\/2026\/09\/Bhffest-2026-19-1024x768.jpg 1024w, https:\/\/blog.vida.at\/pensionisten\/wp-content\/uploads\/sites\/10\/2026\/09\/Bhffest-2026-19-300x225.jpg 300w, https:\/\/blog.vida.at\/pensionisten\/wp-content\/uploads\/sites\/10\/2026\/09\/Bhffest-2026-19-768x576.jpg 768w, https:\/\/blog.vida.at\/pensionisten\/wp-content\/uploads\/sites\/10\/2026\/09\/Bhffest-2026-19-1536x1152.jpg 1536w, https:\/\/blog.vida.at\/pensionisten\/wp-content\/uploads\/sites\/10\/2026\/09\/Bhffest-2026-19-1568x1176.jpg 1568w, https:\/\/blog.vida.at\/pensionisten\/wp-content\/uploads\/sites\/10\/2026\/09\/Bhffest-2026-19-500x375.jpg 500w, https:\/\/blog.vida.at\/pensionisten\/wp-content\/uploads\/sites\/10\/2026\/09\/Bhffest-2026-19-800x600.jpg 800w, https:\/\/blog.vida.at\/pensionisten\/wp-content\/uploads\/sites\/10\/2026\/09\/Bhffest-2026-19-1280x960.jpg 1280w, https:\/\/blog.vida.at\/pensionisten\/wp-content\/uploads\/sites\/10\/2026\/09\/Bhffest-2026-19-1920x1440.jpg 1920w, https:\/\/blog.vida.at\/pensionisten\/wp-content\/uploads\/sites\/10\/2026\/09\/Bhffest-2026-19.jpg 2040w\" sizes=\"auto, (max-width: 1024px) 100vw, 1024px\" \/><\/figure>\n\n\n\n<figure class=\"wp-block-image size-large\"><img loading=\"lazy\" decoding=\"async\" width=\"1024\" height=\"768\" data-id=\"13926\" src=\"https:\/\/blog.vida.at\/pensionisten\/wp-content\/uploads\/sites\/10\/2026\/09\/Bhffest-2026-20-1024x768.jpg\" alt=\"\" class=\"wp-image-13926\" srcset=\"https:\/\/blog.vida.at\/pensionisten\/wp-content\/uploads\/sites\/10\/2026\/09\/Bhffest-2026-20-1024x768.jpg 1024w, https:\/\/blog.vida.at\/pensionisten\/wp-content\/uploads\/sites\/10\/2026\/09\/Bhffest-2026-20-300x225.jpg 300w, https:\/\/blog.vida.at\/pensionisten\/wp-content\/uploads\/sites\/10\/2026\/09\/Bhffest-2026-20-768x576.jpg 768w, https:\/\/blog.vida.at\/pensionisten\/wp-content\/uploads\/sites\/10\/2026\/09\/Bhffest-2026-20-1536x1152.jpg 1536w, https:\/\/blog.vida.at\/pensionisten\/wp-content\/uploads\/sites\/10\/2026\/09\/Bhffest-2026-20-1568x1176.jpg 1568w, https:\/\/blog.vida.at\/pensionisten\/wp-content\/uploads\/sites\/10\/2026\/09\/Bhffest-2026-20-500x375.jpg 500w, https:\/\/blog.vida.at\/pensionisten\/wp-content\/uploads\/sites\/10\/2026\/09\/Bhffest-2026-20-800x600.jpg 800w, https:\/\/blog.vida.at\/pensionisten\/wp-content\/uploads\/sites\/10\/2026\/09\/Bhffest-2026-20-1280x960.jpg 1280w, https:\/\/blog.vida.at\/pensionisten\/wp-content\/uploads\/sites\/10\/2026\/09\/Bhffest-2026-20-1920x1440.jpg 1920w, https:\/\/blog.vida.at\/pensionisten\/wp-content\/uploads\/sites\/10\/2026\/09\/Bhffest-2026-20.jpg 2040w\" sizes=\"auto, (max-width: 1024px) 100vw, 1024px\" \/><\/figure>\n\n\n\n<figure class=\"wp-block-image size-large\"><img loading=\"lazy\" decoding=\"async\" width=\"1024\" height=\"768\" data-id=\"13924\" src=\"https:\/\/blog.vida.at\/pensionisten\/wp-content\/uploads\/sites\/10\/2026\/09\/Bhffest-2026-21-1024x768.jpg\" alt=\"\" class=\"wp-image-13924\" srcset=\"https:\/\/blog.vida.at\/pensionisten\/wp-content\/uploads\/sites\/10\/2026\/09\/Bhffest-2026-21-1024x768.jpg 1024w, https:\/\/blog.vida.at\/pensionisten\/wp-content\/uploads\/sites\/10\/2026\/09\/Bhffest-2026-21-300x225.jpg 300w, https:\/\/blog.vida.at\/pensionisten\/wp-content\/uploads\/sites\/10\/2026\/09\/Bhffest-2026-21-768x576.jpg 768w, https:\/\/blog.vida.at\/pensionisten\/wp-content\/uploads\/sites\/10\/2026\/09\/Bhffest-2026-21-1536x1152.jpg 1536w, https:\/\/blog.vida.at\/pensionisten\/wp-content\/uploads\/sites\/10\/2026\/09\/Bhffest-2026-21-1568x1176.jpg 1568w, https:\/\/blog.vida.at\/pensionisten\/wp-content\/uploads\/sites\/10\/2026\/09\/Bhffest-2026-21-500x375.jpg 500w, https:\/\/blog.vida.at\/pensionisten\/wp-content\/uploads\/sites\/10\/2026\/09\/Bhffest-2026-21-800x600.jpg 800w, https:\/\/blog.vida.at\/pensionisten\/wp-content\/uploads\/sites\/10\/2026\/09\/Bhffest-2026-21-1280x960.jpg 1280w, https:\/\/blog.vida.at\/pensionisten\/wp-content\/uploads\/sites\/10\/2026\/09\/Bhffest-2026-21-1920x1440.jpg 1920w, https:\/\/blog.vida.at\/pensionisten\/wp-content\/uploads\/sites\/10\/2026\/09\/Bhffest-2026-21.jpg 2040w\" sizes=\"auto, (max-width: 1024px) 100vw, 1024px\" \/><\/figure>\n\n\n\n<figure class=\"wp-block-image size-large\"><img loading=\"lazy\" decoding=\"async\" width=\"768\" height=\"1024\" data-id=\"13928\" src=\"https:\/\/blog.vida.at\/pensionisten\/wp-content\/uploads\/sites\/10\/2026\/09\/Bhffest-2026-22-768x1024.jpg\" alt=\"\" class=\"wp-image-13928\" srcset=\"https:\/\/blog.vida.at\/pensionisten\/wp-content\/uploads\/sites\/10\/2026\/09\/Bhffest-2026-22-768x1024.jpg 768w, https:\/\/blog.vida.at\/pensionisten\/wp-content\/uploads\/sites\/10\/2026\/09\/Bhffest-2026-22-225x300.jpg 225w, https:\/\/blog.vida.at\/pensionisten\/wp-content\/uploads\/sites\/10\/2026\/09\/Bhffest-2026-22-1152x1536.jpg 1152w, https:\/\/blog.vida.at\/pensionisten\/wp-content\/uploads\/sites\/10\/2026\/09\/Bhffest-2026-22-500x667.jpg 500w, https:\/\/blog.vida.at\/pensionisten\/wp-content\/uploads\/sites\/10\/2026\/09\/Bhffest-2026-22-800x1067.jpg 800w, https:\/\/blog.vida.at\/pensionisten\/wp-content\/uploads\/sites\/10\/2026\/09\/Bhffest-2026-22-1280x1707.jpg 1280w, https:\/\/blog.vida.at\/pensionisten\/wp-content\/uploads\/sites\/10\/2026\/09\/Bhffest-2026-22.jpg 1530w\" sizes=\"auto, (max-width: 768px) 100vw, 768px\" \/><\/figure>\n\n\n\n<figure class=\"wp-block-image size-large\"><img loading=\"lazy\" decoding=\"async\" width=\"1024\" height=\"768\" data-id=\"13927\" src=\"https:\/\/blog.vida.at\/pensionisten\/wp-content\/uploads\/sites\/10\/2026\/09\/Bhffest-2026-23-1024x768.jpg\" alt=\"\" class=\"wp-image-13927\" srcset=\"https:\/\/blog.vida.at\/pensionisten\/wp-content\/uploads\/sites\/10\/2026\/09\/Bhffest-2026-23-1024x768.jpg 1024w, https:\/\/blog.vida.at\/pensionisten\/wp-content\/uploads\/sites\/10\/2026\/09\/Bhffest-2026-23-300x225.jpg 300w, https:\/\/blog.vida.at\/pensionisten\/wp-content\/uploads\/sites\/10\/2026\/09\/Bhffest-2026-23-768x576.jpg 768w, https:\/\/blog.vida.at\/pensionisten\/wp-content\/uploads\/sites\/10\/2026\/09\/Bhffest-2026-23-1536x1152.jpg 1536w, https:\/\/blog.vida.at\/pensionisten\/wp-content\/uploads\/sites\/10\/2026\/09\/Bhffest-2026-23-1568x1176.jpg 1568w, https:\/\/blog.vida.at\/pensionisten\/wp-content\/uploads\/sites\/10\/2026\/09\/Bhffest-2026-23-500x375.jpg 500w, https:\/\/blog.vida.at\/pensionisten\/wp-content\/uploads\/sites\/10\/2026\/09\/Bhffest-2026-23-800x600.jpg 800w, https:\/\/blog.vida.at\/pensionisten\/wp-content\/uploads\/sites\/10\/2026\/09\/Bhffest-2026-23-1280x960.jpg 1280w, https:\/\/blog.vida.at\/pensionisten\/wp-content\/uploads\/sites\/10\/2026\/09\/Bhffest-2026-23-1920x1440.jpg 1920w, https:\/\/blog.vida.at\/pensionisten\/wp-content\/uploads\/sites\/10\/2026\/09\/Bhffest-2026-23.jpg 2040w\" sizes=\"auto, (max-width: 1024px) 100vw, 1024px\" \/><\/figure>\n\n\n\n<figure class=\"wp-block-image size-large\"><img loading=\"lazy\" decoding=\"async\" width=\"768\" height=\"1024\" data-id=\"13923\" src=\"https:\/\/blog.vida.at\/pensionisten\/wp-content\/uploads\/sites\/10\/2026\/09\/Bhffest-2026-24-768x1024.jpg\" alt=\"\" class=\"wp-image-13923\" srcset=\"https:\/\/blog.vida.at\/pensionisten\/wp-content\/uploads\/sites\/10\/2026\/09\/Bhffest-2026-24-768x1024.jpg 768w, https:\/\/blog.vida.at\/pensionisten\/wp-content\/uploads\/sites\/10\/2026\/09\/Bhffest-2026-24-225x300.jpg 225w, https:\/\/blog.vida.at\/pensionisten\/wp-content\/uploads\/sites\/10\/2026\/09\/Bhffest-2026-24-1152x1536.jpg 1152w, https:\/\/blog.vida.at\/pensionisten\/wp-content\/uploads\/sites\/10\/2026\/09\/Bhffest-2026-24-500x667.jpg 500w, https:\/\/blog.vida.at\/pensionisten\/wp-content\/uploads\/sites\/10\/2026\/09\/Bhffest-2026-24-800x1067.jpg 800w, https:\/\/blog.vida.at\/pensionisten\/wp-content\/uploads\/sites\/10\/2026\/09\/Bhffest-2026-24-1280x1707.jpg 1280w, https:\/\/blog.vida.at\/pensionisten\/wp-content\/uploads\/sites\/10\/2026\/09\/Bhffest-2026-24.jpg 1530w\" sizes=\"auto, (max-width: 768px) 100vw, 768px\" \/><\/figure>\n\n\n\n<figure class=\"wp-block-image size-large\"><img loading=\"lazy\" decoding=\"async\" width=\"1024\" height=\"768\" data-id=\"13925\" src=\"https:\/\/blog.vida.at\/pensionisten\/wp-content\/uploads\/sites\/10\/2026\/09\/Bhffest-2026-25-1024x768.jpg\" alt=\"\" class=\"wp-image-13925\" srcset=\"https:\/\/blog.vida.at\/pensionisten\/wp-content\/uploads\/sites\/10\/2026\/09\/Bhffest-2026-25-1024x768.jpg 1024w, https:\/\/blog.vida.at\/pensionisten\/wp-content\/uploads\/sites\/10\/2026\/09\/Bhffest-2026-25-300x225.jpg 300w, https:\/\/blog.vida.at\/pensionisten\/wp-content\/uploads\/sites\/10\/2026\/09\/Bhffest-2026-25-768x576.jpg 768w, https:\/\/blog.vida.at\/pensionisten\/wp-content\/uploads\/sites\/10\/2026\/09\/Bhffest-2026-25-1536x1152.jpg 1536w, https:\/\/blog.vida.at\/pensionisten\/wp-content\/uploads\/sites\/10\/2026\/09\/Bhffest-2026-25-1568x1176.jpg 1568w, https:\/\/blog.vida.at\/pensionisten\/wp-content\/uploads\/sites\/10\/2026\/09\/Bhffest-2026-25-500x375.jpg 500w, https:\/\/blog.vida.at\/pensionisten\/wp-content\/uploads\/sites\/10\/2026\/09\/Bhffest-2026-25-800x600.jpg 800w, https:\/\/blog.vida.at\/pensionisten\/wp-content\/uploads\/sites\/10\/2026\/09\/Bhffest-2026-25-1280x960.jpg 1280w, https:\/\/blog.vida.at\/pensionisten\/wp-content\/uploads\/sites\/10\/2026\/09\/Bhffest-2026-25-1920x1440.jpg 1920w, https:\/\/blog.vida.at\/pensionisten\/wp-content\/uploads\/sites\/10\/2026\/09\/Bhffest-2026-25.jpg 2040w\" sizes=\"auto, (max-width: 1024px) 100vw, 1024px\" \/><\/figure>\n<\/figure>\n","protected":false},"excerpt":{"rendered":"<p>Das war das 4. Bahnhofsfest der vida-Ortsgruppe Herzogenburg\/Neulengbach.<\/p>\n","protected":false},"author":8,"featured_media":13927,"comment_status":"open","ping_status":"open","sticky":false,"template":"","format":"standard","meta":{"_uag_custom_page_level_css":"","advgb_blocks_editor_width":"","advgb_blocks_columns_visual_guide":"","footnotes":""},"categories":[1,51,59,49],"tags":[],"Orte":[],"activitytype":[],"class_list":["post-13903","post","type-post","status-publish","format-standard","has-post-thumbnail","hentry","category-allgemein","category-niederoesterreich","category-og-herzogenburg","category-ortsgruppen","entry"],"featured_image_urls":{"full":["https:\/\/blog.vida.at\/pensionisten\/wp-content\/uploads\/sites\/10\/2026\/09\/Bhffest-2026-23.jpg",2040,1530,false],"thumbnail":["https:\/\/blog.vida.at\/pensionisten\/wp-content\/uploads\/sites\/10\/2026\/09\/Bhffest-2026-23-150x150.jpg",150,150,true],"medium":["https:\/\/blog.vida.at\/pensionisten\/wp-content\/uploads\/sites\/10\/2026\/09\/Bhffest-2026-23-300x225.jpg",300,225,true],"medium_large":["https:\/\/blog.vida.at\/pensionisten\/wp-content\/uploads\/sites\/10\/2026\/09\/Bhffest-2026-23-768x576.jpg",640,480,true],"large":["https:\/\/blog.vida.at\/pensionisten\/wp-content\/uploads\/sites\/10\/2026\/09\/Bhffest-2026-23-1024x768.jpg",640,480,true],"1536x1536":["https:\/\/blog.vida.at\/pensionisten\/wp-content\/uploads\/sites\/10\/2026\/09\/Bhffest-2026-23-1536x1152.jpg",1536,1152,true],"2048x2048":["https:\/\/blog.vida.at\/pensionisten\/wp-content\/uploads\/sites\/10\/2026\/09\/Bhffest-2026-23.jpg",2040,1530,false],"ab-block-post-grid-landscape":["https:\/\/blog.vida.at\/pensionisten\/wp-content\/uploads\/sites\/10\/2026\/09\/Bhffest-2026-23-600x400.jpg",600,400,true],"ab-block-post-grid-square":["https:\/\/blog.vida.at\/pensionisten\/wp-content\/uploads\/sites\/10\/2026\/09\/Bhffest-2026-23-600x600.jpg",600,600,true],"post-thumbnail":["https:\/\/blog.vida.at\/pensionisten\/wp-content\/uploads\/sites\/10\/2026\/09\/Bhffest-2026-23-1568x1176.jpg",1568,1176,true],"awb_sm":["https:\/\/blog.vida.at\/pensionisten\/wp-content\/uploads\/sites\/10\/2026\/09\/Bhffest-2026-23-500x375.jpg",500,375,true],"awb_md":["https:\/\/blog.vida.at\/pensionisten\/wp-content\/uploads\/sites\/10\/2026\/09\/Bhffest-2026-23-800x600.jpg",800,600,true],"awb_lg":["https:\/\/blog.vida.at\/pensionisten\/wp-content\/uploads\/sites\/10\/2026\/09\/Bhffest-2026-23-1280x960.jpg",1280,960,true],"awb_xl":["https:\/\/blog.vida.at\/pensionisten\/wp-content\/uploads\/sites\/10\/2026\/09\/Bhffest-2026-23-1920x1440.jpg",1920,1440,true]},"post_excerpt_stackable":"<p>Das war das 4. Bahnhofsfest der vida-Ortsgruppe Herzogenburg\/Neulengbach. Am 25. Juli 2026 war es wieder so weit: Am Bahnhofvorplatz in Herzogenburg ging das 4. vida-Bahnhofsfest der Ortsgruppe Herzogenburg\/Neulengbach \u00fcber die B\u00fchne. Und eines gleich vorweg: Mit mehr als 300 G\u00e4sten war das Fest ein voller Erfolg! Starke Partner:innen &#8211; gute Stimmung Unter den zahlreichen Besucher:innen konnten auch viele Kooperationspartner begr\u00fc\u00dft werden, darunter die Fa. Mischak G&amp;E GmbH, \u00d6sterreichische Beamtenversicherung\/Vertriebsleiterin Renate Brenner, Volksbank Nieder\u00f6sterreich\/Christoph Knapp, vida N\u00d6 Zentral Regionsvorsitzender Manuel Winkler und Vorsitzender stv. Martin Klepl, Gastwirt Toni Buchsbaum, SP\u00d6 Vorsitzender Herzogenburg Patrick Reinisch sowie die Eisenbahnermusikkapelle St. P\u00f6lten. Sie sorgte&hellip;<\/p>\n","category_list":"<a href=\"https:\/\/blog.vida.at\/pensionisten\/category\/allgemein\/\" rel=\"category tag\">Allgemein<\/a>, <a href=\"https:\/\/blog.vida.at\/pensionisten\/category\/ortsgruppen\/niederoesterreich\/\" rel=\"category tag\">Nieder\u00f6sterreich<\/a>, <a href=\"https:\/\/blog.vida.at\/pensionisten\/category\/ortsgruppen\/niederoesterreich\/og-herzogenburg\/\" rel=\"category tag\">OG Herzogenburg<\/a>, <a href=\"https:\/\/blog.vida.at\/pensionisten\/category\/ortsgruppen\/\" rel=\"category tag\">Ortsgruppen<\/a>","author_info":{"display_name":"mariontobola","author_link":"https:\/\/blog.vida.at\/pensionisten\/author\/mariontobola\/"},"comments_num":"0 comments","featured_image_urls_v2":{"full":["https:\/\/blog.vida.at\/pensionisten\/wp-content\/uploads\/sites\/10\/2026\/09\/Bhffest-2026-23.jpg",2040,1530,false],"thumbnail":["https:\/\/blog.vida.at\/pensionisten\/wp-content\/uploads\/sites\/10\/2026\/09\/Bhffest-2026-23-150x150.jpg",150,150,true],"medium":["https:\/\/blog.vida.at\/pensionisten\/wp-content\/uploads\/sites\/10\/2026\/09\/Bhffest-2026-23-300x225.jpg",300,225,true],"medium_large":["https:\/\/blog.vida.at\/pensionisten\/wp-content\/uploads\/sites\/10\/2026\/09\/Bhffest-2026-23-768x576.jpg",640,480,true],"large":["https:\/\/blog.vida.at\/pensionisten\/wp-content\/uploads\/sites\/10\/2026\/09\/Bhffest-2026-23-1024x768.jpg",640,480,true],"1536x1536":["https:\/\/blog.vida.at\/pensionisten\/wp-content\/uploads\/sites\/10\/2026\/09\/Bhffest-2026-23-1536x1152.jpg",1536,1152,true],"2048x2048":["https:\/\/blog.vida.at\/pensionisten\/wp-content\/uploads\/sites\/10\/2026\/09\/Bhffest-2026-23.jpg",2040,1530,false],"ab-block-post-grid-landscape":["https:\/\/blog.vida.at\/pensionisten\/wp-content\/uploads\/sites\/10\/2026\/09\/Bhffest-2026-23-600x400.jpg",600,400,true],"ab-block-post-grid-square":["https:\/\/blog.vida.at\/pensionisten\/wp-content\/uploads\/sites\/10\/2026\/09\/Bhffest-2026-23-600x600.jpg",600,600,true],"post-thumbnail":["https:\/\/blog.vida.at\/pensionisten\/wp-content\/uploads\/sites\/10\/2026\/09\/Bhffest-2026-23-1568x1176.jpg",1568,1176,true],"awb_sm":["https:\/\/blog.vida.at\/pensionisten\/wp-content\/uploads\/sites\/10\/2026\/09\/Bhffest-2026-23-500x375.jpg",500,375,true],"awb_md":["https:\/\/blog.vida.at\/pensionisten\/wp-content\/uploads\/sites\/10\/2026\/09\/Bhffest-2026-23-800x600.jpg",800,600,true],"awb_lg":["https:\/\/blog.vida.at\/pensionisten\/wp-content\/uploads\/sites\/10\/2026\/09\/Bhffest-2026-23-1280x960.jpg",1280,960,true],"awb_xl":["https:\/\/blog.vida.at\/pensionisten\/wp-content\/uploads\/sites\/10\/2026\/09\/Bhffest-2026-23-1920x1440.jpg",1920,1440,true]},"post_excerpt_stackable_v2":"<p>Das war das 4. Bahnhofsfest der vida-Ortsgruppe Herzogenburg\/Neulengbach. Am 25. Juli 2026 war es wieder so weit: Am Bahnhofvorplatz in Herzogenburg ging das 4. vida-Bahnhofsfest der Ortsgruppe Herzogenburg\/Neulengbach \u00fcber die B\u00fchne. Und eines gleich vorweg: Mit mehr als 300 G\u00e4sten war das Fest ein voller Erfolg! Starke Partner:innen &#8211; gute Stimmung Unter den zahlreichen Besucher:innen konnten auch viele Kooperationspartner begr\u00fc\u00dft werden, darunter die Fa. Mischak G&amp;E GmbH, \u00d6sterreichische Beamtenversicherung\/Vertriebsleiterin Renate Brenner, Volksbank Nieder\u00f6sterreich\/Christoph Knapp, vida N\u00d6 Zentral Regionsvorsitzender Manuel Winkler und Vorsitzender stv. Martin Klepl, Gastwirt Toni Buchsbaum, SP\u00d6 Vorsitzender Herzogenburg Patrick Reinisch sowie die Eisenbahnermusikkapelle St. P\u00f6lten. Sie sorgte&hellip;<\/p>\n","category_list_v2":"<a href=\"https:\/\/blog.vida.at\/pensionisten\/category\/allgemein\/\" rel=\"category tag\">Allgemein<\/a>, <a href=\"https:\/\/blog.vida.at\/pensionisten\/category\/ortsgruppen\/niederoesterreich\/\" rel=\"category tag\">Nieder\u00f6sterreich<\/a>, <a href=\"https:\/\/blog.vida.at\/pensionisten\/category\/ortsgruppen\/niederoesterreich\/og-herzogenburg\/\" rel=\"category tag\">OG Herzogenburg<\/a>, <a href=\"https:\/\/blog.vida.at\/pensionisten\/category\/ortsgruppen\/\" rel=\"category tag\">Ortsgruppen<\/a>","author_info_v2":{"name":"mariontobola","url":"https:\/\/blog.vida.at\/pensionisten\/author\/mariontobola\/"},"comments_num_v2":"0 comments","yoast_head":"<!-- This site is optimized with the Yoast SEO plugin v28.2 - https:\/\/yoast.com\/product\/yoast-seo-wordpress\/ -->\n<title>Ein Fest f\u00fcr die ganze Ortsgruppe<\/title>\n<meta name=\"robots\" content=\"index, follow, max-snippet:-1, max-image-preview:large, max-video-preview:-1\" \/>\n<link rel=\"canonical\" href=\"https:\/\/blog.vida.at\/pensionisten\/2026\/09\/02\/ein-fest-fuer-die-ganze-ortsgruppe\/\" \/>\n<meta property=\"og:locale\" content=\"de_DE\" \/>\n<meta property=\"og:type\" content=\"article\" \/>\n<meta property=\"og:title\" content=\"Ein Fest f\u00fcr die ganze Ortsgruppe\" \/>\n<meta property=\"og:description\" content=\"Das war das 4. Bahnhofsfest der vida-Ortsgruppe Herzogenburg\/Neulengbach.\" \/>\n<meta property=\"og:url\" content=\"https:\/\/blog.vida.at\/pensionisten\/2026\/09\/02\/ein-fest-fuer-die-ganze-ortsgruppe\/\" \/>\n<meta property=\"og:site_name\" content=\"vida Pensionisten\" \/>\n<meta property=\"article:published_time\" content=\"2026-09-02T12:02:22+00:00\" \/>\n<meta property=\"og:image\" content=\"https:\/\/blog.vida.at\/pensionisten\/wp-content\/uploads\/sites\/10\/2026\/09\/Bhffest-2026-23.jpg\" \/>\n\t<meta property=\"og:image:width\" content=\"2040\" \/>\n\t<meta property=\"og:image:height\" content=\"1530\" \/>\n\t<meta property=\"og:image:type\" content=\"image\/jpeg\" \/>\n<meta name=\"author\" content=\"mariontobola\" \/>\n<meta name=\"twitter:card\" content=\"summary_large_image\" \/>\n<meta name=\"twitter:label1\" content=\"Verfasst von\" \/>\n\t<meta name=\"twitter:data1\" content=\"mariontobola\" \/>\n\t<meta name=\"twitter:label2\" content=\"Gesch\u00e4tzte Lesezeit\" \/>\n\t<meta name=\"twitter:data2\" content=\"8\u00a0Minuten\" \/>\n<script type=\"application\/ld+json\" class=\"yoast-schema-graph\">{\"@context\":\"https:\\\/\\\/schema.org\",\"@graph\":[{\"@type\":\"Article\",\"@id\":\"https:\\\/\\\/blog.vida.at\\\/pensionisten\\\/2026\\\/09\\\/02\\\/ein-fest-fuer-die-ganze-ortsgruppe\\\/#article\",\"isPartOf\":{\"@id\":\"https:\\\/\\\/blog.vida.at\\\/pensionisten\\\/2026\\\/09\\\/02\\\/ein-fest-fuer-die-ganze-ortsgruppe\\\/\"},\"author\":{\"name\":\"mariontobola\",\"@id\":\"https:\\\/\\\/blog.vida.at\\\/pensionisten\\\/#\\\/schema\\\/person\\\/88cee3ee93b9afdc51c92f5f63f38b8a\"},\"headline\":\"Ein Fest f\u00fcr die ganze Ortsgruppe\",\"datePublished\":\"2026-09-02T12:02:22+00:00\",\"mainEntityOfPage\":{\"@id\":\"https:\\\/\\\/blog.vida.at\\\/pensionisten\\\/2026\\\/09\\\/02\\\/ein-fest-fuer-die-ganze-ortsgruppe\\\/\"},\"wordCount\":403,\"commentCount\":0,\"image\":{\"@id\":\"https:\\\/\\\/blog.vida.at\\\/pensionisten\\\/2026\\\/09\\\/02\\\/ein-fest-fuer-die-ganze-ortsgruppe\\\/#primaryimage\"},\"thumbnailUrl\":\"https:\\\/\\\/blog.vida.at\\\/pensionisten\\\/wp-content\\\/uploads\\\/sites\\\/10\\\/2026\\\/09\\\/Bhffest-2026-23.jpg\",\"articleSection\":{\"1\":\"Nieder\u00f6sterreich\",\"2\":\"OG Herzogenburg\",\"3\":\"Ortsgruppen\"},\"inLanguage\":\"de\",\"potentialAction\":[{\"@type\":\"CommentAction\",\"name\":\"Comment\",\"target\":[\"https:\\\/\\\/blog.vida.at\\\/pensionisten\\\/2026\\\/09\\\/02\\\/ein-fest-fuer-die-ganze-ortsgruppe\\\/#respond\"]}]},{\"@type\":\"WebPage\",\"@id\":\"https:\\\/\\\/blog.vida.at\\\/pensionisten\\\/2026\\\/09\\\/02\\\/ein-fest-fuer-die-ganze-ortsgruppe\\\/\",\"url\":\"https:\\\/\\\/blog.vida.at\\\/pensionisten\\\/2026\\\/09\\\/02\\\/ein-fest-fuer-die-ganze-ortsgruppe\\\/\",\"name\":\"Ein Fest f\u00fcr die ganze Ortsgruppe\",\"isPartOf\":{\"@id\":\"https:\\\/\\\/blog.vida.at\\\/pensionisten\\\/#website\"},\"primaryImageOfPage\":{\"@id\":\"https:\\\/\\\/blog.vida.at\\\/pensionisten\\\/2026\\\/09\\\/02\\\/ein-fest-fuer-die-ganze-ortsgruppe\\\/#primaryimage\"},\"image\":{\"@id\":\"https:\\\/\\\/blog.vida.at\\\/pensionisten\\\/2026\\\/09\\\/02\\\/ein-fest-fuer-die-ganze-ortsgruppe\\\/#primaryimage\"},\"thumbnailUrl\":\"https:\\\/\\\/blog.vida.at\\\/pensionisten\\\/wp-content\\\/uploads\\\/sites\\\/10\\\/2026\\\/09\\\/Bhffest-2026-23.jpg\",\"datePublished\":\"2026-09-02T12:02:22+00:00\",\"author\":{\"@id\":\"https:\\\/\\\/blog.vida.at\\\/pensionisten\\\/#\\\/schema\\\/person\\\/88cee3ee93b9afdc51c92f5f63f38b8a\"},\"breadcrumb\":{\"@id\":\"https:\\\/\\\/blog.vida.at\\\/pensionisten\\\/2026\\\/09\\\/02\\\/ein-fest-fuer-die-ganze-ortsgruppe\\\/#breadcrumb\"},\"inLanguage\":\"de\",\"potentialAction\":[{\"@type\":\"ReadAction\",\"target\":[\"https:\\\/\\\/blog.vida.at\\\/pensionisten\\\/2026\\\/09\\\/02\\\/ein-fest-fuer-die-ganze-ortsgruppe\\\/\"]}]},{\"@type\":\"ImageObject\",\"inLanguage\":\"de\",\"@id\":\"https:\\\/\\\/blog.vida.at\\\/pensionisten\\\/2026\\\/09\\\/02\\\/ein-fest-fuer-die-ganze-ortsgruppe\\\/#primaryimage\",\"url\":\"https:\\\/\\\/blog.vida.at\\\/pensionisten\\\/wp-content\\\/uploads\\\/sites\\\/10\\\/2026\\\/09\\\/Bhffest-2026-23.jpg\",\"contentUrl\":\"https:\\\/\\\/blog.vida.at\\\/pensionisten\\\/wp-content\\\/uploads\\\/sites\\\/10\\\/2026\\\/09\\\/Bhffest-2026-23.jpg\",\"width\":2040,\"height\":1530},{\"@type\":\"BreadcrumbList\",\"@id\":\"https:\\\/\\\/blog.vida.at\\\/pensionisten\\\/2026\\\/09\\\/02\\\/ein-fest-fuer-die-ganze-ortsgruppe\\\/#breadcrumb\",\"itemListElement\":[{\"@type\":\"ListItem\",\"position\":1,\"name\":\"Startseite\",\"item\":\"https:\\\/\\\/blog.vida.at\\\/pensionisten\\\/\"},{\"@type\":\"ListItem\",\"position\":2,\"name\":\"Ein Fest f\u00fcr die ganze Ortsgruppe\"}]},{\"@type\":\"WebSite\",\"@id\":\"https:\\\/\\\/blog.vida.at\\\/pensionisten\\\/#website\",\"url\":\"https:\\\/\\\/blog.vida.at\\\/pensionisten\\\/\",\"name\":\"vida Pensionisten\",\"description\":\"\",\"potentialAction\":[{\"@type\":\"SearchAction\",\"target\":{\"@type\":\"EntryPoint\",\"urlTemplate\":\"https:\\\/\\\/blog.vida.at\\\/pensionisten\\\/?s={search_term_string}\"},\"query-input\":{\"@type\":\"PropertyValueSpecification\",\"valueRequired\":true,\"valueName\":\"search_term_string\"}}],\"inLanguage\":\"de\"},{\"@type\":\"Person\",\"@id\":\"https:\\\/\\\/blog.vida.at\\\/pensionisten\\\/#\\\/schema\\\/person\\\/88cee3ee93b9afdc51c92f5f63f38b8a\",\"name\":\"mariontobola\",\"image\":{\"@type\":\"ImageObject\",\"inLanguage\":\"de\",\"@id\":\"https:\\\/\\\/secure.gravatar.com\\\/avatar\\\/5d2c516985e4eda61bca05bd3b4359b4358135bd1e1a5b08c539e9cd1edd6528?s=96&d=mm&r=g\",\"url\":\"https:\\\/\\\/secure.gravatar.com\\\/avatar\\\/5d2c516985e4eda61bca05bd3b4359b4358135bd1e1a5b08c539e9cd1edd6528?s=96&d=mm&r=g\",\"contentUrl\":\"https:\\\/\\\/secure.gravatar.com\\\/avatar\\\/5d2c516985e4eda61bca05bd3b4359b4358135bd1e1a5b08c539e9cd1edd6528?s=96&d=mm&r=g\",\"caption\":\"mariontobola\"},\"url\":\"https:\\\/\\\/blog.vida.at\\\/pensionisten\\\/author\\\/mariontobola\\\/\"}]}<\/script>\n<!-- \/ Yoast SEO plugin. -->","yoast_head_json":{"title":"Ein Fest f\u00fcr die ganze Ortsgruppe","robots":{"index":"index","follow":"follow","max-snippet":"max-snippet:-1","max-image-preview":"max-image-preview:large","max-video-preview":"max-video-preview:-1"},"canonical":"https:\/\/blog.vida.at\/pensionisten\/2026\/09\/02\/ein-fest-fuer-die-ganze-ortsgruppe\/","og_locale":"de_DE","og_type":"article","og_title":"Ein Fest f\u00fcr die ganze Ortsgruppe","og_description":"Das war das 4. Bahnhofsfest der vida-Ortsgruppe Herzogenburg\/Neulengbach.","og_url":"https:\/\/blog.vida.at\/pensionisten\/2026\/09\/02\/ein-fest-fuer-die-ganze-ortsgruppe\/","og_site_name":"vida Pensionisten","article_published_time":"2026-09-02T12:02:22+00:00","og_image":[{"width":2040,"height":1530,"url":"https:\/\/blog.vida.at\/pensionisten\/wp-content\/uploads\/sites\/10\/2026\/09\/Bhffest-2026-23.jpg","type":"image\/jpeg"}],"author":"mariontobola","twitter_card":"summary_large_image","twitter_misc":{"Verfasst von":"mariontobola","Gesch\u00e4tzte Lesezeit":"8\u00a0Minuten"},"schema":{"@context":"https:\/\/schema.org","@graph":[{"@type":"Article","@id":"https:\/\/blog.vida.at\/pensionisten\/2026\/09\/02\/ein-fest-fuer-die-ganze-ortsgruppe\/#article","isPartOf":{"@id":"https:\/\/blog.vida.at\/pensionisten\/2026\/09\/02\/ein-fest-fuer-die-ganze-ortsgruppe\/"},"author":{"name":"mariontobola","@id":"https:\/\/blog.vida.at\/pensionisten\/#\/schema\/person\/88cee3ee93b9afdc51c92f5f63f38b8a"},"headline":"Ein Fest f\u00fcr die ganze Ortsgruppe","datePublished":"2026-09-02T12:02:22+00:00","mainEntityOfPage":{"@id":"https:\/\/blog.vida.at\/pensionisten\/2026\/09\/02\/ein-fest-fuer-die-ganze-ortsgruppe\/"},"wordCount":403,"commentCount":0,"image":{"@id":"https:\/\/blog.vida.at\/pensionisten\/2026\/09\/02\/ein-fest-fuer-die-ganze-ortsgruppe\/#primaryimage"},"thumbnailUrl":"https:\/\/blog.vida.at\/pensionisten\/wp-content\/uploads\/sites\/10\/2026\/09\/Bhffest-2026-23.jpg","articleSection":{"1":"Nieder\u00f6sterreich","2":"OG Herzogenburg","3":"Ortsgruppen"},"inLanguage":"de","potentialAction":[{"@type":"CommentAction","name":"Comment","target":["https:\/\/blog.vida.at\/pensionisten\/2026\/09\/02\/ein-fest-fuer-die-ganze-ortsgruppe\/#respond"]}]},{"@type":"WebPage","@id":"https:\/\/blog.vida.at\/pensionisten\/2026\/09\/02\/ein-fest-fuer-die-ganze-ortsgruppe\/","url":"https:\/\/blog.vida.at\/pensionisten\/2026\/09\/02\/ein-fest-fuer-die-ganze-ortsgruppe\/","name":"Ein Fest f\u00fcr die ganze Ortsgruppe","isPartOf":{"@id":"https:\/\/blog.vida.at\/pensionisten\/#website"},"primaryImageOfPage":{"@id":"https:\/\/blog.vida.at\/pensionisten\/2026\/09\/02\/ein-fest-fuer-die-ganze-ortsgruppe\/#primaryimage"},"image":{"@id":"https:\/\/blog.vida.at\/pensionisten\/2026\/09\/02\/ein-fest-fuer-die-ganze-ortsgruppe\/#primaryimage"},"thumbnailUrl":"https:\/\/blog.vida.at\/pensionisten\/wp-content\/uploads\/sites\/10\/2026\/09\/Bhffest-2026-23.jpg","datePublished":"2026-09-02T12:02:22+00:00","author":{"@id":"https:\/\/blog.vida.at\/pensionisten\/#\/schema\/person\/88cee3ee93b9afdc51c92f5f63f38b8a"},"breadcrumb":{"@id":"https:\/\/blog.vida.at\/pensionisten\/2026\/09\/02\/ein-fest-fuer-die-ganze-ortsgruppe\/#breadcrumb"},"inLanguage":"de","potentialAction":[{"@type":"ReadAction","target":["https:\/\/blog.vida.at\/pensionisten\/2026\/09\/02\/ein-fest-fuer-die-ganze-ortsgruppe\/"]}]},{"@type":"ImageObject","inLanguage":"de","@id":"https:\/\/blog.vida.at\/pensionisten\/2026\/09\/02\/ein-fest-fuer-die-ganze-ortsgruppe\/#primaryimage","url":"https:\/\/blog.vida.at\/pensionisten\/wp-content\/uploads\/sites\/10\/2026\/09\/Bhffest-2026-23.jpg","contentUrl":"https:\/\/blog.vida.at\/pensionisten\/wp-content\/uploads\/sites\/10\/2026\/09\/Bhffest-2026-23.jpg","width":2040,"height":1530},{"@type":"BreadcrumbList","@id":"https:\/\/blog.vida.at\/pensionisten\/2026\/09\/02\/ein-fest-fuer-die-ganze-ortsgruppe\/#breadcrumb","itemListElement":[{"@type":"ListItem","position":1,"name":"Startseite","item":"https:\/\/blog.vida.at\/pensionisten\/"},{"@type":"ListItem","position":2,"name":"Ein Fest f\u00fcr die ganze Ortsgruppe"}]},{"@type":"WebSite","@id":"https:\/\/blog.vida.at\/pensionisten\/#website","url":"https:\/\/blog.vida.at\/pensionisten\/","name":"vida Pensionisten","description":"","potentialAction":[{"@type":"SearchAction","target":{"@type":"EntryPoint","urlTemplate":"https:\/\/blog.vida.at\/pensionisten\/?s={search_term_string}"},"query-input":{"@type":"PropertyValueSpecification","valueRequired":true,"valueName":"search_term_string"}}],"inLanguage":"de"},{"@type":"Person","@id":"https:\/\/blog.vida.at\/pensionisten\/#\/schema\/person\/88cee3ee93b9afdc51c92f5f63f38b8a","name":"mariontobola","image":{"@type":"ImageObject","inLanguage":"de","@id":"https:\/\/secure.gravatar.com\/avatar\/5d2c516985e4eda61bca05bd3b4359b4358135bd1e1a5b08c539e9cd1edd6528?s=96&d=mm&r=g","url":"https:\/\/secure.gravatar.com\/avatar\/5d2c516985e4eda61bca05bd3b4359b4358135bd1e1a5b08c539e9cd1edd6528?s=96&d=mm&r=g","contentUrl":"https:\/\/secure.gravatar.com\/avatar\/5d2c516985e4eda61bca05bd3b4359b4358135bd1e1a5b08c539e9cd1edd6528?s=96&d=mm&r=g","caption":"mariontobola"},"url":"https:\/\/blog.vida.at\/pensionisten\/author\/mariontobola\/"}]}},"author_meta":{"display_name":"mariontobola","author_link":"https:\/\/blog.vida.at\/pensionisten\/author\/mariontobola\/"},"featured_img":"https:\/\/blog.vida.at\/pensionisten\/wp-content\/uploads\/sites\/10\/2026\/09\/Bhffest-2026-23-300x225.jpg","featured_image_src":"https:\/\/blog.vida.at\/pensionisten\/wp-content\/uploads\/sites\/10\/2026\/09\/Bhffest-2026-23-600x400.jpg","featured_image_src_square":"https:\/\/blog.vida.at\/pensionisten\/wp-content\/uploads\/sites\/10\/2026\/09\/Bhffest-2026-23-600x600.jpg","uagb_featured_image_src":{"full":["https:\/\/blog.vida.at\/pensionisten\/wp-content\/uploads\/sites\/10\/2026\/09\/Bhffest-2026-23.jpg",2040,1530,false],"thumbnail":["https:\/\/blog.vida.at\/pensionisten\/wp-content\/uploads\/sites\/10\/2026\/09\/Bhffest-2026-23-150x150.jpg",150,150,true],"medium":["https:\/\/blog.vida.at\/pensionisten\/wp-content\/uploads\/sites\/10\/2026\/09\/Bhffest-2026-23-300x225.jpg",300,225,true],"medium_large":["https:\/\/blog.vida.at\/pensionisten\/wp-content\/uploads\/sites\/10\/2026\/09\/Bhffest-2026-23-768x576.jpg",640,480,true],"large":["https:\/\/blog.vida.at\/pensionisten\/wp-content\/uploads\/sites\/10\/2026\/09\/Bhffest-2026-23-1024x768.jpg",640,480,true],"1536x1536":["https:\/\/blog.vida.at\/pensionisten\/wp-content\/uploads\/sites\/10\/2026\/09\/Bhffest-2026-23-1536x1152.jpg",1536,1152,true],"2048x2048":["https:\/\/blog.vida.at\/pensionisten\/wp-content\/uploads\/sites\/10\/2026\/09\/Bhffest-2026-23.jpg",2040,1530,false],"ab-block-post-grid-landscape":["https:\/\/blog.vida.at\/pensionisten\/wp-content\/uploads\/sites\/10\/2026\/09\/Bhffest-2026-23-600x400.jpg",600,400,true],"ab-block-post-grid-square":["https:\/\/blog.vida.at\/pensionisten\/wp-content\/uploads\/sites\/10\/2026\/09\/Bhffest-2026-23-600x600.jpg",600,600,true],"post-thumbnail":["https:\/\/blog.vida.at\/pensionisten\/wp-content\/uploads\/sites\/10\/2026\/09\/Bhffest-2026-23-1568x1176.jpg",1568,1176,true],"awb_sm":["https:\/\/blog.vida.at\/pensionisten\/wp-content\/uploads\/sites\/10\/2026\/09\/Bhffest-2026-23-500x375.jpg",500,375,true],"awb_md":["https:\/\/blog.vida.at\/pensionisten\/wp-content\/uploads\/sites\/10\/2026\/09\/Bhffest-2026-23-800x600.jpg",800,600,true],"awb_lg":["https:\/\/blog.vida.at\/pensionisten\/wp-content\/uploads\/sites\/10\/2026\/09\/Bhffest-2026-23-1280x960.jpg",1280,960,true],"awb_xl":["https:\/\/blog.vida.at\/pensionisten\/wp-content\/uploads\/sites\/10\/2026\/09\/Bhffest-2026-23-1920x1440.jpg",1920,1440,true]},"uagb_author_info":{"display_name":"mariontobola","author_link":"https:\/\/blog.vida.at\/pensionisten\/author\/mariontobola\/"},"uagb_comment_info":0,"uagb_excerpt":"Das war das 4. Bahnhofsfest der vida-Ortsgruppe Herzogenburg\/Neulengbach.","coauthors":[],"tax_additional":{"categories":{"linked":["<a href=\"https:\/\/blog.vida.at\/pensionisten\/category\/allgemein\/\" class=\"advgb-post-tax-term\">Allgemein<\/a>","<a href=\"https:\/\/blog.vida.at\/pensionisten\/category\/ortsgruppen\/niederoesterreich\/\" class=\"advgb-post-tax-term\">Nieder\u00f6sterreich<\/a>","<a href=\"https:\/\/blog.vida.at\/pensionisten\/category\/ortsgruppen\/niederoesterreich\/og-herzogenburg\/\" class=\"advgb-post-tax-term\">OG Herzogenburg<\/a>","<a href=\"https:\/\/blog.vida.at\/pensionisten\/category\/ortsgruppen\/\" class=\"advgb-post-tax-term\">Ortsgruppen<\/a>"],"unlinked":["<span class=\"advgb-post-tax-term\">Allgemein<\/span>","<span class=\"advgb-post-tax-term\">Nieder\u00f6sterreich<\/span>","<span class=\"advgb-post-tax-term\">OG Herzogenburg<\/span>","<span class=\"advgb-post-tax-term\">Ortsgruppen<\/span>"]}},"comment_count":"0","relative_dates":{"created":"Ver\u00f6ffentlicht 1\u00a0Tag vor","modified":"Aktualisiert 1\u00a0Tag vor"},"absolute_dates":{"created":"Ver\u00f6ffentlicht am 2. September 2026","modified":"Aktualisiert am 2. September 2026"},"absolute_dates_time":{"created":"Ver\u00f6ffentlicht am 2. September 2026 14:02","modified":"Aktualisiert am 2. September 2026 14:02"},"featured_img_caption":"","series_order":"","_links":{"self":[{"href":"https:\/\/blog.vida.at\/pensionisten\/wp-json\/wp\/v2\/posts\/13903","targetHints":{"allow":["GET"]}}],"collection":[{"href":"https:\/\/blog.vida.at\/pensionisten\/wp-json\/wp\/v2\/posts"}],"about":[{"href":"https:\/\/blog.vida.at\/pensionisten\/wp-json\/wp\/v2\/types\/post"}],"author":[{"embeddable":true,"href":"https:\/\/blog.vida.at\/pensionisten\/wp-json\/wp\/v2\/users\/8"}],"replies":[{"embeddable":true,"href":"https:\/\/blog.vida.at\/pensionisten\/wp-json\/wp\/v2\/comments?post=13903"}],"version-history":[{"count":1,"href":"https:\/\/blog.vida.at\/pensionisten\/wp-json\/wp\/v2\/posts\/13903\/revisions"}],"predecessor-version":[{"id":13929,"href":"https:\/\/blog.vida.at\/pensionisten\/wp-json\/wp\/v2\/posts\/13903\/revisions\/13929"}],"wp:featuredmedia":[{"embeddable":true,"href":"https:\/\/blog.vida.at\/pensionisten\/wp-json\/wp\/v2\/media\/13927"}],"wp:attachment":[{"href":"https:\/\/blog.vida.at\/pensionisten\/wp-json\/wp\/v2\/media?parent=13903"}],"wp:term":[{"taxonomy":"category","embeddable":true,"href":"https:\/\/blog.vida.at\/pensionisten\/wp-json\/wp\/v2\/categories?post=13903"},{"taxonomy":"post_tag","embeddable":true,"href":"https:\/\/blog.vida.at\/pensionisten\/wp-json\/wp\/v2\/tags?post=13903"},{"taxonomy":"Orte","embeddable":true,"href":"https:\/\/blog.vida.at\/pensionisten\/wp-json\/wp\/v2\/Orte?post=13903"},{"taxonomy":"activitytype","embeddable":true,"href":"https:\/\/blog.vida.at\/pensionisten\/wp-json\/wp\/v2\/activitytype?post=13903"}],"curies":[{"name":"wp","href":"https:\/\/api.w.org\/{rel}","templated":true}]}}