
{"id":13930,"date":"2026-09-03T10:16:05","date_gmt":"2026-09-03T08:16:05","guid":{"rendered":"https:\/\/blog.vida.at\/pensionisten\/?p=13930"},"modified":"2026-09-03T10:20:42","modified_gmt":"2026-09-03T08:20:42","slug":"mentale-gesundheit-gut-fuer-sich-selbst-sorgen","status":"publish","type":"post","link":"https:\/\/blog.vida.at\/pensionisten\/2026\/09\/03\/mentale-gesundheit-gut-fuer-sich-selbst-sorgen\/","title":{"rendered":"Gut f\u00fcr sich und die Seele sorgen"},"content":{"rendered":"\n<p class=\"wp-block-paragraph\"><strong>Ein &#8222;vidaH\u00f6ren&#8220;-Spezial \u00fcber mentale Gesundheit: <\/strong>Im Gespr\u00e4ch mit<strong> Expertin Barbara Zechmeister<\/strong> &#8211; in Kooperation mit der<strong> BVAEB<\/strong> &#8211; und viele Tipps f\u00fcr dich. <\/p>\n\n\n\n<br>\n\n\n\n<!--more-->\n\n\n\n<figure class=\"wp-block-image alignfull size-full\"><a href=\"https:\/\/vidahoeren.simplecast.com\/episodes\/gut-fur-sich-selbst-sorgen-ein-vidahoren-spezial-uber-mentale-gesundheit-JL3KbsHE\" target=\"_blank\" rel=\" noreferrer noopener\"><img loading=\"lazy\" decoding=\"async\" width=\"2000\" height=\"1000\" src=\"https:\/\/blog.vida.at\/pensionisten\/wp-content\/uploads\/sites\/10\/2026\/09\/vida-Symbolbild-Mentale-Gesundheit.png\" alt=\"\" class=\"wp-image-13932\" srcset=\"https:\/\/blog.vida.at\/pensionisten\/wp-content\/uploads\/sites\/10\/2026\/09\/vida-Symbolbild-Mentale-Gesundheit.png 2000w, https:\/\/blog.vida.at\/pensionisten\/wp-content\/uploads\/sites\/10\/2026\/09\/vida-Symbolbild-Mentale-Gesundheit-300x150.png 300w, https:\/\/blog.vida.at\/pensionisten\/wp-content\/uploads\/sites\/10\/2026\/09\/vida-Symbolbild-Mentale-Gesundheit-1024x512.png 1024w, https:\/\/blog.vida.at\/pensionisten\/wp-content\/uploads\/sites\/10\/2026\/09\/vida-Symbolbild-Mentale-Gesundheit-768x384.png 768w, https:\/\/blog.vida.at\/pensionisten\/wp-content\/uploads\/sites\/10\/2026\/09\/vida-Symbolbild-Mentale-Gesundheit-1536x768.png 1536w, https:\/\/blog.vida.at\/pensionisten\/wp-content\/uploads\/sites\/10\/2026\/09\/vida-Symbolbild-Mentale-Gesundheit-1568x784.png 1568w, https:\/\/blog.vida.at\/pensionisten\/wp-content\/uploads\/sites\/10\/2026\/09\/vida-Symbolbild-Mentale-Gesundheit-500x250.png 500w, https:\/\/blog.vida.at\/pensionisten\/wp-content\/uploads\/sites\/10\/2026\/09\/vida-Symbolbild-Mentale-Gesundheit-800x400.png 800w, https:\/\/blog.vida.at\/pensionisten\/wp-content\/uploads\/sites\/10\/2026\/09\/vida-Symbolbild-Mentale-Gesundheit-1280x640.png 1280w, https:\/\/blog.vida.at\/pensionisten\/wp-content\/uploads\/sites\/10\/2026\/09\/vida-Symbolbild-Mentale-Gesundheit-1920x960.png 1920w\" sizes=\"auto, (max-width: 2000px) 100vw, 2000px\" \/><\/a><\/figure>\n\n\n\n<p class=\"wp-block-paragraph\"><\/p>\n\n\n\n<p class=\"wp-block-paragraph\"><\/p>\n\n\n\n<div style=\"text-align:center\" class=\"wp-block-atomic-blocks-ab-cta ab-block-cta\"><div class=\"ab-cta-content\"><h2 class=\"ab-cta-title ab-font-size-32\" style=\"color:#32373c\">H\u00f6re hier &#8222;vidaH\u00f6ren&#8220;<\/h2><div class=\"ab-cta-text ab-font-size-32\" style=\"color:#32373c\"><\/div><\/div><div class=\"ab-cta-button\"><a href=\"https:\/\/vidahoeren.simplecast.com\/episodes\/gut-fur-sich-selbst-sorgen-ein-vidahoren-spezial-uber-mentale-gesundheit-JL3KbsHE\" target=\"_self\" rel=\"noopener noreferrer\" class=\"ab-button ab-button-shape-rounded ab-button-size-medium\" style=\"color:#ffffff;background-color:#3373dc\">Podcast-Episode mit Barbara Zechmeister \u00fcber mentale Gesundheit<\/a><\/div><\/div>\n\n\n\n<p class=\"wp-block-paragraph\">Mentale Gesundheit betrifft uns alle. Nicht nur dann, wenn es uns schlecht geht, sondern jeden Tag. Denn genauso wie unser K\u00f6rper braucht auch unsere Psyche Aufmerksamkeit und Pflege. In unserem Podcast \u201evidaH\u00f6ren\u201c spricht Expertin Barbara Zechmeister dar\u00fcber, wie wir unsere mentale Gesundheit im Alltag st\u00e4rken k\u00f6nnen, woran wir erkennen, dass die Psyche Unterst\u00fctzung braucht und warum es keine Schw\u00e4che ist, Hilfe anzunehmen. Im Gespr\u00e4ch stellt die Expertin au\u00dferdem eine <a href=\"https:\/\/seniorinnen.bvaeb.live\/informiert\" target=\"_blank\" rel=\"noreferrer noopener\">Online-Vortragsreihe der BVAEB<\/a>, Versicherungsanstalt \u00f6ffentlicher Bediensteter, Eisenbahnen und Bergbau, vor, die sich an alle richtet, die etwas f\u00fcr ihre mentale Gesundheit tun m\u00f6chten und praktische Anregungen f\u00fcr den Alltag suchen.<\/p>\n\n\n\n<figure class=\"wp-block-image size-large\"><img loading=\"lazy\" decoding=\"async\" width=\"776\" height=\"1024\" src=\"https:\/\/blog.vida.at\/pensionisten\/wp-content\/uploads\/sites\/10\/2026\/09\/Barbara_Zechmeister-776x1024.jpg\" alt=\"\" class=\"wp-image-13933\" srcset=\"https:\/\/blog.vida.at\/pensionisten\/wp-content\/uploads\/sites\/10\/2026\/09\/Barbara_Zechmeister-776x1024.jpg 776w, https:\/\/blog.vida.at\/pensionisten\/wp-content\/uploads\/sites\/10\/2026\/09\/Barbara_Zechmeister-227x300.jpg 227w, https:\/\/blog.vida.at\/pensionisten\/wp-content\/uploads\/sites\/10\/2026\/09\/Barbara_Zechmeister-768x1014.jpg 768w, https:\/\/blog.vida.at\/pensionisten\/wp-content\/uploads\/sites\/10\/2026\/09\/Barbara_Zechmeister-500x660.jpg 500w, https:\/\/blog.vida.at\/pensionisten\/wp-content\/uploads\/sites\/10\/2026\/09\/Barbara_Zechmeister-800x1056.jpg 800w, https:\/\/blog.vida.at\/pensionisten\/wp-content\/uploads\/sites\/10\/2026\/09\/Barbara_Zechmeister.jpg 1080w\" sizes=\"auto, (max-width: 776px) 100vw, 776px\" \/><\/figure>\n\n\n\n<h2 class=\"wp-block-heading\">Wenn sich das Leben ver\u00e4ndert<\/h2>\n\n\n\n<p class=\"wp-block-paragraph\">Besonders deutlich wird die Bedeutung mentaler Gesundheit in \u00dcbergangsphasen. Der Wechsel vom Arbeitsleben in die Pension ist eine solche Phase: Der Beruf f\u00e4llt weg, damit ver\u00e4ndern sich oft auch soziale Kontakte, Tagesstruktur und bisherige Aufgaben. Gleichzeitig k\u00f6nnen gesundheitliche Ver\u00e4nderungen, Einsamkeit, Trauer oder die Pflege eines Partners zus\u00e4tzliche Herausforderungen mit sich bringen.<\/p>\n\n\n\n<p class=\"wp-block-paragraph\">Expertin Barbara Zechmeister r\u00e4t deshalb, sich Zeit zu geben und neugierig auf die neue Lebensphase zuzugehen: Was macht Freude? Welche Hobbys k\u00f6nnten wieder Platz bekommen? Welche Tr\u00e4ume oder Interessen wurden w\u00e4hrend Beruf und Familie aufgeschoben? Und wo k\u00f6nnen die eigenen F\u00e4higkeiten heute sinnvoll eingebracht werden? Auch ehrenamtliches Engagement kann dabei eine wichtige Rolle spielen \u2013 etwa weil es soziale Kontakte schafft und das Gef\u00fchl vermittelt, gebraucht zu werden.<\/p>\n\n\n\n<h2 class=\"wp-block-heading\">Die Psyche sendet Warnsignale<\/h2>\n\n\n\n<p class=\"wp-block-paragraph\">Schlechter Schlaf, anhaltende Ersch\u00f6pfung, weniger Freude an Dingen, die fr\u00fcher Spa\u00df gemacht haben, sozialer R\u00fcckzug, ungew\u00f6hnliche Gereiztheit oder zunehmende Sorgen k\u00f6nnen Hinweise darauf sein, dass die Psyche Aufmerksamkeit braucht. Besonders wichtig ist, solche Signale nicht \u00fcber l\u00e4ngere Zeit als \u201enormal\u201c abzutun. Wenn Niedergeschlagenheit oder R\u00fcckzug \u00fcber Wochen anhalten und man selbst keinen Weg herausfindet, ist es sinnvoll, dar\u00fcber zu sprechen und Unterst\u00fctzung zu suchen.<\/p>\n\n\n\n<p class=\"wp-block-paragraph\"><strong>Hilfe anzunehmen bedeutet dabei nicht, schwach zu sein.<\/strong> Im Gegenteil: Es zeigt, dass man Verantwortung f\u00fcr sich selbst \u00fcbernimmt und etwas daf\u00fcr tun m\u00f6chte, dass es wieder besser geht.<\/p>\n\n\n\n<h2 class=\"wp-block-heading\">Drei einfache Tipps f\u00fcr mehr mentale Gesundheit<\/h2>\n\n\n\n<p class=\"wp-block-paragraph\">Es m\u00fcssen nicht immer gro\u00dfe Ver\u00e4nderungen sein. Oft sind es kleine, regelm\u00e4\u00dfige Gewohnheiten, die das Wohlbefinden st\u00e4rken.<\/p>\n\n\n\n<p class=\"wp-block-paragraph\"><strong>1. In Bewegung bleiben<\/strong><br>Ein Spaziergang, ein paar mobilisierende \u00dcbungen oder einfach eine aufrechte K\u00f6rperhaltung: Bewegung unterst\u00fctzt K\u00f6rper und Psyche gleicherma\u00dfen. Dabei geht es nicht um ein strenges Sportprogramm, sondern darum, etwas zu tun, das zu den eigenen M\u00f6glichkeiten passt.<\/p>\n\n\n\n<p class=\"wp-block-paragraph\"><strong>2. Soziale Kontakte pflegen<\/strong><br>Ein Telefonat, ein gemeinsamer Kaffee, ein Verein, ein Kulturangebot oder ein Gespr\u00e4ch mit anderen: Wir sind soziale Wesen, und Beziehungen sind ein wichtiger Bestandteil unserer psychischen Gesundheit.<\/p>\n\n\n\n<p class=\"wp-block-paragraph\"><strong>3. Sich selbst etwas Gutes tun<\/strong><br>Ein gutes Essen, etwas Sch\u00f6nes anziehen, einen Sonnenstrahl genie\u00dfen oder am Abend bewusst dar\u00fcber nachdenken, was an diesem Tag gut gelungen ist: Kleine positive Momente wahrzunehmen und wertzusch\u00e4tzen, kann im Alltag einen Unterschied machen.<\/p>\n\n\n\n<p class=\"wp-block-paragraph\"><\/p>\n\n\n\n<h2 class=\"wp-block-heading\">Einmal tief durchatmen<\/h2>\n\n\n\n<p class=\"wp-block-paragraph\">Eine besonders einfache \u00dcbung, die Expertin Barbara Zechmeister im Podcast \u201evidaH\u00f6ren\u201c auch gemeinsam mit den H\u00f6rer:innen ausprobiert, ist bewusstes Atmen. Die Aufmerksamkeit auf den eigenen Atem zu lenken, kann helfen, im gegenw\u00e4rtigen Moment anzukommen und aus Gedankenspiralen auszusteigen. Die \u00dcbung l\u00e4sst sich grunds\u00e4tzlich ohne Hilfsmittel in den Alltag integrieren.&nbsp;<\/p>\n\n\n\n<p class=\"wp-block-paragraph\">Auch Schlaf, ausgewogene Ern\u00e4hrung, ausreichend Fl\u00fcssigkeit und Bewegung bilden laut Zechmeister wichtige Grundlagen f\u00fcr das seelische Wohlbefinden.<\/p>\n\n\n\n<h2 class=\"wp-block-heading\">Dar\u00fcber reden hilft<\/h2>\n\n\n\n<p class=\"wp-block-paragraph\">Psychische Belastungen k\u00f6nnen jeden Menschen treffen \u2013 unabh\u00e4ngig vom Alter. Trotzdem f\u00e4llt es vielen schwer, dar\u00fcber zu sprechen. Gerade \u00e4ltere Generationen sind teilweise noch mit der Vorstellung aufgewachsen, dass man Schwierigkeiten selbst bew\u00e4ltigen und \u201eda durch\u201c muss. Im Podcast \u201evidaH\u00f6ren\u201c geht es deshalb auch um einen wichtigen Perspektivwechsel: <strong>Niemand muss alles alleine schaffen.<\/strong> Familie, Freund:innen, Haus\u00e4rzt:innen und Fachleute k\u00f6nnen wichtige Anlaufstellen sein. Wenn eine Belastung l\u00e4nger anh\u00e4lt, kann professionelle Unterst\u00fctzung besonders wichtig sein.<\/p>\n\n\n\n<p class=\"wp-block-paragraph\">Dabei k\u00f6nnen j\u00fcngere und \u00e4ltere Generationen voneinander lernen: \u00c4ltere Menschen bringen Lebenserfahrung und die Erfahrung bereits bew\u00e4ltigter Krisen mit. J\u00fcngere Generationen gehen heute vielfach selbstverst\u00e4ndlicher mit dem Thema mentale Gesundheit und dem Annehmen von Unterst\u00fctzung um.<\/p>\n\n\n\n<h2 class=\"wp-block-heading\">Vier Termine f\u00fcr mehr mentale Gesundheit <\/h2>\n\n\n\n<p class=\"wp-block-paragraph\">Im Podcast-Gespr\u00e4ch stellt Expertin Barbara Zechmeister eine <strong>vierteilige Online-Vortragsreihe der BVAEB<\/strong> vor, die mit September 2026 startet. \u201eBVAEB INFOrmiert\u201c richtet sich speziell an Seniorinnen und Senioren. Dabei geben Expert:innen zu verschiedensten Themen spannende, theoretische Einblicke sowie praktische Tipps und direkte Anleitungen f\u00fcr ein gesundes und aktives Leben. Vorkenntnisse sind nicht erforderlich \u2013 Interesse und Neugier reichen aus.<\/p>\n\n\n\n<p class=\"wp-block-paragraph\"><strong>Die Termine mit Expertin Barbara Zechmeister im \u00dcberblick:<\/strong><\/p>\n\n\n\n<ul class=\"wp-block-list\">\n<li><strong>17. September 2026:<\/strong> Den Kopf in Schwung bringen. Spielerisch das Ged\u00e4chtnis trainieren<\/li>\n\n\n\n<li><strong>8. Oktober 2026:<\/strong> Schlaf gut. Kleine Tricks, gro\u00dfe Wirkung<\/li>\n\n\n\n<li><strong>5. November 2026:<\/strong> Gemeinsam statt einsam. Ideen f\u00fcr die kalte Jahreszeit<\/li>\n\n\n\n<li><strong>3. Dezember 2026:<\/strong> Bewusst und gelassen durch die Feiertage. Tipps f\u00fcr mehr Ausgeglichenheit<\/li>\n<\/ul>\n\n\n\n<p class=\"wp-block-paragraph\"><strong>Die Termine finden online jeweils von 10 bis 11:30 Uhr statt. <\/strong>\u00dcber den folgenden Link kommst du<strong> direkt zur Online-Veranstaltung<\/strong> des jeweiligen Termins:<br><strong>BVAEB INFOrmiert<\/strong> &#8211; <a href=\"https:\/\/seniorinnen.bvaeb.live\/informiert\">https:\/\/seniorinnen.bvaeb.live\/informiert<\/a><\/p>\n\n\n\n<div data-wp-interactive=\"core\/file\" class=\"wp-block-file\"><object data-wp-bind--hidden=\"!state.hasPdfPreview\" hidden class=\"wp-block-file__embed\" data=\"https:\/\/blog.vida.at\/pensionisten\/wp-content\/uploads\/sites\/10\/2026\/09\/Factsheet-BVAEB-INFOrmiert_2_Halbjahr_2026_BF.pdf\" type=\"application\/pdf\" style=\"width:100%;height:600px\" aria-label=\"Einbettung von Factsheet BVAEB INFOrmiert_2_Halbjahr_2026_BF.\"><\/object><a id=\"wp-block-file--media-537b01a0-5034-41bc-b901-546ca5c80e3a\" href=\"https:\/\/blog.vida.at\/pensionisten\/wp-content\/uploads\/sites\/10\/2026\/09\/Factsheet-BVAEB-INFOrmiert_2_Halbjahr_2026_BF.pdf\">Factsheet BVAEB INFOrmiert_2_Halbjahr_2026_BF<\/a><a href=\"https:\/\/blog.vida.at\/pensionisten\/wp-content\/uploads\/sites\/10\/2026\/09\/Factsheet-BVAEB-INFOrmiert_2_Halbjahr_2026_BF.pdf\" class=\"wp-block-file__button wp-element-button\" download aria-describedby=\"wp-block-file--media-537b01a0-5034-41bc-b901-546ca5c80e3a\">Herunterladen<\/a><\/div>\n\n\n\n<p class=\"wp-block-paragraph\"><\/p>\n\n\n\n<p class=\"wp-block-paragraph\"><\/p>\n\n\n\n<p class=\"wp-block-paragraph\"><\/p>\n\n\n\n<p class=\"wp-block-paragraph\"><\/p>\n\n\n\n<p class=\"wp-block-paragraph\"><\/p>\n","protected":false},"excerpt":{"rendered":"<p>Ein &#8222;vidaH\u00f6ren&#8220;-Spezial \u00fcber mentale Gesundheit: Im Gespr\u00e4ch mit Expertin Barbara Zechmeister &#8211; in Kooperation mit der BVAEB &#8211; und viele Tipps f\u00fcr dich.<\/p>\n","protected":false},"author":8,"featured_media":13934,"comment_status":"open","ping_status":"open","sticky":false,"template":"","format":"standard","meta":{"_uag_custom_page_level_css":"","advgb_blocks_editor_width":"","advgb_blocks_columns_visual_guide":"","footnotes":""},"categories":[4,1,96,32],"tags":[],"Orte":[],"activitytype":[],"class_list":["post-13930","post","type-post","status-publish","format-standard","has-post-thumbnail","hentry","category-aktuelles","category-allgemein","category-gesundheitsangebote","category-top-aktuelles","entry"],"featured_image_urls":{"full":["https:\/\/blog.vida.at\/pensionisten\/wp-content\/uploads\/sites\/10\/2026\/09\/vida_Symbolbild_mentale_Gesundheit.png",1620,1080,false],"thumbnail":["https:\/\/blog.vida.at\/pensionisten\/wp-content\/uploads\/sites\/10\/2026\/09\/vida_Symbolbild_mentale_Gesundheit-150x150.png",150,150,true],"medium":["https:\/\/blog.vida.at\/pensionisten\/wp-content\/uploads\/sites\/10\/2026\/09\/vida_Symbolbild_mentale_Gesundheit-300x200.png",300,200,true],"medium_large":["https:\/\/blog.vida.at\/pensionisten\/wp-content\/uploads\/sites\/10\/2026\/09\/vida_Symbolbild_mentale_Gesundheit-768x512.png",640,427,true],"large":["https:\/\/blog.vida.at\/pensionisten\/wp-content\/uploads\/sites\/10\/2026\/09\/vida_Symbolbild_mentale_Gesundheit-1024x683.png",640,427,true],"1536x1536":["https:\/\/blog.vida.at\/pensionisten\/wp-content\/uploads\/sites\/10\/2026\/09\/vida_Symbolbild_mentale_Gesundheit-1536x1024.png",1536,1024,true],"2048x2048":["https:\/\/blog.vida.at\/pensionisten\/wp-content\/uploads\/sites\/10\/2026\/09\/vida_Symbolbild_mentale_Gesundheit.png",1620,1080,false],"ab-block-post-grid-landscape":["https:\/\/blog.vida.at\/pensionisten\/wp-content\/uploads\/sites\/10\/2026\/09\/vida_Symbolbild_mentale_Gesundheit-600x400.png",600,400,true],"ab-block-post-grid-square":["https:\/\/blog.vida.at\/pensionisten\/wp-content\/uploads\/sites\/10\/2026\/09\/vida_Symbolbild_mentale_Gesundheit-600x600.png",600,600,true],"post-thumbnail":["https:\/\/blog.vida.at\/pensionisten\/wp-content\/uploads\/sites\/10\/2026\/09\/vida_Symbolbild_mentale_Gesundheit-1568x1045.png",1568,1045,true],"awb_sm":["https:\/\/blog.vida.at\/pensionisten\/wp-content\/uploads\/sites\/10\/2026\/09\/vida_Symbolbild_mentale_Gesundheit-500x333.png",500,333,true],"awb_md":["https:\/\/blog.vida.at\/pensionisten\/wp-content\/uploads\/sites\/10\/2026\/09\/vida_Symbolbild_mentale_Gesundheit-800x533.png",800,533,true],"awb_lg":["https:\/\/blog.vida.at\/pensionisten\/wp-content\/uploads\/sites\/10\/2026\/09\/vida_Symbolbild_mentale_Gesundheit-1280x853.png",1280,853,true],"awb_xl":["https:\/\/blog.vida.at\/pensionisten\/wp-content\/uploads\/sites\/10\/2026\/09\/vida_Symbolbild_mentale_Gesundheit.png",1620,1080,false]},"post_excerpt_stackable":"<p>Ein &#8222;vidaH\u00f6ren&#8220;-Spezial \u00fcber mentale Gesundheit: Im Gespr\u00e4ch mit Expertin Barbara Zechmeister &#8211; in Kooperation mit der BVAEB &#8211; und viele Tipps f\u00fcr dich. H\u00f6re hier &#8222;vidaH\u00f6ren&#8220;Podcast-Episode mit Barbara Zechmeister \u00fcber mentale Gesundheit Mentale Gesundheit betrifft uns alle. Nicht nur dann, wenn es uns schlecht geht, sondern jeden Tag. Denn genauso wie unser K\u00f6rper braucht auch unsere Psyche Aufmerksamkeit und Pflege. In unserem Podcast \u201evidaH\u00f6ren\u201c spricht Expertin Barbara Zechmeister dar\u00fcber, wie wir unsere mentale Gesundheit im Alltag st\u00e4rken k\u00f6nnen, woran wir erkennen, dass die Psyche Unterst\u00fctzung braucht und warum es keine Schw\u00e4che ist, Hilfe anzunehmen. Im Gespr\u00e4ch stellt die Expertin au\u00dferdem&hellip;<\/p>\n","category_list":"<a href=\"https:\/\/blog.vida.at\/pensionisten\/category\/aktuelles\/\" rel=\"category tag\">Aktuelles<\/a>, <a href=\"https:\/\/blog.vida.at\/pensionisten\/category\/allgemein\/\" rel=\"category tag\">Allgemein<\/a>, <a href=\"https:\/\/blog.vida.at\/pensionisten\/category\/gesundheitsangebote\/\" rel=\"category tag\">Gesundheitsangebote<\/a>, <a href=\"https:\/\/blog.vida.at\/pensionisten\/category\/top-aktuelles\/\" rel=\"category tag\">Top Aktuelles<\/a>","author_info":{"display_name":"mariontobola","author_link":"https:\/\/blog.vida.at\/pensionisten\/author\/mariontobola\/"},"comments_num":"0 comments","featured_image_urls_v2":{"full":["https:\/\/blog.vida.at\/pensionisten\/wp-content\/uploads\/sites\/10\/2026\/09\/vida_Symbolbild_mentale_Gesundheit.png",1620,1080,false],"thumbnail":["https:\/\/blog.vida.at\/pensionisten\/wp-content\/uploads\/sites\/10\/2026\/09\/vida_Symbolbild_mentale_Gesundheit-150x150.png",150,150,true],"medium":["https:\/\/blog.vida.at\/pensionisten\/wp-content\/uploads\/sites\/10\/2026\/09\/vida_Symbolbild_mentale_Gesundheit-300x200.png",300,200,true],"medium_large":["https:\/\/blog.vida.at\/pensionisten\/wp-content\/uploads\/sites\/10\/2026\/09\/vida_Symbolbild_mentale_Gesundheit-768x512.png",640,427,true],"large":["https:\/\/blog.vida.at\/pensionisten\/wp-content\/uploads\/sites\/10\/2026\/09\/vida_Symbolbild_mentale_Gesundheit-1024x683.png",640,427,true],"1536x1536":["https:\/\/blog.vida.at\/pensionisten\/wp-content\/uploads\/sites\/10\/2026\/09\/vida_Symbolbild_mentale_Gesundheit-1536x1024.png",1536,1024,true],"2048x2048":["https:\/\/blog.vida.at\/pensionisten\/wp-content\/uploads\/sites\/10\/2026\/09\/vida_Symbolbild_mentale_Gesundheit.png",1620,1080,false],"ab-block-post-grid-landscape":["https:\/\/blog.vida.at\/pensionisten\/wp-content\/uploads\/sites\/10\/2026\/09\/vida_Symbolbild_mentale_Gesundheit-600x400.png",600,400,true],"ab-block-post-grid-square":["https:\/\/blog.vida.at\/pensionisten\/wp-content\/uploads\/sites\/10\/2026\/09\/vida_Symbolbild_mentale_Gesundheit-600x600.png",600,600,true],"post-thumbnail":["https:\/\/blog.vida.at\/pensionisten\/wp-content\/uploads\/sites\/10\/2026\/09\/vida_Symbolbild_mentale_Gesundheit-1568x1045.png",1568,1045,true],"awb_sm":["https:\/\/blog.vida.at\/pensionisten\/wp-content\/uploads\/sites\/10\/2026\/09\/vida_Symbolbild_mentale_Gesundheit-500x333.png",500,333,true],"awb_md":["https:\/\/blog.vida.at\/pensionisten\/wp-content\/uploads\/sites\/10\/2026\/09\/vida_Symbolbild_mentale_Gesundheit-800x533.png",800,533,true],"awb_lg":["https:\/\/blog.vida.at\/pensionisten\/wp-content\/uploads\/sites\/10\/2026\/09\/vida_Symbolbild_mentale_Gesundheit-1280x853.png",1280,853,true],"awb_xl":["https:\/\/blog.vida.at\/pensionisten\/wp-content\/uploads\/sites\/10\/2026\/09\/vida_Symbolbild_mentale_Gesundheit.png",1620,1080,false]},"post_excerpt_stackable_v2":"<p>Ein &#8222;vidaH\u00f6ren&#8220;-Spezial \u00fcber mentale Gesundheit: Im Gespr\u00e4ch mit Expertin Barbara Zechmeister &#8211; in Kooperation mit der BVAEB &#8211; und viele Tipps f\u00fcr dich. H\u00f6re hier &#8222;vidaH\u00f6ren&#8220;Podcast-Episode mit Barbara Zechmeister \u00fcber mentale Gesundheit Mentale Gesundheit betrifft uns alle. Nicht nur dann, wenn es uns schlecht geht, sondern jeden Tag. Denn genauso wie unser K\u00f6rper braucht auch unsere Psyche Aufmerksamkeit und Pflege. In unserem Podcast \u201evidaH\u00f6ren\u201c spricht Expertin Barbara Zechmeister dar\u00fcber, wie wir unsere mentale Gesundheit im Alltag st\u00e4rken k\u00f6nnen, woran wir erkennen, dass die Psyche Unterst\u00fctzung braucht und warum es keine Schw\u00e4che ist, Hilfe anzunehmen. Im Gespr\u00e4ch stellt die Expertin au\u00dferdem&hellip;<\/p>\n","category_list_v2":"<a href=\"https:\/\/blog.vida.at\/pensionisten\/category\/aktuelles\/\" rel=\"category tag\">Aktuelles<\/a>, <a href=\"https:\/\/blog.vida.at\/pensionisten\/category\/allgemein\/\" rel=\"category tag\">Allgemein<\/a>, <a href=\"https:\/\/blog.vida.at\/pensionisten\/category\/gesundheitsangebote\/\" rel=\"category tag\">Gesundheitsangebote<\/a>, <a href=\"https:\/\/blog.vida.at\/pensionisten\/category\/top-aktuelles\/\" rel=\"category tag\">Top Aktuelles<\/a>","author_info_v2":{"name":"mariontobola","url":"https:\/\/blog.vida.at\/pensionisten\/author\/mariontobola\/"},"comments_num_v2":"0 comments","yoast_head":"<!-- This site is optimized with the Yoast SEO plugin v28.2 - https:\/\/yoast.com\/product\/yoast-seo-wordpress\/ -->\n<title>Gut f\u00fcr sich und die Seele sorgen<\/title>\n<meta name=\"robots\" content=\"index, follow, max-snippet:-1, max-image-preview:large, max-video-preview:-1\" \/>\n<link rel=\"canonical\" href=\"https:\/\/blog.vida.at\/pensionisten\/2026\/09\/03\/mentale-gesundheit-gut-fuer-sich-selbst-sorgen\/\" \/>\n<meta property=\"og:locale\" content=\"de_DE\" \/>\n<meta property=\"og:type\" content=\"article\" \/>\n<meta property=\"og:title\" content=\"Gut f\u00fcr sich und die Seele sorgen\" \/>\n<meta property=\"og:description\" content=\"Ein &#8222;vidaH\u00f6ren&#8220;-Spezial \u00fcber mentale Gesundheit: Im Gespr\u00e4ch mit Expertin Barbara Zechmeister &#8211; in Kooperation mit der BVAEB &#8211; und viele Tipps f\u00fcr dich.\" \/>\n<meta property=\"og:url\" content=\"https:\/\/blog.vida.at\/pensionisten\/2026\/09\/03\/mentale-gesundheit-gut-fuer-sich-selbst-sorgen\/\" \/>\n<meta property=\"og:site_name\" content=\"vida Pensionisten\" \/>\n<meta property=\"article:published_time\" content=\"2026-09-03T08:16:05+00:00\" \/>\n<meta property=\"article:modified_time\" content=\"2026-09-03T08:20:42+00:00\" \/>\n<meta property=\"og:image\" content=\"https:\/\/blog.vida.at\/pensionisten\/wp-content\/uploads\/sites\/10\/2026\/09\/vida_Symbolbild_mentale_Gesundheit.png\" \/>\n\t<meta property=\"og:image:width\" content=\"1620\" \/>\n\t<meta property=\"og:image:height\" content=\"1080\" \/>\n\t<meta property=\"og:image:type\" content=\"image\/png\" \/>\n<meta name=\"author\" content=\"mariontobola\" \/>\n<meta name=\"twitter:card\" content=\"summary_large_image\" \/>\n<meta name=\"twitter:label1\" content=\"Verfasst von\" \/>\n\t<meta name=\"twitter:data1\" content=\"mariontobola\" \/>\n\t<meta name=\"twitter:label2\" content=\"Gesch\u00e4tzte Lesezeit\" \/>\n\t<meta name=\"twitter:data2\" content=\"6\u00a0Minuten\" \/>\n<script type=\"application\/ld+json\" class=\"yoast-schema-graph\">{\"@context\":\"https:\\\/\\\/schema.org\",\"@graph\":[{\"@type\":\"Article\",\"@id\":\"https:\\\/\\\/blog.vida.at\\\/pensionisten\\\/2026\\\/09\\\/03\\\/mentale-gesundheit-gut-fuer-sich-selbst-sorgen\\\/#article\",\"isPartOf\":{\"@id\":\"https:\\\/\\\/blog.vida.at\\\/pensionisten\\\/2026\\\/09\\\/03\\\/mentale-gesundheit-gut-fuer-sich-selbst-sorgen\\\/\"},\"author\":{\"name\":\"mariontobola\",\"@id\":\"https:\\\/\\\/blog.vida.at\\\/pensionisten\\\/#\\\/schema\\\/person\\\/88cee3ee93b9afdc51c92f5f63f38b8a\"},\"headline\":\"Gut f\u00fcr sich und die Seele sorgen\",\"datePublished\":\"2026-09-03T08:16:05+00:00\",\"dateModified\":\"2026-09-03T08:20:42+00:00\",\"mainEntityOfPage\":{\"@id\":\"https:\\\/\\\/blog.vida.at\\\/pensionisten\\\/2026\\\/09\\\/03\\\/mentale-gesundheit-gut-fuer-sich-selbst-sorgen\\\/\"},\"wordCount\":910,\"commentCount\":0,\"image\":{\"@id\":\"https:\\\/\\\/blog.vida.at\\\/pensionisten\\\/2026\\\/09\\\/03\\\/mentale-gesundheit-gut-fuer-sich-selbst-sorgen\\\/#primaryimage\"},\"thumbnailUrl\":\"https:\\\/\\\/blog.vida.at\\\/pensionisten\\\/wp-content\\\/uploads\\\/sites\\\/10\\\/2026\\\/09\\\/vida_Symbolbild_mentale_Gesundheit.png\",\"articleSection\":{\"0\":\"Aktuelles\",\"2\":\"Gesundheitsangebote\",\"3\":\"Top Aktuelles\"},\"inLanguage\":\"de\",\"potentialAction\":[{\"@type\":\"CommentAction\",\"name\":\"Comment\",\"target\":[\"https:\\\/\\\/blog.vida.at\\\/pensionisten\\\/2026\\\/09\\\/03\\\/mentale-gesundheit-gut-fuer-sich-selbst-sorgen\\\/#respond\"]}]},{\"@type\":\"WebPage\",\"@id\":\"https:\\\/\\\/blog.vida.at\\\/pensionisten\\\/2026\\\/09\\\/03\\\/mentale-gesundheit-gut-fuer-sich-selbst-sorgen\\\/\",\"url\":\"https:\\\/\\\/blog.vida.at\\\/pensionisten\\\/2026\\\/09\\\/03\\\/mentale-gesundheit-gut-fuer-sich-selbst-sorgen\\\/\",\"name\":\"Gut f\u00fcr sich und die Seele sorgen\",\"isPartOf\":{\"@id\":\"https:\\\/\\\/blog.vida.at\\\/pensionisten\\\/#website\"},\"primaryImageOfPage\":{\"@id\":\"https:\\\/\\\/blog.vida.at\\\/pensionisten\\\/2026\\\/09\\\/03\\\/mentale-gesundheit-gut-fuer-sich-selbst-sorgen\\\/#primaryimage\"},\"image\":{\"@id\":\"https:\\\/\\\/blog.vida.at\\\/pensionisten\\\/2026\\\/09\\\/03\\\/mentale-gesundheit-gut-fuer-sich-selbst-sorgen\\\/#primaryimage\"},\"thumbnailUrl\":\"https:\\\/\\\/blog.vida.at\\\/pensionisten\\\/wp-content\\\/uploads\\\/sites\\\/10\\\/2026\\\/09\\\/vida_Symbolbild_mentale_Gesundheit.png\",\"datePublished\":\"2026-09-03T08:16:05+00:00\",\"dateModified\":\"2026-09-03T08:20:42+00:00\",\"author\":{\"@id\":\"https:\\\/\\\/blog.vida.at\\\/pensionisten\\\/#\\\/schema\\\/person\\\/88cee3ee93b9afdc51c92f5f63f38b8a\"},\"breadcrumb\":{\"@id\":\"https:\\\/\\\/blog.vida.at\\\/pensionisten\\\/2026\\\/09\\\/03\\\/mentale-gesundheit-gut-fuer-sich-selbst-sorgen\\\/#breadcrumb\"},\"inLanguage\":\"de\",\"potentialAction\":[{\"@type\":\"ReadAction\",\"target\":[\"https:\\\/\\\/blog.vida.at\\\/pensionisten\\\/2026\\\/09\\\/03\\\/mentale-gesundheit-gut-fuer-sich-selbst-sorgen\\\/\"]}]},{\"@type\":\"ImageObject\",\"inLanguage\":\"de\",\"@id\":\"https:\\\/\\\/blog.vida.at\\\/pensionisten\\\/2026\\\/09\\\/03\\\/mentale-gesundheit-gut-fuer-sich-selbst-sorgen\\\/#primaryimage\",\"url\":\"https:\\\/\\\/blog.vida.at\\\/pensionisten\\\/wp-content\\\/uploads\\\/sites\\\/10\\\/2026\\\/09\\\/vida_Symbolbild_mentale_Gesundheit.png\",\"contentUrl\":\"https:\\\/\\\/blog.vida.at\\\/pensionisten\\\/wp-content\\\/uploads\\\/sites\\\/10\\\/2026\\\/09\\\/vida_Symbolbild_mentale_Gesundheit.png\",\"width\":1620,\"height\":1080},{\"@type\":\"BreadcrumbList\",\"@id\":\"https:\\\/\\\/blog.vida.at\\\/pensionisten\\\/2026\\\/09\\\/03\\\/mentale-gesundheit-gut-fuer-sich-selbst-sorgen\\\/#breadcrumb\",\"itemListElement\":[{\"@type\":\"ListItem\",\"position\":1,\"name\":\"Startseite\",\"item\":\"https:\\\/\\\/blog.vida.at\\\/pensionisten\\\/\"},{\"@type\":\"ListItem\",\"position\":2,\"name\":\"Gut f\u00fcr sich und die Seele sorgen\"}]},{\"@type\":\"WebSite\",\"@id\":\"https:\\\/\\\/blog.vida.at\\\/pensionisten\\\/#website\",\"url\":\"https:\\\/\\\/blog.vida.at\\\/pensionisten\\\/\",\"name\":\"vida Pensionisten\",\"description\":\"\",\"potentialAction\":[{\"@type\":\"SearchAction\",\"target\":{\"@type\":\"EntryPoint\",\"urlTemplate\":\"https:\\\/\\\/blog.vida.at\\\/pensionisten\\\/?s={search_term_string}\"},\"query-input\":{\"@type\":\"PropertyValueSpecification\",\"valueRequired\":true,\"valueName\":\"search_term_string\"}}],\"inLanguage\":\"de\"},{\"@type\":\"Person\",\"@id\":\"https:\\\/\\\/blog.vida.at\\\/pensionisten\\\/#\\\/schema\\\/person\\\/88cee3ee93b9afdc51c92f5f63f38b8a\",\"name\":\"mariontobola\",\"image\":{\"@type\":\"ImageObject\",\"inLanguage\":\"de\",\"@id\":\"https:\\\/\\\/secure.gravatar.com\\\/avatar\\\/5d2c516985e4eda61bca05bd3b4359b4358135bd1e1a5b08c539e9cd1edd6528?s=96&d=mm&r=g\",\"url\":\"https:\\\/\\\/secure.gravatar.com\\\/avatar\\\/5d2c516985e4eda61bca05bd3b4359b4358135bd1e1a5b08c539e9cd1edd6528?s=96&d=mm&r=g\",\"contentUrl\":\"https:\\\/\\\/secure.gravatar.com\\\/avatar\\\/5d2c516985e4eda61bca05bd3b4359b4358135bd1e1a5b08c539e9cd1edd6528?s=96&d=mm&r=g\",\"caption\":\"mariontobola\"},\"url\":\"https:\\\/\\\/blog.vida.at\\\/pensionisten\\\/author\\\/mariontobola\\\/\"}]}<\/script>\n<!-- \/ Yoast SEO plugin. -->","yoast_head_json":{"title":"Gut f\u00fcr sich und die Seele sorgen","robots":{"index":"index","follow":"follow","max-snippet":"max-snippet:-1","max-image-preview":"max-image-preview:large","max-video-preview":"max-video-preview:-1"},"canonical":"https:\/\/blog.vida.at\/pensionisten\/2026\/09\/03\/mentale-gesundheit-gut-fuer-sich-selbst-sorgen\/","og_locale":"de_DE","og_type":"article","og_title":"Gut f\u00fcr sich und die Seele sorgen","og_description":"Ein &#8222;vidaH\u00f6ren&#8220;-Spezial \u00fcber mentale Gesundheit: Im Gespr\u00e4ch mit Expertin Barbara Zechmeister &#8211; in Kooperation mit der BVAEB &#8211; und viele Tipps f\u00fcr dich.","og_url":"https:\/\/blog.vida.at\/pensionisten\/2026\/09\/03\/mentale-gesundheit-gut-fuer-sich-selbst-sorgen\/","og_site_name":"vida Pensionisten","article_published_time":"2026-09-03T08:16:05+00:00","article_modified_time":"2026-09-03T08:20:42+00:00","og_image":[{"width":1620,"height":1080,"url":"https:\/\/blog.vida.at\/pensionisten\/wp-content\/uploads\/sites\/10\/2026\/09\/vida_Symbolbild_mentale_Gesundheit.png","type":"image\/png"}],"author":"mariontobola","twitter_card":"summary_large_image","twitter_misc":{"Verfasst von":"mariontobola","Gesch\u00e4tzte Lesezeit":"6\u00a0Minuten"},"schema":{"@context":"https:\/\/schema.org","@graph":[{"@type":"Article","@id":"https:\/\/blog.vida.at\/pensionisten\/2026\/09\/03\/mentale-gesundheit-gut-fuer-sich-selbst-sorgen\/#article","isPartOf":{"@id":"https:\/\/blog.vida.at\/pensionisten\/2026\/09\/03\/mentale-gesundheit-gut-fuer-sich-selbst-sorgen\/"},"author":{"name":"mariontobola","@id":"https:\/\/blog.vida.at\/pensionisten\/#\/schema\/person\/88cee3ee93b9afdc51c92f5f63f38b8a"},"headline":"Gut f\u00fcr sich und die Seele sorgen","datePublished":"2026-09-03T08:16:05+00:00","dateModified":"2026-09-03T08:20:42+00:00","mainEntityOfPage":{"@id":"https:\/\/blog.vida.at\/pensionisten\/2026\/09\/03\/mentale-gesundheit-gut-fuer-sich-selbst-sorgen\/"},"wordCount":910,"commentCount":0,"image":{"@id":"https:\/\/blog.vida.at\/pensionisten\/2026\/09\/03\/mentale-gesundheit-gut-fuer-sich-selbst-sorgen\/#primaryimage"},"thumbnailUrl":"https:\/\/blog.vida.at\/pensionisten\/wp-content\/uploads\/sites\/10\/2026\/09\/vida_Symbolbild_mentale_Gesundheit.png","articleSection":{"0":"Aktuelles","2":"Gesundheitsangebote","3":"Top Aktuelles"},"inLanguage":"de","potentialAction":[{"@type":"CommentAction","name":"Comment","target":["https:\/\/blog.vida.at\/pensionisten\/2026\/09\/03\/mentale-gesundheit-gut-fuer-sich-selbst-sorgen\/#respond"]}]},{"@type":"WebPage","@id":"https:\/\/blog.vida.at\/pensionisten\/2026\/09\/03\/mentale-gesundheit-gut-fuer-sich-selbst-sorgen\/","url":"https:\/\/blog.vida.at\/pensionisten\/2026\/09\/03\/mentale-gesundheit-gut-fuer-sich-selbst-sorgen\/","name":"Gut f\u00fcr sich und die Seele sorgen","isPartOf":{"@id":"https:\/\/blog.vida.at\/pensionisten\/#website"},"primaryImageOfPage":{"@id":"https:\/\/blog.vida.at\/pensionisten\/2026\/09\/03\/mentale-gesundheit-gut-fuer-sich-selbst-sorgen\/#primaryimage"},"image":{"@id":"https:\/\/blog.vida.at\/pensionisten\/2026\/09\/03\/mentale-gesundheit-gut-fuer-sich-selbst-sorgen\/#primaryimage"},"thumbnailUrl":"https:\/\/blog.vida.at\/pensionisten\/wp-content\/uploads\/sites\/10\/2026\/09\/vida_Symbolbild_mentale_Gesundheit.png","datePublished":"2026-09-03T08:16:05+00:00","dateModified":"2026-09-03T08:20:42+00:00","author":{"@id":"https:\/\/blog.vida.at\/pensionisten\/#\/schema\/person\/88cee3ee93b9afdc51c92f5f63f38b8a"},"breadcrumb":{"@id":"https:\/\/blog.vida.at\/pensionisten\/2026\/09\/03\/mentale-gesundheit-gut-fuer-sich-selbst-sorgen\/#breadcrumb"},"inLanguage":"de","potentialAction":[{"@type":"ReadAction","target":["https:\/\/blog.vida.at\/pensionisten\/2026\/09\/03\/mentale-gesundheit-gut-fuer-sich-selbst-sorgen\/"]}]},{"@type":"ImageObject","inLanguage":"de","@id":"https:\/\/blog.vida.at\/pensionisten\/2026\/09\/03\/mentale-gesundheit-gut-fuer-sich-selbst-sorgen\/#primaryimage","url":"https:\/\/blog.vida.at\/pensionisten\/wp-content\/uploads\/sites\/10\/2026\/09\/vida_Symbolbild_mentale_Gesundheit.png","contentUrl":"https:\/\/blog.vida.at\/pensionisten\/wp-content\/uploads\/sites\/10\/2026\/09\/vida_Symbolbild_mentale_Gesundheit.png","width":1620,"height":1080},{"@type":"BreadcrumbList","@id":"https:\/\/blog.vida.at\/pensionisten\/2026\/09\/03\/mentale-gesundheit-gut-fuer-sich-selbst-sorgen\/#breadcrumb","itemListElement":[{"@type":"ListItem","position":1,"name":"Startseite","item":"https:\/\/blog.vida.at\/pensionisten\/"},{"@type":"ListItem","position":2,"name":"Gut f\u00fcr sich und die Seele sorgen"}]},{"@type":"WebSite","@id":"https:\/\/blog.vida.at\/pensionisten\/#website","url":"https:\/\/blog.vida.at\/pensionisten\/","name":"vida Pensionisten","description":"","potentialAction":[{"@type":"SearchAction","target":{"@type":"EntryPoint","urlTemplate":"https:\/\/blog.vida.at\/pensionisten\/?s={search_term_string}"},"query-input":{"@type":"PropertyValueSpecification","valueRequired":true,"valueName":"search_term_string"}}],"inLanguage":"de"},{"@type":"Person","@id":"https:\/\/blog.vida.at\/pensionisten\/#\/schema\/person\/88cee3ee93b9afdc51c92f5f63f38b8a","name":"mariontobola","image":{"@type":"ImageObject","inLanguage":"de","@id":"https:\/\/secure.gravatar.com\/avatar\/5d2c516985e4eda61bca05bd3b4359b4358135bd1e1a5b08c539e9cd1edd6528?s=96&d=mm&r=g","url":"https:\/\/secure.gravatar.com\/avatar\/5d2c516985e4eda61bca05bd3b4359b4358135bd1e1a5b08c539e9cd1edd6528?s=96&d=mm&r=g","contentUrl":"https:\/\/secure.gravatar.com\/avatar\/5d2c516985e4eda61bca05bd3b4359b4358135bd1e1a5b08c539e9cd1edd6528?s=96&d=mm&r=g","caption":"mariontobola"},"url":"https:\/\/blog.vida.at\/pensionisten\/author\/mariontobola\/"}]}},"author_meta":{"display_name":"mariontobola","author_link":"https:\/\/blog.vida.at\/pensionisten\/author\/mariontobola\/"},"featured_img":"https:\/\/blog.vida.at\/pensionisten\/wp-content\/uploads\/sites\/10\/2026\/09\/vida_Symbolbild_mentale_Gesundheit-300x200.png","featured_image_src":"https:\/\/blog.vida.at\/pensionisten\/wp-content\/uploads\/sites\/10\/2026\/09\/vida_Symbolbild_mentale_Gesundheit-600x400.png","featured_image_src_square":"https:\/\/blog.vida.at\/pensionisten\/wp-content\/uploads\/sites\/10\/2026\/09\/vida_Symbolbild_mentale_Gesundheit-600x600.png","uagb_featured_image_src":{"full":["https:\/\/blog.vida.at\/pensionisten\/wp-content\/uploads\/sites\/10\/2026\/09\/vida_Symbolbild_mentale_Gesundheit.png",1620,1080,false],"thumbnail":["https:\/\/blog.vida.at\/pensionisten\/wp-content\/uploads\/sites\/10\/2026\/09\/vida_Symbolbild_mentale_Gesundheit-150x150.png",150,150,true],"medium":["https:\/\/blog.vida.at\/pensionisten\/wp-content\/uploads\/sites\/10\/2026\/09\/vida_Symbolbild_mentale_Gesundheit-300x200.png",300,200,true],"medium_large":["https:\/\/blog.vida.at\/pensionisten\/wp-content\/uploads\/sites\/10\/2026\/09\/vida_Symbolbild_mentale_Gesundheit-768x512.png",640,427,true],"large":["https:\/\/blog.vida.at\/pensionisten\/wp-content\/uploads\/sites\/10\/2026\/09\/vida_Symbolbild_mentale_Gesundheit-1024x683.png",640,427,true],"1536x1536":["https:\/\/blog.vida.at\/pensionisten\/wp-content\/uploads\/sites\/10\/2026\/09\/vida_Symbolbild_mentale_Gesundheit-1536x1024.png",1536,1024,true],"2048x2048":["https:\/\/blog.vida.at\/pensionisten\/wp-content\/uploads\/sites\/10\/2026\/09\/vida_Symbolbild_mentale_Gesundheit.png",1620,1080,false],"ab-block-post-grid-landscape":["https:\/\/blog.vida.at\/pensionisten\/wp-content\/uploads\/sites\/10\/2026\/09\/vida_Symbolbild_mentale_Gesundheit-600x400.png",600,400,true],"ab-block-post-grid-square":["https:\/\/blog.vida.at\/pensionisten\/wp-content\/uploads\/sites\/10\/2026\/09\/vida_Symbolbild_mentale_Gesundheit-600x600.png",600,600,true],"post-thumbnail":["https:\/\/blog.vida.at\/pensionisten\/wp-content\/uploads\/sites\/10\/2026\/09\/vida_Symbolbild_mentale_Gesundheit-1568x1045.png",1568,1045,true],"awb_sm":["https:\/\/blog.vida.at\/pensionisten\/wp-content\/uploads\/sites\/10\/2026\/09\/vida_Symbolbild_mentale_Gesundheit-500x333.png",500,333,true],"awb_md":["https:\/\/blog.vida.at\/pensionisten\/wp-content\/uploads\/sites\/10\/2026\/09\/vida_Symbolbild_mentale_Gesundheit-800x533.png",800,533,true],"awb_lg":["https:\/\/blog.vida.at\/pensionisten\/wp-content\/uploads\/sites\/10\/2026\/09\/vida_Symbolbild_mentale_Gesundheit-1280x853.png",1280,853,true],"awb_xl":["https:\/\/blog.vida.at\/pensionisten\/wp-content\/uploads\/sites\/10\/2026\/09\/vida_Symbolbild_mentale_Gesundheit.png",1620,1080,false]},"uagb_author_info":{"display_name":"mariontobola","author_link":"https:\/\/blog.vida.at\/pensionisten\/author\/mariontobola\/"},"uagb_comment_info":0,"uagb_excerpt":"Ein &#8222;vidaH\u00f6ren&#8220;-Spezial \u00fcber mentale Gesundheit: Im Gespr\u00e4ch mit Expertin Barbara Zechmeister &#8211; in Kooperation mit der BVAEB &#8211; und viele Tipps f\u00fcr dich.","coauthors":[],"tax_additional":{"categories":{"linked":["<a href=\"https:\/\/blog.vida.at\/pensionisten\/category\/aktuelles\/\" class=\"advgb-post-tax-term\">Aktuelles<\/a>","<a href=\"https:\/\/blog.vida.at\/pensionisten\/category\/allgemein\/\" class=\"advgb-post-tax-term\">Allgemein<\/a>","<a href=\"https:\/\/blog.vida.at\/pensionisten\/category\/gesundheitsangebote\/\" class=\"advgb-post-tax-term\">Gesundheitsangebote<\/a>","<a href=\"https:\/\/blog.vida.at\/pensionisten\/category\/top-aktuelles\/\" class=\"advgb-post-tax-term\">Top Aktuelles<\/a>"],"unlinked":["<span class=\"advgb-post-tax-term\">Aktuelles<\/span>","<span class=\"advgb-post-tax-term\">Allgemein<\/span>","<span class=\"advgb-post-tax-term\">Gesundheitsangebote<\/span>","<span class=\"advgb-post-tax-term\">Top Aktuelles<\/span>"]}},"comment_count":"0","relative_dates":{"created":"Ver\u00f6ffentlicht 6\u00a0Stunden vor","modified":"Aktualisiert 6\u00a0Stunden vor"},"absolute_dates":{"created":"Ver\u00f6ffentlicht am 3. September 2026","modified":"Aktualisiert am 3. September 2026"},"absolute_dates_time":{"created":"Ver\u00f6ffentlicht am 3. September 2026 10:16","modified":"Aktualisiert am 3. September 2026 10:20"},"featured_img_caption":"","series_order":"","_links":{"self":[{"href":"https:\/\/blog.vida.at\/pensionisten\/wp-json\/wp\/v2\/posts\/13930","targetHints":{"allow":["GET"]}}],"collection":[{"href":"https:\/\/blog.vida.at\/pensionisten\/wp-json\/wp\/v2\/posts"}],"about":[{"href":"https:\/\/blog.vida.at\/pensionisten\/wp-json\/wp\/v2\/types\/post"}],"author":[{"embeddable":true,"href":"https:\/\/blog.vida.at\/pensionisten\/wp-json\/wp\/v2\/users\/8"}],"replies":[{"embeddable":true,"href":"https:\/\/blog.vida.at\/pensionisten\/wp-json\/wp\/v2\/comments?post=13930"}],"version-history":[{"count":7,"href":"https:\/\/blog.vida.at\/pensionisten\/wp-json\/wp\/v2\/posts\/13930\/revisions"}],"predecessor-version":[{"id":13942,"href":"https:\/\/blog.vida.at\/pensionisten\/wp-json\/wp\/v2\/posts\/13930\/revisions\/13942"}],"wp:featuredmedia":[{"embeddable":true,"href":"https:\/\/blog.vida.at\/pensionisten\/wp-json\/wp\/v2\/media\/13934"}],"wp:attachment":[{"href":"https:\/\/blog.vida.at\/pensionisten\/wp-json\/wp\/v2\/media?parent=13930"}],"wp:term":[{"taxonomy":"category","embeddable":true,"href":"https:\/\/blog.vida.at\/pensionisten\/wp-json\/wp\/v2\/categories?post=13930"},{"taxonomy":"post_tag","embeddable":true,"href":"https:\/\/blog.vida.at\/pensionisten\/wp-json\/wp\/v2\/tags?post=13930"},{"taxonomy":"Orte","embeddable":true,"href":"https:\/\/blog.vida.at\/pensionisten\/wp-json\/wp\/v2\/Orte?post=13930"},{"taxonomy":"activitytype","embeddable":true,"href":"https:\/\/blog.vida.at\/pensionisten\/wp-json\/wp\/v2\/activitytype?post=13930"}],"curies":[{"name":"wp","href":"https:\/\/api.w.org\/{rel}","templated":true}]}}