
{"id":1730,"date":"2020-12-07T15:44:35","date_gmt":"2020-12-07T14:44:35","guid":{"rendered":"https:\/\/blog.vida.at\/pensionisten\/?p=1730"},"modified":"2020-12-07T15:46:23","modified_gmt":"2020-12-07T14:46:23","slug":"frohe-festtage","status":"publish","type":"post","link":"https:\/\/blog.vida.at\/pensionisten\/2020\/12\/07\/frohe-festtage\/","title":{"rendered":"Frohe Festtage"},"content":{"rendered":"\n<div class=\"wp-block-group Container\"><div class=\"wp-block-group__inner-container is-layout-flow wp-block-group-is-layout-flow\">\n<h4 class=\"wp-block-heading\"><br><strong>Journaldienst der Gewerkschaft vida zu den Feiertagen<\/strong><\/h4>\n\n\n\n<p>vida w\u00fcnscht sch\u00f6ne und erholsame Weihnachten und ein gutes neues Jahr!<br><\/p>\n\n\n\n<!--more-->\n\n\n\n<p class=\"has-text-align-center\"><strong>Wir danken allen vida-Mitgliedern und Betriebsr\u00e4tInnen f\u00fcr das Engagement und die Treue.\u00a0<\/strong><br>Damit wir uns auch n\u00e4chstes Jahr wieder mit voller Kraft f\u00fcr unsere Mitglieder einsetzen k\u00f6nnen, nutzen wir die ruhige Zeit des Jahres f\u00fcr einen Betriebsurlaub vom 21. Dezember\u00a0bis inklusive 8. J\u00e4nner 2021<br><br>F\u00fcr Notf\u00e4lle ist an Werktagen unter der Telefonnummer<br>01\/53444 79 ein Journaldienst eingerichtet.<\/p>\n\n\n\n<p><br><\/p>\n\n\n\n<p><\/p>\n\n\n\n<p><\/p>\n<\/div><\/div>\n","protected":false},"excerpt":{"rendered":"<p>Journaldienst der Gewerkschaft vida zu den Feiertagen vida w\u00fcnscht sch\u00f6ne und erholsame Weihnachten und ein gutes neues Jahr!<\/p>\n","protected":false},"author":5,"featured_media":1732,"comment_status":"open","ping_status":"open","sticky":false,"template":"","format":"standard","meta":{"_uag_custom_page_level_css":"","advgb_blocks_editor_width":"","advgb_blocks_columns_visual_guide":"","footnotes":""},"categories":[4,1],"tags":[],"Orte":[],"activitytype":[],"class_list":["post-1730","post","type-post","status-publish","format-standard","has-post-thumbnail","hentry","category-aktuelles","category-allgemein","entry"],"featured_image_urls":{"full":["https:\/\/blog.vida.at\/pensionisten\/wp-content\/uploads\/sites\/10\/2020\/12\/xmas2021.jpg",604,405,false],"thumbnail":["https:\/\/blog.vida.at\/pensionisten\/wp-content\/uploads\/sites\/10\/2020\/12\/xmas2021-150x150.jpg",150,150,true],"medium":["https:\/\/blog.vida.at\/pensionisten\/wp-content\/uploads\/sites\/10\/2020\/12\/xmas2021-300x201.jpg",300,201,true],"medium_large":["https:\/\/blog.vida.at\/pensionisten\/wp-content\/uploads\/sites\/10\/2020\/12\/xmas2021.jpg",604,405,false],"large":["https:\/\/blog.vida.at\/pensionisten\/wp-content\/uploads\/sites\/10\/2020\/12\/xmas2021.jpg",604,405,false],"1536x1536":["https:\/\/blog.vida.at\/pensionisten\/wp-content\/uploads\/sites\/10\/2020\/12\/xmas2021.jpg",604,405,false],"2048x2048":["https:\/\/blog.vida.at\/pensionisten\/wp-content\/uploads\/sites\/10\/2020\/12\/xmas2021.jpg",604,405,false],"ab-block-post-grid-landscape":["https:\/\/blog.vida.at\/pensionisten\/wp-content\/uploads\/sites\/10\/2020\/12\/xmas2021-600x400.jpg",600,400,true],"ab-block-post-grid-square":["https:\/\/blog.vida.at\/pensionisten\/wp-content\/uploads\/sites\/10\/2020\/12\/xmas2021-600x405.jpg",600,405,true],"post-thumbnail":["https:\/\/blog.vida.at\/pensionisten\/wp-content\/uploads\/sites\/10\/2020\/12\/xmas2021.jpg",604,405,false],"awb_sm":["https:\/\/blog.vida.at\/pensionisten\/wp-content\/uploads\/sites\/10\/2020\/12\/xmas2021-500x335.jpg",500,335,true],"awb_md":["https:\/\/blog.vida.at\/pensionisten\/wp-content\/uploads\/sites\/10\/2020\/12\/xmas2021.jpg",604,405,false],"awb_lg":["https:\/\/blog.vida.at\/pensionisten\/wp-content\/uploads\/sites\/10\/2020\/12\/xmas2021.jpg",604,405,false],"awb_xl":["https:\/\/blog.vida.at\/pensionisten\/wp-content\/uploads\/sites\/10\/2020\/12\/xmas2021.jpg",604,405,false]},"post_excerpt_stackable":"<p>Journaldienst der Gewerkschaft vida zu den Feiertagen vida w\u00fcnscht sch\u00f6ne und erholsame Weihnachten und ein gutes neues Jahr! Wir danken allen vida-Mitgliedern und Betriebsr\u00e4tInnen f\u00fcr das Engagement und die Treue.\u00a0Damit wir uns auch n\u00e4chstes Jahr wieder mit voller Kraft f\u00fcr unsere Mitglieder einsetzen k\u00f6nnen, nutzen wir die ruhige Zeit des Jahres f\u00fcr einen Betriebsurlaub vom 21. Dezember\u00a0bis inklusive 8. J\u00e4nner 2021F\u00fcr Notf\u00e4lle ist an Werktagen unter der Telefonnummer01\/53444 79 ein Journaldienst eingerichtet.<\/p>\n","category_list":"<a href=\"https:\/\/blog.vida.at\/pensionisten\/category\/aktuelles\/\" rel=\"category tag\">Aktuelles<\/a>, <a href=\"https:\/\/blog.vida.at\/pensionisten\/category\/allgemein\/\" rel=\"category tag\">Allgemein<\/a>","author_info":{"display_name":"michaelafeik","author_link":"https:\/\/blog.vida.at\/pensionisten\/author\/michaelafeik\/"},"comments_num":"0 comments","featured_image_urls_v2":{"full":["https:\/\/blog.vida.at\/pensionisten\/wp-content\/uploads\/sites\/10\/2020\/12\/xmas2021.jpg",604,405,false],"thumbnail":["https:\/\/blog.vida.at\/pensionisten\/wp-content\/uploads\/sites\/10\/2020\/12\/xmas2021-150x150.jpg",150,150,true],"medium":["https:\/\/blog.vida.at\/pensionisten\/wp-content\/uploads\/sites\/10\/2020\/12\/xmas2021-300x201.jpg",300,201,true],"medium_large":["https:\/\/blog.vida.at\/pensionisten\/wp-content\/uploads\/sites\/10\/2020\/12\/xmas2021.jpg",604,405,false],"large":["https:\/\/blog.vida.at\/pensionisten\/wp-content\/uploads\/sites\/10\/2020\/12\/xmas2021.jpg",604,405,false],"1536x1536":["https:\/\/blog.vida.at\/pensionisten\/wp-content\/uploads\/sites\/10\/2020\/12\/xmas2021.jpg",604,405,false],"2048x2048":["https:\/\/blog.vida.at\/pensionisten\/wp-content\/uploads\/sites\/10\/2020\/12\/xmas2021.jpg",604,405,false],"ab-block-post-grid-landscape":["https:\/\/blog.vida.at\/pensionisten\/wp-content\/uploads\/sites\/10\/2020\/12\/xmas2021-600x400.jpg",600,400,true],"ab-block-post-grid-square":["https:\/\/blog.vida.at\/pensionisten\/wp-content\/uploads\/sites\/10\/2020\/12\/xmas2021-600x405.jpg",600,405,true],"post-thumbnail":["https:\/\/blog.vida.at\/pensionisten\/wp-content\/uploads\/sites\/10\/2020\/12\/xmas2021.jpg",604,405,false],"awb_sm":["https:\/\/blog.vida.at\/pensionisten\/wp-content\/uploads\/sites\/10\/2020\/12\/xmas2021-500x335.jpg",500,335,true],"awb_md":["https:\/\/blog.vida.at\/pensionisten\/wp-content\/uploads\/sites\/10\/2020\/12\/xmas2021.jpg",604,405,false],"awb_lg":["https:\/\/blog.vida.at\/pensionisten\/wp-content\/uploads\/sites\/10\/2020\/12\/xmas2021.jpg",604,405,false],"awb_xl":["https:\/\/blog.vida.at\/pensionisten\/wp-content\/uploads\/sites\/10\/2020\/12\/xmas2021.jpg",604,405,false]},"post_excerpt_stackable_v2":"<p>Journaldienst der Gewerkschaft vida zu den Feiertagen vida w\u00fcnscht sch\u00f6ne und erholsame Weihnachten und ein gutes neues Jahr! Wir danken allen vida-Mitgliedern und Betriebsr\u00e4tInnen f\u00fcr das Engagement und die Treue.\u00a0Damit wir uns auch n\u00e4chstes Jahr wieder mit voller Kraft f\u00fcr unsere Mitglieder einsetzen k\u00f6nnen, nutzen wir die ruhige Zeit des Jahres f\u00fcr einen Betriebsurlaub vom 21. Dezember\u00a0bis inklusive 8. J\u00e4nner 2021F\u00fcr Notf\u00e4lle ist an Werktagen unter der Telefonnummer01\/53444 79 ein Journaldienst eingerichtet.<\/p>\n","category_list_v2":"<a href=\"https:\/\/blog.vida.at\/pensionisten\/category\/aktuelles\/\" rel=\"category tag\">Aktuelles<\/a>, <a href=\"https:\/\/blog.vida.at\/pensionisten\/category\/allgemein\/\" rel=\"category tag\">Allgemein<\/a>","author_info_v2":{"name":"michaelafeik","url":"https:\/\/blog.vida.at\/pensionisten\/author\/michaelafeik\/"},"comments_num_v2":"0 comments","yoast_head":"<!-- This site is optimized with the Yoast SEO plugin v27.3 - https:\/\/yoast.com\/product\/yoast-seo-wordpress\/ -->\n<title>Frohe Festtage<\/title>\n<meta name=\"robots\" content=\"index, follow, max-snippet:-1, max-image-preview:large, max-video-preview:-1\" \/>\n<link rel=\"canonical\" href=\"https:\/\/blog.vida.at\/pensionisten\/2020\/12\/07\/frohe-festtage\/\" \/>\n<meta property=\"og:locale\" content=\"de_DE\" \/>\n<meta property=\"og:type\" content=\"article\" \/>\n<meta property=\"og:title\" content=\"Frohe Festtage\" \/>\n<meta property=\"og:description\" content=\"Journaldienst der Gewerkschaft vida zu den Feiertagen vida w\u00fcnscht sch\u00f6ne und erholsame Weihnachten und ein gutes neues Jahr!\" \/>\n<meta property=\"og:url\" content=\"https:\/\/blog.vida.at\/pensionisten\/2020\/12\/07\/frohe-festtage\/\" \/>\n<meta property=\"og:site_name\" content=\"vida Pensionisten\" \/>\n<meta property=\"article:published_time\" content=\"2020-12-07T14:44:35+00:00\" \/>\n<meta property=\"article:modified_time\" content=\"2020-12-07T14:46:23+00:00\" \/>\n<meta property=\"og:image\" content=\"https:\/\/blog.vida.at\/pensionisten\/wp-content\/uploads\/sites\/10\/2020\/12\/xmas2021.jpg\" \/>\n\t<meta property=\"og:image:width\" content=\"604\" \/>\n\t<meta property=\"og:image:height\" content=\"405\" \/>\n\t<meta property=\"og:image:type\" content=\"image\/jpeg\" \/>\n<meta name=\"author\" content=\"michaelafeik\" \/>\n<meta name=\"twitter:card\" content=\"summary_large_image\" \/>\n<meta name=\"twitter:label1\" content=\"Verfasst von\" \/>\n\t<meta name=\"twitter:data1\" content=\"michaelafeik\" \/>\n<script type=\"application\/ld+json\" class=\"yoast-schema-graph\">{\"@context\":\"https:\\\/\\\/schema.org\",\"@graph\":[{\"@type\":\"Article\",\"@id\":\"https:\\\/\\\/blog.vida.at\\\/pensionisten\\\/2020\\\/12\\\/07\\\/frohe-festtage\\\/#article\",\"isPartOf\":{\"@id\":\"https:\\\/\\\/blog.vida.at\\\/pensionisten\\\/2020\\\/12\\\/07\\\/frohe-festtage\\\/\"},\"author\":{\"name\":\"michaelafeik\",\"@id\":\"https:\\\/\\\/blog.vida.at\\\/pensionisten\\\/#\\\/schema\\\/person\\\/2cea9cf3d58cf9334410ed5d6feb8a56\"},\"headline\":\"Frohe Festtage\",\"datePublished\":\"2020-12-07T14:44:35+00:00\",\"dateModified\":\"2020-12-07T14:46:23+00:00\",\"mainEntityOfPage\":{\"@id\":\"https:\\\/\\\/blog.vida.at\\\/pensionisten\\\/2020\\\/12\\\/07\\\/frohe-festtage\\\/\"},\"wordCount\":84,\"commentCount\":0,\"image\":{\"@id\":\"https:\\\/\\\/blog.vida.at\\\/pensionisten\\\/2020\\\/12\\\/07\\\/frohe-festtage\\\/#primaryimage\"},\"thumbnailUrl\":\"https:\\\/\\\/blog.vida.at\\\/pensionisten\\\/wp-content\\\/uploads\\\/sites\\\/10\\\/2020\\\/12\\\/xmas2021.jpg\",\"articleSection\":[\"Aktuelles\"],\"inLanguage\":\"de\",\"potentialAction\":[{\"@type\":\"CommentAction\",\"name\":\"Comment\",\"target\":[\"https:\\\/\\\/blog.vida.at\\\/pensionisten\\\/2020\\\/12\\\/07\\\/frohe-festtage\\\/#respond\"]}]},{\"@type\":\"WebPage\",\"@id\":\"https:\\\/\\\/blog.vida.at\\\/pensionisten\\\/2020\\\/12\\\/07\\\/frohe-festtage\\\/\",\"url\":\"https:\\\/\\\/blog.vida.at\\\/pensionisten\\\/2020\\\/12\\\/07\\\/frohe-festtage\\\/\",\"name\":\"Frohe Festtage\",\"isPartOf\":{\"@id\":\"https:\\\/\\\/blog.vida.at\\\/pensionisten\\\/#website\"},\"primaryImageOfPage\":{\"@id\":\"https:\\\/\\\/blog.vida.at\\\/pensionisten\\\/2020\\\/12\\\/07\\\/frohe-festtage\\\/#primaryimage\"},\"image\":{\"@id\":\"https:\\\/\\\/blog.vida.at\\\/pensionisten\\\/2020\\\/12\\\/07\\\/frohe-festtage\\\/#primaryimage\"},\"thumbnailUrl\":\"https:\\\/\\\/blog.vida.at\\\/pensionisten\\\/wp-content\\\/uploads\\\/sites\\\/10\\\/2020\\\/12\\\/xmas2021.jpg\",\"datePublished\":\"2020-12-07T14:44:35+00:00\",\"dateModified\":\"2020-12-07T14:46:23+00:00\",\"author\":{\"@id\":\"https:\\\/\\\/blog.vida.at\\\/pensionisten\\\/#\\\/schema\\\/person\\\/2cea9cf3d58cf9334410ed5d6feb8a56\"},\"breadcrumb\":{\"@id\":\"https:\\\/\\\/blog.vida.at\\\/pensionisten\\\/2020\\\/12\\\/07\\\/frohe-festtage\\\/#breadcrumb\"},\"inLanguage\":\"de\",\"potentialAction\":[{\"@type\":\"ReadAction\",\"target\":[\"https:\\\/\\\/blog.vida.at\\\/pensionisten\\\/2020\\\/12\\\/07\\\/frohe-festtage\\\/\"]}]},{\"@type\":\"ImageObject\",\"inLanguage\":\"de\",\"@id\":\"https:\\\/\\\/blog.vida.at\\\/pensionisten\\\/2020\\\/12\\\/07\\\/frohe-festtage\\\/#primaryimage\",\"url\":\"https:\\\/\\\/blog.vida.at\\\/pensionisten\\\/wp-content\\\/uploads\\\/sites\\\/10\\\/2020\\\/12\\\/xmas2021.jpg\",\"contentUrl\":\"https:\\\/\\\/blog.vida.at\\\/pensionisten\\\/wp-content\\\/uploads\\\/sites\\\/10\\\/2020\\\/12\\\/xmas2021.jpg\",\"width\":604,\"height\":405},{\"@type\":\"BreadcrumbList\",\"@id\":\"https:\\\/\\\/blog.vida.at\\\/pensionisten\\\/2020\\\/12\\\/07\\\/frohe-festtage\\\/#breadcrumb\",\"itemListElement\":[{\"@type\":\"ListItem\",\"position\":1,\"name\":\"Startseite\",\"item\":\"https:\\\/\\\/blog.vida.at\\\/pensionisten\\\/\"},{\"@type\":\"ListItem\",\"position\":2,\"name\":\"Frohe Festtage\"}]},{\"@type\":\"WebSite\",\"@id\":\"https:\\\/\\\/blog.vida.at\\\/pensionisten\\\/#website\",\"url\":\"https:\\\/\\\/blog.vida.at\\\/pensionisten\\\/\",\"name\":\"vida Pensionisten\",\"description\":\"\",\"potentialAction\":[{\"@type\":\"SearchAction\",\"target\":{\"@type\":\"EntryPoint\",\"urlTemplate\":\"https:\\\/\\\/blog.vida.at\\\/pensionisten\\\/?s={search_term_string}\"},\"query-input\":{\"@type\":\"PropertyValueSpecification\",\"valueRequired\":true,\"valueName\":\"search_term_string\"}}],\"inLanguage\":\"de\"},{\"@type\":\"Person\",\"@id\":\"https:\\\/\\\/blog.vida.at\\\/pensionisten\\\/#\\\/schema\\\/person\\\/2cea9cf3d58cf9334410ed5d6feb8a56\",\"name\":\"michaelafeik\",\"image\":{\"@type\":\"ImageObject\",\"inLanguage\":\"de\",\"@id\":\"https:\\\/\\\/secure.gravatar.com\\\/avatar\\\/03d8da787452696abe6f1e2aedabdf17f0d62a0779c9ed004162282155b35ea3?s=96&d=mm&r=g\",\"url\":\"https:\\\/\\\/secure.gravatar.com\\\/avatar\\\/03d8da787452696abe6f1e2aedabdf17f0d62a0779c9ed004162282155b35ea3?s=96&d=mm&r=g\",\"contentUrl\":\"https:\\\/\\\/secure.gravatar.com\\\/avatar\\\/03d8da787452696abe6f1e2aedabdf17f0d62a0779c9ed004162282155b35ea3?s=96&d=mm&r=g\",\"caption\":\"michaelafeik\"},\"url\":\"https:\\\/\\\/blog.vida.at\\\/pensionisten\\\/author\\\/michaelafeik\\\/\"}]}<\/script>\n<!-- \/ Yoast SEO plugin. -->","yoast_head_json":{"title":"Frohe Festtage","robots":{"index":"index","follow":"follow","max-snippet":"max-snippet:-1","max-image-preview":"max-image-preview:large","max-video-preview":"max-video-preview:-1"},"canonical":"https:\/\/blog.vida.at\/pensionisten\/2020\/12\/07\/frohe-festtage\/","og_locale":"de_DE","og_type":"article","og_title":"Frohe Festtage","og_description":"Journaldienst der Gewerkschaft vida zu den Feiertagen vida w\u00fcnscht sch\u00f6ne und erholsame Weihnachten und ein gutes neues Jahr!","og_url":"https:\/\/blog.vida.at\/pensionisten\/2020\/12\/07\/frohe-festtage\/","og_site_name":"vida Pensionisten","article_published_time":"2020-12-07T14:44:35+00:00","article_modified_time":"2020-12-07T14:46:23+00:00","og_image":[{"width":604,"height":405,"url":"https:\/\/blog.vida.at\/pensionisten\/wp-content\/uploads\/sites\/10\/2020\/12\/xmas2021.jpg","type":"image\/jpeg"}],"author":"michaelafeik","twitter_card":"summary_large_image","twitter_misc":{"Verfasst von":"michaelafeik"},"schema":{"@context":"https:\/\/schema.org","@graph":[{"@type":"Article","@id":"https:\/\/blog.vida.at\/pensionisten\/2020\/12\/07\/frohe-festtage\/#article","isPartOf":{"@id":"https:\/\/blog.vida.at\/pensionisten\/2020\/12\/07\/frohe-festtage\/"},"author":{"name":"michaelafeik","@id":"https:\/\/blog.vida.at\/pensionisten\/#\/schema\/person\/2cea9cf3d58cf9334410ed5d6feb8a56"},"headline":"Frohe Festtage","datePublished":"2020-12-07T14:44:35+00:00","dateModified":"2020-12-07T14:46:23+00:00","mainEntityOfPage":{"@id":"https:\/\/blog.vida.at\/pensionisten\/2020\/12\/07\/frohe-festtage\/"},"wordCount":84,"commentCount":0,"image":{"@id":"https:\/\/blog.vida.at\/pensionisten\/2020\/12\/07\/frohe-festtage\/#primaryimage"},"thumbnailUrl":"https:\/\/blog.vida.at\/pensionisten\/wp-content\/uploads\/sites\/10\/2020\/12\/xmas2021.jpg","articleSection":["Aktuelles"],"inLanguage":"de","potentialAction":[{"@type":"CommentAction","name":"Comment","target":["https:\/\/blog.vida.at\/pensionisten\/2020\/12\/07\/frohe-festtage\/#respond"]}]},{"@type":"WebPage","@id":"https:\/\/blog.vida.at\/pensionisten\/2020\/12\/07\/frohe-festtage\/","url":"https:\/\/blog.vida.at\/pensionisten\/2020\/12\/07\/frohe-festtage\/","name":"Frohe Festtage","isPartOf":{"@id":"https:\/\/blog.vida.at\/pensionisten\/#website"},"primaryImageOfPage":{"@id":"https:\/\/blog.vida.at\/pensionisten\/2020\/12\/07\/frohe-festtage\/#primaryimage"},"image":{"@id":"https:\/\/blog.vida.at\/pensionisten\/2020\/12\/07\/frohe-festtage\/#primaryimage"},"thumbnailUrl":"https:\/\/blog.vida.at\/pensionisten\/wp-content\/uploads\/sites\/10\/2020\/12\/xmas2021.jpg","datePublished":"2020-12-07T14:44:35+00:00","dateModified":"2020-12-07T14:46:23+00:00","author":{"@id":"https:\/\/blog.vida.at\/pensionisten\/#\/schema\/person\/2cea9cf3d58cf9334410ed5d6feb8a56"},"breadcrumb":{"@id":"https:\/\/blog.vida.at\/pensionisten\/2020\/12\/07\/frohe-festtage\/#breadcrumb"},"inLanguage":"de","potentialAction":[{"@type":"ReadAction","target":["https:\/\/blog.vida.at\/pensionisten\/2020\/12\/07\/frohe-festtage\/"]}]},{"@type":"ImageObject","inLanguage":"de","@id":"https:\/\/blog.vida.at\/pensionisten\/2020\/12\/07\/frohe-festtage\/#primaryimage","url":"https:\/\/blog.vida.at\/pensionisten\/wp-content\/uploads\/sites\/10\/2020\/12\/xmas2021.jpg","contentUrl":"https:\/\/blog.vida.at\/pensionisten\/wp-content\/uploads\/sites\/10\/2020\/12\/xmas2021.jpg","width":604,"height":405},{"@type":"BreadcrumbList","@id":"https:\/\/blog.vida.at\/pensionisten\/2020\/12\/07\/frohe-festtage\/#breadcrumb","itemListElement":[{"@type":"ListItem","position":1,"name":"Startseite","item":"https:\/\/blog.vida.at\/pensionisten\/"},{"@type":"ListItem","position":2,"name":"Frohe Festtage"}]},{"@type":"WebSite","@id":"https:\/\/blog.vida.at\/pensionisten\/#website","url":"https:\/\/blog.vida.at\/pensionisten\/","name":"vida Pensionisten","description":"","potentialAction":[{"@type":"SearchAction","target":{"@type":"EntryPoint","urlTemplate":"https:\/\/blog.vida.at\/pensionisten\/?s={search_term_string}"},"query-input":{"@type":"PropertyValueSpecification","valueRequired":true,"valueName":"search_term_string"}}],"inLanguage":"de"},{"@type":"Person","@id":"https:\/\/blog.vida.at\/pensionisten\/#\/schema\/person\/2cea9cf3d58cf9334410ed5d6feb8a56","name":"michaelafeik","image":{"@type":"ImageObject","inLanguage":"de","@id":"https:\/\/secure.gravatar.com\/avatar\/03d8da787452696abe6f1e2aedabdf17f0d62a0779c9ed004162282155b35ea3?s=96&d=mm&r=g","url":"https:\/\/secure.gravatar.com\/avatar\/03d8da787452696abe6f1e2aedabdf17f0d62a0779c9ed004162282155b35ea3?s=96&d=mm&r=g","contentUrl":"https:\/\/secure.gravatar.com\/avatar\/03d8da787452696abe6f1e2aedabdf17f0d62a0779c9ed004162282155b35ea3?s=96&d=mm&r=g","caption":"michaelafeik"},"url":"https:\/\/blog.vida.at\/pensionisten\/author\/michaelafeik\/"}]}},"author_meta":{"display_name":"michaelafeik","author_link":"https:\/\/blog.vida.at\/pensionisten\/author\/michaelafeik\/"},"featured_img":"https:\/\/blog.vida.at\/pensionisten\/wp-content\/uploads\/sites\/10\/2020\/12\/xmas2021-300x201.jpg","featured_image_src":"https:\/\/blog.vida.at\/pensionisten\/wp-content\/uploads\/sites\/10\/2020\/12\/xmas2021-600x400.jpg","featured_image_src_square":"https:\/\/blog.vida.at\/pensionisten\/wp-content\/uploads\/sites\/10\/2020\/12\/xmas2021-600x405.jpg","uagb_featured_image_src":{"full":["https:\/\/blog.vida.at\/pensionisten\/wp-content\/uploads\/sites\/10\/2020\/12\/xmas2021.jpg",604,405,false],"thumbnail":["https:\/\/blog.vida.at\/pensionisten\/wp-content\/uploads\/sites\/10\/2020\/12\/xmas2021-150x150.jpg",150,150,true],"medium":["https:\/\/blog.vida.at\/pensionisten\/wp-content\/uploads\/sites\/10\/2020\/12\/xmas2021-300x201.jpg",300,201,true],"medium_large":["https:\/\/blog.vida.at\/pensionisten\/wp-content\/uploads\/sites\/10\/2020\/12\/xmas2021.jpg",604,405,false],"large":["https:\/\/blog.vida.at\/pensionisten\/wp-content\/uploads\/sites\/10\/2020\/12\/xmas2021.jpg",604,405,false],"1536x1536":["https:\/\/blog.vida.at\/pensionisten\/wp-content\/uploads\/sites\/10\/2020\/12\/xmas2021.jpg",604,405,false],"2048x2048":["https:\/\/blog.vida.at\/pensionisten\/wp-content\/uploads\/sites\/10\/2020\/12\/xmas2021.jpg",604,405,false],"ab-block-post-grid-landscape":["https:\/\/blog.vida.at\/pensionisten\/wp-content\/uploads\/sites\/10\/2020\/12\/xmas2021-600x400.jpg",600,400,true],"ab-block-post-grid-square":["https:\/\/blog.vida.at\/pensionisten\/wp-content\/uploads\/sites\/10\/2020\/12\/xmas2021-600x405.jpg",600,405,true],"post-thumbnail":["https:\/\/blog.vida.at\/pensionisten\/wp-content\/uploads\/sites\/10\/2020\/12\/xmas2021.jpg",604,405,false],"awb_sm":["https:\/\/blog.vida.at\/pensionisten\/wp-content\/uploads\/sites\/10\/2020\/12\/xmas2021-500x335.jpg",500,335,true],"awb_md":["https:\/\/blog.vida.at\/pensionisten\/wp-content\/uploads\/sites\/10\/2020\/12\/xmas2021.jpg",604,405,false],"awb_lg":["https:\/\/blog.vida.at\/pensionisten\/wp-content\/uploads\/sites\/10\/2020\/12\/xmas2021.jpg",604,405,false],"awb_xl":["https:\/\/blog.vida.at\/pensionisten\/wp-content\/uploads\/sites\/10\/2020\/12\/xmas2021.jpg",604,405,false]},"uagb_author_info":{"display_name":"michaelafeik","author_link":"https:\/\/blog.vida.at\/pensionisten\/author\/michaelafeik\/"},"uagb_comment_info":0,"uagb_excerpt":"Journaldienst der Gewerkschaft vida zu den Feiertagen vida w\u00fcnscht sch\u00f6ne und erholsame Weihnachten und ein gutes neues Jahr!","coauthors":[],"tax_additional":{"categories":{"linked":["<a href=\"https:\/\/blog.vida.at\/pensionisten\/category\/aktuelles\/\" class=\"advgb-post-tax-term\">Aktuelles<\/a>","<a href=\"https:\/\/blog.vida.at\/pensionisten\/category\/allgemein\/\" class=\"advgb-post-tax-term\">Allgemein<\/a>"],"unlinked":["<span class=\"advgb-post-tax-term\">Aktuelles<\/span>","<span class=\"advgb-post-tax-term\">Allgemein<\/span>"]}},"comment_count":"0","relative_dates":{"created":"Ver\u00f6ffentlicht 5\u00a0Jahren vor","modified":"Aktualisiert 5\u00a0Jahren vor"},"absolute_dates":{"created":"Ver\u00f6ffentlicht am 7. Dezember 2020","modified":"Aktualisiert am 7. Dezember 2020"},"absolute_dates_time":{"created":"Ver\u00f6ffentlicht am 7. Dezember 2020 15:44","modified":"Aktualisiert am 7. Dezember 2020 15:46"},"featured_img_caption":"","series_order":"","_links":{"self":[{"href":"https:\/\/blog.vida.at\/pensionisten\/wp-json\/wp\/v2\/posts\/1730","targetHints":{"allow":["GET"]}}],"collection":[{"href":"https:\/\/blog.vida.at\/pensionisten\/wp-json\/wp\/v2\/posts"}],"about":[{"href":"https:\/\/blog.vida.at\/pensionisten\/wp-json\/wp\/v2\/types\/post"}],"author":[{"embeddable":true,"href":"https:\/\/blog.vida.at\/pensionisten\/wp-json\/wp\/v2\/users\/5"}],"replies":[{"embeddable":true,"href":"https:\/\/blog.vida.at\/pensionisten\/wp-json\/wp\/v2\/comments?post=1730"}],"version-history":[{"count":1,"href":"https:\/\/blog.vida.at\/pensionisten\/wp-json\/wp\/v2\/posts\/1730\/revisions"}],"predecessor-version":[{"id":1731,"href":"https:\/\/blog.vida.at\/pensionisten\/wp-json\/wp\/v2\/posts\/1730\/revisions\/1731"}],"wp:featuredmedia":[{"embeddable":true,"href":"https:\/\/blog.vida.at\/pensionisten\/wp-json\/wp\/v2\/media\/1732"}],"wp:attachment":[{"href":"https:\/\/blog.vida.at\/pensionisten\/wp-json\/wp\/v2\/media?parent=1730"}],"wp:term":[{"taxonomy":"category","embeddable":true,"href":"https:\/\/blog.vida.at\/pensionisten\/wp-json\/wp\/v2\/categories?post=1730"},{"taxonomy":"post_tag","embeddable":true,"href":"https:\/\/blog.vida.at\/pensionisten\/wp-json\/wp\/v2\/tags?post=1730"},{"taxonomy":"Orte","embeddable":true,"href":"https:\/\/blog.vida.at\/pensionisten\/wp-json\/wp\/v2\/Orte?post=1730"},{"taxonomy":"activitytype","embeddable":true,"href":"https:\/\/blog.vida.at\/pensionisten\/wp-json\/wp\/v2\/activitytype?post=1730"}],"curies":[{"name":"wp","href":"https:\/\/api.w.org\/{rel}","templated":true}]}}