
{"id":1749,"date":"2020-12-07T16:12:19","date_gmt":"2020-12-07T15:12:19","guid":{"rendered":"https:\/\/blog.vida.at\/pensionisten\/?p=1749"},"modified":"2021-01-11T17:21:05","modified_gmt":"2021-01-11T16:21:05","slug":"wuv-der-waisen-und-unterstuetzungsverein-des-oebb-konzerns","status":"publish","type":"post","link":"https:\/\/blog.vida.at\/pensionisten\/2020\/12\/07\/wuv-der-waisen-und-unterstuetzungsverein-des-oebb-konzerns\/","title":{"rendered":"WUV &#8211; der Waisen und Unterst\u00fctzungsverein des \u00d6BB Konzerns"},"content":{"rendered":"\n<div class=\"wp-block-group Container\"><div class=\"wp-block-group__inner-container is-layout-flow wp-block-group-is-layout-flow\">\n<h4 class=\"wp-block-heading\"><br><strong>An jene denken, denen es nicht so gut geht <\/strong><\/h4>\n\n\n\n<p>Auch du kannst helfen: Der WUV wirkt in ganz \u00d6sterreich als gemeinn\u00fctziger Verein.<br><\/p>\n\n\n\n<!--more-->\n\n\n\n<p>Der WUV wurde am 17. April 1919 gegr\u00fcndet und wirkt in ganz \u00d6sterreich als gemeinn\u00fctziger Verein.<br>Seine Mitglieder (rund 62 000 Mitglieder) sind Aktive und im Ruhestand befindliche \u00d6BB-MitarbeiterInnen und Unterst\u00fctzerInnen.<br><br>Der WUV unterst\u00fctzt:<\/p>\n\n\n\n<ul class=\"wp-block-list\"><li>Voll- und Halbwaisen nach verstorbenen \u00d6BB-MitarbeiterInnen<\/li><li>Aktive MitarbeiterInnen, Lehrlinge und im Ruhestand befindliche MitarbeiterInnen des \u00d6BB Konzerns sowie deren<\/li><li>Angeh\u00f6rige im Falle einer unverschuldeten Notlage<\/li><\/ul>\n\n\n\n<p>Der <strong>Mitgliedsbeitrag<\/strong> betr\u00e4gt 50 Cent im Monat.<br><br><strong>Nat\u00fcrlich kann dieser Beitrag auch mehr betragen und auch Nicht EisenbahnerInnen k\u00f6nnen\/d\u00fcrfen Mitglieder werden<br>(Informationen und Mitgliedsanmeldung unter <a href=\"http:\/\/www.waisenverein.at\/\">www.waisenverein.at<\/a>).<\/strong><\/p>\n\n\n\n<p><br><\/p>\n\n\n\n<p><\/p>\n\n\n\n<p><\/p>\n<\/div><\/div>\n","protected":false},"excerpt":{"rendered":"<p>An jene denken, denen es nicht so gut geht Auch du kannst helfen: Der WUV wirkt in ganz \u00d6sterreich als gemeinn\u00fctziger Verein.<\/p>\n","protected":false},"author":5,"featured_media":1750,"comment_status":"open","ping_status":"open","sticky":false,"template":"","format":"standard","meta":{"_uag_custom_page_level_css":"","advgb_blocks_editor_width":"","advgb_blocks_columns_visual_guide":"","footnotes":""},"categories":[4,1,32],"tags":[],"Orte":[],"activitytype":[],"class_list":["post-1749","post","type-post","status-publish","format-standard","has-post-thumbnail","hentry","category-aktuelles","category-allgemein","category-top-aktuelles","entry"],"featured_image_urls":{"full":["https:\/\/blog.vida.at\/pensionisten\/wp-content\/uploads\/sites\/10\/2020\/12\/wuv.png",180,120,false],"thumbnail":["https:\/\/blog.vida.at\/pensionisten\/wp-content\/uploads\/sites\/10\/2020\/12\/wuv-150x120.png",150,120,true],"medium":["https:\/\/blog.vida.at\/pensionisten\/wp-content\/uploads\/sites\/10\/2020\/12\/wuv.png",180,120,false],"medium_large":["https:\/\/blog.vida.at\/pensionisten\/wp-content\/uploads\/sites\/10\/2020\/12\/wuv.png",180,120,false],"large":["https:\/\/blog.vida.at\/pensionisten\/wp-content\/uploads\/sites\/10\/2020\/12\/wuv.png",180,120,false],"1536x1536":["https:\/\/blog.vida.at\/pensionisten\/wp-content\/uploads\/sites\/10\/2020\/12\/wuv.png",180,120,false],"2048x2048":["https:\/\/blog.vida.at\/pensionisten\/wp-content\/uploads\/sites\/10\/2020\/12\/wuv.png",180,120,false],"ab-block-post-grid-landscape":["https:\/\/blog.vida.at\/pensionisten\/wp-content\/uploads\/sites\/10\/2020\/12\/wuv.png",180,120,false],"ab-block-post-grid-square":["https:\/\/blog.vida.at\/pensionisten\/wp-content\/uploads\/sites\/10\/2020\/12\/wuv.png",180,120,false],"post-thumbnail":["https:\/\/blog.vida.at\/pensionisten\/wp-content\/uploads\/sites\/10\/2020\/12\/wuv.png",180,120,false],"awb_sm":["https:\/\/blog.vida.at\/pensionisten\/wp-content\/uploads\/sites\/10\/2020\/12\/wuv.png",180,120,false],"awb_md":["https:\/\/blog.vida.at\/pensionisten\/wp-content\/uploads\/sites\/10\/2020\/12\/wuv.png",180,120,false],"awb_lg":["https:\/\/blog.vida.at\/pensionisten\/wp-content\/uploads\/sites\/10\/2020\/12\/wuv.png",180,120,false],"awb_xl":["https:\/\/blog.vida.at\/pensionisten\/wp-content\/uploads\/sites\/10\/2020\/12\/wuv.png",180,120,false]},"post_excerpt_stackable":"<p>An jene denken, denen es nicht so gut geht Auch du kannst helfen: Der WUV wirkt in ganz \u00d6sterreich als gemeinn\u00fctziger Verein. Der WUV wurde am 17. April 1919 gegr\u00fcndet und wirkt in ganz \u00d6sterreich als gemeinn\u00fctziger Verein.Seine Mitglieder (rund 62 000 Mitglieder) sind Aktive und im Ruhestand befindliche \u00d6BB-MitarbeiterInnen und Unterst\u00fctzerInnen.Der WUV unterst\u00fctzt: Voll- und Halbwaisen nach verstorbenen \u00d6BB-MitarbeiterInnenAktive MitarbeiterInnen, Lehrlinge und im Ruhestand befindliche MitarbeiterInnen des \u00d6BB Konzerns sowie derenAngeh\u00f6rige im Falle einer unverschuldeten Notlage Der Mitgliedsbeitrag betr\u00e4gt 50 Cent im Monat.Nat\u00fcrlich kann dieser Beitrag auch mehr betragen und auch Nicht EisenbahnerInnen k\u00f6nnen\/d\u00fcrfen Mitglieder werden(Informationen und Mitgliedsanmeldung unter&hellip;<\/p>\n","category_list":"<a href=\"https:\/\/blog.vida.at\/pensionisten\/category\/aktuelles\/\" rel=\"category tag\">Aktuelles<\/a>, <a href=\"https:\/\/blog.vida.at\/pensionisten\/category\/allgemein\/\" rel=\"category tag\">Allgemein<\/a>, <a href=\"https:\/\/blog.vida.at\/pensionisten\/category\/top-aktuelles\/\" rel=\"category tag\">Top Aktuelles<\/a>","author_info":{"display_name":"michaelafeik","author_link":"https:\/\/blog.vida.at\/pensionisten\/author\/michaelafeik\/"},"comments_num":"0 comments","featured_image_urls_v2":{"full":["https:\/\/blog.vida.at\/pensionisten\/wp-content\/uploads\/sites\/10\/2020\/12\/wuv.png",180,120,false],"thumbnail":["https:\/\/blog.vida.at\/pensionisten\/wp-content\/uploads\/sites\/10\/2020\/12\/wuv-150x120.png",150,120,true],"medium":["https:\/\/blog.vida.at\/pensionisten\/wp-content\/uploads\/sites\/10\/2020\/12\/wuv.png",180,120,false],"medium_large":["https:\/\/blog.vida.at\/pensionisten\/wp-content\/uploads\/sites\/10\/2020\/12\/wuv.png",180,120,false],"large":["https:\/\/blog.vida.at\/pensionisten\/wp-content\/uploads\/sites\/10\/2020\/12\/wuv.png",180,120,false],"1536x1536":["https:\/\/blog.vida.at\/pensionisten\/wp-content\/uploads\/sites\/10\/2020\/12\/wuv.png",180,120,false],"2048x2048":["https:\/\/blog.vida.at\/pensionisten\/wp-content\/uploads\/sites\/10\/2020\/12\/wuv.png",180,120,false],"ab-block-post-grid-landscape":["https:\/\/blog.vida.at\/pensionisten\/wp-content\/uploads\/sites\/10\/2020\/12\/wuv.png",180,120,false],"ab-block-post-grid-square":["https:\/\/blog.vida.at\/pensionisten\/wp-content\/uploads\/sites\/10\/2020\/12\/wuv.png",180,120,false],"post-thumbnail":["https:\/\/blog.vida.at\/pensionisten\/wp-content\/uploads\/sites\/10\/2020\/12\/wuv.png",180,120,false],"awb_sm":["https:\/\/blog.vida.at\/pensionisten\/wp-content\/uploads\/sites\/10\/2020\/12\/wuv.png",180,120,false],"awb_md":["https:\/\/blog.vida.at\/pensionisten\/wp-content\/uploads\/sites\/10\/2020\/12\/wuv.png",180,120,false],"awb_lg":["https:\/\/blog.vida.at\/pensionisten\/wp-content\/uploads\/sites\/10\/2020\/12\/wuv.png",180,120,false],"awb_xl":["https:\/\/blog.vida.at\/pensionisten\/wp-content\/uploads\/sites\/10\/2020\/12\/wuv.png",180,120,false]},"post_excerpt_stackable_v2":"<p>An jene denken, denen es nicht so gut geht Auch du kannst helfen: Der WUV wirkt in ganz \u00d6sterreich als gemeinn\u00fctziger Verein. Der WUV wurde am 17. April 1919 gegr\u00fcndet und wirkt in ganz \u00d6sterreich als gemeinn\u00fctziger Verein.Seine Mitglieder (rund 62 000 Mitglieder) sind Aktive und im Ruhestand befindliche \u00d6BB-MitarbeiterInnen und Unterst\u00fctzerInnen.Der WUV unterst\u00fctzt: Voll- und Halbwaisen nach verstorbenen \u00d6BB-MitarbeiterInnenAktive MitarbeiterInnen, Lehrlinge und im Ruhestand befindliche MitarbeiterInnen des \u00d6BB Konzerns sowie derenAngeh\u00f6rige im Falle einer unverschuldeten Notlage Der Mitgliedsbeitrag betr\u00e4gt 50 Cent im Monat.Nat\u00fcrlich kann dieser Beitrag auch mehr betragen und auch Nicht EisenbahnerInnen k\u00f6nnen\/d\u00fcrfen Mitglieder werden(Informationen und Mitgliedsanmeldung unter&hellip;<\/p>\n","category_list_v2":"<a href=\"https:\/\/blog.vida.at\/pensionisten\/category\/aktuelles\/\" rel=\"category tag\">Aktuelles<\/a>, <a href=\"https:\/\/blog.vida.at\/pensionisten\/category\/allgemein\/\" rel=\"category tag\">Allgemein<\/a>, <a href=\"https:\/\/blog.vida.at\/pensionisten\/category\/top-aktuelles\/\" rel=\"category tag\">Top Aktuelles<\/a>","author_info_v2":{"name":"michaelafeik","url":"https:\/\/blog.vida.at\/pensionisten\/author\/michaelafeik\/"},"comments_num_v2":"0 comments","yoast_head":"<!-- This site is optimized with the Yoast SEO plugin v27.3 - https:\/\/yoast.com\/product\/yoast-seo-wordpress\/ -->\n<title>WUV - der Waisen und Unterst\u00fctzungsverein des \u00d6BB Konzerns<\/title>\n<meta name=\"robots\" content=\"index, follow, max-snippet:-1, max-image-preview:large, max-video-preview:-1\" \/>\n<link rel=\"canonical\" href=\"https:\/\/blog.vida.at\/pensionisten\/2020\/12\/07\/wuv-der-waisen-und-unterstuetzungsverein-des-oebb-konzerns\/\" \/>\n<meta property=\"og:locale\" content=\"de_DE\" \/>\n<meta property=\"og:type\" content=\"article\" \/>\n<meta property=\"og:title\" content=\"WUV - der Waisen und Unterst\u00fctzungsverein des \u00d6BB Konzerns\" \/>\n<meta property=\"og:description\" content=\"An jene denken, denen es nicht so gut geht Auch du kannst helfen: Der WUV wirkt in ganz \u00d6sterreich als gemeinn\u00fctziger Verein.\" \/>\n<meta property=\"og:url\" content=\"https:\/\/blog.vida.at\/pensionisten\/2020\/12\/07\/wuv-der-waisen-und-unterstuetzungsverein-des-oebb-konzerns\/\" \/>\n<meta property=\"og:site_name\" content=\"vida Pensionisten\" \/>\n<meta property=\"article:published_time\" content=\"2020-12-07T15:12:19+00:00\" \/>\n<meta property=\"article:modified_time\" content=\"2021-01-11T16:21:05+00:00\" \/>\n<meta property=\"og:image\" content=\"https:\/\/blog.vida.at\/pensionisten\/wp-content\/uploads\/sites\/10\/2020\/12\/wuv.png\" \/>\n\t<meta property=\"og:image:width\" content=\"180\" \/>\n\t<meta property=\"og:image:height\" content=\"120\" \/>\n\t<meta property=\"og:image:type\" content=\"image\/png\" \/>\n<meta name=\"author\" content=\"michaelafeik\" \/>\n<meta name=\"twitter:card\" content=\"summary_large_image\" \/>\n<meta name=\"twitter:label1\" content=\"Verfasst von\" \/>\n\t<meta name=\"twitter:data1\" content=\"michaelafeik\" \/>\n\t<meta name=\"twitter:label2\" content=\"Gesch\u00e4tzte Lesezeit\" \/>\n\t<meta name=\"twitter:data2\" content=\"1\u00a0Minute\" \/>\n<script type=\"application\/ld+json\" class=\"yoast-schema-graph\">{\"@context\":\"https:\\\/\\\/schema.org\",\"@graph\":[{\"@type\":\"Article\",\"@id\":\"https:\\\/\\\/blog.vida.at\\\/pensionisten\\\/2020\\\/12\\\/07\\\/wuv-der-waisen-und-unterstuetzungsverein-des-oebb-konzerns\\\/#article\",\"isPartOf\":{\"@id\":\"https:\\\/\\\/blog.vida.at\\\/pensionisten\\\/2020\\\/12\\\/07\\\/wuv-der-waisen-und-unterstuetzungsverein-des-oebb-konzerns\\\/\"},\"author\":{\"name\":\"michaelafeik\",\"@id\":\"https:\\\/\\\/blog.vida.at\\\/pensionisten\\\/#\\\/schema\\\/person\\\/2cea9cf3d58cf9334410ed5d6feb8a56\"},\"headline\":\"WUV &#8211; der Waisen und Unterst\u00fctzungsverein des \u00d6BB Konzerns\",\"datePublished\":\"2020-12-07T15:12:19+00:00\",\"dateModified\":\"2021-01-11T16:21:05+00:00\",\"mainEntityOfPage\":{\"@id\":\"https:\\\/\\\/blog.vida.at\\\/pensionisten\\\/2020\\\/12\\\/07\\\/wuv-der-waisen-und-unterstuetzungsverein-des-oebb-konzerns\\\/\"},\"wordCount\":125,\"commentCount\":0,\"image\":{\"@id\":\"https:\\\/\\\/blog.vida.at\\\/pensionisten\\\/2020\\\/12\\\/07\\\/wuv-der-waisen-und-unterstuetzungsverein-des-oebb-konzerns\\\/#primaryimage\"},\"thumbnailUrl\":\"https:\\\/\\\/blog.vida.at\\\/pensionisten\\\/wp-content\\\/uploads\\\/sites\\\/10\\\/2020\\\/12\\\/wuv.png\",\"articleSection\":{\"0\":\"Aktuelles\",\"2\":\"Top Aktuelles\"},\"inLanguage\":\"de\",\"potentialAction\":[{\"@type\":\"CommentAction\",\"name\":\"Comment\",\"target\":[\"https:\\\/\\\/blog.vida.at\\\/pensionisten\\\/2020\\\/12\\\/07\\\/wuv-der-waisen-und-unterstuetzungsverein-des-oebb-konzerns\\\/#respond\"]}]},{\"@type\":\"WebPage\",\"@id\":\"https:\\\/\\\/blog.vida.at\\\/pensionisten\\\/2020\\\/12\\\/07\\\/wuv-der-waisen-und-unterstuetzungsverein-des-oebb-konzerns\\\/\",\"url\":\"https:\\\/\\\/blog.vida.at\\\/pensionisten\\\/2020\\\/12\\\/07\\\/wuv-der-waisen-und-unterstuetzungsverein-des-oebb-konzerns\\\/\",\"name\":\"WUV - der Waisen und Unterst\u00fctzungsverein des \u00d6BB Konzerns\",\"isPartOf\":{\"@id\":\"https:\\\/\\\/blog.vida.at\\\/pensionisten\\\/#website\"},\"primaryImageOfPage\":{\"@id\":\"https:\\\/\\\/blog.vida.at\\\/pensionisten\\\/2020\\\/12\\\/07\\\/wuv-der-waisen-und-unterstuetzungsverein-des-oebb-konzerns\\\/#primaryimage\"},\"image\":{\"@id\":\"https:\\\/\\\/blog.vida.at\\\/pensionisten\\\/2020\\\/12\\\/07\\\/wuv-der-waisen-und-unterstuetzungsverein-des-oebb-konzerns\\\/#primaryimage\"},\"thumbnailUrl\":\"https:\\\/\\\/blog.vida.at\\\/pensionisten\\\/wp-content\\\/uploads\\\/sites\\\/10\\\/2020\\\/12\\\/wuv.png\",\"datePublished\":\"2020-12-07T15:12:19+00:00\",\"dateModified\":\"2021-01-11T16:21:05+00:00\",\"author\":{\"@id\":\"https:\\\/\\\/blog.vida.at\\\/pensionisten\\\/#\\\/schema\\\/person\\\/2cea9cf3d58cf9334410ed5d6feb8a56\"},\"breadcrumb\":{\"@id\":\"https:\\\/\\\/blog.vida.at\\\/pensionisten\\\/2020\\\/12\\\/07\\\/wuv-der-waisen-und-unterstuetzungsverein-des-oebb-konzerns\\\/#breadcrumb\"},\"inLanguage\":\"de\",\"potentialAction\":[{\"@type\":\"ReadAction\",\"target\":[\"https:\\\/\\\/blog.vida.at\\\/pensionisten\\\/2020\\\/12\\\/07\\\/wuv-der-waisen-und-unterstuetzungsverein-des-oebb-konzerns\\\/\"]}]},{\"@type\":\"ImageObject\",\"inLanguage\":\"de\",\"@id\":\"https:\\\/\\\/blog.vida.at\\\/pensionisten\\\/2020\\\/12\\\/07\\\/wuv-der-waisen-und-unterstuetzungsverein-des-oebb-konzerns\\\/#primaryimage\",\"url\":\"https:\\\/\\\/blog.vida.at\\\/pensionisten\\\/wp-content\\\/uploads\\\/sites\\\/10\\\/2020\\\/12\\\/wuv.png\",\"contentUrl\":\"https:\\\/\\\/blog.vida.at\\\/pensionisten\\\/wp-content\\\/uploads\\\/sites\\\/10\\\/2020\\\/12\\\/wuv.png\",\"width\":180,\"height\":120},{\"@type\":\"BreadcrumbList\",\"@id\":\"https:\\\/\\\/blog.vida.at\\\/pensionisten\\\/2020\\\/12\\\/07\\\/wuv-der-waisen-und-unterstuetzungsverein-des-oebb-konzerns\\\/#breadcrumb\",\"itemListElement\":[{\"@type\":\"ListItem\",\"position\":1,\"name\":\"Startseite\",\"item\":\"https:\\\/\\\/blog.vida.at\\\/pensionisten\\\/\"},{\"@type\":\"ListItem\",\"position\":2,\"name\":\"WUV &#8211; der Waisen und Unterst\u00fctzungsverein des \u00d6BB Konzerns\"}]},{\"@type\":\"WebSite\",\"@id\":\"https:\\\/\\\/blog.vida.at\\\/pensionisten\\\/#website\",\"url\":\"https:\\\/\\\/blog.vida.at\\\/pensionisten\\\/\",\"name\":\"vida Pensionisten\",\"description\":\"\",\"potentialAction\":[{\"@type\":\"SearchAction\",\"target\":{\"@type\":\"EntryPoint\",\"urlTemplate\":\"https:\\\/\\\/blog.vida.at\\\/pensionisten\\\/?s={search_term_string}\"},\"query-input\":{\"@type\":\"PropertyValueSpecification\",\"valueRequired\":true,\"valueName\":\"search_term_string\"}}],\"inLanguage\":\"de\"},{\"@type\":\"Person\",\"@id\":\"https:\\\/\\\/blog.vida.at\\\/pensionisten\\\/#\\\/schema\\\/person\\\/2cea9cf3d58cf9334410ed5d6feb8a56\",\"name\":\"michaelafeik\",\"image\":{\"@type\":\"ImageObject\",\"inLanguage\":\"de\",\"@id\":\"https:\\\/\\\/secure.gravatar.com\\\/avatar\\\/03d8da787452696abe6f1e2aedabdf17f0d62a0779c9ed004162282155b35ea3?s=96&d=mm&r=g\",\"url\":\"https:\\\/\\\/secure.gravatar.com\\\/avatar\\\/03d8da787452696abe6f1e2aedabdf17f0d62a0779c9ed004162282155b35ea3?s=96&d=mm&r=g\",\"contentUrl\":\"https:\\\/\\\/secure.gravatar.com\\\/avatar\\\/03d8da787452696abe6f1e2aedabdf17f0d62a0779c9ed004162282155b35ea3?s=96&d=mm&r=g\",\"caption\":\"michaelafeik\"},\"url\":\"https:\\\/\\\/blog.vida.at\\\/pensionisten\\\/author\\\/michaelafeik\\\/\"}]}<\/script>\n<!-- \/ Yoast SEO plugin. -->","yoast_head_json":{"title":"WUV - der Waisen und Unterst\u00fctzungsverein des \u00d6BB Konzerns","robots":{"index":"index","follow":"follow","max-snippet":"max-snippet:-1","max-image-preview":"max-image-preview:large","max-video-preview":"max-video-preview:-1"},"canonical":"https:\/\/blog.vida.at\/pensionisten\/2020\/12\/07\/wuv-der-waisen-und-unterstuetzungsverein-des-oebb-konzerns\/","og_locale":"de_DE","og_type":"article","og_title":"WUV - der Waisen und Unterst\u00fctzungsverein des \u00d6BB Konzerns","og_description":"An jene denken, denen es nicht so gut geht Auch du kannst helfen: Der WUV wirkt in ganz \u00d6sterreich als gemeinn\u00fctziger Verein.","og_url":"https:\/\/blog.vida.at\/pensionisten\/2020\/12\/07\/wuv-der-waisen-und-unterstuetzungsverein-des-oebb-konzerns\/","og_site_name":"vida Pensionisten","article_published_time":"2020-12-07T15:12:19+00:00","article_modified_time":"2021-01-11T16:21:05+00:00","og_image":[{"width":180,"height":120,"url":"https:\/\/blog.vida.at\/pensionisten\/wp-content\/uploads\/sites\/10\/2020\/12\/wuv.png","type":"image\/png"}],"author":"michaelafeik","twitter_card":"summary_large_image","twitter_misc":{"Verfasst von":"michaelafeik","Gesch\u00e4tzte Lesezeit":"1\u00a0Minute"},"schema":{"@context":"https:\/\/schema.org","@graph":[{"@type":"Article","@id":"https:\/\/blog.vida.at\/pensionisten\/2020\/12\/07\/wuv-der-waisen-und-unterstuetzungsverein-des-oebb-konzerns\/#article","isPartOf":{"@id":"https:\/\/blog.vida.at\/pensionisten\/2020\/12\/07\/wuv-der-waisen-und-unterstuetzungsverein-des-oebb-konzerns\/"},"author":{"name":"michaelafeik","@id":"https:\/\/blog.vida.at\/pensionisten\/#\/schema\/person\/2cea9cf3d58cf9334410ed5d6feb8a56"},"headline":"WUV &#8211; der Waisen und Unterst\u00fctzungsverein des \u00d6BB Konzerns","datePublished":"2020-12-07T15:12:19+00:00","dateModified":"2021-01-11T16:21:05+00:00","mainEntityOfPage":{"@id":"https:\/\/blog.vida.at\/pensionisten\/2020\/12\/07\/wuv-der-waisen-und-unterstuetzungsverein-des-oebb-konzerns\/"},"wordCount":125,"commentCount":0,"image":{"@id":"https:\/\/blog.vida.at\/pensionisten\/2020\/12\/07\/wuv-der-waisen-und-unterstuetzungsverein-des-oebb-konzerns\/#primaryimage"},"thumbnailUrl":"https:\/\/blog.vida.at\/pensionisten\/wp-content\/uploads\/sites\/10\/2020\/12\/wuv.png","articleSection":{"0":"Aktuelles","2":"Top Aktuelles"},"inLanguage":"de","potentialAction":[{"@type":"CommentAction","name":"Comment","target":["https:\/\/blog.vida.at\/pensionisten\/2020\/12\/07\/wuv-der-waisen-und-unterstuetzungsverein-des-oebb-konzerns\/#respond"]}]},{"@type":"WebPage","@id":"https:\/\/blog.vida.at\/pensionisten\/2020\/12\/07\/wuv-der-waisen-und-unterstuetzungsverein-des-oebb-konzerns\/","url":"https:\/\/blog.vida.at\/pensionisten\/2020\/12\/07\/wuv-der-waisen-und-unterstuetzungsverein-des-oebb-konzerns\/","name":"WUV - der Waisen und Unterst\u00fctzungsverein des \u00d6BB Konzerns","isPartOf":{"@id":"https:\/\/blog.vida.at\/pensionisten\/#website"},"primaryImageOfPage":{"@id":"https:\/\/blog.vida.at\/pensionisten\/2020\/12\/07\/wuv-der-waisen-und-unterstuetzungsverein-des-oebb-konzerns\/#primaryimage"},"image":{"@id":"https:\/\/blog.vida.at\/pensionisten\/2020\/12\/07\/wuv-der-waisen-und-unterstuetzungsverein-des-oebb-konzerns\/#primaryimage"},"thumbnailUrl":"https:\/\/blog.vida.at\/pensionisten\/wp-content\/uploads\/sites\/10\/2020\/12\/wuv.png","datePublished":"2020-12-07T15:12:19+00:00","dateModified":"2021-01-11T16:21:05+00:00","author":{"@id":"https:\/\/blog.vida.at\/pensionisten\/#\/schema\/person\/2cea9cf3d58cf9334410ed5d6feb8a56"},"breadcrumb":{"@id":"https:\/\/blog.vida.at\/pensionisten\/2020\/12\/07\/wuv-der-waisen-und-unterstuetzungsverein-des-oebb-konzerns\/#breadcrumb"},"inLanguage":"de","potentialAction":[{"@type":"ReadAction","target":["https:\/\/blog.vida.at\/pensionisten\/2020\/12\/07\/wuv-der-waisen-und-unterstuetzungsverein-des-oebb-konzerns\/"]}]},{"@type":"ImageObject","inLanguage":"de","@id":"https:\/\/blog.vida.at\/pensionisten\/2020\/12\/07\/wuv-der-waisen-und-unterstuetzungsverein-des-oebb-konzerns\/#primaryimage","url":"https:\/\/blog.vida.at\/pensionisten\/wp-content\/uploads\/sites\/10\/2020\/12\/wuv.png","contentUrl":"https:\/\/blog.vida.at\/pensionisten\/wp-content\/uploads\/sites\/10\/2020\/12\/wuv.png","width":180,"height":120},{"@type":"BreadcrumbList","@id":"https:\/\/blog.vida.at\/pensionisten\/2020\/12\/07\/wuv-der-waisen-und-unterstuetzungsverein-des-oebb-konzerns\/#breadcrumb","itemListElement":[{"@type":"ListItem","position":1,"name":"Startseite","item":"https:\/\/blog.vida.at\/pensionisten\/"},{"@type":"ListItem","position":2,"name":"WUV &#8211; der Waisen und Unterst\u00fctzungsverein des \u00d6BB Konzerns"}]},{"@type":"WebSite","@id":"https:\/\/blog.vida.at\/pensionisten\/#website","url":"https:\/\/blog.vida.at\/pensionisten\/","name":"vida Pensionisten","description":"","potentialAction":[{"@type":"SearchAction","target":{"@type":"EntryPoint","urlTemplate":"https:\/\/blog.vida.at\/pensionisten\/?s={search_term_string}"},"query-input":{"@type":"PropertyValueSpecification","valueRequired":true,"valueName":"search_term_string"}}],"inLanguage":"de"},{"@type":"Person","@id":"https:\/\/blog.vida.at\/pensionisten\/#\/schema\/person\/2cea9cf3d58cf9334410ed5d6feb8a56","name":"michaelafeik","image":{"@type":"ImageObject","inLanguage":"de","@id":"https:\/\/secure.gravatar.com\/avatar\/03d8da787452696abe6f1e2aedabdf17f0d62a0779c9ed004162282155b35ea3?s=96&d=mm&r=g","url":"https:\/\/secure.gravatar.com\/avatar\/03d8da787452696abe6f1e2aedabdf17f0d62a0779c9ed004162282155b35ea3?s=96&d=mm&r=g","contentUrl":"https:\/\/secure.gravatar.com\/avatar\/03d8da787452696abe6f1e2aedabdf17f0d62a0779c9ed004162282155b35ea3?s=96&d=mm&r=g","caption":"michaelafeik"},"url":"https:\/\/blog.vida.at\/pensionisten\/author\/michaelafeik\/"}]}},"author_meta":{"display_name":"michaelafeik","author_link":"https:\/\/blog.vida.at\/pensionisten\/author\/michaelafeik\/"},"featured_img":"https:\/\/blog.vida.at\/pensionisten\/wp-content\/uploads\/sites\/10\/2020\/12\/wuv.png","featured_image_src":"https:\/\/blog.vida.at\/pensionisten\/wp-content\/uploads\/sites\/10\/2020\/12\/wuv.png","featured_image_src_square":"https:\/\/blog.vida.at\/pensionisten\/wp-content\/uploads\/sites\/10\/2020\/12\/wuv.png","uagb_featured_image_src":{"full":["https:\/\/blog.vida.at\/pensionisten\/wp-content\/uploads\/sites\/10\/2020\/12\/wuv.png",180,120,false],"thumbnail":["https:\/\/blog.vida.at\/pensionisten\/wp-content\/uploads\/sites\/10\/2020\/12\/wuv-150x120.png",150,120,true],"medium":["https:\/\/blog.vida.at\/pensionisten\/wp-content\/uploads\/sites\/10\/2020\/12\/wuv.png",180,120,false],"medium_large":["https:\/\/blog.vida.at\/pensionisten\/wp-content\/uploads\/sites\/10\/2020\/12\/wuv.png",180,120,false],"large":["https:\/\/blog.vida.at\/pensionisten\/wp-content\/uploads\/sites\/10\/2020\/12\/wuv.png",180,120,false],"1536x1536":["https:\/\/blog.vida.at\/pensionisten\/wp-content\/uploads\/sites\/10\/2020\/12\/wuv.png",180,120,false],"2048x2048":["https:\/\/blog.vida.at\/pensionisten\/wp-content\/uploads\/sites\/10\/2020\/12\/wuv.png",180,120,false],"ab-block-post-grid-landscape":["https:\/\/blog.vida.at\/pensionisten\/wp-content\/uploads\/sites\/10\/2020\/12\/wuv.png",180,120,false],"ab-block-post-grid-square":["https:\/\/blog.vida.at\/pensionisten\/wp-content\/uploads\/sites\/10\/2020\/12\/wuv.png",180,120,false],"post-thumbnail":["https:\/\/blog.vida.at\/pensionisten\/wp-content\/uploads\/sites\/10\/2020\/12\/wuv.png",180,120,false],"awb_sm":["https:\/\/blog.vida.at\/pensionisten\/wp-content\/uploads\/sites\/10\/2020\/12\/wuv.png",180,120,false],"awb_md":["https:\/\/blog.vida.at\/pensionisten\/wp-content\/uploads\/sites\/10\/2020\/12\/wuv.png",180,120,false],"awb_lg":["https:\/\/blog.vida.at\/pensionisten\/wp-content\/uploads\/sites\/10\/2020\/12\/wuv.png",180,120,false],"awb_xl":["https:\/\/blog.vida.at\/pensionisten\/wp-content\/uploads\/sites\/10\/2020\/12\/wuv.png",180,120,false]},"uagb_author_info":{"display_name":"michaelafeik","author_link":"https:\/\/blog.vida.at\/pensionisten\/author\/michaelafeik\/"},"uagb_comment_info":0,"uagb_excerpt":"An jene denken, denen es nicht so gut geht Auch du kannst helfen: Der WUV wirkt in ganz \u00d6sterreich als gemeinn\u00fctziger Verein.","coauthors":[],"tax_additional":{"categories":{"linked":["<a href=\"https:\/\/blog.vida.at\/pensionisten\/category\/aktuelles\/\" class=\"advgb-post-tax-term\">Aktuelles<\/a>","<a href=\"https:\/\/blog.vida.at\/pensionisten\/category\/allgemein\/\" class=\"advgb-post-tax-term\">Allgemein<\/a>","<a href=\"https:\/\/blog.vida.at\/pensionisten\/category\/top-aktuelles\/\" class=\"advgb-post-tax-term\">Top Aktuelles<\/a>"],"unlinked":["<span class=\"advgb-post-tax-term\">Aktuelles<\/span>","<span class=\"advgb-post-tax-term\">Allgemein<\/span>","<span class=\"advgb-post-tax-term\">Top Aktuelles<\/span>"]}},"comment_count":"0","relative_dates":{"created":"Ver\u00f6ffentlicht 5\u00a0Jahren vor","modified":"Aktualisiert 5\u00a0Jahren vor"},"absolute_dates":{"created":"Ver\u00f6ffentlicht am 7. Dezember 2020","modified":"Aktualisiert am 11. Januar 2021"},"absolute_dates_time":{"created":"Ver\u00f6ffentlicht am 7. Dezember 2020 16:12","modified":"Aktualisiert am 11. Januar 2021 17:21"},"featured_img_caption":"","series_order":"","_links":{"self":[{"href":"https:\/\/blog.vida.at\/pensionisten\/wp-json\/wp\/v2\/posts\/1749","targetHints":{"allow":["GET"]}}],"collection":[{"href":"https:\/\/blog.vida.at\/pensionisten\/wp-json\/wp\/v2\/posts"}],"about":[{"href":"https:\/\/blog.vida.at\/pensionisten\/wp-json\/wp\/v2\/types\/post"}],"author":[{"embeddable":true,"href":"https:\/\/blog.vida.at\/pensionisten\/wp-json\/wp\/v2\/users\/5"}],"replies":[{"embeddable":true,"href":"https:\/\/blog.vida.at\/pensionisten\/wp-json\/wp\/v2\/comments?post=1749"}],"version-history":[{"count":2,"href":"https:\/\/blog.vida.at\/pensionisten\/wp-json\/wp\/v2\/posts\/1749\/revisions"}],"predecessor-version":[{"id":1835,"href":"https:\/\/blog.vida.at\/pensionisten\/wp-json\/wp\/v2\/posts\/1749\/revisions\/1835"}],"wp:featuredmedia":[{"embeddable":true,"href":"https:\/\/blog.vida.at\/pensionisten\/wp-json\/wp\/v2\/media\/1750"}],"wp:attachment":[{"href":"https:\/\/blog.vida.at\/pensionisten\/wp-json\/wp\/v2\/media?parent=1749"}],"wp:term":[{"taxonomy":"category","embeddable":true,"href":"https:\/\/blog.vida.at\/pensionisten\/wp-json\/wp\/v2\/categories?post=1749"},{"taxonomy":"post_tag","embeddable":true,"href":"https:\/\/blog.vida.at\/pensionisten\/wp-json\/wp\/v2\/tags?post=1749"},{"taxonomy":"Orte","embeddable":true,"href":"https:\/\/blog.vida.at\/pensionisten\/wp-json\/wp\/v2\/Orte?post=1749"},{"taxonomy":"activitytype","embeddable":true,"href":"https:\/\/blog.vida.at\/pensionisten\/wp-json\/wp\/v2\/activitytype?post=1749"}],"curies":[{"name":"wp","href":"https:\/\/api.w.org\/{rel}","templated":true}]}}