
{"id":1804,"date":"2021-01-11T16:18:00","date_gmt":"2021-01-11T15:18:00","guid":{"rendered":"https:\/\/blog.vida.at\/pensionisten\/?p=1804"},"modified":"2021-01-11T16:24:48","modified_gmt":"2021-01-11T15:24:48","slug":"solidaritaet-leben-auch-bei-den-pensionen","status":"publish","type":"post","link":"https:\/\/blog.vida.at\/pensionisten\/2021\/01\/11\/solidaritaet-leben-auch-bei-den-pensionen\/","title":{"rendered":"Pensionen"},"content":{"rendered":"\n<h4 class=\"wp-block-heading\">Solidarit\u00e4t leben<\/h4>\n\n\n\n<div class=\"wp-block-group Container\"><div class=\"wp-block-group__inner-container is-layout-flow wp-block-group-is-layout-flow\">\n<p>Zentrales Prinzip unseres Pensionssystems ist, den Lebensstandard durch die Pensionsleistung aufrechtzuerhalten. Dabei ist zu beachten: Die Pensionsleistung ist eine Versicherungsleistung. Gehen wir ein wenig ins Detail.<\/p>\n\n\n\n<!--more-->\n\n\n\n<h4 class=\"wp-block-heading\"><strong>Eine Reform jagt die andere<\/strong><\/h4>\n\n\n\n<p><\/p>\n\n\n\n<p>Das \u00f6sterreichische Pensionssystem basiert auf dem Umlageverfahren. Das bedeutet, dass die Pensionsversicherungsbeitr\u00e4ge, die von der beruflich aktiven Bev\u00f6lkerungsgruppe bezahlt werden, direkt an die PensionsbezieherInnen ausbezahlt, also umgelegt werden. Unser Pensionssystem ist sehr komplex und nicht immer leicht zu durchschauen. Reformen, Reformen und noch einmal Reformen \u2013 seit der Einf\u00fchrung der Pensionsversicherung im Jahr 1906 wurden die gesetzlichen Bestimmungen immer wieder ge\u00e4ndert \u2013 meist zum Nachteil der zuk\u00fcnftigen PensionsbezieherInnen.<\/p>\n\n\n\n<h4 class=\"wp-block-heading\"><strong>Immer wieder anpassen<\/strong><\/h4>\n\n\n\n<p>Kommen wir zur Pensionsanpassung. Von 1960 bis in die 1980er-Jahre stand der Kampf um einen angemessenen Anteil der PensionistInnen am enormen Wirtschaftsaufschwung im Vordergrund, wobei schon in diesen Zeitr\u00e4umen der Stellenwert der Pensionsanpassung politisch extrem hoch besetzt war. Seit Mitte der Achtzigerjahre hat sich der Fokus, aber auch die politische Bedeutsamkeit des Themas, stark gewandelt: Wir haben es durchg\u00e4ngig mit dem Ziel der Eind\u00e4mmung der Pensionskosten zu tun, und es geht in der Debatte vordergr\u00fcndig eher darum, welchen Anteil die vermeintlich gl\u00fccklichen Alt-PensionsbezieherInnen an der Reform mitzutragen haben.<\/p>\n\n\n\n<p>Legen wir den Fokus auf die Pensionsanpassungen der letzten zehn Jahre. Leben wir immer wieder mit den Gedanken, mit der Pensionsanpassung wird die Inflationsrate abgegolten, so muss bemerkt werden: \u201eWeit gefehlt!\u201c Es gab immer wieder Deckeln, Einschleifungen, Fixbetr\u00e4ge usw. Nur in den Jahren 2015 und 2016 gab es 1,7 Prozent bzw. 1,2 Prozent f\u00fcr alle. Eine Regierung hat zwei M\u00f6glichkeiten, Pensionen anzupassen: nach sozialen Gesichtspunkten und nach versicherungsmathematischen. Eine Durchmischung ist wichtig. Gleiche prozentuelle Erh\u00f6hungen f\u00fchren zum Auseinanderdriften von Mindest- und H\u00f6chstpensionen und zu einer tendenziellen \u201e\u00dcberversorgung\u201c der BezieherInnen hoher Pensionen, also im Ergebnis zu einer gewissen Entsolidarisierung der PensionsbezieherInnen.<\/p>\n\n\n\n<h4 class=\"wp-block-heading\"><strong>Gerechtigkeit f\u00fcr jedes B\u00f6rsel<\/strong><\/h4>\n\n\n\n<p>Der Weg, der die letzten zehn Jahre beschritten wurde \u2013 also geringe Anpassung, meist sogar unter der Inflationsrate, bei h\u00f6heren Pensionen \u2013, f\u00fchrt zum Kaufkraftverlust der Pensionen. Bei der Pensionsanpassung f\u00fcr 2021 wird bei Pensionen ab 2.333 Euro nicht einmal mehr die Inflation abgegolten. Sosehr es zu begr\u00fc\u00dfen ist, dass kleinere Pensionen st\u00e4rker angehoben werden \u2013 denn hinter jeder kleinen Pension steht ein Mensch, bei dem es oft um die Existenz geht \u2013, so darf man aber auch die Mittelschicht nicht vergessen. F\u00fcr die, die viel in das System einbezahlt haben, muss es auch Solidarit\u00e4t geben.<br><\/p>\n\n\n\n<p class=\"has-text-align-right\"><em>Rudolf Srba, Vorsitzender der vida-BundespensionistInnen<\/em><\/p>\n\n\n\n<p><\/p>\n\n\n\n<p><\/p>\n<\/div><\/div>\n","protected":false},"excerpt":{"rendered":"<p>Solidarit\u00e4t leben Zentrales Prinzip unseres Pensionssystems ist, den Lebensstandard durch die Pensionsleistung aufrechtzuerhalten. Dabei ist zu beachten: Die Pensionsleistung ist eine Versicherungsleistung. Gehen wir ein wenig ins Detail.<\/p>\n","protected":false},"author":5,"featured_media":1807,"comment_status":"open","ping_status":"open","sticky":false,"template":"","format":"standard","meta":{"_uag_custom_page_level_css":"","advgb_blocks_editor_width":"","advgb_blocks_columns_visual_guide":"","footnotes":""},"categories":[4,1,32],"tags":[],"Orte":[],"activitytype":[],"class_list":["post-1804","post","type-post","status-publish","format-standard","has-post-thumbnail","hentry","category-aktuelles","category-allgemein","category-top-aktuelles","entry"],"featured_image_urls":{"full":["https:\/\/blog.vida.at\/pensionisten\/wp-content\/uploads\/sites\/10\/2021\/01\/Pension\u00a9-blende40-Fotolia.com_.jpg",424,283,false],"thumbnail":["https:\/\/blog.vida.at\/pensionisten\/wp-content\/uploads\/sites\/10\/2021\/01\/Pension\u00a9-blende40-Fotolia.com_-150x150.jpg",150,150,true],"medium":["https:\/\/blog.vida.at\/pensionisten\/wp-content\/uploads\/sites\/10\/2021\/01\/Pension\u00a9-blende40-Fotolia.com_-300x200.jpg",300,200,true],"medium_large":["https:\/\/blog.vida.at\/pensionisten\/wp-content\/uploads\/sites\/10\/2021\/01\/Pension\u00a9-blende40-Fotolia.com_.jpg",424,283,false],"large":["https:\/\/blog.vida.at\/pensionisten\/wp-content\/uploads\/sites\/10\/2021\/01\/Pension\u00a9-blende40-Fotolia.com_.jpg",424,283,false],"1536x1536":["https:\/\/blog.vida.at\/pensionisten\/wp-content\/uploads\/sites\/10\/2021\/01\/Pension\u00a9-blende40-Fotolia.com_.jpg",424,283,false],"2048x2048":["https:\/\/blog.vida.at\/pensionisten\/wp-content\/uploads\/sites\/10\/2021\/01\/Pension\u00a9-blende40-Fotolia.com_.jpg",424,283,false],"ab-block-post-grid-landscape":["https:\/\/blog.vida.at\/pensionisten\/wp-content\/uploads\/sites\/10\/2021\/01\/Pension\u00a9-blende40-Fotolia.com_.jpg",424,283,false],"ab-block-post-grid-square":["https:\/\/blog.vida.at\/pensionisten\/wp-content\/uploads\/sites\/10\/2021\/01\/Pension\u00a9-blende40-Fotolia.com_.jpg",424,283,false],"post-thumbnail":["https:\/\/blog.vida.at\/pensionisten\/wp-content\/uploads\/sites\/10\/2021\/01\/Pension\u00a9-blende40-Fotolia.com_.jpg",424,283,false],"awb_sm":["https:\/\/blog.vida.at\/pensionisten\/wp-content\/uploads\/sites\/10\/2021\/01\/Pension\u00a9-blende40-Fotolia.com_.jpg",424,283,false],"awb_md":["https:\/\/blog.vida.at\/pensionisten\/wp-content\/uploads\/sites\/10\/2021\/01\/Pension\u00a9-blende40-Fotolia.com_.jpg",424,283,false],"awb_lg":["https:\/\/blog.vida.at\/pensionisten\/wp-content\/uploads\/sites\/10\/2021\/01\/Pension\u00a9-blende40-Fotolia.com_.jpg",424,283,false],"awb_xl":["https:\/\/blog.vida.at\/pensionisten\/wp-content\/uploads\/sites\/10\/2021\/01\/Pension\u00a9-blende40-Fotolia.com_.jpg",424,283,false]},"post_excerpt_stackable":"<p>Solidarit\u00e4t leben Zentrales Prinzip unseres Pensionssystems ist, den Lebensstandard durch die Pensionsleistung aufrechtzuerhalten. Dabei ist zu beachten: Die Pensionsleistung ist eine Versicherungsleistung. Gehen wir ein wenig ins Detail. Eine Reform jagt die andere Das \u00f6sterreichische Pensionssystem basiert auf dem Umlageverfahren. Das bedeutet, dass die Pensionsversicherungsbeitr\u00e4ge, die von der beruflich aktiven Bev\u00f6lkerungsgruppe bezahlt werden, direkt an die PensionsbezieherInnen ausbezahlt, also umgelegt werden. Unser Pensionssystem ist sehr komplex und nicht immer leicht zu durchschauen. Reformen, Reformen und noch einmal Reformen \u2013 seit der Einf\u00fchrung der Pensionsversicherung im Jahr 1906 wurden die gesetzlichen Bestimmungen immer wieder ge\u00e4ndert \u2013 meist zum Nachteil der zuk\u00fcnftigen&hellip;<\/p>\n","category_list":"<a href=\"https:\/\/blog.vida.at\/pensionisten\/category\/aktuelles\/\" rel=\"category tag\">Aktuelles<\/a>, <a href=\"https:\/\/blog.vida.at\/pensionisten\/category\/allgemein\/\" rel=\"category tag\">Allgemein<\/a>, <a href=\"https:\/\/blog.vida.at\/pensionisten\/category\/top-aktuelles\/\" rel=\"category tag\">Top Aktuelles<\/a>","author_info":{"display_name":"michaelafeik","author_link":"https:\/\/blog.vida.at\/pensionisten\/author\/michaelafeik\/"},"comments_num":"0 comments","featured_image_urls_v2":{"full":["https:\/\/blog.vida.at\/pensionisten\/wp-content\/uploads\/sites\/10\/2021\/01\/Pension\u00a9-blende40-Fotolia.com_.jpg",424,283,false],"thumbnail":["https:\/\/blog.vida.at\/pensionisten\/wp-content\/uploads\/sites\/10\/2021\/01\/Pension\u00a9-blende40-Fotolia.com_-150x150.jpg",150,150,true],"medium":["https:\/\/blog.vida.at\/pensionisten\/wp-content\/uploads\/sites\/10\/2021\/01\/Pension\u00a9-blende40-Fotolia.com_-300x200.jpg",300,200,true],"medium_large":["https:\/\/blog.vida.at\/pensionisten\/wp-content\/uploads\/sites\/10\/2021\/01\/Pension\u00a9-blende40-Fotolia.com_.jpg",424,283,false],"large":["https:\/\/blog.vida.at\/pensionisten\/wp-content\/uploads\/sites\/10\/2021\/01\/Pension\u00a9-blende40-Fotolia.com_.jpg",424,283,false],"1536x1536":["https:\/\/blog.vida.at\/pensionisten\/wp-content\/uploads\/sites\/10\/2021\/01\/Pension\u00a9-blende40-Fotolia.com_.jpg",424,283,false],"2048x2048":["https:\/\/blog.vida.at\/pensionisten\/wp-content\/uploads\/sites\/10\/2021\/01\/Pension\u00a9-blende40-Fotolia.com_.jpg",424,283,false],"ab-block-post-grid-landscape":["https:\/\/blog.vida.at\/pensionisten\/wp-content\/uploads\/sites\/10\/2021\/01\/Pension\u00a9-blende40-Fotolia.com_.jpg",424,283,false],"ab-block-post-grid-square":["https:\/\/blog.vida.at\/pensionisten\/wp-content\/uploads\/sites\/10\/2021\/01\/Pension\u00a9-blende40-Fotolia.com_.jpg",424,283,false],"post-thumbnail":["https:\/\/blog.vida.at\/pensionisten\/wp-content\/uploads\/sites\/10\/2021\/01\/Pension\u00a9-blende40-Fotolia.com_.jpg",424,283,false],"awb_sm":["https:\/\/blog.vida.at\/pensionisten\/wp-content\/uploads\/sites\/10\/2021\/01\/Pension\u00a9-blende40-Fotolia.com_.jpg",424,283,false],"awb_md":["https:\/\/blog.vida.at\/pensionisten\/wp-content\/uploads\/sites\/10\/2021\/01\/Pension\u00a9-blende40-Fotolia.com_.jpg",424,283,false],"awb_lg":["https:\/\/blog.vida.at\/pensionisten\/wp-content\/uploads\/sites\/10\/2021\/01\/Pension\u00a9-blende40-Fotolia.com_.jpg",424,283,false],"awb_xl":["https:\/\/blog.vida.at\/pensionisten\/wp-content\/uploads\/sites\/10\/2021\/01\/Pension\u00a9-blende40-Fotolia.com_.jpg",424,283,false]},"post_excerpt_stackable_v2":"<p>Solidarit\u00e4t leben Zentrales Prinzip unseres Pensionssystems ist, den Lebensstandard durch die Pensionsleistung aufrechtzuerhalten. Dabei ist zu beachten: Die Pensionsleistung ist eine Versicherungsleistung. Gehen wir ein wenig ins Detail. Eine Reform jagt die andere Das \u00f6sterreichische Pensionssystem basiert auf dem Umlageverfahren. Das bedeutet, dass die Pensionsversicherungsbeitr\u00e4ge, die von der beruflich aktiven Bev\u00f6lkerungsgruppe bezahlt werden, direkt an die PensionsbezieherInnen ausbezahlt, also umgelegt werden. Unser Pensionssystem ist sehr komplex und nicht immer leicht zu durchschauen. Reformen, Reformen und noch einmal Reformen \u2013 seit der Einf\u00fchrung der Pensionsversicherung im Jahr 1906 wurden die gesetzlichen Bestimmungen immer wieder ge\u00e4ndert \u2013 meist zum Nachteil der zuk\u00fcnftigen&hellip;<\/p>\n","category_list_v2":"<a href=\"https:\/\/blog.vida.at\/pensionisten\/category\/aktuelles\/\" rel=\"category tag\">Aktuelles<\/a>, <a href=\"https:\/\/blog.vida.at\/pensionisten\/category\/allgemein\/\" rel=\"category tag\">Allgemein<\/a>, <a href=\"https:\/\/blog.vida.at\/pensionisten\/category\/top-aktuelles\/\" rel=\"category tag\">Top Aktuelles<\/a>","author_info_v2":{"name":"michaelafeik","url":"https:\/\/blog.vida.at\/pensionisten\/author\/michaelafeik\/"},"comments_num_v2":"0 comments","yoast_head":"<!-- This site is optimized with the Yoast SEO plugin v27.3 - https:\/\/yoast.com\/product\/yoast-seo-wordpress\/ -->\n<title>Pensionen<\/title>\n<meta name=\"robots\" content=\"index, follow, max-snippet:-1, max-image-preview:large, max-video-preview:-1\" \/>\n<link rel=\"canonical\" href=\"https:\/\/blog.vida.at\/pensionisten\/2021\/01\/11\/solidaritaet-leben-auch-bei-den-pensionen\/\" \/>\n<meta property=\"og:locale\" content=\"de_DE\" \/>\n<meta property=\"og:type\" content=\"article\" \/>\n<meta property=\"og:title\" content=\"Pensionen\" \/>\n<meta property=\"og:description\" content=\"Solidarit\u00e4t leben Zentrales Prinzip unseres Pensionssystems ist, den Lebensstandard durch die Pensionsleistung aufrechtzuerhalten. Dabei ist zu beachten: Die Pensionsleistung ist eine Versicherungsleistung. Gehen wir ein wenig ins Detail.\" \/>\n<meta property=\"og:url\" content=\"https:\/\/blog.vida.at\/pensionisten\/2021\/01\/11\/solidaritaet-leben-auch-bei-den-pensionen\/\" \/>\n<meta property=\"og:site_name\" content=\"vida Pensionisten\" \/>\n<meta property=\"article:published_time\" content=\"2021-01-11T15:18:00+00:00\" \/>\n<meta property=\"article:modified_time\" content=\"2021-01-11T15:24:48+00:00\" \/>\n<meta property=\"og:image\" content=\"https:\/\/blog.vida.at\/pensionisten\/wp-content\/uploads\/sites\/10\/2021\/01\/Pension\u00a9-blende40-Fotolia.com_.jpg\" \/>\n\t<meta property=\"og:image:width\" content=\"424\" \/>\n\t<meta property=\"og:image:height\" content=\"283\" \/>\n\t<meta property=\"og:image:type\" content=\"image\/jpeg\" \/>\n<meta name=\"author\" content=\"michaelafeik\" \/>\n<meta name=\"twitter:card\" content=\"summary_large_image\" \/>\n<meta name=\"twitter:label1\" content=\"Verfasst von\" \/>\n\t<meta name=\"twitter:data1\" content=\"michaelafeik\" \/>\n\t<meta name=\"twitter:label2\" content=\"Gesch\u00e4tzte Lesezeit\" \/>\n\t<meta name=\"twitter:data2\" content=\"2\u00a0Minuten\" \/>\n<script type=\"application\/ld+json\" class=\"yoast-schema-graph\">{\"@context\":\"https:\\\/\\\/schema.org\",\"@graph\":[{\"@type\":\"Article\",\"@id\":\"https:\\\/\\\/blog.vida.at\\\/pensionisten\\\/2021\\\/01\\\/11\\\/solidaritaet-leben-auch-bei-den-pensionen\\\/#article\",\"isPartOf\":{\"@id\":\"https:\\\/\\\/blog.vida.at\\\/pensionisten\\\/2021\\\/01\\\/11\\\/solidaritaet-leben-auch-bei-den-pensionen\\\/\"},\"author\":{\"name\":\"michaelafeik\",\"@id\":\"https:\\\/\\\/blog.vida.at\\\/pensionisten\\\/#\\\/schema\\\/person\\\/2cea9cf3d58cf9334410ed5d6feb8a56\"},\"headline\":\"Pensionen\",\"datePublished\":\"2021-01-11T15:18:00+00:00\",\"dateModified\":\"2021-01-11T15:24:48+00:00\",\"mainEntityOfPage\":{\"@id\":\"https:\\\/\\\/blog.vida.at\\\/pensionisten\\\/2021\\\/01\\\/11\\\/solidaritaet-leben-auch-bei-den-pensionen\\\/\"},\"wordCount\":410,\"commentCount\":0,\"image\":{\"@id\":\"https:\\\/\\\/blog.vida.at\\\/pensionisten\\\/2021\\\/01\\\/11\\\/solidaritaet-leben-auch-bei-den-pensionen\\\/#primaryimage\"},\"thumbnailUrl\":\"https:\\\/\\\/blog.vida.at\\\/pensionisten\\\/wp-content\\\/uploads\\\/sites\\\/10\\\/2021\\\/01\\\/Pension\u00a9-blende40-Fotolia.com_.jpg\",\"articleSection\":{\"0\":\"Aktuelles\",\"2\":\"Top Aktuelles\"},\"inLanguage\":\"de\",\"potentialAction\":[{\"@type\":\"CommentAction\",\"name\":\"Comment\",\"target\":[\"https:\\\/\\\/blog.vida.at\\\/pensionisten\\\/2021\\\/01\\\/11\\\/solidaritaet-leben-auch-bei-den-pensionen\\\/#respond\"]}]},{\"@type\":\"WebPage\",\"@id\":\"https:\\\/\\\/blog.vida.at\\\/pensionisten\\\/2021\\\/01\\\/11\\\/solidaritaet-leben-auch-bei-den-pensionen\\\/\",\"url\":\"https:\\\/\\\/blog.vida.at\\\/pensionisten\\\/2021\\\/01\\\/11\\\/solidaritaet-leben-auch-bei-den-pensionen\\\/\",\"name\":\"Pensionen\",\"isPartOf\":{\"@id\":\"https:\\\/\\\/blog.vida.at\\\/pensionisten\\\/#website\"},\"primaryImageOfPage\":{\"@id\":\"https:\\\/\\\/blog.vida.at\\\/pensionisten\\\/2021\\\/01\\\/11\\\/solidaritaet-leben-auch-bei-den-pensionen\\\/#primaryimage\"},\"image\":{\"@id\":\"https:\\\/\\\/blog.vida.at\\\/pensionisten\\\/2021\\\/01\\\/11\\\/solidaritaet-leben-auch-bei-den-pensionen\\\/#primaryimage\"},\"thumbnailUrl\":\"https:\\\/\\\/blog.vida.at\\\/pensionisten\\\/wp-content\\\/uploads\\\/sites\\\/10\\\/2021\\\/01\\\/Pension\u00a9-blende40-Fotolia.com_.jpg\",\"datePublished\":\"2021-01-11T15:18:00+00:00\",\"dateModified\":\"2021-01-11T15:24:48+00:00\",\"author\":{\"@id\":\"https:\\\/\\\/blog.vida.at\\\/pensionisten\\\/#\\\/schema\\\/person\\\/2cea9cf3d58cf9334410ed5d6feb8a56\"},\"breadcrumb\":{\"@id\":\"https:\\\/\\\/blog.vida.at\\\/pensionisten\\\/2021\\\/01\\\/11\\\/solidaritaet-leben-auch-bei-den-pensionen\\\/#breadcrumb\"},\"inLanguage\":\"de\",\"potentialAction\":[{\"@type\":\"ReadAction\",\"target\":[\"https:\\\/\\\/blog.vida.at\\\/pensionisten\\\/2021\\\/01\\\/11\\\/solidaritaet-leben-auch-bei-den-pensionen\\\/\"]}]},{\"@type\":\"ImageObject\",\"inLanguage\":\"de\",\"@id\":\"https:\\\/\\\/blog.vida.at\\\/pensionisten\\\/2021\\\/01\\\/11\\\/solidaritaet-leben-auch-bei-den-pensionen\\\/#primaryimage\",\"url\":\"https:\\\/\\\/blog.vida.at\\\/pensionisten\\\/wp-content\\\/uploads\\\/sites\\\/10\\\/2021\\\/01\\\/Pension\u00a9-blende40-Fotolia.com_.jpg\",\"contentUrl\":\"https:\\\/\\\/blog.vida.at\\\/pensionisten\\\/wp-content\\\/uploads\\\/sites\\\/10\\\/2021\\\/01\\\/Pension\u00a9-blende40-Fotolia.com_.jpg\",\"width\":424,\"height\":283,\"caption\":\"Senioren sitzen auf Muenzstapel\"},{\"@type\":\"BreadcrumbList\",\"@id\":\"https:\\\/\\\/blog.vida.at\\\/pensionisten\\\/2021\\\/01\\\/11\\\/solidaritaet-leben-auch-bei-den-pensionen\\\/#breadcrumb\",\"itemListElement\":[{\"@type\":\"ListItem\",\"position\":1,\"name\":\"Startseite\",\"item\":\"https:\\\/\\\/blog.vida.at\\\/pensionisten\\\/\"},{\"@type\":\"ListItem\",\"position\":2,\"name\":\"Pensionen\"}]},{\"@type\":\"WebSite\",\"@id\":\"https:\\\/\\\/blog.vida.at\\\/pensionisten\\\/#website\",\"url\":\"https:\\\/\\\/blog.vida.at\\\/pensionisten\\\/\",\"name\":\"vida Pensionisten\",\"description\":\"\",\"potentialAction\":[{\"@type\":\"SearchAction\",\"target\":{\"@type\":\"EntryPoint\",\"urlTemplate\":\"https:\\\/\\\/blog.vida.at\\\/pensionisten\\\/?s={search_term_string}\"},\"query-input\":{\"@type\":\"PropertyValueSpecification\",\"valueRequired\":true,\"valueName\":\"search_term_string\"}}],\"inLanguage\":\"de\"},{\"@type\":\"Person\",\"@id\":\"https:\\\/\\\/blog.vida.at\\\/pensionisten\\\/#\\\/schema\\\/person\\\/2cea9cf3d58cf9334410ed5d6feb8a56\",\"name\":\"michaelafeik\",\"image\":{\"@type\":\"ImageObject\",\"inLanguage\":\"de\",\"@id\":\"https:\\\/\\\/secure.gravatar.com\\\/avatar\\\/03d8da787452696abe6f1e2aedabdf17f0d62a0779c9ed004162282155b35ea3?s=96&d=mm&r=g\",\"url\":\"https:\\\/\\\/secure.gravatar.com\\\/avatar\\\/03d8da787452696abe6f1e2aedabdf17f0d62a0779c9ed004162282155b35ea3?s=96&d=mm&r=g\",\"contentUrl\":\"https:\\\/\\\/secure.gravatar.com\\\/avatar\\\/03d8da787452696abe6f1e2aedabdf17f0d62a0779c9ed004162282155b35ea3?s=96&d=mm&r=g\",\"caption\":\"michaelafeik\"},\"url\":\"https:\\\/\\\/blog.vida.at\\\/pensionisten\\\/author\\\/michaelafeik\\\/\"}]}<\/script>\n<!-- \/ Yoast SEO plugin. -->","yoast_head_json":{"title":"Pensionen","robots":{"index":"index","follow":"follow","max-snippet":"max-snippet:-1","max-image-preview":"max-image-preview:large","max-video-preview":"max-video-preview:-1"},"canonical":"https:\/\/blog.vida.at\/pensionisten\/2021\/01\/11\/solidaritaet-leben-auch-bei-den-pensionen\/","og_locale":"de_DE","og_type":"article","og_title":"Pensionen","og_description":"Solidarit\u00e4t leben Zentrales Prinzip unseres Pensionssystems ist, den Lebensstandard durch die Pensionsleistung aufrechtzuerhalten. Dabei ist zu beachten: Die Pensionsleistung ist eine Versicherungsleistung. Gehen wir ein wenig ins Detail.","og_url":"https:\/\/blog.vida.at\/pensionisten\/2021\/01\/11\/solidaritaet-leben-auch-bei-den-pensionen\/","og_site_name":"vida Pensionisten","article_published_time":"2021-01-11T15:18:00+00:00","article_modified_time":"2021-01-11T15:24:48+00:00","og_image":[{"width":424,"height":283,"url":"https:\/\/blog.vida.at\/pensionisten\/wp-content\/uploads\/sites\/10\/2021\/01\/Pension\u00a9-blende40-Fotolia.com_.jpg","type":"image\/jpeg"}],"author":"michaelafeik","twitter_card":"summary_large_image","twitter_misc":{"Verfasst von":"michaelafeik","Gesch\u00e4tzte Lesezeit":"2\u00a0Minuten"},"schema":{"@context":"https:\/\/schema.org","@graph":[{"@type":"Article","@id":"https:\/\/blog.vida.at\/pensionisten\/2021\/01\/11\/solidaritaet-leben-auch-bei-den-pensionen\/#article","isPartOf":{"@id":"https:\/\/blog.vida.at\/pensionisten\/2021\/01\/11\/solidaritaet-leben-auch-bei-den-pensionen\/"},"author":{"name":"michaelafeik","@id":"https:\/\/blog.vida.at\/pensionisten\/#\/schema\/person\/2cea9cf3d58cf9334410ed5d6feb8a56"},"headline":"Pensionen","datePublished":"2021-01-11T15:18:00+00:00","dateModified":"2021-01-11T15:24:48+00:00","mainEntityOfPage":{"@id":"https:\/\/blog.vida.at\/pensionisten\/2021\/01\/11\/solidaritaet-leben-auch-bei-den-pensionen\/"},"wordCount":410,"commentCount":0,"image":{"@id":"https:\/\/blog.vida.at\/pensionisten\/2021\/01\/11\/solidaritaet-leben-auch-bei-den-pensionen\/#primaryimage"},"thumbnailUrl":"https:\/\/blog.vida.at\/pensionisten\/wp-content\/uploads\/sites\/10\/2021\/01\/Pension\u00a9-blende40-Fotolia.com_.jpg","articleSection":{"0":"Aktuelles","2":"Top Aktuelles"},"inLanguage":"de","potentialAction":[{"@type":"CommentAction","name":"Comment","target":["https:\/\/blog.vida.at\/pensionisten\/2021\/01\/11\/solidaritaet-leben-auch-bei-den-pensionen\/#respond"]}]},{"@type":"WebPage","@id":"https:\/\/blog.vida.at\/pensionisten\/2021\/01\/11\/solidaritaet-leben-auch-bei-den-pensionen\/","url":"https:\/\/blog.vida.at\/pensionisten\/2021\/01\/11\/solidaritaet-leben-auch-bei-den-pensionen\/","name":"Pensionen","isPartOf":{"@id":"https:\/\/blog.vida.at\/pensionisten\/#website"},"primaryImageOfPage":{"@id":"https:\/\/blog.vida.at\/pensionisten\/2021\/01\/11\/solidaritaet-leben-auch-bei-den-pensionen\/#primaryimage"},"image":{"@id":"https:\/\/blog.vida.at\/pensionisten\/2021\/01\/11\/solidaritaet-leben-auch-bei-den-pensionen\/#primaryimage"},"thumbnailUrl":"https:\/\/blog.vida.at\/pensionisten\/wp-content\/uploads\/sites\/10\/2021\/01\/Pension\u00a9-blende40-Fotolia.com_.jpg","datePublished":"2021-01-11T15:18:00+00:00","dateModified":"2021-01-11T15:24:48+00:00","author":{"@id":"https:\/\/blog.vida.at\/pensionisten\/#\/schema\/person\/2cea9cf3d58cf9334410ed5d6feb8a56"},"breadcrumb":{"@id":"https:\/\/blog.vida.at\/pensionisten\/2021\/01\/11\/solidaritaet-leben-auch-bei-den-pensionen\/#breadcrumb"},"inLanguage":"de","potentialAction":[{"@type":"ReadAction","target":["https:\/\/blog.vida.at\/pensionisten\/2021\/01\/11\/solidaritaet-leben-auch-bei-den-pensionen\/"]}]},{"@type":"ImageObject","inLanguage":"de","@id":"https:\/\/blog.vida.at\/pensionisten\/2021\/01\/11\/solidaritaet-leben-auch-bei-den-pensionen\/#primaryimage","url":"https:\/\/blog.vida.at\/pensionisten\/wp-content\/uploads\/sites\/10\/2021\/01\/Pension\u00a9-blende40-Fotolia.com_.jpg","contentUrl":"https:\/\/blog.vida.at\/pensionisten\/wp-content\/uploads\/sites\/10\/2021\/01\/Pension\u00a9-blende40-Fotolia.com_.jpg","width":424,"height":283,"caption":"Senioren sitzen auf Muenzstapel"},{"@type":"BreadcrumbList","@id":"https:\/\/blog.vida.at\/pensionisten\/2021\/01\/11\/solidaritaet-leben-auch-bei-den-pensionen\/#breadcrumb","itemListElement":[{"@type":"ListItem","position":1,"name":"Startseite","item":"https:\/\/blog.vida.at\/pensionisten\/"},{"@type":"ListItem","position":2,"name":"Pensionen"}]},{"@type":"WebSite","@id":"https:\/\/blog.vida.at\/pensionisten\/#website","url":"https:\/\/blog.vida.at\/pensionisten\/","name":"vida Pensionisten","description":"","potentialAction":[{"@type":"SearchAction","target":{"@type":"EntryPoint","urlTemplate":"https:\/\/blog.vida.at\/pensionisten\/?s={search_term_string}"},"query-input":{"@type":"PropertyValueSpecification","valueRequired":true,"valueName":"search_term_string"}}],"inLanguage":"de"},{"@type":"Person","@id":"https:\/\/blog.vida.at\/pensionisten\/#\/schema\/person\/2cea9cf3d58cf9334410ed5d6feb8a56","name":"michaelafeik","image":{"@type":"ImageObject","inLanguage":"de","@id":"https:\/\/secure.gravatar.com\/avatar\/03d8da787452696abe6f1e2aedabdf17f0d62a0779c9ed004162282155b35ea3?s=96&d=mm&r=g","url":"https:\/\/secure.gravatar.com\/avatar\/03d8da787452696abe6f1e2aedabdf17f0d62a0779c9ed004162282155b35ea3?s=96&d=mm&r=g","contentUrl":"https:\/\/secure.gravatar.com\/avatar\/03d8da787452696abe6f1e2aedabdf17f0d62a0779c9ed004162282155b35ea3?s=96&d=mm&r=g","caption":"michaelafeik"},"url":"https:\/\/blog.vida.at\/pensionisten\/author\/michaelafeik\/"}]}},"author_meta":{"display_name":"michaelafeik","author_link":"https:\/\/blog.vida.at\/pensionisten\/author\/michaelafeik\/"},"featured_img":"https:\/\/blog.vida.at\/pensionisten\/wp-content\/uploads\/sites\/10\/2021\/01\/Pension\u00a9-blende40-Fotolia.com_-300x200.jpg","featured_image_src":"https:\/\/blog.vida.at\/pensionisten\/wp-content\/uploads\/sites\/10\/2021\/01\/Pension\u00a9-blende40-Fotolia.com_.jpg","featured_image_src_square":"https:\/\/blog.vida.at\/pensionisten\/wp-content\/uploads\/sites\/10\/2021\/01\/Pension\u00a9-blende40-Fotolia.com_.jpg","uagb_featured_image_src":{"full":["https:\/\/blog.vida.at\/pensionisten\/wp-content\/uploads\/sites\/10\/2021\/01\/Pension\u00a9-blende40-Fotolia.com_.jpg",424,283,false],"thumbnail":["https:\/\/blog.vida.at\/pensionisten\/wp-content\/uploads\/sites\/10\/2021\/01\/Pension\u00a9-blende40-Fotolia.com_-150x150.jpg",150,150,true],"medium":["https:\/\/blog.vida.at\/pensionisten\/wp-content\/uploads\/sites\/10\/2021\/01\/Pension\u00a9-blende40-Fotolia.com_-300x200.jpg",300,200,true],"medium_large":["https:\/\/blog.vida.at\/pensionisten\/wp-content\/uploads\/sites\/10\/2021\/01\/Pension\u00a9-blende40-Fotolia.com_.jpg",424,283,false],"large":["https:\/\/blog.vida.at\/pensionisten\/wp-content\/uploads\/sites\/10\/2021\/01\/Pension\u00a9-blende40-Fotolia.com_.jpg",424,283,false],"1536x1536":["https:\/\/blog.vida.at\/pensionisten\/wp-content\/uploads\/sites\/10\/2021\/01\/Pension\u00a9-blende40-Fotolia.com_.jpg",424,283,false],"2048x2048":["https:\/\/blog.vida.at\/pensionisten\/wp-content\/uploads\/sites\/10\/2021\/01\/Pension\u00a9-blende40-Fotolia.com_.jpg",424,283,false],"ab-block-post-grid-landscape":["https:\/\/blog.vida.at\/pensionisten\/wp-content\/uploads\/sites\/10\/2021\/01\/Pension\u00a9-blende40-Fotolia.com_.jpg",424,283,false],"ab-block-post-grid-square":["https:\/\/blog.vida.at\/pensionisten\/wp-content\/uploads\/sites\/10\/2021\/01\/Pension\u00a9-blende40-Fotolia.com_.jpg",424,283,false],"post-thumbnail":["https:\/\/blog.vida.at\/pensionisten\/wp-content\/uploads\/sites\/10\/2021\/01\/Pension\u00a9-blende40-Fotolia.com_.jpg",424,283,false],"awb_sm":["https:\/\/blog.vida.at\/pensionisten\/wp-content\/uploads\/sites\/10\/2021\/01\/Pension\u00a9-blende40-Fotolia.com_.jpg",424,283,false],"awb_md":["https:\/\/blog.vida.at\/pensionisten\/wp-content\/uploads\/sites\/10\/2021\/01\/Pension\u00a9-blende40-Fotolia.com_.jpg",424,283,false],"awb_lg":["https:\/\/blog.vida.at\/pensionisten\/wp-content\/uploads\/sites\/10\/2021\/01\/Pension\u00a9-blende40-Fotolia.com_.jpg",424,283,false],"awb_xl":["https:\/\/blog.vida.at\/pensionisten\/wp-content\/uploads\/sites\/10\/2021\/01\/Pension\u00a9-blende40-Fotolia.com_.jpg",424,283,false]},"uagb_author_info":{"display_name":"michaelafeik","author_link":"https:\/\/blog.vida.at\/pensionisten\/author\/michaelafeik\/"},"uagb_comment_info":0,"uagb_excerpt":"Solidarit\u00e4t leben Zentrales Prinzip unseres Pensionssystems ist, den Lebensstandard durch die Pensionsleistung aufrechtzuerhalten. Dabei ist zu beachten: Die Pensionsleistung ist eine Versicherungsleistung. Gehen wir ein wenig ins Detail.","coauthors":[],"tax_additional":{"categories":{"linked":["<a href=\"https:\/\/blog.vida.at\/pensionisten\/category\/aktuelles\/\" class=\"advgb-post-tax-term\">Aktuelles<\/a>","<a href=\"https:\/\/blog.vida.at\/pensionisten\/category\/allgemein\/\" class=\"advgb-post-tax-term\">Allgemein<\/a>","<a href=\"https:\/\/blog.vida.at\/pensionisten\/category\/top-aktuelles\/\" class=\"advgb-post-tax-term\">Top Aktuelles<\/a>"],"unlinked":["<span class=\"advgb-post-tax-term\">Aktuelles<\/span>","<span class=\"advgb-post-tax-term\">Allgemein<\/span>","<span class=\"advgb-post-tax-term\">Top Aktuelles<\/span>"]}},"comment_count":"0","relative_dates":{"created":"Ver\u00f6ffentlicht 5\u00a0Jahren vor","modified":"Aktualisiert 5\u00a0Jahren vor"},"absolute_dates":{"created":"Ver\u00f6ffentlicht am 11. Januar 2021","modified":"Aktualisiert am 11. Januar 2021"},"absolute_dates_time":{"created":"Ver\u00f6ffentlicht am 11. Januar 2021 16:18","modified":"Aktualisiert am 11. Januar 2021 16:24"},"featured_img_caption":"Senioren sitzen auf Muenzstapel","series_order":"","_links":{"self":[{"href":"https:\/\/blog.vida.at\/pensionisten\/wp-json\/wp\/v2\/posts\/1804","targetHints":{"allow":["GET"]}}],"collection":[{"href":"https:\/\/blog.vida.at\/pensionisten\/wp-json\/wp\/v2\/posts"}],"about":[{"href":"https:\/\/blog.vida.at\/pensionisten\/wp-json\/wp\/v2\/types\/post"}],"author":[{"embeddable":true,"href":"https:\/\/blog.vida.at\/pensionisten\/wp-json\/wp\/v2\/users\/5"}],"replies":[{"embeddable":true,"href":"https:\/\/blog.vida.at\/pensionisten\/wp-json\/wp\/v2\/comments?post=1804"}],"version-history":[{"count":10,"href":"https:\/\/blog.vida.at\/pensionisten\/wp-json\/wp\/v2\/posts\/1804\/revisions"}],"predecessor-version":[{"id":1817,"href":"https:\/\/blog.vida.at\/pensionisten\/wp-json\/wp\/v2\/posts\/1804\/revisions\/1817"}],"wp:featuredmedia":[{"embeddable":true,"href":"https:\/\/blog.vida.at\/pensionisten\/wp-json\/wp\/v2\/media\/1807"}],"wp:attachment":[{"href":"https:\/\/blog.vida.at\/pensionisten\/wp-json\/wp\/v2\/media?parent=1804"}],"wp:term":[{"taxonomy":"category","embeddable":true,"href":"https:\/\/blog.vida.at\/pensionisten\/wp-json\/wp\/v2\/categories?post=1804"},{"taxonomy":"post_tag","embeddable":true,"href":"https:\/\/blog.vida.at\/pensionisten\/wp-json\/wp\/v2\/tags?post=1804"},{"taxonomy":"Orte","embeddable":true,"href":"https:\/\/blog.vida.at\/pensionisten\/wp-json\/wp\/v2\/Orte?post=1804"},{"taxonomy":"activitytype","embeddable":true,"href":"https:\/\/blog.vida.at\/pensionisten\/wp-json\/wp\/v2\/activitytype?post=1804"}],"curies":[{"name":"wp","href":"https:\/\/api.w.org\/{rel}","templated":true}]}}