
{"id":1864,"date":"2021-02-04T13:34:00","date_gmt":"2021-02-04T12:34:00","guid":{"rendered":"https:\/\/blog.vida.at\/pensionisten\/?p=1864"},"modified":"2021-02-04T14:14:28","modified_gmt":"2021-02-04T13:14:28","slug":"wenn-corona-auf-die-psyche-schlaegt","status":"publish","type":"post","link":"https:\/\/blog.vida.at\/pensionisten\/2021\/02\/04\/wenn-corona-auf-die-psyche-schlaegt\/","title":{"rendered":"Wenn Corona auf die Psyche schl\u00e4gt"},"content":{"rendered":"\n<div class=\"wp-block-group Container\"><div class=\"wp-block-group__inner-container is-layout-flow wp-block-group-is-layout-flow\">\n<h4 class=\"wp-block-heading\"><strong><strong>Bei seelischen Belastungen Hilfe holen. Beratungsangebot in Wien.<\/strong><\/strong><br><\/h4>\n\n\n\n<p>Die Corona-Krise l\u00f6st in uns allen ein Gef\u00fchl der Unsicherheit aus. Die anhaltenden massiven Beschr\u00e4nkungen des \u00f6ffentlichen Lebens sind eine Belastung f\u00fcr die Seele. In Krisenzeiten gilt umso mehr, achtsam mit sich selbst sein, m\u00f6gliche Anzeichen psychischer Belastungen ernstnehmen und im Fall der F\u00e4lle Unterst\u00fctzung suchen.<\/p>\n\n\n\n<!--more-->\n\n\n\n<h4 class=\"wp-block-heading\"><br><strong>Nicht allein in der Krise<\/strong><\/h4>\n\n\n\n<p>Es kann jede und jeden treffen \u2013 ob jung oder alt, egal welchen Geschlechts, ob reich oder arm, hier geboren oder zugezogen: Jeder Mensch kann durch Belastungen im Alltag psychische Erkrankungen entwickeln. Nur wenige Betroffene suchen sich jedoch professionelle Hilfe. Oftmals wird man bei der Suche mit nicht leistbaren Therapiekosten konfrontiert. Auch scheuen sich manche Menschen vor dem Erstgespr\u00e4ch mit einer\/einem PsychotherapeutIn bzw. sprechen nicht gerne \u00fcber ihre Gef\u00fchle und Erfahrungen. Wer sich jedoch rechtzeitig Unterst\u00fctzung und Hilfe holt, kann sich viel Leid ersparen.<\/p>\n\n\n\n<h4 class=\"wp-block-heading\"><strong>Reden hilft<\/strong><\/h4>\n\n\n\n<p>Die&nbsp;<a href=\"http:\/\/www.pt-ambulanz.at\/\" target=\"_blank\" rel=\"noreferrer noopener\">Psychotherapeutische Ambulanz des \u00d6AGG<\/a>, kurz pta, wurde in Wien in Kooperation mit der \u00d6GK gegr\u00fcndet. Sie hilft Menschen mit psychischen Belastungen und unterst\u00fctzt bei der Entwicklung neuer Perspektiven und Bew\u00e4ltigungsstrategien. Unter einem Dach gibt es ein umfangreiches Therapieangebot f\u00fcr verschiedene psychische Erkrankungen.<\/p>\n\n\n\n<p><strong>Angeboten werden:<\/strong><\/p>\n\n\n\n<ul class=\"wp-block-list\"><li>Gruppenpsychotherapie zu verschiedenen Schwerpunkten<\/li><li>Frauen- und M\u00e4nnergruppen<\/li><li>Eigene Suchttherapiegruppen<\/li><li>Spezielle Angebote f\u00fcr Familien und Paare<\/li><li>Einzeltherapie zu kosteng\u00fcnstigen Tarifen<\/li><li>Psychologische Diagnostik<\/li><li>Psychosoziale Beratung<\/li><li>Fach\u00e4rztliche Beratungsgespr\u00e4che<\/li><\/ul>\n\n\n\n<p>Alle Angebote richten sich an Erwachsene jeder Altersgruppe ab 18 Jahren. <strong>F\u00fcr \u00d6GK-Versicherte ist die Gruppentherapie kostenlos. <\/strong>Die Kosten f\u00fcr alle anderen Therapieformen sind nach dem Einkommen gestaffelt.<br><br><strong>Schritt f\u00fcr Schritt:<\/strong><\/p>\n\n\n\n<ol class=\"wp-block-list\"><li><strong>Terminvereinbarung&nbsp;<\/strong>unter Tel. +43 1 710 5764 oder per E-Mail an&nbsp;<a>office@pt-ambulanz.at<\/a><\/li><li><strong>Vertrauliches Clearing-Gespr\u00e4ch&nbsp;<\/strong>\u00fcber die Psychotherapieangebote, Aufnahme der pers\u00f6nlichen Daten und des pers\u00f6nlichen Anliegens<\/li><li><strong>Psychotherapeutisches Erstgespr\u00e4ch<\/strong>, gegenseitiges Kennenlernen von PatientIn und PsychotherapeutIn, gemeinsames Beleuchten des Problems und Leidens, Besprechung m\u00f6glicher Behandlungsziele und des Therapieplans<br><\/li><\/ol>\n\n\n\n<p><strong><span style=\"color: #e2001a;\" class=\"ugb-highlight\">Nimm Kontakt auf<\/span><\/strong><br><strong>\u00d6AGG psychotherapeutische Ambulanz GmbH<\/strong><br>1030 Wien, Marxergasse 25<br>Tel.: +43 1 710 57 64<br>E-Mail:\u00a0<a>office@pt-ambulanz.at<\/a><br>Website:\u00a0<a href=\"http:\/\/www.pt-ambulanz.at\/\" target=\"_blank\" rel=\"noreferrer noopener\">www.pt-ambulanz.at<\/a><\/p>\n\n\n\n<div class=\"wp-block-ugb-button ugb-button-wrapper ugb-0f33736 ugb-main-block\"><div class=\"ugb-inner-block\"><div class=\"ugb-block-content\"><div class=\"ugb-button-container\"><a class=\"ugb-button1 ugb-button ugb-button--size-normal\" href=\"https:\/\/blog.vida.at\/pensionisten\/wp-content\/uploads\/sites\/10\/2021\/02\/Satellite.pdf\" target=\"_blank\" rel=\"noopener noreferrer\" title=\"\"><span class=\"ugb-button--inner\">FOLDER als Download<\/span><\/a><\/div><\/div><\/div><\/div>\n\n\n\n<p><\/p>\n\n\n\n<p><\/p>\n\n\n\n<p><\/p>\n\n\n\n<p><\/p>\n\n\n\n<p><\/p>\n<\/div><\/div>\n<style class=\"advgb-styles-renderer\">.ugb-0f33736 .ugb-block-content{justify-content:flex-start}.ugb-0f33736 .ugb-inner-block{text-align:left}<\/style>","protected":false},"excerpt":{"rendered":"<p>Bei seelischen Belastungen Hilfe holen. Beratungsangebot in Wien. Die Corona-Krise l\u00f6st in uns allen ein Gef\u00fchl der Unsicherheit aus. Die anhaltenden massiven Beschr\u00e4nkungen des \u00f6ffentlichen Lebens sind eine Belastung f\u00fcr die Seele. In Krisenzeiten gilt umso mehr, achtsam mit sich selbst sein, m\u00f6gliche Anzeichen psychischer Belastungen ernstnehmen und im Fall der F\u00e4lle Unterst\u00fctzung suchen.<\/p>\n","protected":false},"author":5,"featured_media":1868,"comment_status":"open","ping_status":"open","sticky":false,"template":"","format":"standard","meta":{"_uag_custom_page_level_css":"","advgb_blocks_editor_width":"","advgb_blocks_columns_visual_guide":"","footnotes":""},"categories":[4,1,32],"tags":[],"Orte":[],"activitytype":[],"class_list":["post-1864","post","type-post","status-publish","format-standard","has-post-thumbnail","hentry","category-aktuelles","category-allgemein","category-top-aktuelles","entry"],"featured_image_urls":{"full":["https:\/\/blog.vida.at\/pensionisten\/wp-content\/uploads\/sites\/10\/2021\/02\/senior-sad-man-leans-on-a-cane-while-sitting-on-so-SDBGQWW-scaled.jpg",2560,1709,false],"thumbnail":["https:\/\/blog.vida.at\/pensionisten\/wp-content\/uploads\/sites\/10\/2021\/02\/senior-sad-man-leans-on-a-cane-while-sitting-on-so-SDBGQWW-150x150.jpg",150,150,true],"medium":["https:\/\/blog.vida.at\/pensionisten\/wp-content\/uploads\/sites\/10\/2021\/02\/senior-sad-man-leans-on-a-cane-while-sitting-on-so-SDBGQWW-300x200.jpg",300,200,true],"medium_large":["https:\/\/blog.vida.at\/pensionisten\/wp-content\/uploads\/sites\/10\/2021\/02\/senior-sad-man-leans-on-a-cane-while-sitting-on-so-SDBGQWW-768x513.jpg",640,428,true],"large":["https:\/\/blog.vida.at\/pensionisten\/wp-content\/uploads\/sites\/10\/2021\/02\/senior-sad-man-leans-on-a-cane-while-sitting-on-so-SDBGQWW-1024x683.jpg",640,427,true],"1536x1536":["https:\/\/blog.vida.at\/pensionisten\/wp-content\/uploads\/sites\/10\/2021\/02\/senior-sad-man-leans-on-a-cane-while-sitting-on-so-SDBGQWW-1536x1025.jpg",1536,1025,true],"2048x2048":["https:\/\/blog.vida.at\/pensionisten\/wp-content\/uploads\/sites\/10\/2021\/02\/senior-sad-man-leans-on-a-cane-while-sitting-on-so-SDBGQWW-2048x1367.jpg",2048,1367,true],"ab-block-post-grid-landscape":["https:\/\/blog.vida.at\/pensionisten\/wp-content\/uploads\/sites\/10\/2021\/02\/senior-sad-man-leans-on-a-cane-while-sitting-on-so-SDBGQWW-600x400.jpg",600,400,true],"ab-block-post-grid-square":["https:\/\/blog.vida.at\/pensionisten\/wp-content\/uploads\/sites\/10\/2021\/02\/senior-sad-man-leans-on-a-cane-while-sitting-on-so-SDBGQWW-600x600.jpg",600,600,true],"post-thumbnail":["https:\/\/blog.vida.at\/pensionisten\/wp-content\/uploads\/sites\/10\/2021\/02\/senior-sad-man-leans-on-a-cane-while-sitting-on-so-SDBGQWW-1568x1046.jpg",1568,1046,true],"awb_sm":["https:\/\/blog.vida.at\/pensionisten\/wp-content\/uploads\/sites\/10\/2021\/02\/senior-sad-man-leans-on-a-cane-while-sitting-on-so-SDBGQWW-500x334.jpg",500,334,true],"awb_md":["https:\/\/blog.vida.at\/pensionisten\/wp-content\/uploads\/sites\/10\/2021\/02\/senior-sad-man-leans-on-a-cane-while-sitting-on-so-SDBGQWW-800x534.jpg",800,534,true],"awb_lg":["https:\/\/blog.vida.at\/pensionisten\/wp-content\/uploads\/sites\/10\/2021\/02\/senior-sad-man-leans-on-a-cane-while-sitting-on-so-SDBGQWW-1280x854.jpg",1280,854,true],"awb_xl":["https:\/\/blog.vida.at\/pensionisten\/wp-content\/uploads\/sites\/10\/2021\/02\/senior-sad-man-leans-on-a-cane-while-sitting-on-so-SDBGQWW-1920x1281.jpg",1920,1281,true]},"post_excerpt_stackable":"<p>Bei seelischen Belastungen Hilfe holen. Beratungsangebot in Wien. Die Corona-Krise l\u00f6st in uns allen ein Gef\u00fchl der Unsicherheit aus. Die anhaltenden massiven Beschr\u00e4nkungen des \u00f6ffentlichen Lebens sind eine Belastung f\u00fcr die Seele. In Krisenzeiten gilt umso mehr, achtsam mit sich selbst sein, m\u00f6gliche Anzeichen psychischer Belastungen ernstnehmen und im Fall der F\u00e4lle Unterst\u00fctzung suchen. Nicht allein in der Krise Es kann jede und jeden treffen \u2013 ob jung oder alt, egal welchen Geschlechts, ob reich oder arm, hier geboren oder zugezogen: Jeder Mensch kann durch Belastungen im Alltag psychische Erkrankungen entwickeln. Nur wenige Betroffene suchen sich jedoch professionelle Hilfe. Oftmals&hellip;<\/p>\n","category_list":"<a href=\"https:\/\/blog.vida.at\/pensionisten\/category\/aktuelles\/\" rel=\"category tag\">Aktuelles<\/a>, <a href=\"https:\/\/blog.vida.at\/pensionisten\/category\/allgemein\/\" rel=\"category tag\">Allgemein<\/a>, <a href=\"https:\/\/blog.vida.at\/pensionisten\/category\/top-aktuelles\/\" rel=\"category tag\">Top Aktuelles<\/a>","author_info":{"display_name":"michaelafeik","author_link":"https:\/\/blog.vida.at\/pensionisten\/author\/michaelafeik\/"},"comments_num":"0 comments","featured_image_urls_v2":{"full":["https:\/\/blog.vida.at\/pensionisten\/wp-content\/uploads\/sites\/10\/2021\/02\/senior-sad-man-leans-on-a-cane-while-sitting-on-so-SDBGQWW-scaled.jpg",2560,1709,false],"thumbnail":["https:\/\/blog.vida.at\/pensionisten\/wp-content\/uploads\/sites\/10\/2021\/02\/senior-sad-man-leans-on-a-cane-while-sitting-on-so-SDBGQWW-150x150.jpg",150,150,true],"medium":["https:\/\/blog.vida.at\/pensionisten\/wp-content\/uploads\/sites\/10\/2021\/02\/senior-sad-man-leans-on-a-cane-while-sitting-on-so-SDBGQWW-300x200.jpg",300,200,true],"medium_large":["https:\/\/blog.vida.at\/pensionisten\/wp-content\/uploads\/sites\/10\/2021\/02\/senior-sad-man-leans-on-a-cane-while-sitting-on-so-SDBGQWW-768x513.jpg",640,428,true],"large":["https:\/\/blog.vida.at\/pensionisten\/wp-content\/uploads\/sites\/10\/2021\/02\/senior-sad-man-leans-on-a-cane-while-sitting-on-so-SDBGQWW-1024x683.jpg",640,427,true],"1536x1536":["https:\/\/blog.vida.at\/pensionisten\/wp-content\/uploads\/sites\/10\/2021\/02\/senior-sad-man-leans-on-a-cane-while-sitting-on-so-SDBGQWW-1536x1025.jpg",1536,1025,true],"2048x2048":["https:\/\/blog.vida.at\/pensionisten\/wp-content\/uploads\/sites\/10\/2021\/02\/senior-sad-man-leans-on-a-cane-while-sitting-on-so-SDBGQWW-2048x1367.jpg",2048,1367,true],"ab-block-post-grid-landscape":["https:\/\/blog.vida.at\/pensionisten\/wp-content\/uploads\/sites\/10\/2021\/02\/senior-sad-man-leans-on-a-cane-while-sitting-on-so-SDBGQWW-600x400.jpg",600,400,true],"ab-block-post-grid-square":["https:\/\/blog.vida.at\/pensionisten\/wp-content\/uploads\/sites\/10\/2021\/02\/senior-sad-man-leans-on-a-cane-while-sitting-on-so-SDBGQWW-600x600.jpg",600,600,true],"post-thumbnail":["https:\/\/blog.vida.at\/pensionisten\/wp-content\/uploads\/sites\/10\/2021\/02\/senior-sad-man-leans-on-a-cane-while-sitting-on-so-SDBGQWW-1568x1046.jpg",1568,1046,true],"awb_sm":["https:\/\/blog.vida.at\/pensionisten\/wp-content\/uploads\/sites\/10\/2021\/02\/senior-sad-man-leans-on-a-cane-while-sitting-on-so-SDBGQWW-500x334.jpg",500,334,true],"awb_md":["https:\/\/blog.vida.at\/pensionisten\/wp-content\/uploads\/sites\/10\/2021\/02\/senior-sad-man-leans-on-a-cane-while-sitting-on-so-SDBGQWW-800x534.jpg",800,534,true],"awb_lg":["https:\/\/blog.vida.at\/pensionisten\/wp-content\/uploads\/sites\/10\/2021\/02\/senior-sad-man-leans-on-a-cane-while-sitting-on-so-SDBGQWW-1280x854.jpg",1280,854,true],"awb_xl":["https:\/\/blog.vida.at\/pensionisten\/wp-content\/uploads\/sites\/10\/2021\/02\/senior-sad-man-leans-on-a-cane-while-sitting-on-so-SDBGQWW-1920x1281.jpg",1920,1281,true]},"post_excerpt_stackable_v2":"<p>Bei seelischen Belastungen Hilfe holen. Beratungsangebot in Wien. Die Corona-Krise l\u00f6st in uns allen ein Gef\u00fchl der Unsicherheit aus. Die anhaltenden massiven Beschr\u00e4nkungen des \u00f6ffentlichen Lebens sind eine Belastung f\u00fcr die Seele. In Krisenzeiten gilt umso mehr, achtsam mit sich selbst sein, m\u00f6gliche Anzeichen psychischer Belastungen ernstnehmen und im Fall der F\u00e4lle Unterst\u00fctzung suchen. Nicht allein in der Krise Es kann jede und jeden treffen \u2013 ob jung oder alt, egal welchen Geschlechts, ob reich oder arm, hier geboren oder zugezogen: Jeder Mensch kann durch Belastungen im Alltag psychische Erkrankungen entwickeln. Nur wenige Betroffene suchen sich jedoch professionelle Hilfe. Oftmals&hellip;<\/p>\n","category_list_v2":"<a href=\"https:\/\/blog.vida.at\/pensionisten\/category\/aktuelles\/\" rel=\"category tag\">Aktuelles<\/a>, <a href=\"https:\/\/blog.vida.at\/pensionisten\/category\/allgemein\/\" rel=\"category tag\">Allgemein<\/a>, <a href=\"https:\/\/blog.vida.at\/pensionisten\/category\/top-aktuelles\/\" rel=\"category tag\">Top Aktuelles<\/a>","author_info_v2":{"name":"michaelafeik","url":"https:\/\/blog.vida.at\/pensionisten\/author\/michaelafeik\/"},"comments_num_v2":"0 comments","yoast_head":"<!-- This site is optimized with the Yoast SEO plugin v27.3 - https:\/\/yoast.com\/product\/yoast-seo-wordpress\/ -->\n<title>Wenn Corona auf die Psyche schl\u00e4gt<\/title>\n<meta name=\"robots\" content=\"index, follow, max-snippet:-1, max-image-preview:large, max-video-preview:-1\" \/>\n<link rel=\"canonical\" href=\"https:\/\/blog.vida.at\/pensionisten\/2021\/02\/04\/wenn-corona-auf-die-psyche-schlaegt\/\" \/>\n<meta property=\"og:locale\" content=\"de_DE\" \/>\n<meta property=\"og:type\" content=\"article\" \/>\n<meta property=\"og:title\" content=\"Wenn Corona auf die Psyche schl\u00e4gt\" \/>\n<meta property=\"og:description\" content=\"Bei seelischen Belastungen Hilfe holen. Beratungsangebot in Wien. Die Corona-Krise l\u00f6st in uns allen ein Gef\u00fchl der Unsicherheit aus. Die anhaltenden massiven Beschr\u00e4nkungen des \u00f6ffentlichen Lebens sind eine Belastung f\u00fcr die Seele. In Krisenzeiten gilt umso mehr, achtsam mit sich selbst sein, m\u00f6gliche Anzeichen psychischer Belastungen ernstnehmen und im Fall der F\u00e4lle Unterst\u00fctzung suchen.\" \/>\n<meta property=\"og:url\" content=\"https:\/\/blog.vida.at\/pensionisten\/2021\/02\/04\/wenn-corona-auf-die-psyche-schlaegt\/\" \/>\n<meta property=\"og:site_name\" content=\"vida Pensionisten\" \/>\n<meta property=\"article:published_time\" content=\"2021-02-04T12:34:00+00:00\" \/>\n<meta property=\"article:modified_time\" content=\"2021-02-04T13:14:28+00:00\" \/>\n<meta property=\"og:image\" content=\"https:\/\/blog.vida.at\/pensionisten\/wp-content\/uploads\/sites\/10\/2021\/02\/senior-sad-man-leans-on-a-cane-while-sitting-on-so-SDBGQWW-scaled.jpg\" \/>\n\t<meta property=\"og:image:width\" content=\"2560\" \/>\n\t<meta property=\"og:image:height\" content=\"1709\" \/>\n\t<meta property=\"og:image:type\" content=\"image\/jpeg\" \/>\n<meta name=\"author\" content=\"michaelafeik\" \/>\n<meta name=\"twitter:card\" content=\"summary_large_image\" \/>\n<meta name=\"twitter:label1\" content=\"Verfasst von\" \/>\n\t<meta name=\"twitter:data1\" content=\"michaelafeik\" \/>\n\t<meta name=\"twitter:label2\" content=\"Gesch\u00e4tzte Lesezeit\" \/>\n\t<meta name=\"twitter:data2\" content=\"2\u00a0Minuten\" \/>\n<script type=\"application\/ld+json\" class=\"yoast-schema-graph\">{\"@context\":\"https:\\\/\\\/schema.org\",\"@graph\":[{\"@type\":\"Article\",\"@id\":\"https:\\\/\\\/blog.vida.at\\\/pensionisten\\\/2021\\\/02\\\/04\\\/wenn-corona-auf-die-psyche-schlaegt\\\/#article\",\"isPartOf\":{\"@id\":\"https:\\\/\\\/blog.vida.at\\\/pensionisten\\\/2021\\\/02\\\/04\\\/wenn-corona-auf-die-psyche-schlaegt\\\/\"},\"author\":{\"name\":\"michaelafeik\",\"@id\":\"https:\\\/\\\/blog.vida.at\\\/pensionisten\\\/#\\\/schema\\\/person\\\/2cea9cf3d58cf9334410ed5d6feb8a56\"},\"headline\":\"Wenn Corona auf die Psyche schl\u00e4gt\",\"datePublished\":\"2021-02-04T12:34:00+00:00\",\"dateModified\":\"2021-02-04T13:14:28+00:00\",\"mainEntityOfPage\":{\"@id\":\"https:\\\/\\\/blog.vida.at\\\/pensionisten\\\/2021\\\/02\\\/04\\\/wenn-corona-auf-die-psyche-schlaegt\\\/\"},\"wordCount\":347,\"commentCount\":0,\"image\":{\"@id\":\"https:\\\/\\\/blog.vida.at\\\/pensionisten\\\/2021\\\/02\\\/04\\\/wenn-corona-auf-die-psyche-schlaegt\\\/#primaryimage\"},\"thumbnailUrl\":\"https:\\\/\\\/blog.vida.at\\\/pensionisten\\\/wp-content\\\/uploads\\\/sites\\\/10\\\/2021\\\/02\\\/senior-sad-man-leans-on-a-cane-while-sitting-on-so-SDBGQWW-scaled.jpg\",\"articleSection\":{\"0\":\"Aktuelles\",\"2\":\"Top Aktuelles\"},\"inLanguage\":\"de\",\"potentialAction\":[{\"@type\":\"CommentAction\",\"name\":\"Comment\",\"target\":[\"https:\\\/\\\/blog.vida.at\\\/pensionisten\\\/2021\\\/02\\\/04\\\/wenn-corona-auf-die-psyche-schlaegt\\\/#respond\"]}]},{\"@type\":\"WebPage\",\"@id\":\"https:\\\/\\\/blog.vida.at\\\/pensionisten\\\/2021\\\/02\\\/04\\\/wenn-corona-auf-die-psyche-schlaegt\\\/\",\"url\":\"https:\\\/\\\/blog.vida.at\\\/pensionisten\\\/2021\\\/02\\\/04\\\/wenn-corona-auf-die-psyche-schlaegt\\\/\",\"name\":\"Wenn Corona auf die Psyche schl\u00e4gt\",\"isPartOf\":{\"@id\":\"https:\\\/\\\/blog.vida.at\\\/pensionisten\\\/#website\"},\"primaryImageOfPage\":{\"@id\":\"https:\\\/\\\/blog.vida.at\\\/pensionisten\\\/2021\\\/02\\\/04\\\/wenn-corona-auf-die-psyche-schlaegt\\\/#primaryimage\"},\"image\":{\"@id\":\"https:\\\/\\\/blog.vida.at\\\/pensionisten\\\/2021\\\/02\\\/04\\\/wenn-corona-auf-die-psyche-schlaegt\\\/#primaryimage\"},\"thumbnailUrl\":\"https:\\\/\\\/blog.vida.at\\\/pensionisten\\\/wp-content\\\/uploads\\\/sites\\\/10\\\/2021\\\/02\\\/senior-sad-man-leans-on-a-cane-while-sitting-on-so-SDBGQWW-scaled.jpg\",\"datePublished\":\"2021-02-04T12:34:00+00:00\",\"dateModified\":\"2021-02-04T13:14:28+00:00\",\"author\":{\"@id\":\"https:\\\/\\\/blog.vida.at\\\/pensionisten\\\/#\\\/schema\\\/person\\\/2cea9cf3d58cf9334410ed5d6feb8a56\"},\"breadcrumb\":{\"@id\":\"https:\\\/\\\/blog.vida.at\\\/pensionisten\\\/2021\\\/02\\\/04\\\/wenn-corona-auf-die-psyche-schlaegt\\\/#breadcrumb\"},\"inLanguage\":\"de\",\"potentialAction\":[{\"@type\":\"ReadAction\",\"target\":[\"https:\\\/\\\/blog.vida.at\\\/pensionisten\\\/2021\\\/02\\\/04\\\/wenn-corona-auf-die-psyche-schlaegt\\\/\"]}]},{\"@type\":\"ImageObject\",\"inLanguage\":\"de\",\"@id\":\"https:\\\/\\\/blog.vida.at\\\/pensionisten\\\/2021\\\/02\\\/04\\\/wenn-corona-auf-die-psyche-schlaegt\\\/#primaryimage\",\"url\":\"https:\\\/\\\/blog.vida.at\\\/pensionisten\\\/wp-content\\\/uploads\\\/sites\\\/10\\\/2021\\\/02\\\/senior-sad-man-leans-on-a-cane-while-sitting-on-so-SDBGQWW-scaled.jpg\",\"contentUrl\":\"https:\\\/\\\/blog.vida.at\\\/pensionisten\\\/wp-content\\\/uploads\\\/sites\\\/10\\\/2021\\\/02\\\/senior-sad-man-leans-on-a-cane-while-sitting-on-so-SDBGQWW-scaled.jpg\",\"width\":2560,\"height\":1709,\"caption\":\"Senior sad man leans on a cane while sitting on sofa\"},{\"@type\":\"BreadcrumbList\",\"@id\":\"https:\\\/\\\/blog.vida.at\\\/pensionisten\\\/2021\\\/02\\\/04\\\/wenn-corona-auf-die-psyche-schlaegt\\\/#breadcrumb\",\"itemListElement\":[{\"@type\":\"ListItem\",\"position\":1,\"name\":\"Startseite\",\"item\":\"https:\\\/\\\/blog.vida.at\\\/pensionisten\\\/\"},{\"@type\":\"ListItem\",\"position\":2,\"name\":\"Wenn Corona auf die Psyche schl\u00e4gt\"}]},{\"@type\":\"WebSite\",\"@id\":\"https:\\\/\\\/blog.vida.at\\\/pensionisten\\\/#website\",\"url\":\"https:\\\/\\\/blog.vida.at\\\/pensionisten\\\/\",\"name\":\"vida Pensionisten\",\"description\":\"\",\"potentialAction\":[{\"@type\":\"SearchAction\",\"target\":{\"@type\":\"EntryPoint\",\"urlTemplate\":\"https:\\\/\\\/blog.vida.at\\\/pensionisten\\\/?s={search_term_string}\"},\"query-input\":{\"@type\":\"PropertyValueSpecification\",\"valueRequired\":true,\"valueName\":\"search_term_string\"}}],\"inLanguage\":\"de\"},{\"@type\":\"Person\",\"@id\":\"https:\\\/\\\/blog.vida.at\\\/pensionisten\\\/#\\\/schema\\\/person\\\/2cea9cf3d58cf9334410ed5d6feb8a56\",\"name\":\"michaelafeik\",\"image\":{\"@type\":\"ImageObject\",\"inLanguage\":\"de\",\"@id\":\"https:\\\/\\\/secure.gravatar.com\\\/avatar\\\/03d8da787452696abe6f1e2aedabdf17f0d62a0779c9ed004162282155b35ea3?s=96&d=mm&r=g\",\"url\":\"https:\\\/\\\/secure.gravatar.com\\\/avatar\\\/03d8da787452696abe6f1e2aedabdf17f0d62a0779c9ed004162282155b35ea3?s=96&d=mm&r=g\",\"contentUrl\":\"https:\\\/\\\/secure.gravatar.com\\\/avatar\\\/03d8da787452696abe6f1e2aedabdf17f0d62a0779c9ed004162282155b35ea3?s=96&d=mm&r=g\",\"caption\":\"michaelafeik\"},\"url\":\"https:\\\/\\\/blog.vida.at\\\/pensionisten\\\/author\\\/michaelafeik\\\/\"}]}<\/script>\n<!-- \/ Yoast SEO plugin. -->","yoast_head_json":{"title":"Wenn Corona auf die Psyche schl\u00e4gt","robots":{"index":"index","follow":"follow","max-snippet":"max-snippet:-1","max-image-preview":"max-image-preview:large","max-video-preview":"max-video-preview:-1"},"canonical":"https:\/\/blog.vida.at\/pensionisten\/2021\/02\/04\/wenn-corona-auf-die-psyche-schlaegt\/","og_locale":"de_DE","og_type":"article","og_title":"Wenn Corona auf die Psyche schl\u00e4gt","og_description":"Bei seelischen Belastungen Hilfe holen. Beratungsangebot in Wien. Die Corona-Krise l\u00f6st in uns allen ein Gef\u00fchl der Unsicherheit aus. Die anhaltenden massiven Beschr\u00e4nkungen des \u00f6ffentlichen Lebens sind eine Belastung f\u00fcr die Seele. In Krisenzeiten gilt umso mehr, achtsam mit sich selbst sein, m\u00f6gliche Anzeichen psychischer Belastungen ernstnehmen und im Fall der F\u00e4lle Unterst\u00fctzung suchen.","og_url":"https:\/\/blog.vida.at\/pensionisten\/2021\/02\/04\/wenn-corona-auf-die-psyche-schlaegt\/","og_site_name":"vida Pensionisten","article_published_time":"2021-02-04T12:34:00+00:00","article_modified_time":"2021-02-04T13:14:28+00:00","og_image":[{"width":2560,"height":1709,"url":"https:\/\/blog.vida.at\/pensionisten\/wp-content\/uploads\/sites\/10\/2021\/02\/senior-sad-man-leans-on-a-cane-while-sitting-on-so-SDBGQWW-scaled.jpg","type":"image\/jpeg"}],"author":"michaelafeik","twitter_card":"summary_large_image","twitter_misc":{"Verfasst von":"michaelafeik","Gesch\u00e4tzte Lesezeit":"2\u00a0Minuten"},"schema":{"@context":"https:\/\/schema.org","@graph":[{"@type":"Article","@id":"https:\/\/blog.vida.at\/pensionisten\/2021\/02\/04\/wenn-corona-auf-die-psyche-schlaegt\/#article","isPartOf":{"@id":"https:\/\/blog.vida.at\/pensionisten\/2021\/02\/04\/wenn-corona-auf-die-psyche-schlaegt\/"},"author":{"name":"michaelafeik","@id":"https:\/\/blog.vida.at\/pensionisten\/#\/schema\/person\/2cea9cf3d58cf9334410ed5d6feb8a56"},"headline":"Wenn Corona auf die Psyche schl\u00e4gt","datePublished":"2021-02-04T12:34:00+00:00","dateModified":"2021-02-04T13:14:28+00:00","mainEntityOfPage":{"@id":"https:\/\/blog.vida.at\/pensionisten\/2021\/02\/04\/wenn-corona-auf-die-psyche-schlaegt\/"},"wordCount":347,"commentCount":0,"image":{"@id":"https:\/\/blog.vida.at\/pensionisten\/2021\/02\/04\/wenn-corona-auf-die-psyche-schlaegt\/#primaryimage"},"thumbnailUrl":"https:\/\/blog.vida.at\/pensionisten\/wp-content\/uploads\/sites\/10\/2021\/02\/senior-sad-man-leans-on-a-cane-while-sitting-on-so-SDBGQWW-scaled.jpg","articleSection":{"0":"Aktuelles","2":"Top Aktuelles"},"inLanguage":"de","potentialAction":[{"@type":"CommentAction","name":"Comment","target":["https:\/\/blog.vida.at\/pensionisten\/2021\/02\/04\/wenn-corona-auf-die-psyche-schlaegt\/#respond"]}]},{"@type":"WebPage","@id":"https:\/\/blog.vida.at\/pensionisten\/2021\/02\/04\/wenn-corona-auf-die-psyche-schlaegt\/","url":"https:\/\/blog.vida.at\/pensionisten\/2021\/02\/04\/wenn-corona-auf-die-psyche-schlaegt\/","name":"Wenn Corona auf die Psyche schl\u00e4gt","isPartOf":{"@id":"https:\/\/blog.vida.at\/pensionisten\/#website"},"primaryImageOfPage":{"@id":"https:\/\/blog.vida.at\/pensionisten\/2021\/02\/04\/wenn-corona-auf-die-psyche-schlaegt\/#primaryimage"},"image":{"@id":"https:\/\/blog.vida.at\/pensionisten\/2021\/02\/04\/wenn-corona-auf-die-psyche-schlaegt\/#primaryimage"},"thumbnailUrl":"https:\/\/blog.vida.at\/pensionisten\/wp-content\/uploads\/sites\/10\/2021\/02\/senior-sad-man-leans-on-a-cane-while-sitting-on-so-SDBGQWW-scaled.jpg","datePublished":"2021-02-04T12:34:00+00:00","dateModified":"2021-02-04T13:14:28+00:00","author":{"@id":"https:\/\/blog.vida.at\/pensionisten\/#\/schema\/person\/2cea9cf3d58cf9334410ed5d6feb8a56"},"breadcrumb":{"@id":"https:\/\/blog.vida.at\/pensionisten\/2021\/02\/04\/wenn-corona-auf-die-psyche-schlaegt\/#breadcrumb"},"inLanguage":"de","potentialAction":[{"@type":"ReadAction","target":["https:\/\/blog.vida.at\/pensionisten\/2021\/02\/04\/wenn-corona-auf-die-psyche-schlaegt\/"]}]},{"@type":"ImageObject","inLanguage":"de","@id":"https:\/\/blog.vida.at\/pensionisten\/2021\/02\/04\/wenn-corona-auf-die-psyche-schlaegt\/#primaryimage","url":"https:\/\/blog.vida.at\/pensionisten\/wp-content\/uploads\/sites\/10\/2021\/02\/senior-sad-man-leans-on-a-cane-while-sitting-on-so-SDBGQWW-scaled.jpg","contentUrl":"https:\/\/blog.vida.at\/pensionisten\/wp-content\/uploads\/sites\/10\/2021\/02\/senior-sad-man-leans-on-a-cane-while-sitting-on-so-SDBGQWW-scaled.jpg","width":2560,"height":1709,"caption":"Senior sad man leans on a cane while sitting on sofa"},{"@type":"BreadcrumbList","@id":"https:\/\/blog.vida.at\/pensionisten\/2021\/02\/04\/wenn-corona-auf-die-psyche-schlaegt\/#breadcrumb","itemListElement":[{"@type":"ListItem","position":1,"name":"Startseite","item":"https:\/\/blog.vida.at\/pensionisten\/"},{"@type":"ListItem","position":2,"name":"Wenn Corona auf die Psyche schl\u00e4gt"}]},{"@type":"WebSite","@id":"https:\/\/blog.vida.at\/pensionisten\/#website","url":"https:\/\/blog.vida.at\/pensionisten\/","name":"vida Pensionisten","description":"","potentialAction":[{"@type":"SearchAction","target":{"@type":"EntryPoint","urlTemplate":"https:\/\/blog.vida.at\/pensionisten\/?s={search_term_string}"},"query-input":{"@type":"PropertyValueSpecification","valueRequired":true,"valueName":"search_term_string"}}],"inLanguage":"de"},{"@type":"Person","@id":"https:\/\/blog.vida.at\/pensionisten\/#\/schema\/person\/2cea9cf3d58cf9334410ed5d6feb8a56","name":"michaelafeik","image":{"@type":"ImageObject","inLanguage":"de","@id":"https:\/\/secure.gravatar.com\/avatar\/03d8da787452696abe6f1e2aedabdf17f0d62a0779c9ed004162282155b35ea3?s=96&d=mm&r=g","url":"https:\/\/secure.gravatar.com\/avatar\/03d8da787452696abe6f1e2aedabdf17f0d62a0779c9ed004162282155b35ea3?s=96&d=mm&r=g","contentUrl":"https:\/\/secure.gravatar.com\/avatar\/03d8da787452696abe6f1e2aedabdf17f0d62a0779c9ed004162282155b35ea3?s=96&d=mm&r=g","caption":"michaelafeik"},"url":"https:\/\/blog.vida.at\/pensionisten\/author\/michaelafeik\/"}]}},"author_meta":{"display_name":"michaelafeik","author_link":"https:\/\/blog.vida.at\/pensionisten\/author\/michaelafeik\/"},"featured_img":"https:\/\/blog.vida.at\/pensionisten\/wp-content\/uploads\/sites\/10\/2021\/02\/senior-sad-man-leans-on-a-cane-while-sitting-on-so-SDBGQWW-300x200.jpg","featured_image_src":"https:\/\/blog.vida.at\/pensionisten\/wp-content\/uploads\/sites\/10\/2021\/02\/senior-sad-man-leans-on-a-cane-while-sitting-on-so-SDBGQWW-600x400.jpg","featured_image_src_square":"https:\/\/blog.vida.at\/pensionisten\/wp-content\/uploads\/sites\/10\/2021\/02\/senior-sad-man-leans-on-a-cane-while-sitting-on-so-SDBGQWW-600x600.jpg","uagb_featured_image_src":{"full":["https:\/\/blog.vida.at\/pensionisten\/wp-content\/uploads\/sites\/10\/2021\/02\/senior-sad-man-leans-on-a-cane-while-sitting-on-so-SDBGQWW-scaled.jpg",2560,1709,false],"thumbnail":["https:\/\/blog.vida.at\/pensionisten\/wp-content\/uploads\/sites\/10\/2021\/02\/senior-sad-man-leans-on-a-cane-while-sitting-on-so-SDBGQWW-150x150.jpg",150,150,true],"medium":["https:\/\/blog.vida.at\/pensionisten\/wp-content\/uploads\/sites\/10\/2021\/02\/senior-sad-man-leans-on-a-cane-while-sitting-on-so-SDBGQWW-300x200.jpg",300,200,true],"medium_large":["https:\/\/blog.vida.at\/pensionisten\/wp-content\/uploads\/sites\/10\/2021\/02\/senior-sad-man-leans-on-a-cane-while-sitting-on-so-SDBGQWW-768x513.jpg",640,428,true],"large":["https:\/\/blog.vida.at\/pensionisten\/wp-content\/uploads\/sites\/10\/2021\/02\/senior-sad-man-leans-on-a-cane-while-sitting-on-so-SDBGQWW-1024x683.jpg",640,427,true],"1536x1536":["https:\/\/blog.vida.at\/pensionisten\/wp-content\/uploads\/sites\/10\/2021\/02\/senior-sad-man-leans-on-a-cane-while-sitting-on-so-SDBGQWW-1536x1025.jpg",1536,1025,true],"2048x2048":["https:\/\/blog.vida.at\/pensionisten\/wp-content\/uploads\/sites\/10\/2021\/02\/senior-sad-man-leans-on-a-cane-while-sitting-on-so-SDBGQWW-2048x1367.jpg",2048,1367,true],"ab-block-post-grid-landscape":["https:\/\/blog.vida.at\/pensionisten\/wp-content\/uploads\/sites\/10\/2021\/02\/senior-sad-man-leans-on-a-cane-while-sitting-on-so-SDBGQWW-600x400.jpg",600,400,true],"ab-block-post-grid-square":["https:\/\/blog.vida.at\/pensionisten\/wp-content\/uploads\/sites\/10\/2021\/02\/senior-sad-man-leans-on-a-cane-while-sitting-on-so-SDBGQWW-600x600.jpg",600,600,true],"post-thumbnail":["https:\/\/blog.vida.at\/pensionisten\/wp-content\/uploads\/sites\/10\/2021\/02\/senior-sad-man-leans-on-a-cane-while-sitting-on-so-SDBGQWW-1568x1046.jpg",1568,1046,true],"awb_sm":["https:\/\/blog.vida.at\/pensionisten\/wp-content\/uploads\/sites\/10\/2021\/02\/senior-sad-man-leans-on-a-cane-while-sitting-on-so-SDBGQWW-500x334.jpg",500,334,true],"awb_md":["https:\/\/blog.vida.at\/pensionisten\/wp-content\/uploads\/sites\/10\/2021\/02\/senior-sad-man-leans-on-a-cane-while-sitting-on-so-SDBGQWW-800x534.jpg",800,534,true],"awb_lg":["https:\/\/blog.vida.at\/pensionisten\/wp-content\/uploads\/sites\/10\/2021\/02\/senior-sad-man-leans-on-a-cane-while-sitting-on-so-SDBGQWW-1280x854.jpg",1280,854,true],"awb_xl":["https:\/\/blog.vida.at\/pensionisten\/wp-content\/uploads\/sites\/10\/2021\/02\/senior-sad-man-leans-on-a-cane-while-sitting-on-so-SDBGQWW-1920x1281.jpg",1920,1281,true]},"uagb_author_info":{"display_name":"michaelafeik","author_link":"https:\/\/blog.vida.at\/pensionisten\/author\/michaelafeik\/"},"uagb_comment_info":0,"uagb_excerpt":"Bei seelischen Belastungen Hilfe holen. Beratungsangebot in Wien. Die Corona-Krise l\u00f6st in uns allen ein Gef\u00fchl der Unsicherheit aus. Die anhaltenden massiven Beschr\u00e4nkungen des \u00f6ffentlichen Lebens sind eine Belastung f\u00fcr die Seele. In Krisenzeiten gilt umso mehr, achtsam mit sich selbst sein, m\u00f6gliche Anzeichen psychischer Belastungen ernstnehmen und im Fall der F\u00e4lle Unterst\u00fctzung suchen.","coauthors":[],"tax_additional":{"categories":{"linked":["<a href=\"https:\/\/blog.vida.at\/pensionisten\/category\/aktuelles\/\" class=\"advgb-post-tax-term\">Aktuelles<\/a>","<a href=\"https:\/\/blog.vida.at\/pensionisten\/category\/allgemein\/\" class=\"advgb-post-tax-term\">Allgemein<\/a>","<a href=\"https:\/\/blog.vida.at\/pensionisten\/category\/top-aktuelles\/\" class=\"advgb-post-tax-term\">Top Aktuelles<\/a>"],"unlinked":["<span class=\"advgb-post-tax-term\">Aktuelles<\/span>","<span class=\"advgb-post-tax-term\">Allgemein<\/span>","<span class=\"advgb-post-tax-term\">Top Aktuelles<\/span>"]}},"comment_count":"0","relative_dates":{"created":"Ver\u00f6ffentlicht 5\u00a0Jahren vor","modified":"Aktualisiert 5\u00a0Jahren vor"},"absolute_dates":{"created":"Ver\u00f6ffentlicht am 4. Februar 2021","modified":"Aktualisiert am 4. Februar 2021"},"absolute_dates_time":{"created":"Ver\u00f6ffentlicht am 4. Februar 2021 13:34","modified":"Aktualisiert am 4. Februar 2021 14:14"},"featured_img_caption":"Senior sad man leans on a cane while sitting on sofa","series_order":"","_links":{"self":[{"href":"https:\/\/blog.vida.at\/pensionisten\/wp-json\/wp\/v2\/posts\/1864","targetHints":{"allow":["GET"]}}],"collection":[{"href":"https:\/\/blog.vida.at\/pensionisten\/wp-json\/wp\/v2\/posts"}],"about":[{"href":"https:\/\/blog.vida.at\/pensionisten\/wp-json\/wp\/v2\/types\/post"}],"author":[{"embeddable":true,"href":"https:\/\/blog.vida.at\/pensionisten\/wp-json\/wp\/v2\/users\/5"}],"replies":[{"embeddable":true,"href":"https:\/\/blog.vida.at\/pensionisten\/wp-json\/wp\/v2\/comments?post=1864"}],"version-history":[{"count":6,"href":"https:\/\/blog.vida.at\/pensionisten\/wp-json\/wp\/v2\/posts\/1864\/revisions"}],"predecessor-version":[{"id":1877,"href":"https:\/\/blog.vida.at\/pensionisten\/wp-json\/wp\/v2\/posts\/1864\/revisions\/1877"}],"wp:featuredmedia":[{"embeddable":true,"href":"https:\/\/blog.vida.at\/pensionisten\/wp-json\/wp\/v2\/media\/1868"}],"wp:attachment":[{"href":"https:\/\/blog.vida.at\/pensionisten\/wp-json\/wp\/v2\/media?parent=1864"}],"wp:term":[{"taxonomy":"category","embeddable":true,"href":"https:\/\/blog.vida.at\/pensionisten\/wp-json\/wp\/v2\/categories?post=1864"},{"taxonomy":"post_tag","embeddable":true,"href":"https:\/\/blog.vida.at\/pensionisten\/wp-json\/wp\/v2\/tags?post=1864"},{"taxonomy":"Orte","embeddable":true,"href":"https:\/\/blog.vida.at\/pensionisten\/wp-json\/wp\/v2\/Orte?post=1864"},{"taxonomy":"activitytype","embeddable":true,"href":"https:\/\/blog.vida.at\/pensionisten\/wp-json\/wp\/v2\/activitytype?post=1864"}],"curies":[{"name":"wp","href":"https:\/\/api.w.org\/{rel}","templated":true}]}}