
{"id":1878,"date":"2021-02-05T10:08:11","date_gmt":"2021-02-05T09:08:11","guid":{"rendered":"https:\/\/blog.vida.at\/pensionisten\/?p=1878"},"modified":"2021-02-05T10:09:29","modified_gmt":"2021-02-05T09:09:29","slug":"der-weg-zurueck-ins-leben","status":"publish","type":"post","link":"https:\/\/blog.vida.at\/pensionisten\/2021\/02\/05\/der-weg-zurueck-ins-leben\/","title":{"rendered":"Der Weg zur\u00fcck ins Leben"},"content":{"rendered":"\n<div class=\"wp-block-group Container\"><div class=\"wp-block-group__inner-container is-layout-flow wp-block-group-is-layout-flow\">\n<h4 class=\"wp-block-heading\"><strong><strong>Der Kampf gegen den Krebs<\/strong><\/strong><br><\/h4>\n\n\n\n<p>Horst Joachimbauer hat vieles zu erz\u00e4hlen. Der \u00d6BB-Besch\u00e4ftigte hat nicht zuletzt deswegen ein Buch geschrieben. Doch der Reihe nach. In den 90ern erkrankte er an Lymphdr\u00fcsenkrebs. Eine Chemotherapie folgte unmittelbar darauf \u2013 neben einer Stammzellentransplantation. Das alles ersparte ihm aber nicht drei R\u00fcckf\u00e4lle. <\/p>\n\n\n\n<!--more-->\n\n\n\n<p>Trotz seines Schicksals lie\u00df sich der Nieder\u00f6sterreicher nicht unterkriegen und k\u00e4mpfte sich schon nach kurzer Zeit ins Berufsleben zur\u00fcck. Wir haben mit dem ehemaligen Triebfahrzeugf\u00fchrer ein sehr interessantes Gespr\u00e4ch im Rahmen unseres Podcasts \u201e<a href=\"https:\/\/www.vida.at\/cms\/S03\/S03_0.a\/1342607737283\" target=\"_blank\" rel=\"noreferrer noopener\"><strong>vidaH\u00f6ren<\/strong><\/a>\u201c gef\u00fchrt. Er erz\u00e4hlt unter anderen, wie es ist sich anf\u00fchlt, eine Krebsdiagnose zu bekommen, aber auch, wie einen die Krankheit auch zum Positiven ver\u00e4ndert. Seine Geschichte sch\u00f6pft jedenfalls Hoffnung.<br><br><strong>In seinem Buch\u00a0\u201eMein Schicksal \u2013 Meine Chance \u2013 Mein Weg\u201c\u00a0schildert Joachimbauer seine pers\u00f6nlichen Schicksalsschl\u00e4ge. Er teilt mit den Lesern seine Erlebnisse, Erkenntnisse, Schmerzen, \u00c4ngste, Zweifel, aber ebenso all seine Freuden, Hoffnungen, Tr\u00e4ume, Visionen und Sehns\u00fcchte, die ihn in dieser schweren Zeit begleitet haben.<\/strong><\/p>\n\n\n\n<p><\/p>\n\n\n\n<iframe loading=\"lazy\" height=\"200px\" width=\"100%\" frameborder=\"no\" scrolling=\"no\" seamless src=\"https:\/\/player.simplecast.com\/d153d459-bf25-4e46-8f4b-267cdf2d3444?dark=false\"><\/iframe>\n\n\n\n<figure class=\"wp-block-image is-style-default\"><img decoding=\"async\" src=\"https:\/\/www.vida.at\/cs\/Satellite?blobcol=urldata&amp;blobheader=image%2Fjpeg&amp;blobkey=id&amp;blobtable=MungoBlobs&amp;blobwhere=1342734403565&amp;ssbinary=true&amp;site=S03\" alt=\"\"\/><\/figure>\n\n\n\n<p>In den im Buch enthaltenen Tipp-Boxen finden nicht nur Betroffene und Angeh\u00f6rige, sondern jedermann\/-frau viele wertvolle Inputs aus Horsts Erfahrungen. Das Buch, erschienen im<strong>\u00a0<a href=\"http:\/\/lebensgeschenke-verlag.com\/\" target=\"_blank\" rel=\"noreferrer noopener\">Lebensgeschenke-Verlag<\/a>,\u00a0<\/strong>ist zum Preis von EUR 19.90 erh\u00e4ltlich im Buch- und im Online-Handel sowie bei\u00a0<strong>Horst Joachimbauer\u00a0<\/strong>unter<strong>\u00a0<a href=\"https:\/\/www.gehe-deinen-weg.at\/\">www.gehe-deinen-weg.at<\/a>\u00a0 \u00a0<\/strong><\/p>\n\n\n\n<p><\/p>\n\n\n\n<h5 class=\"wp-block-heading\"><span style=\"color: #06abe2;\" class=\"ugb-highlight\">Linktipp<\/span><br><a href=\"https:\/\/osha.europa.eu\/de\/highlights\/world-cancer-day-2021-preventing-cancer-risks-work?pk_campaign=alert_work_related_diseases\">osha.europe.eu: Weltkrebstag 2021<\/a><\/h5>\n\n\n\n<p><\/p>\n\n\n\n<p><\/p>\n\n\n\n<p><\/p>\n\n\n\n<p><\/p>\n<\/div><\/div>\n","protected":false},"excerpt":{"rendered":"<p>Der Kampf gegen den Krebs Horst Joachimbauer hat vieles zu erz\u00e4hlen. Der \u00d6BB-Besch\u00e4ftigte hat nicht zuletzt deswegen ein Buch geschrieben. Doch der Reihe nach. In den 90ern erkrankte er an Lymphdr\u00fcsenkrebs. Eine Chemotherapie folgte unmittelbar darauf \u2013 neben einer Stammzellentransplantation. Das alles ersparte ihm aber nicht drei R\u00fcckf\u00e4lle.<\/p>\n","protected":false},"author":5,"featured_media":1885,"comment_status":"open","ping_status":"open","sticky":false,"template":"","format":"standard","meta":{"_uag_custom_page_level_css":"","advgb_blocks_editor_width":"","advgb_blocks_columns_visual_guide":"","footnotes":""},"categories":[4,1,32],"tags":[],"Orte":[],"activitytype":[],"class_list":["post-1878","post","type-post","status-publish","format-standard","has-post-thumbnail","hentry","category-aktuelles","category-allgemein","category-top-aktuelles","entry"],"featured_image_urls":{"full":["https:\/\/blog.vida.at\/pensionisten\/wp-content\/uploads\/sites\/10\/2021\/02\/Buch_Jochimbauer_MeinSchicksal.jpg2_.jpg",1738,1174,false],"thumbnail":["https:\/\/blog.vida.at\/pensionisten\/wp-content\/uploads\/sites\/10\/2021\/02\/Buch_Jochimbauer_MeinSchicksal.jpg2_-150x150.jpg",150,150,true],"medium":["https:\/\/blog.vida.at\/pensionisten\/wp-content\/uploads\/sites\/10\/2021\/02\/Buch_Jochimbauer_MeinSchicksal.jpg2_-300x203.jpg",300,203,true],"medium_large":["https:\/\/blog.vida.at\/pensionisten\/wp-content\/uploads\/sites\/10\/2021\/02\/Buch_Jochimbauer_MeinSchicksal.jpg2_-768x519.jpg",640,433,true],"large":["https:\/\/blog.vida.at\/pensionisten\/wp-content\/uploads\/sites\/10\/2021\/02\/Buch_Jochimbauer_MeinSchicksal.jpg2_-1024x692.jpg",640,433,true],"1536x1536":["https:\/\/blog.vida.at\/pensionisten\/wp-content\/uploads\/sites\/10\/2021\/02\/Buch_Jochimbauer_MeinSchicksal.jpg2_-1536x1038.jpg",1536,1038,true],"2048x2048":["https:\/\/blog.vida.at\/pensionisten\/wp-content\/uploads\/sites\/10\/2021\/02\/Buch_Jochimbauer_MeinSchicksal.jpg2_.jpg",1738,1174,false],"ab-block-post-grid-landscape":["https:\/\/blog.vida.at\/pensionisten\/wp-content\/uploads\/sites\/10\/2021\/02\/Buch_Jochimbauer_MeinSchicksal.jpg2_-600x400.jpg",600,400,true],"ab-block-post-grid-square":["https:\/\/blog.vida.at\/pensionisten\/wp-content\/uploads\/sites\/10\/2021\/02\/Buch_Jochimbauer_MeinSchicksal.jpg2_-600x600.jpg",600,600,true],"post-thumbnail":["https:\/\/blog.vida.at\/pensionisten\/wp-content\/uploads\/sites\/10\/2021\/02\/Buch_Jochimbauer_MeinSchicksal.jpg2_-1568x1059.jpg",1568,1059,true],"awb_sm":["https:\/\/blog.vida.at\/pensionisten\/wp-content\/uploads\/sites\/10\/2021\/02\/Buch_Jochimbauer_MeinSchicksal.jpg2_-500x338.jpg",500,338,true],"awb_md":["https:\/\/blog.vida.at\/pensionisten\/wp-content\/uploads\/sites\/10\/2021\/02\/Buch_Jochimbauer_MeinSchicksal.jpg2_-800x540.jpg",800,540,true],"awb_lg":["https:\/\/blog.vida.at\/pensionisten\/wp-content\/uploads\/sites\/10\/2021\/02\/Buch_Jochimbauer_MeinSchicksal.jpg2_-1280x865.jpg",1280,865,true],"awb_xl":["https:\/\/blog.vida.at\/pensionisten\/wp-content\/uploads\/sites\/10\/2021\/02\/Buch_Jochimbauer_MeinSchicksal.jpg2_.jpg",1738,1174,false]},"post_excerpt_stackable":"<p>Der Kampf gegen den Krebs Horst Joachimbauer hat vieles zu erz\u00e4hlen. Der \u00d6BB-Besch\u00e4ftigte hat nicht zuletzt deswegen ein Buch geschrieben. Doch der Reihe nach. In den 90ern erkrankte er an Lymphdr\u00fcsenkrebs. Eine Chemotherapie folgte unmittelbar darauf \u2013 neben einer Stammzellentransplantation. Das alles ersparte ihm aber nicht drei R\u00fcckf\u00e4lle. Trotz seines Schicksals lie\u00df sich der Nieder\u00f6sterreicher nicht unterkriegen und k\u00e4mpfte sich schon nach kurzer Zeit ins Berufsleben zur\u00fcck. Wir haben mit dem ehemaligen Triebfahrzeugf\u00fchrer ein sehr interessantes Gespr\u00e4ch im Rahmen unseres Podcasts \u201evidaH\u00f6ren\u201c gef\u00fchrt. Er erz\u00e4hlt unter anderen, wie es ist sich anf\u00fchlt, eine Krebsdiagnose zu bekommen, aber auch, wie einen&hellip;<\/p>\n","category_list":"<a href=\"https:\/\/blog.vida.at\/pensionisten\/category\/aktuelles\/\" rel=\"category tag\">Aktuelles<\/a>, <a href=\"https:\/\/blog.vida.at\/pensionisten\/category\/allgemein\/\" rel=\"category tag\">Allgemein<\/a>, <a href=\"https:\/\/blog.vida.at\/pensionisten\/category\/top-aktuelles\/\" rel=\"category tag\">Top Aktuelles<\/a>","author_info":{"display_name":"michaelafeik","author_link":"https:\/\/blog.vida.at\/pensionisten\/author\/michaelafeik\/"},"comments_num":"0 comments","featured_image_urls_v2":{"full":["https:\/\/blog.vida.at\/pensionisten\/wp-content\/uploads\/sites\/10\/2021\/02\/Buch_Jochimbauer_MeinSchicksal.jpg2_.jpg",1738,1174,false],"thumbnail":["https:\/\/blog.vida.at\/pensionisten\/wp-content\/uploads\/sites\/10\/2021\/02\/Buch_Jochimbauer_MeinSchicksal.jpg2_-150x150.jpg",150,150,true],"medium":["https:\/\/blog.vida.at\/pensionisten\/wp-content\/uploads\/sites\/10\/2021\/02\/Buch_Jochimbauer_MeinSchicksal.jpg2_-300x203.jpg",300,203,true],"medium_large":["https:\/\/blog.vida.at\/pensionisten\/wp-content\/uploads\/sites\/10\/2021\/02\/Buch_Jochimbauer_MeinSchicksal.jpg2_-768x519.jpg",640,433,true],"large":["https:\/\/blog.vida.at\/pensionisten\/wp-content\/uploads\/sites\/10\/2021\/02\/Buch_Jochimbauer_MeinSchicksal.jpg2_-1024x692.jpg",640,433,true],"1536x1536":["https:\/\/blog.vida.at\/pensionisten\/wp-content\/uploads\/sites\/10\/2021\/02\/Buch_Jochimbauer_MeinSchicksal.jpg2_-1536x1038.jpg",1536,1038,true],"2048x2048":["https:\/\/blog.vida.at\/pensionisten\/wp-content\/uploads\/sites\/10\/2021\/02\/Buch_Jochimbauer_MeinSchicksal.jpg2_.jpg",1738,1174,false],"ab-block-post-grid-landscape":["https:\/\/blog.vida.at\/pensionisten\/wp-content\/uploads\/sites\/10\/2021\/02\/Buch_Jochimbauer_MeinSchicksal.jpg2_-600x400.jpg",600,400,true],"ab-block-post-grid-square":["https:\/\/blog.vida.at\/pensionisten\/wp-content\/uploads\/sites\/10\/2021\/02\/Buch_Jochimbauer_MeinSchicksal.jpg2_-600x600.jpg",600,600,true],"post-thumbnail":["https:\/\/blog.vida.at\/pensionisten\/wp-content\/uploads\/sites\/10\/2021\/02\/Buch_Jochimbauer_MeinSchicksal.jpg2_-1568x1059.jpg",1568,1059,true],"awb_sm":["https:\/\/blog.vida.at\/pensionisten\/wp-content\/uploads\/sites\/10\/2021\/02\/Buch_Jochimbauer_MeinSchicksal.jpg2_-500x338.jpg",500,338,true],"awb_md":["https:\/\/blog.vida.at\/pensionisten\/wp-content\/uploads\/sites\/10\/2021\/02\/Buch_Jochimbauer_MeinSchicksal.jpg2_-800x540.jpg",800,540,true],"awb_lg":["https:\/\/blog.vida.at\/pensionisten\/wp-content\/uploads\/sites\/10\/2021\/02\/Buch_Jochimbauer_MeinSchicksal.jpg2_-1280x865.jpg",1280,865,true],"awb_xl":["https:\/\/blog.vida.at\/pensionisten\/wp-content\/uploads\/sites\/10\/2021\/02\/Buch_Jochimbauer_MeinSchicksal.jpg2_.jpg",1738,1174,false]},"post_excerpt_stackable_v2":"<p>Der Kampf gegen den Krebs Horst Joachimbauer hat vieles zu erz\u00e4hlen. Der \u00d6BB-Besch\u00e4ftigte hat nicht zuletzt deswegen ein Buch geschrieben. Doch der Reihe nach. In den 90ern erkrankte er an Lymphdr\u00fcsenkrebs. Eine Chemotherapie folgte unmittelbar darauf \u2013 neben einer Stammzellentransplantation. Das alles ersparte ihm aber nicht drei R\u00fcckf\u00e4lle. Trotz seines Schicksals lie\u00df sich der Nieder\u00f6sterreicher nicht unterkriegen und k\u00e4mpfte sich schon nach kurzer Zeit ins Berufsleben zur\u00fcck. Wir haben mit dem ehemaligen Triebfahrzeugf\u00fchrer ein sehr interessantes Gespr\u00e4ch im Rahmen unseres Podcasts \u201evidaH\u00f6ren\u201c gef\u00fchrt. Er erz\u00e4hlt unter anderen, wie es ist sich anf\u00fchlt, eine Krebsdiagnose zu bekommen, aber auch, wie einen&hellip;<\/p>\n","category_list_v2":"<a href=\"https:\/\/blog.vida.at\/pensionisten\/category\/aktuelles\/\" rel=\"category tag\">Aktuelles<\/a>, <a href=\"https:\/\/blog.vida.at\/pensionisten\/category\/allgemein\/\" rel=\"category tag\">Allgemein<\/a>, <a href=\"https:\/\/blog.vida.at\/pensionisten\/category\/top-aktuelles\/\" rel=\"category tag\">Top Aktuelles<\/a>","author_info_v2":{"name":"michaelafeik","url":"https:\/\/blog.vida.at\/pensionisten\/author\/michaelafeik\/"},"comments_num_v2":"0 comments","yoast_head":"<!-- This site is optimized with the Yoast SEO plugin v27.3 - https:\/\/yoast.com\/product\/yoast-seo-wordpress\/ -->\n<title>Der Weg zur\u00fcck ins Leben<\/title>\n<meta name=\"robots\" content=\"index, follow, max-snippet:-1, max-image-preview:large, max-video-preview:-1\" \/>\n<link rel=\"canonical\" href=\"https:\/\/blog.vida.at\/pensionisten\/2021\/02\/05\/der-weg-zurueck-ins-leben\/\" \/>\n<meta property=\"og:locale\" content=\"de_DE\" \/>\n<meta property=\"og:type\" content=\"article\" \/>\n<meta property=\"og:title\" content=\"Der Weg zur\u00fcck ins Leben\" \/>\n<meta property=\"og:description\" content=\"Der Kampf gegen den Krebs Horst Joachimbauer hat vieles zu erz\u00e4hlen. Der \u00d6BB-Besch\u00e4ftigte hat nicht zuletzt deswegen ein Buch geschrieben. Doch der Reihe nach. In den 90ern erkrankte er an Lymphdr\u00fcsenkrebs. Eine Chemotherapie folgte unmittelbar darauf \u2013 neben einer Stammzellentransplantation. Das alles ersparte ihm aber nicht drei R\u00fcckf\u00e4lle.\" \/>\n<meta property=\"og:url\" content=\"https:\/\/blog.vida.at\/pensionisten\/2021\/02\/05\/der-weg-zurueck-ins-leben\/\" \/>\n<meta property=\"og:site_name\" content=\"vida Pensionisten\" \/>\n<meta property=\"article:published_time\" content=\"2021-02-05T09:08:11+00:00\" \/>\n<meta property=\"article:modified_time\" content=\"2021-02-05T09:09:29+00:00\" \/>\n<meta property=\"og:image\" content=\"https:\/\/blog.vida.at\/pensionisten\/wp-content\/uploads\/sites\/10\/2021\/02\/Buch_Jochimbauer_MeinSchicksal.jpg2_.jpg\" \/>\n\t<meta property=\"og:image:width\" content=\"1738\" \/>\n\t<meta property=\"og:image:height\" content=\"1174\" \/>\n\t<meta property=\"og:image:type\" content=\"image\/jpeg\" \/>\n<meta name=\"author\" content=\"michaelafeik\" \/>\n<meta name=\"twitter:card\" content=\"summary_large_image\" \/>\n<meta name=\"twitter:label1\" content=\"Verfasst von\" \/>\n\t<meta name=\"twitter:data1\" content=\"michaelafeik\" \/>\n\t<meta name=\"twitter:label2\" content=\"Gesch\u00e4tzte Lesezeit\" \/>\n\t<meta name=\"twitter:data2\" content=\"1\u00a0Minute\" \/>\n<script type=\"application\/ld+json\" class=\"yoast-schema-graph\">{\"@context\":\"https:\\\/\\\/schema.org\",\"@graph\":[{\"@type\":\"Article\",\"@id\":\"https:\\\/\\\/blog.vida.at\\\/pensionisten\\\/2021\\\/02\\\/05\\\/der-weg-zurueck-ins-leben\\\/#article\",\"isPartOf\":{\"@id\":\"https:\\\/\\\/blog.vida.at\\\/pensionisten\\\/2021\\\/02\\\/05\\\/der-weg-zurueck-ins-leben\\\/\"},\"author\":{\"name\":\"michaelafeik\",\"@id\":\"https:\\\/\\\/blog.vida.at\\\/pensionisten\\\/#\\\/schema\\\/person\\\/2cea9cf3d58cf9334410ed5d6feb8a56\"},\"headline\":\"Der Weg zur\u00fcck ins Leben\",\"datePublished\":\"2021-02-05T09:08:11+00:00\",\"dateModified\":\"2021-02-05T09:09:29+00:00\",\"mainEntityOfPage\":{\"@id\":\"https:\\\/\\\/blog.vida.at\\\/pensionisten\\\/2021\\\/02\\\/05\\\/der-weg-zurueck-ins-leben\\\/\"},\"wordCount\":231,\"commentCount\":0,\"image\":{\"@id\":\"https:\\\/\\\/blog.vida.at\\\/pensionisten\\\/2021\\\/02\\\/05\\\/der-weg-zurueck-ins-leben\\\/#primaryimage\"},\"thumbnailUrl\":\"https:\\\/\\\/blog.vida.at\\\/pensionisten\\\/wp-content\\\/uploads\\\/sites\\\/10\\\/2021\\\/02\\\/Buch_Jochimbauer_MeinSchicksal.jpg2_.jpg\",\"articleSection\":{\"0\":\"Aktuelles\",\"2\":\"Top Aktuelles\"},\"inLanguage\":\"de\",\"potentialAction\":[{\"@type\":\"CommentAction\",\"name\":\"Comment\",\"target\":[\"https:\\\/\\\/blog.vida.at\\\/pensionisten\\\/2021\\\/02\\\/05\\\/der-weg-zurueck-ins-leben\\\/#respond\"]}]},{\"@type\":\"WebPage\",\"@id\":\"https:\\\/\\\/blog.vida.at\\\/pensionisten\\\/2021\\\/02\\\/05\\\/der-weg-zurueck-ins-leben\\\/\",\"url\":\"https:\\\/\\\/blog.vida.at\\\/pensionisten\\\/2021\\\/02\\\/05\\\/der-weg-zurueck-ins-leben\\\/\",\"name\":\"Der Weg zur\u00fcck ins Leben\",\"isPartOf\":{\"@id\":\"https:\\\/\\\/blog.vida.at\\\/pensionisten\\\/#website\"},\"primaryImageOfPage\":{\"@id\":\"https:\\\/\\\/blog.vida.at\\\/pensionisten\\\/2021\\\/02\\\/05\\\/der-weg-zurueck-ins-leben\\\/#primaryimage\"},\"image\":{\"@id\":\"https:\\\/\\\/blog.vida.at\\\/pensionisten\\\/2021\\\/02\\\/05\\\/der-weg-zurueck-ins-leben\\\/#primaryimage\"},\"thumbnailUrl\":\"https:\\\/\\\/blog.vida.at\\\/pensionisten\\\/wp-content\\\/uploads\\\/sites\\\/10\\\/2021\\\/02\\\/Buch_Jochimbauer_MeinSchicksal.jpg2_.jpg\",\"datePublished\":\"2021-02-05T09:08:11+00:00\",\"dateModified\":\"2021-02-05T09:09:29+00:00\",\"author\":{\"@id\":\"https:\\\/\\\/blog.vida.at\\\/pensionisten\\\/#\\\/schema\\\/person\\\/2cea9cf3d58cf9334410ed5d6feb8a56\"},\"breadcrumb\":{\"@id\":\"https:\\\/\\\/blog.vida.at\\\/pensionisten\\\/2021\\\/02\\\/05\\\/der-weg-zurueck-ins-leben\\\/#breadcrumb\"},\"inLanguage\":\"de\",\"potentialAction\":[{\"@type\":\"ReadAction\",\"target\":[\"https:\\\/\\\/blog.vida.at\\\/pensionisten\\\/2021\\\/02\\\/05\\\/der-weg-zurueck-ins-leben\\\/\"]}]},{\"@type\":\"ImageObject\",\"inLanguage\":\"de\",\"@id\":\"https:\\\/\\\/blog.vida.at\\\/pensionisten\\\/2021\\\/02\\\/05\\\/der-weg-zurueck-ins-leben\\\/#primaryimage\",\"url\":\"https:\\\/\\\/blog.vida.at\\\/pensionisten\\\/wp-content\\\/uploads\\\/sites\\\/10\\\/2021\\\/02\\\/Buch_Jochimbauer_MeinSchicksal.jpg2_.jpg\",\"contentUrl\":\"https:\\\/\\\/blog.vida.at\\\/pensionisten\\\/wp-content\\\/uploads\\\/sites\\\/10\\\/2021\\\/02\\\/Buch_Jochimbauer_MeinSchicksal.jpg2_.jpg\",\"width\":1738,\"height\":1174},{\"@type\":\"BreadcrumbList\",\"@id\":\"https:\\\/\\\/blog.vida.at\\\/pensionisten\\\/2021\\\/02\\\/05\\\/der-weg-zurueck-ins-leben\\\/#breadcrumb\",\"itemListElement\":[{\"@type\":\"ListItem\",\"position\":1,\"name\":\"Startseite\",\"item\":\"https:\\\/\\\/blog.vida.at\\\/pensionisten\\\/\"},{\"@type\":\"ListItem\",\"position\":2,\"name\":\"Der Weg zur\u00fcck ins Leben\"}]},{\"@type\":\"WebSite\",\"@id\":\"https:\\\/\\\/blog.vida.at\\\/pensionisten\\\/#website\",\"url\":\"https:\\\/\\\/blog.vida.at\\\/pensionisten\\\/\",\"name\":\"vida Pensionisten\",\"description\":\"\",\"potentialAction\":[{\"@type\":\"SearchAction\",\"target\":{\"@type\":\"EntryPoint\",\"urlTemplate\":\"https:\\\/\\\/blog.vida.at\\\/pensionisten\\\/?s={search_term_string}\"},\"query-input\":{\"@type\":\"PropertyValueSpecification\",\"valueRequired\":true,\"valueName\":\"search_term_string\"}}],\"inLanguage\":\"de\"},{\"@type\":\"Person\",\"@id\":\"https:\\\/\\\/blog.vida.at\\\/pensionisten\\\/#\\\/schema\\\/person\\\/2cea9cf3d58cf9334410ed5d6feb8a56\",\"name\":\"michaelafeik\",\"image\":{\"@type\":\"ImageObject\",\"inLanguage\":\"de\",\"@id\":\"https:\\\/\\\/secure.gravatar.com\\\/avatar\\\/03d8da787452696abe6f1e2aedabdf17f0d62a0779c9ed004162282155b35ea3?s=96&d=mm&r=g\",\"url\":\"https:\\\/\\\/secure.gravatar.com\\\/avatar\\\/03d8da787452696abe6f1e2aedabdf17f0d62a0779c9ed004162282155b35ea3?s=96&d=mm&r=g\",\"contentUrl\":\"https:\\\/\\\/secure.gravatar.com\\\/avatar\\\/03d8da787452696abe6f1e2aedabdf17f0d62a0779c9ed004162282155b35ea3?s=96&d=mm&r=g\",\"caption\":\"michaelafeik\"},\"url\":\"https:\\\/\\\/blog.vida.at\\\/pensionisten\\\/author\\\/michaelafeik\\\/\"}]}<\/script>\n<!-- \/ Yoast SEO plugin. -->","yoast_head_json":{"title":"Der Weg zur\u00fcck ins Leben","robots":{"index":"index","follow":"follow","max-snippet":"max-snippet:-1","max-image-preview":"max-image-preview:large","max-video-preview":"max-video-preview:-1"},"canonical":"https:\/\/blog.vida.at\/pensionisten\/2021\/02\/05\/der-weg-zurueck-ins-leben\/","og_locale":"de_DE","og_type":"article","og_title":"Der Weg zur\u00fcck ins Leben","og_description":"Der Kampf gegen den Krebs Horst Joachimbauer hat vieles zu erz\u00e4hlen. Der \u00d6BB-Besch\u00e4ftigte hat nicht zuletzt deswegen ein Buch geschrieben. Doch der Reihe nach. In den 90ern erkrankte er an Lymphdr\u00fcsenkrebs. Eine Chemotherapie folgte unmittelbar darauf \u2013 neben einer Stammzellentransplantation. Das alles ersparte ihm aber nicht drei R\u00fcckf\u00e4lle.","og_url":"https:\/\/blog.vida.at\/pensionisten\/2021\/02\/05\/der-weg-zurueck-ins-leben\/","og_site_name":"vida Pensionisten","article_published_time":"2021-02-05T09:08:11+00:00","article_modified_time":"2021-02-05T09:09:29+00:00","og_image":[{"width":1738,"height":1174,"url":"https:\/\/blog.vida.at\/pensionisten\/wp-content\/uploads\/sites\/10\/2021\/02\/Buch_Jochimbauer_MeinSchicksal.jpg2_.jpg","type":"image\/jpeg"}],"author":"michaelafeik","twitter_card":"summary_large_image","twitter_misc":{"Verfasst von":"michaelafeik","Gesch\u00e4tzte Lesezeit":"1\u00a0Minute"},"schema":{"@context":"https:\/\/schema.org","@graph":[{"@type":"Article","@id":"https:\/\/blog.vida.at\/pensionisten\/2021\/02\/05\/der-weg-zurueck-ins-leben\/#article","isPartOf":{"@id":"https:\/\/blog.vida.at\/pensionisten\/2021\/02\/05\/der-weg-zurueck-ins-leben\/"},"author":{"name":"michaelafeik","@id":"https:\/\/blog.vida.at\/pensionisten\/#\/schema\/person\/2cea9cf3d58cf9334410ed5d6feb8a56"},"headline":"Der Weg zur\u00fcck ins Leben","datePublished":"2021-02-05T09:08:11+00:00","dateModified":"2021-02-05T09:09:29+00:00","mainEntityOfPage":{"@id":"https:\/\/blog.vida.at\/pensionisten\/2021\/02\/05\/der-weg-zurueck-ins-leben\/"},"wordCount":231,"commentCount":0,"image":{"@id":"https:\/\/blog.vida.at\/pensionisten\/2021\/02\/05\/der-weg-zurueck-ins-leben\/#primaryimage"},"thumbnailUrl":"https:\/\/blog.vida.at\/pensionisten\/wp-content\/uploads\/sites\/10\/2021\/02\/Buch_Jochimbauer_MeinSchicksal.jpg2_.jpg","articleSection":{"0":"Aktuelles","2":"Top Aktuelles"},"inLanguage":"de","potentialAction":[{"@type":"CommentAction","name":"Comment","target":["https:\/\/blog.vida.at\/pensionisten\/2021\/02\/05\/der-weg-zurueck-ins-leben\/#respond"]}]},{"@type":"WebPage","@id":"https:\/\/blog.vida.at\/pensionisten\/2021\/02\/05\/der-weg-zurueck-ins-leben\/","url":"https:\/\/blog.vida.at\/pensionisten\/2021\/02\/05\/der-weg-zurueck-ins-leben\/","name":"Der Weg zur\u00fcck ins Leben","isPartOf":{"@id":"https:\/\/blog.vida.at\/pensionisten\/#website"},"primaryImageOfPage":{"@id":"https:\/\/blog.vida.at\/pensionisten\/2021\/02\/05\/der-weg-zurueck-ins-leben\/#primaryimage"},"image":{"@id":"https:\/\/blog.vida.at\/pensionisten\/2021\/02\/05\/der-weg-zurueck-ins-leben\/#primaryimage"},"thumbnailUrl":"https:\/\/blog.vida.at\/pensionisten\/wp-content\/uploads\/sites\/10\/2021\/02\/Buch_Jochimbauer_MeinSchicksal.jpg2_.jpg","datePublished":"2021-02-05T09:08:11+00:00","dateModified":"2021-02-05T09:09:29+00:00","author":{"@id":"https:\/\/blog.vida.at\/pensionisten\/#\/schema\/person\/2cea9cf3d58cf9334410ed5d6feb8a56"},"breadcrumb":{"@id":"https:\/\/blog.vida.at\/pensionisten\/2021\/02\/05\/der-weg-zurueck-ins-leben\/#breadcrumb"},"inLanguage":"de","potentialAction":[{"@type":"ReadAction","target":["https:\/\/blog.vida.at\/pensionisten\/2021\/02\/05\/der-weg-zurueck-ins-leben\/"]}]},{"@type":"ImageObject","inLanguage":"de","@id":"https:\/\/blog.vida.at\/pensionisten\/2021\/02\/05\/der-weg-zurueck-ins-leben\/#primaryimage","url":"https:\/\/blog.vida.at\/pensionisten\/wp-content\/uploads\/sites\/10\/2021\/02\/Buch_Jochimbauer_MeinSchicksal.jpg2_.jpg","contentUrl":"https:\/\/blog.vida.at\/pensionisten\/wp-content\/uploads\/sites\/10\/2021\/02\/Buch_Jochimbauer_MeinSchicksal.jpg2_.jpg","width":1738,"height":1174},{"@type":"BreadcrumbList","@id":"https:\/\/blog.vida.at\/pensionisten\/2021\/02\/05\/der-weg-zurueck-ins-leben\/#breadcrumb","itemListElement":[{"@type":"ListItem","position":1,"name":"Startseite","item":"https:\/\/blog.vida.at\/pensionisten\/"},{"@type":"ListItem","position":2,"name":"Der Weg zur\u00fcck ins Leben"}]},{"@type":"WebSite","@id":"https:\/\/blog.vida.at\/pensionisten\/#website","url":"https:\/\/blog.vida.at\/pensionisten\/","name":"vida Pensionisten","description":"","potentialAction":[{"@type":"SearchAction","target":{"@type":"EntryPoint","urlTemplate":"https:\/\/blog.vida.at\/pensionisten\/?s={search_term_string}"},"query-input":{"@type":"PropertyValueSpecification","valueRequired":true,"valueName":"search_term_string"}}],"inLanguage":"de"},{"@type":"Person","@id":"https:\/\/blog.vida.at\/pensionisten\/#\/schema\/person\/2cea9cf3d58cf9334410ed5d6feb8a56","name":"michaelafeik","image":{"@type":"ImageObject","inLanguage":"de","@id":"https:\/\/secure.gravatar.com\/avatar\/03d8da787452696abe6f1e2aedabdf17f0d62a0779c9ed004162282155b35ea3?s=96&d=mm&r=g","url":"https:\/\/secure.gravatar.com\/avatar\/03d8da787452696abe6f1e2aedabdf17f0d62a0779c9ed004162282155b35ea3?s=96&d=mm&r=g","contentUrl":"https:\/\/secure.gravatar.com\/avatar\/03d8da787452696abe6f1e2aedabdf17f0d62a0779c9ed004162282155b35ea3?s=96&d=mm&r=g","caption":"michaelafeik"},"url":"https:\/\/blog.vida.at\/pensionisten\/author\/michaelafeik\/"}]}},"author_meta":{"display_name":"michaelafeik","author_link":"https:\/\/blog.vida.at\/pensionisten\/author\/michaelafeik\/"},"featured_img":"https:\/\/blog.vida.at\/pensionisten\/wp-content\/uploads\/sites\/10\/2021\/02\/Buch_Jochimbauer_MeinSchicksal.jpg2_-300x203.jpg","featured_image_src":"https:\/\/blog.vida.at\/pensionisten\/wp-content\/uploads\/sites\/10\/2021\/02\/Buch_Jochimbauer_MeinSchicksal.jpg2_-600x400.jpg","featured_image_src_square":"https:\/\/blog.vida.at\/pensionisten\/wp-content\/uploads\/sites\/10\/2021\/02\/Buch_Jochimbauer_MeinSchicksal.jpg2_-600x600.jpg","uagb_featured_image_src":{"full":["https:\/\/blog.vida.at\/pensionisten\/wp-content\/uploads\/sites\/10\/2021\/02\/Buch_Jochimbauer_MeinSchicksal.jpg2_.jpg",1738,1174,false],"thumbnail":["https:\/\/blog.vida.at\/pensionisten\/wp-content\/uploads\/sites\/10\/2021\/02\/Buch_Jochimbauer_MeinSchicksal.jpg2_-150x150.jpg",150,150,true],"medium":["https:\/\/blog.vida.at\/pensionisten\/wp-content\/uploads\/sites\/10\/2021\/02\/Buch_Jochimbauer_MeinSchicksal.jpg2_-300x203.jpg",300,203,true],"medium_large":["https:\/\/blog.vida.at\/pensionisten\/wp-content\/uploads\/sites\/10\/2021\/02\/Buch_Jochimbauer_MeinSchicksal.jpg2_-768x519.jpg",640,433,true],"large":["https:\/\/blog.vida.at\/pensionisten\/wp-content\/uploads\/sites\/10\/2021\/02\/Buch_Jochimbauer_MeinSchicksal.jpg2_-1024x692.jpg",640,433,true],"1536x1536":["https:\/\/blog.vida.at\/pensionisten\/wp-content\/uploads\/sites\/10\/2021\/02\/Buch_Jochimbauer_MeinSchicksal.jpg2_-1536x1038.jpg",1536,1038,true],"2048x2048":["https:\/\/blog.vida.at\/pensionisten\/wp-content\/uploads\/sites\/10\/2021\/02\/Buch_Jochimbauer_MeinSchicksal.jpg2_.jpg",1738,1174,false],"ab-block-post-grid-landscape":["https:\/\/blog.vida.at\/pensionisten\/wp-content\/uploads\/sites\/10\/2021\/02\/Buch_Jochimbauer_MeinSchicksal.jpg2_-600x400.jpg",600,400,true],"ab-block-post-grid-square":["https:\/\/blog.vida.at\/pensionisten\/wp-content\/uploads\/sites\/10\/2021\/02\/Buch_Jochimbauer_MeinSchicksal.jpg2_-600x600.jpg",600,600,true],"post-thumbnail":["https:\/\/blog.vida.at\/pensionisten\/wp-content\/uploads\/sites\/10\/2021\/02\/Buch_Jochimbauer_MeinSchicksal.jpg2_-1568x1059.jpg",1568,1059,true],"awb_sm":["https:\/\/blog.vida.at\/pensionisten\/wp-content\/uploads\/sites\/10\/2021\/02\/Buch_Jochimbauer_MeinSchicksal.jpg2_-500x338.jpg",500,338,true],"awb_md":["https:\/\/blog.vida.at\/pensionisten\/wp-content\/uploads\/sites\/10\/2021\/02\/Buch_Jochimbauer_MeinSchicksal.jpg2_-800x540.jpg",800,540,true],"awb_lg":["https:\/\/blog.vida.at\/pensionisten\/wp-content\/uploads\/sites\/10\/2021\/02\/Buch_Jochimbauer_MeinSchicksal.jpg2_-1280x865.jpg",1280,865,true],"awb_xl":["https:\/\/blog.vida.at\/pensionisten\/wp-content\/uploads\/sites\/10\/2021\/02\/Buch_Jochimbauer_MeinSchicksal.jpg2_.jpg",1738,1174,false]},"uagb_author_info":{"display_name":"michaelafeik","author_link":"https:\/\/blog.vida.at\/pensionisten\/author\/michaelafeik\/"},"uagb_comment_info":0,"uagb_excerpt":"Der Kampf gegen den Krebs Horst Joachimbauer hat vieles zu erz\u00e4hlen. Der \u00d6BB-Besch\u00e4ftigte hat nicht zuletzt deswegen ein Buch geschrieben. Doch der Reihe nach. In den 90ern erkrankte er an Lymphdr\u00fcsenkrebs. Eine Chemotherapie folgte unmittelbar darauf \u2013 neben einer Stammzellentransplantation. Das alles ersparte ihm aber nicht drei R\u00fcckf\u00e4lle.","coauthors":[],"tax_additional":{"categories":{"linked":["<a href=\"https:\/\/blog.vida.at\/pensionisten\/category\/aktuelles\/\" class=\"advgb-post-tax-term\">Aktuelles<\/a>","<a href=\"https:\/\/blog.vida.at\/pensionisten\/category\/allgemein\/\" class=\"advgb-post-tax-term\">Allgemein<\/a>","<a href=\"https:\/\/blog.vida.at\/pensionisten\/category\/top-aktuelles\/\" class=\"advgb-post-tax-term\">Top Aktuelles<\/a>"],"unlinked":["<span class=\"advgb-post-tax-term\">Aktuelles<\/span>","<span class=\"advgb-post-tax-term\">Allgemein<\/span>","<span class=\"advgb-post-tax-term\">Top Aktuelles<\/span>"]}},"comment_count":"0","relative_dates":{"created":"Ver\u00f6ffentlicht 5\u00a0Jahren vor","modified":"Aktualisiert 5\u00a0Jahren vor"},"absolute_dates":{"created":"Ver\u00f6ffentlicht am 5. Februar 2021","modified":"Aktualisiert am 5. Februar 2021"},"absolute_dates_time":{"created":"Ver\u00f6ffentlicht am 5. Februar 2021 10:08","modified":"Aktualisiert am 5. Februar 2021 10:09"},"featured_img_caption":"","series_order":"","_links":{"self":[{"href":"https:\/\/blog.vida.at\/pensionisten\/wp-json\/wp\/v2\/posts\/1878","targetHints":{"allow":["GET"]}}],"collection":[{"href":"https:\/\/blog.vida.at\/pensionisten\/wp-json\/wp\/v2\/posts"}],"about":[{"href":"https:\/\/blog.vida.at\/pensionisten\/wp-json\/wp\/v2\/types\/post"}],"author":[{"embeddable":true,"href":"https:\/\/blog.vida.at\/pensionisten\/wp-json\/wp\/v2\/users\/5"}],"replies":[{"embeddable":true,"href":"https:\/\/blog.vida.at\/pensionisten\/wp-json\/wp\/v2\/comments?post=1878"}],"version-history":[{"count":5,"href":"https:\/\/blog.vida.at\/pensionisten\/wp-json\/wp\/v2\/posts\/1878\/revisions"}],"predecessor-version":[{"id":1887,"href":"https:\/\/blog.vida.at\/pensionisten\/wp-json\/wp\/v2\/posts\/1878\/revisions\/1887"}],"wp:featuredmedia":[{"embeddable":true,"href":"https:\/\/blog.vida.at\/pensionisten\/wp-json\/wp\/v2\/media\/1885"}],"wp:attachment":[{"href":"https:\/\/blog.vida.at\/pensionisten\/wp-json\/wp\/v2\/media?parent=1878"}],"wp:term":[{"taxonomy":"category","embeddable":true,"href":"https:\/\/blog.vida.at\/pensionisten\/wp-json\/wp\/v2\/categories?post=1878"},{"taxonomy":"post_tag","embeddable":true,"href":"https:\/\/blog.vida.at\/pensionisten\/wp-json\/wp\/v2\/tags?post=1878"},{"taxonomy":"Orte","embeddable":true,"href":"https:\/\/blog.vida.at\/pensionisten\/wp-json\/wp\/v2\/Orte?post=1878"},{"taxonomy":"activitytype","embeddable":true,"href":"https:\/\/blog.vida.at\/pensionisten\/wp-json\/wp\/v2\/activitytype?post=1878"}],"curies":[{"name":"wp","href":"https:\/\/api.w.org\/{rel}","templated":true}]}}