
{"id":1957,"date":"2021-02-25T15:08:08","date_gmt":"2021-02-25T14:08:08","guid":{"rendered":"https:\/\/blog.vida.at\/pensionisten\/?p=1957"},"modified":"2021-02-25T16:14:12","modified_gmt":"2021-02-25T15:14:12","slug":"miteinander-reden-ist-unbezahlbar","status":"publish","type":"post","link":"https:\/\/blog.vida.at\/pensionisten\/2021\/02\/25\/miteinander-reden-ist-unbezahlbar\/","title":{"rendered":"&#8222;Miteinander reden ist unbezahlbar&#8220;"},"content":{"rendered":"\n<div class=\"wp-block-group Container\"><div class=\"wp-block-group__inner-container is-layout-flow wp-block-group-is-layout-flow\">\n<h4 class=\"wp-block-heading\"><strong>Schau und h\u00f6r rein beim ersten vida-Generationen-Talk.<\/strong><\/h4>\n\n\n\n<p>Werner und Samuel kommen aus verschiedenen Generationen und doch haben sie vieles gemeinsam. Beim vida-Generationen-Talk sprechen wir mit beiden \u00fcber Mitbestimmung und ein Leben als Betriebsrat in Pension. Schau und h\u00f6r rein beim ersten vida-Generationen-Talk.<\/p>\n\n\n\n<!--more-->\n\n\n\n<p><\/p>\n\n\n\n<p>\n\t<iframe loading=\"lazy\" frameborder=\"no\" height=\"200\" scrolling=\"no\" seamless=\"\" src=\"https:\/\/player.simplecast.com\/545ddd67-6157-4671-b9d7-092bdfacab13?dark=false\" width=\"600%\"><\/iframe><\/p>\n<p\n\n\n\n<p><\/p>\n\n\n\n<p><strong>Herzlich willkommen Werner Harrer, 66 Jahre, RCA-Konzernbetriebsratsvorsitzender in Pension, und&nbsp;Samuel Weissinger, 21 Jahre, Vorsitzender des \u00d6BB-Konzernjugendvertrauensrats.<\/strong><\/p>\n\n\n\n<p><strong>vida-Redaktion:\u00a0Werner, du blickst auf viele Betriebsratsjahre zur\u00fcck. Kannst du uns von den Anf\u00e4ngen erz\u00e4hlen?<\/strong><\/p>\n\n\n\n<p><strong>Werner Harrer:<\/strong>&nbsp;Ich habe 1974 meine Ausbildung im sogenannten \u201ekommerziellen Dienst\u201c begonnen und war damals in einer Personenkasse in der Steiermark t\u00e4tig. Der Betriebsrat hatte aufgeh\u00f6rt, die Frage war, wer folgt nach. Und so bin ich 1976 Vertrauensmann geworden, so haben Betriebsr\u00e4te damals gehei\u00dfen.<\/p>\n\n\n\n<p><strong>vida-Redaktion:<\/strong>\u00a0<strong>1976 war lange, bevor Samuel auf die Welt gekommen ist. Wie bist du zum Jugendvertrauensrat gekommen?<\/strong><\/p>\n\n\n\n<p><strong>Samuel Weissinger:<\/strong>&nbsp;Ich habe 2018 in St. P\u00f6lten meine Lehre als Mechatroniker gestartet. Im Jahr darauf wurde ein neuer JVR gew\u00e4hlt. Ich bin angetreten und habe gewonnen. Mich hat es immer schon interessiert, f\u00fcr \u201emeine\u201c Leute einzustehen.<\/p>\n\n\n\n<p><strong>vida-Redaktion:<\/strong>\u00a0<strong>Es geht in eurer Arbeit darum, die Rechte der KollegInnen zu vertreten. Werner, inwieweit hat sich die T\u00e4tigkeit ver\u00e4ndert?<\/strong><\/p>\n\n\n\n<p><strong>Werner Harrer:<\/strong>&nbsp;Nat\u00fcrlich wusste ich zu dem Zeitpunkt, als ich Betriebsrat wurde, nicht, welche Dimensionen das alles annehmen w\u00fcrde. Zu Beginn ist es darum gegangen, die Kollegen direkt vor Ort zu vertreten, und das hat mir einen Riesenspa\u00df gemacht. Man kann die Betriebsratsarbeit von damals nicht mit jener von heute vergleichen. Schon allein die gesetzlichen Rahmenbedingungen haben sich massiv ver\u00e4ndert.<\/p>\n\n\n\n<p><strong>vida-Redaktion:\u00a0Samuel, du bist ja noch nicht lange dabei, aber hat sich auch bei dir etwas ver\u00e4ndert?<\/strong><\/p>\n\n\n\n<p><strong>Samuel Weissinger:&nbsp;<\/strong>Am Anfang wei\u00dft du nicht wirklich, was wie genau zu tun ist. Aber nach kurzer Zeit kommst du rein und immer mehr Leute kommen auf dich zu, weil sie merken, da ist jemand f\u00fcr sie da. Die gr\u00f6\u00dfte Herausforderung ist, den richtigen Konsens zu finden, also dass es f\u00fcr beide Seiten passt.<\/p>\n\n\n\n<p><strong>vida-Redaktion:\u00a0Werner, was wird dir immer in Erinnerung bleiben?<\/strong><\/p>\n\n\n\n<p><strong>Werner Harrer:<\/strong>\u00a0Einiges, da k\u00f6nnten wir lange dar\u00fcber reden (schmunzelt). In Erinnerung bleiben wird mir vor allem der Umbau der alten \u00d6BB zu einer Gesellschaft mit einer neuen Struktur. Da durfte ich als junger Betriebsrat den Prozess aus Sicht der Belegschaft begleiten. Das war schon sehr pr\u00e4gend f\u00fcr mich.<br><br><strong>vida-Redaktion:<\/strong>\u00a0<strong>Geht man als Betriebsrat jemals in Pension?<\/strong><\/p>\n\n\n\n<p><strong>Werner Harrer:<\/strong>&nbsp;Also ich habe mir schon schwergetan und bin nach wie vor mit Herz und Seele Eisenbahner und Betriebsrat. Ich bin jetzt im&nbsp;<a href=\"http:\/\/www.eisenbahnerheim.at\/\" target=\"_blank\" rel=\"noreferrer noopener\">Eisenbahnerheim<\/a>, dem ehemaligen Sitz der Gewerkschaft, aktiv. Dort gibt es viel historisches Material und das digitalisieren wir jetzt St\u00fcck f\u00fcr St\u00fcck. Die Arbeit geht mir also nicht aus, und es ist sch\u00f6n, mit den KollegInnen, die mich jahrelang begleitet haben, in Kontakt zu bleiben.<\/p>\n\n\n\n<p><strong>vida-Redaktion:<\/strong>\u00a0<strong>Samuel, wohin geht deine Reise?<\/strong><\/p>\n\n\n\n<p><strong>Samuel Weissinger:&nbsp;<\/strong>Also an Pension denke ich noch lange nicht (grinst). Wo es mich genau hinverschlagen wird, kann ich noch nicht sagen. Ich m\u00f6chte jedenfalls bei der Bahn bleiben und so schnell wie m\u00f6glich in eine Betriebsratsrolle schl\u00fcpfen.<\/p>\n\n\n\n<p><strong>vida-Redaktion:<\/strong>\u00a0<strong>Abschlie\u00dfende Frage: Wie wichtig ist Mitreden f\u00fcr euch?<\/strong><\/p>\n\n\n\n<p><strong>Samuel Weissinger:&nbsp;<\/strong>Wenn etwas vor deinen Augen passiert und du dir denkst, das geht so nicht, dann kannst du eh nicht still sitzen bleiben. Dann stehst du auf, gehst dazwischen und sagst: \u201eHey, reden wir miteinander und finden einen Konsens!\u201c<\/p>\n\n\n\n<p><strong>Werner Harrer:&nbsp;<\/strong>Ohne Mitreden bist du als Betriebsrat auf verlorenem Posten. Mich hat das Modell der Sozialpartnerschaft sehr stark gepr\u00e4gt. Unter der aktuellen Regierung spielt sie zwar nicht mehr so eine gro\u00dfe Rolle, aber vielleicht wird das wieder. Denn der Wert des Miteinander-Redens ist unbezahlbar!<\/p>\n\n\n\n<p><strong>vida-Redaktion:\u00a0Vielen Dank f\u00fcr eure Zeit und alles Gute f\u00fcr eure Zukunft!<\/strong><\/p>\n\n\n\n<p><br><br><\/p>\n\n\n\n<p><\/p>\n<\/div><\/div>\n","protected":false},"excerpt":{"rendered":"<p>Schau und h\u00f6r rein beim ersten vida-Generationen-Talk. Werner und Samuel kommen aus verschiedenen Generationen und doch haben sie vieles gemeinsam. Beim vida-Generationen-Talk sprechen wir mit beiden \u00fcber Mitbestimmung und ein Leben als Betriebsrat in Pension. Schau und h\u00f6r rein beim ersten vida-Generationen-Talk.<\/p>\n","protected":false},"author":5,"featured_media":1960,"comment_status":"open","ping_status":"open","sticky":false,"template":"","format":"standard","meta":{"_uag_custom_page_level_css":"","advgb_blocks_editor_width":"","advgb_blocks_columns_visual_guide":"","footnotes":""},"categories":[4,1,32],"tags":[],"Orte":[],"activitytype":[],"class_list":["post-1957","post","type-post","status-publish","format-standard","has-post-thumbnail","hentry","category-aktuelles","category-allgemein","category-top-aktuelles","entry"],"featured_image_urls":{"full":["https:\/\/blog.vida.at\/pensionisten\/wp-content\/uploads\/sites\/10\/2021\/02\/generationen2.jpg",389,259,false],"thumbnail":["https:\/\/blog.vida.at\/pensionisten\/wp-content\/uploads\/sites\/10\/2021\/02\/generationen2-150x150.jpg",150,150,true],"medium":["https:\/\/blog.vida.at\/pensionisten\/wp-content\/uploads\/sites\/10\/2021\/02\/generationen2-300x200.jpg",300,200,true],"medium_large":["https:\/\/blog.vida.at\/pensionisten\/wp-content\/uploads\/sites\/10\/2021\/02\/generationen2.jpg",389,259,false],"large":["https:\/\/blog.vida.at\/pensionisten\/wp-content\/uploads\/sites\/10\/2021\/02\/generationen2.jpg",389,259,false],"1536x1536":["https:\/\/blog.vida.at\/pensionisten\/wp-content\/uploads\/sites\/10\/2021\/02\/generationen2.jpg",389,259,false],"2048x2048":["https:\/\/blog.vida.at\/pensionisten\/wp-content\/uploads\/sites\/10\/2021\/02\/generationen2.jpg",389,259,false],"ab-block-post-grid-landscape":["https:\/\/blog.vida.at\/pensionisten\/wp-content\/uploads\/sites\/10\/2021\/02\/generationen2.jpg",389,259,false],"ab-block-post-grid-square":["https:\/\/blog.vida.at\/pensionisten\/wp-content\/uploads\/sites\/10\/2021\/02\/generationen2.jpg",389,259,false],"post-thumbnail":["https:\/\/blog.vida.at\/pensionisten\/wp-content\/uploads\/sites\/10\/2021\/02\/generationen2.jpg",389,259,false],"awb_sm":["https:\/\/blog.vida.at\/pensionisten\/wp-content\/uploads\/sites\/10\/2021\/02\/generationen2.jpg",389,259,false],"awb_md":["https:\/\/blog.vida.at\/pensionisten\/wp-content\/uploads\/sites\/10\/2021\/02\/generationen2.jpg",389,259,false],"awb_lg":["https:\/\/blog.vida.at\/pensionisten\/wp-content\/uploads\/sites\/10\/2021\/02\/generationen2.jpg",389,259,false],"awb_xl":["https:\/\/blog.vida.at\/pensionisten\/wp-content\/uploads\/sites\/10\/2021\/02\/generationen2.jpg",389,259,false]},"post_excerpt_stackable":"<p>Schau und h\u00f6r rein beim ersten vida-Generationen-Talk. Werner und Samuel kommen aus verschiedenen Generationen und doch haben sie vieles gemeinsam. Beim vida-Generationen-Talk sprechen wir mit beiden \u00fcber Mitbestimmung und ein Leben als Betriebsrat in Pension. Schau und h\u00f6r rein beim ersten vida-Generationen-Talk.<\/p>\n","category_list":"<a href=\"https:\/\/blog.vida.at\/pensionisten\/category\/aktuelles\/\" rel=\"category tag\">Aktuelles<\/a>, <a href=\"https:\/\/blog.vida.at\/pensionisten\/category\/allgemein\/\" rel=\"category tag\">Allgemein<\/a>, <a href=\"https:\/\/blog.vida.at\/pensionisten\/category\/top-aktuelles\/\" rel=\"category tag\">Top Aktuelles<\/a>","author_info":{"display_name":"michaelafeik","author_link":"https:\/\/blog.vida.at\/pensionisten\/author\/michaelafeik\/"},"comments_num":"0 comments","featured_image_urls_v2":{"full":["https:\/\/blog.vida.at\/pensionisten\/wp-content\/uploads\/sites\/10\/2021\/02\/generationen2.jpg",389,259,false],"thumbnail":["https:\/\/blog.vida.at\/pensionisten\/wp-content\/uploads\/sites\/10\/2021\/02\/generationen2-150x150.jpg",150,150,true],"medium":["https:\/\/blog.vida.at\/pensionisten\/wp-content\/uploads\/sites\/10\/2021\/02\/generationen2-300x200.jpg",300,200,true],"medium_large":["https:\/\/blog.vida.at\/pensionisten\/wp-content\/uploads\/sites\/10\/2021\/02\/generationen2.jpg",389,259,false],"large":["https:\/\/blog.vida.at\/pensionisten\/wp-content\/uploads\/sites\/10\/2021\/02\/generationen2.jpg",389,259,false],"1536x1536":["https:\/\/blog.vida.at\/pensionisten\/wp-content\/uploads\/sites\/10\/2021\/02\/generationen2.jpg",389,259,false],"2048x2048":["https:\/\/blog.vida.at\/pensionisten\/wp-content\/uploads\/sites\/10\/2021\/02\/generationen2.jpg",389,259,false],"ab-block-post-grid-landscape":["https:\/\/blog.vida.at\/pensionisten\/wp-content\/uploads\/sites\/10\/2021\/02\/generationen2.jpg",389,259,false],"ab-block-post-grid-square":["https:\/\/blog.vida.at\/pensionisten\/wp-content\/uploads\/sites\/10\/2021\/02\/generationen2.jpg",389,259,false],"post-thumbnail":["https:\/\/blog.vida.at\/pensionisten\/wp-content\/uploads\/sites\/10\/2021\/02\/generationen2.jpg",389,259,false],"awb_sm":["https:\/\/blog.vida.at\/pensionisten\/wp-content\/uploads\/sites\/10\/2021\/02\/generationen2.jpg",389,259,false],"awb_md":["https:\/\/blog.vida.at\/pensionisten\/wp-content\/uploads\/sites\/10\/2021\/02\/generationen2.jpg",389,259,false],"awb_lg":["https:\/\/blog.vida.at\/pensionisten\/wp-content\/uploads\/sites\/10\/2021\/02\/generationen2.jpg",389,259,false],"awb_xl":["https:\/\/blog.vida.at\/pensionisten\/wp-content\/uploads\/sites\/10\/2021\/02\/generationen2.jpg",389,259,false]},"post_excerpt_stackable_v2":"<p>Schau und h\u00f6r rein beim ersten vida-Generationen-Talk. Werner und Samuel kommen aus verschiedenen Generationen und doch haben sie vieles gemeinsam. Beim vida-Generationen-Talk sprechen wir mit beiden \u00fcber Mitbestimmung und ein Leben als Betriebsrat in Pension. Schau und h\u00f6r rein beim ersten vida-Generationen-Talk.<\/p>\n","category_list_v2":"<a href=\"https:\/\/blog.vida.at\/pensionisten\/category\/aktuelles\/\" rel=\"category tag\">Aktuelles<\/a>, <a href=\"https:\/\/blog.vida.at\/pensionisten\/category\/allgemein\/\" rel=\"category tag\">Allgemein<\/a>, <a href=\"https:\/\/blog.vida.at\/pensionisten\/category\/top-aktuelles\/\" rel=\"category tag\">Top Aktuelles<\/a>","author_info_v2":{"name":"michaelafeik","url":"https:\/\/blog.vida.at\/pensionisten\/author\/michaelafeik\/"},"comments_num_v2":"0 comments","yoast_head":"<!-- This site is optimized with the Yoast SEO plugin v27.3 - https:\/\/yoast.com\/product\/yoast-seo-wordpress\/ -->\n<title>&quot;Miteinander reden ist unbezahlbar&quot;<\/title>\n<meta name=\"robots\" content=\"index, follow, max-snippet:-1, max-image-preview:large, max-video-preview:-1\" \/>\n<link rel=\"canonical\" href=\"https:\/\/blog.vida.at\/pensionisten\/2021\/02\/25\/miteinander-reden-ist-unbezahlbar\/\" \/>\n<meta property=\"og:locale\" content=\"de_DE\" \/>\n<meta property=\"og:type\" content=\"article\" \/>\n<meta property=\"og:title\" content=\"&quot;Miteinander reden ist unbezahlbar&quot;\" \/>\n<meta property=\"og:description\" content=\"Schau und h\u00f6r rein beim ersten vida-Generationen-Talk. Werner und Samuel kommen aus verschiedenen Generationen und doch haben sie vieles gemeinsam. Beim vida-Generationen-Talk sprechen wir mit beiden \u00fcber Mitbestimmung und ein Leben als Betriebsrat in Pension. Schau und h\u00f6r rein beim ersten vida-Generationen-Talk.\" \/>\n<meta property=\"og:url\" content=\"https:\/\/blog.vida.at\/pensionisten\/2021\/02\/25\/miteinander-reden-ist-unbezahlbar\/\" \/>\n<meta property=\"og:site_name\" content=\"vida Pensionisten\" \/>\n<meta property=\"article:published_time\" content=\"2021-02-25T14:08:08+00:00\" \/>\n<meta property=\"article:modified_time\" content=\"2021-02-25T15:14:12+00:00\" \/>\n<meta property=\"og:image\" content=\"https:\/\/blog.vida.at\/pensionisten\/wp-content\/uploads\/sites\/10\/2021\/02\/generationen2.jpg\" \/>\n\t<meta property=\"og:image:width\" content=\"389\" \/>\n\t<meta property=\"og:image:height\" content=\"259\" \/>\n\t<meta property=\"og:image:type\" content=\"image\/jpeg\" \/>\n<meta name=\"author\" content=\"michaelafeik\" \/>\n<meta name=\"twitter:card\" content=\"summary_large_image\" \/>\n<meta name=\"twitter:label1\" content=\"Verfasst von\" \/>\n\t<meta name=\"twitter:data1\" content=\"michaelafeik\" \/>\n\t<meta name=\"twitter:label2\" content=\"Gesch\u00e4tzte Lesezeit\" \/>\n\t<meta name=\"twitter:data2\" content=\"3\u00a0Minuten\" \/>\n<script type=\"application\/ld+json\" class=\"yoast-schema-graph\">{\"@context\":\"https:\\\/\\\/schema.org\",\"@graph\":[{\"@type\":\"Article\",\"@id\":\"https:\\\/\\\/blog.vida.at\\\/pensionisten\\\/2021\\\/02\\\/25\\\/miteinander-reden-ist-unbezahlbar\\\/#article\",\"isPartOf\":{\"@id\":\"https:\\\/\\\/blog.vida.at\\\/pensionisten\\\/2021\\\/02\\\/25\\\/miteinander-reden-ist-unbezahlbar\\\/\"},\"author\":{\"name\":\"michaelafeik\",\"@id\":\"https:\\\/\\\/blog.vida.at\\\/pensionisten\\\/#\\\/schema\\\/person\\\/2cea9cf3d58cf9334410ed5d6feb8a56\"},\"headline\":\"&#8222;Miteinander reden ist unbezahlbar&#8220;\",\"datePublished\":\"2021-02-25T14:08:08+00:00\",\"dateModified\":\"2021-02-25T15:14:12+00:00\",\"mainEntityOfPage\":{\"@id\":\"https:\\\/\\\/blog.vida.at\\\/pensionisten\\\/2021\\\/02\\\/25\\\/miteinander-reden-ist-unbezahlbar\\\/\"},\"wordCount\":48,\"commentCount\":0,\"image\":{\"@id\":\"https:\\\/\\\/blog.vida.at\\\/pensionisten\\\/2021\\\/02\\\/25\\\/miteinander-reden-ist-unbezahlbar\\\/#primaryimage\"},\"thumbnailUrl\":\"https:\\\/\\\/blog.vida.at\\\/pensionisten\\\/wp-content\\\/uploads\\\/sites\\\/10\\\/2021\\\/02\\\/generationen2.jpg\",\"articleSection\":{\"0\":\"Aktuelles\",\"2\":\"Top Aktuelles\"},\"inLanguage\":\"de\",\"potentialAction\":[{\"@type\":\"CommentAction\",\"name\":\"Comment\",\"target\":[\"https:\\\/\\\/blog.vida.at\\\/pensionisten\\\/2021\\\/02\\\/25\\\/miteinander-reden-ist-unbezahlbar\\\/#respond\"]}]},{\"@type\":\"WebPage\",\"@id\":\"https:\\\/\\\/blog.vida.at\\\/pensionisten\\\/2021\\\/02\\\/25\\\/miteinander-reden-ist-unbezahlbar\\\/\",\"url\":\"https:\\\/\\\/blog.vida.at\\\/pensionisten\\\/2021\\\/02\\\/25\\\/miteinander-reden-ist-unbezahlbar\\\/\",\"name\":\"\\\"Miteinander reden ist unbezahlbar\\\"\",\"isPartOf\":{\"@id\":\"https:\\\/\\\/blog.vida.at\\\/pensionisten\\\/#website\"},\"primaryImageOfPage\":{\"@id\":\"https:\\\/\\\/blog.vida.at\\\/pensionisten\\\/2021\\\/02\\\/25\\\/miteinander-reden-ist-unbezahlbar\\\/#primaryimage\"},\"image\":{\"@id\":\"https:\\\/\\\/blog.vida.at\\\/pensionisten\\\/2021\\\/02\\\/25\\\/miteinander-reden-ist-unbezahlbar\\\/#primaryimage\"},\"thumbnailUrl\":\"https:\\\/\\\/blog.vida.at\\\/pensionisten\\\/wp-content\\\/uploads\\\/sites\\\/10\\\/2021\\\/02\\\/generationen2.jpg\",\"datePublished\":\"2021-02-25T14:08:08+00:00\",\"dateModified\":\"2021-02-25T15:14:12+00:00\",\"author\":{\"@id\":\"https:\\\/\\\/blog.vida.at\\\/pensionisten\\\/#\\\/schema\\\/person\\\/2cea9cf3d58cf9334410ed5d6feb8a56\"},\"breadcrumb\":{\"@id\":\"https:\\\/\\\/blog.vida.at\\\/pensionisten\\\/2021\\\/02\\\/25\\\/miteinander-reden-ist-unbezahlbar\\\/#breadcrumb\"},\"inLanguage\":\"de\",\"potentialAction\":[{\"@type\":\"ReadAction\",\"target\":[\"https:\\\/\\\/blog.vida.at\\\/pensionisten\\\/2021\\\/02\\\/25\\\/miteinander-reden-ist-unbezahlbar\\\/\"]}]},{\"@type\":\"ImageObject\",\"inLanguage\":\"de\",\"@id\":\"https:\\\/\\\/blog.vida.at\\\/pensionisten\\\/2021\\\/02\\\/25\\\/miteinander-reden-ist-unbezahlbar\\\/#primaryimage\",\"url\":\"https:\\\/\\\/blog.vida.at\\\/pensionisten\\\/wp-content\\\/uploads\\\/sites\\\/10\\\/2021\\\/02\\\/generationen2.jpg\",\"contentUrl\":\"https:\\\/\\\/blog.vida.at\\\/pensionisten\\\/wp-content\\\/uploads\\\/sites\\\/10\\\/2021\\\/02\\\/generationen2.jpg\",\"width\":389,\"height\":259},{\"@type\":\"BreadcrumbList\",\"@id\":\"https:\\\/\\\/blog.vida.at\\\/pensionisten\\\/2021\\\/02\\\/25\\\/miteinander-reden-ist-unbezahlbar\\\/#breadcrumb\",\"itemListElement\":[{\"@type\":\"ListItem\",\"position\":1,\"name\":\"Startseite\",\"item\":\"https:\\\/\\\/blog.vida.at\\\/pensionisten\\\/\"},{\"@type\":\"ListItem\",\"position\":2,\"name\":\"&#8222;Miteinander reden ist unbezahlbar&#8220;\"}]},{\"@type\":\"WebSite\",\"@id\":\"https:\\\/\\\/blog.vida.at\\\/pensionisten\\\/#website\",\"url\":\"https:\\\/\\\/blog.vida.at\\\/pensionisten\\\/\",\"name\":\"vida Pensionisten\",\"description\":\"\",\"potentialAction\":[{\"@type\":\"SearchAction\",\"target\":{\"@type\":\"EntryPoint\",\"urlTemplate\":\"https:\\\/\\\/blog.vida.at\\\/pensionisten\\\/?s={search_term_string}\"},\"query-input\":{\"@type\":\"PropertyValueSpecification\",\"valueRequired\":true,\"valueName\":\"search_term_string\"}}],\"inLanguage\":\"de\"},{\"@type\":\"Person\",\"@id\":\"https:\\\/\\\/blog.vida.at\\\/pensionisten\\\/#\\\/schema\\\/person\\\/2cea9cf3d58cf9334410ed5d6feb8a56\",\"name\":\"michaelafeik\",\"image\":{\"@type\":\"ImageObject\",\"inLanguage\":\"de\",\"@id\":\"https:\\\/\\\/secure.gravatar.com\\\/avatar\\\/03d8da787452696abe6f1e2aedabdf17f0d62a0779c9ed004162282155b35ea3?s=96&d=mm&r=g\",\"url\":\"https:\\\/\\\/secure.gravatar.com\\\/avatar\\\/03d8da787452696abe6f1e2aedabdf17f0d62a0779c9ed004162282155b35ea3?s=96&d=mm&r=g\",\"contentUrl\":\"https:\\\/\\\/secure.gravatar.com\\\/avatar\\\/03d8da787452696abe6f1e2aedabdf17f0d62a0779c9ed004162282155b35ea3?s=96&d=mm&r=g\",\"caption\":\"michaelafeik\"},\"url\":\"https:\\\/\\\/blog.vida.at\\\/pensionisten\\\/author\\\/michaelafeik\\\/\"}]}<\/script>\n<!-- \/ Yoast SEO plugin. -->","yoast_head_json":{"title":"\"Miteinander reden ist unbezahlbar\"","robots":{"index":"index","follow":"follow","max-snippet":"max-snippet:-1","max-image-preview":"max-image-preview:large","max-video-preview":"max-video-preview:-1"},"canonical":"https:\/\/blog.vida.at\/pensionisten\/2021\/02\/25\/miteinander-reden-ist-unbezahlbar\/","og_locale":"de_DE","og_type":"article","og_title":"\"Miteinander reden ist unbezahlbar\"","og_description":"Schau und h\u00f6r rein beim ersten vida-Generationen-Talk. Werner und Samuel kommen aus verschiedenen Generationen und doch haben sie vieles gemeinsam. Beim vida-Generationen-Talk sprechen wir mit beiden \u00fcber Mitbestimmung und ein Leben als Betriebsrat in Pension. Schau und h\u00f6r rein beim ersten vida-Generationen-Talk.","og_url":"https:\/\/blog.vida.at\/pensionisten\/2021\/02\/25\/miteinander-reden-ist-unbezahlbar\/","og_site_name":"vida Pensionisten","article_published_time":"2021-02-25T14:08:08+00:00","article_modified_time":"2021-02-25T15:14:12+00:00","og_image":[{"width":389,"height":259,"url":"https:\/\/blog.vida.at\/pensionisten\/wp-content\/uploads\/sites\/10\/2021\/02\/generationen2.jpg","type":"image\/jpeg"}],"author":"michaelafeik","twitter_card":"summary_large_image","twitter_misc":{"Verfasst von":"michaelafeik","Gesch\u00e4tzte Lesezeit":"3\u00a0Minuten"},"schema":{"@context":"https:\/\/schema.org","@graph":[{"@type":"Article","@id":"https:\/\/blog.vida.at\/pensionisten\/2021\/02\/25\/miteinander-reden-ist-unbezahlbar\/#article","isPartOf":{"@id":"https:\/\/blog.vida.at\/pensionisten\/2021\/02\/25\/miteinander-reden-ist-unbezahlbar\/"},"author":{"name":"michaelafeik","@id":"https:\/\/blog.vida.at\/pensionisten\/#\/schema\/person\/2cea9cf3d58cf9334410ed5d6feb8a56"},"headline":"&#8222;Miteinander reden ist unbezahlbar&#8220;","datePublished":"2021-02-25T14:08:08+00:00","dateModified":"2021-02-25T15:14:12+00:00","mainEntityOfPage":{"@id":"https:\/\/blog.vida.at\/pensionisten\/2021\/02\/25\/miteinander-reden-ist-unbezahlbar\/"},"wordCount":48,"commentCount":0,"image":{"@id":"https:\/\/blog.vida.at\/pensionisten\/2021\/02\/25\/miteinander-reden-ist-unbezahlbar\/#primaryimage"},"thumbnailUrl":"https:\/\/blog.vida.at\/pensionisten\/wp-content\/uploads\/sites\/10\/2021\/02\/generationen2.jpg","articleSection":{"0":"Aktuelles","2":"Top Aktuelles"},"inLanguage":"de","potentialAction":[{"@type":"CommentAction","name":"Comment","target":["https:\/\/blog.vida.at\/pensionisten\/2021\/02\/25\/miteinander-reden-ist-unbezahlbar\/#respond"]}]},{"@type":"WebPage","@id":"https:\/\/blog.vida.at\/pensionisten\/2021\/02\/25\/miteinander-reden-ist-unbezahlbar\/","url":"https:\/\/blog.vida.at\/pensionisten\/2021\/02\/25\/miteinander-reden-ist-unbezahlbar\/","name":"\"Miteinander reden ist unbezahlbar\"","isPartOf":{"@id":"https:\/\/blog.vida.at\/pensionisten\/#website"},"primaryImageOfPage":{"@id":"https:\/\/blog.vida.at\/pensionisten\/2021\/02\/25\/miteinander-reden-ist-unbezahlbar\/#primaryimage"},"image":{"@id":"https:\/\/blog.vida.at\/pensionisten\/2021\/02\/25\/miteinander-reden-ist-unbezahlbar\/#primaryimage"},"thumbnailUrl":"https:\/\/blog.vida.at\/pensionisten\/wp-content\/uploads\/sites\/10\/2021\/02\/generationen2.jpg","datePublished":"2021-02-25T14:08:08+00:00","dateModified":"2021-02-25T15:14:12+00:00","author":{"@id":"https:\/\/blog.vida.at\/pensionisten\/#\/schema\/person\/2cea9cf3d58cf9334410ed5d6feb8a56"},"breadcrumb":{"@id":"https:\/\/blog.vida.at\/pensionisten\/2021\/02\/25\/miteinander-reden-ist-unbezahlbar\/#breadcrumb"},"inLanguage":"de","potentialAction":[{"@type":"ReadAction","target":["https:\/\/blog.vida.at\/pensionisten\/2021\/02\/25\/miteinander-reden-ist-unbezahlbar\/"]}]},{"@type":"ImageObject","inLanguage":"de","@id":"https:\/\/blog.vida.at\/pensionisten\/2021\/02\/25\/miteinander-reden-ist-unbezahlbar\/#primaryimage","url":"https:\/\/blog.vida.at\/pensionisten\/wp-content\/uploads\/sites\/10\/2021\/02\/generationen2.jpg","contentUrl":"https:\/\/blog.vida.at\/pensionisten\/wp-content\/uploads\/sites\/10\/2021\/02\/generationen2.jpg","width":389,"height":259},{"@type":"BreadcrumbList","@id":"https:\/\/blog.vida.at\/pensionisten\/2021\/02\/25\/miteinander-reden-ist-unbezahlbar\/#breadcrumb","itemListElement":[{"@type":"ListItem","position":1,"name":"Startseite","item":"https:\/\/blog.vida.at\/pensionisten\/"},{"@type":"ListItem","position":2,"name":"&#8222;Miteinander reden ist unbezahlbar&#8220;"}]},{"@type":"WebSite","@id":"https:\/\/blog.vida.at\/pensionisten\/#website","url":"https:\/\/blog.vida.at\/pensionisten\/","name":"vida Pensionisten","description":"","potentialAction":[{"@type":"SearchAction","target":{"@type":"EntryPoint","urlTemplate":"https:\/\/blog.vida.at\/pensionisten\/?s={search_term_string}"},"query-input":{"@type":"PropertyValueSpecification","valueRequired":true,"valueName":"search_term_string"}}],"inLanguage":"de"},{"@type":"Person","@id":"https:\/\/blog.vida.at\/pensionisten\/#\/schema\/person\/2cea9cf3d58cf9334410ed5d6feb8a56","name":"michaelafeik","image":{"@type":"ImageObject","inLanguage":"de","@id":"https:\/\/secure.gravatar.com\/avatar\/03d8da787452696abe6f1e2aedabdf17f0d62a0779c9ed004162282155b35ea3?s=96&d=mm&r=g","url":"https:\/\/secure.gravatar.com\/avatar\/03d8da787452696abe6f1e2aedabdf17f0d62a0779c9ed004162282155b35ea3?s=96&d=mm&r=g","contentUrl":"https:\/\/secure.gravatar.com\/avatar\/03d8da787452696abe6f1e2aedabdf17f0d62a0779c9ed004162282155b35ea3?s=96&d=mm&r=g","caption":"michaelafeik"},"url":"https:\/\/blog.vida.at\/pensionisten\/author\/michaelafeik\/"}]}},"author_meta":{"display_name":"michaelafeik","author_link":"https:\/\/blog.vida.at\/pensionisten\/author\/michaelafeik\/"},"featured_img":"https:\/\/blog.vida.at\/pensionisten\/wp-content\/uploads\/sites\/10\/2021\/02\/generationen2-300x200.jpg","featured_image_src":"https:\/\/blog.vida.at\/pensionisten\/wp-content\/uploads\/sites\/10\/2021\/02\/generationen2.jpg","featured_image_src_square":"https:\/\/blog.vida.at\/pensionisten\/wp-content\/uploads\/sites\/10\/2021\/02\/generationen2.jpg","uagb_featured_image_src":{"full":["https:\/\/blog.vida.at\/pensionisten\/wp-content\/uploads\/sites\/10\/2021\/02\/generationen2.jpg",389,259,false],"thumbnail":["https:\/\/blog.vida.at\/pensionisten\/wp-content\/uploads\/sites\/10\/2021\/02\/generationen2-150x150.jpg",150,150,true],"medium":["https:\/\/blog.vida.at\/pensionisten\/wp-content\/uploads\/sites\/10\/2021\/02\/generationen2-300x200.jpg",300,200,true],"medium_large":["https:\/\/blog.vida.at\/pensionisten\/wp-content\/uploads\/sites\/10\/2021\/02\/generationen2.jpg",389,259,false],"large":["https:\/\/blog.vida.at\/pensionisten\/wp-content\/uploads\/sites\/10\/2021\/02\/generationen2.jpg",389,259,false],"1536x1536":["https:\/\/blog.vida.at\/pensionisten\/wp-content\/uploads\/sites\/10\/2021\/02\/generationen2.jpg",389,259,false],"2048x2048":["https:\/\/blog.vida.at\/pensionisten\/wp-content\/uploads\/sites\/10\/2021\/02\/generationen2.jpg",389,259,false],"ab-block-post-grid-landscape":["https:\/\/blog.vida.at\/pensionisten\/wp-content\/uploads\/sites\/10\/2021\/02\/generationen2.jpg",389,259,false],"ab-block-post-grid-square":["https:\/\/blog.vida.at\/pensionisten\/wp-content\/uploads\/sites\/10\/2021\/02\/generationen2.jpg",389,259,false],"post-thumbnail":["https:\/\/blog.vida.at\/pensionisten\/wp-content\/uploads\/sites\/10\/2021\/02\/generationen2.jpg",389,259,false],"awb_sm":["https:\/\/blog.vida.at\/pensionisten\/wp-content\/uploads\/sites\/10\/2021\/02\/generationen2.jpg",389,259,false],"awb_md":["https:\/\/blog.vida.at\/pensionisten\/wp-content\/uploads\/sites\/10\/2021\/02\/generationen2.jpg",389,259,false],"awb_lg":["https:\/\/blog.vida.at\/pensionisten\/wp-content\/uploads\/sites\/10\/2021\/02\/generationen2.jpg",389,259,false],"awb_xl":["https:\/\/blog.vida.at\/pensionisten\/wp-content\/uploads\/sites\/10\/2021\/02\/generationen2.jpg",389,259,false]},"uagb_author_info":{"display_name":"michaelafeik","author_link":"https:\/\/blog.vida.at\/pensionisten\/author\/michaelafeik\/"},"uagb_comment_info":0,"uagb_excerpt":"Schau und h\u00f6r rein beim ersten vida-Generationen-Talk. Werner und Samuel kommen aus verschiedenen Generationen und doch haben sie vieles gemeinsam. Beim vida-Generationen-Talk sprechen wir mit beiden \u00fcber Mitbestimmung und ein Leben als Betriebsrat in Pension. Schau und h\u00f6r rein beim ersten vida-Generationen-Talk.","coauthors":[],"tax_additional":{"categories":{"linked":["<a href=\"https:\/\/blog.vida.at\/pensionisten\/category\/aktuelles\/\" class=\"advgb-post-tax-term\">Aktuelles<\/a>","<a href=\"https:\/\/blog.vida.at\/pensionisten\/category\/allgemein\/\" class=\"advgb-post-tax-term\">Allgemein<\/a>","<a href=\"https:\/\/blog.vida.at\/pensionisten\/category\/top-aktuelles\/\" class=\"advgb-post-tax-term\">Top Aktuelles<\/a>"],"unlinked":["<span class=\"advgb-post-tax-term\">Aktuelles<\/span>","<span class=\"advgb-post-tax-term\">Allgemein<\/span>","<span class=\"advgb-post-tax-term\">Top Aktuelles<\/span>"]}},"comment_count":"0","relative_dates":{"created":"Ver\u00f6ffentlicht 5\u00a0Jahren vor","modified":"Aktualisiert 5\u00a0Jahren vor"},"absolute_dates":{"created":"Ver\u00f6ffentlicht am 25. Februar 2021","modified":"Aktualisiert am 25. Februar 2021"},"absolute_dates_time":{"created":"Ver\u00f6ffentlicht am 25. Februar 2021 15:08","modified":"Aktualisiert am 25. Februar 2021 16:14"},"featured_img_caption":"","series_order":"","_links":{"self":[{"href":"https:\/\/blog.vida.at\/pensionisten\/wp-json\/wp\/v2\/posts\/1957","targetHints":{"allow":["GET"]}}],"collection":[{"href":"https:\/\/blog.vida.at\/pensionisten\/wp-json\/wp\/v2\/posts"}],"about":[{"href":"https:\/\/blog.vida.at\/pensionisten\/wp-json\/wp\/v2\/types\/post"}],"author":[{"embeddable":true,"href":"https:\/\/blog.vida.at\/pensionisten\/wp-json\/wp\/v2\/users\/5"}],"replies":[{"embeddable":true,"href":"https:\/\/blog.vida.at\/pensionisten\/wp-json\/wp\/v2\/comments?post=1957"}],"version-history":[{"count":7,"href":"https:\/\/blog.vida.at\/pensionisten\/wp-json\/wp\/v2\/posts\/1957\/revisions"}],"predecessor-version":[{"id":1967,"href":"https:\/\/blog.vida.at\/pensionisten\/wp-json\/wp\/v2\/posts\/1957\/revisions\/1967"}],"wp:featuredmedia":[{"embeddable":true,"href":"https:\/\/blog.vida.at\/pensionisten\/wp-json\/wp\/v2\/media\/1960"}],"wp:attachment":[{"href":"https:\/\/blog.vida.at\/pensionisten\/wp-json\/wp\/v2\/media?parent=1957"}],"wp:term":[{"taxonomy":"category","embeddable":true,"href":"https:\/\/blog.vida.at\/pensionisten\/wp-json\/wp\/v2\/categories?post=1957"},{"taxonomy":"post_tag","embeddable":true,"href":"https:\/\/blog.vida.at\/pensionisten\/wp-json\/wp\/v2\/tags?post=1957"},{"taxonomy":"Orte","embeddable":true,"href":"https:\/\/blog.vida.at\/pensionisten\/wp-json\/wp\/v2\/Orte?post=1957"},{"taxonomy":"activitytype","embeddable":true,"href":"https:\/\/blog.vida.at\/pensionisten\/wp-json\/wp\/v2\/activitytype?post=1957"}],"curies":[{"name":"wp","href":"https:\/\/api.w.org\/{rel}","templated":true}]}}