
{"id":2131,"date":"2021-04-20T09:41:00","date_gmt":"2021-04-20T07:41:00","guid":{"rendered":"https:\/\/blog.vida.at\/pensionisten\/?p=2131"},"modified":"2021-04-22T10:46:16","modified_gmt":"2021-04-22T08:46:16","slug":"gemeinsam-durch-schwierige-zeiten","status":"publish","type":"post","link":"https:\/\/blog.vida.at\/pensionisten\/2021\/04\/20\/gemeinsam-durch-schwierige-zeiten\/","title":{"rendered":"Gemeinsam durch schwierige Zeiten"},"content":{"rendered":"\n<div class=\"wp-block-group Container\"><div class=\"wp-block-group__inner-container is-layout-flow wp-block-group-is-layout-flow\">\n<h4 class=\"wp-block-heading\"><strong>vida hilft mit kostenloser psychosozialer Beratung.<\/strong><\/h4>\n\n\n\n<p><strong>Die Corona-Pandemie h\u00e4lt uns nach wie vor in Atem. Trotz Ansteckungs\u00e4ngsten fordert dich der Alltag, du musst den Einkauf machen, dich um Angeh\u00f6rige, Enkerl oder pflegebed\u00fcrftige Partner k\u00fcmmern? Fragst du dich, wie du die Quarant\u00e4ne durchhalten sollst? Die Einsamkeit nimmt \u00fcberhand?<\/strong><\/p>\n\n\n\n<!--more-->\n\n\n\n<figure class=\"wp-block-image alignwide size-large is-style-default\"><img loading=\"lazy\" decoding=\"async\" width=\"1024\" height=\"683\" src=\"https:\/\/blog.vida.at\/pensionisten\/wp-content\/uploads\/sites\/10\/2021\/04\/worried-older-woman-PQ4UBCC-1.jpgbialasiewicz-1-1024x683.jpg\" alt=\"\" class=\"wp-image-2135\" srcset=\"https:\/\/blog.vida.at\/pensionisten\/wp-content\/uploads\/sites\/10\/2021\/04\/worried-older-woman-PQ4UBCC-1.jpgbialasiewicz-1-1024x683.jpg 1024w, https:\/\/blog.vida.at\/pensionisten\/wp-content\/uploads\/sites\/10\/2021\/04\/worried-older-woman-PQ4UBCC-1.jpgbialasiewicz-1-300x200.jpg 300w, https:\/\/blog.vida.at\/pensionisten\/wp-content\/uploads\/sites\/10\/2021\/04\/worried-older-woman-PQ4UBCC-1.jpgbialasiewicz-1-768x512.jpg 768w, https:\/\/blog.vida.at\/pensionisten\/wp-content\/uploads\/sites\/10\/2021\/04\/worried-older-woman-PQ4UBCC-1.jpgbialasiewicz-1-1536x1024.jpg 1536w, https:\/\/blog.vida.at\/pensionisten\/wp-content\/uploads\/sites\/10\/2021\/04\/worried-older-woman-PQ4UBCC-1.jpgbialasiewicz-1-2048x1365.jpg 2048w, https:\/\/blog.vida.at\/pensionisten\/wp-content\/uploads\/sites\/10\/2021\/04\/worried-older-woman-PQ4UBCC-1.jpgbialasiewicz-1-500x333.jpg 500w, https:\/\/blog.vida.at\/pensionisten\/wp-content\/uploads\/sites\/10\/2021\/04\/worried-older-woman-PQ4UBCC-1.jpgbialasiewicz-1-800x533.jpg 800w, https:\/\/blog.vida.at\/pensionisten\/wp-content\/uploads\/sites\/10\/2021\/04\/worried-older-woman-PQ4UBCC-1.jpgbialasiewicz-1-1280x853.jpg 1280w, https:\/\/blog.vida.at\/pensionisten\/wp-content\/uploads\/sites\/10\/2021\/04\/worried-older-woman-PQ4UBCC-1.jpgbialasiewicz-1-1920x1280.jpg 1920w, https:\/\/blog.vida.at\/pensionisten\/wp-content\/uploads\/sites\/10\/2021\/04\/worried-older-woman-PQ4UBCC-1.jpgbialasiewicz-1-600x400.jpg 600w, https:\/\/blog.vida.at\/pensionisten\/wp-content\/uploads\/sites\/10\/2021\/04\/worried-older-woman-PQ4UBCC-1.jpgbialasiewicz-1-1568x1045.jpg 1568w\" sizes=\"auto, (max-width: 1024px) 100vw, 1024px\" \/><\/figure>\n\n\n\n<p><\/p>\n<\/div><\/div>\n\n\n\n<p>Wenn du dich gestresst oder ver\u00e4ngstigt f\u00fchlst und Hilfe brauchst, dann z\u00f6gere nicht und nutze als\u00a0<strong>vida-Mitglied jetzt unsere kostenlose psychosoziale Beratung!<\/strong><\/p>\n\n\n\n<p class=\"has-text-align-center\"><strong><span style=\"color: #e2001a;\" class=\"ugb-highlight\">Wir lassen dich nicht allein &#8211; gemeinsam schaffen wir es auch durch diese schwierigen Zeiten!<\/span><\/strong><\/p>\n\n\n\n<p>Die Beratungen erfolgen in Zusammenarbeit mit dem fachlich routinierten Team um<strong>\u00a0Frau DDr.in Christa Kolodej per Telefon oder Skype.<\/strong><br><\/p>\n\n\n\n<p><strong><span style=\"color: #e2001a;\" class=\"ugb-highlight\">Wie du zu einem Termin kommst?<\/span><\/strong><\/p>\n\n\n\n<p>Du bist vida-Mitglied und m\u00f6chtest eine kostenlose Beratung in Anspruch nehmen? Dann wende dich zur\u00a0<strong>ersten Kontaktaufnahme<\/strong>\u00a0unter\u00a0<strong>Angabe deiner vida-Mitgliedsnummer\u00a0<\/strong>an\u00a0<a href=\"mailto:arbeitnehmerInnenschutz@vida.at\" target=\"_blank\" rel=\"noreferrer noopener\">arbeitnehmerInnenschutz@vida.at<\/a>.<br><\/p>\n\n\n\n<p><strong><span style=\"color: #e2001a;\" class=\"ugb-highlight\">Wie hilft psychosoziale Beratung?<\/span><\/strong><\/p>\n\n\n\n<p>Nahezu jeder Mensch durchlebt im Laufe seines Lebens leichtere und schwerere Krisen. Psychosoziale Beratung ist eine Hilfestellung, um die eigenen Gef\u00fchle zu kl\u00e4ren und die eigenen Handlungsm\u00f6glichkeiten in schwierigen Situationen auszuloten. So sollen gemeinsam bestm\u00f6gliche Entscheidungen und Vorgangsweisen gefunden werden, um Probleme zu l\u00f6sen oder \u00c4ngste zu \u00fcberwinden.<\/p>\n\n\n\n<p class=\"has-text-align-center\"><span style=\"color: #06abe2;\" class=\"ugb-highlight\"><strong>\u201eGerade wenn einem derzeit gerade alles \u00fcber den Kopf zu wachsen scheint, <\/strong><\/span><br><span style=\"color: #06abe2;\" class=\"ugb-highlight\"><strong>kann ein professionelles Gespr\u00e4ch mit ausgebildeten Expertinnen und Experten rasch helfen!\u201c<\/strong><br>DDr. Christa Kolodej<\/span><\/p>\n\n\n\n<p><\/p>\n\n\n\n<p><strong><span style=\"color: #e2001a;\" class=\"ugb-highlight\">#Sich seiner Gef\u00fchle wieder klar werden<\/span><\/strong><\/p>\n\n\n\n<p>Krisen l\u00f6sen viele Gedanken und Gef\u00fchle aus. Diese k\u00f6nnen auch widerspr\u00fcchlich sein. Beratung hilft dabei, sich seiner Gef\u00fchle und Gedanken wieder klar zu werden. Das kann zu einer deutlichen Entlastung von Betroffenen f\u00fchren.\u00a0<strong>Das Ziel einer psychosozialen Beratung ist es daher, die H\u00fcrden und Schwierigkeiten zumindest zu verringern oder im Idealfall ganz zu beseitigen, damit das pers\u00f6nliche Wohlbefinden wieder steigen kann.<\/strong><br><\/p>\n\n\n\n<p><strong><span style=\"color: #e2001a;\" class=\"ugb-highlight\">#Anleitung zur Selbsthilfe<\/span><\/strong><\/p>\n\n\n\n<p>\u201eIch und mein Team sind bem\u00fcht, die Probleme der Menschen zu verstehen. Wir vermitteln Anleitungen zur Selbsthilfe. Mit den Betroffenen k\u00f6nnen wir so w\u00e4hrend eines Telefonats ihre&nbsp;<strong>M\u00f6glichkeiten ausloten, um Ressourcen zu aktivieren, mit denen sie neue Wege beschreiten k\u00f6nnen, um schwierige Situationen einfacher zu bew\u00e4ltigen<\/strong>\u201c, fasst DDr.in Kolodej Sinn und Zweck eines Beratungsgespr\u00e4chs zusammen.<br>&nbsp;<\/p>\n\n\n\n<p><strong><span style=\"color: #e2001a;\" class=\"ugb-highlight\">vida\u00a0an deiner Seite\u00a0\u00a0<\/span><\/strong><\/p>\n\n\n\n<p><strong>Du bist nicht allein!\u00a0<\/strong>Deine\u00a0vida\u00a0hilft dir in vielen Lebenslagen und steht dir zur Seite. F\u00fcr die Zeit nach der Pandemie werden wir Solidarit\u00e4t mehr denn je brauchen. Gewerkschaft sind wir alle! Und je mehr wir sind, desto lauter und st\u00e4rker k\u00f6nnen wir uns f\u00fcr faire und\u00a0<strong>gesunde Arbeitsbedingunge<\/strong>n und ein<strong>\u00a0gutes Leben f\u00fcr alle<\/strong>\u00a0einsetzen! Auch du kannst mithelfen!\u00a0<strong><a href=\"http:\/\/www.vida.at\/cms\/S03\/S03_2.2\/aktiv-dabei\/werde-jetzt-mitglied\" rel=\"noreferrer noopener\" target=\"_blank\">>>> MITGLIED WERDEN \/ MITGLIED WERBEN<\/a>\u00a0<\/strong><\/p>\n\n\n\n<p><\/p>\n\n\n\n<div class=\"wp-block-buttons is-layout-flex wp-block-buttons-is-layout-flex\">\n<div class=\"wp-block-button\"><a class=\"wp-block-button__link\" href=\"http:\/\/www.kolodej.at\/\" target=\"_blank\" rel=\"noreferrer noopener\">>> HIER geht&#8217;s zur Website von DDR. Christa Kolodej<\/a><\/div>\n<\/div>\n","protected":false},"excerpt":{"rendered":"<p>vida hilft mit kostenloser psychosozialer Beratung. Die Corona-Pandemie h\u00e4lt uns nach wie vor in Atem. Trotz Ansteckungs\u00e4ngsten fordert dich der Alltag, du musst den Einkauf machen, dich um Angeh\u00f6rige, Enkerl oder pflegebed\u00fcrftige Partner k\u00fcmmern? Fragst du dich, wie du die Quarant\u00e4ne durchhalten sollst? Die Einsamkeit nimmt \u00fcberhand?<\/p>\n","protected":false},"author":5,"featured_media":2133,"comment_status":"open","ping_status":"open","sticky":false,"template":"","format":"standard","meta":{"_uag_custom_page_level_css":"","advgb_blocks_editor_width":"","advgb_blocks_columns_visual_guide":"","footnotes":""},"categories":[4,1,32],"tags":[],"Orte":[],"activitytype":[],"class_list":["post-2131","post","type-post","status-publish","format-standard","has-post-thumbnail","hentry","category-aktuelles","category-allgemein","category-top-aktuelles","entry"],"featured_image_urls":{"full":["https:\/\/blog.vida.at\/pensionisten\/wp-content\/uploads\/sites\/10\/2021\/04\/worried-older-woman-PQ4UBCC.jpgbialasiewicz-scaled.jpg",2560,1707,false],"thumbnail":["https:\/\/blog.vida.at\/pensionisten\/wp-content\/uploads\/sites\/10\/2021\/04\/worried-older-woman-PQ4UBCC.jpgbialasiewicz-150x150.jpg",150,150,true],"medium":["https:\/\/blog.vida.at\/pensionisten\/wp-content\/uploads\/sites\/10\/2021\/04\/worried-older-woman-PQ4UBCC.jpgbialasiewicz-300x200.jpg",300,200,true],"medium_large":["https:\/\/blog.vida.at\/pensionisten\/wp-content\/uploads\/sites\/10\/2021\/04\/worried-older-woman-PQ4UBCC.jpgbialasiewicz-768x512.jpg",640,427,true],"large":["https:\/\/blog.vida.at\/pensionisten\/wp-content\/uploads\/sites\/10\/2021\/04\/worried-older-woman-PQ4UBCC.jpgbialasiewicz-1024x683.jpg",640,427,true],"1536x1536":["https:\/\/blog.vida.at\/pensionisten\/wp-content\/uploads\/sites\/10\/2021\/04\/worried-older-woman-PQ4UBCC.jpgbialasiewicz-1536x1024.jpg",1536,1024,true],"2048x2048":["https:\/\/blog.vida.at\/pensionisten\/wp-content\/uploads\/sites\/10\/2021\/04\/worried-older-woman-PQ4UBCC.jpgbialasiewicz-2048x1365.jpg",2048,1365,true],"ab-block-post-grid-landscape":["https:\/\/blog.vida.at\/pensionisten\/wp-content\/uploads\/sites\/10\/2021\/04\/worried-older-woman-PQ4UBCC.jpgbialasiewicz-600x400.jpg",600,400,true],"ab-block-post-grid-square":["https:\/\/blog.vida.at\/pensionisten\/wp-content\/uploads\/sites\/10\/2021\/04\/worried-older-woman-PQ4UBCC.jpgbialasiewicz-600x600.jpg",600,600,true],"post-thumbnail":["https:\/\/blog.vida.at\/pensionisten\/wp-content\/uploads\/sites\/10\/2021\/04\/worried-older-woman-PQ4UBCC.jpgbialasiewicz-1568x1045.jpg",1568,1045,true],"awb_sm":["https:\/\/blog.vida.at\/pensionisten\/wp-content\/uploads\/sites\/10\/2021\/04\/worried-older-woman-PQ4UBCC.jpgbialasiewicz-500x333.jpg",500,333,true],"awb_md":["https:\/\/blog.vida.at\/pensionisten\/wp-content\/uploads\/sites\/10\/2021\/04\/worried-older-woman-PQ4UBCC.jpgbialasiewicz-800x533.jpg",800,533,true],"awb_lg":["https:\/\/blog.vida.at\/pensionisten\/wp-content\/uploads\/sites\/10\/2021\/04\/worried-older-woman-PQ4UBCC.jpgbialasiewicz-1280x853.jpg",1280,853,true],"awb_xl":["https:\/\/blog.vida.at\/pensionisten\/wp-content\/uploads\/sites\/10\/2021\/04\/worried-older-woman-PQ4UBCC.jpgbialasiewicz-1920x1280.jpg",1920,1280,true]},"post_excerpt_stackable":"<p>vida hilft mit kostenloser psychosozialer Beratung. Die Corona-Pandemie h\u00e4lt uns nach wie vor in Atem. Trotz Ansteckungs\u00e4ngsten fordert dich der Alltag, du musst den Einkauf machen, dich um Angeh\u00f6rige, Enkerl oder pflegebed\u00fcrftige Partner k\u00fcmmern? Fragst du dich, wie du die Quarant\u00e4ne durchhalten sollst? Die Einsamkeit nimmt \u00fcberhand? Wenn du dich gestresst oder ver\u00e4ngstigt f\u00fchlst und Hilfe brauchst, dann z\u00f6gere nicht und nutze als\u00a0vida-Mitglied jetzt unsere kostenlose psychosoziale Beratung! Wir lassen dich nicht allein &#8211; gemeinsam schaffen wir es auch durch diese schwierigen Zeiten! Die Beratungen erfolgen in Zusammenarbeit mit dem fachlich routinierten Team um\u00a0Frau DDr.in Christa Kolodej per Telefon oder&hellip;<\/p>\n","category_list":"<a href=\"https:\/\/blog.vida.at\/pensionisten\/category\/aktuelles\/\" rel=\"category tag\">Aktuelles<\/a>, <a href=\"https:\/\/blog.vida.at\/pensionisten\/category\/allgemein\/\" rel=\"category tag\">Allgemein<\/a>, <a href=\"https:\/\/blog.vida.at\/pensionisten\/category\/top-aktuelles\/\" rel=\"category tag\">Top Aktuelles<\/a>","author_info":{"display_name":"michaelafeik","author_link":"https:\/\/blog.vida.at\/pensionisten\/author\/michaelafeik\/"},"comments_num":"0 comments","featured_image_urls_v2":{"full":["https:\/\/blog.vida.at\/pensionisten\/wp-content\/uploads\/sites\/10\/2021\/04\/worried-older-woman-PQ4UBCC.jpgbialasiewicz-scaled.jpg",2560,1707,false],"thumbnail":["https:\/\/blog.vida.at\/pensionisten\/wp-content\/uploads\/sites\/10\/2021\/04\/worried-older-woman-PQ4UBCC.jpgbialasiewicz-150x150.jpg",150,150,true],"medium":["https:\/\/blog.vida.at\/pensionisten\/wp-content\/uploads\/sites\/10\/2021\/04\/worried-older-woman-PQ4UBCC.jpgbialasiewicz-300x200.jpg",300,200,true],"medium_large":["https:\/\/blog.vida.at\/pensionisten\/wp-content\/uploads\/sites\/10\/2021\/04\/worried-older-woman-PQ4UBCC.jpgbialasiewicz-768x512.jpg",640,427,true],"large":["https:\/\/blog.vida.at\/pensionisten\/wp-content\/uploads\/sites\/10\/2021\/04\/worried-older-woman-PQ4UBCC.jpgbialasiewicz-1024x683.jpg",640,427,true],"1536x1536":["https:\/\/blog.vida.at\/pensionisten\/wp-content\/uploads\/sites\/10\/2021\/04\/worried-older-woman-PQ4UBCC.jpgbialasiewicz-1536x1024.jpg",1536,1024,true],"2048x2048":["https:\/\/blog.vida.at\/pensionisten\/wp-content\/uploads\/sites\/10\/2021\/04\/worried-older-woman-PQ4UBCC.jpgbialasiewicz-2048x1365.jpg",2048,1365,true],"ab-block-post-grid-landscape":["https:\/\/blog.vida.at\/pensionisten\/wp-content\/uploads\/sites\/10\/2021\/04\/worried-older-woman-PQ4UBCC.jpgbialasiewicz-600x400.jpg",600,400,true],"ab-block-post-grid-square":["https:\/\/blog.vida.at\/pensionisten\/wp-content\/uploads\/sites\/10\/2021\/04\/worried-older-woman-PQ4UBCC.jpgbialasiewicz-600x600.jpg",600,600,true],"post-thumbnail":["https:\/\/blog.vida.at\/pensionisten\/wp-content\/uploads\/sites\/10\/2021\/04\/worried-older-woman-PQ4UBCC.jpgbialasiewicz-1568x1045.jpg",1568,1045,true],"awb_sm":["https:\/\/blog.vida.at\/pensionisten\/wp-content\/uploads\/sites\/10\/2021\/04\/worried-older-woman-PQ4UBCC.jpgbialasiewicz-500x333.jpg",500,333,true],"awb_md":["https:\/\/blog.vida.at\/pensionisten\/wp-content\/uploads\/sites\/10\/2021\/04\/worried-older-woman-PQ4UBCC.jpgbialasiewicz-800x533.jpg",800,533,true],"awb_lg":["https:\/\/blog.vida.at\/pensionisten\/wp-content\/uploads\/sites\/10\/2021\/04\/worried-older-woman-PQ4UBCC.jpgbialasiewicz-1280x853.jpg",1280,853,true],"awb_xl":["https:\/\/blog.vida.at\/pensionisten\/wp-content\/uploads\/sites\/10\/2021\/04\/worried-older-woman-PQ4UBCC.jpgbialasiewicz-1920x1280.jpg",1920,1280,true]},"post_excerpt_stackable_v2":"<p>vida hilft mit kostenloser psychosozialer Beratung. Die Corona-Pandemie h\u00e4lt uns nach wie vor in Atem. Trotz Ansteckungs\u00e4ngsten fordert dich der Alltag, du musst den Einkauf machen, dich um Angeh\u00f6rige, Enkerl oder pflegebed\u00fcrftige Partner k\u00fcmmern? Fragst du dich, wie du die Quarant\u00e4ne durchhalten sollst? Die Einsamkeit nimmt \u00fcberhand? Wenn du dich gestresst oder ver\u00e4ngstigt f\u00fchlst und Hilfe brauchst, dann z\u00f6gere nicht und nutze als\u00a0vida-Mitglied jetzt unsere kostenlose psychosoziale Beratung! Wir lassen dich nicht allein &#8211; gemeinsam schaffen wir es auch durch diese schwierigen Zeiten! Die Beratungen erfolgen in Zusammenarbeit mit dem fachlich routinierten Team um\u00a0Frau DDr.in Christa Kolodej per Telefon oder&hellip;<\/p>\n","category_list_v2":"<a href=\"https:\/\/blog.vida.at\/pensionisten\/category\/aktuelles\/\" rel=\"category tag\">Aktuelles<\/a>, <a href=\"https:\/\/blog.vida.at\/pensionisten\/category\/allgemein\/\" rel=\"category tag\">Allgemein<\/a>, <a href=\"https:\/\/blog.vida.at\/pensionisten\/category\/top-aktuelles\/\" rel=\"category tag\">Top Aktuelles<\/a>","author_info_v2":{"name":"michaelafeik","url":"https:\/\/blog.vida.at\/pensionisten\/author\/michaelafeik\/"},"comments_num_v2":"0 comments","yoast_head":"<!-- This site is optimized with the Yoast SEO plugin v27.3 - https:\/\/yoast.com\/product\/yoast-seo-wordpress\/ -->\n<title>Gemeinsam durch schwierige Zeiten<\/title>\n<meta name=\"robots\" content=\"index, follow, max-snippet:-1, max-image-preview:large, max-video-preview:-1\" \/>\n<link rel=\"canonical\" href=\"https:\/\/blog.vida.at\/pensionisten\/2021\/04\/20\/gemeinsam-durch-schwierige-zeiten\/\" \/>\n<meta property=\"og:locale\" content=\"de_DE\" \/>\n<meta property=\"og:type\" content=\"article\" \/>\n<meta property=\"og:title\" content=\"Gemeinsam durch schwierige Zeiten\" \/>\n<meta property=\"og:description\" content=\"vida hilft mit kostenloser psychosozialer Beratung. Die Corona-Pandemie h\u00e4lt uns nach wie vor in Atem. Trotz Ansteckungs\u00e4ngsten fordert dich der Alltag, du musst den Einkauf machen, dich um Angeh\u00f6rige, Enkerl oder pflegebed\u00fcrftige Partner k\u00fcmmern? Fragst du dich, wie du die Quarant\u00e4ne durchhalten sollst? Die Einsamkeit nimmt \u00fcberhand?\" \/>\n<meta property=\"og:url\" content=\"https:\/\/blog.vida.at\/pensionisten\/2021\/04\/20\/gemeinsam-durch-schwierige-zeiten\/\" \/>\n<meta property=\"og:site_name\" content=\"vida Pensionisten\" \/>\n<meta property=\"article:published_time\" content=\"2021-04-20T07:41:00+00:00\" \/>\n<meta property=\"article:modified_time\" content=\"2021-04-22T08:46:16+00:00\" \/>\n<meta property=\"og:image\" content=\"https:\/\/blog.vida.at\/pensionisten\/wp-content\/uploads\/sites\/10\/2021\/04\/worried-older-woman-PQ4UBCC.jpgbialasiewicz-scaled.jpg\" \/>\n\t<meta property=\"og:image:width\" content=\"2560\" \/>\n\t<meta property=\"og:image:height\" content=\"1707\" \/>\n\t<meta property=\"og:image:type\" content=\"image\/jpeg\" \/>\n<meta name=\"author\" content=\"michaelafeik\" \/>\n<meta name=\"twitter:card\" content=\"summary_large_image\" \/>\n<meta name=\"twitter:label1\" content=\"Verfasst von\" \/>\n\t<meta name=\"twitter:data1\" content=\"michaelafeik\" \/>\n\t<meta name=\"twitter:label2\" content=\"Gesch\u00e4tzte Lesezeit\" \/>\n\t<meta name=\"twitter:data2\" content=\"3\u00a0Minuten\" \/>\n<script type=\"application\/ld+json\" class=\"yoast-schema-graph\">{\"@context\":\"https:\\\/\\\/schema.org\",\"@graph\":[{\"@type\":\"Article\",\"@id\":\"https:\\\/\\\/blog.vida.at\\\/pensionisten\\\/2021\\\/04\\\/20\\\/gemeinsam-durch-schwierige-zeiten\\\/#article\",\"isPartOf\":{\"@id\":\"https:\\\/\\\/blog.vida.at\\\/pensionisten\\\/2021\\\/04\\\/20\\\/gemeinsam-durch-schwierige-zeiten\\\/\"},\"author\":{\"name\":\"michaelafeik\",\"@id\":\"https:\\\/\\\/blog.vida.at\\\/pensionisten\\\/#\\\/schema\\\/person\\\/2cea9cf3d58cf9334410ed5d6feb8a56\"},\"headline\":\"Gemeinsam durch schwierige Zeiten\",\"datePublished\":\"2021-04-20T07:41:00+00:00\",\"dateModified\":\"2021-04-22T08:46:16+00:00\",\"mainEntityOfPage\":{\"@id\":\"https:\\\/\\\/blog.vida.at\\\/pensionisten\\\/2021\\\/04\\\/20\\\/gemeinsam-durch-schwierige-zeiten\\\/\"},\"wordCount\":460,\"commentCount\":0,\"image\":{\"@id\":\"https:\\\/\\\/blog.vida.at\\\/pensionisten\\\/2021\\\/04\\\/20\\\/gemeinsam-durch-schwierige-zeiten\\\/#primaryimage\"},\"thumbnailUrl\":\"https:\\\/\\\/blog.vida.at\\\/pensionisten\\\/wp-content\\\/uploads\\\/sites\\\/10\\\/2021\\\/04\\\/worried-older-woman-PQ4UBCC.jpgbialasiewicz-scaled.jpg\",\"articleSection\":{\"0\":\"Aktuelles\",\"2\":\"Top Aktuelles\"},\"inLanguage\":\"de\",\"potentialAction\":[{\"@type\":\"CommentAction\",\"name\":\"Comment\",\"target\":[\"https:\\\/\\\/blog.vida.at\\\/pensionisten\\\/2021\\\/04\\\/20\\\/gemeinsam-durch-schwierige-zeiten\\\/#respond\"]}]},{\"@type\":\"WebPage\",\"@id\":\"https:\\\/\\\/blog.vida.at\\\/pensionisten\\\/2021\\\/04\\\/20\\\/gemeinsam-durch-schwierige-zeiten\\\/\",\"url\":\"https:\\\/\\\/blog.vida.at\\\/pensionisten\\\/2021\\\/04\\\/20\\\/gemeinsam-durch-schwierige-zeiten\\\/\",\"name\":\"Gemeinsam durch schwierige Zeiten\",\"isPartOf\":{\"@id\":\"https:\\\/\\\/blog.vida.at\\\/pensionisten\\\/#website\"},\"primaryImageOfPage\":{\"@id\":\"https:\\\/\\\/blog.vida.at\\\/pensionisten\\\/2021\\\/04\\\/20\\\/gemeinsam-durch-schwierige-zeiten\\\/#primaryimage\"},\"image\":{\"@id\":\"https:\\\/\\\/blog.vida.at\\\/pensionisten\\\/2021\\\/04\\\/20\\\/gemeinsam-durch-schwierige-zeiten\\\/#primaryimage\"},\"thumbnailUrl\":\"https:\\\/\\\/blog.vida.at\\\/pensionisten\\\/wp-content\\\/uploads\\\/sites\\\/10\\\/2021\\\/04\\\/worried-older-woman-PQ4UBCC.jpgbialasiewicz-scaled.jpg\",\"datePublished\":\"2021-04-20T07:41:00+00:00\",\"dateModified\":\"2021-04-22T08:46:16+00:00\",\"author\":{\"@id\":\"https:\\\/\\\/blog.vida.at\\\/pensionisten\\\/#\\\/schema\\\/person\\\/2cea9cf3d58cf9334410ed5d6feb8a56\"},\"breadcrumb\":{\"@id\":\"https:\\\/\\\/blog.vida.at\\\/pensionisten\\\/2021\\\/04\\\/20\\\/gemeinsam-durch-schwierige-zeiten\\\/#breadcrumb\"},\"inLanguage\":\"de\",\"potentialAction\":[{\"@type\":\"ReadAction\",\"target\":[\"https:\\\/\\\/blog.vida.at\\\/pensionisten\\\/2021\\\/04\\\/20\\\/gemeinsam-durch-schwierige-zeiten\\\/\"]}]},{\"@type\":\"ImageObject\",\"inLanguage\":\"de\",\"@id\":\"https:\\\/\\\/blog.vida.at\\\/pensionisten\\\/2021\\\/04\\\/20\\\/gemeinsam-durch-schwierige-zeiten\\\/#primaryimage\",\"url\":\"https:\\\/\\\/blog.vida.at\\\/pensionisten\\\/wp-content\\\/uploads\\\/sites\\\/10\\\/2021\\\/04\\\/worried-older-woman-PQ4UBCC.jpgbialasiewicz-scaled.jpg\",\"contentUrl\":\"https:\\\/\\\/blog.vida.at\\\/pensionisten\\\/wp-content\\\/uploads\\\/sites\\\/10\\\/2021\\\/04\\\/worried-older-woman-PQ4UBCC.jpgbialasiewicz-scaled.jpg\",\"width\":2560,\"height\":1707,\"caption\":\"Worried older woman sitting alone on the bed\"},{\"@type\":\"BreadcrumbList\",\"@id\":\"https:\\\/\\\/blog.vida.at\\\/pensionisten\\\/2021\\\/04\\\/20\\\/gemeinsam-durch-schwierige-zeiten\\\/#breadcrumb\",\"itemListElement\":[{\"@type\":\"ListItem\",\"position\":1,\"name\":\"Startseite\",\"item\":\"https:\\\/\\\/blog.vida.at\\\/pensionisten\\\/\"},{\"@type\":\"ListItem\",\"position\":2,\"name\":\"Gemeinsam durch schwierige Zeiten\"}]},{\"@type\":\"WebSite\",\"@id\":\"https:\\\/\\\/blog.vida.at\\\/pensionisten\\\/#website\",\"url\":\"https:\\\/\\\/blog.vida.at\\\/pensionisten\\\/\",\"name\":\"vida Pensionisten\",\"description\":\"\",\"potentialAction\":[{\"@type\":\"SearchAction\",\"target\":{\"@type\":\"EntryPoint\",\"urlTemplate\":\"https:\\\/\\\/blog.vida.at\\\/pensionisten\\\/?s={search_term_string}\"},\"query-input\":{\"@type\":\"PropertyValueSpecification\",\"valueRequired\":true,\"valueName\":\"search_term_string\"}}],\"inLanguage\":\"de\"},{\"@type\":\"Person\",\"@id\":\"https:\\\/\\\/blog.vida.at\\\/pensionisten\\\/#\\\/schema\\\/person\\\/2cea9cf3d58cf9334410ed5d6feb8a56\",\"name\":\"michaelafeik\",\"image\":{\"@type\":\"ImageObject\",\"inLanguage\":\"de\",\"@id\":\"https:\\\/\\\/secure.gravatar.com\\\/avatar\\\/03d8da787452696abe6f1e2aedabdf17f0d62a0779c9ed004162282155b35ea3?s=96&d=mm&r=g\",\"url\":\"https:\\\/\\\/secure.gravatar.com\\\/avatar\\\/03d8da787452696abe6f1e2aedabdf17f0d62a0779c9ed004162282155b35ea3?s=96&d=mm&r=g\",\"contentUrl\":\"https:\\\/\\\/secure.gravatar.com\\\/avatar\\\/03d8da787452696abe6f1e2aedabdf17f0d62a0779c9ed004162282155b35ea3?s=96&d=mm&r=g\",\"caption\":\"michaelafeik\"},\"url\":\"https:\\\/\\\/blog.vida.at\\\/pensionisten\\\/author\\\/michaelafeik\\\/\"}]}<\/script>\n<!-- \/ Yoast SEO plugin. -->","yoast_head_json":{"title":"Gemeinsam durch schwierige Zeiten","robots":{"index":"index","follow":"follow","max-snippet":"max-snippet:-1","max-image-preview":"max-image-preview:large","max-video-preview":"max-video-preview:-1"},"canonical":"https:\/\/blog.vida.at\/pensionisten\/2021\/04\/20\/gemeinsam-durch-schwierige-zeiten\/","og_locale":"de_DE","og_type":"article","og_title":"Gemeinsam durch schwierige Zeiten","og_description":"vida hilft mit kostenloser psychosozialer Beratung. Die Corona-Pandemie h\u00e4lt uns nach wie vor in Atem. Trotz Ansteckungs\u00e4ngsten fordert dich der Alltag, du musst den Einkauf machen, dich um Angeh\u00f6rige, Enkerl oder pflegebed\u00fcrftige Partner k\u00fcmmern? Fragst du dich, wie du die Quarant\u00e4ne durchhalten sollst? Die Einsamkeit nimmt \u00fcberhand?","og_url":"https:\/\/blog.vida.at\/pensionisten\/2021\/04\/20\/gemeinsam-durch-schwierige-zeiten\/","og_site_name":"vida Pensionisten","article_published_time":"2021-04-20T07:41:00+00:00","article_modified_time":"2021-04-22T08:46:16+00:00","og_image":[{"width":2560,"height":1707,"url":"https:\/\/blog.vida.at\/pensionisten\/wp-content\/uploads\/sites\/10\/2021\/04\/worried-older-woman-PQ4UBCC.jpgbialasiewicz-scaled.jpg","type":"image\/jpeg"}],"author":"michaelafeik","twitter_card":"summary_large_image","twitter_misc":{"Verfasst von":"michaelafeik","Gesch\u00e4tzte Lesezeit":"3\u00a0Minuten"},"schema":{"@context":"https:\/\/schema.org","@graph":[{"@type":"Article","@id":"https:\/\/blog.vida.at\/pensionisten\/2021\/04\/20\/gemeinsam-durch-schwierige-zeiten\/#article","isPartOf":{"@id":"https:\/\/blog.vida.at\/pensionisten\/2021\/04\/20\/gemeinsam-durch-schwierige-zeiten\/"},"author":{"name":"michaelafeik","@id":"https:\/\/blog.vida.at\/pensionisten\/#\/schema\/person\/2cea9cf3d58cf9334410ed5d6feb8a56"},"headline":"Gemeinsam durch schwierige Zeiten","datePublished":"2021-04-20T07:41:00+00:00","dateModified":"2021-04-22T08:46:16+00:00","mainEntityOfPage":{"@id":"https:\/\/blog.vida.at\/pensionisten\/2021\/04\/20\/gemeinsam-durch-schwierige-zeiten\/"},"wordCount":460,"commentCount":0,"image":{"@id":"https:\/\/blog.vida.at\/pensionisten\/2021\/04\/20\/gemeinsam-durch-schwierige-zeiten\/#primaryimage"},"thumbnailUrl":"https:\/\/blog.vida.at\/pensionisten\/wp-content\/uploads\/sites\/10\/2021\/04\/worried-older-woman-PQ4UBCC.jpgbialasiewicz-scaled.jpg","articleSection":{"0":"Aktuelles","2":"Top Aktuelles"},"inLanguage":"de","potentialAction":[{"@type":"CommentAction","name":"Comment","target":["https:\/\/blog.vida.at\/pensionisten\/2021\/04\/20\/gemeinsam-durch-schwierige-zeiten\/#respond"]}]},{"@type":"WebPage","@id":"https:\/\/blog.vida.at\/pensionisten\/2021\/04\/20\/gemeinsam-durch-schwierige-zeiten\/","url":"https:\/\/blog.vida.at\/pensionisten\/2021\/04\/20\/gemeinsam-durch-schwierige-zeiten\/","name":"Gemeinsam durch schwierige Zeiten","isPartOf":{"@id":"https:\/\/blog.vida.at\/pensionisten\/#website"},"primaryImageOfPage":{"@id":"https:\/\/blog.vida.at\/pensionisten\/2021\/04\/20\/gemeinsam-durch-schwierige-zeiten\/#primaryimage"},"image":{"@id":"https:\/\/blog.vida.at\/pensionisten\/2021\/04\/20\/gemeinsam-durch-schwierige-zeiten\/#primaryimage"},"thumbnailUrl":"https:\/\/blog.vida.at\/pensionisten\/wp-content\/uploads\/sites\/10\/2021\/04\/worried-older-woman-PQ4UBCC.jpgbialasiewicz-scaled.jpg","datePublished":"2021-04-20T07:41:00+00:00","dateModified":"2021-04-22T08:46:16+00:00","author":{"@id":"https:\/\/blog.vida.at\/pensionisten\/#\/schema\/person\/2cea9cf3d58cf9334410ed5d6feb8a56"},"breadcrumb":{"@id":"https:\/\/blog.vida.at\/pensionisten\/2021\/04\/20\/gemeinsam-durch-schwierige-zeiten\/#breadcrumb"},"inLanguage":"de","potentialAction":[{"@type":"ReadAction","target":["https:\/\/blog.vida.at\/pensionisten\/2021\/04\/20\/gemeinsam-durch-schwierige-zeiten\/"]}]},{"@type":"ImageObject","inLanguage":"de","@id":"https:\/\/blog.vida.at\/pensionisten\/2021\/04\/20\/gemeinsam-durch-schwierige-zeiten\/#primaryimage","url":"https:\/\/blog.vida.at\/pensionisten\/wp-content\/uploads\/sites\/10\/2021\/04\/worried-older-woman-PQ4UBCC.jpgbialasiewicz-scaled.jpg","contentUrl":"https:\/\/blog.vida.at\/pensionisten\/wp-content\/uploads\/sites\/10\/2021\/04\/worried-older-woman-PQ4UBCC.jpgbialasiewicz-scaled.jpg","width":2560,"height":1707,"caption":"Worried older woman sitting alone on the bed"},{"@type":"BreadcrumbList","@id":"https:\/\/blog.vida.at\/pensionisten\/2021\/04\/20\/gemeinsam-durch-schwierige-zeiten\/#breadcrumb","itemListElement":[{"@type":"ListItem","position":1,"name":"Startseite","item":"https:\/\/blog.vida.at\/pensionisten\/"},{"@type":"ListItem","position":2,"name":"Gemeinsam durch schwierige Zeiten"}]},{"@type":"WebSite","@id":"https:\/\/blog.vida.at\/pensionisten\/#website","url":"https:\/\/blog.vida.at\/pensionisten\/","name":"vida Pensionisten","description":"","potentialAction":[{"@type":"SearchAction","target":{"@type":"EntryPoint","urlTemplate":"https:\/\/blog.vida.at\/pensionisten\/?s={search_term_string}"},"query-input":{"@type":"PropertyValueSpecification","valueRequired":true,"valueName":"search_term_string"}}],"inLanguage":"de"},{"@type":"Person","@id":"https:\/\/blog.vida.at\/pensionisten\/#\/schema\/person\/2cea9cf3d58cf9334410ed5d6feb8a56","name":"michaelafeik","image":{"@type":"ImageObject","inLanguage":"de","@id":"https:\/\/secure.gravatar.com\/avatar\/03d8da787452696abe6f1e2aedabdf17f0d62a0779c9ed004162282155b35ea3?s=96&d=mm&r=g","url":"https:\/\/secure.gravatar.com\/avatar\/03d8da787452696abe6f1e2aedabdf17f0d62a0779c9ed004162282155b35ea3?s=96&d=mm&r=g","contentUrl":"https:\/\/secure.gravatar.com\/avatar\/03d8da787452696abe6f1e2aedabdf17f0d62a0779c9ed004162282155b35ea3?s=96&d=mm&r=g","caption":"michaelafeik"},"url":"https:\/\/blog.vida.at\/pensionisten\/author\/michaelafeik\/"}]}},"author_meta":{"display_name":"michaelafeik","author_link":"https:\/\/blog.vida.at\/pensionisten\/author\/michaelafeik\/"},"featured_img":"https:\/\/blog.vida.at\/pensionisten\/wp-content\/uploads\/sites\/10\/2021\/04\/worried-older-woman-PQ4UBCC.jpgbialasiewicz-300x200.jpg","featured_image_src":"https:\/\/blog.vida.at\/pensionisten\/wp-content\/uploads\/sites\/10\/2021\/04\/worried-older-woman-PQ4UBCC.jpgbialasiewicz-600x400.jpg","featured_image_src_square":"https:\/\/blog.vida.at\/pensionisten\/wp-content\/uploads\/sites\/10\/2021\/04\/worried-older-woman-PQ4UBCC.jpgbialasiewicz-600x600.jpg","uagb_featured_image_src":{"full":["https:\/\/blog.vida.at\/pensionisten\/wp-content\/uploads\/sites\/10\/2021\/04\/worried-older-woman-PQ4UBCC.jpgbialasiewicz-scaled.jpg",2560,1707,false],"thumbnail":["https:\/\/blog.vida.at\/pensionisten\/wp-content\/uploads\/sites\/10\/2021\/04\/worried-older-woman-PQ4UBCC.jpgbialasiewicz-150x150.jpg",150,150,true],"medium":["https:\/\/blog.vida.at\/pensionisten\/wp-content\/uploads\/sites\/10\/2021\/04\/worried-older-woman-PQ4UBCC.jpgbialasiewicz-300x200.jpg",300,200,true],"medium_large":["https:\/\/blog.vida.at\/pensionisten\/wp-content\/uploads\/sites\/10\/2021\/04\/worried-older-woman-PQ4UBCC.jpgbialasiewicz-768x512.jpg",640,427,true],"large":["https:\/\/blog.vida.at\/pensionisten\/wp-content\/uploads\/sites\/10\/2021\/04\/worried-older-woman-PQ4UBCC.jpgbialasiewicz-1024x683.jpg",640,427,true],"1536x1536":["https:\/\/blog.vida.at\/pensionisten\/wp-content\/uploads\/sites\/10\/2021\/04\/worried-older-woman-PQ4UBCC.jpgbialasiewicz-1536x1024.jpg",1536,1024,true],"2048x2048":["https:\/\/blog.vida.at\/pensionisten\/wp-content\/uploads\/sites\/10\/2021\/04\/worried-older-woman-PQ4UBCC.jpgbialasiewicz-2048x1365.jpg",2048,1365,true],"ab-block-post-grid-landscape":["https:\/\/blog.vida.at\/pensionisten\/wp-content\/uploads\/sites\/10\/2021\/04\/worried-older-woman-PQ4UBCC.jpgbialasiewicz-600x400.jpg",600,400,true],"ab-block-post-grid-square":["https:\/\/blog.vida.at\/pensionisten\/wp-content\/uploads\/sites\/10\/2021\/04\/worried-older-woman-PQ4UBCC.jpgbialasiewicz-600x600.jpg",600,600,true],"post-thumbnail":["https:\/\/blog.vida.at\/pensionisten\/wp-content\/uploads\/sites\/10\/2021\/04\/worried-older-woman-PQ4UBCC.jpgbialasiewicz-1568x1045.jpg",1568,1045,true],"awb_sm":["https:\/\/blog.vida.at\/pensionisten\/wp-content\/uploads\/sites\/10\/2021\/04\/worried-older-woman-PQ4UBCC.jpgbialasiewicz-500x333.jpg",500,333,true],"awb_md":["https:\/\/blog.vida.at\/pensionisten\/wp-content\/uploads\/sites\/10\/2021\/04\/worried-older-woman-PQ4UBCC.jpgbialasiewicz-800x533.jpg",800,533,true],"awb_lg":["https:\/\/blog.vida.at\/pensionisten\/wp-content\/uploads\/sites\/10\/2021\/04\/worried-older-woman-PQ4UBCC.jpgbialasiewicz-1280x853.jpg",1280,853,true],"awb_xl":["https:\/\/blog.vida.at\/pensionisten\/wp-content\/uploads\/sites\/10\/2021\/04\/worried-older-woman-PQ4UBCC.jpgbialasiewicz-1920x1280.jpg",1920,1280,true]},"uagb_author_info":{"display_name":"michaelafeik","author_link":"https:\/\/blog.vida.at\/pensionisten\/author\/michaelafeik\/"},"uagb_comment_info":0,"uagb_excerpt":"vida hilft mit kostenloser psychosozialer Beratung. Die Corona-Pandemie h\u00e4lt uns nach wie vor in Atem. Trotz Ansteckungs\u00e4ngsten fordert dich der Alltag, du musst den Einkauf machen, dich um Angeh\u00f6rige, Enkerl oder pflegebed\u00fcrftige Partner k\u00fcmmern? Fragst du dich, wie du die Quarant\u00e4ne durchhalten sollst? Die Einsamkeit nimmt \u00fcberhand?","coauthors":[],"tax_additional":{"categories":{"linked":["<a href=\"https:\/\/blog.vida.at\/pensionisten\/category\/aktuelles\/\" class=\"advgb-post-tax-term\">Aktuelles<\/a>","<a href=\"https:\/\/blog.vida.at\/pensionisten\/category\/allgemein\/\" class=\"advgb-post-tax-term\">Allgemein<\/a>","<a href=\"https:\/\/blog.vida.at\/pensionisten\/category\/top-aktuelles\/\" class=\"advgb-post-tax-term\">Top Aktuelles<\/a>"],"unlinked":["<span class=\"advgb-post-tax-term\">Aktuelles<\/span>","<span class=\"advgb-post-tax-term\">Allgemein<\/span>","<span class=\"advgb-post-tax-term\">Top Aktuelles<\/span>"]}},"comment_count":"0","relative_dates":{"created":"Ver\u00f6ffentlicht 5\u00a0Jahren vor","modified":"Aktualisiert 5\u00a0Jahren vor"},"absolute_dates":{"created":"Ver\u00f6ffentlicht am 20. April 2021","modified":"Aktualisiert am 22. April 2021"},"absolute_dates_time":{"created":"Ver\u00f6ffentlicht am 20. April 2021 9:41","modified":"Aktualisiert am 22. April 2021 10:46"},"featured_img_caption":"Worried older woman sitting alone on the bed","series_order":"","_links":{"self":[{"href":"https:\/\/blog.vida.at\/pensionisten\/wp-json\/wp\/v2\/posts\/2131","targetHints":{"allow":["GET"]}}],"collection":[{"href":"https:\/\/blog.vida.at\/pensionisten\/wp-json\/wp\/v2\/posts"}],"about":[{"href":"https:\/\/blog.vida.at\/pensionisten\/wp-json\/wp\/v2\/types\/post"}],"author":[{"embeddable":true,"href":"https:\/\/blog.vida.at\/pensionisten\/wp-json\/wp\/v2\/users\/5"}],"replies":[{"embeddable":true,"href":"https:\/\/blog.vida.at\/pensionisten\/wp-json\/wp\/v2\/comments?post=2131"}],"version-history":[{"count":9,"href":"https:\/\/blog.vida.at\/pensionisten\/wp-json\/wp\/v2\/posts\/2131\/revisions"}],"predecessor-version":[{"id":2143,"href":"https:\/\/blog.vida.at\/pensionisten\/wp-json\/wp\/v2\/posts\/2131\/revisions\/2143"}],"wp:featuredmedia":[{"embeddable":true,"href":"https:\/\/blog.vida.at\/pensionisten\/wp-json\/wp\/v2\/media\/2133"}],"wp:attachment":[{"href":"https:\/\/blog.vida.at\/pensionisten\/wp-json\/wp\/v2\/media?parent=2131"}],"wp:term":[{"taxonomy":"category","embeddable":true,"href":"https:\/\/blog.vida.at\/pensionisten\/wp-json\/wp\/v2\/categories?post=2131"},{"taxonomy":"post_tag","embeddable":true,"href":"https:\/\/blog.vida.at\/pensionisten\/wp-json\/wp\/v2\/tags?post=2131"},{"taxonomy":"Orte","embeddable":true,"href":"https:\/\/blog.vida.at\/pensionisten\/wp-json\/wp\/v2\/Orte?post=2131"},{"taxonomy":"activitytype","embeddable":true,"href":"https:\/\/blog.vida.at\/pensionisten\/wp-json\/wp\/v2\/activitytype?post=2131"}],"curies":[{"name":"wp","href":"https:\/\/api.w.org\/{rel}","templated":true}]}}