
{"id":2180,"date":"2021-07-01T12:20:00","date_gmt":"2021-07-01T10:20:00","guid":{"rendered":"https:\/\/blog.vida.at\/pensionisten\/?p=2180"},"modified":"2021-10-13T15:37:29","modified_gmt":"2021-10-13T13:37:29","slug":"mach-deine-vida-pensionistinnen-stark","status":"publish","type":"post","link":"https:\/\/blog.vida.at\/pensionisten\/2021\/07\/01\/mach-deine-vida-pensionistinnen-stark\/","title":{"rendered":"Mach deine vida-PensionistInnen stark!"},"content":{"rendered":"\n<div class=\"wp-block-group Container\"><div class=\"wp-block-group__inner-container is-layout-flow wp-block-group-is-layout-flow\">\n<h4 class=\"wp-block-heading\"><strong><strong>Aktion verl\u00e4ngert: Noch bis 31. August neues vida-Mitglied werden und Tablet gewinnen<\/strong><\/strong><\/h4>\n\n\n\n<p>Gerade in herausfordernden Zeiten zahlt es sich aus, einen starken Partner zur Seite zu haben. Auf deine Gewerkschaft vida ist Verlass, auch in der Pension und in der Krise.&nbsp;&nbsp;<strong>Du bist Mitglied bei den vida-PensionistInnen? Sch\u00f6n, dass du Teil der vida-Familie bist!&nbsp;<\/strong><\/p>\n\n\n\n<!--more-->\n\n\n\n<p>Wir danken dir f\u00fcr deine Treue und Solidarit\u00e4t. Du st\u00e4rkst mit deiner vida-Mitgliedschaft nicht nur die Gemeinschaft, sondern auch dich selbst. Denn je mehr wir sind, desto mehr k\u00f6nnen wir bewegen \u2013 f\u00fcr alle und f\u00fcr dich.<\/p>\n\n\n\n<h4 class=\"wp-block-heading\"><strong>Gemeinsamer Einsatz zahlt sich aus<\/strong><\/h4>\n\n\n\n<p>Als vida-Mitglied hast du handfeste Vorteile. Wir sind deine starke Interessenvertretung, beraten in vielen Fragen, bieten Geselligkeit und Unterhaltung in den Ortsgruppen, Urlaubsangebote und viele Vorteile mit deiner vida-Card.&nbsp;<strong>Auch deine Familie, Freunde und Bekannte k\u00f6nnen profitieren und ganz einfach vida-Mitglied werden.<\/strong><\/p>\n\n\n\n<p><strong><span style=\"color: #e2001a\" class=\"ugb-highlight\">Hilf uns, noch st\u00e4rker zu werden<\/span><\/strong><br><strong><span style=\"color: #06abe2\" class=\"ugb-highlight\">Werbe ein neues vida-Mitglied und mit etwas Gl\u00fcck kannst du etwas gewinnen: Ein Samsung Galaxy Tablet wartet auf dich und das neue Mitglied.<\/span><\/strong><\/p>\n\n\n\n<h4 class=\"wp-block-heading\"><strong>Wie das geht?<\/strong><\/h4>\n\n\n\n<p><strong>ACHTUNG &#8211; Gewinnspiel-Aktion bis Ende August 2021 verl\u00e4ngert<\/strong>.<\/p>\n\n\n\n<p><strong>Bis 31. August 2021 vida-Mitgliedsanmeldung ausf\u00fcllen \u2013 siehe Downloadbutton \u2013 und an deine vida senden<\/strong>&nbsp;\u2013 entweder per Post an Gewerkschaft vida, Abteilung PensionistInnen, Johann-B\u00f6hm-Platz 1, 1020 Wien, oder per E-Mail an&nbsp;<a href=\"mailto:pensionistinnen@vida.at\">pensionistinnen@vida.at<\/a><\/p>\n\n\n\n<div class=\"wp-block-ugb-button ugb-button-wrapper ugb-0189a14 ugb-main-block\"><div class=\"ugb-inner-block\"><div class=\"ugb-block-content\"><div class=\"ugb-button-container\"><a class=\"ugb-button1 ugb-button ugb-button--size-normal\" href=\"https:\/\/blog.vida.at\/pensionisten\/wp-content\/uploads\/sites\/10\/2021\/05\/vida-PensionistInnen__Mitgliedsanmeldung_und_Gewinnspiel.pdf\" target=\"_blank\" rel=\"noopener noreferrer\" title=\"\"><span class=\"ugb-button--inner\">Mitgliedsanmeldung und Gewinnspiel<\/span><\/a><\/div><\/div><\/div><\/div>\n\n\n\n<p class=\"has-text-align-center\"><strong><span style=\"color: #06abe2\" class=\"ugb-highlight\">Unter allen WerberInnen und geworbenen Mitgliedern verlosen wir jeweils drei Samsung Galaxy Tablets.<\/span><\/strong><\/p>\n\n\n\n<p><br><strong>WICHTIG:&nbsp;<\/strong>Bitte unbedingt in der vida-Mitgliedsanmeldung das rot umrandete Feld&nbsp;\u201eGeworben durch\u201c&nbsp;vollst\u00e4ndig ausf\u00fcllen. Die Mitgliedsnummer findest du auf deiner vida-Card.<\/p>\n\n\n\n<p><span style=\"color: #e2001a\" class=\"ugb-highlight\"><strong>\u00dcBRIGENS:<\/strong>&nbsp;vida-Mitglied kann man auch online werden <strong>&gt;&gt;&gt; &nbsp;<a href=\"http:\/\/vida.at\/mitgliedwerden\" target=\"_blank\" rel=\"noreferrer noopener\">vida.at\/mitgliedwerden<\/a><\/strong><\/span><br><br><strong>WICHTIG:<\/strong>&nbsp;Vor dem Absenden der Online-Anmeldung am Ende des Formulars&nbsp;\u201eIch wurde geworben\/beraten durch\u201c&nbsp;anklicken, ausf\u00fcllen und im Feld&nbsp;\u201eBeitrittsanlass\u201c PENS21&nbsp;eintragen.<\/p>\n\n\n\n<p><\/p>\n\n\n\n<h4 class=\"has-text-align-center wp-block-heading\"><strong>Wir danken dir f\u00fcr deine Unterst\u00fctzung<br>und freuen uns \u00fcber Zuwachs in unserer vida-Familie!<\/strong><\/h4>\n\n\n\n<p><strong>Teilnahmebedingungen<\/strong><\/p>\n\n\n\n<p><em>G\u00fcltig sind nur jene Mitgliedsanmeldungen, die innerhalb des Aktionszeitraums 7. Mai 2021 bis 31. August 2021 rechtzeitig bei deiner Gewerkschaft vida einlangen, entweder mittels Post oder eingescannt per E-Mail oder \u00fcber unsere Online-Anmeldung. Es gilt das Datum des Poststempels bzw. das Eingangsdatum des E-Mails oder der Online-Anmeldung.<\/em> <em>Ziehung erfolgt unter Ausschluss des Rechtsweges. Die GewinnerInnen werden schriftlich informiert. Die Preise k\u00f6nnen nicht in bar abgel\u00f6st werden.<\/em><\/p>\n\n\n\n<p><a href=\"https:\/\/www.vida.at\/cms\/S03\/S03_2.2\/aktiv-dabei\/werde-jetzt-mitglied\" target=\"_blank\" rel=\"noreferrer noopener\"><strong>&gt;&gt;JETZT vida-Mitglied werden<\/strong><\/a><\/p>\n\n\n\n<p><\/p>\n<\/div><\/div>\n\n\n\n<p><\/p>\n<style class=\"advgb-styles-renderer\">.ugb-0189a14 .ugb-block-content{justify-content:center !important}.ugb-0189a14 .ugb-inner-block{text-align:center}<\/style>","protected":false},"excerpt":{"rendered":"<p>Aktion verl\u00e4ngert: Noch bis 31. August neues vida-Mitglied werden und Tablet gewinnen Gerade in herausfordernden Zeiten zahlt es sich aus, einen starken Partner zur Seite zu haben. Auf deine Gewerkschaft vida ist Verlass, auch in der Pension und in der Krise.&nbsp;&nbsp;Du bist Mitglied bei den vida-PensionistInnen? Sch\u00f6n, dass du Teil der vida-Familie bist!&nbsp;<\/p>\n","protected":false},"author":5,"featured_media":2181,"comment_status":"open","ping_status":"open","sticky":false,"template":"","format":"standard","meta":{"_uag_custom_page_level_css":"","advgb_blocks_editor_width":"","advgb_blocks_columns_visual_guide":"","footnotes":""},"categories":[1],"tags":[],"Orte":[],"activitytype":[],"class_list":["post-2180","post","type-post","status-publish","format-standard","has-post-thumbnail","hentry","category-allgemein","entry"],"featured_image_urls":{"full":["https:\/\/blog.vida.at\/pensionisten\/wp-content\/uploads\/sites\/10\/2021\/05\/Pensi.jpg",900,595,false],"thumbnail":["https:\/\/blog.vida.at\/pensionisten\/wp-content\/uploads\/sites\/10\/2021\/05\/Pensi-150x150.jpg",150,150,true],"medium":["https:\/\/blog.vida.at\/pensionisten\/wp-content\/uploads\/sites\/10\/2021\/05\/Pensi-300x198.jpg",300,198,true],"medium_large":["https:\/\/blog.vida.at\/pensionisten\/wp-content\/uploads\/sites\/10\/2021\/05\/Pensi-768x508.jpg",640,423,true],"large":["https:\/\/blog.vida.at\/pensionisten\/wp-content\/uploads\/sites\/10\/2021\/05\/Pensi.jpg",640,423,false],"1536x1536":["https:\/\/blog.vida.at\/pensionisten\/wp-content\/uploads\/sites\/10\/2021\/05\/Pensi.jpg",900,595,false],"2048x2048":["https:\/\/blog.vida.at\/pensionisten\/wp-content\/uploads\/sites\/10\/2021\/05\/Pensi.jpg",900,595,false],"ab-block-post-grid-landscape":["https:\/\/blog.vida.at\/pensionisten\/wp-content\/uploads\/sites\/10\/2021\/05\/Pensi-600x400.jpg",600,400,true],"ab-block-post-grid-square":["https:\/\/blog.vida.at\/pensionisten\/wp-content\/uploads\/sites\/10\/2021\/05\/Pensi-600x595.jpg",600,595,true],"post-thumbnail":["https:\/\/blog.vida.at\/pensionisten\/wp-content\/uploads\/sites\/10\/2021\/05\/Pensi.jpg",900,595,false],"awb_sm":["https:\/\/blog.vida.at\/pensionisten\/wp-content\/uploads\/sites\/10\/2021\/05\/Pensi-500x331.jpg",500,331,true],"awb_md":["https:\/\/blog.vida.at\/pensionisten\/wp-content\/uploads\/sites\/10\/2021\/05\/Pensi-800x529.jpg",800,529,true],"awb_lg":["https:\/\/blog.vida.at\/pensionisten\/wp-content\/uploads\/sites\/10\/2021\/05\/Pensi.jpg",900,595,false],"awb_xl":["https:\/\/blog.vida.at\/pensionisten\/wp-content\/uploads\/sites\/10\/2021\/05\/Pensi.jpg",900,595,false]},"post_excerpt_stackable":"<p>Aktion verl\u00e4ngert: Noch bis 31. August neues vida-Mitglied werden und Tablet gewinnen Gerade in herausfordernden Zeiten zahlt es sich aus, einen starken Partner zur Seite zu haben. Auf deine Gewerkschaft vida ist Verlass, auch in der Pension und in der Krise.&nbsp;&nbsp;Du bist Mitglied bei den vida-PensionistInnen? Sch\u00f6n, dass du Teil der vida-Familie bist!&nbsp; Wir danken dir f\u00fcr deine Treue und Solidarit\u00e4t. Du st\u00e4rkst mit deiner vida-Mitgliedschaft nicht nur die Gemeinschaft, sondern auch dich selbst. Denn je mehr wir sind, desto mehr k\u00f6nnen wir bewegen \u2013 f\u00fcr alle und f\u00fcr dich. Gemeinsamer Einsatz zahlt sich aus Als vida-Mitglied hast du handfeste&hellip;<\/p>\n","category_list":"<a href=\"https:\/\/blog.vida.at\/pensionisten\/category\/allgemein\/\" rel=\"category tag\">Allgemein<\/a>","author_info":{"display_name":"michaelafeik","author_link":"https:\/\/blog.vida.at\/pensionisten\/author\/michaelafeik\/"},"comments_num":"0 comments","featured_image_urls_v2":{"full":["https:\/\/blog.vida.at\/pensionisten\/wp-content\/uploads\/sites\/10\/2021\/05\/Pensi.jpg",900,595,false],"thumbnail":["https:\/\/blog.vida.at\/pensionisten\/wp-content\/uploads\/sites\/10\/2021\/05\/Pensi-150x150.jpg",150,150,true],"medium":["https:\/\/blog.vida.at\/pensionisten\/wp-content\/uploads\/sites\/10\/2021\/05\/Pensi-300x198.jpg",300,198,true],"medium_large":["https:\/\/blog.vida.at\/pensionisten\/wp-content\/uploads\/sites\/10\/2021\/05\/Pensi-768x508.jpg",640,423,true],"large":["https:\/\/blog.vida.at\/pensionisten\/wp-content\/uploads\/sites\/10\/2021\/05\/Pensi.jpg",640,423,false],"1536x1536":["https:\/\/blog.vida.at\/pensionisten\/wp-content\/uploads\/sites\/10\/2021\/05\/Pensi.jpg",900,595,false],"2048x2048":["https:\/\/blog.vida.at\/pensionisten\/wp-content\/uploads\/sites\/10\/2021\/05\/Pensi.jpg",900,595,false],"ab-block-post-grid-landscape":["https:\/\/blog.vida.at\/pensionisten\/wp-content\/uploads\/sites\/10\/2021\/05\/Pensi-600x400.jpg",600,400,true],"ab-block-post-grid-square":["https:\/\/blog.vida.at\/pensionisten\/wp-content\/uploads\/sites\/10\/2021\/05\/Pensi-600x595.jpg",600,595,true],"post-thumbnail":["https:\/\/blog.vida.at\/pensionisten\/wp-content\/uploads\/sites\/10\/2021\/05\/Pensi.jpg",900,595,false],"awb_sm":["https:\/\/blog.vida.at\/pensionisten\/wp-content\/uploads\/sites\/10\/2021\/05\/Pensi-500x331.jpg",500,331,true],"awb_md":["https:\/\/blog.vida.at\/pensionisten\/wp-content\/uploads\/sites\/10\/2021\/05\/Pensi-800x529.jpg",800,529,true],"awb_lg":["https:\/\/blog.vida.at\/pensionisten\/wp-content\/uploads\/sites\/10\/2021\/05\/Pensi.jpg",900,595,false],"awb_xl":["https:\/\/blog.vida.at\/pensionisten\/wp-content\/uploads\/sites\/10\/2021\/05\/Pensi.jpg",900,595,false]},"post_excerpt_stackable_v2":"<p>Aktion verl\u00e4ngert: Noch bis 31. August neues vida-Mitglied werden und Tablet gewinnen Gerade in herausfordernden Zeiten zahlt es sich aus, einen starken Partner zur Seite zu haben. Auf deine Gewerkschaft vida ist Verlass, auch in der Pension und in der Krise.&nbsp;&nbsp;Du bist Mitglied bei den vida-PensionistInnen? Sch\u00f6n, dass du Teil der vida-Familie bist!&nbsp; Wir danken dir f\u00fcr deine Treue und Solidarit\u00e4t. Du st\u00e4rkst mit deiner vida-Mitgliedschaft nicht nur die Gemeinschaft, sondern auch dich selbst. Denn je mehr wir sind, desto mehr k\u00f6nnen wir bewegen \u2013 f\u00fcr alle und f\u00fcr dich. Gemeinsamer Einsatz zahlt sich aus Als vida-Mitglied hast du handfeste&hellip;<\/p>\n","category_list_v2":"<a href=\"https:\/\/blog.vida.at\/pensionisten\/category\/allgemein\/\" rel=\"category tag\">Allgemein<\/a>","author_info_v2":{"name":"michaelafeik","url":"https:\/\/blog.vida.at\/pensionisten\/author\/michaelafeik\/"},"comments_num_v2":"0 comments","yoast_head":"<!-- This site is optimized with the Yoast SEO plugin v27.3 - https:\/\/yoast.com\/product\/yoast-seo-wordpress\/ -->\n<title>Mach deine vida-PensionistInnen stark!<\/title>\n<meta name=\"robots\" content=\"index, follow, max-snippet:-1, max-image-preview:large, max-video-preview:-1\" \/>\n<link rel=\"canonical\" href=\"https:\/\/blog.vida.at\/pensionisten\/2021\/07\/01\/mach-deine-vida-pensionistinnen-stark\/\" \/>\n<meta property=\"og:locale\" content=\"de_DE\" \/>\n<meta property=\"og:type\" content=\"article\" \/>\n<meta property=\"og:title\" content=\"Mach deine vida-PensionistInnen stark!\" \/>\n<meta property=\"og:description\" content=\"Aktion verl\u00e4ngert: Noch bis 31. August neues vida-Mitglied werden und Tablet gewinnen Gerade in herausfordernden Zeiten zahlt es sich aus, einen starken Partner zur Seite zu haben. Auf deine Gewerkschaft vida ist Verlass, auch in der Pension und in der Krise.&nbsp;&nbsp;Du bist Mitglied bei den vida-PensionistInnen? Sch\u00f6n, dass du Teil der vida-Familie bist!&nbsp;\" \/>\n<meta property=\"og:url\" content=\"https:\/\/blog.vida.at\/pensionisten\/2021\/07\/01\/mach-deine-vida-pensionistinnen-stark\/\" \/>\n<meta property=\"og:site_name\" content=\"vida Pensionisten\" \/>\n<meta property=\"article:published_time\" content=\"2021-07-01T10:20:00+00:00\" \/>\n<meta property=\"article:modified_time\" content=\"2021-10-13T13:37:29+00:00\" \/>\n<meta property=\"og:image\" content=\"https:\/\/blog.vida.at\/pensionisten\/wp-content\/uploads\/sites\/10\/2021\/05\/Pensi.jpg\" \/>\n\t<meta property=\"og:image:width\" content=\"900\" \/>\n\t<meta property=\"og:image:height\" content=\"595\" \/>\n\t<meta property=\"og:image:type\" content=\"image\/jpeg\" \/>\n<meta name=\"author\" content=\"michaelafeik\" \/>\n<meta name=\"twitter:card\" content=\"summary_large_image\" \/>\n<meta name=\"twitter:label1\" content=\"Verfasst von\" \/>\n\t<meta name=\"twitter:data1\" content=\"michaelafeik\" \/>\n\t<meta name=\"twitter:label2\" content=\"Gesch\u00e4tzte Lesezeit\" \/>\n\t<meta name=\"twitter:data2\" content=\"2\u00a0Minuten\" \/>\n<script type=\"application\/ld+json\" class=\"yoast-schema-graph\">{\"@context\":\"https:\\\/\\\/schema.org\",\"@graph\":[{\"@type\":\"Article\",\"@id\":\"https:\\\/\\\/blog.vida.at\\\/pensionisten\\\/2021\\\/07\\\/01\\\/mach-deine-vida-pensionistinnen-stark\\\/#article\",\"isPartOf\":{\"@id\":\"https:\\\/\\\/blog.vida.at\\\/pensionisten\\\/2021\\\/07\\\/01\\\/mach-deine-vida-pensionistinnen-stark\\\/\"},\"author\":{\"name\":\"michaelafeik\",\"@id\":\"https:\\\/\\\/blog.vida.at\\\/pensionisten\\\/#\\\/schema\\\/person\\\/2cea9cf3d58cf9334410ed5d6feb8a56\"},\"headline\":\"Mach deine vida-PensionistInnen stark!\",\"datePublished\":\"2021-07-01T10:20:00+00:00\",\"dateModified\":\"2021-10-13T13:37:29+00:00\",\"mainEntityOfPage\":{\"@id\":\"https:\\\/\\\/blog.vida.at\\\/pensionisten\\\/2021\\\/07\\\/01\\\/mach-deine-vida-pensionistinnen-stark\\\/\"},\"wordCount\":399,\"commentCount\":0,\"image\":{\"@id\":\"https:\\\/\\\/blog.vida.at\\\/pensionisten\\\/2021\\\/07\\\/01\\\/mach-deine-vida-pensionistinnen-stark\\\/#primaryimage\"},\"thumbnailUrl\":\"https:\\\/\\\/blog.vida.at\\\/pensionisten\\\/wp-content\\\/uploads\\\/sites\\\/10\\\/2021\\\/05\\\/Pensi.jpg\",\"inLanguage\":\"de\",\"potentialAction\":[{\"@type\":\"CommentAction\",\"name\":\"Comment\",\"target\":[\"https:\\\/\\\/blog.vida.at\\\/pensionisten\\\/2021\\\/07\\\/01\\\/mach-deine-vida-pensionistinnen-stark\\\/#respond\"]}]},{\"@type\":\"WebPage\",\"@id\":\"https:\\\/\\\/blog.vida.at\\\/pensionisten\\\/2021\\\/07\\\/01\\\/mach-deine-vida-pensionistinnen-stark\\\/\",\"url\":\"https:\\\/\\\/blog.vida.at\\\/pensionisten\\\/2021\\\/07\\\/01\\\/mach-deine-vida-pensionistinnen-stark\\\/\",\"name\":\"Mach deine vida-PensionistInnen stark!\",\"isPartOf\":{\"@id\":\"https:\\\/\\\/blog.vida.at\\\/pensionisten\\\/#website\"},\"primaryImageOfPage\":{\"@id\":\"https:\\\/\\\/blog.vida.at\\\/pensionisten\\\/2021\\\/07\\\/01\\\/mach-deine-vida-pensionistinnen-stark\\\/#primaryimage\"},\"image\":{\"@id\":\"https:\\\/\\\/blog.vida.at\\\/pensionisten\\\/2021\\\/07\\\/01\\\/mach-deine-vida-pensionistinnen-stark\\\/#primaryimage\"},\"thumbnailUrl\":\"https:\\\/\\\/blog.vida.at\\\/pensionisten\\\/wp-content\\\/uploads\\\/sites\\\/10\\\/2021\\\/05\\\/Pensi.jpg\",\"datePublished\":\"2021-07-01T10:20:00+00:00\",\"dateModified\":\"2021-10-13T13:37:29+00:00\",\"author\":{\"@id\":\"https:\\\/\\\/blog.vida.at\\\/pensionisten\\\/#\\\/schema\\\/person\\\/2cea9cf3d58cf9334410ed5d6feb8a56\"},\"breadcrumb\":{\"@id\":\"https:\\\/\\\/blog.vida.at\\\/pensionisten\\\/2021\\\/07\\\/01\\\/mach-deine-vida-pensionistinnen-stark\\\/#breadcrumb\"},\"inLanguage\":\"de\",\"potentialAction\":[{\"@type\":\"ReadAction\",\"target\":[\"https:\\\/\\\/blog.vida.at\\\/pensionisten\\\/2021\\\/07\\\/01\\\/mach-deine-vida-pensionistinnen-stark\\\/\"]}]},{\"@type\":\"ImageObject\",\"inLanguage\":\"de\",\"@id\":\"https:\\\/\\\/blog.vida.at\\\/pensionisten\\\/2021\\\/07\\\/01\\\/mach-deine-vida-pensionistinnen-stark\\\/#primaryimage\",\"url\":\"https:\\\/\\\/blog.vida.at\\\/pensionisten\\\/wp-content\\\/uploads\\\/sites\\\/10\\\/2021\\\/05\\\/Pensi.jpg\",\"contentUrl\":\"https:\\\/\\\/blog.vida.at\\\/pensionisten\\\/wp-content\\\/uploads\\\/sites\\\/10\\\/2021\\\/05\\\/Pensi.jpg\",\"width\":900,\"height\":595},{\"@type\":\"BreadcrumbList\",\"@id\":\"https:\\\/\\\/blog.vida.at\\\/pensionisten\\\/2021\\\/07\\\/01\\\/mach-deine-vida-pensionistinnen-stark\\\/#breadcrumb\",\"itemListElement\":[{\"@type\":\"ListItem\",\"position\":1,\"name\":\"Startseite\",\"item\":\"https:\\\/\\\/blog.vida.at\\\/pensionisten\\\/\"},{\"@type\":\"ListItem\",\"position\":2,\"name\":\"Mach deine vida-PensionistInnen stark!\"}]},{\"@type\":\"WebSite\",\"@id\":\"https:\\\/\\\/blog.vida.at\\\/pensionisten\\\/#website\",\"url\":\"https:\\\/\\\/blog.vida.at\\\/pensionisten\\\/\",\"name\":\"vida Pensionisten\",\"description\":\"\",\"potentialAction\":[{\"@type\":\"SearchAction\",\"target\":{\"@type\":\"EntryPoint\",\"urlTemplate\":\"https:\\\/\\\/blog.vida.at\\\/pensionisten\\\/?s={search_term_string}\"},\"query-input\":{\"@type\":\"PropertyValueSpecification\",\"valueRequired\":true,\"valueName\":\"search_term_string\"}}],\"inLanguage\":\"de\"},{\"@type\":\"Person\",\"@id\":\"https:\\\/\\\/blog.vida.at\\\/pensionisten\\\/#\\\/schema\\\/person\\\/2cea9cf3d58cf9334410ed5d6feb8a56\",\"name\":\"michaelafeik\",\"image\":{\"@type\":\"ImageObject\",\"inLanguage\":\"de\",\"@id\":\"https:\\\/\\\/secure.gravatar.com\\\/avatar\\\/03d8da787452696abe6f1e2aedabdf17f0d62a0779c9ed004162282155b35ea3?s=96&d=mm&r=g\",\"url\":\"https:\\\/\\\/secure.gravatar.com\\\/avatar\\\/03d8da787452696abe6f1e2aedabdf17f0d62a0779c9ed004162282155b35ea3?s=96&d=mm&r=g\",\"contentUrl\":\"https:\\\/\\\/secure.gravatar.com\\\/avatar\\\/03d8da787452696abe6f1e2aedabdf17f0d62a0779c9ed004162282155b35ea3?s=96&d=mm&r=g\",\"caption\":\"michaelafeik\"},\"url\":\"https:\\\/\\\/blog.vida.at\\\/pensionisten\\\/author\\\/michaelafeik\\\/\"}]}<\/script>\n<!-- \/ Yoast SEO plugin. -->","yoast_head_json":{"title":"Mach deine vida-PensionistInnen stark!","robots":{"index":"index","follow":"follow","max-snippet":"max-snippet:-1","max-image-preview":"max-image-preview:large","max-video-preview":"max-video-preview:-1"},"canonical":"https:\/\/blog.vida.at\/pensionisten\/2021\/07\/01\/mach-deine-vida-pensionistinnen-stark\/","og_locale":"de_DE","og_type":"article","og_title":"Mach deine vida-PensionistInnen stark!","og_description":"Aktion verl\u00e4ngert: Noch bis 31. August neues vida-Mitglied werden und Tablet gewinnen Gerade in herausfordernden Zeiten zahlt es sich aus, einen starken Partner zur Seite zu haben. Auf deine Gewerkschaft vida ist Verlass, auch in der Pension und in der Krise.&nbsp;&nbsp;Du bist Mitglied bei den vida-PensionistInnen? Sch\u00f6n, dass du Teil der vida-Familie bist!&nbsp;","og_url":"https:\/\/blog.vida.at\/pensionisten\/2021\/07\/01\/mach-deine-vida-pensionistinnen-stark\/","og_site_name":"vida Pensionisten","article_published_time":"2021-07-01T10:20:00+00:00","article_modified_time":"2021-10-13T13:37:29+00:00","og_image":[{"width":900,"height":595,"url":"https:\/\/blog.vida.at\/pensionisten\/wp-content\/uploads\/sites\/10\/2021\/05\/Pensi.jpg","type":"image\/jpeg"}],"author":"michaelafeik","twitter_card":"summary_large_image","twitter_misc":{"Verfasst von":"michaelafeik","Gesch\u00e4tzte Lesezeit":"2\u00a0Minuten"},"schema":{"@context":"https:\/\/schema.org","@graph":[{"@type":"Article","@id":"https:\/\/blog.vida.at\/pensionisten\/2021\/07\/01\/mach-deine-vida-pensionistinnen-stark\/#article","isPartOf":{"@id":"https:\/\/blog.vida.at\/pensionisten\/2021\/07\/01\/mach-deine-vida-pensionistinnen-stark\/"},"author":{"name":"michaelafeik","@id":"https:\/\/blog.vida.at\/pensionisten\/#\/schema\/person\/2cea9cf3d58cf9334410ed5d6feb8a56"},"headline":"Mach deine vida-PensionistInnen stark!","datePublished":"2021-07-01T10:20:00+00:00","dateModified":"2021-10-13T13:37:29+00:00","mainEntityOfPage":{"@id":"https:\/\/blog.vida.at\/pensionisten\/2021\/07\/01\/mach-deine-vida-pensionistinnen-stark\/"},"wordCount":399,"commentCount":0,"image":{"@id":"https:\/\/blog.vida.at\/pensionisten\/2021\/07\/01\/mach-deine-vida-pensionistinnen-stark\/#primaryimage"},"thumbnailUrl":"https:\/\/blog.vida.at\/pensionisten\/wp-content\/uploads\/sites\/10\/2021\/05\/Pensi.jpg","inLanguage":"de","potentialAction":[{"@type":"CommentAction","name":"Comment","target":["https:\/\/blog.vida.at\/pensionisten\/2021\/07\/01\/mach-deine-vida-pensionistinnen-stark\/#respond"]}]},{"@type":"WebPage","@id":"https:\/\/blog.vida.at\/pensionisten\/2021\/07\/01\/mach-deine-vida-pensionistinnen-stark\/","url":"https:\/\/blog.vida.at\/pensionisten\/2021\/07\/01\/mach-deine-vida-pensionistinnen-stark\/","name":"Mach deine vida-PensionistInnen stark!","isPartOf":{"@id":"https:\/\/blog.vida.at\/pensionisten\/#website"},"primaryImageOfPage":{"@id":"https:\/\/blog.vida.at\/pensionisten\/2021\/07\/01\/mach-deine-vida-pensionistinnen-stark\/#primaryimage"},"image":{"@id":"https:\/\/blog.vida.at\/pensionisten\/2021\/07\/01\/mach-deine-vida-pensionistinnen-stark\/#primaryimage"},"thumbnailUrl":"https:\/\/blog.vida.at\/pensionisten\/wp-content\/uploads\/sites\/10\/2021\/05\/Pensi.jpg","datePublished":"2021-07-01T10:20:00+00:00","dateModified":"2021-10-13T13:37:29+00:00","author":{"@id":"https:\/\/blog.vida.at\/pensionisten\/#\/schema\/person\/2cea9cf3d58cf9334410ed5d6feb8a56"},"breadcrumb":{"@id":"https:\/\/blog.vida.at\/pensionisten\/2021\/07\/01\/mach-deine-vida-pensionistinnen-stark\/#breadcrumb"},"inLanguage":"de","potentialAction":[{"@type":"ReadAction","target":["https:\/\/blog.vida.at\/pensionisten\/2021\/07\/01\/mach-deine-vida-pensionistinnen-stark\/"]}]},{"@type":"ImageObject","inLanguage":"de","@id":"https:\/\/blog.vida.at\/pensionisten\/2021\/07\/01\/mach-deine-vida-pensionistinnen-stark\/#primaryimage","url":"https:\/\/blog.vida.at\/pensionisten\/wp-content\/uploads\/sites\/10\/2021\/05\/Pensi.jpg","contentUrl":"https:\/\/blog.vida.at\/pensionisten\/wp-content\/uploads\/sites\/10\/2021\/05\/Pensi.jpg","width":900,"height":595},{"@type":"BreadcrumbList","@id":"https:\/\/blog.vida.at\/pensionisten\/2021\/07\/01\/mach-deine-vida-pensionistinnen-stark\/#breadcrumb","itemListElement":[{"@type":"ListItem","position":1,"name":"Startseite","item":"https:\/\/blog.vida.at\/pensionisten\/"},{"@type":"ListItem","position":2,"name":"Mach deine vida-PensionistInnen stark!"}]},{"@type":"WebSite","@id":"https:\/\/blog.vida.at\/pensionisten\/#website","url":"https:\/\/blog.vida.at\/pensionisten\/","name":"vida Pensionisten","description":"","potentialAction":[{"@type":"SearchAction","target":{"@type":"EntryPoint","urlTemplate":"https:\/\/blog.vida.at\/pensionisten\/?s={search_term_string}"},"query-input":{"@type":"PropertyValueSpecification","valueRequired":true,"valueName":"search_term_string"}}],"inLanguage":"de"},{"@type":"Person","@id":"https:\/\/blog.vida.at\/pensionisten\/#\/schema\/person\/2cea9cf3d58cf9334410ed5d6feb8a56","name":"michaelafeik","image":{"@type":"ImageObject","inLanguage":"de","@id":"https:\/\/secure.gravatar.com\/avatar\/03d8da787452696abe6f1e2aedabdf17f0d62a0779c9ed004162282155b35ea3?s=96&d=mm&r=g","url":"https:\/\/secure.gravatar.com\/avatar\/03d8da787452696abe6f1e2aedabdf17f0d62a0779c9ed004162282155b35ea3?s=96&d=mm&r=g","contentUrl":"https:\/\/secure.gravatar.com\/avatar\/03d8da787452696abe6f1e2aedabdf17f0d62a0779c9ed004162282155b35ea3?s=96&d=mm&r=g","caption":"michaelafeik"},"url":"https:\/\/blog.vida.at\/pensionisten\/author\/michaelafeik\/"}]}},"author_meta":{"display_name":"michaelafeik","author_link":"https:\/\/blog.vida.at\/pensionisten\/author\/michaelafeik\/"},"featured_img":"https:\/\/blog.vida.at\/pensionisten\/wp-content\/uploads\/sites\/10\/2021\/05\/Pensi-300x198.jpg","featured_image_src":"https:\/\/blog.vida.at\/pensionisten\/wp-content\/uploads\/sites\/10\/2021\/05\/Pensi-600x400.jpg","featured_image_src_square":"https:\/\/blog.vida.at\/pensionisten\/wp-content\/uploads\/sites\/10\/2021\/05\/Pensi-600x595.jpg","uagb_featured_image_src":{"full":["https:\/\/blog.vida.at\/pensionisten\/wp-content\/uploads\/sites\/10\/2021\/05\/Pensi.jpg",900,595,false],"thumbnail":["https:\/\/blog.vida.at\/pensionisten\/wp-content\/uploads\/sites\/10\/2021\/05\/Pensi-150x150.jpg",150,150,true],"medium":["https:\/\/blog.vida.at\/pensionisten\/wp-content\/uploads\/sites\/10\/2021\/05\/Pensi-300x198.jpg",300,198,true],"medium_large":["https:\/\/blog.vida.at\/pensionisten\/wp-content\/uploads\/sites\/10\/2021\/05\/Pensi-768x508.jpg",640,423,true],"large":["https:\/\/blog.vida.at\/pensionisten\/wp-content\/uploads\/sites\/10\/2021\/05\/Pensi.jpg",640,423,false],"1536x1536":["https:\/\/blog.vida.at\/pensionisten\/wp-content\/uploads\/sites\/10\/2021\/05\/Pensi.jpg",900,595,false],"2048x2048":["https:\/\/blog.vida.at\/pensionisten\/wp-content\/uploads\/sites\/10\/2021\/05\/Pensi.jpg",900,595,false],"ab-block-post-grid-landscape":["https:\/\/blog.vida.at\/pensionisten\/wp-content\/uploads\/sites\/10\/2021\/05\/Pensi-600x400.jpg",600,400,true],"ab-block-post-grid-square":["https:\/\/blog.vida.at\/pensionisten\/wp-content\/uploads\/sites\/10\/2021\/05\/Pensi-600x595.jpg",600,595,true],"post-thumbnail":["https:\/\/blog.vida.at\/pensionisten\/wp-content\/uploads\/sites\/10\/2021\/05\/Pensi.jpg",900,595,false],"awb_sm":["https:\/\/blog.vida.at\/pensionisten\/wp-content\/uploads\/sites\/10\/2021\/05\/Pensi-500x331.jpg",500,331,true],"awb_md":["https:\/\/blog.vida.at\/pensionisten\/wp-content\/uploads\/sites\/10\/2021\/05\/Pensi-800x529.jpg",800,529,true],"awb_lg":["https:\/\/blog.vida.at\/pensionisten\/wp-content\/uploads\/sites\/10\/2021\/05\/Pensi.jpg",900,595,false],"awb_xl":["https:\/\/blog.vida.at\/pensionisten\/wp-content\/uploads\/sites\/10\/2021\/05\/Pensi.jpg",900,595,false]},"uagb_author_info":{"display_name":"michaelafeik","author_link":"https:\/\/blog.vida.at\/pensionisten\/author\/michaelafeik\/"},"uagb_comment_info":0,"uagb_excerpt":"Aktion verl\u00e4ngert: Noch bis 31. August neues vida-Mitglied werden und Tablet gewinnen Gerade in herausfordernden Zeiten zahlt es sich aus, einen starken Partner zur Seite zu haben. Auf deine Gewerkschaft vida ist Verlass, auch in der Pension und in der Krise.&nbsp;&nbsp;Du bist Mitglied bei den vida-PensionistInnen? Sch\u00f6n, dass du Teil der vida-Familie bist!&nbsp;","coauthors":[],"tax_additional":{"categories":{"linked":["<a href=\"https:\/\/blog.vida.at\/pensionisten\/category\/allgemein\/\" class=\"advgb-post-tax-term\">Allgemein<\/a>"],"unlinked":["<span class=\"advgb-post-tax-term\">Allgemein<\/span>"]}},"comment_count":"0","relative_dates":{"created":"Ver\u00f6ffentlicht 5\u00a0Jahren vor","modified":"Aktualisiert 5\u00a0Jahren vor"},"absolute_dates":{"created":"Ver\u00f6ffentlicht am 1. Juli 2021","modified":"Aktualisiert am 13. Oktober 2021"},"absolute_dates_time":{"created":"Ver\u00f6ffentlicht am 1. Juli 2021 12:20","modified":"Aktualisiert am 13. Oktober 2021 15:37"},"featured_img_caption":"","series_order":"","_links":{"self":[{"href":"https:\/\/blog.vida.at\/pensionisten\/wp-json\/wp\/v2\/posts\/2180","targetHints":{"allow":["GET"]}}],"collection":[{"href":"https:\/\/blog.vida.at\/pensionisten\/wp-json\/wp\/v2\/posts"}],"about":[{"href":"https:\/\/blog.vida.at\/pensionisten\/wp-json\/wp\/v2\/types\/post"}],"author":[{"embeddable":true,"href":"https:\/\/blog.vida.at\/pensionisten\/wp-json\/wp\/v2\/users\/5"}],"replies":[{"embeddable":true,"href":"https:\/\/blog.vida.at\/pensionisten\/wp-json\/wp\/v2\/comments?post=2180"}],"version-history":[{"count":12,"href":"https:\/\/blog.vida.at\/pensionisten\/wp-json\/wp\/v2\/posts\/2180\/revisions"}],"predecessor-version":[{"id":3042,"href":"https:\/\/blog.vida.at\/pensionisten\/wp-json\/wp\/v2\/posts\/2180\/revisions\/3042"}],"wp:featuredmedia":[{"embeddable":true,"href":"https:\/\/blog.vida.at\/pensionisten\/wp-json\/wp\/v2\/media\/2181"}],"wp:attachment":[{"href":"https:\/\/blog.vida.at\/pensionisten\/wp-json\/wp\/v2\/media?parent=2180"}],"wp:term":[{"taxonomy":"category","embeddable":true,"href":"https:\/\/blog.vida.at\/pensionisten\/wp-json\/wp\/v2\/categories?post=2180"},{"taxonomy":"post_tag","embeddable":true,"href":"https:\/\/blog.vida.at\/pensionisten\/wp-json\/wp\/v2\/tags?post=2180"},{"taxonomy":"Orte","embeddable":true,"href":"https:\/\/blog.vida.at\/pensionisten\/wp-json\/wp\/v2\/Orte?post=2180"},{"taxonomy":"activitytype","embeddable":true,"href":"https:\/\/blog.vida.at\/pensionisten\/wp-json\/wp\/v2\/activitytype?post=2180"}],"curies":[{"name":"wp","href":"https:\/\/api.w.org\/{rel}","templated":true}]}}