
{"id":2228,"date":"2021-05-14T10:21:32","date_gmt":"2021-05-14T08:21:32","guid":{"rendered":"https:\/\/blog.vida.at\/pensionisten\/?p=2228"},"modified":"2021-08-18T10:38:53","modified_gmt":"2021-08-18T08:38:53","slug":"vorhang-auf-fuer-mozart-in-einzigartiger-burg-kulisse","status":"publish","type":"post","link":"https:\/\/blog.vida.at\/pensionisten\/2021\/05\/14\/vorhang-auf-fuer-mozart-in-einzigartiger-burg-kulisse\/","title":{"rendered":"Vorhang auf f\u00fcr Mozart in einzigartiger Burg-Kulisse"},"content":{"rendered":"\n<div class=\"wp-block-group container\"><div class=\"wp-block-group__inner-container is-layout-flow wp-block-group-is-layout-flow\">\n<h4 class=\"wp-block-heading\"><br><strong><strong><strong>Kulturtipp und Gewinnspiel: Die Entf\u00fchrung aus dem Serail im Opernhaus des Waldviertels<\/strong><\/strong><\/strong><\/h4>\n\n\n\n<!--more-->\n\n\n\n<div class=\"wp-block-image is-style-default\"><figure class=\"aligncenter size-large\"><img loading=\"lazy\" decoding=\"async\" width=\"900\" height=\"600\" src=\"https:\/\/blog.vida.at\/pensionisten\/wp-content\/uploads\/sites\/10\/2021\/05\/burg.jpg\" alt=\"\" class=\"wp-image-2229\" srcset=\"https:\/\/blog.vida.at\/pensionisten\/wp-content\/uploads\/sites\/10\/2021\/05\/burg.jpg 900w, https:\/\/blog.vida.at\/pensionisten\/wp-content\/uploads\/sites\/10\/2021\/05\/burg-300x200.jpg 300w, https:\/\/blog.vida.at\/pensionisten\/wp-content\/uploads\/sites\/10\/2021\/05\/burg-768x512.jpg 768w, https:\/\/blog.vida.at\/pensionisten\/wp-content\/uploads\/sites\/10\/2021\/05\/burg-500x333.jpg 500w, https:\/\/blog.vida.at\/pensionisten\/wp-content\/uploads\/sites\/10\/2021\/05\/burg-800x533.jpg 800w, https:\/\/blog.vida.at\/pensionisten\/wp-content\/uploads\/sites\/10\/2021\/05\/burg-600x400.jpg 600w\" sizes=\"auto, (max-width: 900px) 100vw, 900px\" \/><figcaption>Oper Burg Gars (c) Reinhard Podolsky<\/figcaption><\/figure><\/div>\n\n\n\n<p>Seit \u00fcber 30 Jahren dient die Burg Gars am Kamp als einzigartige Spielst\u00e4tte f\u00fcr hochkar\u00e4tige Opernproduktionen. Im Sommer 2021 erstrahlen die mystischen Mauern als schillerndes Topkapi-Serail, wo Edelmann Belmonte alles versucht, um Konstanze, seine als Sklavin an den Palast Bassa Selims verschleppte Geliebte, zu befreien.<\/p>\n\n\n\n<h5 class=\"wp-block-heading\"><strong>Zauberhafte Kl\u00e4nge unter freiem Himmel<\/strong><\/h5>\n\n\n\n<p>Intendant Dr. Johannes Wildner bringt eine noch nie dagewesene Fassung von Wolfgang Amadeus Mozarts St\u00fcck&nbsp;<a href=\"https:\/\/operburggars.reservix.at\/tickets-die-entfuehrung-aus-dem-serail-in-gars-am-kamp-burg-gars-am-15-7-2021\/e1664113\" target=\"_blank\" rel=\"noreferrer noopener\">\u201eDie Entf\u00fchrung aus dem Serail\u201c<\/a>&nbsp;in die zauberhafte Naturkulisse. Alles dreht sich um Respekt, Toleranz und Achtung vor dem Fremden als Grundpfeiler einer aufgekl\u00e4rten Gesellschaft. Also \u201eVorhang auf!\u201c f\u00fcr ein St\u00fcck Operngeschichte, mit dem Mozart die deutsche Sprache in der Oper salonf\u00e4hig gemacht und damit der Entwicklung des Musiktheaters epochal gepr\u00e4gt hat. Erlebe die Essenz von Oper, live und unmittelbar unter freiem Himmel im \u201eOpernhaus des Waldviertels\u201c.<\/p>\n\n\n\n<h4 class=\"wp-block-heading\"><strong>Schau vorbei<\/strong><\/h4>\n\n\n\n<p>Oper Burg Gars Kartenb\u00fcro von Mo bis Fr 10 bis 12 Uhr<br>Tel.: 02985\/33000<br>E-Mail:&nbsp;<a href=\"mailto:office@operburggars.atwww.operburggars.at\">office@operburggars.at<\/a><br><a href=\"http:\/\/www.operburggars.at\/\" target=\"_blank\" rel=\"noreferrer noopener\">www.operburggars.at<\/a><\/p>\n\n\n\n<p><\/p>\n\n\n\n<h4 class=\"wp-block-heading\"><strong>Gewinnspiel f\u00fcr vida-Mitglieder<\/strong><\/h4>\n\n\n\n<p><strong><span style=\"color: #e2001a\" class=\"ugb-highlight\">Wir verlosen 2 x 2 Opernkarten.<\/span><\/strong><br><strong>Schicke ein E-Mail mit dem Betreff \u201evida Oper\u201c und deiner vida-Mitgliedsnummer an&nbsp;<a>presse@vida.at<\/a>.<\/strong><\/p>\n\n\n\n<p>Einsendeschluss ist der 4. Juni 2021, Ziehung erfolgt unter Ausschluss des Rechtsweges. Die GewinnerInnen werden schriftlich informiert. Die Preise k\u00f6nnen nicht in bar abgel\u00f6st werden.<\/p>\n\n\n\n<p><\/p>\n\n\n\n<div class=\"wp-block-atomic-blocks-ab-button ab-block-button\"><a href=\"https:\/\/operburggars.at\/\" class=\"ab-button ab-button-shape-rounded ab-button-size-medium\" style=\"color:#ffffff;background-color:#3373dc\">&gt;&gt;Website Oper Burg Gars<\/a><\/div>\n\n\n\n<p><br><br><\/p>\n<\/div><\/div>\n\n\n\n<p><\/p>\n","protected":false},"excerpt":{"rendered":"<p>Kulturtipp und Gewinnspiel: Die Entf\u00fchrung aus dem Serail im Opernhaus des Waldviertels<\/p>\n","protected":false},"author":5,"featured_media":2229,"comment_status":"open","ping_status":"open","sticky":false,"template":"","format":"standard","meta":{"_uag_custom_page_level_css":"","advgb_blocks_editor_width":"","advgb_blocks_columns_visual_guide":"","footnotes":""},"categories":[1],"tags":[],"Orte":[],"activitytype":[],"class_list":["post-2228","post","type-post","status-publish","format-standard","has-post-thumbnail","hentry","category-allgemein","entry"],"featured_image_urls":{"full":["https:\/\/blog.vida.at\/pensionisten\/wp-content\/uploads\/sites\/10\/2021\/05\/burg.jpg",900,600,false],"thumbnail":["https:\/\/blog.vida.at\/pensionisten\/wp-content\/uploads\/sites\/10\/2021\/05\/burg-150x150.jpg",150,150,true],"medium":["https:\/\/blog.vida.at\/pensionisten\/wp-content\/uploads\/sites\/10\/2021\/05\/burg-300x200.jpg",300,200,true],"medium_large":["https:\/\/blog.vida.at\/pensionisten\/wp-content\/uploads\/sites\/10\/2021\/05\/burg-768x512.jpg",640,427,true],"large":["https:\/\/blog.vida.at\/pensionisten\/wp-content\/uploads\/sites\/10\/2021\/05\/burg.jpg",640,427,false],"1536x1536":["https:\/\/blog.vida.at\/pensionisten\/wp-content\/uploads\/sites\/10\/2021\/05\/burg.jpg",900,600,false],"2048x2048":["https:\/\/blog.vida.at\/pensionisten\/wp-content\/uploads\/sites\/10\/2021\/05\/burg.jpg",900,600,false],"ab-block-post-grid-landscape":["https:\/\/blog.vida.at\/pensionisten\/wp-content\/uploads\/sites\/10\/2021\/05\/burg-600x400.jpg",600,400,true],"ab-block-post-grid-square":["https:\/\/blog.vida.at\/pensionisten\/wp-content\/uploads\/sites\/10\/2021\/05\/burg-600x600.jpg",600,600,true],"post-thumbnail":["https:\/\/blog.vida.at\/pensionisten\/wp-content\/uploads\/sites\/10\/2021\/05\/burg.jpg",900,600,false],"awb_sm":["https:\/\/blog.vida.at\/pensionisten\/wp-content\/uploads\/sites\/10\/2021\/05\/burg-500x333.jpg",500,333,true],"awb_md":["https:\/\/blog.vida.at\/pensionisten\/wp-content\/uploads\/sites\/10\/2021\/05\/burg-800x533.jpg",800,533,true],"awb_lg":["https:\/\/blog.vida.at\/pensionisten\/wp-content\/uploads\/sites\/10\/2021\/05\/burg.jpg",900,600,false],"awb_xl":["https:\/\/blog.vida.at\/pensionisten\/wp-content\/uploads\/sites\/10\/2021\/05\/burg.jpg",900,600,false]},"post_excerpt_stackable":"<p>Kulturtipp und Gewinnspiel: Die Entf\u00fchrung aus dem Serail im Opernhaus des Waldviertels Oper Burg Gars (c) Reinhard Podolsky Seit \u00fcber 30 Jahren dient die Burg Gars am Kamp als einzigartige Spielst\u00e4tte f\u00fcr hochkar\u00e4tige Opernproduktionen. Im Sommer 2021 erstrahlen die mystischen Mauern als schillerndes Topkapi-Serail, wo Edelmann Belmonte alles versucht, um Konstanze, seine als Sklavin an den Palast Bassa Selims verschleppte Geliebte, zu befreien. Zauberhafte Kl\u00e4nge unter freiem Himmel Intendant Dr. Johannes Wildner bringt eine noch nie dagewesene Fassung von Wolfgang Amadeus Mozarts St\u00fcck&nbsp;\u201eDie Entf\u00fchrung aus dem Serail\u201c&nbsp;in die zauberhafte Naturkulisse. Alles dreht sich um Respekt, Toleranz und Achtung vor dem&hellip;<\/p>\n","category_list":"<a href=\"https:\/\/blog.vida.at\/pensionisten\/category\/allgemein\/\" rel=\"category tag\">Allgemein<\/a>","author_info":{"display_name":"michaelafeik","author_link":"https:\/\/blog.vida.at\/pensionisten\/author\/michaelafeik\/"},"comments_num":"0 comments","featured_image_urls_v2":{"full":["https:\/\/blog.vida.at\/pensionisten\/wp-content\/uploads\/sites\/10\/2021\/05\/burg.jpg",900,600,false],"thumbnail":["https:\/\/blog.vida.at\/pensionisten\/wp-content\/uploads\/sites\/10\/2021\/05\/burg-150x150.jpg",150,150,true],"medium":["https:\/\/blog.vida.at\/pensionisten\/wp-content\/uploads\/sites\/10\/2021\/05\/burg-300x200.jpg",300,200,true],"medium_large":["https:\/\/blog.vida.at\/pensionisten\/wp-content\/uploads\/sites\/10\/2021\/05\/burg-768x512.jpg",640,427,true],"large":["https:\/\/blog.vida.at\/pensionisten\/wp-content\/uploads\/sites\/10\/2021\/05\/burg.jpg",640,427,false],"1536x1536":["https:\/\/blog.vida.at\/pensionisten\/wp-content\/uploads\/sites\/10\/2021\/05\/burg.jpg",900,600,false],"2048x2048":["https:\/\/blog.vida.at\/pensionisten\/wp-content\/uploads\/sites\/10\/2021\/05\/burg.jpg",900,600,false],"ab-block-post-grid-landscape":["https:\/\/blog.vida.at\/pensionisten\/wp-content\/uploads\/sites\/10\/2021\/05\/burg-600x400.jpg",600,400,true],"ab-block-post-grid-square":["https:\/\/blog.vida.at\/pensionisten\/wp-content\/uploads\/sites\/10\/2021\/05\/burg-600x600.jpg",600,600,true],"post-thumbnail":["https:\/\/blog.vida.at\/pensionisten\/wp-content\/uploads\/sites\/10\/2021\/05\/burg.jpg",900,600,false],"awb_sm":["https:\/\/blog.vida.at\/pensionisten\/wp-content\/uploads\/sites\/10\/2021\/05\/burg-500x333.jpg",500,333,true],"awb_md":["https:\/\/blog.vida.at\/pensionisten\/wp-content\/uploads\/sites\/10\/2021\/05\/burg-800x533.jpg",800,533,true],"awb_lg":["https:\/\/blog.vida.at\/pensionisten\/wp-content\/uploads\/sites\/10\/2021\/05\/burg.jpg",900,600,false],"awb_xl":["https:\/\/blog.vida.at\/pensionisten\/wp-content\/uploads\/sites\/10\/2021\/05\/burg.jpg",900,600,false]},"post_excerpt_stackable_v2":"<p>Kulturtipp und Gewinnspiel: Die Entf\u00fchrung aus dem Serail im Opernhaus des Waldviertels Oper Burg Gars (c) Reinhard Podolsky Seit \u00fcber 30 Jahren dient die Burg Gars am Kamp als einzigartige Spielst\u00e4tte f\u00fcr hochkar\u00e4tige Opernproduktionen. Im Sommer 2021 erstrahlen die mystischen Mauern als schillerndes Topkapi-Serail, wo Edelmann Belmonte alles versucht, um Konstanze, seine als Sklavin an den Palast Bassa Selims verschleppte Geliebte, zu befreien. Zauberhafte Kl\u00e4nge unter freiem Himmel Intendant Dr. Johannes Wildner bringt eine noch nie dagewesene Fassung von Wolfgang Amadeus Mozarts St\u00fcck&nbsp;\u201eDie Entf\u00fchrung aus dem Serail\u201c&nbsp;in die zauberhafte Naturkulisse. Alles dreht sich um Respekt, Toleranz und Achtung vor dem&hellip;<\/p>\n","category_list_v2":"<a href=\"https:\/\/blog.vida.at\/pensionisten\/category\/allgemein\/\" rel=\"category tag\">Allgemein<\/a>","author_info_v2":{"name":"michaelafeik","url":"https:\/\/blog.vida.at\/pensionisten\/author\/michaelafeik\/"},"comments_num_v2":"0 comments","yoast_head":"<!-- This site is optimized with the Yoast SEO plugin v27.3 - https:\/\/yoast.com\/product\/yoast-seo-wordpress\/ -->\n<title>Vorhang auf f\u00fcr Mozart in einzigartiger Burg-Kulisse<\/title>\n<meta name=\"robots\" content=\"index, follow, max-snippet:-1, max-image-preview:large, max-video-preview:-1\" \/>\n<link rel=\"canonical\" href=\"https:\/\/blog.vida.at\/pensionisten\/2021\/05\/14\/vorhang-auf-fuer-mozart-in-einzigartiger-burg-kulisse\/\" \/>\n<meta property=\"og:locale\" content=\"de_DE\" \/>\n<meta property=\"og:type\" content=\"article\" \/>\n<meta property=\"og:title\" content=\"Vorhang auf f\u00fcr Mozart in einzigartiger Burg-Kulisse\" \/>\n<meta property=\"og:description\" content=\"Kulturtipp und Gewinnspiel: Die Entf\u00fchrung aus dem Serail im Opernhaus des Waldviertels\" \/>\n<meta property=\"og:url\" content=\"https:\/\/blog.vida.at\/pensionisten\/2021\/05\/14\/vorhang-auf-fuer-mozart-in-einzigartiger-burg-kulisse\/\" \/>\n<meta property=\"og:site_name\" content=\"vida Pensionisten\" \/>\n<meta property=\"article:published_time\" content=\"2021-05-14T08:21:32+00:00\" \/>\n<meta property=\"article:modified_time\" content=\"2021-08-18T08:38:53+00:00\" \/>\n<meta property=\"og:image\" content=\"https:\/\/blog.vida.at\/pensionisten\/wp-content\/uploads\/sites\/10\/2021\/05\/burg.jpg\" \/>\n\t<meta property=\"og:image:width\" content=\"900\" \/>\n\t<meta property=\"og:image:height\" content=\"600\" \/>\n\t<meta property=\"og:image:type\" content=\"image\/jpeg\" \/>\n<meta name=\"author\" content=\"michaelafeik\" \/>\n<meta name=\"twitter:card\" content=\"summary_large_image\" \/>\n<meta name=\"twitter:label1\" content=\"Verfasst von\" \/>\n\t<meta name=\"twitter:data1\" content=\"michaelafeik\" \/>\n\t<meta name=\"twitter:label2\" content=\"Gesch\u00e4tzte Lesezeit\" \/>\n\t<meta name=\"twitter:data2\" content=\"2\u00a0Minuten\" \/>\n<script type=\"application\/ld+json\" class=\"yoast-schema-graph\">{\"@context\":\"https:\\\/\\\/schema.org\",\"@graph\":[{\"@type\":\"Article\",\"@id\":\"https:\\\/\\\/blog.vida.at\\\/pensionisten\\\/2021\\\/05\\\/14\\\/vorhang-auf-fuer-mozart-in-einzigartiger-burg-kulisse\\\/#article\",\"isPartOf\":{\"@id\":\"https:\\\/\\\/blog.vida.at\\\/pensionisten\\\/2021\\\/05\\\/14\\\/vorhang-auf-fuer-mozart-in-einzigartiger-burg-kulisse\\\/\"},\"author\":{\"name\":\"michaelafeik\",\"@id\":\"https:\\\/\\\/blog.vida.at\\\/pensionisten\\\/#\\\/schema\\\/person\\\/2cea9cf3d58cf9334410ed5d6feb8a56\"},\"headline\":\"Vorhang auf f\u00fcr Mozart in einzigartiger Burg-Kulisse\",\"datePublished\":\"2021-05-14T08:21:32+00:00\",\"dateModified\":\"2021-08-18T08:38:53+00:00\",\"mainEntityOfPage\":{\"@id\":\"https:\\\/\\\/blog.vida.at\\\/pensionisten\\\/2021\\\/05\\\/14\\\/vorhang-auf-fuer-mozart-in-einzigartiger-burg-kulisse\\\/\"},\"wordCount\":246,\"commentCount\":0,\"image\":{\"@id\":\"https:\\\/\\\/blog.vida.at\\\/pensionisten\\\/2021\\\/05\\\/14\\\/vorhang-auf-fuer-mozart-in-einzigartiger-burg-kulisse\\\/#primaryimage\"},\"thumbnailUrl\":\"https:\\\/\\\/blog.vida.at\\\/pensionisten\\\/wp-content\\\/uploads\\\/sites\\\/10\\\/2021\\\/05\\\/burg.jpg\",\"inLanguage\":\"de\",\"potentialAction\":[{\"@type\":\"CommentAction\",\"name\":\"Comment\",\"target\":[\"https:\\\/\\\/blog.vida.at\\\/pensionisten\\\/2021\\\/05\\\/14\\\/vorhang-auf-fuer-mozart-in-einzigartiger-burg-kulisse\\\/#respond\"]}]},{\"@type\":\"WebPage\",\"@id\":\"https:\\\/\\\/blog.vida.at\\\/pensionisten\\\/2021\\\/05\\\/14\\\/vorhang-auf-fuer-mozart-in-einzigartiger-burg-kulisse\\\/\",\"url\":\"https:\\\/\\\/blog.vida.at\\\/pensionisten\\\/2021\\\/05\\\/14\\\/vorhang-auf-fuer-mozart-in-einzigartiger-burg-kulisse\\\/\",\"name\":\"Vorhang auf f\u00fcr Mozart in einzigartiger Burg-Kulisse\",\"isPartOf\":{\"@id\":\"https:\\\/\\\/blog.vida.at\\\/pensionisten\\\/#website\"},\"primaryImageOfPage\":{\"@id\":\"https:\\\/\\\/blog.vida.at\\\/pensionisten\\\/2021\\\/05\\\/14\\\/vorhang-auf-fuer-mozart-in-einzigartiger-burg-kulisse\\\/#primaryimage\"},\"image\":{\"@id\":\"https:\\\/\\\/blog.vida.at\\\/pensionisten\\\/2021\\\/05\\\/14\\\/vorhang-auf-fuer-mozart-in-einzigartiger-burg-kulisse\\\/#primaryimage\"},\"thumbnailUrl\":\"https:\\\/\\\/blog.vida.at\\\/pensionisten\\\/wp-content\\\/uploads\\\/sites\\\/10\\\/2021\\\/05\\\/burg.jpg\",\"datePublished\":\"2021-05-14T08:21:32+00:00\",\"dateModified\":\"2021-08-18T08:38:53+00:00\",\"author\":{\"@id\":\"https:\\\/\\\/blog.vida.at\\\/pensionisten\\\/#\\\/schema\\\/person\\\/2cea9cf3d58cf9334410ed5d6feb8a56\"},\"breadcrumb\":{\"@id\":\"https:\\\/\\\/blog.vida.at\\\/pensionisten\\\/2021\\\/05\\\/14\\\/vorhang-auf-fuer-mozart-in-einzigartiger-burg-kulisse\\\/#breadcrumb\"},\"inLanguage\":\"de\",\"potentialAction\":[{\"@type\":\"ReadAction\",\"target\":[\"https:\\\/\\\/blog.vida.at\\\/pensionisten\\\/2021\\\/05\\\/14\\\/vorhang-auf-fuer-mozart-in-einzigartiger-burg-kulisse\\\/\"]}]},{\"@type\":\"ImageObject\",\"inLanguage\":\"de\",\"@id\":\"https:\\\/\\\/blog.vida.at\\\/pensionisten\\\/2021\\\/05\\\/14\\\/vorhang-auf-fuer-mozart-in-einzigartiger-burg-kulisse\\\/#primaryimage\",\"url\":\"https:\\\/\\\/blog.vida.at\\\/pensionisten\\\/wp-content\\\/uploads\\\/sites\\\/10\\\/2021\\\/05\\\/burg.jpg\",\"contentUrl\":\"https:\\\/\\\/blog.vida.at\\\/pensionisten\\\/wp-content\\\/uploads\\\/sites\\\/10\\\/2021\\\/05\\\/burg.jpg\",\"width\":900,\"height\":600},{\"@type\":\"BreadcrumbList\",\"@id\":\"https:\\\/\\\/blog.vida.at\\\/pensionisten\\\/2021\\\/05\\\/14\\\/vorhang-auf-fuer-mozart-in-einzigartiger-burg-kulisse\\\/#breadcrumb\",\"itemListElement\":[{\"@type\":\"ListItem\",\"position\":1,\"name\":\"Startseite\",\"item\":\"https:\\\/\\\/blog.vida.at\\\/pensionisten\\\/\"},{\"@type\":\"ListItem\",\"position\":2,\"name\":\"Vorhang auf f\u00fcr Mozart in einzigartiger Burg-Kulisse\"}]},{\"@type\":\"WebSite\",\"@id\":\"https:\\\/\\\/blog.vida.at\\\/pensionisten\\\/#website\",\"url\":\"https:\\\/\\\/blog.vida.at\\\/pensionisten\\\/\",\"name\":\"vida Pensionisten\",\"description\":\"\",\"potentialAction\":[{\"@type\":\"SearchAction\",\"target\":{\"@type\":\"EntryPoint\",\"urlTemplate\":\"https:\\\/\\\/blog.vida.at\\\/pensionisten\\\/?s={search_term_string}\"},\"query-input\":{\"@type\":\"PropertyValueSpecification\",\"valueRequired\":true,\"valueName\":\"search_term_string\"}}],\"inLanguage\":\"de\"},{\"@type\":\"Person\",\"@id\":\"https:\\\/\\\/blog.vida.at\\\/pensionisten\\\/#\\\/schema\\\/person\\\/2cea9cf3d58cf9334410ed5d6feb8a56\",\"name\":\"michaelafeik\",\"image\":{\"@type\":\"ImageObject\",\"inLanguage\":\"de\",\"@id\":\"https:\\\/\\\/secure.gravatar.com\\\/avatar\\\/03d8da787452696abe6f1e2aedabdf17f0d62a0779c9ed004162282155b35ea3?s=96&d=mm&r=g\",\"url\":\"https:\\\/\\\/secure.gravatar.com\\\/avatar\\\/03d8da787452696abe6f1e2aedabdf17f0d62a0779c9ed004162282155b35ea3?s=96&d=mm&r=g\",\"contentUrl\":\"https:\\\/\\\/secure.gravatar.com\\\/avatar\\\/03d8da787452696abe6f1e2aedabdf17f0d62a0779c9ed004162282155b35ea3?s=96&d=mm&r=g\",\"caption\":\"michaelafeik\"},\"url\":\"https:\\\/\\\/blog.vida.at\\\/pensionisten\\\/author\\\/michaelafeik\\\/\"}]}<\/script>\n<!-- \/ Yoast SEO plugin. -->","yoast_head_json":{"title":"Vorhang auf f\u00fcr Mozart in einzigartiger Burg-Kulisse","robots":{"index":"index","follow":"follow","max-snippet":"max-snippet:-1","max-image-preview":"max-image-preview:large","max-video-preview":"max-video-preview:-1"},"canonical":"https:\/\/blog.vida.at\/pensionisten\/2021\/05\/14\/vorhang-auf-fuer-mozart-in-einzigartiger-burg-kulisse\/","og_locale":"de_DE","og_type":"article","og_title":"Vorhang auf f\u00fcr Mozart in einzigartiger Burg-Kulisse","og_description":"Kulturtipp und Gewinnspiel: Die Entf\u00fchrung aus dem Serail im Opernhaus des Waldviertels","og_url":"https:\/\/blog.vida.at\/pensionisten\/2021\/05\/14\/vorhang-auf-fuer-mozart-in-einzigartiger-burg-kulisse\/","og_site_name":"vida Pensionisten","article_published_time":"2021-05-14T08:21:32+00:00","article_modified_time":"2021-08-18T08:38:53+00:00","og_image":[{"width":900,"height":600,"url":"https:\/\/blog.vida.at\/pensionisten\/wp-content\/uploads\/sites\/10\/2021\/05\/burg.jpg","type":"image\/jpeg"}],"author":"michaelafeik","twitter_card":"summary_large_image","twitter_misc":{"Verfasst von":"michaelafeik","Gesch\u00e4tzte Lesezeit":"2\u00a0Minuten"},"schema":{"@context":"https:\/\/schema.org","@graph":[{"@type":"Article","@id":"https:\/\/blog.vida.at\/pensionisten\/2021\/05\/14\/vorhang-auf-fuer-mozart-in-einzigartiger-burg-kulisse\/#article","isPartOf":{"@id":"https:\/\/blog.vida.at\/pensionisten\/2021\/05\/14\/vorhang-auf-fuer-mozart-in-einzigartiger-burg-kulisse\/"},"author":{"name":"michaelafeik","@id":"https:\/\/blog.vida.at\/pensionisten\/#\/schema\/person\/2cea9cf3d58cf9334410ed5d6feb8a56"},"headline":"Vorhang auf f\u00fcr Mozart in einzigartiger Burg-Kulisse","datePublished":"2021-05-14T08:21:32+00:00","dateModified":"2021-08-18T08:38:53+00:00","mainEntityOfPage":{"@id":"https:\/\/blog.vida.at\/pensionisten\/2021\/05\/14\/vorhang-auf-fuer-mozart-in-einzigartiger-burg-kulisse\/"},"wordCount":246,"commentCount":0,"image":{"@id":"https:\/\/blog.vida.at\/pensionisten\/2021\/05\/14\/vorhang-auf-fuer-mozart-in-einzigartiger-burg-kulisse\/#primaryimage"},"thumbnailUrl":"https:\/\/blog.vida.at\/pensionisten\/wp-content\/uploads\/sites\/10\/2021\/05\/burg.jpg","inLanguage":"de","potentialAction":[{"@type":"CommentAction","name":"Comment","target":["https:\/\/blog.vida.at\/pensionisten\/2021\/05\/14\/vorhang-auf-fuer-mozart-in-einzigartiger-burg-kulisse\/#respond"]}]},{"@type":"WebPage","@id":"https:\/\/blog.vida.at\/pensionisten\/2021\/05\/14\/vorhang-auf-fuer-mozart-in-einzigartiger-burg-kulisse\/","url":"https:\/\/blog.vida.at\/pensionisten\/2021\/05\/14\/vorhang-auf-fuer-mozart-in-einzigartiger-burg-kulisse\/","name":"Vorhang auf f\u00fcr Mozart in einzigartiger Burg-Kulisse","isPartOf":{"@id":"https:\/\/blog.vida.at\/pensionisten\/#website"},"primaryImageOfPage":{"@id":"https:\/\/blog.vida.at\/pensionisten\/2021\/05\/14\/vorhang-auf-fuer-mozart-in-einzigartiger-burg-kulisse\/#primaryimage"},"image":{"@id":"https:\/\/blog.vida.at\/pensionisten\/2021\/05\/14\/vorhang-auf-fuer-mozart-in-einzigartiger-burg-kulisse\/#primaryimage"},"thumbnailUrl":"https:\/\/blog.vida.at\/pensionisten\/wp-content\/uploads\/sites\/10\/2021\/05\/burg.jpg","datePublished":"2021-05-14T08:21:32+00:00","dateModified":"2021-08-18T08:38:53+00:00","author":{"@id":"https:\/\/blog.vida.at\/pensionisten\/#\/schema\/person\/2cea9cf3d58cf9334410ed5d6feb8a56"},"breadcrumb":{"@id":"https:\/\/blog.vida.at\/pensionisten\/2021\/05\/14\/vorhang-auf-fuer-mozart-in-einzigartiger-burg-kulisse\/#breadcrumb"},"inLanguage":"de","potentialAction":[{"@type":"ReadAction","target":["https:\/\/blog.vida.at\/pensionisten\/2021\/05\/14\/vorhang-auf-fuer-mozart-in-einzigartiger-burg-kulisse\/"]}]},{"@type":"ImageObject","inLanguage":"de","@id":"https:\/\/blog.vida.at\/pensionisten\/2021\/05\/14\/vorhang-auf-fuer-mozart-in-einzigartiger-burg-kulisse\/#primaryimage","url":"https:\/\/blog.vida.at\/pensionisten\/wp-content\/uploads\/sites\/10\/2021\/05\/burg.jpg","contentUrl":"https:\/\/blog.vida.at\/pensionisten\/wp-content\/uploads\/sites\/10\/2021\/05\/burg.jpg","width":900,"height":600},{"@type":"BreadcrumbList","@id":"https:\/\/blog.vida.at\/pensionisten\/2021\/05\/14\/vorhang-auf-fuer-mozart-in-einzigartiger-burg-kulisse\/#breadcrumb","itemListElement":[{"@type":"ListItem","position":1,"name":"Startseite","item":"https:\/\/blog.vida.at\/pensionisten\/"},{"@type":"ListItem","position":2,"name":"Vorhang auf f\u00fcr Mozart in einzigartiger Burg-Kulisse"}]},{"@type":"WebSite","@id":"https:\/\/blog.vida.at\/pensionisten\/#website","url":"https:\/\/blog.vida.at\/pensionisten\/","name":"vida Pensionisten","description":"","potentialAction":[{"@type":"SearchAction","target":{"@type":"EntryPoint","urlTemplate":"https:\/\/blog.vida.at\/pensionisten\/?s={search_term_string}"},"query-input":{"@type":"PropertyValueSpecification","valueRequired":true,"valueName":"search_term_string"}}],"inLanguage":"de"},{"@type":"Person","@id":"https:\/\/blog.vida.at\/pensionisten\/#\/schema\/person\/2cea9cf3d58cf9334410ed5d6feb8a56","name":"michaelafeik","image":{"@type":"ImageObject","inLanguage":"de","@id":"https:\/\/secure.gravatar.com\/avatar\/03d8da787452696abe6f1e2aedabdf17f0d62a0779c9ed004162282155b35ea3?s=96&d=mm&r=g","url":"https:\/\/secure.gravatar.com\/avatar\/03d8da787452696abe6f1e2aedabdf17f0d62a0779c9ed004162282155b35ea3?s=96&d=mm&r=g","contentUrl":"https:\/\/secure.gravatar.com\/avatar\/03d8da787452696abe6f1e2aedabdf17f0d62a0779c9ed004162282155b35ea3?s=96&d=mm&r=g","caption":"michaelafeik"},"url":"https:\/\/blog.vida.at\/pensionisten\/author\/michaelafeik\/"}]}},"author_meta":{"display_name":"michaelafeik","author_link":"https:\/\/blog.vida.at\/pensionisten\/author\/michaelafeik\/"},"featured_img":"https:\/\/blog.vida.at\/pensionisten\/wp-content\/uploads\/sites\/10\/2021\/05\/burg-300x200.jpg","featured_image_src":"https:\/\/blog.vida.at\/pensionisten\/wp-content\/uploads\/sites\/10\/2021\/05\/burg-600x400.jpg","featured_image_src_square":"https:\/\/blog.vida.at\/pensionisten\/wp-content\/uploads\/sites\/10\/2021\/05\/burg-600x600.jpg","uagb_featured_image_src":{"full":["https:\/\/blog.vida.at\/pensionisten\/wp-content\/uploads\/sites\/10\/2021\/05\/burg.jpg",900,600,false],"thumbnail":["https:\/\/blog.vida.at\/pensionisten\/wp-content\/uploads\/sites\/10\/2021\/05\/burg-150x150.jpg",150,150,true],"medium":["https:\/\/blog.vida.at\/pensionisten\/wp-content\/uploads\/sites\/10\/2021\/05\/burg-300x200.jpg",300,200,true],"medium_large":["https:\/\/blog.vida.at\/pensionisten\/wp-content\/uploads\/sites\/10\/2021\/05\/burg-768x512.jpg",640,427,true],"large":["https:\/\/blog.vida.at\/pensionisten\/wp-content\/uploads\/sites\/10\/2021\/05\/burg.jpg",640,427,false],"1536x1536":["https:\/\/blog.vida.at\/pensionisten\/wp-content\/uploads\/sites\/10\/2021\/05\/burg.jpg",900,600,false],"2048x2048":["https:\/\/blog.vida.at\/pensionisten\/wp-content\/uploads\/sites\/10\/2021\/05\/burg.jpg",900,600,false],"ab-block-post-grid-landscape":["https:\/\/blog.vida.at\/pensionisten\/wp-content\/uploads\/sites\/10\/2021\/05\/burg-600x400.jpg",600,400,true],"ab-block-post-grid-square":["https:\/\/blog.vida.at\/pensionisten\/wp-content\/uploads\/sites\/10\/2021\/05\/burg-600x600.jpg",600,600,true],"post-thumbnail":["https:\/\/blog.vida.at\/pensionisten\/wp-content\/uploads\/sites\/10\/2021\/05\/burg.jpg",900,600,false],"awb_sm":["https:\/\/blog.vida.at\/pensionisten\/wp-content\/uploads\/sites\/10\/2021\/05\/burg-500x333.jpg",500,333,true],"awb_md":["https:\/\/blog.vida.at\/pensionisten\/wp-content\/uploads\/sites\/10\/2021\/05\/burg-800x533.jpg",800,533,true],"awb_lg":["https:\/\/blog.vida.at\/pensionisten\/wp-content\/uploads\/sites\/10\/2021\/05\/burg.jpg",900,600,false],"awb_xl":["https:\/\/blog.vida.at\/pensionisten\/wp-content\/uploads\/sites\/10\/2021\/05\/burg.jpg",900,600,false]},"uagb_author_info":{"display_name":"michaelafeik","author_link":"https:\/\/blog.vida.at\/pensionisten\/author\/michaelafeik\/"},"uagb_comment_info":0,"uagb_excerpt":"Kulturtipp und Gewinnspiel: Die Entf\u00fchrung aus dem Serail im Opernhaus des Waldviertels","coauthors":[],"tax_additional":{"categories":{"linked":["<a href=\"https:\/\/blog.vida.at\/pensionisten\/category\/allgemein\/\" class=\"advgb-post-tax-term\">Allgemein<\/a>"],"unlinked":["<span class=\"advgb-post-tax-term\">Allgemein<\/span>"]}},"comment_count":"0","relative_dates":{"created":"Ver\u00f6ffentlicht 5\u00a0Jahren vor","modified":"Aktualisiert 5\u00a0Jahren vor"},"absolute_dates":{"created":"Ver\u00f6ffentlicht am 14. Mai 2021","modified":"Aktualisiert am 18. August 2021"},"absolute_dates_time":{"created":"Ver\u00f6ffentlicht am 14. Mai 2021 10:21","modified":"Aktualisiert am 18. August 2021 10:38"},"featured_img_caption":"","series_order":"","_links":{"self":[{"href":"https:\/\/blog.vida.at\/pensionisten\/wp-json\/wp\/v2\/posts\/2228","targetHints":{"allow":["GET"]}}],"collection":[{"href":"https:\/\/blog.vida.at\/pensionisten\/wp-json\/wp\/v2\/posts"}],"about":[{"href":"https:\/\/blog.vida.at\/pensionisten\/wp-json\/wp\/v2\/types\/post"}],"author":[{"embeddable":true,"href":"https:\/\/blog.vida.at\/pensionisten\/wp-json\/wp\/v2\/users\/5"}],"replies":[{"embeddable":true,"href":"https:\/\/blog.vida.at\/pensionisten\/wp-json\/wp\/v2\/comments?post=2228"}],"version-history":[{"count":4,"href":"https:\/\/blog.vida.at\/pensionisten\/wp-json\/wp\/v2\/posts\/2228\/revisions"}],"predecessor-version":[{"id":2759,"href":"https:\/\/blog.vida.at\/pensionisten\/wp-json\/wp\/v2\/posts\/2228\/revisions\/2759"}],"wp:featuredmedia":[{"embeddable":true,"href":"https:\/\/blog.vida.at\/pensionisten\/wp-json\/wp\/v2\/media\/2229"}],"wp:attachment":[{"href":"https:\/\/blog.vida.at\/pensionisten\/wp-json\/wp\/v2\/media?parent=2228"}],"wp:term":[{"taxonomy":"category","embeddable":true,"href":"https:\/\/blog.vida.at\/pensionisten\/wp-json\/wp\/v2\/categories?post=2228"},{"taxonomy":"post_tag","embeddable":true,"href":"https:\/\/blog.vida.at\/pensionisten\/wp-json\/wp\/v2\/tags?post=2228"},{"taxonomy":"Orte","embeddable":true,"href":"https:\/\/blog.vida.at\/pensionisten\/wp-json\/wp\/v2\/Orte?post=2228"},{"taxonomy":"activitytype","embeddable":true,"href":"https:\/\/blog.vida.at\/pensionisten\/wp-json\/wp\/v2\/activitytype?post=2228"}],"curies":[{"name":"wp","href":"https:\/\/api.w.org\/{rel}","templated":true}]}}