
{"id":2506,"date":"2021-07-06T10:52:23","date_gmt":"2021-07-06T08:52:23","guid":{"rendered":"https:\/\/blog.vida.at\/pensionisten\/?p=2506"},"modified":"2021-07-08T12:06:24","modified_gmt":"2021-07-08T10:06:24","slug":"tagesausflug","status":"publish","type":"post","link":"https:\/\/blog.vida.at\/pensionisten\/2021\/07\/06\/tagesausflug\/","title":{"rendered":"Tagesausflug"},"content":{"rendered":"\n<div class=\"wp-block-group Container\"><div class=\"wp-block-group__inner-container is-layout-flow wp-block-group-is-layout-flow\">\n<h4 class=\"wp-block-heading\">OG W\u00f6rgl<\/h4>\n\n\n\n<br>\n\n\n\n<p>Tagesfahrt nach S\u00fcdtirol. <\/p>\n\n\n\n<br>\n\n\n\n<!--more-->\n\n\n\n<p>Mit 25. Mai war es endlich soweit: Die PensionistInnen der vida-Ortsgruppe&nbsp;W\u00f6rgl&nbsp;unternahmen nach langer Zeit der Entbehrung wieder einen Ausflug. Diesmal stand S\u00fcdtirol auf dem Programm des Tagesausfluges, hervorragend organisiert vom Ortsgruppenobmann Helmut Pangrazzi sowie von Gerhard Riedmann, Inhaber von Riedmann Reisen Wildsch\u00f6nau. Gerhard Riedmann chauffierte den Bus auch selbst und wusste der Strecke entlang viel Interessantes zu erz\u00e4hlen.<\/p>\n\n\n\n<p><\/p>\n\n\n\n<p>Die Fahrt ging von&nbsp;W\u00f6rgl&nbsp;aus \u00fcber den Brenner nach Klausen, wo eine Fr\u00fchst\u00fcckspause eingelegt wurde. Dann fuhr man \u00fcber die Dolomitenstra\u00dfe hinauf auf den Sella Pass und weiter zum Pordoi Pass auf einer H\u00f6he von 2239 Meter. Dort wurde im Hotel Savoia die Mittagsrast eingelegt, wobei bei dem Einen oder der Anderen das Mittagsessen eher sp\u00e4rlich ausfiel, da die vielen Kurven noch immer ihre Wirkung zeigten. Zudem zeigte sich der Wettergott von allen Seiten: Bei unserer Ankunft regnete es, gefolgt von dichtem Schneefall. Zum Fototermin nach dem Mittagsmahl strahlte wieder die Sonne vom Himmel. Nach dem Mittagsessen f\u00fchrte unser Weg \u00fcber Arabba und dem Campolongo Pass nach Bruneck und weiter nach Sterzing,  wo wir eine Kaffeepause eingelegten., und die Ausfl\u00fcgler Zeit hatten die Ortschaft zu erkunden und so manches S\u00fcdtiroler Schmankerl einzukaufen. &nbsp;Das bei herrlichem Sonnenschein. Nach dem einen oder anderen guten Glas &#8222;S\u00fcdtiroler Reatn&#8220; ging es gut gelaunt wieder in Richtung Brenner und \u00fcber die Inntalautoban zur\u00fcck nach&nbsp;W\u00f6rgl&nbsp;zum Ausgangspunkt des wunderbaren Ausfluges.<\/p>\n\n\n\n<p><\/p>\n\n\n\n<figure class=\"wp-block-gallery columns-3 is-cropped wp-block-gallery-1\"><ul class=\"blocks-gallery-grid\"><li class=\"blocks-gallery-item\"><figure><img loading=\"lazy\" decoding=\"async\" width=\"768\" height=\"1024\" src=\"https:\/\/blog.vida.at\/pensionisten\/wp-content\/uploads\/sites\/10\/2021\/07\/P1050230-768x1024.jpg\" alt=\"\" data-id=\"2507\" data-full-url=\"https:\/\/blog.vida.at\/pensionisten\/wp-content\/uploads\/sites\/10\/2021\/07\/P1050230.jpg\" data-link=\"https:\/\/blog.vida.at\/pensionisten\/?attachment_id=2507\" class=\"wp-image-2507\" srcset=\"https:\/\/blog.vida.at\/pensionisten\/wp-content\/uploads\/sites\/10\/2021\/07\/P1050230-768x1024.jpg 768w, https:\/\/blog.vida.at\/pensionisten\/wp-content\/uploads\/sites\/10\/2021\/07\/P1050230-225x300.jpg 225w, https:\/\/blog.vida.at\/pensionisten\/wp-content\/uploads\/sites\/10\/2021\/07\/P1050230-1152x1536.jpg 1152w, https:\/\/blog.vida.at\/pensionisten\/wp-content\/uploads\/sites\/10\/2021\/07\/P1050230-500x667.jpg 500w, https:\/\/blog.vida.at\/pensionisten\/wp-content\/uploads\/sites\/10\/2021\/07\/P1050230-800x1067.jpg 800w, https:\/\/blog.vida.at\/pensionisten\/wp-content\/uploads\/sites\/10\/2021\/07\/P1050230.jpg 1260w\" sizes=\"auto, (max-width: 768px) 100vw, 768px\" \/><\/figure><\/li><li class=\"blocks-gallery-item\"><figure><img loading=\"lazy\" decoding=\"async\" width=\"1024\" height=\"768\" src=\"https:\/\/blog.vida.at\/pensionisten\/wp-content\/uploads\/sites\/10\/2021\/07\/P1050248-1024x768.jpg\" alt=\"\" data-id=\"2508\" data-full-url=\"https:\/\/blog.vida.at\/pensionisten\/wp-content\/uploads\/sites\/10\/2021\/07\/P1050248.jpg\" data-link=\"https:\/\/blog.vida.at\/pensionisten\/?attachment_id=2508\" class=\"wp-image-2508\" srcset=\"https:\/\/blog.vida.at\/pensionisten\/wp-content\/uploads\/sites\/10\/2021\/07\/P1050248-1024x768.jpg 1024w, https:\/\/blog.vida.at\/pensionisten\/wp-content\/uploads\/sites\/10\/2021\/07\/P1050248-300x225.jpg 300w, https:\/\/blog.vida.at\/pensionisten\/wp-content\/uploads\/sites\/10\/2021\/07\/P1050248-768x576.jpg 768w, https:\/\/blog.vida.at\/pensionisten\/wp-content\/uploads\/sites\/10\/2021\/07\/P1050248-500x375.jpg 500w, https:\/\/blog.vida.at\/pensionisten\/wp-content\/uploads\/sites\/10\/2021\/07\/P1050248-800x600.jpg 800w, https:\/\/blog.vida.at\/pensionisten\/wp-content\/uploads\/sites\/10\/2021\/07\/P1050248.jpg 1200w\" sizes=\"auto, (max-width: 1024px) 100vw, 1024px\" \/><\/figure><\/li><li class=\"blocks-gallery-item\"><figure><img loading=\"lazy\" decoding=\"async\" width=\"1024\" height=\"768\" src=\"https:\/\/blog.vida.at\/pensionisten\/wp-content\/uploads\/sites\/10\/2021\/07\/P1050250-1024x768.jpg\" alt=\"\" data-id=\"2509\" data-full-url=\"https:\/\/blog.vida.at\/pensionisten\/wp-content\/uploads\/sites\/10\/2021\/07\/P1050250.jpg\" data-link=\"https:\/\/blog.vida.at\/pensionisten\/?attachment_id=2509\" class=\"wp-image-2509\" srcset=\"https:\/\/blog.vida.at\/pensionisten\/wp-content\/uploads\/sites\/10\/2021\/07\/P1050250-1024x768.jpg 1024w, https:\/\/blog.vida.at\/pensionisten\/wp-content\/uploads\/sites\/10\/2021\/07\/P1050250-300x225.jpg 300w, https:\/\/blog.vida.at\/pensionisten\/wp-content\/uploads\/sites\/10\/2021\/07\/P1050250-768x576.jpg 768w, https:\/\/blog.vida.at\/pensionisten\/wp-content\/uploads\/sites\/10\/2021\/07\/P1050250-500x375.jpg 500w, https:\/\/blog.vida.at\/pensionisten\/wp-content\/uploads\/sites\/10\/2021\/07\/P1050250-800x600.jpg 800w, https:\/\/blog.vida.at\/pensionisten\/wp-content\/uploads\/sites\/10\/2021\/07\/P1050250.jpg 1200w\" sizes=\"auto, (max-width: 1024px) 100vw, 1024px\" \/><\/figure><\/li><li class=\"blocks-gallery-item\"><figure><img loading=\"lazy\" decoding=\"async\" width=\"1024\" height=\"768\" src=\"https:\/\/blog.vida.at\/pensionisten\/wp-content\/uploads\/sites\/10\/2021\/07\/P1050253-1024x768.jpg\" alt=\"\" data-id=\"2510\" data-full-url=\"https:\/\/blog.vida.at\/pensionisten\/wp-content\/uploads\/sites\/10\/2021\/07\/P1050253.jpg\" data-link=\"https:\/\/blog.vida.at\/pensionisten\/?attachment_id=2510\" class=\"wp-image-2510\" srcset=\"https:\/\/blog.vida.at\/pensionisten\/wp-content\/uploads\/sites\/10\/2021\/07\/P1050253-1024x768.jpg 1024w, https:\/\/blog.vida.at\/pensionisten\/wp-content\/uploads\/sites\/10\/2021\/07\/P1050253-300x225.jpg 300w, https:\/\/blog.vida.at\/pensionisten\/wp-content\/uploads\/sites\/10\/2021\/07\/P1050253-768x576.jpg 768w, https:\/\/blog.vida.at\/pensionisten\/wp-content\/uploads\/sites\/10\/2021\/07\/P1050253-500x375.jpg 500w, https:\/\/blog.vida.at\/pensionisten\/wp-content\/uploads\/sites\/10\/2021\/07\/P1050253-800x600.jpg 800w, https:\/\/blog.vida.at\/pensionisten\/wp-content\/uploads\/sites\/10\/2021\/07\/P1050253.jpg 1200w\" sizes=\"auto, (max-width: 1024px) 100vw, 1024px\" \/><\/figure><\/li><li class=\"blocks-gallery-item\"><figure><img loading=\"lazy\" decoding=\"async\" width=\"1024\" height=\"768\" src=\"https:\/\/blog.vida.at\/pensionisten\/wp-content\/uploads\/sites\/10\/2021\/07\/P1050269-1024x768.jpg\" alt=\"\" data-id=\"2511\" data-full-url=\"https:\/\/blog.vida.at\/pensionisten\/wp-content\/uploads\/sites\/10\/2021\/07\/P1050269.jpg\" data-link=\"https:\/\/blog.vida.at\/pensionisten\/?attachment_id=2511\" class=\"wp-image-2511\" srcset=\"https:\/\/blog.vida.at\/pensionisten\/wp-content\/uploads\/sites\/10\/2021\/07\/P1050269-1024x768.jpg 1024w, https:\/\/blog.vida.at\/pensionisten\/wp-content\/uploads\/sites\/10\/2021\/07\/P1050269-300x225.jpg 300w, https:\/\/blog.vida.at\/pensionisten\/wp-content\/uploads\/sites\/10\/2021\/07\/P1050269-768x576.jpg 768w, https:\/\/blog.vida.at\/pensionisten\/wp-content\/uploads\/sites\/10\/2021\/07\/P1050269-500x375.jpg 500w, https:\/\/blog.vida.at\/pensionisten\/wp-content\/uploads\/sites\/10\/2021\/07\/P1050269-800x600.jpg 800w, https:\/\/blog.vida.at\/pensionisten\/wp-content\/uploads\/sites\/10\/2021\/07\/P1050269.jpg 1200w\" sizes=\"auto, (max-width: 1024px) 100vw, 1024px\" \/><\/figure><\/li><li class=\"blocks-gallery-item\"><figure><img loading=\"lazy\" decoding=\"async\" width=\"1024\" height=\"768\" src=\"https:\/\/blog.vida.at\/pensionisten\/wp-content\/uploads\/sites\/10\/2021\/07\/P1050295-1024x768.jpg\" alt=\"\" data-id=\"2512\" data-full-url=\"https:\/\/blog.vida.at\/pensionisten\/wp-content\/uploads\/sites\/10\/2021\/07\/P1050295.jpg\" data-link=\"https:\/\/blog.vida.at\/pensionisten\/?attachment_id=2512\" class=\"wp-image-2512\" srcset=\"https:\/\/blog.vida.at\/pensionisten\/wp-content\/uploads\/sites\/10\/2021\/07\/P1050295-1024x768.jpg 1024w, https:\/\/blog.vida.at\/pensionisten\/wp-content\/uploads\/sites\/10\/2021\/07\/P1050295-300x225.jpg 300w, https:\/\/blog.vida.at\/pensionisten\/wp-content\/uploads\/sites\/10\/2021\/07\/P1050295-768x576.jpg 768w, https:\/\/blog.vida.at\/pensionisten\/wp-content\/uploads\/sites\/10\/2021\/07\/P1050295-500x375.jpg 500w, https:\/\/blog.vida.at\/pensionisten\/wp-content\/uploads\/sites\/10\/2021\/07\/P1050295-800x600.jpg 800w, https:\/\/blog.vida.at\/pensionisten\/wp-content\/uploads\/sites\/10\/2021\/07\/P1050295.jpg 1200w\" sizes=\"auto, (max-width: 1024px) 100vw, 1024px\" \/><\/figure><\/li><li class=\"blocks-gallery-item\"><figure><img loading=\"lazy\" decoding=\"async\" width=\"1024\" height=\"768\" src=\"https:\/\/blog.vida.at\/pensionisten\/wp-content\/uploads\/sites\/10\/2021\/07\/P1050296-1024x768.jpg\" alt=\"\" data-id=\"2513\" data-full-url=\"https:\/\/blog.vida.at\/pensionisten\/wp-content\/uploads\/sites\/10\/2021\/07\/P1050296.jpg\" data-link=\"https:\/\/blog.vida.at\/pensionisten\/?attachment_id=2513\" class=\"wp-image-2513 is-layout-flex wp-block-gallery-is-layout-flex\" srcset=\"https:\/\/blog.vida.at\/pensionisten\/wp-content\/uploads\/sites\/10\/2021\/07\/P1050296-1024x768.jpg 1024w, https:\/\/blog.vida.at\/pensionisten\/wp-content\/uploads\/sites\/10\/2021\/07\/P1050296-300x225.jpg 300w, https:\/\/blog.vida.at\/pensionisten\/wp-content\/uploads\/sites\/10\/2021\/07\/P1050296-768x576.jpg 768w, https:\/\/blog.vida.at\/pensionisten\/wp-content\/uploads\/sites\/10\/2021\/07\/P1050296-500x375.jpg 500w, https:\/\/blog.vida.at\/pensionisten\/wp-content\/uploads\/sites\/10\/2021\/07\/P1050296-800x600.jpg 800w, https:\/\/blog.vida.at\/pensionisten\/wp-content\/uploads\/sites\/10\/2021\/07\/P1050296.jpg 1200w\" sizes=\"auto, (max-width: 1024px) 100vw, 1024px\" \/><\/figure><\/li><\/ul><\/figure>\n<\/div><\/div>\n\n\n\n<p><\/p>\n\n\n\n<p><\/p>\n","protected":false},"excerpt":{"rendered":"<p>OG W\u00f6rgl Tagesfahrt nach S\u00fcdtirol.<\/p>\n","protected":false},"author":5,"featured_media":2562,"comment_status":"open","ping_status":"open","sticky":false,"template":"","format":"standard","meta":{"_uag_custom_page_level_css":"","advgb_blocks_editor_width":"","advgb_blocks_columns_visual_guide":"","footnotes":""},"categories":[49],"tags":[],"Orte":[],"activitytype":[],"class_list":["post-2506","post","type-post","status-publish","format-standard","has-post-thumbnail","hentry","category-ortsgruppen","entry"],"featured_image_urls":{"full":["https:\/\/blog.vida.at\/pensionisten\/wp-content\/uploads\/sites\/10\/2021\/07\/P1050269.jpgxxx.jpg",1198,799,false],"thumbnail":["https:\/\/blog.vida.at\/pensionisten\/wp-content\/uploads\/sites\/10\/2021\/07\/P1050269.jpgxxx-150x150.jpg",150,150,true],"medium":["https:\/\/blog.vida.at\/pensionisten\/wp-content\/uploads\/sites\/10\/2021\/07\/P1050269.jpgxxx-300x200.jpg",300,200,true],"medium_large":["https:\/\/blog.vida.at\/pensionisten\/wp-content\/uploads\/sites\/10\/2021\/07\/P1050269.jpgxxx-768x512.jpg",640,427,true],"large":["https:\/\/blog.vida.at\/pensionisten\/wp-content\/uploads\/sites\/10\/2021\/07\/P1050269.jpgxxx-1024x683.jpg",640,427,true],"1536x1536":["https:\/\/blog.vida.at\/pensionisten\/wp-content\/uploads\/sites\/10\/2021\/07\/P1050269.jpgxxx.jpg",1198,799,false],"2048x2048":["https:\/\/blog.vida.at\/pensionisten\/wp-content\/uploads\/sites\/10\/2021\/07\/P1050269.jpgxxx.jpg",1198,799,false],"ab-block-post-grid-landscape":["https:\/\/blog.vida.at\/pensionisten\/wp-content\/uploads\/sites\/10\/2021\/07\/P1050269.jpgxxx-600x400.jpg",600,400,true],"ab-block-post-grid-square":["https:\/\/blog.vida.at\/pensionisten\/wp-content\/uploads\/sites\/10\/2021\/07\/P1050269.jpgxxx-600x600.jpg",600,600,true],"post-thumbnail":["https:\/\/blog.vida.at\/pensionisten\/wp-content\/uploads\/sites\/10\/2021\/07\/P1050269.jpgxxx.jpg",1198,799,false],"awb_sm":["https:\/\/blog.vida.at\/pensionisten\/wp-content\/uploads\/sites\/10\/2021\/07\/P1050269.jpgxxx-500x333.jpg",500,333,true],"awb_md":["https:\/\/blog.vida.at\/pensionisten\/wp-content\/uploads\/sites\/10\/2021\/07\/P1050269.jpgxxx-800x534.jpg",800,534,true],"awb_lg":["https:\/\/blog.vida.at\/pensionisten\/wp-content\/uploads\/sites\/10\/2021\/07\/P1050269.jpgxxx.jpg",1198,799,false],"awb_xl":["https:\/\/blog.vida.at\/pensionisten\/wp-content\/uploads\/sites\/10\/2021\/07\/P1050269.jpgxxx.jpg",1198,799,false]},"post_excerpt_stackable":"<p>OG W\u00f6rgl Tagesfahrt nach S\u00fcdtirol. Mit 25. Mai war es endlich soweit: Die PensionistInnen der vida-Ortsgruppe&nbsp;W\u00f6rgl&nbsp;unternahmen nach langer Zeit der Entbehrung wieder einen Ausflug. Diesmal stand S\u00fcdtirol auf dem Programm des Tagesausfluges, hervorragend organisiert vom Ortsgruppenobmann Helmut Pangrazzi sowie von Gerhard Riedmann, Inhaber von Riedmann Reisen Wildsch\u00f6nau. Gerhard Riedmann chauffierte den Bus auch selbst und wusste der Strecke entlang viel Interessantes zu erz\u00e4hlen. Die Fahrt ging von&nbsp;W\u00f6rgl&nbsp;aus \u00fcber den Brenner nach Klausen, wo eine Fr\u00fchst\u00fcckspause eingelegt wurde. Dann fuhr man \u00fcber die Dolomitenstra\u00dfe hinauf auf den Sella Pass und weiter zum Pordoi Pass auf einer H\u00f6he von 2239 Meter. Dort&hellip;<\/p>\n","category_list":"<a href=\"https:\/\/blog.vida.at\/pensionisten\/category\/ortsgruppen\/\" rel=\"category tag\">Ortsgruppen<\/a>","author_info":{"display_name":"michaelafeik","author_link":"https:\/\/blog.vida.at\/pensionisten\/author\/michaelafeik\/"},"comments_num":"0 comments","featured_image_urls_v2":{"full":["https:\/\/blog.vida.at\/pensionisten\/wp-content\/uploads\/sites\/10\/2021\/07\/P1050269.jpgxxx.jpg",1198,799,false],"thumbnail":["https:\/\/blog.vida.at\/pensionisten\/wp-content\/uploads\/sites\/10\/2021\/07\/P1050269.jpgxxx-150x150.jpg",150,150,true],"medium":["https:\/\/blog.vida.at\/pensionisten\/wp-content\/uploads\/sites\/10\/2021\/07\/P1050269.jpgxxx-300x200.jpg",300,200,true],"medium_large":["https:\/\/blog.vida.at\/pensionisten\/wp-content\/uploads\/sites\/10\/2021\/07\/P1050269.jpgxxx-768x512.jpg",640,427,true],"large":["https:\/\/blog.vida.at\/pensionisten\/wp-content\/uploads\/sites\/10\/2021\/07\/P1050269.jpgxxx-1024x683.jpg",640,427,true],"1536x1536":["https:\/\/blog.vida.at\/pensionisten\/wp-content\/uploads\/sites\/10\/2021\/07\/P1050269.jpgxxx.jpg",1198,799,false],"2048x2048":["https:\/\/blog.vida.at\/pensionisten\/wp-content\/uploads\/sites\/10\/2021\/07\/P1050269.jpgxxx.jpg",1198,799,false],"ab-block-post-grid-landscape":["https:\/\/blog.vida.at\/pensionisten\/wp-content\/uploads\/sites\/10\/2021\/07\/P1050269.jpgxxx-600x400.jpg",600,400,true],"ab-block-post-grid-square":["https:\/\/blog.vida.at\/pensionisten\/wp-content\/uploads\/sites\/10\/2021\/07\/P1050269.jpgxxx-600x600.jpg",600,600,true],"post-thumbnail":["https:\/\/blog.vida.at\/pensionisten\/wp-content\/uploads\/sites\/10\/2021\/07\/P1050269.jpgxxx.jpg",1198,799,false],"awb_sm":["https:\/\/blog.vida.at\/pensionisten\/wp-content\/uploads\/sites\/10\/2021\/07\/P1050269.jpgxxx-500x333.jpg",500,333,true],"awb_md":["https:\/\/blog.vida.at\/pensionisten\/wp-content\/uploads\/sites\/10\/2021\/07\/P1050269.jpgxxx-800x534.jpg",800,534,true],"awb_lg":["https:\/\/blog.vida.at\/pensionisten\/wp-content\/uploads\/sites\/10\/2021\/07\/P1050269.jpgxxx.jpg",1198,799,false],"awb_xl":["https:\/\/blog.vida.at\/pensionisten\/wp-content\/uploads\/sites\/10\/2021\/07\/P1050269.jpgxxx.jpg",1198,799,false]},"post_excerpt_stackable_v2":"<p>OG W\u00f6rgl Tagesfahrt nach S\u00fcdtirol. Mit 25. Mai war es endlich soweit: Die PensionistInnen der vida-Ortsgruppe&nbsp;W\u00f6rgl&nbsp;unternahmen nach langer Zeit der Entbehrung wieder einen Ausflug. Diesmal stand S\u00fcdtirol auf dem Programm des Tagesausfluges, hervorragend organisiert vom Ortsgruppenobmann Helmut Pangrazzi sowie von Gerhard Riedmann, Inhaber von Riedmann Reisen Wildsch\u00f6nau. Gerhard Riedmann chauffierte den Bus auch selbst und wusste der Strecke entlang viel Interessantes zu erz\u00e4hlen. Die Fahrt ging von&nbsp;W\u00f6rgl&nbsp;aus \u00fcber den Brenner nach Klausen, wo eine Fr\u00fchst\u00fcckspause eingelegt wurde. Dann fuhr man \u00fcber die Dolomitenstra\u00dfe hinauf auf den Sella Pass und weiter zum Pordoi Pass auf einer H\u00f6he von 2239 Meter. Dort&hellip;<\/p>\n","category_list_v2":"<a href=\"https:\/\/blog.vida.at\/pensionisten\/category\/ortsgruppen\/\" rel=\"category tag\">Ortsgruppen<\/a>","author_info_v2":{"name":"michaelafeik","url":"https:\/\/blog.vida.at\/pensionisten\/author\/michaelafeik\/"},"comments_num_v2":"0 comments","yoast_head":"<!-- This site is optimized with the Yoast SEO plugin v27.3 - https:\/\/yoast.com\/product\/yoast-seo-wordpress\/ -->\n<title>Tagesausflug<\/title>\n<meta name=\"robots\" content=\"index, follow, max-snippet:-1, max-image-preview:large, max-video-preview:-1\" \/>\n<link rel=\"canonical\" href=\"https:\/\/blog.vida.at\/pensionisten\/2021\/07\/06\/tagesausflug\/\" \/>\n<meta property=\"og:locale\" content=\"de_DE\" \/>\n<meta property=\"og:type\" content=\"article\" \/>\n<meta property=\"og:title\" content=\"Tagesausflug\" \/>\n<meta property=\"og:description\" content=\"OG W\u00f6rgl Tagesfahrt nach S\u00fcdtirol.\" \/>\n<meta property=\"og:url\" content=\"https:\/\/blog.vida.at\/pensionisten\/2021\/07\/06\/tagesausflug\/\" \/>\n<meta property=\"og:site_name\" content=\"vida Pensionisten\" \/>\n<meta property=\"article:published_time\" content=\"2021-07-06T08:52:23+00:00\" \/>\n<meta property=\"article:modified_time\" content=\"2021-07-08T10:06:24+00:00\" \/>\n<meta property=\"og:image\" content=\"https:\/\/blog.vida.at\/pensionisten\/wp-content\/uploads\/sites\/10\/2021\/07\/P1050269.jpgxxx.jpg\" \/>\n\t<meta property=\"og:image:width\" content=\"1198\" \/>\n\t<meta property=\"og:image:height\" content=\"799\" \/>\n\t<meta property=\"og:image:type\" content=\"image\/jpeg\" \/>\n<meta name=\"author\" content=\"michaelafeik\" \/>\n<meta name=\"twitter:card\" content=\"summary_large_image\" \/>\n<meta name=\"twitter:label1\" content=\"Verfasst von\" \/>\n\t<meta name=\"twitter:data1\" content=\"michaelafeik\" \/>\n\t<meta name=\"twitter:label2\" content=\"Gesch\u00e4tzte Lesezeit\" \/>\n\t<meta name=\"twitter:data2\" content=\"3\u00a0Minuten\" \/>\n<script type=\"application\/ld+json\" class=\"yoast-schema-graph\">{\"@context\":\"https:\\\/\\\/schema.org\",\"@graph\":[{\"@type\":\"Article\",\"@id\":\"https:\\\/\\\/blog.vida.at\\\/pensionisten\\\/2021\\\/07\\\/06\\\/tagesausflug\\\/#article\",\"isPartOf\":{\"@id\":\"https:\\\/\\\/blog.vida.at\\\/pensionisten\\\/2021\\\/07\\\/06\\\/tagesausflug\\\/\"},\"author\":{\"name\":\"michaelafeik\",\"@id\":\"https:\\\/\\\/blog.vida.at\\\/pensionisten\\\/#\\\/schema\\\/person\\\/2cea9cf3d58cf9334410ed5d6feb8a56\"},\"headline\":\"Tagesausflug\",\"datePublished\":\"2021-07-06T08:52:23+00:00\",\"dateModified\":\"2021-07-08T10:06:24+00:00\",\"mainEntityOfPage\":{\"@id\":\"https:\\\/\\\/blog.vida.at\\\/pensionisten\\\/2021\\\/07\\\/06\\\/tagesausflug\\\/\"},\"wordCount\":255,\"commentCount\":0,\"image\":{\"@id\":\"https:\\\/\\\/blog.vida.at\\\/pensionisten\\\/2021\\\/07\\\/06\\\/tagesausflug\\\/#primaryimage\"},\"thumbnailUrl\":\"https:\\\/\\\/blog.vida.at\\\/pensionisten\\\/wp-content\\\/uploads\\\/sites\\\/10\\\/2021\\\/07\\\/P1050269.jpgxxx.jpg\",\"articleSection\":[\"Ortsgruppen\"],\"inLanguage\":\"de\",\"potentialAction\":[{\"@type\":\"CommentAction\",\"name\":\"Comment\",\"target\":[\"https:\\\/\\\/blog.vida.at\\\/pensionisten\\\/2021\\\/07\\\/06\\\/tagesausflug\\\/#respond\"]}]},{\"@type\":\"WebPage\",\"@id\":\"https:\\\/\\\/blog.vida.at\\\/pensionisten\\\/2021\\\/07\\\/06\\\/tagesausflug\\\/\",\"url\":\"https:\\\/\\\/blog.vida.at\\\/pensionisten\\\/2021\\\/07\\\/06\\\/tagesausflug\\\/\",\"name\":\"Tagesausflug\",\"isPartOf\":{\"@id\":\"https:\\\/\\\/blog.vida.at\\\/pensionisten\\\/#website\"},\"primaryImageOfPage\":{\"@id\":\"https:\\\/\\\/blog.vida.at\\\/pensionisten\\\/2021\\\/07\\\/06\\\/tagesausflug\\\/#primaryimage\"},\"image\":{\"@id\":\"https:\\\/\\\/blog.vida.at\\\/pensionisten\\\/2021\\\/07\\\/06\\\/tagesausflug\\\/#primaryimage\"},\"thumbnailUrl\":\"https:\\\/\\\/blog.vida.at\\\/pensionisten\\\/wp-content\\\/uploads\\\/sites\\\/10\\\/2021\\\/07\\\/P1050269.jpgxxx.jpg\",\"datePublished\":\"2021-07-06T08:52:23+00:00\",\"dateModified\":\"2021-07-08T10:06:24+00:00\",\"author\":{\"@id\":\"https:\\\/\\\/blog.vida.at\\\/pensionisten\\\/#\\\/schema\\\/person\\\/2cea9cf3d58cf9334410ed5d6feb8a56\"},\"breadcrumb\":{\"@id\":\"https:\\\/\\\/blog.vida.at\\\/pensionisten\\\/2021\\\/07\\\/06\\\/tagesausflug\\\/#breadcrumb\"},\"inLanguage\":\"de\",\"potentialAction\":[{\"@type\":\"ReadAction\",\"target\":[\"https:\\\/\\\/blog.vida.at\\\/pensionisten\\\/2021\\\/07\\\/06\\\/tagesausflug\\\/\"]}]},{\"@type\":\"ImageObject\",\"inLanguage\":\"de\",\"@id\":\"https:\\\/\\\/blog.vida.at\\\/pensionisten\\\/2021\\\/07\\\/06\\\/tagesausflug\\\/#primaryimage\",\"url\":\"https:\\\/\\\/blog.vida.at\\\/pensionisten\\\/wp-content\\\/uploads\\\/sites\\\/10\\\/2021\\\/07\\\/P1050269.jpgxxx.jpg\",\"contentUrl\":\"https:\\\/\\\/blog.vida.at\\\/pensionisten\\\/wp-content\\\/uploads\\\/sites\\\/10\\\/2021\\\/07\\\/P1050269.jpgxxx.jpg\",\"width\":1198,\"height\":799},{\"@type\":\"BreadcrumbList\",\"@id\":\"https:\\\/\\\/blog.vida.at\\\/pensionisten\\\/2021\\\/07\\\/06\\\/tagesausflug\\\/#breadcrumb\",\"itemListElement\":[{\"@type\":\"ListItem\",\"position\":1,\"name\":\"Startseite\",\"item\":\"https:\\\/\\\/blog.vida.at\\\/pensionisten\\\/\"},{\"@type\":\"ListItem\",\"position\":2,\"name\":\"Tagesausflug\"}]},{\"@type\":\"WebSite\",\"@id\":\"https:\\\/\\\/blog.vida.at\\\/pensionisten\\\/#website\",\"url\":\"https:\\\/\\\/blog.vida.at\\\/pensionisten\\\/\",\"name\":\"vida Pensionisten\",\"description\":\"\",\"potentialAction\":[{\"@type\":\"SearchAction\",\"target\":{\"@type\":\"EntryPoint\",\"urlTemplate\":\"https:\\\/\\\/blog.vida.at\\\/pensionisten\\\/?s={search_term_string}\"},\"query-input\":{\"@type\":\"PropertyValueSpecification\",\"valueRequired\":true,\"valueName\":\"search_term_string\"}}],\"inLanguage\":\"de\"},{\"@type\":\"Person\",\"@id\":\"https:\\\/\\\/blog.vida.at\\\/pensionisten\\\/#\\\/schema\\\/person\\\/2cea9cf3d58cf9334410ed5d6feb8a56\",\"name\":\"michaelafeik\",\"image\":{\"@type\":\"ImageObject\",\"inLanguage\":\"de\",\"@id\":\"https:\\\/\\\/secure.gravatar.com\\\/avatar\\\/03d8da787452696abe6f1e2aedabdf17f0d62a0779c9ed004162282155b35ea3?s=96&d=mm&r=g\",\"url\":\"https:\\\/\\\/secure.gravatar.com\\\/avatar\\\/03d8da787452696abe6f1e2aedabdf17f0d62a0779c9ed004162282155b35ea3?s=96&d=mm&r=g\",\"contentUrl\":\"https:\\\/\\\/secure.gravatar.com\\\/avatar\\\/03d8da787452696abe6f1e2aedabdf17f0d62a0779c9ed004162282155b35ea3?s=96&d=mm&r=g\",\"caption\":\"michaelafeik\"},\"url\":\"https:\\\/\\\/blog.vida.at\\\/pensionisten\\\/author\\\/michaelafeik\\\/\"}]}<\/script>\n<!-- \/ Yoast SEO plugin. -->","yoast_head_json":{"title":"Tagesausflug","robots":{"index":"index","follow":"follow","max-snippet":"max-snippet:-1","max-image-preview":"max-image-preview:large","max-video-preview":"max-video-preview:-1"},"canonical":"https:\/\/blog.vida.at\/pensionisten\/2021\/07\/06\/tagesausflug\/","og_locale":"de_DE","og_type":"article","og_title":"Tagesausflug","og_description":"OG W\u00f6rgl Tagesfahrt nach S\u00fcdtirol.","og_url":"https:\/\/blog.vida.at\/pensionisten\/2021\/07\/06\/tagesausflug\/","og_site_name":"vida Pensionisten","article_published_time":"2021-07-06T08:52:23+00:00","article_modified_time":"2021-07-08T10:06:24+00:00","og_image":[{"width":1198,"height":799,"url":"https:\/\/blog.vida.at\/pensionisten\/wp-content\/uploads\/sites\/10\/2021\/07\/P1050269.jpgxxx.jpg","type":"image\/jpeg"}],"author":"michaelafeik","twitter_card":"summary_large_image","twitter_misc":{"Verfasst von":"michaelafeik","Gesch\u00e4tzte Lesezeit":"3\u00a0Minuten"},"schema":{"@context":"https:\/\/schema.org","@graph":[{"@type":"Article","@id":"https:\/\/blog.vida.at\/pensionisten\/2021\/07\/06\/tagesausflug\/#article","isPartOf":{"@id":"https:\/\/blog.vida.at\/pensionisten\/2021\/07\/06\/tagesausflug\/"},"author":{"name":"michaelafeik","@id":"https:\/\/blog.vida.at\/pensionisten\/#\/schema\/person\/2cea9cf3d58cf9334410ed5d6feb8a56"},"headline":"Tagesausflug","datePublished":"2021-07-06T08:52:23+00:00","dateModified":"2021-07-08T10:06:24+00:00","mainEntityOfPage":{"@id":"https:\/\/blog.vida.at\/pensionisten\/2021\/07\/06\/tagesausflug\/"},"wordCount":255,"commentCount":0,"image":{"@id":"https:\/\/blog.vida.at\/pensionisten\/2021\/07\/06\/tagesausflug\/#primaryimage"},"thumbnailUrl":"https:\/\/blog.vida.at\/pensionisten\/wp-content\/uploads\/sites\/10\/2021\/07\/P1050269.jpgxxx.jpg","articleSection":["Ortsgruppen"],"inLanguage":"de","potentialAction":[{"@type":"CommentAction","name":"Comment","target":["https:\/\/blog.vida.at\/pensionisten\/2021\/07\/06\/tagesausflug\/#respond"]}]},{"@type":"WebPage","@id":"https:\/\/blog.vida.at\/pensionisten\/2021\/07\/06\/tagesausflug\/","url":"https:\/\/blog.vida.at\/pensionisten\/2021\/07\/06\/tagesausflug\/","name":"Tagesausflug","isPartOf":{"@id":"https:\/\/blog.vida.at\/pensionisten\/#website"},"primaryImageOfPage":{"@id":"https:\/\/blog.vida.at\/pensionisten\/2021\/07\/06\/tagesausflug\/#primaryimage"},"image":{"@id":"https:\/\/blog.vida.at\/pensionisten\/2021\/07\/06\/tagesausflug\/#primaryimage"},"thumbnailUrl":"https:\/\/blog.vida.at\/pensionisten\/wp-content\/uploads\/sites\/10\/2021\/07\/P1050269.jpgxxx.jpg","datePublished":"2021-07-06T08:52:23+00:00","dateModified":"2021-07-08T10:06:24+00:00","author":{"@id":"https:\/\/blog.vida.at\/pensionisten\/#\/schema\/person\/2cea9cf3d58cf9334410ed5d6feb8a56"},"breadcrumb":{"@id":"https:\/\/blog.vida.at\/pensionisten\/2021\/07\/06\/tagesausflug\/#breadcrumb"},"inLanguage":"de","potentialAction":[{"@type":"ReadAction","target":["https:\/\/blog.vida.at\/pensionisten\/2021\/07\/06\/tagesausflug\/"]}]},{"@type":"ImageObject","inLanguage":"de","@id":"https:\/\/blog.vida.at\/pensionisten\/2021\/07\/06\/tagesausflug\/#primaryimage","url":"https:\/\/blog.vida.at\/pensionisten\/wp-content\/uploads\/sites\/10\/2021\/07\/P1050269.jpgxxx.jpg","contentUrl":"https:\/\/blog.vida.at\/pensionisten\/wp-content\/uploads\/sites\/10\/2021\/07\/P1050269.jpgxxx.jpg","width":1198,"height":799},{"@type":"BreadcrumbList","@id":"https:\/\/blog.vida.at\/pensionisten\/2021\/07\/06\/tagesausflug\/#breadcrumb","itemListElement":[{"@type":"ListItem","position":1,"name":"Startseite","item":"https:\/\/blog.vida.at\/pensionisten\/"},{"@type":"ListItem","position":2,"name":"Tagesausflug"}]},{"@type":"WebSite","@id":"https:\/\/blog.vida.at\/pensionisten\/#website","url":"https:\/\/blog.vida.at\/pensionisten\/","name":"vida Pensionisten","description":"","potentialAction":[{"@type":"SearchAction","target":{"@type":"EntryPoint","urlTemplate":"https:\/\/blog.vida.at\/pensionisten\/?s={search_term_string}"},"query-input":{"@type":"PropertyValueSpecification","valueRequired":true,"valueName":"search_term_string"}}],"inLanguage":"de"},{"@type":"Person","@id":"https:\/\/blog.vida.at\/pensionisten\/#\/schema\/person\/2cea9cf3d58cf9334410ed5d6feb8a56","name":"michaelafeik","image":{"@type":"ImageObject","inLanguage":"de","@id":"https:\/\/secure.gravatar.com\/avatar\/03d8da787452696abe6f1e2aedabdf17f0d62a0779c9ed004162282155b35ea3?s=96&d=mm&r=g","url":"https:\/\/secure.gravatar.com\/avatar\/03d8da787452696abe6f1e2aedabdf17f0d62a0779c9ed004162282155b35ea3?s=96&d=mm&r=g","contentUrl":"https:\/\/secure.gravatar.com\/avatar\/03d8da787452696abe6f1e2aedabdf17f0d62a0779c9ed004162282155b35ea3?s=96&d=mm&r=g","caption":"michaelafeik"},"url":"https:\/\/blog.vida.at\/pensionisten\/author\/michaelafeik\/"}]}},"author_meta":{"display_name":"michaelafeik","author_link":"https:\/\/blog.vida.at\/pensionisten\/author\/michaelafeik\/"},"featured_img":"https:\/\/blog.vida.at\/pensionisten\/wp-content\/uploads\/sites\/10\/2021\/07\/P1050269.jpgxxx-300x200.jpg","featured_image_src":"https:\/\/blog.vida.at\/pensionisten\/wp-content\/uploads\/sites\/10\/2021\/07\/P1050269.jpgxxx-600x400.jpg","featured_image_src_square":"https:\/\/blog.vida.at\/pensionisten\/wp-content\/uploads\/sites\/10\/2021\/07\/P1050269.jpgxxx-600x600.jpg","uagb_featured_image_src":{"full":["https:\/\/blog.vida.at\/pensionisten\/wp-content\/uploads\/sites\/10\/2021\/07\/P1050269.jpgxxx.jpg",1198,799,false],"thumbnail":["https:\/\/blog.vida.at\/pensionisten\/wp-content\/uploads\/sites\/10\/2021\/07\/P1050269.jpgxxx-150x150.jpg",150,150,true],"medium":["https:\/\/blog.vida.at\/pensionisten\/wp-content\/uploads\/sites\/10\/2021\/07\/P1050269.jpgxxx-300x200.jpg",300,200,true],"medium_large":["https:\/\/blog.vida.at\/pensionisten\/wp-content\/uploads\/sites\/10\/2021\/07\/P1050269.jpgxxx-768x512.jpg",640,427,true],"large":["https:\/\/blog.vida.at\/pensionisten\/wp-content\/uploads\/sites\/10\/2021\/07\/P1050269.jpgxxx-1024x683.jpg",640,427,true],"1536x1536":["https:\/\/blog.vida.at\/pensionisten\/wp-content\/uploads\/sites\/10\/2021\/07\/P1050269.jpgxxx.jpg",1198,799,false],"2048x2048":["https:\/\/blog.vida.at\/pensionisten\/wp-content\/uploads\/sites\/10\/2021\/07\/P1050269.jpgxxx.jpg",1198,799,false],"ab-block-post-grid-landscape":["https:\/\/blog.vida.at\/pensionisten\/wp-content\/uploads\/sites\/10\/2021\/07\/P1050269.jpgxxx-600x400.jpg",600,400,true],"ab-block-post-grid-square":["https:\/\/blog.vida.at\/pensionisten\/wp-content\/uploads\/sites\/10\/2021\/07\/P1050269.jpgxxx-600x600.jpg",600,600,true],"post-thumbnail":["https:\/\/blog.vida.at\/pensionisten\/wp-content\/uploads\/sites\/10\/2021\/07\/P1050269.jpgxxx.jpg",1198,799,false],"awb_sm":["https:\/\/blog.vida.at\/pensionisten\/wp-content\/uploads\/sites\/10\/2021\/07\/P1050269.jpgxxx-500x333.jpg",500,333,true],"awb_md":["https:\/\/blog.vida.at\/pensionisten\/wp-content\/uploads\/sites\/10\/2021\/07\/P1050269.jpgxxx-800x534.jpg",800,534,true],"awb_lg":["https:\/\/blog.vida.at\/pensionisten\/wp-content\/uploads\/sites\/10\/2021\/07\/P1050269.jpgxxx.jpg",1198,799,false],"awb_xl":["https:\/\/blog.vida.at\/pensionisten\/wp-content\/uploads\/sites\/10\/2021\/07\/P1050269.jpgxxx.jpg",1198,799,false]},"uagb_author_info":{"display_name":"michaelafeik","author_link":"https:\/\/blog.vida.at\/pensionisten\/author\/michaelafeik\/"},"uagb_comment_info":0,"uagb_excerpt":"OG W\u00f6rgl Tagesfahrt nach S\u00fcdtirol.","coauthors":[],"tax_additional":{"categories":{"linked":["<a href=\"https:\/\/blog.vida.at\/pensionisten\/category\/ortsgruppen\/\" class=\"advgb-post-tax-term\">Ortsgruppen<\/a>"],"unlinked":["<span class=\"advgb-post-tax-term\">Ortsgruppen<\/span>"]}},"comment_count":"0","relative_dates":{"created":"Ver\u00f6ffentlicht 5\u00a0Jahren vor","modified":"Aktualisiert 5\u00a0Jahren vor"},"absolute_dates":{"created":"Ver\u00f6ffentlicht am 6. Juli 2021","modified":"Aktualisiert am 8. Juli 2021"},"absolute_dates_time":{"created":"Ver\u00f6ffentlicht am 6. Juli 2021 10:52","modified":"Aktualisiert am 8. Juli 2021 12:06"},"featured_img_caption":"","series_order":"","_links":{"self":[{"href":"https:\/\/blog.vida.at\/pensionisten\/wp-json\/wp\/v2\/posts\/2506","targetHints":{"allow":["GET"]}}],"collection":[{"href":"https:\/\/blog.vida.at\/pensionisten\/wp-json\/wp\/v2\/posts"}],"about":[{"href":"https:\/\/blog.vida.at\/pensionisten\/wp-json\/wp\/v2\/types\/post"}],"author":[{"embeddable":true,"href":"https:\/\/blog.vida.at\/pensionisten\/wp-json\/wp\/v2\/users\/5"}],"replies":[{"embeddable":true,"href":"https:\/\/blog.vida.at\/pensionisten\/wp-json\/wp\/v2\/comments?post=2506"}],"version-history":[{"count":7,"href":"https:\/\/blog.vida.at\/pensionisten\/wp-json\/wp\/v2\/posts\/2506\/revisions"}],"predecessor-version":[{"id":2564,"href":"https:\/\/blog.vida.at\/pensionisten\/wp-json\/wp\/v2\/posts\/2506\/revisions\/2564"}],"wp:featuredmedia":[{"embeddable":true,"href":"https:\/\/blog.vida.at\/pensionisten\/wp-json\/wp\/v2\/media\/2562"}],"wp:attachment":[{"href":"https:\/\/blog.vida.at\/pensionisten\/wp-json\/wp\/v2\/media?parent=2506"}],"wp:term":[{"taxonomy":"category","embeddable":true,"href":"https:\/\/blog.vida.at\/pensionisten\/wp-json\/wp\/v2\/categories?post=2506"},{"taxonomy":"post_tag","embeddable":true,"href":"https:\/\/blog.vida.at\/pensionisten\/wp-json\/wp\/v2\/tags?post=2506"},{"taxonomy":"Orte","embeddable":true,"href":"https:\/\/blog.vida.at\/pensionisten\/wp-json\/wp\/v2\/Orte?post=2506"},{"taxonomy":"activitytype","embeddable":true,"href":"https:\/\/blog.vida.at\/pensionisten\/wp-json\/wp\/v2\/activitytype?post=2506"}],"curies":[{"name":"wp","href":"https:\/\/api.w.org\/{rel}","templated":true}]}}