
{"id":2851,"date":"2021-09-14T08:48:19","date_gmt":"2021-09-14T06:48:19","guid":{"rendered":"https:\/\/blog.vida.at\/pensionisten\/?p=2851"},"modified":"2021-12-13T15:05:55","modified_gmt":"2021-12-13T14:05:55","slug":"zurueck-auf-die-grosse-buehne","status":"publish","type":"post","link":"https:\/\/blog.vida.at\/pensionisten\/2021\/09\/14\/zurueck-auf-die-grosse-buehne\/","title":{"rendered":"Zur\u00fcck auf die gro\u00dfe B\u00fchne"},"content":{"rendered":"\n<div class=\"wp-block-group Container\"><div class=\"wp-block-group__inner-container is-layout-flow wp-block-group-is-layout-flow\">\n<h4 class=\"wp-block-heading\"><strong>Viele Kulturangebote und ein Gewinn mit deiner vida. Mach mit!<\/strong><\/h4>\n\n\n\n<p>Wenn der Vorhang aufgeht und der Applaus beginnt, dann ist die Kultur wieder zur\u00fcck! Die&nbsp;<strong>&gt;&gt;&gt;<\/strong>&nbsp;<strong><a href=\"http:\/\/kartenstelle.oegb.at\/\" target=\"_blank\" rel=\"noreferrer noopener\">\u00d6GB-Kartenstelle<\/a><\/strong>&nbsp;hat f\u00fcr dich als vida-Mitglied viele Angebote im Repertoire.&nbsp;<strong>Wie w\u00e4re es mit einem Musical- oder einem Kabarettabend?<\/strong>&nbsp;Mit deiner&nbsp;<strong>&gt;&gt;&gt;<\/strong>&nbsp;<a href=\"https:\/\/www.vida.at\/cms\/S03\/S03_3.2.4\/service\/meine-vorteile\/card-angebote\"><strong>vida-Mitgliedskarte<\/strong><\/a>&nbsp;bekommst du erm\u00e4\u00dfigte Karten f\u00fcr viele Veranstaltungen. Also, schnell Karten bei deiner \u00d6GB-Kartenstelle sichern und Kultur genie\u00dfen!<\/p>\n\n\n\n<figure class=\"wp-block-gallery columns-3 is-cropped wp-block-gallery-1\"><ul class=\"blocks-gallery-grid\"><li class=\"blocks-gallery-item\"><figure><img loading=\"lazy\" decoding=\"async\" width=\"1024\" height=\"726\" src=\"https:\/\/blog.vida.at\/pensionisten\/wp-content\/uploads\/sites\/10\/2021\/09\/S26_oben_BerlinBerlin-1-1024x726.jpg\" alt=\"\" data-id=\"2861\" data-full-url=\"https:\/\/blog.vida.at\/pensionisten\/wp-content\/uploads\/sites\/10\/2021\/09\/S26_oben_BerlinBerlin-1.jpg\" data-link=\"https:\/\/blog.vida.at\/pensionisten\/2021\/09\/14\/zurueck-auf-die-grosse-buehne\/s26_oben_berlinberlin-1\/\" class=\"wp-image-2861\" srcset=\"https:\/\/blog.vida.at\/pensionisten\/wp-content\/uploads\/sites\/10\/2021\/09\/S26_oben_BerlinBerlin-1-1024x726.jpg 1024w, https:\/\/blog.vida.at\/pensionisten\/wp-content\/uploads\/sites\/10\/2021\/09\/S26_oben_BerlinBerlin-1-300x213.jpg 300w, https:\/\/blog.vida.at\/pensionisten\/wp-content\/uploads\/sites\/10\/2021\/09\/S26_oben_BerlinBerlin-1-768x545.jpg 768w, https:\/\/blog.vida.at\/pensionisten\/wp-content\/uploads\/sites\/10\/2021\/09\/S26_oben_BerlinBerlin-1-1536x1090.jpg 1536w, https:\/\/blog.vida.at\/pensionisten\/wp-content\/uploads\/sites\/10\/2021\/09\/S26_oben_BerlinBerlin-1-500x355.jpg 500w, https:\/\/blog.vida.at\/pensionisten\/wp-content\/uploads\/sites\/10\/2021\/09\/S26_oben_BerlinBerlin-1-800x568.jpg 800w, https:\/\/blog.vida.at\/pensionisten\/wp-content\/uploads\/sites\/10\/2021\/09\/S26_oben_BerlinBerlin-1-1280x908.jpg 1280w, https:\/\/blog.vida.at\/pensionisten\/wp-content\/uploads\/sites\/10\/2021\/09\/S26_oben_BerlinBerlin-1-1568x1112.jpg 1568w, https:\/\/blog.vida.at\/pensionisten\/wp-content\/uploads\/sites\/10\/2021\/09\/S26_oben_BerlinBerlin-1.jpg 1748w\" sizes=\"auto, (max-width: 1024px) 100vw, 1024px\" \/><\/figure><\/li><li class=\"blocks-gallery-item\"><figure><img loading=\"lazy\" decoding=\"async\" width=\"1000\" height=\"521\" src=\"https:\/\/blog.vida.at\/pensionisten\/wp-content\/uploads\/sites\/10\/2021\/09\/S26_oben_Kabarettgipfel-2.jpg\" alt=\"\" data-id=\"2862\" data-full-url=\"https:\/\/blog.vida.at\/pensionisten\/wp-content\/uploads\/sites\/10\/2021\/09\/S26_oben_Kabarettgipfel-2.jpg\" data-link=\"https:\/\/blog.vida.at\/pensionisten\/2021\/09\/14\/zurueck-auf-die-grosse-buehne\/s26_oben_kabarettgipfel-2\/\" class=\"wp-image-2862\" srcset=\"https:\/\/blog.vida.at\/pensionisten\/wp-content\/uploads\/sites\/10\/2021\/09\/S26_oben_Kabarettgipfel-2.jpg 1000w, https:\/\/blog.vida.at\/pensionisten\/wp-content\/uploads\/sites\/10\/2021\/09\/S26_oben_Kabarettgipfel-2-300x156.jpg 300w, https:\/\/blog.vida.at\/pensionisten\/wp-content\/uploads\/sites\/10\/2021\/09\/S26_oben_Kabarettgipfel-2-768x400.jpg 768w, https:\/\/blog.vida.at\/pensionisten\/wp-content\/uploads\/sites\/10\/2021\/09\/S26_oben_Kabarettgipfel-2-500x261.jpg 500w, https:\/\/blog.vida.at\/pensionisten\/wp-content\/uploads\/sites\/10\/2021\/09\/S26_oben_Kabarettgipfel-2-800x417.jpg 800w\" sizes=\"auto, (max-width: 1000px) 100vw, 1000px\" \/><\/figure><\/li><li class=\"blocks-gallery-item\"><figure><img loading=\"lazy\" decoding=\"async\" width=\"1024\" height=\"726\" src=\"https:\/\/blog.vida.at\/pensionisten\/wp-content\/uploads\/sites\/10\/2021\/09\/S26_oben_RockyHorrorShow-1-1024x726.jpg\" alt=\"\" data-id=\"2863\" data-full-url=\"https:\/\/blog.vida.at\/pensionisten\/wp-content\/uploads\/sites\/10\/2021\/09\/S26_oben_RockyHorrorShow-1.jpg\" data-link=\"https:\/\/blog.vida.at\/pensionisten\/2021\/09\/14\/zurueck-auf-die-grosse-buehne\/s26_oben_rockyhorrorshow-1\/\" class=\"wp-image-2863\" srcset=\"https:\/\/blog.vida.at\/pensionisten\/wp-content\/uploads\/sites\/10\/2021\/09\/S26_oben_RockyHorrorShow-1-1024x726.jpg 1024w, https:\/\/blog.vida.at\/pensionisten\/wp-content\/uploads\/sites\/10\/2021\/09\/S26_oben_RockyHorrorShow-1-300x213.jpg 300w, https:\/\/blog.vida.at\/pensionisten\/wp-content\/uploads\/sites\/10\/2021\/09\/S26_oben_RockyHorrorShow-1-768x545.jpg 768w, https:\/\/blog.vida.at\/pensionisten\/wp-content\/uploads\/sites\/10\/2021\/09\/S26_oben_RockyHorrorShow-1-1536x1090.jpg 1536w, https:\/\/blog.vida.at\/pensionisten\/wp-content\/uploads\/sites\/10\/2021\/09\/S26_oben_RockyHorrorShow-1-500x355.jpg 500w, https:\/\/blog.vida.at\/pensionisten\/wp-content\/uploads\/sites\/10\/2021\/09\/S26_oben_RockyHorrorShow-1-800x568.jpg 800w, https:\/\/blog.vida.at\/pensionisten\/wp-content\/uploads\/sites\/10\/2021\/09\/S26_oben_RockyHorrorShow-1-1280x908.jpg 1280w, https:\/\/blog.vida.at\/pensionisten\/wp-content\/uploads\/sites\/10\/2021\/09\/S26_oben_RockyHorrorShow-1-1568x1112.jpg 1568w, https:\/\/blog.vida.at\/pensionisten\/wp-content\/uploads\/sites\/10\/2021\/09\/S26_oben_RockyHorrorShow-1.jpg 1748w\" sizes=\"auto, (max-width: 1024px) 100vw, 1024px\" \/><\/figure><\/li><li class=\"blocks-gallery-item\"><figure><img loading=\"lazy\" decoding=\"async\" width=\"1024\" height=\"724\" src=\"https:\/\/blog.vida.at\/pensionisten\/wp-content\/uploads\/sites\/10\/2021\/09\/S26_oben_SinatraMusical-1-1024x724.jpg\" alt=\"\" data-id=\"2865\" data-full-url=\"https:\/\/blog.vida.at\/pensionisten\/wp-content\/uploads\/sites\/10\/2021\/09\/S26_oben_SinatraMusical-1.jpg\" data-link=\"https:\/\/blog.vida.at\/pensionisten\/2021\/09\/14\/zurueck-auf-die-grosse-buehne\/s26_oben_sinatramusical-1\/\" class=\"wp-image-2865\" srcset=\"https:\/\/blog.vida.at\/pensionisten\/wp-content\/uploads\/sites\/10\/2021\/09\/S26_oben_SinatraMusical-1-1024x724.jpg 1024w, https:\/\/blog.vida.at\/pensionisten\/wp-content\/uploads\/sites\/10\/2021\/09\/S26_oben_SinatraMusical-1-300x212.jpg 300w, https:\/\/blog.vida.at\/pensionisten\/wp-content\/uploads\/sites\/10\/2021\/09\/S26_oben_SinatraMusical-1-768x543.jpg 768w, https:\/\/blog.vida.at\/pensionisten\/wp-content\/uploads\/sites\/10\/2021\/09\/S26_oben_SinatraMusical-1-500x353.jpg 500w, https:\/\/blog.vida.at\/pensionisten\/wp-content\/uploads\/sites\/10\/2021\/09\/S26_oben_SinatraMusical-1-800x566.jpg 800w, https:\/\/blog.vida.at\/pensionisten\/wp-content\/uploads\/sites\/10\/2021\/09\/S26_oben_SinatraMusical-1.jpg 1061w\" sizes=\"auto, (max-width: 1024px) 100vw, 1024px\" \/><\/figure><\/li><li class=\"blocks-gallery-item\"><figure><img loading=\"lazy\" decoding=\"async\" width=\"1024\" height=\"724\" src=\"https:\/\/blog.vida.at\/pensionisten\/wp-content\/uploads\/sites\/10\/2021\/09\/S27_oben_MissSaigon-1-1024x724.jpg\" alt=\"\" data-id=\"2866\" data-full-url=\"https:\/\/blog.vida.at\/pensionisten\/wp-content\/uploads\/sites\/10\/2021\/09\/S27_oben_MissSaigon-1.jpg\" data-link=\"https:\/\/blog.vida.at\/pensionisten\/2021\/09\/14\/zurueck-auf-die-grosse-buehne\/s27_oben_misssaigon-1\/\" class=\"wp-image-2866 is-layout-flex wp-block-gallery-is-layout-flex\" srcset=\"https:\/\/blog.vida.at\/pensionisten\/wp-content\/uploads\/sites\/10\/2021\/09\/S27_oben_MissSaigon-1-1024x724.jpg 1024w, https:\/\/blog.vida.at\/pensionisten\/wp-content\/uploads\/sites\/10\/2021\/09\/S27_oben_MissSaigon-1-300x212.jpg 300w, https:\/\/blog.vida.at\/pensionisten\/wp-content\/uploads\/sites\/10\/2021\/09\/S27_oben_MissSaigon-1-768x543.jpg 768w, https:\/\/blog.vida.at\/pensionisten\/wp-content\/uploads\/sites\/10\/2021\/09\/S27_oben_MissSaigon-1-1536x1086.jpg 1536w, https:\/\/blog.vida.at\/pensionisten\/wp-content\/uploads\/sites\/10\/2021\/09\/S27_oben_MissSaigon-1-500x354.jpg 500w, https:\/\/blog.vida.at\/pensionisten\/wp-content\/uploads\/sites\/10\/2021\/09\/S27_oben_MissSaigon-1-800x566.jpg 800w, https:\/\/blog.vida.at\/pensionisten\/wp-content\/uploads\/sites\/10\/2021\/09\/S27_oben_MissSaigon-1-1280x905.jpg 1280w, https:\/\/blog.vida.at\/pensionisten\/wp-content\/uploads\/sites\/10\/2021\/09\/S27_oben_MissSaigon-1-1920x1358.jpg 1920w, https:\/\/blog.vida.at\/pensionisten\/wp-content\/uploads\/sites\/10\/2021\/09\/S27_oben_MissSaigon-1-1568x1109.jpg 1568w, https:\/\/blog.vida.at\/pensionisten\/wp-content\/uploads\/sites\/10\/2021\/09\/S27_oben_MissSaigon-1.jpg 2048w\" sizes=\"auto, (max-width: 1024px) 100vw, 1024px\" \/><\/figure><\/li><\/ul><\/figure>\n\n\n\n<p><strong><span style=\"color: #e81111\" class=\"ugb-highlight\">Hier eine Auswahl an Veranstaltungen f\u00fcr dich:&nbsp;<\/span><\/strong><\/p>\n\n\n\n<p><strong><span style=\"color: #0073a8\" class=\"ugb-highlight\">Kabarettgipfel<\/span><\/strong><\/p>\n\n\n\n<p>Ein grenz\u00fcberschreitendes Gipfeltreffen des Kabaretts. Am <strong>11. u. 12. Oktober 2021<\/strong> in der <strong>Wiener Stadthalle<\/strong>. Mit Klaus Eckel, Omar Sarsam, Clemens Maria Schreiner, Michael&nbsp;Mittermeier, Martina Schwarzmann und Ohne Rolf. Es darf gelacht werden!&nbsp;&nbsp;<strong><span style=\"color: #fc0606\" class=\"ugb-highlight\">Erm\u00e4\u00dfigte Karten mit deiner vida-Card.<\/span><\/strong><\/p>\n\n\n\n<p><strong><span style=\"color: #0073a8\" class=\"ugb-highlight\">Rocky Horror<\/span><\/strong><\/p>\n\n\n\n<p>Von <strong>24. November bis 11. Dezember 2021<\/strong> wird das <strong>Museumsquartier in Wien<\/strong> zur gr\u00f6\u00dften Party der Musical-Geschichte. Mit Welt-Hits wie \u201eThe Time Warp\u201c oder \u201eSweet Transvestite\u201c nimmt die schrille Story um das junge, biedere Paar Brad Majors und Janet Weiss und dem diabolischen Au\u00dferirdischen Dr. Frank\u2019n\u2019Furter ihren Lauf.&nbsp;<strong><span style=\"color: #f90707\" class=\"ugb-highlight\">Bis zu 20 Prozent Erm\u00e4\u00dfigung mit deiner vida-Card.<\/span><\/strong><\/p>\n\n\n\n<p><strong><span style=\"color: #0073a8\" class=\"ugb-highlight\">That&#8217;s Life<\/span><\/strong><\/p>\n\n\n\n<p>Die Las-Vegas-Show \u201eThat\u2019s Life \u2013 Die Sinatra- Story\u201c macht am <strong>22. Dezember 2021<\/strong> Station in der<strong> Stadthalle in Wien<\/strong>. Sie zeigt Sinatras unvergessliche Karriere, pr\u00e4sentiert seine gr\u00f6\u00dften Hits und versetzt uns zur\u00fcck in die Zeit des Swing mit seinen Big Bands.&nbsp;<span style=\"color: #f40808\" class=\"ugb-highlight\"><strong>20 Prozent Erm\u00e4\u00dfigung mit deiner vida-Card.<\/strong><\/span><\/p>\n\n\n\n<p><strong><span style=\"color: #0073a8\" class=\"ugb-highlight\">Berlin Berlin<\/span><\/strong><\/p>\n\n\n\n<p>Gro\u00dfe Stars wie die Stilikone Marlene Dietrich, die legend\u00e4ren Comedian Harmonists und die Skandalt\u00e4nzerin Josephine Baker laden ein zum Tanz auf dem Vulkan. Bei \u201eBerlin Berlin\u201c erlebt man das prickelnde Lebensgef\u00fchl der goldenen 20er Jahre \u2013 vom <strong>11. bis 16. J\u00e4nner 2022 <\/strong>im <strong>Museumsquartier in Wien<\/strong>.&nbsp;<strong><span style=\"color: #fb0808\" class=\"ugb-highlight\">Bis zu 20 Prozent Erm\u00e4\u00dfigung mit deiner vida-Card.<\/span><\/strong><\/p>\n\n\n\n<p><strong><span style=\"color: #0073a8\" class=\"ugb-highlight\">Gleich zugreifen<\/span><\/strong><\/p>\n\n\n\n<p>Mit deiner vida-Card bekommst du erm\u00e4\u00dfigte Karten f\u00fcr viele Veranstaltungen. Karten kannst du bei deiner&nbsp;<strong>&gt;&gt;&gt;&nbsp;<a href=\"http:\/\/kartenstelle.oegb.at\/\" target=\"_blank\" rel=\"noreferrer noopener\">\u00d6GB-Kartenstelle<\/a><\/strong>&nbsp;online oder telefonisch abfragen unter Tel. (01) 53444-39675.<\/p>\n\n\n\n<p><strong><span style=\"color: #ec0c0c\" class=\"ugb-highlight\">Gewinnspiel-R\u00e4tsel f\u00fcr vida-Mitglieder<\/span><\/strong><\/p>\n\n\n\n<p>Deine vida verlost in der aktuellen vida-Magazinausgabe&nbsp;<strong>2 x 2 Freikarten f\u00fcr das Musical \u201eMiss Saigon\u201c im Raimund Theater in Wien<\/strong>, zur Verf\u00fcgung gestellt von den Vereinigten B\u00fchnen Wien und der \u00f6GB-Kartenstelle.<\/p>\n\n\n\n<p>Mach gleich mit bei unserem&nbsp;&gt;&gt;&gt;&nbsp;<a href=\"https:\/\/blog.vida.at\/pensionisten\/wp-content\/uploads\/sites\/10\/2021\/09\/vidazin3_2021_pensi-Sparda-OEBV_WEB.pdf\">R\u00e4tsel im vida-Magazin<\/a>&nbsp;auf der Seite 27. Wir dr\u00fccken die Daumen und w\u00fcnschen eine sch\u00f6ne und vor allem gesunde (Kultur-)Zeit!<\/p>\n\n\n\n<!--more-->\n\n\n\n\n\n<div class=\"wp-block-ugb-spacer ugb-spacer ugb-726ea2d ugb-spacer--v2 ugb-main-block\"><div class=\"ugb-inner-block\"><div class=\"ugb-block-content\"><div class=\"ugb-spacer--inner\"><\/div><\/div><\/div><\/div>\n<\/div><\/div>\n\n\n\n<p><\/p>\n","protected":false},"excerpt":{"rendered":"<p>Viele Kulturangebote und ein Gewinn mit deiner vida. Mach mit! Wenn der Vorhang aufgeht und der Applaus beginnt, dann ist die Kultur wieder zur\u00fcck! Die&nbsp;&gt;&gt;&gt;&nbsp;\u00d6GB-Kartenstelle&nbsp;hat f\u00fcr dich als vida-Mitglied viele Angebote im Repertoire.&nbsp;Wie w\u00e4re es mit einem Musical- oder einem Kabarettabend?&nbsp;Mit deiner&nbsp;&gt;&gt;&gt;&nbsp;vida-Mitgliedskarte&nbsp;bekommst du erm\u00e4\u00dfigte Karten f\u00fcr viele Veranstaltungen. Also, schnell Karten bei deiner \u00d6GB-Kartenstelle sichern &hellip; <\/p>\n<p class=\"link-more\"><a href=\"https:\/\/blog.vida.at\/pensionisten\/2021\/09\/14\/zurueck-auf-die-grosse-buehne\/\" class=\"more-link\"><span class=\"screen-reader-text\">\u201eZur\u00fcck auf die gro\u00dfe B\u00fchne\u201c <\/span>weiterlesen<\/a><\/p>\n","protected":false},"author":8,"featured_media":2852,"comment_status":"open","ping_status":"open","sticky":false,"template":"","format":"standard","meta":{"_uag_custom_page_level_css":"","advgb_blocks_editor_width":"","advgb_blocks_columns_visual_guide":"","footnotes":""},"categories":[1],"tags":[],"Orte":[],"activitytype":[],"class_list":["post-2851","post","type-post","status-publish","format-standard","has-post-thumbnail","hentry","category-allgemein","entry"],"featured_image_urls":{"full":["https:\/\/blog.vida.at\/pensionisten\/wp-content\/uploads\/sites\/10\/2021\/09\/S27_oben_MissSaigon.jpg",2048,1448,false],"thumbnail":["https:\/\/blog.vida.at\/pensionisten\/wp-content\/uploads\/sites\/10\/2021\/09\/S27_oben_MissSaigon-150x150.jpg",150,150,true],"medium":["https:\/\/blog.vida.at\/pensionisten\/wp-content\/uploads\/sites\/10\/2021\/09\/S27_oben_MissSaigon-300x212.jpg",300,212,true],"medium_large":["https:\/\/blog.vida.at\/pensionisten\/wp-content\/uploads\/sites\/10\/2021\/09\/S27_oben_MissSaigon-768x543.jpg",640,453,true],"large":["https:\/\/blog.vida.at\/pensionisten\/wp-content\/uploads\/sites\/10\/2021\/09\/S27_oben_MissSaigon-1024x724.jpg",640,453,true],"1536x1536":["https:\/\/blog.vida.at\/pensionisten\/wp-content\/uploads\/sites\/10\/2021\/09\/S27_oben_MissSaigon-1536x1086.jpg",1536,1086,true],"2048x2048":["https:\/\/blog.vida.at\/pensionisten\/wp-content\/uploads\/sites\/10\/2021\/09\/S27_oben_MissSaigon.jpg",2048,1448,false],"ab-block-post-grid-landscape":["https:\/\/blog.vida.at\/pensionisten\/wp-content\/uploads\/sites\/10\/2021\/09\/S27_oben_MissSaigon-600x400.jpg",600,400,true],"ab-block-post-grid-square":["https:\/\/blog.vida.at\/pensionisten\/wp-content\/uploads\/sites\/10\/2021\/09\/S27_oben_MissSaigon-600x600.jpg",600,600,true],"post-thumbnail":["https:\/\/blog.vida.at\/pensionisten\/wp-content\/uploads\/sites\/10\/2021\/09\/S27_oben_MissSaigon-1568x1109.jpg",1568,1109,true],"awb_sm":["https:\/\/blog.vida.at\/pensionisten\/wp-content\/uploads\/sites\/10\/2021\/09\/S27_oben_MissSaigon-500x354.jpg",500,354,true],"awb_md":["https:\/\/blog.vida.at\/pensionisten\/wp-content\/uploads\/sites\/10\/2021\/09\/S27_oben_MissSaigon-800x566.jpg",800,566,true],"awb_lg":["https:\/\/blog.vida.at\/pensionisten\/wp-content\/uploads\/sites\/10\/2021\/09\/S27_oben_MissSaigon-1280x905.jpg",1280,905,true],"awb_xl":["https:\/\/blog.vida.at\/pensionisten\/wp-content\/uploads\/sites\/10\/2021\/09\/S27_oben_MissSaigon-1920x1358.jpg",1920,1358,true]},"post_excerpt_stackable":"<p>Viele Kulturangebote und ein Gewinn mit deiner vida. Mach mit! Wenn der Vorhang aufgeht und der Applaus beginnt, dann ist die Kultur wieder zur\u00fcck! Die&nbsp;&gt;&gt;&gt;&nbsp;\u00d6GB-Kartenstelle&nbsp;hat f\u00fcr dich als vida-Mitglied viele Angebote im Repertoire.&nbsp;Wie w\u00e4re es mit einem Musical- oder einem Kabarettabend?&nbsp;Mit deiner&nbsp;&gt;&gt;&gt;&nbsp;vida-Mitgliedskarte&nbsp;bekommst du erm\u00e4\u00dfigte Karten f\u00fcr viele Veranstaltungen. Also, schnell Karten bei deiner \u00d6GB-Kartenstelle sichern und Kultur genie\u00dfen! Hier eine Auswahl an Veranstaltungen f\u00fcr dich:&nbsp; Kabarettgipfel Ein grenz\u00fcberschreitendes Gipfeltreffen des Kabaretts. Am 11. u. 12. Oktober 2021 in der Wiener Stadthalle. Mit Klaus Eckel, Omar Sarsam, Clemens Maria Schreiner, Michael&nbsp;Mittermeier, Martina Schwarzmann und Ohne Rolf. Es darf gelacht werden!&nbsp;&nbsp;Erm\u00e4\u00dfigte Karten&hellip;<\/p>\n","category_list":"<a href=\"https:\/\/blog.vida.at\/pensionisten\/category\/allgemein\/\" rel=\"category tag\">Allgemein<\/a>","author_info":{"display_name":"mariontobola","author_link":"https:\/\/blog.vida.at\/pensionisten\/author\/mariontobola\/"},"comments_num":"0 comments","featured_image_urls_v2":{"full":["https:\/\/blog.vida.at\/pensionisten\/wp-content\/uploads\/sites\/10\/2021\/09\/S27_oben_MissSaigon.jpg",2048,1448,false],"thumbnail":["https:\/\/blog.vida.at\/pensionisten\/wp-content\/uploads\/sites\/10\/2021\/09\/S27_oben_MissSaigon-150x150.jpg",150,150,true],"medium":["https:\/\/blog.vida.at\/pensionisten\/wp-content\/uploads\/sites\/10\/2021\/09\/S27_oben_MissSaigon-300x212.jpg",300,212,true],"medium_large":["https:\/\/blog.vida.at\/pensionisten\/wp-content\/uploads\/sites\/10\/2021\/09\/S27_oben_MissSaigon-768x543.jpg",640,453,true],"large":["https:\/\/blog.vida.at\/pensionisten\/wp-content\/uploads\/sites\/10\/2021\/09\/S27_oben_MissSaigon-1024x724.jpg",640,453,true],"1536x1536":["https:\/\/blog.vida.at\/pensionisten\/wp-content\/uploads\/sites\/10\/2021\/09\/S27_oben_MissSaigon-1536x1086.jpg",1536,1086,true],"2048x2048":["https:\/\/blog.vida.at\/pensionisten\/wp-content\/uploads\/sites\/10\/2021\/09\/S27_oben_MissSaigon.jpg",2048,1448,false],"ab-block-post-grid-landscape":["https:\/\/blog.vida.at\/pensionisten\/wp-content\/uploads\/sites\/10\/2021\/09\/S27_oben_MissSaigon-600x400.jpg",600,400,true],"ab-block-post-grid-square":["https:\/\/blog.vida.at\/pensionisten\/wp-content\/uploads\/sites\/10\/2021\/09\/S27_oben_MissSaigon-600x600.jpg",600,600,true],"post-thumbnail":["https:\/\/blog.vida.at\/pensionisten\/wp-content\/uploads\/sites\/10\/2021\/09\/S27_oben_MissSaigon-1568x1109.jpg",1568,1109,true],"awb_sm":["https:\/\/blog.vida.at\/pensionisten\/wp-content\/uploads\/sites\/10\/2021\/09\/S27_oben_MissSaigon-500x354.jpg",500,354,true],"awb_md":["https:\/\/blog.vida.at\/pensionisten\/wp-content\/uploads\/sites\/10\/2021\/09\/S27_oben_MissSaigon-800x566.jpg",800,566,true],"awb_lg":["https:\/\/blog.vida.at\/pensionisten\/wp-content\/uploads\/sites\/10\/2021\/09\/S27_oben_MissSaigon-1280x905.jpg",1280,905,true],"awb_xl":["https:\/\/blog.vida.at\/pensionisten\/wp-content\/uploads\/sites\/10\/2021\/09\/S27_oben_MissSaigon-1920x1358.jpg",1920,1358,true]},"post_excerpt_stackable_v2":"<p>Viele Kulturangebote und ein Gewinn mit deiner vida. Mach mit! Wenn der Vorhang aufgeht und der Applaus beginnt, dann ist die Kultur wieder zur\u00fcck! Die&nbsp;&gt;&gt;&gt;&nbsp;\u00d6GB-Kartenstelle&nbsp;hat f\u00fcr dich als vida-Mitglied viele Angebote im Repertoire.&nbsp;Wie w\u00e4re es mit einem Musical- oder einem Kabarettabend?&nbsp;Mit deiner&nbsp;&gt;&gt;&gt;&nbsp;vida-Mitgliedskarte&nbsp;bekommst du erm\u00e4\u00dfigte Karten f\u00fcr viele Veranstaltungen. Also, schnell Karten bei deiner \u00d6GB-Kartenstelle sichern und Kultur genie\u00dfen! Hier eine Auswahl an Veranstaltungen f\u00fcr dich:&nbsp; Kabarettgipfel Ein grenz\u00fcberschreitendes Gipfeltreffen des Kabaretts. Am 11. u. 12. Oktober 2021 in der Wiener Stadthalle. Mit Klaus Eckel, Omar Sarsam, Clemens Maria Schreiner, Michael&nbsp;Mittermeier, Martina Schwarzmann und Ohne Rolf. Es darf gelacht werden!&nbsp;&nbsp;Erm\u00e4\u00dfigte Karten&hellip;<\/p>\n","category_list_v2":"<a href=\"https:\/\/blog.vida.at\/pensionisten\/category\/allgemein\/\" rel=\"category tag\">Allgemein<\/a>","author_info_v2":{"name":"mariontobola","url":"https:\/\/blog.vida.at\/pensionisten\/author\/mariontobola\/"},"comments_num_v2":"0 comments","yoast_head":"<!-- This site is optimized with the Yoast SEO plugin v27.3 - https:\/\/yoast.com\/product\/yoast-seo-wordpress\/ -->\n<title>Zur\u00fcck auf die gro\u00dfe B\u00fchne<\/title>\n<meta name=\"robots\" content=\"index, follow, max-snippet:-1, max-image-preview:large, max-video-preview:-1\" \/>\n<link rel=\"canonical\" href=\"https:\/\/blog.vida.at\/pensionisten\/2021\/09\/14\/zurueck-auf-die-grosse-buehne\/\" \/>\n<meta property=\"og:locale\" content=\"de_DE\" \/>\n<meta property=\"og:type\" content=\"article\" \/>\n<meta property=\"og:title\" content=\"Zur\u00fcck auf die gro\u00dfe B\u00fchne\" \/>\n<meta property=\"og:description\" content=\"Viele Kulturangebote und ein Gewinn mit deiner vida. Mach mit! Wenn der Vorhang aufgeht und der Applaus beginnt, dann ist die Kultur wieder zur\u00fcck! Die&nbsp;&gt;&gt;&gt;&nbsp;\u00d6GB-Kartenstelle&nbsp;hat f\u00fcr dich als vida-Mitglied viele Angebote im Repertoire.&nbsp;Wie w\u00e4re es mit einem Musical- oder einem Kabarettabend?&nbsp;Mit deiner&nbsp;&gt;&gt;&gt;&nbsp;vida-Mitgliedskarte&nbsp;bekommst du erm\u00e4\u00dfigte Karten f\u00fcr viele Veranstaltungen. Also, schnell Karten bei deiner \u00d6GB-Kartenstelle sichern &hellip; \u201eZur\u00fcck auf die gro\u00dfe B\u00fchne\u201c weiterlesen\" \/>\n<meta property=\"og:url\" content=\"https:\/\/blog.vida.at\/pensionisten\/2021\/09\/14\/zurueck-auf-die-grosse-buehne\/\" \/>\n<meta property=\"og:site_name\" content=\"vida Pensionisten\" \/>\n<meta property=\"article:published_time\" content=\"2021-09-14T06:48:19+00:00\" \/>\n<meta property=\"article:modified_time\" content=\"2021-12-13T14:05:55+00:00\" \/>\n<meta property=\"og:image\" content=\"https:\/\/blog.vida.at\/pensionisten\/wp-content\/uploads\/sites\/10\/2021\/09\/S27_oben_MissSaigon.jpg\" \/>\n\t<meta property=\"og:image:width\" content=\"2048\" \/>\n\t<meta property=\"og:image:height\" content=\"1448\" \/>\n\t<meta property=\"og:image:type\" content=\"image\/jpeg\" \/>\n<meta name=\"author\" content=\"mariontobola\" \/>\n<meta name=\"twitter:card\" content=\"summary_large_image\" \/>\n<meta name=\"twitter:label1\" content=\"Verfasst von\" \/>\n\t<meta name=\"twitter:data1\" content=\"mariontobola\" \/>\n\t<meta name=\"twitter:label2\" content=\"Gesch\u00e4tzte Lesezeit\" \/>\n\t<meta name=\"twitter:data2\" content=\"3\u00a0Minuten\" \/>\n<script type=\"application\/ld+json\" class=\"yoast-schema-graph\">{\"@context\":\"https:\\\/\\\/schema.org\",\"@graph\":[{\"@type\":\"Article\",\"@id\":\"https:\\\/\\\/blog.vida.at\\\/pensionisten\\\/2021\\\/09\\\/14\\\/zurueck-auf-die-grosse-buehne\\\/#article\",\"isPartOf\":{\"@id\":\"https:\\\/\\\/blog.vida.at\\\/pensionisten\\\/2021\\\/09\\\/14\\\/zurueck-auf-die-grosse-buehne\\\/\"},\"author\":{\"name\":\"mariontobola\",\"@id\":\"https:\\\/\\\/blog.vida.at\\\/pensionisten\\\/#\\\/schema\\\/person\\\/88cee3ee93b9afdc51c92f5f63f38b8a\"},\"headline\":\"Zur\u00fcck auf die gro\u00dfe B\u00fchne\",\"datePublished\":\"2021-09-14T06:48:19+00:00\",\"dateModified\":\"2021-12-13T14:05:55+00:00\",\"mainEntityOfPage\":{\"@id\":\"https:\\\/\\\/blog.vida.at\\\/pensionisten\\\/2021\\\/09\\\/14\\\/zurueck-auf-die-grosse-buehne\\\/\"},\"wordCount\":419,\"commentCount\":0,\"image\":{\"@id\":\"https:\\\/\\\/blog.vida.at\\\/pensionisten\\\/2021\\\/09\\\/14\\\/zurueck-auf-die-grosse-buehne\\\/#primaryimage\"},\"thumbnailUrl\":\"https:\\\/\\\/blog.vida.at\\\/pensionisten\\\/wp-content\\\/uploads\\\/sites\\\/10\\\/2021\\\/09\\\/S27_oben_MissSaigon.jpg\",\"inLanguage\":\"de\",\"potentialAction\":[{\"@type\":\"CommentAction\",\"name\":\"Comment\",\"target\":[\"https:\\\/\\\/blog.vida.at\\\/pensionisten\\\/2021\\\/09\\\/14\\\/zurueck-auf-die-grosse-buehne\\\/#respond\"]}]},{\"@type\":\"WebPage\",\"@id\":\"https:\\\/\\\/blog.vida.at\\\/pensionisten\\\/2021\\\/09\\\/14\\\/zurueck-auf-die-grosse-buehne\\\/\",\"url\":\"https:\\\/\\\/blog.vida.at\\\/pensionisten\\\/2021\\\/09\\\/14\\\/zurueck-auf-die-grosse-buehne\\\/\",\"name\":\"Zur\u00fcck auf die gro\u00dfe B\u00fchne\",\"isPartOf\":{\"@id\":\"https:\\\/\\\/blog.vida.at\\\/pensionisten\\\/#website\"},\"primaryImageOfPage\":{\"@id\":\"https:\\\/\\\/blog.vida.at\\\/pensionisten\\\/2021\\\/09\\\/14\\\/zurueck-auf-die-grosse-buehne\\\/#primaryimage\"},\"image\":{\"@id\":\"https:\\\/\\\/blog.vida.at\\\/pensionisten\\\/2021\\\/09\\\/14\\\/zurueck-auf-die-grosse-buehne\\\/#primaryimage\"},\"thumbnailUrl\":\"https:\\\/\\\/blog.vida.at\\\/pensionisten\\\/wp-content\\\/uploads\\\/sites\\\/10\\\/2021\\\/09\\\/S27_oben_MissSaigon.jpg\",\"datePublished\":\"2021-09-14T06:48:19+00:00\",\"dateModified\":\"2021-12-13T14:05:55+00:00\",\"author\":{\"@id\":\"https:\\\/\\\/blog.vida.at\\\/pensionisten\\\/#\\\/schema\\\/person\\\/88cee3ee93b9afdc51c92f5f63f38b8a\"},\"breadcrumb\":{\"@id\":\"https:\\\/\\\/blog.vida.at\\\/pensionisten\\\/2021\\\/09\\\/14\\\/zurueck-auf-die-grosse-buehne\\\/#breadcrumb\"},\"inLanguage\":\"de\",\"potentialAction\":[{\"@type\":\"ReadAction\",\"target\":[\"https:\\\/\\\/blog.vida.at\\\/pensionisten\\\/2021\\\/09\\\/14\\\/zurueck-auf-die-grosse-buehne\\\/\"]}]},{\"@type\":\"ImageObject\",\"inLanguage\":\"de\",\"@id\":\"https:\\\/\\\/blog.vida.at\\\/pensionisten\\\/2021\\\/09\\\/14\\\/zurueck-auf-die-grosse-buehne\\\/#primaryimage\",\"url\":\"https:\\\/\\\/blog.vida.at\\\/pensionisten\\\/wp-content\\\/uploads\\\/sites\\\/10\\\/2021\\\/09\\\/S27_oben_MissSaigon.jpg\",\"contentUrl\":\"https:\\\/\\\/blog.vida.at\\\/pensionisten\\\/wp-content\\\/uploads\\\/sites\\\/10\\\/2021\\\/09\\\/S27_oben_MissSaigon.jpg\",\"width\":2048,\"height\":1448},{\"@type\":\"BreadcrumbList\",\"@id\":\"https:\\\/\\\/blog.vida.at\\\/pensionisten\\\/2021\\\/09\\\/14\\\/zurueck-auf-die-grosse-buehne\\\/#breadcrumb\",\"itemListElement\":[{\"@type\":\"ListItem\",\"position\":1,\"name\":\"Startseite\",\"item\":\"https:\\\/\\\/blog.vida.at\\\/pensionisten\\\/\"},{\"@type\":\"ListItem\",\"position\":2,\"name\":\"Zur\u00fcck auf die gro\u00dfe B\u00fchne\"}]},{\"@type\":\"WebSite\",\"@id\":\"https:\\\/\\\/blog.vida.at\\\/pensionisten\\\/#website\",\"url\":\"https:\\\/\\\/blog.vida.at\\\/pensionisten\\\/\",\"name\":\"vida Pensionisten\",\"description\":\"\",\"potentialAction\":[{\"@type\":\"SearchAction\",\"target\":{\"@type\":\"EntryPoint\",\"urlTemplate\":\"https:\\\/\\\/blog.vida.at\\\/pensionisten\\\/?s={search_term_string}\"},\"query-input\":{\"@type\":\"PropertyValueSpecification\",\"valueRequired\":true,\"valueName\":\"search_term_string\"}}],\"inLanguage\":\"de\"},{\"@type\":\"Person\",\"@id\":\"https:\\\/\\\/blog.vida.at\\\/pensionisten\\\/#\\\/schema\\\/person\\\/88cee3ee93b9afdc51c92f5f63f38b8a\",\"name\":\"mariontobola\",\"image\":{\"@type\":\"ImageObject\",\"inLanguage\":\"de\",\"@id\":\"https:\\\/\\\/secure.gravatar.com\\\/avatar\\\/5d2c516985e4eda61bca05bd3b4359b4358135bd1e1a5b08c539e9cd1edd6528?s=96&d=mm&r=g\",\"url\":\"https:\\\/\\\/secure.gravatar.com\\\/avatar\\\/5d2c516985e4eda61bca05bd3b4359b4358135bd1e1a5b08c539e9cd1edd6528?s=96&d=mm&r=g\",\"contentUrl\":\"https:\\\/\\\/secure.gravatar.com\\\/avatar\\\/5d2c516985e4eda61bca05bd3b4359b4358135bd1e1a5b08c539e9cd1edd6528?s=96&d=mm&r=g\",\"caption\":\"mariontobola\"},\"url\":\"https:\\\/\\\/blog.vida.at\\\/pensionisten\\\/author\\\/mariontobola\\\/\"}]}<\/script>\n<!-- \/ Yoast SEO plugin. -->","yoast_head_json":{"title":"Zur\u00fcck auf die gro\u00dfe B\u00fchne","robots":{"index":"index","follow":"follow","max-snippet":"max-snippet:-1","max-image-preview":"max-image-preview:large","max-video-preview":"max-video-preview:-1"},"canonical":"https:\/\/blog.vida.at\/pensionisten\/2021\/09\/14\/zurueck-auf-die-grosse-buehne\/","og_locale":"de_DE","og_type":"article","og_title":"Zur\u00fcck auf die gro\u00dfe B\u00fchne","og_description":"Viele Kulturangebote und ein Gewinn mit deiner vida. Mach mit! Wenn der Vorhang aufgeht und der Applaus beginnt, dann ist die Kultur wieder zur\u00fcck! Die&nbsp;&gt;&gt;&gt;&nbsp;\u00d6GB-Kartenstelle&nbsp;hat f\u00fcr dich als vida-Mitglied viele Angebote im Repertoire.&nbsp;Wie w\u00e4re es mit einem Musical- oder einem Kabarettabend?&nbsp;Mit deiner&nbsp;&gt;&gt;&gt;&nbsp;vida-Mitgliedskarte&nbsp;bekommst du erm\u00e4\u00dfigte Karten f\u00fcr viele Veranstaltungen. Also, schnell Karten bei deiner \u00d6GB-Kartenstelle sichern &hellip; \u201eZur\u00fcck auf die gro\u00dfe B\u00fchne\u201c weiterlesen","og_url":"https:\/\/blog.vida.at\/pensionisten\/2021\/09\/14\/zurueck-auf-die-grosse-buehne\/","og_site_name":"vida Pensionisten","article_published_time":"2021-09-14T06:48:19+00:00","article_modified_time":"2021-12-13T14:05:55+00:00","og_image":[{"width":2048,"height":1448,"url":"https:\/\/blog.vida.at\/pensionisten\/wp-content\/uploads\/sites\/10\/2021\/09\/S27_oben_MissSaigon.jpg","type":"image\/jpeg"}],"author":"mariontobola","twitter_card":"summary_large_image","twitter_misc":{"Verfasst von":"mariontobola","Gesch\u00e4tzte Lesezeit":"3\u00a0Minuten"},"schema":{"@context":"https:\/\/schema.org","@graph":[{"@type":"Article","@id":"https:\/\/blog.vida.at\/pensionisten\/2021\/09\/14\/zurueck-auf-die-grosse-buehne\/#article","isPartOf":{"@id":"https:\/\/blog.vida.at\/pensionisten\/2021\/09\/14\/zurueck-auf-die-grosse-buehne\/"},"author":{"name":"mariontobola","@id":"https:\/\/blog.vida.at\/pensionisten\/#\/schema\/person\/88cee3ee93b9afdc51c92f5f63f38b8a"},"headline":"Zur\u00fcck auf die gro\u00dfe B\u00fchne","datePublished":"2021-09-14T06:48:19+00:00","dateModified":"2021-12-13T14:05:55+00:00","mainEntityOfPage":{"@id":"https:\/\/blog.vida.at\/pensionisten\/2021\/09\/14\/zurueck-auf-die-grosse-buehne\/"},"wordCount":419,"commentCount":0,"image":{"@id":"https:\/\/blog.vida.at\/pensionisten\/2021\/09\/14\/zurueck-auf-die-grosse-buehne\/#primaryimage"},"thumbnailUrl":"https:\/\/blog.vida.at\/pensionisten\/wp-content\/uploads\/sites\/10\/2021\/09\/S27_oben_MissSaigon.jpg","inLanguage":"de","potentialAction":[{"@type":"CommentAction","name":"Comment","target":["https:\/\/blog.vida.at\/pensionisten\/2021\/09\/14\/zurueck-auf-die-grosse-buehne\/#respond"]}]},{"@type":"WebPage","@id":"https:\/\/blog.vida.at\/pensionisten\/2021\/09\/14\/zurueck-auf-die-grosse-buehne\/","url":"https:\/\/blog.vida.at\/pensionisten\/2021\/09\/14\/zurueck-auf-die-grosse-buehne\/","name":"Zur\u00fcck auf die gro\u00dfe B\u00fchne","isPartOf":{"@id":"https:\/\/blog.vida.at\/pensionisten\/#website"},"primaryImageOfPage":{"@id":"https:\/\/blog.vida.at\/pensionisten\/2021\/09\/14\/zurueck-auf-die-grosse-buehne\/#primaryimage"},"image":{"@id":"https:\/\/blog.vida.at\/pensionisten\/2021\/09\/14\/zurueck-auf-die-grosse-buehne\/#primaryimage"},"thumbnailUrl":"https:\/\/blog.vida.at\/pensionisten\/wp-content\/uploads\/sites\/10\/2021\/09\/S27_oben_MissSaigon.jpg","datePublished":"2021-09-14T06:48:19+00:00","dateModified":"2021-12-13T14:05:55+00:00","author":{"@id":"https:\/\/blog.vida.at\/pensionisten\/#\/schema\/person\/88cee3ee93b9afdc51c92f5f63f38b8a"},"breadcrumb":{"@id":"https:\/\/blog.vida.at\/pensionisten\/2021\/09\/14\/zurueck-auf-die-grosse-buehne\/#breadcrumb"},"inLanguage":"de","potentialAction":[{"@type":"ReadAction","target":["https:\/\/blog.vida.at\/pensionisten\/2021\/09\/14\/zurueck-auf-die-grosse-buehne\/"]}]},{"@type":"ImageObject","inLanguage":"de","@id":"https:\/\/blog.vida.at\/pensionisten\/2021\/09\/14\/zurueck-auf-die-grosse-buehne\/#primaryimage","url":"https:\/\/blog.vida.at\/pensionisten\/wp-content\/uploads\/sites\/10\/2021\/09\/S27_oben_MissSaigon.jpg","contentUrl":"https:\/\/blog.vida.at\/pensionisten\/wp-content\/uploads\/sites\/10\/2021\/09\/S27_oben_MissSaigon.jpg","width":2048,"height":1448},{"@type":"BreadcrumbList","@id":"https:\/\/blog.vida.at\/pensionisten\/2021\/09\/14\/zurueck-auf-die-grosse-buehne\/#breadcrumb","itemListElement":[{"@type":"ListItem","position":1,"name":"Startseite","item":"https:\/\/blog.vida.at\/pensionisten\/"},{"@type":"ListItem","position":2,"name":"Zur\u00fcck auf die gro\u00dfe B\u00fchne"}]},{"@type":"WebSite","@id":"https:\/\/blog.vida.at\/pensionisten\/#website","url":"https:\/\/blog.vida.at\/pensionisten\/","name":"vida Pensionisten","description":"","potentialAction":[{"@type":"SearchAction","target":{"@type":"EntryPoint","urlTemplate":"https:\/\/blog.vida.at\/pensionisten\/?s={search_term_string}"},"query-input":{"@type":"PropertyValueSpecification","valueRequired":true,"valueName":"search_term_string"}}],"inLanguage":"de"},{"@type":"Person","@id":"https:\/\/blog.vida.at\/pensionisten\/#\/schema\/person\/88cee3ee93b9afdc51c92f5f63f38b8a","name":"mariontobola","image":{"@type":"ImageObject","inLanguage":"de","@id":"https:\/\/secure.gravatar.com\/avatar\/5d2c516985e4eda61bca05bd3b4359b4358135bd1e1a5b08c539e9cd1edd6528?s=96&d=mm&r=g","url":"https:\/\/secure.gravatar.com\/avatar\/5d2c516985e4eda61bca05bd3b4359b4358135bd1e1a5b08c539e9cd1edd6528?s=96&d=mm&r=g","contentUrl":"https:\/\/secure.gravatar.com\/avatar\/5d2c516985e4eda61bca05bd3b4359b4358135bd1e1a5b08c539e9cd1edd6528?s=96&d=mm&r=g","caption":"mariontobola"},"url":"https:\/\/blog.vida.at\/pensionisten\/author\/mariontobola\/"}]}},"author_meta":{"display_name":"mariontobola","author_link":"https:\/\/blog.vida.at\/pensionisten\/author\/mariontobola\/"},"featured_img":"https:\/\/blog.vida.at\/pensionisten\/wp-content\/uploads\/sites\/10\/2021\/09\/S27_oben_MissSaigon-300x212.jpg","featured_image_src":"https:\/\/blog.vida.at\/pensionisten\/wp-content\/uploads\/sites\/10\/2021\/09\/S27_oben_MissSaigon-600x400.jpg","featured_image_src_square":"https:\/\/blog.vida.at\/pensionisten\/wp-content\/uploads\/sites\/10\/2021\/09\/S27_oben_MissSaigon-600x600.jpg","uagb_featured_image_src":{"full":["https:\/\/blog.vida.at\/pensionisten\/wp-content\/uploads\/sites\/10\/2021\/09\/S27_oben_MissSaigon.jpg",2048,1448,false],"thumbnail":["https:\/\/blog.vida.at\/pensionisten\/wp-content\/uploads\/sites\/10\/2021\/09\/S27_oben_MissSaigon-150x150.jpg",150,150,true],"medium":["https:\/\/blog.vida.at\/pensionisten\/wp-content\/uploads\/sites\/10\/2021\/09\/S27_oben_MissSaigon-300x212.jpg",300,212,true],"medium_large":["https:\/\/blog.vida.at\/pensionisten\/wp-content\/uploads\/sites\/10\/2021\/09\/S27_oben_MissSaigon-768x543.jpg",640,453,true],"large":["https:\/\/blog.vida.at\/pensionisten\/wp-content\/uploads\/sites\/10\/2021\/09\/S27_oben_MissSaigon-1024x724.jpg",640,453,true],"1536x1536":["https:\/\/blog.vida.at\/pensionisten\/wp-content\/uploads\/sites\/10\/2021\/09\/S27_oben_MissSaigon-1536x1086.jpg",1536,1086,true],"2048x2048":["https:\/\/blog.vida.at\/pensionisten\/wp-content\/uploads\/sites\/10\/2021\/09\/S27_oben_MissSaigon.jpg",2048,1448,false],"ab-block-post-grid-landscape":["https:\/\/blog.vida.at\/pensionisten\/wp-content\/uploads\/sites\/10\/2021\/09\/S27_oben_MissSaigon-600x400.jpg",600,400,true],"ab-block-post-grid-square":["https:\/\/blog.vida.at\/pensionisten\/wp-content\/uploads\/sites\/10\/2021\/09\/S27_oben_MissSaigon-600x600.jpg",600,600,true],"post-thumbnail":["https:\/\/blog.vida.at\/pensionisten\/wp-content\/uploads\/sites\/10\/2021\/09\/S27_oben_MissSaigon-1568x1109.jpg",1568,1109,true],"awb_sm":["https:\/\/blog.vida.at\/pensionisten\/wp-content\/uploads\/sites\/10\/2021\/09\/S27_oben_MissSaigon-500x354.jpg",500,354,true],"awb_md":["https:\/\/blog.vida.at\/pensionisten\/wp-content\/uploads\/sites\/10\/2021\/09\/S27_oben_MissSaigon-800x566.jpg",800,566,true],"awb_lg":["https:\/\/blog.vida.at\/pensionisten\/wp-content\/uploads\/sites\/10\/2021\/09\/S27_oben_MissSaigon-1280x905.jpg",1280,905,true],"awb_xl":["https:\/\/blog.vida.at\/pensionisten\/wp-content\/uploads\/sites\/10\/2021\/09\/S27_oben_MissSaigon-1920x1358.jpg",1920,1358,true]},"uagb_author_info":{"display_name":"mariontobola","author_link":"https:\/\/blog.vida.at\/pensionisten\/author\/mariontobola\/"},"uagb_comment_info":0,"uagb_excerpt":"Viele Kulturangebote und ein Gewinn mit deiner vida. Mach mit! Wenn der Vorhang aufgeht und der Applaus beginnt, dann ist die Kultur wieder zur\u00fcck! Die&nbsp;&gt;&gt;&gt;&nbsp;\u00d6GB-Kartenstelle&nbsp;hat f\u00fcr dich als vida-Mitglied viele Angebote im Repertoire.&nbsp;Wie w\u00e4re es mit einem Musical- oder einem Kabarettabend?&nbsp;Mit deiner&nbsp;&gt;&gt;&gt;&nbsp;vida-Mitgliedskarte&nbsp;bekommst du erm\u00e4\u00dfigte Karten f\u00fcr viele Veranstaltungen. Also, schnell Karten bei deiner \u00d6GB-Kartenstelle sichern&hellip;","coauthors":[],"tax_additional":{"categories":{"linked":["<a href=\"https:\/\/blog.vida.at\/pensionisten\/category\/allgemein\/\" class=\"advgb-post-tax-term\">Allgemein<\/a>"],"unlinked":["<span class=\"advgb-post-tax-term\">Allgemein<\/span>"]}},"comment_count":"0","relative_dates":{"created":"Ver\u00f6ffentlicht 5\u00a0Jahren vor","modified":"Aktualisiert 4\u00a0Jahren vor"},"absolute_dates":{"created":"Ver\u00f6ffentlicht am 14. September 2021","modified":"Aktualisiert am 13. Dezember 2021"},"absolute_dates_time":{"created":"Ver\u00f6ffentlicht am 14. September 2021 8:48","modified":"Aktualisiert am 13. Dezember 2021 15:05"},"featured_img_caption":"","series_order":"","_links":{"self":[{"href":"https:\/\/blog.vida.at\/pensionisten\/wp-json\/wp\/v2\/posts\/2851","targetHints":{"allow":["GET"]}}],"collection":[{"href":"https:\/\/blog.vida.at\/pensionisten\/wp-json\/wp\/v2\/posts"}],"about":[{"href":"https:\/\/blog.vida.at\/pensionisten\/wp-json\/wp\/v2\/types\/post"}],"author":[{"embeddable":true,"href":"https:\/\/blog.vida.at\/pensionisten\/wp-json\/wp\/v2\/users\/8"}],"replies":[{"embeddable":true,"href":"https:\/\/blog.vida.at\/pensionisten\/wp-json\/wp\/v2\/comments?post=2851"}],"version-history":[{"count":6,"href":"https:\/\/blog.vida.at\/pensionisten\/wp-json\/wp\/v2\/posts\/2851\/revisions"}],"predecessor-version":[{"id":3892,"href":"https:\/\/blog.vida.at\/pensionisten\/wp-json\/wp\/v2\/posts\/2851\/revisions\/3892"}],"wp:featuredmedia":[{"embeddable":true,"href":"https:\/\/blog.vida.at\/pensionisten\/wp-json\/wp\/v2\/media\/2852"}],"wp:attachment":[{"href":"https:\/\/blog.vida.at\/pensionisten\/wp-json\/wp\/v2\/media?parent=2851"}],"wp:term":[{"taxonomy":"category","embeddable":true,"href":"https:\/\/blog.vida.at\/pensionisten\/wp-json\/wp\/v2\/categories?post=2851"},{"taxonomy":"post_tag","embeddable":true,"href":"https:\/\/blog.vida.at\/pensionisten\/wp-json\/wp\/v2\/tags?post=2851"},{"taxonomy":"Orte","embeddable":true,"href":"https:\/\/blog.vida.at\/pensionisten\/wp-json\/wp\/v2\/Orte?post=2851"},{"taxonomy":"activitytype","embeddable":true,"href":"https:\/\/blog.vida.at\/pensionisten\/wp-json\/wp\/v2\/activitytype?post=2851"}],"curies":[{"name":"wp","href":"https:\/\/api.w.org\/{rel}","templated":true}]}}