
{"id":3074,"date":"2021-11-23T10:59:01","date_gmt":"2021-11-23T09:59:01","guid":{"rendered":"https:\/\/blog.vida.at\/pensionisten\/?p=3074"},"modified":"2021-11-30T13:08:10","modified_gmt":"2021-11-30T12:08:10","slug":"niederoestereich","status":"publish","type":"post","link":"https:\/\/blog.vida.at\/pensionisten\/2021\/11\/23\/niederoestereich\/","title":{"rendered":"Nieder\u00f6stereich"},"content":{"rendered":"\n<p>Hier findet du wichtige Infos, Adressen zu den Sozialen Diensten und Essen auf R\u00e4dern, und Seniorentagesbetreuung im Bundesland Nieder\u00f6sterreich.<\/p>\n\n\n\n<div class=\"wp-block-group Container\"><div class=\"wp-block-group__inner-container is-layout-flow wp-block-group-is-layout-flow\">\n<div class=\"wp-block-ugb-accordion ugb-accordion ugb-0e46e1a ugb-accordion--v2 ugb-accordion--design-basic ugb-main-block\" aria-expanded=\"false\"><div class=\"ugb-inner-block\"><div class=\"ugb-block-content\"><div class=\"ugb-accordion__item\"><div class=\"ugb-accordion__heading\" role=\"button\" tabindex=\"0\"><h4 class=\"ugb-accordion__title\">Allgemeines<\/h4><svg viewbox=\"0 0 20 20\" xmlns=\"http:\/\/www.w3.org\/2000\/svg\" class=\"ugb-accordion__arrow\" width=\"20\" height=\"20\"><path d=\"M16.7 3.3L10 10 3.3 3.4 0 6.7l10 10v-.1l10-9.9z\"><\/path><\/svg><\/div><div class=\"ugb-accordion__content\" role=\"region\"><div class=\"ugb-accordion__content-inner\">\n<h4 class=\"wp-block-heading\">Sozialministeriumservice, Landesstelle Nieder\u00f6sterreich<\/h4>\n\n\n\n<p>Daniel-Gran-Stra\u00dfe 8\/3. Stock, 3100 St. P\u00f6lten<\/p>\n\n\n\n<p>Tel: 02742 31 22 24<\/p>\n\n\n\n<p>E-Mail: <a href=\"mailto:post.niederoesterreich@sozialministeriumservice.at\">post.niederoesterreich@sozialministeriumservice.at<\/a><\/p>\n\n\n\n<p><a href=\"https:\/\/www.sozialministeriumservice.at\/\">&gt;&gt;<\/a><a href=\"https:\/\/www.sozialministeriumservice.at\/\" target=\"_blank\" rel=\"noreferrer noopener\">&gt; Hier geht&#8217;s zur Website<\/a><\/p>\n\n\n\n<hr class=\"wp-block-separator is-style-wide\" \/>\n\n\n\n<h4 class=\"wp-block-heading\">Pensionistenverband \u00d6sterreichs Landesorganisation Nieder\u00f6sterreich<\/h4>\n\n\n\n<p>Bahnhofplatz 10\/4\/3, 3100 St. P\u00f6lten&nbsp;<\/p>\n\n\n\n<p>Tel: 02742 491 99&nbsp;&nbsp;<\/p>\n\n\n\n<p>E-Mail: <a href=\"mailto:niederoesterreich@pvoe.at\">niederoesterreich@pvoe.at<\/a>&nbsp;<\/p>\n\n\n\n<p><a href=\"http:\/\/noe.pvoe.at\">&gt;&gt;&gt; Hier geht&#8217;s zur Website<\/a><\/p>\n\n\n\n<hr class=\"wp-block-separator is-style-wide\" \/>\n\n\n\n<h4 class=\"wp-block-heading\">Pflegehotline des Landes Nieder\u00f6sterreich<\/h4>\n\n\n\n<p>Landhausplatz 1 (Haus 7), 3100 St. P\u00f6lten&nbsp;<\/p>\n\n\n\n<p>Tel: 02742 9005 9095&nbsp;<\/p>\n\n\n\n<p>E-Mail: <a href=\"mailto:post.pflegehotline@noel.gv.at\">post.pflegehotline@noel.gv.at<\/a><\/p>\n\n\n\n<p><a href=\"https:\/\/www.noe.gv.at\/noe\/Pflege\/Pflegehotline.html\" target=\"_blank\" rel=\"noreferrer noopener\">&gt;&gt;&gt; Hier geht&#8217;s zur Website<\/a><\/p>\n\n\n\n<hr class=\"wp-block-separator is-style-wide\" \/>\n\n\n\n<h4 class=\"wp-block-heading\">Essen auf R\u00e4dern<\/h4>\n\n\n\n<p>He\u00dfstra\u00dfe 6, 2. Stock, Zimmer 5, 3100 St. P\u00f6lten<\/p>\n\n\n\n<p>Tel: 2742 333 2555<br>E-Mail: <a href=\"mailto:sozialhilfe@st-poelten.gv.at\" target=\"_blank\" rel=\"noreferrer noopener\">sozialhilfe@st-poelten.gv.at<\/a><\/p>\n\n\n\n<p><a href=\"https:\/\/www.st-poelten.at\/117-buergerservice\/familie\/senioren\/8800-essen-auf-raedern\" target=\"_blank\" rel=\"noreferrer noopener\">&gt;&gt;&gt; Hier geht&#8217;s zur Website<\/a><br><\/p>\n<\/div><\/div><\/div><\/div><\/div><\/div>\n\n\n\n<div class=\"wp-block-ugb-accordion ugb-accordion ugb-b629e86 ugb-accordion--v2 ugb-accordion--design-basic ugb-main-block\" aria-expanded=\"false\"><div class=\"ugb-inner-block\"><div class=\"ugb-block-content\"><div class=\"ugb-accordion__item\"><div class=\"ugb-accordion__heading\" role=\"button\" tabindex=\"0\"><h4 class=\"ugb-accordion__title\">Soziale Dienste<\/h4><svg viewbox=\"0 0 20 20\" xmlns=\"http:\/\/www.w3.org\/2000\/svg\" class=\"ugb-accordion__arrow\" width=\"20\" height=\"20\"><path d=\"M16.7 3.3L10 10 3.3 3.4 0 6.7l10 10v-.1l10-9.9z\"><\/path><\/svg><\/div><div class=\"ugb-accordion__content\" role=\"region\"><div class=\"ugb-accordion__content-inner\">\n<h4 class=\"wp-block-heading\">Caritas St. P\u00f6lten &amp; N\u00d6-West<\/h4>\n\n\n\n<p><strong>Zust\u00e4ndig f\u00fcr: Menschen mit Pflegebedarf, Kompetenzstelle Trauer, Mobiles Hospiz<\/strong><\/p>\n\n\n\n<p>Hasnerstra\u00dfe 4, 3100 St. P\u00f6lten<\/p>\n\n\n\n<p>Tel: 02742 844-0<\/p>\n\n\n\n<p>E-Mail: <a href=\"mailto:info@caritas-stpoelten.at\">info@caritas-stpoelten.at<\/a><\/p>\n\n\n\n<p><a href=\"https:\/\/www.caritas-stpoelten.at\/\" target=\"_blank\" rel=\"noreferrer noopener\">&gt;&gt;&gt; Hier geht&#8217;s zur Website<\/a><\/p>\n\n\n\n<hr class=\"wp-block-separator is-style-wide\" \/>\n\n\n\n<h4 class=\"wp-block-heading\">Hilfswerk Nieder\u00f6sterreich Betriebs GmbH<\/h4>\n\n\n\n<p><strong>Zust\u00e4ndig f\u00fcr: Pflege und Betreuung, (Mobiles) Notruftelefon<\/strong><\/p>\n\n\n\n<p>Ferstlergasse 4, 3100 St. P\u00f6lten&nbsp;<\/p>\n\n\n\n<p>Tel: 05 9249&nbsp;<\/p>\n\n\n\n<p>E-Mail: <a href=\"mailto:service@noe.hilfswerk.at\">service@noe.hilfswerk.at<\/a>&nbsp;<\/p>\n\n\n\n<p><a href=\"https:\/\/www.hilfswerk.at\/niederoesterreich\/\" target=\"_blank\" rel=\"noreferrer noopener\">&gt;&gt;&gt; Hier geht&#8217;s zur Website<\/a><\/p>\n\n\n\n<hr class=\"wp-block-separator is-style-wide\" \/>\n\n\n\n<h4 class=\"wp-block-heading\">Volkshilfe Nieder\u00f6sterreich<\/h4>\n\n\n\n<p>Grazer Stra\u00dfe 49-51 , 2700 Wiener Neustadt&nbsp;<\/p>\n\n\n\n<p>Tel: 02622 822 00&nbsp;<\/p>\n\n\n\n<p>E-Mail: <a href=\"mailto:center@noe-volkshilfe.at\">center@noe-volkshilfe.at<\/a><\/p>\n\n\n\n<p><a href=\"https:\/\/www.noe-volkshilfe.at\/\" target=\"_blank\" rel=\"noreferrer noopener\">&gt;&gt;&gt; Hier geht&#8217;s zur Website<\/a><\/p>\n\n\n\n<hr class=\"wp-block-separator is-style-wide\" \/>\n\n\n\n<h4 class=\"wp-block-heading\">Rotes Kreuz Nieder\u00f6sterreich<\/h4>\n\n\n\n<p><strong>Zust\u00e4ndig f\u00fcr: Pflege und Betreuung, Wohnen im Alter, Essen zu Hause<\/strong><\/p>\n\n\n\n<p>Franz-Zant-Allee 3-5, 3430 Tulln<\/p>\n\n\n\n<p>Tel: 059 144 8200 + Postleitzahl<\/p>\n\n\n\n<p>E-Mail: <a href=\"mailto:pflege-betreuung@n.roteskreuz.at\">pflege-betreuung@n.roteskreuz.at<\/a><\/p>\n\n\n\n<p><a href=\"https:\/\/www.roteskreuz.at\/niederoesterreich\/\" target=\"_blank\" rel=\"noreferrer noopener\">&gt;&gt;&gt; Hier geht&#8217;s zur Website<\/a><\/p>\n<\/div><\/div><\/div><\/div><\/div><\/div>\n\n\n\n<div class=\"wp-block-ugb-accordion ugb-accordion ugb-be4fd4c ugb-accordion--v2 ugb-accordion--design-basic ugb-main-block\" aria-expanded=\"false\"><div class=\"ugb-inner-block\"><div class=\"ugb-block-content\"><div class=\"ugb-accordion__item\"><div class=\"ugb-accordion__heading\" role=\"button\" tabindex=\"0\"><h4 class=\"ugb-accordion__title\">Seniorentageszentren<\/h4><svg viewbox=\"0 0 20 20\" xmlns=\"http:\/\/www.w3.org\/2000\/svg\" class=\"ugb-accordion__arrow\" width=\"20\" height=\"20\"><path d=\"M16.7 3.3L10 10 3.3 3.4 0 6.7l10 10v-.1l10-9.9z\"><\/path><\/svg><\/div><div class=\"ugb-accordion__content\" role=\"region\"><div class=\"ugb-accordion__content-inner\">\n<p> <strong><a href=\"https:\/\/www.burgenland.at\/themen\/pflege\/seniorentagesbetreuung\/\" target=\"_blank\" rel=\"noreferrer noopener\">&gt;&gt;<\/a><a href=\"https:\/\/www.land-oberoesterreich.gv.at\/18788.htm\" target=\"_blank\" rel=\"noreferrer noopener\">&gt; INFOS zu Seniorentagesbetreuung in Nieder\u00f6sterreich<\/a><\/strong> <\/p>\n\n\n\n<hr class=\"wp-block-separator is-style-wide\" \/>\n\n\n\n<h4 class=\"wp-block-heading\">Bleib.Aktiv Zentrum Amstetten<\/h4>\n\n\n\n<p>Krankenhausstra\u00dfe 10,  3300&nbsp;Amstetten<\/p>\n\n\n\n<p>Tel: 059144-51000<\/p>\n\n\n\n<p>E-Mail: <a href=\"mailto:post.niederoesterreich@sozialministeriumservice.at\">amstetten@n.roteskreuz.at<\/a><\/p>\n\n\n\n<p><a href=\"https:\/\/www.roteskreuz.at\/niederoesterreich\/amstetten\/ich-brauche-hilfe\/tageszentren-fuer-senior-innen\" target=\"_blank\" rel=\"noreferrer noopener\">&gt;&gt;&gt; Hier geht&#8217;s zur Website<\/a><\/p>\n\n\n\n<hr class=\"wp-block-separator is-style-wide\" \/>\n\n\n\n<h4 class=\"wp-block-heading\">Bleib.Aktiv Zentrum Brunn am Gebirge<\/h4>\n\n\n\n<p>Alexander Gro\u00df-Gasse 71,  2345&nbsp;Brunn am Gebirge<\/p>\n\n\n\n<p>Tel: 059144-64400<\/p>\n\n\n\n<p>E-Mail: <a href=\"mailto:niederoesterreich@pvoe.at\">b<\/a><a href=\"mailto:brunn@n.roteskreuz.at\">runn@n.roteskreuz.at<\/a><\/p>\n\n\n\n<p><a href=\"https:\/\/www.roteskreuz.at\/niederoesterreich\/brunn-am-gebirge\/ich-brauche-hilfe\/tageszentren-fuer-senior-innen\" target=\"_blank\" rel=\"noreferrer noopener\">&gt;&gt;&gt; Hier geht&#8217;s zur Website<\/a><\/p>\n\n\n\n<hr class=\"wp-block-separator is-style-wide\" \/>\n\n\n\n<h4 class=\"wp-block-heading\">Bleib.Aktiv Zentrum Melk<\/h4>\n\n\n\n<p>Nibelungenl\u00e4nde 7,  3390&nbsp;Melk<\/p>\n\n\n\n<p>Tel: &nbsp;059144-62012&nbsp;(Klaudia Draxler)<\/p>\n\n\n\n<p>E-Mail: <a href=\"mailto:klaudia.draxler@n.roteskreuz.at\">klaudia.draxler@n.roteskreuz.at<\/a><\/p>\n\n\n\n<p><a href=\"https:\/\/www.noe.gv.at\/noe\/Pflege\/Pflegehotline.html\" target=\"_blank\" rel=\"noreferrer noopener\">&gt;&gt;<\/a><a href=\"https:\/\/www.roteskreuz.at\/niederoesterreich\/melk\/ich-brauche-hilfe\/tageszentren-fuer-senior-innen\" target=\"_blank\" rel=\"noreferrer noopener\">&gt; Hier geht&#8217;s zur Website<\/a><\/p>\n\n\n\n<hr class=\"wp-block-separator is-style-wide\" \/>\n\n\n\n<h4 class=\"wp-block-heading\">Seniorentageszentrum St. Georgen am Ybbsfelde<\/h4>\n\n\n\n<p>Marktstra\u00dfe 19,  3304&nbsp;St. Georgen am Ybbsfelde<\/p>\n\n\n\n<p>Tel: 07473 30036 oder 0664\/4124466<\/p>\n\n\n\n<p>E-Mail: <a href=\"mailto:seniorentageszentrum@gmx.at\">seniorentageszentrum@gmx.at<\/a><\/p>\n\n\n\n<p><a href=\"http:\/\/www.seniorentageszentrum.at\/\" target=\"_blank\" rel=\"noreferrer noopener\">&gt;&gt;&gt; Hier geht&#8217;s zur Website<\/a><\/p>\n\n\n\n<hr class=\"wp-block-separator is-style-wide\" \/>\n\n\n\n<h4 class=\"wp-block-heading\">Schloss Liechtenstein<\/h4>\n\n\n\n<p>Am Hausberg 1 Schlo\u00df,  2344&nbsp;Maria Enzersdorf<\/p>\n\n\n\n<p>Tel: 02236 892900<\/p>\n\n\n\n<p>E-Mail: <a href=\"mailto:liechtenstein@wpk.at\">liechtenstein@wpk.at<\/a><\/p>\n\n\n\n<p><a href=\"https:\/\/www.schlossliechtenstein.at\/\">&gt;&gt;&gt; Hier geht&#8217;s zur Website<\/a><\/p>\n\n\n\n<hr class=\"wp-block-separator is-style-wide\" \/>\n\n\n\n<h4 class=\"wp-block-heading\">Seniorenzentrum Schwechat<\/h4>\n\n\n\n<p>Altkettenhofer Stra\u00dfe 5,  2320&nbsp;Schwechat<\/p>\n\n\n\n<p>Tel: 01\/7063505-901<\/p>\n\n\n\n<p>E-Mail: <a href=\"mailto:h.varga-meissl@schwechat.gv.at\">center@noe-volkshilfe.at<\/a><\/p>\n\n\n\n<p><a href=\"https:\/\/www.noe-volkshilfe.at\/senioren\/tageszentrum-kurzzeitpflege\/tageszentren-kurzzeitpflege\/wiener-neudorf\/\" target=\"_blank\" rel=\"noreferrer noopener\">&gt;<\/a><a href=\"https:\/\/www.seniorenheim.at\/seniorenzentrum-schwechat\/\" target=\"_blank\" rel=\"noreferrer noopener\">&gt;&gt; Hier geht&#8217;s zur Website<\/a><\/p>\n\n\n\n<hr class=\"wp-block-separator is-style-wide\" \/>\n\n\n\n<h4 class=\"wp-block-heading\">Sozialzentrum Wiener Neudorf<\/h4>\n\n\n\n<p>Schlo\u00dfm\u00fchlplatz 3,  2351&nbsp;Wiener Neudorf<\/p>\n\n\n\n<p>Info-Hotline: 0676\/8676<\/p>\n\n\n\n<p>E-Mail: <a href=\"mailto:center@noe-volkshilfe.at\">center@noe-volkshilfe.at<\/a><\/p>\n\n\n\n<p><a href=\"https:\/\/www.noe-volkshilfe.at\/senioren\/tageszentrum-kurzzeitpflege\/tageszentren-kurzzeitpflege\/wiener-neudorf\/\" target=\"_blank\" rel=\"noreferrer noopener\">&gt;&gt;&gt; Hier geht&#8217;s zur Website<\/a><\/p>\n\n\n\n<p><br><\/p>\n<\/div><\/div><\/div><\/div><\/div><\/div>\n<\/div><\/div>\n\n\n\n<p><\/p>\n\n\n\n<p><\/p>\n","protected":false},"excerpt":{"rendered":"<p>Hier findet du wichtige Infos, Adressen zu den Sozialen Diensten und Essen auf R\u00e4dern, und Seniorentagesbetreuung im Bundesland Nieder\u00f6sterreich. Sozialministeriumservice, Landesstelle Nieder\u00f6sterreich Daniel-Gran-Stra\u00dfe 8\/3. Stock, 3100 St. P\u00f6lten Tel: 02742 31 22 24 E-Mail: post.niederoesterreich@sozialministeriumservice.at &gt;&gt;&gt; Hier geht&#8217;s zur Website Pensionistenverband \u00d6sterreichs Landesorganisation Nieder\u00f6sterreich Bahnhofplatz 10\/4\/3, 3100 St. P\u00f6lten&nbsp; Tel: 02742 491 99&nbsp;&nbsp; E-Mail: niederoesterreich@pvoe.at&nbsp; &hellip; <\/p>\n<p class=\"link-more\"><a href=\"https:\/\/blog.vida.at\/pensionisten\/2021\/11\/23\/niederoestereich\/\" class=\"more-link\"><span class=\"screen-reader-text\">\u201eNieder\u00f6stereich\u201c <\/span>weiterlesen<\/a><\/p>\n","protected":false},"author":1,"featured_media":2602,"comment_status":"open","ping_status":"open","sticky":false,"template":"","format":"standard","meta":{"_uag_custom_page_level_css":"","advgb_blocks_editor_width":"","advgb_blocks_columns_visual_guide":"","footnotes":""},"categories":[1],"tags":[],"Orte":[],"activitytype":[],"class_list":["post-3074","post","type-post","status-publish","format-standard","has-post-thumbnail","hentry","category-allgemein","entry"],"featured_image_urls":{"full":["https:\/\/blog.vida.at\/pensionisten\/wp-content\/uploads\/sites\/10\/2021\/07\/recht4.png",2832,1891,false],"thumbnail":["https:\/\/blog.vida.at\/pensionisten\/wp-content\/uploads\/sites\/10\/2021\/07\/recht4-150x150.png",150,150,true],"medium":["https:\/\/blog.vida.at\/pensionisten\/wp-content\/uploads\/sites\/10\/2021\/07\/recht4-300x200.png",300,200,true],"medium_large":["https:\/\/blog.vida.at\/pensionisten\/wp-content\/uploads\/sites\/10\/2021\/07\/recht4-768x513.png",640,428,true],"large":["https:\/\/blog.vida.at\/pensionisten\/wp-content\/uploads\/sites\/10\/2021\/07\/recht4-1024x684.png",640,428,true],"1536x1536":["https:\/\/blog.vida.at\/pensionisten\/wp-content\/uploads\/sites\/10\/2021\/07\/recht4-1536x1026.png",1536,1026,true],"2048x2048":["https:\/\/blog.vida.at\/pensionisten\/wp-content\/uploads\/sites\/10\/2021\/07\/recht4-2048x1368.png",2048,1368,true],"ab-block-post-grid-landscape":["https:\/\/blog.vida.at\/pensionisten\/wp-content\/uploads\/sites\/10\/2021\/07\/recht4-600x400.png",600,400,true],"ab-block-post-grid-square":["https:\/\/blog.vida.at\/pensionisten\/wp-content\/uploads\/sites\/10\/2021\/07\/recht4-600x600.png",600,600,true],"post-thumbnail":["https:\/\/blog.vida.at\/pensionisten\/wp-content\/uploads\/sites\/10\/2021\/07\/recht4-1568x1047.png",1568,1047,true],"awb_sm":["https:\/\/blog.vida.at\/pensionisten\/wp-content\/uploads\/sites\/10\/2021\/07\/recht4-500x334.png",500,334,true],"awb_md":["https:\/\/blog.vida.at\/pensionisten\/wp-content\/uploads\/sites\/10\/2021\/07\/recht4-800x534.png",800,534,true],"awb_lg":["https:\/\/blog.vida.at\/pensionisten\/wp-content\/uploads\/sites\/10\/2021\/07\/recht4-1280x855.png",1280,855,true],"awb_xl":["https:\/\/blog.vida.at\/pensionisten\/wp-content\/uploads\/sites\/10\/2021\/07\/recht4-1920x1282.png",1920,1282,true]},"post_excerpt_stackable":"<p>Hier findet du wichtige Infos, Adressen zu den Sozialen Diensten und Essen auf R\u00e4dern, und Seniorentagesbetreuung im Bundesland Nieder\u00f6sterreich. Allgemeines Sozialministeriumservice, Landesstelle Nieder\u00f6sterreich Daniel-Gran-Stra\u00dfe 8\/3. Stock, 3100 St. P\u00f6lten Tel: 02742 31 22 24 E-Mail: post.niederoesterreich@sozialministeriumservice.at &gt;&gt;&gt; Hier geht&#8217;s zur Website Pensionistenverband \u00d6sterreichs Landesorganisation Nieder\u00f6sterreich Bahnhofplatz 10\/4\/3, 3100 St. P\u00f6lten&nbsp; Tel: 02742 491 99&nbsp;&nbsp; E-Mail: niederoesterreich@pvoe.at&nbsp; &gt;&gt;&gt; Hier geht&#8217;s zur Website Pflegehotline des Landes Nieder\u00f6sterreich Landhausplatz 1 (Haus 7), 3100 St. P\u00f6lten&nbsp; Tel: 02742 9005 9095&nbsp; E-Mail: post.pflegehotline@noel.gv.at &gt;&gt;&gt; Hier geht&#8217;s zur Website Essen auf R\u00e4dern He\u00dfstra\u00dfe 6, 2. Stock, Zimmer 5, 3100 St. P\u00f6lten Tel: 2742 333 2555E-Mail: sozialhilfe@st-poelten.gv.at&hellip;<\/p>\n","category_list":"<a href=\"https:\/\/blog.vida.at\/pensionisten\/category\/allgemein\/\" rel=\"category tag\">Allgemein<\/a>","author_info":{"display_name":"blogvidaoegbvadmin","author_link":"https:\/\/blog.vida.at\/pensionisten\/author\/blogvidaoegbvadmin\/"},"comments_num":"0 comments","featured_image_urls_v2":{"full":["https:\/\/blog.vida.at\/pensionisten\/wp-content\/uploads\/sites\/10\/2021\/07\/recht4.png",2832,1891,false],"thumbnail":["https:\/\/blog.vida.at\/pensionisten\/wp-content\/uploads\/sites\/10\/2021\/07\/recht4-150x150.png",150,150,true],"medium":["https:\/\/blog.vida.at\/pensionisten\/wp-content\/uploads\/sites\/10\/2021\/07\/recht4-300x200.png",300,200,true],"medium_large":["https:\/\/blog.vida.at\/pensionisten\/wp-content\/uploads\/sites\/10\/2021\/07\/recht4-768x513.png",640,428,true],"large":["https:\/\/blog.vida.at\/pensionisten\/wp-content\/uploads\/sites\/10\/2021\/07\/recht4-1024x684.png",640,428,true],"1536x1536":["https:\/\/blog.vida.at\/pensionisten\/wp-content\/uploads\/sites\/10\/2021\/07\/recht4-1536x1026.png",1536,1026,true],"2048x2048":["https:\/\/blog.vida.at\/pensionisten\/wp-content\/uploads\/sites\/10\/2021\/07\/recht4-2048x1368.png",2048,1368,true],"ab-block-post-grid-landscape":["https:\/\/blog.vida.at\/pensionisten\/wp-content\/uploads\/sites\/10\/2021\/07\/recht4-600x400.png",600,400,true],"ab-block-post-grid-square":["https:\/\/blog.vida.at\/pensionisten\/wp-content\/uploads\/sites\/10\/2021\/07\/recht4-600x600.png",600,600,true],"post-thumbnail":["https:\/\/blog.vida.at\/pensionisten\/wp-content\/uploads\/sites\/10\/2021\/07\/recht4-1568x1047.png",1568,1047,true],"awb_sm":["https:\/\/blog.vida.at\/pensionisten\/wp-content\/uploads\/sites\/10\/2021\/07\/recht4-500x334.png",500,334,true],"awb_md":["https:\/\/blog.vida.at\/pensionisten\/wp-content\/uploads\/sites\/10\/2021\/07\/recht4-800x534.png",800,534,true],"awb_lg":["https:\/\/blog.vida.at\/pensionisten\/wp-content\/uploads\/sites\/10\/2021\/07\/recht4-1280x855.png",1280,855,true],"awb_xl":["https:\/\/blog.vida.at\/pensionisten\/wp-content\/uploads\/sites\/10\/2021\/07\/recht4-1920x1282.png",1920,1282,true]},"post_excerpt_stackable_v2":"<p>Hier findet du wichtige Infos, Adressen zu den Sozialen Diensten und Essen auf R\u00e4dern, und Seniorentagesbetreuung im Bundesland Nieder\u00f6sterreich. Allgemeines Sozialministeriumservice, Landesstelle Nieder\u00f6sterreich Daniel-Gran-Stra\u00dfe 8\/3. Stock, 3100 St. P\u00f6lten Tel: 02742 31 22 24 E-Mail: post.niederoesterreich@sozialministeriumservice.at &gt;&gt;&gt; Hier geht&#8217;s zur Website Pensionistenverband \u00d6sterreichs Landesorganisation Nieder\u00f6sterreich Bahnhofplatz 10\/4\/3, 3100 St. P\u00f6lten&nbsp; Tel: 02742 491 99&nbsp;&nbsp; E-Mail: niederoesterreich@pvoe.at&nbsp; &gt;&gt;&gt; Hier geht&#8217;s zur Website Pflegehotline des Landes Nieder\u00f6sterreich Landhausplatz 1 (Haus 7), 3100 St. P\u00f6lten&nbsp; Tel: 02742 9005 9095&nbsp; E-Mail: post.pflegehotline@noel.gv.at &gt;&gt;&gt; Hier geht&#8217;s zur Website Essen auf R\u00e4dern He\u00dfstra\u00dfe 6, 2. Stock, Zimmer 5, 3100 St. P\u00f6lten Tel: 2742 333 2555E-Mail: sozialhilfe@st-poelten.gv.at&hellip;<\/p>\n","category_list_v2":"<a href=\"https:\/\/blog.vida.at\/pensionisten\/category\/allgemein\/\" rel=\"category tag\">Allgemein<\/a>","author_info_v2":{"name":"blogvidaoegbvadmin","url":"https:\/\/blog.vida.at\/pensionisten\/author\/blogvidaoegbvadmin\/"},"comments_num_v2":"0 comments","yoast_head":"<!-- This site is optimized with the Yoast SEO plugin v27.3 - https:\/\/yoast.com\/product\/yoast-seo-wordpress\/ -->\n<title>Nieder\u00f6stereich<\/title>\n<meta name=\"robots\" content=\"index, follow, max-snippet:-1, max-image-preview:large, max-video-preview:-1\" \/>\n<link rel=\"canonical\" href=\"https:\/\/blog.vida.at\/pensionisten\/2021\/11\/23\/niederoestereich\/\" \/>\n<meta property=\"og:locale\" content=\"de_DE\" \/>\n<meta property=\"og:type\" content=\"article\" \/>\n<meta property=\"og:title\" content=\"Nieder\u00f6stereich\" \/>\n<meta property=\"og:description\" content=\"Hier findet du wichtige Infos, Adressen zu den Sozialen Diensten und Essen auf R\u00e4dern, und Seniorentagesbetreuung im Bundesland Nieder\u00f6sterreich. Sozialministeriumservice, Landesstelle Nieder\u00f6sterreich Daniel-Gran-Stra\u00dfe 8\/3. Stock, 3100 St. P\u00f6lten Tel: 02742 31 22 24 E-Mail: post.niederoesterreich@sozialministeriumservice.at &gt;&gt;&gt; Hier geht&#8217;s zur Website Pensionistenverband \u00d6sterreichs Landesorganisation Nieder\u00f6sterreich Bahnhofplatz 10\/4\/3, 3100 St. P\u00f6lten&nbsp; Tel: 02742 491 99&nbsp;&nbsp; E-Mail: niederoesterreich@pvoe.at&nbsp; &hellip; \u201eNieder\u00f6stereich\u201c weiterlesen\" \/>\n<meta property=\"og:url\" content=\"https:\/\/blog.vida.at\/pensionisten\/2021\/11\/23\/niederoestereich\/\" \/>\n<meta property=\"og:site_name\" content=\"vida Pensionisten\" \/>\n<meta property=\"article:published_time\" content=\"2021-11-23T09:59:01+00:00\" \/>\n<meta property=\"article:modified_time\" content=\"2021-11-30T12:08:10+00:00\" \/>\n<meta property=\"og:image\" content=\"https:\/\/blog.vida.at\/pensionisten\/wp-content\/uploads\/sites\/10\/2021\/07\/recht4.png\" \/>\n\t<meta property=\"og:image:width\" content=\"2832\" \/>\n\t<meta property=\"og:image:height\" content=\"1891\" \/>\n\t<meta property=\"og:image:type\" content=\"image\/png\" \/>\n<meta name=\"author\" content=\"blogvidaoegbvadmin\" \/>\n<meta name=\"twitter:card\" content=\"summary_large_image\" \/>\n<meta name=\"twitter:label1\" content=\"Verfasst von\" \/>\n\t<meta name=\"twitter:data1\" content=\"blogvidaoegbvadmin\" \/>\n\t<meta name=\"twitter:label2\" content=\"Gesch\u00e4tzte Lesezeit\" \/>\n\t<meta name=\"twitter:data2\" content=\"2\u00a0Minuten\" \/>\n<script type=\"application\/ld+json\" class=\"yoast-schema-graph\">{\"@context\":\"https:\\\/\\\/schema.org\",\"@graph\":[{\"@type\":\"Article\",\"@id\":\"https:\\\/\\\/blog.vida.at\\\/pensionisten\\\/2021\\\/11\\\/23\\\/niederoestereich\\\/#article\",\"isPartOf\":{\"@id\":\"https:\\\/\\\/blog.vida.at\\\/pensionisten\\\/2021\\\/11\\\/23\\\/niederoestereich\\\/\"},\"author\":{\"name\":\"blogvidaoegbvadmin\",\"@id\":\"https:\\\/\\\/blog.vida.at\\\/pensionisten\\\/#\\\/schema\\\/person\\\/b5bfdf2ae254e8d022f67417edcd9550\"},\"headline\":\"Nieder\u00f6stereich\",\"datePublished\":\"2021-11-23T09:59:01+00:00\",\"dateModified\":\"2021-11-30T12:08:10+00:00\",\"mainEntityOfPage\":{\"@id\":\"https:\\\/\\\/blog.vida.at\\\/pensionisten\\\/2021\\\/11\\\/23\\\/niederoestereich\\\/\"},\"wordCount\":425,\"commentCount\":0,\"image\":{\"@id\":\"https:\\\/\\\/blog.vida.at\\\/pensionisten\\\/2021\\\/11\\\/23\\\/niederoestereich\\\/#primaryimage\"},\"thumbnailUrl\":\"https:\\\/\\\/blog.vida.at\\\/pensionisten\\\/wp-content\\\/uploads\\\/sites\\\/10\\\/2021\\\/07\\\/recht4.png\",\"inLanguage\":\"de\",\"potentialAction\":[{\"@type\":\"CommentAction\",\"name\":\"Comment\",\"target\":[\"https:\\\/\\\/blog.vida.at\\\/pensionisten\\\/2021\\\/11\\\/23\\\/niederoestereich\\\/#respond\"]}]},{\"@type\":\"WebPage\",\"@id\":\"https:\\\/\\\/blog.vida.at\\\/pensionisten\\\/2021\\\/11\\\/23\\\/niederoestereich\\\/\",\"url\":\"https:\\\/\\\/blog.vida.at\\\/pensionisten\\\/2021\\\/11\\\/23\\\/niederoestereich\\\/\",\"name\":\"Nieder\u00f6stereich\",\"isPartOf\":{\"@id\":\"https:\\\/\\\/blog.vida.at\\\/pensionisten\\\/#website\"},\"primaryImageOfPage\":{\"@id\":\"https:\\\/\\\/blog.vida.at\\\/pensionisten\\\/2021\\\/11\\\/23\\\/niederoestereich\\\/#primaryimage\"},\"image\":{\"@id\":\"https:\\\/\\\/blog.vida.at\\\/pensionisten\\\/2021\\\/11\\\/23\\\/niederoestereich\\\/#primaryimage\"},\"thumbnailUrl\":\"https:\\\/\\\/blog.vida.at\\\/pensionisten\\\/wp-content\\\/uploads\\\/sites\\\/10\\\/2021\\\/07\\\/recht4.png\",\"datePublished\":\"2021-11-23T09:59:01+00:00\",\"dateModified\":\"2021-11-30T12:08:10+00:00\",\"author\":{\"@id\":\"https:\\\/\\\/blog.vida.at\\\/pensionisten\\\/#\\\/schema\\\/person\\\/b5bfdf2ae254e8d022f67417edcd9550\"},\"breadcrumb\":{\"@id\":\"https:\\\/\\\/blog.vida.at\\\/pensionisten\\\/2021\\\/11\\\/23\\\/niederoestereich\\\/#breadcrumb\"},\"inLanguage\":\"de\",\"potentialAction\":[{\"@type\":\"ReadAction\",\"target\":[\"https:\\\/\\\/blog.vida.at\\\/pensionisten\\\/2021\\\/11\\\/23\\\/niederoestereich\\\/\"]}]},{\"@type\":\"ImageObject\",\"inLanguage\":\"de\",\"@id\":\"https:\\\/\\\/blog.vida.at\\\/pensionisten\\\/2021\\\/11\\\/23\\\/niederoestereich\\\/#primaryimage\",\"url\":\"https:\\\/\\\/blog.vida.at\\\/pensionisten\\\/wp-content\\\/uploads\\\/sites\\\/10\\\/2021\\\/07\\\/recht4.png\",\"contentUrl\":\"https:\\\/\\\/blog.vida.at\\\/pensionisten\\\/wp-content\\\/uploads\\\/sites\\\/10\\\/2021\\\/07\\\/recht4.png\",\"width\":2832,\"height\":1891},{\"@type\":\"BreadcrumbList\",\"@id\":\"https:\\\/\\\/blog.vida.at\\\/pensionisten\\\/2021\\\/11\\\/23\\\/niederoestereich\\\/#breadcrumb\",\"itemListElement\":[{\"@type\":\"ListItem\",\"position\":1,\"name\":\"Startseite\",\"item\":\"https:\\\/\\\/blog.vida.at\\\/pensionisten\\\/\"},{\"@type\":\"ListItem\",\"position\":2,\"name\":\"Nieder\u00f6stereich\"}]},{\"@type\":\"WebSite\",\"@id\":\"https:\\\/\\\/blog.vida.at\\\/pensionisten\\\/#website\",\"url\":\"https:\\\/\\\/blog.vida.at\\\/pensionisten\\\/\",\"name\":\"vida Pensionisten\",\"description\":\"\",\"potentialAction\":[{\"@type\":\"SearchAction\",\"target\":{\"@type\":\"EntryPoint\",\"urlTemplate\":\"https:\\\/\\\/blog.vida.at\\\/pensionisten\\\/?s={search_term_string}\"},\"query-input\":{\"@type\":\"PropertyValueSpecification\",\"valueRequired\":true,\"valueName\":\"search_term_string\"}}],\"inLanguage\":\"de\"},{\"@type\":\"Person\",\"@id\":\"https:\\\/\\\/blog.vida.at\\\/pensionisten\\\/#\\\/schema\\\/person\\\/b5bfdf2ae254e8d022f67417edcd9550\",\"name\":\"blogvidaoegbvadmin\",\"image\":{\"@type\":\"ImageObject\",\"inLanguage\":\"de\",\"@id\":\"https:\\\/\\\/secure.gravatar.com\\\/avatar\\\/3528dd652fcbe37b22fd9ddbd84f26d77cb8928aae7d6a057e536d54abff28bb?s=96&d=mm&r=g\",\"url\":\"https:\\\/\\\/secure.gravatar.com\\\/avatar\\\/3528dd652fcbe37b22fd9ddbd84f26d77cb8928aae7d6a057e536d54abff28bb?s=96&d=mm&r=g\",\"contentUrl\":\"https:\\\/\\\/secure.gravatar.com\\\/avatar\\\/3528dd652fcbe37b22fd9ddbd84f26d77cb8928aae7d6a057e536d54abff28bb?s=96&d=mm&r=g\",\"caption\":\"blogvidaoegbvadmin\"},\"url\":\"https:\\\/\\\/blog.vida.at\\\/pensionisten\\\/author\\\/blogvidaoegbvadmin\\\/\"}]}<\/script>\n<!-- \/ Yoast SEO plugin. -->","yoast_head_json":{"title":"Nieder\u00f6stereich","robots":{"index":"index","follow":"follow","max-snippet":"max-snippet:-1","max-image-preview":"max-image-preview:large","max-video-preview":"max-video-preview:-1"},"canonical":"https:\/\/blog.vida.at\/pensionisten\/2021\/11\/23\/niederoestereich\/","og_locale":"de_DE","og_type":"article","og_title":"Nieder\u00f6stereich","og_description":"Hier findet du wichtige Infos, Adressen zu den Sozialen Diensten und Essen auf R\u00e4dern, und Seniorentagesbetreuung im Bundesland Nieder\u00f6sterreich. Sozialministeriumservice, Landesstelle Nieder\u00f6sterreich Daniel-Gran-Stra\u00dfe 8\/3. Stock, 3100 St. P\u00f6lten Tel: 02742 31 22 24 E-Mail: post.niederoesterreich@sozialministeriumservice.at &gt;&gt;&gt; Hier geht&#8217;s zur Website Pensionistenverband \u00d6sterreichs Landesorganisation Nieder\u00f6sterreich Bahnhofplatz 10\/4\/3, 3100 St. P\u00f6lten&nbsp; Tel: 02742 491 99&nbsp;&nbsp; E-Mail: niederoesterreich@pvoe.at&nbsp; &hellip; \u201eNieder\u00f6stereich\u201c weiterlesen","og_url":"https:\/\/blog.vida.at\/pensionisten\/2021\/11\/23\/niederoestereich\/","og_site_name":"vida Pensionisten","article_published_time":"2021-11-23T09:59:01+00:00","article_modified_time":"2021-11-30T12:08:10+00:00","og_image":[{"width":2832,"height":1891,"url":"https:\/\/blog.vida.at\/pensionisten\/wp-content\/uploads\/sites\/10\/2021\/07\/recht4.png","type":"image\/png"}],"author":"blogvidaoegbvadmin","twitter_card":"summary_large_image","twitter_misc":{"Verfasst von":"blogvidaoegbvadmin","Gesch\u00e4tzte Lesezeit":"2\u00a0Minuten"},"schema":{"@context":"https:\/\/schema.org","@graph":[{"@type":"Article","@id":"https:\/\/blog.vida.at\/pensionisten\/2021\/11\/23\/niederoestereich\/#article","isPartOf":{"@id":"https:\/\/blog.vida.at\/pensionisten\/2021\/11\/23\/niederoestereich\/"},"author":{"name":"blogvidaoegbvadmin","@id":"https:\/\/blog.vida.at\/pensionisten\/#\/schema\/person\/b5bfdf2ae254e8d022f67417edcd9550"},"headline":"Nieder\u00f6stereich","datePublished":"2021-11-23T09:59:01+00:00","dateModified":"2021-11-30T12:08:10+00:00","mainEntityOfPage":{"@id":"https:\/\/blog.vida.at\/pensionisten\/2021\/11\/23\/niederoestereich\/"},"wordCount":425,"commentCount":0,"image":{"@id":"https:\/\/blog.vida.at\/pensionisten\/2021\/11\/23\/niederoestereich\/#primaryimage"},"thumbnailUrl":"https:\/\/blog.vida.at\/pensionisten\/wp-content\/uploads\/sites\/10\/2021\/07\/recht4.png","inLanguage":"de","potentialAction":[{"@type":"CommentAction","name":"Comment","target":["https:\/\/blog.vida.at\/pensionisten\/2021\/11\/23\/niederoestereich\/#respond"]}]},{"@type":"WebPage","@id":"https:\/\/blog.vida.at\/pensionisten\/2021\/11\/23\/niederoestereich\/","url":"https:\/\/blog.vida.at\/pensionisten\/2021\/11\/23\/niederoestereich\/","name":"Nieder\u00f6stereich","isPartOf":{"@id":"https:\/\/blog.vida.at\/pensionisten\/#website"},"primaryImageOfPage":{"@id":"https:\/\/blog.vida.at\/pensionisten\/2021\/11\/23\/niederoestereich\/#primaryimage"},"image":{"@id":"https:\/\/blog.vida.at\/pensionisten\/2021\/11\/23\/niederoestereich\/#primaryimage"},"thumbnailUrl":"https:\/\/blog.vida.at\/pensionisten\/wp-content\/uploads\/sites\/10\/2021\/07\/recht4.png","datePublished":"2021-11-23T09:59:01+00:00","dateModified":"2021-11-30T12:08:10+00:00","author":{"@id":"https:\/\/blog.vida.at\/pensionisten\/#\/schema\/person\/b5bfdf2ae254e8d022f67417edcd9550"},"breadcrumb":{"@id":"https:\/\/blog.vida.at\/pensionisten\/2021\/11\/23\/niederoestereich\/#breadcrumb"},"inLanguage":"de","potentialAction":[{"@type":"ReadAction","target":["https:\/\/blog.vida.at\/pensionisten\/2021\/11\/23\/niederoestereich\/"]}]},{"@type":"ImageObject","inLanguage":"de","@id":"https:\/\/blog.vida.at\/pensionisten\/2021\/11\/23\/niederoestereich\/#primaryimage","url":"https:\/\/blog.vida.at\/pensionisten\/wp-content\/uploads\/sites\/10\/2021\/07\/recht4.png","contentUrl":"https:\/\/blog.vida.at\/pensionisten\/wp-content\/uploads\/sites\/10\/2021\/07\/recht4.png","width":2832,"height":1891},{"@type":"BreadcrumbList","@id":"https:\/\/blog.vida.at\/pensionisten\/2021\/11\/23\/niederoestereich\/#breadcrumb","itemListElement":[{"@type":"ListItem","position":1,"name":"Startseite","item":"https:\/\/blog.vida.at\/pensionisten\/"},{"@type":"ListItem","position":2,"name":"Nieder\u00f6stereich"}]},{"@type":"WebSite","@id":"https:\/\/blog.vida.at\/pensionisten\/#website","url":"https:\/\/blog.vida.at\/pensionisten\/","name":"vida Pensionisten","description":"","potentialAction":[{"@type":"SearchAction","target":{"@type":"EntryPoint","urlTemplate":"https:\/\/blog.vida.at\/pensionisten\/?s={search_term_string}"},"query-input":{"@type":"PropertyValueSpecification","valueRequired":true,"valueName":"search_term_string"}}],"inLanguage":"de"},{"@type":"Person","@id":"https:\/\/blog.vida.at\/pensionisten\/#\/schema\/person\/b5bfdf2ae254e8d022f67417edcd9550","name":"blogvidaoegbvadmin","image":{"@type":"ImageObject","inLanguage":"de","@id":"https:\/\/secure.gravatar.com\/avatar\/3528dd652fcbe37b22fd9ddbd84f26d77cb8928aae7d6a057e536d54abff28bb?s=96&d=mm&r=g","url":"https:\/\/secure.gravatar.com\/avatar\/3528dd652fcbe37b22fd9ddbd84f26d77cb8928aae7d6a057e536d54abff28bb?s=96&d=mm&r=g","contentUrl":"https:\/\/secure.gravatar.com\/avatar\/3528dd652fcbe37b22fd9ddbd84f26d77cb8928aae7d6a057e536d54abff28bb?s=96&d=mm&r=g","caption":"blogvidaoegbvadmin"},"url":"https:\/\/blog.vida.at\/pensionisten\/author\/blogvidaoegbvadmin\/"}]}},"author_meta":{"display_name":"blogvidaoegbvadmin","author_link":"https:\/\/blog.vida.at\/pensionisten\/author\/blogvidaoegbvadmin\/"},"featured_img":"https:\/\/blog.vida.at\/pensionisten\/wp-content\/uploads\/sites\/10\/2021\/07\/recht4-300x200.png","featured_image_src":"https:\/\/blog.vida.at\/pensionisten\/wp-content\/uploads\/sites\/10\/2021\/07\/recht4-600x400.png","featured_image_src_square":"https:\/\/blog.vida.at\/pensionisten\/wp-content\/uploads\/sites\/10\/2021\/07\/recht4-600x600.png","uagb_featured_image_src":{"full":["https:\/\/blog.vida.at\/pensionisten\/wp-content\/uploads\/sites\/10\/2021\/07\/recht4.png",2832,1891,false],"thumbnail":["https:\/\/blog.vida.at\/pensionisten\/wp-content\/uploads\/sites\/10\/2021\/07\/recht4-150x150.png",150,150,true],"medium":["https:\/\/blog.vida.at\/pensionisten\/wp-content\/uploads\/sites\/10\/2021\/07\/recht4-300x200.png",300,200,true],"medium_large":["https:\/\/blog.vida.at\/pensionisten\/wp-content\/uploads\/sites\/10\/2021\/07\/recht4-768x513.png",640,428,true],"large":["https:\/\/blog.vida.at\/pensionisten\/wp-content\/uploads\/sites\/10\/2021\/07\/recht4-1024x684.png",640,428,true],"1536x1536":["https:\/\/blog.vida.at\/pensionisten\/wp-content\/uploads\/sites\/10\/2021\/07\/recht4-1536x1026.png",1536,1026,true],"2048x2048":["https:\/\/blog.vida.at\/pensionisten\/wp-content\/uploads\/sites\/10\/2021\/07\/recht4-2048x1368.png",2048,1368,true],"ab-block-post-grid-landscape":["https:\/\/blog.vida.at\/pensionisten\/wp-content\/uploads\/sites\/10\/2021\/07\/recht4-600x400.png",600,400,true],"ab-block-post-grid-square":["https:\/\/blog.vida.at\/pensionisten\/wp-content\/uploads\/sites\/10\/2021\/07\/recht4-600x600.png",600,600,true],"post-thumbnail":["https:\/\/blog.vida.at\/pensionisten\/wp-content\/uploads\/sites\/10\/2021\/07\/recht4-1568x1047.png",1568,1047,true],"awb_sm":["https:\/\/blog.vida.at\/pensionisten\/wp-content\/uploads\/sites\/10\/2021\/07\/recht4-500x334.png",500,334,true],"awb_md":["https:\/\/blog.vida.at\/pensionisten\/wp-content\/uploads\/sites\/10\/2021\/07\/recht4-800x534.png",800,534,true],"awb_lg":["https:\/\/blog.vida.at\/pensionisten\/wp-content\/uploads\/sites\/10\/2021\/07\/recht4-1280x855.png",1280,855,true],"awb_xl":["https:\/\/blog.vida.at\/pensionisten\/wp-content\/uploads\/sites\/10\/2021\/07\/recht4-1920x1282.png",1920,1282,true]},"uagb_author_info":{"display_name":"blogvidaoegbvadmin","author_link":"https:\/\/blog.vida.at\/pensionisten\/author\/blogvidaoegbvadmin\/"},"uagb_comment_info":0,"uagb_excerpt":"Hier findet du wichtige Infos, Adressen zu den Sozialen Diensten und Essen auf R\u00e4dern, und Seniorentagesbetreuung im Bundesland Nieder\u00f6sterreich. Sozialministeriumservice, Landesstelle Nieder\u00f6sterreich Daniel-Gran-Stra\u00dfe 8\/3. Stock, 3100 St. P\u00f6lten Tel: 02742 31 22 24 E-Mail: post.niederoesterreich@sozialministeriumservice.at &gt;&gt;&gt; Hier geht&#8217;s zur Website Pensionistenverband \u00d6sterreichs Landesorganisation Nieder\u00f6sterreich Bahnhofplatz 10\/4\/3, 3100 St. P\u00f6lten&nbsp; Tel: 02742 491 99&nbsp;&nbsp; E-Mail: niederoesterreich@pvoe.at&nbsp;&hellip;","coauthors":[],"tax_additional":{"categories":{"linked":["<a href=\"https:\/\/blog.vida.at\/pensionisten\/category\/allgemein\/\" class=\"advgb-post-tax-term\">Allgemein<\/a>"],"unlinked":["<span class=\"advgb-post-tax-term\">Allgemein<\/span>"]}},"comment_count":"0","relative_dates":{"created":"Ver\u00f6ffentlicht 4\u00a0Jahren vor","modified":"Aktualisiert 4\u00a0Jahren vor"},"absolute_dates":{"created":"Ver\u00f6ffentlicht am 23. November 2021","modified":"Aktualisiert am 30. November 2021"},"absolute_dates_time":{"created":"Ver\u00f6ffentlicht am 23. November 2021 10:59","modified":"Aktualisiert am 30. November 2021 13:08"},"featured_img_caption":"","series_order":"","_links":{"self":[{"href":"https:\/\/blog.vida.at\/pensionisten\/wp-json\/wp\/v2\/posts\/3074","targetHints":{"allow":["GET"]}}],"collection":[{"href":"https:\/\/blog.vida.at\/pensionisten\/wp-json\/wp\/v2\/posts"}],"about":[{"href":"https:\/\/blog.vida.at\/pensionisten\/wp-json\/wp\/v2\/types\/post"}],"author":[{"embeddable":true,"href":"https:\/\/blog.vida.at\/pensionisten\/wp-json\/wp\/v2\/users\/1"}],"replies":[{"embeddable":true,"href":"https:\/\/blog.vida.at\/pensionisten\/wp-json\/wp\/v2\/comments?post=3074"}],"version-history":[{"count":62,"href":"https:\/\/blog.vida.at\/pensionisten\/wp-json\/wp\/v2\/posts\/3074\/revisions"}],"predecessor-version":[{"id":3845,"href":"https:\/\/blog.vida.at\/pensionisten\/wp-json\/wp\/v2\/posts\/3074\/revisions\/3845"}],"wp:featuredmedia":[{"embeddable":true,"href":"https:\/\/blog.vida.at\/pensionisten\/wp-json\/wp\/v2\/media\/2602"}],"wp:attachment":[{"href":"https:\/\/blog.vida.at\/pensionisten\/wp-json\/wp\/v2\/media?parent=3074"}],"wp:term":[{"taxonomy":"category","embeddable":true,"href":"https:\/\/blog.vida.at\/pensionisten\/wp-json\/wp\/v2\/categories?post=3074"},{"taxonomy":"post_tag","embeddable":true,"href":"https:\/\/blog.vida.at\/pensionisten\/wp-json\/wp\/v2\/tags?post=3074"},{"taxonomy":"Orte","embeddable":true,"href":"https:\/\/blog.vida.at\/pensionisten\/wp-json\/wp\/v2\/Orte?post=3074"},{"taxonomy":"activitytype","embeddable":true,"href":"https:\/\/blog.vida.at\/pensionisten\/wp-json\/wp\/v2\/activitytype?post=3074"}],"curies":[{"name":"wp","href":"https:\/\/api.w.org\/{rel}","templated":true}]}}