
{"id":3085,"date":"2021-11-23T11:02:17","date_gmt":"2021-11-23T10:02:17","guid":{"rendered":"https:\/\/blog.vida.at\/pensionisten\/?p=3085"},"modified":"2021-11-30T13:06:24","modified_gmt":"2021-11-30T12:06:24","slug":"tirol","status":"publish","type":"post","link":"https:\/\/blog.vida.at\/pensionisten\/2021\/11\/23\/tirol\/","title":{"rendered":"Tirol"},"content":{"rendered":"\n<p>Hier findet du wichtige Infos, Adressen zu den Sozialen Diensten, Essen auf R\u00e4dern, und Seniorentagesbetreuung im Bundesland Tirol.<\/p>\n\n\n\n<div class=\"wp-block-group Container\"><div class=\"wp-block-group__inner-container is-layout-flow wp-block-group-is-layout-flow\">\n<div class=\"wp-block-ugb-accordion ugb-accordion ugb-0e46e1a ugb-accordion--v2 ugb-accordion--design-basic ugb-main-block\" aria-expanded=\"false\"><div class=\"ugb-inner-block\"><div class=\"ugb-block-content\"><div class=\"ugb-accordion__item\"><div class=\"ugb-accordion__heading\" role=\"button\" tabindex=\"0\"><h4 class=\"ugb-accordion__title\">Allgemeines<\/h4><svg viewbox=\"0 0 20 20\" xmlns=\"http:\/\/www.w3.org\/2000\/svg\" class=\"ugb-accordion__arrow\" width=\"20\" height=\"20\"><path d=\"M16.7 3.3L10 10 3.3 3.4 0 6.7l10 10v-.1l10-9.9z\"><\/path><\/svg><\/div><div class=\"ugb-accordion__content\" role=\"region\"><div class=\"ugb-accordion__content-inner\">\n<h4 class=\"wp-block-heading\">Sozialministeriumservice, Landesstelle Tirol<\/h4>\n\n\n\n<p>Herzog-Friedrich-Stra\u00dfe 3, 6020 Innsbruck&nbsp;<\/p>\n\n\n\n<p>Tel: 0512 56 31 01&nbsp;<\/p>\n\n\n\n<p>E-Mail: <a href=\"mailto:post.tirol@sozialministeriumservice.at\" target=\"_blank\" rel=\"noreferrer noopener\">post.tirol@sozialministeriumservice.at<\/a>&nbsp;<\/p>\n\n\n\n<p><a href=\"http:\/\/www.sozialministeriumservice.at\" target=\"_blank\" rel=\"noreferrer noopener\">&gt;&gt;&gt; Hier geht&#8217;s zur Website<\/a><\/p>\n\n\n\n<hr class=\"wp-block-separator is-style-wide\" \/>\n\n\n\n<h4 class=\"wp-block-heading\">Pensionistenverband \u00d6sterreichs Landesorganisation Tirol<\/h4>\n\n\n\n<p>Salurnerstra\u00dfe 2\/3, 6020 Innsbruck&nbsp;<\/p>\n\n\n\n<p>Tel: 0512 58 91 13&nbsp;<\/p>\n\n\n\n<p>E-Mail: <a href=\"mailto:tirol@pvoe.at\" target=\"_blank\" rel=\"noreferrer noopener\">tirol@pvoe.at<\/a><\/p>\n\n\n\n<p><a href=\"https:\/\/tirol.pvoe.at\" target=\"_blank\" rel=\"noreferrer noopener\">&gt;&gt;&gt; Hier geht&#8217;s zur Website<\/a><\/p>\n<\/div><\/div><\/div><\/div><\/div><\/div>\n\n\n\n<div class=\"wp-block-ugb-accordion ugb-accordion ugb-b629e86 ugb-accordion--v2 ugb-accordion--design-basic ugb-main-block\" aria-expanded=\"false\"><div class=\"ugb-inner-block\"><div class=\"ugb-block-content\"><div class=\"ugb-accordion__item\"><div class=\"ugb-accordion__heading\" role=\"button\" tabindex=\"0\"><h4 class=\"ugb-accordion__title\">Soziale Dienste<\/h4><svg viewbox=\"0 0 20 20\" xmlns=\"http:\/\/www.w3.org\/2000\/svg\" class=\"ugb-accordion__arrow\" width=\"20\" height=\"20\"><path d=\"M16.7 3.3L10 10 3.3 3.4 0 6.7l10 10v-.1l10-9.9z\"><\/path><\/svg><\/div><div class=\"ugb-accordion__content\" role=\"region\"><div class=\"ugb-accordion__content-inner\">\n<h4 class=\"wp-block-heading\">Caritas Tirol<\/h4>\n\n\n\n<p><strong>Zust\u00e4ndig f\u00fcr: Besuchs- und Begleitdienst, Demenz-Servicezentrum<\/strong><\/p>\n\n\n\n<p>Heiliggeiststra\u00dfe 16 , 6020 Innsbruck&nbsp;<\/p>\n\n\n\n<p>Tel: 0512 72 70-0<\/p>\n\n\n\n<p>E-Mail: <a href=\"mailto:caritas.ibk@dibk.at\" target=\"_blank\" rel=\"noreferrer noopener\">caritas.ibk@dibk.at<\/a><\/p>\n\n\n\n<p><a href=\"http:\/\/www.caritas-tirol.at\" target=\"_blank\" rel=\"noreferrer noopener\">&gt;&gt;&gt; Hier geht&#8217;s zur Website<\/a><\/p>\n\n\n\n<hr class=\"wp-block-separator is-style-wide\" \/>\n\n\n\n<h4 class=\"wp-block-heading\">Hilfswerk Tirol<\/h4>\n\n\n\n<p><strong>Zust\u00e4ndig f\u00fcr: Pflege und Betreuung, 24-Stunden-Betreuung<\/strong><\/p>\n\n\n\n<p>Egger-Lienz-Stra\u00dfe 116, c\/o WIFI Co-Working Space, 6020 Innsbruck<\/p>\n\n\n\n<p>Tel: 0676 87 87 63 000<\/p>\n\n\n\n<p>E-Mail: <a href=\"mailto:nina.klotz@hilfswerk.at\" target=\"_blank\" rel=\"noreferrer noopener\">nina.klotz@hilfswerk.at<\/a><\/p>\n\n\n\n<p><a href=\"https:\/\/www.hilfswerk.at\/tirol\/\" target=\"_blank\" rel=\"noreferrer noopener\">&gt;&gt;&gt; Hier geht&#8217;s zur Website<\/a><\/p>\n\n\n\n<hr class=\"wp-block-separator is-style-wide\" \/>\n\n\n\n<h4 class=\"wp-block-heading\">Volkshilfe Tirol<\/h4>\n\n\n\n<p><strong>Zust\u00e4ndig f\u00fcr: Pflege und Betreuung, 60plus (Seniorenclubs, Freizeitaktivit\u00e4ten)<\/strong><\/p>\n\n\n\n<p>S\u00fcdtiroler Platz 10-12, 6020 Innsbruck<\/p>\n\n\n\n<p>Tel: &nbsp;0 50 890 10 00<\/p>\n\n\n\n<p>E-Mail: <a href=\"mailto:kontakt@volkshilfe.net\" target=\"_blank\" rel=\"noreferrer noopener\">kontakt@volkshilfe.net<\/a><\/p>\n\n\n\n<p><a href=\"https:\/\/volkshilfe.tirol\/\" target=\"_blank\" rel=\"noreferrer noopener\">&gt;&gt;&gt; Hier geht&#8217;s zur Website<\/a><\/p>\n\n\n\n<hr class=\"wp-block-separator is-style-wide\" \/>\n\n\n\n<h4 class=\"wp-block-heading\">Johanniter Tirol<\/h4>\n\n\n\n<p><strong>Zust\u00e4ndig f\u00fcr: Fahrdienst und Krankentransport, Betrebares Wohnen, Pflege und soziale Dienste<\/strong><\/p>\n\n\n\n<p>Josef-Wilberger-Stra\u00dfe 48, 6020 Innsbruck&nbsp;<\/p>\n\n\n\n<p>Tel. 05122411 &#8211; 0 <\/p>\n\n\n\n<p><a href=\"https:\/\/www.johanniter.at\/tirol\/\" target=\"_blank\" rel=\"noreferrer noopener\">&gt;&gt;&gt; Hier geht&#8217;s zur Website<\/a><\/p>\n\n\n\n<hr class=\"wp-block-separator is-style-wide\" \/>\n\n\n\n<h4 class=\"wp-block-heading\">Samariterbund Tirol Rettung und Soziale Dienste gGmbH<\/h4>\n\n\n\n<p><strong>Zust\u00e4ndig f\u00fcr: Rettungsdienst und Krankentransport, Pflege und Betreuung, Wohnen, soziale Dienstleistungen<\/strong><\/p>\n\n\n\n<p>Lofererstra\u00dfe 20, 6322 Kirchbichl<\/p>\n\n\n\n<p>Tel: 05332 777 77<\/p>\n\n\n\n<p>E-Mail: <a href=\"mailto:tirol@samariterbund.net\" target=\"_blank\" rel=\"noreferrer noopener\">tirol@samariterbund.net<\/a><\/p>\n\n\n\n<p><a href=\"https:\/\/www.samariterbund.net\/gruppen\/samariterbund-tirol-rettung-und-soziale-dienste-gmbh\/startseite-tirol\/\" target=\"_blank\" rel=\"noreferrer noopener\">&gt;&gt;&gt; Hier geht&#8217;s zur Website<\/a><br><\/p>\n<\/div><\/div><\/div><\/div><\/div><\/div>\n\n\n\n<div class=\"wp-block-ugb-accordion ugb-accordion ugb-8080fcf ugb-accordion--v2 ugb-accordion--design-basic ugb-main-block\" aria-expanded=\"false\"><div class=\"ugb-inner-block\"><div class=\"ugb-block-content\"><div class=\"ugb-accordion__item\"><div class=\"ugb-accordion__heading\" role=\"button\" tabindex=\"0\"><h4 class=\"ugb-accordion__title\">Seniorentageszentren<\/h4><svg viewbox=\"0 0 20 20\" xmlns=\"http:\/\/www.w3.org\/2000\/svg\" class=\"ugb-accordion__arrow\" width=\"20\" height=\"20\"><path d=\"M16.7 3.3L10 10 3.3 3.4 0 6.7l10 10v-.1l10-9.9z\"><\/path><\/svg><\/div><div class=\"ugb-accordion__content\" role=\"region\"><div class=\"ugb-accordion__content-inner\">\n<p><\/p>\n\n\n\n<p><strong>Rotes Kreuz<\/strong> <strong>Tirol<\/strong><\/p>\n\n\n\n<p>Steinbockallee 13, 6063 Rum<\/p>\n\n\n\n<p style=\"line-height:1\">Tel.: 057 144 123 oder mobil: 0664\/604 663 0414<\/p>\n\n\n\n<p style=\"line-height:1\">E-Mail: <a href=\"mailto:jana.klingseis@roteskreuz-tirol.at\" target=\"_blank\" rel=\"noreferrer noopener\">jana.klingseis@roteskreuz-tirol.at<\/a><\/p>\n\n\n\n<p style=\"line-height:1\"><a href=\"https:\/\/www.roteskreuz.at\/tirol\/hall-in-tirol\/ich-brauche-hilfe\/tageszentren-fuer-senior-innen\" target=\"_blank\" rel=\"noreferrer noopener\">&gt;&gt;&gt; Hier geht&#8217;s zur Website<\/a><\/p>\n\n\n\n<div class=\"wp-block-ugb-spacer ugb-spacer ugb-b81db4f ugb-spacer--v2 ugb-main-block\"><div class=\"ugb-inner-block\"><div class=\"ugb-block-content\"><div class=\"ugb-spacer--inner\"><\/div><\/div><\/div><\/div>\n\n\n\n<p><\/p>\n<\/div><\/div><\/div><\/div><\/div><\/div>\n<\/div><\/div>\n\n\n\n<p><\/p>\n\n\n\n<p><\/p>\n","protected":false},"excerpt":{"rendered":"<p>Hier findet du wichtige Infos, Adressen zu den Sozialen Diensten, Essen auf R\u00e4dern, und Seniorentagesbetreuung im Bundesland Tirol. Sozialministeriumservice, Landesstelle Tirol Herzog-Friedrich-Stra\u00dfe 3, 6020 Innsbruck&nbsp; Tel: 0512 56 31 01&nbsp; E-Mail: post.tirol@sozialministeriumservice.at&nbsp; &gt;&gt;&gt; Hier geht&#8217;s zur Website Pensionistenverband \u00d6sterreichs Landesorganisation Tirol Salurnerstra\u00dfe 2\/3, 6020 Innsbruck&nbsp; Tel: 0512 58 91 13&nbsp; E-Mail: tirol@pvoe.at &gt;&gt;&gt; Hier geht&#8217;s &hellip; <\/p>\n<p class=\"link-more\"><a href=\"https:\/\/blog.vida.at\/pensionisten\/2021\/11\/23\/tirol\/\" class=\"more-link\"><span class=\"screen-reader-text\">\u201eTirol\u201c <\/span>weiterlesen<\/a><\/p>\n","protected":false},"author":1,"featured_media":2602,"comment_status":"open","ping_status":"open","sticky":false,"template":"","format":"standard","meta":{"_uag_custom_page_level_css":"","advgb_blocks_editor_width":"","advgb_blocks_columns_visual_guide":"","footnotes":""},"categories":[1],"tags":[],"Orte":[],"activitytype":[],"class_list":["post-3085","post","type-post","status-publish","format-standard","has-post-thumbnail","hentry","category-allgemein","entry"],"featured_image_urls":{"full":["https:\/\/blog.vida.at\/pensionisten\/wp-content\/uploads\/sites\/10\/2021\/07\/recht4.png",2832,1891,false],"thumbnail":["https:\/\/blog.vida.at\/pensionisten\/wp-content\/uploads\/sites\/10\/2021\/07\/recht4-150x150.png",150,150,true],"medium":["https:\/\/blog.vida.at\/pensionisten\/wp-content\/uploads\/sites\/10\/2021\/07\/recht4-300x200.png",300,200,true],"medium_large":["https:\/\/blog.vida.at\/pensionisten\/wp-content\/uploads\/sites\/10\/2021\/07\/recht4-768x513.png",640,428,true],"large":["https:\/\/blog.vida.at\/pensionisten\/wp-content\/uploads\/sites\/10\/2021\/07\/recht4-1024x684.png",640,428,true],"1536x1536":["https:\/\/blog.vida.at\/pensionisten\/wp-content\/uploads\/sites\/10\/2021\/07\/recht4-1536x1026.png",1536,1026,true],"2048x2048":["https:\/\/blog.vida.at\/pensionisten\/wp-content\/uploads\/sites\/10\/2021\/07\/recht4-2048x1368.png",2048,1368,true],"ab-block-post-grid-landscape":["https:\/\/blog.vida.at\/pensionisten\/wp-content\/uploads\/sites\/10\/2021\/07\/recht4-600x400.png",600,400,true],"ab-block-post-grid-square":["https:\/\/blog.vida.at\/pensionisten\/wp-content\/uploads\/sites\/10\/2021\/07\/recht4-600x600.png",600,600,true],"post-thumbnail":["https:\/\/blog.vida.at\/pensionisten\/wp-content\/uploads\/sites\/10\/2021\/07\/recht4-1568x1047.png",1568,1047,true],"awb_sm":["https:\/\/blog.vida.at\/pensionisten\/wp-content\/uploads\/sites\/10\/2021\/07\/recht4-500x334.png",500,334,true],"awb_md":["https:\/\/blog.vida.at\/pensionisten\/wp-content\/uploads\/sites\/10\/2021\/07\/recht4-800x534.png",800,534,true],"awb_lg":["https:\/\/blog.vida.at\/pensionisten\/wp-content\/uploads\/sites\/10\/2021\/07\/recht4-1280x855.png",1280,855,true],"awb_xl":["https:\/\/blog.vida.at\/pensionisten\/wp-content\/uploads\/sites\/10\/2021\/07\/recht4-1920x1282.png",1920,1282,true]},"post_excerpt_stackable":"<p>Hier findet du wichtige Infos, Adressen zu den Sozialen Diensten, Essen auf R\u00e4dern, und Seniorentagesbetreuung im Bundesland Tirol. Allgemeines Sozialministeriumservice, Landesstelle Tirol Herzog-Friedrich-Stra\u00dfe 3, 6020 Innsbruck&nbsp; Tel: 0512 56 31 01&nbsp; E-Mail: post.tirol@sozialministeriumservice.at&nbsp; &gt;&gt;&gt; Hier geht&#8217;s zur Website Pensionistenverband \u00d6sterreichs Landesorganisation Tirol Salurnerstra\u00dfe 2\/3, 6020 Innsbruck&nbsp; Tel: 0512 58 91 13&nbsp; E-Mail: tirol@pvoe.at &gt;&gt;&gt; Hier geht&#8217;s zur Website Soziale Dienste Caritas Tirol Zust\u00e4ndig f\u00fcr: Besuchs- und Begleitdienst, Demenz-Servicezentrum Heiliggeiststra\u00dfe 16 , 6020 Innsbruck&nbsp; Tel: 0512 72 70-0 E-Mail: caritas.ibk@dibk.at &gt;&gt;&gt; Hier geht&#8217;s zur Website Hilfswerk Tirol Zust\u00e4ndig f\u00fcr: Pflege und Betreuung, 24-Stunden-Betreuung Egger-Lienz-Stra\u00dfe 116, c\/o WIFI Co-Working Space, 6020 Innsbruck&hellip;<\/p>\n","category_list":"<a href=\"https:\/\/blog.vida.at\/pensionisten\/category\/allgemein\/\" rel=\"category tag\">Allgemein<\/a>","author_info":{"display_name":"blogvidaoegbvadmin","author_link":"https:\/\/blog.vida.at\/pensionisten\/author\/blogvidaoegbvadmin\/"},"comments_num":"0 comments","featured_image_urls_v2":{"full":["https:\/\/blog.vida.at\/pensionisten\/wp-content\/uploads\/sites\/10\/2021\/07\/recht4.png",2832,1891,false],"thumbnail":["https:\/\/blog.vida.at\/pensionisten\/wp-content\/uploads\/sites\/10\/2021\/07\/recht4-150x150.png",150,150,true],"medium":["https:\/\/blog.vida.at\/pensionisten\/wp-content\/uploads\/sites\/10\/2021\/07\/recht4-300x200.png",300,200,true],"medium_large":["https:\/\/blog.vida.at\/pensionisten\/wp-content\/uploads\/sites\/10\/2021\/07\/recht4-768x513.png",640,428,true],"large":["https:\/\/blog.vida.at\/pensionisten\/wp-content\/uploads\/sites\/10\/2021\/07\/recht4-1024x684.png",640,428,true],"1536x1536":["https:\/\/blog.vida.at\/pensionisten\/wp-content\/uploads\/sites\/10\/2021\/07\/recht4-1536x1026.png",1536,1026,true],"2048x2048":["https:\/\/blog.vida.at\/pensionisten\/wp-content\/uploads\/sites\/10\/2021\/07\/recht4-2048x1368.png",2048,1368,true],"ab-block-post-grid-landscape":["https:\/\/blog.vida.at\/pensionisten\/wp-content\/uploads\/sites\/10\/2021\/07\/recht4-600x400.png",600,400,true],"ab-block-post-grid-square":["https:\/\/blog.vida.at\/pensionisten\/wp-content\/uploads\/sites\/10\/2021\/07\/recht4-600x600.png",600,600,true],"post-thumbnail":["https:\/\/blog.vida.at\/pensionisten\/wp-content\/uploads\/sites\/10\/2021\/07\/recht4-1568x1047.png",1568,1047,true],"awb_sm":["https:\/\/blog.vida.at\/pensionisten\/wp-content\/uploads\/sites\/10\/2021\/07\/recht4-500x334.png",500,334,true],"awb_md":["https:\/\/blog.vida.at\/pensionisten\/wp-content\/uploads\/sites\/10\/2021\/07\/recht4-800x534.png",800,534,true],"awb_lg":["https:\/\/blog.vida.at\/pensionisten\/wp-content\/uploads\/sites\/10\/2021\/07\/recht4-1280x855.png",1280,855,true],"awb_xl":["https:\/\/blog.vida.at\/pensionisten\/wp-content\/uploads\/sites\/10\/2021\/07\/recht4-1920x1282.png",1920,1282,true]},"post_excerpt_stackable_v2":"<p>Hier findet du wichtige Infos, Adressen zu den Sozialen Diensten, Essen auf R\u00e4dern, und Seniorentagesbetreuung im Bundesland Tirol. Allgemeines Sozialministeriumservice, Landesstelle Tirol Herzog-Friedrich-Stra\u00dfe 3, 6020 Innsbruck&nbsp; Tel: 0512 56 31 01&nbsp; E-Mail: post.tirol@sozialministeriumservice.at&nbsp; &gt;&gt;&gt; Hier geht&#8217;s zur Website Pensionistenverband \u00d6sterreichs Landesorganisation Tirol Salurnerstra\u00dfe 2\/3, 6020 Innsbruck&nbsp; Tel: 0512 58 91 13&nbsp; E-Mail: tirol@pvoe.at &gt;&gt;&gt; Hier geht&#8217;s zur Website Soziale Dienste Caritas Tirol Zust\u00e4ndig f\u00fcr: Besuchs- und Begleitdienst, Demenz-Servicezentrum Heiliggeiststra\u00dfe 16 , 6020 Innsbruck&nbsp; Tel: 0512 72 70-0 E-Mail: caritas.ibk@dibk.at &gt;&gt;&gt; Hier geht&#8217;s zur Website Hilfswerk Tirol Zust\u00e4ndig f\u00fcr: Pflege und Betreuung, 24-Stunden-Betreuung Egger-Lienz-Stra\u00dfe 116, c\/o WIFI Co-Working Space, 6020 Innsbruck&hellip;<\/p>\n","category_list_v2":"<a href=\"https:\/\/blog.vida.at\/pensionisten\/category\/allgemein\/\" rel=\"category tag\">Allgemein<\/a>","author_info_v2":{"name":"blogvidaoegbvadmin","url":"https:\/\/blog.vida.at\/pensionisten\/author\/blogvidaoegbvadmin\/"},"comments_num_v2":"0 comments","yoast_head":"<!-- This site is optimized with the Yoast SEO plugin v27.3 - https:\/\/yoast.com\/product\/yoast-seo-wordpress\/ -->\n<title>Tirol<\/title>\n<meta name=\"robots\" content=\"index, follow, max-snippet:-1, max-image-preview:large, max-video-preview:-1\" \/>\n<link rel=\"canonical\" href=\"https:\/\/blog.vida.at\/pensionisten\/2021\/11\/23\/tirol\/\" \/>\n<meta property=\"og:locale\" content=\"de_DE\" \/>\n<meta property=\"og:type\" content=\"article\" \/>\n<meta property=\"og:title\" content=\"Tirol\" \/>\n<meta property=\"og:description\" content=\"Hier findet du wichtige Infos, Adressen zu den Sozialen Diensten, Essen auf R\u00e4dern, und Seniorentagesbetreuung im Bundesland Tirol. Sozialministeriumservice, Landesstelle Tirol Herzog-Friedrich-Stra\u00dfe 3, 6020 Innsbruck&nbsp; Tel: 0512 56 31 01&nbsp; E-Mail: post.tirol@sozialministeriumservice.at&nbsp; &gt;&gt;&gt; Hier geht&#8217;s zur Website Pensionistenverband \u00d6sterreichs Landesorganisation Tirol Salurnerstra\u00dfe 2\/3, 6020 Innsbruck&nbsp; Tel: 0512 58 91 13&nbsp; E-Mail: tirol@pvoe.at &gt;&gt;&gt; Hier geht&#8217;s &hellip; \u201eTirol\u201c weiterlesen\" \/>\n<meta property=\"og:url\" content=\"https:\/\/blog.vida.at\/pensionisten\/2021\/11\/23\/tirol\/\" \/>\n<meta property=\"og:site_name\" content=\"vida Pensionisten\" \/>\n<meta property=\"article:published_time\" content=\"2021-11-23T10:02:17+00:00\" \/>\n<meta property=\"article:modified_time\" content=\"2021-11-30T12:06:24+00:00\" \/>\n<meta property=\"og:image\" content=\"https:\/\/blog.vida.at\/pensionisten\/wp-content\/uploads\/sites\/10\/2021\/07\/recht4.png\" \/>\n\t<meta property=\"og:image:width\" content=\"2832\" \/>\n\t<meta property=\"og:image:height\" content=\"1891\" \/>\n\t<meta property=\"og:image:type\" content=\"image\/png\" \/>\n<meta name=\"author\" content=\"blogvidaoegbvadmin\" \/>\n<meta name=\"twitter:card\" content=\"summary_large_image\" \/>\n<meta name=\"twitter:label1\" content=\"Verfasst von\" \/>\n\t<meta name=\"twitter:data1\" content=\"blogvidaoegbvadmin\" \/>\n\t<meta name=\"twitter:label2\" content=\"Gesch\u00e4tzte Lesezeit\" \/>\n\t<meta name=\"twitter:data2\" content=\"1\u00a0Minute\" \/>\n<script type=\"application\/ld+json\" class=\"yoast-schema-graph\">{\"@context\":\"https:\\\/\\\/schema.org\",\"@graph\":[{\"@type\":\"Article\",\"@id\":\"https:\\\/\\\/blog.vida.at\\\/pensionisten\\\/2021\\\/11\\\/23\\\/tirol\\\/#article\",\"isPartOf\":{\"@id\":\"https:\\\/\\\/blog.vida.at\\\/pensionisten\\\/2021\\\/11\\\/23\\\/tirol\\\/\"},\"author\":{\"name\":\"blogvidaoegbvadmin\",\"@id\":\"https:\\\/\\\/blog.vida.at\\\/pensionisten\\\/#\\\/schema\\\/person\\\/b5bfdf2ae254e8d022f67417edcd9550\"},\"headline\":\"Tirol\",\"datePublished\":\"2021-11-23T10:02:17+00:00\",\"dateModified\":\"2021-11-30T12:06:24+00:00\",\"mainEntityOfPage\":{\"@id\":\"https:\\\/\\\/blog.vida.at\\\/pensionisten\\\/2021\\\/11\\\/23\\\/tirol\\\/\"},\"wordCount\":240,\"commentCount\":0,\"image\":{\"@id\":\"https:\\\/\\\/blog.vida.at\\\/pensionisten\\\/2021\\\/11\\\/23\\\/tirol\\\/#primaryimage\"},\"thumbnailUrl\":\"https:\\\/\\\/blog.vida.at\\\/pensionisten\\\/wp-content\\\/uploads\\\/sites\\\/10\\\/2021\\\/07\\\/recht4.png\",\"inLanguage\":\"de\",\"potentialAction\":[{\"@type\":\"CommentAction\",\"name\":\"Comment\",\"target\":[\"https:\\\/\\\/blog.vida.at\\\/pensionisten\\\/2021\\\/11\\\/23\\\/tirol\\\/#respond\"]}]},{\"@type\":\"WebPage\",\"@id\":\"https:\\\/\\\/blog.vida.at\\\/pensionisten\\\/2021\\\/11\\\/23\\\/tirol\\\/\",\"url\":\"https:\\\/\\\/blog.vida.at\\\/pensionisten\\\/2021\\\/11\\\/23\\\/tirol\\\/\",\"name\":\"Tirol\",\"isPartOf\":{\"@id\":\"https:\\\/\\\/blog.vida.at\\\/pensionisten\\\/#website\"},\"primaryImageOfPage\":{\"@id\":\"https:\\\/\\\/blog.vida.at\\\/pensionisten\\\/2021\\\/11\\\/23\\\/tirol\\\/#primaryimage\"},\"image\":{\"@id\":\"https:\\\/\\\/blog.vida.at\\\/pensionisten\\\/2021\\\/11\\\/23\\\/tirol\\\/#primaryimage\"},\"thumbnailUrl\":\"https:\\\/\\\/blog.vida.at\\\/pensionisten\\\/wp-content\\\/uploads\\\/sites\\\/10\\\/2021\\\/07\\\/recht4.png\",\"datePublished\":\"2021-11-23T10:02:17+00:00\",\"dateModified\":\"2021-11-30T12:06:24+00:00\",\"author\":{\"@id\":\"https:\\\/\\\/blog.vida.at\\\/pensionisten\\\/#\\\/schema\\\/person\\\/b5bfdf2ae254e8d022f67417edcd9550\"},\"breadcrumb\":{\"@id\":\"https:\\\/\\\/blog.vida.at\\\/pensionisten\\\/2021\\\/11\\\/23\\\/tirol\\\/#breadcrumb\"},\"inLanguage\":\"de\",\"potentialAction\":[{\"@type\":\"ReadAction\",\"target\":[\"https:\\\/\\\/blog.vida.at\\\/pensionisten\\\/2021\\\/11\\\/23\\\/tirol\\\/\"]}]},{\"@type\":\"ImageObject\",\"inLanguage\":\"de\",\"@id\":\"https:\\\/\\\/blog.vida.at\\\/pensionisten\\\/2021\\\/11\\\/23\\\/tirol\\\/#primaryimage\",\"url\":\"https:\\\/\\\/blog.vida.at\\\/pensionisten\\\/wp-content\\\/uploads\\\/sites\\\/10\\\/2021\\\/07\\\/recht4.png\",\"contentUrl\":\"https:\\\/\\\/blog.vida.at\\\/pensionisten\\\/wp-content\\\/uploads\\\/sites\\\/10\\\/2021\\\/07\\\/recht4.png\",\"width\":2832,\"height\":1891},{\"@type\":\"BreadcrumbList\",\"@id\":\"https:\\\/\\\/blog.vida.at\\\/pensionisten\\\/2021\\\/11\\\/23\\\/tirol\\\/#breadcrumb\",\"itemListElement\":[{\"@type\":\"ListItem\",\"position\":1,\"name\":\"Startseite\",\"item\":\"https:\\\/\\\/blog.vida.at\\\/pensionisten\\\/\"},{\"@type\":\"ListItem\",\"position\":2,\"name\":\"Tirol\"}]},{\"@type\":\"WebSite\",\"@id\":\"https:\\\/\\\/blog.vida.at\\\/pensionisten\\\/#website\",\"url\":\"https:\\\/\\\/blog.vida.at\\\/pensionisten\\\/\",\"name\":\"vida Pensionisten\",\"description\":\"\",\"potentialAction\":[{\"@type\":\"SearchAction\",\"target\":{\"@type\":\"EntryPoint\",\"urlTemplate\":\"https:\\\/\\\/blog.vida.at\\\/pensionisten\\\/?s={search_term_string}\"},\"query-input\":{\"@type\":\"PropertyValueSpecification\",\"valueRequired\":true,\"valueName\":\"search_term_string\"}}],\"inLanguage\":\"de\"},{\"@type\":\"Person\",\"@id\":\"https:\\\/\\\/blog.vida.at\\\/pensionisten\\\/#\\\/schema\\\/person\\\/b5bfdf2ae254e8d022f67417edcd9550\",\"name\":\"blogvidaoegbvadmin\",\"image\":{\"@type\":\"ImageObject\",\"inLanguage\":\"de\",\"@id\":\"https:\\\/\\\/secure.gravatar.com\\\/avatar\\\/3528dd652fcbe37b22fd9ddbd84f26d77cb8928aae7d6a057e536d54abff28bb?s=96&d=mm&r=g\",\"url\":\"https:\\\/\\\/secure.gravatar.com\\\/avatar\\\/3528dd652fcbe37b22fd9ddbd84f26d77cb8928aae7d6a057e536d54abff28bb?s=96&d=mm&r=g\",\"contentUrl\":\"https:\\\/\\\/secure.gravatar.com\\\/avatar\\\/3528dd652fcbe37b22fd9ddbd84f26d77cb8928aae7d6a057e536d54abff28bb?s=96&d=mm&r=g\",\"caption\":\"blogvidaoegbvadmin\"},\"url\":\"https:\\\/\\\/blog.vida.at\\\/pensionisten\\\/author\\\/blogvidaoegbvadmin\\\/\"}]}<\/script>\n<!-- \/ Yoast SEO plugin. -->","yoast_head_json":{"title":"Tirol","robots":{"index":"index","follow":"follow","max-snippet":"max-snippet:-1","max-image-preview":"max-image-preview:large","max-video-preview":"max-video-preview:-1"},"canonical":"https:\/\/blog.vida.at\/pensionisten\/2021\/11\/23\/tirol\/","og_locale":"de_DE","og_type":"article","og_title":"Tirol","og_description":"Hier findet du wichtige Infos, Adressen zu den Sozialen Diensten, Essen auf R\u00e4dern, und Seniorentagesbetreuung im Bundesland Tirol. Sozialministeriumservice, Landesstelle Tirol Herzog-Friedrich-Stra\u00dfe 3, 6020 Innsbruck&nbsp; Tel: 0512 56 31 01&nbsp; E-Mail: post.tirol@sozialministeriumservice.at&nbsp; &gt;&gt;&gt; Hier geht&#8217;s zur Website Pensionistenverband \u00d6sterreichs Landesorganisation Tirol Salurnerstra\u00dfe 2\/3, 6020 Innsbruck&nbsp; Tel: 0512 58 91 13&nbsp; E-Mail: tirol@pvoe.at &gt;&gt;&gt; Hier geht&#8217;s &hellip; \u201eTirol\u201c weiterlesen","og_url":"https:\/\/blog.vida.at\/pensionisten\/2021\/11\/23\/tirol\/","og_site_name":"vida Pensionisten","article_published_time":"2021-11-23T10:02:17+00:00","article_modified_time":"2021-11-30T12:06:24+00:00","og_image":[{"width":2832,"height":1891,"url":"https:\/\/blog.vida.at\/pensionisten\/wp-content\/uploads\/sites\/10\/2021\/07\/recht4.png","type":"image\/png"}],"author":"blogvidaoegbvadmin","twitter_card":"summary_large_image","twitter_misc":{"Verfasst von":"blogvidaoegbvadmin","Gesch\u00e4tzte Lesezeit":"1\u00a0Minute"},"schema":{"@context":"https:\/\/schema.org","@graph":[{"@type":"Article","@id":"https:\/\/blog.vida.at\/pensionisten\/2021\/11\/23\/tirol\/#article","isPartOf":{"@id":"https:\/\/blog.vida.at\/pensionisten\/2021\/11\/23\/tirol\/"},"author":{"name":"blogvidaoegbvadmin","@id":"https:\/\/blog.vida.at\/pensionisten\/#\/schema\/person\/b5bfdf2ae254e8d022f67417edcd9550"},"headline":"Tirol","datePublished":"2021-11-23T10:02:17+00:00","dateModified":"2021-11-30T12:06:24+00:00","mainEntityOfPage":{"@id":"https:\/\/blog.vida.at\/pensionisten\/2021\/11\/23\/tirol\/"},"wordCount":240,"commentCount":0,"image":{"@id":"https:\/\/blog.vida.at\/pensionisten\/2021\/11\/23\/tirol\/#primaryimage"},"thumbnailUrl":"https:\/\/blog.vida.at\/pensionisten\/wp-content\/uploads\/sites\/10\/2021\/07\/recht4.png","inLanguage":"de","potentialAction":[{"@type":"CommentAction","name":"Comment","target":["https:\/\/blog.vida.at\/pensionisten\/2021\/11\/23\/tirol\/#respond"]}]},{"@type":"WebPage","@id":"https:\/\/blog.vida.at\/pensionisten\/2021\/11\/23\/tirol\/","url":"https:\/\/blog.vida.at\/pensionisten\/2021\/11\/23\/tirol\/","name":"Tirol","isPartOf":{"@id":"https:\/\/blog.vida.at\/pensionisten\/#website"},"primaryImageOfPage":{"@id":"https:\/\/blog.vida.at\/pensionisten\/2021\/11\/23\/tirol\/#primaryimage"},"image":{"@id":"https:\/\/blog.vida.at\/pensionisten\/2021\/11\/23\/tirol\/#primaryimage"},"thumbnailUrl":"https:\/\/blog.vida.at\/pensionisten\/wp-content\/uploads\/sites\/10\/2021\/07\/recht4.png","datePublished":"2021-11-23T10:02:17+00:00","dateModified":"2021-11-30T12:06:24+00:00","author":{"@id":"https:\/\/blog.vida.at\/pensionisten\/#\/schema\/person\/b5bfdf2ae254e8d022f67417edcd9550"},"breadcrumb":{"@id":"https:\/\/blog.vida.at\/pensionisten\/2021\/11\/23\/tirol\/#breadcrumb"},"inLanguage":"de","potentialAction":[{"@type":"ReadAction","target":["https:\/\/blog.vida.at\/pensionisten\/2021\/11\/23\/tirol\/"]}]},{"@type":"ImageObject","inLanguage":"de","@id":"https:\/\/blog.vida.at\/pensionisten\/2021\/11\/23\/tirol\/#primaryimage","url":"https:\/\/blog.vida.at\/pensionisten\/wp-content\/uploads\/sites\/10\/2021\/07\/recht4.png","contentUrl":"https:\/\/blog.vida.at\/pensionisten\/wp-content\/uploads\/sites\/10\/2021\/07\/recht4.png","width":2832,"height":1891},{"@type":"BreadcrumbList","@id":"https:\/\/blog.vida.at\/pensionisten\/2021\/11\/23\/tirol\/#breadcrumb","itemListElement":[{"@type":"ListItem","position":1,"name":"Startseite","item":"https:\/\/blog.vida.at\/pensionisten\/"},{"@type":"ListItem","position":2,"name":"Tirol"}]},{"@type":"WebSite","@id":"https:\/\/blog.vida.at\/pensionisten\/#website","url":"https:\/\/blog.vida.at\/pensionisten\/","name":"vida Pensionisten","description":"","potentialAction":[{"@type":"SearchAction","target":{"@type":"EntryPoint","urlTemplate":"https:\/\/blog.vida.at\/pensionisten\/?s={search_term_string}"},"query-input":{"@type":"PropertyValueSpecification","valueRequired":true,"valueName":"search_term_string"}}],"inLanguage":"de"},{"@type":"Person","@id":"https:\/\/blog.vida.at\/pensionisten\/#\/schema\/person\/b5bfdf2ae254e8d022f67417edcd9550","name":"blogvidaoegbvadmin","image":{"@type":"ImageObject","inLanguage":"de","@id":"https:\/\/secure.gravatar.com\/avatar\/3528dd652fcbe37b22fd9ddbd84f26d77cb8928aae7d6a057e536d54abff28bb?s=96&d=mm&r=g","url":"https:\/\/secure.gravatar.com\/avatar\/3528dd652fcbe37b22fd9ddbd84f26d77cb8928aae7d6a057e536d54abff28bb?s=96&d=mm&r=g","contentUrl":"https:\/\/secure.gravatar.com\/avatar\/3528dd652fcbe37b22fd9ddbd84f26d77cb8928aae7d6a057e536d54abff28bb?s=96&d=mm&r=g","caption":"blogvidaoegbvadmin"},"url":"https:\/\/blog.vida.at\/pensionisten\/author\/blogvidaoegbvadmin\/"}]}},"author_meta":{"display_name":"blogvidaoegbvadmin","author_link":"https:\/\/blog.vida.at\/pensionisten\/author\/blogvidaoegbvadmin\/"},"featured_img":"https:\/\/blog.vida.at\/pensionisten\/wp-content\/uploads\/sites\/10\/2021\/07\/recht4-300x200.png","featured_image_src":"https:\/\/blog.vida.at\/pensionisten\/wp-content\/uploads\/sites\/10\/2021\/07\/recht4-600x400.png","featured_image_src_square":"https:\/\/blog.vida.at\/pensionisten\/wp-content\/uploads\/sites\/10\/2021\/07\/recht4-600x600.png","uagb_featured_image_src":{"full":["https:\/\/blog.vida.at\/pensionisten\/wp-content\/uploads\/sites\/10\/2021\/07\/recht4.png",2832,1891,false],"thumbnail":["https:\/\/blog.vida.at\/pensionisten\/wp-content\/uploads\/sites\/10\/2021\/07\/recht4-150x150.png",150,150,true],"medium":["https:\/\/blog.vida.at\/pensionisten\/wp-content\/uploads\/sites\/10\/2021\/07\/recht4-300x200.png",300,200,true],"medium_large":["https:\/\/blog.vida.at\/pensionisten\/wp-content\/uploads\/sites\/10\/2021\/07\/recht4-768x513.png",640,428,true],"large":["https:\/\/blog.vida.at\/pensionisten\/wp-content\/uploads\/sites\/10\/2021\/07\/recht4-1024x684.png",640,428,true],"1536x1536":["https:\/\/blog.vida.at\/pensionisten\/wp-content\/uploads\/sites\/10\/2021\/07\/recht4-1536x1026.png",1536,1026,true],"2048x2048":["https:\/\/blog.vida.at\/pensionisten\/wp-content\/uploads\/sites\/10\/2021\/07\/recht4-2048x1368.png",2048,1368,true],"ab-block-post-grid-landscape":["https:\/\/blog.vida.at\/pensionisten\/wp-content\/uploads\/sites\/10\/2021\/07\/recht4-600x400.png",600,400,true],"ab-block-post-grid-square":["https:\/\/blog.vida.at\/pensionisten\/wp-content\/uploads\/sites\/10\/2021\/07\/recht4-600x600.png",600,600,true],"post-thumbnail":["https:\/\/blog.vida.at\/pensionisten\/wp-content\/uploads\/sites\/10\/2021\/07\/recht4-1568x1047.png",1568,1047,true],"awb_sm":["https:\/\/blog.vida.at\/pensionisten\/wp-content\/uploads\/sites\/10\/2021\/07\/recht4-500x334.png",500,334,true],"awb_md":["https:\/\/blog.vida.at\/pensionisten\/wp-content\/uploads\/sites\/10\/2021\/07\/recht4-800x534.png",800,534,true],"awb_lg":["https:\/\/blog.vida.at\/pensionisten\/wp-content\/uploads\/sites\/10\/2021\/07\/recht4-1280x855.png",1280,855,true],"awb_xl":["https:\/\/blog.vida.at\/pensionisten\/wp-content\/uploads\/sites\/10\/2021\/07\/recht4-1920x1282.png",1920,1282,true]},"uagb_author_info":{"display_name":"blogvidaoegbvadmin","author_link":"https:\/\/blog.vida.at\/pensionisten\/author\/blogvidaoegbvadmin\/"},"uagb_comment_info":0,"uagb_excerpt":"Hier findet du wichtige Infos, Adressen zu den Sozialen Diensten, Essen auf R\u00e4dern, und Seniorentagesbetreuung im Bundesland Tirol. Sozialministeriumservice, Landesstelle Tirol Herzog-Friedrich-Stra\u00dfe 3, 6020 Innsbruck&nbsp; Tel: 0512 56 31 01&nbsp; E-Mail: post.tirol@sozialministeriumservice.at&nbsp; &gt;&gt;&gt; Hier geht&#8217;s zur Website Pensionistenverband \u00d6sterreichs Landesorganisation Tirol Salurnerstra\u00dfe 2\/3, 6020 Innsbruck&nbsp; Tel: 0512 58 91 13&nbsp; E-Mail: tirol@pvoe.at &gt;&gt;&gt; Hier geht&#8217;s&hellip;","coauthors":[],"tax_additional":{"categories":{"linked":["<a href=\"https:\/\/blog.vida.at\/pensionisten\/category\/allgemein\/\" class=\"advgb-post-tax-term\">Allgemein<\/a>"],"unlinked":["<span class=\"advgb-post-tax-term\">Allgemein<\/span>"]}},"comment_count":"0","relative_dates":{"created":"Ver\u00f6ffentlicht 4\u00a0Jahren vor","modified":"Aktualisiert 4\u00a0Jahren vor"},"absolute_dates":{"created":"Ver\u00f6ffentlicht am 23. November 2021","modified":"Aktualisiert am 30. November 2021"},"absolute_dates_time":{"created":"Ver\u00f6ffentlicht am 23. November 2021 11:02","modified":"Aktualisiert am 30. November 2021 13:06"},"featured_img_caption":"","series_order":"","_links":{"self":[{"href":"https:\/\/blog.vida.at\/pensionisten\/wp-json\/wp\/v2\/posts\/3085","targetHints":{"allow":["GET"]}}],"collection":[{"href":"https:\/\/blog.vida.at\/pensionisten\/wp-json\/wp\/v2\/posts"}],"about":[{"href":"https:\/\/blog.vida.at\/pensionisten\/wp-json\/wp\/v2\/types\/post"}],"author":[{"embeddable":true,"href":"https:\/\/blog.vida.at\/pensionisten\/wp-json\/wp\/v2\/users\/1"}],"replies":[{"embeddable":true,"href":"https:\/\/blog.vida.at\/pensionisten\/wp-json\/wp\/v2\/comments?post=3085"}],"version-history":[{"count":15,"href":"https:\/\/blog.vida.at\/pensionisten\/wp-json\/wp\/v2\/posts\/3085\/revisions"}],"predecessor-version":[{"id":3841,"href":"https:\/\/blog.vida.at\/pensionisten\/wp-json\/wp\/v2\/posts\/3085\/revisions\/3841"}],"wp:featuredmedia":[{"embeddable":true,"href":"https:\/\/blog.vida.at\/pensionisten\/wp-json\/wp\/v2\/media\/2602"}],"wp:attachment":[{"href":"https:\/\/blog.vida.at\/pensionisten\/wp-json\/wp\/v2\/media?parent=3085"}],"wp:term":[{"taxonomy":"category","embeddable":true,"href":"https:\/\/blog.vida.at\/pensionisten\/wp-json\/wp\/v2\/categories?post=3085"},{"taxonomy":"post_tag","embeddable":true,"href":"https:\/\/blog.vida.at\/pensionisten\/wp-json\/wp\/v2\/tags?post=3085"},{"taxonomy":"Orte","embeddable":true,"href":"https:\/\/blog.vida.at\/pensionisten\/wp-json\/wp\/v2\/Orte?post=3085"},{"taxonomy":"activitytype","embeddable":true,"href":"https:\/\/blog.vida.at\/pensionisten\/wp-json\/wp\/v2\/activitytype?post=3085"}],"curies":[{"name":"wp","href":"https:\/\/api.w.org\/{rel}","templated":true}]}}