
{"id":3090,"date":"2021-11-23T11:05:49","date_gmt":"2021-11-23T10:05:49","guid":{"rendered":"https:\/\/blog.vida.at\/pensionisten\/?p=3090"},"modified":"2021-11-30T13:05:35","modified_gmt":"2021-11-30T12:05:35","slug":"wien","status":"publish","type":"post","link":"https:\/\/blog.vida.at\/pensionisten\/2021\/11\/23\/wien\/","title":{"rendered":"Wien"},"content":{"rendered":"\n<p>Hier findet du wichtige Infos, Adressen zu den Sozialen Diensten, Essen auf R\u00e4dern, und Seniorentagesbetreuung im Bundesland Wien.<\/p>\n\n\n\n<div class=\"wp-block-group Container\"><div class=\"wp-block-group__inner-container is-layout-flow wp-block-group-is-layout-flow\">\n<div class=\"wp-block-ugb-accordion ugb-accordion ugb-0e46e1a ugb-accordion--v2 ugb-accordion--design-basic ugb-main-block\" aria-expanded=\"false\"><div class=\"ugb-inner-block\"><div class=\"ugb-block-content\"><div class=\"ugb-accordion__item\"><div class=\"ugb-accordion__heading\" role=\"button\" tabindex=\"0\"><h4 class=\"ugb-accordion__title\">Allgemeines<\/h4><svg viewbox=\"0 0 20 20\" xmlns=\"http:\/\/www.w3.org\/2000\/svg\" class=\"ugb-accordion__arrow\" width=\"20\" height=\"20\"><path d=\"M16.7 3.3L10 10 3.3 3.4 0 6.7l10 10v-.1l10-9.9z\"><\/path><\/svg><\/div><div class=\"ugb-accordion__content\" role=\"region\"><div class=\"ugb-accordion__content-inner\">\n<h4 class=\"wp-block-heading\">Sozialministeriumservice, Landesstelle Wien<\/h4>\n\n\n\n<p>Babenbergerstra\u00dfe 5, 1010 Wien<\/p>\n\n\n\n<p>Tel: 01 58831-0<\/p>\n\n\n\n<p>E-Mail:&nbsp;<a href=\"mailto:post.burgenland@sozialministeriumservice.at\" target=\"_blank\" rel=\"noreferrer noopener\">post.wien@sozialministeriumservice.at<\/a><\/p>\n\n\n\n<p><a href=\"https:\/\/www.sozialministeriumservice.at\/\" target=\"_blank\" rel=\"noreferrer noopener\">&gt;&gt;&gt; Hier geht&#8217;s zur Website<\/a><\/p>\n\n\n\n<hr class=\"wp-block-separator is-style-wide\" \/>\n\n\n\n<h4 class=\"wp-block-heading\">Pensionistenverband \u00d6sterreichs Landesorganisation Wien<\/h4>\n\n\n\n<p>Alserbachstra\u00dfe 23, 109 Wien&nbsp;<\/p>\n\n\n\n<p>Tel: 01&nbsp;31940 12<\/p>\n\n\n\n<p>E-Mail: <a href=\"mailto:burgenland@pvoe.at\" target=\"_blank\" rel=\"noreferrer noopener\">wien@pvoe.at<\/a><\/p>\n\n\n\n<p><a href=\"https:\/\/wien.pvoe.at\/\" target=\"_blank\" rel=\"noreferrer noopener\">&gt;&gt;&gt; Hier geht&#8217;s zur Website<\/a><\/p>\n\n\n\n<hr class=\"wp-block-separator is-style-wide\" \/>\n\n\n\n<h4 class=\"wp-block-heading\">Essen auf R\u00e4dern<\/h4>\n\n\n\n<p>Fonds Soziales Wien<\/p>\n\n\n\n<p>Tel: 01 24524<\/p>\n\n\n\n<p><a href=\"https:\/\/www.fsw.at\/p\/essen-auf-raedern-pflege-betreuung\" target=\"_blank\" rel=\"noreferrer noopener\">&gt;&gt;&gt; Hier geht&#8217;s zur Website<\/a><\/p>\n<\/div><\/div><\/div><\/div><\/div><\/div>\n\n\n\n<div class=\"wp-block-ugb-accordion ugb-accordion ugb-b629e86 ugb-accordion--v2 ugb-accordion--design-basic ugb-main-block\" aria-expanded=\"false\"><div class=\"ugb-inner-block\"><div class=\"ugb-block-content\"><div class=\"ugb-accordion__item\"><div class=\"ugb-accordion__heading\" role=\"button\" tabindex=\"0\"><h4 class=\"ugb-accordion__title\">Soziale Dienste<\/h4><svg viewbox=\"0 0 20 20\" xmlns=\"http:\/\/www.w3.org\/2000\/svg\" class=\"ugb-accordion__arrow\" width=\"20\" height=\"20\"><path d=\"M16.7 3.3L10 10 3.3 3.4 0 6.7l10 10v-.1l10-9.9z\"><\/path><\/svg><\/div><div class=\"ugb-accordion__content\" role=\"region\"><div class=\"ugb-accordion__content-inner\">\n<h4 class=\"wp-block-heading\">Caritas der Erzdi\u00f6zese Wien<\/h4>\n\n\n\n<p><strong>Zust\u00e4ndig f\u00fcr: Pflege, Demenz, Hospiz, Beratung<\/strong><\/p>\n\n\n\n<p>Albrechtskreithgasse 19 &#8211; 21, 1160 Wien&nbsp;<\/p>\n\n\n\n<p>Tel: 01 87812-0<\/p>\n\n\n\n<p>Pflege-Tel: 01 87812-340<\/p>\n\n\n\n<p>E-Mail: <a href=\"mailto:office@caritas-wien.at\">office@caritas-wien.at<\/a><\/p>\n\n\n\n<p><a href=\"https:\/\/www.caritas-wien.at\/\" target=\"_blank\" rel=\"noreferrer noopener\">&gt;&gt;&gt; Hier geht&#8217;s zur Website<\/a><\/p>\n\n\n\n<hr class=\"wp-block-separator is-style-wide\" \/>\n\n\n\n<h4 class=\"wp-block-heading\">Wiener Hilfswerk <\/h4>\n\n\n\n<p><strong>Zust\u00e4ndig f\u00fcr: Pflege und Betreuung, Nachbarschaftszentren, Haus- und Heimhilfe<\/strong><\/p>\n\n\n\n<p>Schottenfeldgasse 29, 1070 Wien<\/p>\n\n\n\n<p>Tel: 01 512 36 61<\/p>\n\n\n\n<p>E-Mail: <a href=\"info@wiener.hilfswerk.at\">info@wiener.hilfswerk.a<\/a><a href=\"https:\/\/www.hilfswerk.at\/burgenland\/\">t<\/a><\/p>\n\n\n\n<p><a href=\"https:\/\/www.hilfswerk.at\/wien\/\" target=\"_blank\" rel=\"noreferrer noopener\">&gt;&gt;&gt; Hier geht&#8217;s zur Website<\/a><\/p>\n\n\n\n<hr class=\"wp-block-separator is-style-wide\" \/>\n\n\n\n<h4 class=\"wp-block-heading\">Volkshilfe Wien<\/h4>\n\n\n\n<p><strong>Zust\u00e4ndig f\u00fcr: Senioren-Wohnen, Senioren-WG, Sozialberatung<\/strong><\/p>\n\n\n\n<p>Weinberggasse 7, 1190 Wien<\/p>\n\n\n\n<p>Tel: &nbsp;01 36064-0<\/p>\n\n\n\n<p>E-Mail: <a href=\"mailto:volkshilfe@volkshilfe-wien.at\">volkshilfe@volkshilfe-wien.at<\/a> <\/p>\n\n\n\n<p><a href=\"https:\/\/www.volkshilfe-wien.at\/\" target=\"_blank\" rel=\"noreferrer noopener\">&gt;&gt;&gt; Hier geht&#8217;s zur Website<\/a><\/p>\n\n\n\n<hr class=\"wp-block-separator is-style-wide\" \/>\n\n\n\n<h4 class=\"wp-block-heading\">Arbeiters-Samariter-Bund&nbsp;Wien Gesundheits- und Soziale Dienste gemeinn\u00fctzige GmbH<\/h4>\n\n\n\n<p><strong>Zust\u00e4ndig f\u00fcr: Rettungsdienst und Krankentransport, Pflege und Betreuung, Wohnen, Soziale Dienste, Essen auf R\u00e4dern<\/strong><\/p>\n\n\n\n<p>Pillergasse 24, 1150 Wien<\/p>\n\n\n\n<p>Tel: 01 89145-210<\/p>\n\n\n\n<p>E-Mail: <a href=\"mailto:info@samariterwien.at\">info@samariterwien.at<\/a><\/p>\n\n\n\n<p><a href=\"https:\/\/www.samariterbund.net\/landesverband-wien\/\" target=\"_blank\" rel=\"noreferrer noopener\">&gt;&gt;&gt; Hier geht&#8217;s zur Website <\/a><\/p>\n\n\n\n<hr class=\"wp-block-separator is-style-wide\" \/>\n\n\n\n<p><\/p>\n\n\n\n<h4 class=\"wp-block-heading\">Johanniter Bundesgesch\u00e4ftsstelle<\/h4>\n\n\n\n<p><strong>Zust\u00e4ndig f\u00fcr: Rettungsdienst, Pflegenotdienst, Krankentransport<\/strong><\/p>\n\n\n\n<p>Ignaz-K\u00f6ck-Stra\u00dfe 22, 1210 Wien<\/p>\n\n\n\n<p>Tel: 01 47600<\/p>\n\n\n\n<p><a href=\"https:\/\/www.johanniter.at\/wien\/\" target=\"_blank\" rel=\"noreferrer noopener\">&gt;&gt;&gt; Hier geht&#8217;s zur Website mit Online-Kontaktformular<\/a><\/p>\n\n\n\n<hr class=\"wp-block-separator is-style-wide\" \/>\n\n\n\n<h4 class=\"wp-block-heading\">Malteser Care GmbH<\/h4>\n\n\n\n<p><strong>Zust\u00e4ndig f\u00fcr: Pflege, 24-Stunden-Pflege, Tagesbetreuung, Personenbetreuung<\/strong><\/p>\n\n\n\n<p>Margaretenstra\u00dfe 22\/3, 1040 Wien&nbsp;<\/p>\n\n\n\n<p>Tel: 01 3619788&nbsp;<\/p>\n\n\n\n<p>Kostenlose Pflegehotline: 0800 201 800; Montag bis Sonntag 8 bis 20 Uhr<\/p>\n\n\n\n<p>E-Mail: <a href=\"mailto:office@malteser.care\" target=\"_blank\" rel=\"noreferrer noopener\">office@malteser.care<\/a>&nbsp;<\/p>\n\n\n\n<p><a href=\"https:\/\/www.malteser.care\">&gt;<\/a><a href=\"https:\/\/www.malteser.care\" target=\"_blank\" rel=\"noreferrer noopener\">&gt;&gt; Hier geht&#8217;s zur Website<\/a><\/p>\n<\/div><\/div><\/div><\/div><\/div><\/div>\n\n\n\n<div class=\"wp-block-ugb-accordion ugb-accordion ugb-8080fcf ugb-accordion--v2 ugb-accordion--design-basic ugb-main-block\" aria-expanded=\"false\"><div class=\"ugb-inner-block\"><div class=\"ugb-block-content\"><div class=\"ugb-accordion__item\"><div class=\"ugb-accordion__heading\" role=\"button\" tabindex=\"0\"><h4 class=\"ugb-accordion__title\">Seniorentageszentren<\/h4><svg viewbox=\"0 0 20 20\" xmlns=\"http:\/\/www.w3.org\/2000\/svg\" class=\"ugb-accordion__arrow\" width=\"20\" height=\"20\"><path d=\"M16.7 3.3L10 10 3.3 3.4 0 6.7l10 10v-.1l10-9.9z\"><\/path><\/svg><\/div><div class=\"ugb-accordion__content\" role=\"region\"><div class=\"ugb-accordion__content-inner\">\n<p><\/p>\n\n\n\n<p><a href=\"https:\/\/www.tageszentren.at\/\" target=\"_blank\" rel=\"noreferrer noopener\"><strong>&gt;&gt;&gt; Infos zu den Seniorentageszentren in Wien<\/strong><\/a><\/p>\n\n\n\n<hr class=\"wp-block-separator is-style-wide\" \/>\n\n\n\n<p><strong>Tageszentrum Baumgarten<\/strong><\/p>\n\n\n\n<p style=\"line-height:1\">Seckendorfstra\u00dfe 1, 1140 Wien <\/p>\n\n\n\n<p style=\"line-height:1\">Tel: &nbsp;01 24524-30140<\/p>\n\n\n\n<p style=\"line-height:1\">E-Mail: <a href=\"mailto:tz-baumgarten@fsw.at\">tz-baumgarten@fsw.at<\/a><\/p>\n\n\n\n<hr class=\"wp-block-separator is-style-wide\" \/>\n\n\n\n<p><strong>Tageszentrum Donaufeld<\/strong><\/p>\n\n\n\n<p style=\"line-height:1\">Rudolf-K\u00f6ppl-Gasse 2 (ident Donaufelder Stra\u00dfe 185),&nbsp;1220 Wien<\/p>\n\n\n\n<p style=\"line-height:1\">Tel. 01 24524-30170<\/p>\n\n\n\n<p style=\"line-height:1\">E-Mail:&nbsp;<a href=\"mailto:tz-donaufeld@fsw.at\">tz-donaufeld@fsw.at<\/a><\/p>\n\n\n\n<hr class=\"wp-block-separator is-style-wide\" \/>\n\n\n\n<p><strong>Tageszentrum Favoriten<\/strong><\/p>\n\n\n\n<p style=\"line-height:1\">Kundratstra\u00dfe 3,&nbsp;1100 Wien<\/p>\n\n\n\n<p style=\"line-height:1\">Tel. 01 24524-30120<\/p>\n\n\n\n<p style=\"line-height:1\">E-Mail:&nbsp;<a href=\"mailto:tz-favoriten@fsw.at\">tz-favoriten@fsw.at<\/a><\/p>\n\n\n\n<hr class=\"wp-block-separator is-style-wide\" \/>\n\n\n\n<p><strong>Tageszentrum Floridsdorf<\/strong><\/p>\n\n\n\n<p style=\"line-height:1\">Bentheimstra\u00dfe 7,&nbsp;1210 Wien<\/p>\n\n\n\n<p style=\"line-height:1\">Tel. 01 24524-30150<\/p>\n\n\n\n<p style=\"line-height:1\">E-Mail:&nbsp;<a href=\"mailto:tz-floridsdorf@fsw.at\">tz-floridsdorf@fsw.at<\/a><\/p>\n\n\n\n<hr class=\"wp-block-separator is-style-wide\" \/>\n\n\n\n<p><strong>Tageszentrum Liesing<\/strong><\/p>\n\n\n\n<p style=\"line-height:1\">Schwerpunkt: Demenz<\/p>\n\n\n\n<p>Haeckelstra\u00dfe 1a,&nbsp;1230 Wien<\/p>\n\n\n\n<p style=\"line-height:1\">Tel: 01 24524-30190<\/p>\n\n\n\n<p style=\"line-height:1\">E-Mail:&nbsp;<a href=\"mailto:tz-liesing@fsw.at\">tz-liesing@fsw.at<\/a><\/p>\n\n\n\n<hr class=\"wp-block-separator is-style-wide\" \/>\n\n\n\n<p><strong>Tageszentrum Oriongasse<\/strong><\/p>\n\n\n\n<p>Schwerpunkt: Demenz<\/p>\n\n\n\n<p style=\"line-height:1\">Sechshauser Stra\u00dfe 33,&nbsp;1150 Wien<\/p>\n\n\n\n<p style=\"line-height:1\">Tel. 01 24524-30110<\/p>\n\n\n\n<p style=\"line-height:1\">E-Mail:&nbsp;<a href=\"mailto:tz-simmering@fsw.at\">tz-simmering@fsw.at<\/a><\/p>\n\n\n\n<hr class=\"wp-block-separator is-style-wide\" \/>\n\n\n\n<p><strong>Tageszentrum Sechshauser Stra\u00dfe<\/strong><\/p>\n\n\n\n<p style=\"line-height:1\">Sechshauser Stra\u00dfe 33,&nbsp;1150 Wien<\/p>\n\n\n\n<p style=\"line-height:1\">Tel. 01 24524-30130<\/p>\n\n\n\n<p style=\"line-height:1\">E-Mail:&nbsp;<a href=\"mailto:tz-sechshauserstrasse@fsw.at\">tz-sechshauserstrasse@fsw.at<\/a><\/p>\n\n\n\n<hr class=\"wp-block-separator is-style-wide\" \/>\n\n\n\n<p><strong>Tageszentrum Simmering<\/strong><\/p>\n\n\n\n<p style=\"line-height:1\">Dittmanngasse 5C,&nbsp;1110 Wien<\/p>\n\n\n\n<p style=\"line-height:1\">Tel.: 01 24524-30110<\/p>\n\n\n\n<p style=\"line-height:1\">E-Mail:&nbsp;<a href=\"mailto:tz-simmering@fsw.at\">tz-simmering@fsw.at<\/a><\/p>\n\n\n\n<hr class=\"wp-block-separator is-style-wide\" \/>\n\n\n\n<p style=\"line-height:1\"><strong>Tageszentrum Stadlau<\/strong><\/p>\n\n\n\n<p style=\"line-height:1\">Miriam-Makeba-Gasse 9,&nbsp;1220 Wien<\/p>\n\n\n\n<p style=\"line-height:1\">Tel. 01 24524-30160<\/p>\n\n\n\n<p style=\"line-height:1\">E-Mail:&nbsp;&nbsp;<a href=\"mailto:tz-stadlau@fsw.at\">tz-stadlau@fsw.at<\/a><\/p>\n\n\n\n<hr class=\"wp-block-separator is-style-wide\" \/>\n\n\n\n<p><strong>Tageszentrum Winarskystra\u00dfe<\/strong><\/p>\n\n\n\n<p>Winarskystra\u00dfe 13,&nbsp;1200 Wien<\/p>\n\n\n\n<p>Tel. 01 24524-30180<\/p>\n\n\n\n<p>E-Mail: <a href=\"mailto:tz-winarskystrasse@fsw.at\">tz-winarskystrasse@fsw.at<\/a><\/p>\n\n\n\n<hr class=\"wp-block-separator is-style-wide\" \/>\n\n\n\n<p><strong>Tageszentrum Heigerleinstra\u00dfe<\/strong><\/p>\n\n\n\n<p>Heigerleinstra\u00dfe 29,&nbsp;1160 Wien<\/p>\n\n\n\n<p>Tel. &nbsp;01 24524-30210<\/p>\n\n\n\n<p>E-Mail: <a href=\"mailto:tz-heigerleinstrasse@fsw.at\">tz-heigerleinstrasse@fsw.at<\/a><\/p>\n<\/div><\/div><\/div><\/div><\/div><\/div>\n<\/div><\/div>\n\n\n\n<p><\/p>\n\n\n\n<p><\/p>\n","protected":false},"excerpt":{"rendered":"<p>Hier findet du wichtige Infos, Adressen zu den Sozialen Diensten, Essen auf R\u00e4dern, und Seniorentagesbetreuung im Bundesland Wien. Sozialministeriumservice, Landesstelle Wien Babenbergerstra\u00dfe 5, 1010 Wien Tel: 01 58831-0 E-Mail:&nbsp;post.wien@sozialministeriumservice.at &gt;&gt;&gt; Hier geht&#8217;s zur Website Pensionistenverband \u00d6sterreichs Landesorganisation Wien Alserbachstra\u00dfe 23, 109 Wien&nbsp; Tel: 01&nbsp;31940 12 E-Mail: wien@pvoe.at &gt;&gt;&gt; Hier geht&#8217;s zur Website Essen auf R\u00e4dern &hellip; <\/p>\n<p class=\"link-more\"><a href=\"https:\/\/blog.vida.at\/pensionisten\/2021\/11\/23\/wien\/\" class=\"more-link\"><span class=\"screen-reader-text\">\u201eWien\u201c <\/span>weiterlesen<\/a><\/p>\n","protected":false},"author":1,"featured_media":2602,"comment_status":"open","ping_status":"open","sticky":false,"template":"","format":"standard","meta":{"_uag_custom_page_level_css":"","advgb_blocks_editor_width":"","advgb_blocks_columns_visual_guide":"","footnotes":""},"categories":[1],"tags":[],"Orte":[],"activitytype":[],"class_list":["post-3090","post","type-post","status-publish","format-standard","has-post-thumbnail","hentry","category-allgemein","entry"],"featured_image_urls":{"full":["https:\/\/blog.vida.at\/pensionisten\/wp-content\/uploads\/sites\/10\/2021\/07\/recht4.png",2832,1891,false],"thumbnail":["https:\/\/blog.vida.at\/pensionisten\/wp-content\/uploads\/sites\/10\/2021\/07\/recht4-150x150.png",150,150,true],"medium":["https:\/\/blog.vida.at\/pensionisten\/wp-content\/uploads\/sites\/10\/2021\/07\/recht4-300x200.png",300,200,true],"medium_large":["https:\/\/blog.vida.at\/pensionisten\/wp-content\/uploads\/sites\/10\/2021\/07\/recht4-768x513.png",640,428,true],"large":["https:\/\/blog.vida.at\/pensionisten\/wp-content\/uploads\/sites\/10\/2021\/07\/recht4-1024x684.png",640,428,true],"1536x1536":["https:\/\/blog.vida.at\/pensionisten\/wp-content\/uploads\/sites\/10\/2021\/07\/recht4-1536x1026.png",1536,1026,true],"2048x2048":["https:\/\/blog.vida.at\/pensionisten\/wp-content\/uploads\/sites\/10\/2021\/07\/recht4-2048x1368.png",2048,1368,true],"ab-block-post-grid-landscape":["https:\/\/blog.vida.at\/pensionisten\/wp-content\/uploads\/sites\/10\/2021\/07\/recht4-600x400.png",600,400,true],"ab-block-post-grid-square":["https:\/\/blog.vida.at\/pensionisten\/wp-content\/uploads\/sites\/10\/2021\/07\/recht4-600x600.png",600,600,true],"post-thumbnail":["https:\/\/blog.vida.at\/pensionisten\/wp-content\/uploads\/sites\/10\/2021\/07\/recht4-1568x1047.png",1568,1047,true],"awb_sm":["https:\/\/blog.vida.at\/pensionisten\/wp-content\/uploads\/sites\/10\/2021\/07\/recht4-500x334.png",500,334,true],"awb_md":["https:\/\/blog.vida.at\/pensionisten\/wp-content\/uploads\/sites\/10\/2021\/07\/recht4-800x534.png",800,534,true],"awb_lg":["https:\/\/blog.vida.at\/pensionisten\/wp-content\/uploads\/sites\/10\/2021\/07\/recht4-1280x855.png",1280,855,true],"awb_xl":["https:\/\/blog.vida.at\/pensionisten\/wp-content\/uploads\/sites\/10\/2021\/07\/recht4-1920x1282.png",1920,1282,true]},"post_excerpt_stackable":"<p>Hier findet du wichtige Infos, Adressen zu den Sozialen Diensten, Essen auf R\u00e4dern, und Seniorentagesbetreuung im Bundesland Wien. Allgemeines Sozialministeriumservice, Landesstelle Wien Babenbergerstra\u00dfe 5, 1010 Wien Tel: 01 58831-0 E-Mail:&nbsp;post.wien@sozialministeriumservice.at &gt;&gt;&gt; Hier geht&#8217;s zur Website Pensionistenverband \u00d6sterreichs Landesorganisation Wien Alserbachstra\u00dfe 23, 109 Wien&nbsp; Tel: 01&nbsp;31940 12 E-Mail: wien@pvoe.at &gt;&gt;&gt; Hier geht&#8217;s zur Website Essen auf R\u00e4dern Fonds Soziales Wien Tel: 01 24524 &gt;&gt;&gt; Hier geht&#8217;s zur Website Soziale Dienste Caritas der Erzdi\u00f6zese Wien Zust\u00e4ndig f\u00fcr: Pflege, Demenz, Hospiz, Beratung Albrechtskreithgasse 19 &#8211; 21, 1160 Wien&nbsp; Tel: 01 87812-0 Pflege-Tel: 01 87812-340 E-Mail: office@caritas-wien.at &gt;&gt;&gt; Hier geht&#8217;s zur Website Wiener Hilfswerk&hellip;<\/p>\n","category_list":"<a href=\"https:\/\/blog.vida.at\/pensionisten\/category\/allgemein\/\" rel=\"category tag\">Allgemein<\/a>","author_info":{"display_name":"blogvidaoegbvadmin","author_link":"https:\/\/blog.vida.at\/pensionisten\/author\/blogvidaoegbvadmin\/"},"comments_num":"0 comments","featured_image_urls_v2":{"full":["https:\/\/blog.vida.at\/pensionisten\/wp-content\/uploads\/sites\/10\/2021\/07\/recht4.png",2832,1891,false],"thumbnail":["https:\/\/blog.vida.at\/pensionisten\/wp-content\/uploads\/sites\/10\/2021\/07\/recht4-150x150.png",150,150,true],"medium":["https:\/\/blog.vida.at\/pensionisten\/wp-content\/uploads\/sites\/10\/2021\/07\/recht4-300x200.png",300,200,true],"medium_large":["https:\/\/blog.vida.at\/pensionisten\/wp-content\/uploads\/sites\/10\/2021\/07\/recht4-768x513.png",640,428,true],"large":["https:\/\/blog.vida.at\/pensionisten\/wp-content\/uploads\/sites\/10\/2021\/07\/recht4-1024x684.png",640,428,true],"1536x1536":["https:\/\/blog.vida.at\/pensionisten\/wp-content\/uploads\/sites\/10\/2021\/07\/recht4-1536x1026.png",1536,1026,true],"2048x2048":["https:\/\/blog.vida.at\/pensionisten\/wp-content\/uploads\/sites\/10\/2021\/07\/recht4-2048x1368.png",2048,1368,true],"ab-block-post-grid-landscape":["https:\/\/blog.vida.at\/pensionisten\/wp-content\/uploads\/sites\/10\/2021\/07\/recht4-600x400.png",600,400,true],"ab-block-post-grid-square":["https:\/\/blog.vida.at\/pensionisten\/wp-content\/uploads\/sites\/10\/2021\/07\/recht4-600x600.png",600,600,true],"post-thumbnail":["https:\/\/blog.vida.at\/pensionisten\/wp-content\/uploads\/sites\/10\/2021\/07\/recht4-1568x1047.png",1568,1047,true],"awb_sm":["https:\/\/blog.vida.at\/pensionisten\/wp-content\/uploads\/sites\/10\/2021\/07\/recht4-500x334.png",500,334,true],"awb_md":["https:\/\/blog.vida.at\/pensionisten\/wp-content\/uploads\/sites\/10\/2021\/07\/recht4-800x534.png",800,534,true],"awb_lg":["https:\/\/blog.vida.at\/pensionisten\/wp-content\/uploads\/sites\/10\/2021\/07\/recht4-1280x855.png",1280,855,true],"awb_xl":["https:\/\/blog.vida.at\/pensionisten\/wp-content\/uploads\/sites\/10\/2021\/07\/recht4-1920x1282.png",1920,1282,true]},"post_excerpt_stackable_v2":"<p>Hier findet du wichtige Infos, Adressen zu den Sozialen Diensten, Essen auf R\u00e4dern, und Seniorentagesbetreuung im Bundesland Wien. Allgemeines Sozialministeriumservice, Landesstelle Wien Babenbergerstra\u00dfe 5, 1010 Wien Tel: 01 58831-0 E-Mail:&nbsp;post.wien@sozialministeriumservice.at &gt;&gt;&gt; Hier geht&#8217;s zur Website Pensionistenverband \u00d6sterreichs Landesorganisation Wien Alserbachstra\u00dfe 23, 109 Wien&nbsp; Tel: 01&nbsp;31940 12 E-Mail: wien@pvoe.at &gt;&gt;&gt; Hier geht&#8217;s zur Website Essen auf R\u00e4dern Fonds Soziales Wien Tel: 01 24524 &gt;&gt;&gt; Hier geht&#8217;s zur Website Soziale Dienste Caritas der Erzdi\u00f6zese Wien Zust\u00e4ndig f\u00fcr: Pflege, Demenz, Hospiz, Beratung Albrechtskreithgasse 19 &#8211; 21, 1160 Wien&nbsp; Tel: 01 87812-0 Pflege-Tel: 01 87812-340 E-Mail: office@caritas-wien.at &gt;&gt;&gt; Hier geht&#8217;s zur Website Wiener Hilfswerk&hellip;<\/p>\n","category_list_v2":"<a href=\"https:\/\/blog.vida.at\/pensionisten\/category\/allgemein\/\" rel=\"category tag\">Allgemein<\/a>","author_info_v2":{"name":"blogvidaoegbvadmin","url":"https:\/\/blog.vida.at\/pensionisten\/author\/blogvidaoegbvadmin\/"},"comments_num_v2":"0 comments","yoast_head":"<!-- This site is optimized with the Yoast SEO plugin v27.3 - https:\/\/yoast.com\/product\/yoast-seo-wordpress\/ -->\n<title>Wien<\/title>\n<meta name=\"robots\" content=\"index, follow, max-snippet:-1, max-image-preview:large, max-video-preview:-1\" \/>\n<link rel=\"canonical\" href=\"https:\/\/blog.vida.at\/pensionisten\/2021\/11\/23\/wien\/\" \/>\n<meta property=\"og:locale\" content=\"de_DE\" \/>\n<meta property=\"og:type\" content=\"article\" \/>\n<meta property=\"og:title\" content=\"Wien\" \/>\n<meta property=\"og:description\" content=\"Hier findet du wichtige Infos, Adressen zu den Sozialen Diensten, Essen auf R\u00e4dern, und Seniorentagesbetreuung im Bundesland Wien. Sozialministeriumservice, Landesstelle Wien Babenbergerstra\u00dfe 5, 1010 Wien Tel: 01 58831-0 E-Mail:&nbsp;post.wien@sozialministeriumservice.at &gt;&gt;&gt; Hier geht&#8217;s zur Website Pensionistenverband \u00d6sterreichs Landesorganisation Wien Alserbachstra\u00dfe 23, 109 Wien&nbsp; Tel: 01&nbsp;31940 12 E-Mail: wien@pvoe.at &gt;&gt;&gt; Hier geht&#8217;s zur Website Essen auf R\u00e4dern &hellip; \u201eWien\u201c weiterlesen\" \/>\n<meta property=\"og:url\" content=\"https:\/\/blog.vida.at\/pensionisten\/2021\/11\/23\/wien\/\" \/>\n<meta property=\"og:site_name\" content=\"vida Pensionisten\" \/>\n<meta property=\"article:published_time\" content=\"2021-11-23T10:05:49+00:00\" \/>\n<meta property=\"article:modified_time\" content=\"2021-11-30T12:05:35+00:00\" \/>\n<meta property=\"og:image\" content=\"https:\/\/blog.vida.at\/pensionisten\/wp-content\/uploads\/sites\/10\/2021\/07\/recht4.png\" \/>\n\t<meta property=\"og:image:width\" content=\"2832\" \/>\n\t<meta property=\"og:image:height\" content=\"1891\" \/>\n\t<meta property=\"og:image:type\" content=\"image\/png\" \/>\n<meta name=\"author\" content=\"blogvidaoegbvadmin\" \/>\n<meta name=\"twitter:card\" content=\"summary_large_image\" \/>\n<meta name=\"twitter:label1\" content=\"Verfasst von\" \/>\n\t<meta name=\"twitter:data1\" content=\"blogvidaoegbvadmin\" \/>\n\t<meta name=\"twitter:label2\" content=\"Gesch\u00e4tzte Lesezeit\" \/>\n\t<meta name=\"twitter:data2\" content=\"2\u00a0Minuten\" \/>\n<script type=\"application\/ld+json\" class=\"yoast-schema-graph\">{\"@context\":\"https:\\\/\\\/schema.org\",\"@graph\":[{\"@type\":\"Article\",\"@id\":\"https:\\\/\\\/blog.vida.at\\\/pensionisten\\\/2021\\\/11\\\/23\\\/wien\\\/#article\",\"isPartOf\":{\"@id\":\"https:\\\/\\\/blog.vida.at\\\/pensionisten\\\/2021\\\/11\\\/23\\\/wien\\\/\"},\"author\":{\"name\":\"blogvidaoegbvadmin\",\"@id\":\"https:\\\/\\\/blog.vida.at\\\/pensionisten\\\/#\\\/schema\\\/person\\\/b5bfdf2ae254e8d022f67417edcd9550\"},\"headline\":\"Wien\",\"datePublished\":\"2021-11-23T10:05:49+00:00\",\"dateModified\":\"2021-11-30T12:05:35+00:00\",\"mainEntityOfPage\":{\"@id\":\"https:\\\/\\\/blog.vida.at\\\/pensionisten\\\/2021\\\/11\\\/23\\\/wien\\\/\"},\"wordCount\":434,\"commentCount\":0,\"image\":{\"@id\":\"https:\\\/\\\/blog.vida.at\\\/pensionisten\\\/2021\\\/11\\\/23\\\/wien\\\/#primaryimage\"},\"thumbnailUrl\":\"https:\\\/\\\/blog.vida.at\\\/pensionisten\\\/wp-content\\\/uploads\\\/sites\\\/10\\\/2021\\\/07\\\/recht4.png\",\"inLanguage\":\"de\",\"potentialAction\":[{\"@type\":\"CommentAction\",\"name\":\"Comment\",\"target\":[\"https:\\\/\\\/blog.vida.at\\\/pensionisten\\\/2021\\\/11\\\/23\\\/wien\\\/#respond\"]}]},{\"@type\":\"WebPage\",\"@id\":\"https:\\\/\\\/blog.vida.at\\\/pensionisten\\\/2021\\\/11\\\/23\\\/wien\\\/\",\"url\":\"https:\\\/\\\/blog.vida.at\\\/pensionisten\\\/2021\\\/11\\\/23\\\/wien\\\/\",\"name\":\"Wien\",\"isPartOf\":{\"@id\":\"https:\\\/\\\/blog.vida.at\\\/pensionisten\\\/#website\"},\"primaryImageOfPage\":{\"@id\":\"https:\\\/\\\/blog.vida.at\\\/pensionisten\\\/2021\\\/11\\\/23\\\/wien\\\/#primaryimage\"},\"image\":{\"@id\":\"https:\\\/\\\/blog.vida.at\\\/pensionisten\\\/2021\\\/11\\\/23\\\/wien\\\/#primaryimage\"},\"thumbnailUrl\":\"https:\\\/\\\/blog.vida.at\\\/pensionisten\\\/wp-content\\\/uploads\\\/sites\\\/10\\\/2021\\\/07\\\/recht4.png\",\"datePublished\":\"2021-11-23T10:05:49+00:00\",\"dateModified\":\"2021-11-30T12:05:35+00:00\",\"author\":{\"@id\":\"https:\\\/\\\/blog.vida.at\\\/pensionisten\\\/#\\\/schema\\\/person\\\/b5bfdf2ae254e8d022f67417edcd9550\"},\"breadcrumb\":{\"@id\":\"https:\\\/\\\/blog.vida.at\\\/pensionisten\\\/2021\\\/11\\\/23\\\/wien\\\/#breadcrumb\"},\"inLanguage\":\"de\",\"potentialAction\":[{\"@type\":\"ReadAction\",\"target\":[\"https:\\\/\\\/blog.vida.at\\\/pensionisten\\\/2021\\\/11\\\/23\\\/wien\\\/\"]}]},{\"@type\":\"ImageObject\",\"inLanguage\":\"de\",\"@id\":\"https:\\\/\\\/blog.vida.at\\\/pensionisten\\\/2021\\\/11\\\/23\\\/wien\\\/#primaryimage\",\"url\":\"https:\\\/\\\/blog.vida.at\\\/pensionisten\\\/wp-content\\\/uploads\\\/sites\\\/10\\\/2021\\\/07\\\/recht4.png\",\"contentUrl\":\"https:\\\/\\\/blog.vida.at\\\/pensionisten\\\/wp-content\\\/uploads\\\/sites\\\/10\\\/2021\\\/07\\\/recht4.png\",\"width\":2832,\"height\":1891},{\"@type\":\"BreadcrumbList\",\"@id\":\"https:\\\/\\\/blog.vida.at\\\/pensionisten\\\/2021\\\/11\\\/23\\\/wien\\\/#breadcrumb\",\"itemListElement\":[{\"@type\":\"ListItem\",\"position\":1,\"name\":\"Startseite\",\"item\":\"https:\\\/\\\/blog.vida.at\\\/pensionisten\\\/\"},{\"@type\":\"ListItem\",\"position\":2,\"name\":\"Wien\"}]},{\"@type\":\"WebSite\",\"@id\":\"https:\\\/\\\/blog.vida.at\\\/pensionisten\\\/#website\",\"url\":\"https:\\\/\\\/blog.vida.at\\\/pensionisten\\\/\",\"name\":\"vida Pensionisten\",\"description\":\"\",\"potentialAction\":[{\"@type\":\"SearchAction\",\"target\":{\"@type\":\"EntryPoint\",\"urlTemplate\":\"https:\\\/\\\/blog.vida.at\\\/pensionisten\\\/?s={search_term_string}\"},\"query-input\":{\"@type\":\"PropertyValueSpecification\",\"valueRequired\":true,\"valueName\":\"search_term_string\"}}],\"inLanguage\":\"de\"},{\"@type\":\"Person\",\"@id\":\"https:\\\/\\\/blog.vida.at\\\/pensionisten\\\/#\\\/schema\\\/person\\\/b5bfdf2ae254e8d022f67417edcd9550\",\"name\":\"blogvidaoegbvadmin\",\"image\":{\"@type\":\"ImageObject\",\"inLanguage\":\"de\",\"@id\":\"https:\\\/\\\/secure.gravatar.com\\\/avatar\\\/3528dd652fcbe37b22fd9ddbd84f26d77cb8928aae7d6a057e536d54abff28bb?s=96&d=mm&r=g\",\"url\":\"https:\\\/\\\/secure.gravatar.com\\\/avatar\\\/3528dd652fcbe37b22fd9ddbd84f26d77cb8928aae7d6a057e536d54abff28bb?s=96&d=mm&r=g\",\"contentUrl\":\"https:\\\/\\\/secure.gravatar.com\\\/avatar\\\/3528dd652fcbe37b22fd9ddbd84f26d77cb8928aae7d6a057e536d54abff28bb?s=96&d=mm&r=g\",\"caption\":\"blogvidaoegbvadmin\"},\"url\":\"https:\\\/\\\/blog.vida.at\\\/pensionisten\\\/author\\\/blogvidaoegbvadmin\\\/\"}]}<\/script>\n<!-- \/ Yoast SEO plugin. -->","yoast_head_json":{"title":"Wien","robots":{"index":"index","follow":"follow","max-snippet":"max-snippet:-1","max-image-preview":"max-image-preview:large","max-video-preview":"max-video-preview:-1"},"canonical":"https:\/\/blog.vida.at\/pensionisten\/2021\/11\/23\/wien\/","og_locale":"de_DE","og_type":"article","og_title":"Wien","og_description":"Hier findet du wichtige Infos, Adressen zu den Sozialen Diensten, Essen auf R\u00e4dern, und Seniorentagesbetreuung im Bundesland Wien. Sozialministeriumservice, Landesstelle Wien Babenbergerstra\u00dfe 5, 1010 Wien Tel: 01 58831-0 E-Mail:&nbsp;post.wien@sozialministeriumservice.at &gt;&gt;&gt; Hier geht&#8217;s zur Website Pensionistenverband \u00d6sterreichs Landesorganisation Wien Alserbachstra\u00dfe 23, 109 Wien&nbsp; Tel: 01&nbsp;31940 12 E-Mail: wien@pvoe.at &gt;&gt;&gt; Hier geht&#8217;s zur Website Essen auf R\u00e4dern &hellip; \u201eWien\u201c weiterlesen","og_url":"https:\/\/blog.vida.at\/pensionisten\/2021\/11\/23\/wien\/","og_site_name":"vida Pensionisten","article_published_time":"2021-11-23T10:05:49+00:00","article_modified_time":"2021-11-30T12:05:35+00:00","og_image":[{"width":2832,"height":1891,"url":"https:\/\/blog.vida.at\/pensionisten\/wp-content\/uploads\/sites\/10\/2021\/07\/recht4.png","type":"image\/png"}],"author":"blogvidaoegbvadmin","twitter_card":"summary_large_image","twitter_misc":{"Verfasst von":"blogvidaoegbvadmin","Gesch\u00e4tzte Lesezeit":"2\u00a0Minuten"},"schema":{"@context":"https:\/\/schema.org","@graph":[{"@type":"Article","@id":"https:\/\/blog.vida.at\/pensionisten\/2021\/11\/23\/wien\/#article","isPartOf":{"@id":"https:\/\/blog.vida.at\/pensionisten\/2021\/11\/23\/wien\/"},"author":{"name":"blogvidaoegbvadmin","@id":"https:\/\/blog.vida.at\/pensionisten\/#\/schema\/person\/b5bfdf2ae254e8d022f67417edcd9550"},"headline":"Wien","datePublished":"2021-11-23T10:05:49+00:00","dateModified":"2021-11-30T12:05:35+00:00","mainEntityOfPage":{"@id":"https:\/\/blog.vida.at\/pensionisten\/2021\/11\/23\/wien\/"},"wordCount":434,"commentCount":0,"image":{"@id":"https:\/\/blog.vida.at\/pensionisten\/2021\/11\/23\/wien\/#primaryimage"},"thumbnailUrl":"https:\/\/blog.vida.at\/pensionisten\/wp-content\/uploads\/sites\/10\/2021\/07\/recht4.png","inLanguage":"de","potentialAction":[{"@type":"CommentAction","name":"Comment","target":["https:\/\/blog.vida.at\/pensionisten\/2021\/11\/23\/wien\/#respond"]}]},{"@type":"WebPage","@id":"https:\/\/blog.vida.at\/pensionisten\/2021\/11\/23\/wien\/","url":"https:\/\/blog.vida.at\/pensionisten\/2021\/11\/23\/wien\/","name":"Wien","isPartOf":{"@id":"https:\/\/blog.vida.at\/pensionisten\/#website"},"primaryImageOfPage":{"@id":"https:\/\/blog.vida.at\/pensionisten\/2021\/11\/23\/wien\/#primaryimage"},"image":{"@id":"https:\/\/blog.vida.at\/pensionisten\/2021\/11\/23\/wien\/#primaryimage"},"thumbnailUrl":"https:\/\/blog.vida.at\/pensionisten\/wp-content\/uploads\/sites\/10\/2021\/07\/recht4.png","datePublished":"2021-11-23T10:05:49+00:00","dateModified":"2021-11-30T12:05:35+00:00","author":{"@id":"https:\/\/blog.vida.at\/pensionisten\/#\/schema\/person\/b5bfdf2ae254e8d022f67417edcd9550"},"breadcrumb":{"@id":"https:\/\/blog.vida.at\/pensionisten\/2021\/11\/23\/wien\/#breadcrumb"},"inLanguage":"de","potentialAction":[{"@type":"ReadAction","target":["https:\/\/blog.vida.at\/pensionisten\/2021\/11\/23\/wien\/"]}]},{"@type":"ImageObject","inLanguage":"de","@id":"https:\/\/blog.vida.at\/pensionisten\/2021\/11\/23\/wien\/#primaryimage","url":"https:\/\/blog.vida.at\/pensionisten\/wp-content\/uploads\/sites\/10\/2021\/07\/recht4.png","contentUrl":"https:\/\/blog.vida.at\/pensionisten\/wp-content\/uploads\/sites\/10\/2021\/07\/recht4.png","width":2832,"height":1891},{"@type":"BreadcrumbList","@id":"https:\/\/blog.vida.at\/pensionisten\/2021\/11\/23\/wien\/#breadcrumb","itemListElement":[{"@type":"ListItem","position":1,"name":"Startseite","item":"https:\/\/blog.vida.at\/pensionisten\/"},{"@type":"ListItem","position":2,"name":"Wien"}]},{"@type":"WebSite","@id":"https:\/\/blog.vida.at\/pensionisten\/#website","url":"https:\/\/blog.vida.at\/pensionisten\/","name":"vida Pensionisten","description":"","potentialAction":[{"@type":"SearchAction","target":{"@type":"EntryPoint","urlTemplate":"https:\/\/blog.vida.at\/pensionisten\/?s={search_term_string}"},"query-input":{"@type":"PropertyValueSpecification","valueRequired":true,"valueName":"search_term_string"}}],"inLanguage":"de"},{"@type":"Person","@id":"https:\/\/blog.vida.at\/pensionisten\/#\/schema\/person\/b5bfdf2ae254e8d022f67417edcd9550","name":"blogvidaoegbvadmin","image":{"@type":"ImageObject","inLanguage":"de","@id":"https:\/\/secure.gravatar.com\/avatar\/3528dd652fcbe37b22fd9ddbd84f26d77cb8928aae7d6a057e536d54abff28bb?s=96&d=mm&r=g","url":"https:\/\/secure.gravatar.com\/avatar\/3528dd652fcbe37b22fd9ddbd84f26d77cb8928aae7d6a057e536d54abff28bb?s=96&d=mm&r=g","contentUrl":"https:\/\/secure.gravatar.com\/avatar\/3528dd652fcbe37b22fd9ddbd84f26d77cb8928aae7d6a057e536d54abff28bb?s=96&d=mm&r=g","caption":"blogvidaoegbvadmin"},"url":"https:\/\/blog.vida.at\/pensionisten\/author\/blogvidaoegbvadmin\/"}]}},"author_meta":{"display_name":"blogvidaoegbvadmin","author_link":"https:\/\/blog.vida.at\/pensionisten\/author\/blogvidaoegbvadmin\/"},"featured_img":"https:\/\/blog.vida.at\/pensionisten\/wp-content\/uploads\/sites\/10\/2021\/07\/recht4-300x200.png","featured_image_src":"https:\/\/blog.vida.at\/pensionisten\/wp-content\/uploads\/sites\/10\/2021\/07\/recht4-600x400.png","featured_image_src_square":"https:\/\/blog.vida.at\/pensionisten\/wp-content\/uploads\/sites\/10\/2021\/07\/recht4-600x600.png","uagb_featured_image_src":{"full":["https:\/\/blog.vida.at\/pensionisten\/wp-content\/uploads\/sites\/10\/2021\/07\/recht4.png",2832,1891,false],"thumbnail":["https:\/\/blog.vida.at\/pensionisten\/wp-content\/uploads\/sites\/10\/2021\/07\/recht4-150x150.png",150,150,true],"medium":["https:\/\/blog.vida.at\/pensionisten\/wp-content\/uploads\/sites\/10\/2021\/07\/recht4-300x200.png",300,200,true],"medium_large":["https:\/\/blog.vida.at\/pensionisten\/wp-content\/uploads\/sites\/10\/2021\/07\/recht4-768x513.png",640,428,true],"large":["https:\/\/blog.vida.at\/pensionisten\/wp-content\/uploads\/sites\/10\/2021\/07\/recht4-1024x684.png",640,428,true],"1536x1536":["https:\/\/blog.vida.at\/pensionisten\/wp-content\/uploads\/sites\/10\/2021\/07\/recht4-1536x1026.png",1536,1026,true],"2048x2048":["https:\/\/blog.vida.at\/pensionisten\/wp-content\/uploads\/sites\/10\/2021\/07\/recht4-2048x1368.png",2048,1368,true],"ab-block-post-grid-landscape":["https:\/\/blog.vida.at\/pensionisten\/wp-content\/uploads\/sites\/10\/2021\/07\/recht4-600x400.png",600,400,true],"ab-block-post-grid-square":["https:\/\/blog.vida.at\/pensionisten\/wp-content\/uploads\/sites\/10\/2021\/07\/recht4-600x600.png",600,600,true],"post-thumbnail":["https:\/\/blog.vida.at\/pensionisten\/wp-content\/uploads\/sites\/10\/2021\/07\/recht4-1568x1047.png",1568,1047,true],"awb_sm":["https:\/\/blog.vida.at\/pensionisten\/wp-content\/uploads\/sites\/10\/2021\/07\/recht4-500x334.png",500,334,true],"awb_md":["https:\/\/blog.vida.at\/pensionisten\/wp-content\/uploads\/sites\/10\/2021\/07\/recht4-800x534.png",800,534,true],"awb_lg":["https:\/\/blog.vida.at\/pensionisten\/wp-content\/uploads\/sites\/10\/2021\/07\/recht4-1280x855.png",1280,855,true],"awb_xl":["https:\/\/blog.vida.at\/pensionisten\/wp-content\/uploads\/sites\/10\/2021\/07\/recht4-1920x1282.png",1920,1282,true]},"uagb_author_info":{"display_name":"blogvidaoegbvadmin","author_link":"https:\/\/blog.vida.at\/pensionisten\/author\/blogvidaoegbvadmin\/"},"uagb_comment_info":0,"uagb_excerpt":"Hier findet du wichtige Infos, Adressen zu den Sozialen Diensten, Essen auf R\u00e4dern, und Seniorentagesbetreuung im Bundesland Wien. Sozialministeriumservice, Landesstelle Wien Babenbergerstra\u00dfe 5, 1010 Wien Tel: 01 58831-0 E-Mail:&nbsp;post.wien@sozialministeriumservice.at &gt;&gt;&gt; Hier geht&#8217;s zur Website Pensionistenverband \u00d6sterreichs Landesorganisation Wien Alserbachstra\u00dfe 23, 109 Wien&nbsp; Tel: 01&nbsp;31940 12 E-Mail: wien@pvoe.at &gt;&gt;&gt; Hier geht&#8217;s zur Website Essen auf R\u00e4dern&hellip;","coauthors":[],"tax_additional":{"categories":{"linked":["<a href=\"https:\/\/blog.vida.at\/pensionisten\/category\/allgemein\/\" class=\"advgb-post-tax-term\">Allgemein<\/a>"],"unlinked":["<span class=\"advgb-post-tax-term\">Allgemein<\/span>"]}},"comment_count":"0","relative_dates":{"created":"Ver\u00f6ffentlicht 4\u00a0Jahren vor","modified":"Aktualisiert 4\u00a0Jahren vor"},"absolute_dates":{"created":"Ver\u00f6ffentlicht am 23. November 2021","modified":"Aktualisiert am 30. November 2021"},"absolute_dates_time":{"created":"Ver\u00f6ffentlicht am 23. November 2021 11:05","modified":"Aktualisiert am 30. November 2021 13:05"},"featured_img_caption":"","series_order":"","_links":{"self":[{"href":"https:\/\/blog.vida.at\/pensionisten\/wp-json\/wp\/v2\/posts\/3090","targetHints":{"allow":["GET"]}}],"collection":[{"href":"https:\/\/blog.vida.at\/pensionisten\/wp-json\/wp\/v2\/posts"}],"about":[{"href":"https:\/\/blog.vida.at\/pensionisten\/wp-json\/wp\/v2\/types\/post"}],"author":[{"embeddable":true,"href":"https:\/\/blog.vida.at\/pensionisten\/wp-json\/wp\/v2\/users\/1"}],"replies":[{"embeddable":true,"href":"https:\/\/blog.vida.at\/pensionisten\/wp-json\/wp\/v2\/comments?post=3090"}],"version-history":[{"count":25,"href":"https:\/\/blog.vida.at\/pensionisten\/wp-json\/wp\/v2\/posts\/3090\/revisions"}],"predecessor-version":[{"id":3839,"href":"https:\/\/blog.vida.at\/pensionisten\/wp-json\/wp\/v2\/posts\/3090\/revisions\/3839"}],"wp:featuredmedia":[{"embeddable":true,"href":"https:\/\/blog.vida.at\/pensionisten\/wp-json\/wp\/v2\/media\/2602"}],"wp:attachment":[{"href":"https:\/\/blog.vida.at\/pensionisten\/wp-json\/wp\/v2\/media?parent=3090"}],"wp:term":[{"taxonomy":"category","embeddable":true,"href":"https:\/\/blog.vida.at\/pensionisten\/wp-json\/wp\/v2\/categories?post=3090"},{"taxonomy":"post_tag","embeddable":true,"href":"https:\/\/blog.vida.at\/pensionisten\/wp-json\/wp\/v2\/tags?post=3090"},{"taxonomy":"Orte","embeddable":true,"href":"https:\/\/blog.vida.at\/pensionisten\/wp-json\/wp\/v2\/Orte?post=3090"},{"taxonomy":"activitytype","embeddable":true,"href":"https:\/\/blog.vida.at\/pensionisten\/wp-json\/wp\/v2\/activitytype?post=3090"}],"curies":[{"name":"wp","href":"https:\/\/api.w.org\/{rel}","templated":true}]}}