
{"id":3896,"date":"2021-12-13T16:04:08","date_gmt":"2021-12-13T15:04:08","guid":{"rendered":"https:\/\/blog.vida.at\/pensionisten\/?p=3896"},"modified":"2022-01-10T16:18:31","modified_gmt":"2022-01-10T15:18:31","slug":"buchtipp-und-gewinnspiel-3","status":"publish","type":"post","link":"https:\/\/blog.vida.at\/pensionisten\/2021\/12\/13\/buchtipp-und-gewinnspiel-3\/","title":{"rendered":"Buchtipp und Gewinnspiel"},"content":{"rendered":"\n<div class=\"wp-block-group Container\"><div class=\"wp-block-group__inner-container is-layout-flow wp-block-group-is-layout-flow\">\n<h4 class=\"wp-block-heading\"><strong><strong>Vom Bauer und Bobo und der Welt nach Corona<\/strong><\/strong> &#8230;<\/h4>\n\n\n\n<p><strong><span style=\"color: #0073a8\" class=\"ugb-highlight\">Begonnen hat alles mit einer Beschimpfung &#8230;<\/span><\/strong><\/p>\n\n\n\n<p><strong>Bauer Christian Bachler<\/strong>&nbsp;schimpfte in einem Video aus dem Schweinestall \u00fcber den&nbsp;<strong>Oberbobo Florian Klenk<\/strong>. Warum? Der&nbsp;<strong>FALTER-Chefredakteur&nbsp;<\/strong>hatte zuvor ein Urteil gutgehei\u00dfen, das einen Bauern zu Schadenersatz verpflichtete, nachdem seine Kuh eine Frau get\u00f6tet hatte. Bachler forderte Klenk auf, ein Praktikum auf seinem Hof zu machen. Dabei kamen der Bauer und der Bobo ins Gespr\u00e4ch und wurden \u201eFreunde aus zwei Welten\u201c. Wie die Geschichte weitergeht, liest du in&nbsp;<a href=\"https:\/\/besserewelt.at\/bauer-und-bobo\" target=\"_blank\" rel=\"noreferrer noopener\">\u201eBauer und Bobo\u201c<\/a>&nbsp;\u2013 wie aus Wut Freundschaft wurde.<\/p>\n\n\n\n<div class=\"wp-block-image\"><figure class=\"aligncenter size-full\"><img loading=\"lazy\" decoding=\"async\" width=\"367\" height=\"599\" src=\"https:\/\/blog.vida.at\/pensionisten\/wp-content\/uploads\/sites\/10\/2021\/12\/main_cover_9783552072596_l.jpg\" alt=\"\" class=\"wp-image-3901\" srcset=\"https:\/\/blog.vida.at\/pensionisten\/wp-content\/uploads\/sites\/10\/2021\/12\/main_cover_9783552072596_l.jpg 367w, https:\/\/blog.vida.at\/pensionisten\/wp-content\/uploads\/sites\/10\/2021\/12\/main_cover_9783552072596_l-184x300.jpg 184w\" sizes=\"auto, (max-width: 367px) 100vw, 367px\" \/><\/figure><\/div>\n\n\n\n<p><br>&nbsp;<\/p>\n\n\n\n<p><strong>Die Welt nach Corona, wie sieht sie aus? Bernd Marin<\/strong>&nbsp;liefert in seinem Buch&nbsp;<a href=\"https:\/\/besserewelt.at\/soziales-2-16\/gesellschaft-2-9163\/die-welt-danach\" target=\"_blank\" rel=\"noreferrer noopener\">\u201eDie Welt danach\u201c<\/a>&nbsp;Antworten auf h\u00e4ufig gestellte Fragen rund um die Krise, evidenzbasierte Beobachtungen, spannende Fallgeschichten, anregende Denkanst\u00f6\u00dfe und originelle Reflexionen \u00fcber Europas m\u00f6gliche Zukunftsszenarien inmitten gro\u00dfer Ungewissheit und Halbwissen.<\/p>\n\n\n\n<div class=\"wp-block-image\"><figure class=\"aligncenter size-full\"><img loading=\"lazy\" decoding=\"async\" width=\"365\" height=\"599\" src=\"https:\/\/blog.vida.at\/pensionisten\/wp-content\/uploads\/sites\/10\/2021\/12\/main_cover_9783854396932_l.jpg\" alt=\"\" class=\"wp-image-3900\" srcset=\"https:\/\/blog.vida.at\/pensionisten\/wp-content\/uploads\/sites\/10\/2021\/12\/main_cover_9783854396932_l.jpg 365w, https:\/\/blog.vida.at\/pensionisten\/wp-content\/uploads\/sites\/10\/2021\/12\/main_cover_9783854396932_l-183x300.jpg 183w\" sizes=\"auto, (max-width: 365px) 100vw, 365px\" \/><\/figure><\/div>\n\n\n\n<p><\/p>\n\n\n\n<p><strong><span style=\"color: #fb0b0b\" class=\"ugb-highlight\">Gewinnspiel f\u00fcr vida-Mitglieder<\/span><\/strong><\/p>\n\n\n\n<p>Wir verlosen&nbsp;<strong>drei Buch-Packages<\/strong>. Schicke ein E-Mail mit dem&nbsp;<strong>Betreff&nbsp;\u201evida Lesetipp\u201c<\/strong>&nbsp;und deiner vida-Mitgliedsnummer an&nbsp;<a href=\"mailto:presse@vida.at\">presse@vida.at<\/a>.<\/p>\n\n\n\n<p><em>Einsendeschluss ist der 7. J\u00e4nner 2022, Ziehung erfolgt unter Ausschluss des Rechtsweges. Die GewinnerInnen werden schriftlich informiert. Die Preise k\u00f6nnen nicht in bar abgel\u00f6st werden.<\/em><\/p>\n\n\n\n<p><span style=\"color: #0073a8\" class=\"ugb-highlight\"><strong>Viele weitere spannende Tipps<\/strong><\/span> findest du im Themenshop der&nbsp;\u00d6GB-Verlag-Fachbuchhandlung&nbsp;<a href=\"http:\/\/www.besserewelt.at\/\" target=\"_blank\" rel=\"noreferrer noopener\">www.besserewelt.at<\/a>&nbsp;\u2013 versandkostenfrei bei der Amazon-Alternative bestellen!<\/p>\n\n\n\n<p><\/p>\n\n\n\n<figure class=\"wp-block-gallery columns-0 is-cropped wp-block-gallery-1\"><ul class=\"blocks-gallery-grid is-layout-flex wp-block-gallery-is-layout-flex\"><\/ul><\/figure>\n\n\n\n<!--more-->\n\n\n\n\n\n<div class=\"wp-block-ugb-spacer ugb-spacer ugb-726ea2d ugb-spacer--v2 ugb-main-block\"><div class=\"ugb-inner-block\"><div class=\"ugb-block-content\"><div class=\"ugb-spacer--inner\"><\/div><\/div><\/div><\/div>\n<\/div><\/div>\n\n\n\n<p><\/p>\n","protected":false},"excerpt":{"rendered":"<p>Vom Bauer und Bobo und der Welt nach Corona &#8230; Begonnen hat alles mit einer Beschimpfung &#8230; Bauer Christian Bachler&nbsp;schimpfte in einem Video aus dem Schweinestall \u00fcber den&nbsp;Oberbobo Florian Klenk. Warum? Der&nbsp;FALTER-Chefredakteur&nbsp;hatte zuvor ein Urteil gutgehei\u00dfen, das einen Bauern zu Schadenersatz verpflichtete, nachdem seine Kuh eine Frau get\u00f6tet hatte. Bachler forderte Klenk auf, ein Praktikum &hellip; <\/p>\n<p class=\"link-more\"><a href=\"https:\/\/blog.vida.at\/pensionisten\/2021\/12\/13\/buchtipp-und-gewinnspiel-3\/\" class=\"more-link\"><span class=\"screen-reader-text\">\u201eBuchtipp und Gewinnspiel\u201c <\/span>weiterlesen<\/a><\/p>\n","protected":false},"author":8,"featured_media":2840,"comment_status":"open","ping_status":"open","sticky":false,"template":"","format":"standard","meta":{"_uag_custom_page_level_css":"","advgb_blocks_editor_width":"","advgb_blocks_columns_visual_guide":"","footnotes":""},"categories":[1],"tags":[],"Orte":[],"activitytype":[],"class_list":["post-3896","post","type-post","status-publish","format-standard","has-post-thumbnail","hentry","category-allgemein","entry"],"featured_image_urls":{"full":["https:\/\/blog.vida.at\/pensionisten\/wp-content\/uploads\/sites\/10\/2021\/09\/vida-dein-gewinn.jpg",1304,862,false],"thumbnail":["https:\/\/blog.vida.at\/pensionisten\/wp-content\/uploads\/sites\/10\/2021\/09\/vida-dein-gewinn-150x150.jpg",150,150,true],"medium":["https:\/\/blog.vida.at\/pensionisten\/wp-content\/uploads\/sites\/10\/2021\/09\/vida-dein-gewinn-300x198.jpg",300,198,true],"medium_large":["https:\/\/blog.vida.at\/pensionisten\/wp-content\/uploads\/sites\/10\/2021\/09\/vida-dein-gewinn-768x508.jpg",640,423,true],"large":["https:\/\/blog.vida.at\/pensionisten\/wp-content\/uploads\/sites\/10\/2021\/09\/vida-dein-gewinn-1024x677.jpg",640,423,true],"1536x1536":["https:\/\/blog.vida.at\/pensionisten\/wp-content\/uploads\/sites\/10\/2021\/09\/vida-dein-gewinn.jpg",1304,862,false],"2048x2048":["https:\/\/blog.vida.at\/pensionisten\/wp-content\/uploads\/sites\/10\/2021\/09\/vida-dein-gewinn.jpg",1304,862,false],"ab-block-post-grid-landscape":["https:\/\/blog.vida.at\/pensionisten\/wp-content\/uploads\/sites\/10\/2021\/09\/vida-dein-gewinn-600x400.jpg",600,400,true],"ab-block-post-grid-square":["https:\/\/blog.vida.at\/pensionisten\/wp-content\/uploads\/sites\/10\/2021\/09\/vida-dein-gewinn-600x600.jpg",600,600,true],"post-thumbnail":["https:\/\/blog.vida.at\/pensionisten\/wp-content\/uploads\/sites\/10\/2021\/09\/vida-dein-gewinn.jpg",1304,862,false],"awb_sm":["https:\/\/blog.vida.at\/pensionisten\/wp-content\/uploads\/sites\/10\/2021\/09\/vida-dein-gewinn-500x331.jpg",500,331,true],"awb_md":["https:\/\/blog.vida.at\/pensionisten\/wp-content\/uploads\/sites\/10\/2021\/09\/vida-dein-gewinn-800x529.jpg",800,529,true],"awb_lg":["https:\/\/blog.vida.at\/pensionisten\/wp-content\/uploads\/sites\/10\/2021\/09\/vida-dein-gewinn-1280x846.jpg",1280,846,true],"awb_xl":["https:\/\/blog.vida.at\/pensionisten\/wp-content\/uploads\/sites\/10\/2021\/09\/vida-dein-gewinn.jpg",1304,862,false]},"post_excerpt_stackable":"<p>Vom Bauer und Bobo und der Welt nach Corona &#8230; Begonnen hat alles mit einer Beschimpfung &#8230; Bauer Christian Bachler&nbsp;schimpfte in einem Video aus dem Schweinestall \u00fcber den&nbsp;Oberbobo Florian Klenk. Warum? Der&nbsp;FALTER-Chefredakteur&nbsp;hatte zuvor ein Urteil gutgehei\u00dfen, das einen Bauern zu Schadenersatz verpflichtete, nachdem seine Kuh eine Frau get\u00f6tet hatte. Bachler forderte Klenk auf, ein Praktikum auf seinem Hof zu machen. Dabei kamen der Bauer und der Bobo ins Gespr\u00e4ch und wurden \u201eFreunde aus zwei Welten\u201c. Wie die Geschichte weitergeht, liest du in&nbsp;\u201eBauer und Bobo\u201c&nbsp;\u2013 wie aus Wut Freundschaft wurde. &nbsp; Die Welt nach Corona, wie sieht sie aus? Bernd Marin&nbsp;liefert&hellip;<\/p>\n","category_list":"<a href=\"https:\/\/blog.vida.at\/pensionisten\/category\/allgemein\/\" rel=\"category tag\">Allgemein<\/a>","author_info":{"display_name":"mariontobola","author_link":"https:\/\/blog.vida.at\/pensionisten\/author\/mariontobola\/"},"comments_num":"0 comments","featured_image_urls_v2":{"full":["https:\/\/blog.vida.at\/pensionisten\/wp-content\/uploads\/sites\/10\/2021\/09\/vida-dein-gewinn.jpg",1304,862,false],"thumbnail":["https:\/\/blog.vida.at\/pensionisten\/wp-content\/uploads\/sites\/10\/2021\/09\/vida-dein-gewinn-150x150.jpg",150,150,true],"medium":["https:\/\/blog.vida.at\/pensionisten\/wp-content\/uploads\/sites\/10\/2021\/09\/vida-dein-gewinn-300x198.jpg",300,198,true],"medium_large":["https:\/\/blog.vida.at\/pensionisten\/wp-content\/uploads\/sites\/10\/2021\/09\/vida-dein-gewinn-768x508.jpg",640,423,true],"large":["https:\/\/blog.vida.at\/pensionisten\/wp-content\/uploads\/sites\/10\/2021\/09\/vida-dein-gewinn-1024x677.jpg",640,423,true],"1536x1536":["https:\/\/blog.vida.at\/pensionisten\/wp-content\/uploads\/sites\/10\/2021\/09\/vida-dein-gewinn.jpg",1304,862,false],"2048x2048":["https:\/\/blog.vida.at\/pensionisten\/wp-content\/uploads\/sites\/10\/2021\/09\/vida-dein-gewinn.jpg",1304,862,false],"ab-block-post-grid-landscape":["https:\/\/blog.vida.at\/pensionisten\/wp-content\/uploads\/sites\/10\/2021\/09\/vida-dein-gewinn-600x400.jpg",600,400,true],"ab-block-post-grid-square":["https:\/\/blog.vida.at\/pensionisten\/wp-content\/uploads\/sites\/10\/2021\/09\/vida-dein-gewinn-600x600.jpg",600,600,true],"post-thumbnail":["https:\/\/blog.vida.at\/pensionisten\/wp-content\/uploads\/sites\/10\/2021\/09\/vida-dein-gewinn.jpg",1304,862,false],"awb_sm":["https:\/\/blog.vida.at\/pensionisten\/wp-content\/uploads\/sites\/10\/2021\/09\/vida-dein-gewinn-500x331.jpg",500,331,true],"awb_md":["https:\/\/blog.vida.at\/pensionisten\/wp-content\/uploads\/sites\/10\/2021\/09\/vida-dein-gewinn-800x529.jpg",800,529,true],"awb_lg":["https:\/\/blog.vida.at\/pensionisten\/wp-content\/uploads\/sites\/10\/2021\/09\/vida-dein-gewinn-1280x846.jpg",1280,846,true],"awb_xl":["https:\/\/blog.vida.at\/pensionisten\/wp-content\/uploads\/sites\/10\/2021\/09\/vida-dein-gewinn.jpg",1304,862,false]},"post_excerpt_stackable_v2":"<p>Vom Bauer und Bobo und der Welt nach Corona &#8230; Begonnen hat alles mit einer Beschimpfung &#8230; Bauer Christian Bachler&nbsp;schimpfte in einem Video aus dem Schweinestall \u00fcber den&nbsp;Oberbobo Florian Klenk. Warum? Der&nbsp;FALTER-Chefredakteur&nbsp;hatte zuvor ein Urteil gutgehei\u00dfen, das einen Bauern zu Schadenersatz verpflichtete, nachdem seine Kuh eine Frau get\u00f6tet hatte. Bachler forderte Klenk auf, ein Praktikum auf seinem Hof zu machen. Dabei kamen der Bauer und der Bobo ins Gespr\u00e4ch und wurden \u201eFreunde aus zwei Welten\u201c. Wie die Geschichte weitergeht, liest du in&nbsp;\u201eBauer und Bobo\u201c&nbsp;\u2013 wie aus Wut Freundschaft wurde. &nbsp; Die Welt nach Corona, wie sieht sie aus? Bernd Marin&nbsp;liefert&hellip;<\/p>\n","category_list_v2":"<a href=\"https:\/\/blog.vida.at\/pensionisten\/category\/allgemein\/\" rel=\"category tag\">Allgemein<\/a>","author_info_v2":{"name":"mariontobola","url":"https:\/\/blog.vida.at\/pensionisten\/author\/mariontobola\/"},"comments_num_v2":"0 comments","yoast_head":"<!-- This site is optimized with the Yoast SEO plugin v27.3 - https:\/\/yoast.com\/product\/yoast-seo-wordpress\/ -->\n<title>Buchtipp und Gewinnspiel<\/title>\n<meta name=\"robots\" content=\"index, follow, max-snippet:-1, max-image-preview:large, max-video-preview:-1\" \/>\n<link rel=\"canonical\" href=\"https:\/\/blog.vida.at\/pensionisten\/2021\/12\/13\/buchtipp-und-gewinnspiel-3\/\" \/>\n<meta property=\"og:locale\" content=\"de_DE\" \/>\n<meta property=\"og:type\" content=\"article\" \/>\n<meta property=\"og:title\" content=\"Buchtipp und Gewinnspiel\" \/>\n<meta property=\"og:description\" content=\"Vom Bauer und Bobo und der Welt nach Corona &#8230; Begonnen hat alles mit einer Beschimpfung &#8230; Bauer Christian Bachler&nbsp;schimpfte in einem Video aus dem Schweinestall \u00fcber den&nbsp;Oberbobo Florian Klenk. Warum? Der&nbsp;FALTER-Chefredakteur&nbsp;hatte zuvor ein Urteil gutgehei\u00dfen, das einen Bauern zu Schadenersatz verpflichtete, nachdem seine Kuh eine Frau get\u00f6tet hatte. Bachler forderte Klenk auf, ein Praktikum &hellip; \u201eBuchtipp und Gewinnspiel\u201c weiterlesen\" \/>\n<meta property=\"og:url\" content=\"https:\/\/blog.vida.at\/pensionisten\/2021\/12\/13\/buchtipp-und-gewinnspiel-3\/\" \/>\n<meta property=\"og:site_name\" content=\"vida Pensionisten\" \/>\n<meta property=\"article:published_time\" content=\"2021-12-13T15:04:08+00:00\" \/>\n<meta property=\"article:modified_time\" content=\"2022-01-10T15:18:31+00:00\" \/>\n<meta property=\"og:image\" content=\"https:\/\/blog.vida.at\/pensionisten\/wp-content\/uploads\/sites\/10\/2021\/09\/vida-dein-gewinn.jpg\" \/>\n\t<meta property=\"og:image:width\" content=\"1304\" \/>\n\t<meta property=\"og:image:height\" content=\"862\" \/>\n\t<meta property=\"og:image:type\" content=\"image\/jpeg\" \/>\n<meta name=\"author\" content=\"mariontobola\" \/>\n<meta name=\"twitter:card\" content=\"summary_large_image\" \/>\n<meta name=\"twitter:label1\" content=\"Verfasst von\" \/>\n\t<meta name=\"twitter:data1\" content=\"mariontobola\" \/>\n\t<meta name=\"twitter:label2\" content=\"Gesch\u00e4tzte Lesezeit\" \/>\n\t<meta name=\"twitter:data2\" content=\"2\u00a0Minuten\" \/>\n<script type=\"application\/ld+json\" class=\"yoast-schema-graph\">{\"@context\":\"https:\\\/\\\/schema.org\",\"@graph\":[{\"@type\":\"Article\",\"@id\":\"https:\\\/\\\/blog.vida.at\\\/pensionisten\\\/2021\\\/12\\\/13\\\/buchtipp-und-gewinnspiel-3\\\/#article\",\"isPartOf\":{\"@id\":\"https:\\\/\\\/blog.vida.at\\\/pensionisten\\\/2021\\\/12\\\/13\\\/buchtipp-und-gewinnspiel-3\\\/\"},\"author\":{\"name\":\"mariontobola\",\"@id\":\"https:\\\/\\\/blog.vida.at\\\/pensionisten\\\/#\\\/schema\\\/person\\\/88cee3ee93b9afdc51c92f5f63f38b8a\"},\"headline\":\"Buchtipp und Gewinnspiel\",\"datePublished\":\"2021-12-13T15:04:08+00:00\",\"dateModified\":\"2022-01-10T15:18:31+00:00\",\"mainEntityOfPage\":{\"@id\":\"https:\\\/\\\/blog.vida.at\\\/pensionisten\\\/2021\\\/12\\\/13\\\/buchtipp-und-gewinnspiel-3\\\/\"},\"wordCount\":231,\"commentCount\":0,\"image\":{\"@id\":\"https:\\\/\\\/blog.vida.at\\\/pensionisten\\\/2021\\\/12\\\/13\\\/buchtipp-und-gewinnspiel-3\\\/#primaryimage\"},\"thumbnailUrl\":\"https:\\\/\\\/blog.vida.at\\\/pensionisten\\\/wp-content\\\/uploads\\\/sites\\\/10\\\/2021\\\/09\\\/vida-dein-gewinn.jpg\",\"inLanguage\":\"de\",\"potentialAction\":[{\"@type\":\"CommentAction\",\"name\":\"Comment\",\"target\":[\"https:\\\/\\\/blog.vida.at\\\/pensionisten\\\/2021\\\/12\\\/13\\\/buchtipp-und-gewinnspiel-3\\\/#respond\"]}]},{\"@type\":\"WebPage\",\"@id\":\"https:\\\/\\\/blog.vida.at\\\/pensionisten\\\/2021\\\/12\\\/13\\\/buchtipp-und-gewinnspiel-3\\\/\",\"url\":\"https:\\\/\\\/blog.vida.at\\\/pensionisten\\\/2021\\\/12\\\/13\\\/buchtipp-und-gewinnspiel-3\\\/\",\"name\":\"Buchtipp und Gewinnspiel\",\"isPartOf\":{\"@id\":\"https:\\\/\\\/blog.vida.at\\\/pensionisten\\\/#website\"},\"primaryImageOfPage\":{\"@id\":\"https:\\\/\\\/blog.vida.at\\\/pensionisten\\\/2021\\\/12\\\/13\\\/buchtipp-und-gewinnspiel-3\\\/#primaryimage\"},\"image\":{\"@id\":\"https:\\\/\\\/blog.vida.at\\\/pensionisten\\\/2021\\\/12\\\/13\\\/buchtipp-und-gewinnspiel-3\\\/#primaryimage\"},\"thumbnailUrl\":\"https:\\\/\\\/blog.vida.at\\\/pensionisten\\\/wp-content\\\/uploads\\\/sites\\\/10\\\/2021\\\/09\\\/vida-dein-gewinn.jpg\",\"datePublished\":\"2021-12-13T15:04:08+00:00\",\"dateModified\":\"2022-01-10T15:18:31+00:00\",\"author\":{\"@id\":\"https:\\\/\\\/blog.vida.at\\\/pensionisten\\\/#\\\/schema\\\/person\\\/88cee3ee93b9afdc51c92f5f63f38b8a\"},\"breadcrumb\":{\"@id\":\"https:\\\/\\\/blog.vida.at\\\/pensionisten\\\/2021\\\/12\\\/13\\\/buchtipp-und-gewinnspiel-3\\\/#breadcrumb\"},\"inLanguage\":\"de\",\"potentialAction\":[{\"@type\":\"ReadAction\",\"target\":[\"https:\\\/\\\/blog.vida.at\\\/pensionisten\\\/2021\\\/12\\\/13\\\/buchtipp-und-gewinnspiel-3\\\/\"]}]},{\"@type\":\"ImageObject\",\"inLanguage\":\"de\",\"@id\":\"https:\\\/\\\/blog.vida.at\\\/pensionisten\\\/2021\\\/12\\\/13\\\/buchtipp-und-gewinnspiel-3\\\/#primaryimage\",\"url\":\"https:\\\/\\\/blog.vida.at\\\/pensionisten\\\/wp-content\\\/uploads\\\/sites\\\/10\\\/2021\\\/09\\\/vida-dein-gewinn.jpg\",\"contentUrl\":\"https:\\\/\\\/blog.vida.at\\\/pensionisten\\\/wp-content\\\/uploads\\\/sites\\\/10\\\/2021\\\/09\\\/vida-dein-gewinn.jpg\",\"width\":1304,\"height\":862},{\"@type\":\"BreadcrumbList\",\"@id\":\"https:\\\/\\\/blog.vida.at\\\/pensionisten\\\/2021\\\/12\\\/13\\\/buchtipp-und-gewinnspiel-3\\\/#breadcrumb\",\"itemListElement\":[{\"@type\":\"ListItem\",\"position\":1,\"name\":\"Startseite\",\"item\":\"https:\\\/\\\/blog.vida.at\\\/pensionisten\\\/\"},{\"@type\":\"ListItem\",\"position\":2,\"name\":\"Buchtipp und Gewinnspiel\"}]},{\"@type\":\"WebSite\",\"@id\":\"https:\\\/\\\/blog.vida.at\\\/pensionisten\\\/#website\",\"url\":\"https:\\\/\\\/blog.vida.at\\\/pensionisten\\\/\",\"name\":\"vida Pensionisten\",\"description\":\"\",\"potentialAction\":[{\"@type\":\"SearchAction\",\"target\":{\"@type\":\"EntryPoint\",\"urlTemplate\":\"https:\\\/\\\/blog.vida.at\\\/pensionisten\\\/?s={search_term_string}\"},\"query-input\":{\"@type\":\"PropertyValueSpecification\",\"valueRequired\":true,\"valueName\":\"search_term_string\"}}],\"inLanguage\":\"de\"},{\"@type\":\"Person\",\"@id\":\"https:\\\/\\\/blog.vida.at\\\/pensionisten\\\/#\\\/schema\\\/person\\\/88cee3ee93b9afdc51c92f5f63f38b8a\",\"name\":\"mariontobola\",\"image\":{\"@type\":\"ImageObject\",\"inLanguage\":\"de\",\"@id\":\"https:\\\/\\\/secure.gravatar.com\\\/avatar\\\/5d2c516985e4eda61bca05bd3b4359b4358135bd1e1a5b08c539e9cd1edd6528?s=96&d=mm&r=g\",\"url\":\"https:\\\/\\\/secure.gravatar.com\\\/avatar\\\/5d2c516985e4eda61bca05bd3b4359b4358135bd1e1a5b08c539e9cd1edd6528?s=96&d=mm&r=g\",\"contentUrl\":\"https:\\\/\\\/secure.gravatar.com\\\/avatar\\\/5d2c516985e4eda61bca05bd3b4359b4358135bd1e1a5b08c539e9cd1edd6528?s=96&d=mm&r=g\",\"caption\":\"mariontobola\"},\"url\":\"https:\\\/\\\/blog.vida.at\\\/pensionisten\\\/author\\\/mariontobola\\\/\"}]}<\/script>\n<!-- \/ Yoast SEO plugin. -->","yoast_head_json":{"title":"Buchtipp und Gewinnspiel","robots":{"index":"index","follow":"follow","max-snippet":"max-snippet:-1","max-image-preview":"max-image-preview:large","max-video-preview":"max-video-preview:-1"},"canonical":"https:\/\/blog.vida.at\/pensionisten\/2021\/12\/13\/buchtipp-und-gewinnspiel-3\/","og_locale":"de_DE","og_type":"article","og_title":"Buchtipp und Gewinnspiel","og_description":"Vom Bauer und Bobo und der Welt nach Corona &#8230; Begonnen hat alles mit einer Beschimpfung &#8230; Bauer Christian Bachler&nbsp;schimpfte in einem Video aus dem Schweinestall \u00fcber den&nbsp;Oberbobo Florian Klenk. Warum? Der&nbsp;FALTER-Chefredakteur&nbsp;hatte zuvor ein Urteil gutgehei\u00dfen, das einen Bauern zu Schadenersatz verpflichtete, nachdem seine Kuh eine Frau get\u00f6tet hatte. Bachler forderte Klenk auf, ein Praktikum &hellip; \u201eBuchtipp und Gewinnspiel\u201c weiterlesen","og_url":"https:\/\/blog.vida.at\/pensionisten\/2021\/12\/13\/buchtipp-und-gewinnspiel-3\/","og_site_name":"vida Pensionisten","article_published_time":"2021-12-13T15:04:08+00:00","article_modified_time":"2022-01-10T15:18:31+00:00","og_image":[{"width":1304,"height":862,"url":"https:\/\/blog.vida.at\/pensionisten\/wp-content\/uploads\/sites\/10\/2021\/09\/vida-dein-gewinn.jpg","type":"image\/jpeg"}],"author":"mariontobola","twitter_card":"summary_large_image","twitter_misc":{"Verfasst von":"mariontobola","Gesch\u00e4tzte Lesezeit":"2\u00a0Minuten"},"schema":{"@context":"https:\/\/schema.org","@graph":[{"@type":"Article","@id":"https:\/\/blog.vida.at\/pensionisten\/2021\/12\/13\/buchtipp-und-gewinnspiel-3\/#article","isPartOf":{"@id":"https:\/\/blog.vida.at\/pensionisten\/2021\/12\/13\/buchtipp-und-gewinnspiel-3\/"},"author":{"name":"mariontobola","@id":"https:\/\/blog.vida.at\/pensionisten\/#\/schema\/person\/88cee3ee93b9afdc51c92f5f63f38b8a"},"headline":"Buchtipp und Gewinnspiel","datePublished":"2021-12-13T15:04:08+00:00","dateModified":"2022-01-10T15:18:31+00:00","mainEntityOfPage":{"@id":"https:\/\/blog.vida.at\/pensionisten\/2021\/12\/13\/buchtipp-und-gewinnspiel-3\/"},"wordCount":231,"commentCount":0,"image":{"@id":"https:\/\/blog.vida.at\/pensionisten\/2021\/12\/13\/buchtipp-und-gewinnspiel-3\/#primaryimage"},"thumbnailUrl":"https:\/\/blog.vida.at\/pensionisten\/wp-content\/uploads\/sites\/10\/2021\/09\/vida-dein-gewinn.jpg","inLanguage":"de","potentialAction":[{"@type":"CommentAction","name":"Comment","target":["https:\/\/blog.vida.at\/pensionisten\/2021\/12\/13\/buchtipp-und-gewinnspiel-3\/#respond"]}]},{"@type":"WebPage","@id":"https:\/\/blog.vida.at\/pensionisten\/2021\/12\/13\/buchtipp-und-gewinnspiel-3\/","url":"https:\/\/blog.vida.at\/pensionisten\/2021\/12\/13\/buchtipp-und-gewinnspiel-3\/","name":"Buchtipp und Gewinnspiel","isPartOf":{"@id":"https:\/\/blog.vida.at\/pensionisten\/#website"},"primaryImageOfPage":{"@id":"https:\/\/blog.vida.at\/pensionisten\/2021\/12\/13\/buchtipp-und-gewinnspiel-3\/#primaryimage"},"image":{"@id":"https:\/\/blog.vida.at\/pensionisten\/2021\/12\/13\/buchtipp-und-gewinnspiel-3\/#primaryimage"},"thumbnailUrl":"https:\/\/blog.vida.at\/pensionisten\/wp-content\/uploads\/sites\/10\/2021\/09\/vida-dein-gewinn.jpg","datePublished":"2021-12-13T15:04:08+00:00","dateModified":"2022-01-10T15:18:31+00:00","author":{"@id":"https:\/\/blog.vida.at\/pensionisten\/#\/schema\/person\/88cee3ee93b9afdc51c92f5f63f38b8a"},"breadcrumb":{"@id":"https:\/\/blog.vida.at\/pensionisten\/2021\/12\/13\/buchtipp-und-gewinnspiel-3\/#breadcrumb"},"inLanguage":"de","potentialAction":[{"@type":"ReadAction","target":["https:\/\/blog.vida.at\/pensionisten\/2021\/12\/13\/buchtipp-und-gewinnspiel-3\/"]}]},{"@type":"ImageObject","inLanguage":"de","@id":"https:\/\/blog.vida.at\/pensionisten\/2021\/12\/13\/buchtipp-und-gewinnspiel-3\/#primaryimage","url":"https:\/\/blog.vida.at\/pensionisten\/wp-content\/uploads\/sites\/10\/2021\/09\/vida-dein-gewinn.jpg","contentUrl":"https:\/\/blog.vida.at\/pensionisten\/wp-content\/uploads\/sites\/10\/2021\/09\/vida-dein-gewinn.jpg","width":1304,"height":862},{"@type":"BreadcrumbList","@id":"https:\/\/blog.vida.at\/pensionisten\/2021\/12\/13\/buchtipp-und-gewinnspiel-3\/#breadcrumb","itemListElement":[{"@type":"ListItem","position":1,"name":"Startseite","item":"https:\/\/blog.vida.at\/pensionisten\/"},{"@type":"ListItem","position":2,"name":"Buchtipp und Gewinnspiel"}]},{"@type":"WebSite","@id":"https:\/\/blog.vida.at\/pensionisten\/#website","url":"https:\/\/blog.vida.at\/pensionisten\/","name":"vida Pensionisten","description":"","potentialAction":[{"@type":"SearchAction","target":{"@type":"EntryPoint","urlTemplate":"https:\/\/blog.vida.at\/pensionisten\/?s={search_term_string}"},"query-input":{"@type":"PropertyValueSpecification","valueRequired":true,"valueName":"search_term_string"}}],"inLanguage":"de"},{"@type":"Person","@id":"https:\/\/blog.vida.at\/pensionisten\/#\/schema\/person\/88cee3ee93b9afdc51c92f5f63f38b8a","name":"mariontobola","image":{"@type":"ImageObject","inLanguage":"de","@id":"https:\/\/secure.gravatar.com\/avatar\/5d2c516985e4eda61bca05bd3b4359b4358135bd1e1a5b08c539e9cd1edd6528?s=96&d=mm&r=g","url":"https:\/\/secure.gravatar.com\/avatar\/5d2c516985e4eda61bca05bd3b4359b4358135bd1e1a5b08c539e9cd1edd6528?s=96&d=mm&r=g","contentUrl":"https:\/\/secure.gravatar.com\/avatar\/5d2c516985e4eda61bca05bd3b4359b4358135bd1e1a5b08c539e9cd1edd6528?s=96&d=mm&r=g","caption":"mariontobola"},"url":"https:\/\/blog.vida.at\/pensionisten\/author\/mariontobola\/"}]}},"author_meta":{"display_name":"mariontobola","author_link":"https:\/\/blog.vida.at\/pensionisten\/author\/mariontobola\/"},"featured_img":"https:\/\/blog.vida.at\/pensionisten\/wp-content\/uploads\/sites\/10\/2021\/09\/vida-dein-gewinn-300x198.jpg","featured_image_src":"https:\/\/blog.vida.at\/pensionisten\/wp-content\/uploads\/sites\/10\/2021\/09\/vida-dein-gewinn-600x400.jpg","featured_image_src_square":"https:\/\/blog.vida.at\/pensionisten\/wp-content\/uploads\/sites\/10\/2021\/09\/vida-dein-gewinn-600x600.jpg","uagb_featured_image_src":{"full":["https:\/\/blog.vida.at\/pensionisten\/wp-content\/uploads\/sites\/10\/2021\/09\/vida-dein-gewinn.jpg",1304,862,false],"thumbnail":["https:\/\/blog.vida.at\/pensionisten\/wp-content\/uploads\/sites\/10\/2021\/09\/vida-dein-gewinn-150x150.jpg",150,150,true],"medium":["https:\/\/blog.vida.at\/pensionisten\/wp-content\/uploads\/sites\/10\/2021\/09\/vida-dein-gewinn-300x198.jpg",300,198,true],"medium_large":["https:\/\/blog.vida.at\/pensionisten\/wp-content\/uploads\/sites\/10\/2021\/09\/vida-dein-gewinn-768x508.jpg",640,423,true],"large":["https:\/\/blog.vida.at\/pensionisten\/wp-content\/uploads\/sites\/10\/2021\/09\/vida-dein-gewinn-1024x677.jpg",640,423,true],"1536x1536":["https:\/\/blog.vida.at\/pensionisten\/wp-content\/uploads\/sites\/10\/2021\/09\/vida-dein-gewinn.jpg",1304,862,false],"2048x2048":["https:\/\/blog.vida.at\/pensionisten\/wp-content\/uploads\/sites\/10\/2021\/09\/vida-dein-gewinn.jpg",1304,862,false],"ab-block-post-grid-landscape":["https:\/\/blog.vida.at\/pensionisten\/wp-content\/uploads\/sites\/10\/2021\/09\/vida-dein-gewinn-600x400.jpg",600,400,true],"ab-block-post-grid-square":["https:\/\/blog.vida.at\/pensionisten\/wp-content\/uploads\/sites\/10\/2021\/09\/vida-dein-gewinn-600x600.jpg",600,600,true],"post-thumbnail":["https:\/\/blog.vida.at\/pensionisten\/wp-content\/uploads\/sites\/10\/2021\/09\/vida-dein-gewinn.jpg",1304,862,false],"awb_sm":["https:\/\/blog.vida.at\/pensionisten\/wp-content\/uploads\/sites\/10\/2021\/09\/vida-dein-gewinn-500x331.jpg",500,331,true],"awb_md":["https:\/\/blog.vida.at\/pensionisten\/wp-content\/uploads\/sites\/10\/2021\/09\/vida-dein-gewinn-800x529.jpg",800,529,true],"awb_lg":["https:\/\/blog.vida.at\/pensionisten\/wp-content\/uploads\/sites\/10\/2021\/09\/vida-dein-gewinn-1280x846.jpg",1280,846,true],"awb_xl":["https:\/\/blog.vida.at\/pensionisten\/wp-content\/uploads\/sites\/10\/2021\/09\/vida-dein-gewinn.jpg",1304,862,false]},"uagb_author_info":{"display_name":"mariontobola","author_link":"https:\/\/blog.vida.at\/pensionisten\/author\/mariontobola\/"},"uagb_comment_info":0,"uagb_excerpt":"Vom Bauer und Bobo und der Welt nach Corona &#8230; Begonnen hat alles mit einer Beschimpfung &#8230; Bauer Christian Bachler&nbsp;schimpfte in einem Video aus dem Schweinestall \u00fcber den&nbsp;Oberbobo Florian Klenk. Warum? Der&nbsp;FALTER-Chefredakteur&nbsp;hatte zuvor ein Urteil gutgehei\u00dfen, das einen Bauern zu Schadenersatz verpflichtete, nachdem seine Kuh eine Frau get\u00f6tet hatte. Bachler forderte Klenk auf, ein Praktikum&hellip;","coauthors":[],"tax_additional":{"categories":{"linked":["<a href=\"https:\/\/blog.vida.at\/pensionisten\/category\/allgemein\/\" class=\"advgb-post-tax-term\">Allgemein<\/a>"],"unlinked":["<span class=\"advgb-post-tax-term\">Allgemein<\/span>"]}},"comment_count":"0","relative_dates":{"created":"Ver\u00f6ffentlicht 4\u00a0Jahren vor","modified":"Aktualisiert 4\u00a0Jahren vor"},"absolute_dates":{"created":"Ver\u00f6ffentlicht am 13. Dezember 2021","modified":"Aktualisiert am 10. Januar 2022"},"absolute_dates_time":{"created":"Ver\u00f6ffentlicht am 13. Dezember 2021 16:04","modified":"Aktualisiert am 10. Januar 2022 16:18"},"featured_img_caption":"","series_order":"","_links":{"self":[{"href":"https:\/\/blog.vida.at\/pensionisten\/wp-json\/wp\/v2\/posts\/3896","targetHints":{"allow":["GET"]}}],"collection":[{"href":"https:\/\/blog.vida.at\/pensionisten\/wp-json\/wp\/v2\/posts"}],"about":[{"href":"https:\/\/blog.vida.at\/pensionisten\/wp-json\/wp\/v2\/types\/post"}],"author":[{"embeddable":true,"href":"https:\/\/blog.vida.at\/pensionisten\/wp-json\/wp\/v2\/users\/8"}],"replies":[{"embeddable":true,"href":"https:\/\/blog.vida.at\/pensionisten\/wp-json\/wp\/v2\/comments?post=3896"}],"version-history":[{"count":6,"href":"https:\/\/blog.vida.at\/pensionisten\/wp-json\/wp\/v2\/posts\/3896\/revisions"}],"predecessor-version":[{"id":3905,"href":"https:\/\/blog.vida.at\/pensionisten\/wp-json\/wp\/v2\/posts\/3896\/revisions\/3905"}],"wp:featuredmedia":[{"embeddable":true,"href":"https:\/\/blog.vida.at\/pensionisten\/wp-json\/wp\/v2\/media\/2840"}],"wp:attachment":[{"href":"https:\/\/blog.vida.at\/pensionisten\/wp-json\/wp\/v2\/media?parent=3896"}],"wp:term":[{"taxonomy":"category","embeddable":true,"href":"https:\/\/blog.vida.at\/pensionisten\/wp-json\/wp\/v2\/categories?post=3896"},{"taxonomy":"post_tag","embeddable":true,"href":"https:\/\/blog.vida.at\/pensionisten\/wp-json\/wp\/v2\/tags?post=3896"},{"taxonomy":"Orte","embeddable":true,"href":"https:\/\/blog.vida.at\/pensionisten\/wp-json\/wp\/v2\/Orte?post=3896"},{"taxonomy":"activitytype","embeddable":true,"href":"https:\/\/blog.vida.at\/pensionisten\/wp-json\/wp\/v2\/activitytype?post=3896"}],"curies":[{"name":"wp","href":"https:\/\/api.w.org\/{rel}","templated":true}]}}