
{"id":3962,"date":"2021-12-22T13:20:00","date_gmt":"2021-12-22T12:20:00","guid":{"rendered":"https:\/\/blog.vida.at\/pensionisten\/?p=3962"},"modified":"2021-12-22T13:28:40","modified_gmt":"2021-12-22T12:28:40","slug":"festtagsgruesse-fuer-dich","status":"publish","type":"post","link":"https:\/\/blog.vida.at\/pensionisten\/2021\/12\/22\/festtagsgruesse-fuer-dich\/","title":{"rendered":"Festtagsgr\u00fc\u00dfe f\u00fcr dich"},"content":{"rendered":"\n<div class=\"wp-block-group Container\"><div class=\"wp-block-group__inner-container is-layout-flow wp-block-group-is-layout-flow\">\n<h4 class=\"wp-block-heading\">Videobotschaft deiner vida-PensionistInnen in Wien.<\/h4>\n\n\n\n<br>\n\n\n\n<p><\/p>\n\n\n\n<!--more-->\n\n\n\n<p><strong>2021 war f\u00fcr uns alle ein sehr bewegtes Jahr. Die Corona-Pandemie stellt uns vor neue Herausforderungen. Nichtsdestotrotz waren die vida-PensionistInnen in Wien im Einsatz f\u00fcr ihre Mitglieder.<\/strong> <\/p>\n\n\n\n<p><span style=\"color: #fd0202\" class=\"ugb-highlight\"><strong>Schau dir hier unsere Videobotschaft an: <\/strong><\/span><\/p>\n\n\n\n<div class=\"wp-block-advgb-video advgb-video-block full-width advgb-video-lightbox\" data-video=\"https:\/\/www.youtube.com\/embed\/QG0wBe6FMzw?rel=0&amp;wmode=transparent\" data-source=\"youtube\" data-video-attr=\"controls,playsinline\" data-video-preload=\"metadata\"><div class=\"advgb-video-wrapper full-width\" style=\"background-color:#EEEEEE\"><div class=\"advgb-video-poster\" style=\"background-image:url(https:\/\/i.ytimg.com\/vi\/QG0wBe6FMzw\/hqdefault.jpg)\"><\/div><div class=\"advgb-button-wrapper\" style=\"height:450px\"><div class=\"advgb-play-button\" style=\"color:#fff\"><svg xmlns=\"http:\/\/www.w3.org\/2000\/svg\" width=\"80\" height=\"80\" viewbox=\"0 0 24 24\"><path d=\"M8 5v14l11-7z\"><\/path><path d=\"M0 0h24v24H0z\" fill=\"none\"><\/path><\/svg><\/div><\/div><\/div><\/div>\n\n\n\n<p><strong><span style=\"color: #f70404\" class=\"ugb-highlight\">Neues Angebot f\u00fcr vida-Mitglieder<\/span><\/strong><br><br>Ob Testament, Vorsorgevollmacht, PatientInnenverf\u00fcgung oder einfacher Mietvertrag: Wir bieten dir mit unserer Partnerkanzlei eine <strong><a href=\"https:\/\/mailingmx.vida.at\/sys\/r.aspx?sub=g3y_00000&amp;t=t&amp;link=1oLV\" target=\"_blank\" rel=\"noreferrer noopener\">&gt;&gt;&gt; verg\u00fcnstige Rechtsberatung<\/a><\/strong> in Wien an. Voraussetzung f\u00fcr die Inanspruchnahme des Angebots ist eine g\u00fcltige vida-Mitgliedschaft und der Eingang von mindestens einem Monatsmitgliedsbeitrag bei der vida.&nbsp;<br><br><strong>Interessiert?<\/strong> <strong>Wir schicken dir gerne einen Gutschein f\u00fcr die Rechtsberatung zu!<\/strong> Schicke ein E-Mail an <a href=\"https:\/\/mailingmx.vida.at\/sys\/r.aspx?sub=g3y_00000&amp;t=t&amp;link=1oLW\">pensionistinnen@vida.at<\/a> oder melde dich telefonisch bei uns: 01 53444-79080<br><br><strong><span style=\"color: #f70404\" class=\"ugb-highlight\">Neue starke Kooperationen<\/span><\/strong><br><br><strong>Lebenslust mit vida:&nbsp;<\/strong>Die vida-PensionistInnen waren im Oktober bei der <strong><a href=\"https:\/\/mailingmx.vida.at\/sys\/r.aspx?sub=g3y_00000&amp;t=t&amp;link=1oLY\" target=\"_blank\" rel=\"noreferrer noopener\">&gt;&gt;&gt; LEBENSLUST<\/a><\/strong>, Wiens einzigartige Seniorenmesse. Gemeinsam mit der&nbsp;\u00d6sterreichischen Beamtenversicherung \u00d6BV&nbsp;pr\u00e4sentierten wir unsere Angebote bei einem Info-Stand. Hier gab es f\u00fcr die BesucherInnen viel&nbsp;Wissenswertes&nbsp;und&nbsp;pers\u00f6nliche Beratung&nbsp;\u2013 und obendrauf die Chance,&nbsp;tolle Preise&nbsp;zu gewinnen!<br><br><strong>SeniorInnen-Tag in Favoriten:&nbsp;<\/strong>Deine&nbsp;vida-PensionistInnen&nbsp;waren am im September gemeinsam mit dem&nbsp;Handball Verein Wien beim&nbsp;<strong><a href=\"https:\/\/mailingmx.vida.at\/sys\/r.aspx?sub=g3y_00000&amp;t=t&amp;link=1oLZ\" target=\"_blank\" rel=\"noreferrer noopener\">&gt;&gt;&gt; Bezirks-SeniorInnen-Tag<\/a><\/strong> in Favoriten vor Ort. Wir informierten \u00fcber unsere Angebote und wof\u00fcr wir uns als Gewerkschaft vida f\u00fcr Menschen in der Pension stark machen.&nbsp;<br><br><strong><span style=\"color: #f80404\" class=\"ugb-highlight\">Neue Online-Veranstaltungen<\/span><\/strong><br><br>Wir haben 2021 eine Online-Veranstaltungsreihe gestartet. Gemeinsam mit ExpertInnen bieten wir Online-Vortr\u00e4ge zu interessanten Themen an: Von rechtlicher Vorsorge im Alter \u00fcber Sicherheitstipps in den eigenen vier W\u00e4nden, beim Einkauf, im Urlaub oder beim \u201eSurfen im Internet\u201c bis zu Internetbanking leicht gemacht.<\/p>\n\n\n\n<p><br><strong>Deine Verwandten, Bekannten, FreundInnen sind vida-Mitglied und haben keine Einladung zur Veranstaltung erhalten? <\/strong>Dann gib uns bitte die E-Mail-Adresse bekannt, damit wir zu zuk\u00fcnftigen Online-Veranstaltungen einladen k\u00f6nnen. Schicke ein E-Mail an <a href=\"https:\/\/mailingmx.vida.at\/sys\/r.aspx?sub=g3y_00000&amp;t=t&amp;link=1oLW\">pensionistinnen@vida.at<\/a> oder melde dich telefonisch bei uns: 01 53444-79080.<br><br><strong>\u2026 und viele weitere Angebote und Informationen wurden in unseren Ortsgruppen weitergegeben.<\/strong><br>&nbsp;<\/p>\n\n\n\n<p class=\"has-text-align-center\"><strong><span style=\"color: #f70404\" class=\"ugb-highlight\">Wir sind auch 2022 mit interessanten Themen \u2013 von Gesundheit und Politik \u00fcber Digitalisierung bis hin zu Kultur und Freizeit &#8211; f\u00fcr dich da!<\/span><\/strong><\/p>\n\n\n\n<p><\/p>\n\n\n\n<p class=\"has-text-align-center\"><strong>Wir w\u00fcnschen ein frohes Weihnachtsfest und ein gesundes 2022.<br><strong>Wir bedanken uns f\u00fcr die Treue und Solidarit\u00e4t!<\/strong><\/strong><\/p>\n\n\n\n<figure class=\"wp-block-gallery columns-0 is-cropped wp-block-gallery-1\"><ul class=\"blocks-gallery-grid is-layout-flex wp-block-gallery-is-layout-flex\"><\/ul><\/figure>\n<\/div><\/div>\n","protected":false},"excerpt":{"rendered":"<p>Videobotschaft deiner vida-PensionistInnen in Wien.<\/p>\n","protected":false},"author":8,"featured_media":3964,"comment_status":"open","ping_status":"open","sticky":false,"template":"","format":"standard","meta":{"_uag_custom_page_level_css":"","advgb_blocks_editor_width":"","advgb_blocks_columns_visual_guide":"","footnotes":""},"categories":[4,1,49,50],"tags":[],"Orte":[],"activitytype":[],"class_list":["post-3962","post","type-post","status-publish","format-standard","has-post-thumbnail","hentry","category-aktuelles","category-allgemein","category-ortsgruppen","category-wien","entry"],"featured_image_urls":{"full":["https:\/\/blog.vida.at\/pensionisten\/wp-content\/uploads\/sites\/10\/2021\/12\/vidaPensionistInnenWien_Videobotschaft_HeleneStarzer.png",1617,1077,false],"thumbnail":["https:\/\/blog.vida.at\/pensionisten\/wp-content\/uploads\/sites\/10\/2021\/12\/vidaPensionistInnenWien_Videobotschaft_HeleneStarzer-150x150.png",150,150,true],"medium":["https:\/\/blog.vida.at\/pensionisten\/wp-content\/uploads\/sites\/10\/2021\/12\/vidaPensionistInnenWien_Videobotschaft_HeleneStarzer-300x200.png",300,200,true],"medium_large":["https:\/\/blog.vida.at\/pensionisten\/wp-content\/uploads\/sites\/10\/2021\/12\/vidaPensionistInnenWien_Videobotschaft_HeleneStarzer-768x512.png",640,427,true],"large":["https:\/\/blog.vida.at\/pensionisten\/wp-content\/uploads\/sites\/10\/2021\/12\/vidaPensionistInnenWien_Videobotschaft_HeleneStarzer-1024x682.png",640,426,true],"1536x1536":["https:\/\/blog.vida.at\/pensionisten\/wp-content\/uploads\/sites\/10\/2021\/12\/vidaPensionistInnenWien_Videobotschaft_HeleneStarzer-1536x1023.png",1536,1023,true],"2048x2048":["https:\/\/blog.vida.at\/pensionisten\/wp-content\/uploads\/sites\/10\/2021\/12\/vidaPensionistInnenWien_Videobotschaft_HeleneStarzer.png",1617,1077,false],"ab-block-post-grid-landscape":["https:\/\/blog.vida.at\/pensionisten\/wp-content\/uploads\/sites\/10\/2021\/12\/vidaPensionistInnenWien_Videobotschaft_HeleneStarzer-600x400.png",600,400,true],"ab-block-post-grid-square":["https:\/\/blog.vida.at\/pensionisten\/wp-content\/uploads\/sites\/10\/2021\/12\/vidaPensionistInnenWien_Videobotschaft_HeleneStarzer-600x600.png",600,600,true],"post-thumbnail":["https:\/\/blog.vida.at\/pensionisten\/wp-content\/uploads\/sites\/10\/2021\/12\/vidaPensionistInnenWien_Videobotschaft_HeleneStarzer-1568x1044.png",1568,1044,true],"awb_sm":["https:\/\/blog.vida.at\/pensionisten\/wp-content\/uploads\/sites\/10\/2021\/12\/vidaPensionistInnenWien_Videobotschaft_HeleneStarzer-500x333.png",500,333,true],"awb_md":["https:\/\/blog.vida.at\/pensionisten\/wp-content\/uploads\/sites\/10\/2021\/12\/vidaPensionistInnenWien_Videobotschaft_HeleneStarzer-800x533.png",800,533,true],"awb_lg":["https:\/\/blog.vida.at\/pensionisten\/wp-content\/uploads\/sites\/10\/2021\/12\/vidaPensionistInnenWien_Videobotschaft_HeleneStarzer-1280x853.png",1280,853,true],"awb_xl":["https:\/\/blog.vida.at\/pensionisten\/wp-content\/uploads\/sites\/10\/2021\/12\/vidaPensionistInnenWien_Videobotschaft_HeleneStarzer.png",1617,1077,false]},"post_excerpt_stackable":"<p>Videobotschaft deiner vida-PensionistInnen in Wien. 2021 war f\u00fcr uns alle ein sehr bewegtes Jahr. Die Corona-Pandemie stellt uns vor neue Herausforderungen. Nichtsdestotrotz waren die vida-PensionistInnen in Wien im Einsatz f\u00fcr ihre Mitglieder. Schau dir hier unsere Videobotschaft an: Neues Angebot f\u00fcr vida-MitgliederOb Testament, Vorsorgevollmacht, PatientInnenverf\u00fcgung oder einfacher Mietvertrag: Wir bieten dir mit unserer Partnerkanzlei eine &gt;&gt;&gt; verg\u00fcnstige Rechtsberatung in Wien an. Voraussetzung f\u00fcr die Inanspruchnahme des Angebots ist eine g\u00fcltige vida-Mitgliedschaft und der Eingang von mindestens einem Monatsmitgliedsbeitrag bei der vida.&nbsp;Interessiert? Wir schicken dir gerne einen Gutschein f\u00fcr die Rechtsberatung zu! Schicke ein E-Mail an pensionistinnen@vida.at oder melde dich telefonisch&hellip;<\/p>\n","category_list":"<a href=\"https:\/\/blog.vida.at\/pensionisten\/category\/aktuelles\/\" rel=\"category tag\">Aktuelles<\/a>, <a href=\"https:\/\/blog.vida.at\/pensionisten\/category\/allgemein\/\" rel=\"category tag\">Allgemein<\/a>, <a href=\"https:\/\/blog.vida.at\/pensionisten\/category\/ortsgruppen\/\" rel=\"category tag\">Ortsgruppen<\/a>, <a href=\"https:\/\/blog.vida.at\/pensionisten\/category\/ortsgruppen\/wien\/\" rel=\"category tag\">Wien<\/a>","author_info":{"display_name":"mariontobola","author_link":"https:\/\/blog.vida.at\/pensionisten\/author\/mariontobola\/"},"comments_num":"0 comments","featured_image_urls_v2":{"full":["https:\/\/blog.vida.at\/pensionisten\/wp-content\/uploads\/sites\/10\/2021\/12\/vidaPensionistInnenWien_Videobotschaft_HeleneStarzer.png",1617,1077,false],"thumbnail":["https:\/\/blog.vida.at\/pensionisten\/wp-content\/uploads\/sites\/10\/2021\/12\/vidaPensionistInnenWien_Videobotschaft_HeleneStarzer-150x150.png",150,150,true],"medium":["https:\/\/blog.vida.at\/pensionisten\/wp-content\/uploads\/sites\/10\/2021\/12\/vidaPensionistInnenWien_Videobotschaft_HeleneStarzer-300x200.png",300,200,true],"medium_large":["https:\/\/blog.vida.at\/pensionisten\/wp-content\/uploads\/sites\/10\/2021\/12\/vidaPensionistInnenWien_Videobotschaft_HeleneStarzer-768x512.png",640,427,true],"large":["https:\/\/blog.vida.at\/pensionisten\/wp-content\/uploads\/sites\/10\/2021\/12\/vidaPensionistInnenWien_Videobotschaft_HeleneStarzer-1024x682.png",640,426,true],"1536x1536":["https:\/\/blog.vida.at\/pensionisten\/wp-content\/uploads\/sites\/10\/2021\/12\/vidaPensionistInnenWien_Videobotschaft_HeleneStarzer-1536x1023.png",1536,1023,true],"2048x2048":["https:\/\/blog.vida.at\/pensionisten\/wp-content\/uploads\/sites\/10\/2021\/12\/vidaPensionistInnenWien_Videobotschaft_HeleneStarzer.png",1617,1077,false],"ab-block-post-grid-landscape":["https:\/\/blog.vida.at\/pensionisten\/wp-content\/uploads\/sites\/10\/2021\/12\/vidaPensionistInnenWien_Videobotschaft_HeleneStarzer-600x400.png",600,400,true],"ab-block-post-grid-square":["https:\/\/blog.vida.at\/pensionisten\/wp-content\/uploads\/sites\/10\/2021\/12\/vidaPensionistInnenWien_Videobotschaft_HeleneStarzer-600x600.png",600,600,true],"post-thumbnail":["https:\/\/blog.vida.at\/pensionisten\/wp-content\/uploads\/sites\/10\/2021\/12\/vidaPensionistInnenWien_Videobotschaft_HeleneStarzer-1568x1044.png",1568,1044,true],"awb_sm":["https:\/\/blog.vida.at\/pensionisten\/wp-content\/uploads\/sites\/10\/2021\/12\/vidaPensionistInnenWien_Videobotschaft_HeleneStarzer-500x333.png",500,333,true],"awb_md":["https:\/\/blog.vida.at\/pensionisten\/wp-content\/uploads\/sites\/10\/2021\/12\/vidaPensionistInnenWien_Videobotschaft_HeleneStarzer-800x533.png",800,533,true],"awb_lg":["https:\/\/blog.vida.at\/pensionisten\/wp-content\/uploads\/sites\/10\/2021\/12\/vidaPensionistInnenWien_Videobotschaft_HeleneStarzer-1280x853.png",1280,853,true],"awb_xl":["https:\/\/blog.vida.at\/pensionisten\/wp-content\/uploads\/sites\/10\/2021\/12\/vidaPensionistInnenWien_Videobotschaft_HeleneStarzer.png",1617,1077,false]},"post_excerpt_stackable_v2":"<p>Videobotschaft deiner vida-PensionistInnen in Wien. 2021 war f\u00fcr uns alle ein sehr bewegtes Jahr. Die Corona-Pandemie stellt uns vor neue Herausforderungen. Nichtsdestotrotz waren die vida-PensionistInnen in Wien im Einsatz f\u00fcr ihre Mitglieder. Schau dir hier unsere Videobotschaft an: Neues Angebot f\u00fcr vida-MitgliederOb Testament, Vorsorgevollmacht, PatientInnenverf\u00fcgung oder einfacher Mietvertrag: Wir bieten dir mit unserer Partnerkanzlei eine &gt;&gt;&gt; verg\u00fcnstige Rechtsberatung in Wien an. Voraussetzung f\u00fcr die Inanspruchnahme des Angebots ist eine g\u00fcltige vida-Mitgliedschaft und der Eingang von mindestens einem Monatsmitgliedsbeitrag bei der vida.&nbsp;Interessiert? Wir schicken dir gerne einen Gutschein f\u00fcr die Rechtsberatung zu! Schicke ein E-Mail an pensionistinnen@vida.at oder melde dich telefonisch&hellip;<\/p>\n","category_list_v2":"<a href=\"https:\/\/blog.vida.at\/pensionisten\/category\/aktuelles\/\" rel=\"category tag\">Aktuelles<\/a>, <a href=\"https:\/\/blog.vida.at\/pensionisten\/category\/allgemein\/\" rel=\"category tag\">Allgemein<\/a>, <a href=\"https:\/\/blog.vida.at\/pensionisten\/category\/ortsgruppen\/\" rel=\"category tag\">Ortsgruppen<\/a>, <a href=\"https:\/\/blog.vida.at\/pensionisten\/category\/ortsgruppen\/wien\/\" rel=\"category tag\">Wien<\/a>","author_info_v2":{"name":"mariontobola","url":"https:\/\/blog.vida.at\/pensionisten\/author\/mariontobola\/"},"comments_num_v2":"0 comments","yoast_head":"<!-- This site is optimized with the Yoast SEO plugin v27.3 - https:\/\/yoast.com\/product\/yoast-seo-wordpress\/ -->\n<title>Festtagsgr\u00fc\u00dfe f\u00fcr dich<\/title>\n<meta name=\"robots\" content=\"index, follow, max-snippet:-1, max-image-preview:large, max-video-preview:-1\" \/>\n<link rel=\"canonical\" href=\"https:\/\/blog.vida.at\/pensionisten\/2021\/12\/22\/festtagsgruesse-fuer-dich\/\" \/>\n<meta property=\"og:locale\" content=\"de_DE\" \/>\n<meta property=\"og:type\" content=\"article\" \/>\n<meta property=\"og:title\" content=\"Festtagsgr\u00fc\u00dfe f\u00fcr dich\" \/>\n<meta property=\"og:description\" content=\"Videobotschaft deiner vida-PensionistInnen in Wien.\" \/>\n<meta property=\"og:url\" content=\"https:\/\/blog.vida.at\/pensionisten\/2021\/12\/22\/festtagsgruesse-fuer-dich\/\" \/>\n<meta property=\"og:site_name\" content=\"vida Pensionisten\" \/>\n<meta property=\"article:published_time\" content=\"2021-12-22T12:20:00+00:00\" \/>\n<meta property=\"article:modified_time\" content=\"2021-12-22T12:28:40+00:00\" \/>\n<meta property=\"og:image\" content=\"https:\/\/blog.vida.at\/pensionisten\/wp-content\/uploads\/sites\/10\/2021\/12\/vidaPensionistInnenWien_Videobotschaft_HeleneStarzer.png\" \/>\n\t<meta property=\"og:image:width\" content=\"1617\" \/>\n\t<meta property=\"og:image:height\" content=\"1077\" \/>\n\t<meta property=\"og:image:type\" content=\"image\/png\" \/>\n<meta name=\"author\" content=\"mariontobola\" \/>\n<meta name=\"twitter:card\" content=\"summary_large_image\" \/>\n<meta name=\"twitter:label1\" content=\"Verfasst von\" \/>\n\t<meta name=\"twitter:data1\" content=\"mariontobola\" \/>\n\t<meta name=\"twitter:label2\" content=\"Gesch\u00e4tzte Lesezeit\" \/>\n\t<meta name=\"twitter:data2\" content=\"2\u00a0Minuten\" \/>\n<script type=\"application\/ld+json\" class=\"yoast-schema-graph\">{\"@context\":\"https:\\\/\\\/schema.org\",\"@graph\":[{\"@type\":\"Article\",\"@id\":\"https:\\\/\\\/blog.vida.at\\\/pensionisten\\\/2021\\\/12\\\/22\\\/festtagsgruesse-fuer-dich\\\/#article\",\"isPartOf\":{\"@id\":\"https:\\\/\\\/blog.vida.at\\\/pensionisten\\\/2021\\\/12\\\/22\\\/festtagsgruesse-fuer-dich\\\/\"},\"author\":{\"name\":\"mariontobola\",\"@id\":\"https:\\\/\\\/blog.vida.at\\\/pensionisten\\\/#\\\/schema\\\/person\\\/88cee3ee93b9afdc51c92f5f63f38b8a\"},\"headline\":\"Festtagsgr\u00fc\u00dfe f\u00fcr dich\",\"datePublished\":\"2021-12-22T12:20:00+00:00\",\"dateModified\":\"2021-12-22T12:28:40+00:00\",\"mainEntityOfPage\":{\"@id\":\"https:\\\/\\\/blog.vida.at\\\/pensionisten\\\/2021\\\/12\\\/22\\\/festtagsgruesse-fuer-dich\\\/\"},\"wordCount\":379,\"commentCount\":0,\"image\":{\"@id\":\"https:\\\/\\\/blog.vida.at\\\/pensionisten\\\/2021\\\/12\\\/22\\\/festtagsgruesse-fuer-dich\\\/#primaryimage\"},\"thumbnailUrl\":\"https:\\\/\\\/blog.vida.at\\\/pensionisten\\\/wp-content\\\/uploads\\\/sites\\\/10\\\/2021\\\/12\\\/vidaPensionistInnenWien_Videobotschaft_HeleneStarzer.png\",\"articleSection\":{\"0\":\"Aktuelles\",\"2\":\"Ortsgruppen\",\"3\":\"Wien\"},\"inLanguage\":\"de\",\"potentialAction\":[{\"@type\":\"CommentAction\",\"name\":\"Comment\",\"target\":[\"https:\\\/\\\/blog.vida.at\\\/pensionisten\\\/2021\\\/12\\\/22\\\/festtagsgruesse-fuer-dich\\\/#respond\"]}]},{\"@type\":\"WebPage\",\"@id\":\"https:\\\/\\\/blog.vida.at\\\/pensionisten\\\/2021\\\/12\\\/22\\\/festtagsgruesse-fuer-dich\\\/\",\"url\":\"https:\\\/\\\/blog.vida.at\\\/pensionisten\\\/2021\\\/12\\\/22\\\/festtagsgruesse-fuer-dich\\\/\",\"name\":\"Festtagsgr\u00fc\u00dfe f\u00fcr dich\",\"isPartOf\":{\"@id\":\"https:\\\/\\\/blog.vida.at\\\/pensionisten\\\/#website\"},\"primaryImageOfPage\":{\"@id\":\"https:\\\/\\\/blog.vida.at\\\/pensionisten\\\/2021\\\/12\\\/22\\\/festtagsgruesse-fuer-dich\\\/#primaryimage\"},\"image\":{\"@id\":\"https:\\\/\\\/blog.vida.at\\\/pensionisten\\\/2021\\\/12\\\/22\\\/festtagsgruesse-fuer-dich\\\/#primaryimage\"},\"thumbnailUrl\":\"https:\\\/\\\/blog.vida.at\\\/pensionisten\\\/wp-content\\\/uploads\\\/sites\\\/10\\\/2021\\\/12\\\/vidaPensionistInnenWien_Videobotschaft_HeleneStarzer.png\",\"datePublished\":\"2021-12-22T12:20:00+00:00\",\"dateModified\":\"2021-12-22T12:28:40+00:00\",\"author\":{\"@id\":\"https:\\\/\\\/blog.vida.at\\\/pensionisten\\\/#\\\/schema\\\/person\\\/88cee3ee93b9afdc51c92f5f63f38b8a\"},\"breadcrumb\":{\"@id\":\"https:\\\/\\\/blog.vida.at\\\/pensionisten\\\/2021\\\/12\\\/22\\\/festtagsgruesse-fuer-dich\\\/#breadcrumb\"},\"inLanguage\":\"de\",\"potentialAction\":[{\"@type\":\"ReadAction\",\"target\":[\"https:\\\/\\\/blog.vida.at\\\/pensionisten\\\/2021\\\/12\\\/22\\\/festtagsgruesse-fuer-dich\\\/\"]}]},{\"@type\":\"ImageObject\",\"inLanguage\":\"de\",\"@id\":\"https:\\\/\\\/blog.vida.at\\\/pensionisten\\\/2021\\\/12\\\/22\\\/festtagsgruesse-fuer-dich\\\/#primaryimage\",\"url\":\"https:\\\/\\\/blog.vida.at\\\/pensionisten\\\/wp-content\\\/uploads\\\/sites\\\/10\\\/2021\\\/12\\\/vidaPensionistInnenWien_Videobotschaft_HeleneStarzer.png\",\"contentUrl\":\"https:\\\/\\\/blog.vida.at\\\/pensionisten\\\/wp-content\\\/uploads\\\/sites\\\/10\\\/2021\\\/12\\\/vidaPensionistInnenWien_Videobotschaft_HeleneStarzer.png\",\"width\":1617,\"height\":1077},{\"@type\":\"BreadcrumbList\",\"@id\":\"https:\\\/\\\/blog.vida.at\\\/pensionisten\\\/2021\\\/12\\\/22\\\/festtagsgruesse-fuer-dich\\\/#breadcrumb\",\"itemListElement\":[{\"@type\":\"ListItem\",\"position\":1,\"name\":\"Startseite\",\"item\":\"https:\\\/\\\/blog.vida.at\\\/pensionisten\\\/\"},{\"@type\":\"ListItem\",\"position\":2,\"name\":\"Festtagsgr\u00fc\u00dfe f\u00fcr dich\"}]},{\"@type\":\"WebSite\",\"@id\":\"https:\\\/\\\/blog.vida.at\\\/pensionisten\\\/#website\",\"url\":\"https:\\\/\\\/blog.vida.at\\\/pensionisten\\\/\",\"name\":\"vida Pensionisten\",\"description\":\"\",\"potentialAction\":[{\"@type\":\"SearchAction\",\"target\":{\"@type\":\"EntryPoint\",\"urlTemplate\":\"https:\\\/\\\/blog.vida.at\\\/pensionisten\\\/?s={search_term_string}\"},\"query-input\":{\"@type\":\"PropertyValueSpecification\",\"valueRequired\":true,\"valueName\":\"search_term_string\"}}],\"inLanguage\":\"de\"},{\"@type\":\"Person\",\"@id\":\"https:\\\/\\\/blog.vida.at\\\/pensionisten\\\/#\\\/schema\\\/person\\\/88cee3ee93b9afdc51c92f5f63f38b8a\",\"name\":\"mariontobola\",\"image\":{\"@type\":\"ImageObject\",\"inLanguage\":\"de\",\"@id\":\"https:\\\/\\\/secure.gravatar.com\\\/avatar\\\/5d2c516985e4eda61bca05bd3b4359b4358135bd1e1a5b08c539e9cd1edd6528?s=96&d=mm&r=g\",\"url\":\"https:\\\/\\\/secure.gravatar.com\\\/avatar\\\/5d2c516985e4eda61bca05bd3b4359b4358135bd1e1a5b08c539e9cd1edd6528?s=96&d=mm&r=g\",\"contentUrl\":\"https:\\\/\\\/secure.gravatar.com\\\/avatar\\\/5d2c516985e4eda61bca05bd3b4359b4358135bd1e1a5b08c539e9cd1edd6528?s=96&d=mm&r=g\",\"caption\":\"mariontobola\"},\"url\":\"https:\\\/\\\/blog.vida.at\\\/pensionisten\\\/author\\\/mariontobola\\\/\"}]}<\/script>\n<!-- \/ Yoast SEO plugin. -->","yoast_head_json":{"title":"Festtagsgr\u00fc\u00dfe f\u00fcr dich","robots":{"index":"index","follow":"follow","max-snippet":"max-snippet:-1","max-image-preview":"max-image-preview:large","max-video-preview":"max-video-preview:-1"},"canonical":"https:\/\/blog.vida.at\/pensionisten\/2021\/12\/22\/festtagsgruesse-fuer-dich\/","og_locale":"de_DE","og_type":"article","og_title":"Festtagsgr\u00fc\u00dfe f\u00fcr dich","og_description":"Videobotschaft deiner vida-PensionistInnen in Wien.","og_url":"https:\/\/blog.vida.at\/pensionisten\/2021\/12\/22\/festtagsgruesse-fuer-dich\/","og_site_name":"vida Pensionisten","article_published_time":"2021-12-22T12:20:00+00:00","article_modified_time":"2021-12-22T12:28:40+00:00","og_image":[{"width":1617,"height":1077,"url":"https:\/\/blog.vida.at\/pensionisten\/wp-content\/uploads\/sites\/10\/2021\/12\/vidaPensionistInnenWien_Videobotschaft_HeleneStarzer.png","type":"image\/png"}],"author":"mariontobola","twitter_card":"summary_large_image","twitter_misc":{"Verfasst von":"mariontobola","Gesch\u00e4tzte Lesezeit":"2\u00a0Minuten"},"schema":{"@context":"https:\/\/schema.org","@graph":[{"@type":"Article","@id":"https:\/\/blog.vida.at\/pensionisten\/2021\/12\/22\/festtagsgruesse-fuer-dich\/#article","isPartOf":{"@id":"https:\/\/blog.vida.at\/pensionisten\/2021\/12\/22\/festtagsgruesse-fuer-dich\/"},"author":{"name":"mariontobola","@id":"https:\/\/blog.vida.at\/pensionisten\/#\/schema\/person\/88cee3ee93b9afdc51c92f5f63f38b8a"},"headline":"Festtagsgr\u00fc\u00dfe f\u00fcr dich","datePublished":"2021-12-22T12:20:00+00:00","dateModified":"2021-12-22T12:28:40+00:00","mainEntityOfPage":{"@id":"https:\/\/blog.vida.at\/pensionisten\/2021\/12\/22\/festtagsgruesse-fuer-dich\/"},"wordCount":379,"commentCount":0,"image":{"@id":"https:\/\/blog.vida.at\/pensionisten\/2021\/12\/22\/festtagsgruesse-fuer-dich\/#primaryimage"},"thumbnailUrl":"https:\/\/blog.vida.at\/pensionisten\/wp-content\/uploads\/sites\/10\/2021\/12\/vidaPensionistInnenWien_Videobotschaft_HeleneStarzer.png","articleSection":{"0":"Aktuelles","2":"Ortsgruppen","3":"Wien"},"inLanguage":"de","potentialAction":[{"@type":"CommentAction","name":"Comment","target":["https:\/\/blog.vida.at\/pensionisten\/2021\/12\/22\/festtagsgruesse-fuer-dich\/#respond"]}]},{"@type":"WebPage","@id":"https:\/\/blog.vida.at\/pensionisten\/2021\/12\/22\/festtagsgruesse-fuer-dich\/","url":"https:\/\/blog.vida.at\/pensionisten\/2021\/12\/22\/festtagsgruesse-fuer-dich\/","name":"Festtagsgr\u00fc\u00dfe f\u00fcr dich","isPartOf":{"@id":"https:\/\/blog.vida.at\/pensionisten\/#website"},"primaryImageOfPage":{"@id":"https:\/\/blog.vida.at\/pensionisten\/2021\/12\/22\/festtagsgruesse-fuer-dich\/#primaryimage"},"image":{"@id":"https:\/\/blog.vida.at\/pensionisten\/2021\/12\/22\/festtagsgruesse-fuer-dich\/#primaryimage"},"thumbnailUrl":"https:\/\/blog.vida.at\/pensionisten\/wp-content\/uploads\/sites\/10\/2021\/12\/vidaPensionistInnenWien_Videobotschaft_HeleneStarzer.png","datePublished":"2021-12-22T12:20:00+00:00","dateModified":"2021-12-22T12:28:40+00:00","author":{"@id":"https:\/\/blog.vida.at\/pensionisten\/#\/schema\/person\/88cee3ee93b9afdc51c92f5f63f38b8a"},"breadcrumb":{"@id":"https:\/\/blog.vida.at\/pensionisten\/2021\/12\/22\/festtagsgruesse-fuer-dich\/#breadcrumb"},"inLanguage":"de","potentialAction":[{"@type":"ReadAction","target":["https:\/\/blog.vida.at\/pensionisten\/2021\/12\/22\/festtagsgruesse-fuer-dich\/"]}]},{"@type":"ImageObject","inLanguage":"de","@id":"https:\/\/blog.vida.at\/pensionisten\/2021\/12\/22\/festtagsgruesse-fuer-dich\/#primaryimage","url":"https:\/\/blog.vida.at\/pensionisten\/wp-content\/uploads\/sites\/10\/2021\/12\/vidaPensionistInnenWien_Videobotschaft_HeleneStarzer.png","contentUrl":"https:\/\/blog.vida.at\/pensionisten\/wp-content\/uploads\/sites\/10\/2021\/12\/vidaPensionistInnenWien_Videobotschaft_HeleneStarzer.png","width":1617,"height":1077},{"@type":"BreadcrumbList","@id":"https:\/\/blog.vida.at\/pensionisten\/2021\/12\/22\/festtagsgruesse-fuer-dich\/#breadcrumb","itemListElement":[{"@type":"ListItem","position":1,"name":"Startseite","item":"https:\/\/blog.vida.at\/pensionisten\/"},{"@type":"ListItem","position":2,"name":"Festtagsgr\u00fc\u00dfe f\u00fcr dich"}]},{"@type":"WebSite","@id":"https:\/\/blog.vida.at\/pensionisten\/#website","url":"https:\/\/blog.vida.at\/pensionisten\/","name":"vida Pensionisten","description":"","potentialAction":[{"@type":"SearchAction","target":{"@type":"EntryPoint","urlTemplate":"https:\/\/blog.vida.at\/pensionisten\/?s={search_term_string}"},"query-input":{"@type":"PropertyValueSpecification","valueRequired":true,"valueName":"search_term_string"}}],"inLanguage":"de"},{"@type":"Person","@id":"https:\/\/blog.vida.at\/pensionisten\/#\/schema\/person\/88cee3ee93b9afdc51c92f5f63f38b8a","name":"mariontobola","image":{"@type":"ImageObject","inLanguage":"de","@id":"https:\/\/secure.gravatar.com\/avatar\/5d2c516985e4eda61bca05bd3b4359b4358135bd1e1a5b08c539e9cd1edd6528?s=96&d=mm&r=g","url":"https:\/\/secure.gravatar.com\/avatar\/5d2c516985e4eda61bca05bd3b4359b4358135bd1e1a5b08c539e9cd1edd6528?s=96&d=mm&r=g","contentUrl":"https:\/\/secure.gravatar.com\/avatar\/5d2c516985e4eda61bca05bd3b4359b4358135bd1e1a5b08c539e9cd1edd6528?s=96&d=mm&r=g","caption":"mariontobola"},"url":"https:\/\/blog.vida.at\/pensionisten\/author\/mariontobola\/"}]}},"author_meta":{"display_name":"mariontobola","author_link":"https:\/\/blog.vida.at\/pensionisten\/author\/mariontobola\/"},"featured_img":"https:\/\/blog.vida.at\/pensionisten\/wp-content\/uploads\/sites\/10\/2021\/12\/vidaPensionistInnenWien_Videobotschaft_HeleneStarzer-300x200.png","featured_image_src":"https:\/\/blog.vida.at\/pensionisten\/wp-content\/uploads\/sites\/10\/2021\/12\/vidaPensionistInnenWien_Videobotschaft_HeleneStarzer-600x400.png","featured_image_src_square":"https:\/\/blog.vida.at\/pensionisten\/wp-content\/uploads\/sites\/10\/2021\/12\/vidaPensionistInnenWien_Videobotschaft_HeleneStarzer-600x600.png","uagb_featured_image_src":{"full":["https:\/\/blog.vida.at\/pensionisten\/wp-content\/uploads\/sites\/10\/2021\/12\/vidaPensionistInnenWien_Videobotschaft_HeleneStarzer.png",1617,1077,false],"thumbnail":["https:\/\/blog.vida.at\/pensionisten\/wp-content\/uploads\/sites\/10\/2021\/12\/vidaPensionistInnenWien_Videobotschaft_HeleneStarzer-150x150.png",150,150,true],"medium":["https:\/\/blog.vida.at\/pensionisten\/wp-content\/uploads\/sites\/10\/2021\/12\/vidaPensionistInnenWien_Videobotschaft_HeleneStarzer-300x200.png",300,200,true],"medium_large":["https:\/\/blog.vida.at\/pensionisten\/wp-content\/uploads\/sites\/10\/2021\/12\/vidaPensionistInnenWien_Videobotschaft_HeleneStarzer-768x512.png",640,427,true],"large":["https:\/\/blog.vida.at\/pensionisten\/wp-content\/uploads\/sites\/10\/2021\/12\/vidaPensionistInnenWien_Videobotschaft_HeleneStarzer-1024x682.png",640,426,true],"1536x1536":["https:\/\/blog.vida.at\/pensionisten\/wp-content\/uploads\/sites\/10\/2021\/12\/vidaPensionistInnenWien_Videobotschaft_HeleneStarzer-1536x1023.png",1536,1023,true],"2048x2048":["https:\/\/blog.vida.at\/pensionisten\/wp-content\/uploads\/sites\/10\/2021\/12\/vidaPensionistInnenWien_Videobotschaft_HeleneStarzer.png",1617,1077,false],"ab-block-post-grid-landscape":["https:\/\/blog.vida.at\/pensionisten\/wp-content\/uploads\/sites\/10\/2021\/12\/vidaPensionistInnenWien_Videobotschaft_HeleneStarzer-600x400.png",600,400,true],"ab-block-post-grid-square":["https:\/\/blog.vida.at\/pensionisten\/wp-content\/uploads\/sites\/10\/2021\/12\/vidaPensionistInnenWien_Videobotschaft_HeleneStarzer-600x600.png",600,600,true],"post-thumbnail":["https:\/\/blog.vida.at\/pensionisten\/wp-content\/uploads\/sites\/10\/2021\/12\/vidaPensionistInnenWien_Videobotschaft_HeleneStarzer-1568x1044.png",1568,1044,true],"awb_sm":["https:\/\/blog.vida.at\/pensionisten\/wp-content\/uploads\/sites\/10\/2021\/12\/vidaPensionistInnenWien_Videobotschaft_HeleneStarzer-500x333.png",500,333,true],"awb_md":["https:\/\/blog.vida.at\/pensionisten\/wp-content\/uploads\/sites\/10\/2021\/12\/vidaPensionistInnenWien_Videobotschaft_HeleneStarzer-800x533.png",800,533,true],"awb_lg":["https:\/\/blog.vida.at\/pensionisten\/wp-content\/uploads\/sites\/10\/2021\/12\/vidaPensionistInnenWien_Videobotschaft_HeleneStarzer-1280x853.png",1280,853,true],"awb_xl":["https:\/\/blog.vida.at\/pensionisten\/wp-content\/uploads\/sites\/10\/2021\/12\/vidaPensionistInnenWien_Videobotschaft_HeleneStarzer.png",1617,1077,false]},"uagb_author_info":{"display_name":"mariontobola","author_link":"https:\/\/blog.vida.at\/pensionisten\/author\/mariontobola\/"},"uagb_comment_info":0,"uagb_excerpt":"Videobotschaft deiner vida-PensionistInnen in Wien.","coauthors":[],"tax_additional":{"categories":{"linked":["<a href=\"https:\/\/blog.vida.at\/pensionisten\/category\/aktuelles\/\" class=\"advgb-post-tax-term\">Aktuelles<\/a>","<a href=\"https:\/\/blog.vida.at\/pensionisten\/category\/allgemein\/\" class=\"advgb-post-tax-term\">Allgemein<\/a>","<a href=\"https:\/\/blog.vida.at\/pensionisten\/category\/ortsgruppen\/\" class=\"advgb-post-tax-term\">Ortsgruppen<\/a>","<a href=\"https:\/\/blog.vida.at\/pensionisten\/category\/ortsgruppen\/wien\/\" class=\"advgb-post-tax-term\">Wien<\/a>"],"unlinked":["<span class=\"advgb-post-tax-term\">Aktuelles<\/span>","<span class=\"advgb-post-tax-term\">Allgemein<\/span>","<span class=\"advgb-post-tax-term\">Ortsgruppen<\/span>","<span class=\"advgb-post-tax-term\">Wien<\/span>"]}},"comment_count":"0","relative_dates":{"created":"Ver\u00f6ffentlicht 4\u00a0Jahren vor","modified":"Aktualisiert 4\u00a0Jahren vor"},"absolute_dates":{"created":"Ver\u00f6ffentlicht am 22. Dezember 2021","modified":"Aktualisiert am 22. Dezember 2021"},"absolute_dates_time":{"created":"Ver\u00f6ffentlicht am 22. Dezember 2021 13:20","modified":"Aktualisiert am 22. Dezember 2021 13:28"},"featured_img_caption":"","series_order":"","_links":{"self":[{"href":"https:\/\/blog.vida.at\/pensionisten\/wp-json\/wp\/v2\/posts\/3962","targetHints":{"allow":["GET"]}}],"collection":[{"href":"https:\/\/blog.vida.at\/pensionisten\/wp-json\/wp\/v2\/posts"}],"about":[{"href":"https:\/\/blog.vida.at\/pensionisten\/wp-json\/wp\/v2\/types\/post"}],"author":[{"embeddable":true,"href":"https:\/\/blog.vida.at\/pensionisten\/wp-json\/wp\/v2\/users\/8"}],"replies":[{"embeddable":true,"href":"https:\/\/blog.vida.at\/pensionisten\/wp-json\/wp\/v2\/comments?post=3962"}],"version-history":[{"count":7,"href":"https:\/\/blog.vida.at\/pensionisten\/wp-json\/wp\/v2\/posts\/3962\/revisions"}],"predecessor-version":[{"id":3970,"href":"https:\/\/blog.vida.at\/pensionisten\/wp-json\/wp\/v2\/posts\/3962\/revisions\/3970"}],"wp:featuredmedia":[{"embeddable":true,"href":"https:\/\/blog.vida.at\/pensionisten\/wp-json\/wp\/v2\/media\/3964"}],"wp:attachment":[{"href":"https:\/\/blog.vida.at\/pensionisten\/wp-json\/wp\/v2\/media?parent=3962"}],"wp:term":[{"taxonomy":"category","embeddable":true,"href":"https:\/\/blog.vida.at\/pensionisten\/wp-json\/wp\/v2\/categories?post=3962"},{"taxonomy":"post_tag","embeddable":true,"href":"https:\/\/blog.vida.at\/pensionisten\/wp-json\/wp\/v2\/tags?post=3962"},{"taxonomy":"Orte","embeddable":true,"href":"https:\/\/blog.vida.at\/pensionisten\/wp-json\/wp\/v2\/Orte?post=3962"},{"taxonomy":"activitytype","embeddable":true,"href":"https:\/\/blog.vida.at\/pensionisten\/wp-json\/wp\/v2\/activitytype?post=3962"}],"curies":[{"name":"wp","href":"https:\/\/api.w.org\/{rel}","templated":true}]}}