
{"id":3974,"date":"2022-01-27T10:00:00","date_gmt":"2022-01-27T09:00:00","guid":{"rendered":"https:\/\/blog.vida.at\/pensionisten\/?p=3974"},"modified":"2022-01-27T10:22:26","modified_gmt":"2022-01-27T09:22:26","slug":"wandertag-alte-donau","status":"publish","type":"post","link":"https:\/\/blog.vida.at\/pensionisten\/2022\/01\/27\/wandertag-alte-donau\/","title":{"rendered":"An der Alten Donau"},"content":{"rendered":"\n<div class=\"wp-block-group Container\"><div class=\"wp-block-group__inner-container is-layout-flow wp-block-group-is-layout-flow\">\n<h4 class=\"wp-block-heading\">Das war der 1. Wandertag der OG Meidling\/Simmering 2022.<\/h4>\n\n\n\n<br>\n\n\n\n<p><\/p>\n\n\n\n<!--more-->\n\n\n\n<p>Die <strong>Ortsgruppe Meidling\/Simmering<\/strong> lud am <strong>20. J\u00e4nner <\/strong>zum 1. Wandertag des Jahres ein. Wir wanderten gemeinsam entlang der Alten Donau Richtung Wasserpark. Nach einer gemeinsamen Mittagspause ging es wieder zur\u00fcck Richtung U2-Station Donaustadtbr\u00fccke.  <\/p>\n\n\n\n<p><span style=\"color: #fc0101\" class=\"ugb-highlight\"><strong>Wir freuen uns auf die n\u00e4chste gemeinsame Wanderung!<\/strong><\/span><\/p>\n\n\n\n<figure class=\"wp-block-gallery columns-3 is-cropped wp-block-gallery-1\"><ul class=\"blocks-gallery-grid\"><li class=\"blocks-gallery-item\"><figure><img loading=\"lazy\" decoding=\"async\" width=\"1024\" height=\"768\" src=\"https:\/\/blog.vida.at\/pensionisten\/wp-content\/uploads\/sites\/10\/2022\/01\/IMG_7142-1024x768.jpg\" alt=\"\" data-id=\"4048\" data-full-url=\"https:\/\/blog.vida.at\/pensionisten\/wp-content\/uploads\/sites\/10\/2022\/01\/IMG_7142.jpg\" data-link=\"https:\/\/blog.vida.at\/pensionisten\/?attachment_id=4048\" class=\"wp-image-4048\" srcset=\"https:\/\/blog.vida.at\/pensionisten\/wp-content\/uploads\/sites\/10\/2022\/01\/IMG_7142-1024x768.jpg 1024w, https:\/\/blog.vida.at\/pensionisten\/wp-content\/uploads\/sites\/10\/2022\/01\/IMG_7142-300x225.jpg 300w, https:\/\/blog.vida.at\/pensionisten\/wp-content\/uploads\/sites\/10\/2022\/01\/IMG_7142-768x576.jpg 768w, https:\/\/blog.vida.at\/pensionisten\/wp-content\/uploads\/sites\/10\/2022\/01\/IMG_7142-500x375.jpg 500w, https:\/\/blog.vida.at\/pensionisten\/wp-content\/uploads\/sites\/10\/2022\/01\/IMG_7142-800x600.jpg 800w, https:\/\/blog.vida.at\/pensionisten\/wp-content\/uploads\/sites\/10\/2022\/01\/IMG_7142-1280x960.jpg 1280w, https:\/\/blog.vida.at\/pensionisten\/wp-content\/uploads\/sites\/10\/2022\/01\/IMG_7142.jpg 1400w\" sizes=\"auto, (max-width: 1024px) 100vw, 1024px\" \/><\/figure><\/li><li class=\"blocks-gallery-item\"><figure><img loading=\"lazy\" decoding=\"async\" width=\"1024\" height=\"768\" src=\"https:\/\/blog.vida.at\/pensionisten\/wp-content\/uploads\/sites\/10\/2022\/01\/IMG_7143-1024x768.jpg\" alt=\"\" data-id=\"4050\" data-full-url=\"https:\/\/blog.vida.at\/pensionisten\/wp-content\/uploads\/sites\/10\/2022\/01\/IMG_7143.jpg\" data-link=\"https:\/\/blog.vida.at\/pensionisten\/?attachment_id=4050\" class=\"wp-image-4050\" srcset=\"https:\/\/blog.vida.at\/pensionisten\/wp-content\/uploads\/sites\/10\/2022\/01\/IMG_7143-1024x768.jpg 1024w, https:\/\/blog.vida.at\/pensionisten\/wp-content\/uploads\/sites\/10\/2022\/01\/IMG_7143-300x225.jpg 300w, https:\/\/blog.vida.at\/pensionisten\/wp-content\/uploads\/sites\/10\/2022\/01\/IMG_7143-768x576.jpg 768w, https:\/\/blog.vida.at\/pensionisten\/wp-content\/uploads\/sites\/10\/2022\/01\/IMG_7143-500x375.jpg 500w, https:\/\/blog.vida.at\/pensionisten\/wp-content\/uploads\/sites\/10\/2022\/01\/IMG_7143-800x600.jpg 800w, https:\/\/blog.vida.at\/pensionisten\/wp-content\/uploads\/sites\/10\/2022\/01\/IMG_7143-1280x960.jpg 1280w, https:\/\/blog.vida.at\/pensionisten\/wp-content\/uploads\/sites\/10\/2022\/01\/IMG_7143.jpg 1400w\" sizes=\"auto, (max-width: 1024px) 100vw, 1024px\" \/><\/figure><\/li><li class=\"blocks-gallery-item\"><figure><img loading=\"lazy\" decoding=\"async\" width=\"1024\" height=\"683\" src=\"https:\/\/blog.vida.at\/pensionisten\/wp-content\/uploads\/sites\/10\/2022\/01\/IMG_7144a-1024x683.jpg\" alt=\"\" data-id=\"4051\" data-full-url=\"https:\/\/blog.vida.at\/pensionisten\/wp-content\/uploads\/sites\/10\/2022\/01\/IMG_7144a.jpg\" data-link=\"https:\/\/blog.vida.at\/pensionisten\/?attachment_id=4051\" class=\"wp-image-4051\" srcset=\"https:\/\/blog.vida.at\/pensionisten\/wp-content\/uploads\/sites\/10\/2022\/01\/IMG_7144a-1024x683.jpg 1024w, https:\/\/blog.vida.at\/pensionisten\/wp-content\/uploads\/sites\/10\/2022\/01\/IMG_7144a-300x200.jpg 300w, https:\/\/blog.vida.at\/pensionisten\/wp-content\/uploads\/sites\/10\/2022\/01\/IMG_7144a-768x512.jpg 768w, https:\/\/blog.vida.at\/pensionisten\/wp-content\/uploads\/sites\/10\/2022\/01\/IMG_7144a-1536x1024.jpg 1536w, https:\/\/blog.vida.at\/pensionisten\/wp-content\/uploads\/sites\/10\/2022\/01\/IMG_7144a-500x333.jpg 500w, https:\/\/blog.vida.at\/pensionisten\/wp-content\/uploads\/sites\/10\/2022\/01\/IMG_7144a-800x533.jpg 800w, https:\/\/blog.vida.at\/pensionisten\/wp-content\/uploads\/sites\/10\/2022\/01\/IMG_7144a-1280x853.jpg 1280w, https:\/\/blog.vida.at\/pensionisten\/wp-content\/uploads\/sites\/10\/2022\/01\/IMG_7144a-1920x1280.jpg 1920w, https:\/\/blog.vida.at\/pensionisten\/wp-content\/uploads\/sites\/10\/2022\/01\/IMG_7144a-600x400.jpg 600w, https:\/\/blog.vida.at\/pensionisten\/wp-content\/uploads\/sites\/10\/2022\/01\/IMG_7144a-1568x1045.jpg 1568w, https:\/\/blog.vida.at\/pensionisten\/wp-content\/uploads\/sites\/10\/2022\/01\/IMG_7144a.jpg 2048w\" sizes=\"auto, (max-width: 1024px) 100vw, 1024px\" \/><\/figure><\/li><li class=\"blocks-gallery-item\"><figure><img loading=\"lazy\" decoding=\"async\" width=\"1024\" height=\"768\" src=\"https:\/\/blog.vida.at\/pensionisten\/wp-content\/uploads\/sites\/10\/2022\/01\/IMG_7145-1024x768.jpg\" alt=\"\" data-id=\"4052\" data-full-url=\"https:\/\/blog.vida.at\/pensionisten\/wp-content\/uploads\/sites\/10\/2022\/01\/IMG_7145.jpg\" data-link=\"https:\/\/blog.vida.at\/pensionisten\/?attachment_id=4052\" class=\"wp-image-4052\" srcset=\"https:\/\/blog.vida.at\/pensionisten\/wp-content\/uploads\/sites\/10\/2022\/01\/IMG_7145-1024x768.jpg 1024w, https:\/\/blog.vida.at\/pensionisten\/wp-content\/uploads\/sites\/10\/2022\/01\/IMG_7145-300x225.jpg 300w, https:\/\/blog.vida.at\/pensionisten\/wp-content\/uploads\/sites\/10\/2022\/01\/IMG_7145-768x576.jpg 768w, https:\/\/blog.vida.at\/pensionisten\/wp-content\/uploads\/sites\/10\/2022\/01\/IMG_7145-500x375.jpg 500w, https:\/\/blog.vida.at\/pensionisten\/wp-content\/uploads\/sites\/10\/2022\/01\/IMG_7145-800x600.jpg 800w, https:\/\/blog.vida.at\/pensionisten\/wp-content\/uploads\/sites\/10\/2022\/01\/IMG_7145-1280x960.jpg 1280w, https:\/\/blog.vida.at\/pensionisten\/wp-content\/uploads\/sites\/10\/2022\/01\/IMG_7145.jpg 1400w\" sizes=\"auto, (max-width: 1024px) 100vw, 1024px\" \/><\/figure><\/li><li class=\"blocks-gallery-item\"><figure><img loading=\"lazy\" decoding=\"async\" width=\"1024\" height=\"469\" src=\"https:\/\/blog.vida.at\/pensionisten\/wp-content\/uploads\/sites\/10\/2022\/01\/IMG_7149a-1024x469.jpg\" alt=\"\" data-id=\"4055\" data-full-url=\"https:\/\/blog.vida.at\/pensionisten\/wp-content\/uploads\/sites\/10\/2022\/01\/IMG_7149a.jpg\" data-link=\"https:\/\/blog.vida.at\/pensionisten\/?attachment_id=4055\" class=\"wp-image-4055\" srcset=\"https:\/\/blog.vida.at\/pensionisten\/wp-content\/uploads\/sites\/10\/2022\/01\/IMG_7149a-1024x469.jpg 1024w, https:\/\/blog.vida.at\/pensionisten\/wp-content\/uploads\/sites\/10\/2022\/01\/IMG_7149a-300x137.jpg 300w, https:\/\/blog.vida.at\/pensionisten\/wp-content\/uploads\/sites\/10\/2022\/01\/IMG_7149a-768x352.jpg 768w, https:\/\/blog.vida.at\/pensionisten\/wp-content\/uploads\/sites\/10\/2022\/01\/IMG_7149a-500x229.jpg 500w, https:\/\/blog.vida.at\/pensionisten\/wp-content\/uploads\/sites\/10\/2022\/01\/IMG_7149a-800x366.jpg 800w, https:\/\/blog.vida.at\/pensionisten\/wp-content\/uploads\/sites\/10\/2022\/01\/IMG_7149a-1280x586.jpg 1280w, https:\/\/blog.vida.at\/pensionisten\/wp-content\/uploads\/sites\/10\/2022\/01\/IMG_7149a.jpg 1400w\" sizes=\"auto, (max-width: 1024px) 100vw, 1024px\" \/><\/figure><\/li><li class=\"blocks-gallery-item\"><figure><img loading=\"lazy\" decoding=\"async\" width=\"1024\" height=\"768\" src=\"https:\/\/blog.vida.at\/pensionisten\/wp-content\/uploads\/sites\/10\/2022\/01\/IMG_7146-1024x768.jpg\" alt=\"\" data-id=\"4053\" data-full-url=\"https:\/\/blog.vida.at\/pensionisten\/wp-content\/uploads\/sites\/10\/2022\/01\/IMG_7146.jpg\" data-link=\"https:\/\/blog.vida.at\/pensionisten\/?attachment_id=4053\" class=\"wp-image-4053\" srcset=\"https:\/\/blog.vida.at\/pensionisten\/wp-content\/uploads\/sites\/10\/2022\/01\/IMG_7146-1024x768.jpg 1024w, https:\/\/blog.vida.at\/pensionisten\/wp-content\/uploads\/sites\/10\/2022\/01\/IMG_7146-300x225.jpg 300w, https:\/\/blog.vida.at\/pensionisten\/wp-content\/uploads\/sites\/10\/2022\/01\/IMG_7146-768x576.jpg 768w, https:\/\/blog.vida.at\/pensionisten\/wp-content\/uploads\/sites\/10\/2022\/01\/IMG_7146-500x375.jpg 500w, https:\/\/blog.vida.at\/pensionisten\/wp-content\/uploads\/sites\/10\/2022\/01\/IMG_7146-800x600.jpg 800w, https:\/\/blog.vida.at\/pensionisten\/wp-content\/uploads\/sites\/10\/2022\/01\/IMG_7146-1280x960.jpg 1280w, https:\/\/blog.vida.at\/pensionisten\/wp-content\/uploads\/sites\/10\/2022\/01\/IMG_7146.jpg 1400w\" sizes=\"auto, (max-width: 1024px) 100vw, 1024px\" \/><\/figure><\/li><li class=\"blocks-gallery-item\"><figure><img loading=\"lazy\" decoding=\"async\" width=\"1024\" height=\"768\" src=\"https:\/\/blog.vida.at\/pensionisten\/wp-content\/uploads\/sites\/10\/2022\/01\/IMG_7151-1024x768.jpg\" alt=\"\" data-id=\"4056\" data-full-url=\"https:\/\/blog.vida.at\/pensionisten\/wp-content\/uploads\/sites\/10\/2022\/01\/IMG_7151.jpg\" data-link=\"https:\/\/blog.vida.at\/pensionisten\/?attachment_id=4056\" class=\"wp-image-4056\" srcset=\"https:\/\/blog.vida.at\/pensionisten\/wp-content\/uploads\/sites\/10\/2022\/01\/IMG_7151-1024x768.jpg 1024w, https:\/\/blog.vida.at\/pensionisten\/wp-content\/uploads\/sites\/10\/2022\/01\/IMG_7151-300x225.jpg 300w, https:\/\/blog.vida.at\/pensionisten\/wp-content\/uploads\/sites\/10\/2022\/01\/IMG_7151-768x576.jpg 768w, https:\/\/blog.vida.at\/pensionisten\/wp-content\/uploads\/sites\/10\/2022\/01\/IMG_7151-500x375.jpg 500w, https:\/\/blog.vida.at\/pensionisten\/wp-content\/uploads\/sites\/10\/2022\/01\/IMG_7151-800x600.jpg 800w, https:\/\/blog.vida.at\/pensionisten\/wp-content\/uploads\/sites\/10\/2022\/01\/IMG_7151-1280x960.jpg 1280w, https:\/\/blog.vida.at\/pensionisten\/wp-content\/uploads\/sites\/10\/2022\/01\/IMG_7151.jpg 1400w\" sizes=\"auto, (max-width: 1024px) 100vw, 1024px\" \/><\/figure><\/li><li class=\"blocks-gallery-item\"><figure><img loading=\"lazy\" decoding=\"async\" width=\"1024\" height=\"768\" src=\"https:\/\/blog.vida.at\/pensionisten\/wp-content\/uploads\/sites\/10\/2022\/01\/IMG_7152-1024x768.jpg\" alt=\"\" data-id=\"4057\" data-full-url=\"https:\/\/blog.vida.at\/pensionisten\/wp-content\/uploads\/sites\/10\/2022\/01\/IMG_7152.jpg\" data-link=\"https:\/\/blog.vida.at\/pensionisten\/?attachment_id=4057\" class=\"wp-image-4057\" srcset=\"https:\/\/blog.vida.at\/pensionisten\/wp-content\/uploads\/sites\/10\/2022\/01\/IMG_7152-1024x768.jpg 1024w, https:\/\/blog.vida.at\/pensionisten\/wp-content\/uploads\/sites\/10\/2022\/01\/IMG_7152-300x225.jpg 300w, https:\/\/blog.vida.at\/pensionisten\/wp-content\/uploads\/sites\/10\/2022\/01\/IMG_7152-768x576.jpg 768w, https:\/\/blog.vida.at\/pensionisten\/wp-content\/uploads\/sites\/10\/2022\/01\/IMG_7152-500x375.jpg 500w, https:\/\/blog.vida.at\/pensionisten\/wp-content\/uploads\/sites\/10\/2022\/01\/IMG_7152-800x600.jpg 800w, https:\/\/blog.vida.at\/pensionisten\/wp-content\/uploads\/sites\/10\/2022\/01\/IMG_7152-1280x960.jpg 1280w, https:\/\/blog.vida.at\/pensionisten\/wp-content\/uploads\/sites\/10\/2022\/01\/IMG_7152.jpg 1400w\" sizes=\"auto, (max-width: 1024px) 100vw, 1024px\" \/><\/figure><\/li><li class=\"blocks-gallery-item\"><figure><img loading=\"lazy\" decoding=\"async\" width=\"1024\" height=\"388\" src=\"https:\/\/blog.vida.at\/pensionisten\/wp-content\/uploads\/sites\/10\/2022\/01\/IMG_7157a-1024x388.jpg\" alt=\"\" data-id=\"4059\" data-full-url=\"https:\/\/blog.vida.at\/pensionisten\/wp-content\/uploads\/sites\/10\/2022\/01\/IMG_7157a.jpg\" data-link=\"https:\/\/blog.vida.at\/pensionisten\/?attachment_id=4059\" class=\"wp-image-4059\" srcset=\"https:\/\/blog.vida.at\/pensionisten\/wp-content\/uploads\/sites\/10\/2022\/01\/IMG_7157a-1024x388.jpg 1024w, https:\/\/blog.vida.at\/pensionisten\/wp-content\/uploads\/sites\/10\/2022\/01\/IMG_7157a-300x114.jpg 300w, https:\/\/blog.vida.at\/pensionisten\/wp-content\/uploads\/sites\/10\/2022\/01\/IMG_7157a-768x291.jpg 768w, https:\/\/blog.vida.at\/pensionisten\/wp-content\/uploads\/sites\/10\/2022\/01\/IMG_7157a-500x190.jpg 500w, https:\/\/blog.vida.at\/pensionisten\/wp-content\/uploads\/sites\/10\/2022\/01\/IMG_7157a-800x303.jpg 800w, https:\/\/blog.vida.at\/pensionisten\/wp-content\/uploads\/sites\/10\/2022\/01\/IMG_7157a-1280x485.jpg 1280w, https:\/\/blog.vida.at\/pensionisten\/wp-content\/uploads\/sites\/10\/2022\/01\/IMG_7157a.jpg 1400w\" sizes=\"auto, (max-width: 1024px) 100vw, 1024px\" \/><\/figure><\/li><li class=\"blocks-gallery-item\"><figure><img loading=\"lazy\" decoding=\"async\" width=\"1024\" height=\"768\" src=\"https:\/\/blog.vida.at\/pensionisten\/wp-content\/uploads\/sites\/10\/2022\/01\/IMG_7159-1024x768.jpg\" alt=\"\" data-id=\"4060\" data-full-url=\"https:\/\/blog.vida.at\/pensionisten\/wp-content\/uploads\/sites\/10\/2022\/01\/IMG_7159.jpg\" data-link=\"https:\/\/blog.vida.at\/pensionisten\/?attachment_id=4060\" class=\"wp-image-4060\" srcset=\"https:\/\/blog.vida.at\/pensionisten\/wp-content\/uploads\/sites\/10\/2022\/01\/IMG_7159-1024x768.jpg 1024w, https:\/\/blog.vida.at\/pensionisten\/wp-content\/uploads\/sites\/10\/2022\/01\/IMG_7159-300x225.jpg 300w, https:\/\/blog.vida.at\/pensionisten\/wp-content\/uploads\/sites\/10\/2022\/01\/IMG_7159-768x576.jpg 768w, https:\/\/blog.vida.at\/pensionisten\/wp-content\/uploads\/sites\/10\/2022\/01\/IMG_7159-500x375.jpg 500w, https:\/\/blog.vida.at\/pensionisten\/wp-content\/uploads\/sites\/10\/2022\/01\/IMG_7159-800x600.jpg 800w, https:\/\/blog.vida.at\/pensionisten\/wp-content\/uploads\/sites\/10\/2022\/01\/IMG_7159-1280x960.jpg 1280w, https:\/\/blog.vida.at\/pensionisten\/wp-content\/uploads\/sites\/10\/2022\/01\/IMG_7159.jpg 1400w\" sizes=\"auto, (max-width: 1024px) 100vw, 1024px\" \/><\/figure><\/li><li class=\"blocks-gallery-item\"><figure><img loading=\"lazy\" decoding=\"async\" width=\"1024\" height=\"768\" src=\"https:\/\/blog.vida.at\/pensionisten\/wp-content\/uploads\/sites\/10\/2022\/01\/IMG_7161-1024x768.jpg\" alt=\"\" data-id=\"4061\" data-full-url=\"https:\/\/blog.vida.at\/pensionisten\/wp-content\/uploads\/sites\/10\/2022\/01\/IMG_7161.jpg\" data-link=\"https:\/\/blog.vida.at\/pensionisten\/?attachment_id=4061\" class=\"wp-image-4061\" srcset=\"https:\/\/blog.vida.at\/pensionisten\/wp-content\/uploads\/sites\/10\/2022\/01\/IMG_7161-1024x768.jpg 1024w, https:\/\/blog.vida.at\/pensionisten\/wp-content\/uploads\/sites\/10\/2022\/01\/IMG_7161-300x225.jpg 300w, https:\/\/blog.vida.at\/pensionisten\/wp-content\/uploads\/sites\/10\/2022\/01\/IMG_7161-768x576.jpg 768w, https:\/\/blog.vida.at\/pensionisten\/wp-content\/uploads\/sites\/10\/2022\/01\/IMG_7161-500x375.jpg 500w, https:\/\/blog.vida.at\/pensionisten\/wp-content\/uploads\/sites\/10\/2022\/01\/IMG_7161-800x600.jpg 800w, https:\/\/blog.vida.at\/pensionisten\/wp-content\/uploads\/sites\/10\/2022\/01\/IMG_7161-1280x960.jpg 1280w, https:\/\/blog.vida.at\/pensionisten\/wp-content\/uploads\/sites\/10\/2022\/01\/IMG_7161.jpg 1400w\" sizes=\"auto, (max-width: 1024px) 100vw, 1024px\" \/><\/figure><\/li><li class=\"blocks-gallery-item\"><figure><img loading=\"lazy\" decoding=\"async\" width=\"1024\" height=\"768\" src=\"https:\/\/blog.vida.at\/pensionisten\/wp-content\/uploads\/sites\/10\/2022\/01\/IMG_7163-1024x768.jpg\" alt=\"\" data-id=\"4062\" data-full-url=\"https:\/\/blog.vida.at\/pensionisten\/wp-content\/uploads\/sites\/10\/2022\/01\/IMG_7163.jpg\" data-link=\"https:\/\/blog.vida.at\/pensionisten\/?attachment_id=4062\" class=\"wp-image-4062\" srcset=\"https:\/\/blog.vida.at\/pensionisten\/wp-content\/uploads\/sites\/10\/2022\/01\/IMG_7163-1024x768.jpg 1024w, https:\/\/blog.vida.at\/pensionisten\/wp-content\/uploads\/sites\/10\/2022\/01\/IMG_7163-300x225.jpg 300w, https:\/\/blog.vida.at\/pensionisten\/wp-content\/uploads\/sites\/10\/2022\/01\/IMG_7163-768x576.jpg 768w, https:\/\/blog.vida.at\/pensionisten\/wp-content\/uploads\/sites\/10\/2022\/01\/IMG_7163-500x375.jpg 500w, https:\/\/blog.vida.at\/pensionisten\/wp-content\/uploads\/sites\/10\/2022\/01\/IMG_7163-800x600.jpg 800w, https:\/\/blog.vida.at\/pensionisten\/wp-content\/uploads\/sites\/10\/2022\/01\/IMG_7163-1280x960.jpg 1280w, https:\/\/blog.vida.at\/pensionisten\/wp-content\/uploads\/sites\/10\/2022\/01\/IMG_7163.jpg 1400w\" sizes=\"auto, (max-width: 1024px) 100vw, 1024px\" \/><\/figure><\/li><li class=\"blocks-gallery-item\"><figure><img loading=\"lazy\" decoding=\"async\" width=\"1024\" height=\"768\" src=\"https:\/\/blog.vida.at\/pensionisten\/wp-content\/uploads\/sites\/10\/2022\/01\/IMG_7164-1024x768.jpg\" alt=\"\" data-id=\"4063\" data-full-url=\"https:\/\/blog.vida.at\/pensionisten\/wp-content\/uploads\/sites\/10\/2022\/01\/IMG_7164.jpg\" data-link=\"https:\/\/blog.vida.at\/pensionisten\/?attachment_id=4063\" class=\"wp-image-4063\" srcset=\"https:\/\/blog.vida.at\/pensionisten\/wp-content\/uploads\/sites\/10\/2022\/01\/IMG_7164-1024x768.jpg 1024w, https:\/\/blog.vida.at\/pensionisten\/wp-content\/uploads\/sites\/10\/2022\/01\/IMG_7164-300x225.jpg 300w, https:\/\/blog.vida.at\/pensionisten\/wp-content\/uploads\/sites\/10\/2022\/01\/IMG_7164-768x576.jpg 768w, https:\/\/blog.vida.at\/pensionisten\/wp-content\/uploads\/sites\/10\/2022\/01\/IMG_7164-500x375.jpg 500w, https:\/\/blog.vida.at\/pensionisten\/wp-content\/uploads\/sites\/10\/2022\/01\/IMG_7164-800x600.jpg 800w, https:\/\/blog.vida.at\/pensionisten\/wp-content\/uploads\/sites\/10\/2022\/01\/IMG_7164-1280x960.jpg 1280w, https:\/\/blog.vida.at\/pensionisten\/wp-content\/uploads\/sites\/10\/2022\/01\/IMG_7164.jpg 1400w\" sizes=\"auto, (max-width: 1024px) 100vw, 1024px\" \/><\/figure><\/li><li class=\"blocks-gallery-item\"><figure><img loading=\"lazy\" decoding=\"async\" width=\"1024\" height=\"768\" src=\"https:\/\/blog.vida.at\/pensionisten\/wp-content\/uploads\/sites\/10\/2022\/01\/IMG_7167-1024x768.jpg\" alt=\"\" data-id=\"4064\" data-full-url=\"https:\/\/blog.vida.at\/pensionisten\/wp-content\/uploads\/sites\/10\/2022\/01\/IMG_7167.jpg\" data-link=\"https:\/\/blog.vida.at\/pensionisten\/?attachment_id=4064\" class=\"wp-image-4064\" srcset=\"https:\/\/blog.vida.at\/pensionisten\/wp-content\/uploads\/sites\/10\/2022\/01\/IMG_7167-1024x768.jpg 1024w, https:\/\/blog.vida.at\/pensionisten\/wp-content\/uploads\/sites\/10\/2022\/01\/IMG_7167-300x225.jpg 300w, https:\/\/blog.vida.at\/pensionisten\/wp-content\/uploads\/sites\/10\/2022\/01\/IMG_7167-768x576.jpg 768w, https:\/\/blog.vida.at\/pensionisten\/wp-content\/uploads\/sites\/10\/2022\/01\/IMG_7167-500x375.jpg 500w, https:\/\/blog.vida.at\/pensionisten\/wp-content\/uploads\/sites\/10\/2022\/01\/IMG_7167-800x600.jpg 800w, https:\/\/blog.vida.at\/pensionisten\/wp-content\/uploads\/sites\/10\/2022\/01\/IMG_7167-1280x960.jpg 1280w, https:\/\/blog.vida.at\/pensionisten\/wp-content\/uploads\/sites\/10\/2022\/01\/IMG_7167.jpg 1400w\" sizes=\"auto, (max-width: 1024px) 100vw, 1024px\" \/><\/figure><\/li><li class=\"blocks-gallery-item\"><figure><img loading=\"lazy\" decoding=\"async\" width=\"1024\" height=\"768\" src=\"https:\/\/blog.vida.at\/pensionisten\/wp-content\/uploads\/sites\/10\/2022\/01\/IMG_7172-1024x768.jpg\" alt=\"\" data-id=\"4067\" data-full-url=\"https:\/\/blog.vida.at\/pensionisten\/wp-content\/uploads\/sites\/10\/2022\/01\/IMG_7172.jpg\" data-link=\"https:\/\/blog.vida.at\/pensionisten\/?attachment_id=4067\" class=\"wp-image-4067\" srcset=\"https:\/\/blog.vida.at\/pensionisten\/wp-content\/uploads\/sites\/10\/2022\/01\/IMG_7172-1024x768.jpg 1024w, https:\/\/blog.vida.at\/pensionisten\/wp-content\/uploads\/sites\/10\/2022\/01\/IMG_7172-300x225.jpg 300w, https:\/\/blog.vida.at\/pensionisten\/wp-content\/uploads\/sites\/10\/2022\/01\/IMG_7172-768x576.jpg 768w, https:\/\/blog.vida.at\/pensionisten\/wp-content\/uploads\/sites\/10\/2022\/01\/IMG_7172-500x375.jpg 500w, https:\/\/blog.vida.at\/pensionisten\/wp-content\/uploads\/sites\/10\/2022\/01\/IMG_7172-800x600.jpg 800w, https:\/\/blog.vida.at\/pensionisten\/wp-content\/uploads\/sites\/10\/2022\/01\/IMG_7172-1280x960.jpg 1280w, https:\/\/blog.vida.at\/pensionisten\/wp-content\/uploads\/sites\/10\/2022\/01\/IMG_7172.jpg 1400w\" sizes=\"auto, (max-width: 1024px) 100vw, 1024px\" \/><\/figure><\/li><li class=\"blocks-gallery-item\"><figure><img loading=\"lazy\" decoding=\"async\" width=\"1024\" height=\"768\" src=\"https:\/\/blog.vida.at\/pensionisten\/wp-content\/uploads\/sites\/10\/2022\/01\/IMG_7168-1024x768.jpg\" alt=\"\" data-id=\"4065\" data-full-url=\"https:\/\/blog.vida.at\/pensionisten\/wp-content\/uploads\/sites\/10\/2022\/01\/IMG_7168.jpg\" data-link=\"https:\/\/blog.vida.at\/pensionisten\/?attachment_id=4065\" class=\"wp-image-4065\" srcset=\"https:\/\/blog.vida.at\/pensionisten\/wp-content\/uploads\/sites\/10\/2022\/01\/IMG_7168-1024x768.jpg 1024w, https:\/\/blog.vida.at\/pensionisten\/wp-content\/uploads\/sites\/10\/2022\/01\/IMG_7168-300x225.jpg 300w, https:\/\/blog.vida.at\/pensionisten\/wp-content\/uploads\/sites\/10\/2022\/01\/IMG_7168-768x576.jpg 768w, https:\/\/blog.vida.at\/pensionisten\/wp-content\/uploads\/sites\/10\/2022\/01\/IMG_7168-500x375.jpg 500w, https:\/\/blog.vida.at\/pensionisten\/wp-content\/uploads\/sites\/10\/2022\/01\/IMG_7168-800x600.jpg 800w, https:\/\/blog.vida.at\/pensionisten\/wp-content\/uploads\/sites\/10\/2022\/01\/IMG_7168-1280x960.jpg 1280w, https:\/\/blog.vida.at\/pensionisten\/wp-content\/uploads\/sites\/10\/2022\/01\/IMG_7168.jpg 1400w\" sizes=\"auto, (max-width: 1024px) 100vw, 1024px\" \/><\/figure><\/li><li class=\"blocks-gallery-item\"><figure><img loading=\"lazy\" decoding=\"async\" width=\"1024\" height=\"768\" src=\"https:\/\/blog.vida.at\/pensionisten\/wp-content\/uploads\/sites\/10\/2022\/01\/IMG_7169-1024x768.jpg\" alt=\"\" data-id=\"4066\" data-full-url=\"https:\/\/blog.vida.at\/pensionisten\/wp-content\/uploads\/sites\/10\/2022\/01\/IMG_7169.jpg\" data-link=\"https:\/\/blog.vida.at\/pensionisten\/?attachment_id=4066\" class=\"wp-image-4066\" srcset=\"https:\/\/blog.vida.at\/pensionisten\/wp-content\/uploads\/sites\/10\/2022\/01\/IMG_7169-1024x768.jpg 1024w, https:\/\/blog.vida.at\/pensionisten\/wp-content\/uploads\/sites\/10\/2022\/01\/IMG_7169-300x225.jpg 300w, https:\/\/blog.vida.at\/pensionisten\/wp-content\/uploads\/sites\/10\/2022\/01\/IMG_7169-768x576.jpg 768w, https:\/\/blog.vida.at\/pensionisten\/wp-content\/uploads\/sites\/10\/2022\/01\/IMG_7169-500x375.jpg 500w, https:\/\/blog.vida.at\/pensionisten\/wp-content\/uploads\/sites\/10\/2022\/01\/IMG_7169-800x600.jpg 800w, https:\/\/blog.vida.at\/pensionisten\/wp-content\/uploads\/sites\/10\/2022\/01\/IMG_7169-1280x960.jpg 1280w, https:\/\/blog.vida.at\/pensionisten\/wp-content\/uploads\/sites\/10\/2022\/01\/IMG_7169.jpg 1400w\" sizes=\"auto, (max-width: 1024px) 100vw, 1024px\" \/><\/figure><\/li><li class=\"blocks-gallery-item\"><figure><img loading=\"lazy\" decoding=\"async\" width=\"1024\" height=\"768\" src=\"https:\/\/blog.vida.at\/pensionisten\/wp-content\/uploads\/sites\/10\/2022\/01\/IMG_7173-1024x768.jpg\" alt=\"\" data-id=\"4068\" data-full-url=\"https:\/\/blog.vida.at\/pensionisten\/wp-content\/uploads\/sites\/10\/2022\/01\/IMG_7173.jpg\" data-link=\"https:\/\/blog.vida.at\/pensionisten\/?attachment_id=4068\" class=\"wp-image-4068\" srcset=\"https:\/\/blog.vida.at\/pensionisten\/wp-content\/uploads\/sites\/10\/2022\/01\/IMG_7173-1024x768.jpg 1024w, https:\/\/blog.vida.at\/pensionisten\/wp-content\/uploads\/sites\/10\/2022\/01\/IMG_7173-300x225.jpg 300w, https:\/\/blog.vida.at\/pensionisten\/wp-content\/uploads\/sites\/10\/2022\/01\/IMG_7173-768x576.jpg 768w, https:\/\/blog.vida.at\/pensionisten\/wp-content\/uploads\/sites\/10\/2022\/01\/IMG_7173-500x375.jpg 500w, https:\/\/blog.vida.at\/pensionisten\/wp-content\/uploads\/sites\/10\/2022\/01\/IMG_7173-800x600.jpg 800w, https:\/\/blog.vida.at\/pensionisten\/wp-content\/uploads\/sites\/10\/2022\/01\/IMG_7173-1280x960.jpg 1280w, https:\/\/blog.vida.at\/pensionisten\/wp-content\/uploads\/sites\/10\/2022\/01\/IMG_7173.jpg 1400w\" sizes=\"auto, (max-width: 1024px) 100vw, 1024px\" \/><\/figure><\/li><li class=\"blocks-gallery-item\"><figure><img loading=\"lazy\" decoding=\"async\" width=\"768\" height=\"1024\" src=\"https:\/\/blog.vida.at\/pensionisten\/wp-content\/uploads\/sites\/10\/2022\/01\/IMG_7174-768x1024.jpg\" alt=\"\" data-id=\"4069\" data-full-url=\"https:\/\/blog.vida.at\/pensionisten\/wp-content\/uploads\/sites\/10\/2022\/01\/IMG_7174.jpg\" data-link=\"https:\/\/blog.vida.at\/pensionisten\/?attachment_id=4069\" class=\"wp-image-4069\" srcset=\"https:\/\/blog.vida.at\/pensionisten\/wp-content\/uploads\/sites\/10\/2022\/01\/IMG_7174-768x1024.jpg 768w, https:\/\/blog.vida.at\/pensionisten\/wp-content\/uploads\/sites\/10\/2022\/01\/IMG_7174-225x300.jpg 225w, https:\/\/blog.vida.at\/pensionisten\/wp-content\/uploads\/sites\/10\/2022\/01\/IMG_7174-500x667.jpg 500w, https:\/\/blog.vida.at\/pensionisten\/wp-content\/uploads\/sites\/10\/2022\/01\/IMG_7174-800x1067.jpg 800w, https:\/\/blog.vida.at\/pensionisten\/wp-content\/uploads\/sites\/10\/2022\/01\/IMG_7174.jpg 1050w\" sizes=\"auto, (max-width: 768px) 100vw, 768px\" \/><\/figure><\/li><li class=\"blocks-gallery-item\"><figure><img loading=\"lazy\" decoding=\"async\" width=\"1024\" height=\"768\" src=\"https:\/\/blog.vida.at\/pensionisten\/wp-content\/uploads\/sites\/10\/2022\/01\/IMG_7178-1024x768.jpg\" alt=\"\" data-id=\"4070\" data-full-url=\"https:\/\/blog.vida.at\/pensionisten\/wp-content\/uploads\/sites\/10\/2022\/01\/IMG_7178.jpg\" data-link=\"https:\/\/blog.vida.at\/pensionisten\/?attachment_id=4070\" class=\"wp-image-4070\" srcset=\"https:\/\/blog.vida.at\/pensionisten\/wp-content\/uploads\/sites\/10\/2022\/01\/IMG_7178-1024x768.jpg 1024w, https:\/\/blog.vida.at\/pensionisten\/wp-content\/uploads\/sites\/10\/2022\/01\/IMG_7178-300x225.jpg 300w, https:\/\/blog.vida.at\/pensionisten\/wp-content\/uploads\/sites\/10\/2022\/01\/IMG_7178-768x576.jpg 768w, https:\/\/blog.vida.at\/pensionisten\/wp-content\/uploads\/sites\/10\/2022\/01\/IMG_7178-500x375.jpg 500w, https:\/\/blog.vida.at\/pensionisten\/wp-content\/uploads\/sites\/10\/2022\/01\/IMG_7178-800x600.jpg 800w, https:\/\/blog.vida.at\/pensionisten\/wp-content\/uploads\/sites\/10\/2022\/01\/IMG_7178-1280x960.jpg 1280w, https:\/\/blog.vida.at\/pensionisten\/wp-content\/uploads\/sites\/10\/2022\/01\/IMG_7178.jpg 1400w\" sizes=\"auto, (max-width: 1024px) 100vw, 1024px\" \/><\/figure><\/li><li class=\"blocks-gallery-item\"><figure><img loading=\"lazy\" decoding=\"async\" width=\"768\" height=\"1024\" src=\"https:\/\/blog.vida.at\/pensionisten\/wp-content\/uploads\/sites\/10\/2022\/01\/IMG_7179-768x1024.jpg\" alt=\"\" data-id=\"4071\" data-full-url=\"https:\/\/blog.vida.at\/pensionisten\/wp-content\/uploads\/sites\/10\/2022\/01\/IMG_7179.jpg\" data-link=\"https:\/\/blog.vida.at\/pensionisten\/?attachment_id=4071\" class=\"wp-image-4071\" srcset=\"https:\/\/blog.vida.at\/pensionisten\/wp-content\/uploads\/sites\/10\/2022\/01\/IMG_7179-768x1024.jpg 768w, https:\/\/blog.vida.at\/pensionisten\/wp-content\/uploads\/sites\/10\/2022\/01\/IMG_7179-225x300.jpg 225w, https:\/\/blog.vida.at\/pensionisten\/wp-content\/uploads\/sites\/10\/2022\/01\/IMG_7179-500x667.jpg 500w, https:\/\/blog.vida.at\/pensionisten\/wp-content\/uploads\/sites\/10\/2022\/01\/IMG_7179-800x1067.jpg 800w, https:\/\/blog.vida.at\/pensionisten\/wp-content\/uploads\/sites\/10\/2022\/01\/IMG_7179.jpg 1050w\" sizes=\"auto, (max-width: 768px) 100vw, 768px\" \/><\/figure><\/li><li class=\"blocks-gallery-item\"><figure><img loading=\"lazy\" decoding=\"async\" width=\"1024\" height=\"842\" src=\"https:\/\/blog.vida.at\/pensionisten\/wp-content\/uploads\/sites\/10\/2022\/01\/IMG_7135-1024x842.jpg\" alt=\"\" data-id=\"4045\" data-full-url=\"https:\/\/blog.vida.at\/pensionisten\/wp-content\/uploads\/sites\/10\/2022\/01\/IMG_7135.jpg\" data-link=\"https:\/\/blog.vida.at\/pensionisten\/?attachment_id=4045\" class=\"wp-image-4045 is-layout-flex wp-block-gallery-is-layout-flex\" srcset=\"https:\/\/blog.vida.at\/pensionisten\/wp-content\/uploads\/sites\/10\/2022\/01\/IMG_7135-1024x842.jpg 1024w, https:\/\/blog.vida.at\/pensionisten\/wp-content\/uploads\/sites\/10\/2022\/01\/IMG_7135-300x247.jpg 300w, https:\/\/blog.vida.at\/pensionisten\/wp-content\/uploads\/sites\/10\/2022\/01\/IMG_7135-768x631.jpg 768w, https:\/\/blog.vida.at\/pensionisten\/wp-content\/uploads\/sites\/10\/2022\/01\/IMG_7135-1536x1263.jpg 1536w, https:\/\/blog.vida.at\/pensionisten\/wp-content\/uploads\/sites\/10\/2022\/01\/IMG_7135-500x411.jpg 500w, https:\/\/blog.vida.at\/pensionisten\/wp-content\/uploads\/sites\/10\/2022\/01\/IMG_7135-800x658.jpg 800w, https:\/\/blog.vida.at\/pensionisten\/wp-content\/uploads\/sites\/10\/2022\/01\/IMG_7135-1280x1052.jpg 1280w, https:\/\/blog.vida.at\/pensionisten\/wp-content\/uploads\/sites\/10\/2022\/01\/IMG_7135-1568x1289.jpg 1568w, https:\/\/blog.vida.at\/pensionisten\/wp-content\/uploads\/sites\/10\/2022\/01\/IMG_7135.jpg 1921w\" sizes=\"auto, (max-width: 1024px) 100vw, 1024px\" \/><\/figure><\/li><\/ul><\/figure>\n<\/div><\/div>\n","protected":false},"excerpt":{"rendered":"<p>Das war der 1. Wandertag der OG Meidling\/Simmering 2022.<\/p>\n","protected":false},"author":8,"featured_media":4074,"comment_status":"open","ping_status":"open","sticky":false,"template":"","format":"standard","meta":{"_uag_custom_page_level_css":"","advgb_blocks_editor_width":"","advgb_blocks_columns_visual_guide":"","footnotes":""},"categories":[1,49,50],"tags":[],"Orte":[],"activitytype":[],"class_list":["post-3974","post","type-post","status-publish","format-standard","has-post-thumbnail","hentry","category-allgemein","category-ortsgruppen","category-wien","entry"],"featured_image_urls":{"full":["https:\/\/blog.vida.at\/pensionisten\/wp-content\/uploads\/sites\/10\/2022\/01\/IMG_7157a-1.jpg",796,531,false],"thumbnail":["https:\/\/blog.vida.at\/pensionisten\/wp-content\/uploads\/sites\/10\/2022\/01\/IMG_7157a-1-150x150.jpg",150,150,true],"medium":["https:\/\/blog.vida.at\/pensionisten\/wp-content\/uploads\/sites\/10\/2022\/01\/IMG_7157a-1-300x200.jpg",300,200,true],"medium_large":["https:\/\/blog.vida.at\/pensionisten\/wp-content\/uploads\/sites\/10\/2022\/01\/IMG_7157a-1-768x512.jpg",640,427,true],"large":["https:\/\/blog.vida.at\/pensionisten\/wp-content\/uploads\/sites\/10\/2022\/01\/IMG_7157a-1.jpg",640,427,false],"1536x1536":["https:\/\/blog.vida.at\/pensionisten\/wp-content\/uploads\/sites\/10\/2022\/01\/IMG_7157a-1.jpg",796,531,false],"2048x2048":["https:\/\/blog.vida.at\/pensionisten\/wp-content\/uploads\/sites\/10\/2022\/01\/IMG_7157a-1.jpg",796,531,false],"ab-block-post-grid-landscape":["https:\/\/blog.vida.at\/pensionisten\/wp-content\/uploads\/sites\/10\/2022\/01\/IMG_7157a-1-600x400.jpg",600,400,true],"ab-block-post-grid-square":["https:\/\/blog.vida.at\/pensionisten\/wp-content\/uploads\/sites\/10\/2022\/01\/IMG_7157a-1-600x531.jpg",600,531,true],"post-thumbnail":["https:\/\/blog.vida.at\/pensionisten\/wp-content\/uploads\/sites\/10\/2022\/01\/IMG_7157a-1.jpg",796,531,false],"awb_sm":["https:\/\/blog.vida.at\/pensionisten\/wp-content\/uploads\/sites\/10\/2022\/01\/IMG_7157a-1-500x334.jpg",500,334,true],"awb_md":["https:\/\/blog.vida.at\/pensionisten\/wp-content\/uploads\/sites\/10\/2022\/01\/IMG_7157a-1.jpg",796,531,false],"awb_lg":["https:\/\/blog.vida.at\/pensionisten\/wp-content\/uploads\/sites\/10\/2022\/01\/IMG_7157a-1.jpg",796,531,false],"awb_xl":["https:\/\/blog.vida.at\/pensionisten\/wp-content\/uploads\/sites\/10\/2022\/01\/IMG_7157a-1.jpg",796,531,false]},"post_excerpt_stackable":"<p>Das war der 1. Wandertag der OG Meidling\/Simmering 2022. Die Ortsgruppe Meidling\/Simmering lud am 20. J\u00e4nner zum 1. Wandertag des Jahres ein. Wir wanderten gemeinsam entlang der Alten Donau Richtung Wasserpark. Nach einer gemeinsamen Mittagspause ging es wieder zur\u00fcck Richtung U2-Station Donaustadtbr\u00fccke. Wir freuen uns auf die n\u00e4chste gemeinsame Wanderung!<\/p>\n","category_list":"<a href=\"https:\/\/blog.vida.at\/pensionisten\/category\/allgemein\/\" rel=\"category tag\">Allgemein<\/a>, <a href=\"https:\/\/blog.vida.at\/pensionisten\/category\/ortsgruppen\/\" rel=\"category tag\">Ortsgruppen<\/a>, <a href=\"https:\/\/blog.vida.at\/pensionisten\/category\/ortsgruppen\/wien\/\" rel=\"category tag\">Wien<\/a>","author_info":{"display_name":"mariontobola","author_link":"https:\/\/blog.vida.at\/pensionisten\/author\/mariontobola\/"},"comments_num":"0 comments","featured_image_urls_v2":{"full":["https:\/\/blog.vida.at\/pensionisten\/wp-content\/uploads\/sites\/10\/2022\/01\/IMG_7157a-1.jpg",796,531,false],"thumbnail":["https:\/\/blog.vida.at\/pensionisten\/wp-content\/uploads\/sites\/10\/2022\/01\/IMG_7157a-1-150x150.jpg",150,150,true],"medium":["https:\/\/blog.vida.at\/pensionisten\/wp-content\/uploads\/sites\/10\/2022\/01\/IMG_7157a-1-300x200.jpg",300,200,true],"medium_large":["https:\/\/blog.vida.at\/pensionisten\/wp-content\/uploads\/sites\/10\/2022\/01\/IMG_7157a-1-768x512.jpg",640,427,true],"large":["https:\/\/blog.vida.at\/pensionisten\/wp-content\/uploads\/sites\/10\/2022\/01\/IMG_7157a-1.jpg",640,427,false],"1536x1536":["https:\/\/blog.vida.at\/pensionisten\/wp-content\/uploads\/sites\/10\/2022\/01\/IMG_7157a-1.jpg",796,531,false],"2048x2048":["https:\/\/blog.vida.at\/pensionisten\/wp-content\/uploads\/sites\/10\/2022\/01\/IMG_7157a-1.jpg",796,531,false],"ab-block-post-grid-landscape":["https:\/\/blog.vida.at\/pensionisten\/wp-content\/uploads\/sites\/10\/2022\/01\/IMG_7157a-1-600x400.jpg",600,400,true],"ab-block-post-grid-square":["https:\/\/blog.vida.at\/pensionisten\/wp-content\/uploads\/sites\/10\/2022\/01\/IMG_7157a-1-600x531.jpg",600,531,true],"post-thumbnail":["https:\/\/blog.vida.at\/pensionisten\/wp-content\/uploads\/sites\/10\/2022\/01\/IMG_7157a-1.jpg",796,531,false],"awb_sm":["https:\/\/blog.vida.at\/pensionisten\/wp-content\/uploads\/sites\/10\/2022\/01\/IMG_7157a-1-500x334.jpg",500,334,true],"awb_md":["https:\/\/blog.vida.at\/pensionisten\/wp-content\/uploads\/sites\/10\/2022\/01\/IMG_7157a-1.jpg",796,531,false],"awb_lg":["https:\/\/blog.vida.at\/pensionisten\/wp-content\/uploads\/sites\/10\/2022\/01\/IMG_7157a-1.jpg",796,531,false],"awb_xl":["https:\/\/blog.vida.at\/pensionisten\/wp-content\/uploads\/sites\/10\/2022\/01\/IMG_7157a-1.jpg",796,531,false]},"post_excerpt_stackable_v2":"<p>Das war der 1. Wandertag der OG Meidling\/Simmering 2022. Die Ortsgruppe Meidling\/Simmering lud am 20. J\u00e4nner zum 1. Wandertag des Jahres ein. Wir wanderten gemeinsam entlang der Alten Donau Richtung Wasserpark. Nach einer gemeinsamen Mittagspause ging es wieder zur\u00fcck Richtung U2-Station Donaustadtbr\u00fccke. Wir freuen uns auf die n\u00e4chste gemeinsame Wanderung!<\/p>\n","category_list_v2":"<a href=\"https:\/\/blog.vida.at\/pensionisten\/category\/allgemein\/\" rel=\"category tag\">Allgemein<\/a>, <a href=\"https:\/\/blog.vida.at\/pensionisten\/category\/ortsgruppen\/\" rel=\"category tag\">Ortsgruppen<\/a>, <a href=\"https:\/\/blog.vida.at\/pensionisten\/category\/ortsgruppen\/wien\/\" rel=\"category tag\">Wien<\/a>","author_info_v2":{"name":"mariontobola","url":"https:\/\/blog.vida.at\/pensionisten\/author\/mariontobola\/"},"comments_num_v2":"0 comments","yoast_head":"<!-- This site is optimized with the Yoast SEO plugin v27.3 - https:\/\/yoast.com\/product\/yoast-seo-wordpress\/ -->\n<title>An der Alten Donau<\/title>\n<meta name=\"robots\" content=\"index, follow, max-snippet:-1, max-image-preview:large, max-video-preview:-1\" \/>\n<link rel=\"canonical\" href=\"https:\/\/blog.vida.at\/pensionisten\/2022\/01\/27\/wandertag-alte-donau\/\" \/>\n<meta property=\"og:locale\" content=\"de_DE\" \/>\n<meta property=\"og:type\" content=\"article\" \/>\n<meta property=\"og:title\" content=\"An der Alten Donau\" \/>\n<meta property=\"og:description\" content=\"Das war der 1. Wandertag der OG Meidling\/Simmering 2022.\" \/>\n<meta property=\"og:url\" content=\"https:\/\/blog.vida.at\/pensionisten\/2022\/01\/27\/wandertag-alte-donau\/\" \/>\n<meta property=\"og:site_name\" content=\"vida Pensionisten\" \/>\n<meta property=\"article:published_time\" content=\"2022-01-27T09:00:00+00:00\" \/>\n<meta property=\"article:modified_time\" content=\"2022-01-27T09:22:26+00:00\" \/>\n<meta property=\"og:image\" content=\"https:\/\/blog.vida.at\/pensionisten\/wp-content\/uploads\/sites\/10\/2022\/01\/IMG_7157a-1.jpg\" \/>\n\t<meta property=\"og:image:width\" content=\"796\" \/>\n\t<meta property=\"og:image:height\" content=\"531\" \/>\n\t<meta property=\"og:image:type\" content=\"image\/jpeg\" \/>\n<meta name=\"author\" content=\"mariontobola\" \/>\n<meta name=\"twitter:card\" content=\"summary_large_image\" \/>\n<meta name=\"twitter:label1\" content=\"Verfasst von\" \/>\n\t<meta name=\"twitter:data1\" content=\"mariontobola\" \/>\n\t<meta name=\"twitter:label2\" content=\"Gesch\u00e4tzte Lesezeit\" \/>\n\t<meta name=\"twitter:data2\" content=\"5\u00a0Minuten\" \/>\n<script type=\"application\/ld+json\" class=\"yoast-schema-graph\">{\"@context\":\"https:\\\/\\\/schema.org\",\"@graph\":[{\"@type\":\"Article\",\"@id\":\"https:\\\/\\\/blog.vida.at\\\/pensionisten\\\/2022\\\/01\\\/27\\\/wandertag-alte-donau\\\/#article\",\"isPartOf\":{\"@id\":\"https:\\\/\\\/blog.vida.at\\\/pensionisten\\\/2022\\\/01\\\/27\\\/wandertag-alte-donau\\\/\"},\"author\":{\"name\":\"mariontobola\",\"@id\":\"https:\\\/\\\/blog.vida.at\\\/pensionisten\\\/#\\\/schema\\\/person\\\/88cee3ee93b9afdc51c92f5f63f38b8a\"},\"headline\":\"An der Alten Donau\",\"datePublished\":\"2022-01-27T09:00:00+00:00\",\"dateModified\":\"2022-01-27T09:22:26+00:00\",\"mainEntityOfPage\":{\"@id\":\"https:\\\/\\\/blog.vida.at\\\/pensionisten\\\/2022\\\/01\\\/27\\\/wandertag-alte-donau\\\/\"},\"wordCount\":57,\"commentCount\":0,\"image\":{\"@id\":\"https:\\\/\\\/blog.vida.at\\\/pensionisten\\\/2022\\\/01\\\/27\\\/wandertag-alte-donau\\\/#primaryimage\"},\"thumbnailUrl\":\"https:\\\/\\\/blog.vida.at\\\/pensionisten\\\/wp-content\\\/uploads\\\/sites\\\/10\\\/2022\\\/01\\\/IMG_7157a-1.jpg\",\"articleSection\":{\"1\":\"Ortsgruppen\",\"2\":\"Wien\"},\"inLanguage\":\"de\",\"potentialAction\":[{\"@type\":\"CommentAction\",\"name\":\"Comment\",\"target\":[\"https:\\\/\\\/blog.vida.at\\\/pensionisten\\\/2022\\\/01\\\/27\\\/wandertag-alte-donau\\\/#respond\"]}]},{\"@type\":\"WebPage\",\"@id\":\"https:\\\/\\\/blog.vida.at\\\/pensionisten\\\/2022\\\/01\\\/27\\\/wandertag-alte-donau\\\/\",\"url\":\"https:\\\/\\\/blog.vida.at\\\/pensionisten\\\/2022\\\/01\\\/27\\\/wandertag-alte-donau\\\/\",\"name\":\"An der Alten Donau\",\"isPartOf\":{\"@id\":\"https:\\\/\\\/blog.vida.at\\\/pensionisten\\\/#website\"},\"primaryImageOfPage\":{\"@id\":\"https:\\\/\\\/blog.vida.at\\\/pensionisten\\\/2022\\\/01\\\/27\\\/wandertag-alte-donau\\\/#primaryimage\"},\"image\":{\"@id\":\"https:\\\/\\\/blog.vida.at\\\/pensionisten\\\/2022\\\/01\\\/27\\\/wandertag-alte-donau\\\/#primaryimage\"},\"thumbnailUrl\":\"https:\\\/\\\/blog.vida.at\\\/pensionisten\\\/wp-content\\\/uploads\\\/sites\\\/10\\\/2022\\\/01\\\/IMG_7157a-1.jpg\",\"datePublished\":\"2022-01-27T09:00:00+00:00\",\"dateModified\":\"2022-01-27T09:22:26+00:00\",\"author\":{\"@id\":\"https:\\\/\\\/blog.vida.at\\\/pensionisten\\\/#\\\/schema\\\/person\\\/88cee3ee93b9afdc51c92f5f63f38b8a\"},\"breadcrumb\":{\"@id\":\"https:\\\/\\\/blog.vida.at\\\/pensionisten\\\/2022\\\/01\\\/27\\\/wandertag-alte-donau\\\/#breadcrumb\"},\"inLanguage\":\"de\",\"potentialAction\":[{\"@type\":\"ReadAction\",\"target\":[\"https:\\\/\\\/blog.vida.at\\\/pensionisten\\\/2022\\\/01\\\/27\\\/wandertag-alte-donau\\\/\"]}]},{\"@type\":\"ImageObject\",\"inLanguage\":\"de\",\"@id\":\"https:\\\/\\\/blog.vida.at\\\/pensionisten\\\/2022\\\/01\\\/27\\\/wandertag-alte-donau\\\/#primaryimage\",\"url\":\"https:\\\/\\\/blog.vida.at\\\/pensionisten\\\/wp-content\\\/uploads\\\/sites\\\/10\\\/2022\\\/01\\\/IMG_7157a-1.jpg\",\"contentUrl\":\"https:\\\/\\\/blog.vida.at\\\/pensionisten\\\/wp-content\\\/uploads\\\/sites\\\/10\\\/2022\\\/01\\\/IMG_7157a-1.jpg\",\"width\":796,\"height\":531},{\"@type\":\"BreadcrumbList\",\"@id\":\"https:\\\/\\\/blog.vida.at\\\/pensionisten\\\/2022\\\/01\\\/27\\\/wandertag-alte-donau\\\/#breadcrumb\",\"itemListElement\":[{\"@type\":\"ListItem\",\"position\":1,\"name\":\"Startseite\",\"item\":\"https:\\\/\\\/blog.vida.at\\\/pensionisten\\\/\"},{\"@type\":\"ListItem\",\"position\":2,\"name\":\"An der Alten Donau\"}]},{\"@type\":\"WebSite\",\"@id\":\"https:\\\/\\\/blog.vida.at\\\/pensionisten\\\/#website\",\"url\":\"https:\\\/\\\/blog.vida.at\\\/pensionisten\\\/\",\"name\":\"vida Pensionisten\",\"description\":\"\",\"potentialAction\":[{\"@type\":\"SearchAction\",\"target\":{\"@type\":\"EntryPoint\",\"urlTemplate\":\"https:\\\/\\\/blog.vida.at\\\/pensionisten\\\/?s={search_term_string}\"},\"query-input\":{\"@type\":\"PropertyValueSpecification\",\"valueRequired\":true,\"valueName\":\"search_term_string\"}}],\"inLanguage\":\"de\"},{\"@type\":\"Person\",\"@id\":\"https:\\\/\\\/blog.vida.at\\\/pensionisten\\\/#\\\/schema\\\/person\\\/88cee3ee93b9afdc51c92f5f63f38b8a\",\"name\":\"mariontobola\",\"image\":{\"@type\":\"ImageObject\",\"inLanguage\":\"de\",\"@id\":\"https:\\\/\\\/secure.gravatar.com\\\/avatar\\\/5d2c516985e4eda61bca05bd3b4359b4358135bd1e1a5b08c539e9cd1edd6528?s=96&d=mm&r=g\",\"url\":\"https:\\\/\\\/secure.gravatar.com\\\/avatar\\\/5d2c516985e4eda61bca05bd3b4359b4358135bd1e1a5b08c539e9cd1edd6528?s=96&d=mm&r=g\",\"contentUrl\":\"https:\\\/\\\/secure.gravatar.com\\\/avatar\\\/5d2c516985e4eda61bca05bd3b4359b4358135bd1e1a5b08c539e9cd1edd6528?s=96&d=mm&r=g\",\"caption\":\"mariontobola\"},\"url\":\"https:\\\/\\\/blog.vida.at\\\/pensionisten\\\/author\\\/mariontobola\\\/\"}]}<\/script>\n<!-- \/ Yoast SEO plugin. -->","yoast_head_json":{"title":"An der Alten Donau","robots":{"index":"index","follow":"follow","max-snippet":"max-snippet:-1","max-image-preview":"max-image-preview:large","max-video-preview":"max-video-preview:-1"},"canonical":"https:\/\/blog.vida.at\/pensionisten\/2022\/01\/27\/wandertag-alte-donau\/","og_locale":"de_DE","og_type":"article","og_title":"An der Alten Donau","og_description":"Das war der 1. Wandertag der OG Meidling\/Simmering 2022.","og_url":"https:\/\/blog.vida.at\/pensionisten\/2022\/01\/27\/wandertag-alte-donau\/","og_site_name":"vida Pensionisten","article_published_time":"2022-01-27T09:00:00+00:00","article_modified_time":"2022-01-27T09:22:26+00:00","og_image":[{"width":796,"height":531,"url":"https:\/\/blog.vida.at\/pensionisten\/wp-content\/uploads\/sites\/10\/2022\/01\/IMG_7157a-1.jpg","type":"image\/jpeg"}],"author":"mariontobola","twitter_card":"summary_large_image","twitter_misc":{"Verfasst von":"mariontobola","Gesch\u00e4tzte Lesezeit":"5\u00a0Minuten"},"schema":{"@context":"https:\/\/schema.org","@graph":[{"@type":"Article","@id":"https:\/\/blog.vida.at\/pensionisten\/2022\/01\/27\/wandertag-alte-donau\/#article","isPartOf":{"@id":"https:\/\/blog.vida.at\/pensionisten\/2022\/01\/27\/wandertag-alte-donau\/"},"author":{"name":"mariontobola","@id":"https:\/\/blog.vida.at\/pensionisten\/#\/schema\/person\/88cee3ee93b9afdc51c92f5f63f38b8a"},"headline":"An der Alten Donau","datePublished":"2022-01-27T09:00:00+00:00","dateModified":"2022-01-27T09:22:26+00:00","mainEntityOfPage":{"@id":"https:\/\/blog.vida.at\/pensionisten\/2022\/01\/27\/wandertag-alte-donau\/"},"wordCount":57,"commentCount":0,"image":{"@id":"https:\/\/blog.vida.at\/pensionisten\/2022\/01\/27\/wandertag-alte-donau\/#primaryimage"},"thumbnailUrl":"https:\/\/blog.vida.at\/pensionisten\/wp-content\/uploads\/sites\/10\/2022\/01\/IMG_7157a-1.jpg","articleSection":{"1":"Ortsgruppen","2":"Wien"},"inLanguage":"de","potentialAction":[{"@type":"CommentAction","name":"Comment","target":["https:\/\/blog.vida.at\/pensionisten\/2022\/01\/27\/wandertag-alte-donau\/#respond"]}]},{"@type":"WebPage","@id":"https:\/\/blog.vida.at\/pensionisten\/2022\/01\/27\/wandertag-alte-donau\/","url":"https:\/\/blog.vida.at\/pensionisten\/2022\/01\/27\/wandertag-alte-donau\/","name":"An der Alten Donau","isPartOf":{"@id":"https:\/\/blog.vida.at\/pensionisten\/#website"},"primaryImageOfPage":{"@id":"https:\/\/blog.vida.at\/pensionisten\/2022\/01\/27\/wandertag-alte-donau\/#primaryimage"},"image":{"@id":"https:\/\/blog.vida.at\/pensionisten\/2022\/01\/27\/wandertag-alte-donau\/#primaryimage"},"thumbnailUrl":"https:\/\/blog.vida.at\/pensionisten\/wp-content\/uploads\/sites\/10\/2022\/01\/IMG_7157a-1.jpg","datePublished":"2022-01-27T09:00:00+00:00","dateModified":"2022-01-27T09:22:26+00:00","author":{"@id":"https:\/\/blog.vida.at\/pensionisten\/#\/schema\/person\/88cee3ee93b9afdc51c92f5f63f38b8a"},"breadcrumb":{"@id":"https:\/\/blog.vida.at\/pensionisten\/2022\/01\/27\/wandertag-alte-donau\/#breadcrumb"},"inLanguage":"de","potentialAction":[{"@type":"ReadAction","target":["https:\/\/blog.vida.at\/pensionisten\/2022\/01\/27\/wandertag-alte-donau\/"]}]},{"@type":"ImageObject","inLanguage":"de","@id":"https:\/\/blog.vida.at\/pensionisten\/2022\/01\/27\/wandertag-alte-donau\/#primaryimage","url":"https:\/\/blog.vida.at\/pensionisten\/wp-content\/uploads\/sites\/10\/2022\/01\/IMG_7157a-1.jpg","contentUrl":"https:\/\/blog.vida.at\/pensionisten\/wp-content\/uploads\/sites\/10\/2022\/01\/IMG_7157a-1.jpg","width":796,"height":531},{"@type":"BreadcrumbList","@id":"https:\/\/blog.vida.at\/pensionisten\/2022\/01\/27\/wandertag-alte-donau\/#breadcrumb","itemListElement":[{"@type":"ListItem","position":1,"name":"Startseite","item":"https:\/\/blog.vida.at\/pensionisten\/"},{"@type":"ListItem","position":2,"name":"An der Alten Donau"}]},{"@type":"WebSite","@id":"https:\/\/blog.vida.at\/pensionisten\/#website","url":"https:\/\/blog.vida.at\/pensionisten\/","name":"vida Pensionisten","description":"","potentialAction":[{"@type":"SearchAction","target":{"@type":"EntryPoint","urlTemplate":"https:\/\/blog.vida.at\/pensionisten\/?s={search_term_string}"},"query-input":{"@type":"PropertyValueSpecification","valueRequired":true,"valueName":"search_term_string"}}],"inLanguage":"de"},{"@type":"Person","@id":"https:\/\/blog.vida.at\/pensionisten\/#\/schema\/person\/88cee3ee93b9afdc51c92f5f63f38b8a","name":"mariontobola","image":{"@type":"ImageObject","inLanguage":"de","@id":"https:\/\/secure.gravatar.com\/avatar\/5d2c516985e4eda61bca05bd3b4359b4358135bd1e1a5b08c539e9cd1edd6528?s=96&d=mm&r=g","url":"https:\/\/secure.gravatar.com\/avatar\/5d2c516985e4eda61bca05bd3b4359b4358135bd1e1a5b08c539e9cd1edd6528?s=96&d=mm&r=g","contentUrl":"https:\/\/secure.gravatar.com\/avatar\/5d2c516985e4eda61bca05bd3b4359b4358135bd1e1a5b08c539e9cd1edd6528?s=96&d=mm&r=g","caption":"mariontobola"},"url":"https:\/\/blog.vida.at\/pensionisten\/author\/mariontobola\/"}]}},"author_meta":{"display_name":"mariontobola","author_link":"https:\/\/blog.vida.at\/pensionisten\/author\/mariontobola\/"},"featured_img":"https:\/\/blog.vida.at\/pensionisten\/wp-content\/uploads\/sites\/10\/2022\/01\/IMG_7157a-1-300x200.jpg","featured_image_src":"https:\/\/blog.vida.at\/pensionisten\/wp-content\/uploads\/sites\/10\/2022\/01\/IMG_7157a-1-600x400.jpg","featured_image_src_square":"https:\/\/blog.vida.at\/pensionisten\/wp-content\/uploads\/sites\/10\/2022\/01\/IMG_7157a-1-600x531.jpg","uagb_featured_image_src":{"full":["https:\/\/blog.vida.at\/pensionisten\/wp-content\/uploads\/sites\/10\/2022\/01\/IMG_7157a-1.jpg",796,531,false],"thumbnail":["https:\/\/blog.vida.at\/pensionisten\/wp-content\/uploads\/sites\/10\/2022\/01\/IMG_7157a-1-150x150.jpg",150,150,true],"medium":["https:\/\/blog.vida.at\/pensionisten\/wp-content\/uploads\/sites\/10\/2022\/01\/IMG_7157a-1-300x200.jpg",300,200,true],"medium_large":["https:\/\/blog.vida.at\/pensionisten\/wp-content\/uploads\/sites\/10\/2022\/01\/IMG_7157a-1-768x512.jpg",640,427,true],"large":["https:\/\/blog.vida.at\/pensionisten\/wp-content\/uploads\/sites\/10\/2022\/01\/IMG_7157a-1.jpg",640,427,false],"1536x1536":["https:\/\/blog.vida.at\/pensionisten\/wp-content\/uploads\/sites\/10\/2022\/01\/IMG_7157a-1.jpg",796,531,false],"2048x2048":["https:\/\/blog.vida.at\/pensionisten\/wp-content\/uploads\/sites\/10\/2022\/01\/IMG_7157a-1.jpg",796,531,false],"ab-block-post-grid-landscape":["https:\/\/blog.vida.at\/pensionisten\/wp-content\/uploads\/sites\/10\/2022\/01\/IMG_7157a-1-600x400.jpg",600,400,true],"ab-block-post-grid-square":["https:\/\/blog.vida.at\/pensionisten\/wp-content\/uploads\/sites\/10\/2022\/01\/IMG_7157a-1-600x531.jpg",600,531,true],"post-thumbnail":["https:\/\/blog.vida.at\/pensionisten\/wp-content\/uploads\/sites\/10\/2022\/01\/IMG_7157a-1.jpg",796,531,false],"awb_sm":["https:\/\/blog.vida.at\/pensionisten\/wp-content\/uploads\/sites\/10\/2022\/01\/IMG_7157a-1-500x334.jpg",500,334,true],"awb_md":["https:\/\/blog.vida.at\/pensionisten\/wp-content\/uploads\/sites\/10\/2022\/01\/IMG_7157a-1.jpg",796,531,false],"awb_lg":["https:\/\/blog.vida.at\/pensionisten\/wp-content\/uploads\/sites\/10\/2022\/01\/IMG_7157a-1.jpg",796,531,false],"awb_xl":["https:\/\/blog.vida.at\/pensionisten\/wp-content\/uploads\/sites\/10\/2022\/01\/IMG_7157a-1.jpg",796,531,false]},"uagb_author_info":{"display_name":"mariontobola","author_link":"https:\/\/blog.vida.at\/pensionisten\/author\/mariontobola\/"},"uagb_comment_info":0,"uagb_excerpt":"Das war der 1. Wandertag der OG Meidling\/Simmering 2022.","coauthors":[],"tax_additional":{"categories":{"linked":["<a href=\"https:\/\/blog.vida.at\/pensionisten\/category\/allgemein\/\" class=\"advgb-post-tax-term\">Allgemein<\/a>","<a href=\"https:\/\/blog.vida.at\/pensionisten\/category\/ortsgruppen\/\" class=\"advgb-post-tax-term\">Ortsgruppen<\/a>","<a href=\"https:\/\/blog.vida.at\/pensionisten\/category\/ortsgruppen\/wien\/\" class=\"advgb-post-tax-term\">Wien<\/a>"],"unlinked":["<span class=\"advgb-post-tax-term\">Allgemein<\/span>","<span class=\"advgb-post-tax-term\">Ortsgruppen<\/span>","<span class=\"advgb-post-tax-term\">Wien<\/span>"]}},"comment_count":"0","relative_dates":{"created":"Ver\u00f6ffentlicht 4\u00a0Jahren vor","modified":"Aktualisiert 4\u00a0Jahren vor"},"absolute_dates":{"created":"Ver\u00f6ffentlicht am 27. Januar 2022","modified":"Aktualisiert am 27. Januar 2022"},"absolute_dates_time":{"created":"Ver\u00f6ffentlicht am 27. Januar 2022 10:00","modified":"Aktualisiert am 27. Januar 2022 10:22"},"featured_img_caption":"","series_order":"","_links":{"self":[{"href":"https:\/\/blog.vida.at\/pensionisten\/wp-json\/wp\/v2\/posts\/3974","targetHints":{"allow":["GET"]}}],"collection":[{"href":"https:\/\/blog.vida.at\/pensionisten\/wp-json\/wp\/v2\/posts"}],"about":[{"href":"https:\/\/blog.vida.at\/pensionisten\/wp-json\/wp\/v2\/types\/post"}],"author":[{"embeddable":true,"href":"https:\/\/blog.vida.at\/pensionisten\/wp-json\/wp\/v2\/users\/8"}],"replies":[{"embeddable":true,"href":"https:\/\/blog.vida.at\/pensionisten\/wp-json\/wp\/v2\/comments?post=3974"}],"version-history":[{"count":6,"href":"https:\/\/blog.vida.at\/pensionisten\/wp-json\/wp\/v2\/posts\/3974\/revisions"}],"predecessor-version":[{"id":4073,"href":"https:\/\/blog.vida.at\/pensionisten\/wp-json\/wp\/v2\/posts\/3974\/revisions\/4073"}],"wp:featuredmedia":[{"embeddable":true,"href":"https:\/\/blog.vida.at\/pensionisten\/wp-json\/wp\/v2\/media\/4074"}],"wp:attachment":[{"href":"https:\/\/blog.vida.at\/pensionisten\/wp-json\/wp\/v2\/media?parent=3974"}],"wp:term":[{"taxonomy":"category","embeddable":true,"href":"https:\/\/blog.vida.at\/pensionisten\/wp-json\/wp\/v2\/categories?post=3974"},{"taxonomy":"post_tag","embeddable":true,"href":"https:\/\/blog.vida.at\/pensionisten\/wp-json\/wp\/v2\/tags?post=3974"},{"taxonomy":"Orte","embeddable":true,"href":"https:\/\/blog.vida.at\/pensionisten\/wp-json\/wp\/v2\/Orte?post=3974"},{"taxonomy":"activitytype","embeddable":true,"href":"https:\/\/blog.vida.at\/pensionisten\/wp-json\/wp\/v2\/activitytype?post=3974"}],"curies":[{"name":"wp","href":"https:\/\/api.w.org\/{rel}","templated":true}]}}