
{"id":4116,"date":"2022-05-04T11:59:00","date_gmt":"2022-05-04T09:59:00","guid":{"rendered":"https:\/\/blog.vida.at\/pensionisten\/?p=4116"},"modified":"2022-05-04T15:30:48","modified_gmt":"2022-05-04T13:30:48","slug":"technikreise-deutschland","status":"publish","type":"post","link":"https:\/\/blog.vida.at\/pensionisten\/2022\/05\/04\/technikreise-deutschland\/","title":{"rendered":"Technikreise Deutschland"},"content":{"rendered":"\n<div class=\"wp-block-group Container\"><div class=\"wp-block-group__inner-container is-layout-flow wp-block-group-is-layout-flow\">\n<h4 class=\"wp-block-heading\" id=\"ein-neues-angebot-deiner-vida-pensionistinnen-in-wien-sei-dabei\">ACHTUNG ABSAGE: vida-PensionistInnen in Wien.<\/h4>\n\n\n\n<br>\n\n\n\n<p><\/p>\n\n\n\n<!--more-->\n\n\n\n<p><strong><span style=\"color: #0073a8\" class=\"stk-highlight\">Aktualisierung vom 4. Mai 2022: Das Angebot muss leider abgesagt werden! Wir bitten um Verst\u00e4ndnis!<\/span><\/strong><\/p>\n\n\n\n<p><\/p>\n\n\n\n<p><strong><span style=\"color: #f90101\" class=\"stk-highlight\">Du bist an Technik interessiert? <\/span>Die vida-PensionistInnen aus dem Land Wien bieten dir ein neues Angebot mit unserem Kooperationspartner an.  Du kannst auch deine Freunde mitnehmen! Wir freuen uns \u00fcber reges Interesse!<\/strong><\/p>\n\n\n\n<p><strong><span style=\"color: #f90101\" class=\"stk-highlight\"><u>Termin:<\/u> 19. &#8211; 22. Juni 2022<\/span><\/strong><\/p>\n\n\n\n<p><span style=\"color: #0073a8\" class=\"stk-highlight\"><strong>4 Tage: Sonntag &#8211; Mittwoch<\/strong><\/span><\/p>\n\n\n\n<p><strong>Die Interschutz Hannover, der Industriestandort Salzgitter und der Geheimtipp PS Speicher Einbeck bieten eine Technikreise der besonderen Art. Komm mit uns mit und genie\u00dfe einzigartige Einblicke in die Welt der Technik, spannende Werksf\u00fchrungen und einen interessanten Messebesuch.<\/strong><\/p>\n\n\n\n<p><span style=\"color: #0073a8\" class=\"stk-highlight\"><strong>1. Tag: Anreise Einbeck<\/strong><\/span><\/p>\n\n\n\n<p>Fr\u00fchmorgens Abfahrt Wien H\u00fctteldorf und Westbahnhof \u2013 Reise vorbei an Regensburg &#8211; N\u00fcrnberg &#8211; Fulda &#8211; Kassel nach Einbeck. Im PS Speicher erwarten uns \u00fcber 2.500 Exponate an Oldtimern, Einzelst\u00fccken und Multimediashows sowie unz\u00e4hlige Besonderheiten der Mobilit\u00e4t. Im Porsche Rennsimulator kannst du selbst ausprobieren, wie sich eine Fahrt in einem der leistungsst\u00e4rksten Fahrzeuge anf\u00fchlt. Fahrt in unser Hotel &#8211; Zimmerbezug und Abendessen (3 N\u00e4chte).<\/p>\n\n\n\n<p><span style=\"color: #0073a8\" class=\"stk-highlight\"><strong>2. Tag: Salzgitter &#8211; VW Werk Salzgitter<\/strong><\/span><\/p>\n\n\n\n<p>Nach dem Fr\u00fchst\u00fcck geht es ins nahegelegene Salzgitter. Hier ist die Schwerindustrie zu Hause. Bei den Werksf\u00fchrungen beim Salzgitter Stahlwerk und bei VW Volkswagen erf\u00e4hrst du Wissenswertes \u00fcber die industrielle Fertigung.<\/p>\n\n\n\n<p><strong><span style=\"color: #0073a8\" class=\"stk-highlight\">3. Tag: Interschutz Hannover<\/span><\/strong><\/p>\n\n\n\n<p>Heute geht es nach Hannover zur weltweit gr\u00f6\u00dften Messe f\u00fcr Feuerwehren, Rettungsdienste und andere Blaulichtorganisationen. Die Interschutz Hannover steht 2022 unter dem Motto: \u201eTeams, Taktik, Technik &#8211; Schutz und Rettung vernetzt\u201c und befasst sich besonders mit den neuen Herausforderungen der Einsatzkr\u00e4fte sowie der Digitalisierung. Abends R\u00fcckfahrt nach Einbeck.<\/p>\n\n\n\n<p><span style=\"color: #0073a8\" class=\"stk-highlight\"><strong>4. Tag: R\u00fcckreise<\/strong><\/span><\/p>\n\n\n\n<p>Nach einem gem\u00fctlichen Fr\u00fchst\u00fcck treten wir die Heimreise an. In Erlangen besuchen wir noch das MedMuseum der Firma Siemens Healthineers (Gesundheitssparte von Siemens), wo wir interessante Einblicke in die Forschung und Entwicklung bekommen. R\u00fcckreise zu den Zustiegsstellen.<\/p>\n\n\n\n<p><strong>Da sich die Bestimmungen bzgl. (Betriebs-)F\u00fchrungen \u00e4ndern k\u00f6nnen, sind Programm\u00e4nderungen vorbehalten!<\/strong><\/p>\n\n\n\n<p><strong><u><span style=\"color: #fa0404\" class=\"stk-highlight\">Du erh\u00e4ltst:<\/span><\/u><\/strong><\/p>\n\n\n\n<ul class=\"wp-block-list\"><li>Reise im Edtbrustner Luxusbus<\/li><li>3 N\u00e4chtigungen<\/li><li>3x Fr\u00fchst\u00fcck, 1x Abendessen<\/li><li>Eintritt und F\u00fchrung PS Speicher Einbeck inkl. Fahrt im Porsche Rennsimulator, Salzgitter Stahlwerk, VW Volkswagen und MedMuseum Erlangen, Eintritt Interschutz Hannover<\/li><li>Edtbrustner Reisebetreuung<\/li><\/ul>\n\n\n\n<p><strong>Abholung Zustiegsstellen gratis<\/strong><\/p>\n\n\n\n<p><strong><u>Preis:<\/u> \u20ac 685,&#8211; <\/strong>(im Einzelzimmer: \u20ac 865,-)<\/p>\n\n\n\n<p><span style=\"color: #f90404\" class=\"stk-highlight\"><strong><u>Anmeldung VIDA PensionistInnen:<\/u><\/strong>&nbsp;<\/span><\/p>\n\n\n\n<p>Koll. Starzer Mobil: +43 664 6145659, E-Mail: <a href=\"mailto:helene.starzer@vida.at\">helene.starzer@vida.at<\/a><\/p>\n\n\n\n<p>Koll. Tucek&nbsp;&nbsp; Mobil +43 650 204 85 59, E-Mail: <a href=\"mailto:rubrig13@gmx.at\">rubrig13@gmx.at<\/a><\/p>\n\n\n\n<p><strong><span style=\"color: #fc0404\" class=\"stk-highlight\">Anmeldeschluss: 20. M\u00e4rz 2022. Bitte Namen, Adresse, Telefonnummer und E-Mail-Adresse bekanntgeben!<\/span><\/strong><\/p>\n\n\n\n<p>Veranstalter: Erwin Edtbrustner GmbH, Otto-Gl\u00f6ckel Stra\u00dfe 2, 3382 Loosdorf, Tel: 02754\/6404 <a href=\"http:\/\/www.edtbrustner-reisen.at\">www.edtbrustner-reisen.at<\/a> (AGB lt. Homepage und Reisekatalog) Firmenbuchnummer: FN 93656f<\/p>\n\n\n\n<p><span style=\"color: #767676\" class=\"stk-highlight\"><strong>Die Anreise und die Teilnahme an der Veranstaltung erfolgen auf eigene Gefahr und Verantwortung. F\u00fcr Unf\u00e4lle wird keine Haftung \u00fcbernommen.<\/strong> <strong>Mit der Teilnahme an der Veranstaltung stimmst du der Ver\u00f6ffentlichung von Fotos, die im Rahmen der Veranstaltung entstehen, zu.<\/strong><\/span><br>&nbsp;&nbsp;&nbsp;&nbsp;&nbsp;&nbsp;&nbsp;&nbsp;&nbsp;&nbsp;&nbsp;&nbsp;&nbsp; &nbsp;&nbsp;&nbsp;&nbsp;&nbsp;&nbsp;&nbsp;&nbsp;&nbsp;&nbsp;<\/p>\n\n\n\n<p><\/p>\n<\/div><\/div>\n","protected":false},"excerpt":{"rendered":"<p>ACHTUNG ABSAGE: vida-PensionistInnen in Wien.<\/p>\n","protected":false},"author":8,"featured_media":4022,"comment_status":"open","ping_status":"open","sticky":false,"template":"","format":"standard","meta":{"_uag_custom_page_level_css":"","advgb_blocks_editor_width":"","advgb_blocks_columns_visual_guide":"","footnotes":""},"categories":[1,49,50],"tags":[],"Orte":[],"activitytype":[],"class_list":["post-4116","post","type-post","status-publish","format-standard","has-post-thumbnail","hentry","category-allgemein","category-ortsgruppen","category-wien","entry"],"featured_image_urls":{"full":["https:\/\/blog.vida.at\/pensionisten\/wp-content\/uploads\/sites\/10\/2022\/01\/AdobeStock_38208654_BRN-Pixel-scaled.jpeg",2560,1707,false],"thumbnail":["https:\/\/blog.vida.at\/pensionisten\/wp-content\/uploads\/sites\/10\/2022\/01\/AdobeStock_38208654_BRN-Pixel-150x150.jpeg",150,150,true],"medium":["https:\/\/blog.vida.at\/pensionisten\/wp-content\/uploads\/sites\/10\/2022\/01\/AdobeStock_38208654_BRN-Pixel-300x200.jpeg",300,200,true],"medium_large":["https:\/\/blog.vida.at\/pensionisten\/wp-content\/uploads\/sites\/10\/2022\/01\/AdobeStock_38208654_BRN-Pixel-768x512.jpeg",640,427,true],"large":["https:\/\/blog.vida.at\/pensionisten\/wp-content\/uploads\/sites\/10\/2022\/01\/AdobeStock_38208654_BRN-Pixel-1024x683.jpeg",640,427,true],"1536x1536":["https:\/\/blog.vida.at\/pensionisten\/wp-content\/uploads\/sites\/10\/2022\/01\/AdobeStock_38208654_BRN-Pixel-1536x1024.jpeg",1536,1024,true],"2048x2048":["https:\/\/blog.vida.at\/pensionisten\/wp-content\/uploads\/sites\/10\/2022\/01\/AdobeStock_38208654_BRN-Pixel-2048x1365.jpeg",2048,1365,true],"ab-block-post-grid-landscape":["https:\/\/blog.vida.at\/pensionisten\/wp-content\/uploads\/sites\/10\/2022\/01\/AdobeStock_38208654_BRN-Pixel-600x400.jpeg",600,400,true],"ab-block-post-grid-square":["https:\/\/blog.vida.at\/pensionisten\/wp-content\/uploads\/sites\/10\/2022\/01\/AdobeStock_38208654_BRN-Pixel-600x600.jpeg",600,600,true],"post-thumbnail":["https:\/\/blog.vida.at\/pensionisten\/wp-content\/uploads\/sites\/10\/2022\/01\/AdobeStock_38208654_BRN-Pixel-1568x1045.jpeg",1568,1045,true],"awb_sm":["https:\/\/blog.vida.at\/pensionisten\/wp-content\/uploads\/sites\/10\/2022\/01\/AdobeStock_38208654_BRN-Pixel-500x333.jpeg",500,333,true],"awb_md":["https:\/\/blog.vida.at\/pensionisten\/wp-content\/uploads\/sites\/10\/2022\/01\/AdobeStock_38208654_BRN-Pixel-800x533.jpeg",800,533,true],"awb_lg":["https:\/\/blog.vida.at\/pensionisten\/wp-content\/uploads\/sites\/10\/2022\/01\/AdobeStock_38208654_BRN-Pixel-1280x853.jpeg",1280,853,true],"awb_xl":["https:\/\/blog.vida.at\/pensionisten\/wp-content\/uploads\/sites\/10\/2022\/01\/AdobeStock_38208654_BRN-Pixel-1920x1280.jpeg",1920,1280,true]},"post_excerpt_stackable":"<p>ACHTUNG ABSAGE: vida-PensionistInnen in Wien. Aktualisierung vom 4. Mai 2022: Das Angebot muss leider abgesagt werden! Wir bitten um Verst\u00e4ndnis! Du bist an Technik interessiert? Die vida-PensionistInnen aus dem Land Wien bieten dir ein neues Angebot mit unserem Kooperationspartner an. Du kannst auch deine Freunde mitnehmen! Wir freuen uns \u00fcber reges Interesse! Termin: 19. &#8211; 22. Juni 2022 4 Tage: Sonntag &#8211; Mittwoch Die Interschutz Hannover, der Industriestandort Salzgitter und der Geheimtipp PS Speicher Einbeck bieten eine Technikreise der besonderen Art. Komm mit uns mit und genie\u00dfe einzigartige Einblicke in die Welt der Technik, spannende Werksf\u00fchrungen und einen interessanten Messebesuch.&hellip;<\/p>\n","category_list":"<a href=\"https:\/\/blog.vida.at\/pensionisten\/category\/allgemein\/\" rel=\"category tag\">Allgemein<\/a>, <a href=\"https:\/\/blog.vida.at\/pensionisten\/category\/ortsgruppen\/\" rel=\"category tag\">Ortsgruppen<\/a>, <a href=\"https:\/\/blog.vida.at\/pensionisten\/category\/ortsgruppen\/wien\/\" rel=\"category tag\">Wien<\/a>","author_info":{"display_name":"mariontobola","author_link":"https:\/\/blog.vida.at\/pensionisten\/author\/mariontobola\/"},"comments_num":"0 comments","featured_image_urls_v2":{"full":["https:\/\/blog.vida.at\/pensionisten\/wp-content\/uploads\/sites\/10\/2022\/01\/AdobeStock_38208654_BRN-Pixel-scaled.jpeg",2560,1707,false],"thumbnail":["https:\/\/blog.vida.at\/pensionisten\/wp-content\/uploads\/sites\/10\/2022\/01\/AdobeStock_38208654_BRN-Pixel-150x150.jpeg",150,150,true],"medium":["https:\/\/blog.vida.at\/pensionisten\/wp-content\/uploads\/sites\/10\/2022\/01\/AdobeStock_38208654_BRN-Pixel-300x200.jpeg",300,200,true],"medium_large":["https:\/\/blog.vida.at\/pensionisten\/wp-content\/uploads\/sites\/10\/2022\/01\/AdobeStock_38208654_BRN-Pixel-768x512.jpeg",640,427,true],"large":["https:\/\/blog.vida.at\/pensionisten\/wp-content\/uploads\/sites\/10\/2022\/01\/AdobeStock_38208654_BRN-Pixel-1024x683.jpeg",640,427,true],"1536x1536":["https:\/\/blog.vida.at\/pensionisten\/wp-content\/uploads\/sites\/10\/2022\/01\/AdobeStock_38208654_BRN-Pixel-1536x1024.jpeg",1536,1024,true],"2048x2048":["https:\/\/blog.vida.at\/pensionisten\/wp-content\/uploads\/sites\/10\/2022\/01\/AdobeStock_38208654_BRN-Pixel-2048x1365.jpeg",2048,1365,true],"ab-block-post-grid-landscape":["https:\/\/blog.vida.at\/pensionisten\/wp-content\/uploads\/sites\/10\/2022\/01\/AdobeStock_38208654_BRN-Pixel-600x400.jpeg",600,400,true],"ab-block-post-grid-square":["https:\/\/blog.vida.at\/pensionisten\/wp-content\/uploads\/sites\/10\/2022\/01\/AdobeStock_38208654_BRN-Pixel-600x600.jpeg",600,600,true],"post-thumbnail":["https:\/\/blog.vida.at\/pensionisten\/wp-content\/uploads\/sites\/10\/2022\/01\/AdobeStock_38208654_BRN-Pixel-1568x1045.jpeg",1568,1045,true],"awb_sm":["https:\/\/blog.vida.at\/pensionisten\/wp-content\/uploads\/sites\/10\/2022\/01\/AdobeStock_38208654_BRN-Pixel-500x333.jpeg",500,333,true],"awb_md":["https:\/\/blog.vida.at\/pensionisten\/wp-content\/uploads\/sites\/10\/2022\/01\/AdobeStock_38208654_BRN-Pixel-800x533.jpeg",800,533,true],"awb_lg":["https:\/\/blog.vida.at\/pensionisten\/wp-content\/uploads\/sites\/10\/2022\/01\/AdobeStock_38208654_BRN-Pixel-1280x853.jpeg",1280,853,true],"awb_xl":["https:\/\/blog.vida.at\/pensionisten\/wp-content\/uploads\/sites\/10\/2022\/01\/AdobeStock_38208654_BRN-Pixel-1920x1280.jpeg",1920,1280,true]},"post_excerpt_stackable_v2":"<p>ACHTUNG ABSAGE: vida-PensionistInnen in Wien. Aktualisierung vom 4. Mai 2022: Das Angebot muss leider abgesagt werden! Wir bitten um Verst\u00e4ndnis! Du bist an Technik interessiert? Die vida-PensionistInnen aus dem Land Wien bieten dir ein neues Angebot mit unserem Kooperationspartner an. Du kannst auch deine Freunde mitnehmen! Wir freuen uns \u00fcber reges Interesse! Termin: 19. &#8211; 22. Juni 2022 4 Tage: Sonntag &#8211; Mittwoch Die Interschutz Hannover, der Industriestandort Salzgitter und der Geheimtipp PS Speicher Einbeck bieten eine Technikreise der besonderen Art. Komm mit uns mit und genie\u00dfe einzigartige Einblicke in die Welt der Technik, spannende Werksf\u00fchrungen und einen interessanten Messebesuch.&hellip;<\/p>\n","category_list_v2":"<a href=\"https:\/\/blog.vida.at\/pensionisten\/category\/allgemein\/\" rel=\"category tag\">Allgemein<\/a>, <a href=\"https:\/\/blog.vida.at\/pensionisten\/category\/ortsgruppen\/\" rel=\"category tag\">Ortsgruppen<\/a>, <a href=\"https:\/\/blog.vida.at\/pensionisten\/category\/ortsgruppen\/wien\/\" rel=\"category tag\">Wien<\/a>","author_info_v2":{"name":"mariontobola","url":"https:\/\/blog.vida.at\/pensionisten\/author\/mariontobola\/"},"comments_num_v2":"0 comments","yoast_head":"<!-- This site is optimized with the Yoast SEO plugin v27.3 - https:\/\/yoast.com\/product\/yoast-seo-wordpress\/ -->\n<title>Technikreise Deutschland<\/title>\n<meta name=\"robots\" content=\"index, follow, max-snippet:-1, max-image-preview:large, max-video-preview:-1\" \/>\n<link rel=\"canonical\" href=\"https:\/\/blog.vida.at\/pensionisten\/2022\/05\/04\/technikreise-deutschland\/\" \/>\n<meta property=\"og:locale\" content=\"de_DE\" \/>\n<meta property=\"og:type\" content=\"article\" \/>\n<meta property=\"og:title\" content=\"Technikreise Deutschland\" \/>\n<meta property=\"og:description\" content=\"ACHTUNG ABSAGE: vida-PensionistInnen in Wien.\" \/>\n<meta property=\"og:url\" content=\"https:\/\/blog.vida.at\/pensionisten\/2022\/05\/04\/technikreise-deutschland\/\" \/>\n<meta property=\"og:site_name\" content=\"vida Pensionisten\" \/>\n<meta property=\"article:published_time\" content=\"2022-05-04T09:59:00+00:00\" \/>\n<meta property=\"article:modified_time\" content=\"2022-05-04T13:30:48+00:00\" \/>\n<meta property=\"og:image\" content=\"https:\/\/blog.vida.at\/pensionisten\/wp-content\/uploads\/sites\/10\/2022\/01\/AdobeStock_38208654_BRN-Pixel-scaled.jpeg\" \/>\n\t<meta property=\"og:image:width\" content=\"2560\" \/>\n\t<meta property=\"og:image:height\" content=\"1707\" \/>\n\t<meta property=\"og:image:type\" content=\"image\/jpeg\" \/>\n<meta name=\"author\" content=\"mariontobola\" \/>\n<meta name=\"twitter:card\" content=\"summary_large_image\" \/>\n<meta name=\"twitter:label1\" content=\"Verfasst von\" \/>\n\t<meta name=\"twitter:data1\" content=\"mariontobola\" \/>\n\t<meta name=\"twitter:label2\" content=\"Gesch\u00e4tzte Lesezeit\" \/>\n\t<meta name=\"twitter:data2\" content=\"3\u00a0Minuten\" \/>\n<script type=\"application\/ld+json\" class=\"yoast-schema-graph\">{\"@context\":\"https:\\\/\\\/schema.org\",\"@graph\":[{\"@type\":\"Article\",\"@id\":\"https:\\\/\\\/blog.vida.at\\\/pensionisten\\\/2022\\\/05\\\/04\\\/technikreise-deutschland\\\/#article\",\"isPartOf\":{\"@id\":\"https:\\\/\\\/blog.vida.at\\\/pensionisten\\\/2022\\\/05\\\/04\\\/technikreise-deutschland\\\/\"},\"author\":{\"name\":\"mariontobola\",\"@id\":\"https:\\\/\\\/blog.vida.at\\\/pensionisten\\\/#\\\/schema\\\/person\\\/88cee3ee93b9afdc51c92f5f63f38b8a\"},\"headline\":\"Technikreise Deutschland\",\"datePublished\":\"2022-05-04T09:59:00+00:00\",\"dateModified\":\"2022-05-04T13:30:48+00:00\",\"mainEntityOfPage\":{\"@id\":\"https:\\\/\\\/blog.vida.at\\\/pensionisten\\\/2022\\\/05\\\/04\\\/technikreise-deutschland\\\/\"},\"wordCount\":490,\"commentCount\":0,\"image\":{\"@id\":\"https:\\\/\\\/blog.vida.at\\\/pensionisten\\\/2022\\\/05\\\/04\\\/technikreise-deutschland\\\/#primaryimage\"},\"thumbnailUrl\":\"https:\\\/\\\/blog.vida.at\\\/pensionisten\\\/wp-content\\\/uploads\\\/sites\\\/10\\\/2022\\\/01\\\/AdobeStock_38208654_BRN-Pixel-scaled.jpeg\",\"articleSection\":{\"1\":\"Ortsgruppen\",\"2\":\"Wien\"},\"inLanguage\":\"de\",\"potentialAction\":[{\"@type\":\"CommentAction\",\"name\":\"Comment\",\"target\":[\"https:\\\/\\\/blog.vida.at\\\/pensionisten\\\/2022\\\/05\\\/04\\\/technikreise-deutschland\\\/#respond\"]}]},{\"@type\":\"WebPage\",\"@id\":\"https:\\\/\\\/blog.vida.at\\\/pensionisten\\\/2022\\\/05\\\/04\\\/technikreise-deutschland\\\/\",\"url\":\"https:\\\/\\\/blog.vida.at\\\/pensionisten\\\/2022\\\/05\\\/04\\\/technikreise-deutschland\\\/\",\"name\":\"Technikreise Deutschland\",\"isPartOf\":{\"@id\":\"https:\\\/\\\/blog.vida.at\\\/pensionisten\\\/#website\"},\"primaryImageOfPage\":{\"@id\":\"https:\\\/\\\/blog.vida.at\\\/pensionisten\\\/2022\\\/05\\\/04\\\/technikreise-deutschland\\\/#primaryimage\"},\"image\":{\"@id\":\"https:\\\/\\\/blog.vida.at\\\/pensionisten\\\/2022\\\/05\\\/04\\\/technikreise-deutschland\\\/#primaryimage\"},\"thumbnailUrl\":\"https:\\\/\\\/blog.vida.at\\\/pensionisten\\\/wp-content\\\/uploads\\\/sites\\\/10\\\/2022\\\/01\\\/AdobeStock_38208654_BRN-Pixel-scaled.jpeg\",\"datePublished\":\"2022-05-04T09:59:00+00:00\",\"dateModified\":\"2022-05-04T13:30:48+00:00\",\"author\":{\"@id\":\"https:\\\/\\\/blog.vida.at\\\/pensionisten\\\/#\\\/schema\\\/person\\\/88cee3ee93b9afdc51c92f5f63f38b8a\"},\"breadcrumb\":{\"@id\":\"https:\\\/\\\/blog.vida.at\\\/pensionisten\\\/2022\\\/05\\\/04\\\/technikreise-deutschland\\\/#breadcrumb\"},\"inLanguage\":\"de\",\"potentialAction\":[{\"@type\":\"ReadAction\",\"target\":[\"https:\\\/\\\/blog.vida.at\\\/pensionisten\\\/2022\\\/05\\\/04\\\/technikreise-deutschland\\\/\"]}]},{\"@type\":\"ImageObject\",\"inLanguage\":\"de\",\"@id\":\"https:\\\/\\\/blog.vida.at\\\/pensionisten\\\/2022\\\/05\\\/04\\\/technikreise-deutschland\\\/#primaryimage\",\"url\":\"https:\\\/\\\/blog.vida.at\\\/pensionisten\\\/wp-content\\\/uploads\\\/sites\\\/10\\\/2022\\\/01\\\/AdobeStock_38208654_BRN-Pixel-scaled.jpeg\",\"contentUrl\":\"https:\\\/\\\/blog.vida.at\\\/pensionisten\\\/wp-content\\\/uploads\\\/sites\\\/10\\\/2022\\\/01\\\/AdobeStock_38208654_BRN-Pixel-scaled.jpeg\",\"width\":2560,\"height\":1707},{\"@type\":\"BreadcrumbList\",\"@id\":\"https:\\\/\\\/blog.vida.at\\\/pensionisten\\\/2022\\\/05\\\/04\\\/technikreise-deutschland\\\/#breadcrumb\",\"itemListElement\":[{\"@type\":\"ListItem\",\"position\":1,\"name\":\"Startseite\",\"item\":\"https:\\\/\\\/blog.vida.at\\\/pensionisten\\\/\"},{\"@type\":\"ListItem\",\"position\":2,\"name\":\"Technikreise Deutschland\"}]},{\"@type\":\"WebSite\",\"@id\":\"https:\\\/\\\/blog.vida.at\\\/pensionisten\\\/#website\",\"url\":\"https:\\\/\\\/blog.vida.at\\\/pensionisten\\\/\",\"name\":\"vida Pensionisten\",\"description\":\"\",\"potentialAction\":[{\"@type\":\"SearchAction\",\"target\":{\"@type\":\"EntryPoint\",\"urlTemplate\":\"https:\\\/\\\/blog.vida.at\\\/pensionisten\\\/?s={search_term_string}\"},\"query-input\":{\"@type\":\"PropertyValueSpecification\",\"valueRequired\":true,\"valueName\":\"search_term_string\"}}],\"inLanguage\":\"de\"},{\"@type\":\"Person\",\"@id\":\"https:\\\/\\\/blog.vida.at\\\/pensionisten\\\/#\\\/schema\\\/person\\\/88cee3ee93b9afdc51c92f5f63f38b8a\",\"name\":\"mariontobola\",\"image\":{\"@type\":\"ImageObject\",\"inLanguage\":\"de\",\"@id\":\"https:\\\/\\\/secure.gravatar.com\\\/avatar\\\/5d2c516985e4eda61bca05bd3b4359b4358135bd1e1a5b08c539e9cd1edd6528?s=96&d=mm&r=g\",\"url\":\"https:\\\/\\\/secure.gravatar.com\\\/avatar\\\/5d2c516985e4eda61bca05bd3b4359b4358135bd1e1a5b08c539e9cd1edd6528?s=96&d=mm&r=g\",\"contentUrl\":\"https:\\\/\\\/secure.gravatar.com\\\/avatar\\\/5d2c516985e4eda61bca05bd3b4359b4358135bd1e1a5b08c539e9cd1edd6528?s=96&d=mm&r=g\",\"caption\":\"mariontobola\"},\"url\":\"https:\\\/\\\/blog.vida.at\\\/pensionisten\\\/author\\\/mariontobola\\\/\"}]}<\/script>\n<!-- \/ Yoast SEO plugin. -->","yoast_head_json":{"title":"Technikreise Deutschland","robots":{"index":"index","follow":"follow","max-snippet":"max-snippet:-1","max-image-preview":"max-image-preview:large","max-video-preview":"max-video-preview:-1"},"canonical":"https:\/\/blog.vida.at\/pensionisten\/2022\/05\/04\/technikreise-deutschland\/","og_locale":"de_DE","og_type":"article","og_title":"Technikreise Deutschland","og_description":"ACHTUNG ABSAGE: vida-PensionistInnen in Wien.","og_url":"https:\/\/blog.vida.at\/pensionisten\/2022\/05\/04\/technikreise-deutschland\/","og_site_name":"vida Pensionisten","article_published_time":"2022-05-04T09:59:00+00:00","article_modified_time":"2022-05-04T13:30:48+00:00","og_image":[{"width":2560,"height":1707,"url":"https:\/\/blog.vida.at\/pensionisten\/wp-content\/uploads\/sites\/10\/2022\/01\/AdobeStock_38208654_BRN-Pixel-scaled.jpeg","type":"image\/jpeg"}],"author":"mariontobola","twitter_card":"summary_large_image","twitter_misc":{"Verfasst von":"mariontobola","Gesch\u00e4tzte Lesezeit":"3\u00a0Minuten"},"schema":{"@context":"https:\/\/schema.org","@graph":[{"@type":"Article","@id":"https:\/\/blog.vida.at\/pensionisten\/2022\/05\/04\/technikreise-deutschland\/#article","isPartOf":{"@id":"https:\/\/blog.vida.at\/pensionisten\/2022\/05\/04\/technikreise-deutschland\/"},"author":{"name":"mariontobola","@id":"https:\/\/blog.vida.at\/pensionisten\/#\/schema\/person\/88cee3ee93b9afdc51c92f5f63f38b8a"},"headline":"Technikreise Deutschland","datePublished":"2022-05-04T09:59:00+00:00","dateModified":"2022-05-04T13:30:48+00:00","mainEntityOfPage":{"@id":"https:\/\/blog.vida.at\/pensionisten\/2022\/05\/04\/technikreise-deutschland\/"},"wordCount":490,"commentCount":0,"image":{"@id":"https:\/\/blog.vida.at\/pensionisten\/2022\/05\/04\/technikreise-deutschland\/#primaryimage"},"thumbnailUrl":"https:\/\/blog.vida.at\/pensionisten\/wp-content\/uploads\/sites\/10\/2022\/01\/AdobeStock_38208654_BRN-Pixel-scaled.jpeg","articleSection":{"1":"Ortsgruppen","2":"Wien"},"inLanguage":"de","potentialAction":[{"@type":"CommentAction","name":"Comment","target":["https:\/\/blog.vida.at\/pensionisten\/2022\/05\/04\/technikreise-deutschland\/#respond"]}]},{"@type":"WebPage","@id":"https:\/\/blog.vida.at\/pensionisten\/2022\/05\/04\/technikreise-deutschland\/","url":"https:\/\/blog.vida.at\/pensionisten\/2022\/05\/04\/technikreise-deutschland\/","name":"Technikreise Deutschland","isPartOf":{"@id":"https:\/\/blog.vida.at\/pensionisten\/#website"},"primaryImageOfPage":{"@id":"https:\/\/blog.vida.at\/pensionisten\/2022\/05\/04\/technikreise-deutschland\/#primaryimage"},"image":{"@id":"https:\/\/blog.vida.at\/pensionisten\/2022\/05\/04\/technikreise-deutschland\/#primaryimage"},"thumbnailUrl":"https:\/\/blog.vida.at\/pensionisten\/wp-content\/uploads\/sites\/10\/2022\/01\/AdobeStock_38208654_BRN-Pixel-scaled.jpeg","datePublished":"2022-05-04T09:59:00+00:00","dateModified":"2022-05-04T13:30:48+00:00","author":{"@id":"https:\/\/blog.vida.at\/pensionisten\/#\/schema\/person\/88cee3ee93b9afdc51c92f5f63f38b8a"},"breadcrumb":{"@id":"https:\/\/blog.vida.at\/pensionisten\/2022\/05\/04\/technikreise-deutschland\/#breadcrumb"},"inLanguage":"de","potentialAction":[{"@type":"ReadAction","target":["https:\/\/blog.vida.at\/pensionisten\/2022\/05\/04\/technikreise-deutschland\/"]}]},{"@type":"ImageObject","inLanguage":"de","@id":"https:\/\/blog.vida.at\/pensionisten\/2022\/05\/04\/technikreise-deutschland\/#primaryimage","url":"https:\/\/blog.vida.at\/pensionisten\/wp-content\/uploads\/sites\/10\/2022\/01\/AdobeStock_38208654_BRN-Pixel-scaled.jpeg","contentUrl":"https:\/\/blog.vida.at\/pensionisten\/wp-content\/uploads\/sites\/10\/2022\/01\/AdobeStock_38208654_BRN-Pixel-scaled.jpeg","width":2560,"height":1707},{"@type":"BreadcrumbList","@id":"https:\/\/blog.vida.at\/pensionisten\/2022\/05\/04\/technikreise-deutschland\/#breadcrumb","itemListElement":[{"@type":"ListItem","position":1,"name":"Startseite","item":"https:\/\/blog.vida.at\/pensionisten\/"},{"@type":"ListItem","position":2,"name":"Technikreise Deutschland"}]},{"@type":"WebSite","@id":"https:\/\/blog.vida.at\/pensionisten\/#website","url":"https:\/\/blog.vida.at\/pensionisten\/","name":"vida Pensionisten","description":"","potentialAction":[{"@type":"SearchAction","target":{"@type":"EntryPoint","urlTemplate":"https:\/\/blog.vida.at\/pensionisten\/?s={search_term_string}"},"query-input":{"@type":"PropertyValueSpecification","valueRequired":true,"valueName":"search_term_string"}}],"inLanguage":"de"},{"@type":"Person","@id":"https:\/\/blog.vida.at\/pensionisten\/#\/schema\/person\/88cee3ee93b9afdc51c92f5f63f38b8a","name":"mariontobola","image":{"@type":"ImageObject","inLanguage":"de","@id":"https:\/\/secure.gravatar.com\/avatar\/5d2c516985e4eda61bca05bd3b4359b4358135bd1e1a5b08c539e9cd1edd6528?s=96&d=mm&r=g","url":"https:\/\/secure.gravatar.com\/avatar\/5d2c516985e4eda61bca05bd3b4359b4358135bd1e1a5b08c539e9cd1edd6528?s=96&d=mm&r=g","contentUrl":"https:\/\/secure.gravatar.com\/avatar\/5d2c516985e4eda61bca05bd3b4359b4358135bd1e1a5b08c539e9cd1edd6528?s=96&d=mm&r=g","caption":"mariontobola"},"url":"https:\/\/blog.vida.at\/pensionisten\/author\/mariontobola\/"}]}},"author_meta":{"display_name":"mariontobola","author_link":"https:\/\/blog.vida.at\/pensionisten\/author\/mariontobola\/"},"featured_img":"https:\/\/blog.vida.at\/pensionisten\/wp-content\/uploads\/sites\/10\/2022\/01\/AdobeStock_38208654_BRN-Pixel-300x200.jpeg","featured_image_src":"https:\/\/blog.vida.at\/pensionisten\/wp-content\/uploads\/sites\/10\/2022\/01\/AdobeStock_38208654_BRN-Pixel-600x400.jpeg","featured_image_src_square":"https:\/\/blog.vida.at\/pensionisten\/wp-content\/uploads\/sites\/10\/2022\/01\/AdobeStock_38208654_BRN-Pixel-600x600.jpeg","uagb_featured_image_src":{"full":["https:\/\/blog.vida.at\/pensionisten\/wp-content\/uploads\/sites\/10\/2022\/01\/AdobeStock_38208654_BRN-Pixel-scaled.jpeg",2560,1707,false],"thumbnail":["https:\/\/blog.vida.at\/pensionisten\/wp-content\/uploads\/sites\/10\/2022\/01\/AdobeStock_38208654_BRN-Pixel-150x150.jpeg",150,150,true],"medium":["https:\/\/blog.vida.at\/pensionisten\/wp-content\/uploads\/sites\/10\/2022\/01\/AdobeStock_38208654_BRN-Pixel-300x200.jpeg",300,200,true],"medium_large":["https:\/\/blog.vida.at\/pensionisten\/wp-content\/uploads\/sites\/10\/2022\/01\/AdobeStock_38208654_BRN-Pixel-768x512.jpeg",640,427,true],"large":["https:\/\/blog.vida.at\/pensionisten\/wp-content\/uploads\/sites\/10\/2022\/01\/AdobeStock_38208654_BRN-Pixel-1024x683.jpeg",640,427,true],"1536x1536":["https:\/\/blog.vida.at\/pensionisten\/wp-content\/uploads\/sites\/10\/2022\/01\/AdobeStock_38208654_BRN-Pixel-1536x1024.jpeg",1536,1024,true],"2048x2048":["https:\/\/blog.vida.at\/pensionisten\/wp-content\/uploads\/sites\/10\/2022\/01\/AdobeStock_38208654_BRN-Pixel-2048x1365.jpeg",2048,1365,true],"ab-block-post-grid-landscape":["https:\/\/blog.vida.at\/pensionisten\/wp-content\/uploads\/sites\/10\/2022\/01\/AdobeStock_38208654_BRN-Pixel-600x400.jpeg",600,400,true],"ab-block-post-grid-square":["https:\/\/blog.vida.at\/pensionisten\/wp-content\/uploads\/sites\/10\/2022\/01\/AdobeStock_38208654_BRN-Pixel-600x600.jpeg",600,600,true],"post-thumbnail":["https:\/\/blog.vida.at\/pensionisten\/wp-content\/uploads\/sites\/10\/2022\/01\/AdobeStock_38208654_BRN-Pixel-1568x1045.jpeg",1568,1045,true],"awb_sm":["https:\/\/blog.vida.at\/pensionisten\/wp-content\/uploads\/sites\/10\/2022\/01\/AdobeStock_38208654_BRN-Pixel-500x333.jpeg",500,333,true],"awb_md":["https:\/\/blog.vida.at\/pensionisten\/wp-content\/uploads\/sites\/10\/2022\/01\/AdobeStock_38208654_BRN-Pixel-800x533.jpeg",800,533,true],"awb_lg":["https:\/\/blog.vida.at\/pensionisten\/wp-content\/uploads\/sites\/10\/2022\/01\/AdobeStock_38208654_BRN-Pixel-1280x853.jpeg",1280,853,true],"awb_xl":["https:\/\/blog.vida.at\/pensionisten\/wp-content\/uploads\/sites\/10\/2022\/01\/AdobeStock_38208654_BRN-Pixel-1920x1280.jpeg",1920,1280,true]},"uagb_author_info":{"display_name":"mariontobola","author_link":"https:\/\/blog.vida.at\/pensionisten\/author\/mariontobola\/"},"uagb_comment_info":0,"uagb_excerpt":"ACHTUNG ABSAGE: vida-PensionistInnen in Wien.","coauthors":[],"tax_additional":{"categories":{"linked":["<a href=\"https:\/\/blog.vida.at\/pensionisten\/category\/allgemein\/\" class=\"advgb-post-tax-term\">Allgemein<\/a>","<a href=\"https:\/\/blog.vida.at\/pensionisten\/category\/ortsgruppen\/\" class=\"advgb-post-tax-term\">Ortsgruppen<\/a>","<a href=\"https:\/\/blog.vida.at\/pensionisten\/category\/ortsgruppen\/wien\/\" class=\"advgb-post-tax-term\">Wien<\/a>"],"unlinked":["<span class=\"advgb-post-tax-term\">Allgemein<\/span>","<span class=\"advgb-post-tax-term\">Ortsgruppen<\/span>","<span class=\"advgb-post-tax-term\">Wien<\/span>"]}},"comment_count":"0","relative_dates":{"created":"Ver\u00f6ffentlicht 4\u00a0Jahren vor","modified":"Aktualisiert 4\u00a0Jahren vor"},"absolute_dates":{"created":"Ver\u00f6ffentlicht am 4. Mai 2022","modified":"Aktualisiert am 4. Mai 2022"},"absolute_dates_time":{"created":"Ver\u00f6ffentlicht am 4. Mai 2022 11:59","modified":"Aktualisiert am 4. Mai 2022 15:30"},"featured_img_caption":"","series_order":"","_links":{"self":[{"href":"https:\/\/blog.vida.at\/pensionisten\/wp-json\/wp\/v2\/posts\/4116","targetHints":{"allow":["GET"]}}],"collection":[{"href":"https:\/\/blog.vida.at\/pensionisten\/wp-json\/wp\/v2\/posts"}],"about":[{"href":"https:\/\/blog.vida.at\/pensionisten\/wp-json\/wp\/v2\/types\/post"}],"author":[{"embeddable":true,"href":"https:\/\/blog.vida.at\/pensionisten\/wp-json\/wp\/v2\/users\/8"}],"replies":[{"embeddable":true,"href":"https:\/\/blog.vida.at\/pensionisten\/wp-json\/wp\/v2\/comments?post=4116"}],"version-history":[{"count":9,"href":"https:\/\/blog.vida.at\/pensionisten\/wp-json\/wp\/v2\/posts\/4116\/revisions"}],"predecessor-version":[{"id":4632,"href":"https:\/\/blog.vida.at\/pensionisten\/wp-json\/wp\/v2\/posts\/4116\/revisions\/4632"}],"wp:featuredmedia":[{"embeddable":true,"href":"https:\/\/blog.vida.at\/pensionisten\/wp-json\/wp\/v2\/media\/4022"}],"wp:attachment":[{"href":"https:\/\/blog.vida.at\/pensionisten\/wp-json\/wp\/v2\/media?parent=4116"}],"wp:term":[{"taxonomy":"category","embeddable":true,"href":"https:\/\/blog.vida.at\/pensionisten\/wp-json\/wp\/v2\/categories?post=4116"},{"taxonomy":"post_tag","embeddable":true,"href":"https:\/\/blog.vida.at\/pensionisten\/wp-json\/wp\/v2\/tags?post=4116"},{"taxonomy":"Orte","embeddable":true,"href":"https:\/\/blog.vida.at\/pensionisten\/wp-json\/wp\/v2\/Orte?post=4116"},{"taxonomy":"activitytype","embeddable":true,"href":"https:\/\/blog.vida.at\/pensionisten\/wp-json\/wp\/v2\/activitytype?post=4116"}],"curies":[{"name":"wp","href":"https:\/\/api.w.org\/{rel}","templated":true}]}}