
{"id":4305,"date":"2022-04-25T09:27:00","date_gmt":"2022-04-25T07:27:00","guid":{"rendered":"https:\/\/blog.vida.at\/pensionisten\/?p=4305"},"modified":"2022-04-25T09:57:39","modified_gmt":"2022-04-25T07:57:39","slug":"land-aus-feuer-und-eis-2","status":"publish","type":"post","link":"https:\/\/blog.vida.at\/pensionisten\/2022\/04\/25\/land-aus-feuer-und-eis-2\/","title":{"rendered":"&#8222;Land aus Feuer und Eis&#8220;"},"content":{"rendered":"\n<div class=\"wp-block-group Container\"><div class=\"wp-block-group__inner-container is-layout-flow wp-block-group-is-layout-flow\">\n<h4 class=\"wp-block-heading\">Multimedia-Vortrag der OG Meidling-Simmering \u00fcber Island.<\/h4>\n\n\n\n<br>\n\n\n\n<p><\/p>\n\n\n\n<!--more-->\n\n\n\n<p>Nach der langen Pandemie-bedingten Unterbrechung kehrte die OG Meidling\/Simmering zur Normalit\u00e4t zur\u00fcck und lud am 13. April 2022 zur <span style=\"color: #f90202\" class=\"stk-highlight\"><strong>Er\u00f6ffnungs-Informationsveranstaltung<\/strong><\/span> in die Margaretenstra\u00dfe 166 ein. <\/p>\n\n\n\n<p>Unter dem Titel<span style=\"color: #ed0202\" class=\"stk-highlight\"><strong> <\/strong><\/span>&#8222;<strong><span style=\"color: #0073a8\" class=\"stk-highlight\">Island<\/span><\/strong> <strong>&#8211; Land aus Feuer und Eis<\/strong>&#8220; hielt Dr. Zeiller einen spannenden <span style=\"color: #f50000\" class=\"stk-highlight\"><strong>Multimedia-Vortrag<\/strong><\/span> ab. <\/p>\n\n\n\n<figure class=\"wp-block-gallery has-nested-images columns-default is-cropped wp-block-gallery-1 is-layout-flex wp-block-gallery-is-layout-flex\">\n<figure class=\"wp-block-image size-large is-style-rounded\"><img loading=\"lazy\" decoding=\"async\" width=\"768\" height=\"1024\" data-id=\"4571\" src=\"https:\/\/blog.vida.at\/pensionisten\/wp-content\/uploads\/sites\/10\/2022\/04\/IMG_1031-768x1024.jpg\" alt=\"\" class=\"wp-image-4571\" srcset=\"https:\/\/blog.vida.at\/pensionisten\/wp-content\/uploads\/sites\/10\/2022\/04\/IMG_1031-768x1024.jpg 768w, https:\/\/blog.vida.at\/pensionisten\/wp-content\/uploads\/sites\/10\/2022\/04\/IMG_1031-225x300.jpg 225w, https:\/\/blog.vida.at\/pensionisten\/wp-content\/uploads\/sites\/10\/2022\/04\/IMG_1031-1152x1536.jpg 1152w, https:\/\/blog.vida.at\/pensionisten\/wp-content\/uploads\/sites\/10\/2022\/04\/IMG_1031-1536x2048.jpg 1536w, https:\/\/blog.vida.at\/pensionisten\/wp-content\/uploads\/sites\/10\/2022\/04\/IMG_1031-500x667.jpg 500w, https:\/\/blog.vida.at\/pensionisten\/wp-content\/uploads\/sites\/10\/2022\/04\/IMG_1031-800x1067.jpg 800w, https:\/\/blog.vida.at\/pensionisten\/wp-content\/uploads\/sites\/10\/2022\/04\/IMG_1031-1280x1707.jpg 1280w, https:\/\/blog.vida.at\/pensionisten\/wp-content\/uploads\/sites\/10\/2022\/04\/IMG_1031-scaled.jpg 1920w, https:\/\/blog.vida.at\/pensionisten\/wp-content\/uploads\/sites\/10\/2022\/04\/IMG_1031-1568x2091.jpg 1568w\" sizes=\"auto, (max-width: 768px) 100vw, 768px\" \/><\/figure>\n\n\n\n<figure class=\"wp-block-image size-large is-style-rounded\"><img loading=\"lazy\" decoding=\"async\" width=\"768\" height=\"1024\" data-id=\"4570\" src=\"https:\/\/blog.vida.at\/pensionisten\/wp-content\/uploads\/sites\/10\/2022\/04\/IMG_1032-768x1024.jpg\" alt=\"\" class=\"wp-image-4570\" srcset=\"https:\/\/blog.vida.at\/pensionisten\/wp-content\/uploads\/sites\/10\/2022\/04\/IMG_1032-768x1024.jpg 768w, https:\/\/blog.vida.at\/pensionisten\/wp-content\/uploads\/sites\/10\/2022\/04\/IMG_1032-225x300.jpg 225w, https:\/\/blog.vida.at\/pensionisten\/wp-content\/uploads\/sites\/10\/2022\/04\/IMG_1032-1152x1536.jpg 1152w, https:\/\/blog.vida.at\/pensionisten\/wp-content\/uploads\/sites\/10\/2022\/04\/IMG_1032-1536x2048.jpg 1536w, https:\/\/blog.vida.at\/pensionisten\/wp-content\/uploads\/sites\/10\/2022\/04\/IMG_1032-500x667.jpg 500w, https:\/\/blog.vida.at\/pensionisten\/wp-content\/uploads\/sites\/10\/2022\/04\/IMG_1032-800x1067.jpg 800w, https:\/\/blog.vida.at\/pensionisten\/wp-content\/uploads\/sites\/10\/2022\/04\/IMG_1032-1280x1707.jpg 1280w, https:\/\/blog.vida.at\/pensionisten\/wp-content\/uploads\/sites\/10\/2022\/04\/IMG_1032-scaled.jpg 1920w, https:\/\/blog.vida.at\/pensionisten\/wp-content\/uploads\/sites\/10\/2022\/04\/IMG_1032-1568x2091.jpg 1568w\" sizes=\"auto, (max-width: 768px) 100vw, 768px\" \/><\/figure>\n<\/figure>\n\n\n\n<p><strong>Island ist ein nordischer Inselstaat, dessen spektakul\u00e4re Landschaft durch Vulkane, Geysire, Thermalquellen und Lavafelder gepr\u00e4gt ist.<\/strong> Schutzgebiete f\u00fcr die riesigen Gletscher sind der Vatnaj\u00f6kull- und der Sn\u00e6fellsj\u00f6kull-Nationalpark. Ein Gro\u00dfteil der Bev\u00f6lkerung lebt in der Hauptstadt Reykjavik, die gr\u00f6\u00dftenteils durch Erdw\u00e4rme versorgt wird und wo sich unter anderem das Nationalmuseum und das Sagamuseum befindet, das Islands Wikingergeschichte behandelt.<\/p>\n\n\n\n<p><span style=\"color: #fb0404\" class=\"stk-highlight\"><strong>Wir freuen uns auf die n\u00e4chste Info-Veranstaltung mit dir!<\/strong><\/span><\/p>\n\n\n\n<p><\/p>\n<\/div><\/div>\n","protected":false},"excerpt":{"rendered":"<p>Multimedia-Vortrag der OG Meidling-Simmering \u00fcber Island.<\/p>\n","protected":false},"author":8,"featured_media":4573,"comment_status":"open","ping_status":"open","sticky":false,"template":"","format":"standard","meta":{"_uag_custom_page_level_css":"","advgb_blocks_editor_width":"","advgb_blocks_columns_visual_guide":"","footnotes":""},"categories":[1,49,50],"tags":[],"Orte":[],"activitytype":[],"class_list":["post-4305","post","type-post","status-publish","format-standard","has-post-thumbnail","hentry","category-allgemein","category-ortsgruppen","category-wien","entry"],"featured_image_urls":{"full":["https:\/\/blog.vida.at\/pensionisten\/wp-content\/uploads\/sites\/10\/2022\/03\/OGMeidling_Simmering_Vortrag_Island-scaled.jpg",2560,1921,false],"thumbnail":["https:\/\/blog.vida.at\/pensionisten\/wp-content\/uploads\/sites\/10\/2022\/03\/OGMeidling_Simmering_Vortrag_Island-150x150.jpg",150,150,true],"medium":["https:\/\/blog.vida.at\/pensionisten\/wp-content\/uploads\/sites\/10\/2022\/03\/OGMeidling_Simmering_Vortrag_Island-300x225.jpg",300,225,true],"medium_large":["https:\/\/blog.vida.at\/pensionisten\/wp-content\/uploads\/sites\/10\/2022\/03\/OGMeidling_Simmering_Vortrag_Island-768x576.jpg",640,480,true],"large":["https:\/\/blog.vida.at\/pensionisten\/wp-content\/uploads\/sites\/10\/2022\/03\/OGMeidling_Simmering_Vortrag_Island-1024x768.jpg",640,480,true],"1536x1536":["https:\/\/blog.vida.at\/pensionisten\/wp-content\/uploads\/sites\/10\/2022\/03\/OGMeidling_Simmering_Vortrag_Island-1536x1153.jpg",1536,1153,true],"2048x2048":["https:\/\/blog.vida.at\/pensionisten\/wp-content\/uploads\/sites\/10\/2022\/03\/OGMeidling_Simmering_Vortrag_Island-2048x1537.jpg",2048,1537,true],"ab-block-post-grid-landscape":["https:\/\/blog.vida.at\/pensionisten\/wp-content\/uploads\/sites\/10\/2022\/03\/OGMeidling_Simmering_Vortrag_Island-600x400.jpg",600,400,true],"ab-block-post-grid-square":["https:\/\/blog.vida.at\/pensionisten\/wp-content\/uploads\/sites\/10\/2022\/03\/OGMeidling_Simmering_Vortrag_Island-600x600.jpg",600,600,true],"post-thumbnail":["https:\/\/blog.vida.at\/pensionisten\/wp-content\/uploads\/sites\/10\/2022\/03\/OGMeidling_Simmering_Vortrag_Island-1568x1177.jpg",1568,1177,true],"awb_sm":["https:\/\/blog.vida.at\/pensionisten\/wp-content\/uploads\/sites\/10\/2022\/03\/OGMeidling_Simmering_Vortrag_Island-500x375.jpg",500,375,true],"awb_md":["https:\/\/blog.vida.at\/pensionisten\/wp-content\/uploads\/sites\/10\/2022\/03\/OGMeidling_Simmering_Vortrag_Island-800x600.jpg",800,600,true],"awb_lg":["https:\/\/blog.vida.at\/pensionisten\/wp-content\/uploads\/sites\/10\/2022\/03\/OGMeidling_Simmering_Vortrag_Island-1280x960.jpg",1280,960,true],"awb_xl":["https:\/\/blog.vida.at\/pensionisten\/wp-content\/uploads\/sites\/10\/2022\/03\/OGMeidling_Simmering_Vortrag_Island-1920x1441.jpg",1920,1441,true]},"post_excerpt_stackable":"<p>Multimedia-Vortrag der OG Meidling-Simmering \u00fcber Island. Nach der langen Pandemie-bedingten Unterbrechung kehrte die OG Meidling\/Simmering zur Normalit\u00e4t zur\u00fcck und lud am 13. April 2022 zur Er\u00f6ffnungs-Informationsveranstaltung in die Margaretenstra\u00dfe 166 ein. Unter dem Titel &#8222;Island &#8211; Land aus Feuer und Eis&#8220; hielt Dr. Zeiller einen spannenden Multimedia-Vortrag ab. Island ist ein nordischer Inselstaat, dessen spektakul\u00e4re Landschaft durch Vulkane, Geysire, Thermalquellen und Lavafelder gepr\u00e4gt ist. Schutzgebiete f\u00fcr die riesigen Gletscher sind der Vatnaj\u00f6kull- und der Sn\u00e6fellsj\u00f6kull-Nationalpark. Ein Gro\u00dfteil der Bev\u00f6lkerung lebt in der Hauptstadt Reykjavik, die gr\u00f6\u00dftenteils durch Erdw\u00e4rme versorgt wird und wo sich unter anderem das Nationalmuseum und das Sagamuseum&hellip;<\/p>\n","category_list":"<a href=\"https:\/\/blog.vida.at\/pensionisten\/category\/allgemein\/\" rel=\"category tag\">Allgemein<\/a>, <a href=\"https:\/\/blog.vida.at\/pensionisten\/category\/ortsgruppen\/\" rel=\"category tag\">Ortsgruppen<\/a>, <a href=\"https:\/\/blog.vida.at\/pensionisten\/category\/ortsgruppen\/wien\/\" rel=\"category tag\">Wien<\/a>","author_info":{"display_name":"mariontobola","author_link":"https:\/\/blog.vida.at\/pensionisten\/author\/mariontobola\/"},"comments_num":"0 comments","featured_image_urls_v2":{"full":["https:\/\/blog.vida.at\/pensionisten\/wp-content\/uploads\/sites\/10\/2022\/03\/OGMeidling_Simmering_Vortrag_Island-scaled.jpg",2560,1921,false],"thumbnail":["https:\/\/blog.vida.at\/pensionisten\/wp-content\/uploads\/sites\/10\/2022\/03\/OGMeidling_Simmering_Vortrag_Island-150x150.jpg",150,150,true],"medium":["https:\/\/blog.vida.at\/pensionisten\/wp-content\/uploads\/sites\/10\/2022\/03\/OGMeidling_Simmering_Vortrag_Island-300x225.jpg",300,225,true],"medium_large":["https:\/\/blog.vida.at\/pensionisten\/wp-content\/uploads\/sites\/10\/2022\/03\/OGMeidling_Simmering_Vortrag_Island-768x576.jpg",640,480,true],"large":["https:\/\/blog.vida.at\/pensionisten\/wp-content\/uploads\/sites\/10\/2022\/03\/OGMeidling_Simmering_Vortrag_Island-1024x768.jpg",640,480,true],"1536x1536":["https:\/\/blog.vida.at\/pensionisten\/wp-content\/uploads\/sites\/10\/2022\/03\/OGMeidling_Simmering_Vortrag_Island-1536x1153.jpg",1536,1153,true],"2048x2048":["https:\/\/blog.vida.at\/pensionisten\/wp-content\/uploads\/sites\/10\/2022\/03\/OGMeidling_Simmering_Vortrag_Island-2048x1537.jpg",2048,1537,true],"ab-block-post-grid-landscape":["https:\/\/blog.vida.at\/pensionisten\/wp-content\/uploads\/sites\/10\/2022\/03\/OGMeidling_Simmering_Vortrag_Island-600x400.jpg",600,400,true],"ab-block-post-grid-square":["https:\/\/blog.vida.at\/pensionisten\/wp-content\/uploads\/sites\/10\/2022\/03\/OGMeidling_Simmering_Vortrag_Island-600x600.jpg",600,600,true],"post-thumbnail":["https:\/\/blog.vida.at\/pensionisten\/wp-content\/uploads\/sites\/10\/2022\/03\/OGMeidling_Simmering_Vortrag_Island-1568x1177.jpg",1568,1177,true],"awb_sm":["https:\/\/blog.vida.at\/pensionisten\/wp-content\/uploads\/sites\/10\/2022\/03\/OGMeidling_Simmering_Vortrag_Island-500x375.jpg",500,375,true],"awb_md":["https:\/\/blog.vida.at\/pensionisten\/wp-content\/uploads\/sites\/10\/2022\/03\/OGMeidling_Simmering_Vortrag_Island-800x600.jpg",800,600,true],"awb_lg":["https:\/\/blog.vida.at\/pensionisten\/wp-content\/uploads\/sites\/10\/2022\/03\/OGMeidling_Simmering_Vortrag_Island-1280x960.jpg",1280,960,true],"awb_xl":["https:\/\/blog.vida.at\/pensionisten\/wp-content\/uploads\/sites\/10\/2022\/03\/OGMeidling_Simmering_Vortrag_Island-1920x1441.jpg",1920,1441,true]},"post_excerpt_stackable_v2":"<p>Multimedia-Vortrag der OG Meidling-Simmering \u00fcber Island. Nach der langen Pandemie-bedingten Unterbrechung kehrte die OG Meidling\/Simmering zur Normalit\u00e4t zur\u00fcck und lud am 13. April 2022 zur Er\u00f6ffnungs-Informationsveranstaltung in die Margaretenstra\u00dfe 166 ein. Unter dem Titel &#8222;Island &#8211; Land aus Feuer und Eis&#8220; hielt Dr. Zeiller einen spannenden Multimedia-Vortrag ab. Island ist ein nordischer Inselstaat, dessen spektakul\u00e4re Landschaft durch Vulkane, Geysire, Thermalquellen und Lavafelder gepr\u00e4gt ist. Schutzgebiete f\u00fcr die riesigen Gletscher sind der Vatnaj\u00f6kull- und der Sn\u00e6fellsj\u00f6kull-Nationalpark. Ein Gro\u00dfteil der Bev\u00f6lkerung lebt in der Hauptstadt Reykjavik, die gr\u00f6\u00dftenteils durch Erdw\u00e4rme versorgt wird und wo sich unter anderem das Nationalmuseum und das Sagamuseum&hellip;<\/p>\n","category_list_v2":"<a href=\"https:\/\/blog.vida.at\/pensionisten\/category\/allgemein\/\" rel=\"category tag\">Allgemein<\/a>, <a href=\"https:\/\/blog.vida.at\/pensionisten\/category\/ortsgruppen\/\" rel=\"category tag\">Ortsgruppen<\/a>, <a href=\"https:\/\/blog.vida.at\/pensionisten\/category\/ortsgruppen\/wien\/\" rel=\"category tag\">Wien<\/a>","author_info_v2":{"name":"mariontobola","url":"https:\/\/blog.vida.at\/pensionisten\/author\/mariontobola\/"},"comments_num_v2":"0 comments","yoast_head":"<!-- This site is optimized with the Yoast SEO plugin v27.3 - https:\/\/yoast.com\/product\/yoast-seo-wordpress\/ -->\n<title>&quot;Land aus Feuer und Eis&quot;<\/title>\n<meta name=\"robots\" content=\"index, follow, max-snippet:-1, max-image-preview:large, max-video-preview:-1\" \/>\n<link rel=\"canonical\" href=\"https:\/\/blog.vida.at\/pensionisten\/2022\/04\/25\/land-aus-feuer-und-eis-2\/\" \/>\n<meta property=\"og:locale\" content=\"de_DE\" \/>\n<meta property=\"og:type\" content=\"article\" \/>\n<meta property=\"og:title\" content=\"&quot;Land aus Feuer und Eis&quot;\" \/>\n<meta property=\"og:description\" content=\"Multimedia-Vortrag der OG Meidling-Simmering \u00fcber Island.\" \/>\n<meta property=\"og:url\" content=\"https:\/\/blog.vida.at\/pensionisten\/2022\/04\/25\/land-aus-feuer-und-eis-2\/\" \/>\n<meta property=\"og:site_name\" content=\"vida Pensionisten\" \/>\n<meta property=\"article:published_time\" content=\"2022-04-25T07:27:00+00:00\" \/>\n<meta property=\"article:modified_time\" content=\"2022-04-25T07:57:39+00:00\" \/>\n<meta property=\"og:image\" content=\"https:\/\/blog.vida.at\/pensionisten\/wp-content\/uploads\/sites\/10\/2022\/03\/OGMeidling_Simmering_Vortrag_Island-scaled.jpg\" \/>\n\t<meta property=\"og:image:width\" content=\"2560\" \/>\n\t<meta property=\"og:image:height\" content=\"1921\" \/>\n\t<meta property=\"og:image:type\" content=\"image\/jpeg\" \/>\n<meta name=\"author\" content=\"mariontobola\" \/>\n<meta name=\"twitter:card\" content=\"summary_large_image\" \/>\n<meta name=\"twitter:label1\" content=\"Verfasst von\" \/>\n\t<meta name=\"twitter:data1\" content=\"mariontobola\" \/>\n\t<meta name=\"twitter:label2\" content=\"Gesch\u00e4tzte Lesezeit\" \/>\n\t<meta name=\"twitter:data2\" content=\"2\u00a0Minuten\" \/>\n<script type=\"application\/ld+json\" class=\"yoast-schema-graph\">{\"@context\":\"https:\\\/\\\/schema.org\",\"@graph\":[{\"@type\":\"Article\",\"@id\":\"https:\\\/\\\/blog.vida.at\\\/pensionisten\\\/2022\\\/04\\\/25\\\/land-aus-feuer-und-eis-2\\\/#article\",\"isPartOf\":{\"@id\":\"https:\\\/\\\/blog.vida.at\\\/pensionisten\\\/2022\\\/04\\\/25\\\/land-aus-feuer-und-eis-2\\\/\"},\"author\":{\"name\":\"mariontobola\",\"@id\":\"https:\\\/\\\/blog.vida.at\\\/pensionisten\\\/#\\\/schema\\\/person\\\/88cee3ee93b9afdc51c92f5f63f38b8a\"},\"headline\":\"&#8222;Land aus Feuer und Eis&#8220;\",\"datePublished\":\"2022-04-25T07:27:00+00:00\",\"dateModified\":\"2022-04-25T07:57:39+00:00\",\"mainEntityOfPage\":{\"@id\":\"https:\\\/\\\/blog.vida.at\\\/pensionisten\\\/2022\\\/04\\\/25\\\/land-aus-feuer-und-eis-2\\\/\"},\"wordCount\":132,\"commentCount\":0,\"image\":{\"@id\":\"https:\\\/\\\/blog.vida.at\\\/pensionisten\\\/2022\\\/04\\\/25\\\/land-aus-feuer-und-eis-2\\\/#primaryimage\"},\"thumbnailUrl\":\"https:\\\/\\\/blog.vida.at\\\/pensionisten\\\/wp-content\\\/uploads\\\/sites\\\/10\\\/2022\\\/03\\\/OGMeidling_Simmering_Vortrag_Island-scaled.jpg\",\"articleSection\":{\"1\":\"Ortsgruppen\",\"2\":\"Wien\"},\"inLanguage\":\"de\",\"potentialAction\":[{\"@type\":\"CommentAction\",\"name\":\"Comment\",\"target\":[\"https:\\\/\\\/blog.vida.at\\\/pensionisten\\\/2022\\\/04\\\/25\\\/land-aus-feuer-und-eis-2\\\/#respond\"]}]},{\"@type\":\"WebPage\",\"@id\":\"https:\\\/\\\/blog.vida.at\\\/pensionisten\\\/2022\\\/04\\\/25\\\/land-aus-feuer-und-eis-2\\\/\",\"url\":\"https:\\\/\\\/blog.vida.at\\\/pensionisten\\\/2022\\\/04\\\/25\\\/land-aus-feuer-und-eis-2\\\/\",\"name\":\"\\\"Land aus Feuer und Eis\\\"\",\"isPartOf\":{\"@id\":\"https:\\\/\\\/blog.vida.at\\\/pensionisten\\\/#website\"},\"primaryImageOfPage\":{\"@id\":\"https:\\\/\\\/blog.vida.at\\\/pensionisten\\\/2022\\\/04\\\/25\\\/land-aus-feuer-und-eis-2\\\/#primaryimage\"},\"image\":{\"@id\":\"https:\\\/\\\/blog.vida.at\\\/pensionisten\\\/2022\\\/04\\\/25\\\/land-aus-feuer-und-eis-2\\\/#primaryimage\"},\"thumbnailUrl\":\"https:\\\/\\\/blog.vida.at\\\/pensionisten\\\/wp-content\\\/uploads\\\/sites\\\/10\\\/2022\\\/03\\\/OGMeidling_Simmering_Vortrag_Island-scaled.jpg\",\"datePublished\":\"2022-04-25T07:27:00+00:00\",\"dateModified\":\"2022-04-25T07:57:39+00:00\",\"author\":{\"@id\":\"https:\\\/\\\/blog.vida.at\\\/pensionisten\\\/#\\\/schema\\\/person\\\/88cee3ee93b9afdc51c92f5f63f38b8a\"},\"breadcrumb\":{\"@id\":\"https:\\\/\\\/blog.vida.at\\\/pensionisten\\\/2022\\\/04\\\/25\\\/land-aus-feuer-und-eis-2\\\/#breadcrumb\"},\"inLanguage\":\"de\",\"potentialAction\":[{\"@type\":\"ReadAction\",\"target\":[\"https:\\\/\\\/blog.vida.at\\\/pensionisten\\\/2022\\\/04\\\/25\\\/land-aus-feuer-und-eis-2\\\/\"]}]},{\"@type\":\"ImageObject\",\"inLanguage\":\"de\",\"@id\":\"https:\\\/\\\/blog.vida.at\\\/pensionisten\\\/2022\\\/04\\\/25\\\/land-aus-feuer-und-eis-2\\\/#primaryimage\",\"url\":\"https:\\\/\\\/blog.vida.at\\\/pensionisten\\\/wp-content\\\/uploads\\\/sites\\\/10\\\/2022\\\/03\\\/OGMeidling_Simmering_Vortrag_Island-scaled.jpg\",\"contentUrl\":\"https:\\\/\\\/blog.vida.at\\\/pensionisten\\\/wp-content\\\/uploads\\\/sites\\\/10\\\/2022\\\/03\\\/OGMeidling_Simmering_Vortrag_Island-scaled.jpg\",\"width\":2560,\"height\":1921},{\"@type\":\"BreadcrumbList\",\"@id\":\"https:\\\/\\\/blog.vida.at\\\/pensionisten\\\/2022\\\/04\\\/25\\\/land-aus-feuer-und-eis-2\\\/#breadcrumb\",\"itemListElement\":[{\"@type\":\"ListItem\",\"position\":1,\"name\":\"Startseite\",\"item\":\"https:\\\/\\\/blog.vida.at\\\/pensionisten\\\/\"},{\"@type\":\"ListItem\",\"position\":2,\"name\":\"&#8222;Land aus Feuer und Eis&#8220;\"}]},{\"@type\":\"WebSite\",\"@id\":\"https:\\\/\\\/blog.vida.at\\\/pensionisten\\\/#website\",\"url\":\"https:\\\/\\\/blog.vida.at\\\/pensionisten\\\/\",\"name\":\"vida Pensionisten\",\"description\":\"\",\"potentialAction\":[{\"@type\":\"SearchAction\",\"target\":{\"@type\":\"EntryPoint\",\"urlTemplate\":\"https:\\\/\\\/blog.vida.at\\\/pensionisten\\\/?s={search_term_string}\"},\"query-input\":{\"@type\":\"PropertyValueSpecification\",\"valueRequired\":true,\"valueName\":\"search_term_string\"}}],\"inLanguage\":\"de\"},{\"@type\":\"Person\",\"@id\":\"https:\\\/\\\/blog.vida.at\\\/pensionisten\\\/#\\\/schema\\\/person\\\/88cee3ee93b9afdc51c92f5f63f38b8a\",\"name\":\"mariontobola\",\"image\":{\"@type\":\"ImageObject\",\"inLanguage\":\"de\",\"@id\":\"https:\\\/\\\/secure.gravatar.com\\\/avatar\\\/5d2c516985e4eda61bca05bd3b4359b4358135bd1e1a5b08c539e9cd1edd6528?s=96&d=mm&r=g\",\"url\":\"https:\\\/\\\/secure.gravatar.com\\\/avatar\\\/5d2c516985e4eda61bca05bd3b4359b4358135bd1e1a5b08c539e9cd1edd6528?s=96&d=mm&r=g\",\"contentUrl\":\"https:\\\/\\\/secure.gravatar.com\\\/avatar\\\/5d2c516985e4eda61bca05bd3b4359b4358135bd1e1a5b08c539e9cd1edd6528?s=96&d=mm&r=g\",\"caption\":\"mariontobola\"},\"url\":\"https:\\\/\\\/blog.vida.at\\\/pensionisten\\\/author\\\/mariontobola\\\/\"}]}<\/script>\n<!-- \/ Yoast SEO plugin. -->","yoast_head_json":{"title":"\"Land aus Feuer und Eis\"","robots":{"index":"index","follow":"follow","max-snippet":"max-snippet:-1","max-image-preview":"max-image-preview:large","max-video-preview":"max-video-preview:-1"},"canonical":"https:\/\/blog.vida.at\/pensionisten\/2022\/04\/25\/land-aus-feuer-und-eis-2\/","og_locale":"de_DE","og_type":"article","og_title":"\"Land aus Feuer und Eis\"","og_description":"Multimedia-Vortrag der OG Meidling-Simmering \u00fcber Island.","og_url":"https:\/\/blog.vida.at\/pensionisten\/2022\/04\/25\/land-aus-feuer-und-eis-2\/","og_site_name":"vida Pensionisten","article_published_time":"2022-04-25T07:27:00+00:00","article_modified_time":"2022-04-25T07:57:39+00:00","og_image":[{"width":2560,"height":1921,"url":"https:\/\/blog.vida.at\/pensionisten\/wp-content\/uploads\/sites\/10\/2022\/03\/OGMeidling_Simmering_Vortrag_Island-scaled.jpg","type":"image\/jpeg"}],"author":"mariontobola","twitter_card":"summary_large_image","twitter_misc":{"Verfasst von":"mariontobola","Gesch\u00e4tzte Lesezeit":"2\u00a0Minuten"},"schema":{"@context":"https:\/\/schema.org","@graph":[{"@type":"Article","@id":"https:\/\/blog.vida.at\/pensionisten\/2022\/04\/25\/land-aus-feuer-und-eis-2\/#article","isPartOf":{"@id":"https:\/\/blog.vida.at\/pensionisten\/2022\/04\/25\/land-aus-feuer-und-eis-2\/"},"author":{"name":"mariontobola","@id":"https:\/\/blog.vida.at\/pensionisten\/#\/schema\/person\/88cee3ee93b9afdc51c92f5f63f38b8a"},"headline":"&#8222;Land aus Feuer und Eis&#8220;","datePublished":"2022-04-25T07:27:00+00:00","dateModified":"2022-04-25T07:57:39+00:00","mainEntityOfPage":{"@id":"https:\/\/blog.vida.at\/pensionisten\/2022\/04\/25\/land-aus-feuer-und-eis-2\/"},"wordCount":132,"commentCount":0,"image":{"@id":"https:\/\/blog.vida.at\/pensionisten\/2022\/04\/25\/land-aus-feuer-und-eis-2\/#primaryimage"},"thumbnailUrl":"https:\/\/blog.vida.at\/pensionisten\/wp-content\/uploads\/sites\/10\/2022\/03\/OGMeidling_Simmering_Vortrag_Island-scaled.jpg","articleSection":{"1":"Ortsgruppen","2":"Wien"},"inLanguage":"de","potentialAction":[{"@type":"CommentAction","name":"Comment","target":["https:\/\/blog.vida.at\/pensionisten\/2022\/04\/25\/land-aus-feuer-und-eis-2\/#respond"]}]},{"@type":"WebPage","@id":"https:\/\/blog.vida.at\/pensionisten\/2022\/04\/25\/land-aus-feuer-und-eis-2\/","url":"https:\/\/blog.vida.at\/pensionisten\/2022\/04\/25\/land-aus-feuer-und-eis-2\/","name":"\"Land aus Feuer und Eis\"","isPartOf":{"@id":"https:\/\/blog.vida.at\/pensionisten\/#website"},"primaryImageOfPage":{"@id":"https:\/\/blog.vida.at\/pensionisten\/2022\/04\/25\/land-aus-feuer-und-eis-2\/#primaryimage"},"image":{"@id":"https:\/\/blog.vida.at\/pensionisten\/2022\/04\/25\/land-aus-feuer-und-eis-2\/#primaryimage"},"thumbnailUrl":"https:\/\/blog.vida.at\/pensionisten\/wp-content\/uploads\/sites\/10\/2022\/03\/OGMeidling_Simmering_Vortrag_Island-scaled.jpg","datePublished":"2022-04-25T07:27:00+00:00","dateModified":"2022-04-25T07:57:39+00:00","author":{"@id":"https:\/\/blog.vida.at\/pensionisten\/#\/schema\/person\/88cee3ee93b9afdc51c92f5f63f38b8a"},"breadcrumb":{"@id":"https:\/\/blog.vida.at\/pensionisten\/2022\/04\/25\/land-aus-feuer-und-eis-2\/#breadcrumb"},"inLanguage":"de","potentialAction":[{"@type":"ReadAction","target":["https:\/\/blog.vida.at\/pensionisten\/2022\/04\/25\/land-aus-feuer-und-eis-2\/"]}]},{"@type":"ImageObject","inLanguage":"de","@id":"https:\/\/blog.vida.at\/pensionisten\/2022\/04\/25\/land-aus-feuer-und-eis-2\/#primaryimage","url":"https:\/\/blog.vida.at\/pensionisten\/wp-content\/uploads\/sites\/10\/2022\/03\/OGMeidling_Simmering_Vortrag_Island-scaled.jpg","contentUrl":"https:\/\/blog.vida.at\/pensionisten\/wp-content\/uploads\/sites\/10\/2022\/03\/OGMeidling_Simmering_Vortrag_Island-scaled.jpg","width":2560,"height":1921},{"@type":"BreadcrumbList","@id":"https:\/\/blog.vida.at\/pensionisten\/2022\/04\/25\/land-aus-feuer-und-eis-2\/#breadcrumb","itemListElement":[{"@type":"ListItem","position":1,"name":"Startseite","item":"https:\/\/blog.vida.at\/pensionisten\/"},{"@type":"ListItem","position":2,"name":"&#8222;Land aus Feuer und Eis&#8220;"}]},{"@type":"WebSite","@id":"https:\/\/blog.vida.at\/pensionisten\/#website","url":"https:\/\/blog.vida.at\/pensionisten\/","name":"vida Pensionisten","description":"","potentialAction":[{"@type":"SearchAction","target":{"@type":"EntryPoint","urlTemplate":"https:\/\/blog.vida.at\/pensionisten\/?s={search_term_string}"},"query-input":{"@type":"PropertyValueSpecification","valueRequired":true,"valueName":"search_term_string"}}],"inLanguage":"de"},{"@type":"Person","@id":"https:\/\/blog.vida.at\/pensionisten\/#\/schema\/person\/88cee3ee93b9afdc51c92f5f63f38b8a","name":"mariontobola","image":{"@type":"ImageObject","inLanguage":"de","@id":"https:\/\/secure.gravatar.com\/avatar\/5d2c516985e4eda61bca05bd3b4359b4358135bd1e1a5b08c539e9cd1edd6528?s=96&d=mm&r=g","url":"https:\/\/secure.gravatar.com\/avatar\/5d2c516985e4eda61bca05bd3b4359b4358135bd1e1a5b08c539e9cd1edd6528?s=96&d=mm&r=g","contentUrl":"https:\/\/secure.gravatar.com\/avatar\/5d2c516985e4eda61bca05bd3b4359b4358135bd1e1a5b08c539e9cd1edd6528?s=96&d=mm&r=g","caption":"mariontobola"},"url":"https:\/\/blog.vida.at\/pensionisten\/author\/mariontobola\/"}]}},"author_meta":{"display_name":"mariontobola","author_link":"https:\/\/blog.vida.at\/pensionisten\/author\/mariontobola\/"},"featured_img":"https:\/\/blog.vida.at\/pensionisten\/wp-content\/uploads\/sites\/10\/2022\/03\/OGMeidling_Simmering_Vortrag_Island-300x225.jpg","featured_image_src":"https:\/\/blog.vida.at\/pensionisten\/wp-content\/uploads\/sites\/10\/2022\/03\/OGMeidling_Simmering_Vortrag_Island-600x400.jpg","featured_image_src_square":"https:\/\/blog.vida.at\/pensionisten\/wp-content\/uploads\/sites\/10\/2022\/03\/OGMeidling_Simmering_Vortrag_Island-600x600.jpg","uagb_featured_image_src":{"full":["https:\/\/blog.vida.at\/pensionisten\/wp-content\/uploads\/sites\/10\/2022\/03\/OGMeidling_Simmering_Vortrag_Island-scaled.jpg",2560,1921,false],"thumbnail":["https:\/\/blog.vida.at\/pensionisten\/wp-content\/uploads\/sites\/10\/2022\/03\/OGMeidling_Simmering_Vortrag_Island-150x150.jpg",150,150,true],"medium":["https:\/\/blog.vida.at\/pensionisten\/wp-content\/uploads\/sites\/10\/2022\/03\/OGMeidling_Simmering_Vortrag_Island-300x225.jpg",300,225,true],"medium_large":["https:\/\/blog.vida.at\/pensionisten\/wp-content\/uploads\/sites\/10\/2022\/03\/OGMeidling_Simmering_Vortrag_Island-768x576.jpg",640,480,true],"large":["https:\/\/blog.vida.at\/pensionisten\/wp-content\/uploads\/sites\/10\/2022\/03\/OGMeidling_Simmering_Vortrag_Island-1024x768.jpg",640,480,true],"1536x1536":["https:\/\/blog.vida.at\/pensionisten\/wp-content\/uploads\/sites\/10\/2022\/03\/OGMeidling_Simmering_Vortrag_Island-1536x1153.jpg",1536,1153,true],"2048x2048":["https:\/\/blog.vida.at\/pensionisten\/wp-content\/uploads\/sites\/10\/2022\/03\/OGMeidling_Simmering_Vortrag_Island-2048x1537.jpg",2048,1537,true],"ab-block-post-grid-landscape":["https:\/\/blog.vida.at\/pensionisten\/wp-content\/uploads\/sites\/10\/2022\/03\/OGMeidling_Simmering_Vortrag_Island-600x400.jpg",600,400,true],"ab-block-post-grid-square":["https:\/\/blog.vida.at\/pensionisten\/wp-content\/uploads\/sites\/10\/2022\/03\/OGMeidling_Simmering_Vortrag_Island-600x600.jpg",600,600,true],"post-thumbnail":["https:\/\/blog.vida.at\/pensionisten\/wp-content\/uploads\/sites\/10\/2022\/03\/OGMeidling_Simmering_Vortrag_Island-1568x1177.jpg",1568,1177,true],"awb_sm":["https:\/\/blog.vida.at\/pensionisten\/wp-content\/uploads\/sites\/10\/2022\/03\/OGMeidling_Simmering_Vortrag_Island-500x375.jpg",500,375,true],"awb_md":["https:\/\/blog.vida.at\/pensionisten\/wp-content\/uploads\/sites\/10\/2022\/03\/OGMeidling_Simmering_Vortrag_Island-800x600.jpg",800,600,true],"awb_lg":["https:\/\/blog.vida.at\/pensionisten\/wp-content\/uploads\/sites\/10\/2022\/03\/OGMeidling_Simmering_Vortrag_Island-1280x960.jpg",1280,960,true],"awb_xl":["https:\/\/blog.vida.at\/pensionisten\/wp-content\/uploads\/sites\/10\/2022\/03\/OGMeidling_Simmering_Vortrag_Island-1920x1441.jpg",1920,1441,true]},"uagb_author_info":{"display_name":"mariontobola","author_link":"https:\/\/blog.vida.at\/pensionisten\/author\/mariontobola\/"},"uagb_comment_info":0,"uagb_excerpt":"Multimedia-Vortrag der OG Meidling-Simmering \u00fcber Island.","coauthors":[],"tax_additional":{"categories":{"linked":["<a href=\"https:\/\/blog.vida.at\/pensionisten\/category\/allgemein\/\" class=\"advgb-post-tax-term\">Allgemein<\/a>","<a href=\"https:\/\/blog.vida.at\/pensionisten\/category\/ortsgruppen\/\" class=\"advgb-post-tax-term\">Ortsgruppen<\/a>","<a href=\"https:\/\/blog.vida.at\/pensionisten\/category\/ortsgruppen\/wien\/\" class=\"advgb-post-tax-term\">Wien<\/a>"],"unlinked":["<span class=\"advgb-post-tax-term\">Allgemein<\/span>","<span class=\"advgb-post-tax-term\">Ortsgruppen<\/span>","<span class=\"advgb-post-tax-term\">Wien<\/span>"]}},"comment_count":"0","relative_dates":{"created":"Ver\u00f6ffentlicht 4\u00a0Jahren vor","modified":"Aktualisiert 4\u00a0Jahren vor"},"absolute_dates":{"created":"Ver\u00f6ffentlicht am 25. April 2022","modified":"Aktualisiert am 25. April 2022"},"absolute_dates_time":{"created":"Ver\u00f6ffentlicht am 25. April 2022 9:27","modified":"Aktualisiert am 25. April 2022 9:57"},"featured_img_caption":"","series_order":"","_links":{"self":[{"href":"https:\/\/blog.vida.at\/pensionisten\/wp-json\/wp\/v2\/posts\/4305","targetHints":{"allow":["GET"]}}],"collection":[{"href":"https:\/\/blog.vida.at\/pensionisten\/wp-json\/wp\/v2\/posts"}],"about":[{"href":"https:\/\/blog.vida.at\/pensionisten\/wp-json\/wp\/v2\/types\/post"}],"author":[{"embeddable":true,"href":"https:\/\/blog.vida.at\/pensionisten\/wp-json\/wp\/v2\/users\/8"}],"replies":[{"embeddable":true,"href":"https:\/\/blog.vida.at\/pensionisten\/wp-json\/wp\/v2\/comments?post=4305"}],"version-history":[{"count":6,"href":"https:\/\/blog.vida.at\/pensionisten\/wp-json\/wp\/v2\/posts\/4305\/revisions"}],"predecessor-version":[{"id":4574,"href":"https:\/\/blog.vida.at\/pensionisten\/wp-json\/wp\/v2\/posts\/4305\/revisions\/4574"}],"wp:featuredmedia":[{"embeddable":true,"href":"https:\/\/blog.vida.at\/pensionisten\/wp-json\/wp\/v2\/media\/4573"}],"wp:attachment":[{"href":"https:\/\/blog.vida.at\/pensionisten\/wp-json\/wp\/v2\/media?parent=4305"}],"wp:term":[{"taxonomy":"category","embeddable":true,"href":"https:\/\/blog.vida.at\/pensionisten\/wp-json\/wp\/v2\/categories?post=4305"},{"taxonomy":"post_tag","embeddable":true,"href":"https:\/\/blog.vida.at\/pensionisten\/wp-json\/wp\/v2\/tags?post=4305"},{"taxonomy":"Orte","embeddable":true,"href":"https:\/\/blog.vida.at\/pensionisten\/wp-json\/wp\/v2\/Orte?post=4305"},{"taxonomy":"activitytype","embeddable":true,"href":"https:\/\/blog.vida.at\/pensionisten\/wp-json\/wp\/v2\/activitytype?post=4305"}],"curies":[{"name":"wp","href":"https:\/\/api.w.org\/{rel}","templated":true}]}}