
{"id":4716,"date":"2022-05-17T13:34:27","date_gmt":"2022-05-17T11:34:27","guid":{"rendered":"https:\/\/blog.vida.at\/pensionisten\/?p=4716"},"modified":"2022-05-17T13:37:25","modified_gmt":"2022-05-17T11:37:25","slug":"pfingst-fruehschoppen-in-favoriten","status":"publish","type":"post","link":"https:\/\/blog.vida.at\/pensionisten\/2022\/05\/17\/pfingst-fruehschoppen-in-favoriten\/","title":{"rendered":"Pfingst-Fr\u00fchschoppen"},"content":{"rendered":"\n<p>Mit <strong><strong><strong>zuk\u00fcnftiger Blasmusik<\/strong><\/strong><\/strong> der <strong>Eisenbahnermusik Wien S\u00fcd-Ost<\/strong> in Favoriten.<\/p>\n\n\n\n<br>\n\n\n\n<!--more-->\n\n\n\n<p>In <strong>Wien Favoriten<\/strong> findet heuer ein <strong>Pfingst-Fr\u00fchschoppen <\/strong>statt. Dabei sorgt die <strong>Eisenbahnermusik Wien S\u00fcd-Ost <\/strong>mit z\u00fcnftiger Blasmusik f\u00fcr gute Stimmung. <\/p>\n\n\n\n<p><span style=\"color: #ea0202\" class=\"stk-highlight\"><strong>S<\/strong><\/span><span style=\"color: #ed0505\" class=\"stk-highlight\"><strong>ei auch dabei!<\/strong><\/span><\/p>\n\n\n\n<p><strong><span style=\"color: #0073a8\" class=\"stk-highlight\">Wann:<\/span> Montag, 6. Juni 2022, ab 11 Uhr<\/strong><br><strong><span style=\"color: #0073a8\" class=\"stk-highlight\">Wo: <\/span>Restaurant \u201eGenussspecht zum Unterlaaerhof\u201c<\/strong> im Gastgarten, bei Schlechtwetter im Saal, in 1100 Wien, Unterlaaer Platz 2<\/p>\n\n\n\n<p><span style=\"color: #f60808\" class=\"stk-highlight\">Eintritt frei!<\/span><\/p>\n\n\n\n<p><strong>Reservierungen unter Tel. 01\/688 0 300<\/strong><\/p>\n\n\n\n<div class=\"wp-block-image\"><figure class=\"aligncenter size-large\"><img loading=\"lazy\" decoding=\"async\" width=\"768\" height=\"1024\" src=\"https:\/\/blog.vida.at\/pensionisten\/wp-content\/uploads\/sites\/10\/2022\/05\/IMG-20220516-WA0010-768x1024.jpg\" alt=\"\" class=\"wp-image-4719\" srcset=\"https:\/\/blog.vida.at\/pensionisten\/wp-content\/uploads\/sites\/10\/2022\/05\/IMG-20220516-WA0010-768x1024.jpg 768w, https:\/\/blog.vida.at\/pensionisten\/wp-content\/uploads\/sites\/10\/2022\/05\/IMG-20220516-WA0010-225x300.jpg 225w, https:\/\/blog.vida.at\/pensionisten\/wp-content\/uploads\/sites\/10\/2022\/05\/IMG-20220516-WA0010-500x667.jpg 500w, https:\/\/blog.vida.at\/pensionisten\/wp-content\/uploads\/sites\/10\/2022\/05\/IMG-20220516-WA0010-800x1067.jpg 800w, https:\/\/blog.vida.at\/pensionisten\/wp-content\/uploads\/sites\/10\/2022\/05\/IMG-20220516-WA0010.jpg 1008w\" sizes=\"auto, (max-width: 768px) 100vw, 768px\" \/><\/figure><\/div>\n\n\n\n<p><\/p>\n\n\n\n<p><\/p>\n\n\n\n<p><\/p>\n","protected":false},"excerpt":{"rendered":"<p>Mit zuk\u00fcnftiger Blasmusik der Eisenbahnermusik Wien S\u00fcd-Ost in Favoriten.<\/p>\n","protected":false},"author":8,"featured_media":4721,"comment_status":"open","ping_status":"open","sticky":false,"template":"","format":"standard","meta":{"_uag_custom_page_level_css":"","advgb_blocks_editor_width":"","advgb_blocks_columns_visual_guide":"","footnotes":""},"categories":[4,1,49,50],"tags":[],"Orte":[],"activitytype":[],"class_list":["post-4716","post","type-post","status-publish","format-standard","has-post-thumbnail","hentry","category-aktuelles","category-allgemein","category-ortsgruppen","category-wien","entry"],"featured_image_urls":{"full":["https:\/\/blog.vida.at\/pensionisten\/wp-content\/uploads\/sites\/10\/2022\/05\/IMG-20220516-WA0010-1.jpg",724,441,false],"thumbnail":["https:\/\/blog.vida.at\/pensionisten\/wp-content\/uploads\/sites\/10\/2022\/05\/IMG-20220516-WA0010-1-150x150.jpg",150,150,true],"medium":["https:\/\/blog.vida.at\/pensionisten\/wp-content\/uploads\/sites\/10\/2022\/05\/IMG-20220516-WA0010-1-300x183.jpg",300,183,true],"medium_large":["https:\/\/blog.vida.at\/pensionisten\/wp-content\/uploads\/sites\/10\/2022\/05\/IMG-20220516-WA0010-1.jpg",640,390,false],"large":["https:\/\/blog.vida.at\/pensionisten\/wp-content\/uploads\/sites\/10\/2022\/05\/IMG-20220516-WA0010-1.jpg",640,390,false],"1536x1536":["https:\/\/blog.vida.at\/pensionisten\/wp-content\/uploads\/sites\/10\/2022\/05\/IMG-20220516-WA0010-1.jpg",724,441,false],"2048x2048":["https:\/\/blog.vida.at\/pensionisten\/wp-content\/uploads\/sites\/10\/2022\/05\/IMG-20220516-WA0010-1.jpg",724,441,false],"ab-block-post-grid-landscape":["https:\/\/blog.vida.at\/pensionisten\/wp-content\/uploads\/sites\/10\/2022\/05\/IMG-20220516-WA0010-1-600x400.jpg",600,400,true],"ab-block-post-grid-square":["https:\/\/blog.vida.at\/pensionisten\/wp-content\/uploads\/sites\/10\/2022\/05\/IMG-20220516-WA0010-1-600x441.jpg",600,441,true],"post-thumbnail":["https:\/\/blog.vida.at\/pensionisten\/wp-content\/uploads\/sites\/10\/2022\/05\/IMG-20220516-WA0010-1.jpg",724,441,false],"awb_sm":["https:\/\/blog.vida.at\/pensionisten\/wp-content\/uploads\/sites\/10\/2022\/05\/IMG-20220516-WA0010-1-500x305.jpg",500,305,true],"awb_md":["https:\/\/blog.vida.at\/pensionisten\/wp-content\/uploads\/sites\/10\/2022\/05\/IMG-20220516-WA0010-1.jpg",724,441,false],"awb_lg":["https:\/\/blog.vida.at\/pensionisten\/wp-content\/uploads\/sites\/10\/2022\/05\/IMG-20220516-WA0010-1.jpg",724,441,false],"awb_xl":["https:\/\/blog.vida.at\/pensionisten\/wp-content\/uploads\/sites\/10\/2022\/05\/IMG-20220516-WA0010-1.jpg",724,441,false]},"post_excerpt_stackable":"<p>Mit zuk\u00fcnftiger Blasmusik der Eisenbahnermusik Wien S\u00fcd-Ost in Favoriten. In Wien Favoriten findet heuer ein Pfingst-Fr\u00fchschoppen statt. Dabei sorgt die Eisenbahnermusik Wien S\u00fcd-Ost mit z\u00fcnftiger Blasmusik f\u00fcr gute Stimmung. Sei auch dabei! Wann: Montag, 6. Juni 2022, ab 11 UhrWo: Restaurant \u201eGenussspecht zum Unterlaaerhof\u201c im Gastgarten, bei Schlechtwetter im Saal, in 1100 Wien, Unterlaaer Platz 2 Eintritt frei! Reservierungen unter Tel. 01\/688 0 300<\/p>\n","category_list":"<a href=\"https:\/\/blog.vida.at\/pensionisten\/category\/aktuelles\/\" rel=\"category tag\">Aktuelles<\/a>, <a href=\"https:\/\/blog.vida.at\/pensionisten\/category\/allgemein\/\" rel=\"category tag\">Allgemein<\/a>, <a href=\"https:\/\/blog.vida.at\/pensionisten\/category\/ortsgruppen\/\" rel=\"category tag\">Ortsgruppen<\/a>, <a href=\"https:\/\/blog.vida.at\/pensionisten\/category\/ortsgruppen\/wien\/\" rel=\"category tag\">Wien<\/a>","author_info":{"display_name":"mariontobola","author_link":"https:\/\/blog.vida.at\/pensionisten\/author\/mariontobola\/"},"comments_num":"0 comments","featured_image_urls_v2":{"full":["https:\/\/blog.vida.at\/pensionisten\/wp-content\/uploads\/sites\/10\/2022\/05\/IMG-20220516-WA0010-1.jpg",724,441,false],"thumbnail":["https:\/\/blog.vida.at\/pensionisten\/wp-content\/uploads\/sites\/10\/2022\/05\/IMG-20220516-WA0010-1-150x150.jpg",150,150,true],"medium":["https:\/\/blog.vida.at\/pensionisten\/wp-content\/uploads\/sites\/10\/2022\/05\/IMG-20220516-WA0010-1-300x183.jpg",300,183,true],"medium_large":["https:\/\/blog.vida.at\/pensionisten\/wp-content\/uploads\/sites\/10\/2022\/05\/IMG-20220516-WA0010-1.jpg",640,390,false],"large":["https:\/\/blog.vida.at\/pensionisten\/wp-content\/uploads\/sites\/10\/2022\/05\/IMG-20220516-WA0010-1.jpg",640,390,false],"1536x1536":["https:\/\/blog.vida.at\/pensionisten\/wp-content\/uploads\/sites\/10\/2022\/05\/IMG-20220516-WA0010-1.jpg",724,441,false],"2048x2048":["https:\/\/blog.vida.at\/pensionisten\/wp-content\/uploads\/sites\/10\/2022\/05\/IMG-20220516-WA0010-1.jpg",724,441,false],"ab-block-post-grid-landscape":["https:\/\/blog.vida.at\/pensionisten\/wp-content\/uploads\/sites\/10\/2022\/05\/IMG-20220516-WA0010-1-600x400.jpg",600,400,true],"ab-block-post-grid-square":["https:\/\/blog.vida.at\/pensionisten\/wp-content\/uploads\/sites\/10\/2022\/05\/IMG-20220516-WA0010-1-600x441.jpg",600,441,true],"post-thumbnail":["https:\/\/blog.vida.at\/pensionisten\/wp-content\/uploads\/sites\/10\/2022\/05\/IMG-20220516-WA0010-1.jpg",724,441,false],"awb_sm":["https:\/\/blog.vida.at\/pensionisten\/wp-content\/uploads\/sites\/10\/2022\/05\/IMG-20220516-WA0010-1-500x305.jpg",500,305,true],"awb_md":["https:\/\/blog.vida.at\/pensionisten\/wp-content\/uploads\/sites\/10\/2022\/05\/IMG-20220516-WA0010-1.jpg",724,441,false],"awb_lg":["https:\/\/blog.vida.at\/pensionisten\/wp-content\/uploads\/sites\/10\/2022\/05\/IMG-20220516-WA0010-1.jpg",724,441,false],"awb_xl":["https:\/\/blog.vida.at\/pensionisten\/wp-content\/uploads\/sites\/10\/2022\/05\/IMG-20220516-WA0010-1.jpg",724,441,false]},"post_excerpt_stackable_v2":"<p>Mit zuk\u00fcnftiger Blasmusik der Eisenbahnermusik Wien S\u00fcd-Ost in Favoriten. In Wien Favoriten findet heuer ein Pfingst-Fr\u00fchschoppen statt. Dabei sorgt die Eisenbahnermusik Wien S\u00fcd-Ost mit z\u00fcnftiger Blasmusik f\u00fcr gute Stimmung. Sei auch dabei! Wann: Montag, 6. Juni 2022, ab 11 UhrWo: Restaurant \u201eGenussspecht zum Unterlaaerhof\u201c im Gastgarten, bei Schlechtwetter im Saal, in 1100 Wien, Unterlaaer Platz 2 Eintritt frei! Reservierungen unter Tel. 01\/688 0 300<\/p>\n","category_list_v2":"<a href=\"https:\/\/blog.vida.at\/pensionisten\/category\/aktuelles\/\" rel=\"category tag\">Aktuelles<\/a>, <a href=\"https:\/\/blog.vida.at\/pensionisten\/category\/allgemein\/\" rel=\"category tag\">Allgemein<\/a>, <a href=\"https:\/\/blog.vida.at\/pensionisten\/category\/ortsgruppen\/\" rel=\"category tag\">Ortsgruppen<\/a>, <a href=\"https:\/\/blog.vida.at\/pensionisten\/category\/ortsgruppen\/wien\/\" rel=\"category tag\">Wien<\/a>","author_info_v2":{"name":"mariontobola","url":"https:\/\/blog.vida.at\/pensionisten\/author\/mariontobola\/"},"comments_num_v2":"0 comments","yoast_head":"<!-- This site is optimized with the Yoast SEO plugin v27.3 - https:\/\/yoast.com\/product\/yoast-seo-wordpress\/ -->\n<title>Pfingst-Fr\u00fchschoppen<\/title>\n<meta name=\"robots\" content=\"index, follow, max-snippet:-1, max-image-preview:large, max-video-preview:-1\" \/>\n<link rel=\"canonical\" href=\"https:\/\/blog.vida.at\/pensionisten\/2022\/05\/17\/pfingst-fruehschoppen-in-favoriten\/\" \/>\n<meta property=\"og:locale\" content=\"de_DE\" \/>\n<meta property=\"og:type\" content=\"article\" \/>\n<meta property=\"og:title\" content=\"Pfingst-Fr\u00fchschoppen\" \/>\n<meta property=\"og:description\" content=\"Mit zuk\u00fcnftiger Blasmusik der Eisenbahnermusik Wien S\u00fcd-Ost in Favoriten.\" \/>\n<meta property=\"og:url\" content=\"https:\/\/blog.vida.at\/pensionisten\/2022\/05\/17\/pfingst-fruehschoppen-in-favoriten\/\" \/>\n<meta property=\"og:site_name\" content=\"vida Pensionisten\" \/>\n<meta property=\"article:published_time\" content=\"2022-05-17T11:34:27+00:00\" \/>\n<meta property=\"article:modified_time\" content=\"2022-05-17T11:37:25+00:00\" \/>\n<meta property=\"og:image\" content=\"https:\/\/blog.vida.at\/pensionisten\/wp-content\/uploads\/sites\/10\/2022\/05\/IMG-20220516-WA0010-1.jpg\" \/>\n\t<meta property=\"og:image:width\" content=\"724\" \/>\n\t<meta property=\"og:image:height\" content=\"441\" \/>\n\t<meta property=\"og:image:type\" content=\"image\/jpeg\" \/>\n<meta name=\"author\" content=\"mariontobola\" \/>\n<meta name=\"twitter:card\" content=\"summary_large_image\" \/>\n<meta name=\"twitter:label1\" content=\"Verfasst von\" \/>\n\t<meta name=\"twitter:data1\" content=\"mariontobola\" \/>\n\t<meta name=\"twitter:label2\" content=\"Gesch\u00e4tzte Lesezeit\" \/>\n\t<meta name=\"twitter:data2\" content=\"1\u00a0Minute\" \/>\n<script type=\"application\/ld+json\" class=\"yoast-schema-graph\">{\"@context\":\"https:\\\/\\\/schema.org\",\"@graph\":[{\"@type\":\"Article\",\"@id\":\"https:\\\/\\\/blog.vida.at\\\/pensionisten\\\/2022\\\/05\\\/17\\\/pfingst-fruehschoppen-in-favoriten\\\/#article\",\"isPartOf\":{\"@id\":\"https:\\\/\\\/blog.vida.at\\\/pensionisten\\\/2022\\\/05\\\/17\\\/pfingst-fruehschoppen-in-favoriten\\\/\"},\"author\":{\"name\":\"mariontobola\",\"@id\":\"https:\\\/\\\/blog.vida.at\\\/pensionisten\\\/#\\\/schema\\\/person\\\/88cee3ee93b9afdc51c92f5f63f38b8a\"},\"headline\":\"Pfingst-Fr\u00fchschoppen\",\"datePublished\":\"2022-05-17T11:34:27+00:00\",\"dateModified\":\"2022-05-17T11:37:25+00:00\",\"mainEntityOfPage\":{\"@id\":\"https:\\\/\\\/blog.vida.at\\\/pensionisten\\\/2022\\\/05\\\/17\\\/pfingst-fruehschoppen-in-favoriten\\\/\"},\"wordCount\":66,\"commentCount\":0,\"image\":{\"@id\":\"https:\\\/\\\/blog.vida.at\\\/pensionisten\\\/2022\\\/05\\\/17\\\/pfingst-fruehschoppen-in-favoriten\\\/#primaryimage\"},\"thumbnailUrl\":\"https:\\\/\\\/blog.vida.at\\\/pensionisten\\\/wp-content\\\/uploads\\\/sites\\\/10\\\/2022\\\/05\\\/IMG-20220516-WA0010-1.jpg\",\"articleSection\":{\"0\":\"Aktuelles\",\"2\":\"Ortsgruppen\",\"3\":\"Wien\"},\"inLanguage\":\"de\",\"potentialAction\":[{\"@type\":\"CommentAction\",\"name\":\"Comment\",\"target\":[\"https:\\\/\\\/blog.vida.at\\\/pensionisten\\\/2022\\\/05\\\/17\\\/pfingst-fruehschoppen-in-favoriten\\\/#respond\"]}]},{\"@type\":\"WebPage\",\"@id\":\"https:\\\/\\\/blog.vida.at\\\/pensionisten\\\/2022\\\/05\\\/17\\\/pfingst-fruehschoppen-in-favoriten\\\/\",\"url\":\"https:\\\/\\\/blog.vida.at\\\/pensionisten\\\/2022\\\/05\\\/17\\\/pfingst-fruehschoppen-in-favoriten\\\/\",\"name\":\"Pfingst-Fr\u00fchschoppen\",\"isPartOf\":{\"@id\":\"https:\\\/\\\/blog.vida.at\\\/pensionisten\\\/#website\"},\"primaryImageOfPage\":{\"@id\":\"https:\\\/\\\/blog.vida.at\\\/pensionisten\\\/2022\\\/05\\\/17\\\/pfingst-fruehschoppen-in-favoriten\\\/#primaryimage\"},\"image\":{\"@id\":\"https:\\\/\\\/blog.vida.at\\\/pensionisten\\\/2022\\\/05\\\/17\\\/pfingst-fruehschoppen-in-favoriten\\\/#primaryimage\"},\"thumbnailUrl\":\"https:\\\/\\\/blog.vida.at\\\/pensionisten\\\/wp-content\\\/uploads\\\/sites\\\/10\\\/2022\\\/05\\\/IMG-20220516-WA0010-1.jpg\",\"datePublished\":\"2022-05-17T11:34:27+00:00\",\"dateModified\":\"2022-05-17T11:37:25+00:00\",\"author\":{\"@id\":\"https:\\\/\\\/blog.vida.at\\\/pensionisten\\\/#\\\/schema\\\/person\\\/88cee3ee93b9afdc51c92f5f63f38b8a\"},\"breadcrumb\":{\"@id\":\"https:\\\/\\\/blog.vida.at\\\/pensionisten\\\/2022\\\/05\\\/17\\\/pfingst-fruehschoppen-in-favoriten\\\/#breadcrumb\"},\"inLanguage\":\"de\",\"potentialAction\":[{\"@type\":\"ReadAction\",\"target\":[\"https:\\\/\\\/blog.vida.at\\\/pensionisten\\\/2022\\\/05\\\/17\\\/pfingst-fruehschoppen-in-favoriten\\\/\"]}]},{\"@type\":\"ImageObject\",\"inLanguage\":\"de\",\"@id\":\"https:\\\/\\\/blog.vida.at\\\/pensionisten\\\/2022\\\/05\\\/17\\\/pfingst-fruehschoppen-in-favoriten\\\/#primaryimage\",\"url\":\"https:\\\/\\\/blog.vida.at\\\/pensionisten\\\/wp-content\\\/uploads\\\/sites\\\/10\\\/2022\\\/05\\\/IMG-20220516-WA0010-1.jpg\",\"contentUrl\":\"https:\\\/\\\/blog.vida.at\\\/pensionisten\\\/wp-content\\\/uploads\\\/sites\\\/10\\\/2022\\\/05\\\/IMG-20220516-WA0010-1.jpg\",\"width\":724,\"height\":441},{\"@type\":\"BreadcrumbList\",\"@id\":\"https:\\\/\\\/blog.vida.at\\\/pensionisten\\\/2022\\\/05\\\/17\\\/pfingst-fruehschoppen-in-favoriten\\\/#breadcrumb\",\"itemListElement\":[{\"@type\":\"ListItem\",\"position\":1,\"name\":\"Startseite\",\"item\":\"https:\\\/\\\/blog.vida.at\\\/pensionisten\\\/\"},{\"@type\":\"ListItem\",\"position\":2,\"name\":\"Pfingst-Fr\u00fchschoppen\"}]},{\"@type\":\"WebSite\",\"@id\":\"https:\\\/\\\/blog.vida.at\\\/pensionisten\\\/#website\",\"url\":\"https:\\\/\\\/blog.vida.at\\\/pensionisten\\\/\",\"name\":\"vida Pensionisten\",\"description\":\"\",\"potentialAction\":[{\"@type\":\"SearchAction\",\"target\":{\"@type\":\"EntryPoint\",\"urlTemplate\":\"https:\\\/\\\/blog.vida.at\\\/pensionisten\\\/?s={search_term_string}\"},\"query-input\":{\"@type\":\"PropertyValueSpecification\",\"valueRequired\":true,\"valueName\":\"search_term_string\"}}],\"inLanguage\":\"de\"},{\"@type\":\"Person\",\"@id\":\"https:\\\/\\\/blog.vida.at\\\/pensionisten\\\/#\\\/schema\\\/person\\\/88cee3ee93b9afdc51c92f5f63f38b8a\",\"name\":\"mariontobola\",\"image\":{\"@type\":\"ImageObject\",\"inLanguage\":\"de\",\"@id\":\"https:\\\/\\\/secure.gravatar.com\\\/avatar\\\/5d2c516985e4eda61bca05bd3b4359b4358135bd1e1a5b08c539e9cd1edd6528?s=96&d=mm&r=g\",\"url\":\"https:\\\/\\\/secure.gravatar.com\\\/avatar\\\/5d2c516985e4eda61bca05bd3b4359b4358135bd1e1a5b08c539e9cd1edd6528?s=96&d=mm&r=g\",\"contentUrl\":\"https:\\\/\\\/secure.gravatar.com\\\/avatar\\\/5d2c516985e4eda61bca05bd3b4359b4358135bd1e1a5b08c539e9cd1edd6528?s=96&d=mm&r=g\",\"caption\":\"mariontobola\"},\"url\":\"https:\\\/\\\/blog.vida.at\\\/pensionisten\\\/author\\\/mariontobola\\\/\"}]}<\/script>\n<!-- \/ Yoast SEO plugin. -->","yoast_head_json":{"title":"Pfingst-Fr\u00fchschoppen","robots":{"index":"index","follow":"follow","max-snippet":"max-snippet:-1","max-image-preview":"max-image-preview:large","max-video-preview":"max-video-preview:-1"},"canonical":"https:\/\/blog.vida.at\/pensionisten\/2022\/05\/17\/pfingst-fruehschoppen-in-favoriten\/","og_locale":"de_DE","og_type":"article","og_title":"Pfingst-Fr\u00fchschoppen","og_description":"Mit zuk\u00fcnftiger Blasmusik der Eisenbahnermusik Wien S\u00fcd-Ost in Favoriten.","og_url":"https:\/\/blog.vida.at\/pensionisten\/2022\/05\/17\/pfingst-fruehschoppen-in-favoriten\/","og_site_name":"vida Pensionisten","article_published_time":"2022-05-17T11:34:27+00:00","article_modified_time":"2022-05-17T11:37:25+00:00","og_image":[{"width":724,"height":441,"url":"https:\/\/blog.vida.at\/pensionisten\/wp-content\/uploads\/sites\/10\/2022\/05\/IMG-20220516-WA0010-1.jpg","type":"image\/jpeg"}],"author":"mariontobola","twitter_card":"summary_large_image","twitter_misc":{"Verfasst von":"mariontobola","Gesch\u00e4tzte Lesezeit":"1\u00a0Minute"},"schema":{"@context":"https:\/\/schema.org","@graph":[{"@type":"Article","@id":"https:\/\/blog.vida.at\/pensionisten\/2022\/05\/17\/pfingst-fruehschoppen-in-favoriten\/#article","isPartOf":{"@id":"https:\/\/blog.vida.at\/pensionisten\/2022\/05\/17\/pfingst-fruehschoppen-in-favoriten\/"},"author":{"name":"mariontobola","@id":"https:\/\/blog.vida.at\/pensionisten\/#\/schema\/person\/88cee3ee93b9afdc51c92f5f63f38b8a"},"headline":"Pfingst-Fr\u00fchschoppen","datePublished":"2022-05-17T11:34:27+00:00","dateModified":"2022-05-17T11:37:25+00:00","mainEntityOfPage":{"@id":"https:\/\/blog.vida.at\/pensionisten\/2022\/05\/17\/pfingst-fruehschoppen-in-favoriten\/"},"wordCount":66,"commentCount":0,"image":{"@id":"https:\/\/blog.vida.at\/pensionisten\/2022\/05\/17\/pfingst-fruehschoppen-in-favoriten\/#primaryimage"},"thumbnailUrl":"https:\/\/blog.vida.at\/pensionisten\/wp-content\/uploads\/sites\/10\/2022\/05\/IMG-20220516-WA0010-1.jpg","articleSection":{"0":"Aktuelles","2":"Ortsgruppen","3":"Wien"},"inLanguage":"de","potentialAction":[{"@type":"CommentAction","name":"Comment","target":["https:\/\/blog.vida.at\/pensionisten\/2022\/05\/17\/pfingst-fruehschoppen-in-favoriten\/#respond"]}]},{"@type":"WebPage","@id":"https:\/\/blog.vida.at\/pensionisten\/2022\/05\/17\/pfingst-fruehschoppen-in-favoriten\/","url":"https:\/\/blog.vida.at\/pensionisten\/2022\/05\/17\/pfingst-fruehschoppen-in-favoriten\/","name":"Pfingst-Fr\u00fchschoppen","isPartOf":{"@id":"https:\/\/blog.vida.at\/pensionisten\/#website"},"primaryImageOfPage":{"@id":"https:\/\/blog.vida.at\/pensionisten\/2022\/05\/17\/pfingst-fruehschoppen-in-favoriten\/#primaryimage"},"image":{"@id":"https:\/\/blog.vida.at\/pensionisten\/2022\/05\/17\/pfingst-fruehschoppen-in-favoriten\/#primaryimage"},"thumbnailUrl":"https:\/\/blog.vida.at\/pensionisten\/wp-content\/uploads\/sites\/10\/2022\/05\/IMG-20220516-WA0010-1.jpg","datePublished":"2022-05-17T11:34:27+00:00","dateModified":"2022-05-17T11:37:25+00:00","author":{"@id":"https:\/\/blog.vida.at\/pensionisten\/#\/schema\/person\/88cee3ee93b9afdc51c92f5f63f38b8a"},"breadcrumb":{"@id":"https:\/\/blog.vida.at\/pensionisten\/2022\/05\/17\/pfingst-fruehschoppen-in-favoriten\/#breadcrumb"},"inLanguage":"de","potentialAction":[{"@type":"ReadAction","target":["https:\/\/blog.vida.at\/pensionisten\/2022\/05\/17\/pfingst-fruehschoppen-in-favoriten\/"]}]},{"@type":"ImageObject","inLanguage":"de","@id":"https:\/\/blog.vida.at\/pensionisten\/2022\/05\/17\/pfingst-fruehschoppen-in-favoriten\/#primaryimage","url":"https:\/\/blog.vida.at\/pensionisten\/wp-content\/uploads\/sites\/10\/2022\/05\/IMG-20220516-WA0010-1.jpg","contentUrl":"https:\/\/blog.vida.at\/pensionisten\/wp-content\/uploads\/sites\/10\/2022\/05\/IMG-20220516-WA0010-1.jpg","width":724,"height":441},{"@type":"BreadcrumbList","@id":"https:\/\/blog.vida.at\/pensionisten\/2022\/05\/17\/pfingst-fruehschoppen-in-favoriten\/#breadcrumb","itemListElement":[{"@type":"ListItem","position":1,"name":"Startseite","item":"https:\/\/blog.vida.at\/pensionisten\/"},{"@type":"ListItem","position":2,"name":"Pfingst-Fr\u00fchschoppen"}]},{"@type":"WebSite","@id":"https:\/\/blog.vida.at\/pensionisten\/#website","url":"https:\/\/blog.vida.at\/pensionisten\/","name":"vida Pensionisten","description":"","potentialAction":[{"@type":"SearchAction","target":{"@type":"EntryPoint","urlTemplate":"https:\/\/blog.vida.at\/pensionisten\/?s={search_term_string}"},"query-input":{"@type":"PropertyValueSpecification","valueRequired":true,"valueName":"search_term_string"}}],"inLanguage":"de"},{"@type":"Person","@id":"https:\/\/blog.vida.at\/pensionisten\/#\/schema\/person\/88cee3ee93b9afdc51c92f5f63f38b8a","name":"mariontobola","image":{"@type":"ImageObject","inLanguage":"de","@id":"https:\/\/secure.gravatar.com\/avatar\/5d2c516985e4eda61bca05bd3b4359b4358135bd1e1a5b08c539e9cd1edd6528?s=96&d=mm&r=g","url":"https:\/\/secure.gravatar.com\/avatar\/5d2c516985e4eda61bca05bd3b4359b4358135bd1e1a5b08c539e9cd1edd6528?s=96&d=mm&r=g","contentUrl":"https:\/\/secure.gravatar.com\/avatar\/5d2c516985e4eda61bca05bd3b4359b4358135bd1e1a5b08c539e9cd1edd6528?s=96&d=mm&r=g","caption":"mariontobola"},"url":"https:\/\/blog.vida.at\/pensionisten\/author\/mariontobola\/"}]}},"author_meta":{"display_name":"mariontobola","author_link":"https:\/\/blog.vida.at\/pensionisten\/author\/mariontobola\/"},"featured_img":"https:\/\/blog.vida.at\/pensionisten\/wp-content\/uploads\/sites\/10\/2022\/05\/IMG-20220516-WA0010-1-300x183.jpg","featured_image_src":"https:\/\/blog.vida.at\/pensionisten\/wp-content\/uploads\/sites\/10\/2022\/05\/IMG-20220516-WA0010-1-600x400.jpg","featured_image_src_square":"https:\/\/blog.vida.at\/pensionisten\/wp-content\/uploads\/sites\/10\/2022\/05\/IMG-20220516-WA0010-1-600x441.jpg","uagb_featured_image_src":{"full":["https:\/\/blog.vida.at\/pensionisten\/wp-content\/uploads\/sites\/10\/2022\/05\/IMG-20220516-WA0010-1.jpg",724,441,false],"thumbnail":["https:\/\/blog.vida.at\/pensionisten\/wp-content\/uploads\/sites\/10\/2022\/05\/IMG-20220516-WA0010-1-150x150.jpg",150,150,true],"medium":["https:\/\/blog.vida.at\/pensionisten\/wp-content\/uploads\/sites\/10\/2022\/05\/IMG-20220516-WA0010-1-300x183.jpg",300,183,true],"medium_large":["https:\/\/blog.vida.at\/pensionisten\/wp-content\/uploads\/sites\/10\/2022\/05\/IMG-20220516-WA0010-1.jpg",640,390,false],"large":["https:\/\/blog.vida.at\/pensionisten\/wp-content\/uploads\/sites\/10\/2022\/05\/IMG-20220516-WA0010-1.jpg",640,390,false],"1536x1536":["https:\/\/blog.vida.at\/pensionisten\/wp-content\/uploads\/sites\/10\/2022\/05\/IMG-20220516-WA0010-1.jpg",724,441,false],"2048x2048":["https:\/\/blog.vida.at\/pensionisten\/wp-content\/uploads\/sites\/10\/2022\/05\/IMG-20220516-WA0010-1.jpg",724,441,false],"ab-block-post-grid-landscape":["https:\/\/blog.vida.at\/pensionisten\/wp-content\/uploads\/sites\/10\/2022\/05\/IMG-20220516-WA0010-1-600x400.jpg",600,400,true],"ab-block-post-grid-square":["https:\/\/blog.vida.at\/pensionisten\/wp-content\/uploads\/sites\/10\/2022\/05\/IMG-20220516-WA0010-1-600x441.jpg",600,441,true],"post-thumbnail":["https:\/\/blog.vida.at\/pensionisten\/wp-content\/uploads\/sites\/10\/2022\/05\/IMG-20220516-WA0010-1.jpg",724,441,false],"awb_sm":["https:\/\/blog.vida.at\/pensionisten\/wp-content\/uploads\/sites\/10\/2022\/05\/IMG-20220516-WA0010-1-500x305.jpg",500,305,true],"awb_md":["https:\/\/blog.vida.at\/pensionisten\/wp-content\/uploads\/sites\/10\/2022\/05\/IMG-20220516-WA0010-1.jpg",724,441,false],"awb_lg":["https:\/\/blog.vida.at\/pensionisten\/wp-content\/uploads\/sites\/10\/2022\/05\/IMG-20220516-WA0010-1.jpg",724,441,false],"awb_xl":["https:\/\/blog.vida.at\/pensionisten\/wp-content\/uploads\/sites\/10\/2022\/05\/IMG-20220516-WA0010-1.jpg",724,441,false]},"uagb_author_info":{"display_name":"mariontobola","author_link":"https:\/\/blog.vida.at\/pensionisten\/author\/mariontobola\/"},"uagb_comment_info":0,"uagb_excerpt":"Mit zuk\u00fcnftiger Blasmusik der Eisenbahnermusik Wien S\u00fcd-Ost in Favoriten.","coauthors":[],"tax_additional":{"categories":{"linked":["<a href=\"https:\/\/blog.vida.at\/pensionisten\/category\/aktuelles\/\" class=\"advgb-post-tax-term\">Aktuelles<\/a>","<a href=\"https:\/\/blog.vida.at\/pensionisten\/category\/allgemein\/\" class=\"advgb-post-tax-term\">Allgemein<\/a>","<a href=\"https:\/\/blog.vida.at\/pensionisten\/category\/ortsgruppen\/\" class=\"advgb-post-tax-term\">Ortsgruppen<\/a>","<a href=\"https:\/\/blog.vida.at\/pensionisten\/category\/ortsgruppen\/wien\/\" class=\"advgb-post-tax-term\">Wien<\/a>"],"unlinked":["<span class=\"advgb-post-tax-term\">Aktuelles<\/span>","<span class=\"advgb-post-tax-term\">Allgemein<\/span>","<span class=\"advgb-post-tax-term\">Ortsgruppen<\/span>","<span class=\"advgb-post-tax-term\">Wien<\/span>"]}},"comment_count":"0","relative_dates":{"created":"Ver\u00f6ffentlicht 4\u00a0Jahren vor","modified":"Aktualisiert 4\u00a0Jahren vor"},"absolute_dates":{"created":"Ver\u00f6ffentlicht am 17. Mai 2022","modified":"Aktualisiert am 17. Mai 2022"},"absolute_dates_time":{"created":"Ver\u00f6ffentlicht am 17. Mai 2022 13:34","modified":"Aktualisiert am 17. Mai 2022 13:37"},"featured_img_caption":"","series_order":"","_links":{"self":[{"href":"https:\/\/blog.vida.at\/pensionisten\/wp-json\/wp\/v2\/posts\/4716","targetHints":{"allow":["GET"]}}],"collection":[{"href":"https:\/\/blog.vida.at\/pensionisten\/wp-json\/wp\/v2\/posts"}],"about":[{"href":"https:\/\/blog.vida.at\/pensionisten\/wp-json\/wp\/v2\/types\/post"}],"author":[{"embeddable":true,"href":"https:\/\/blog.vida.at\/pensionisten\/wp-json\/wp\/v2\/users\/8"}],"replies":[{"embeddable":true,"href":"https:\/\/blog.vida.at\/pensionisten\/wp-json\/wp\/v2\/comments?post=4716"}],"version-history":[{"count":7,"href":"https:\/\/blog.vida.at\/pensionisten\/wp-json\/wp\/v2\/posts\/4716\/revisions"}],"predecessor-version":[{"id":4725,"href":"https:\/\/blog.vida.at\/pensionisten\/wp-json\/wp\/v2\/posts\/4716\/revisions\/4725"}],"wp:featuredmedia":[{"embeddable":true,"href":"https:\/\/blog.vida.at\/pensionisten\/wp-json\/wp\/v2\/media\/4721"}],"wp:attachment":[{"href":"https:\/\/blog.vida.at\/pensionisten\/wp-json\/wp\/v2\/media?parent=4716"}],"wp:term":[{"taxonomy":"category","embeddable":true,"href":"https:\/\/blog.vida.at\/pensionisten\/wp-json\/wp\/v2\/categories?post=4716"},{"taxonomy":"post_tag","embeddable":true,"href":"https:\/\/blog.vida.at\/pensionisten\/wp-json\/wp\/v2\/tags?post=4716"},{"taxonomy":"Orte","embeddable":true,"href":"https:\/\/blog.vida.at\/pensionisten\/wp-json\/wp\/v2\/Orte?post=4716"},{"taxonomy":"activitytype","embeddable":true,"href":"https:\/\/blog.vida.at\/pensionisten\/wp-json\/wp\/v2\/activitytype?post=4716"}],"curies":[{"name":"wp","href":"https:\/\/api.w.org\/{rel}","templated":true}]}}