
{"id":4822,"date":"2022-05-30T12:03:56","date_gmt":"2022-05-30T10:03:56","guid":{"rendered":"https:\/\/blog.vida.at\/pensionisten\/?p=4822"},"modified":"2022-05-30T12:03:57","modified_gmt":"2022-05-30T10:03:57","slug":"vida-stark-in-bad-aussee","status":"publish","type":"post","link":"https:\/\/blog.vida.at\/pensionisten\/2022\/05\/30\/vida-stark-in-bad-aussee\/","title":{"rendered":"vida stark in Bad Aussee"},"content":{"rendered":"\n<div class=\"wp-block-group Container\"><div class=\"wp-block-group__inner-container is-layout-flow wp-block-group-is-layout-flow\">\n<h4 class=\"wp-block-heading\">Ortsgruppe lud im Mai zur Mitgliederversammlung.<\/h4>\n\n\n\n<br>\n\n\n\n<p><\/p>\n\n\n\n<!--more-->\n\n\n\n<p>Am 13. Mai 2022 fand die Mitgliederversammlung der vida-PensionistInnen Ortsgruppe Bad Aussee im Stadionst\u00fcberl statt. Dabei konnte <strong>OG-Vorsitzender Stellv. Johann Egger<\/strong> zahlreiche Mitglieder begr\u00fc\u00dfen.<\/p>\n\n\n\n<p>Dar\u00fcber hinaus begr\u00fc\u00dfte Johann Egger den <strong>Bundesvorsitzenden der vida-PensionistInnen<\/strong>, <strong>Rudi Srba<\/strong>, den <strong>Landesvorsitzenden der vida-PensionistInnen<\/strong> in der Steiermark, <strong>Walter Haas<\/strong>, <strong>B\u00fcrgermeister der Stadt Friedberg<\/strong>, &nbsp;sowie den <strong>Vertreter der Stadtgemeinde Bad Aussee GR Rudi Margotti<\/strong>.<\/p>\n\n\n\n<p>Bei der Neuwahl wurde <strong>Johann Egger<\/strong> einstimmig zum neuen OG-Vorsitzenden gew\u00e4hlt, weiters wurden einstimmig gew\u00e4hlt, OG-Vorsitzender Stellv. <strong>Johann Egglmaier<\/strong>; Kassier <strong>Alfred Deopito<\/strong>; Schriftf\u00fchrer <strong>Herbert Salfelner<\/strong> sowie die bestehenden Vertrauenspersonen.<\/p>\n\n\n\n<p>Nach den aufschlussreichen Referaten des Bundesvorsitzenden <strong>Rudi Srba<\/strong> und des Landesvorsitzenden <strong>Walter Haas <\/strong>konnten zwei Mitglieder f\u00fcr <strong>25 Jahre<\/strong>, zehn Mitglieder f\u00fcr <strong>40 Jahre<\/strong>, vierzehn Mitglieder <strong>f\u00fcr 50 Jahre<\/strong>, sechs Mitglieder f\u00fcr <strong>60 Jahre<\/strong> und ein Mitglied f\u00fcr <strong>70 Jahre<\/strong> geehrt werden.<\/p>\n\n\n\n<p>Dem aus gesundheitlichen Gr\u00fcnden nicht mehr kandidierenden langj\u00e4hrigen OG-Vorsitzenden <strong>Herbert Sulzbacher<\/strong> wurde von Seiten des Bundesvorsitzenden <strong>Rudi Srba<\/strong>, Landesvorsitzenden <strong>Walter Haas<\/strong> und OG-Vorsitzenden <strong>Johann Egger<\/strong> f\u00fcr seine \u00fcber drei\u00dfigj\u00e4hrige geleistete Arbeit herzlich gedankt, und von den anwesenden Mitgliedern mit gro\u00dfem Applaus bedacht.<\/p>\n\n\n\n<div class=\"wp-block-image is-style-rounded\"><figure class=\"aligncenter size-large\"><img loading=\"lazy\" decoding=\"async\" width=\"1024\" height=\"512\" src=\"https:\/\/blog.vida.at\/pensionisten\/wp-content\/uploads\/sites\/10\/2022\/05\/OG_BadAussee-1024x512.jpg\" alt=\"\" class=\"wp-image-4824\" srcset=\"https:\/\/blog.vida.at\/pensionisten\/wp-content\/uploads\/sites\/10\/2022\/05\/OG_BadAussee-1024x512.jpg 1024w, https:\/\/blog.vida.at\/pensionisten\/wp-content\/uploads\/sites\/10\/2022\/05\/OG_BadAussee-300x150.jpg 300w, https:\/\/blog.vida.at\/pensionisten\/wp-content\/uploads\/sites\/10\/2022\/05\/OG_BadAussee-768x384.jpg 768w, https:\/\/blog.vida.at\/pensionisten\/wp-content\/uploads\/sites\/10\/2022\/05\/OG_BadAussee-500x250.jpg 500w, https:\/\/blog.vida.at\/pensionisten\/wp-content\/uploads\/sites\/10\/2022\/05\/OG_BadAussee-800x400.jpg 800w, https:\/\/blog.vida.at\/pensionisten\/wp-content\/uploads\/sites\/10\/2022\/05\/OG_BadAussee-1280x640.jpg 1280w, https:\/\/blog.vida.at\/pensionisten\/wp-content\/uploads\/sites\/10\/2022\/05\/OG_BadAussee.jpg 1386w\" sizes=\"auto, (max-width: 1024px) 100vw, 1024px\" \/><\/figure><\/div>\n\n\n\n<p><\/p>\n\n\n\n<p><\/p>\n<\/div><\/div>\n\n\n\n<p><\/p>\n","protected":false},"excerpt":{"rendered":"<p>Ortsgruppe lud im Mai zur Mitgliederversammlung.<\/p>\n","protected":false},"author":8,"featured_media":4824,"comment_status":"open","ping_status":"open","sticky":false,"template":"","format":"standard","meta":{"_uag_custom_page_level_css":"","advgb_blocks_editor_width":"","advgb_blocks_columns_visual_guide":"","footnotes":""},"categories":[1,49,54],"tags":[],"Orte":[],"activitytype":[],"class_list":["post-4822","post","type-post","status-publish","format-standard","has-post-thumbnail","hentry","category-allgemein","category-ortsgruppen","category-steiermark","entry"],"featured_image_urls":{"full":["https:\/\/blog.vida.at\/pensionisten\/wp-content\/uploads\/sites\/10\/2022\/05\/OG_BadAussee.jpg",1386,693,false],"thumbnail":["https:\/\/blog.vida.at\/pensionisten\/wp-content\/uploads\/sites\/10\/2022\/05\/OG_BadAussee-150x150.jpg",150,150,true],"medium":["https:\/\/blog.vida.at\/pensionisten\/wp-content\/uploads\/sites\/10\/2022\/05\/OG_BadAussee-300x150.jpg",300,150,true],"medium_large":["https:\/\/blog.vida.at\/pensionisten\/wp-content\/uploads\/sites\/10\/2022\/05\/OG_BadAussee-768x384.jpg",640,320,true],"large":["https:\/\/blog.vida.at\/pensionisten\/wp-content\/uploads\/sites\/10\/2022\/05\/OG_BadAussee-1024x512.jpg",640,320,true],"1536x1536":["https:\/\/blog.vida.at\/pensionisten\/wp-content\/uploads\/sites\/10\/2022\/05\/OG_BadAussee.jpg",1386,693,false],"2048x2048":["https:\/\/blog.vida.at\/pensionisten\/wp-content\/uploads\/sites\/10\/2022\/05\/OG_BadAussee.jpg",1386,693,false],"ab-block-post-grid-landscape":["https:\/\/blog.vida.at\/pensionisten\/wp-content\/uploads\/sites\/10\/2022\/05\/OG_BadAussee-600x400.jpg",600,400,true],"ab-block-post-grid-square":["https:\/\/blog.vida.at\/pensionisten\/wp-content\/uploads\/sites\/10\/2022\/05\/OG_BadAussee-600x600.jpg",600,600,true],"post-thumbnail":["https:\/\/blog.vida.at\/pensionisten\/wp-content\/uploads\/sites\/10\/2022\/05\/OG_BadAussee.jpg",1386,693,false],"awb_sm":["https:\/\/blog.vida.at\/pensionisten\/wp-content\/uploads\/sites\/10\/2022\/05\/OG_BadAussee-500x250.jpg",500,250,true],"awb_md":["https:\/\/blog.vida.at\/pensionisten\/wp-content\/uploads\/sites\/10\/2022\/05\/OG_BadAussee-800x400.jpg",800,400,true],"awb_lg":["https:\/\/blog.vida.at\/pensionisten\/wp-content\/uploads\/sites\/10\/2022\/05\/OG_BadAussee-1280x640.jpg",1280,640,true],"awb_xl":["https:\/\/blog.vida.at\/pensionisten\/wp-content\/uploads\/sites\/10\/2022\/05\/OG_BadAussee.jpg",1386,693,false]},"post_excerpt_stackable":"<p>Ortsgruppe lud im Mai zur Mitgliederversammlung. Am 13. Mai 2022 fand die Mitgliederversammlung der vida-PensionistInnen Ortsgruppe Bad Aussee im Stadionst\u00fcberl statt. Dabei konnte OG-Vorsitzender Stellv. Johann Egger zahlreiche Mitglieder begr\u00fc\u00dfen. Dar\u00fcber hinaus begr\u00fc\u00dfte Johann Egger den Bundesvorsitzenden der vida-PensionistInnen, Rudi Srba, den Landesvorsitzenden der vida-PensionistInnen in der Steiermark, Walter Haas, B\u00fcrgermeister der Stadt Friedberg, &nbsp;sowie den Vertreter der Stadtgemeinde Bad Aussee GR Rudi Margotti. Bei der Neuwahl wurde Johann Egger einstimmig zum neuen OG-Vorsitzenden gew\u00e4hlt, weiters wurden einstimmig gew\u00e4hlt, OG-Vorsitzender Stellv. Johann Egglmaier; Kassier Alfred Deopito; Schriftf\u00fchrer Herbert Salfelner sowie die bestehenden Vertrauenspersonen. Nach den aufschlussreichen Referaten des Bundesvorsitzenden Rudi&hellip;<\/p>\n","category_list":"<a href=\"https:\/\/blog.vida.at\/pensionisten\/category\/allgemein\/\" rel=\"category tag\">Allgemein<\/a>, <a href=\"https:\/\/blog.vida.at\/pensionisten\/category\/ortsgruppen\/\" rel=\"category tag\">Ortsgruppen<\/a>, <a href=\"https:\/\/blog.vida.at\/pensionisten\/category\/ortsgruppen\/steiermark\/\" rel=\"category tag\">Steiermark<\/a>","author_info":{"display_name":"mariontobola","author_link":"https:\/\/blog.vida.at\/pensionisten\/author\/mariontobola\/"},"comments_num":"0 comments","featured_image_urls_v2":{"full":["https:\/\/blog.vida.at\/pensionisten\/wp-content\/uploads\/sites\/10\/2022\/05\/OG_BadAussee.jpg",1386,693,false],"thumbnail":["https:\/\/blog.vida.at\/pensionisten\/wp-content\/uploads\/sites\/10\/2022\/05\/OG_BadAussee-150x150.jpg",150,150,true],"medium":["https:\/\/blog.vida.at\/pensionisten\/wp-content\/uploads\/sites\/10\/2022\/05\/OG_BadAussee-300x150.jpg",300,150,true],"medium_large":["https:\/\/blog.vida.at\/pensionisten\/wp-content\/uploads\/sites\/10\/2022\/05\/OG_BadAussee-768x384.jpg",640,320,true],"large":["https:\/\/blog.vida.at\/pensionisten\/wp-content\/uploads\/sites\/10\/2022\/05\/OG_BadAussee-1024x512.jpg",640,320,true],"1536x1536":["https:\/\/blog.vida.at\/pensionisten\/wp-content\/uploads\/sites\/10\/2022\/05\/OG_BadAussee.jpg",1386,693,false],"2048x2048":["https:\/\/blog.vida.at\/pensionisten\/wp-content\/uploads\/sites\/10\/2022\/05\/OG_BadAussee.jpg",1386,693,false],"ab-block-post-grid-landscape":["https:\/\/blog.vida.at\/pensionisten\/wp-content\/uploads\/sites\/10\/2022\/05\/OG_BadAussee-600x400.jpg",600,400,true],"ab-block-post-grid-square":["https:\/\/blog.vida.at\/pensionisten\/wp-content\/uploads\/sites\/10\/2022\/05\/OG_BadAussee-600x600.jpg",600,600,true],"post-thumbnail":["https:\/\/blog.vida.at\/pensionisten\/wp-content\/uploads\/sites\/10\/2022\/05\/OG_BadAussee.jpg",1386,693,false],"awb_sm":["https:\/\/blog.vida.at\/pensionisten\/wp-content\/uploads\/sites\/10\/2022\/05\/OG_BadAussee-500x250.jpg",500,250,true],"awb_md":["https:\/\/blog.vida.at\/pensionisten\/wp-content\/uploads\/sites\/10\/2022\/05\/OG_BadAussee-800x400.jpg",800,400,true],"awb_lg":["https:\/\/blog.vida.at\/pensionisten\/wp-content\/uploads\/sites\/10\/2022\/05\/OG_BadAussee-1280x640.jpg",1280,640,true],"awb_xl":["https:\/\/blog.vida.at\/pensionisten\/wp-content\/uploads\/sites\/10\/2022\/05\/OG_BadAussee.jpg",1386,693,false]},"post_excerpt_stackable_v2":"<p>Ortsgruppe lud im Mai zur Mitgliederversammlung. Am 13. Mai 2022 fand die Mitgliederversammlung der vida-PensionistInnen Ortsgruppe Bad Aussee im Stadionst\u00fcberl statt. Dabei konnte OG-Vorsitzender Stellv. Johann Egger zahlreiche Mitglieder begr\u00fc\u00dfen. Dar\u00fcber hinaus begr\u00fc\u00dfte Johann Egger den Bundesvorsitzenden der vida-PensionistInnen, Rudi Srba, den Landesvorsitzenden der vida-PensionistInnen in der Steiermark, Walter Haas, B\u00fcrgermeister der Stadt Friedberg, &nbsp;sowie den Vertreter der Stadtgemeinde Bad Aussee GR Rudi Margotti. Bei der Neuwahl wurde Johann Egger einstimmig zum neuen OG-Vorsitzenden gew\u00e4hlt, weiters wurden einstimmig gew\u00e4hlt, OG-Vorsitzender Stellv. Johann Egglmaier; Kassier Alfred Deopito; Schriftf\u00fchrer Herbert Salfelner sowie die bestehenden Vertrauenspersonen. Nach den aufschlussreichen Referaten des Bundesvorsitzenden Rudi&hellip;<\/p>\n","category_list_v2":"<a href=\"https:\/\/blog.vida.at\/pensionisten\/category\/allgemein\/\" rel=\"category tag\">Allgemein<\/a>, <a href=\"https:\/\/blog.vida.at\/pensionisten\/category\/ortsgruppen\/\" rel=\"category tag\">Ortsgruppen<\/a>, <a href=\"https:\/\/blog.vida.at\/pensionisten\/category\/ortsgruppen\/steiermark\/\" rel=\"category tag\">Steiermark<\/a>","author_info_v2":{"name":"mariontobola","url":"https:\/\/blog.vida.at\/pensionisten\/author\/mariontobola\/"},"comments_num_v2":"0 comments","yoast_head":"<!-- This site is optimized with the Yoast SEO plugin v27.3 - https:\/\/yoast.com\/product\/yoast-seo-wordpress\/ -->\n<title>vida stark in Bad Aussee<\/title>\n<meta name=\"robots\" content=\"index, follow, max-snippet:-1, max-image-preview:large, max-video-preview:-1\" \/>\n<link rel=\"canonical\" href=\"https:\/\/blog.vida.at\/pensionisten\/2022\/05\/30\/vida-stark-in-bad-aussee\/\" \/>\n<meta property=\"og:locale\" content=\"de_DE\" \/>\n<meta property=\"og:type\" content=\"article\" \/>\n<meta property=\"og:title\" content=\"vida stark in Bad Aussee\" \/>\n<meta property=\"og:description\" content=\"Ortsgruppe lud im Mai zur Mitgliederversammlung.\" \/>\n<meta property=\"og:url\" content=\"https:\/\/blog.vida.at\/pensionisten\/2022\/05\/30\/vida-stark-in-bad-aussee\/\" \/>\n<meta property=\"og:site_name\" content=\"vida Pensionisten\" \/>\n<meta property=\"article:published_time\" content=\"2022-05-30T10:03:56+00:00\" \/>\n<meta property=\"article:modified_time\" content=\"2022-05-30T10:03:57+00:00\" \/>\n<meta property=\"og:image\" content=\"https:\/\/blog.vida.at\/pensionisten\/wp-content\/uploads\/sites\/10\/2022\/05\/OG_BadAussee.jpg\" \/>\n\t<meta property=\"og:image:width\" content=\"1386\" \/>\n\t<meta property=\"og:image:height\" content=\"693\" \/>\n\t<meta property=\"og:image:type\" content=\"image\/jpeg\" \/>\n<meta name=\"author\" content=\"mariontobola\" \/>\n<meta name=\"twitter:card\" content=\"summary_large_image\" \/>\n<meta name=\"twitter:label1\" content=\"Verfasst von\" \/>\n\t<meta name=\"twitter:data1\" content=\"mariontobola\" \/>\n\t<meta name=\"twitter:label2\" content=\"Gesch\u00e4tzte Lesezeit\" \/>\n\t<meta name=\"twitter:data2\" content=\"2\u00a0Minuten\" \/>\n<script type=\"application\/ld+json\" class=\"yoast-schema-graph\">{\"@context\":\"https:\\\/\\\/schema.org\",\"@graph\":[{\"@type\":\"Article\",\"@id\":\"https:\\\/\\\/blog.vida.at\\\/pensionisten\\\/2022\\\/05\\\/30\\\/vida-stark-in-bad-aussee\\\/#article\",\"isPartOf\":{\"@id\":\"https:\\\/\\\/blog.vida.at\\\/pensionisten\\\/2022\\\/05\\\/30\\\/vida-stark-in-bad-aussee\\\/\"},\"author\":{\"name\":\"mariontobola\",\"@id\":\"https:\\\/\\\/blog.vida.at\\\/pensionisten\\\/#\\\/schema\\\/person\\\/88cee3ee93b9afdc51c92f5f63f38b8a\"},\"headline\":\"vida stark in Bad Aussee\",\"datePublished\":\"2022-05-30T10:03:56+00:00\",\"dateModified\":\"2022-05-30T10:03:57+00:00\",\"mainEntityOfPage\":{\"@id\":\"https:\\\/\\\/blog.vida.at\\\/pensionisten\\\/2022\\\/05\\\/30\\\/vida-stark-in-bad-aussee\\\/\"},\"wordCount\":195,\"commentCount\":0,\"image\":{\"@id\":\"https:\\\/\\\/blog.vida.at\\\/pensionisten\\\/2022\\\/05\\\/30\\\/vida-stark-in-bad-aussee\\\/#primaryimage\"},\"thumbnailUrl\":\"https:\\\/\\\/blog.vida.at\\\/pensionisten\\\/wp-content\\\/uploads\\\/sites\\\/10\\\/2022\\\/05\\\/OG_BadAussee.jpg\",\"articleSection\":{\"1\":\"Ortsgruppen\",\"2\":\"Steiermark\"},\"inLanguage\":\"de\",\"potentialAction\":[{\"@type\":\"CommentAction\",\"name\":\"Comment\",\"target\":[\"https:\\\/\\\/blog.vida.at\\\/pensionisten\\\/2022\\\/05\\\/30\\\/vida-stark-in-bad-aussee\\\/#respond\"]}]},{\"@type\":\"WebPage\",\"@id\":\"https:\\\/\\\/blog.vida.at\\\/pensionisten\\\/2022\\\/05\\\/30\\\/vida-stark-in-bad-aussee\\\/\",\"url\":\"https:\\\/\\\/blog.vida.at\\\/pensionisten\\\/2022\\\/05\\\/30\\\/vida-stark-in-bad-aussee\\\/\",\"name\":\"vida stark in Bad Aussee\",\"isPartOf\":{\"@id\":\"https:\\\/\\\/blog.vida.at\\\/pensionisten\\\/#website\"},\"primaryImageOfPage\":{\"@id\":\"https:\\\/\\\/blog.vida.at\\\/pensionisten\\\/2022\\\/05\\\/30\\\/vida-stark-in-bad-aussee\\\/#primaryimage\"},\"image\":{\"@id\":\"https:\\\/\\\/blog.vida.at\\\/pensionisten\\\/2022\\\/05\\\/30\\\/vida-stark-in-bad-aussee\\\/#primaryimage\"},\"thumbnailUrl\":\"https:\\\/\\\/blog.vida.at\\\/pensionisten\\\/wp-content\\\/uploads\\\/sites\\\/10\\\/2022\\\/05\\\/OG_BadAussee.jpg\",\"datePublished\":\"2022-05-30T10:03:56+00:00\",\"dateModified\":\"2022-05-30T10:03:57+00:00\",\"author\":{\"@id\":\"https:\\\/\\\/blog.vida.at\\\/pensionisten\\\/#\\\/schema\\\/person\\\/88cee3ee93b9afdc51c92f5f63f38b8a\"},\"breadcrumb\":{\"@id\":\"https:\\\/\\\/blog.vida.at\\\/pensionisten\\\/2022\\\/05\\\/30\\\/vida-stark-in-bad-aussee\\\/#breadcrumb\"},\"inLanguage\":\"de\",\"potentialAction\":[{\"@type\":\"ReadAction\",\"target\":[\"https:\\\/\\\/blog.vida.at\\\/pensionisten\\\/2022\\\/05\\\/30\\\/vida-stark-in-bad-aussee\\\/\"]}]},{\"@type\":\"ImageObject\",\"inLanguage\":\"de\",\"@id\":\"https:\\\/\\\/blog.vida.at\\\/pensionisten\\\/2022\\\/05\\\/30\\\/vida-stark-in-bad-aussee\\\/#primaryimage\",\"url\":\"https:\\\/\\\/blog.vida.at\\\/pensionisten\\\/wp-content\\\/uploads\\\/sites\\\/10\\\/2022\\\/05\\\/OG_BadAussee.jpg\",\"contentUrl\":\"https:\\\/\\\/blog.vida.at\\\/pensionisten\\\/wp-content\\\/uploads\\\/sites\\\/10\\\/2022\\\/05\\\/OG_BadAussee.jpg\",\"width\":1386,\"height\":693},{\"@type\":\"BreadcrumbList\",\"@id\":\"https:\\\/\\\/blog.vida.at\\\/pensionisten\\\/2022\\\/05\\\/30\\\/vida-stark-in-bad-aussee\\\/#breadcrumb\",\"itemListElement\":[{\"@type\":\"ListItem\",\"position\":1,\"name\":\"Startseite\",\"item\":\"https:\\\/\\\/blog.vida.at\\\/pensionisten\\\/\"},{\"@type\":\"ListItem\",\"position\":2,\"name\":\"vida stark in Bad Aussee\"}]},{\"@type\":\"WebSite\",\"@id\":\"https:\\\/\\\/blog.vida.at\\\/pensionisten\\\/#website\",\"url\":\"https:\\\/\\\/blog.vida.at\\\/pensionisten\\\/\",\"name\":\"vida Pensionisten\",\"description\":\"\",\"potentialAction\":[{\"@type\":\"SearchAction\",\"target\":{\"@type\":\"EntryPoint\",\"urlTemplate\":\"https:\\\/\\\/blog.vida.at\\\/pensionisten\\\/?s={search_term_string}\"},\"query-input\":{\"@type\":\"PropertyValueSpecification\",\"valueRequired\":true,\"valueName\":\"search_term_string\"}}],\"inLanguage\":\"de\"},{\"@type\":\"Person\",\"@id\":\"https:\\\/\\\/blog.vida.at\\\/pensionisten\\\/#\\\/schema\\\/person\\\/88cee3ee93b9afdc51c92f5f63f38b8a\",\"name\":\"mariontobola\",\"image\":{\"@type\":\"ImageObject\",\"inLanguage\":\"de\",\"@id\":\"https:\\\/\\\/secure.gravatar.com\\\/avatar\\\/5d2c516985e4eda61bca05bd3b4359b4358135bd1e1a5b08c539e9cd1edd6528?s=96&d=mm&r=g\",\"url\":\"https:\\\/\\\/secure.gravatar.com\\\/avatar\\\/5d2c516985e4eda61bca05bd3b4359b4358135bd1e1a5b08c539e9cd1edd6528?s=96&d=mm&r=g\",\"contentUrl\":\"https:\\\/\\\/secure.gravatar.com\\\/avatar\\\/5d2c516985e4eda61bca05bd3b4359b4358135bd1e1a5b08c539e9cd1edd6528?s=96&d=mm&r=g\",\"caption\":\"mariontobola\"},\"url\":\"https:\\\/\\\/blog.vida.at\\\/pensionisten\\\/author\\\/mariontobola\\\/\"}]}<\/script>\n<!-- \/ Yoast SEO plugin. -->","yoast_head_json":{"title":"vida stark in Bad Aussee","robots":{"index":"index","follow":"follow","max-snippet":"max-snippet:-1","max-image-preview":"max-image-preview:large","max-video-preview":"max-video-preview:-1"},"canonical":"https:\/\/blog.vida.at\/pensionisten\/2022\/05\/30\/vida-stark-in-bad-aussee\/","og_locale":"de_DE","og_type":"article","og_title":"vida stark in Bad Aussee","og_description":"Ortsgruppe lud im Mai zur Mitgliederversammlung.","og_url":"https:\/\/blog.vida.at\/pensionisten\/2022\/05\/30\/vida-stark-in-bad-aussee\/","og_site_name":"vida Pensionisten","article_published_time":"2022-05-30T10:03:56+00:00","article_modified_time":"2022-05-30T10:03:57+00:00","og_image":[{"width":1386,"height":693,"url":"https:\/\/blog.vida.at\/pensionisten\/wp-content\/uploads\/sites\/10\/2022\/05\/OG_BadAussee.jpg","type":"image\/jpeg"}],"author":"mariontobola","twitter_card":"summary_large_image","twitter_misc":{"Verfasst von":"mariontobola","Gesch\u00e4tzte Lesezeit":"2\u00a0Minuten"},"schema":{"@context":"https:\/\/schema.org","@graph":[{"@type":"Article","@id":"https:\/\/blog.vida.at\/pensionisten\/2022\/05\/30\/vida-stark-in-bad-aussee\/#article","isPartOf":{"@id":"https:\/\/blog.vida.at\/pensionisten\/2022\/05\/30\/vida-stark-in-bad-aussee\/"},"author":{"name":"mariontobola","@id":"https:\/\/blog.vida.at\/pensionisten\/#\/schema\/person\/88cee3ee93b9afdc51c92f5f63f38b8a"},"headline":"vida stark in Bad Aussee","datePublished":"2022-05-30T10:03:56+00:00","dateModified":"2022-05-30T10:03:57+00:00","mainEntityOfPage":{"@id":"https:\/\/blog.vida.at\/pensionisten\/2022\/05\/30\/vida-stark-in-bad-aussee\/"},"wordCount":195,"commentCount":0,"image":{"@id":"https:\/\/blog.vida.at\/pensionisten\/2022\/05\/30\/vida-stark-in-bad-aussee\/#primaryimage"},"thumbnailUrl":"https:\/\/blog.vida.at\/pensionisten\/wp-content\/uploads\/sites\/10\/2022\/05\/OG_BadAussee.jpg","articleSection":{"1":"Ortsgruppen","2":"Steiermark"},"inLanguage":"de","potentialAction":[{"@type":"CommentAction","name":"Comment","target":["https:\/\/blog.vida.at\/pensionisten\/2022\/05\/30\/vida-stark-in-bad-aussee\/#respond"]}]},{"@type":"WebPage","@id":"https:\/\/blog.vida.at\/pensionisten\/2022\/05\/30\/vida-stark-in-bad-aussee\/","url":"https:\/\/blog.vida.at\/pensionisten\/2022\/05\/30\/vida-stark-in-bad-aussee\/","name":"vida stark in Bad Aussee","isPartOf":{"@id":"https:\/\/blog.vida.at\/pensionisten\/#website"},"primaryImageOfPage":{"@id":"https:\/\/blog.vida.at\/pensionisten\/2022\/05\/30\/vida-stark-in-bad-aussee\/#primaryimage"},"image":{"@id":"https:\/\/blog.vida.at\/pensionisten\/2022\/05\/30\/vida-stark-in-bad-aussee\/#primaryimage"},"thumbnailUrl":"https:\/\/blog.vida.at\/pensionisten\/wp-content\/uploads\/sites\/10\/2022\/05\/OG_BadAussee.jpg","datePublished":"2022-05-30T10:03:56+00:00","dateModified":"2022-05-30T10:03:57+00:00","author":{"@id":"https:\/\/blog.vida.at\/pensionisten\/#\/schema\/person\/88cee3ee93b9afdc51c92f5f63f38b8a"},"breadcrumb":{"@id":"https:\/\/blog.vida.at\/pensionisten\/2022\/05\/30\/vida-stark-in-bad-aussee\/#breadcrumb"},"inLanguage":"de","potentialAction":[{"@type":"ReadAction","target":["https:\/\/blog.vida.at\/pensionisten\/2022\/05\/30\/vida-stark-in-bad-aussee\/"]}]},{"@type":"ImageObject","inLanguage":"de","@id":"https:\/\/blog.vida.at\/pensionisten\/2022\/05\/30\/vida-stark-in-bad-aussee\/#primaryimage","url":"https:\/\/blog.vida.at\/pensionisten\/wp-content\/uploads\/sites\/10\/2022\/05\/OG_BadAussee.jpg","contentUrl":"https:\/\/blog.vida.at\/pensionisten\/wp-content\/uploads\/sites\/10\/2022\/05\/OG_BadAussee.jpg","width":1386,"height":693},{"@type":"BreadcrumbList","@id":"https:\/\/blog.vida.at\/pensionisten\/2022\/05\/30\/vida-stark-in-bad-aussee\/#breadcrumb","itemListElement":[{"@type":"ListItem","position":1,"name":"Startseite","item":"https:\/\/blog.vida.at\/pensionisten\/"},{"@type":"ListItem","position":2,"name":"vida stark in Bad Aussee"}]},{"@type":"WebSite","@id":"https:\/\/blog.vida.at\/pensionisten\/#website","url":"https:\/\/blog.vida.at\/pensionisten\/","name":"vida Pensionisten","description":"","potentialAction":[{"@type":"SearchAction","target":{"@type":"EntryPoint","urlTemplate":"https:\/\/blog.vida.at\/pensionisten\/?s={search_term_string}"},"query-input":{"@type":"PropertyValueSpecification","valueRequired":true,"valueName":"search_term_string"}}],"inLanguage":"de"},{"@type":"Person","@id":"https:\/\/blog.vida.at\/pensionisten\/#\/schema\/person\/88cee3ee93b9afdc51c92f5f63f38b8a","name":"mariontobola","image":{"@type":"ImageObject","inLanguage":"de","@id":"https:\/\/secure.gravatar.com\/avatar\/5d2c516985e4eda61bca05bd3b4359b4358135bd1e1a5b08c539e9cd1edd6528?s=96&d=mm&r=g","url":"https:\/\/secure.gravatar.com\/avatar\/5d2c516985e4eda61bca05bd3b4359b4358135bd1e1a5b08c539e9cd1edd6528?s=96&d=mm&r=g","contentUrl":"https:\/\/secure.gravatar.com\/avatar\/5d2c516985e4eda61bca05bd3b4359b4358135bd1e1a5b08c539e9cd1edd6528?s=96&d=mm&r=g","caption":"mariontobola"},"url":"https:\/\/blog.vida.at\/pensionisten\/author\/mariontobola\/"}]}},"author_meta":{"display_name":"mariontobola","author_link":"https:\/\/blog.vida.at\/pensionisten\/author\/mariontobola\/"},"featured_img":"https:\/\/blog.vida.at\/pensionisten\/wp-content\/uploads\/sites\/10\/2022\/05\/OG_BadAussee-300x150.jpg","featured_image_src":"https:\/\/blog.vida.at\/pensionisten\/wp-content\/uploads\/sites\/10\/2022\/05\/OG_BadAussee-600x400.jpg","featured_image_src_square":"https:\/\/blog.vida.at\/pensionisten\/wp-content\/uploads\/sites\/10\/2022\/05\/OG_BadAussee-600x600.jpg","uagb_featured_image_src":{"full":["https:\/\/blog.vida.at\/pensionisten\/wp-content\/uploads\/sites\/10\/2022\/05\/OG_BadAussee.jpg",1386,693,false],"thumbnail":["https:\/\/blog.vida.at\/pensionisten\/wp-content\/uploads\/sites\/10\/2022\/05\/OG_BadAussee-150x150.jpg",150,150,true],"medium":["https:\/\/blog.vida.at\/pensionisten\/wp-content\/uploads\/sites\/10\/2022\/05\/OG_BadAussee-300x150.jpg",300,150,true],"medium_large":["https:\/\/blog.vida.at\/pensionisten\/wp-content\/uploads\/sites\/10\/2022\/05\/OG_BadAussee-768x384.jpg",640,320,true],"large":["https:\/\/blog.vida.at\/pensionisten\/wp-content\/uploads\/sites\/10\/2022\/05\/OG_BadAussee-1024x512.jpg",640,320,true],"1536x1536":["https:\/\/blog.vida.at\/pensionisten\/wp-content\/uploads\/sites\/10\/2022\/05\/OG_BadAussee.jpg",1386,693,false],"2048x2048":["https:\/\/blog.vida.at\/pensionisten\/wp-content\/uploads\/sites\/10\/2022\/05\/OG_BadAussee.jpg",1386,693,false],"ab-block-post-grid-landscape":["https:\/\/blog.vida.at\/pensionisten\/wp-content\/uploads\/sites\/10\/2022\/05\/OG_BadAussee-600x400.jpg",600,400,true],"ab-block-post-grid-square":["https:\/\/blog.vida.at\/pensionisten\/wp-content\/uploads\/sites\/10\/2022\/05\/OG_BadAussee-600x600.jpg",600,600,true],"post-thumbnail":["https:\/\/blog.vida.at\/pensionisten\/wp-content\/uploads\/sites\/10\/2022\/05\/OG_BadAussee.jpg",1386,693,false],"awb_sm":["https:\/\/blog.vida.at\/pensionisten\/wp-content\/uploads\/sites\/10\/2022\/05\/OG_BadAussee-500x250.jpg",500,250,true],"awb_md":["https:\/\/blog.vida.at\/pensionisten\/wp-content\/uploads\/sites\/10\/2022\/05\/OG_BadAussee-800x400.jpg",800,400,true],"awb_lg":["https:\/\/blog.vida.at\/pensionisten\/wp-content\/uploads\/sites\/10\/2022\/05\/OG_BadAussee-1280x640.jpg",1280,640,true],"awb_xl":["https:\/\/blog.vida.at\/pensionisten\/wp-content\/uploads\/sites\/10\/2022\/05\/OG_BadAussee.jpg",1386,693,false]},"uagb_author_info":{"display_name":"mariontobola","author_link":"https:\/\/blog.vida.at\/pensionisten\/author\/mariontobola\/"},"uagb_comment_info":0,"uagb_excerpt":"Ortsgruppe lud im Mai zur Mitgliederversammlung.","coauthors":[],"tax_additional":{"categories":{"linked":["<a href=\"https:\/\/blog.vida.at\/pensionisten\/category\/allgemein\/\" class=\"advgb-post-tax-term\">Allgemein<\/a>","<a href=\"https:\/\/blog.vida.at\/pensionisten\/category\/ortsgruppen\/\" class=\"advgb-post-tax-term\">Ortsgruppen<\/a>","<a href=\"https:\/\/blog.vida.at\/pensionisten\/category\/ortsgruppen\/steiermark\/\" class=\"advgb-post-tax-term\">Steiermark<\/a>"],"unlinked":["<span class=\"advgb-post-tax-term\">Allgemein<\/span>","<span class=\"advgb-post-tax-term\">Ortsgruppen<\/span>","<span class=\"advgb-post-tax-term\">Steiermark<\/span>"]}},"comment_count":"0","relative_dates":{"created":"Ver\u00f6ffentlicht 4\u00a0Jahren vor","modified":"Aktualisiert 4\u00a0Jahren vor"},"absolute_dates":{"created":"Ver\u00f6ffentlicht am 30. Mai 2022","modified":"Aktualisiert am 30. Mai 2022"},"absolute_dates_time":{"created":"Ver\u00f6ffentlicht am 30. Mai 2022 12:03","modified":"Aktualisiert am 30. Mai 2022 12:03"},"featured_img_caption":"","series_order":"","_links":{"self":[{"href":"https:\/\/blog.vida.at\/pensionisten\/wp-json\/wp\/v2\/posts\/4822","targetHints":{"allow":["GET"]}}],"collection":[{"href":"https:\/\/blog.vida.at\/pensionisten\/wp-json\/wp\/v2\/posts"}],"about":[{"href":"https:\/\/blog.vida.at\/pensionisten\/wp-json\/wp\/v2\/types\/post"}],"author":[{"embeddable":true,"href":"https:\/\/blog.vida.at\/pensionisten\/wp-json\/wp\/v2\/users\/8"}],"replies":[{"embeddable":true,"href":"https:\/\/blog.vida.at\/pensionisten\/wp-json\/wp\/v2\/comments?post=4822"}],"version-history":[{"count":4,"href":"https:\/\/blog.vida.at\/pensionisten\/wp-json\/wp\/v2\/posts\/4822\/revisions"}],"predecessor-version":[{"id":4827,"href":"https:\/\/blog.vida.at\/pensionisten\/wp-json\/wp\/v2\/posts\/4822\/revisions\/4827"}],"wp:featuredmedia":[{"embeddable":true,"href":"https:\/\/blog.vida.at\/pensionisten\/wp-json\/wp\/v2\/media\/4824"}],"wp:attachment":[{"href":"https:\/\/blog.vida.at\/pensionisten\/wp-json\/wp\/v2\/media?parent=4822"}],"wp:term":[{"taxonomy":"category","embeddable":true,"href":"https:\/\/blog.vida.at\/pensionisten\/wp-json\/wp\/v2\/categories?post=4822"},{"taxonomy":"post_tag","embeddable":true,"href":"https:\/\/blog.vida.at\/pensionisten\/wp-json\/wp\/v2\/tags?post=4822"},{"taxonomy":"Orte","embeddable":true,"href":"https:\/\/blog.vida.at\/pensionisten\/wp-json\/wp\/v2\/Orte?post=4822"},{"taxonomy":"activitytype","embeddable":true,"href":"https:\/\/blog.vida.at\/pensionisten\/wp-json\/wp\/v2\/activitytype?post=4822"}],"curies":[{"name":"wp","href":"https:\/\/api.w.org\/{rel}","templated":true}]}}