
{"id":4888,"date":"2022-06-14T15:02:56","date_gmt":"2022-06-14T13:02:56","guid":{"rendered":"https:\/\/blog.vida.at\/pensionisten\/?p=4888"},"modified":"2022-06-14T15:04:32","modified_gmt":"2022-06-14T13:04:32","slug":"jhv-st-poelten","status":"publish","type":"post","link":"https:\/\/blog.vida.at\/pensionisten\/2022\/06\/14\/jhv-st-poelten\/","title":{"rendered":"JHV St. P\u00f6lten"},"content":{"rendered":"\n<div class=\"wp-block-group Container\"><div class=\"wp-block-group__inner-container is-layout-flow wp-block-group-is-layout-flow\">\n<h4 class=\"wp-block-heading\">Viele Ehreng\u00e4ste zu Gast und Mitglieder geehrt.<\/h4>\n\n\n\n<br>\n\n\n\n<p><\/p>\n\n\n\n<!--more-->\n\n\n\n<p><strong>Am Freitag, den 3. Juni 2022 f\u00fchrten die vida-Ortsgruppen St. P\u00f6lten Aktive und PensionistInnen gemeinsam ihre Jahreshauptversammlung durch. Es war ein top-organisiertes Event mit an die 100 vida-Mitglieder und einer Vielzahl von Pers\u00f6nlichkeiten.<\/strong><\/p>\n\n\n\n<p><span style=\"color: #fb0404\" class=\"stk-highlight\"><strong>Zu Gast bei JHV<\/strong><\/span><\/p>\n\n\n\n<p>Neben den beiden Referenten Rudi Srba, BundespensionistInnenvorsitzender der Gewerkschaft vida, und Nationalratsabgeordneter Max Lercher<strong> <\/strong>wurden unter anderem gesichtet: Eisenbahnermusikkapelle St. P\u00f6lten, Bundesr\u00e4tin Eva Prischl, Stadtr\u00e4tin Renate Gamsj\u00e4ger, Gemeinder\u00e4tin Claudia Gutlederer, Michael Strasser, Vizebgm. Weinburg, Thomas Vasku, Bgm. Loosdorf, J\u00fcrgen Stadler von der \u00d6BV und Team, von der Gewerkschaft vida: LV &amp; BV.Stv. Pens. Josef Mayer, LGF Christian Kainz, LS Michael Raidl, Andi Zuser\/VS. N\u00d6 \u2013 Zentral, Manuel Winkler\/VS.Stv. N\u00d6 \u2013 Zentral, VS.Stv. OG St.P\u00f6lten Pens. Hubert Patzl, Walter Edelmayer, Walter Aigner, Experte Claus P\u00fchringer, VS. OG Herzogenburg Gerhard Holzapfel, Landeskontrolle Hansi Hofstetter, vida-Fachbereichssekret\u00e4r Stra\u00dfe Alfred Spiegl, \u00d6GB RegionsVS. Siegfried Schuster und Betriebsr\u00e4te von den Firmen Leiner und Mungos.<\/p>\n\n\n\n<p><span style=\"color: #f70707\" class=\"stk-highlight\"><strong>Emotionale Reden<\/strong><\/span><\/p>\n\n\n\n<p>Die beiden OG &#8211; VS. Reini Bock und Andi Gnant f\u00fchrten diese Veranstaltung souver\u00e4n im Gasthaus Zwiesi in St. P\u00f6lten durch. Als Moderator fungierte LS Michi Raidl.  Es konnten 100 Mitglieder begr\u00fc\u00dft werden, die den emotionsvollen Referaten der beiden Ehreng\u00e4ste Rudi Srba und Max Lercher Beifall leisteten. Sie betonten vor allem das erb\u00e4rmliche Versagen der Bundesregierung, wo nun das Leben f\u00fcr uns alle in diesen schwierigen Zeiten kaum mehr leistbar ist. Rudi Srba stellte in seiner Rede ebenso klar, dass wir nur entgegensteuern k\u00f6nnen, wenn unsere Bewegung gr\u00f6\u00dfer wird. <\/p>\n\n\n\n<p><strong><span style=\"color: #f80202\" class=\"stk-highlight\">Neu gew\u00e4hlt<\/span><\/strong><\/p>\n\n\n\n<p>Die Neuwahl von VIDA, N\u00d6 &#8211; Zentral bescherte uns einen neuen Vorsitzenden. Der scheidende Regions &#8211; VS. Thomas Vasku \u00fcbergab sein Amt an den neuen VS. Andreas Zuser. VS.Stv. Manuel Winkler, Kassier Gerhard Holzapfel, Kassier.Stv. Andreas Nemecek, Schriftf\u00fchrer Rahmi Avsar, Schr.Stv. Michael Sollinger, Kontrolle Siegfried Schuster, Michael Strasser, Hubert Patzl: Alle Positionen wurden einstimmig gew\u00e4hlt.<\/p>\n\n\n\n<p><strong><span style=\"color: #ed0303\" class=\"stk-highlight\">Dank f\u00fcr die Treue<\/span><\/strong><\/p>\n\n\n\n<p>Gemeinder\u00e4tin Claudia Gutlederer \u00fcberbrachte Gr\u00fc\u00dfe von Bgm. Matthias Stadler. Kabarettist Martin Fuchsbauer lockerte die Stimmung mit tollen Pointen auf. Im Anschluss wurden viele langj\u00e4hrige Mitglieder geehrt, darunter sogar drei Kollegen f\u00fcr 70 Jahre Gewerkschaftsmitgliedschaft. Zum Abschluss wurde zum warmen Buffet geladen.<\/p>\n\n\n\n<p><span style=\"color: #fa0000\" class=\"stk-highlight\"><strong>Wir bedanken uns bei allen Organisatoren und TeilnehmerInnen<\/strong><\/span><strong><span style=\"color: #fb0202\" class=\"stk-highlight\">!<\/span><\/strong><br><span style=\"color: #fa0000\" class=\"stk-highlight\"><strong>Es war eine exzellente Veranstaltung!<\/strong><\/span><\/p>\n\n\n\n<figure class=\"wp-block-gallery has-nested-images columns-default is-cropped wp-block-gallery-1 is-layout-flex wp-block-gallery-is-layout-flex\">\n<figure class=\"wp-block-image size-large\"><img loading=\"lazy\" decoding=\"async\" width=\"1024\" height=\"768\" data-id=\"4898\" src=\"https:\/\/blog.vida.at\/pensionisten\/wp-content\/uploads\/sites\/10\/2022\/06\/JHV-OG-PB-Neuwahl-NOe-Zentral-9-1024x768.jpg\" alt=\"\" class=\"wp-image-4898\" srcset=\"https:\/\/blog.vida.at\/pensionisten\/wp-content\/uploads\/sites\/10\/2022\/06\/JHV-OG-PB-Neuwahl-NOe-Zentral-9-1024x768.jpg 1024w, https:\/\/blog.vida.at\/pensionisten\/wp-content\/uploads\/sites\/10\/2022\/06\/JHV-OG-PB-Neuwahl-NOe-Zentral-9-300x225.jpg 300w, https:\/\/blog.vida.at\/pensionisten\/wp-content\/uploads\/sites\/10\/2022\/06\/JHV-OG-PB-Neuwahl-NOe-Zentral-9-768x576.jpg 768w, https:\/\/blog.vida.at\/pensionisten\/wp-content\/uploads\/sites\/10\/2022\/06\/JHV-OG-PB-Neuwahl-NOe-Zentral-9-1536x1152.jpg 1536w, https:\/\/blog.vida.at\/pensionisten\/wp-content\/uploads\/sites\/10\/2022\/06\/JHV-OG-PB-Neuwahl-NOe-Zentral-9-2048x1536.jpg 2048w, https:\/\/blog.vida.at\/pensionisten\/wp-content\/uploads\/sites\/10\/2022\/06\/JHV-OG-PB-Neuwahl-NOe-Zentral-9-500x375.jpg 500w, https:\/\/blog.vida.at\/pensionisten\/wp-content\/uploads\/sites\/10\/2022\/06\/JHV-OG-PB-Neuwahl-NOe-Zentral-9-800x600.jpg 800w, https:\/\/blog.vida.at\/pensionisten\/wp-content\/uploads\/sites\/10\/2022\/06\/JHV-OG-PB-Neuwahl-NOe-Zentral-9-1280x960.jpg 1280w, https:\/\/blog.vida.at\/pensionisten\/wp-content\/uploads\/sites\/10\/2022\/06\/JHV-OG-PB-Neuwahl-NOe-Zentral-9-1920x1440.jpg 1920w, https:\/\/blog.vida.at\/pensionisten\/wp-content\/uploads\/sites\/10\/2022\/06\/JHV-OG-PB-Neuwahl-NOe-Zentral-9-1568x1176.jpg 1568w\" sizes=\"auto, (max-width: 1024px) 100vw, 1024px\" \/><\/figure>\n\n\n\n<figure class=\"wp-block-image size-large\"><img loading=\"lazy\" decoding=\"async\" width=\"1024\" height=\"768\" data-id=\"4896\" src=\"https:\/\/blog.vida.at\/pensionisten\/wp-content\/uploads\/sites\/10\/2022\/06\/JHV-OG-PB-Neuwahl-NOe-Zentral-3-1024x768.jpg\" alt=\"\" class=\"wp-image-4896\" srcset=\"https:\/\/blog.vida.at\/pensionisten\/wp-content\/uploads\/sites\/10\/2022\/06\/JHV-OG-PB-Neuwahl-NOe-Zentral-3-1024x768.jpg 1024w, https:\/\/blog.vida.at\/pensionisten\/wp-content\/uploads\/sites\/10\/2022\/06\/JHV-OG-PB-Neuwahl-NOe-Zentral-3-300x225.jpg 300w, https:\/\/blog.vida.at\/pensionisten\/wp-content\/uploads\/sites\/10\/2022\/06\/JHV-OG-PB-Neuwahl-NOe-Zentral-3-768x576.jpg 768w, https:\/\/blog.vida.at\/pensionisten\/wp-content\/uploads\/sites\/10\/2022\/06\/JHV-OG-PB-Neuwahl-NOe-Zentral-3-1536x1152.jpg 1536w, https:\/\/blog.vida.at\/pensionisten\/wp-content\/uploads\/sites\/10\/2022\/06\/JHV-OG-PB-Neuwahl-NOe-Zentral-3-2048x1536.jpg 2048w, https:\/\/blog.vida.at\/pensionisten\/wp-content\/uploads\/sites\/10\/2022\/06\/JHV-OG-PB-Neuwahl-NOe-Zentral-3-500x375.jpg 500w, https:\/\/blog.vida.at\/pensionisten\/wp-content\/uploads\/sites\/10\/2022\/06\/JHV-OG-PB-Neuwahl-NOe-Zentral-3-800x600.jpg 800w, https:\/\/blog.vida.at\/pensionisten\/wp-content\/uploads\/sites\/10\/2022\/06\/JHV-OG-PB-Neuwahl-NOe-Zentral-3-1280x960.jpg 1280w, https:\/\/blog.vida.at\/pensionisten\/wp-content\/uploads\/sites\/10\/2022\/06\/JHV-OG-PB-Neuwahl-NOe-Zentral-3-1920x1440.jpg 1920w, https:\/\/blog.vida.at\/pensionisten\/wp-content\/uploads\/sites\/10\/2022\/06\/JHV-OG-PB-Neuwahl-NOe-Zentral-3-1568x1176.jpg 1568w\" sizes=\"auto, (max-width: 1024px) 100vw, 1024px\" \/><\/figure>\n\n\n\n<figure class=\"wp-block-image size-large\"><img loading=\"lazy\" decoding=\"async\" width=\"1024\" height=\"768\" data-id=\"4893\" src=\"https:\/\/blog.vida.at\/pensionisten\/wp-content\/uploads\/sites\/10\/2022\/06\/JHV-OG-PB-Neuwahl-NOe-Zentral-4-1024x768.jpg\" alt=\"\" class=\"wp-image-4893\" srcset=\"https:\/\/blog.vida.at\/pensionisten\/wp-content\/uploads\/sites\/10\/2022\/06\/JHV-OG-PB-Neuwahl-NOe-Zentral-4-1024x768.jpg 1024w, https:\/\/blog.vida.at\/pensionisten\/wp-content\/uploads\/sites\/10\/2022\/06\/JHV-OG-PB-Neuwahl-NOe-Zentral-4-300x225.jpg 300w, https:\/\/blog.vida.at\/pensionisten\/wp-content\/uploads\/sites\/10\/2022\/06\/JHV-OG-PB-Neuwahl-NOe-Zentral-4-768x576.jpg 768w, https:\/\/blog.vida.at\/pensionisten\/wp-content\/uploads\/sites\/10\/2022\/06\/JHV-OG-PB-Neuwahl-NOe-Zentral-4-1536x1152.jpg 1536w, https:\/\/blog.vida.at\/pensionisten\/wp-content\/uploads\/sites\/10\/2022\/06\/JHV-OG-PB-Neuwahl-NOe-Zentral-4-2048x1536.jpg 2048w, https:\/\/blog.vida.at\/pensionisten\/wp-content\/uploads\/sites\/10\/2022\/06\/JHV-OG-PB-Neuwahl-NOe-Zentral-4-500x375.jpg 500w, https:\/\/blog.vida.at\/pensionisten\/wp-content\/uploads\/sites\/10\/2022\/06\/JHV-OG-PB-Neuwahl-NOe-Zentral-4-800x600.jpg 800w, https:\/\/blog.vida.at\/pensionisten\/wp-content\/uploads\/sites\/10\/2022\/06\/JHV-OG-PB-Neuwahl-NOe-Zentral-4-1280x960.jpg 1280w, https:\/\/blog.vida.at\/pensionisten\/wp-content\/uploads\/sites\/10\/2022\/06\/JHV-OG-PB-Neuwahl-NOe-Zentral-4-1920x1440.jpg 1920w, https:\/\/blog.vida.at\/pensionisten\/wp-content\/uploads\/sites\/10\/2022\/06\/JHV-OG-PB-Neuwahl-NOe-Zentral-4-1568x1176.jpg 1568w\" sizes=\"auto, (max-width: 1024px) 100vw, 1024px\" \/><\/figure>\n\n\n\n<figure class=\"wp-block-image size-large\"><img loading=\"lazy\" decoding=\"async\" width=\"1024\" height=\"768\" data-id=\"4895\" src=\"https:\/\/blog.vida.at\/pensionisten\/wp-content\/uploads\/sites\/10\/2022\/06\/JHV-OG-PB-Neuwahl-NOe-Zentral-5-1024x768.jpg\" alt=\"\" class=\"wp-image-4895\" srcset=\"https:\/\/blog.vida.at\/pensionisten\/wp-content\/uploads\/sites\/10\/2022\/06\/JHV-OG-PB-Neuwahl-NOe-Zentral-5-1024x768.jpg 1024w, https:\/\/blog.vida.at\/pensionisten\/wp-content\/uploads\/sites\/10\/2022\/06\/JHV-OG-PB-Neuwahl-NOe-Zentral-5-300x225.jpg 300w, https:\/\/blog.vida.at\/pensionisten\/wp-content\/uploads\/sites\/10\/2022\/06\/JHV-OG-PB-Neuwahl-NOe-Zentral-5-768x576.jpg 768w, https:\/\/blog.vida.at\/pensionisten\/wp-content\/uploads\/sites\/10\/2022\/06\/JHV-OG-PB-Neuwahl-NOe-Zentral-5-1536x1152.jpg 1536w, https:\/\/blog.vida.at\/pensionisten\/wp-content\/uploads\/sites\/10\/2022\/06\/JHV-OG-PB-Neuwahl-NOe-Zentral-5-2048x1536.jpg 2048w, https:\/\/blog.vida.at\/pensionisten\/wp-content\/uploads\/sites\/10\/2022\/06\/JHV-OG-PB-Neuwahl-NOe-Zentral-5-500x375.jpg 500w, https:\/\/blog.vida.at\/pensionisten\/wp-content\/uploads\/sites\/10\/2022\/06\/JHV-OG-PB-Neuwahl-NOe-Zentral-5-800x600.jpg 800w, https:\/\/blog.vida.at\/pensionisten\/wp-content\/uploads\/sites\/10\/2022\/06\/JHV-OG-PB-Neuwahl-NOe-Zentral-5-1280x960.jpg 1280w, https:\/\/blog.vida.at\/pensionisten\/wp-content\/uploads\/sites\/10\/2022\/06\/JHV-OG-PB-Neuwahl-NOe-Zentral-5-1920x1440.jpg 1920w, https:\/\/blog.vida.at\/pensionisten\/wp-content\/uploads\/sites\/10\/2022\/06\/JHV-OG-PB-Neuwahl-NOe-Zentral-5-1568x1176.jpg 1568w\" sizes=\"auto, (max-width: 1024px) 100vw, 1024px\" \/><\/figure>\n\n\n\n<figure class=\"wp-block-image size-large\"><img loading=\"lazy\" decoding=\"async\" width=\"1024\" height=\"768\" data-id=\"4894\" src=\"https:\/\/blog.vida.at\/pensionisten\/wp-content\/uploads\/sites\/10\/2022\/06\/JHV-OG-PB-Neuwahl-NOe-Zentral-6-1024x768.jpg\" alt=\"\" class=\"wp-image-4894\" srcset=\"https:\/\/blog.vida.at\/pensionisten\/wp-content\/uploads\/sites\/10\/2022\/06\/JHV-OG-PB-Neuwahl-NOe-Zentral-6-1024x768.jpg 1024w, https:\/\/blog.vida.at\/pensionisten\/wp-content\/uploads\/sites\/10\/2022\/06\/JHV-OG-PB-Neuwahl-NOe-Zentral-6-300x225.jpg 300w, https:\/\/blog.vida.at\/pensionisten\/wp-content\/uploads\/sites\/10\/2022\/06\/JHV-OG-PB-Neuwahl-NOe-Zentral-6-768x576.jpg 768w, https:\/\/blog.vida.at\/pensionisten\/wp-content\/uploads\/sites\/10\/2022\/06\/JHV-OG-PB-Neuwahl-NOe-Zentral-6-1536x1152.jpg 1536w, https:\/\/blog.vida.at\/pensionisten\/wp-content\/uploads\/sites\/10\/2022\/06\/JHV-OG-PB-Neuwahl-NOe-Zentral-6-2048x1536.jpg 2048w, https:\/\/blog.vida.at\/pensionisten\/wp-content\/uploads\/sites\/10\/2022\/06\/JHV-OG-PB-Neuwahl-NOe-Zentral-6-500x375.jpg 500w, https:\/\/blog.vida.at\/pensionisten\/wp-content\/uploads\/sites\/10\/2022\/06\/JHV-OG-PB-Neuwahl-NOe-Zentral-6-800x600.jpg 800w, https:\/\/blog.vida.at\/pensionisten\/wp-content\/uploads\/sites\/10\/2022\/06\/JHV-OG-PB-Neuwahl-NOe-Zentral-6-1280x960.jpg 1280w, https:\/\/blog.vida.at\/pensionisten\/wp-content\/uploads\/sites\/10\/2022\/06\/JHV-OG-PB-Neuwahl-NOe-Zentral-6-1920x1440.jpg 1920w, https:\/\/blog.vida.at\/pensionisten\/wp-content\/uploads\/sites\/10\/2022\/06\/JHV-OG-PB-Neuwahl-NOe-Zentral-6-1568x1176.jpg 1568w\" sizes=\"auto, (max-width: 1024px) 100vw, 1024px\" \/><\/figure>\n\n\n\n<figure class=\"wp-block-image size-large\"><img loading=\"lazy\" decoding=\"async\" width=\"1024\" height=\"768\" data-id=\"4907\" src=\"https:\/\/blog.vida.at\/pensionisten\/wp-content\/uploads\/sites\/10\/2022\/06\/JHV-OG-PB-Neuwahl-NOe-Zentral-10-1024x768.jpg\" alt=\"\" class=\"wp-image-4907\" srcset=\"https:\/\/blog.vida.at\/pensionisten\/wp-content\/uploads\/sites\/10\/2022\/06\/JHV-OG-PB-Neuwahl-NOe-Zentral-10-1024x768.jpg 1024w, https:\/\/blog.vida.at\/pensionisten\/wp-content\/uploads\/sites\/10\/2022\/06\/JHV-OG-PB-Neuwahl-NOe-Zentral-10-300x225.jpg 300w, https:\/\/blog.vida.at\/pensionisten\/wp-content\/uploads\/sites\/10\/2022\/06\/JHV-OG-PB-Neuwahl-NOe-Zentral-10-768x576.jpg 768w, https:\/\/blog.vida.at\/pensionisten\/wp-content\/uploads\/sites\/10\/2022\/06\/JHV-OG-PB-Neuwahl-NOe-Zentral-10-1536x1152.jpg 1536w, https:\/\/blog.vida.at\/pensionisten\/wp-content\/uploads\/sites\/10\/2022\/06\/JHV-OG-PB-Neuwahl-NOe-Zentral-10-2048x1536.jpg 2048w, https:\/\/blog.vida.at\/pensionisten\/wp-content\/uploads\/sites\/10\/2022\/06\/JHV-OG-PB-Neuwahl-NOe-Zentral-10-500x375.jpg 500w, https:\/\/blog.vida.at\/pensionisten\/wp-content\/uploads\/sites\/10\/2022\/06\/JHV-OG-PB-Neuwahl-NOe-Zentral-10-800x600.jpg 800w, https:\/\/blog.vida.at\/pensionisten\/wp-content\/uploads\/sites\/10\/2022\/06\/JHV-OG-PB-Neuwahl-NOe-Zentral-10-1280x960.jpg 1280w, https:\/\/blog.vida.at\/pensionisten\/wp-content\/uploads\/sites\/10\/2022\/06\/JHV-OG-PB-Neuwahl-NOe-Zentral-10-1920x1440.jpg 1920w, https:\/\/blog.vida.at\/pensionisten\/wp-content\/uploads\/sites\/10\/2022\/06\/JHV-OG-PB-Neuwahl-NOe-Zentral-10-1568x1176.jpg 1568w\" sizes=\"auto, (max-width: 1024px) 100vw, 1024px\" \/><\/figure>\n\n\n\n<figure class=\"wp-block-image size-large\"><img loading=\"lazy\" decoding=\"async\" width=\"1024\" height=\"768\" data-id=\"4906\" src=\"https:\/\/blog.vida.at\/pensionisten\/wp-content\/uploads\/sites\/10\/2022\/06\/JHV-OG-PB-Neuwahl-NOe-Zentral-14-1024x768.jpg\" alt=\"\" class=\"wp-image-4906\" srcset=\"https:\/\/blog.vida.at\/pensionisten\/wp-content\/uploads\/sites\/10\/2022\/06\/JHV-OG-PB-Neuwahl-NOe-Zentral-14-1024x768.jpg 1024w, https:\/\/blog.vida.at\/pensionisten\/wp-content\/uploads\/sites\/10\/2022\/06\/JHV-OG-PB-Neuwahl-NOe-Zentral-14-300x225.jpg 300w, https:\/\/blog.vida.at\/pensionisten\/wp-content\/uploads\/sites\/10\/2022\/06\/JHV-OG-PB-Neuwahl-NOe-Zentral-14-768x576.jpg 768w, https:\/\/blog.vida.at\/pensionisten\/wp-content\/uploads\/sites\/10\/2022\/06\/JHV-OG-PB-Neuwahl-NOe-Zentral-14-1536x1152.jpg 1536w, https:\/\/blog.vida.at\/pensionisten\/wp-content\/uploads\/sites\/10\/2022\/06\/JHV-OG-PB-Neuwahl-NOe-Zentral-14-2048x1536.jpg 2048w, https:\/\/blog.vida.at\/pensionisten\/wp-content\/uploads\/sites\/10\/2022\/06\/JHV-OG-PB-Neuwahl-NOe-Zentral-14-500x375.jpg 500w, https:\/\/blog.vida.at\/pensionisten\/wp-content\/uploads\/sites\/10\/2022\/06\/JHV-OG-PB-Neuwahl-NOe-Zentral-14-800x600.jpg 800w, https:\/\/blog.vida.at\/pensionisten\/wp-content\/uploads\/sites\/10\/2022\/06\/JHV-OG-PB-Neuwahl-NOe-Zentral-14-1280x960.jpg 1280w, https:\/\/blog.vida.at\/pensionisten\/wp-content\/uploads\/sites\/10\/2022\/06\/JHV-OG-PB-Neuwahl-NOe-Zentral-14-1920x1440.jpg 1920w, https:\/\/blog.vida.at\/pensionisten\/wp-content\/uploads\/sites\/10\/2022\/06\/JHV-OG-PB-Neuwahl-NOe-Zentral-14-1568x1176.jpg 1568w\" sizes=\"auto, (max-width: 1024px) 100vw, 1024px\" \/><\/figure>\n\n\n\n<figure class=\"wp-block-image size-large\"><img loading=\"lazy\" decoding=\"async\" width=\"1024\" height=\"768\" data-id=\"4901\" src=\"https:\/\/blog.vida.at\/pensionisten\/wp-content\/uploads\/sites\/10\/2022\/06\/JHV-OG-PB-Neuwahl-NOe-Zentral-16-1024x768.jpg\" alt=\"\" class=\"wp-image-4901\" srcset=\"https:\/\/blog.vida.at\/pensionisten\/wp-content\/uploads\/sites\/10\/2022\/06\/JHV-OG-PB-Neuwahl-NOe-Zentral-16-1024x768.jpg 1024w, https:\/\/blog.vida.at\/pensionisten\/wp-content\/uploads\/sites\/10\/2022\/06\/JHV-OG-PB-Neuwahl-NOe-Zentral-16-300x225.jpg 300w, https:\/\/blog.vida.at\/pensionisten\/wp-content\/uploads\/sites\/10\/2022\/06\/JHV-OG-PB-Neuwahl-NOe-Zentral-16-768x576.jpg 768w, https:\/\/blog.vida.at\/pensionisten\/wp-content\/uploads\/sites\/10\/2022\/06\/JHV-OG-PB-Neuwahl-NOe-Zentral-16-1536x1152.jpg 1536w, https:\/\/blog.vida.at\/pensionisten\/wp-content\/uploads\/sites\/10\/2022\/06\/JHV-OG-PB-Neuwahl-NOe-Zentral-16-2048x1536.jpg 2048w, https:\/\/blog.vida.at\/pensionisten\/wp-content\/uploads\/sites\/10\/2022\/06\/JHV-OG-PB-Neuwahl-NOe-Zentral-16-500x375.jpg 500w, https:\/\/blog.vida.at\/pensionisten\/wp-content\/uploads\/sites\/10\/2022\/06\/JHV-OG-PB-Neuwahl-NOe-Zentral-16-800x600.jpg 800w, https:\/\/blog.vida.at\/pensionisten\/wp-content\/uploads\/sites\/10\/2022\/06\/JHV-OG-PB-Neuwahl-NOe-Zentral-16-1280x960.jpg 1280w, https:\/\/blog.vida.at\/pensionisten\/wp-content\/uploads\/sites\/10\/2022\/06\/JHV-OG-PB-Neuwahl-NOe-Zentral-16-1920x1440.jpg 1920w, https:\/\/blog.vida.at\/pensionisten\/wp-content\/uploads\/sites\/10\/2022\/06\/JHV-OG-PB-Neuwahl-NOe-Zentral-16-1568x1176.jpg 1568w\" sizes=\"auto, (max-width: 1024px) 100vw, 1024px\" \/><\/figure>\n\n\n\n<figure class=\"wp-block-image size-large\"><img loading=\"lazy\" decoding=\"async\" width=\"1024\" height=\"768\" data-id=\"4900\" src=\"https:\/\/blog.vida.at\/pensionisten\/wp-content\/uploads\/sites\/10\/2022\/06\/JHV-OG-PB-Neuwahl-NOe-Zentral-13-1024x768.jpg\" alt=\"\" class=\"wp-image-4900\" srcset=\"https:\/\/blog.vida.at\/pensionisten\/wp-content\/uploads\/sites\/10\/2022\/06\/JHV-OG-PB-Neuwahl-NOe-Zentral-13-1024x768.jpg 1024w, https:\/\/blog.vida.at\/pensionisten\/wp-content\/uploads\/sites\/10\/2022\/06\/JHV-OG-PB-Neuwahl-NOe-Zentral-13-300x225.jpg 300w, https:\/\/blog.vida.at\/pensionisten\/wp-content\/uploads\/sites\/10\/2022\/06\/JHV-OG-PB-Neuwahl-NOe-Zentral-13-768x576.jpg 768w, https:\/\/blog.vida.at\/pensionisten\/wp-content\/uploads\/sites\/10\/2022\/06\/JHV-OG-PB-Neuwahl-NOe-Zentral-13-1536x1152.jpg 1536w, https:\/\/blog.vida.at\/pensionisten\/wp-content\/uploads\/sites\/10\/2022\/06\/JHV-OG-PB-Neuwahl-NOe-Zentral-13-2048x1536.jpg 2048w, https:\/\/blog.vida.at\/pensionisten\/wp-content\/uploads\/sites\/10\/2022\/06\/JHV-OG-PB-Neuwahl-NOe-Zentral-13-500x375.jpg 500w, https:\/\/blog.vida.at\/pensionisten\/wp-content\/uploads\/sites\/10\/2022\/06\/JHV-OG-PB-Neuwahl-NOe-Zentral-13-800x600.jpg 800w, https:\/\/blog.vida.at\/pensionisten\/wp-content\/uploads\/sites\/10\/2022\/06\/JHV-OG-PB-Neuwahl-NOe-Zentral-13-1280x960.jpg 1280w, https:\/\/blog.vida.at\/pensionisten\/wp-content\/uploads\/sites\/10\/2022\/06\/JHV-OG-PB-Neuwahl-NOe-Zentral-13-1920x1440.jpg 1920w, https:\/\/blog.vida.at\/pensionisten\/wp-content\/uploads\/sites\/10\/2022\/06\/JHV-OG-PB-Neuwahl-NOe-Zentral-13-1568x1176.jpg 1568w\" sizes=\"auto, (max-width: 1024px) 100vw, 1024px\" \/><\/figure>\n\n\n\n<figure class=\"wp-block-image size-large\"><img loading=\"lazy\" decoding=\"async\" width=\"1024\" height=\"768\" data-id=\"4897\" src=\"https:\/\/blog.vida.at\/pensionisten\/wp-content\/uploads\/sites\/10\/2022\/06\/JHV-OG-PB-Neuwahl-NOe-Zentral-18-1024x768.jpg\" alt=\"\" class=\"wp-image-4897\" srcset=\"https:\/\/blog.vida.at\/pensionisten\/wp-content\/uploads\/sites\/10\/2022\/06\/JHV-OG-PB-Neuwahl-NOe-Zentral-18-1024x768.jpg 1024w, https:\/\/blog.vida.at\/pensionisten\/wp-content\/uploads\/sites\/10\/2022\/06\/JHV-OG-PB-Neuwahl-NOe-Zentral-18-300x225.jpg 300w, https:\/\/blog.vida.at\/pensionisten\/wp-content\/uploads\/sites\/10\/2022\/06\/JHV-OG-PB-Neuwahl-NOe-Zentral-18-768x576.jpg 768w, https:\/\/blog.vida.at\/pensionisten\/wp-content\/uploads\/sites\/10\/2022\/06\/JHV-OG-PB-Neuwahl-NOe-Zentral-18-1536x1152.jpg 1536w, https:\/\/blog.vida.at\/pensionisten\/wp-content\/uploads\/sites\/10\/2022\/06\/JHV-OG-PB-Neuwahl-NOe-Zentral-18-2048x1536.jpg 2048w, https:\/\/blog.vida.at\/pensionisten\/wp-content\/uploads\/sites\/10\/2022\/06\/JHV-OG-PB-Neuwahl-NOe-Zentral-18-500x375.jpg 500w, https:\/\/blog.vida.at\/pensionisten\/wp-content\/uploads\/sites\/10\/2022\/06\/JHV-OG-PB-Neuwahl-NOe-Zentral-18-800x600.jpg 800w, https:\/\/blog.vida.at\/pensionisten\/wp-content\/uploads\/sites\/10\/2022\/06\/JHV-OG-PB-Neuwahl-NOe-Zentral-18-1280x960.jpg 1280w, https:\/\/blog.vida.at\/pensionisten\/wp-content\/uploads\/sites\/10\/2022\/06\/JHV-OG-PB-Neuwahl-NOe-Zentral-18-1920x1440.jpg 1920w, https:\/\/blog.vida.at\/pensionisten\/wp-content\/uploads\/sites\/10\/2022\/06\/JHV-OG-PB-Neuwahl-NOe-Zentral-18-1568x1176.jpg 1568w\" sizes=\"auto, (max-width: 1024px) 100vw, 1024px\" \/><\/figure>\n\n\n\n<figure class=\"wp-block-image size-large\"><img loading=\"lazy\" decoding=\"async\" width=\"1024\" height=\"768\" data-id=\"4902\" src=\"https:\/\/blog.vida.at\/pensionisten\/wp-content\/uploads\/sites\/10\/2022\/06\/JHV-OG-PB-Neuwahl-NOe-Zentral-11-1024x768.jpg\" alt=\"\" class=\"wp-image-4902\" srcset=\"https:\/\/blog.vida.at\/pensionisten\/wp-content\/uploads\/sites\/10\/2022\/06\/JHV-OG-PB-Neuwahl-NOe-Zentral-11-1024x768.jpg 1024w, https:\/\/blog.vida.at\/pensionisten\/wp-content\/uploads\/sites\/10\/2022\/06\/JHV-OG-PB-Neuwahl-NOe-Zentral-11-300x225.jpg 300w, https:\/\/blog.vida.at\/pensionisten\/wp-content\/uploads\/sites\/10\/2022\/06\/JHV-OG-PB-Neuwahl-NOe-Zentral-11-768x576.jpg 768w, https:\/\/blog.vida.at\/pensionisten\/wp-content\/uploads\/sites\/10\/2022\/06\/JHV-OG-PB-Neuwahl-NOe-Zentral-11-1536x1152.jpg 1536w, https:\/\/blog.vida.at\/pensionisten\/wp-content\/uploads\/sites\/10\/2022\/06\/JHV-OG-PB-Neuwahl-NOe-Zentral-11-2048x1536.jpg 2048w, https:\/\/blog.vida.at\/pensionisten\/wp-content\/uploads\/sites\/10\/2022\/06\/JHV-OG-PB-Neuwahl-NOe-Zentral-11-500x375.jpg 500w, https:\/\/blog.vida.at\/pensionisten\/wp-content\/uploads\/sites\/10\/2022\/06\/JHV-OG-PB-Neuwahl-NOe-Zentral-11-800x600.jpg 800w, https:\/\/blog.vida.at\/pensionisten\/wp-content\/uploads\/sites\/10\/2022\/06\/JHV-OG-PB-Neuwahl-NOe-Zentral-11-1280x960.jpg 1280w, https:\/\/blog.vida.at\/pensionisten\/wp-content\/uploads\/sites\/10\/2022\/06\/JHV-OG-PB-Neuwahl-NOe-Zentral-11-1920x1440.jpg 1920w, https:\/\/blog.vida.at\/pensionisten\/wp-content\/uploads\/sites\/10\/2022\/06\/JHV-OG-PB-Neuwahl-NOe-Zentral-11-1568x1176.jpg 1568w\" sizes=\"auto, (max-width: 1024px) 100vw, 1024px\" \/><\/figure>\n\n\n\n<figure class=\"wp-block-image size-large\"><img loading=\"lazy\" decoding=\"async\" width=\"1024\" height=\"768\" data-id=\"4903\" src=\"https:\/\/blog.vida.at\/pensionisten\/wp-content\/uploads\/sites\/10\/2022\/06\/JHV-OG-PB-Neuwahl-NOe-Zentral-19-1024x768.jpg\" alt=\"\" class=\"wp-image-4903\" srcset=\"https:\/\/blog.vida.at\/pensionisten\/wp-content\/uploads\/sites\/10\/2022\/06\/JHV-OG-PB-Neuwahl-NOe-Zentral-19-1024x768.jpg 1024w, https:\/\/blog.vida.at\/pensionisten\/wp-content\/uploads\/sites\/10\/2022\/06\/JHV-OG-PB-Neuwahl-NOe-Zentral-19-300x225.jpg 300w, https:\/\/blog.vida.at\/pensionisten\/wp-content\/uploads\/sites\/10\/2022\/06\/JHV-OG-PB-Neuwahl-NOe-Zentral-19-768x576.jpg 768w, https:\/\/blog.vida.at\/pensionisten\/wp-content\/uploads\/sites\/10\/2022\/06\/JHV-OG-PB-Neuwahl-NOe-Zentral-19-1536x1152.jpg 1536w, https:\/\/blog.vida.at\/pensionisten\/wp-content\/uploads\/sites\/10\/2022\/06\/JHV-OG-PB-Neuwahl-NOe-Zentral-19-2048x1536.jpg 2048w, https:\/\/blog.vida.at\/pensionisten\/wp-content\/uploads\/sites\/10\/2022\/06\/JHV-OG-PB-Neuwahl-NOe-Zentral-19-500x375.jpg 500w, https:\/\/blog.vida.at\/pensionisten\/wp-content\/uploads\/sites\/10\/2022\/06\/JHV-OG-PB-Neuwahl-NOe-Zentral-19-800x600.jpg 800w, https:\/\/blog.vida.at\/pensionisten\/wp-content\/uploads\/sites\/10\/2022\/06\/JHV-OG-PB-Neuwahl-NOe-Zentral-19-1280x960.jpg 1280w, https:\/\/blog.vida.at\/pensionisten\/wp-content\/uploads\/sites\/10\/2022\/06\/JHV-OG-PB-Neuwahl-NOe-Zentral-19-1920x1440.jpg 1920w, https:\/\/blog.vida.at\/pensionisten\/wp-content\/uploads\/sites\/10\/2022\/06\/JHV-OG-PB-Neuwahl-NOe-Zentral-19-1568x1176.jpg 1568w\" sizes=\"auto, (max-width: 1024px) 100vw, 1024px\" \/><\/figure>\n\n\n\n<figure class=\"wp-block-image size-large\"><img loading=\"lazy\" decoding=\"async\" width=\"768\" height=\"1024\" data-id=\"4917\" src=\"https:\/\/blog.vida.at\/pensionisten\/wp-content\/uploads\/sites\/10\/2022\/06\/JHV-OG-PB-Neuwahl-NOe-Zentral-22-768x1024.jpg\" alt=\"\" class=\"wp-image-4917\" srcset=\"https:\/\/blog.vida.at\/pensionisten\/wp-content\/uploads\/sites\/10\/2022\/06\/JHV-OG-PB-Neuwahl-NOe-Zentral-22-768x1024.jpg 768w, https:\/\/blog.vida.at\/pensionisten\/wp-content\/uploads\/sites\/10\/2022\/06\/JHV-OG-PB-Neuwahl-NOe-Zentral-22-225x300.jpg 225w, https:\/\/blog.vida.at\/pensionisten\/wp-content\/uploads\/sites\/10\/2022\/06\/JHV-OG-PB-Neuwahl-NOe-Zentral-22-1152x1536.jpg 1152w, https:\/\/blog.vida.at\/pensionisten\/wp-content\/uploads\/sites\/10\/2022\/06\/JHV-OG-PB-Neuwahl-NOe-Zentral-22-1536x2048.jpg 1536w, https:\/\/blog.vida.at\/pensionisten\/wp-content\/uploads\/sites\/10\/2022\/06\/JHV-OG-PB-Neuwahl-NOe-Zentral-22-500x667.jpg 500w, https:\/\/blog.vida.at\/pensionisten\/wp-content\/uploads\/sites\/10\/2022\/06\/JHV-OG-PB-Neuwahl-NOe-Zentral-22-800x1067.jpg 800w, https:\/\/blog.vida.at\/pensionisten\/wp-content\/uploads\/sites\/10\/2022\/06\/JHV-OG-PB-Neuwahl-NOe-Zentral-22-1280x1707.jpg 1280w, https:\/\/blog.vida.at\/pensionisten\/wp-content\/uploads\/sites\/10\/2022\/06\/JHV-OG-PB-Neuwahl-NOe-Zentral-22-scaled.jpg 1920w, https:\/\/blog.vida.at\/pensionisten\/wp-content\/uploads\/sites\/10\/2022\/06\/JHV-OG-PB-Neuwahl-NOe-Zentral-22-1568x2091.jpg 1568w\" sizes=\"auto, (max-width: 768px) 100vw, 768px\" \/><\/figure>\n\n\n\n<figure class=\"wp-block-image size-large\"><img loading=\"lazy\" decoding=\"async\" width=\"768\" height=\"1024\" data-id=\"4909\" src=\"https:\/\/blog.vida.at\/pensionisten\/wp-content\/uploads\/sites\/10\/2022\/06\/JHV-OG-PB-Neuwahl-NOe-Zentral-24-768x1024.jpg\" alt=\"\" class=\"wp-image-4909\" srcset=\"https:\/\/blog.vida.at\/pensionisten\/wp-content\/uploads\/sites\/10\/2022\/06\/JHV-OG-PB-Neuwahl-NOe-Zentral-24-768x1024.jpg 768w, https:\/\/blog.vida.at\/pensionisten\/wp-content\/uploads\/sites\/10\/2022\/06\/JHV-OG-PB-Neuwahl-NOe-Zentral-24-225x300.jpg 225w, https:\/\/blog.vida.at\/pensionisten\/wp-content\/uploads\/sites\/10\/2022\/06\/JHV-OG-PB-Neuwahl-NOe-Zentral-24-1152x1536.jpg 1152w, https:\/\/blog.vida.at\/pensionisten\/wp-content\/uploads\/sites\/10\/2022\/06\/JHV-OG-PB-Neuwahl-NOe-Zentral-24-1536x2048.jpg 1536w, https:\/\/blog.vida.at\/pensionisten\/wp-content\/uploads\/sites\/10\/2022\/06\/JHV-OG-PB-Neuwahl-NOe-Zentral-24-500x667.jpg 500w, https:\/\/blog.vida.at\/pensionisten\/wp-content\/uploads\/sites\/10\/2022\/06\/JHV-OG-PB-Neuwahl-NOe-Zentral-24-800x1067.jpg 800w, https:\/\/blog.vida.at\/pensionisten\/wp-content\/uploads\/sites\/10\/2022\/06\/JHV-OG-PB-Neuwahl-NOe-Zentral-24-1280x1707.jpg 1280w, https:\/\/blog.vida.at\/pensionisten\/wp-content\/uploads\/sites\/10\/2022\/06\/JHV-OG-PB-Neuwahl-NOe-Zentral-24-scaled.jpg 1920w, https:\/\/blog.vida.at\/pensionisten\/wp-content\/uploads\/sites\/10\/2022\/06\/JHV-OG-PB-Neuwahl-NOe-Zentral-24-1568x2091.jpg 1568w\" sizes=\"auto, (max-width: 768px) 100vw, 768px\" \/><\/figure>\n\n\n\n<figure class=\"wp-block-image size-large\"><img loading=\"lazy\" decoding=\"async\" width=\"1024\" height=\"768\" data-id=\"4916\" src=\"https:\/\/blog.vida.at\/pensionisten\/wp-content\/uploads\/sites\/10\/2022\/06\/JHV-OG-PB-Neuwahl-NOe-Zentral-23-1024x768.jpg\" alt=\"\" class=\"wp-image-4916\" srcset=\"https:\/\/blog.vida.at\/pensionisten\/wp-content\/uploads\/sites\/10\/2022\/06\/JHV-OG-PB-Neuwahl-NOe-Zentral-23-1024x768.jpg 1024w, https:\/\/blog.vida.at\/pensionisten\/wp-content\/uploads\/sites\/10\/2022\/06\/JHV-OG-PB-Neuwahl-NOe-Zentral-23-300x225.jpg 300w, https:\/\/blog.vida.at\/pensionisten\/wp-content\/uploads\/sites\/10\/2022\/06\/JHV-OG-PB-Neuwahl-NOe-Zentral-23-768x576.jpg 768w, https:\/\/blog.vida.at\/pensionisten\/wp-content\/uploads\/sites\/10\/2022\/06\/JHV-OG-PB-Neuwahl-NOe-Zentral-23-1536x1152.jpg 1536w, https:\/\/blog.vida.at\/pensionisten\/wp-content\/uploads\/sites\/10\/2022\/06\/JHV-OG-PB-Neuwahl-NOe-Zentral-23-2048x1536.jpg 2048w, https:\/\/blog.vida.at\/pensionisten\/wp-content\/uploads\/sites\/10\/2022\/06\/JHV-OG-PB-Neuwahl-NOe-Zentral-23-500x375.jpg 500w, https:\/\/blog.vida.at\/pensionisten\/wp-content\/uploads\/sites\/10\/2022\/06\/JHV-OG-PB-Neuwahl-NOe-Zentral-23-800x600.jpg 800w, https:\/\/blog.vida.at\/pensionisten\/wp-content\/uploads\/sites\/10\/2022\/06\/JHV-OG-PB-Neuwahl-NOe-Zentral-23-1280x960.jpg 1280w, https:\/\/blog.vida.at\/pensionisten\/wp-content\/uploads\/sites\/10\/2022\/06\/JHV-OG-PB-Neuwahl-NOe-Zentral-23-1920x1440.jpg 1920w, https:\/\/blog.vida.at\/pensionisten\/wp-content\/uploads\/sites\/10\/2022\/06\/JHV-OG-PB-Neuwahl-NOe-Zentral-23-1568x1176.jpg 1568w\" sizes=\"auto, (max-width: 1024px) 100vw, 1024px\" \/><\/figure>\n\n\n\n<figure class=\"wp-block-image size-large\"><img loading=\"lazy\" decoding=\"async\" width=\"1024\" height=\"768\" data-id=\"4905\" src=\"https:\/\/blog.vida.at\/pensionisten\/wp-content\/uploads\/sites\/10\/2022\/06\/JHV-OG-PB-Neuwahl-NOe-Zentral-20-1024x768.jpg\" alt=\"\" class=\"wp-image-4905\" srcset=\"https:\/\/blog.vida.at\/pensionisten\/wp-content\/uploads\/sites\/10\/2022\/06\/JHV-OG-PB-Neuwahl-NOe-Zentral-20-1024x768.jpg 1024w, https:\/\/blog.vida.at\/pensionisten\/wp-content\/uploads\/sites\/10\/2022\/06\/JHV-OG-PB-Neuwahl-NOe-Zentral-20-300x225.jpg 300w, https:\/\/blog.vida.at\/pensionisten\/wp-content\/uploads\/sites\/10\/2022\/06\/JHV-OG-PB-Neuwahl-NOe-Zentral-20-768x576.jpg 768w, https:\/\/blog.vida.at\/pensionisten\/wp-content\/uploads\/sites\/10\/2022\/06\/JHV-OG-PB-Neuwahl-NOe-Zentral-20-1536x1152.jpg 1536w, https:\/\/blog.vida.at\/pensionisten\/wp-content\/uploads\/sites\/10\/2022\/06\/JHV-OG-PB-Neuwahl-NOe-Zentral-20-2048x1536.jpg 2048w, https:\/\/blog.vida.at\/pensionisten\/wp-content\/uploads\/sites\/10\/2022\/06\/JHV-OG-PB-Neuwahl-NOe-Zentral-20-500x375.jpg 500w, https:\/\/blog.vida.at\/pensionisten\/wp-content\/uploads\/sites\/10\/2022\/06\/JHV-OG-PB-Neuwahl-NOe-Zentral-20-800x600.jpg 800w, https:\/\/blog.vida.at\/pensionisten\/wp-content\/uploads\/sites\/10\/2022\/06\/JHV-OG-PB-Neuwahl-NOe-Zentral-20-1280x960.jpg 1280w, https:\/\/blog.vida.at\/pensionisten\/wp-content\/uploads\/sites\/10\/2022\/06\/JHV-OG-PB-Neuwahl-NOe-Zentral-20-1920x1440.jpg 1920w, https:\/\/blog.vida.at\/pensionisten\/wp-content\/uploads\/sites\/10\/2022\/06\/JHV-OG-PB-Neuwahl-NOe-Zentral-20-1568x1176.jpg 1568w\" sizes=\"auto, (max-width: 1024px) 100vw, 1024px\" \/><\/figure>\n\n\n\n<figure class=\"wp-block-image size-large\"><img loading=\"lazy\" decoding=\"async\" width=\"1024\" height=\"768\" data-id=\"4913\" src=\"https:\/\/blog.vida.at\/pensionisten\/wp-content\/uploads\/sites\/10\/2022\/06\/JHV-OG-PB-Neuwahl-NOe-Zentral-21-1024x768.jpg\" alt=\"\" class=\"wp-image-4913\" srcset=\"https:\/\/blog.vida.at\/pensionisten\/wp-content\/uploads\/sites\/10\/2022\/06\/JHV-OG-PB-Neuwahl-NOe-Zentral-21-1024x768.jpg 1024w, https:\/\/blog.vida.at\/pensionisten\/wp-content\/uploads\/sites\/10\/2022\/06\/JHV-OG-PB-Neuwahl-NOe-Zentral-21-300x225.jpg 300w, https:\/\/blog.vida.at\/pensionisten\/wp-content\/uploads\/sites\/10\/2022\/06\/JHV-OG-PB-Neuwahl-NOe-Zentral-21-768x576.jpg 768w, https:\/\/blog.vida.at\/pensionisten\/wp-content\/uploads\/sites\/10\/2022\/06\/JHV-OG-PB-Neuwahl-NOe-Zentral-21-1536x1152.jpg 1536w, https:\/\/blog.vida.at\/pensionisten\/wp-content\/uploads\/sites\/10\/2022\/06\/JHV-OG-PB-Neuwahl-NOe-Zentral-21-2048x1536.jpg 2048w, https:\/\/blog.vida.at\/pensionisten\/wp-content\/uploads\/sites\/10\/2022\/06\/JHV-OG-PB-Neuwahl-NOe-Zentral-21-500x375.jpg 500w, https:\/\/blog.vida.at\/pensionisten\/wp-content\/uploads\/sites\/10\/2022\/06\/JHV-OG-PB-Neuwahl-NOe-Zentral-21-800x600.jpg 800w, https:\/\/blog.vida.at\/pensionisten\/wp-content\/uploads\/sites\/10\/2022\/06\/JHV-OG-PB-Neuwahl-NOe-Zentral-21-1280x960.jpg 1280w, https:\/\/blog.vida.at\/pensionisten\/wp-content\/uploads\/sites\/10\/2022\/06\/JHV-OG-PB-Neuwahl-NOe-Zentral-21-1920x1440.jpg 1920w, https:\/\/blog.vida.at\/pensionisten\/wp-content\/uploads\/sites\/10\/2022\/06\/JHV-OG-PB-Neuwahl-NOe-Zentral-21-1568x1176.jpg 1568w\" sizes=\"auto, (max-width: 1024px) 100vw, 1024px\" \/><\/figure>\n\n\n\n<figure class=\"wp-block-image size-large\"><img loading=\"lazy\" decoding=\"async\" width=\"1024\" height=\"768\" data-id=\"4910\" src=\"https:\/\/blog.vida.at\/pensionisten\/wp-content\/uploads\/sites\/10\/2022\/06\/JHV-OG-PB-Neuwahl-NOe-Zentral-26-1024x768.jpg\" alt=\"\" class=\"wp-image-4910\" srcset=\"https:\/\/blog.vida.at\/pensionisten\/wp-content\/uploads\/sites\/10\/2022\/06\/JHV-OG-PB-Neuwahl-NOe-Zentral-26-1024x768.jpg 1024w, https:\/\/blog.vida.at\/pensionisten\/wp-content\/uploads\/sites\/10\/2022\/06\/JHV-OG-PB-Neuwahl-NOe-Zentral-26-300x225.jpg 300w, https:\/\/blog.vida.at\/pensionisten\/wp-content\/uploads\/sites\/10\/2022\/06\/JHV-OG-PB-Neuwahl-NOe-Zentral-26-768x576.jpg 768w, https:\/\/blog.vida.at\/pensionisten\/wp-content\/uploads\/sites\/10\/2022\/06\/JHV-OG-PB-Neuwahl-NOe-Zentral-26-1536x1152.jpg 1536w, https:\/\/blog.vida.at\/pensionisten\/wp-content\/uploads\/sites\/10\/2022\/06\/JHV-OG-PB-Neuwahl-NOe-Zentral-26-2048x1536.jpg 2048w, https:\/\/blog.vida.at\/pensionisten\/wp-content\/uploads\/sites\/10\/2022\/06\/JHV-OG-PB-Neuwahl-NOe-Zentral-26-500x375.jpg 500w, https:\/\/blog.vida.at\/pensionisten\/wp-content\/uploads\/sites\/10\/2022\/06\/JHV-OG-PB-Neuwahl-NOe-Zentral-26-800x600.jpg 800w, https:\/\/blog.vida.at\/pensionisten\/wp-content\/uploads\/sites\/10\/2022\/06\/JHV-OG-PB-Neuwahl-NOe-Zentral-26-1280x960.jpg 1280w, https:\/\/blog.vida.at\/pensionisten\/wp-content\/uploads\/sites\/10\/2022\/06\/JHV-OG-PB-Neuwahl-NOe-Zentral-26-1920x1440.jpg 1920w, https:\/\/blog.vida.at\/pensionisten\/wp-content\/uploads\/sites\/10\/2022\/06\/JHV-OG-PB-Neuwahl-NOe-Zentral-26-1568x1176.jpg 1568w\" sizes=\"auto, (max-width: 1024px) 100vw, 1024px\" \/><\/figure>\n\n\n\n<figure class=\"wp-block-image size-large\"><img loading=\"lazy\" decoding=\"async\" width=\"1024\" height=\"768\" data-id=\"4912\" src=\"https:\/\/blog.vida.at\/pensionisten\/wp-content\/uploads\/sites\/10\/2022\/06\/JHV-OG-PB-Neuwahl-NOe-Zentral-27-1024x768.jpg\" alt=\"\" class=\"wp-image-4912\" srcset=\"https:\/\/blog.vida.at\/pensionisten\/wp-content\/uploads\/sites\/10\/2022\/06\/JHV-OG-PB-Neuwahl-NOe-Zentral-27-1024x768.jpg 1024w, https:\/\/blog.vida.at\/pensionisten\/wp-content\/uploads\/sites\/10\/2022\/06\/JHV-OG-PB-Neuwahl-NOe-Zentral-27-300x225.jpg 300w, https:\/\/blog.vida.at\/pensionisten\/wp-content\/uploads\/sites\/10\/2022\/06\/JHV-OG-PB-Neuwahl-NOe-Zentral-27-768x576.jpg 768w, https:\/\/blog.vida.at\/pensionisten\/wp-content\/uploads\/sites\/10\/2022\/06\/JHV-OG-PB-Neuwahl-NOe-Zentral-27-1536x1152.jpg 1536w, https:\/\/blog.vida.at\/pensionisten\/wp-content\/uploads\/sites\/10\/2022\/06\/JHV-OG-PB-Neuwahl-NOe-Zentral-27-2048x1536.jpg 2048w, https:\/\/blog.vida.at\/pensionisten\/wp-content\/uploads\/sites\/10\/2022\/06\/JHV-OG-PB-Neuwahl-NOe-Zentral-27-500x375.jpg 500w, https:\/\/blog.vida.at\/pensionisten\/wp-content\/uploads\/sites\/10\/2022\/06\/JHV-OG-PB-Neuwahl-NOe-Zentral-27-800x600.jpg 800w, https:\/\/blog.vida.at\/pensionisten\/wp-content\/uploads\/sites\/10\/2022\/06\/JHV-OG-PB-Neuwahl-NOe-Zentral-27-1280x960.jpg 1280w, https:\/\/blog.vida.at\/pensionisten\/wp-content\/uploads\/sites\/10\/2022\/06\/JHV-OG-PB-Neuwahl-NOe-Zentral-27-1920x1440.jpg 1920w, https:\/\/blog.vida.at\/pensionisten\/wp-content\/uploads\/sites\/10\/2022\/06\/JHV-OG-PB-Neuwahl-NOe-Zentral-27-1568x1176.jpg 1568w\" sizes=\"auto, (max-width: 1024px) 100vw, 1024px\" \/><\/figure>\n\n\n\n<figure class=\"wp-block-image size-large\"><img loading=\"lazy\" decoding=\"async\" width=\"1024\" height=\"768\" data-id=\"4914\" src=\"https:\/\/blog.vida.at\/pensionisten\/wp-content\/uploads\/sites\/10\/2022\/06\/JHV-OG-PB-Neuwahl-NOe-Zentral-28-1024x768.jpg\" alt=\"\" class=\"wp-image-4914\" srcset=\"https:\/\/blog.vida.at\/pensionisten\/wp-content\/uploads\/sites\/10\/2022\/06\/JHV-OG-PB-Neuwahl-NOe-Zentral-28-1024x768.jpg 1024w, https:\/\/blog.vida.at\/pensionisten\/wp-content\/uploads\/sites\/10\/2022\/06\/JHV-OG-PB-Neuwahl-NOe-Zentral-28-300x225.jpg 300w, https:\/\/blog.vida.at\/pensionisten\/wp-content\/uploads\/sites\/10\/2022\/06\/JHV-OG-PB-Neuwahl-NOe-Zentral-28-768x576.jpg 768w, https:\/\/blog.vida.at\/pensionisten\/wp-content\/uploads\/sites\/10\/2022\/06\/JHV-OG-PB-Neuwahl-NOe-Zentral-28-1536x1152.jpg 1536w, https:\/\/blog.vida.at\/pensionisten\/wp-content\/uploads\/sites\/10\/2022\/06\/JHV-OG-PB-Neuwahl-NOe-Zentral-28-2048x1536.jpg 2048w, https:\/\/blog.vida.at\/pensionisten\/wp-content\/uploads\/sites\/10\/2022\/06\/JHV-OG-PB-Neuwahl-NOe-Zentral-28-500x375.jpg 500w, https:\/\/blog.vida.at\/pensionisten\/wp-content\/uploads\/sites\/10\/2022\/06\/JHV-OG-PB-Neuwahl-NOe-Zentral-28-800x600.jpg 800w, https:\/\/blog.vida.at\/pensionisten\/wp-content\/uploads\/sites\/10\/2022\/06\/JHV-OG-PB-Neuwahl-NOe-Zentral-28-1280x960.jpg 1280w, https:\/\/blog.vida.at\/pensionisten\/wp-content\/uploads\/sites\/10\/2022\/06\/JHV-OG-PB-Neuwahl-NOe-Zentral-28-1920x1440.jpg 1920w, https:\/\/blog.vida.at\/pensionisten\/wp-content\/uploads\/sites\/10\/2022\/06\/JHV-OG-PB-Neuwahl-NOe-Zentral-28-1568x1176.jpg 1568w\" sizes=\"auto, (max-width: 1024px) 100vw, 1024px\" \/><\/figure>\n\n\n\n<figure class=\"wp-block-image size-large\"><img loading=\"lazy\" decoding=\"async\" width=\"1024\" height=\"768\" data-id=\"4915\" src=\"https:\/\/blog.vida.at\/pensionisten\/wp-content\/uploads\/sites\/10\/2022\/06\/JHV-OG-PB-Neuwahl-NOe-Zentral-1024x768.jpg\" alt=\"\" class=\"wp-image-4915\" srcset=\"https:\/\/blog.vida.at\/pensionisten\/wp-content\/uploads\/sites\/10\/2022\/06\/JHV-OG-PB-Neuwahl-NOe-Zentral-1024x768.jpg 1024w, https:\/\/blog.vida.at\/pensionisten\/wp-content\/uploads\/sites\/10\/2022\/06\/JHV-OG-PB-Neuwahl-NOe-Zentral-300x225.jpg 300w, https:\/\/blog.vida.at\/pensionisten\/wp-content\/uploads\/sites\/10\/2022\/06\/JHV-OG-PB-Neuwahl-NOe-Zentral-768x576.jpg 768w, https:\/\/blog.vida.at\/pensionisten\/wp-content\/uploads\/sites\/10\/2022\/06\/JHV-OG-PB-Neuwahl-NOe-Zentral-1536x1152.jpg 1536w, https:\/\/blog.vida.at\/pensionisten\/wp-content\/uploads\/sites\/10\/2022\/06\/JHV-OG-PB-Neuwahl-NOe-Zentral-2048x1536.jpg 2048w, https:\/\/blog.vida.at\/pensionisten\/wp-content\/uploads\/sites\/10\/2022\/06\/JHV-OG-PB-Neuwahl-NOe-Zentral-500x375.jpg 500w, https:\/\/blog.vida.at\/pensionisten\/wp-content\/uploads\/sites\/10\/2022\/06\/JHV-OG-PB-Neuwahl-NOe-Zentral-800x600.jpg 800w, https:\/\/blog.vida.at\/pensionisten\/wp-content\/uploads\/sites\/10\/2022\/06\/JHV-OG-PB-Neuwahl-NOe-Zentral-1280x960.jpg 1280w, https:\/\/blog.vida.at\/pensionisten\/wp-content\/uploads\/sites\/10\/2022\/06\/JHV-OG-PB-Neuwahl-NOe-Zentral-1920x1440.jpg 1920w, https:\/\/blog.vida.at\/pensionisten\/wp-content\/uploads\/sites\/10\/2022\/06\/JHV-OG-PB-Neuwahl-NOe-Zentral-1568x1176.jpg 1568w\" sizes=\"auto, (max-width: 1024px) 100vw, 1024px\" \/><\/figure>\n<\/figure>\n\n\n\n<p><br><\/p>\n\n\n\n<figure class=\"wp-block-gallery has-nested-images columns-default is-cropped wp-block-gallery-2 is-layout-flex wp-block-gallery-is-layout-flex\"><\/figure>\n\n\n\n<p><br><\/p>\n<\/div><\/div>\n","protected":false},"excerpt":{"rendered":"<p>Viele Ehreng\u00e4ste zu Gast und Mitglieder geehrt.<\/p>\n","protected":false},"author":8,"featured_media":4901,"comment_status":"open","ping_status":"open","sticky":false,"template":"","format":"standard","meta":{"_uag_custom_page_level_css":"","advgb_blocks_editor_width":"","advgb_blocks_columns_visual_guide":"","footnotes":""},"categories":[1,51,89,49],"tags":[],"Orte":[],"activitytype":[],"class_list":["post-4888","post","type-post","status-publish","format-standard","has-post-thumbnail","hentry","category-allgemein","category-niederoesterreich","category-og-st-poelten","category-ortsgruppen","entry"],"featured_image_urls":{"full":["https:\/\/blog.vida.at\/pensionisten\/wp-content\/uploads\/sites\/10\/2022\/06\/JHV-OG-PB-Neuwahl-NOe-Zentral-16-scaled.jpg",2560,1920,false],"thumbnail":["https:\/\/blog.vida.at\/pensionisten\/wp-content\/uploads\/sites\/10\/2022\/06\/JHV-OG-PB-Neuwahl-NOe-Zentral-16-150x150.jpg",150,150,true],"medium":["https:\/\/blog.vida.at\/pensionisten\/wp-content\/uploads\/sites\/10\/2022\/06\/JHV-OG-PB-Neuwahl-NOe-Zentral-16-300x225.jpg",300,225,true],"medium_large":["https:\/\/blog.vida.at\/pensionisten\/wp-content\/uploads\/sites\/10\/2022\/06\/JHV-OG-PB-Neuwahl-NOe-Zentral-16-768x576.jpg",640,480,true],"large":["https:\/\/blog.vida.at\/pensionisten\/wp-content\/uploads\/sites\/10\/2022\/06\/JHV-OG-PB-Neuwahl-NOe-Zentral-16-1024x768.jpg",640,480,true],"1536x1536":["https:\/\/blog.vida.at\/pensionisten\/wp-content\/uploads\/sites\/10\/2022\/06\/JHV-OG-PB-Neuwahl-NOe-Zentral-16-1536x1152.jpg",1536,1152,true],"2048x2048":["https:\/\/blog.vida.at\/pensionisten\/wp-content\/uploads\/sites\/10\/2022\/06\/JHV-OG-PB-Neuwahl-NOe-Zentral-16-2048x1536.jpg",2048,1536,true],"ab-block-post-grid-landscape":["https:\/\/blog.vida.at\/pensionisten\/wp-content\/uploads\/sites\/10\/2022\/06\/JHV-OG-PB-Neuwahl-NOe-Zentral-16-600x400.jpg",600,400,true],"ab-block-post-grid-square":["https:\/\/blog.vida.at\/pensionisten\/wp-content\/uploads\/sites\/10\/2022\/06\/JHV-OG-PB-Neuwahl-NOe-Zentral-16-600x600.jpg",600,600,true],"post-thumbnail":["https:\/\/blog.vida.at\/pensionisten\/wp-content\/uploads\/sites\/10\/2022\/06\/JHV-OG-PB-Neuwahl-NOe-Zentral-16-1568x1176.jpg",1568,1176,true],"awb_sm":["https:\/\/blog.vida.at\/pensionisten\/wp-content\/uploads\/sites\/10\/2022\/06\/JHV-OG-PB-Neuwahl-NOe-Zentral-16-500x375.jpg",500,375,true],"awb_md":["https:\/\/blog.vida.at\/pensionisten\/wp-content\/uploads\/sites\/10\/2022\/06\/JHV-OG-PB-Neuwahl-NOe-Zentral-16-800x600.jpg",800,600,true],"awb_lg":["https:\/\/blog.vida.at\/pensionisten\/wp-content\/uploads\/sites\/10\/2022\/06\/JHV-OG-PB-Neuwahl-NOe-Zentral-16-1280x960.jpg",1280,960,true],"awb_xl":["https:\/\/blog.vida.at\/pensionisten\/wp-content\/uploads\/sites\/10\/2022\/06\/JHV-OG-PB-Neuwahl-NOe-Zentral-16-1920x1440.jpg",1920,1440,true]},"post_excerpt_stackable":"<p>Viele Ehreng\u00e4ste zu Gast und Mitglieder geehrt. Am Freitag, den 3. Juni 2022 f\u00fchrten die vida-Ortsgruppen St. P\u00f6lten Aktive und PensionistInnen gemeinsam ihre Jahreshauptversammlung durch. Es war ein top-organisiertes Event mit an die 100 vida-Mitglieder und einer Vielzahl von Pers\u00f6nlichkeiten. Zu Gast bei JHV Neben den beiden Referenten Rudi Srba, BundespensionistInnenvorsitzender der Gewerkschaft vida, und Nationalratsabgeordneter Max Lercher wurden unter anderem gesichtet: Eisenbahnermusikkapelle St. P\u00f6lten, Bundesr\u00e4tin Eva Prischl, Stadtr\u00e4tin Renate Gamsj\u00e4ger, Gemeinder\u00e4tin Claudia Gutlederer, Michael Strasser, Vizebgm. Weinburg, Thomas Vasku, Bgm. Loosdorf, J\u00fcrgen Stadler von der \u00d6BV und Team, von der Gewerkschaft vida: LV &amp; BV.Stv. Pens. Josef Mayer, LGF&hellip;<\/p>\n","category_list":"<a href=\"https:\/\/blog.vida.at\/pensionisten\/category\/allgemein\/\" rel=\"category tag\">Allgemein<\/a>, <a href=\"https:\/\/blog.vida.at\/pensionisten\/category\/ortsgruppen\/niederoesterreich\/\" rel=\"category tag\">Nieder\u00f6sterreich<\/a>, <a href=\"https:\/\/blog.vida.at\/pensionisten\/category\/ortsgruppen\/niederoesterreich\/og-st-poelten\/\" rel=\"category tag\">OG St. P\u00f6lten<\/a>, <a href=\"https:\/\/blog.vida.at\/pensionisten\/category\/ortsgruppen\/\" rel=\"category tag\">Ortsgruppen<\/a>","author_info":{"display_name":"mariontobola","author_link":"https:\/\/blog.vida.at\/pensionisten\/author\/mariontobola\/"},"comments_num":"0 comments","featured_image_urls_v2":{"full":["https:\/\/blog.vida.at\/pensionisten\/wp-content\/uploads\/sites\/10\/2022\/06\/JHV-OG-PB-Neuwahl-NOe-Zentral-16-scaled.jpg",2560,1920,false],"thumbnail":["https:\/\/blog.vida.at\/pensionisten\/wp-content\/uploads\/sites\/10\/2022\/06\/JHV-OG-PB-Neuwahl-NOe-Zentral-16-150x150.jpg",150,150,true],"medium":["https:\/\/blog.vida.at\/pensionisten\/wp-content\/uploads\/sites\/10\/2022\/06\/JHV-OG-PB-Neuwahl-NOe-Zentral-16-300x225.jpg",300,225,true],"medium_large":["https:\/\/blog.vida.at\/pensionisten\/wp-content\/uploads\/sites\/10\/2022\/06\/JHV-OG-PB-Neuwahl-NOe-Zentral-16-768x576.jpg",640,480,true],"large":["https:\/\/blog.vida.at\/pensionisten\/wp-content\/uploads\/sites\/10\/2022\/06\/JHV-OG-PB-Neuwahl-NOe-Zentral-16-1024x768.jpg",640,480,true],"1536x1536":["https:\/\/blog.vida.at\/pensionisten\/wp-content\/uploads\/sites\/10\/2022\/06\/JHV-OG-PB-Neuwahl-NOe-Zentral-16-1536x1152.jpg",1536,1152,true],"2048x2048":["https:\/\/blog.vida.at\/pensionisten\/wp-content\/uploads\/sites\/10\/2022\/06\/JHV-OG-PB-Neuwahl-NOe-Zentral-16-2048x1536.jpg",2048,1536,true],"ab-block-post-grid-landscape":["https:\/\/blog.vida.at\/pensionisten\/wp-content\/uploads\/sites\/10\/2022\/06\/JHV-OG-PB-Neuwahl-NOe-Zentral-16-600x400.jpg",600,400,true],"ab-block-post-grid-square":["https:\/\/blog.vida.at\/pensionisten\/wp-content\/uploads\/sites\/10\/2022\/06\/JHV-OG-PB-Neuwahl-NOe-Zentral-16-600x600.jpg",600,600,true],"post-thumbnail":["https:\/\/blog.vida.at\/pensionisten\/wp-content\/uploads\/sites\/10\/2022\/06\/JHV-OG-PB-Neuwahl-NOe-Zentral-16-1568x1176.jpg",1568,1176,true],"awb_sm":["https:\/\/blog.vida.at\/pensionisten\/wp-content\/uploads\/sites\/10\/2022\/06\/JHV-OG-PB-Neuwahl-NOe-Zentral-16-500x375.jpg",500,375,true],"awb_md":["https:\/\/blog.vida.at\/pensionisten\/wp-content\/uploads\/sites\/10\/2022\/06\/JHV-OG-PB-Neuwahl-NOe-Zentral-16-800x600.jpg",800,600,true],"awb_lg":["https:\/\/blog.vida.at\/pensionisten\/wp-content\/uploads\/sites\/10\/2022\/06\/JHV-OG-PB-Neuwahl-NOe-Zentral-16-1280x960.jpg",1280,960,true],"awb_xl":["https:\/\/blog.vida.at\/pensionisten\/wp-content\/uploads\/sites\/10\/2022\/06\/JHV-OG-PB-Neuwahl-NOe-Zentral-16-1920x1440.jpg",1920,1440,true]},"post_excerpt_stackable_v2":"<p>Viele Ehreng\u00e4ste zu Gast und Mitglieder geehrt. Am Freitag, den 3. Juni 2022 f\u00fchrten die vida-Ortsgruppen St. P\u00f6lten Aktive und PensionistInnen gemeinsam ihre Jahreshauptversammlung durch. Es war ein top-organisiertes Event mit an die 100 vida-Mitglieder und einer Vielzahl von Pers\u00f6nlichkeiten. Zu Gast bei JHV Neben den beiden Referenten Rudi Srba, BundespensionistInnenvorsitzender der Gewerkschaft vida, und Nationalratsabgeordneter Max Lercher wurden unter anderem gesichtet: Eisenbahnermusikkapelle St. P\u00f6lten, Bundesr\u00e4tin Eva Prischl, Stadtr\u00e4tin Renate Gamsj\u00e4ger, Gemeinder\u00e4tin Claudia Gutlederer, Michael Strasser, Vizebgm. Weinburg, Thomas Vasku, Bgm. Loosdorf, J\u00fcrgen Stadler von der \u00d6BV und Team, von der Gewerkschaft vida: LV &amp; BV.Stv. Pens. Josef Mayer, LGF&hellip;<\/p>\n","category_list_v2":"<a href=\"https:\/\/blog.vida.at\/pensionisten\/category\/allgemein\/\" rel=\"category tag\">Allgemein<\/a>, <a href=\"https:\/\/blog.vida.at\/pensionisten\/category\/ortsgruppen\/niederoesterreich\/\" rel=\"category tag\">Nieder\u00f6sterreich<\/a>, <a href=\"https:\/\/blog.vida.at\/pensionisten\/category\/ortsgruppen\/niederoesterreich\/og-st-poelten\/\" rel=\"category tag\">OG St. P\u00f6lten<\/a>, <a href=\"https:\/\/blog.vida.at\/pensionisten\/category\/ortsgruppen\/\" rel=\"category tag\">Ortsgruppen<\/a>","author_info_v2":{"name":"mariontobola","url":"https:\/\/blog.vida.at\/pensionisten\/author\/mariontobola\/"},"comments_num_v2":"0 comments","yoast_head":"<!-- This site is optimized with the Yoast SEO plugin v27.3 - https:\/\/yoast.com\/product\/yoast-seo-wordpress\/ -->\n<title>JHV St. P\u00f6lten<\/title>\n<meta name=\"robots\" content=\"index, follow, max-snippet:-1, max-image-preview:large, max-video-preview:-1\" \/>\n<link rel=\"canonical\" href=\"https:\/\/blog.vida.at\/pensionisten\/2022\/06\/14\/jhv-st-poelten\/\" \/>\n<meta property=\"og:locale\" content=\"de_DE\" \/>\n<meta property=\"og:type\" content=\"article\" \/>\n<meta property=\"og:title\" content=\"JHV St. P\u00f6lten\" \/>\n<meta property=\"og:description\" content=\"Viele Ehreng\u00e4ste zu Gast und Mitglieder geehrt.\" \/>\n<meta property=\"og:url\" content=\"https:\/\/blog.vida.at\/pensionisten\/2022\/06\/14\/jhv-st-poelten\/\" \/>\n<meta property=\"og:site_name\" content=\"vida Pensionisten\" \/>\n<meta property=\"article:published_time\" content=\"2022-06-14T13:02:56+00:00\" \/>\n<meta property=\"article:modified_time\" content=\"2022-06-14T13:04:32+00:00\" \/>\n<meta property=\"og:image\" content=\"https:\/\/blog.vida.at\/pensionisten\/wp-content\/uploads\/sites\/10\/2022\/06\/JHV-OG-PB-Neuwahl-NOe-Zentral-16-scaled.jpg\" \/>\n\t<meta property=\"og:image:width\" content=\"2560\" \/>\n\t<meta property=\"og:image:height\" content=\"1920\" \/>\n\t<meta property=\"og:image:type\" content=\"image\/jpeg\" \/>\n<meta name=\"author\" content=\"mariontobola\" \/>\n<meta name=\"twitter:card\" content=\"summary_large_image\" \/>\n<meta name=\"twitter:label1\" content=\"Verfasst von\" \/>\n\t<meta name=\"twitter:data1\" content=\"mariontobola\" \/>\n\t<meta name=\"twitter:label2\" content=\"Gesch\u00e4tzte Lesezeit\" \/>\n\t<meta name=\"twitter:data2\" content=\"7\u00a0Minuten\" \/>\n<script type=\"application\/ld+json\" class=\"yoast-schema-graph\">{\"@context\":\"https:\\\/\\\/schema.org\",\"@graph\":[{\"@type\":\"Article\",\"@id\":\"https:\\\/\\\/blog.vida.at\\\/pensionisten\\\/2022\\\/06\\\/14\\\/jhv-st-poelten\\\/#article\",\"isPartOf\":{\"@id\":\"https:\\\/\\\/blog.vida.at\\\/pensionisten\\\/2022\\\/06\\\/14\\\/jhv-st-poelten\\\/\"},\"author\":{\"name\":\"mariontobola\",\"@id\":\"https:\\\/\\\/blog.vida.at\\\/pensionisten\\\/#\\\/schema\\\/person\\\/88cee3ee93b9afdc51c92f5f63f38b8a\"},\"headline\":\"JHV St. P\u00f6lten\",\"datePublished\":\"2022-06-14T13:02:56+00:00\",\"dateModified\":\"2022-06-14T13:04:32+00:00\",\"mainEntityOfPage\":{\"@id\":\"https:\\\/\\\/blog.vida.at\\\/pensionisten\\\/2022\\\/06\\\/14\\\/jhv-st-poelten\\\/\"},\"wordCount\":396,\"commentCount\":0,\"image\":{\"@id\":\"https:\\\/\\\/blog.vida.at\\\/pensionisten\\\/2022\\\/06\\\/14\\\/jhv-st-poelten\\\/#primaryimage\"},\"thumbnailUrl\":\"https:\\\/\\\/blog.vida.at\\\/pensionisten\\\/wp-content\\\/uploads\\\/sites\\\/10\\\/2022\\\/06\\\/JHV-OG-PB-Neuwahl-NOe-Zentral-16-scaled.jpg\",\"articleSection\":{\"1\":\"Nieder\u00f6sterreich\",\"2\":\"OG St. P\u00f6lten\",\"3\":\"Ortsgruppen\"},\"inLanguage\":\"de\",\"potentialAction\":[{\"@type\":\"CommentAction\",\"name\":\"Comment\",\"target\":[\"https:\\\/\\\/blog.vida.at\\\/pensionisten\\\/2022\\\/06\\\/14\\\/jhv-st-poelten\\\/#respond\"]}]},{\"@type\":\"WebPage\",\"@id\":\"https:\\\/\\\/blog.vida.at\\\/pensionisten\\\/2022\\\/06\\\/14\\\/jhv-st-poelten\\\/\",\"url\":\"https:\\\/\\\/blog.vida.at\\\/pensionisten\\\/2022\\\/06\\\/14\\\/jhv-st-poelten\\\/\",\"name\":\"JHV St. P\u00f6lten\",\"isPartOf\":{\"@id\":\"https:\\\/\\\/blog.vida.at\\\/pensionisten\\\/#website\"},\"primaryImageOfPage\":{\"@id\":\"https:\\\/\\\/blog.vida.at\\\/pensionisten\\\/2022\\\/06\\\/14\\\/jhv-st-poelten\\\/#primaryimage\"},\"image\":{\"@id\":\"https:\\\/\\\/blog.vida.at\\\/pensionisten\\\/2022\\\/06\\\/14\\\/jhv-st-poelten\\\/#primaryimage\"},\"thumbnailUrl\":\"https:\\\/\\\/blog.vida.at\\\/pensionisten\\\/wp-content\\\/uploads\\\/sites\\\/10\\\/2022\\\/06\\\/JHV-OG-PB-Neuwahl-NOe-Zentral-16-scaled.jpg\",\"datePublished\":\"2022-06-14T13:02:56+00:00\",\"dateModified\":\"2022-06-14T13:04:32+00:00\",\"author\":{\"@id\":\"https:\\\/\\\/blog.vida.at\\\/pensionisten\\\/#\\\/schema\\\/person\\\/88cee3ee93b9afdc51c92f5f63f38b8a\"},\"breadcrumb\":{\"@id\":\"https:\\\/\\\/blog.vida.at\\\/pensionisten\\\/2022\\\/06\\\/14\\\/jhv-st-poelten\\\/#breadcrumb\"},\"inLanguage\":\"de\",\"potentialAction\":[{\"@type\":\"ReadAction\",\"target\":[\"https:\\\/\\\/blog.vida.at\\\/pensionisten\\\/2022\\\/06\\\/14\\\/jhv-st-poelten\\\/\"]}]},{\"@type\":\"ImageObject\",\"inLanguage\":\"de\",\"@id\":\"https:\\\/\\\/blog.vida.at\\\/pensionisten\\\/2022\\\/06\\\/14\\\/jhv-st-poelten\\\/#primaryimage\",\"url\":\"https:\\\/\\\/blog.vida.at\\\/pensionisten\\\/wp-content\\\/uploads\\\/sites\\\/10\\\/2022\\\/06\\\/JHV-OG-PB-Neuwahl-NOe-Zentral-16-scaled.jpg\",\"contentUrl\":\"https:\\\/\\\/blog.vida.at\\\/pensionisten\\\/wp-content\\\/uploads\\\/sites\\\/10\\\/2022\\\/06\\\/JHV-OG-PB-Neuwahl-NOe-Zentral-16-scaled.jpg\",\"width\":2560,\"height\":1920},{\"@type\":\"BreadcrumbList\",\"@id\":\"https:\\\/\\\/blog.vida.at\\\/pensionisten\\\/2022\\\/06\\\/14\\\/jhv-st-poelten\\\/#breadcrumb\",\"itemListElement\":[{\"@type\":\"ListItem\",\"position\":1,\"name\":\"Startseite\",\"item\":\"https:\\\/\\\/blog.vida.at\\\/pensionisten\\\/\"},{\"@type\":\"ListItem\",\"position\":2,\"name\":\"JHV St. P\u00f6lten\"}]},{\"@type\":\"WebSite\",\"@id\":\"https:\\\/\\\/blog.vida.at\\\/pensionisten\\\/#website\",\"url\":\"https:\\\/\\\/blog.vida.at\\\/pensionisten\\\/\",\"name\":\"vida Pensionisten\",\"description\":\"\",\"potentialAction\":[{\"@type\":\"SearchAction\",\"target\":{\"@type\":\"EntryPoint\",\"urlTemplate\":\"https:\\\/\\\/blog.vida.at\\\/pensionisten\\\/?s={search_term_string}\"},\"query-input\":{\"@type\":\"PropertyValueSpecification\",\"valueRequired\":true,\"valueName\":\"search_term_string\"}}],\"inLanguage\":\"de\"},{\"@type\":\"Person\",\"@id\":\"https:\\\/\\\/blog.vida.at\\\/pensionisten\\\/#\\\/schema\\\/person\\\/88cee3ee93b9afdc51c92f5f63f38b8a\",\"name\":\"mariontobola\",\"image\":{\"@type\":\"ImageObject\",\"inLanguage\":\"de\",\"@id\":\"https:\\\/\\\/secure.gravatar.com\\\/avatar\\\/5d2c516985e4eda61bca05bd3b4359b4358135bd1e1a5b08c539e9cd1edd6528?s=96&d=mm&r=g\",\"url\":\"https:\\\/\\\/secure.gravatar.com\\\/avatar\\\/5d2c516985e4eda61bca05bd3b4359b4358135bd1e1a5b08c539e9cd1edd6528?s=96&d=mm&r=g\",\"contentUrl\":\"https:\\\/\\\/secure.gravatar.com\\\/avatar\\\/5d2c516985e4eda61bca05bd3b4359b4358135bd1e1a5b08c539e9cd1edd6528?s=96&d=mm&r=g\",\"caption\":\"mariontobola\"},\"url\":\"https:\\\/\\\/blog.vida.at\\\/pensionisten\\\/author\\\/mariontobola\\\/\"}]}<\/script>\n<!-- \/ Yoast SEO plugin. -->","yoast_head_json":{"title":"JHV St. P\u00f6lten","robots":{"index":"index","follow":"follow","max-snippet":"max-snippet:-1","max-image-preview":"max-image-preview:large","max-video-preview":"max-video-preview:-1"},"canonical":"https:\/\/blog.vida.at\/pensionisten\/2022\/06\/14\/jhv-st-poelten\/","og_locale":"de_DE","og_type":"article","og_title":"JHV St. P\u00f6lten","og_description":"Viele Ehreng\u00e4ste zu Gast und Mitglieder geehrt.","og_url":"https:\/\/blog.vida.at\/pensionisten\/2022\/06\/14\/jhv-st-poelten\/","og_site_name":"vida Pensionisten","article_published_time":"2022-06-14T13:02:56+00:00","article_modified_time":"2022-06-14T13:04:32+00:00","og_image":[{"width":2560,"height":1920,"url":"https:\/\/blog.vida.at\/pensionisten\/wp-content\/uploads\/sites\/10\/2022\/06\/JHV-OG-PB-Neuwahl-NOe-Zentral-16-scaled.jpg","type":"image\/jpeg"}],"author":"mariontobola","twitter_card":"summary_large_image","twitter_misc":{"Verfasst von":"mariontobola","Gesch\u00e4tzte Lesezeit":"7\u00a0Minuten"},"schema":{"@context":"https:\/\/schema.org","@graph":[{"@type":"Article","@id":"https:\/\/blog.vida.at\/pensionisten\/2022\/06\/14\/jhv-st-poelten\/#article","isPartOf":{"@id":"https:\/\/blog.vida.at\/pensionisten\/2022\/06\/14\/jhv-st-poelten\/"},"author":{"name":"mariontobola","@id":"https:\/\/blog.vida.at\/pensionisten\/#\/schema\/person\/88cee3ee93b9afdc51c92f5f63f38b8a"},"headline":"JHV St. P\u00f6lten","datePublished":"2022-06-14T13:02:56+00:00","dateModified":"2022-06-14T13:04:32+00:00","mainEntityOfPage":{"@id":"https:\/\/blog.vida.at\/pensionisten\/2022\/06\/14\/jhv-st-poelten\/"},"wordCount":396,"commentCount":0,"image":{"@id":"https:\/\/blog.vida.at\/pensionisten\/2022\/06\/14\/jhv-st-poelten\/#primaryimage"},"thumbnailUrl":"https:\/\/blog.vida.at\/pensionisten\/wp-content\/uploads\/sites\/10\/2022\/06\/JHV-OG-PB-Neuwahl-NOe-Zentral-16-scaled.jpg","articleSection":{"1":"Nieder\u00f6sterreich","2":"OG St. P\u00f6lten","3":"Ortsgruppen"},"inLanguage":"de","potentialAction":[{"@type":"CommentAction","name":"Comment","target":["https:\/\/blog.vida.at\/pensionisten\/2022\/06\/14\/jhv-st-poelten\/#respond"]}]},{"@type":"WebPage","@id":"https:\/\/blog.vida.at\/pensionisten\/2022\/06\/14\/jhv-st-poelten\/","url":"https:\/\/blog.vida.at\/pensionisten\/2022\/06\/14\/jhv-st-poelten\/","name":"JHV St. P\u00f6lten","isPartOf":{"@id":"https:\/\/blog.vida.at\/pensionisten\/#website"},"primaryImageOfPage":{"@id":"https:\/\/blog.vida.at\/pensionisten\/2022\/06\/14\/jhv-st-poelten\/#primaryimage"},"image":{"@id":"https:\/\/blog.vida.at\/pensionisten\/2022\/06\/14\/jhv-st-poelten\/#primaryimage"},"thumbnailUrl":"https:\/\/blog.vida.at\/pensionisten\/wp-content\/uploads\/sites\/10\/2022\/06\/JHV-OG-PB-Neuwahl-NOe-Zentral-16-scaled.jpg","datePublished":"2022-06-14T13:02:56+00:00","dateModified":"2022-06-14T13:04:32+00:00","author":{"@id":"https:\/\/blog.vida.at\/pensionisten\/#\/schema\/person\/88cee3ee93b9afdc51c92f5f63f38b8a"},"breadcrumb":{"@id":"https:\/\/blog.vida.at\/pensionisten\/2022\/06\/14\/jhv-st-poelten\/#breadcrumb"},"inLanguage":"de","potentialAction":[{"@type":"ReadAction","target":["https:\/\/blog.vida.at\/pensionisten\/2022\/06\/14\/jhv-st-poelten\/"]}]},{"@type":"ImageObject","inLanguage":"de","@id":"https:\/\/blog.vida.at\/pensionisten\/2022\/06\/14\/jhv-st-poelten\/#primaryimage","url":"https:\/\/blog.vida.at\/pensionisten\/wp-content\/uploads\/sites\/10\/2022\/06\/JHV-OG-PB-Neuwahl-NOe-Zentral-16-scaled.jpg","contentUrl":"https:\/\/blog.vida.at\/pensionisten\/wp-content\/uploads\/sites\/10\/2022\/06\/JHV-OG-PB-Neuwahl-NOe-Zentral-16-scaled.jpg","width":2560,"height":1920},{"@type":"BreadcrumbList","@id":"https:\/\/blog.vida.at\/pensionisten\/2022\/06\/14\/jhv-st-poelten\/#breadcrumb","itemListElement":[{"@type":"ListItem","position":1,"name":"Startseite","item":"https:\/\/blog.vida.at\/pensionisten\/"},{"@type":"ListItem","position":2,"name":"JHV St. P\u00f6lten"}]},{"@type":"WebSite","@id":"https:\/\/blog.vida.at\/pensionisten\/#website","url":"https:\/\/blog.vida.at\/pensionisten\/","name":"vida Pensionisten","description":"","potentialAction":[{"@type":"SearchAction","target":{"@type":"EntryPoint","urlTemplate":"https:\/\/blog.vida.at\/pensionisten\/?s={search_term_string}"},"query-input":{"@type":"PropertyValueSpecification","valueRequired":true,"valueName":"search_term_string"}}],"inLanguage":"de"},{"@type":"Person","@id":"https:\/\/blog.vida.at\/pensionisten\/#\/schema\/person\/88cee3ee93b9afdc51c92f5f63f38b8a","name":"mariontobola","image":{"@type":"ImageObject","inLanguage":"de","@id":"https:\/\/secure.gravatar.com\/avatar\/5d2c516985e4eda61bca05bd3b4359b4358135bd1e1a5b08c539e9cd1edd6528?s=96&d=mm&r=g","url":"https:\/\/secure.gravatar.com\/avatar\/5d2c516985e4eda61bca05bd3b4359b4358135bd1e1a5b08c539e9cd1edd6528?s=96&d=mm&r=g","contentUrl":"https:\/\/secure.gravatar.com\/avatar\/5d2c516985e4eda61bca05bd3b4359b4358135bd1e1a5b08c539e9cd1edd6528?s=96&d=mm&r=g","caption":"mariontobola"},"url":"https:\/\/blog.vida.at\/pensionisten\/author\/mariontobola\/"}]}},"author_meta":{"display_name":"mariontobola","author_link":"https:\/\/blog.vida.at\/pensionisten\/author\/mariontobola\/"},"featured_img":"https:\/\/blog.vida.at\/pensionisten\/wp-content\/uploads\/sites\/10\/2022\/06\/JHV-OG-PB-Neuwahl-NOe-Zentral-16-300x225.jpg","featured_image_src":"https:\/\/blog.vida.at\/pensionisten\/wp-content\/uploads\/sites\/10\/2022\/06\/JHV-OG-PB-Neuwahl-NOe-Zentral-16-600x400.jpg","featured_image_src_square":"https:\/\/blog.vida.at\/pensionisten\/wp-content\/uploads\/sites\/10\/2022\/06\/JHV-OG-PB-Neuwahl-NOe-Zentral-16-600x600.jpg","uagb_featured_image_src":{"full":["https:\/\/blog.vida.at\/pensionisten\/wp-content\/uploads\/sites\/10\/2022\/06\/JHV-OG-PB-Neuwahl-NOe-Zentral-16-scaled.jpg",2560,1920,false],"thumbnail":["https:\/\/blog.vida.at\/pensionisten\/wp-content\/uploads\/sites\/10\/2022\/06\/JHV-OG-PB-Neuwahl-NOe-Zentral-16-150x150.jpg",150,150,true],"medium":["https:\/\/blog.vida.at\/pensionisten\/wp-content\/uploads\/sites\/10\/2022\/06\/JHV-OG-PB-Neuwahl-NOe-Zentral-16-300x225.jpg",300,225,true],"medium_large":["https:\/\/blog.vida.at\/pensionisten\/wp-content\/uploads\/sites\/10\/2022\/06\/JHV-OG-PB-Neuwahl-NOe-Zentral-16-768x576.jpg",640,480,true],"large":["https:\/\/blog.vida.at\/pensionisten\/wp-content\/uploads\/sites\/10\/2022\/06\/JHV-OG-PB-Neuwahl-NOe-Zentral-16-1024x768.jpg",640,480,true],"1536x1536":["https:\/\/blog.vida.at\/pensionisten\/wp-content\/uploads\/sites\/10\/2022\/06\/JHV-OG-PB-Neuwahl-NOe-Zentral-16-1536x1152.jpg",1536,1152,true],"2048x2048":["https:\/\/blog.vida.at\/pensionisten\/wp-content\/uploads\/sites\/10\/2022\/06\/JHV-OG-PB-Neuwahl-NOe-Zentral-16-2048x1536.jpg",2048,1536,true],"ab-block-post-grid-landscape":["https:\/\/blog.vida.at\/pensionisten\/wp-content\/uploads\/sites\/10\/2022\/06\/JHV-OG-PB-Neuwahl-NOe-Zentral-16-600x400.jpg",600,400,true],"ab-block-post-grid-square":["https:\/\/blog.vida.at\/pensionisten\/wp-content\/uploads\/sites\/10\/2022\/06\/JHV-OG-PB-Neuwahl-NOe-Zentral-16-600x600.jpg",600,600,true],"post-thumbnail":["https:\/\/blog.vida.at\/pensionisten\/wp-content\/uploads\/sites\/10\/2022\/06\/JHV-OG-PB-Neuwahl-NOe-Zentral-16-1568x1176.jpg",1568,1176,true],"awb_sm":["https:\/\/blog.vida.at\/pensionisten\/wp-content\/uploads\/sites\/10\/2022\/06\/JHV-OG-PB-Neuwahl-NOe-Zentral-16-500x375.jpg",500,375,true],"awb_md":["https:\/\/blog.vida.at\/pensionisten\/wp-content\/uploads\/sites\/10\/2022\/06\/JHV-OG-PB-Neuwahl-NOe-Zentral-16-800x600.jpg",800,600,true],"awb_lg":["https:\/\/blog.vida.at\/pensionisten\/wp-content\/uploads\/sites\/10\/2022\/06\/JHV-OG-PB-Neuwahl-NOe-Zentral-16-1280x960.jpg",1280,960,true],"awb_xl":["https:\/\/blog.vida.at\/pensionisten\/wp-content\/uploads\/sites\/10\/2022\/06\/JHV-OG-PB-Neuwahl-NOe-Zentral-16-1920x1440.jpg",1920,1440,true]},"uagb_author_info":{"display_name":"mariontobola","author_link":"https:\/\/blog.vida.at\/pensionisten\/author\/mariontobola\/"},"uagb_comment_info":0,"uagb_excerpt":"Viele Ehreng\u00e4ste zu Gast und Mitglieder geehrt.","coauthors":[],"tax_additional":{"categories":{"linked":["<a href=\"https:\/\/blog.vida.at\/pensionisten\/category\/allgemein\/\" class=\"advgb-post-tax-term\">Allgemein<\/a>","<a href=\"https:\/\/blog.vida.at\/pensionisten\/category\/ortsgruppen\/niederoesterreich\/\" class=\"advgb-post-tax-term\">Nieder\u00f6sterreich<\/a>","<a href=\"https:\/\/blog.vida.at\/pensionisten\/category\/ortsgruppen\/niederoesterreich\/og-st-poelten\/\" class=\"advgb-post-tax-term\">OG St. P\u00f6lten<\/a>","<a href=\"https:\/\/blog.vida.at\/pensionisten\/category\/ortsgruppen\/\" class=\"advgb-post-tax-term\">Ortsgruppen<\/a>"],"unlinked":["<span class=\"advgb-post-tax-term\">Allgemein<\/span>","<span class=\"advgb-post-tax-term\">Nieder\u00f6sterreich<\/span>","<span class=\"advgb-post-tax-term\">OG St. P\u00f6lten<\/span>","<span class=\"advgb-post-tax-term\">Ortsgruppen<\/span>"]}},"comment_count":"0","relative_dates":{"created":"Ver\u00f6ffentlicht 4\u00a0Jahren vor","modified":"Aktualisiert 4\u00a0Jahren vor"},"absolute_dates":{"created":"Ver\u00f6ffentlicht am 14. Juni 2022","modified":"Aktualisiert am 14. Juni 2022"},"absolute_dates_time":{"created":"Ver\u00f6ffentlicht am 14. Juni 2022 15:02","modified":"Aktualisiert am 14. Juni 2022 15:04"},"featured_img_caption":"","series_order":"","_links":{"self":[{"href":"https:\/\/blog.vida.at\/pensionisten\/wp-json\/wp\/v2\/posts\/4888","targetHints":{"allow":["GET"]}}],"collection":[{"href":"https:\/\/blog.vida.at\/pensionisten\/wp-json\/wp\/v2\/posts"}],"about":[{"href":"https:\/\/blog.vida.at\/pensionisten\/wp-json\/wp\/v2\/types\/post"}],"author":[{"embeddable":true,"href":"https:\/\/blog.vida.at\/pensionisten\/wp-json\/wp\/v2\/users\/8"}],"replies":[{"embeddable":true,"href":"https:\/\/blog.vida.at\/pensionisten\/wp-json\/wp\/v2\/comments?post=4888"}],"version-history":[{"count":8,"href":"https:\/\/blog.vida.at\/pensionisten\/wp-json\/wp\/v2\/posts\/4888\/revisions"}],"predecessor-version":[{"id":4923,"href":"https:\/\/blog.vida.at\/pensionisten\/wp-json\/wp\/v2\/posts\/4888\/revisions\/4923"}],"wp:featuredmedia":[{"embeddable":true,"href":"https:\/\/blog.vida.at\/pensionisten\/wp-json\/wp\/v2\/media\/4901"}],"wp:attachment":[{"href":"https:\/\/blog.vida.at\/pensionisten\/wp-json\/wp\/v2\/media?parent=4888"}],"wp:term":[{"taxonomy":"category","embeddable":true,"href":"https:\/\/blog.vida.at\/pensionisten\/wp-json\/wp\/v2\/categories?post=4888"},{"taxonomy":"post_tag","embeddable":true,"href":"https:\/\/blog.vida.at\/pensionisten\/wp-json\/wp\/v2\/tags?post=4888"},{"taxonomy":"Orte","embeddable":true,"href":"https:\/\/blog.vida.at\/pensionisten\/wp-json\/wp\/v2\/Orte?post=4888"},{"taxonomy":"activitytype","embeddable":true,"href":"https:\/\/blog.vida.at\/pensionisten\/wp-json\/wp\/v2\/activitytype?post=4888"}],"curies":[{"name":"wp","href":"https:\/\/api.w.org\/{rel}","templated":true}]}}