
{"id":5011,"date":"2022-06-24T09:37:31","date_gmt":"2022-06-24T07:37:31","guid":{"rendered":"https:\/\/blog.vida.at\/pensionisten\/?p=5011"},"modified":"2022-06-24T09:38:55","modified_gmt":"2022-06-24T07:38:55","slug":"og-wr-neustadt","status":"publish","type":"post","link":"https:\/\/blog.vida.at\/pensionisten\/2022\/06\/24\/og-wr-neustadt\/","title":{"rendered":"OG Wr. Neustadt"},"content":{"rendered":"\n<div class=\"wp-block-group Container\"><div class=\"wp-block-group__inner-container is-layout-flow wp-block-group-is-layout-flow\">\n<h4 class=\"wp-block-heading\">Mitgliederversammlung und Ehrungen.<\/h4>\n\n\n\n<br>\n\n\n\n<p><\/p>\n\n\n\n<!--more-->\n\n\n\n<p>Nach coronabedingter zweij\u00e4hriger Pause konnte die Gewerkschaft vida der <strong>Ortsgruppe Wr. Neustadt<\/strong> eine <strong>Mitgliederversammlung am 23. Mai 2022<\/strong> im Hotel Hilton Garden Inn durchf\u00fchren.<\/p>\n\n\n\n<p><strong>Regionsvorsitzender Josef Gradwohl<\/strong> begr\u00fc\u00dfte die zahlreichen Mitglieder und Ehreng\u00e4ste. Das Hauptreferat hielt <strong>vida-N\u00d6-Landesvorsitzender Horst Pammer<\/strong>. Bei der durchgef\u00fchrten Neuwahl der Ortsgruppenleitung wurde <strong>Julius Steiner<\/strong> zum neuen <strong>Ortsgruppenobmann<\/strong> gew\u00e4hlt. Es wurden auch zahlreiche <strong>langj\u00e4hrige Mitglieder f\u00fcr 25, 40, 50, 60 und 70 Jahre<\/strong> Gewerkschaftsmitgliedschaft vor Ort <strong>geehrt<\/strong>.\u00a0 \u00a0<\/p>\n\n\n\n<p><span style=\"color: #fa0404\" class=\"stk-highlight\"><strong>Wir danken f\u00fcr die Treue und Solidarit\u00e4t!<\/strong><\/span><\/p>\n\n\n\n<figure class=\"wp-block-gallery has-nested-images columns-default is-cropped wp-block-gallery-1 is-layout-flex wp-block-gallery-is-layout-flex\">\n<figure class=\"wp-block-image size-large\"><img loading=\"lazy\" decoding=\"async\" width=\"860\" height=\"464\" data-id=\"5017\" src=\"https:\/\/blog.vida.at\/pensionisten\/wp-content\/uploads\/sites\/10\/2022\/06\/IMG_20220523_163754_resized_20220523_080912546.jpg\" alt=\"\" class=\"wp-image-5017\" srcset=\"https:\/\/blog.vida.at\/pensionisten\/wp-content\/uploads\/sites\/10\/2022\/06\/IMG_20220523_163754_resized_20220523_080912546.jpg 860w, https:\/\/blog.vida.at\/pensionisten\/wp-content\/uploads\/sites\/10\/2022\/06\/IMG_20220523_163754_resized_20220523_080912546-300x162.jpg 300w, https:\/\/blog.vida.at\/pensionisten\/wp-content\/uploads\/sites\/10\/2022\/06\/IMG_20220523_163754_resized_20220523_080912546-768x414.jpg 768w, https:\/\/blog.vida.at\/pensionisten\/wp-content\/uploads\/sites\/10\/2022\/06\/IMG_20220523_163754_resized_20220523_080912546-500x270.jpg 500w, https:\/\/blog.vida.at\/pensionisten\/wp-content\/uploads\/sites\/10\/2022\/06\/IMG_20220523_163754_resized_20220523_080912546-800x432.jpg 800w\" sizes=\"auto, (max-width: 860px) 100vw, 860px\" \/><\/figure>\n\n\n\n<figure class=\"wp-block-image size-large\"><img loading=\"lazy\" decoding=\"async\" width=\"768\" height=\"512\" data-id=\"5014\" src=\"https:\/\/blog.vida.at\/pensionisten\/wp-content\/uploads\/sites\/10\/2022\/06\/IMG_20220523_151420_resized_20220523_080908671.jpg\" alt=\"\" class=\"wp-image-5014\" srcset=\"https:\/\/blog.vida.at\/pensionisten\/wp-content\/uploads\/sites\/10\/2022\/06\/IMG_20220523_151420_resized_20220523_080908671.jpg 768w, https:\/\/blog.vida.at\/pensionisten\/wp-content\/uploads\/sites\/10\/2022\/06\/IMG_20220523_151420_resized_20220523_080908671-300x200.jpg 300w, https:\/\/blog.vida.at\/pensionisten\/wp-content\/uploads\/sites\/10\/2022\/06\/IMG_20220523_151420_resized_20220523_080908671-500x333.jpg 500w, https:\/\/blog.vida.at\/pensionisten\/wp-content\/uploads\/sites\/10\/2022\/06\/IMG_20220523_151420_resized_20220523_080908671-600x400.jpg 600w\" sizes=\"auto, (max-width: 768px) 100vw, 768px\" \/><\/figure>\n\n\n\n<figure class=\"wp-block-image size-large\"><img loading=\"lazy\" decoding=\"async\" width=\"768\" height=\"512\" data-id=\"5013\" src=\"https:\/\/blog.vida.at\/pensionisten\/wp-content\/uploads\/sites\/10\/2022\/06\/IMG_20220523_152243_resized_20220523_080908896.jpg\" alt=\"\" class=\"wp-image-5013\" srcset=\"https:\/\/blog.vida.at\/pensionisten\/wp-content\/uploads\/sites\/10\/2022\/06\/IMG_20220523_152243_resized_20220523_080908896.jpg 768w, https:\/\/blog.vida.at\/pensionisten\/wp-content\/uploads\/sites\/10\/2022\/06\/IMG_20220523_152243_resized_20220523_080908896-300x200.jpg 300w, https:\/\/blog.vida.at\/pensionisten\/wp-content\/uploads\/sites\/10\/2022\/06\/IMG_20220523_152243_resized_20220523_080908896-500x333.jpg 500w, https:\/\/blog.vida.at\/pensionisten\/wp-content\/uploads\/sites\/10\/2022\/06\/IMG_20220523_152243_resized_20220523_080908896-600x400.jpg 600w\" sizes=\"auto, (max-width: 768px) 100vw, 768px\" \/><\/figure>\n\n\n\n<figure class=\"wp-block-image size-large\"><img loading=\"lazy\" decoding=\"async\" width=\"768\" height=\"512\" data-id=\"5015\" src=\"https:\/\/blog.vida.at\/pensionisten\/wp-content\/uploads\/sites\/10\/2022\/06\/IMG_20220523_151408_resized_20220523_080908338.jpg\" alt=\"\" class=\"wp-image-5015\" srcset=\"https:\/\/blog.vida.at\/pensionisten\/wp-content\/uploads\/sites\/10\/2022\/06\/IMG_20220523_151408_resized_20220523_080908338.jpg 768w, https:\/\/blog.vida.at\/pensionisten\/wp-content\/uploads\/sites\/10\/2022\/06\/IMG_20220523_151408_resized_20220523_080908338-300x200.jpg 300w, https:\/\/blog.vida.at\/pensionisten\/wp-content\/uploads\/sites\/10\/2022\/06\/IMG_20220523_151408_resized_20220523_080908338-500x333.jpg 500w, https:\/\/blog.vida.at\/pensionisten\/wp-content\/uploads\/sites\/10\/2022\/06\/IMG_20220523_151408_resized_20220523_080908338-600x400.jpg 600w\" sizes=\"auto, (max-width: 768px) 100vw, 768px\" \/><\/figure>\n\n\n\n<figure class=\"wp-block-image size-large\"><img loading=\"lazy\" decoding=\"async\" width=\"768\" height=\"512\" data-id=\"5016\" src=\"https:\/\/blog.vida.at\/pensionisten\/wp-content\/uploads\/sites\/10\/2022\/06\/IMG_20220523_162650_resized_20220523_080911103.jpg\" alt=\"\" class=\"wp-image-5016\" srcset=\"https:\/\/blog.vida.at\/pensionisten\/wp-content\/uploads\/sites\/10\/2022\/06\/IMG_20220523_162650_resized_20220523_080911103.jpg 768w, https:\/\/blog.vida.at\/pensionisten\/wp-content\/uploads\/sites\/10\/2022\/06\/IMG_20220523_162650_resized_20220523_080911103-300x200.jpg 300w, https:\/\/blog.vida.at\/pensionisten\/wp-content\/uploads\/sites\/10\/2022\/06\/IMG_20220523_162650_resized_20220523_080911103-500x333.jpg 500w, https:\/\/blog.vida.at\/pensionisten\/wp-content\/uploads\/sites\/10\/2022\/06\/IMG_20220523_162650_resized_20220523_080911103-600x400.jpg 600w\" sizes=\"auto, (max-width: 768px) 100vw, 768px\" \/><\/figure>\n<\/figure>\n<\/div><\/div>\n","protected":false},"excerpt":{"rendered":"<p>Mitgliederversammlung und Ehrungen.<\/p>\n","protected":false},"author":8,"featured_media":5017,"comment_status":"open","ping_status":"open","sticky":false,"template":"","format":"standard","meta":{"_uag_custom_page_level_css":"","advgb_blocks_editor_width":"","advgb_blocks_columns_visual_guide":"","footnotes":""},"categories":[1,93,49],"tags":[],"Orte":[],"activitytype":[],"class_list":["post-5011","post","type-post","status-publish","format-standard","has-post-thumbnail","hentry","category-allgemein","category-og-wiener-neustadt","category-ortsgruppen","entry"],"featured_image_urls":{"full":["https:\/\/blog.vida.at\/pensionisten\/wp-content\/uploads\/sites\/10\/2022\/06\/IMG_20220523_163754_resized_20220523_080912546.jpg",860,464,false],"thumbnail":["https:\/\/blog.vida.at\/pensionisten\/wp-content\/uploads\/sites\/10\/2022\/06\/IMG_20220523_163754_resized_20220523_080912546-150x150.jpg",150,150,true],"medium":["https:\/\/blog.vida.at\/pensionisten\/wp-content\/uploads\/sites\/10\/2022\/06\/IMG_20220523_163754_resized_20220523_080912546-300x162.jpg",300,162,true],"medium_large":["https:\/\/blog.vida.at\/pensionisten\/wp-content\/uploads\/sites\/10\/2022\/06\/IMG_20220523_163754_resized_20220523_080912546-768x414.jpg",640,345,true],"large":["https:\/\/blog.vida.at\/pensionisten\/wp-content\/uploads\/sites\/10\/2022\/06\/IMG_20220523_163754_resized_20220523_080912546.jpg",640,345,false],"1536x1536":["https:\/\/blog.vida.at\/pensionisten\/wp-content\/uploads\/sites\/10\/2022\/06\/IMG_20220523_163754_resized_20220523_080912546.jpg",860,464,false],"2048x2048":["https:\/\/blog.vida.at\/pensionisten\/wp-content\/uploads\/sites\/10\/2022\/06\/IMG_20220523_163754_resized_20220523_080912546.jpg",860,464,false],"ab-block-post-grid-landscape":["https:\/\/blog.vida.at\/pensionisten\/wp-content\/uploads\/sites\/10\/2022\/06\/IMG_20220523_163754_resized_20220523_080912546-600x400.jpg",600,400,true],"ab-block-post-grid-square":["https:\/\/blog.vida.at\/pensionisten\/wp-content\/uploads\/sites\/10\/2022\/06\/IMG_20220523_163754_resized_20220523_080912546-600x464.jpg",600,464,true],"post-thumbnail":["https:\/\/blog.vida.at\/pensionisten\/wp-content\/uploads\/sites\/10\/2022\/06\/IMG_20220523_163754_resized_20220523_080912546.jpg",860,464,false],"awb_sm":["https:\/\/blog.vida.at\/pensionisten\/wp-content\/uploads\/sites\/10\/2022\/06\/IMG_20220523_163754_resized_20220523_080912546-500x270.jpg",500,270,true],"awb_md":["https:\/\/blog.vida.at\/pensionisten\/wp-content\/uploads\/sites\/10\/2022\/06\/IMG_20220523_163754_resized_20220523_080912546-800x432.jpg",800,432,true],"awb_lg":["https:\/\/blog.vida.at\/pensionisten\/wp-content\/uploads\/sites\/10\/2022\/06\/IMG_20220523_163754_resized_20220523_080912546.jpg",860,464,false],"awb_xl":["https:\/\/blog.vida.at\/pensionisten\/wp-content\/uploads\/sites\/10\/2022\/06\/IMG_20220523_163754_resized_20220523_080912546.jpg",860,464,false]},"post_excerpt_stackable":"<p>Mitgliederversammlung und Ehrungen. Nach coronabedingter zweij\u00e4hriger Pause konnte die Gewerkschaft vida der Ortsgruppe Wr. Neustadt eine Mitgliederversammlung am 23. Mai 2022 im Hotel Hilton Garden Inn durchf\u00fchren. Regionsvorsitzender Josef Gradwohl begr\u00fc\u00dfte die zahlreichen Mitglieder und Ehreng\u00e4ste. Das Hauptreferat hielt vida-N\u00d6-Landesvorsitzender Horst Pammer. Bei der durchgef\u00fchrten Neuwahl der Ortsgruppenleitung wurde Julius Steiner zum neuen Ortsgruppenobmann gew\u00e4hlt. Es wurden auch zahlreiche langj\u00e4hrige Mitglieder f\u00fcr 25, 40, 50, 60 und 70 Jahre Gewerkschaftsmitgliedschaft vor Ort geehrt.\u00a0 \u00a0 Wir danken f\u00fcr die Treue und Solidarit\u00e4t!<\/p>\n","category_list":"<a href=\"https:\/\/blog.vida.at\/pensionisten\/category\/allgemein\/\" rel=\"category tag\">Allgemein<\/a>, <a href=\"https:\/\/blog.vida.at\/pensionisten\/category\/ortsgruppen\/niederoesterreich\/og-wiener-neustadt\/\" rel=\"category tag\">OG Wiener Neustadt<\/a>, <a href=\"https:\/\/blog.vida.at\/pensionisten\/category\/ortsgruppen\/\" rel=\"category tag\">Ortsgruppen<\/a>","author_info":{"display_name":"mariontobola","author_link":"https:\/\/blog.vida.at\/pensionisten\/author\/mariontobola\/"},"comments_num":"0 comments","featured_image_urls_v2":{"full":["https:\/\/blog.vida.at\/pensionisten\/wp-content\/uploads\/sites\/10\/2022\/06\/IMG_20220523_163754_resized_20220523_080912546.jpg",860,464,false],"thumbnail":["https:\/\/blog.vida.at\/pensionisten\/wp-content\/uploads\/sites\/10\/2022\/06\/IMG_20220523_163754_resized_20220523_080912546-150x150.jpg",150,150,true],"medium":["https:\/\/blog.vida.at\/pensionisten\/wp-content\/uploads\/sites\/10\/2022\/06\/IMG_20220523_163754_resized_20220523_080912546-300x162.jpg",300,162,true],"medium_large":["https:\/\/blog.vida.at\/pensionisten\/wp-content\/uploads\/sites\/10\/2022\/06\/IMG_20220523_163754_resized_20220523_080912546-768x414.jpg",640,345,true],"large":["https:\/\/blog.vida.at\/pensionisten\/wp-content\/uploads\/sites\/10\/2022\/06\/IMG_20220523_163754_resized_20220523_080912546.jpg",640,345,false],"1536x1536":["https:\/\/blog.vida.at\/pensionisten\/wp-content\/uploads\/sites\/10\/2022\/06\/IMG_20220523_163754_resized_20220523_080912546.jpg",860,464,false],"2048x2048":["https:\/\/blog.vida.at\/pensionisten\/wp-content\/uploads\/sites\/10\/2022\/06\/IMG_20220523_163754_resized_20220523_080912546.jpg",860,464,false],"ab-block-post-grid-landscape":["https:\/\/blog.vida.at\/pensionisten\/wp-content\/uploads\/sites\/10\/2022\/06\/IMG_20220523_163754_resized_20220523_080912546-600x400.jpg",600,400,true],"ab-block-post-grid-square":["https:\/\/blog.vida.at\/pensionisten\/wp-content\/uploads\/sites\/10\/2022\/06\/IMG_20220523_163754_resized_20220523_080912546-600x464.jpg",600,464,true],"post-thumbnail":["https:\/\/blog.vida.at\/pensionisten\/wp-content\/uploads\/sites\/10\/2022\/06\/IMG_20220523_163754_resized_20220523_080912546.jpg",860,464,false],"awb_sm":["https:\/\/blog.vida.at\/pensionisten\/wp-content\/uploads\/sites\/10\/2022\/06\/IMG_20220523_163754_resized_20220523_080912546-500x270.jpg",500,270,true],"awb_md":["https:\/\/blog.vida.at\/pensionisten\/wp-content\/uploads\/sites\/10\/2022\/06\/IMG_20220523_163754_resized_20220523_080912546-800x432.jpg",800,432,true],"awb_lg":["https:\/\/blog.vida.at\/pensionisten\/wp-content\/uploads\/sites\/10\/2022\/06\/IMG_20220523_163754_resized_20220523_080912546.jpg",860,464,false],"awb_xl":["https:\/\/blog.vida.at\/pensionisten\/wp-content\/uploads\/sites\/10\/2022\/06\/IMG_20220523_163754_resized_20220523_080912546.jpg",860,464,false]},"post_excerpt_stackable_v2":"<p>Mitgliederversammlung und Ehrungen. Nach coronabedingter zweij\u00e4hriger Pause konnte die Gewerkschaft vida der Ortsgruppe Wr. Neustadt eine Mitgliederversammlung am 23. Mai 2022 im Hotel Hilton Garden Inn durchf\u00fchren. Regionsvorsitzender Josef Gradwohl begr\u00fc\u00dfte die zahlreichen Mitglieder und Ehreng\u00e4ste. Das Hauptreferat hielt vida-N\u00d6-Landesvorsitzender Horst Pammer. Bei der durchgef\u00fchrten Neuwahl der Ortsgruppenleitung wurde Julius Steiner zum neuen Ortsgruppenobmann gew\u00e4hlt. Es wurden auch zahlreiche langj\u00e4hrige Mitglieder f\u00fcr 25, 40, 50, 60 und 70 Jahre Gewerkschaftsmitgliedschaft vor Ort geehrt.\u00a0 \u00a0 Wir danken f\u00fcr die Treue und Solidarit\u00e4t!<\/p>\n","category_list_v2":"<a href=\"https:\/\/blog.vida.at\/pensionisten\/category\/allgemein\/\" rel=\"category tag\">Allgemein<\/a>, <a href=\"https:\/\/blog.vida.at\/pensionisten\/category\/ortsgruppen\/niederoesterreich\/og-wiener-neustadt\/\" rel=\"category tag\">OG Wiener Neustadt<\/a>, <a href=\"https:\/\/blog.vida.at\/pensionisten\/category\/ortsgruppen\/\" rel=\"category tag\">Ortsgruppen<\/a>","author_info_v2":{"name":"mariontobola","url":"https:\/\/blog.vida.at\/pensionisten\/author\/mariontobola\/"},"comments_num_v2":"0 comments","yoast_head":"<!-- This site is optimized with the Yoast SEO plugin v27.3 - https:\/\/yoast.com\/product\/yoast-seo-wordpress\/ -->\n<title>OG Wr. Neustadt<\/title>\n<meta name=\"robots\" content=\"index, follow, max-snippet:-1, max-image-preview:large, max-video-preview:-1\" \/>\n<link rel=\"canonical\" href=\"https:\/\/blog.vida.at\/pensionisten\/2022\/06\/24\/og-wr-neustadt\/\" \/>\n<meta property=\"og:locale\" content=\"de_DE\" \/>\n<meta property=\"og:type\" content=\"article\" \/>\n<meta property=\"og:title\" content=\"OG Wr. Neustadt\" \/>\n<meta property=\"og:description\" content=\"Mitgliederversammlung und Ehrungen.\" \/>\n<meta property=\"og:url\" content=\"https:\/\/blog.vida.at\/pensionisten\/2022\/06\/24\/og-wr-neustadt\/\" \/>\n<meta property=\"og:site_name\" content=\"vida Pensionisten\" \/>\n<meta property=\"article:published_time\" content=\"2022-06-24T07:37:31+00:00\" \/>\n<meta property=\"article:modified_time\" content=\"2022-06-24T07:38:55+00:00\" \/>\n<meta property=\"og:image\" content=\"https:\/\/blog.vida.at\/pensionisten\/wp-content\/uploads\/sites\/10\/2022\/06\/IMG_20220523_163754_resized_20220523_080912546.jpg\" \/>\n\t<meta property=\"og:image:width\" content=\"860\" \/>\n\t<meta property=\"og:image:height\" content=\"464\" \/>\n\t<meta property=\"og:image:type\" content=\"image\/jpeg\" \/>\n<meta name=\"author\" content=\"mariontobola\" \/>\n<meta name=\"twitter:card\" content=\"summary_large_image\" \/>\n<meta name=\"twitter:label1\" content=\"Verfasst von\" \/>\n\t<meta name=\"twitter:data1\" content=\"mariontobola\" \/>\n\t<meta name=\"twitter:label2\" content=\"Gesch\u00e4tzte Lesezeit\" \/>\n\t<meta name=\"twitter:data2\" content=\"2\u00a0Minuten\" \/>\n<script type=\"application\/ld+json\" class=\"yoast-schema-graph\">{\"@context\":\"https:\\\/\\\/schema.org\",\"@graph\":[{\"@type\":\"Article\",\"@id\":\"https:\\\/\\\/blog.vida.at\\\/pensionisten\\\/2022\\\/06\\\/24\\\/og-wr-neustadt\\\/#article\",\"isPartOf\":{\"@id\":\"https:\\\/\\\/blog.vida.at\\\/pensionisten\\\/2022\\\/06\\\/24\\\/og-wr-neustadt\\\/\"},\"author\":{\"name\":\"mariontobola\",\"@id\":\"https:\\\/\\\/blog.vida.at\\\/pensionisten\\\/#\\\/schema\\\/person\\\/88cee3ee93b9afdc51c92f5f63f38b8a\"},\"headline\":\"OG Wr. Neustadt\",\"datePublished\":\"2022-06-24T07:37:31+00:00\",\"dateModified\":\"2022-06-24T07:38:55+00:00\",\"mainEntityOfPage\":{\"@id\":\"https:\\\/\\\/blog.vida.at\\\/pensionisten\\\/2022\\\/06\\\/24\\\/og-wr-neustadt\\\/\"},\"wordCount\":87,\"commentCount\":0,\"image\":{\"@id\":\"https:\\\/\\\/blog.vida.at\\\/pensionisten\\\/2022\\\/06\\\/24\\\/og-wr-neustadt\\\/#primaryimage\"},\"thumbnailUrl\":\"https:\\\/\\\/blog.vida.at\\\/pensionisten\\\/wp-content\\\/uploads\\\/sites\\\/10\\\/2022\\\/06\\\/IMG_20220523_163754_resized_20220523_080912546.jpg\",\"articleSection\":{\"1\":\"OG Wiener Neustadt\",\"2\":\"Ortsgruppen\"},\"inLanguage\":\"de\",\"potentialAction\":[{\"@type\":\"CommentAction\",\"name\":\"Comment\",\"target\":[\"https:\\\/\\\/blog.vida.at\\\/pensionisten\\\/2022\\\/06\\\/24\\\/og-wr-neustadt\\\/#respond\"]}]},{\"@type\":\"WebPage\",\"@id\":\"https:\\\/\\\/blog.vida.at\\\/pensionisten\\\/2022\\\/06\\\/24\\\/og-wr-neustadt\\\/\",\"url\":\"https:\\\/\\\/blog.vida.at\\\/pensionisten\\\/2022\\\/06\\\/24\\\/og-wr-neustadt\\\/\",\"name\":\"OG Wr. Neustadt\",\"isPartOf\":{\"@id\":\"https:\\\/\\\/blog.vida.at\\\/pensionisten\\\/#website\"},\"primaryImageOfPage\":{\"@id\":\"https:\\\/\\\/blog.vida.at\\\/pensionisten\\\/2022\\\/06\\\/24\\\/og-wr-neustadt\\\/#primaryimage\"},\"image\":{\"@id\":\"https:\\\/\\\/blog.vida.at\\\/pensionisten\\\/2022\\\/06\\\/24\\\/og-wr-neustadt\\\/#primaryimage\"},\"thumbnailUrl\":\"https:\\\/\\\/blog.vida.at\\\/pensionisten\\\/wp-content\\\/uploads\\\/sites\\\/10\\\/2022\\\/06\\\/IMG_20220523_163754_resized_20220523_080912546.jpg\",\"datePublished\":\"2022-06-24T07:37:31+00:00\",\"dateModified\":\"2022-06-24T07:38:55+00:00\",\"author\":{\"@id\":\"https:\\\/\\\/blog.vida.at\\\/pensionisten\\\/#\\\/schema\\\/person\\\/88cee3ee93b9afdc51c92f5f63f38b8a\"},\"breadcrumb\":{\"@id\":\"https:\\\/\\\/blog.vida.at\\\/pensionisten\\\/2022\\\/06\\\/24\\\/og-wr-neustadt\\\/#breadcrumb\"},\"inLanguage\":\"de\",\"potentialAction\":[{\"@type\":\"ReadAction\",\"target\":[\"https:\\\/\\\/blog.vida.at\\\/pensionisten\\\/2022\\\/06\\\/24\\\/og-wr-neustadt\\\/\"]}]},{\"@type\":\"ImageObject\",\"inLanguage\":\"de\",\"@id\":\"https:\\\/\\\/blog.vida.at\\\/pensionisten\\\/2022\\\/06\\\/24\\\/og-wr-neustadt\\\/#primaryimage\",\"url\":\"https:\\\/\\\/blog.vida.at\\\/pensionisten\\\/wp-content\\\/uploads\\\/sites\\\/10\\\/2022\\\/06\\\/IMG_20220523_163754_resized_20220523_080912546.jpg\",\"contentUrl\":\"https:\\\/\\\/blog.vida.at\\\/pensionisten\\\/wp-content\\\/uploads\\\/sites\\\/10\\\/2022\\\/06\\\/IMG_20220523_163754_resized_20220523_080912546.jpg\",\"width\":860,\"height\":464},{\"@type\":\"BreadcrumbList\",\"@id\":\"https:\\\/\\\/blog.vida.at\\\/pensionisten\\\/2022\\\/06\\\/24\\\/og-wr-neustadt\\\/#breadcrumb\",\"itemListElement\":[{\"@type\":\"ListItem\",\"position\":1,\"name\":\"Startseite\",\"item\":\"https:\\\/\\\/blog.vida.at\\\/pensionisten\\\/\"},{\"@type\":\"ListItem\",\"position\":2,\"name\":\"OG Wr. Neustadt\"}]},{\"@type\":\"WebSite\",\"@id\":\"https:\\\/\\\/blog.vida.at\\\/pensionisten\\\/#website\",\"url\":\"https:\\\/\\\/blog.vida.at\\\/pensionisten\\\/\",\"name\":\"vida Pensionisten\",\"description\":\"\",\"potentialAction\":[{\"@type\":\"SearchAction\",\"target\":{\"@type\":\"EntryPoint\",\"urlTemplate\":\"https:\\\/\\\/blog.vida.at\\\/pensionisten\\\/?s={search_term_string}\"},\"query-input\":{\"@type\":\"PropertyValueSpecification\",\"valueRequired\":true,\"valueName\":\"search_term_string\"}}],\"inLanguage\":\"de\"},{\"@type\":\"Person\",\"@id\":\"https:\\\/\\\/blog.vida.at\\\/pensionisten\\\/#\\\/schema\\\/person\\\/88cee3ee93b9afdc51c92f5f63f38b8a\",\"name\":\"mariontobola\",\"image\":{\"@type\":\"ImageObject\",\"inLanguage\":\"de\",\"@id\":\"https:\\\/\\\/secure.gravatar.com\\\/avatar\\\/5d2c516985e4eda61bca05bd3b4359b4358135bd1e1a5b08c539e9cd1edd6528?s=96&d=mm&r=g\",\"url\":\"https:\\\/\\\/secure.gravatar.com\\\/avatar\\\/5d2c516985e4eda61bca05bd3b4359b4358135bd1e1a5b08c539e9cd1edd6528?s=96&d=mm&r=g\",\"contentUrl\":\"https:\\\/\\\/secure.gravatar.com\\\/avatar\\\/5d2c516985e4eda61bca05bd3b4359b4358135bd1e1a5b08c539e9cd1edd6528?s=96&d=mm&r=g\",\"caption\":\"mariontobola\"},\"url\":\"https:\\\/\\\/blog.vida.at\\\/pensionisten\\\/author\\\/mariontobola\\\/\"}]}<\/script>\n<!-- \/ Yoast SEO plugin. -->","yoast_head_json":{"title":"OG Wr. Neustadt","robots":{"index":"index","follow":"follow","max-snippet":"max-snippet:-1","max-image-preview":"max-image-preview:large","max-video-preview":"max-video-preview:-1"},"canonical":"https:\/\/blog.vida.at\/pensionisten\/2022\/06\/24\/og-wr-neustadt\/","og_locale":"de_DE","og_type":"article","og_title":"OG Wr. Neustadt","og_description":"Mitgliederversammlung und Ehrungen.","og_url":"https:\/\/blog.vida.at\/pensionisten\/2022\/06\/24\/og-wr-neustadt\/","og_site_name":"vida Pensionisten","article_published_time":"2022-06-24T07:37:31+00:00","article_modified_time":"2022-06-24T07:38:55+00:00","og_image":[{"width":860,"height":464,"url":"https:\/\/blog.vida.at\/pensionisten\/wp-content\/uploads\/sites\/10\/2022\/06\/IMG_20220523_163754_resized_20220523_080912546.jpg","type":"image\/jpeg"}],"author":"mariontobola","twitter_card":"summary_large_image","twitter_misc":{"Verfasst von":"mariontobola","Gesch\u00e4tzte Lesezeit":"2\u00a0Minuten"},"schema":{"@context":"https:\/\/schema.org","@graph":[{"@type":"Article","@id":"https:\/\/blog.vida.at\/pensionisten\/2022\/06\/24\/og-wr-neustadt\/#article","isPartOf":{"@id":"https:\/\/blog.vida.at\/pensionisten\/2022\/06\/24\/og-wr-neustadt\/"},"author":{"name":"mariontobola","@id":"https:\/\/blog.vida.at\/pensionisten\/#\/schema\/person\/88cee3ee93b9afdc51c92f5f63f38b8a"},"headline":"OG Wr. Neustadt","datePublished":"2022-06-24T07:37:31+00:00","dateModified":"2022-06-24T07:38:55+00:00","mainEntityOfPage":{"@id":"https:\/\/blog.vida.at\/pensionisten\/2022\/06\/24\/og-wr-neustadt\/"},"wordCount":87,"commentCount":0,"image":{"@id":"https:\/\/blog.vida.at\/pensionisten\/2022\/06\/24\/og-wr-neustadt\/#primaryimage"},"thumbnailUrl":"https:\/\/blog.vida.at\/pensionisten\/wp-content\/uploads\/sites\/10\/2022\/06\/IMG_20220523_163754_resized_20220523_080912546.jpg","articleSection":{"1":"OG Wiener Neustadt","2":"Ortsgruppen"},"inLanguage":"de","potentialAction":[{"@type":"CommentAction","name":"Comment","target":["https:\/\/blog.vida.at\/pensionisten\/2022\/06\/24\/og-wr-neustadt\/#respond"]}]},{"@type":"WebPage","@id":"https:\/\/blog.vida.at\/pensionisten\/2022\/06\/24\/og-wr-neustadt\/","url":"https:\/\/blog.vida.at\/pensionisten\/2022\/06\/24\/og-wr-neustadt\/","name":"OG Wr. Neustadt","isPartOf":{"@id":"https:\/\/blog.vida.at\/pensionisten\/#website"},"primaryImageOfPage":{"@id":"https:\/\/blog.vida.at\/pensionisten\/2022\/06\/24\/og-wr-neustadt\/#primaryimage"},"image":{"@id":"https:\/\/blog.vida.at\/pensionisten\/2022\/06\/24\/og-wr-neustadt\/#primaryimage"},"thumbnailUrl":"https:\/\/blog.vida.at\/pensionisten\/wp-content\/uploads\/sites\/10\/2022\/06\/IMG_20220523_163754_resized_20220523_080912546.jpg","datePublished":"2022-06-24T07:37:31+00:00","dateModified":"2022-06-24T07:38:55+00:00","author":{"@id":"https:\/\/blog.vida.at\/pensionisten\/#\/schema\/person\/88cee3ee93b9afdc51c92f5f63f38b8a"},"breadcrumb":{"@id":"https:\/\/blog.vida.at\/pensionisten\/2022\/06\/24\/og-wr-neustadt\/#breadcrumb"},"inLanguage":"de","potentialAction":[{"@type":"ReadAction","target":["https:\/\/blog.vida.at\/pensionisten\/2022\/06\/24\/og-wr-neustadt\/"]}]},{"@type":"ImageObject","inLanguage":"de","@id":"https:\/\/blog.vida.at\/pensionisten\/2022\/06\/24\/og-wr-neustadt\/#primaryimage","url":"https:\/\/blog.vida.at\/pensionisten\/wp-content\/uploads\/sites\/10\/2022\/06\/IMG_20220523_163754_resized_20220523_080912546.jpg","contentUrl":"https:\/\/blog.vida.at\/pensionisten\/wp-content\/uploads\/sites\/10\/2022\/06\/IMG_20220523_163754_resized_20220523_080912546.jpg","width":860,"height":464},{"@type":"BreadcrumbList","@id":"https:\/\/blog.vida.at\/pensionisten\/2022\/06\/24\/og-wr-neustadt\/#breadcrumb","itemListElement":[{"@type":"ListItem","position":1,"name":"Startseite","item":"https:\/\/blog.vida.at\/pensionisten\/"},{"@type":"ListItem","position":2,"name":"OG Wr. Neustadt"}]},{"@type":"WebSite","@id":"https:\/\/blog.vida.at\/pensionisten\/#website","url":"https:\/\/blog.vida.at\/pensionisten\/","name":"vida Pensionisten","description":"","potentialAction":[{"@type":"SearchAction","target":{"@type":"EntryPoint","urlTemplate":"https:\/\/blog.vida.at\/pensionisten\/?s={search_term_string}"},"query-input":{"@type":"PropertyValueSpecification","valueRequired":true,"valueName":"search_term_string"}}],"inLanguage":"de"},{"@type":"Person","@id":"https:\/\/blog.vida.at\/pensionisten\/#\/schema\/person\/88cee3ee93b9afdc51c92f5f63f38b8a","name":"mariontobola","image":{"@type":"ImageObject","inLanguage":"de","@id":"https:\/\/secure.gravatar.com\/avatar\/5d2c516985e4eda61bca05bd3b4359b4358135bd1e1a5b08c539e9cd1edd6528?s=96&d=mm&r=g","url":"https:\/\/secure.gravatar.com\/avatar\/5d2c516985e4eda61bca05bd3b4359b4358135bd1e1a5b08c539e9cd1edd6528?s=96&d=mm&r=g","contentUrl":"https:\/\/secure.gravatar.com\/avatar\/5d2c516985e4eda61bca05bd3b4359b4358135bd1e1a5b08c539e9cd1edd6528?s=96&d=mm&r=g","caption":"mariontobola"},"url":"https:\/\/blog.vida.at\/pensionisten\/author\/mariontobola\/"}]}},"author_meta":{"display_name":"mariontobola","author_link":"https:\/\/blog.vida.at\/pensionisten\/author\/mariontobola\/"},"featured_img":"https:\/\/blog.vida.at\/pensionisten\/wp-content\/uploads\/sites\/10\/2022\/06\/IMG_20220523_163754_resized_20220523_080912546-300x162.jpg","featured_image_src":"https:\/\/blog.vida.at\/pensionisten\/wp-content\/uploads\/sites\/10\/2022\/06\/IMG_20220523_163754_resized_20220523_080912546-600x400.jpg","featured_image_src_square":"https:\/\/blog.vida.at\/pensionisten\/wp-content\/uploads\/sites\/10\/2022\/06\/IMG_20220523_163754_resized_20220523_080912546-600x464.jpg","uagb_featured_image_src":{"full":["https:\/\/blog.vida.at\/pensionisten\/wp-content\/uploads\/sites\/10\/2022\/06\/IMG_20220523_163754_resized_20220523_080912546.jpg",860,464,false],"thumbnail":["https:\/\/blog.vida.at\/pensionisten\/wp-content\/uploads\/sites\/10\/2022\/06\/IMG_20220523_163754_resized_20220523_080912546-150x150.jpg",150,150,true],"medium":["https:\/\/blog.vida.at\/pensionisten\/wp-content\/uploads\/sites\/10\/2022\/06\/IMG_20220523_163754_resized_20220523_080912546-300x162.jpg",300,162,true],"medium_large":["https:\/\/blog.vida.at\/pensionisten\/wp-content\/uploads\/sites\/10\/2022\/06\/IMG_20220523_163754_resized_20220523_080912546-768x414.jpg",640,345,true],"large":["https:\/\/blog.vida.at\/pensionisten\/wp-content\/uploads\/sites\/10\/2022\/06\/IMG_20220523_163754_resized_20220523_080912546.jpg",640,345,false],"1536x1536":["https:\/\/blog.vida.at\/pensionisten\/wp-content\/uploads\/sites\/10\/2022\/06\/IMG_20220523_163754_resized_20220523_080912546.jpg",860,464,false],"2048x2048":["https:\/\/blog.vida.at\/pensionisten\/wp-content\/uploads\/sites\/10\/2022\/06\/IMG_20220523_163754_resized_20220523_080912546.jpg",860,464,false],"ab-block-post-grid-landscape":["https:\/\/blog.vida.at\/pensionisten\/wp-content\/uploads\/sites\/10\/2022\/06\/IMG_20220523_163754_resized_20220523_080912546-600x400.jpg",600,400,true],"ab-block-post-grid-square":["https:\/\/blog.vida.at\/pensionisten\/wp-content\/uploads\/sites\/10\/2022\/06\/IMG_20220523_163754_resized_20220523_080912546-600x464.jpg",600,464,true],"post-thumbnail":["https:\/\/blog.vida.at\/pensionisten\/wp-content\/uploads\/sites\/10\/2022\/06\/IMG_20220523_163754_resized_20220523_080912546.jpg",860,464,false],"awb_sm":["https:\/\/blog.vida.at\/pensionisten\/wp-content\/uploads\/sites\/10\/2022\/06\/IMG_20220523_163754_resized_20220523_080912546-500x270.jpg",500,270,true],"awb_md":["https:\/\/blog.vida.at\/pensionisten\/wp-content\/uploads\/sites\/10\/2022\/06\/IMG_20220523_163754_resized_20220523_080912546-800x432.jpg",800,432,true],"awb_lg":["https:\/\/blog.vida.at\/pensionisten\/wp-content\/uploads\/sites\/10\/2022\/06\/IMG_20220523_163754_resized_20220523_080912546.jpg",860,464,false],"awb_xl":["https:\/\/blog.vida.at\/pensionisten\/wp-content\/uploads\/sites\/10\/2022\/06\/IMG_20220523_163754_resized_20220523_080912546.jpg",860,464,false]},"uagb_author_info":{"display_name":"mariontobola","author_link":"https:\/\/blog.vida.at\/pensionisten\/author\/mariontobola\/"},"uagb_comment_info":0,"uagb_excerpt":"Mitgliederversammlung und Ehrungen.","coauthors":[],"tax_additional":{"categories":{"linked":["<a href=\"https:\/\/blog.vida.at\/pensionisten\/category\/allgemein\/\" class=\"advgb-post-tax-term\">Allgemein<\/a>","<a href=\"https:\/\/blog.vida.at\/pensionisten\/category\/ortsgruppen\/niederoesterreich\/og-wiener-neustadt\/\" class=\"advgb-post-tax-term\">OG Wiener Neustadt<\/a>","<a href=\"https:\/\/blog.vida.at\/pensionisten\/category\/ortsgruppen\/\" class=\"advgb-post-tax-term\">Ortsgruppen<\/a>"],"unlinked":["<span class=\"advgb-post-tax-term\">Allgemein<\/span>","<span class=\"advgb-post-tax-term\">OG Wiener Neustadt<\/span>","<span class=\"advgb-post-tax-term\">Ortsgruppen<\/span>"]}},"comment_count":"0","relative_dates":{"created":"Ver\u00f6ffentlicht 4\u00a0Jahren vor","modified":"Aktualisiert 4\u00a0Jahren vor"},"absolute_dates":{"created":"Ver\u00f6ffentlicht am 24. Juni 2022","modified":"Aktualisiert am 24. Juni 2022"},"absolute_dates_time":{"created":"Ver\u00f6ffentlicht am 24. Juni 2022 9:37","modified":"Aktualisiert am 24. Juni 2022 9:38"},"featured_img_caption":"","series_order":"","_links":{"self":[{"href":"https:\/\/blog.vida.at\/pensionisten\/wp-json\/wp\/v2\/posts\/5011","targetHints":{"allow":["GET"]}}],"collection":[{"href":"https:\/\/blog.vida.at\/pensionisten\/wp-json\/wp\/v2\/posts"}],"about":[{"href":"https:\/\/blog.vida.at\/pensionisten\/wp-json\/wp\/v2\/types\/post"}],"author":[{"embeddable":true,"href":"https:\/\/blog.vida.at\/pensionisten\/wp-json\/wp\/v2\/users\/8"}],"replies":[{"embeddable":true,"href":"https:\/\/blog.vida.at\/pensionisten\/wp-json\/wp\/v2\/comments?post=5011"}],"version-history":[{"count":4,"href":"https:\/\/blog.vida.at\/pensionisten\/wp-json\/wp\/v2\/posts\/5011\/revisions"}],"predecessor-version":[{"id":5022,"href":"https:\/\/blog.vida.at\/pensionisten\/wp-json\/wp\/v2\/posts\/5011\/revisions\/5022"}],"wp:featuredmedia":[{"embeddable":true,"href":"https:\/\/blog.vida.at\/pensionisten\/wp-json\/wp\/v2\/media\/5017"}],"wp:attachment":[{"href":"https:\/\/blog.vida.at\/pensionisten\/wp-json\/wp\/v2\/media?parent=5011"}],"wp:term":[{"taxonomy":"category","embeddable":true,"href":"https:\/\/blog.vida.at\/pensionisten\/wp-json\/wp\/v2\/categories?post=5011"},{"taxonomy":"post_tag","embeddable":true,"href":"https:\/\/blog.vida.at\/pensionisten\/wp-json\/wp\/v2\/tags?post=5011"},{"taxonomy":"Orte","embeddable":true,"href":"https:\/\/blog.vida.at\/pensionisten\/wp-json\/wp\/v2\/Orte?post=5011"},{"taxonomy":"activitytype","embeddable":true,"href":"https:\/\/blog.vida.at\/pensionisten\/wp-json\/wp\/v2\/activitytype?post=5011"}],"curies":[{"name":"wp","href":"https:\/\/api.w.org\/{rel}","templated":true}]}}