
{"id":5034,"date":"2022-07-08T14:33:19","date_gmt":"2022-07-08T12:33:19","guid":{"rendered":"https:\/\/blog.vida.at\/pensionisten\/?p=5034"},"modified":"2022-07-08T14:33:21","modified_gmt":"2022-07-08T12:33:21","slug":"vida-gratuliert","status":"publish","type":"post","link":"https:\/\/blog.vida.at\/pensionisten\/2022\/07\/08\/vida-gratuliert\/","title":{"rendered":"vida gratuliert"},"content":{"rendered":"\n<p><strong><strong><strong>Josef Seiwald aus W\u00f6rgl feierte seinen 100. Geburtstag. <\/strong><\/strong><\/strong><\/p>\n\n\n\n<br>\n\n\n\n<p><strong>Wir w\u00fcnschen dem Jubilar alles Gute und beste Gesundheit.<\/strong><\/p>\n\n\n\n<!--more-->\n\n\n\n<p>Vor Kurzem feierte der W\u00f6rgler <strong>Josef Seiwald <\/strong>seinen 100. Geburtstag im Seniorenheim in W\u00f6rgl. Neben seiner<strong> Familie<\/strong> und dem <strong>B\u00fcrgermeister<\/strong> stellte sich nat\u00fcrlich auch eine kleine <strong>Abordnung der Gewerkschaft vida Ortsgruppe W\u00f6rgl<\/strong> ein, um dem Jubilar herzlich zu gratulieren.<\/p>\n\n\n\n<p><span style=\"color: #f80505\" class=\"stk-highlight\"><strong>Josef Seiwald ist von Jugend auf ein &#8222;\u00d6BB-ler&#8220; und bis heute Mitglied unserer Gewerkschaftsbewegung. <\/strong><\/span><\/p>\n\n\n\n<p><strong>Wir w\u00fcnschen dir &#8222;Pepi&#8220; alles, alles Gute und beste Gesundheit!<\/strong><\/p>\n\n\n<div class=\"wp-block-image is-style-rounded\">\n<figure class=\"aligncenter size-large\"><img loading=\"lazy\" decoding=\"async\" width=\"1024\" height=\"683\" src=\"https:\/\/blog.vida.at\/pensionisten\/wp-content\/uploads\/sites\/10\/2022\/07\/IMG_0508-1024x683.jpg\" alt=\"\" class=\"wp-image-5035\" srcset=\"https:\/\/blog.vida.at\/pensionisten\/wp-content\/uploads\/sites\/10\/2022\/07\/IMG_0508-1024x683.jpg 1024w, https:\/\/blog.vida.at\/pensionisten\/wp-content\/uploads\/sites\/10\/2022\/07\/IMG_0508-300x200.jpg 300w, https:\/\/blog.vida.at\/pensionisten\/wp-content\/uploads\/sites\/10\/2022\/07\/IMG_0508-768x512.jpg 768w, https:\/\/blog.vida.at\/pensionisten\/wp-content\/uploads\/sites\/10\/2022\/07\/IMG_0508-1536x1024.jpg 1536w, https:\/\/blog.vida.at\/pensionisten\/wp-content\/uploads\/sites\/10\/2022\/07\/IMG_0508-2048x1365.jpg 2048w, https:\/\/blog.vida.at\/pensionisten\/wp-content\/uploads\/sites\/10\/2022\/07\/IMG_0508-500x333.jpg 500w, https:\/\/blog.vida.at\/pensionisten\/wp-content\/uploads\/sites\/10\/2022\/07\/IMG_0508-800x533.jpg 800w, https:\/\/blog.vida.at\/pensionisten\/wp-content\/uploads\/sites\/10\/2022\/07\/IMG_0508-1280x853.jpg 1280w, https:\/\/blog.vida.at\/pensionisten\/wp-content\/uploads\/sites\/10\/2022\/07\/IMG_0508-1920x1280.jpg 1920w, https:\/\/blog.vida.at\/pensionisten\/wp-content\/uploads\/sites\/10\/2022\/07\/IMG_0508-600x400.jpg 600w, https:\/\/blog.vida.at\/pensionisten\/wp-content\/uploads\/sites\/10\/2022\/07\/IMG_0508-1568x1045.jpg 1568w\" sizes=\"auto, (max-width: 1024px) 100vw, 1024px\" \/><figcaption>Regionsvorsitzender Werner Sp\u00f6ck (links im Bild), Jubilar Josef Seiwald (Bildmitte) und OG-Vorsitzender Helmut Pangrazzi (rechts im Bild)<br>(c) vida\/Willi Maier<\/figcaption><\/figure>\n<\/div>\n\n\n<p><\/p>\n\n\n\n<p><\/p>\n\n\n\n<p><\/p>\n","protected":false},"excerpt":{"rendered":"<p>Josef Seiwald aus W\u00f6rgl feierte seinen 100. Geburtstag. Wir w\u00fcnschen dem Jubilar alles Gute und beste Gesundheit.<\/p>\n","protected":false},"author":8,"featured_media":5035,"comment_status":"open","ping_status":"open","sticky":false,"template":"","format":"standard","meta":{"_uag_custom_page_level_css":"","advgb_blocks_editor_width":"","advgb_blocks_columns_visual_guide":"","footnotes":""},"categories":[4,1,49,58,32],"tags":[],"Orte":[],"activitytype":[],"class_list":["post-5034","post","type-post","status-publish","format-standard","has-post-thumbnail","hentry","category-aktuelles","category-allgemein","category-ortsgruppen","category-tirol","category-top-aktuelles","entry"],"featured_image_urls":{"full":["https:\/\/blog.vida.at\/pensionisten\/wp-content\/uploads\/sites\/10\/2022\/07\/IMG_0508-scaled.jpg",2560,1707,false],"thumbnail":["https:\/\/blog.vida.at\/pensionisten\/wp-content\/uploads\/sites\/10\/2022\/07\/IMG_0508-150x150.jpg",150,150,true],"medium":["https:\/\/blog.vida.at\/pensionisten\/wp-content\/uploads\/sites\/10\/2022\/07\/IMG_0508-300x200.jpg",300,200,true],"medium_large":["https:\/\/blog.vida.at\/pensionisten\/wp-content\/uploads\/sites\/10\/2022\/07\/IMG_0508-768x512.jpg",640,427,true],"large":["https:\/\/blog.vida.at\/pensionisten\/wp-content\/uploads\/sites\/10\/2022\/07\/IMG_0508-1024x683.jpg",640,427,true],"1536x1536":["https:\/\/blog.vida.at\/pensionisten\/wp-content\/uploads\/sites\/10\/2022\/07\/IMG_0508-1536x1024.jpg",1536,1024,true],"2048x2048":["https:\/\/blog.vida.at\/pensionisten\/wp-content\/uploads\/sites\/10\/2022\/07\/IMG_0508-2048x1365.jpg",2048,1365,true],"ab-block-post-grid-landscape":["https:\/\/blog.vida.at\/pensionisten\/wp-content\/uploads\/sites\/10\/2022\/07\/IMG_0508-600x400.jpg",600,400,true],"ab-block-post-grid-square":["https:\/\/blog.vida.at\/pensionisten\/wp-content\/uploads\/sites\/10\/2022\/07\/IMG_0508-600x600.jpg",600,600,true],"post-thumbnail":["https:\/\/blog.vida.at\/pensionisten\/wp-content\/uploads\/sites\/10\/2022\/07\/IMG_0508-1568x1045.jpg",1568,1045,true],"awb_sm":["https:\/\/blog.vida.at\/pensionisten\/wp-content\/uploads\/sites\/10\/2022\/07\/IMG_0508-500x333.jpg",500,333,true],"awb_md":["https:\/\/blog.vida.at\/pensionisten\/wp-content\/uploads\/sites\/10\/2022\/07\/IMG_0508-800x533.jpg",800,533,true],"awb_lg":["https:\/\/blog.vida.at\/pensionisten\/wp-content\/uploads\/sites\/10\/2022\/07\/IMG_0508-1280x853.jpg",1280,853,true],"awb_xl":["https:\/\/blog.vida.at\/pensionisten\/wp-content\/uploads\/sites\/10\/2022\/07\/IMG_0508-1920x1280.jpg",1920,1280,true]},"post_excerpt_stackable":"<p>Josef Seiwald aus W\u00f6rgl feierte seinen 100. Geburtstag. Wir w\u00fcnschen dem Jubilar alles Gute und beste Gesundheit. Vor Kurzem feierte der W\u00f6rgler Josef Seiwald seinen 100. Geburtstag im Seniorenheim in W\u00f6rgl. Neben seiner Familie und dem B\u00fcrgermeister stellte sich nat\u00fcrlich auch eine kleine Abordnung der Gewerkschaft vida Ortsgruppe W\u00f6rgl ein, um dem Jubilar herzlich zu gratulieren. Josef Seiwald ist von Jugend auf ein &#8222;\u00d6BB-ler&#8220; und bis heute Mitglied unserer Gewerkschaftsbewegung. Wir w\u00fcnschen dir &#8222;Pepi&#8220; alles, alles Gute und beste Gesundheit! Regionsvorsitzender Werner Sp\u00f6ck (links im Bild), Jubilar Josef Seiwald (Bildmitte) und OG-Vorsitzender Helmut Pangrazzi (rechts im Bild)(c) vida\/Willi Maier<\/p>\n","category_list":"<a href=\"https:\/\/blog.vida.at\/pensionisten\/category\/aktuelles\/\" rel=\"category tag\">Aktuelles<\/a>, <a href=\"https:\/\/blog.vida.at\/pensionisten\/category\/allgemein\/\" rel=\"category tag\">Allgemein<\/a>, <a href=\"https:\/\/blog.vida.at\/pensionisten\/category\/ortsgruppen\/\" rel=\"category tag\">Ortsgruppen<\/a>, <a href=\"https:\/\/blog.vida.at\/pensionisten\/category\/ortsgruppen\/tirol\/\" rel=\"category tag\">Tirol<\/a>, <a href=\"https:\/\/blog.vida.at\/pensionisten\/category\/top-aktuelles\/\" rel=\"category tag\">Top Aktuelles<\/a>","author_info":{"display_name":"mariontobola","author_link":"https:\/\/blog.vida.at\/pensionisten\/author\/mariontobola\/"},"comments_num":"0 comments","featured_image_urls_v2":{"full":["https:\/\/blog.vida.at\/pensionisten\/wp-content\/uploads\/sites\/10\/2022\/07\/IMG_0508-scaled.jpg",2560,1707,false],"thumbnail":["https:\/\/blog.vida.at\/pensionisten\/wp-content\/uploads\/sites\/10\/2022\/07\/IMG_0508-150x150.jpg",150,150,true],"medium":["https:\/\/blog.vida.at\/pensionisten\/wp-content\/uploads\/sites\/10\/2022\/07\/IMG_0508-300x200.jpg",300,200,true],"medium_large":["https:\/\/blog.vida.at\/pensionisten\/wp-content\/uploads\/sites\/10\/2022\/07\/IMG_0508-768x512.jpg",640,427,true],"large":["https:\/\/blog.vida.at\/pensionisten\/wp-content\/uploads\/sites\/10\/2022\/07\/IMG_0508-1024x683.jpg",640,427,true],"1536x1536":["https:\/\/blog.vida.at\/pensionisten\/wp-content\/uploads\/sites\/10\/2022\/07\/IMG_0508-1536x1024.jpg",1536,1024,true],"2048x2048":["https:\/\/blog.vida.at\/pensionisten\/wp-content\/uploads\/sites\/10\/2022\/07\/IMG_0508-2048x1365.jpg",2048,1365,true],"ab-block-post-grid-landscape":["https:\/\/blog.vida.at\/pensionisten\/wp-content\/uploads\/sites\/10\/2022\/07\/IMG_0508-600x400.jpg",600,400,true],"ab-block-post-grid-square":["https:\/\/blog.vida.at\/pensionisten\/wp-content\/uploads\/sites\/10\/2022\/07\/IMG_0508-600x600.jpg",600,600,true],"post-thumbnail":["https:\/\/blog.vida.at\/pensionisten\/wp-content\/uploads\/sites\/10\/2022\/07\/IMG_0508-1568x1045.jpg",1568,1045,true],"awb_sm":["https:\/\/blog.vida.at\/pensionisten\/wp-content\/uploads\/sites\/10\/2022\/07\/IMG_0508-500x333.jpg",500,333,true],"awb_md":["https:\/\/blog.vida.at\/pensionisten\/wp-content\/uploads\/sites\/10\/2022\/07\/IMG_0508-800x533.jpg",800,533,true],"awb_lg":["https:\/\/blog.vida.at\/pensionisten\/wp-content\/uploads\/sites\/10\/2022\/07\/IMG_0508-1280x853.jpg",1280,853,true],"awb_xl":["https:\/\/blog.vida.at\/pensionisten\/wp-content\/uploads\/sites\/10\/2022\/07\/IMG_0508-1920x1280.jpg",1920,1280,true]},"post_excerpt_stackable_v2":"<p>Josef Seiwald aus W\u00f6rgl feierte seinen 100. Geburtstag. Wir w\u00fcnschen dem Jubilar alles Gute und beste Gesundheit. Vor Kurzem feierte der W\u00f6rgler Josef Seiwald seinen 100. Geburtstag im Seniorenheim in W\u00f6rgl. Neben seiner Familie und dem B\u00fcrgermeister stellte sich nat\u00fcrlich auch eine kleine Abordnung der Gewerkschaft vida Ortsgruppe W\u00f6rgl ein, um dem Jubilar herzlich zu gratulieren. Josef Seiwald ist von Jugend auf ein &#8222;\u00d6BB-ler&#8220; und bis heute Mitglied unserer Gewerkschaftsbewegung. Wir w\u00fcnschen dir &#8222;Pepi&#8220; alles, alles Gute und beste Gesundheit! Regionsvorsitzender Werner Sp\u00f6ck (links im Bild), Jubilar Josef Seiwald (Bildmitte) und OG-Vorsitzender Helmut Pangrazzi (rechts im Bild)(c) vida\/Willi Maier<\/p>\n","category_list_v2":"<a href=\"https:\/\/blog.vida.at\/pensionisten\/category\/aktuelles\/\" rel=\"category tag\">Aktuelles<\/a>, <a href=\"https:\/\/blog.vida.at\/pensionisten\/category\/allgemein\/\" rel=\"category tag\">Allgemein<\/a>, <a href=\"https:\/\/blog.vida.at\/pensionisten\/category\/ortsgruppen\/\" rel=\"category tag\">Ortsgruppen<\/a>, <a href=\"https:\/\/blog.vida.at\/pensionisten\/category\/ortsgruppen\/tirol\/\" rel=\"category tag\">Tirol<\/a>, <a href=\"https:\/\/blog.vida.at\/pensionisten\/category\/top-aktuelles\/\" rel=\"category tag\">Top Aktuelles<\/a>","author_info_v2":{"name":"mariontobola","url":"https:\/\/blog.vida.at\/pensionisten\/author\/mariontobola\/"},"comments_num_v2":"0 comments","yoast_head":"<!-- This site is optimized with the Yoast SEO plugin v27.3 - https:\/\/yoast.com\/product\/yoast-seo-wordpress\/ -->\n<title>vida gratuliert<\/title>\n<meta name=\"robots\" content=\"index, follow, max-snippet:-1, max-image-preview:large, max-video-preview:-1\" \/>\n<link rel=\"canonical\" href=\"https:\/\/blog.vida.at\/pensionisten\/2022\/07\/08\/vida-gratuliert\/\" \/>\n<meta property=\"og:locale\" content=\"de_DE\" \/>\n<meta property=\"og:type\" content=\"article\" \/>\n<meta property=\"og:title\" content=\"vida gratuliert\" \/>\n<meta property=\"og:description\" content=\"Josef Seiwald aus W\u00f6rgl feierte seinen 100. Geburtstag. Wir w\u00fcnschen dem Jubilar alles Gute und beste Gesundheit.\" \/>\n<meta property=\"og:url\" content=\"https:\/\/blog.vida.at\/pensionisten\/2022\/07\/08\/vida-gratuliert\/\" \/>\n<meta property=\"og:site_name\" content=\"vida Pensionisten\" \/>\n<meta property=\"article:published_time\" content=\"2022-07-08T12:33:19+00:00\" \/>\n<meta property=\"article:modified_time\" content=\"2022-07-08T12:33:21+00:00\" \/>\n<meta property=\"og:image\" content=\"https:\/\/blog.vida.at\/pensionisten\/wp-content\/uploads\/sites\/10\/2022\/07\/IMG_0508-scaled.jpg\" \/>\n\t<meta property=\"og:image:width\" content=\"2560\" \/>\n\t<meta property=\"og:image:height\" content=\"1707\" \/>\n\t<meta property=\"og:image:type\" content=\"image\/jpeg\" \/>\n<meta name=\"author\" content=\"mariontobola\" \/>\n<meta name=\"twitter:card\" content=\"summary_large_image\" \/>\n<meta name=\"twitter:label1\" content=\"Verfasst von\" \/>\n\t<meta name=\"twitter:data1\" content=\"mariontobola\" \/>\n\t<meta name=\"twitter:label2\" content=\"Gesch\u00e4tzte Lesezeit\" \/>\n\t<meta name=\"twitter:data2\" content=\"1\u00a0Minute\" \/>\n<script type=\"application\/ld+json\" class=\"yoast-schema-graph\">{\"@context\":\"https:\\\/\\\/schema.org\",\"@graph\":[{\"@type\":\"Article\",\"@id\":\"https:\\\/\\\/blog.vida.at\\\/pensionisten\\\/2022\\\/07\\\/08\\\/vida-gratuliert\\\/#article\",\"isPartOf\":{\"@id\":\"https:\\\/\\\/blog.vida.at\\\/pensionisten\\\/2022\\\/07\\\/08\\\/vida-gratuliert\\\/\"},\"author\":{\"name\":\"mariontobola\",\"@id\":\"https:\\\/\\\/blog.vida.at\\\/pensionisten\\\/#\\\/schema\\\/person\\\/88cee3ee93b9afdc51c92f5f63f38b8a\"},\"headline\":\"vida gratuliert\",\"datePublished\":\"2022-07-08T12:33:19+00:00\",\"dateModified\":\"2022-07-08T12:33:21+00:00\",\"mainEntityOfPage\":{\"@id\":\"https:\\\/\\\/blog.vida.at\\\/pensionisten\\\/2022\\\/07\\\/08\\\/vida-gratuliert\\\/\"},\"wordCount\":110,\"commentCount\":0,\"image\":{\"@id\":\"https:\\\/\\\/blog.vida.at\\\/pensionisten\\\/2022\\\/07\\\/08\\\/vida-gratuliert\\\/#primaryimage\"},\"thumbnailUrl\":\"https:\\\/\\\/blog.vida.at\\\/pensionisten\\\/wp-content\\\/uploads\\\/sites\\\/10\\\/2022\\\/07\\\/IMG_0508-scaled.jpg\",\"articleSection\":{\"0\":\"Aktuelles\",\"2\":\"Ortsgruppen\",\"3\":\"Tirol\",\"4\":\"Top Aktuelles\"},\"inLanguage\":\"de\",\"potentialAction\":[{\"@type\":\"CommentAction\",\"name\":\"Comment\",\"target\":[\"https:\\\/\\\/blog.vida.at\\\/pensionisten\\\/2022\\\/07\\\/08\\\/vida-gratuliert\\\/#respond\"]}]},{\"@type\":\"WebPage\",\"@id\":\"https:\\\/\\\/blog.vida.at\\\/pensionisten\\\/2022\\\/07\\\/08\\\/vida-gratuliert\\\/\",\"url\":\"https:\\\/\\\/blog.vida.at\\\/pensionisten\\\/2022\\\/07\\\/08\\\/vida-gratuliert\\\/\",\"name\":\"vida gratuliert\",\"isPartOf\":{\"@id\":\"https:\\\/\\\/blog.vida.at\\\/pensionisten\\\/#website\"},\"primaryImageOfPage\":{\"@id\":\"https:\\\/\\\/blog.vida.at\\\/pensionisten\\\/2022\\\/07\\\/08\\\/vida-gratuliert\\\/#primaryimage\"},\"image\":{\"@id\":\"https:\\\/\\\/blog.vida.at\\\/pensionisten\\\/2022\\\/07\\\/08\\\/vida-gratuliert\\\/#primaryimage\"},\"thumbnailUrl\":\"https:\\\/\\\/blog.vida.at\\\/pensionisten\\\/wp-content\\\/uploads\\\/sites\\\/10\\\/2022\\\/07\\\/IMG_0508-scaled.jpg\",\"datePublished\":\"2022-07-08T12:33:19+00:00\",\"dateModified\":\"2022-07-08T12:33:21+00:00\",\"author\":{\"@id\":\"https:\\\/\\\/blog.vida.at\\\/pensionisten\\\/#\\\/schema\\\/person\\\/88cee3ee93b9afdc51c92f5f63f38b8a\"},\"breadcrumb\":{\"@id\":\"https:\\\/\\\/blog.vida.at\\\/pensionisten\\\/2022\\\/07\\\/08\\\/vida-gratuliert\\\/#breadcrumb\"},\"inLanguage\":\"de\",\"potentialAction\":[{\"@type\":\"ReadAction\",\"target\":[\"https:\\\/\\\/blog.vida.at\\\/pensionisten\\\/2022\\\/07\\\/08\\\/vida-gratuliert\\\/\"]}]},{\"@type\":\"ImageObject\",\"inLanguage\":\"de\",\"@id\":\"https:\\\/\\\/blog.vida.at\\\/pensionisten\\\/2022\\\/07\\\/08\\\/vida-gratuliert\\\/#primaryimage\",\"url\":\"https:\\\/\\\/blog.vida.at\\\/pensionisten\\\/wp-content\\\/uploads\\\/sites\\\/10\\\/2022\\\/07\\\/IMG_0508-scaled.jpg\",\"contentUrl\":\"https:\\\/\\\/blog.vida.at\\\/pensionisten\\\/wp-content\\\/uploads\\\/sites\\\/10\\\/2022\\\/07\\\/IMG_0508-scaled.jpg\",\"width\":2560,\"height\":1707},{\"@type\":\"BreadcrumbList\",\"@id\":\"https:\\\/\\\/blog.vida.at\\\/pensionisten\\\/2022\\\/07\\\/08\\\/vida-gratuliert\\\/#breadcrumb\",\"itemListElement\":[{\"@type\":\"ListItem\",\"position\":1,\"name\":\"Startseite\",\"item\":\"https:\\\/\\\/blog.vida.at\\\/pensionisten\\\/\"},{\"@type\":\"ListItem\",\"position\":2,\"name\":\"vida gratuliert\"}]},{\"@type\":\"WebSite\",\"@id\":\"https:\\\/\\\/blog.vida.at\\\/pensionisten\\\/#website\",\"url\":\"https:\\\/\\\/blog.vida.at\\\/pensionisten\\\/\",\"name\":\"vida Pensionisten\",\"description\":\"\",\"potentialAction\":[{\"@type\":\"SearchAction\",\"target\":{\"@type\":\"EntryPoint\",\"urlTemplate\":\"https:\\\/\\\/blog.vida.at\\\/pensionisten\\\/?s={search_term_string}\"},\"query-input\":{\"@type\":\"PropertyValueSpecification\",\"valueRequired\":true,\"valueName\":\"search_term_string\"}}],\"inLanguage\":\"de\"},{\"@type\":\"Person\",\"@id\":\"https:\\\/\\\/blog.vida.at\\\/pensionisten\\\/#\\\/schema\\\/person\\\/88cee3ee93b9afdc51c92f5f63f38b8a\",\"name\":\"mariontobola\",\"image\":{\"@type\":\"ImageObject\",\"inLanguage\":\"de\",\"@id\":\"https:\\\/\\\/secure.gravatar.com\\\/avatar\\\/5d2c516985e4eda61bca05bd3b4359b4358135bd1e1a5b08c539e9cd1edd6528?s=96&d=mm&r=g\",\"url\":\"https:\\\/\\\/secure.gravatar.com\\\/avatar\\\/5d2c516985e4eda61bca05bd3b4359b4358135bd1e1a5b08c539e9cd1edd6528?s=96&d=mm&r=g\",\"contentUrl\":\"https:\\\/\\\/secure.gravatar.com\\\/avatar\\\/5d2c516985e4eda61bca05bd3b4359b4358135bd1e1a5b08c539e9cd1edd6528?s=96&d=mm&r=g\",\"caption\":\"mariontobola\"},\"url\":\"https:\\\/\\\/blog.vida.at\\\/pensionisten\\\/author\\\/mariontobola\\\/\"}]}<\/script>\n<!-- \/ Yoast SEO plugin. -->","yoast_head_json":{"title":"vida gratuliert","robots":{"index":"index","follow":"follow","max-snippet":"max-snippet:-1","max-image-preview":"max-image-preview:large","max-video-preview":"max-video-preview:-1"},"canonical":"https:\/\/blog.vida.at\/pensionisten\/2022\/07\/08\/vida-gratuliert\/","og_locale":"de_DE","og_type":"article","og_title":"vida gratuliert","og_description":"Josef Seiwald aus W\u00f6rgl feierte seinen 100. Geburtstag. Wir w\u00fcnschen dem Jubilar alles Gute und beste Gesundheit.","og_url":"https:\/\/blog.vida.at\/pensionisten\/2022\/07\/08\/vida-gratuliert\/","og_site_name":"vida Pensionisten","article_published_time":"2022-07-08T12:33:19+00:00","article_modified_time":"2022-07-08T12:33:21+00:00","og_image":[{"width":2560,"height":1707,"url":"https:\/\/blog.vida.at\/pensionisten\/wp-content\/uploads\/sites\/10\/2022\/07\/IMG_0508-scaled.jpg","type":"image\/jpeg"}],"author":"mariontobola","twitter_card":"summary_large_image","twitter_misc":{"Verfasst von":"mariontobola","Gesch\u00e4tzte Lesezeit":"1\u00a0Minute"},"schema":{"@context":"https:\/\/schema.org","@graph":[{"@type":"Article","@id":"https:\/\/blog.vida.at\/pensionisten\/2022\/07\/08\/vida-gratuliert\/#article","isPartOf":{"@id":"https:\/\/blog.vida.at\/pensionisten\/2022\/07\/08\/vida-gratuliert\/"},"author":{"name":"mariontobola","@id":"https:\/\/blog.vida.at\/pensionisten\/#\/schema\/person\/88cee3ee93b9afdc51c92f5f63f38b8a"},"headline":"vida gratuliert","datePublished":"2022-07-08T12:33:19+00:00","dateModified":"2022-07-08T12:33:21+00:00","mainEntityOfPage":{"@id":"https:\/\/blog.vida.at\/pensionisten\/2022\/07\/08\/vida-gratuliert\/"},"wordCount":110,"commentCount":0,"image":{"@id":"https:\/\/blog.vida.at\/pensionisten\/2022\/07\/08\/vida-gratuliert\/#primaryimage"},"thumbnailUrl":"https:\/\/blog.vida.at\/pensionisten\/wp-content\/uploads\/sites\/10\/2022\/07\/IMG_0508-scaled.jpg","articleSection":{"0":"Aktuelles","2":"Ortsgruppen","3":"Tirol","4":"Top Aktuelles"},"inLanguage":"de","potentialAction":[{"@type":"CommentAction","name":"Comment","target":["https:\/\/blog.vida.at\/pensionisten\/2022\/07\/08\/vida-gratuliert\/#respond"]}]},{"@type":"WebPage","@id":"https:\/\/blog.vida.at\/pensionisten\/2022\/07\/08\/vida-gratuliert\/","url":"https:\/\/blog.vida.at\/pensionisten\/2022\/07\/08\/vida-gratuliert\/","name":"vida gratuliert","isPartOf":{"@id":"https:\/\/blog.vida.at\/pensionisten\/#website"},"primaryImageOfPage":{"@id":"https:\/\/blog.vida.at\/pensionisten\/2022\/07\/08\/vida-gratuliert\/#primaryimage"},"image":{"@id":"https:\/\/blog.vida.at\/pensionisten\/2022\/07\/08\/vida-gratuliert\/#primaryimage"},"thumbnailUrl":"https:\/\/blog.vida.at\/pensionisten\/wp-content\/uploads\/sites\/10\/2022\/07\/IMG_0508-scaled.jpg","datePublished":"2022-07-08T12:33:19+00:00","dateModified":"2022-07-08T12:33:21+00:00","author":{"@id":"https:\/\/blog.vida.at\/pensionisten\/#\/schema\/person\/88cee3ee93b9afdc51c92f5f63f38b8a"},"breadcrumb":{"@id":"https:\/\/blog.vida.at\/pensionisten\/2022\/07\/08\/vida-gratuliert\/#breadcrumb"},"inLanguage":"de","potentialAction":[{"@type":"ReadAction","target":["https:\/\/blog.vida.at\/pensionisten\/2022\/07\/08\/vida-gratuliert\/"]}]},{"@type":"ImageObject","inLanguage":"de","@id":"https:\/\/blog.vida.at\/pensionisten\/2022\/07\/08\/vida-gratuliert\/#primaryimage","url":"https:\/\/blog.vida.at\/pensionisten\/wp-content\/uploads\/sites\/10\/2022\/07\/IMG_0508-scaled.jpg","contentUrl":"https:\/\/blog.vida.at\/pensionisten\/wp-content\/uploads\/sites\/10\/2022\/07\/IMG_0508-scaled.jpg","width":2560,"height":1707},{"@type":"BreadcrumbList","@id":"https:\/\/blog.vida.at\/pensionisten\/2022\/07\/08\/vida-gratuliert\/#breadcrumb","itemListElement":[{"@type":"ListItem","position":1,"name":"Startseite","item":"https:\/\/blog.vida.at\/pensionisten\/"},{"@type":"ListItem","position":2,"name":"vida gratuliert"}]},{"@type":"WebSite","@id":"https:\/\/blog.vida.at\/pensionisten\/#website","url":"https:\/\/blog.vida.at\/pensionisten\/","name":"vida Pensionisten","description":"","potentialAction":[{"@type":"SearchAction","target":{"@type":"EntryPoint","urlTemplate":"https:\/\/blog.vida.at\/pensionisten\/?s={search_term_string}"},"query-input":{"@type":"PropertyValueSpecification","valueRequired":true,"valueName":"search_term_string"}}],"inLanguage":"de"},{"@type":"Person","@id":"https:\/\/blog.vida.at\/pensionisten\/#\/schema\/person\/88cee3ee93b9afdc51c92f5f63f38b8a","name":"mariontobola","image":{"@type":"ImageObject","inLanguage":"de","@id":"https:\/\/secure.gravatar.com\/avatar\/5d2c516985e4eda61bca05bd3b4359b4358135bd1e1a5b08c539e9cd1edd6528?s=96&d=mm&r=g","url":"https:\/\/secure.gravatar.com\/avatar\/5d2c516985e4eda61bca05bd3b4359b4358135bd1e1a5b08c539e9cd1edd6528?s=96&d=mm&r=g","contentUrl":"https:\/\/secure.gravatar.com\/avatar\/5d2c516985e4eda61bca05bd3b4359b4358135bd1e1a5b08c539e9cd1edd6528?s=96&d=mm&r=g","caption":"mariontobola"},"url":"https:\/\/blog.vida.at\/pensionisten\/author\/mariontobola\/"}]}},"author_meta":{"display_name":"mariontobola","author_link":"https:\/\/blog.vida.at\/pensionisten\/author\/mariontobola\/"},"featured_img":"https:\/\/blog.vida.at\/pensionisten\/wp-content\/uploads\/sites\/10\/2022\/07\/IMG_0508-300x200.jpg","featured_image_src":"https:\/\/blog.vida.at\/pensionisten\/wp-content\/uploads\/sites\/10\/2022\/07\/IMG_0508-600x400.jpg","featured_image_src_square":"https:\/\/blog.vida.at\/pensionisten\/wp-content\/uploads\/sites\/10\/2022\/07\/IMG_0508-600x600.jpg","uagb_featured_image_src":{"full":["https:\/\/blog.vida.at\/pensionisten\/wp-content\/uploads\/sites\/10\/2022\/07\/IMG_0508-scaled.jpg",2560,1707,false],"thumbnail":["https:\/\/blog.vida.at\/pensionisten\/wp-content\/uploads\/sites\/10\/2022\/07\/IMG_0508-150x150.jpg",150,150,true],"medium":["https:\/\/blog.vida.at\/pensionisten\/wp-content\/uploads\/sites\/10\/2022\/07\/IMG_0508-300x200.jpg",300,200,true],"medium_large":["https:\/\/blog.vida.at\/pensionisten\/wp-content\/uploads\/sites\/10\/2022\/07\/IMG_0508-768x512.jpg",640,427,true],"large":["https:\/\/blog.vida.at\/pensionisten\/wp-content\/uploads\/sites\/10\/2022\/07\/IMG_0508-1024x683.jpg",640,427,true],"1536x1536":["https:\/\/blog.vida.at\/pensionisten\/wp-content\/uploads\/sites\/10\/2022\/07\/IMG_0508-1536x1024.jpg",1536,1024,true],"2048x2048":["https:\/\/blog.vida.at\/pensionisten\/wp-content\/uploads\/sites\/10\/2022\/07\/IMG_0508-2048x1365.jpg",2048,1365,true],"ab-block-post-grid-landscape":["https:\/\/blog.vida.at\/pensionisten\/wp-content\/uploads\/sites\/10\/2022\/07\/IMG_0508-600x400.jpg",600,400,true],"ab-block-post-grid-square":["https:\/\/blog.vida.at\/pensionisten\/wp-content\/uploads\/sites\/10\/2022\/07\/IMG_0508-600x600.jpg",600,600,true],"post-thumbnail":["https:\/\/blog.vida.at\/pensionisten\/wp-content\/uploads\/sites\/10\/2022\/07\/IMG_0508-1568x1045.jpg",1568,1045,true],"awb_sm":["https:\/\/blog.vida.at\/pensionisten\/wp-content\/uploads\/sites\/10\/2022\/07\/IMG_0508-500x333.jpg",500,333,true],"awb_md":["https:\/\/blog.vida.at\/pensionisten\/wp-content\/uploads\/sites\/10\/2022\/07\/IMG_0508-800x533.jpg",800,533,true],"awb_lg":["https:\/\/blog.vida.at\/pensionisten\/wp-content\/uploads\/sites\/10\/2022\/07\/IMG_0508-1280x853.jpg",1280,853,true],"awb_xl":["https:\/\/blog.vida.at\/pensionisten\/wp-content\/uploads\/sites\/10\/2022\/07\/IMG_0508-1920x1280.jpg",1920,1280,true]},"uagb_author_info":{"display_name":"mariontobola","author_link":"https:\/\/blog.vida.at\/pensionisten\/author\/mariontobola\/"},"uagb_comment_info":0,"uagb_excerpt":"Josef Seiwald aus W\u00f6rgl feierte seinen 100. Geburtstag. Wir w\u00fcnschen dem Jubilar alles Gute und beste Gesundheit.","coauthors":[],"tax_additional":{"categories":{"linked":["<a href=\"https:\/\/blog.vida.at\/pensionisten\/category\/aktuelles\/\" class=\"advgb-post-tax-term\">Aktuelles<\/a>","<a href=\"https:\/\/blog.vida.at\/pensionisten\/category\/allgemein\/\" class=\"advgb-post-tax-term\">Allgemein<\/a>","<a href=\"https:\/\/blog.vida.at\/pensionisten\/category\/ortsgruppen\/\" class=\"advgb-post-tax-term\">Ortsgruppen<\/a>","<a href=\"https:\/\/blog.vida.at\/pensionisten\/category\/ortsgruppen\/tirol\/\" class=\"advgb-post-tax-term\">Tirol<\/a>","<a href=\"https:\/\/blog.vida.at\/pensionisten\/category\/top-aktuelles\/\" class=\"advgb-post-tax-term\">Top Aktuelles<\/a>"],"unlinked":["<span class=\"advgb-post-tax-term\">Aktuelles<\/span>","<span class=\"advgb-post-tax-term\">Allgemein<\/span>","<span class=\"advgb-post-tax-term\">Ortsgruppen<\/span>","<span class=\"advgb-post-tax-term\">Tirol<\/span>","<span class=\"advgb-post-tax-term\">Top Aktuelles<\/span>"]}},"comment_count":"0","relative_dates":{"created":"Ver\u00f6ffentlicht 4\u00a0Jahren vor","modified":"Aktualisiert 4\u00a0Jahren vor"},"absolute_dates":{"created":"Ver\u00f6ffentlicht am 8. Juli 2022","modified":"Aktualisiert am 8. Juli 2022"},"absolute_dates_time":{"created":"Ver\u00f6ffentlicht am 8. Juli 2022 14:33","modified":"Aktualisiert am 8. Juli 2022 14:33"},"featured_img_caption":"","series_order":"","_links":{"self":[{"href":"https:\/\/blog.vida.at\/pensionisten\/wp-json\/wp\/v2\/posts\/5034","targetHints":{"allow":["GET"]}}],"collection":[{"href":"https:\/\/blog.vida.at\/pensionisten\/wp-json\/wp\/v2\/posts"}],"about":[{"href":"https:\/\/blog.vida.at\/pensionisten\/wp-json\/wp\/v2\/types\/post"}],"author":[{"embeddable":true,"href":"https:\/\/blog.vida.at\/pensionisten\/wp-json\/wp\/v2\/users\/8"}],"replies":[{"embeddable":true,"href":"https:\/\/blog.vida.at\/pensionisten\/wp-json\/wp\/v2\/comments?post=5034"}],"version-history":[{"count":2,"href":"https:\/\/blog.vida.at\/pensionisten\/wp-json\/wp\/v2\/posts\/5034\/revisions"}],"predecessor-version":[{"id":5037,"href":"https:\/\/blog.vida.at\/pensionisten\/wp-json\/wp\/v2\/posts\/5034\/revisions\/5037"}],"wp:featuredmedia":[{"embeddable":true,"href":"https:\/\/blog.vida.at\/pensionisten\/wp-json\/wp\/v2\/media\/5035"}],"wp:attachment":[{"href":"https:\/\/blog.vida.at\/pensionisten\/wp-json\/wp\/v2\/media?parent=5034"}],"wp:term":[{"taxonomy":"category","embeddable":true,"href":"https:\/\/blog.vida.at\/pensionisten\/wp-json\/wp\/v2\/categories?post=5034"},{"taxonomy":"post_tag","embeddable":true,"href":"https:\/\/blog.vida.at\/pensionisten\/wp-json\/wp\/v2\/tags?post=5034"},{"taxonomy":"Orte","embeddable":true,"href":"https:\/\/blog.vida.at\/pensionisten\/wp-json\/wp\/v2\/Orte?post=5034"},{"taxonomy":"activitytype","embeddable":true,"href":"https:\/\/blog.vida.at\/pensionisten\/wp-json\/wp\/v2\/activitytype?post=5034"}],"curies":[{"name":"wp","href":"https:\/\/api.w.org\/{rel}","templated":true}]}}