
{"id":5211,"date":"2022-08-18T10:32:35","date_gmt":"2022-08-18T08:32:35","guid":{"rendered":"https:\/\/blog.vida.at\/pensionisten\/?p=5211"},"modified":"2022-08-18T10:37:25","modified_gmt":"2022-08-18T08:37:25","slug":"vidahoeren-zu-gast-im-laendle","status":"publish","type":"post","link":"https:\/\/blog.vida.at\/pensionisten\/2022\/08\/18\/vidahoeren-zu-gast-im-laendle\/","title":{"rendered":"vidaH\u00f6ren zu Gast im L\u00e4ndle"},"content":{"rendered":"\n<p><strong><strong><strong>Ernst Lerch, Vorsitzender der vida-PensionistInnen Vorarlberg, im Podcast-Gespr\u00e4ch.<\/strong><\/strong><\/strong><\/p>\n\n\n\n<br>\n\n\n\n<p>Wir begeben uns mit\u00a0<strong>&#8222;vidaH\u00f6ren&#8220;\u00a0<\/strong>auf L\u00e4ndertour durch \u00d6sterreich und geben den <strong>PensionistInnen<\/strong> eine <strong>starke Stimme<\/strong>. In dieser Episode machen wir Halt im L\u00e4ndle.<\/p>\n\n\n\n<!--more-->\n\n\n\n<p>Mit unserem Podcast fragen wir nach: Was bewegt die \u00e4ltere Generation in Vorarlberg? Wof\u00fcr macht sich die vida stark?\u00a0<strong>Warum zahlt es sich auch in der Pension aus, bei der Gewerkschaft Mitglied zu sein?\u00a0<\/strong>Die Antworten gibt es bei \u201evidaH\u00f6ren\u201c mit Ernst Lerch.\u00a0<\/p>\n\n\n\n<p class=\"has-text-align-center\"><a href=\"https:\/\/vidahoeren.simplecast.com\/episodes\/vidahoren-zu-gast-im-landle-starke-stimme-fur-pensionistinnen-o_gb9Zhu\"><strong>&gt;&gt;&gt; H\u00f6re hier die Podcast-Episode mit Ernst Lerch &lt;&lt;&lt;<\/strong><\/a><\/p>\n\n\n<div class=\"wp-block-image is-style-rounded\">\n<figure class=\"aligncenter size-large\"><img loading=\"lazy\" decoding=\"async\" width=\"1024\" height=\"682\" src=\"https:\/\/blog.vida.at\/pensionisten\/wp-content\/uploads\/sites\/10\/2022\/08\/ErnstLerch_vidaHoeren-1024x682.jpg\" alt=\"\" class=\"wp-image-5213\" srcset=\"https:\/\/blog.vida.at\/pensionisten\/wp-content\/uploads\/sites\/10\/2022\/08\/ErnstLerch_vidaHoeren-1024x682.jpg 1024w, https:\/\/blog.vida.at\/pensionisten\/wp-content\/uploads\/sites\/10\/2022\/08\/ErnstLerch_vidaHoeren-300x200.jpg 300w, https:\/\/blog.vida.at\/pensionisten\/wp-content\/uploads\/sites\/10\/2022\/08\/ErnstLerch_vidaHoeren-768x512.jpg 768w, https:\/\/blog.vida.at\/pensionisten\/wp-content\/uploads\/sites\/10\/2022\/08\/ErnstLerch_vidaHoeren-500x333.jpg 500w, https:\/\/blog.vida.at\/pensionisten\/wp-content\/uploads\/sites\/10\/2022\/08\/ErnstLerch_vidaHoeren-800x533.jpg 800w, https:\/\/blog.vida.at\/pensionisten\/wp-content\/uploads\/sites\/10\/2022\/08\/ErnstLerch_vidaHoeren-600x400.jpg 600w, https:\/\/blog.vida.at\/pensionisten\/wp-content\/uploads\/sites\/10\/2022\/08\/ErnstLerch_vidaHoeren.jpg 1079w\" sizes=\"auto, (max-width: 1024px) 100vw, 1024px\" \/><\/figure>\n<\/div>\n\n\n<p><\/p>\n\n\n\n<p class=\"has-text-align-center\"><strong><span style=\"color: #0073a8\" class=\"stk-highlight\">\u201eWir h\u00f6ren zu und k\u00fcmmern uns um die N\u00f6te der PensionistInnen in Vorarlberg. Wir bieten Service und Unterst\u00fctzung und machen das M\u00f6glichste f\u00fcr unsere Mitglieder. Jeden Tag jemandem helfen zu k\u00f6nnen, die leuchtenden Augen und die Zufriedenheit in den Gesichtern der Menschen, das motiviert, macht warm ums Herz und ist der sch\u00f6nste Erfolg f\u00fcr uns.\u201c<\/span><\/strong><\/p>\n\n\n\n<p class=\"has-text-align-center\"><span style=\"color: #0073a8\" class=\"stk-highlight\">Ernst Lerch, Landesvorsitzender vida-PensionistInnen Vorarlberg<\/span><\/p>\n\n\n\n<p><strong><span style=\"color: #f90505\" class=\"stk-highlight\">Steckbrief:<\/span><\/strong><\/p>\n\n\n\n<p><strong>Name:<\/strong>\u00a0Ernst Lerch<br><strong>Alter:<\/strong>\u00a068 Jahre<br><strong>Geburtsort:<\/strong>\u00a0N\u00fcziders, eine Gemeinde mit 5.000 EinwohnerInnen im sch\u00f6nen Vorarlberg<br><strong>Erlernter Beruf:<\/strong>\u00a0Elektromaschinenbauer und Lokf\u00fchrer<br><strong>Funktion in der vida:<\/strong>\u00a0<span style=\"color: #fb0000\" class=\"stk-highlight\"><strong>Landesvorsitzender vida PensionistInnen Vorarlberg<\/strong><\/span> und <a href=\"https:\/\/www.vida.at\/cms\/S03\/S03_27.3.a\/1463638629966\/ortsgruppen\/ortsgruppe-bludenz-pensionistinnen\">Vorsitzender der OG Bludenz<\/a><br><strong>Gewerkschaftsmitglied:\u00a0<\/strong>seit 1974<\/p>\n\n\n\n<p><\/p>\n\n\n\n<p><\/p>\n","protected":false},"excerpt":{"rendered":"<p>Ernst Lerch, Vorsitzender der vida-PensionistInnen Vorarlberg, im Podcast-Gespr\u00e4ch. Wir begeben uns mit\u00a0&#8222;vidaH\u00f6ren&#8220;\u00a0auf L\u00e4ndertour durch \u00d6sterreich und geben den PensionistInnen eine starke Stimme. In dieser Episode machen wir Halt im L\u00e4ndle.<\/p>\n","protected":false},"author":8,"featured_media":5213,"comment_status":"open","ping_status":"open","sticky":false,"template":"","format":"standard","meta":{"_uag_custom_page_level_css":"","advgb_blocks_editor_width":"","advgb_blocks_columns_visual_guide":"","footnotes":""},"categories":[4,1,32],"tags":[],"Orte":[],"activitytype":[],"class_list":["post-5211","post","type-post","status-publish","format-standard","has-post-thumbnail","hentry","category-aktuelles","category-allgemein","category-top-aktuelles","entry"],"featured_image_urls":{"full":["https:\/\/blog.vida.at\/pensionisten\/wp-content\/uploads\/sites\/10\/2022\/08\/ErnstLerch_vidaHoeren.jpg",1079,719,false],"thumbnail":["https:\/\/blog.vida.at\/pensionisten\/wp-content\/uploads\/sites\/10\/2022\/08\/ErnstLerch_vidaHoeren-150x150.jpg",150,150,true],"medium":["https:\/\/blog.vida.at\/pensionisten\/wp-content\/uploads\/sites\/10\/2022\/08\/ErnstLerch_vidaHoeren-300x200.jpg",300,200,true],"medium_large":["https:\/\/blog.vida.at\/pensionisten\/wp-content\/uploads\/sites\/10\/2022\/08\/ErnstLerch_vidaHoeren-768x512.jpg",640,427,true],"large":["https:\/\/blog.vida.at\/pensionisten\/wp-content\/uploads\/sites\/10\/2022\/08\/ErnstLerch_vidaHoeren-1024x682.jpg",640,426,true],"1536x1536":["https:\/\/blog.vida.at\/pensionisten\/wp-content\/uploads\/sites\/10\/2022\/08\/ErnstLerch_vidaHoeren.jpg",1079,719,false],"2048x2048":["https:\/\/blog.vida.at\/pensionisten\/wp-content\/uploads\/sites\/10\/2022\/08\/ErnstLerch_vidaHoeren.jpg",1079,719,false],"ab-block-post-grid-landscape":["https:\/\/blog.vida.at\/pensionisten\/wp-content\/uploads\/sites\/10\/2022\/08\/ErnstLerch_vidaHoeren-600x400.jpg",600,400,true],"ab-block-post-grid-square":["https:\/\/blog.vida.at\/pensionisten\/wp-content\/uploads\/sites\/10\/2022\/08\/ErnstLerch_vidaHoeren-600x600.jpg",600,600,true],"post-thumbnail":["https:\/\/blog.vida.at\/pensionisten\/wp-content\/uploads\/sites\/10\/2022\/08\/ErnstLerch_vidaHoeren.jpg",1079,719,false],"awb_sm":["https:\/\/blog.vida.at\/pensionisten\/wp-content\/uploads\/sites\/10\/2022\/08\/ErnstLerch_vidaHoeren-500x333.jpg",500,333,true],"awb_md":["https:\/\/blog.vida.at\/pensionisten\/wp-content\/uploads\/sites\/10\/2022\/08\/ErnstLerch_vidaHoeren-800x533.jpg",800,533,true],"awb_lg":["https:\/\/blog.vida.at\/pensionisten\/wp-content\/uploads\/sites\/10\/2022\/08\/ErnstLerch_vidaHoeren.jpg",1079,719,false],"awb_xl":["https:\/\/blog.vida.at\/pensionisten\/wp-content\/uploads\/sites\/10\/2022\/08\/ErnstLerch_vidaHoeren.jpg",1079,719,false]},"post_excerpt_stackable":"<p>Ernst Lerch, Vorsitzender der vida-PensionistInnen Vorarlberg, im Podcast-Gespr\u00e4ch. Wir begeben uns mit\u00a0&#8222;vidaH\u00f6ren&#8220;\u00a0auf L\u00e4ndertour durch \u00d6sterreich und geben den PensionistInnen eine starke Stimme. In dieser Episode machen wir Halt im L\u00e4ndle. Mit unserem Podcast fragen wir nach: Was bewegt die \u00e4ltere Generation in Vorarlberg? Wof\u00fcr macht sich die vida stark?\u00a0Warum zahlt es sich auch in der Pension aus, bei der Gewerkschaft Mitglied zu sein?\u00a0Die Antworten gibt es bei \u201evidaH\u00f6ren\u201c mit Ernst Lerch.\u00a0 &gt;&gt;&gt; H\u00f6re hier die Podcast-Episode mit Ernst Lerch &lt;&lt;&lt; \u201eWir h\u00f6ren zu und k\u00fcmmern uns um die N\u00f6te der PensionistInnen in Vorarlberg. Wir bieten Service und Unterst\u00fctzung und machen&hellip;<\/p>\n","category_list":"<a href=\"https:\/\/blog.vida.at\/pensionisten\/category\/aktuelles\/\" rel=\"category tag\">Aktuelles<\/a>, <a href=\"https:\/\/blog.vida.at\/pensionisten\/category\/allgemein\/\" rel=\"category tag\">Allgemein<\/a>, <a href=\"https:\/\/blog.vida.at\/pensionisten\/category\/top-aktuelles\/\" rel=\"category tag\">Top Aktuelles<\/a>","author_info":{"display_name":"mariontobola","author_link":"https:\/\/blog.vida.at\/pensionisten\/author\/mariontobola\/"},"comments_num":"0 comments","featured_image_urls_v2":{"full":["https:\/\/blog.vida.at\/pensionisten\/wp-content\/uploads\/sites\/10\/2022\/08\/ErnstLerch_vidaHoeren.jpg",1079,719,false],"thumbnail":["https:\/\/blog.vida.at\/pensionisten\/wp-content\/uploads\/sites\/10\/2022\/08\/ErnstLerch_vidaHoeren-150x150.jpg",150,150,true],"medium":["https:\/\/blog.vida.at\/pensionisten\/wp-content\/uploads\/sites\/10\/2022\/08\/ErnstLerch_vidaHoeren-300x200.jpg",300,200,true],"medium_large":["https:\/\/blog.vida.at\/pensionisten\/wp-content\/uploads\/sites\/10\/2022\/08\/ErnstLerch_vidaHoeren-768x512.jpg",640,427,true],"large":["https:\/\/blog.vida.at\/pensionisten\/wp-content\/uploads\/sites\/10\/2022\/08\/ErnstLerch_vidaHoeren-1024x682.jpg",640,426,true],"1536x1536":["https:\/\/blog.vida.at\/pensionisten\/wp-content\/uploads\/sites\/10\/2022\/08\/ErnstLerch_vidaHoeren.jpg",1079,719,false],"2048x2048":["https:\/\/blog.vida.at\/pensionisten\/wp-content\/uploads\/sites\/10\/2022\/08\/ErnstLerch_vidaHoeren.jpg",1079,719,false],"ab-block-post-grid-landscape":["https:\/\/blog.vida.at\/pensionisten\/wp-content\/uploads\/sites\/10\/2022\/08\/ErnstLerch_vidaHoeren-600x400.jpg",600,400,true],"ab-block-post-grid-square":["https:\/\/blog.vida.at\/pensionisten\/wp-content\/uploads\/sites\/10\/2022\/08\/ErnstLerch_vidaHoeren-600x600.jpg",600,600,true],"post-thumbnail":["https:\/\/blog.vida.at\/pensionisten\/wp-content\/uploads\/sites\/10\/2022\/08\/ErnstLerch_vidaHoeren.jpg",1079,719,false],"awb_sm":["https:\/\/blog.vida.at\/pensionisten\/wp-content\/uploads\/sites\/10\/2022\/08\/ErnstLerch_vidaHoeren-500x333.jpg",500,333,true],"awb_md":["https:\/\/blog.vida.at\/pensionisten\/wp-content\/uploads\/sites\/10\/2022\/08\/ErnstLerch_vidaHoeren-800x533.jpg",800,533,true],"awb_lg":["https:\/\/blog.vida.at\/pensionisten\/wp-content\/uploads\/sites\/10\/2022\/08\/ErnstLerch_vidaHoeren.jpg",1079,719,false],"awb_xl":["https:\/\/blog.vida.at\/pensionisten\/wp-content\/uploads\/sites\/10\/2022\/08\/ErnstLerch_vidaHoeren.jpg",1079,719,false]},"post_excerpt_stackable_v2":"<p>Ernst Lerch, Vorsitzender der vida-PensionistInnen Vorarlberg, im Podcast-Gespr\u00e4ch. Wir begeben uns mit\u00a0&#8222;vidaH\u00f6ren&#8220;\u00a0auf L\u00e4ndertour durch \u00d6sterreich und geben den PensionistInnen eine starke Stimme. In dieser Episode machen wir Halt im L\u00e4ndle. Mit unserem Podcast fragen wir nach: Was bewegt die \u00e4ltere Generation in Vorarlberg? Wof\u00fcr macht sich die vida stark?\u00a0Warum zahlt es sich auch in der Pension aus, bei der Gewerkschaft Mitglied zu sein?\u00a0Die Antworten gibt es bei \u201evidaH\u00f6ren\u201c mit Ernst Lerch.\u00a0 &gt;&gt;&gt; H\u00f6re hier die Podcast-Episode mit Ernst Lerch &lt;&lt;&lt; \u201eWir h\u00f6ren zu und k\u00fcmmern uns um die N\u00f6te der PensionistInnen in Vorarlberg. Wir bieten Service und Unterst\u00fctzung und machen&hellip;<\/p>\n","category_list_v2":"<a href=\"https:\/\/blog.vida.at\/pensionisten\/category\/aktuelles\/\" rel=\"category tag\">Aktuelles<\/a>, <a href=\"https:\/\/blog.vida.at\/pensionisten\/category\/allgemein\/\" rel=\"category tag\">Allgemein<\/a>, <a href=\"https:\/\/blog.vida.at\/pensionisten\/category\/top-aktuelles\/\" rel=\"category tag\">Top Aktuelles<\/a>","author_info_v2":{"name":"mariontobola","url":"https:\/\/blog.vida.at\/pensionisten\/author\/mariontobola\/"},"comments_num_v2":"0 comments","yoast_head":"<!-- This site is optimized with the Yoast SEO plugin v27.3 - https:\/\/yoast.com\/product\/yoast-seo-wordpress\/ -->\n<title>vidaH\u00f6ren zu Gast im L\u00e4ndle<\/title>\n<meta name=\"robots\" content=\"index, follow, max-snippet:-1, max-image-preview:large, max-video-preview:-1\" \/>\n<link rel=\"canonical\" href=\"https:\/\/blog.vida.at\/pensionisten\/2022\/08\/18\/vidahoeren-zu-gast-im-laendle\/\" \/>\n<meta property=\"og:locale\" content=\"de_DE\" \/>\n<meta property=\"og:type\" content=\"article\" \/>\n<meta property=\"og:title\" content=\"vidaH\u00f6ren zu Gast im L\u00e4ndle\" \/>\n<meta property=\"og:description\" content=\"Ernst Lerch, Vorsitzender der vida-PensionistInnen Vorarlberg, im Podcast-Gespr\u00e4ch. Wir begeben uns mit\u00a0&#8222;vidaH\u00f6ren&#8220;\u00a0auf L\u00e4ndertour durch \u00d6sterreich und geben den PensionistInnen eine starke Stimme. In dieser Episode machen wir Halt im L\u00e4ndle.\" \/>\n<meta property=\"og:url\" content=\"https:\/\/blog.vida.at\/pensionisten\/2022\/08\/18\/vidahoeren-zu-gast-im-laendle\/\" \/>\n<meta property=\"og:site_name\" content=\"vida Pensionisten\" \/>\n<meta property=\"article:published_time\" content=\"2022-08-18T08:32:35+00:00\" \/>\n<meta property=\"article:modified_time\" content=\"2022-08-18T08:37:25+00:00\" \/>\n<meta property=\"og:image\" content=\"https:\/\/blog.vida.at\/pensionisten\/wp-content\/uploads\/sites\/10\/2022\/08\/ErnstLerch_vidaHoeren.jpg\" \/>\n\t<meta property=\"og:image:width\" content=\"1079\" \/>\n\t<meta property=\"og:image:height\" content=\"719\" \/>\n\t<meta property=\"og:image:type\" content=\"image\/jpeg\" \/>\n<meta name=\"author\" content=\"mariontobola\" \/>\n<meta name=\"twitter:card\" content=\"summary_large_image\" \/>\n<meta name=\"twitter:label1\" content=\"Verfasst von\" \/>\n\t<meta name=\"twitter:data1\" content=\"mariontobola\" \/>\n\t<meta name=\"twitter:label2\" content=\"Gesch\u00e4tzte Lesezeit\" \/>\n\t<meta name=\"twitter:data2\" content=\"2\u00a0Minuten\" \/>\n<script type=\"application\/ld+json\" class=\"yoast-schema-graph\">{\"@context\":\"https:\\\/\\\/schema.org\",\"@graph\":[{\"@type\":\"Article\",\"@id\":\"https:\\\/\\\/blog.vida.at\\\/pensionisten\\\/2022\\\/08\\\/18\\\/vidahoeren-zu-gast-im-laendle\\\/#article\",\"isPartOf\":{\"@id\":\"https:\\\/\\\/blog.vida.at\\\/pensionisten\\\/2022\\\/08\\\/18\\\/vidahoeren-zu-gast-im-laendle\\\/\"},\"author\":{\"name\":\"mariontobola\",\"@id\":\"https:\\\/\\\/blog.vida.at\\\/pensionisten\\\/#\\\/schema\\\/person\\\/88cee3ee93b9afdc51c92f5f63f38b8a\"},\"headline\":\"vidaH\u00f6ren zu Gast im L\u00e4ndle\",\"datePublished\":\"2022-08-18T08:32:35+00:00\",\"dateModified\":\"2022-08-18T08:37:25+00:00\",\"mainEntityOfPage\":{\"@id\":\"https:\\\/\\\/blog.vida.at\\\/pensionisten\\\/2022\\\/08\\\/18\\\/vidahoeren-zu-gast-im-laendle\\\/\"},\"wordCount\":209,\"commentCount\":0,\"image\":{\"@id\":\"https:\\\/\\\/blog.vida.at\\\/pensionisten\\\/2022\\\/08\\\/18\\\/vidahoeren-zu-gast-im-laendle\\\/#primaryimage\"},\"thumbnailUrl\":\"https:\\\/\\\/blog.vida.at\\\/pensionisten\\\/wp-content\\\/uploads\\\/sites\\\/10\\\/2022\\\/08\\\/ErnstLerch_vidaHoeren.jpg\",\"articleSection\":{\"0\":\"Aktuelles\",\"2\":\"Top Aktuelles\"},\"inLanguage\":\"de\",\"potentialAction\":[{\"@type\":\"CommentAction\",\"name\":\"Comment\",\"target\":[\"https:\\\/\\\/blog.vida.at\\\/pensionisten\\\/2022\\\/08\\\/18\\\/vidahoeren-zu-gast-im-laendle\\\/#respond\"]}]},{\"@type\":\"WebPage\",\"@id\":\"https:\\\/\\\/blog.vida.at\\\/pensionisten\\\/2022\\\/08\\\/18\\\/vidahoeren-zu-gast-im-laendle\\\/\",\"url\":\"https:\\\/\\\/blog.vida.at\\\/pensionisten\\\/2022\\\/08\\\/18\\\/vidahoeren-zu-gast-im-laendle\\\/\",\"name\":\"vidaH\u00f6ren zu Gast im L\u00e4ndle\",\"isPartOf\":{\"@id\":\"https:\\\/\\\/blog.vida.at\\\/pensionisten\\\/#website\"},\"primaryImageOfPage\":{\"@id\":\"https:\\\/\\\/blog.vida.at\\\/pensionisten\\\/2022\\\/08\\\/18\\\/vidahoeren-zu-gast-im-laendle\\\/#primaryimage\"},\"image\":{\"@id\":\"https:\\\/\\\/blog.vida.at\\\/pensionisten\\\/2022\\\/08\\\/18\\\/vidahoeren-zu-gast-im-laendle\\\/#primaryimage\"},\"thumbnailUrl\":\"https:\\\/\\\/blog.vida.at\\\/pensionisten\\\/wp-content\\\/uploads\\\/sites\\\/10\\\/2022\\\/08\\\/ErnstLerch_vidaHoeren.jpg\",\"datePublished\":\"2022-08-18T08:32:35+00:00\",\"dateModified\":\"2022-08-18T08:37:25+00:00\",\"author\":{\"@id\":\"https:\\\/\\\/blog.vida.at\\\/pensionisten\\\/#\\\/schema\\\/person\\\/88cee3ee93b9afdc51c92f5f63f38b8a\"},\"breadcrumb\":{\"@id\":\"https:\\\/\\\/blog.vida.at\\\/pensionisten\\\/2022\\\/08\\\/18\\\/vidahoeren-zu-gast-im-laendle\\\/#breadcrumb\"},\"inLanguage\":\"de\",\"potentialAction\":[{\"@type\":\"ReadAction\",\"target\":[\"https:\\\/\\\/blog.vida.at\\\/pensionisten\\\/2022\\\/08\\\/18\\\/vidahoeren-zu-gast-im-laendle\\\/\"]}]},{\"@type\":\"ImageObject\",\"inLanguage\":\"de\",\"@id\":\"https:\\\/\\\/blog.vida.at\\\/pensionisten\\\/2022\\\/08\\\/18\\\/vidahoeren-zu-gast-im-laendle\\\/#primaryimage\",\"url\":\"https:\\\/\\\/blog.vida.at\\\/pensionisten\\\/wp-content\\\/uploads\\\/sites\\\/10\\\/2022\\\/08\\\/ErnstLerch_vidaHoeren.jpg\",\"contentUrl\":\"https:\\\/\\\/blog.vida.at\\\/pensionisten\\\/wp-content\\\/uploads\\\/sites\\\/10\\\/2022\\\/08\\\/ErnstLerch_vidaHoeren.jpg\",\"width\":1079,\"height\":719},{\"@type\":\"BreadcrumbList\",\"@id\":\"https:\\\/\\\/blog.vida.at\\\/pensionisten\\\/2022\\\/08\\\/18\\\/vidahoeren-zu-gast-im-laendle\\\/#breadcrumb\",\"itemListElement\":[{\"@type\":\"ListItem\",\"position\":1,\"name\":\"Startseite\",\"item\":\"https:\\\/\\\/blog.vida.at\\\/pensionisten\\\/\"},{\"@type\":\"ListItem\",\"position\":2,\"name\":\"vidaH\u00f6ren zu Gast im L\u00e4ndle\"}]},{\"@type\":\"WebSite\",\"@id\":\"https:\\\/\\\/blog.vida.at\\\/pensionisten\\\/#website\",\"url\":\"https:\\\/\\\/blog.vida.at\\\/pensionisten\\\/\",\"name\":\"vida Pensionisten\",\"description\":\"\",\"potentialAction\":[{\"@type\":\"SearchAction\",\"target\":{\"@type\":\"EntryPoint\",\"urlTemplate\":\"https:\\\/\\\/blog.vida.at\\\/pensionisten\\\/?s={search_term_string}\"},\"query-input\":{\"@type\":\"PropertyValueSpecification\",\"valueRequired\":true,\"valueName\":\"search_term_string\"}}],\"inLanguage\":\"de\"},{\"@type\":\"Person\",\"@id\":\"https:\\\/\\\/blog.vida.at\\\/pensionisten\\\/#\\\/schema\\\/person\\\/88cee3ee93b9afdc51c92f5f63f38b8a\",\"name\":\"mariontobola\",\"image\":{\"@type\":\"ImageObject\",\"inLanguage\":\"de\",\"@id\":\"https:\\\/\\\/secure.gravatar.com\\\/avatar\\\/5d2c516985e4eda61bca05bd3b4359b4358135bd1e1a5b08c539e9cd1edd6528?s=96&d=mm&r=g\",\"url\":\"https:\\\/\\\/secure.gravatar.com\\\/avatar\\\/5d2c516985e4eda61bca05bd3b4359b4358135bd1e1a5b08c539e9cd1edd6528?s=96&d=mm&r=g\",\"contentUrl\":\"https:\\\/\\\/secure.gravatar.com\\\/avatar\\\/5d2c516985e4eda61bca05bd3b4359b4358135bd1e1a5b08c539e9cd1edd6528?s=96&d=mm&r=g\",\"caption\":\"mariontobola\"},\"url\":\"https:\\\/\\\/blog.vida.at\\\/pensionisten\\\/author\\\/mariontobola\\\/\"}]}<\/script>\n<!-- \/ Yoast SEO plugin. -->","yoast_head_json":{"title":"vidaH\u00f6ren zu Gast im L\u00e4ndle","robots":{"index":"index","follow":"follow","max-snippet":"max-snippet:-1","max-image-preview":"max-image-preview:large","max-video-preview":"max-video-preview:-1"},"canonical":"https:\/\/blog.vida.at\/pensionisten\/2022\/08\/18\/vidahoeren-zu-gast-im-laendle\/","og_locale":"de_DE","og_type":"article","og_title":"vidaH\u00f6ren zu Gast im L\u00e4ndle","og_description":"Ernst Lerch, Vorsitzender der vida-PensionistInnen Vorarlberg, im Podcast-Gespr\u00e4ch. Wir begeben uns mit\u00a0&#8222;vidaH\u00f6ren&#8220;\u00a0auf L\u00e4ndertour durch \u00d6sterreich und geben den PensionistInnen eine starke Stimme. In dieser Episode machen wir Halt im L\u00e4ndle.","og_url":"https:\/\/blog.vida.at\/pensionisten\/2022\/08\/18\/vidahoeren-zu-gast-im-laendle\/","og_site_name":"vida Pensionisten","article_published_time":"2022-08-18T08:32:35+00:00","article_modified_time":"2022-08-18T08:37:25+00:00","og_image":[{"width":1079,"height":719,"url":"https:\/\/blog.vida.at\/pensionisten\/wp-content\/uploads\/sites\/10\/2022\/08\/ErnstLerch_vidaHoeren.jpg","type":"image\/jpeg"}],"author":"mariontobola","twitter_card":"summary_large_image","twitter_misc":{"Verfasst von":"mariontobola","Gesch\u00e4tzte Lesezeit":"2\u00a0Minuten"},"schema":{"@context":"https:\/\/schema.org","@graph":[{"@type":"Article","@id":"https:\/\/blog.vida.at\/pensionisten\/2022\/08\/18\/vidahoeren-zu-gast-im-laendle\/#article","isPartOf":{"@id":"https:\/\/blog.vida.at\/pensionisten\/2022\/08\/18\/vidahoeren-zu-gast-im-laendle\/"},"author":{"name":"mariontobola","@id":"https:\/\/blog.vida.at\/pensionisten\/#\/schema\/person\/88cee3ee93b9afdc51c92f5f63f38b8a"},"headline":"vidaH\u00f6ren zu Gast im L\u00e4ndle","datePublished":"2022-08-18T08:32:35+00:00","dateModified":"2022-08-18T08:37:25+00:00","mainEntityOfPage":{"@id":"https:\/\/blog.vida.at\/pensionisten\/2022\/08\/18\/vidahoeren-zu-gast-im-laendle\/"},"wordCount":209,"commentCount":0,"image":{"@id":"https:\/\/blog.vida.at\/pensionisten\/2022\/08\/18\/vidahoeren-zu-gast-im-laendle\/#primaryimage"},"thumbnailUrl":"https:\/\/blog.vida.at\/pensionisten\/wp-content\/uploads\/sites\/10\/2022\/08\/ErnstLerch_vidaHoeren.jpg","articleSection":{"0":"Aktuelles","2":"Top Aktuelles"},"inLanguage":"de","potentialAction":[{"@type":"CommentAction","name":"Comment","target":["https:\/\/blog.vida.at\/pensionisten\/2022\/08\/18\/vidahoeren-zu-gast-im-laendle\/#respond"]}]},{"@type":"WebPage","@id":"https:\/\/blog.vida.at\/pensionisten\/2022\/08\/18\/vidahoeren-zu-gast-im-laendle\/","url":"https:\/\/blog.vida.at\/pensionisten\/2022\/08\/18\/vidahoeren-zu-gast-im-laendle\/","name":"vidaH\u00f6ren zu Gast im L\u00e4ndle","isPartOf":{"@id":"https:\/\/blog.vida.at\/pensionisten\/#website"},"primaryImageOfPage":{"@id":"https:\/\/blog.vida.at\/pensionisten\/2022\/08\/18\/vidahoeren-zu-gast-im-laendle\/#primaryimage"},"image":{"@id":"https:\/\/blog.vida.at\/pensionisten\/2022\/08\/18\/vidahoeren-zu-gast-im-laendle\/#primaryimage"},"thumbnailUrl":"https:\/\/blog.vida.at\/pensionisten\/wp-content\/uploads\/sites\/10\/2022\/08\/ErnstLerch_vidaHoeren.jpg","datePublished":"2022-08-18T08:32:35+00:00","dateModified":"2022-08-18T08:37:25+00:00","author":{"@id":"https:\/\/blog.vida.at\/pensionisten\/#\/schema\/person\/88cee3ee93b9afdc51c92f5f63f38b8a"},"breadcrumb":{"@id":"https:\/\/blog.vida.at\/pensionisten\/2022\/08\/18\/vidahoeren-zu-gast-im-laendle\/#breadcrumb"},"inLanguage":"de","potentialAction":[{"@type":"ReadAction","target":["https:\/\/blog.vida.at\/pensionisten\/2022\/08\/18\/vidahoeren-zu-gast-im-laendle\/"]}]},{"@type":"ImageObject","inLanguage":"de","@id":"https:\/\/blog.vida.at\/pensionisten\/2022\/08\/18\/vidahoeren-zu-gast-im-laendle\/#primaryimage","url":"https:\/\/blog.vida.at\/pensionisten\/wp-content\/uploads\/sites\/10\/2022\/08\/ErnstLerch_vidaHoeren.jpg","contentUrl":"https:\/\/blog.vida.at\/pensionisten\/wp-content\/uploads\/sites\/10\/2022\/08\/ErnstLerch_vidaHoeren.jpg","width":1079,"height":719},{"@type":"BreadcrumbList","@id":"https:\/\/blog.vida.at\/pensionisten\/2022\/08\/18\/vidahoeren-zu-gast-im-laendle\/#breadcrumb","itemListElement":[{"@type":"ListItem","position":1,"name":"Startseite","item":"https:\/\/blog.vida.at\/pensionisten\/"},{"@type":"ListItem","position":2,"name":"vidaH\u00f6ren zu Gast im L\u00e4ndle"}]},{"@type":"WebSite","@id":"https:\/\/blog.vida.at\/pensionisten\/#website","url":"https:\/\/blog.vida.at\/pensionisten\/","name":"vida Pensionisten","description":"","potentialAction":[{"@type":"SearchAction","target":{"@type":"EntryPoint","urlTemplate":"https:\/\/blog.vida.at\/pensionisten\/?s={search_term_string}"},"query-input":{"@type":"PropertyValueSpecification","valueRequired":true,"valueName":"search_term_string"}}],"inLanguage":"de"},{"@type":"Person","@id":"https:\/\/blog.vida.at\/pensionisten\/#\/schema\/person\/88cee3ee93b9afdc51c92f5f63f38b8a","name":"mariontobola","image":{"@type":"ImageObject","inLanguage":"de","@id":"https:\/\/secure.gravatar.com\/avatar\/5d2c516985e4eda61bca05bd3b4359b4358135bd1e1a5b08c539e9cd1edd6528?s=96&d=mm&r=g","url":"https:\/\/secure.gravatar.com\/avatar\/5d2c516985e4eda61bca05bd3b4359b4358135bd1e1a5b08c539e9cd1edd6528?s=96&d=mm&r=g","contentUrl":"https:\/\/secure.gravatar.com\/avatar\/5d2c516985e4eda61bca05bd3b4359b4358135bd1e1a5b08c539e9cd1edd6528?s=96&d=mm&r=g","caption":"mariontobola"},"url":"https:\/\/blog.vida.at\/pensionisten\/author\/mariontobola\/"}]}},"author_meta":{"display_name":"mariontobola","author_link":"https:\/\/blog.vida.at\/pensionisten\/author\/mariontobola\/"},"featured_img":"https:\/\/blog.vida.at\/pensionisten\/wp-content\/uploads\/sites\/10\/2022\/08\/ErnstLerch_vidaHoeren-300x200.jpg","featured_image_src":"https:\/\/blog.vida.at\/pensionisten\/wp-content\/uploads\/sites\/10\/2022\/08\/ErnstLerch_vidaHoeren-600x400.jpg","featured_image_src_square":"https:\/\/blog.vida.at\/pensionisten\/wp-content\/uploads\/sites\/10\/2022\/08\/ErnstLerch_vidaHoeren-600x600.jpg","uagb_featured_image_src":{"full":["https:\/\/blog.vida.at\/pensionisten\/wp-content\/uploads\/sites\/10\/2022\/08\/ErnstLerch_vidaHoeren.jpg",1079,719,false],"thumbnail":["https:\/\/blog.vida.at\/pensionisten\/wp-content\/uploads\/sites\/10\/2022\/08\/ErnstLerch_vidaHoeren-150x150.jpg",150,150,true],"medium":["https:\/\/blog.vida.at\/pensionisten\/wp-content\/uploads\/sites\/10\/2022\/08\/ErnstLerch_vidaHoeren-300x200.jpg",300,200,true],"medium_large":["https:\/\/blog.vida.at\/pensionisten\/wp-content\/uploads\/sites\/10\/2022\/08\/ErnstLerch_vidaHoeren-768x512.jpg",640,427,true],"large":["https:\/\/blog.vida.at\/pensionisten\/wp-content\/uploads\/sites\/10\/2022\/08\/ErnstLerch_vidaHoeren-1024x682.jpg",640,426,true],"1536x1536":["https:\/\/blog.vida.at\/pensionisten\/wp-content\/uploads\/sites\/10\/2022\/08\/ErnstLerch_vidaHoeren.jpg",1079,719,false],"2048x2048":["https:\/\/blog.vida.at\/pensionisten\/wp-content\/uploads\/sites\/10\/2022\/08\/ErnstLerch_vidaHoeren.jpg",1079,719,false],"ab-block-post-grid-landscape":["https:\/\/blog.vida.at\/pensionisten\/wp-content\/uploads\/sites\/10\/2022\/08\/ErnstLerch_vidaHoeren-600x400.jpg",600,400,true],"ab-block-post-grid-square":["https:\/\/blog.vida.at\/pensionisten\/wp-content\/uploads\/sites\/10\/2022\/08\/ErnstLerch_vidaHoeren-600x600.jpg",600,600,true],"post-thumbnail":["https:\/\/blog.vida.at\/pensionisten\/wp-content\/uploads\/sites\/10\/2022\/08\/ErnstLerch_vidaHoeren.jpg",1079,719,false],"awb_sm":["https:\/\/blog.vida.at\/pensionisten\/wp-content\/uploads\/sites\/10\/2022\/08\/ErnstLerch_vidaHoeren-500x333.jpg",500,333,true],"awb_md":["https:\/\/blog.vida.at\/pensionisten\/wp-content\/uploads\/sites\/10\/2022\/08\/ErnstLerch_vidaHoeren-800x533.jpg",800,533,true],"awb_lg":["https:\/\/blog.vida.at\/pensionisten\/wp-content\/uploads\/sites\/10\/2022\/08\/ErnstLerch_vidaHoeren.jpg",1079,719,false],"awb_xl":["https:\/\/blog.vida.at\/pensionisten\/wp-content\/uploads\/sites\/10\/2022\/08\/ErnstLerch_vidaHoeren.jpg",1079,719,false]},"uagb_author_info":{"display_name":"mariontobola","author_link":"https:\/\/blog.vida.at\/pensionisten\/author\/mariontobola\/"},"uagb_comment_info":0,"uagb_excerpt":"Ernst Lerch, Vorsitzender der vida-PensionistInnen Vorarlberg, im Podcast-Gespr\u00e4ch. Wir begeben uns mit\u00a0&#8222;vidaH\u00f6ren&#8220;\u00a0auf L\u00e4ndertour durch \u00d6sterreich und geben den PensionistInnen eine starke Stimme. In dieser Episode machen wir Halt im L\u00e4ndle.","coauthors":[],"tax_additional":{"categories":{"linked":["<a href=\"https:\/\/blog.vida.at\/pensionisten\/category\/aktuelles\/\" class=\"advgb-post-tax-term\">Aktuelles<\/a>","<a href=\"https:\/\/blog.vida.at\/pensionisten\/category\/allgemein\/\" class=\"advgb-post-tax-term\">Allgemein<\/a>","<a href=\"https:\/\/blog.vida.at\/pensionisten\/category\/top-aktuelles\/\" class=\"advgb-post-tax-term\">Top Aktuelles<\/a>"],"unlinked":["<span class=\"advgb-post-tax-term\">Aktuelles<\/span>","<span class=\"advgb-post-tax-term\">Allgemein<\/span>","<span class=\"advgb-post-tax-term\">Top Aktuelles<\/span>"]}},"comment_count":"0","relative_dates":{"created":"Ver\u00f6ffentlicht 4\u00a0Jahren vor","modified":"Aktualisiert 4\u00a0Jahren vor"},"absolute_dates":{"created":"Ver\u00f6ffentlicht am 18. August 2022","modified":"Aktualisiert am 18. August 2022"},"absolute_dates_time":{"created":"Ver\u00f6ffentlicht am 18. August 2022 10:32","modified":"Aktualisiert am 18. August 2022 10:37"},"featured_img_caption":"","series_order":"","_links":{"self":[{"href":"https:\/\/blog.vida.at\/pensionisten\/wp-json\/wp\/v2\/posts\/5211","targetHints":{"allow":["GET"]}}],"collection":[{"href":"https:\/\/blog.vida.at\/pensionisten\/wp-json\/wp\/v2\/posts"}],"about":[{"href":"https:\/\/blog.vida.at\/pensionisten\/wp-json\/wp\/v2\/types\/post"}],"author":[{"embeddable":true,"href":"https:\/\/blog.vida.at\/pensionisten\/wp-json\/wp\/v2\/users\/8"}],"replies":[{"embeddable":true,"href":"https:\/\/blog.vida.at\/pensionisten\/wp-json\/wp\/v2\/comments?post=5211"}],"version-history":[{"count":8,"href":"https:\/\/blog.vida.at\/pensionisten\/wp-json\/wp\/v2\/posts\/5211\/revisions"}],"predecessor-version":[{"id":5223,"href":"https:\/\/blog.vida.at\/pensionisten\/wp-json\/wp\/v2\/posts\/5211\/revisions\/5223"}],"wp:featuredmedia":[{"embeddable":true,"href":"https:\/\/blog.vida.at\/pensionisten\/wp-json\/wp\/v2\/media\/5213"}],"wp:attachment":[{"href":"https:\/\/blog.vida.at\/pensionisten\/wp-json\/wp\/v2\/media?parent=5211"}],"wp:term":[{"taxonomy":"category","embeddable":true,"href":"https:\/\/blog.vida.at\/pensionisten\/wp-json\/wp\/v2\/categories?post=5211"},{"taxonomy":"post_tag","embeddable":true,"href":"https:\/\/blog.vida.at\/pensionisten\/wp-json\/wp\/v2\/tags?post=5211"},{"taxonomy":"Orte","embeddable":true,"href":"https:\/\/blog.vida.at\/pensionisten\/wp-json\/wp\/v2\/Orte?post=5211"},{"taxonomy":"activitytype","embeddable":true,"href":"https:\/\/blog.vida.at\/pensionisten\/wp-json\/wp\/v2\/activitytype?post=5211"}],"curies":[{"name":"wp","href":"https:\/\/api.w.org\/{rel}","templated":true}]}}