
{"id":5290,"date":"2022-08-30T09:28:17","date_gmt":"2022-08-30T07:28:17","guid":{"rendered":"https:\/\/blog.vida.at\/pensionisten\/?p=5290"},"modified":"2022-08-30T09:28:19","modified_gmt":"2022-08-30T07:28:19","slug":"vidahoeren-zu-besuch-in-den-bergen","status":"publish","type":"post","link":"https:\/\/blog.vida.at\/pensionisten\/2022\/08\/30\/vidahoeren-zu-besuch-in-den-bergen\/","title":{"rendered":"vidaH\u00f6ren zu Besuch in den Bergen"},"content":{"rendered":"\n<p><strong><strong><strong>Heinz Hahndl, Vorsitzender der vida-PensionistInnen Tirol, im Podcast-Gespr\u00e4ch.<\/strong><\/strong><\/strong><\/p>\n\n\n\n<br>\n\n\n\n<p>Wir begeben uns mit\u00a0<strong>&#8222;vidaH\u00f6ren&#8220;\u00a0<\/strong>auf L\u00e4ndertour durch \u00d6sterreich und geben den <strong>PensionistInnen<\/strong> eine <strong>starke Stimme<\/strong>. In dieser Episode machen wir Halt in Tirol.<\/p>\n\n\n\n<!--more-->\n\n\n\n<p>Mit unserem Podcast fragen wir nach: Was bewegt die \u00e4ltere Generation in Tirol? Wof\u00fcr macht sich die vida stark?\u00a0<strong>Warum zahlt es sich auch in der Pension aus, bei der Gewerkschaft Mitglied zu sein?\u00a0<\/strong>Die Antworten gibt es bei \u201evidaH\u00f6ren\u201c mit Heinz Hahndl.\u00a0<\/p>\n\n\n\n<p class=\"has-text-align-center\"><a href=\"https:\/\/vidahoeren.simplecast.com\/episodes\/vidahoren-zu-gast-in-tirol-starke-stimme-fur-pensionistinnen-wpxr3Giy\"><strong>&gt;&gt;&gt; H\u00f6re hier die Podcast-Episode mit Heinz Hahndl &lt;&lt;&lt;<\/strong><\/a><\/p>\n\n\n<div class=\"wp-block-image is-style-default\">\n<figure class=\"aligncenter size-large\"><img loading=\"lazy\" decoding=\"async\" width=\"1024\" height=\"683\" src=\"https:\/\/blog.vida.at\/pensionisten\/wp-content\/uploads\/sites\/10\/2022\/08\/vidaTirol_HeinzHahndl_Pensionist-1024x683.jpg\" alt=\"\" class=\"wp-image-5291\" srcset=\"https:\/\/blog.vida.at\/pensionisten\/wp-content\/uploads\/sites\/10\/2022\/08\/vidaTirol_HeinzHahndl_Pensionist-1024x683.jpg 1024w, https:\/\/blog.vida.at\/pensionisten\/wp-content\/uploads\/sites\/10\/2022\/08\/vidaTirol_HeinzHahndl_Pensionist-300x200.jpg 300w, https:\/\/blog.vida.at\/pensionisten\/wp-content\/uploads\/sites\/10\/2022\/08\/vidaTirol_HeinzHahndl_Pensionist-768x512.jpg 768w, https:\/\/blog.vida.at\/pensionisten\/wp-content\/uploads\/sites\/10\/2022\/08\/vidaTirol_HeinzHahndl_Pensionist-500x333.jpg 500w, https:\/\/blog.vida.at\/pensionisten\/wp-content\/uploads\/sites\/10\/2022\/08\/vidaTirol_HeinzHahndl_Pensionist-800x533.jpg 800w, https:\/\/blog.vida.at\/pensionisten\/wp-content\/uploads\/sites\/10\/2022\/08\/vidaTirol_HeinzHahndl_Pensionist-600x400.jpg 600w, https:\/\/blog.vida.at\/pensionisten\/wp-content\/uploads\/sites\/10\/2022\/08\/vidaTirol_HeinzHahndl_Pensionist.jpg 1077w\" sizes=\"auto, (max-width: 1024px) 100vw, 1024px\" \/><\/figure>\n<\/div>\n\n\n<p class=\"has-text-align-center\"><strong><span style=\"color: #0073a8\" class=\"stk-highlight\">\u201eDie Gewerkschaft wird f\u00fcr die Pensionistinnen und Pensionisten immer wichtiger. Denn auch die \u00e4ltere Generation braucht eine starke Stimme und hat das Recht auf Mitbestimmung. Wir als Gewerkschaft vida sind in jeder Lebenslage und in jedem Lebensalter f\u00fcr die Menschen da. Wir versuchen zu helfen, wo wir k\u00f6nnen und das Tag f\u00fcr Tag!\u201c<\/span><\/strong><\/p>\n\n\n\n<p class=\"has-text-align-center\"><span style=\"color: #0073a8\" class=\"stk-highlight\">Heinz Hahndl, Landesvorsitzender vida-PensionistInnen <\/span><span style=\"color: #0073a8\" class=\"stk-highlight\">Tirol<\/span><\/p>\n\n\n\n<p><strong><span style=\"color: #f90505\" class=\"stk-highlight\">Steckbrief:<\/span><\/strong><\/p>\n\n\n\n<p><strong>Name:<\/strong>\u00a0Heinz Hahndl<br><strong>Alter:<\/strong>\u00a071 Jahre<br><strong>Wohnort:<\/strong>\u00a0Innsbruck<br><strong>Erlernter Beruf:<\/strong>\u00a0Fernschreiber und Verschieber bei den \u00d6BB<br><strong>Funktion in der vida:<\/strong>\u00a0<span style=\"color: #fb0000\" class=\"stk-highlight\"><strong>Landesvorsitzender vida-PensionistInnen Tirol<\/strong><\/span><br><strong>Gewerkschaftsmitglied:\u00a0<\/strong>seit 50 Jahren<\/p>\n\n\n\n<p><\/p>\n\n\n\n<p><\/p>\n","protected":false},"excerpt":{"rendered":"<p>Heinz Hahndl, Vorsitzender der vida-PensionistInnen Tirol, im Podcast-Gespr\u00e4ch. Wir begeben uns mit\u00a0&#8222;vidaH\u00f6ren&#8220;\u00a0auf L\u00e4ndertour durch \u00d6sterreich und geben den PensionistInnen eine starke Stimme. In dieser Episode machen wir Halt in Tirol.<\/p>\n","protected":false},"author":8,"featured_media":5291,"comment_status":"open","ping_status":"open","sticky":false,"template":"","format":"standard","meta":{"_uag_custom_page_level_css":"","advgb_blocks_editor_width":"","advgb_blocks_columns_visual_guide":"","footnotes":""},"categories":[4,1,32],"tags":[],"Orte":[],"activitytype":[],"class_list":["post-5290","post","type-post","status-publish","format-standard","has-post-thumbnail","hentry","category-aktuelles","category-allgemein","category-top-aktuelles","entry"],"featured_image_urls":{"full":["https:\/\/blog.vida.at\/pensionisten\/wp-content\/uploads\/sites\/10\/2022\/08\/vidaTirol_HeinzHahndl_Pensionist.jpg",1077,718,false],"thumbnail":["https:\/\/blog.vida.at\/pensionisten\/wp-content\/uploads\/sites\/10\/2022\/08\/vidaTirol_HeinzHahndl_Pensionist-150x150.jpg",150,150,true],"medium":["https:\/\/blog.vida.at\/pensionisten\/wp-content\/uploads\/sites\/10\/2022\/08\/vidaTirol_HeinzHahndl_Pensionist-300x200.jpg",300,200,true],"medium_large":["https:\/\/blog.vida.at\/pensionisten\/wp-content\/uploads\/sites\/10\/2022\/08\/vidaTirol_HeinzHahndl_Pensionist-768x512.jpg",640,427,true],"large":["https:\/\/blog.vida.at\/pensionisten\/wp-content\/uploads\/sites\/10\/2022\/08\/vidaTirol_HeinzHahndl_Pensionist-1024x683.jpg",640,427,true],"1536x1536":["https:\/\/blog.vida.at\/pensionisten\/wp-content\/uploads\/sites\/10\/2022\/08\/vidaTirol_HeinzHahndl_Pensionist.jpg",1077,718,false],"2048x2048":["https:\/\/blog.vida.at\/pensionisten\/wp-content\/uploads\/sites\/10\/2022\/08\/vidaTirol_HeinzHahndl_Pensionist.jpg",1077,718,false],"ab-block-post-grid-landscape":["https:\/\/blog.vida.at\/pensionisten\/wp-content\/uploads\/sites\/10\/2022\/08\/vidaTirol_HeinzHahndl_Pensionist-600x400.jpg",600,400,true],"ab-block-post-grid-square":["https:\/\/blog.vida.at\/pensionisten\/wp-content\/uploads\/sites\/10\/2022\/08\/vidaTirol_HeinzHahndl_Pensionist-600x600.jpg",600,600,true],"post-thumbnail":["https:\/\/blog.vida.at\/pensionisten\/wp-content\/uploads\/sites\/10\/2022\/08\/vidaTirol_HeinzHahndl_Pensionist.jpg",1077,718,false],"awb_sm":["https:\/\/blog.vida.at\/pensionisten\/wp-content\/uploads\/sites\/10\/2022\/08\/vidaTirol_HeinzHahndl_Pensionist-500x333.jpg",500,333,true],"awb_md":["https:\/\/blog.vida.at\/pensionisten\/wp-content\/uploads\/sites\/10\/2022\/08\/vidaTirol_HeinzHahndl_Pensionist-800x533.jpg",800,533,true],"awb_lg":["https:\/\/blog.vida.at\/pensionisten\/wp-content\/uploads\/sites\/10\/2022\/08\/vidaTirol_HeinzHahndl_Pensionist.jpg",1077,718,false],"awb_xl":["https:\/\/blog.vida.at\/pensionisten\/wp-content\/uploads\/sites\/10\/2022\/08\/vidaTirol_HeinzHahndl_Pensionist.jpg",1077,718,false]},"post_excerpt_stackable":"<p>Heinz Hahndl, Vorsitzender der vida-PensionistInnen Tirol, im Podcast-Gespr\u00e4ch. Wir begeben uns mit\u00a0&#8222;vidaH\u00f6ren&#8220;\u00a0auf L\u00e4ndertour durch \u00d6sterreich und geben den PensionistInnen eine starke Stimme. In dieser Episode machen wir Halt in Tirol. Mit unserem Podcast fragen wir nach: Was bewegt die \u00e4ltere Generation in Tirol? Wof\u00fcr macht sich die vida stark?\u00a0Warum zahlt es sich auch in der Pension aus, bei der Gewerkschaft Mitglied zu sein?\u00a0Die Antworten gibt es bei \u201evidaH\u00f6ren\u201c mit Heinz Hahndl.\u00a0 &gt;&gt;&gt; H\u00f6re hier die Podcast-Episode mit Heinz Hahndl &lt;&lt;&lt; \u201eDie Gewerkschaft wird f\u00fcr die Pensionistinnen und Pensionisten immer wichtiger. Denn auch die \u00e4ltere Generation braucht eine starke Stimme und&hellip;<\/p>\n","category_list":"<a href=\"https:\/\/blog.vida.at\/pensionisten\/category\/aktuelles\/\" rel=\"category tag\">Aktuelles<\/a>, <a href=\"https:\/\/blog.vida.at\/pensionisten\/category\/allgemein\/\" rel=\"category tag\">Allgemein<\/a>, <a href=\"https:\/\/blog.vida.at\/pensionisten\/category\/top-aktuelles\/\" rel=\"category tag\">Top Aktuelles<\/a>","author_info":{"display_name":"mariontobola","author_link":"https:\/\/blog.vida.at\/pensionisten\/author\/mariontobola\/"},"comments_num":"0 comments","featured_image_urls_v2":{"full":["https:\/\/blog.vida.at\/pensionisten\/wp-content\/uploads\/sites\/10\/2022\/08\/vidaTirol_HeinzHahndl_Pensionist.jpg",1077,718,false],"thumbnail":["https:\/\/blog.vida.at\/pensionisten\/wp-content\/uploads\/sites\/10\/2022\/08\/vidaTirol_HeinzHahndl_Pensionist-150x150.jpg",150,150,true],"medium":["https:\/\/blog.vida.at\/pensionisten\/wp-content\/uploads\/sites\/10\/2022\/08\/vidaTirol_HeinzHahndl_Pensionist-300x200.jpg",300,200,true],"medium_large":["https:\/\/blog.vida.at\/pensionisten\/wp-content\/uploads\/sites\/10\/2022\/08\/vidaTirol_HeinzHahndl_Pensionist-768x512.jpg",640,427,true],"large":["https:\/\/blog.vida.at\/pensionisten\/wp-content\/uploads\/sites\/10\/2022\/08\/vidaTirol_HeinzHahndl_Pensionist-1024x683.jpg",640,427,true],"1536x1536":["https:\/\/blog.vida.at\/pensionisten\/wp-content\/uploads\/sites\/10\/2022\/08\/vidaTirol_HeinzHahndl_Pensionist.jpg",1077,718,false],"2048x2048":["https:\/\/blog.vida.at\/pensionisten\/wp-content\/uploads\/sites\/10\/2022\/08\/vidaTirol_HeinzHahndl_Pensionist.jpg",1077,718,false],"ab-block-post-grid-landscape":["https:\/\/blog.vida.at\/pensionisten\/wp-content\/uploads\/sites\/10\/2022\/08\/vidaTirol_HeinzHahndl_Pensionist-600x400.jpg",600,400,true],"ab-block-post-grid-square":["https:\/\/blog.vida.at\/pensionisten\/wp-content\/uploads\/sites\/10\/2022\/08\/vidaTirol_HeinzHahndl_Pensionist-600x600.jpg",600,600,true],"post-thumbnail":["https:\/\/blog.vida.at\/pensionisten\/wp-content\/uploads\/sites\/10\/2022\/08\/vidaTirol_HeinzHahndl_Pensionist.jpg",1077,718,false],"awb_sm":["https:\/\/blog.vida.at\/pensionisten\/wp-content\/uploads\/sites\/10\/2022\/08\/vidaTirol_HeinzHahndl_Pensionist-500x333.jpg",500,333,true],"awb_md":["https:\/\/blog.vida.at\/pensionisten\/wp-content\/uploads\/sites\/10\/2022\/08\/vidaTirol_HeinzHahndl_Pensionist-800x533.jpg",800,533,true],"awb_lg":["https:\/\/blog.vida.at\/pensionisten\/wp-content\/uploads\/sites\/10\/2022\/08\/vidaTirol_HeinzHahndl_Pensionist.jpg",1077,718,false],"awb_xl":["https:\/\/blog.vida.at\/pensionisten\/wp-content\/uploads\/sites\/10\/2022\/08\/vidaTirol_HeinzHahndl_Pensionist.jpg",1077,718,false]},"post_excerpt_stackable_v2":"<p>Heinz Hahndl, Vorsitzender der vida-PensionistInnen Tirol, im Podcast-Gespr\u00e4ch. Wir begeben uns mit\u00a0&#8222;vidaH\u00f6ren&#8220;\u00a0auf L\u00e4ndertour durch \u00d6sterreich und geben den PensionistInnen eine starke Stimme. In dieser Episode machen wir Halt in Tirol. Mit unserem Podcast fragen wir nach: Was bewegt die \u00e4ltere Generation in Tirol? Wof\u00fcr macht sich die vida stark?\u00a0Warum zahlt es sich auch in der Pension aus, bei der Gewerkschaft Mitglied zu sein?\u00a0Die Antworten gibt es bei \u201evidaH\u00f6ren\u201c mit Heinz Hahndl.\u00a0 &gt;&gt;&gt; H\u00f6re hier die Podcast-Episode mit Heinz Hahndl &lt;&lt;&lt; \u201eDie Gewerkschaft wird f\u00fcr die Pensionistinnen und Pensionisten immer wichtiger. Denn auch die \u00e4ltere Generation braucht eine starke Stimme und&hellip;<\/p>\n","category_list_v2":"<a href=\"https:\/\/blog.vida.at\/pensionisten\/category\/aktuelles\/\" rel=\"category tag\">Aktuelles<\/a>, <a href=\"https:\/\/blog.vida.at\/pensionisten\/category\/allgemein\/\" rel=\"category tag\">Allgemein<\/a>, <a href=\"https:\/\/blog.vida.at\/pensionisten\/category\/top-aktuelles\/\" rel=\"category tag\">Top Aktuelles<\/a>","author_info_v2":{"name":"mariontobola","url":"https:\/\/blog.vida.at\/pensionisten\/author\/mariontobola\/"},"comments_num_v2":"0 comments","yoast_head":"<!-- This site is optimized with the Yoast SEO plugin v27.3 - https:\/\/yoast.com\/product\/yoast-seo-wordpress\/ -->\n<title>vidaH\u00f6ren zu Besuch in den Bergen<\/title>\n<meta name=\"robots\" content=\"index, follow, max-snippet:-1, max-image-preview:large, max-video-preview:-1\" \/>\n<link rel=\"canonical\" href=\"https:\/\/blog.vida.at\/pensionisten\/2022\/08\/30\/vidahoeren-zu-besuch-in-den-bergen\/\" \/>\n<meta property=\"og:locale\" content=\"de_DE\" \/>\n<meta property=\"og:type\" content=\"article\" \/>\n<meta property=\"og:title\" content=\"vidaH\u00f6ren zu Besuch in den Bergen\" \/>\n<meta property=\"og:description\" content=\"Heinz Hahndl, Vorsitzender der vida-PensionistInnen Tirol, im Podcast-Gespr\u00e4ch. Wir begeben uns mit\u00a0&#8222;vidaH\u00f6ren&#8220;\u00a0auf L\u00e4ndertour durch \u00d6sterreich und geben den PensionistInnen eine starke Stimme. In dieser Episode machen wir Halt in Tirol.\" \/>\n<meta property=\"og:url\" content=\"https:\/\/blog.vida.at\/pensionisten\/2022\/08\/30\/vidahoeren-zu-besuch-in-den-bergen\/\" \/>\n<meta property=\"og:site_name\" content=\"vida Pensionisten\" \/>\n<meta property=\"article:published_time\" content=\"2022-08-30T07:28:17+00:00\" \/>\n<meta property=\"article:modified_time\" content=\"2022-08-30T07:28:19+00:00\" \/>\n<meta property=\"og:image\" content=\"https:\/\/blog.vida.at\/pensionisten\/wp-content\/uploads\/sites\/10\/2022\/08\/vidaTirol_HeinzHahndl_Pensionist.jpg\" \/>\n\t<meta property=\"og:image:width\" content=\"1077\" \/>\n\t<meta property=\"og:image:height\" content=\"718\" \/>\n\t<meta property=\"og:image:type\" content=\"image\/jpeg\" \/>\n<meta name=\"author\" content=\"mariontobola\" \/>\n<meta name=\"twitter:card\" content=\"summary_large_image\" \/>\n<meta name=\"twitter:label1\" content=\"Verfasst von\" \/>\n\t<meta name=\"twitter:data1\" content=\"mariontobola\" \/>\n\t<meta name=\"twitter:label2\" content=\"Gesch\u00e4tzte Lesezeit\" \/>\n\t<meta name=\"twitter:data2\" content=\"2\u00a0Minuten\" \/>\n<script type=\"application\/ld+json\" class=\"yoast-schema-graph\">{\"@context\":\"https:\\\/\\\/schema.org\",\"@graph\":[{\"@type\":\"Article\",\"@id\":\"https:\\\/\\\/blog.vida.at\\\/pensionisten\\\/2022\\\/08\\\/30\\\/vidahoeren-zu-besuch-in-den-bergen\\\/#article\",\"isPartOf\":{\"@id\":\"https:\\\/\\\/blog.vida.at\\\/pensionisten\\\/2022\\\/08\\\/30\\\/vidahoeren-zu-besuch-in-den-bergen\\\/\"},\"author\":{\"name\":\"mariontobola\",\"@id\":\"https:\\\/\\\/blog.vida.at\\\/pensionisten\\\/#\\\/schema\\\/person\\\/88cee3ee93b9afdc51c92f5f63f38b8a\"},\"headline\":\"vidaH\u00f6ren zu Besuch in den Bergen\",\"datePublished\":\"2022-08-30T07:28:17+00:00\",\"dateModified\":\"2022-08-30T07:28:19+00:00\",\"mainEntityOfPage\":{\"@id\":\"https:\\\/\\\/blog.vida.at\\\/pensionisten\\\/2022\\\/08\\\/30\\\/vidahoeren-zu-besuch-in-den-bergen\\\/\"},\"wordCount\":189,\"commentCount\":0,\"image\":{\"@id\":\"https:\\\/\\\/blog.vida.at\\\/pensionisten\\\/2022\\\/08\\\/30\\\/vidahoeren-zu-besuch-in-den-bergen\\\/#primaryimage\"},\"thumbnailUrl\":\"https:\\\/\\\/blog.vida.at\\\/pensionisten\\\/wp-content\\\/uploads\\\/sites\\\/10\\\/2022\\\/08\\\/vidaTirol_HeinzHahndl_Pensionist.jpg\",\"articleSection\":{\"0\":\"Aktuelles\",\"2\":\"Top Aktuelles\"},\"inLanguage\":\"de\",\"potentialAction\":[{\"@type\":\"CommentAction\",\"name\":\"Comment\",\"target\":[\"https:\\\/\\\/blog.vida.at\\\/pensionisten\\\/2022\\\/08\\\/30\\\/vidahoeren-zu-besuch-in-den-bergen\\\/#respond\"]}]},{\"@type\":\"WebPage\",\"@id\":\"https:\\\/\\\/blog.vida.at\\\/pensionisten\\\/2022\\\/08\\\/30\\\/vidahoeren-zu-besuch-in-den-bergen\\\/\",\"url\":\"https:\\\/\\\/blog.vida.at\\\/pensionisten\\\/2022\\\/08\\\/30\\\/vidahoeren-zu-besuch-in-den-bergen\\\/\",\"name\":\"vidaH\u00f6ren zu Besuch in den Bergen\",\"isPartOf\":{\"@id\":\"https:\\\/\\\/blog.vida.at\\\/pensionisten\\\/#website\"},\"primaryImageOfPage\":{\"@id\":\"https:\\\/\\\/blog.vida.at\\\/pensionisten\\\/2022\\\/08\\\/30\\\/vidahoeren-zu-besuch-in-den-bergen\\\/#primaryimage\"},\"image\":{\"@id\":\"https:\\\/\\\/blog.vida.at\\\/pensionisten\\\/2022\\\/08\\\/30\\\/vidahoeren-zu-besuch-in-den-bergen\\\/#primaryimage\"},\"thumbnailUrl\":\"https:\\\/\\\/blog.vida.at\\\/pensionisten\\\/wp-content\\\/uploads\\\/sites\\\/10\\\/2022\\\/08\\\/vidaTirol_HeinzHahndl_Pensionist.jpg\",\"datePublished\":\"2022-08-30T07:28:17+00:00\",\"dateModified\":\"2022-08-30T07:28:19+00:00\",\"author\":{\"@id\":\"https:\\\/\\\/blog.vida.at\\\/pensionisten\\\/#\\\/schema\\\/person\\\/88cee3ee93b9afdc51c92f5f63f38b8a\"},\"breadcrumb\":{\"@id\":\"https:\\\/\\\/blog.vida.at\\\/pensionisten\\\/2022\\\/08\\\/30\\\/vidahoeren-zu-besuch-in-den-bergen\\\/#breadcrumb\"},\"inLanguage\":\"de\",\"potentialAction\":[{\"@type\":\"ReadAction\",\"target\":[\"https:\\\/\\\/blog.vida.at\\\/pensionisten\\\/2022\\\/08\\\/30\\\/vidahoeren-zu-besuch-in-den-bergen\\\/\"]}]},{\"@type\":\"ImageObject\",\"inLanguage\":\"de\",\"@id\":\"https:\\\/\\\/blog.vida.at\\\/pensionisten\\\/2022\\\/08\\\/30\\\/vidahoeren-zu-besuch-in-den-bergen\\\/#primaryimage\",\"url\":\"https:\\\/\\\/blog.vida.at\\\/pensionisten\\\/wp-content\\\/uploads\\\/sites\\\/10\\\/2022\\\/08\\\/vidaTirol_HeinzHahndl_Pensionist.jpg\",\"contentUrl\":\"https:\\\/\\\/blog.vida.at\\\/pensionisten\\\/wp-content\\\/uploads\\\/sites\\\/10\\\/2022\\\/08\\\/vidaTirol_HeinzHahndl_Pensionist.jpg\",\"width\":1077,\"height\":718},{\"@type\":\"BreadcrumbList\",\"@id\":\"https:\\\/\\\/blog.vida.at\\\/pensionisten\\\/2022\\\/08\\\/30\\\/vidahoeren-zu-besuch-in-den-bergen\\\/#breadcrumb\",\"itemListElement\":[{\"@type\":\"ListItem\",\"position\":1,\"name\":\"Startseite\",\"item\":\"https:\\\/\\\/blog.vida.at\\\/pensionisten\\\/\"},{\"@type\":\"ListItem\",\"position\":2,\"name\":\"vidaH\u00f6ren zu Besuch in den Bergen\"}]},{\"@type\":\"WebSite\",\"@id\":\"https:\\\/\\\/blog.vida.at\\\/pensionisten\\\/#website\",\"url\":\"https:\\\/\\\/blog.vida.at\\\/pensionisten\\\/\",\"name\":\"vida Pensionisten\",\"description\":\"\",\"potentialAction\":[{\"@type\":\"SearchAction\",\"target\":{\"@type\":\"EntryPoint\",\"urlTemplate\":\"https:\\\/\\\/blog.vida.at\\\/pensionisten\\\/?s={search_term_string}\"},\"query-input\":{\"@type\":\"PropertyValueSpecification\",\"valueRequired\":true,\"valueName\":\"search_term_string\"}}],\"inLanguage\":\"de\"},{\"@type\":\"Person\",\"@id\":\"https:\\\/\\\/blog.vida.at\\\/pensionisten\\\/#\\\/schema\\\/person\\\/88cee3ee93b9afdc51c92f5f63f38b8a\",\"name\":\"mariontobola\",\"image\":{\"@type\":\"ImageObject\",\"inLanguage\":\"de\",\"@id\":\"https:\\\/\\\/secure.gravatar.com\\\/avatar\\\/5d2c516985e4eda61bca05bd3b4359b4358135bd1e1a5b08c539e9cd1edd6528?s=96&d=mm&r=g\",\"url\":\"https:\\\/\\\/secure.gravatar.com\\\/avatar\\\/5d2c516985e4eda61bca05bd3b4359b4358135bd1e1a5b08c539e9cd1edd6528?s=96&d=mm&r=g\",\"contentUrl\":\"https:\\\/\\\/secure.gravatar.com\\\/avatar\\\/5d2c516985e4eda61bca05bd3b4359b4358135bd1e1a5b08c539e9cd1edd6528?s=96&d=mm&r=g\",\"caption\":\"mariontobola\"},\"url\":\"https:\\\/\\\/blog.vida.at\\\/pensionisten\\\/author\\\/mariontobola\\\/\"}]}<\/script>\n<!-- \/ Yoast SEO plugin. -->","yoast_head_json":{"title":"vidaH\u00f6ren zu Besuch in den Bergen","robots":{"index":"index","follow":"follow","max-snippet":"max-snippet:-1","max-image-preview":"max-image-preview:large","max-video-preview":"max-video-preview:-1"},"canonical":"https:\/\/blog.vida.at\/pensionisten\/2022\/08\/30\/vidahoeren-zu-besuch-in-den-bergen\/","og_locale":"de_DE","og_type":"article","og_title":"vidaH\u00f6ren zu Besuch in den Bergen","og_description":"Heinz Hahndl, Vorsitzender der vida-PensionistInnen Tirol, im Podcast-Gespr\u00e4ch. Wir begeben uns mit\u00a0&#8222;vidaH\u00f6ren&#8220;\u00a0auf L\u00e4ndertour durch \u00d6sterreich und geben den PensionistInnen eine starke Stimme. In dieser Episode machen wir Halt in Tirol.","og_url":"https:\/\/blog.vida.at\/pensionisten\/2022\/08\/30\/vidahoeren-zu-besuch-in-den-bergen\/","og_site_name":"vida Pensionisten","article_published_time":"2022-08-30T07:28:17+00:00","article_modified_time":"2022-08-30T07:28:19+00:00","og_image":[{"width":1077,"height":718,"url":"https:\/\/blog.vida.at\/pensionisten\/wp-content\/uploads\/sites\/10\/2022\/08\/vidaTirol_HeinzHahndl_Pensionist.jpg","type":"image\/jpeg"}],"author":"mariontobola","twitter_card":"summary_large_image","twitter_misc":{"Verfasst von":"mariontobola","Gesch\u00e4tzte Lesezeit":"2\u00a0Minuten"},"schema":{"@context":"https:\/\/schema.org","@graph":[{"@type":"Article","@id":"https:\/\/blog.vida.at\/pensionisten\/2022\/08\/30\/vidahoeren-zu-besuch-in-den-bergen\/#article","isPartOf":{"@id":"https:\/\/blog.vida.at\/pensionisten\/2022\/08\/30\/vidahoeren-zu-besuch-in-den-bergen\/"},"author":{"name":"mariontobola","@id":"https:\/\/blog.vida.at\/pensionisten\/#\/schema\/person\/88cee3ee93b9afdc51c92f5f63f38b8a"},"headline":"vidaH\u00f6ren zu Besuch in den Bergen","datePublished":"2022-08-30T07:28:17+00:00","dateModified":"2022-08-30T07:28:19+00:00","mainEntityOfPage":{"@id":"https:\/\/blog.vida.at\/pensionisten\/2022\/08\/30\/vidahoeren-zu-besuch-in-den-bergen\/"},"wordCount":189,"commentCount":0,"image":{"@id":"https:\/\/blog.vida.at\/pensionisten\/2022\/08\/30\/vidahoeren-zu-besuch-in-den-bergen\/#primaryimage"},"thumbnailUrl":"https:\/\/blog.vida.at\/pensionisten\/wp-content\/uploads\/sites\/10\/2022\/08\/vidaTirol_HeinzHahndl_Pensionist.jpg","articleSection":{"0":"Aktuelles","2":"Top Aktuelles"},"inLanguage":"de","potentialAction":[{"@type":"CommentAction","name":"Comment","target":["https:\/\/blog.vida.at\/pensionisten\/2022\/08\/30\/vidahoeren-zu-besuch-in-den-bergen\/#respond"]}]},{"@type":"WebPage","@id":"https:\/\/blog.vida.at\/pensionisten\/2022\/08\/30\/vidahoeren-zu-besuch-in-den-bergen\/","url":"https:\/\/blog.vida.at\/pensionisten\/2022\/08\/30\/vidahoeren-zu-besuch-in-den-bergen\/","name":"vidaH\u00f6ren zu Besuch in den Bergen","isPartOf":{"@id":"https:\/\/blog.vida.at\/pensionisten\/#website"},"primaryImageOfPage":{"@id":"https:\/\/blog.vida.at\/pensionisten\/2022\/08\/30\/vidahoeren-zu-besuch-in-den-bergen\/#primaryimage"},"image":{"@id":"https:\/\/blog.vida.at\/pensionisten\/2022\/08\/30\/vidahoeren-zu-besuch-in-den-bergen\/#primaryimage"},"thumbnailUrl":"https:\/\/blog.vida.at\/pensionisten\/wp-content\/uploads\/sites\/10\/2022\/08\/vidaTirol_HeinzHahndl_Pensionist.jpg","datePublished":"2022-08-30T07:28:17+00:00","dateModified":"2022-08-30T07:28:19+00:00","author":{"@id":"https:\/\/blog.vida.at\/pensionisten\/#\/schema\/person\/88cee3ee93b9afdc51c92f5f63f38b8a"},"breadcrumb":{"@id":"https:\/\/blog.vida.at\/pensionisten\/2022\/08\/30\/vidahoeren-zu-besuch-in-den-bergen\/#breadcrumb"},"inLanguage":"de","potentialAction":[{"@type":"ReadAction","target":["https:\/\/blog.vida.at\/pensionisten\/2022\/08\/30\/vidahoeren-zu-besuch-in-den-bergen\/"]}]},{"@type":"ImageObject","inLanguage":"de","@id":"https:\/\/blog.vida.at\/pensionisten\/2022\/08\/30\/vidahoeren-zu-besuch-in-den-bergen\/#primaryimage","url":"https:\/\/blog.vida.at\/pensionisten\/wp-content\/uploads\/sites\/10\/2022\/08\/vidaTirol_HeinzHahndl_Pensionist.jpg","contentUrl":"https:\/\/blog.vida.at\/pensionisten\/wp-content\/uploads\/sites\/10\/2022\/08\/vidaTirol_HeinzHahndl_Pensionist.jpg","width":1077,"height":718},{"@type":"BreadcrumbList","@id":"https:\/\/blog.vida.at\/pensionisten\/2022\/08\/30\/vidahoeren-zu-besuch-in-den-bergen\/#breadcrumb","itemListElement":[{"@type":"ListItem","position":1,"name":"Startseite","item":"https:\/\/blog.vida.at\/pensionisten\/"},{"@type":"ListItem","position":2,"name":"vidaH\u00f6ren zu Besuch in den Bergen"}]},{"@type":"WebSite","@id":"https:\/\/blog.vida.at\/pensionisten\/#website","url":"https:\/\/blog.vida.at\/pensionisten\/","name":"vida Pensionisten","description":"","potentialAction":[{"@type":"SearchAction","target":{"@type":"EntryPoint","urlTemplate":"https:\/\/blog.vida.at\/pensionisten\/?s={search_term_string}"},"query-input":{"@type":"PropertyValueSpecification","valueRequired":true,"valueName":"search_term_string"}}],"inLanguage":"de"},{"@type":"Person","@id":"https:\/\/blog.vida.at\/pensionisten\/#\/schema\/person\/88cee3ee93b9afdc51c92f5f63f38b8a","name":"mariontobola","image":{"@type":"ImageObject","inLanguage":"de","@id":"https:\/\/secure.gravatar.com\/avatar\/5d2c516985e4eda61bca05bd3b4359b4358135bd1e1a5b08c539e9cd1edd6528?s=96&d=mm&r=g","url":"https:\/\/secure.gravatar.com\/avatar\/5d2c516985e4eda61bca05bd3b4359b4358135bd1e1a5b08c539e9cd1edd6528?s=96&d=mm&r=g","contentUrl":"https:\/\/secure.gravatar.com\/avatar\/5d2c516985e4eda61bca05bd3b4359b4358135bd1e1a5b08c539e9cd1edd6528?s=96&d=mm&r=g","caption":"mariontobola"},"url":"https:\/\/blog.vida.at\/pensionisten\/author\/mariontobola\/"}]}},"author_meta":{"display_name":"mariontobola","author_link":"https:\/\/blog.vida.at\/pensionisten\/author\/mariontobola\/"},"featured_img":"https:\/\/blog.vida.at\/pensionisten\/wp-content\/uploads\/sites\/10\/2022\/08\/vidaTirol_HeinzHahndl_Pensionist-300x200.jpg","featured_image_src":"https:\/\/blog.vida.at\/pensionisten\/wp-content\/uploads\/sites\/10\/2022\/08\/vidaTirol_HeinzHahndl_Pensionist-600x400.jpg","featured_image_src_square":"https:\/\/blog.vida.at\/pensionisten\/wp-content\/uploads\/sites\/10\/2022\/08\/vidaTirol_HeinzHahndl_Pensionist-600x600.jpg","uagb_featured_image_src":{"full":["https:\/\/blog.vida.at\/pensionisten\/wp-content\/uploads\/sites\/10\/2022\/08\/vidaTirol_HeinzHahndl_Pensionist.jpg",1077,718,false],"thumbnail":["https:\/\/blog.vida.at\/pensionisten\/wp-content\/uploads\/sites\/10\/2022\/08\/vidaTirol_HeinzHahndl_Pensionist-150x150.jpg",150,150,true],"medium":["https:\/\/blog.vida.at\/pensionisten\/wp-content\/uploads\/sites\/10\/2022\/08\/vidaTirol_HeinzHahndl_Pensionist-300x200.jpg",300,200,true],"medium_large":["https:\/\/blog.vida.at\/pensionisten\/wp-content\/uploads\/sites\/10\/2022\/08\/vidaTirol_HeinzHahndl_Pensionist-768x512.jpg",640,427,true],"large":["https:\/\/blog.vida.at\/pensionisten\/wp-content\/uploads\/sites\/10\/2022\/08\/vidaTirol_HeinzHahndl_Pensionist-1024x683.jpg",640,427,true],"1536x1536":["https:\/\/blog.vida.at\/pensionisten\/wp-content\/uploads\/sites\/10\/2022\/08\/vidaTirol_HeinzHahndl_Pensionist.jpg",1077,718,false],"2048x2048":["https:\/\/blog.vida.at\/pensionisten\/wp-content\/uploads\/sites\/10\/2022\/08\/vidaTirol_HeinzHahndl_Pensionist.jpg",1077,718,false],"ab-block-post-grid-landscape":["https:\/\/blog.vida.at\/pensionisten\/wp-content\/uploads\/sites\/10\/2022\/08\/vidaTirol_HeinzHahndl_Pensionist-600x400.jpg",600,400,true],"ab-block-post-grid-square":["https:\/\/blog.vida.at\/pensionisten\/wp-content\/uploads\/sites\/10\/2022\/08\/vidaTirol_HeinzHahndl_Pensionist-600x600.jpg",600,600,true],"post-thumbnail":["https:\/\/blog.vida.at\/pensionisten\/wp-content\/uploads\/sites\/10\/2022\/08\/vidaTirol_HeinzHahndl_Pensionist.jpg",1077,718,false],"awb_sm":["https:\/\/blog.vida.at\/pensionisten\/wp-content\/uploads\/sites\/10\/2022\/08\/vidaTirol_HeinzHahndl_Pensionist-500x333.jpg",500,333,true],"awb_md":["https:\/\/blog.vida.at\/pensionisten\/wp-content\/uploads\/sites\/10\/2022\/08\/vidaTirol_HeinzHahndl_Pensionist-800x533.jpg",800,533,true],"awb_lg":["https:\/\/blog.vida.at\/pensionisten\/wp-content\/uploads\/sites\/10\/2022\/08\/vidaTirol_HeinzHahndl_Pensionist.jpg",1077,718,false],"awb_xl":["https:\/\/blog.vida.at\/pensionisten\/wp-content\/uploads\/sites\/10\/2022\/08\/vidaTirol_HeinzHahndl_Pensionist.jpg",1077,718,false]},"uagb_author_info":{"display_name":"mariontobola","author_link":"https:\/\/blog.vida.at\/pensionisten\/author\/mariontobola\/"},"uagb_comment_info":0,"uagb_excerpt":"Heinz Hahndl, Vorsitzender der vida-PensionistInnen Tirol, im Podcast-Gespr\u00e4ch. Wir begeben uns mit\u00a0&#8222;vidaH\u00f6ren&#8220;\u00a0auf L\u00e4ndertour durch \u00d6sterreich und geben den PensionistInnen eine starke Stimme. In dieser Episode machen wir Halt in Tirol.","coauthors":[],"tax_additional":{"categories":{"linked":["<a href=\"https:\/\/blog.vida.at\/pensionisten\/category\/aktuelles\/\" class=\"advgb-post-tax-term\">Aktuelles<\/a>","<a href=\"https:\/\/blog.vida.at\/pensionisten\/category\/allgemein\/\" class=\"advgb-post-tax-term\">Allgemein<\/a>","<a href=\"https:\/\/blog.vida.at\/pensionisten\/category\/top-aktuelles\/\" class=\"advgb-post-tax-term\">Top Aktuelles<\/a>"],"unlinked":["<span class=\"advgb-post-tax-term\">Aktuelles<\/span>","<span class=\"advgb-post-tax-term\">Allgemein<\/span>","<span class=\"advgb-post-tax-term\">Top Aktuelles<\/span>"]}},"comment_count":"0","relative_dates":{"created":"Ver\u00f6ffentlicht 4\u00a0Jahren vor","modified":"Aktualisiert 4\u00a0Jahren vor"},"absolute_dates":{"created":"Ver\u00f6ffentlicht am 30. August 2022","modified":"Aktualisiert am 30. August 2022"},"absolute_dates_time":{"created":"Ver\u00f6ffentlicht am 30. August 2022 9:28","modified":"Aktualisiert am 30. August 2022 9:28"},"featured_img_caption":"","series_order":"","_links":{"self":[{"href":"https:\/\/blog.vida.at\/pensionisten\/wp-json\/wp\/v2\/posts\/5290","targetHints":{"allow":["GET"]}}],"collection":[{"href":"https:\/\/blog.vida.at\/pensionisten\/wp-json\/wp\/v2\/posts"}],"about":[{"href":"https:\/\/blog.vida.at\/pensionisten\/wp-json\/wp\/v2\/types\/post"}],"author":[{"embeddable":true,"href":"https:\/\/blog.vida.at\/pensionisten\/wp-json\/wp\/v2\/users\/8"}],"replies":[{"embeddable":true,"href":"https:\/\/blog.vida.at\/pensionisten\/wp-json\/wp\/v2\/comments?post=5290"}],"version-history":[{"count":2,"href":"https:\/\/blog.vida.at\/pensionisten\/wp-json\/wp\/v2\/posts\/5290\/revisions"}],"predecessor-version":[{"id":5293,"href":"https:\/\/blog.vida.at\/pensionisten\/wp-json\/wp\/v2\/posts\/5290\/revisions\/5293"}],"wp:featuredmedia":[{"embeddable":true,"href":"https:\/\/blog.vida.at\/pensionisten\/wp-json\/wp\/v2\/media\/5291"}],"wp:attachment":[{"href":"https:\/\/blog.vida.at\/pensionisten\/wp-json\/wp\/v2\/media?parent=5290"}],"wp:term":[{"taxonomy":"category","embeddable":true,"href":"https:\/\/blog.vida.at\/pensionisten\/wp-json\/wp\/v2\/categories?post=5290"},{"taxonomy":"post_tag","embeddable":true,"href":"https:\/\/blog.vida.at\/pensionisten\/wp-json\/wp\/v2\/tags?post=5290"},{"taxonomy":"Orte","embeddable":true,"href":"https:\/\/blog.vida.at\/pensionisten\/wp-json\/wp\/v2\/Orte?post=5290"},{"taxonomy":"activitytype","embeddable":true,"href":"https:\/\/blog.vida.at\/pensionisten\/wp-json\/wp\/v2\/activitytype?post=5290"}],"curies":[{"name":"wp","href":"https:\/\/api.w.org\/{rel}","templated":true}]}}