
{"id":5407,"date":"2022-09-15T10:36:18","date_gmt":"2022-09-15T08:36:18","guid":{"rendered":"https:\/\/blog.vida.at\/pensionisten\/?p=5407"},"modified":"2022-09-15T10:37:13","modified_gmt":"2022-09-15T08:37:13","slug":"in-linz-beginnts-mit-vida","status":"publish","type":"post","link":"https:\/\/blog.vida.at\/pensionisten\/2022\/09\/15\/in-linz-beginnts-mit-vida\/","title":{"rendered":"&#8222;In Linz beginnt\u2019s \u2013 mit vida!&#8220;"},"content":{"rendered":"\n<p><strong><strong><strong>Josef Mimlauer, Vorsitzender der vida-PensionistInnen O\u00d6, im Podcast-Gespr\u00e4ch.<\/strong><\/strong><\/strong><\/p>\n\n\n\n<br>\n\n\n\n<p>Wir begeben uns mit\u00a0<strong>&#8222;vidaH\u00f6ren&#8220;\u00a0<\/strong>auf L\u00e4ndertour durch \u00d6sterreich und geben den <strong>PensionistInnen<\/strong> eine <strong>starke Stimme<\/strong>. In dieser Episode machen wir Halt in Linz.<\/p>\n\n\n\n<!--more-->\n\n\n\n<p>Mit unserem Podcast fragen wir nach: Was bewegt die \u00e4ltere Generation in Ober\u00f6sterreich? Wof\u00fcr macht sich die vida stark?\u00a0<strong>Warum zahlt es sich auch in der Pension aus, bei der Gewerkschaft Mitglied zu sein?\u00a0<\/strong>Die Antworten gibt es bei \u201evidaH\u00f6ren\u201c mit Josef &#8222;Sepp&#8220; Mimlauer<\/p>\n\n\n\n<p class=\"has-text-align-center\"><strong><a href=\"https:\/\/vidahoeren.simplecast.com\/episodes\/vidahoren-zu-gast-in-oberosterreich-starke-stimme-fur-pensionistinnen-BMkYXHZH\" target=\"_blank\" rel=\"noreferrer noopener\">&gt;&gt;&gt; H\u00f6re hier die Podcast-Episode mit Josef Mimlauer &lt;&lt;&lt;<\/a><\/strong><\/p>\n\n\n<div class=\"wp-block-image is-style-default\">\n<figure class=\"aligncenter size-full\"><img loading=\"lazy\" decoding=\"async\" width=\"1003\" height=\"668\" src=\"https:\/\/blog.vida.at\/pensionisten\/wp-content\/uploads\/sites\/10\/2022\/09\/vidaHoeren_JosefMimlauer_Webartikel.jpg\" alt=\"\" class=\"wp-image-5408\" srcset=\"https:\/\/blog.vida.at\/pensionisten\/wp-content\/uploads\/sites\/10\/2022\/09\/vidaHoeren_JosefMimlauer_Webartikel.jpg 1003w, https:\/\/blog.vida.at\/pensionisten\/wp-content\/uploads\/sites\/10\/2022\/09\/vidaHoeren_JosefMimlauer_Webartikel-300x200.jpg 300w, https:\/\/blog.vida.at\/pensionisten\/wp-content\/uploads\/sites\/10\/2022\/09\/vidaHoeren_JosefMimlauer_Webartikel-768x511.jpg 768w, https:\/\/blog.vida.at\/pensionisten\/wp-content\/uploads\/sites\/10\/2022\/09\/vidaHoeren_JosefMimlauer_Webartikel-500x333.jpg 500w, https:\/\/blog.vida.at\/pensionisten\/wp-content\/uploads\/sites\/10\/2022\/09\/vidaHoeren_JosefMimlauer_Webartikel-800x533.jpg 800w, https:\/\/blog.vida.at\/pensionisten\/wp-content\/uploads\/sites\/10\/2022\/09\/vidaHoeren_JosefMimlauer_Webartikel-600x400.jpg 600w\" sizes=\"auto, (max-width: 1003px) 100vw, 1003px\" \/><\/figure>\n<\/div>\n\n\n<p class=\"has-text-align-center\"><strong><span style=\"color: #0073a8\" class=\"stk-highlight\">\u201eGerade in Krisenzeiten m\u00fcssen wir zusammenhalten und d\u00fcrfen uns nicht auseinanderdividieren lassen. Denn sowohl die \u00e4ltere als auch die junge Generation ist von der Teuerung betroffen. Wir als Gewerkschaft vida helfen, wo wir k\u00f6nnen und bieten Beratung und Unterst\u00fctzung in vielen Lebenslagen an. Deshalb ist es wichtig, bei der vida dabei zu sein \u2013 von der Lehre bis in die Pension.\u201c<\/span><\/strong><\/p>\n\n\n\n<p class=\"has-text-align-center\"><span style=\"color: #0073a8\" class=\"stk-highlight\">Josef Mimlauer, Landesvorsitzender vida-PensionistInnen Ober\u00f6sterreich<\/span><\/p>\n\n\n\n<p><strong><span style=\"color: #f90505\" class=\"stk-highlight\">Steckbrief:<\/span><\/strong><\/p>\n\n\n\n<p><strong>Name:<\/strong>\u00a0Josef &#8222;Sepp&#8220; Mimlauer<br><strong>Alter:<\/strong>\u00a063 Jahre<br><strong>Wohnort:<\/strong>\u00a0Bad Ischl<br><strong>Erlernter Beruf:<\/strong>\u00a0Signalmechaniker und Maschinenschlosser, Lkw-Fahrer, Postbuslenker bei den \u00d6BB<br><strong>Funktion in der vida:<\/strong>\u00a0<span style=\"color: #fb0000\" class=\"stk-highlight\"><strong>Landesvorsitzender vida-PensionistInnen <\/strong><\/span><span style=\"color: #fc0202\" class=\"stk-highlight\"><strong>Ober\u00f6sterreich<\/strong><\/span><br><strong>Gewerkschaftsmitglied:\u00a0<\/strong>seit 48 Jahren<\/p>\n\n\n\n<p><\/p>\n\n\n\n<p><\/p>\n","protected":false},"excerpt":{"rendered":"<p>Josef Mimlauer, Vorsitzender der vida-PensionistInnen O\u00d6, im Podcast-Gespr\u00e4ch. Wir begeben uns mit\u00a0&#8222;vidaH\u00f6ren&#8220;\u00a0auf L\u00e4ndertour durch \u00d6sterreich und geben den PensionistInnen eine starke Stimme. In dieser Episode machen wir Halt in Linz.<\/p>\n","protected":false},"author":8,"featured_media":5408,"comment_status":"open","ping_status":"open","sticky":false,"template":"","format":"standard","meta":{"_uag_custom_page_level_css":"","advgb_blocks_editor_width":"","advgb_blocks_columns_visual_guide":"","footnotes":""},"categories":[4,1,32],"tags":[],"Orte":[],"activitytype":[],"class_list":["post-5407","post","type-post","status-publish","format-standard","has-post-thumbnail","hentry","category-aktuelles","category-allgemein","category-top-aktuelles","entry"],"featured_image_urls":{"full":["https:\/\/blog.vida.at\/pensionisten\/wp-content\/uploads\/sites\/10\/2022\/09\/vidaHoeren_JosefMimlauer_Webartikel.jpg",1003,668,false],"thumbnail":["https:\/\/blog.vida.at\/pensionisten\/wp-content\/uploads\/sites\/10\/2022\/09\/vidaHoeren_JosefMimlauer_Webartikel-150x150.jpg",150,150,true],"medium":["https:\/\/blog.vida.at\/pensionisten\/wp-content\/uploads\/sites\/10\/2022\/09\/vidaHoeren_JosefMimlauer_Webartikel-300x200.jpg",300,200,true],"medium_large":["https:\/\/blog.vida.at\/pensionisten\/wp-content\/uploads\/sites\/10\/2022\/09\/vidaHoeren_JosefMimlauer_Webartikel-768x511.jpg",640,426,true],"large":["https:\/\/blog.vida.at\/pensionisten\/wp-content\/uploads\/sites\/10\/2022\/09\/vidaHoeren_JosefMimlauer_Webartikel.jpg",640,426,false],"1536x1536":["https:\/\/blog.vida.at\/pensionisten\/wp-content\/uploads\/sites\/10\/2022\/09\/vidaHoeren_JosefMimlauer_Webartikel.jpg",1003,668,false],"2048x2048":["https:\/\/blog.vida.at\/pensionisten\/wp-content\/uploads\/sites\/10\/2022\/09\/vidaHoeren_JosefMimlauer_Webartikel.jpg",1003,668,false],"ab-block-post-grid-landscape":["https:\/\/blog.vida.at\/pensionisten\/wp-content\/uploads\/sites\/10\/2022\/09\/vidaHoeren_JosefMimlauer_Webartikel-600x400.jpg",600,400,true],"ab-block-post-grid-square":["https:\/\/blog.vida.at\/pensionisten\/wp-content\/uploads\/sites\/10\/2022\/09\/vidaHoeren_JosefMimlauer_Webartikel-600x600.jpg",600,600,true],"post-thumbnail":["https:\/\/blog.vida.at\/pensionisten\/wp-content\/uploads\/sites\/10\/2022\/09\/vidaHoeren_JosefMimlauer_Webartikel.jpg",1003,668,false],"awb_sm":["https:\/\/blog.vida.at\/pensionisten\/wp-content\/uploads\/sites\/10\/2022\/09\/vidaHoeren_JosefMimlauer_Webartikel-500x333.jpg",500,333,true],"awb_md":["https:\/\/blog.vida.at\/pensionisten\/wp-content\/uploads\/sites\/10\/2022\/09\/vidaHoeren_JosefMimlauer_Webartikel-800x533.jpg",800,533,true],"awb_lg":["https:\/\/blog.vida.at\/pensionisten\/wp-content\/uploads\/sites\/10\/2022\/09\/vidaHoeren_JosefMimlauer_Webartikel.jpg",1003,668,false],"awb_xl":["https:\/\/blog.vida.at\/pensionisten\/wp-content\/uploads\/sites\/10\/2022\/09\/vidaHoeren_JosefMimlauer_Webartikel.jpg",1003,668,false]},"post_excerpt_stackable":"<p>Josef Mimlauer, Vorsitzender der vida-PensionistInnen O\u00d6, im Podcast-Gespr\u00e4ch. Wir begeben uns mit\u00a0&#8222;vidaH\u00f6ren&#8220;\u00a0auf L\u00e4ndertour durch \u00d6sterreich und geben den PensionistInnen eine starke Stimme. In dieser Episode machen wir Halt in Linz. Mit unserem Podcast fragen wir nach: Was bewegt die \u00e4ltere Generation in Ober\u00f6sterreich? Wof\u00fcr macht sich die vida stark?\u00a0Warum zahlt es sich auch in der Pension aus, bei der Gewerkschaft Mitglied zu sein?\u00a0Die Antworten gibt es bei \u201evidaH\u00f6ren\u201c mit Josef &#8222;Sepp&#8220; Mimlauer &gt;&gt;&gt; H\u00f6re hier die Podcast-Episode mit Josef Mimlauer &lt;&lt;&lt; \u201eGerade in Krisenzeiten m\u00fcssen wir zusammenhalten und d\u00fcrfen uns nicht auseinanderdividieren lassen. Denn sowohl die \u00e4ltere als auch die&hellip;<\/p>\n","category_list":"<a href=\"https:\/\/blog.vida.at\/pensionisten\/category\/aktuelles\/\" rel=\"category tag\">Aktuelles<\/a>, <a href=\"https:\/\/blog.vida.at\/pensionisten\/category\/allgemein\/\" rel=\"category tag\">Allgemein<\/a>, <a href=\"https:\/\/blog.vida.at\/pensionisten\/category\/top-aktuelles\/\" rel=\"category tag\">Top Aktuelles<\/a>","author_info":{"display_name":"mariontobola","author_link":"https:\/\/blog.vida.at\/pensionisten\/author\/mariontobola\/"},"comments_num":"0 comments","featured_image_urls_v2":{"full":["https:\/\/blog.vida.at\/pensionisten\/wp-content\/uploads\/sites\/10\/2022\/09\/vidaHoeren_JosefMimlauer_Webartikel.jpg",1003,668,false],"thumbnail":["https:\/\/blog.vida.at\/pensionisten\/wp-content\/uploads\/sites\/10\/2022\/09\/vidaHoeren_JosefMimlauer_Webartikel-150x150.jpg",150,150,true],"medium":["https:\/\/blog.vida.at\/pensionisten\/wp-content\/uploads\/sites\/10\/2022\/09\/vidaHoeren_JosefMimlauer_Webartikel-300x200.jpg",300,200,true],"medium_large":["https:\/\/blog.vida.at\/pensionisten\/wp-content\/uploads\/sites\/10\/2022\/09\/vidaHoeren_JosefMimlauer_Webartikel-768x511.jpg",640,426,true],"large":["https:\/\/blog.vida.at\/pensionisten\/wp-content\/uploads\/sites\/10\/2022\/09\/vidaHoeren_JosefMimlauer_Webartikel.jpg",640,426,false],"1536x1536":["https:\/\/blog.vida.at\/pensionisten\/wp-content\/uploads\/sites\/10\/2022\/09\/vidaHoeren_JosefMimlauer_Webartikel.jpg",1003,668,false],"2048x2048":["https:\/\/blog.vida.at\/pensionisten\/wp-content\/uploads\/sites\/10\/2022\/09\/vidaHoeren_JosefMimlauer_Webartikel.jpg",1003,668,false],"ab-block-post-grid-landscape":["https:\/\/blog.vida.at\/pensionisten\/wp-content\/uploads\/sites\/10\/2022\/09\/vidaHoeren_JosefMimlauer_Webartikel-600x400.jpg",600,400,true],"ab-block-post-grid-square":["https:\/\/blog.vida.at\/pensionisten\/wp-content\/uploads\/sites\/10\/2022\/09\/vidaHoeren_JosefMimlauer_Webartikel-600x600.jpg",600,600,true],"post-thumbnail":["https:\/\/blog.vida.at\/pensionisten\/wp-content\/uploads\/sites\/10\/2022\/09\/vidaHoeren_JosefMimlauer_Webartikel.jpg",1003,668,false],"awb_sm":["https:\/\/blog.vida.at\/pensionisten\/wp-content\/uploads\/sites\/10\/2022\/09\/vidaHoeren_JosefMimlauer_Webartikel-500x333.jpg",500,333,true],"awb_md":["https:\/\/blog.vida.at\/pensionisten\/wp-content\/uploads\/sites\/10\/2022\/09\/vidaHoeren_JosefMimlauer_Webartikel-800x533.jpg",800,533,true],"awb_lg":["https:\/\/blog.vida.at\/pensionisten\/wp-content\/uploads\/sites\/10\/2022\/09\/vidaHoeren_JosefMimlauer_Webartikel.jpg",1003,668,false],"awb_xl":["https:\/\/blog.vida.at\/pensionisten\/wp-content\/uploads\/sites\/10\/2022\/09\/vidaHoeren_JosefMimlauer_Webartikel.jpg",1003,668,false]},"post_excerpt_stackable_v2":"<p>Josef Mimlauer, Vorsitzender der vida-PensionistInnen O\u00d6, im Podcast-Gespr\u00e4ch. Wir begeben uns mit\u00a0&#8222;vidaH\u00f6ren&#8220;\u00a0auf L\u00e4ndertour durch \u00d6sterreich und geben den PensionistInnen eine starke Stimme. In dieser Episode machen wir Halt in Linz. Mit unserem Podcast fragen wir nach: Was bewegt die \u00e4ltere Generation in Ober\u00f6sterreich? Wof\u00fcr macht sich die vida stark?\u00a0Warum zahlt es sich auch in der Pension aus, bei der Gewerkschaft Mitglied zu sein?\u00a0Die Antworten gibt es bei \u201evidaH\u00f6ren\u201c mit Josef &#8222;Sepp&#8220; Mimlauer &gt;&gt;&gt; H\u00f6re hier die Podcast-Episode mit Josef Mimlauer &lt;&lt;&lt; \u201eGerade in Krisenzeiten m\u00fcssen wir zusammenhalten und d\u00fcrfen uns nicht auseinanderdividieren lassen. Denn sowohl die \u00e4ltere als auch die&hellip;<\/p>\n","category_list_v2":"<a href=\"https:\/\/blog.vida.at\/pensionisten\/category\/aktuelles\/\" rel=\"category tag\">Aktuelles<\/a>, <a href=\"https:\/\/blog.vida.at\/pensionisten\/category\/allgemein\/\" rel=\"category tag\">Allgemein<\/a>, <a href=\"https:\/\/blog.vida.at\/pensionisten\/category\/top-aktuelles\/\" rel=\"category tag\">Top Aktuelles<\/a>","author_info_v2":{"name":"mariontobola","url":"https:\/\/blog.vida.at\/pensionisten\/author\/mariontobola\/"},"comments_num_v2":"0 comments","yoast_head":"<!-- This site is optimized with the Yoast SEO plugin v27.3 - https:\/\/yoast.com\/product\/yoast-seo-wordpress\/ -->\n<title>&quot;In Linz beginnt\u2019s \u2013 mit vida!&quot;<\/title>\n<meta name=\"robots\" content=\"index, follow, max-snippet:-1, max-image-preview:large, max-video-preview:-1\" \/>\n<link rel=\"canonical\" href=\"https:\/\/blog.vida.at\/pensionisten\/2022\/09\/15\/in-linz-beginnts-mit-vida\/\" \/>\n<meta property=\"og:locale\" content=\"de_DE\" \/>\n<meta property=\"og:type\" content=\"article\" \/>\n<meta property=\"og:title\" content=\"&quot;In Linz beginnt\u2019s \u2013 mit vida!&quot;\" \/>\n<meta property=\"og:description\" content=\"Josef Mimlauer, Vorsitzender der vida-PensionistInnen O\u00d6, im Podcast-Gespr\u00e4ch. Wir begeben uns mit\u00a0&#8222;vidaH\u00f6ren&#8220;\u00a0auf L\u00e4ndertour durch \u00d6sterreich und geben den PensionistInnen eine starke Stimme. In dieser Episode machen wir Halt in Linz.\" \/>\n<meta property=\"og:url\" content=\"https:\/\/blog.vida.at\/pensionisten\/2022\/09\/15\/in-linz-beginnts-mit-vida\/\" \/>\n<meta property=\"og:site_name\" content=\"vida Pensionisten\" \/>\n<meta property=\"article:published_time\" content=\"2022-09-15T08:36:18+00:00\" \/>\n<meta property=\"article:modified_time\" content=\"2022-09-15T08:37:13+00:00\" \/>\n<meta property=\"og:image\" content=\"https:\/\/blog.vida.at\/pensionisten\/wp-content\/uploads\/sites\/10\/2022\/09\/vidaHoeren_JosefMimlauer_Webartikel.jpg\" \/>\n\t<meta property=\"og:image:width\" content=\"1003\" \/>\n\t<meta property=\"og:image:height\" content=\"668\" \/>\n\t<meta property=\"og:image:type\" content=\"image\/jpeg\" \/>\n<meta name=\"author\" content=\"mariontobola\" \/>\n<meta name=\"twitter:card\" content=\"summary_large_image\" \/>\n<meta name=\"twitter:label1\" content=\"Verfasst von\" \/>\n\t<meta name=\"twitter:data1\" content=\"mariontobola\" \/>\n\t<meta name=\"twitter:label2\" content=\"Gesch\u00e4tzte Lesezeit\" \/>\n\t<meta name=\"twitter:data2\" content=\"2\u00a0Minuten\" \/>\n<script type=\"application\/ld+json\" class=\"yoast-schema-graph\">{\"@context\":\"https:\\\/\\\/schema.org\",\"@graph\":[{\"@type\":\"Article\",\"@id\":\"https:\\\/\\\/blog.vida.at\\\/pensionisten\\\/2022\\\/09\\\/15\\\/in-linz-beginnts-mit-vida\\\/#article\",\"isPartOf\":{\"@id\":\"https:\\\/\\\/blog.vida.at\\\/pensionisten\\\/2022\\\/09\\\/15\\\/in-linz-beginnts-mit-vida\\\/\"},\"author\":{\"name\":\"mariontobola\",\"@id\":\"https:\\\/\\\/blog.vida.at\\\/pensionisten\\\/#\\\/schema\\\/person\\\/88cee3ee93b9afdc51c92f5f63f38b8a\"},\"headline\":\"&#8222;In Linz beginnt\u2019s \u2013 mit vida!&#8220;\",\"datePublished\":\"2022-09-15T08:36:18+00:00\",\"dateModified\":\"2022-09-15T08:37:13+00:00\",\"mainEntityOfPage\":{\"@id\":\"https:\\\/\\\/blog.vida.at\\\/pensionisten\\\/2022\\\/09\\\/15\\\/in-linz-beginnts-mit-vida\\\/\"},\"wordCount\":203,\"commentCount\":0,\"image\":{\"@id\":\"https:\\\/\\\/blog.vida.at\\\/pensionisten\\\/2022\\\/09\\\/15\\\/in-linz-beginnts-mit-vida\\\/#primaryimage\"},\"thumbnailUrl\":\"https:\\\/\\\/blog.vida.at\\\/pensionisten\\\/wp-content\\\/uploads\\\/sites\\\/10\\\/2022\\\/09\\\/vidaHoeren_JosefMimlauer_Webartikel.jpg\",\"articleSection\":{\"0\":\"Aktuelles\",\"2\":\"Top Aktuelles\"},\"inLanguage\":\"de\",\"potentialAction\":[{\"@type\":\"CommentAction\",\"name\":\"Comment\",\"target\":[\"https:\\\/\\\/blog.vida.at\\\/pensionisten\\\/2022\\\/09\\\/15\\\/in-linz-beginnts-mit-vida\\\/#respond\"]}]},{\"@type\":\"WebPage\",\"@id\":\"https:\\\/\\\/blog.vida.at\\\/pensionisten\\\/2022\\\/09\\\/15\\\/in-linz-beginnts-mit-vida\\\/\",\"url\":\"https:\\\/\\\/blog.vida.at\\\/pensionisten\\\/2022\\\/09\\\/15\\\/in-linz-beginnts-mit-vida\\\/\",\"name\":\"\\\"In Linz beginnt\u2019s \u2013 mit vida!\\\"\",\"isPartOf\":{\"@id\":\"https:\\\/\\\/blog.vida.at\\\/pensionisten\\\/#website\"},\"primaryImageOfPage\":{\"@id\":\"https:\\\/\\\/blog.vida.at\\\/pensionisten\\\/2022\\\/09\\\/15\\\/in-linz-beginnts-mit-vida\\\/#primaryimage\"},\"image\":{\"@id\":\"https:\\\/\\\/blog.vida.at\\\/pensionisten\\\/2022\\\/09\\\/15\\\/in-linz-beginnts-mit-vida\\\/#primaryimage\"},\"thumbnailUrl\":\"https:\\\/\\\/blog.vida.at\\\/pensionisten\\\/wp-content\\\/uploads\\\/sites\\\/10\\\/2022\\\/09\\\/vidaHoeren_JosefMimlauer_Webartikel.jpg\",\"datePublished\":\"2022-09-15T08:36:18+00:00\",\"dateModified\":\"2022-09-15T08:37:13+00:00\",\"author\":{\"@id\":\"https:\\\/\\\/blog.vida.at\\\/pensionisten\\\/#\\\/schema\\\/person\\\/88cee3ee93b9afdc51c92f5f63f38b8a\"},\"breadcrumb\":{\"@id\":\"https:\\\/\\\/blog.vida.at\\\/pensionisten\\\/2022\\\/09\\\/15\\\/in-linz-beginnts-mit-vida\\\/#breadcrumb\"},\"inLanguage\":\"de\",\"potentialAction\":[{\"@type\":\"ReadAction\",\"target\":[\"https:\\\/\\\/blog.vida.at\\\/pensionisten\\\/2022\\\/09\\\/15\\\/in-linz-beginnts-mit-vida\\\/\"]}]},{\"@type\":\"ImageObject\",\"inLanguage\":\"de\",\"@id\":\"https:\\\/\\\/blog.vida.at\\\/pensionisten\\\/2022\\\/09\\\/15\\\/in-linz-beginnts-mit-vida\\\/#primaryimage\",\"url\":\"https:\\\/\\\/blog.vida.at\\\/pensionisten\\\/wp-content\\\/uploads\\\/sites\\\/10\\\/2022\\\/09\\\/vidaHoeren_JosefMimlauer_Webartikel.jpg\",\"contentUrl\":\"https:\\\/\\\/blog.vida.at\\\/pensionisten\\\/wp-content\\\/uploads\\\/sites\\\/10\\\/2022\\\/09\\\/vidaHoeren_JosefMimlauer_Webartikel.jpg\",\"width\":1003,\"height\":668},{\"@type\":\"BreadcrumbList\",\"@id\":\"https:\\\/\\\/blog.vida.at\\\/pensionisten\\\/2022\\\/09\\\/15\\\/in-linz-beginnts-mit-vida\\\/#breadcrumb\",\"itemListElement\":[{\"@type\":\"ListItem\",\"position\":1,\"name\":\"Startseite\",\"item\":\"https:\\\/\\\/blog.vida.at\\\/pensionisten\\\/\"},{\"@type\":\"ListItem\",\"position\":2,\"name\":\"&#8222;In Linz beginnt\u2019s \u2013 mit vida!&#8220;\"}]},{\"@type\":\"WebSite\",\"@id\":\"https:\\\/\\\/blog.vida.at\\\/pensionisten\\\/#website\",\"url\":\"https:\\\/\\\/blog.vida.at\\\/pensionisten\\\/\",\"name\":\"vida Pensionisten\",\"description\":\"\",\"potentialAction\":[{\"@type\":\"SearchAction\",\"target\":{\"@type\":\"EntryPoint\",\"urlTemplate\":\"https:\\\/\\\/blog.vida.at\\\/pensionisten\\\/?s={search_term_string}\"},\"query-input\":{\"@type\":\"PropertyValueSpecification\",\"valueRequired\":true,\"valueName\":\"search_term_string\"}}],\"inLanguage\":\"de\"},{\"@type\":\"Person\",\"@id\":\"https:\\\/\\\/blog.vida.at\\\/pensionisten\\\/#\\\/schema\\\/person\\\/88cee3ee93b9afdc51c92f5f63f38b8a\",\"name\":\"mariontobola\",\"image\":{\"@type\":\"ImageObject\",\"inLanguage\":\"de\",\"@id\":\"https:\\\/\\\/secure.gravatar.com\\\/avatar\\\/5d2c516985e4eda61bca05bd3b4359b4358135bd1e1a5b08c539e9cd1edd6528?s=96&d=mm&r=g\",\"url\":\"https:\\\/\\\/secure.gravatar.com\\\/avatar\\\/5d2c516985e4eda61bca05bd3b4359b4358135bd1e1a5b08c539e9cd1edd6528?s=96&d=mm&r=g\",\"contentUrl\":\"https:\\\/\\\/secure.gravatar.com\\\/avatar\\\/5d2c516985e4eda61bca05bd3b4359b4358135bd1e1a5b08c539e9cd1edd6528?s=96&d=mm&r=g\",\"caption\":\"mariontobola\"},\"url\":\"https:\\\/\\\/blog.vida.at\\\/pensionisten\\\/author\\\/mariontobola\\\/\"}]}<\/script>\n<!-- \/ Yoast SEO plugin. -->","yoast_head_json":{"title":"\"In Linz beginnt\u2019s \u2013 mit vida!\"","robots":{"index":"index","follow":"follow","max-snippet":"max-snippet:-1","max-image-preview":"max-image-preview:large","max-video-preview":"max-video-preview:-1"},"canonical":"https:\/\/blog.vida.at\/pensionisten\/2022\/09\/15\/in-linz-beginnts-mit-vida\/","og_locale":"de_DE","og_type":"article","og_title":"\"In Linz beginnt\u2019s \u2013 mit vida!\"","og_description":"Josef Mimlauer, Vorsitzender der vida-PensionistInnen O\u00d6, im Podcast-Gespr\u00e4ch. Wir begeben uns mit\u00a0&#8222;vidaH\u00f6ren&#8220;\u00a0auf L\u00e4ndertour durch \u00d6sterreich und geben den PensionistInnen eine starke Stimme. In dieser Episode machen wir Halt in Linz.","og_url":"https:\/\/blog.vida.at\/pensionisten\/2022\/09\/15\/in-linz-beginnts-mit-vida\/","og_site_name":"vida Pensionisten","article_published_time":"2022-09-15T08:36:18+00:00","article_modified_time":"2022-09-15T08:37:13+00:00","og_image":[{"width":1003,"height":668,"url":"https:\/\/blog.vida.at\/pensionisten\/wp-content\/uploads\/sites\/10\/2022\/09\/vidaHoeren_JosefMimlauer_Webartikel.jpg","type":"image\/jpeg"}],"author":"mariontobola","twitter_card":"summary_large_image","twitter_misc":{"Verfasst von":"mariontobola","Gesch\u00e4tzte Lesezeit":"2\u00a0Minuten"},"schema":{"@context":"https:\/\/schema.org","@graph":[{"@type":"Article","@id":"https:\/\/blog.vida.at\/pensionisten\/2022\/09\/15\/in-linz-beginnts-mit-vida\/#article","isPartOf":{"@id":"https:\/\/blog.vida.at\/pensionisten\/2022\/09\/15\/in-linz-beginnts-mit-vida\/"},"author":{"name":"mariontobola","@id":"https:\/\/blog.vida.at\/pensionisten\/#\/schema\/person\/88cee3ee93b9afdc51c92f5f63f38b8a"},"headline":"&#8222;In Linz beginnt\u2019s \u2013 mit vida!&#8220;","datePublished":"2022-09-15T08:36:18+00:00","dateModified":"2022-09-15T08:37:13+00:00","mainEntityOfPage":{"@id":"https:\/\/blog.vida.at\/pensionisten\/2022\/09\/15\/in-linz-beginnts-mit-vida\/"},"wordCount":203,"commentCount":0,"image":{"@id":"https:\/\/blog.vida.at\/pensionisten\/2022\/09\/15\/in-linz-beginnts-mit-vida\/#primaryimage"},"thumbnailUrl":"https:\/\/blog.vida.at\/pensionisten\/wp-content\/uploads\/sites\/10\/2022\/09\/vidaHoeren_JosefMimlauer_Webartikel.jpg","articleSection":{"0":"Aktuelles","2":"Top Aktuelles"},"inLanguage":"de","potentialAction":[{"@type":"CommentAction","name":"Comment","target":["https:\/\/blog.vida.at\/pensionisten\/2022\/09\/15\/in-linz-beginnts-mit-vida\/#respond"]}]},{"@type":"WebPage","@id":"https:\/\/blog.vida.at\/pensionisten\/2022\/09\/15\/in-linz-beginnts-mit-vida\/","url":"https:\/\/blog.vida.at\/pensionisten\/2022\/09\/15\/in-linz-beginnts-mit-vida\/","name":"\"In Linz beginnt\u2019s \u2013 mit vida!\"","isPartOf":{"@id":"https:\/\/blog.vida.at\/pensionisten\/#website"},"primaryImageOfPage":{"@id":"https:\/\/blog.vida.at\/pensionisten\/2022\/09\/15\/in-linz-beginnts-mit-vida\/#primaryimage"},"image":{"@id":"https:\/\/blog.vida.at\/pensionisten\/2022\/09\/15\/in-linz-beginnts-mit-vida\/#primaryimage"},"thumbnailUrl":"https:\/\/blog.vida.at\/pensionisten\/wp-content\/uploads\/sites\/10\/2022\/09\/vidaHoeren_JosefMimlauer_Webartikel.jpg","datePublished":"2022-09-15T08:36:18+00:00","dateModified":"2022-09-15T08:37:13+00:00","author":{"@id":"https:\/\/blog.vida.at\/pensionisten\/#\/schema\/person\/88cee3ee93b9afdc51c92f5f63f38b8a"},"breadcrumb":{"@id":"https:\/\/blog.vida.at\/pensionisten\/2022\/09\/15\/in-linz-beginnts-mit-vida\/#breadcrumb"},"inLanguage":"de","potentialAction":[{"@type":"ReadAction","target":["https:\/\/blog.vida.at\/pensionisten\/2022\/09\/15\/in-linz-beginnts-mit-vida\/"]}]},{"@type":"ImageObject","inLanguage":"de","@id":"https:\/\/blog.vida.at\/pensionisten\/2022\/09\/15\/in-linz-beginnts-mit-vida\/#primaryimage","url":"https:\/\/blog.vida.at\/pensionisten\/wp-content\/uploads\/sites\/10\/2022\/09\/vidaHoeren_JosefMimlauer_Webartikel.jpg","contentUrl":"https:\/\/blog.vida.at\/pensionisten\/wp-content\/uploads\/sites\/10\/2022\/09\/vidaHoeren_JosefMimlauer_Webartikel.jpg","width":1003,"height":668},{"@type":"BreadcrumbList","@id":"https:\/\/blog.vida.at\/pensionisten\/2022\/09\/15\/in-linz-beginnts-mit-vida\/#breadcrumb","itemListElement":[{"@type":"ListItem","position":1,"name":"Startseite","item":"https:\/\/blog.vida.at\/pensionisten\/"},{"@type":"ListItem","position":2,"name":"&#8222;In Linz beginnt\u2019s \u2013 mit vida!&#8220;"}]},{"@type":"WebSite","@id":"https:\/\/blog.vida.at\/pensionisten\/#website","url":"https:\/\/blog.vida.at\/pensionisten\/","name":"vida Pensionisten","description":"","potentialAction":[{"@type":"SearchAction","target":{"@type":"EntryPoint","urlTemplate":"https:\/\/blog.vida.at\/pensionisten\/?s={search_term_string}"},"query-input":{"@type":"PropertyValueSpecification","valueRequired":true,"valueName":"search_term_string"}}],"inLanguage":"de"},{"@type":"Person","@id":"https:\/\/blog.vida.at\/pensionisten\/#\/schema\/person\/88cee3ee93b9afdc51c92f5f63f38b8a","name":"mariontobola","image":{"@type":"ImageObject","inLanguage":"de","@id":"https:\/\/secure.gravatar.com\/avatar\/5d2c516985e4eda61bca05bd3b4359b4358135bd1e1a5b08c539e9cd1edd6528?s=96&d=mm&r=g","url":"https:\/\/secure.gravatar.com\/avatar\/5d2c516985e4eda61bca05bd3b4359b4358135bd1e1a5b08c539e9cd1edd6528?s=96&d=mm&r=g","contentUrl":"https:\/\/secure.gravatar.com\/avatar\/5d2c516985e4eda61bca05bd3b4359b4358135bd1e1a5b08c539e9cd1edd6528?s=96&d=mm&r=g","caption":"mariontobola"},"url":"https:\/\/blog.vida.at\/pensionisten\/author\/mariontobola\/"}]}},"author_meta":{"display_name":"mariontobola","author_link":"https:\/\/blog.vida.at\/pensionisten\/author\/mariontobola\/"},"featured_img":"https:\/\/blog.vida.at\/pensionisten\/wp-content\/uploads\/sites\/10\/2022\/09\/vidaHoeren_JosefMimlauer_Webartikel-300x200.jpg","featured_image_src":"https:\/\/blog.vida.at\/pensionisten\/wp-content\/uploads\/sites\/10\/2022\/09\/vidaHoeren_JosefMimlauer_Webartikel-600x400.jpg","featured_image_src_square":"https:\/\/blog.vida.at\/pensionisten\/wp-content\/uploads\/sites\/10\/2022\/09\/vidaHoeren_JosefMimlauer_Webartikel-600x600.jpg","uagb_featured_image_src":{"full":["https:\/\/blog.vida.at\/pensionisten\/wp-content\/uploads\/sites\/10\/2022\/09\/vidaHoeren_JosefMimlauer_Webartikel.jpg",1003,668,false],"thumbnail":["https:\/\/blog.vida.at\/pensionisten\/wp-content\/uploads\/sites\/10\/2022\/09\/vidaHoeren_JosefMimlauer_Webartikel-150x150.jpg",150,150,true],"medium":["https:\/\/blog.vida.at\/pensionisten\/wp-content\/uploads\/sites\/10\/2022\/09\/vidaHoeren_JosefMimlauer_Webartikel-300x200.jpg",300,200,true],"medium_large":["https:\/\/blog.vida.at\/pensionisten\/wp-content\/uploads\/sites\/10\/2022\/09\/vidaHoeren_JosefMimlauer_Webartikel-768x511.jpg",640,426,true],"large":["https:\/\/blog.vida.at\/pensionisten\/wp-content\/uploads\/sites\/10\/2022\/09\/vidaHoeren_JosefMimlauer_Webartikel.jpg",640,426,false],"1536x1536":["https:\/\/blog.vida.at\/pensionisten\/wp-content\/uploads\/sites\/10\/2022\/09\/vidaHoeren_JosefMimlauer_Webartikel.jpg",1003,668,false],"2048x2048":["https:\/\/blog.vida.at\/pensionisten\/wp-content\/uploads\/sites\/10\/2022\/09\/vidaHoeren_JosefMimlauer_Webartikel.jpg",1003,668,false],"ab-block-post-grid-landscape":["https:\/\/blog.vida.at\/pensionisten\/wp-content\/uploads\/sites\/10\/2022\/09\/vidaHoeren_JosefMimlauer_Webartikel-600x400.jpg",600,400,true],"ab-block-post-grid-square":["https:\/\/blog.vida.at\/pensionisten\/wp-content\/uploads\/sites\/10\/2022\/09\/vidaHoeren_JosefMimlauer_Webartikel-600x600.jpg",600,600,true],"post-thumbnail":["https:\/\/blog.vida.at\/pensionisten\/wp-content\/uploads\/sites\/10\/2022\/09\/vidaHoeren_JosefMimlauer_Webartikel.jpg",1003,668,false],"awb_sm":["https:\/\/blog.vida.at\/pensionisten\/wp-content\/uploads\/sites\/10\/2022\/09\/vidaHoeren_JosefMimlauer_Webartikel-500x333.jpg",500,333,true],"awb_md":["https:\/\/blog.vida.at\/pensionisten\/wp-content\/uploads\/sites\/10\/2022\/09\/vidaHoeren_JosefMimlauer_Webartikel-800x533.jpg",800,533,true],"awb_lg":["https:\/\/blog.vida.at\/pensionisten\/wp-content\/uploads\/sites\/10\/2022\/09\/vidaHoeren_JosefMimlauer_Webartikel.jpg",1003,668,false],"awb_xl":["https:\/\/blog.vida.at\/pensionisten\/wp-content\/uploads\/sites\/10\/2022\/09\/vidaHoeren_JosefMimlauer_Webartikel.jpg",1003,668,false]},"uagb_author_info":{"display_name":"mariontobola","author_link":"https:\/\/blog.vida.at\/pensionisten\/author\/mariontobola\/"},"uagb_comment_info":0,"uagb_excerpt":"Josef Mimlauer, Vorsitzender der vida-PensionistInnen O\u00d6, im Podcast-Gespr\u00e4ch. Wir begeben uns mit\u00a0&#8222;vidaH\u00f6ren&#8220;\u00a0auf L\u00e4ndertour durch \u00d6sterreich und geben den PensionistInnen eine starke Stimme. In dieser Episode machen wir Halt in Linz.","coauthors":[],"tax_additional":{"categories":{"linked":["<a href=\"https:\/\/blog.vida.at\/pensionisten\/category\/aktuelles\/\" class=\"advgb-post-tax-term\">Aktuelles<\/a>","<a href=\"https:\/\/blog.vida.at\/pensionisten\/category\/allgemein\/\" class=\"advgb-post-tax-term\">Allgemein<\/a>","<a href=\"https:\/\/blog.vida.at\/pensionisten\/category\/top-aktuelles\/\" class=\"advgb-post-tax-term\">Top Aktuelles<\/a>"],"unlinked":["<span class=\"advgb-post-tax-term\">Aktuelles<\/span>","<span class=\"advgb-post-tax-term\">Allgemein<\/span>","<span class=\"advgb-post-tax-term\">Top Aktuelles<\/span>"]}},"comment_count":"0","relative_dates":{"created":"Ver\u00f6ffentlicht 4\u00a0Jahren vor","modified":"Aktualisiert 4\u00a0Jahren vor"},"absolute_dates":{"created":"Ver\u00f6ffentlicht am 15. September 2022","modified":"Aktualisiert am 15. September 2022"},"absolute_dates_time":{"created":"Ver\u00f6ffentlicht am 15. September 2022 10:36","modified":"Aktualisiert am 15. September 2022 10:37"},"featured_img_caption":"","series_order":"","_links":{"self":[{"href":"https:\/\/blog.vida.at\/pensionisten\/wp-json\/wp\/v2\/posts\/5407","targetHints":{"allow":["GET"]}}],"collection":[{"href":"https:\/\/blog.vida.at\/pensionisten\/wp-json\/wp\/v2\/posts"}],"about":[{"href":"https:\/\/blog.vida.at\/pensionisten\/wp-json\/wp\/v2\/types\/post"}],"author":[{"embeddable":true,"href":"https:\/\/blog.vida.at\/pensionisten\/wp-json\/wp\/v2\/users\/8"}],"replies":[{"embeddable":true,"href":"https:\/\/blog.vida.at\/pensionisten\/wp-json\/wp\/v2\/comments?post=5407"}],"version-history":[{"count":3,"href":"https:\/\/blog.vida.at\/pensionisten\/wp-json\/wp\/v2\/posts\/5407\/revisions"}],"predecessor-version":[{"id":5411,"href":"https:\/\/blog.vida.at\/pensionisten\/wp-json\/wp\/v2\/posts\/5407\/revisions\/5411"}],"wp:featuredmedia":[{"embeddable":true,"href":"https:\/\/blog.vida.at\/pensionisten\/wp-json\/wp\/v2\/media\/5408"}],"wp:attachment":[{"href":"https:\/\/blog.vida.at\/pensionisten\/wp-json\/wp\/v2\/media?parent=5407"}],"wp:term":[{"taxonomy":"category","embeddable":true,"href":"https:\/\/blog.vida.at\/pensionisten\/wp-json\/wp\/v2\/categories?post=5407"},{"taxonomy":"post_tag","embeddable":true,"href":"https:\/\/blog.vida.at\/pensionisten\/wp-json\/wp\/v2\/tags?post=5407"},{"taxonomy":"Orte","embeddable":true,"href":"https:\/\/blog.vida.at\/pensionisten\/wp-json\/wp\/v2\/Orte?post=5407"},{"taxonomy":"activitytype","embeddable":true,"href":"https:\/\/blog.vida.at\/pensionisten\/wp-json\/wp\/v2\/activitytype?post=5407"}],"curies":[{"name":"wp","href":"https:\/\/api.w.org\/{rel}","templated":true}]}}