
{"id":5754,"date":"2022-11-14T14:49:57","date_gmt":"2022-11-14T13:49:57","guid":{"rendered":"https:\/\/blog.vida.at\/pensionisten\/?p=5754"},"modified":"2022-11-14T14:51:49","modified_gmt":"2022-11-14T13:51:49","slug":"danke-fuer-deine-solidaritaet","status":"publish","type":"post","link":"https:\/\/blog.vida.at\/pensionisten\/2022\/11\/14\/danke-fuer-deine-solidaritaet\/","title":{"rendered":"DANKE f\u00fcr deine Solidarit\u00e4t"},"content":{"rendered":"\n<div class=\"wp-block-group Container advgb-dyn-2df7e839\"><div class=\"wp-block-group__inner-container is-layout-flow wp-block-group-is-layout-flow\">\n<h4 class=\"wp-block-heading\">Mitglieder der vida-Region St. Veit\/Feldkirchen geehrt. <\/h4>\n\n\n\n<br>\n\n\n\n<p><\/p>\n\n\n\n<!--more-->\n\n\n\n<p>Nach zweij\u00e4hriger Corona-Pause konnten wir in unserer Region endlich wieder die <strong>Ehrungen<\/strong> pers\u00f6nlich und w\u00fcrdevoll durchf\u00fchren. Mit dabei waren unter anderem der Bundesvorsitzende der vida-PensionistInnen, <strong>Rudolf Srba<\/strong>, der Regionsvorsitzende der Region St. Veit\/Feldkirchen, <strong>Reinhold P\u00f6tschger<\/strong>, und der Landesvorsitzende der vida-PensionistInnen K\u00e4rnten, <strong>Roman Kobald<\/strong>. Nach einem ausgezeichneten Essen im <strong>Vereinsheim des ESV St. Veit<\/strong> \u2013 gro\u00dfer Dank geb\u00fchrt der Wirtin Andrea Winkler und ihrem Team \u2013 ging es wohlgest\u00e4rkt zur Mitgliederehrung.<\/p>\n\n\n\n<p><strong><span style=\"color: #f80606\" class=\"stk-highlight\">Wir danken f\u00fcr die Treue:<\/span><\/strong><\/p>\n\n\n\n<ul class=\"wp-block-list\">\n<li><strong><span style=\"color: #0073a8\" class=\"stk-highlight\">Viktor Sodamin <\/span><\/strong>und <strong><span style=\"color: #0073a8\" class=\"stk-highlight\">Alfred Zitter<\/span><\/strong> f\u00fcr <strong>70 Jahre<\/strong> Gewerkschaftsmitgliedschaft<\/li>\n\n\n\n<li><strong><span style=\"color: #0073a8\" class=\"stk-highlight\">Johann Posch<\/span><\/strong>, <strong><span style=\"color: #0073a8\" class=\"stk-highlight\">Franz Pucher<\/span><\/strong> und <span style=\"color: #0073a8\" class=\"stk-highlight\"><strong>Heinz Wabnegger<\/strong> <\/span>f\u00fcr<strong> 60 Jahre<\/strong> Gewerkschaftsmitgliedschaft<\/li>\n\n\n\n<li><strong><span style=\"color: #0073a8\" class=\"stk-highlight\">Manfred Lauhart<\/span><\/strong>, <strong><span style=\"color: #0073a8\" class=\"stk-highlight\">Karl Miklautz<\/span><\/strong>, <strong><span style=\"color: #0073a8\" class=\"stk-highlight\">G\u00fcnter Potz <\/span><\/strong>und <strong><span style=\"color: #0073a8\" class=\"stk-highlight\">Jakob Salbrechter<\/span><\/strong> f\u00fcr <strong>40 Jahre<\/strong> Gewerkschaftsmitgliedschaft<\/li>\n\n\n\n<li><strong><span style=\"color: #0073a8\" class=\"stk-highlight\">Dr. Thomas Kaiser Kaplaner <\/span><\/strong>f\u00fcr <strong>25 Jahre<\/strong> Gewerkschaftsmitgliedschaft<\/li>\n<\/ul>\n\n\n\n<p>Im Anschluss fand bei vollem Saal die <strong>Infoveranstaltung<\/strong> statt, bei der die Kolleginnen und Kollegen die <strong>Rede unseres vida-BundespensionistInnenvorsitzenden<\/strong>, Rudolf Srba, aufmerksam mitverfolgten. Nach <strong>reger Diskussion, Kaffee und Kuchen<\/strong> klang die Veranstaltung gem\u00fctlich aus.<\/p>\n\n\n\n<p><span style=\"color: #fd0404\" class=\"stk-highlight\"><strong>Wir freuen uns auf die n\u00e4chste gemeinsame Veranstaltung und bedanken uns f\u00fcr eure Solidarit\u00e4t und Treue.<\/strong><\/span><\/p>\n<\/div><\/div>\n\n\n\n<p><\/p>\n\n\n\n<figure class=\"wp-block-gallery has-nested-images columns-default is-cropped wp-block-gallery-1 is-layout-flex wp-block-gallery-is-layout-flex\">\n<figure class=\"wp-block-image size-large\"><img loading=\"lazy\" decoding=\"async\" width=\"1024\" height=\"683\" data-id=\"5758\" src=\"https:\/\/blog.vida.at\/pensionisten\/wp-content\/uploads\/sites\/10\/2022\/11\/1668187402695-1-1024x683.jpg\" alt=\"\" class=\"wp-image-5758\" srcset=\"https:\/\/blog.vida.at\/pensionisten\/wp-content\/uploads\/sites\/10\/2022\/11\/1668187402695-1-1024x683.jpg 1024w, https:\/\/blog.vida.at\/pensionisten\/wp-content\/uploads\/sites\/10\/2022\/11\/1668187402695-1-300x200.jpg 300w, https:\/\/blog.vida.at\/pensionisten\/wp-content\/uploads\/sites\/10\/2022\/11\/1668187402695-1-768x512.jpg 768w, https:\/\/blog.vida.at\/pensionisten\/wp-content\/uploads\/sites\/10\/2022\/11\/1668187402695-1-1536x1024.jpg 1536w, https:\/\/blog.vida.at\/pensionisten\/wp-content\/uploads\/sites\/10\/2022\/11\/1668187402695-1-2048x1365.jpg 2048w, https:\/\/blog.vida.at\/pensionisten\/wp-content\/uploads\/sites\/10\/2022\/11\/1668187402695-1-500x333.jpg 500w, https:\/\/blog.vida.at\/pensionisten\/wp-content\/uploads\/sites\/10\/2022\/11\/1668187402695-1-800x533.jpg 800w, https:\/\/blog.vida.at\/pensionisten\/wp-content\/uploads\/sites\/10\/2022\/11\/1668187402695-1-1280x853.jpg 1280w, https:\/\/blog.vida.at\/pensionisten\/wp-content\/uploads\/sites\/10\/2022\/11\/1668187402695-1-1920x1280.jpg 1920w, https:\/\/blog.vida.at\/pensionisten\/wp-content\/uploads\/sites\/10\/2022\/11\/1668187402695-1-600x400.jpg 600w, https:\/\/blog.vida.at\/pensionisten\/wp-content\/uploads\/sites\/10\/2022\/11\/1668187402695-1-1568x1045.jpg 1568w\" sizes=\"auto, (max-width: 1024px) 100vw, 1024px\" \/><\/figure>\n\n\n\n<figure class=\"wp-block-image size-large\"><img loading=\"lazy\" decoding=\"async\" width=\"1024\" height=\"683\" data-id=\"5759\" src=\"https:\/\/blog.vida.at\/pensionisten\/wp-content\/uploads\/sites\/10\/2022\/11\/1668187402727-1024x683.jpg\" alt=\"\" class=\"wp-image-5759\" srcset=\"https:\/\/blog.vida.at\/pensionisten\/wp-content\/uploads\/sites\/10\/2022\/11\/1668187402727-1024x683.jpg 1024w, https:\/\/blog.vida.at\/pensionisten\/wp-content\/uploads\/sites\/10\/2022\/11\/1668187402727-300x200.jpg 300w, https:\/\/blog.vida.at\/pensionisten\/wp-content\/uploads\/sites\/10\/2022\/11\/1668187402727-768x512.jpg 768w, https:\/\/blog.vida.at\/pensionisten\/wp-content\/uploads\/sites\/10\/2022\/11\/1668187402727-1536x1024.jpg 1536w, https:\/\/blog.vida.at\/pensionisten\/wp-content\/uploads\/sites\/10\/2022\/11\/1668187402727-2048x1366.jpg 2048w, https:\/\/blog.vida.at\/pensionisten\/wp-content\/uploads\/sites\/10\/2022\/11\/1668187402727-500x333.jpg 500w, https:\/\/blog.vida.at\/pensionisten\/wp-content\/uploads\/sites\/10\/2022\/11\/1668187402727-800x533.jpg 800w, https:\/\/blog.vida.at\/pensionisten\/wp-content\/uploads\/sites\/10\/2022\/11\/1668187402727-1280x854.jpg 1280w, https:\/\/blog.vida.at\/pensionisten\/wp-content\/uploads\/sites\/10\/2022\/11\/1668187402727-1920x1280.jpg 1920w, https:\/\/blog.vida.at\/pensionisten\/wp-content\/uploads\/sites\/10\/2022\/11\/1668187402727-600x400.jpg 600w, https:\/\/blog.vida.at\/pensionisten\/wp-content\/uploads\/sites\/10\/2022\/11\/1668187402727-1568x1046.jpg 1568w\" sizes=\"auto, (max-width: 1024px) 100vw, 1024px\" \/><\/figure>\n\n\n\n<figure class=\"wp-block-image size-large\"><img loading=\"lazy\" decoding=\"async\" width=\"1024\" height=\"683\" data-id=\"5755\" src=\"https:\/\/blog.vida.at\/pensionisten\/wp-content\/uploads\/sites\/10\/2022\/11\/1668187402742-1024x683.jpg\" alt=\"\" class=\"wp-image-5755\" srcset=\"https:\/\/blog.vida.at\/pensionisten\/wp-content\/uploads\/sites\/10\/2022\/11\/1668187402742-1024x683.jpg 1024w, https:\/\/blog.vida.at\/pensionisten\/wp-content\/uploads\/sites\/10\/2022\/11\/1668187402742-300x200.jpg 300w, https:\/\/blog.vida.at\/pensionisten\/wp-content\/uploads\/sites\/10\/2022\/11\/1668187402742-768x512.jpg 768w, https:\/\/blog.vida.at\/pensionisten\/wp-content\/uploads\/sites\/10\/2022\/11\/1668187402742-1536x1024.jpg 1536w, https:\/\/blog.vida.at\/pensionisten\/wp-content\/uploads\/sites\/10\/2022\/11\/1668187402742-2048x1366.jpg 2048w, https:\/\/blog.vida.at\/pensionisten\/wp-content\/uploads\/sites\/10\/2022\/11\/1668187402742-500x333.jpg 500w, https:\/\/blog.vida.at\/pensionisten\/wp-content\/uploads\/sites\/10\/2022\/11\/1668187402742-800x533.jpg 800w, https:\/\/blog.vida.at\/pensionisten\/wp-content\/uploads\/sites\/10\/2022\/11\/1668187402742-1280x854.jpg 1280w, https:\/\/blog.vida.at\/pensionisten\/wp-content\/uploads\/sites\/10\/2022\/11\/1668187402742-1920x1280.jpg 1920w, https:\/\/blog.vida.at\/pensionisten\/wp-content\/uploads\/sites\/10\/2022\/11\/1668187402742-600x400.jpg 600w, https:\/\/blog.vida.at\/pensionisten\/wp-content\/uploads\/sites\/10\/2022\/11\/1668187402742-1568x1046.jpg 1568w\" sizes=\"auto, (max-width: 1024px) 100vw, 1024px\" \/><\/figure>\n\n\n\n<figure class=\"wp-block-image size-large\"><img loading=\"lazy\" decoding=\"async\" width=\"1024\" height=\"683\" data-id=\"5760\" src=\"https:\/\/blog.vida.at\/pensionisten\/wp-content\/uploads\/sites\/10\/2022\/11\/1668187402772-1024x683.jpg\" alt=\"\" class=\"wp-image-5760\" srcset=\"https:\/\/blog.vida.at\/pensionisten\/wp-content\/uploads\/sites\/10\/2022\/11\/1668187402772-1024x683.jpg 1024w, https:\/\/blog.vida.at\/pensionisten\/wp-content\/uploads\/sites\/10\/2022\/11\/1668187402772-300x200.jpg 300w, https:\/\/blog.vida.at\/pensionisten\/wp-content\/uploads\/sites\/10\/2022\/11\/1668187402772-768x512.jpg 768w, https:\/\/blog.vida.at\/pensionisten\/wp-content\/uploads\/sites\/10\/2022\/11\/1668187402772-1536x1024.jpg 1536w, https:\/\/blog.vida.at\/pensionisten\/wp-content\/uploads\/sites\/10\/2022\/11\/1668187402772-2048x1365.jpg 2048w, https:\/\/blog.vida.at\/pensionisten\/wp-content\/uploads\/sites\/10\/2022\/11\/1668187402772-500x333.jpg 500w, https:\/\/blog.vida.at\/pensionisten\/wp-content\/uploads\/sites\/10\/2022\/11\/1668187402772-800x533.jpg 800w, https:\/\/blog.vida.at\/pensionisten\/wp-content\/uploads\/sites\/10\/2022\/11\/1668187402772-1280x853.jpg 1280w, https:\/\/blog.vida.at\/pensionisten\/wp-content\/uploads\/sites\/10\/2022\/11\/1668187402772-1920x1280.jpg 1920w, https:\/\/blog.vida.at\/pensionisten\/wp-content\/uploads\/sites\/10\/2022\/11\/1668187402772-600x400.jpg 600w, https:\/\/blog.vida.at\/pensionisten\/wp-content\/uploads\/sites\/10\/2022\/11\/1668187402772-1568x1045.jpg 1568w\" sizes=\"auto, (max-width: 1024px) 100vw, 1024px\" \/><\/figure>\n\n\n\n<figure class=\"wp-block-image size-large\"><img loading=\"lazy\" decoding=\"async\" width=\"1024\" height=\"682\" data-id=\"5756\" src=\"https:\/\/blog.vida.at\/pensionisten\/wp-content\/uploads\/sites\/10\/2022\/11\/1668187402788-1024x682.jpg\" alt=\"\" class=\"wp-image-5756\" srcset=\"https:\/\/blog.vida.at\/pensionisten\/wp-content\/uploads\/sites\/10\/2022\/11\/1668187402788-1024x682.jpg 1024w, https:\/\/blog.vida.at\/pensionisten\/wp-content\/uploads\/sites\/10\/2022\/11\/1668187402788-300x200.jpg 300w, https:\/\/blog.vida.at\/pensionisten\/wp-content\/uploads\/sites\/10\/2022\/11\/1668187402788-768x512.jpg 768w, https:\/\/blog.vida.at\/pensionisten\/wp-content\/uploads\/sites\/10\/2022\/11\/1668187402788-1536x1024.jpg 1536w, https:\/\/blog.vida.at\/pensionisten\/wp-content\/uploads\/sites\/10\/2022\/11\/1668187402788-500x333.jpg 500w, https:\/\/blog.vida.at\/pensionisten\/wp-content\/uploads\/sites\/10\/2022\/11\/1668187402788-800x533.jpg 800w, https:\/\/blog.vida.at\/pensionisten\/wp-content\/uploads\/sites\/10\/2022\/11\/1668187402788-1280x853.jpg 1280w, https:\/\/blog.vida.at\/pensionisten\/wp-content\/uploads\/sites\/10\/2022\/11\/1668187402788-1920x1280.jpg 1920w, https:\/\/blog.vida.at\/pensionisten\/wp-content\/uploads\/sites\/10\/2022\/11\/1668187402788-600x400.jpg 600w, https:\/\/blog.vida.at\/pensionisten\/wp-content\/uploads\/sites\/10\/2022\/11\/1668187402788-1568x1045.jpg 1568w, https:\/\/blog.vida.at\/pensionisten\/wp-content\/uploads\/sites\/10\/2022\/11\/1668187402788.jpg 1994w\" sizes=\"auto, (max-width: 1024px) 100vw, 1024px\" \/><\/figure>\n\n\n\n<figure class=\"wp-block-image size-large\"><img loading=\"lazy\" decoding=\"async\" width=\"1024\" height=\"683\" data-id=\"5757\" src=\"https:\/\/blog.vida.at\/pensionisten\/wp-content\/uploads\/sites\/10\/2022\/11\/1668187402803-1024x683.jpg\" alt=\"\" class=\"wp-image-5757\" srcset=\"https:\/\/blog.vida.at\/pensionisten\/wp-content\/uploads\/sites\/10\/2022\/11\/1668187402803-1024x683.jpg 1024w, https:\/\/blog.vida.at\/pensionisten\/wp-content\/uploads\/sites\/10\/2022\/11\/1668187402803-300x200.jpg 300w, https:\/\/blog.vida.at\/pensionisten\/wp-content\/uploads\/sites\/10\/2022\/11\/1668187402803-768x512.jpg 768w, https:\/\/blog.vida.at\/pensionisten\/wp-content\/uploads\/sites\/10\/2022\/11\/1668187402803-1536x1025.jpg 1536w, https:\/\/blog.vida.at\/pensionisten\/wp-content\/uploads\/sites\/10\/2022\/11\/1668187402803-500x334.jpg 500w, https:\/\/blog.vida.at\/pensionisten\/wp-content\/uploads\/sites\/10\/2022\/11\/1668187402803-800x534.jpg 800w, https:\/\/blog.vida.at\/pensionisten\/wp-content\/uploads\/sites\/10\/2022\/11\/1668187402803-1280x854.jpg 1280w, https:\/\/blog.vida.at\/pensionisten\/wp-content\/uploads\/sites\/10\/2022\/11\/1668187402803-1920x1281.jpg 1920w, https:\/\/blog.vida.at\/pensionisten\/wp-content\/uploads\/sites\/10\/2022\/11\/1668187402803-600x400.jpg 600w, https:\/\/blog.vida.at\/pensionisten\/wp-content\/uploads\/sites\/10\/2022\/11\/1668187402803-1568x1046.jpg 1568w, https:\/\/blog.vida.at\/pensionisten\/wp-content\/uploads\/sites\/10\/2022\/11\/1668187402803.jpg 1949w\" sizes=\"auto, (max-width: 1024px) 100vw, 1024px\" \/><\/figure>\n\n\n\n<figure class=\"wp-block-image size-large\"><img loading=\"lazy\" decoding=\"async\" width=\"1024\" height=\"683\" data-id=\"5762\" src=\"https:\/\/blog.vida.at\/pensionisten\/wp-content\/uploads\/sites\/10\/2022\/11\/1668187402818-1024x683.jpg\" alt=\"\" class=\"wp-image-5762\" srcset=\"https:\/\/blog.vida.at\/pensionisten\/wp-content\/uploads\/sites\/10\/2022\/11\/1668187402818-1024x683.jpg 1024w, https:\/\/blog.vida.at\/pensionisten\/wp-content\/uploads\/sites\/10\/2022\/11\/1668187402818-300x200.jpg 300w, https:\/\/blog.vida.at\/pensionisten\/wp-content\/uploads\/sites\/10\/2022\/11\/1668187402818-768x512.jpg 768w, https:\/\/blog.vida.at\/pensionisten\/wp-content\/uploads\/sites\/10\/2022\/11\/1668187402818-1536x1024.jpg 1536w, https:\/\/blog.vida.at\/pensionisten\/wp-content\/uploads\/sites\/10\/2022\/11\/1668187402818-500x333.jpg 500w, https:\/\/blog.vida.at\/pensionisten\/wp-content\/uploads\/sites\/10\/2022\/11\/1668187402818-800x533.jpg 800w, https:\/\/blog.vida.at\/pensionisten\/wp-content\/uploads\/sites\/10\/2022\/11\/1668187402818-1280x853.jpg 1280w, https:\/\/blog.vida.at\/pensionisten\/wp-content\/uploads\/sites\/10\/2022\/11\/1668187402818-1920x1280.jpg 1920w, https:\/\/blog.vida.at\/pensionisten\/wp-content\/uploads\/sites\/10\/2022\/11\/1668187402818-600x400.jpg 600w, https:\/\/blog.vida.at\/pensionisten\/wp-content\/uploads\/sites\/10\/2022\/11\/1668187402818-1568x1045.jpg 1568w, https:\/\/blog.vida.at\/pensionisten\/wp-content\/uploads\/sites\/10\/2022\/11\/1668187402818.jpg 1965w\" sizes=\"auto, (max-width: 1024px) 100vw, 1024px\" \/><\/figure>\n\n\n\n<figure class=\"wp-block-image size-large\"><img loading=\"lazy\" decoding=\"async\" width=\"1024\" height=\"682\" data-id=\"5763\" src=\"https:\/\/blog.vida.at\/pensionisten\/wp-content\/uploads\/sites\/10\/2022\/11\/1668187402833-1024x682.jpg\" alt=\"\" class=\"wp-image-5763\" srcset=\"https:\/\/blog.vida.at\/pensionisten\/wp-content\/uploads\/sites\/10\/2022\/11\/1668187402833-1024x682.jpg 1024w, https:\/\/blog.vida.at\/pensionisten\/wp-content\/uploads\/sites\/10\/2022\/11\/1668187402833-300x200.jpg 300w, https:\/\/blog.vida.at\/pensionisten\/wp-content\/uploads\/sites\/10\/2022\/11\/1668187402833-768x512.jpg 768w, https:\/\/blog.vida.at\/pensionisten\/wp-content\/uploads\/sites\/10\/2022\/11\/1668187402833-1536x1024.jpg 1536w, https:\/\/blog.vida.at\/pensionisten\/wp-content\/uploads\/sites\/10\/2022\/11\/1668187402833-500x333.jpg 500w, https:\/\/blog.vida.at\/pensionisten\/wp-content\/uploads\/sites\/10\/2022\/11\/1668187402833-800x533.jpg 800w, https:\/\/blog.vida.at\/pensionisten\/wp-content\/uploads\/sites\/10\/2022\/11\/1668187402833-1280x853.jpg 1280w, https:\/\/blog.vida.at\/pensionisten\/wp-content\/uploads\/sites\/10\/2022\/11\/1668187402833-1920x1280.jpg 1920w, https:\/\/blog.vida.at\/pensionisten\/wp-content\/uploads\/sites\/10\/2022\/11\/1668187402833-600x400.jpg 600w, https:\/\/blog.vida.at\/pensionisten\/wp-content\/uploads\/sites\/10\/2022\/11\/1668187402833-1568x1045.jpg 1568w, https:\/\/blog.vida.at\/pensionisten\/wp-content\/uploads\/sites\/10\/2022\/11\/1668187402833.jpg 1922w\" sizes=\"auto, (max-width: 1024px) 100vw, 1024px\" \/><\/figure>\n\n\n\n<figure class=\"wp-block-image size-large\"><img loading=\"lazy\" decoding=\"async\" width=\"1024\" height=\"683\" data-id=\"5761\" src=\"https:\/\/blog.vida.at\/pensionisten\/wp-content\/uploads\/sites\/10\/2022\/11\/1668187402850-1024x683.jpg\" alt=\"\" class=\"wp-image-5761\" srcset=\"https:\/\/blog.vida.at\/pensionisten\/wp-content\/uploads\/sites\/10\/2022\/11\/1668187402850-1024x683.jpg 1024w, https:\/\/blog.vida.at\/pensionisten\/wp-content\/uploads\/sites\/10\/2022\/11\/1668187402850-300x200.jpg 300w, https:\/\/blog.vida.at\/pensionisten\/wp-content\/uploads\/sites\/10\/2022\/11\/1668187402850-768x512.jpg 768w, https:\/\/blog.vida.at\/pensionisten\/wp-content\/uploads\/sites\/10\/2022\/11\/1668187402850-1536x1024.jpg 1536w, https:\/\/blog.vida.at\/pensionisten\/wp-content\/uploads\/sites\/10\/2022\/11\/1668187402850-500x333.jpg 500w, https:\/\/blog.vida.at\/pensionisten\/wp-content\/uploads\/sites\/10\/2022\/11\/1668187402850-800x533.jpg 800w, https:\/\/blog.vida.at\/pensionisten\/wp-content\/uploads\/sites\/10\/2022\/11\/1668187402850-1280x854.jpg 1280w, https:\/\/blog.vida.at\/pensionisten\/wp-content\/uploads\/sites\/10\/2022\/11\/1668187402850-600x400.jpg 600w, https:\/\/blog.vida.at\/pensionisten\/wp-content\/uploads\/sites\/10\/2022\/11\/1668187402850-1568x1046.jpg 1568w, https:\/\/blog.vida.at\/pensionisten\/wp-content\/uploads\/sites\/10\/2022\/11\/1668187402850.jpg 1801w\" sizes=\"auto, (max-width: 1024px) 100vw, 1024px\" \/><\/figure>\n<\/figure>\n","protected":false},"excerpt":{"rendered":"<p>Mitglieder der vida-Region St. Veit\/Feldkirchen geehrt.<\/p>\n","protected":false},"author":8,"featured_media":5758,"comment_status":"open","ping_status":"open","sticky":false,"template":"","format":"standard","meta":{"_uag_custom_page_level_css":"","advgb_blocks_editor_width":"","advgb_blocks_columns_visual_guide":"","footnotes":""},"categories":[1,56,49],"tags":[],"Orte":[],"activitytype":[],"class_list":["post-5754","post","type-post","status-publish","format-standard","has-post-thumbnail","hentry","category-allgemein","category-kaernten","category-ortsgruppen","entry"],"featured_image_urls":{"full":["https:\/\/blog.vida.at\/pensionisten\/wp-content\/uploads\/sites\/10\/2022\/11\/1668187402695-1.jpg",2454,1636,false],"thumbnail":["https:\/\/blog.vida.at\/pensionisten\/wp-content\/uploads\/sites\/10\/2022\/11\/1668187402695-1-150x150.jpg",150,150,true],"medium":["https:\/\/blog.vida.at\/pensionisten\/wp-content\/uploads\/sites\/10\/2022\/11\/1668187402695-1-300x200.jpg",300,200,true],"medium_large":["https:\/\/blog.vida.at\/pensionisten\/wp-content\/uploads\/sites\/10\/2022\/11\/1668187402695-1-768x512.jpg",640,427,true],"large":["https:\/\/blog.vida.at\/pensionisten\/wp-content\/uploads\/sites\/10\/2022\/11\/1668187402695-1-1024x683.jpg",640,427,true],"1536x1536":["https:\/\/blog.vida.at\/pensionisten\/wp-content\/uploads\/sites\/10\/2022\/11\/1668187402695-1-1536x1024.jpg",1536,1024,true],"2048x2048":["https:\/\/blog.vida.at\/pensionisten\/wp-content\/uploads\/sites\/10\/2022\/11\/1668187402695-1-2048x1365.jpg",2048,1365,true],"ab-block-post-grid-landscape":["https:\/\/blog.vida.at\/pensionisten\/wp-content\/uploads\/sites\/10\/2022\/11\/1668187402695-1-600x400.jpg",600,400,true],"ab-block-post-grid-square":["https:\/\/blog.vida.at\/pensionisten\/wp-content\/uploads\/sites\/10\/2022\/11\/1668187402695-1-600x600.jpg",600,600,true],"post-thumbnail":["https:\/\/blog.vida.at\/pensionisten\/wp-content\/uploads\/sites\/10\/2022\/11\/1668187402695-1-1568x1045.jpg",1568,1045,true],"awb_sm":["https:\/\/blog.vida.at\/pensionisten\/wp-content\/uploads\/sites\/10\/2022\/11\/1668187402695-1-500x333.jpg",500,333,true],"awb_md":["https:\/\/blog.vida.at\/pensionisten\/wp-content\/uploads\/sites\/10\/2022\/11\/1668187402695-1-800x533.jpg",800,533,true],"awb_lg":["https:\/\/blog.vida.at\/pensionisten\/wp-content\/uploads\/sites\/10\/2022\/11\/1668187402695-1-1280x853.jpg",1280,853,true],"awb_xl":["https:\/\/blog.vida.at\/pensionisten\/wp-content\/uploads\/sites\/10\/2022\/11\/1668187402695-1-1920x1280.jpg",1920,1280,true]},"post_excerpt_stackable":"<p>Mitglieder der vida-Region St. Veit\/Feldkirchen geehrt. Nach zweij\u00e4hriger Corona-Pause konnten wir in unserer Region endlich wieder die Ehrungen pers\u00f6nlich und w\u00fcrdevoll durchf\u00fchren. Mit dabei waren unter anderem der Bundesvorsitzende der vida-PensionistInnen, Rudolf Srba, der Regionsvorsitzende der Region St. Veit\/Feldkirchen, Reinhold P\u00f6tschger, und der Landesvorsitzende der vida-PensionistInnen K\u00e4rnten, Roman Kobald. Nach einem ausgezeichneten Essen im Vereinsheim des ESV St. Veit \u2013 gro\u00dfer Dank geb\u00fchrt der Wirtin Andrea Winkler und ihrem Team \u2013 ging es wohlgest\u00e4rkt zur Mitgliederehrung. Wir danken f\u00fcr die Treue: Viktor Sodamin und Alfred Zitter f\u00fcr 70 Jahre Gewerkschaftsmitgliedschaft Johann Posch, Franz Pucher und Heinz Wabnegger f\u00fcr 60 Jahre&hellip;<\/p>\n","category_list":"<a href=\"https:\/\/blog.vida.at\/pensionisten\/category\/allgemein\/\" rel=\"category tag\">Allgemein<\/a>, <a href=\"https:\/\/blog.vida.at\/pensionisten\/category\/ortsgruppen\/kaernten\/\" rel=\"category tag\">K\u00e4rnten<\/a>, <a href=\"https:\/\/blog.vida.at\/pensionisten\/category\/ortsgruppen\/\" rel=\"category tag\">Ortsgruppen<\/a>","author_info":{"display_name":"mariontobola","author_link":"https:\/\/blog.vida.at\/pensionisten\/author\/mariontobola\/"},"comments_num":"0 comments","featured_image_urls_v2":{"full":["https:\/\/blog.vida.at\/pensionisten\/wp-content\/uploads\/sites\/10\/2022\/11\/1668187402695-1.jpg",2454,1636,false],"thumbnail":["https:\/\/blog.vida.at\/pensionisten\/wp-content\/uploads\/sites\/10\/2022\/11\/1668187402695-1-150x150.jpg",150,150,true],"medium":["https:\/\/blog.vida.at\/pensionisten\/wp-content\/uploads\/sites\/10\/2022\/11\/1668187402695-1-300x200.jpg",300,200,true],"medium_large":["https:\/\/blog.vida.at\/pensionisten\/wp-content\/uploads\/sites\/10\/2022\/11\/1668187402695-1-768x512.jpg",640,427,true],"large":["https:\/\/blog.vida.at\/pensionisten\/wp-content\/uploads\/sites\/10\/2022\/11\/1668187402695-1-1024x683.jpg",640,427,true],"1536x1536":["https:\/\/blog.vida.at\/pensionisten\/wp-content\/uploads\/sites\/10\/2022\/11\/1668187402695-1-1536x1024.jpg",1536,1024,true],"2048x2048":["https:\/\/blog.vida.at\/pensionisten\/wp-content\/uploads\/sites\/10\/2022\/11\/1668187402695-1-2048x1365.jpg",2048,1365,true],"ab-block-post-grid-landscape":["https:\/\/blog.vida.at\/pensionisten\/wp-content\/uploads\/sites\/10\/2022\/11\/1668187402695-1-600x400.jpg",600,400,true],"ab-block-post-grid-square":["https:\/\/blog.vida.at\/pensionisten\/wp-content\/uploads\/sites\/10\/2022\/11\/1668187402695-1-600x600.jpg",600,600,true],"post-thumbnail":["https:\/\/blog.vida.at\/pensionisten\/wp-content\/uploads\/sites\/10\/2022\/11\/1668187402695-1-1568x1045.jpg",1568,1045,true],"awb_sm":["https:\/\/blog.vida.at\/pensionisten\/wp-content\/uploads\/sites\/10\/2022\/11\/1668187402695-1-500x333.jpg",500,333,true],"awb_md":["https:\/\/blog.vida.at\/pensionisten\/wp-content\/uploads\/sites\/10\/2022\/11\/1668187402695-1-800x533.jpg",800,533,true],"awb_lg":["https:\/\/blog.vida.at\/pensionisten\/wp-content\/uploads\/sites\/10\/2022\/11\/1668187402695-1-1280x853.jpg",1280,853,true],"awb_xl":["https:\/\/blog.vida.at\/pensionisten\/wp-content\/uploads\/sites\/10\/2022\/11\/1668187402695-1-1920x1280.jpg",1920,1280,true]},"post_excerpt_stackable_v2":"<p>Mitglieder der vida-Region St. Veit\/Feldkirchen geehrt. Nach zweij\u00e4hriger Corona-Pause konnten wir in unserer Region endlich wieder die Ehrungen pers\u00f6nlich und w\u00fcrdevoll durchf\u00fchren. Mit dabei waren unter anderem der Bundesvorsitzende der vida-PensionistInnen, Rudolf Srba, der Regionsvorsitzende der Region St. Veit\/Feldkirchen, Reinhold P\u00f6tschger, und der Landesvorsitzende der vida-PensionistInnen K\u00e4rnten, Roman Kobald. Nach einem ausgezeichneten Essen im Vereinsheim des ESV St. Veit \u2013 gro\u00dfer Dank geb\u00fchrt der Wirtin Andrea Winkler und ihrem Team \u2013 ging es wohlgest\u00e4rkt zur Mitgliederehrung. Wir danken f\u00fcr die Treue: Viktor Sodamin und Alfred Zitter f\u00fcr 70 Jahre Gewerkschaftsmitgliedschaft Johann Posch, Franz Pucher und Heinz Wabnegger f\u00fcr 60 Jahre&hellip;<\/p>\n","category_list_v2":"<a href=\"https:\/\/blog.vida.at\/pensionisten\/category\/allgemein\/\" rel=\"category tag\">Allgemein<\/a>, <a href=\"https:\/\/blog.vida.at\/pensionisten\/category\/ortsgruppen\/kaernten\/\" rel=\"category tag\">K\u00e4rnten<\/a>, <a href=\"https:\/\/blog.vida.at\/pensionisten\/category\/ortsgruppen\/\" rel=\"category tag\">Ortsgruppen<\/a>","author_info_v2":{"name":"mariontobola","url":"https:\/\/blog.vida.at\/pensionisten\/author\/mariontobola\/"},"comments_num_v2":"0 comments","yoast_head":"<!-- This site is optimized with the Yoast SEO plugin v27.3 - https:\/\/yoast.com\/product\/yoast-seo-wordpress\/ -->\n<title>DANKE f\u00fcr deine Solidarit\u00e4t<\/title>\n<meta name=\"robots\" content=\"index, follow, max-snippet:-1, max-image-preview:large, max-video-preview:-1\" \/>\n<link rel=\"canonical\" href=\"https:\/\/blog.vida.at\/pensionisten\/2022\/11\/14\/danke-fuer-deine-solidaritaet\/\" \/>\n<meta property=\"og:locale\" content=\"de_DE\" \/>\n<meta property=\"og:type\" content=\"article\" \/>\n<meta property=\"og:title\" content=\"DANKE f\u00fcr deine Solidarit\u00e4t\" \/>\n<meta property=\"og:description\" content=\"Mitglieder der vida-Region St. Veit\/Feldkirchen geehrt.\" \/>\n<meta property=\"og:url\" content=\"https:\/\/blog.vida.at\/pensionisten\/2022\/11\/14\/danke-fuer-deine-solidaritaet\/\" \/>\n<meta property=\"og:site_name\" content=\"vida Pensionisten\" \/>\n<meta property=\"article:published_time\" content=\"2022-11-14T13:49:57+00:00\" \/>\n<meta property=\"article:modified_time\" content=\"2022-11-14T13:51:49+00:00\" \/>\n<meta property=\"og:image\" content=\"https:\/\/blog.vida.at\/pensionisten\/wp-content\/uploads\/sites\/10\/2022\/11\/1668187402695-1.jpg\" \/>\n\t<meta property=\"og:image:width\" content=\"2454\" \/>\n\t<meta property=\"og:image:height\" content=\"1636\" \/>\n\t<meta property=\"og:image:type\" content=\"image\/jpeg\" \/>\n<meta name=\"author\" content=\"mariontobola\" \/>\n<meta name=\"twitter:card\" content=\"summary_large_image\" \/>\n<meta name=\"twitter:label1\" content=\"Verfasst von\" \/>\n\t<meta name=\"twitter:data1\" content=\"mariontobola\" \/>\n\t<meta name=\"twitter:label2\" content=\"Gesch\u00e4tzte Lesezeit\" \/>\n\t<meta name=\"twitter:data2\" content=\"3\u00a0Minuten\" \/>\n<script type=\"application\/ld+json\" class=\"yoast-schema-graph\">{\"@context\":\"https:\\\/\\\/schema.org\",\"@graph\":[{\"@type\":\"Article\",\"@id\":\"https:\\\/\\\/blog.vida.at\\\/pensionisten\\\/2022\\\/11\\\/14\\\/danke-fuer-deine-solidaritaet\\\/#article\",\"isPartOf\":{\"@id\":\"https:\\\/\\\/blog.vida.at\\\/pensionisten\\\/2022\\\/11\\\/14\\\/danke-fuer-deine-solidaritaet\\\/\"},\"author\":{\"name\":\"mariontobola\",\"@id\":\"https:\\\/\\\/blog.vida.at\\\/pensionisten\\\/#\\\/schema\\\/person\\\/88cee3ee93b9afdc51c92f5f63f38b8a\"},\"headline\":\"DANKE f\u00fcr deine Solidarit\u00e4t\",\"datePublished\":\"2022-11-14T13:49:57+00:00\",\"dateModified\":\"2022-11-14T13:51:49+00:00\",\"mainEntityOfPage\":{\"@id\":\"https:\\\/\\\/blog.vida.at\\\/pensionisten\\\/2022\\\/11\\\/14\\\/danke-fuer-deine-solidaritaet\\\/\"},\"wordCount\":193,\"commentCount\":0,\"image\":{\"@id\":\"https:\\\/\\\/blog.vida.at\\\/pensionisten\\\/2022\\\/11\\\/14\\\/danke-fuer-deine-solidaritaet\\\/#primaryimage\"},\"thumbnailUrl\":\"https:\\\/\\\/blog.vida.at\\\/pensionisten\\\/wp-content\\\/uploads\\\/sites\\\/10\\\/2022\\\/11\\\/1668187402695-1.jpg\",\"articleSection\":{\"1\":\"K\u00e4rnten\",\"2\":\"Ortsgruppen\"},\"inLanguage\":\"de\",\"potentialAction\":[{\"@type\":\"CommentAction\",\"name\":\"Comment\",\"target\":[\"https:\\\/\\\/blog.vida.at\\\/pensionisten\\\/2022\\\/11\\\/14\\\/danke-fuer-deine-solidaritaet\\\/#respond\"]}]},{\"@type\":\"WebPage\",\"@id\":\"https:\\\/\\\/blog.vida.at\\\/pensionisten\\\/2022\\\/11\\\/14\\\/danke-fuer-deine-solidaritaet\\\/\",\"url\":\"https:\\\/\\\/blog.vida.at\\\/pensionisten\\\/2022\\\/11\\\/14\\\/danke-fuer-deine-solidaritaet\\\/\",\"name\":\"DANKE f\u00fcr deine Solidarit\u00e4t\",\"isPartOf\":{\"@id\":\"https:\\\/\\\/blog.vida.at\\\/pensionisten\\\/#website\"},\"primaryImageOfPage\":{\"@id\":\"https:\\\/\\\/blog.vida.at\\\/pensionisten\\\/2022\\\/11\\\/14\\\/danke-fuer-deine-solidaritaet\\\/#primaryimage\"},\"image\":{\"@id\":\"https:\\\/\\\/blog.vida.at\\\/pensionisten\\\/2022\\\/11\\\/14\\\/danke-fuer-deine-solidaritaet\\\/#primaryimage\"},\"thumbnailUrl\":\"https:\\\/\\\/blog.vida.at\\\/pensionisten\\\/wp-content\\\/uploads\\\/sites\\\/10\\\/2022\\\/11\\\/1668187402695-1.jpg\",\"datePublished\":\"2022-11-14T13:49:57+00:00\",\"dateModified\":\"2022-11-14T13:51:49+00:00\",\"author\":{\"@id\":\"https:\\\/\\\/blog.vida.at\\\/pensionisten\\\/#\\\/schema\\\/person\\\/88cee3ee93b9afdc51c92f5f63f38b8a\"},\"breadcrumb\":{\"@id\":\"https:\\\/\\\/blog.vida.at\\\/pensionisten\\\/2022\\\/11\\\/14\\\/danke-fuer-deine-solidaritaet\\\/#breadcrumb\"},\"inLanguage\":\"de\",\"potentialAction\":[{\"@type\":\"ReadAction\",\"target\":[\"https:\\\/\\\/blog.vida.at\\\/pensionisten\\\/2022\\\/11\\\/14\\\/danke-fuer-deine-solidaritaet\\\/\"]}]},{\"@type\":\"ImageObject\",\"inLanguage\":\"de\",\"@id\":\"https:\\\/\\\/blog.vida.at\\\/pensionisten\\\/2022\\\/11\\\/14\\\/danke-fuer-deine-solidaritaet\\\/#primaryimage\",\"url\":\"https:\\\/\\\/blog.vida.at\\\/pensionisten\\\/wp-content\\\/uploads\\\/sites\\\/10\\\/2022\\\/11\\\/1668187402695-1.jpg\",\"contentUrl\":\"https:\\\/\\\/blog.vida.at\\\/pensionisten\\\/wp-content\\\/uploads\\\/sites\\\/10\\\/2022\\\/11\\\/1668187402695-1.jpg\",\"width\":2454,\"height\":1636},{\"@type\":\"BreadcrumbList\",\"@id\":\"https:\\\/\\\/blog.vida.at\\\/pensionisten\\\/2022\\\/11\\\/14\\\/danke-fuer-deine-solidaritaet\\\/#breadcrumb\",\"itemListElement\":[{\"@type\":\"ListItem\",\"position\":1,\"name\":\"Startseite\",\"item\":\"https:\\\/\\\/blog.vida.at\\\/pensionisten\\\/\"},{\"@type\":\"ListItem\",\"position\":2,\"name\":\"DANKE f\u00fcr deine Solidarit\u00e4t\"}]},{\"@type\":\"WebSite\",\"@id\":\"https:\\\/\\\/blog.vida.at\\\/pensionisten\\\/#website\",\"url\":\"https:\\\/\\\/blog.vida.at\\\/pensionisten\\\/\",\"name\":\"vida Pensionisten\",\"description\":\"\",\"potentialAction\":[{\"@type\":\"SearchAction\",\"target\":{\"@type\":\"EntryPoint\",\"urlTemplate\":\"https:\\\/\\\/blog.vida.at\\\/pensionisten\\\/?s={search_term_string}\"},\"query-input\":{\"@type\":\"PropertyValueSpecification\",\"valueRequired\":true,\"valueName\":\"search_term_string\"}}],\"inLanguage\":\"de\"},{\"@type\":\"Person\",\"@id\":\"https:\\\/\\\/blog.vida.at\\\/pensionisten\\\/#\\\/schema\\\/person\\\/88cee3ee93b9afdc51c92f5f63f38b8a\",\"name\":\"mariontobola\",\"image\":{\"@type\":\"ImageObject\",\"inLanguage\":\"de\",\"@id\":\"https:\\\/\\\/secure.gravatar.com\\\/avatar\\\/5d2c516985e4eda61bca05bd3b4359b4358135bd1e1a5b08c539e9cd1edd6528?s=96&d=mm&r=g\",\"url\":\"https:\\\/\\\/secure.gravatar.com\\\/avatar\\\/5d2c516985e4eda61bca05bd3b4359b4358135bd1e1a5b08c539e9cd1edd6528?s=96&d=mm&r=g\",\"contentUrl\":\"https:\\\/\\\/secure.gravatar.com\\\/avatar\\\/5d2c516985e4eda61bca05bd3b4359b4358135bd1e1a5b08c539e9cd1edd6528?s=96&d=mm&r=g\",\"caption\":\"mariontobola\"},\"url\":\"https:\\\/\\\/blog.vida.at\\\/pensionisten\\\/author\\\/mariontobola\\\/\"}]}<\/script>\n<!-- \/ Yoast SEO plugin. -->","yoast_head_json":{"title":"DANKE f\u00fcr deine Solidarit\u00e4t","robots":{"index":"index","follow":"follow","max-snippet":"max-snippet:-1","max-image-preview":"max-image-preview:large","max-video-preview":"max-video-preview:-1"},"canonical":"https:\/\/blog.vida.at\/pensionisten\/2022\/11\/14\/danke-fuer-deine-solidaritaet\/","og_locale":"de_DE","og_type":"article","og_title":"DANKE f\u00fcr deine Solidarit\u00e4t","og_description":"Mitglieder der vida-Region St. Veit\/Feldkirchen geehrt.","og_url":"https:\/\/blog.vida.at\/pensionisten\/2022\/11\/14\/danke-fuer-deine-solidaritaet\/","og_site_name":"vida Pensionisten","article_published_time":"2022-11-14T13:49:57+00:00","article_modified_time":"2022-11-14T13:51:49+00:00","og_image":[{"width":2454,"height":1636,"url":"https:\/\/blog.vida.at\/pensionisten\/wp-content\/uploads\/sites\/10\/2022\/11\/1668187402695-1.jpg","type":"image\/jpeg"}],"author":"mariontobola","twitter_card":"summary_large_image","twitter_misc":{"Verfasst von":"mariontobola","Gesch\u00e4tzte Lesezeit":"3\u00a0Minuten"},"schema":{"@context":"https:\/\/schema.org","@graph":[{"@type":"Article","@id":"https:\/\/blog.vida.at\/pensionisten\/2022\/11\/14\/danke-fuer-deine-solidaritaet\/#article","isPartOf":{"@id":"https:\/\/blog.vida.at\/pensionisten\/2022\/11\/14\/danke-fuer-deine-solidaritaet\/"},"author":{"name":"mariontobola","@id":"https:\/\/blog.vida.at\/pensionisten\/#\/schema\/person\/88cee3ee93b9afdc51c92f5f63f38b8a"},"headline":"DANKE f\u00fcr deine Solidarit\u00e4t","datePublished":"2022-11-14T13:49:57+00:00","dateModified":"2022-11-14T13:51:49+00:00","mainEntityOfPage":{"@id":"https:\/\/blog.vida.at\/pensionisten\/2022\/11\/14\/danke-fuer-deine-solidaritaet\/"},"wordCount":193,"commentCount":0,"image":{"@id":"https:\/\/blog.vida.at\/pensionisten\/2022\/11\/14\/danke-fuer-deine-solidaritaet\/#primaryimage"},"thumbnailUrl":"https:\/\/blog.vida.at\/pensionisten\/wp-content\/uploads\/sites\/10\/2022\/11\/1668187402695-1.jpg","articleSection":{"1":"K\u00e4rnten","2":"Ortsgruppen"},"inLanguage":"de","potentialAction":[{"@type":"CommentAction","name":"Comment","target":["https:\/\/blog.vida.at\/pensionisten\/2022\/11\/14\/danke-fuer-deine-solidaritaet\/#respond"]}]},{"@type":"WebPage","@id":"https:\/\/blog.vida.at\/pensionisten\/2022\/11\/14\/danke-fuer-deine-solidaritaet\/","url":"https:\/\/blog.vida.at\/pensionisten\/2022\/11\/14\/danke-fuer-deine-solidaritaet\/","name":"DANKE f\u00fcr deine Solidarit\u00e4t","isPartOf":{"@id":"https:\/\/blog.vida.at\/pensionisten\/#website"},"primaryImageOfPage":{"@id":"https:\/\/blog.vida.at\/pensionisten\/2022\/11\/14\/danke-fuer-deine-solidaritaet\/#primaryimage"},"image":{"@id":"https:\/\/blog.vida.at\/pensionisten\/2022\/11\/14\/danke-fuer-deine-solidaritaet\/#primaryimage"},"thumbnailUrl":"https:\/\/blog.vida.at\/pensionisten\/wp-content\/uploads\/sites\/10\/2022\/11\/1668187402695-1.jpg","datePublished":"2022-11-14T13:49:57+00:00","dateModified":"2022-11-14T13:51:49+00:00","author":{"@id":"https:\/\/blog.vida.at\/pensionisten\/#\/schema\/person\/88cee3ee93b9afdc51c92f5f63f38b8a"},"breadcrumb":{"@id":"https:\/\/blog.vida.at\/pensionisten\/2022\/11\/14\/danke-fuer-deine-solidaritaet\/#breadcrumb"},"inLanguage":"de","potentialAction":[{"@type":"ReadAction","target":["https:\/\/blog.vida.at\/pensionisten\/2022\/11\/14\/danke-fuer-deine-solidaritaet\/"]}]},{"@type":"ImageObject","inLanguage":"de","@id":"https:\/\/blog.vida.at\/pensionisten\/2022\/11\/14\/danke-fuer-deine-solidaritaet\/#primaryimage","url":"https:\/\/blog.vida.at\/pensionisten\/wp-content\/uploads\/sites\/10\/2022\/11\/1668187402695-1.jpg","contentUrl":"https:\/\/blog.vida.at\/pensionisten\/wp-content\/uploads\/sites\/10\/2022\/11\/1668187402695-1.jpg","width":2454,"height":1636},{"@type":"BreadcrumbList","@id":"https:\/\/blog.vida.at\/pensionisten\/2022\/11\/14\/danke-fuer-deine-solidaritaet\/#breadcrumb","itemListElement":[{"@type":"ListItem","position":1,"name":"Startseite","item":"https:\/\/blog.vida.at\/pensionisten\/"},{"@type":"ListItem","position":2,"name":"DANKE f\u00fcr deine Solidarit\u00e4t"}]},{"@type":"WebSite","@id":"https:\/\/blog.vida.at\/pensionisten\/#website","url":"https:\/\/blog.vida.at\/pensionisten\/","name":"vida Pensionisten","description":"","potentialAction":[{"@type":"SearchAction","target":{"@type":"EntryPoint","urlTemplate":"https:\/\/blog.vida.at\/pensionisten\/?s={search_term_string}"},"query-input":{"@type":"PropertyValueSpecification","valueRequired":true,"valueName":"search_term_string"}}],"inLanguage":"de"},{"@type":"Person","@id":"https:\/\/blog.vida.at\/pensionisten\/#\/schema\/person\/88cee3ee93b9afdc51c92f5f63f38b8a","name":"mariontobola","image":{"@type":"ImageObject","inLanguage":"de","@id":"https:\/\/secure.gravatar.com\/avatar\/5d2c516985e4eda61bca05bd3b4359b4358135bd1e1a5b08c539e9cd1edd6528?s=96&d=mm&r=g","url":"https:\/\/secure.gravatar.com\/avatar\/5d2c516985e4eda61bca05bd3b4359b4358135bd1e1a5b08c539e9cd1edd6528?s=96&d=mm&r=g","contentUrl":"https:\/\/secure.gravatar.com\/avatar\/5d2c516985e4eda61bca05bd3b4359b4358135bd1e1a5b08c539e9cd1edd6528?s=96&d=mm&r=g","caption":"mariontobola"},"url":"https:\/\/blog.vida.at\/pensionisten\/author\/mariontobola\/"}]}},"author_meta":{"display_name":"mariontobola","author_link":"https:\/\/blog.vida.at\/pensionisten\/author\/mariontobola\/"},"featured_img":"https:\/\/blog.vida.at\/pensionisten\/wp-content\/uploads\/sites\/10\/2022\/11\/1668187402695-1-300x200.jpg","featured_image_src":"https:\/\/blog.vida.at\/pensionisten\/wp-content\/uploads\/sites\/10\/2022\/11\/1668187402695-1-600x400.jpg","featured_image_src_square":"https:\/\/blog.vida.at\/pensionisten\/wp-content\/uploads\/sites\/10\/2022\/11\/1668187402695-1-600x600.jpg","uagb_featured_image_src":{"full":["https:\/\/blog.vida.at\/pensionisten\/wp-content\/uploads\/sites\/10\/2022\/11\/1668187402695-1.jpg",2454,1636,false],"thumbnail":["https:\/\/blog.vida.at\/pensionisten\/wp-content\/uploads\/sites\/10\/2022\/11\/1668187402695-1-150x150.jpg",150,150,true],"medium":["https:\/\/blog.vida.at\/pensionisten\/wp-content\/uploads\/sites\/10\/2022\/11\/1668187402695-1-300x200.jpg",300,200,true],"medium_large":["https:\/\/blog.vida.at\/pensionisten\/wp-content\/uploads\/sites\/10\/2022\/11\/1668187402695-1-768x512.jpg",640,427,true],"large":["https:\/\/blog.vida.at\/pensionisten\/wp-content\/uploads\/sites\/10\/2022\/11\/1668187402695-1-1024x683.jpg",640,427,true],"1536x1536":["https:\/\/blog.vida.at\/pensionisten\/wp-content\/uploads\/sites\/10\/2022\/11\/1668187402695-1-1536x1024.jpg",1536,1024,true],"2048x2048":["https:\/\/blog.vida.at\/pensionisten\/wp-content\/uploads\/sites\/10\/2022\/11\/1668187402695-1-2048x1365.jpg",2048,1365,true],"ab-block-post-grid-landscape":["https:\/\/blog.vida.at\/pensionisten\/wp-content\/uploads\/sites\/10\/2022\/11\/1668187402695-1-600x400.jpg",600,400,true],"ab-block-post-grid-square":["https:\/\/blog.vida.at\/pensionisten\/wp-content\/uploads\/sites\/10\/2022\/11\/1668187402695-1-600x600.jpg",600,600,true],"post-thumbnail":["https:\/\/blog.vida.at\/pensionisten\/wp-content\/uploads\/sites\/10\/2022\/11\/1668187402695-1-1568x1045.jpg",1568,1045,true],"awb_sm":["https:\/\/blog.vida.at\/pensionisten\/wp-content\/uploads\/sites\/10\/2022\/11\/1668187402695-1-500x333.jpg",500,333,true],"awb_md":["https:\/\/blog.vida.at\/pensionisten\/wp-content\/uploads\/sites\/10\/2022\/11\/1668187402695-1-800x533.jpg",800,533,true],"awb_lg":["https:\/\/blog.vida.at\/pensionisten\/wp-content\/uploads\/sites\/10\/2022\/11\/1668187402695-1-1280x853.jpg",1280,853,true],"awb_xl":["https:\/\/blog.vida.at\/pensionisten\/wp-content\/uploads\/sites\/10\/2022\/11\/1668187402695-1-1920x1280.jpg",1920,1280,true]},"uagb_author_info":{"display_name":"mariontobola","author_link":"https:\/\/blog.vida.at\/pensionisten\/author\/mariontobola\/"},"uagb_comment_info":0,"uagb_excerpt":"Mitglieder der vida-Region St. Veit\/Feldkirchen geehrt.","coauthors":[],"tax_additional":{"categories":{"linked":["<a href=\"https:\/\/blog.vida.at\/pensionisten\/category\/allgemein\/\" class=\"advgb-post-tax-term\">Allgemein<\/a>","<a href=\"https:\/\/blog.vida.at\/pensionisten\/category\/ortsgruppen\/kaernten\/\" class=\"advgb-post-tax-term\">K\u00e4rnten<\/a>","<a href=\"https:\/\/blog.vida.at\/pensionisten\/category\/ortsgruppen\/\" class=\"advgb-post-tax-term\">Ortsgruppen<\/a>"],"unlinked":["<span class=\"advgb-post-tax-term\">Allgemein<\/span>","<span class=\"advgb-post-tax-term\">K\u00e4rnten<\/span>","<span class=\"advgb-post-tax-term\">Ortsgruppen<\/span>"]}},"comment_count":"0","relative_dates":{"created":"Ver\u00f6ffentlicht 3\u00a0Jahren vor","modified":"Aktualisiert 3\u00a0Jahren vor"},"absolute_dates":{"created":"Ver\u00f6ffentlicht am 14. November 2022","modified":"Aktualisiert am 14. November 2022"},"absolute_dates_time":{"created":"Ver\u00f6ffentlicht am 14. November 2022 14:49","modified":"Aktualisiert am 14. November 2022 14:51"},"featured_img_caption":"","series_order":"","_links":{"self":[{"href":"https:\/\/blog.vida.at\/pensionisten\/wp-json\/wp\/v2\/posts\/5754","targetHints":{"allow":["GET"]}}],"collection":[{"href":"https:\/\/blog.vida.at\/pensionisten\/wp-json\/wp\/v2\/posts"}],"about":[{"href":"https:\/\/blog.vida.at\/pensionisten\/wp-json\/wp\/v2\/types\/post"}],"author":[{"embeddable":true,"href":"https:\/\/blog.vida.at\/pensionisten\/wp-json\/wp\/v2\/users\/8"}],"replies":[{"embeddable":true,"href":"https:\/\/blog.vida.at\/pensionisten\/wp-json\/wp\/v2\/comments?post=5754"}],"version-history":[{"count":3,"href":"https:\/\/blog.vida.at\/pensionisten\/wp-json\/wp\/v2\/posts\/5754\/revisions"}],"predecessor-version":[{"id":5767,"href":"https:\/\/blog.vida.at\/pensionisten\/wp-json\/wp\/v2\/posts\/5754\/revisions\/5767"}],"wp:featuredmedia":[{"embeddable":true,"href":"https:\/\/blog.vida.at\/pensionisten\/wp-json\/wp\/v2\/media\/5758"}],"wp:attachment":[{"href":"https:\/\/blog.vida.at\/pensionisten\/wp-json\/wp\/v2\/media?parent=5754"}],"wp:term":[{"taxonomy":"category","embeddable":true,"href":"https:\/\/blog.vida.at\/pensionisten\/wp-json\/wp\/v2\/categories?post=5754"},{"taxonomy":"post_tag","embeddable":true,"href":"https:\/\/blog.vida.at\/pensionisten\/wp-json\/wp\/v2\/tags?post=5754"},{"taxonomy":"Orte","embeddable":true,"href":"https:\/\/blog.vida.at\/pensionisten\/wp-json\/wp\/v2\/Orte?post=5754"},{"taxonomy":"activitytype","embeddable":true,"href":"https:\/\/blog.vida.at\/pensionisten\/wp-json\/wp\/v2\/activitytype?post=5754"}],"curies":[{"name":"wp","href":"https:\/\/api.w.org\/{rel}","templated":true}]}}