
{"id":5836,"date":"2022-11-24T10:40:53","date_gmt":"2022-11-24T09:40:53","guid":{"rendered":"https:\/\/blog.vida.at\/pensionisten\/?p=5836"},"modified":"2022-11-24T10:41:21","modified_gmt":"2022-11-24T09:41:21","slug":"der-vida-generationentalk","status":"publish","type":"post","link":"https:\/\/blog.vida.at\/pensionisten\/2022\/11\/24\/der-vida-generationentalk\/","title":{"rendered":"Der vida-Generationentalk"},"content":{"rendered":"\n<p>&#8222;<strong><strong>Miteinander reden, voneinander lernen!&#8220;<\/strong><\/strong><\/p>\n\n\n\n<br>\n\n\n\n<p>Beim vida-Generationentalk trifft \u201eBabyboomer\u201c auf \u201eGeneration Z\u201c: <strong>Rudi Srba<\/strong>, Vorsitzender der vida PensionistInnen, und <strong>Fabian Edlinger<\/strong>, Vorsitzender der vida Jugend, sprechen \u00fcber Themen, die Jung und Alt bewegen.<\/p>\n\n\n\n<!--more-->\n\n\n\n<figure class=\"wp-block-embed is-type-video is-provider-youtube wp-block-embed-youtube wp-embed-aspect-16-9 wp-has-aspect-ratio\"><div class=\"wp-block-embed__wrapper\">\n<iframe loading=\"lazy\" title=\"vida-Generationentalk\" width=\"640\" height=\"360\" src=\"https:\/\/www.youtube.com\/embed\/3aNtySmYy6M?feature=oembed\" frameborder=\"0\" allow=\"accelerometer; autoplay; clipboard-write; encrypted-media; gyroscope; picture-in-picture; web-share\" referrerpolicy=\"strict-origin-when-cross-origin\" allowfullscreen><\/iframe>\n<\/div><\/figure>\n\n\n\n<p><strong><span style=\"color: #fb0303\" class=\"stk-highlight\">vida: Mit 66 Jahren, da f\u00e4ngt das Leben an, hat Udo J\u00fcrgens gesungen. Rudi, wie geht es dir mit deinen 66 Jahren? Hat das \u201erichtige\u201c Leben erst angefangen?<\/span><\/strong><\/p>\n\n\n\n<p><strong>Rudi Srba:<\/strong>&nbsp;Das Leben hat mit der Pension noch einmal begonnen, w\u00fcrde ich r\u00fcckblickend sagen. Mir geht\u2019s gut. Ich kann meinen Hobbys nachgehen und auch die Funktion in der vida macht mir nach wie vor sehr viel Freude.<\/p>\n\n\n\n<p><strong><span style=\"color: #fb0303\" class=\"stk-highlight\">vida: Fabian, du bist 23 Jahre jung. Wie geht es dir gerade?<\/span><\/strong><\/p>\n\n\n\n<p><strong>Fabian Edlinger:&nbsp;<\/strong>Mir geht\u2019s auch gut, obwohl gerade die letzten Jahre f\u00fcr uns Jugendliche nicht einfach waren. Wir sind quasi von einer Krise in die n\u00e4chste \u201egeschlittert\u201c.<\/p>\n\n\n\n<p><strong><span style=\"color: #fb0303\" class=\"stk-highlight\">vida: Nach der Corona-Pandemie hat die Teuerung voll zugeschlagen. Wie stark sind Jung und Alt betroffen?<\/span><\/strong><\/p>\n\n\n\n<p><strong>Fabian Edlinger:&nbsp;<\/strong>Junge Menschen wollen eine eigene Wohnung haben, auf eigenen Beinen stehen. Das ist aber bei den explodierenden Preisen kaum m\u00f6glich. Ich kenne viele, die wieder zur\u00fcck ins \u201eHotel Mama\u201c ziehen, weil sie sich das Leben alleine nicht leisten k\u00f6nnen.<\/p>\n\n\n\n<p><strong>Rudi Srba:&nbsp;<\/strong>Bei vielen \u00e4lteren Menschen sinkt der gewohnte Lebensstandard. Sie k\u00f6nnen aber zumindest noch die Grundbed\u00fcrfnisse abdecken. Es gibt aber auch sehr viele PensionistInnen, die mit 1.000 Euro im Monat \u00fcber die Runden kommen m\u00fcssen und die sich jetzt fragen, wie sie den Winter \u00fcberstehen sollen, wenn sie sich das Heizen nicht mehr leisten k\u00f6nnen.<\/p>\n\n\n\n<p><strong><span style=\"color: #fb0303\" class=\"stk-highlight\">vida: Die Entlastungsma\u00dfnahmen der Regierung reichen nicht aus. Wie setzt sich die vida daf\u00fcr ein, dass das Leben leistbar wird?<\/span><\/strong><\/p>\n\n\n\n<p><strong>Fabian Edlinger:<\/strong>&nbsp;T\u00e4glich erreichen uns Anrufe von jungen Menschen, die uns ihre Situation schildern. Hier h\u00f6ren wir zu und versuchen mit unseren Angeboten konkret zu helfen. Wir schauen auch darauf, dass wir bei den KV-Verhandlungen vertreten sind, und k\u00e4mpfen&nbsp;daf\u00fcr, dass die Lehrlingseinkommen kr\u00e4ftig steigen.<\/p>\n\n\n\n<p><strong>Rudi Srba:<\/strong>&nbsp;Der \u00d6sterreichische Seniorenrat ist zwar seit Jahresbeginn anerkannter Sozialpartner, gelebt wird das leider nicht. Die Regierung hat nicht mit uns verhandelt. Uns wurde \u00fcber die Medien mitgeteilt, dass mit 1. J\u00e4nner 2023 die Pensionen um 5,8 Prozent angehoben werden. Das wird aber nicht ausreichen. Hier werden wir weiter Druck machen.<\/p>\n\n\n\n<p><strong><span style=\"color: #fb0303\" class=\"stk-highlight\">vida: Viele Menschen \u00e4u\u00dfern ihren Unmut auf der Stra\u00dfe. Gerade junge Menschen schlie\u00dfen sich Bewegungen, wie Fridays for Future, an. Wie gro\u00df ist der Unmut in eurer Generation?<\/span><\/strong><\/p>\n\n\n\n<p><strong>Fabian Edlinger:<\/strong>&nbsp;Ich finde es gut, dass so viele junge Menschen auf die Stra\u00dfe gehen und ihren Unmut \u00e4u\u00dfern. Es zeigt, dass die Jugend von heute nicht, wie von vielen behauptet, politikverdrossen ist. Als Gewerkschaftsbewegung stehen wir gemeinsam auf und f\u00fcreinander ein, und wenn n\u00f6tig, gehen wir lautstark auf die Stra\u00dfe.<\/p>\n\n\n\n<p><strong>Rudi Srba:<\/strong>&nbsp;In \u00d6sterreich gibt es 2,3 Millionen PensionistInnen. Auch sie waren einmal jung und sind bei Ungerechtigkeiten sicher nicht daheim sitzen geblieben. Wir k\u00f6nnen nur gemeinsam etwas bewegen. Wir werden also auch in Zukunft mobilisieren und k\u00f6nnen dabei von den Jungen lernen.<\/p>\n\n\n\n<p><strong><span style=\"color: #fb0303\" class=\"stk-highlight\">vida: Stellt euch vor, ihr habt drei W\u00fcnsche frei. Was w\u00fcnscht ihr euch f\u00fcr eure Generation?<\/span><\/strong><\/p>\n\n\n\n<p><strong>Rudi Srba:<\/strong>&nbsp;Ich w\u00fcnsche mir, dass die Politik bei der Wahrheit bleibt und ihr Versprechen h\u00e4lt. Von der Gesellschaft w\u00fcnsche ich mir, dass sie zusammenh\u00e4lt und sich nicht auseinanderdividieren l\u00e4sst. Und die Wirtschaft sollte erkennen, dass sie nur mit der \u201eArbeitskraft Mensch\u201c \u00fcberleben kann und dass ArbeitnehmerInnen vern\u00fcnftig entlohnt werden m\u00fcssen.<\/p>\n\n\n\n<p><strong>Fabian Edlinger:<\/strong>&nbsp;Von der Gesellschaft w\u00fcnsche ich mir, dass sie kampfbereit und &nbsp;solidarisch ist. Von der Wirtschaft w\u00fcnsche ich mir, dass die ArbeitnehmerInnen die finanzielle Wertsch\u00e4tzung bekommen, die ihnen zusteht. Denn jeder Mensch hat es verdient, so viel zu verdienen, damit er sich das Leben leisten kann.<\/p>\n\n\n\n<p><\/p>\n\n\n\n<figure class=\"wp-block-gallery has-nested-images columns-default is-cropped wp-block-gallery-1 is-layout-flex wp-block-gallery-is-layout-flex\"><\/figure>\n\n\n\n<p><\/p>\n\n\n\n<p><\/p>\n\n\n\n<p><\/p>\n","protected":false},"excerpt":{"rendered":"<p>&#8222;Miteinander reden, voneinander lernen!&#8220; Beim vida-Generationentalk trifft \u201eBabyboomer\u201c auf \u201eGeneration Z\u201c: Rudi Srba, Vorsitzender der vida PensionistInnen, und Fabian Edlinger, Vorsitzender der vida Jugend, sprechen \u00fcber Themen, die Jung und Alt bewegen.<\/p>\n","protected":false},"author":8,"featured_media":5838,"comment_status":"open","ping_status":"open","sticky":false,"template":"","format":"standard","meta":{"_uag_custom_page_level_css":"","advgb_blocks_editor_width":"","advgb_blocks_columns_visual_guide":"","footnotes":""},"categories":[4,1,32],"tags":[],"Orte":[],"activitytype":[],"class_list":["post-5836","post","type-post","status-publish","format-standard","has-post-thumbnail","hentry","category-aktuelles","category-allgemein","category-top-aktuelles","entry"],"featured_image_urls":{"full":["https:\/\/blog.vida.at\/pensionisten\/wp-content\/uploads\/sites\/10\/2022\/11\/vida_Generationentalk_web_01.jpg",900,600,false],"thumbnail":["https:\/\/blog.vida.at\/pensionisten\/wp-content\/uploads\/sites\/10\/2022\/11\/vida_Generationentalk_web_01-150x150.jpg",150,150,true],"medium":["https:\/\/blog.vida.at\/pensionisten\/wp-content\/uploads\/sites\/10\/2022\/11\/vida_Generationentalk_web_01-300x200.jpg",300,200,true],"medium_large":["https:\/\/blog.vida.at\/pensionisten\/wp-content\/uploads\/sites\/10\/2022\/11\/vida_Generationentalk_web_01-768x512.jpg",640,427,true],"large":["https:\/\/blog.vida.at\/pensionisten\/wp-content\/uploads\/sites\/10\/2022\/11\/vida_Generationentalk_web_01.jpg",640,427,false],"1536x1536":["https:\/\/blog.vida.at\/pensionisten\/wp-content\/uploads\/sites\/10\/2022\/11\/vida_Generationentalk_web_01.jpg",900,600,false],"2048x2048":["https:\/\/blog.vida.at\/pensionisten\/wp-content\/uploads\/sites\/10\/2022\/11\/vida_Generationentalk_web_01.jpg",900,600,false],"ab-block-post-grid-landscape":["https:\/\/blog.vida.at\/pensionisten\/wp-content\/uploads\/sites\/10\/2022\/11\/vida_Generationentalk_web_01-600x400.jpg",600,400,true],"ab-block-post-grid-square":["https:\/\/blog.vida.at\/pensionisten\/wp-content\/uploads\/sites\/10\/2022\/11\/vida_Generationentalk_web_01-600x600.jpg",600,600,true],"post-thumbnail":["https:\/\/blog.vida.at\/pensionisten\/wp-content\/uploads\/sites\/10\/2022\/11\/vida_Generationentalk_web_01.jpg",900,600,false],"awb_sm":["https:\/\/blog.vida.at\/pensionisten\/wp-content\/uploads\/sites\/10\/2022\/11\/vida_Generationentalk_web_01-500x333.jpg",500,333,true],"awb_md":["https:\/\/blog.vida.at\/pensionisten\/wp-content\/uploads\/sites\/10\/2022\/11\/vida_Generationentalk_web_01-800x533.jpg",800,533,true],"awb_lg":["https:\/\/blog.vida.at\/pensionisten\/wp-content\/uploads\/sites\/10\/2022\/11\/vida_Generationentalk_web_01.jpg",900,600,false],"awb_xl":["https:\/\/blog.vida.at\/pensionisten\/wp-content\/uploads\/sites\/10\/2022\/11\/vida_Generationentalk_web_01.jpg",900,600,false]},"post_excerpt_stackable":"<p>&#8222;Miteinander reden, voneinander lernen!&#8220; Beim vida-Generationentalk trifft \u201eBabyboomer\u201c auf \u201eGeneration Z\u201c: Rudi Srba, Vorsitzender der vida PensionistInnen, und Fabian Edlinger, Vorsitzender der vida Jugend, sprechen \u00fcber Themen, die Jung und Alt bewegen. vida: Mit 66 Jahren, da f\u00e4ngt das Leben an, hat Udo J\u00fcrgens gesungen. Rudi, wie geht es dir mit deinen 66 Jahren? Hat das \u201erichtige\u201c Leben erst angefangen? Rudi Srba:&nbsp;Das Leben hat mit der Pension noch einmal begonnen, w\u00fcrde ich r\u00fcckblickend sagen. Mir geht\u2019s gut. Ich kann meinen Hobbys nachgehen und auch die Funktion in der vida macht mir nach wie vor sehr viel Freude. vida: Fabian, du&hellip;<\/p>\n","category_list":"<a href=\"https:\/\/blog.vida.at\/pensionisten\/category\/aktuelles\/\" rel=\"category tag\">Aktuelles<\/a>, <a href=\"https:\/\/blog.vida.at\/pensionisten\/category\/allgemein\/\" rel=\"category tag\">Allgemein<\/a>, <a href=\"https:\/\/blog.vida.at\/pensionisten\/category\/top-aktuelles\/\" rel=\"category tag\">Top Aktuelles<\/a>","author_info":{"display_name":"mariontobola","author_link":"https:\/\/blog.vida.at\/pensionisten\/author\/mariontobola\/"},"comments_num":"0 comments","featured_image_urls_v2":{"full":["https:\/\/blog.vida.at\/pensionisten\/wp-content\/uploads\/sites\/10\/2022\/11\/vida_Generationentalk_web_01.jpg",900,600,false],"thumbnail":["https:\/\/blog.vida.at\/pensionisten\/wp-content\/uploads\/sites\/10\/2022\/11\/vida_Generationentalk_web_01-150x150.jpg",150,150,true],"medium":["https:\/\/blog.vida.at\/pensionisten\/wp-content\/uploads\/sites\/10\/2022\/11\/vida_Generationentalk_web_01-300x200.jpg",300,200,true],"medium_large":["https:\/\/blog.vida.at\/pensionisten\/wp-content\/uploads\/sites\/10\/2022\/11\/vida_Generationentalk_web_01-768x512.jpg",640,427,true],"large":["https:\/\/blog.vida.at\/pensionisten\/wp-content\/uploads\/sites\/10\/2022\/11\/vida_Generationentalk_web_01.jpg",640,427,false],"1536x1536":["https:\/\/blog.vida.at\/pensionisten\/wp-content\/uploads\/sites\/10\/2022\/11\/vida_Generationentalk_web_01.jpg",900,600,false],"2048x2048":["https:\/\/blog.vida.at\/pensionisten\/wp-content\/uploads\/sites\/10\/2022\/11\/vida_Generationentalk_web_01.jpg",900,600,false],"ab-block-post-grid-landscape":["https:\/\/blog.vida.at\/pensionisten\/wp-content\/uploads\/sites\/10\/2022\/11\/vida_Generationentalk_web_01-600x400.jpg",600,400,true],"ab-block-post-grid-square":["https:\/\/blog.vida.at\/pensionisten\/wp-content\/uploads\/sites\/10\/2022\/11\/vida_Generationentalk_web_01-600x600.jpg",600,600,true],"post-thumbnail":["https:\/\/blog.vida.at\/pensionisten\/wp-content\/uploads\/sites\/10\/2022\/11\/vida_Generationentalk_web_01.jpg",900,600,false],"awb_sm":["https:\/\/blog.vida.at\/pensionisten\/wp-content\/uploads\/sites\/10\/2022\/11\/vida_Generationentalk_web_01-500x333.jpg",500,333,true],"awb_md":["https:\/\/blog.vida.at\/pensionisten\/wp-content\/uploads\/sites\/10\/2022\/11\/vida_Generationentalk_web_01-800x533.jpg",800,533,true],"awb_lg":["https:\/\/blog.vida.at\/pensionisten\/wp-content\/uploads\/sites\/10\/2022\/11\/vida_Generationentalk_web_01.jpg",900,600,false],"awb_xl":["https:\/\/blog.vida.at\/pensionisten\/wp-content\/uploads\/sites\/10\/2022\/11\/vida_Generationentalk_web_01.jpg",900,600,false]},"post_excerpt_stackable_v2":"<p>&#8222;Miteinander reden, voneinander lernen!&#8220; Beim vida-Generationentalk trifft \u201eBabyboomer\u201c auf \u201eGeneration Z\u201c: Rudi Srba, Vorsitzender der vida PensionistInnen, und Fabian Edlinger, Vorsitzender der vida Jugend, sprechen \u00fcber Themen, die Jung und Alt bewegen. vida: Mit 66 Jahren, da f\u00e4ngt das Leben an, hat Udo J\u00fcrgens gesungen. Rudi, wie geht es dir mit deinen 66 Jahren? Hat das \u201erichtige\u201c Leben erst angefangen? Rudi Srba:&nbsp;Das Leben hat mit der Pension noch einmal begonnen, w\u00fcrde ich r\u00fcckblickend sagen. Mir geht\u2019s gut. Ich kann meinen Hobbys nachgehen und auch die Funktion in der vida macht mir nach wie vor sehr viel Freude. vida: Fabian, du&hellip;<\/p>\n","category_list_v2":"<a href=\"https:\/\/blog.vida.at\/pensionisten\/category\/aktuelles\/\" rel=\"category tag\">Aktuelles<\/a>, <a href=\"https:\/\/blog.vida.at\/pensionisten\/category\/allgemein\/\" rel=\"category tag\">Allgemein<\/a>, <a href=\"https:\/\/blog.vida.at\/pensionisten\/category\/top-aktuelles\/\" rel=\"category tag\">Top Aktuelles<\/a>","author_info_v2":{"name":"mariontobola","url":"https:\/\/blog.vida.at\/pensionisten\/author\/mariontobola\/"},"comments_num_v2":"0 comments","yoast_head":"<!-- This site is optimized with the Yoast SEO plugin v27.3 - https:\/\/yoast.com\/product\/yoast-seo-wordpress\/ -->\n<title>Der vida-Generationentalk<\/title>\n<meta name=\"robots\" content=\"index, follow, max-snippet:-1, max-image-preview:large, max-video-preview:-1\" \/>\n<link rel=\"canonical\" href=\"https:\/\/blog.vida.at\/pensionisten\/2022\/11\/24\/der-vida-generationentalk\/\" \/>\n<meta property=\"og:locale\" content=\"de_DE\" \/>\n<meta property=\"og:type\" content=\"article\" \/>\n<meta property=\"og:title\" content=\"Der vida-Generationentalk\" \/>\n<meta property=\"og:description\" content=\"&#8222;Miteinander reden, voneinander lernen!&#8220; Beim vida-Generationentalk trifft \u201eBabyboomer\u201c auf \u201eGeneration Z\u201c: Rudi Srba, Vorsitzender der vida PensionistInnen, und Fabian Edlinger, Vorsitzender der vida Jugend, sprechen \u00fcber Themen, die Jung und Alt bewegen.\" \/>\n<meta property=\"og:url\" content=\"https:\/\/blog.vida.at\/pensionisten\/2022\/11\/24\/der-vida-generationentalk\/\" \/>\n<meta property=\"og:site_name\" content=\"vida Pensionisten\" \/>\n<meta property=\"article:published_time\" content=\"2022-11-24T09:40:53+00:00\" \/>\n<meta property=\"article:modified_time\" content=\"2022-11-24T09:41:21+00:00\" \/>\n<meta property=\"og:image\" content=\"https:\/\/blog.vida.at\/pensionisten\/wp-content\/uploads\/sites\/10\/2022\/11\/vida_Generationentalk_web_01.jpg\" \/>\n\t<meta property=\"og:image:width\" content=\"900\" \/>\n\t<meta property=\"og:image:height\" content=\"600\" \/>\n\t<meta property=\"og:image:type\" content=\"image\/jpeg\" \/>\n<meta name=\"author\" content=\"mariontobola\" \/>\n<meta name=\"twitter:card\" content=\"summary_large_image\" \/>\n<meta name=\"twitter:label1\" content=\"Verfasst von\" \/>\n\t<meta name=\"twitter:data1\" content=\"mariontobola\" \/>\n\t<meta name=\"twitter:label2\" content=\"Gesch\u00e4tzte Lesezeit\" \/>\n\t<meta name=\"twitter:data2\" content=\"4\u00a0Minuten\" \/>\n<script type=\"application\/ld+json\" class=\"yoast-schema-graph\">{\"@context\":\"https:\\\/\\\/schema.org\",\"@graph\":[{\"@type\":\"Article\",\"@id\":\"https:\\\/\\\/blog.vida.at\\\/pensionisten\\\/2022\\\/11\\\/24\\\/der-vida-generationentalk\\\/#article\",\"isPartOf\":{\"@id\":\"https:\\\/\\\/blog.vida.at\\\/pensionisten\\\/2022\\\/11\\\/24\\\/der-vida-generationentalk\\\/\"},\"author\":{\"name\":\"mariontobola\",\"@id\":\"https:\\\/\\\/blog.vida.at\\\/pensionisten\\\/#\\\/schema\\\/person\\\/88cee3ee93b9afdc51c92f5f63f38b8a\"},\"headline\":\"Der vida-Generationentalk\",\"datePublished\":\"2022-11-24T09:40:53+00:00\",\"dateModified\":\"2022-11-24T09:41:21+00:00\",\"mainEntityOfPage\":{\"@id\":\"https:\\\/\\\/blog.vida.at\\\/pensionisten\\\/2022\\\/11\\\/24\\\/der-vida-generationentalk\\\/\"},\"wordCount\":663,\"commentCount\":0,\"image\":{\"@id\":\"https:\\\/\\\/blog.vida.at\\\/pensionisten\\\/2022\\\/11\\\/24\\\/der-vida-generationentalk\\\/#primaryimage\"},\"thumbnailUrl\":\"https:\\\/\\\/blog.vida.at\\\/pensionisten\\\/wp-content\\\/uploads\\\/sites\\\/10\\\/2022\\\/11\\\/vida_Generationentalk_web_01.jpg\",\"articleSection\":{\"0\":\"Aktuelles\",\"2\":\"Top Aktuelles\"},\"inLanguage\":\"de\",\"potentialAction\":[{\"@type\":\"CommentAction\",\"name\":\"Comment\",\"target\":[\"https:\\\/\\\/blog.vida.at\\\/pensionisten\\\/2022\\\/11\\\/24\\\/der-vida-generationentalk\\\/#respond\"]}]},{\"@type\":\"WebPage\",\"@id\":\"https:\\\/\\\/blog.vida.at\\\/pensionisten\\\/2022\\\/11\\\/24\\\/der-vida-generationentalk\\\/\",\"url\":\"https:\\\/\\\/blog.vida.at\\\/pensionisten\\\/2022\\\/11\\\/24\\\/der-vida-generationentalk\\\/\",\"name\":\"Der vida-Generationentalk\",\"isPartOf\":{\"@id\":\"https:\\\/\\\/blog.vida.at\\\/pensionisten\\\/#website\"},\"primaryImageOfPage\":{\"@id\":\"https:\\\/\\\/blog.vida.at\\\/pensionisten\\\/2022\\\/11\\\/24\\\/der-vida-generationentalk\\\/#primaryimage\"},\"image\":{\"@id\":\"https:\\\/\\\/blog.vida.at\\\/pensionisten\\\/2022\\\/11\\\/24\\\/der-vida-generationentalk\\\/#primaryimage\"},\"thumbnailUrl\":\"https:\\\/\\\/blog.vida.at\\\/pensionisten\\\/wp-content\\\/uploads\\\/sites\\\/10\\\/2022\\\/11\\\/vida_Generationentalk_web_01.jpg\",\"datePublished\":\"2022-11-24T09:40:53+00:00\",\"dateModified\":\"2022-11-24T09:41:21+00:00\",\"author\":{\"@id\":\"https:\\\/\\\/blog.vida.at\\\/pensionisten\\\/#\\\/schema\\\/person\\\/88cee3ee93b9afdc51c92f5f63f38b8a\"},\"breadcrumb\":{\"@id\":\"https:\\\/\\\/blog.vida.at\\\/pensionisten\\\/2022\\\/11\\\/24\\\/der-vida-generationentalk\\\/#breadcrumb\"},\"inLanguage\":\"de\",\"potentialAction\":[{\"@type\":\"ReadAction\",\"target\":[\"https:\\\/\\\/blog.vida.at\\\/pensionisten\\\/2022\\\/11\\\/24\\\/der-vida-generationentalk\\\/\"]}]},{\"@type\":\"ImageObject\",\"inLanguage\":\"de\",\"@id\":\"https:\\\/\\\/blog.vida.at\\\/pensionisten\\\/2022\\\/11\\\/24\\\/der-vida-generationentalk\\\/#primaryimage\",\"url\":\"https:\\\/\\\/blog.vida.at\\\/pensionisten\\\/wp-content\\\/uploads\\\/sites\\\/10\\\/2022\\\/11\\\/vida_Generationentalk_web_01.jpg\",\"contentUrl\":\"https:\\\/\\\/blog.vida.at\\\/pensionisten\\\/wp-content\\\/uploads\\\/sites\\\/10\\\/2022\\\/11\\\/vida_Generationentalk_web_01.jpg\",\"width\":900,\"height\":600},{\"@type\":\"BreadcrumbList\",\"@id\":\"https:\\\/\\\/blog.vida.at\\\/pensionisten\\\/2022\\\/11\\\/24\\\/der-vida-generationentalk\\\/#breadcrumb\",\"itemListElement\":[{\"@type\":\"ListItem\",\"position\":1,\"name\":\"Startseite\",\"item\":\"https:\\\/\\\/blog.vida.at\\\/pensionisten\\\/\"},{\"@type\":\"ListItem\",\"position\":2,\"name\":\"Der vida-Generationentalk\"}]},{\"@type\":\"WebSite\",\"@id\":\"https:\\\/\\\/blog.vida.at\\\/pensionisten\\\/#website\",\"url\":\"https:\\\/\\\/blog.vida.at\\\/pensionisten\\\/\",\"name\":\"vida Pensionisten\",\"description\":\"\",\"potentialAction\":[{\"@type\":\"SearchAction\",\"target\":{\"@type\":\"EntryPoint\",\"urlTemplate\":\"https:\\\/\\\/blog.vida.at\\\/pensionisten\\\/?s={search_term_string}\"},\"query-input\":{\"@type\":\"PropertyValueSpecification\",\"valueRequired\":true,\"valueName\":\"search_term_string\"}}],\"inLanguage\":\"de\"},{\"@type\":\"Person\",\"@id\":\"https:\\\/\\\/blog.vida.at\\\/pensionisten\\\/#\\\/schema\\\/person\\\/88cee3ee93b9afdc51c92f5f63f38b8a\",\"name\":\"mariontobola\",\"image\":{\"@type\":\"ImageObject\",\"inLanguage\":\"de\",\"@id\":\"https:\\\/\\\/secure.gravatar.com\\\/avatar\\\/5d2c516985e4eda61bca05bd3b4359b4358135bd1e1a5b08c539e9cd1edd6528?s=96&d=mm&r=g\",\"url\":\"https:\\\/\\\/secure.gravatar.com\\\/avatar\\\/5d2c516985e4eda61bca05bd3b4359b4358135bd1e1a5b08c539e9cd1edd6528?s=96&d=mm&r=g\",\"contentUrl\":\"https:\\\/\\\/secure.gravatar.com\\\/avatar\\\/5d2c516985e4eda61bca05bd3b4359b4358135bd1e1a5b08c539e9cd1edd6528?s=96&d=mm&r=g\",\"caption\":\"mariontobola\"},\"url\":\"https:\\\/\\\/blog.vida.at\\\/pensionisten\\\/author\\\/mariontobola\\\/\"}]}<\/script>\n<!-- \/ Yoast SEO plugin. -->","yoast_head_json":{"title":"Der vida-Generationentalk","robots":{"index":"index","follow":"follow","max-snippet":"max-snippet:-1","max-image-preview":"max-image-preview:large","max-video-preview":"max-video-preview:-1"},"canonical":"https:\/\/blog.vida.at\/pensionisten\/2022\/11\/24\/der-vida-generationentalk\/","og_locale":"de_DE","og_type":"article","og_title":"Der vida-Generationentalk","og_description":"&#8222;Miteinander reden, voneinander lernen!&#8220; Beim vida-Generationentalk trifft \u201eBabyboomer\u201c auf \u201eGeneration Z\u201c: Rudi Srba, Vorsitzender der vida PensionistInnen, und Fabian Edlinger, Vorsitzender der vida Jugend, sprechen \u00fcber Themen, die Jung und Alt bewegen.","og_url":"https:\/\/blog.vida.at\/pensionisten\/2022\/11\/24\/der-vida-generationentalk\/","og_site_name":"vida Pensionisten","article_published_time":"2022-11-24T09:40:53+00:00","article_modified_time":"2022-11-24T09:41:21+00:00","og_image":[{"width":900,"height":600,"url":"https:\/\/blog.vida.at\/pensionisten\/wp-content\/uploads\/sites\/10\/2022\/11\/vida_Generationentalk_web_01.jpg","type":"image\/jpeg"}],"author":"mariontobola","twitter_card":"summary_large_image","twitter_misc":{"Verfasst von":"mariontobola","Gesch\u00e4tzte Lesezeit":"4\u00a0Minuten"},"schema":{"@context":"https:\/\/schema.org","@graph":[{"@type":"Article","@id":"https:\/\/blog.vida.at\/pensionisten\/2022\/11\/24\/der-vida-generationentalk\/#article","isPartOf":{"@id":"https:\/\/blog.vida.at\/pensionisten\/2022\/11\/24\/der-vida-generationentalk\/"},"author":{"name":"mariontobola","@id":"https:\/\/blog.vida.at\/pensionisten\/#\/schema\/person\/88cee3ee93b9afdc51c92f5f63f38b8a"},"headline":"Der vida-Generationentalk","datePublished":"2022-11-24T09:40:53+00:00","dateModified":"2022-11-24T09:41:21+00:00","mainEntityOfPage":{"@id":"https:\/\/blog.vida.at\/pensionisten\/2022\/11\/24\/der-vida-generationentalk\/"},"wordCount":663,"commentCount":0,"image":{"@id":"https:\/\/blog.vida.at\/pensionisten\/2022\/11\/24\/der-vida-generationentalk\/#primaryimage"},"thumbnailUrl":"https:\/\/blog.vida.at\/pensionisten\/wp-content\/uploads\/sites\/10\/2022\/11\/vida_Generationentalk_web_01.jpg","articleSection":{"0":"Aktuelles","2":"Top Aktuelles"},"inLanguage":"de","potentialAction":[{"@type":"CommentAction","name":"Comment","target":["https:\/\/blog.vida.at\/pensionisten\/2022\/11\/24\/der-vida-generationentalk\/#respond"]}]},{"@type":"WebPage","@id":"https:\/\/blog.vida.at\/pensionisten\/2022\/11\/24\/der-vida-generationentalk\/","url":"https:\/\/blog.vida.at\/pensionisten\/2022\/11\/24\/der-vida-generationentalk\/","name":"Der vida-Generationentalk","isPartOf":{"@id":"https:\/\/blog.vida.at\/pensionisten\/#website"},"primaryImageOfPage":{"@id":"https:\/\/blog.vida.at\/pensionisten\/2022\/11\/24\/der-vida-generationentalk\/#primaryimage"},"image":{"@id":"https:\/\/blog.vida.at\/pensionisten\/2022\/11\/24\/der-vida-generationentalk\/#primaryimage"},"thumbnailUrl":"https:\/\/blog.vida.at\/pensionisten\/wp-content\/uploads\/sites\/10\/2022\/11\/vida_Generationentalk_web_01.jpg","datePublished":"2022-11-24T09:40:53+00:00","dateModified":"2022-11-24T09:41:21+00:00","author":{"@id":"https:\/\/blog.vida.at\/pensionisten\/#\/schema\/person\/88cee3ee93b9afdc51c92f5f63f38b8a"},"breadcrumb":{"@id":"https:\/\/blog.vida.at\/pensionisten\/2022\/11\/24\/der-vida-generationentalk\/#breadcrumb"},"inLanguage":"de","potentialAction":[{"@type":"ReadAction","target":["https:\/\/blog.vida.at\/pensionisten\/2022\/11\/24\/der-vida-generationentalk\/"]}]},{"@type":"ImageObject","inLanguage":"de","@id":"https:\/\/blog.vida.at\/pensionisten\/2022\/11\/24\/der-vida-generationentalk\/#primaryimage","url":"https:\/\/blog.vida.at\/pensionisten\/wp-content\/uploads\/sites\/10\/2022\/11\/vida_Generationentalk_web_01.jpg","contentUrl":"https:\/\/blog.vida.at\/pensionisten\/wp-content\/uploads\/sites\/10\/2022\/11\/vida_Generationentalk_web_01.jpg","width":900,"height":600},{"@type":"BreadcrumbList","@id":"https:\/\/blog.vida.at\/pensionisten\/2022\/11\/24\/der-vida-generationentalk\/#breadcrumb","itemListElement":[{"@type":"ListItem","position":1,"name":"Startseite","item":"https:\/\/blog.vida.at\/pensionisten\/"},{"@type":"ListItem","position":2,"name":"Der vida-Generationentalk"}]},{"@type":"WebSite","@id":"https:\/\/blog.vida.at\/pensionisten\/#website","url":"https:\/\/blog.vida.at\/pensionisten\/","name":"vida Pensionisten","description":"","potentialAction":[{"@type":"SearchAction","target":{"@type":"EntryPoint","urlTemplate":"https:\/\/blog.vida.at\/pensionisten\/?s={search_term_string}"},"query-input":{"@type":"PropertyValueSpecification","valueRequired":true,"valueName":"search_term_string"}}],"inLanguage":"de"},{"@type":"Person","@id":"https:\/\/blog.vida.at\/pensionisten\/#\/schema\/person\/88cee3ee93b9afdc51c92f5f63f38b8a","name":"mariontobola","image":{"@type":"ImageObject","inLanguage":"de","@id":"https:\/\/secure.gravatar.com\/avatar\/5d2c516985e4eda61bca05bd3b4359b4358135bd1e1a5b08c539e9cd1edd6528?s=96&d=mm&r=g","url":"https:\/\/secure.gravatar.com\/avatar\/5d2c516985e4eda61bca05bd3b4359b4358135bd1e1a5b08c539e9cd1edd6528?s=96&d=mm&r=g","contentUrl":"https:\/\/secure.gravatar.com\/avatar\/5d2c516985e4eda61bca05bd3b4359b4358135bd1e1a5b08c539e9cd1edd6528?s=96&d=mm&r=g","caption":"mariontobola"},"url":"https:\/\/blog.vida.at\/pensionisten\/author\/mariontobola\/"}]}},"author_meta":{"display_name":"mariontobola","author_link":"https:\/\/blog.vida.at\/pensionisten\/author\/mariontobola\/"},"featured_img":"https:\/\/blog.vida.at\/pensionisten\/wp-content\/uploads\/sites\/10\/2022\/11\/vida_Generationentalk_web_01-300x200.jpg","featured_image_src":"https:\/\/blog.vida.at\/pensionisten\/wp-content\/uploads\/sites\/10\/2022\/11\/vida_Generationentalk_web_01-600x400.jpg","featured_image_src_square":"https:\/\/blog.vida.at\/pensionisten\/wp-content\/uploads\/sites\/10\/2022\/11\/vida_Generationentalk_web_01-600x600.jpg","uagb_featured_image_src":{"full":["https:\/\/blog.vida.at\/pensionisten\/wp-content\/uploads\/sites\/10\/2022\/11\/vida_Generationentalk_web_01.jpg",900,600,false],"thumbnail":["https:\/\/blog.vida.at\/pensionisten\/wp-content\/uploads\/sites\/10\/2022\/11\/vida_Generationentalk_web_01-150x150.jpg",150,150,true],"medium":["https:\/\/blog.vida.at\/pensionisten\/wp-content\/uploads\/sites\/10\/2022\/11\/vida_Generationentalk_web_01-300x200.jpg",300,200,true],"medium_large":["https:\/\/blog.vida.at\/pensionisten\/wp-content\/uploads\/sites\/10\/2022\/11\/vida_Generationentalk_web_01-768x512.jpg",640,427,true],"large":["https:\/\/blog.vida.at\/pensionisten\/wp-content\/uploads\/sites\/10\/2022\/11\/vida_Generationentalk_web_01.jpg",640,427,false],"1536x1536":["https:\/\/blog.vida.at\/pensionisten\/wp-content\/uploads\/sites\/10\/2022\/11\/vida_Generationentalk_web_01.jpg",900,600,false],"2048x2048":["https:\/\/blog.vida.at\/pensionisten\/wp-content\/uploads\/sites\/10\/2022\/11\/vida_Generationentalk_web_01.jpg",900,600,false],"ab-block-post-grid-landscape":["https:\/\/blog.vida.at\/pensionisten\/wp-content\/uploads\/sites\/10\/2022\/11\/vida_Generationentalk_web_01-600x400.jpg",600,400,true],"ab-block-post-grid-square":["https:\/\/blog.vida.at\/pensionisten\/wp-content\/uploads\/sites\/10\/2022\/11\/vida_Generationentalk_web_01-600x600.jpg",600,600,true],"post-thumbnail":["https:\/\/blog.vida.at\/pensionisten\/wp-content\/uploads\/sites\/10\/2022\/11\/vida_Generationentalk_web_01.jpg",900,600,false],"awb_sm":["https:\/\/blog.vida.at\/pensionisten\/wp-content\/uploads\/sites\/10\/2022\/11\/vida_Generationentalk_web_01-500x333.jpg",500,333,true],"awb_md":["https:\/\/blog.vida.at\/pensionisten\/wp-content\/uploads\/sites\/10\/2022\/11\/vida_Generationentalk_web_01-800x533.jpg",800,533,true],"awb_lg":["https:\/\/blog.vida.at\/pensionisten\/wp-content\/uploads\/sites\/10\/2022\/11\/vida_Generationentalk_web_01.jpg",900,600,false],"awb_xl":["https:\/\/blog.vida.at\/pensionisten\/wp-content\/uploads\/sites\/10\/2022\/11\/vida_Generationentalk_web_01.jpg",900,600,false]},"uagb_author_info":{"display_name":"mariontobola","author_link":"https:\/\/blog.vida.at\/pensionisten\/author\/mariontobola\/"},"uagb_comment_info":0,"uagb_excerpt":"&#8222;Miteinander reden, voneinander lernen!&#8220; Beim vida-Generationentalk trifft \u201eBabyboomer\u201c auf \u201eGeneration Z\u201c: Rudi Srba, Vorsitzender der vida PensionistInnen, und Fabian Edlinger, Vorsitzender der vida Jugend, sprechen \u00fcber Themen, die Jung und Alt bewegen.","coauthors":[],"tax_additional":{"categories":{"linked":["<a href=\"https:\/\/blog.vida.at\/pensionisten\/category\/aktuelles\/\" class=\"advgb-post-tax-term\">Aktuelles<\/a>","<a href=\"https:\/\/blog.vida.at\/pensionisten\/category\/allgemein\/\" class=\"advgb-post-tax-term\">Allgemein<\/a>","<a href=\"https:\/\/blog.vida.at\/pensionisten\/category\/top-aktuelles\/\" class=\"advgb-post-tax-term\">Top Aktuelles<\/a>"],"unlinked":["<span class=\"advgb-post-tax-term\">Aktuelles<\/span>","<span class=\"advgb-post-tax-term\">Allgemein<\/span>","<span class=\"advgb-post-tax-term\">Top Aktuelles<\/span>"]}},"comment_count":"0","relative_dates":{"created":"Ver\u00f6ffentlicht 3\u00a0Jahren vor","modified":"Aktualisiert 3\u00a0Jahren vor"},"absolute_dates":{"created":"Ver\u00f6ffentlicht am 24. November 2022","modified":"Aktualisiert am 24. November 2022"},"absolute_dates_time":{"created":"Ver\u00f6ffentlicht am 24. November 2022 10:40","modified":"Aktualisiert am 24. November 2022 10:41"},"featured_img_caption":"","series_order":"","_links":{"self":[{"href":"https:\/\/blog.vida.at\/pensionisten\/wp-json\/wp\/v2\/posts\/5836","targetHints":{"allow":["GET"]}}],"collection":[{"href":"https:\/\/blog.vida.at\/pensionisten\/wp-json\/wp\/v2\/posts"}],"about":[{"href":"https:\/\/blog.vida.at\/pensionisten\/wp-json\/wp\/v2\/types\/post"}],"author":[{"embeddable":true,"href":"https:\/\/blog.vida.at\/pensionisten\/wp-json\/wp\/v2\/users\/8"}],"replies":[{"embeddable":true,"href":"https:\/\/blog.vida.at\/pensionisten\/wp-json\/wp\/v2\/comments?post=5836"}],"version-history":[{"count":4,"href":"https:\/\/blog.vida.at\/pensionisten\/wp-json\/wp\/v2\/posts\/5836\/revisions"}],"predecessor-version":[{"id":5841,"href":"https:\/\/blog.vida.at\/pensionisten\/wp-json\/wp\/v2\/posts\/5836\/revisions\/5841"}],"wp:featuredmedia":[{"embeddable":true,"href":"https:\/\/blog.vida.at\/pensionisten\/wp-json\/wp\/v2\/media\/5838"}],"wp:attachment":[{"href":"https:\/\/blog.vida.at\/pensionisten\/wp-json\/wp\/v2\/media?parent=5836"}],"wp:term":[{"taxonomy":"category","embeddable":true,"href":"https:\/\/blog.vida.at\/pensionisten\/wp-json\/wp\/v2\/categories?post=5836"},{"taxonomy":"post_tag","embeddable":true,"href":"https:\/\/blog.vida.at\/pensionisten\/wp-json\/wp\/v2\/tags?post=5836"},{"taxonomy":"Orte","embeddable":true,"href":"https:\/\/blog.vida.at\/pensionisten\/wp-json\/wp\/v2\/Orte?post=5836"},{"taxonomy":"activitytype","embeddable":true,"href":"https:\/\/blog.vida.at\/pensionisten\/wp-json\/wp\/v2\/activitytype?post=5836"}],"curies":[{"name":"wp","href":"https:\/\/api.w.org\/{rel}","templated":true}]}}